{"id":41879,"date":"2022-10-11T19:08:13","date_gmt":"2022-10-11T17:08:13","guid":{"rendered":"https:\/\/www.laguiadepamplona.com\/actualidad\/?p=41879"},"modified":"2023-04-11T11:47:44","modified_gmt":"2023-04-11T09:47:44","slug":"lectura-en-euskera-de-textos-literarios-imperecederos-acompanados-por-ambientacion-musical-tres-propuestas-para-este-trimestre-de-ayuntamiento-y-ateneo-navarro","status":"publish","type":"post","link":"https:\/\/www.laguiadepamplona.com\/actualidad\/lectura-en-euskera-de-textos-literarios-imperecederos-acompanados-por-ambientacion-musical-tres-propuestas-para-este-trimestre-de-ayuntamiento-y-ateneo-navarro\/","title":{"rendered":"Lectura en euskera de textos literarios imperecederos acompa\u00f1ados por ambientaci\u00f3n musical, tres propuestas para este trimestre de Ayuntamiento y Ateneo Navarro"},"content":{"rendered":"<h5>Mary Shelly, Raymond Carver y Walt Whitman centran este programa fomento de la cultura en euskera que se realiza en colaboraci\u00f3n<\/h5>\n<p><!--more--><\/p>\n<p>Tres actuaciones entre literarias y musicales configuran este trimestre la propuesta de actividad cultural en euskera del Ayuntamiento de Pamplona con el Ateneo Navarro. A raz\u00f3n de una propuesta al mes, las sedes ser\u00e1n Civivox Condestable en las dos primeras y Planetario de Pamplona en la \u00faltima.<\/p>\n<p>Este jueves, 13 de octubre la propuesta es, a las 19.30 horas, \u2018Frankenstein agurgarria\u2019; el 16 de noviembre tendr\u00e1 lugar un espect\u00e1culo con los ritmos del tr\u00edo Trizak complementados con los textos del poeta y cuentista estadounidense Raymond Carver traducido al euskera por y recitados por Harkaitz Cano y, finalmente, el 15 de diciembre la propuesta aunar\u00e1 a poes\u00eda del estadounidense Walt Whitman, llevada al euskera por Amaia Lasa, y un concierto que repasar\u00e1 \u2018Belar hostoak\u2019, el disco basado en la obra de Walt Whitman grabado por su Txomin Artola. Todas las propuestas son de entrada libre.<br \/>\n<script async src=\"\/\/pagead2.googlesyndication.com\/pagead\/js\/adsbygoogle.js\"><\/script><br \/>\n<!-- Noticias La Guia de Pamplona --><br \/>\n<ins class=\"adsbygoogle\"\nstyle=\"display:block\"\ndata-ad-client=\"ca-pub-6943679897239327\"\ndata-ad-slot=\"7048180777\"\ndata-ad-format=\"auto\"><\/ins><br \/>\n<script>\n(adsbygoogle = window.adsbygoogle || []).push({});\n<\/script><\/p>\n<p>Este jueves la sesi\u00f3n se basa en la lectura de una carta, concretamente de la ep\u00edstola dirigida a Victor Frankenstein. El texto ha sido creado por la divulgadora cient\u00edfica Ana Galarraga Aiestaran, trenzando inquietudes cient\u00edficas, \u00e9ticas, feministas y literarias, quien recita con la ayuda de la voz y las canciones del m\u00fasico Juan Luis P\u00e9rez Mitxelena, Petti. Los l\u00edmites de la ciencia, la responsabilidad de sus consecuencias imprevistas, el concepto de monstruo o la falta de reconocimiento de Mary Shelly por su libro escrito en 1818 son los ingredientes de un coctel en el que se mezclan \u00e9tica, feminismo con la m\u00fasica de Petti.<\/p>\n<p>Ana Galarraga Aiestaran (Zarautz, 1970) es, desde el a\u00f1o 2000, divulgadora cient\u00edfica en Elhuyar. Ha publicado cientos de art\u00edculos, colabora en medios de comunicaci\u00f3n, ha escrito libros y cuentos y ha realizado dise\u00f1os y guiones de diferentes eventos, adem\u00e1s de participar en numerosos proyectos de diferentes disciplinas art\u00edsticas. En literatura, como creadora y organizadora; en exposiciones fotogr\u00e1ficas, ofreciendo visitas personales; en residencias art\u00edsticas, como ponente e inspiradora; en performances y obras de teatro, tanto de ayudante como de actriz.<\/p>\n<p>Juan Luis P\u00e9rez Mitxelena (Bera, 1973) conocido en el panorama musical como Petti es un compositor y guitarrista de voz inconfundible. Public\u00f3 su primer disco en el a\u00f1o 1999 y su \u00faltimo trabajo es Manipulazio estrategiak (2020). Ha participado en varios proyectos colectivos y colabora habitualmente con artistas de otros estilos y disciplinas art\u00edsticas como Harkatiz Cano, Irati Jim\u00e9nez, Rafael Berrio o \u00c1ngela Molina.<br \/>\n<script async src=\"\/\/pagead2.googlesyndication.com\/pagead\/js\/adsbygoogle.js\"><\/script><br \/>\n<!-- Noticias La Guia de Pamplona --><br \/>\n<ins class=\"adsbygoogle\"\nstyle=\"display:block\"\ndata-ad-client=\"ca-pub-6943679897239327\"\ndata-ad-slot=\"7048180777\"\ndata-ad-format=\"auto\"><\/ins><br \/>\n<script>\n(adsbygoogle = window.adsbygoogle || []).push({});\n<\/script><\/p>\n<p><strong>Noviembre de realismo y jazz<\/strong><\/p>\n<p>El 16 de noviembre, Civivox Condestable acoger\u00e1 el recitar musicalizado \u2018Zerbait gertatzera doa edozein unetan\u2019, un espect\u00e1culo en el que los ritmos del tr\u00edo Trizak se ver\u00e1n complementados con los textos del poeta y cuentista estadounidense Raymond Carver, traducidos al euskera y recitados por Harkaitz Cano. Una combinaci\u00f3n de la crudeza del realismo literario con la suavidad envolvente de las notas del jazz. Trizak est\u00e1 formado por Hasier Oleaga (bater\u00eda), Julen Izarra (saxo), Jon Piris (contrabajo), m\u00fasicos provenientes tanto de formaciones de jazz como de otros estilos.<\/p>\n<p>Harkaitz Cano, que adem\u00e1s se ha encargado de la traducci\u00f3n de textos, ejercer\u00e1 como vocalista. Adem\u00e1s de literato, Cano tambi\u00e9n ha trabajado como guionista en televisi\u00f3n y radio, y es colaborador en prensa. En 1993, fue unos impulsores de Lubaki banda, creada, entre otros fines, para llevar, mediante recitales, la poes\u00eda a diversos lugares de la geograf\u00eda vasca. Ha escrito en todos los g\u00e9neros: cuento, novela, poes\u00eda, cr\u00f3nica, literatura infantil y juvenil, e igualmente, ha traducido a varios autores entre ellos, Hanif Kureishi, Allen Ginsberg o Raymond Carver. Ha residido en New York y esa ciudad es escenario de varias de sus obras.<\/p>\n<p>El poeta y cuentista Raymond Carver (1938-1988) fue uno de los principales representantes del llamado \u2018realismo sucio\u2019, especialista en sacar chispa po\u00e9tica a los resquicios m\u00e1s crudos de la vida cotidiana. El recital se compone de textos del poeta americano acompa\u00f1ado de uno de los g\u00e9neros m\u00e1s caracter\u00edsticos de su cultura, el jazz. La sesi\u00f3n tendr\u00e1 lugar a las 19.30 horas.<br \/>\n<script async src=\"\/\/pagead2.googlesyndication.com\/pagead\/js\/adsbygoogle.js\"><\/script><br \/>\n<!-- Noticias La Guia de Pamplona --><br \/>\n<ins class=\"adsbygoogle\"\nstyle=\"display:block\"\ndata-ad-client=\"ca-pub-6943679897239327\"\ndata-ad-slot=\"7048180777\"\ndata-ad-format=\"auto\"><\/ins><br \/>\n<script>\n(adsbygoogle = window.adsbygoogle || []).push({});\n<\/script><\/p>\n<p><strong>M\u00fasica para \u2018Hojas de hierba\u2019 en diciembre<\/strong><\/p>\n<p>La tercera y \u00faltima actividad del trimestre ser\u00e1 una sesi\u00f3n de exaltaci\u00f3n de los sentidos, muy al estilo de la obra po\u00e9tica \u2018Hojas de Hierba\u2019 de Walt Whitman. El 15 de diciembre el Planetario de Pamplona, a las 19.30 horas, acoger\u00e1 Una propuesta que a\u00fana la poes\u00eda del estadounidense Walt Whitman, llevada al euskera por Amaia Lasa, y un concierto liderado por Urbil Artola que, junto a Dani Venegas, Andoni Etxebeste, Antxon Sarasua y Jon Gurrutxaga, repasar\u00e1 \u00edntegro Belar hostoak, disco basado en la obra de Walt Whitman y grabado por su padre, Txomin Artola, en 1978.<\/p>\n<p>Txomin Artola recopil\u00f3 algunos poemas del libro Leaves of Grass (Hojas de Hierba-Belar hostoak) y las tradujo al euskara, les puso m\u00fasica y public\u00f3 un disco. Ahora su hijo Urbil se sumerge en el universo de Whitman partiendo del disco grabado, lo revisan y adaptan a estilos m\u00e1s modernos. Amaia Lasa (Getaria 1948) participa en el evento, recitando poes\u00edas en torno a Whitman. Lasa comenz\u00f3 a escribir poes\u00eda a los 17 a\u00f1os. Es autora de numerosas obras po\u00e9ticas y en el a\u00f1o 2001 Susa le dedic\u00f3 un libro en su colecci\u00f3n de antolog\u00edas po\u00e9ticas \u2018\u2018XX mendeko poesia kaierak\u2019. Adem\u00e1s, ha publicado gran cantidad de art\u00edculos culturales y feministas.<br \/>\n<script async src=\"\/\/pagead2.googlesyndication.com\/pagead\/js\/adsbygoogle.js\"><\/script><br \/>\n<!-- Noticias La Guia de Pamplona --><br \/>\n<ins class=\"adsbygoogle\"\nstyle=\"display:block\"\ndata-ad-client=\"ca-pub-6943679897239327\"\ndata-ad-slot=\"7048180777\"\ndata-ad-format=\"auto\"><\/ins><br \/>\n<script>\n(adsbygoogle = window.adsbygoogle || []).push({});\n<\/script><\/p>\n<p>&nbsp;<\/p>\n<h3>Propuesta cultural Ayuntamiento \u2013 Ateneo Navarro<\/h3>\n<p><strong>Jueves, 13 de octubre<\/strong>. 19.30 horas. Palacio del Condestable<\/p>\n<p>\u2018Frankenstein agurgarria\u2019<\/p>\n<ul>\n<li>Lectura y debate sobre la ciencia<\/li>\n<li>Ana Galarraga Aiestaran, divulgadora cient\u00edfica; voz y canciones de Juan Luis P\u00e9rez Mitxelena, Petti<\/li>\n<\/ul>\n<p><strong>16 de noviembre<\/strong>. 19.30 horas. Palacio del Condestable<\/p>\n<p>\u2018Zerbait gertatzera doa edozein unetan,<\/p>\n<ul>\n<li>Sobre textos del poeta y cuentista estadounidense Raymond Carver<\/li>\n<li>Recitado Harkaitz Cano; M\u00fasica tr\u00edo Trizak Hasier Oleaga (bater\u00eda), Julen Izarra (saxo), Jon Piris (contrabajo)<\/li>\n<\/ul>\n<p><strong>15 de diciembre<\/strong>. 19.30 horas. Planetario de Pamplona<\/p>\n<p>\u2018Belar hostoak\u2019<\/p>\n<ul>\n<li>Poes\u00eda de Walt Whitman y m\u00fasica de Txomin Artola<\/li>\n<li>Recitado Amaia Lasa, y concierto de Urbil Artola, Dani Venegas, Andoni Etxebeste, Antxon Sarasua y Jon Gurrutxaga<\/li>\n<\/ul>\n","protected":false},"excerpt":{"rendered":"<p>Mary Shelly, Raymond Carver y Walt Whitman centran este programa fomento de la cultura en euskera que se realiza en colaboraci\u00f3n<\/p>\n","protected":false},"author":1,"featured_media":17390,"comment_status":"open","ping_status":"closed","sticky":false,"template":"","format":"standard","meta":{"footnotes":""},"categories":[2],"tags":[],"class_list":["post-41879","post","type-post","status-publish","format-standard","has-post-thumbnail","hentry","category-ayuntamiento-pamplona"],"yoast_head":"<!-- This site is optimized with the Yoast SEO plugin v27.3 - https:\/\/yoast.com\/product\/yoast-seo-wordpress\/ -->\n<title>Lectura en euskera de textos literarios imperecederos acompa\u00f1ados por ambientaci\u00f3n musical, tres propuestas para este trimestre de Ayuntamiento y Ateneo Navarro<\/title>\n<meta name=\"description\" content=\"Mary Shelly, Raymond Carver y Walt Whitman centran este programa fomento de la cultura en euskera que se realiza en colaboraci\u00f3n\" \/>\n<meta name=\"robots\" content=\"index, follow, max-snippet:-1, max-image-preview:large, max-video-preview:-1\" \/>\n<link rel=\"canonical\" href=\"https:\/\/www.laguiadepamplona.com\/actualidad\/lectura-en-euskera-de-textos-literarios-imperecederos-acompanados-por-ambientacion-musical-tres-propuestas-para-este-trimestre-de-ayuntamiento-y-ateneo-navarro\/\" \/>\n<meta property=\"og:locale\" content=\"es_ES\" \/>\n<meta property=\"og:type\" content=\"article\" \/>\n<meta property=\"og:title\" content=\"Lectura en euskera de textos literarios imperecederos acompa\u00f1ados por ambientaci\u00f3n musical, tres propuestas para este trimestre de Ayuntamiento y Ateneo Navarro\" \/>\n<meta property=\"og:description\" content=\"Mary Shelly, Raymond Carver y Walt Whitman centran este programa fomento de la cultura en euskera que se realiza en colaboraci\u00f3n\" \/>\n<meta property=\"og:url\" content=\"https:\/\/www.laguiadepamplona.com\/actualidad\/lectura-en-euskera-de-textos-literarios-imperecederos-acompanados-por-ambientacion-musical-tres-propuestas-para-este-trimestre-de-ayuntamiento-y-ateneo-navarro\/\" \/>\n<meta property=\"og:site_name\" content=\"La Gu\u00eda de Pamplona\" \/>\n<meta property=\"article:publisher\" content=\"https:\/\/www.facebook.com\/laguiadepamplonacom-133175176762273\/?ref=hl\" \/>\n<meta property=\"article:published_time\" content=\"2022-10-11T17:08:13+00:00\" \/>\n<meta property=\"article:modified_time\" content=\"2023-04-11T09:47:44+00:00\" \/>\n<meta property=\"og:image\" content=\"https:\/\/www.laguiadepamplona.com\/actualidad\/wp-content\/uploads\/2018\/05\/palacio-condestable.jpg\" \/>\n\t<meta property=\"og:image:width\" content=\"950\" \/>\n\t<meta property=\"og:image:height\" content=\"634\" \/>\n\t<meta property=\"og:image:type\" content=\"image\/jpeg\" \/>\n<meta name=\"author\" content=\"La Gu\u00eda de Pamplona\" \/>\n<meta name=\"twitter:card\" content=\"summary_large_image\" \/>\n<meta name=\"twitter:creator\" content=\"@LaGuiadPamplona\" \/>\n<meta name=\"twitter:site\" content=\"@LaGuiadPamplona\" \/>\n<meta name=\"twitter:label1\" content=\"Escrito por\" \/>\n\t<meta name=\"twitter:data1\" content=\"La Gu\u00eda de Pamplona\" \/>\n\t<meta name=\"twitter:label2\" content=\"Tiempo de lectura\" \/>\n\t<meta name=\"twitter:data2\" content=\"5 minutos\" \/>\n<script type=\"application\/ld+json\" class=\"yoast-schema-graph\">{\"@context\":\"https:\\\/\\\/schema.org\",\"@graph\":[{\"@type\":\"Article\",\"@id\":\"https:\\\/\\\/www.laguiadepamplona.com\\\/actualidad\\\/lectura-en-euskera-de-textos-literarios-imperecederos-acompanados-por-ambientacion-musical-tres-propuestas-para-este-trimestre-de-ayuntamiento-y-ateneo-navarro\\\/#article\",\"isPartOf\":{\"@id\":\"https:\\\/\\\/www.laguiadepamplona.com\\\/actualidad\\\/lectura-en-euskera-de-textos-literarios-imperecederos-acompanados-por-ambientacion-musical-tres-propuestas-para-este-trimestre-de-ayuntamiento-y-ateneo-navarro\\\/\"},\"author\":{\"name\":\"La Gu\u00eda de Pamplona\",\"@id\":\"https:\\\/\\\/www.laguiadepamplona.com\\\/actualidad\\\/#\\\/schema\\\/person\\\/efe887376f0213d4657c93adc50b1fdb\"},\"headline\":\"Lectura en euskera de textos literarios imperecederos acompa\u00f1ados por ambientaci\u00f3n musical, tres propuestas para este trimestre de Ayuntamiento y Ateneo Navarro\",\"datePublished\":\"2022-10-11T17:08:13+00:00\",\"dateModified\":\"2023-04-11T09:47:44+00:00\",\"mainEntityOfPage\":{\"@id\":\"https:\\\/\\\/www.laguiadepamplona.com\\\/actualidad\\\/lectura-en-euskera-de-textos-literarios-imperecederos-acompanados-por-ambientacion-musical-tres-propuestas-para-este-trimestre-de-ayuntamiento-y-ateneo-navarro\\\/\"},\"wordCount\":1063,\"commentCount\":0,\"publisher\":{\"@id\":\"https:\\\/\\\/www.laguiadepamplona.com\\\/actualidad\\\/#organization\"},\"image\":{\"@id\":\"https:\\\/\\\/www.laguiadepamplona.com\\\/actualidad\\\/lectura-en-euskera-de-textos-literarios-imperecederos-acompanados-por-ambientacion-musical-tres-propuestas-para-este-trimestre-de-ayuntamiento-y-ateneo-navarro\\\/#primaryimage\"},\"thumbnailUrl\":\"https:\\\/\\\/www.laguiadepamplona.com\\\/actualidad\\\/wp-content\\\/uploads\\\/2018\\\/05\\\/palacio-condestable.jpg\",\"articleSection\":[\"Ayto Pamplona\"],\"inLanguage\":\"es\",\"potentialAction\":[{\"@type\":\"CommentAction\",\"name\":\"Comment\",\"target\":[\"https:\\\/\\\/www.laguiadepamplona.com\\\/actualidad\\\/lectura-en-euskera-de-textos-literarios-imperecederos-acompanados-por-ambientacion-musical-tres-propuestas-para-este-trimestre-de-ayuntamiento-y-ateneo-navarro\\\/#respond\"]}]},{\"@type\":\"WebPage\",\"@id\":\"https:\\\/\\\/www.laguiadepamplona.com\\\/actualidad\\\/lectura-en-euskera-de-textos-literarios-imperecederos-acompanados-por-ambientacion-musical-tres-propuestas-para-este-trimestre-de-ayuntamiento-y-ateneo-navarro\\\/\",\"url\":\"https:\\\/\\\/www.laguiadepamplona.com\\\/actualidad\\\/lectura-en-euskera-de-textos-literarios-imperecederos-acompanados-por-ambientacion-musical-tres-propuestas-para-este-trimestre-de-ayuntamiento-y-ateneo-navarro\\\/\",\"name\":\"Lectura en euskera de textos literarios imperecederos acompa\u00f1ados por ambientaci\u00f3n musical, tres propuestas para este trimestre de Ayuntamiento y Ateneo Navarro\",\"isPartOf\":{\"@id\":\"https:\\\/\\\/www.laguiadepamplona.com\\\/actualidad\\\/#website\"},\"primaryImageOfPage\":{\"@id\":\"https:\\\/\\\/www.laguiadepamplona.com\\\/actualidad\\\/lectura-en-euskera-de-textos-literarios-imperecederos-acompanados-por-ambientacion-musical-tres-propuestas-para-este-trimestre-de-ayuntamiento-y-ateneo-navarro\\\/#primaryimage\"},\"image\":{\"@id\":\"https:\\\/\\\/www.laguiadepamplona.com\\\/actualidad\\\/lectura-en-euskera-de-textos-literarios-imperecederos-acompanados-por-ambientacion-musical-tres-propuestas-para-este-trimestre-de-ayuntamiento-y-ateneo-navarro\\\/#primaryimage\"},\"thumbnailUrl\":\"https:\\\/\\\/www.laguiadepamplona.com\\\/actualidad\\\/wp-content\\\/uploads\\\/2018\\\/05\\\/palacio-condestable.jpg\",\"datePublished\":\"2022-10-11T17:08:13+00:00\",\"dateModified\":\"2023-04-11T09:47:44+00:00\",\"description\":\"Mary Shelly, Raymond Carver y Walt Whitman centran este programa fomento de la cultura en euskera que se realiza en colaboraci\u00f3n\",\"breadcrumb\":{\"@id\":\"https:\\\/\\\/www.laguiadepamplona.com\\\/actualidad\\\/lectura-en-euskera-de-textos-literarios-imperecederos-acompanados-por-ambientacion-musical-tres-propuestas-para-este-trimestre-de-ayuntamiento-y-ateneo-navarro\\\/#breadcrumb\"},\"inLanguage\":\"es\",\"potentialAction\":[{\"@type\":\"ReadAction\",\"target\":[\"https:\\\/\\\/www.laguiadepamplona.com\\\/actualidad\\\/lectura-en-euskera-de-textos-literarios-imperecederos-acompanados-por-ambientacion-musical-tres-propuestas-para-este-trimestre-de-ayuntamiento-y-ateneo-navarro\\\/\"]}]},{\"@type\":\"ImageObject\",\"inLanguage\":\"es\",\"@id\":\"https:\\\/\\\/www.laguiadepamplona.com\\\/actualidad\\\/lectura-en-euskera-de-textos-literarios-imperecederos-acompanados-por-ambientacion-musical-tres-propuestas-para-este-trimestre-de-ayuntamiento-y-ateneo-navarro\\\/#primaryimage\",\"url\":\"https:\\\/\\\/www.laguiadepamplona.com\\\/actualidad\\\/wp-content\\\/uploads\\\/2018\\\/05\\\/palacio-condestable.jpg\",\"contentUrl\":\"https:\\\/\\\/www.laguiadepamplona.com\\\/actualidad\\\/wp-content\\\/uploads\\\/2018\\\/05\\\/palacio-condestable.jpg\",\"width\":950,\"height\":634,\"caption\":\"civivox condestable\"},{\"@type\":\"BreadcrumbList\",\"@id\":\"https:\\\/\\\/www.laguiadepamplona.com\\\/actualidad\\\/lectura-en-euskera-de-textos-literarios-imperecederos-acompanados-por-ambientacion-musical-tres-propuestas-para-este-trimestre-de-ayuntamiento-y-ateneo-navarro\\\/#breadcrumb\",\"itemListElement\":[{\"@type\":\"ListItem\",\"position\":1,\"name\":\"Portada\",\"item\":\"https:\\\/\\\/www.laguiadepamplona.com\\\/actualidad\\\/\"},{\"@type\":\"ListItem\",\"position\":2,\"name\":\"Lectura en euskera de textos literarios imperecederos acompa\u00f1ados por ambientaci\u00f3n musical, tres propuestas para este trimestre de Ayuntamiento y Ateneo Navarro\"}]},{\"@type\":\"WebSite\",\"@id\":\"https:\\\/\\\/www.laguiadepamplona.com\\\/actualidad\\\/#website\",\"url\":\"https:\\\/\\\/www.laguiadepamplona.com\\\/actualidad\\\/\",\"name\":\"La gu\u00eda de Pamplona\",\"description\":\"Noticias de Pamplona\",\"publisher\":{\"@id\":\"https:\\\/\\\/www.laguiadepamplona.com\\\/actualidad\\\/#organization\"},\"potentialAction\":[{\"@type\":\"SearchAction\",\"target\":{\"@type\":\"EntryPoint\",\"urlTemplate\":\"https:\\\/\\\/www.laguiadepamplona.com\\\/actualidad\\\/?s={search_term_string}\"},\"query-input\":{\"@type\":\"PropertyValueSpecification\",\"valueRequired\":true,\"valueName\":\"search_term_string\"}}],\"inLanguage\":\"es\"},{\"@type\":\"Organization\",\"@id\":\"https:\\\/\\\/www.laguiadepamplona.com\\\/actualidad\\\/#organization\",\"name\":\"La Gu\u00eda de Pamplona \\\/ Noticias\",\"url\":\"https:\\\/\\\/www.laguiadepamplona.com\\\/actualidad\\\/\",\"logo\":{\"@type\":\"ImageObject\",\"inLanguage\":\"es\",\"@id\":\"https:\\\/\\\/www.laguiadepamplona.com\\\/actualidad\\\/#\\\/schema\\\/logo\\\/image\\\/\",\"url\":\"https:\\\/\\\/www.laguiadepamplona.com\\\/actualidad\\\/wp-content\\\/uploads\\\/2018\\\/11\\\/logo-laguiadepamplona18-web1.png\",\"contentUrl\":\"https:\\\/\\\/www.laguiadepamplona.com\\\/actualidad\\\/wp-content\\\/uploads\\\/2018\\\/11\\\/logo-laguiadepamplona18-web1.png\",\"width\":600,\"height\":196,\"caption\":\"La Gu\u00eda de Pamplona \\\/ Noticias\"},\"image\":{\"@id\":\"https:\\\/\\\/www.laguiadepamplona.com\\\/actualidad\\\/#\\\/schema\\\/logo\\\/image\\\/\"},\"sameAs\":[\"https:\\\/\\\/www.facebook.com\\\/laguiadepamplonacom-133175176762273\\\/?ref=hl\",\"https:\\\/\\\/x.com\\\/LaGuiadPamplona\",\"https:\\\/\\\/www.instagram.com\\\/la_guia_de_pamplona\\\/\",\"https:\\\/\\\/www.youtube.com\\\/user\\\/laguiadepamplona\"]},{\"@type\":\"Person\",\"@id\":\"https:\\\/\\\/www.laguiadepamplona.com\\\/actualidad\\\/#\\\/schema\\\/person\\\/efe887376f0213d4657c93adc50b1fdb\",\"name\":\"La Gu\u00eda de Pamplona\",\"image\":{\"@type\":\"ImageObject\",\"inLanguage\":\"es\",\"@id\":\"https:\\\/\\\/secure.gravatar.com\\\/avatar\\\/b6992f131dc8d30ab0dff15446e9d346d9dbd95992de0fef795073f5ea83a81c?s=96&d=mm&r=g\",\"url\":\"https:\\\/\\\/secure.gravatar.com\\\/avatar\\\/b6992f131dc8d30ab0dff15446e9d346d9dbd95992de0fef795073f5ea83a81c?s=96&d=mm&r=g\",\"contentUrl\":\"https:\\\/\\\/secure.gravatar.com\\\/avatar\\\/b6992f131dc8d30ab0dff15446e9d346d9dbd95992de0fef795073f5ea83a81c?s=96&d=mm&r=g\",\"caption\":\"La Gu\u00eda de Pamplona\"}}]}<\/script>\n<!-- \/ Yoast SEO plugin. -->","yoast_head_json":{"title":"Lectura en euskera de textos literarios imperecederos acompa\u00f1ados por ambientaci\u00f3n musical, tres propuestas para este trimestre de Ayuntamiento y Ateneo Navarro","description":"Mary Shelly, Raymond Carver y Walt Whitman centran este programa fomento de la cultura en euskera que se realiza en colaboraci\u00f3n","robots":{"index":"index","follow":"follow","max-snippet":"max-snippet:-1","max-image-preview":"max-image-preview:large","max-video-preview":"max-video-preview:-1"},"canonical":"https:\/\/www.laguiadepamplona.com\/actualidad\/lectura-en-euskera-de-textos-literarios-imperecederos-acompanados-por-ambientacion-musical-tres-propuestas-para-este-trimestre-de-ayuntamiento-y-ateneo-navarro\/","og_locale":"es_ES","og_type":"article","og_title":"Lectura en euskera de textos literarios imperecederos acompa\u00f1ados por ambientaci\u00f3n musical, tres propuestas para este trimestre de Ayuntamiento y Ateneo Navarro","og_description":"Mary Shelly, Raymond Carver y Walt Whitman centran este programa fomento de la cultura en euskera que se realiza en colaboraci\u00f3n","og_url":"https:\/\/www.laguiadepamplona.com\/actualidad\/lectura-en-euskera-de-textos-literarios-imperecederos-acompanados-por-ambientacion-musical-tres-propuestas-para-este-trimestre-de-ayuntamiento-y-ateneo-navarro\/","og_site_name":"La Gu\u00eda de Pamplona","article_publisher":"https:\/\/www.facebook.com\/laguiadepamplonacom-133175176762273\/?ref=hl","article_published_time":"2022-10-11T17:08:13+00:00","article_modified_time":"2023-04-11T09:47:44+00:00","og_image":[{"width":950,"height":634,"url":"https:\/\/www.laguiadepamplona.com\/actualidad\/wp-content\/uploads\/2018\/05\/palacio-condestable.jpg","type":"image\/jpeg"}],"author":"La Gu\u00eda de Pamplona","twitter_card":"summary_large_image","twitter_creator":"@LaGuiadPamplona","twitter_site":"@LaGuiadPamplona","twitter_misc":{"Escrito por":"La Gu\u00eda de Pamplona","Tiempo de lectura":"5 minutos"},"schema":{"@context":"https:\/\/schema.org","@graph":[{"@type":"Article","@id":"https:\/\/www.laguiadepamplona.com\/actualidad\/lectura-en-euskera-de-textos-literarios-imperecederos-acompanados-por-ambientacion-musical-tres-propuestas-para-este-trimestre-de-ayuntamiento-y-ateneo-navarro\/#article","isPartOf":{"@id":"https:\/\/www.laguiadepamplona.com\/actualidad\/lectura-en-euskera-de-textos-literarios-imperecederos-acompanados-por-ambientacion-musical-tres-propuestas-para-este-trimestre-de-ayuntamiento-y-ateneo-navarro\/"},"author":{"name":"La Gu\u00eda de Pamplona","@id":"https:\/\/www.laguiadepamplona.com\/actualidad\/#\/schema\/person\/efe887376f0213d4657c93adc50b1fdb"},"headline":"Lectura en euskera de textos literarios imperecederos acompa\u00f1ados por ambientaci\u00f3n musical, tres propuestas para este trimestre de Ayuntamiento y Ateneo Navarro","datePublished":"2022-10-11T17:08:13+00:00","dateModified":"2023-04-11T09:47:44+00:00","mainEntityOfPage":{"@id":"https:\/\/www.laguiadepamplona.com\/actualidad\/lectura-en-euskera-de-textos-literarios-imperecederos-acompanados-por-ambientacion-musical-tres-propuestas-para-este-trimestre-de-ayuntamiento-y-ateneo-navarro\/"},"wordCount":1063,"commentCount":0,"publisher":{"@id":"https:\/\/www.laguiadepamplona.com\/actualidad\/#organization"},"image":{"@id":"https:\/\/www.laguiadepamplona.com\/actualidad\/lectura-en-euskera-de-textos-literarios-imperecederos-acompanados-por-ambientacion-musical-tres-propuestas-para-este-trimestre-de-ayuntamiento-y-ateneo-navarro\/#primaryimage"},"thumbnailUrl":"https:\/\/www.laguiadepamplona.com\/actualidad\/wp-content\/uploads\/2018\/05\/palacio-condestable.jpg","articleSection":["Ayto Pamplona"],"inLanguage":"es","potentialAction":[{"@type":"CommentAction","name":"Comment","target":["https:\/\/www.laguiadepamplona.com\/actualidad\/lectura-en-euskera-de-textos-literarios-imperecederos-acompanados-por-ambientacion-musical-tres-propuestas-para-este-trimestre-de-ayuntamiento-y-ateneo-navarro\/#respond"]}]},{"@type":"WebPage","@id":"https:\/\/www.laguiadepamplona.com\/actualidad\/lectura-en-euskera-de-textos-literarios-imperecederos-acompanados-por-ambientacion-musical-tres-propuestas-para-este-trimestre-de-ayuntamiento-y-ateneo-navarro\/","url":"https:\/\/www.laguiadepamplona.com\/actualidad\/lectura-en-euskera-de-textos-literarios-imperecederos-acompanados-por-ambientacion-musical-tres-propuestas-para-este-trimestre-de-ayuntamiento-y-ateneo-navarro\/","name":"Lectura en euskera de textos literarios imperecederos acompa\u00f1ados por ambientaci\u00f3n musical, tres propuestas para este trimestre de Ayuntamiento y Ateneo Navarro","isPartOf":{"@id":"https:\/\/www.laguiadepamplona.com\/actualidad\/#website"},"primaryImageOfPage":{"@id":"https:\/\/www.laguiadepamplona.com\/actualidad\/lectura-en-euskera-de-textos-literarios-imperecederos-acompanados-por-ambientacion-musical-tres-propuestas-para-este-trimestre-de-ayuntamiento-y-ateneo-navarro\/#primaryimage"},"image":{"@id":"https:\/\/www.laguiadepamplona.com\/actualidad\/lectura-en-euskera-de-textos-literarios-imperecederos-acompanados-por-ambientacion-musical-tres-propuestas-para-este-trimestre-de-ayuntamiento-y-ateneo-navarro\/#primaryimage"},"thumbnailUrl":"https:\/\/www.laguiadepamplona.com\/actualidad\/wp-content\/uploads\/2018\/05\/palacio-condestable.jpg","datePublished":"2022-10-11T17:08:13+00:00","dateModified":"2023-04-11T09:47:44+00:00","description":"Mary Shelly, Raymond Carver y Walt Whitman centran este programa fomento de la cultura en euskera que se realiza en colaboraci\u00f3n","breadcrumb":{"@id":"https:\/\/www.laguiadepamplona.com\/actualidad\/lectura-en-euskera-de-textos-literarios-imperecederos-acompanados-por-ambientacion-musical-tres-propuestas-para-este-trimestre-de-ayuntamiento-y-ateneo-navarro\/#breadcrumb"},"inLanguage":"es","potentialAction":[{"@type":"ReadAction","target":["https:\/\/www.laguiadepamplona.com\/actualidad\/lectura-en-euskera-de-textos-literarios-imperecederos-acompanados-por-ambientacion-musical-tres-propuestas-para-este-trimestre-de-ayuntamiento-y-ateneo-navarro\/"]}]},{"@type":"ImageObject","inLanguage":"es","@id":"https:\/\/www.laguiadepamplona.com\/actualidad\/lectura-en-euskera-de-textos-literarios-imperecederos-acompanados-por-ambientacion-musical-tres-propuestas-para-este-trimestre-de-ayuntamiento-y-ateneo-navarro\/#primaryimage","url":"https:\/\/www.laguiadepamplona.com\/actualidad\/wp-content\/uploads\/2018\/05\/palacio-condestable.jpg","contentUrl":"https:\/\/www.laguiadepamplona.com\/actualidad\/wp-content\/uploads\/2018\/05\/palacio-condestable.jpg","width":950,"height":634,"caption":"civivox condestable"},{"@type":"BreadcrumbList","@id":"https:\/\/www.laguiadepamplona.com\/actualidad\/lectura-en-euskera-de-textos-literarios-imperecederos-acompanados-por-ambientacion-musical-tres-propuestas-para-este-trimestre-de-ayuntamiento-y-ateneo-navarro\/#breadcrumb","itemListElement":[{"@type":"ListItem","position":1,"name":"Portada","item":"https:\/\/www.laguiadepamplona.com\/actualidad\/"},{"@type":"ListItem","position":2,"name":"Lectura en euskera de textos literarios imperecederos acompa\u00f1ados por ambientaci\u00f3n musical, tres propuestas para este trimestre de Ayuntamiento y Ateneo Navarro"}]},{"@type":"WebSite","@id":"https:\/\/www.laguiadepamplona.com\/actualidad\/#website","url":"https:\/\/www.laguiadepamplona.com\/actualidad\/","name":"La gu\u00eda de Pamplona","description":"Noticias de Pamplona","publisher":{"@id":"https:\/\/www.laguiadepamplona.com\/actualidad\/#organization"},"potentialAction":[{"@type":"SearchAction","target":{"@type":"EntryPoint","urlTemplate":"https:\/\/www.laguiadepamplona.com\/actualidad\/?s={search_term_string}"},"query-input":{"@type":"PropertyValueSpecification","valueRequired":true,"valueName":"search_term_string"}}],"inLanguage":"es"},{"@type":"Organization","@id":"https:\/\/www.laguiadepamplona.com\/actualidad\/#organization","name":"La Gu\u00eda de Pamplona \/ Noticias","url":"https:\/\/www.laguiadepamplona.com\/actualidad\/","logo":{"@type":"ImageObject","inLanguage":"es","@id":"https:\/\/www.laguiadepamplona.com\/actualidad\/#\/schema\/logo\/image\/","url":"https:\/\/www.laguiadepamplona.com\/actualidad\/wp-content\/uploads\/2018\/11\/logo-laguiadepamplona18-web1.png","contentUrl":"https:\/\/www.laguiadepamplona.com\/actualidad\/wp-content\/uploads\/2018\/11\/logo-laguiadepamplona18-web1.png","width":600,"height":196,"caption":"La Gu\u00eda de Pamplona \/ Noticias"},"image":{"@id":"https:\/\/www.laguiadepamplona.com\/actualidad\/#\/schema\/logo\/image\/"},"sameAs":["https:\/\/www.facebook.com\/laguiadepamplonacom-133175176762273\/?ref=hl","https:\/\/x.com\/LaGuiadPamplona","https:\/\/www.instagram.com\/la_guia_de_pamplona\/","https:\/\/www.youtube.com\/user\/laguiadepamplona"]},{"@type":"Person","@id":"https:\/\/www.laguiadepamplona.com\/actualidad\/#\/schema\/person\/efe887376f0213d4657c93adc50b1fdb","name":"La Gu\u00eda de Pamplona","image":{"@type":"ImageObject","inLanguage":"es","@id":"https:\/\/secure.gravatar.com\/avatar\/b6992f131dc8d30ab0dff15446e9d346d9dbd95992de0fef795073f5ea83a81c?s=96&d=mm&r=g","url":"https:\/\/secure.gravatar.com\/avatar\/b6992f131dc8d30ab0dff15446e9d346d9dbd95992de0fef795073f5ea83a81c?s=96&d=mm&r=g","contentUrl":"https:\/\/secure.gravatar.com\/avatar\/b6992f131dc8d30ab0dff15446e9d346d9dbd95992de0fef795073f5ea83a81c?s=96&d=mm&r=g","caption":"La Gu\u00eda de Pamplona"}}]}},"post_mailing_queue_ids":[],"_links":{"self":[{"href":"https:\/\/www.laguiadepamplona.com\/actualidad\/wp-json\/wp\/v2\/posts\/41879","targetHints":{"allow":["GET"]}}],"collection":[{"href":"https:\/\/www.laguiadepamplona.com\/actualidad\/wp-json\/wp\/v2\/posts"}],"about":[{"href":"https:\/\/www.laguiadepamplona.com\/actualidad\/wp-json\/wp\/v2\/types\/post"}],"author":[{"embeddable":true,"href":"https:\/\/www.laguiadepamplona.com\/actualidad\/wp-json\/wp\/v2\/users\/1"}],"replies":[{"embeddable":true,"href":"https:\/\/www.laguiadepamplona.com\/actualidad\/wp-json\/wp\/v2\/comments?post=41879"}],"version-history":[{"count":0,"href":"https:\/\/www.laguiadepamplona.com\/actualidad\/wp-json\/wp\/v2\/posts\/41879\/revisions"}],"wp:featuredmedia":[{"embeddable":true,"href":"https:\/\/www.laguiadepamplona.com\/actualidad\/wp-json\/wp\/v2\/media\/17390"}],"wp:attachment":[{"href":"https:\/\/www.laguiadepamplona.com\/actualidad\/wp-json\/wp\/v2\/media?parent=41879"}],"wp:term":[{"taxonomy":"category","embeddable":true,"href":"https:\/\/www.laguiadepamplona.com\/actualidad\/wp-json\/wp\/v2\/categories?post=41879"},{"taxonomy":"post_tag","embeddable":true,"href":"https:\/\/www.laguiadepamplona.com\/actualidad\/wp-json\/wp\/v2\/tags?post=41879"}],"curies":[{"name":"wp","href":"https:\/\/api.w.org\/{rel}","templated":true}]}}