{"id":41874,"date":"2022-10-11T19:05:35","date_gmt":"2022-10-11T17:05:35","guid":{"rendered":"https:\/\/www.laguiadepamplona.com\/actualidad\/?p=41874"},"modified":"2023-04-11T11:47:44","modified_gmt":"2023-04-11T09:47:44","slug":"un-documental-una-charla-y-dos-talleres-abordan-cuestiones-en-torno-a-la-identidad-sexual-y-de-genero-dentro-de-la-programacion-municipal-octubre-trans","status":"publish","type":"post","link":"https:\/\/www.laguiadepamplona.com\/actualidad\/un-documental-una-charla-y-dos-talleres-abordan-cuestiones-en-torno-a-la-identidad-sexual-y-de-genero-dentro-de-la-programacion-municipal-octubre-trans\/","title":{"rendered":"Un documental, una charla y dos talleres abordan cuestiones en torno a la identidad sexual y de g\u00e9nero dentro de la programaci\u00f3n municipal Octubre Trans"},"content":{"rendered":"<h5>El programa lo desarrolla Harrotu, el servicio de informaci\u00f3n, promoci\u00f3n de los derechos y la participaci\u00f3n LGTBI, con la colaboraci\u00f3n de Naizen<\/h5>\n<p><!--more--><\/p>\n<p>El servicio de informaci\u00f3n, promoci\u00f3n de los derechos y la participaci\u00f3n LGTBI, Harrotu, ha programado Octubre Trans, una serie de actividades que tratan sobre la identidad sexual y de g\u00e9nero. El programa se realiza en colaboraci\u00f3n con la asociaci\u00f3n Naizen. Entre las actividades se hallan un documental, una charla y dos talleres, de empoderamiento y danza contempor\u00e1nea. Las inscripciones pueden realizarse en el correo <a href=\"mailto:lgtbi@pamplona.es\">lgtbi@pamplona.es<\/a>, llamando al 948 226 326 o presencialmente en la calle San Gregorio 28.<br \/>\n<script async src=\"\/\/pagead2.googlesyndication.com\/pagead\/js\/adsbygoogle.js\"><\/script><br \/>\n<!-- Noticias La Guia de Pamplona --><br \/>\n<ins class=\"adsbygoogle\"\nstyle=\"display:block\"\ndata-ad-client=\"ca-pub-6943679897239327\"\ndata-ad-slot=\"7048180777\"\ndata-ad-format=\"auto\"><\/ins><br \/>\n<script>\n(adsbygoogle = window.adsbygoogle || []).push({});\n<\/script><\/p>\n<p>El motivo por el que octubre se erige como el mes de la reivindicaci\u00f3n de los derechos relacionados con la diversidad sexual y de g\u00e9nero es la celebraci\u00f3n, el d\u00eda 15, del D\u00eda de la Despatologizaci\u00f3n Trans, que est\u00e1 fijada para el tercer s\u00e1bado de octubre.<\/p>\n<p>Una de las propuestas de Octubre Trans es la proyecci\u00f3n del documental \u2018Mi peque\u00f1o gran Samur\u00e1i\u2019, seguido de un coloquio con Arantza Ibarra, directora del documental y de la asociaci\u00f3n Naizen. Ser\u00e1 el jueves 13, a las 18 horas, en Civivox Mendillorri. \u2018Mi peque\u00f1o gran Samur\u00e1i\u2019 describe la historia de un joven con realidad trans, Ekai Lersundi, que muri\u00f3 por suicidio en 2018 mientras luchaba con la burocracia en torno a la asignaci\u00f3n de terapia de reemplazo hormonal. El objetivo de este documental es visibilizar las realidades trans y reivindicar la lucha de las personas trans por el reconocimiento de sus derechos y la falta de recursos.<\/p>\n<p>La semana siguiente, el mi\u00e9rcoles 19, a las 17 horas, est\u00e1 previsto el taller \u2018Me empodero, me gusto\u2019, con la sex\u00f3loga y t\u00e9cnica de igualdad Aitzole Araneta. Est\u00e1 dirigido a j\u00f3venes con experiencia trans, con el objetivo de cambiar relativas de vida desfavorables por otras favorables mediante el trabajo de la confianza y el trabajo con la propia presencia del cuerpo. Tendr\u00e1 lugar en Harrotu, en la calle San Gregorio 28.<br \/>\n<script async src=\"\/\/pagead2.googlesyndication.com\/pagead\/js\/adsbygoogle.js\"><\/script><br \/>\n<!-- Noticias La Guia de Pamplona --><br \/>\n<ins class=\"adsbygoogle\"\nstyle=\"display:block\"\ndata-ad-client=\"ca-pub-6943679897239327\"\ndata-ad-slot=\"7048180777\"\ndata-ad-format=\"auto\"><\/ins><br \/>\n<script>\n(adsbygoogle = window.adsbygoogle || []).push({});\n<\/script><\/p>\n<p><strong>Otras actividades<\/strong><\/p>\n<p>El jueves 20, a las 18 horas, la sala Calderer\u00eda 11 acoge la charla \u201cUna mirada sexol\u00f3gica sobre la realidad trans\u201d, con Aitzole Araneta, sex\u00f3loga y t\u00e9cnica de igualdad. Con esta charla se pretende explicar la realidad trans desde una perspectiva sexol\u00f3gica, frente a las corrientes de pensamiento actuales que abordan el sexo prescindiendo de la sexolog\u00eda y que elaboran teor\u00edas con explicaciones parciales.<\/p>\n<p>El segundo taller del mes de octubre se centra en la danza contempor\u00e1nea y est\u00e1 dirigido a personas de 12 a 16 a\u00f1os. \u201c\u00bfQu\u00e9 tal si yo estoy yo y t\u00fa est\u00e1s t\u00fa?\u201d, dinamizado por el bailar\u00edn DPVillanueva, se celebra el martes 25, a las 18 horas, en la sala 7 de Civivox Jus la Rocha. El taller brinda la posibilidad de abrirse a una observacio\u0301n perceptiva de los sentidos, para acceder a un espacio de percepci\u00f3n propia y comprensio\u0301n personal, por medio de sencillas pr\u00e1cticas propias del \u00e1mbito de la danza.<\/p>\n<p>El programa se inaugur\u00f3 el jueves 6 de octubre con la presentaci\u00f3n de la biograf\u00eda \u2018Sentimientos encontrados\u2019, de Ander Oyarzabal, adolescente con realidad trans perteneciente a la asociaci\u00f3n Naizen.<\/p>\n<p>&nbsp;<br \/>\n<script async src=\"\/\/pagead2.googlesyndication.com\/pagead\/js\/adsbygoogle.js\"><\/script><br \/>\n<!-- Noticias La Guia de Pamplona --><br \/>\n<ins class=\"adsbygoogle\"\nstyle=\"display:block\"\ndata-ad-client=\"ca-pub-6943679897239327\"\ndata-ad-slot=\"7048180777\"\ndata-ad-format=\"auto\"><\/ins><br \/>\n<script>\n(adsbygoogle = window.adsbygoogle || []).push({});\n<\/script><\/p>\n<h3>Octubre Trans<\/h3>\n<ul>\n<li><strong>Jueves, 13 de octubre.<\/strong> Documental \u2018Mi peque\u00f1o gran samur\u00e1i\u2019. Civivox Mendillorri. 18 horas<\/li>\n<li><strong>Mi\u00e9rcoles, 19 de octubre.<\/strong> Taller \u2018Me empodero, me gusto\u2019. Harrotu, calle San Gregorio, 28. 17 horas<\/li>\n<li><strong>Jueves, 20 de octubre.<\/strong> Charla \u2018Una mirada sexol\u00f3gica sobre la realidad trans\u2019. Sala Calderer\u00eda 11. 18 horas<\/li>\n<li><strong>Martes, 25 de octubre.<\/strong> Taller de creaci\u00f3n en danza contempor\u00e1nea \u2018\u00bfQu\u00e9 tal si yo estoy yo y t\u00fa est\u00e1s t\u00fa?\u2019 Civivox Jus la Rocha, Sala 7. 18 horas. Para personas de 12 a 16 a\u00f1os<\/li>\n<\/ul>\n","protected":false},"excerpt":{"rendered":"<p>El programa lo desarrolla Harrotu, el servicio de informaci\u00f3n, promoci\u00f3n de los derechos y la participaci\u00f3n LGTBI, con la colaboraci\u00f3n de Naizen<\/p>\n","protected":false},"author":1,"featured_media":41601,"comment_status":"open","ping_status":"closed","sticky":false,"template":"","format":"standard","meta":{"footnotes":""},"categories":[2],"tags":[],"class_list":["post-41874","post","type-post","status-publish","format-standard","has-post-thumbnail","hentry","category-ayuntamiento-pamplona"],"yoast_head":"<!-- This site is optimized with the Yoast SEO plugin v27.3 - https:\/\/yoast.com\/product\/yoast-seo-wordpress\/ -->\n<title>Un documental, una charla y dos talleres abordan cuestiones en torno a la identidad sexual y de g\u00e9nero dentro de la programaci\u00f3n municipal Octubre Trans<\/title>\n<meta name=\"description\" content=\"El programa lo desarrolla Harrotu, el servicio de informaci\u00f3n, promoci\u00f3n de los derechos y la participaci\u00f3n LGTBI, con la colaboraci\u00f3n de Naizen\" \/>\n<meta name=\"robots\" content=\"index, follow, max-snippet:-1, max-image-preview:large, max-video-preview:-1\" \/>\n<link rel=\"canonical\" href=\"https:\/\/www.laguiadepamplona.com\/actualidad\/un-documental-una-charla-y-dos-talleres-abordan-cuestiones-en-torno-a-la-identidad-sexual-y-de-genero-dentro-de-la-programacion-municipal-octubre-trans\/\" \/>\n<meta property=\"og:locale\" content=\"es_ES\" \/>\n<meta property=\"og:type\" content=\"article\" \/>\n<meta property=\"og:title\" content=\"Un documental, una charla y dos talleres abordan cuestiones en torno a la identidad sexual y de g\u00e9nero dentro de la programaci\u00f3n municipal Octubre Trans\" \/>\n<meta property=\"og:description\" content=\"El programa lo desarrolla Harrotu, el servicio de informaci\u00f3n, promoci\u00f3n de los derechos y la participaci\u00f3n LGTBI, con la colaboraci\u00f3n de Naizen\" \/>\n<meta property=\"og:url\" content=\"https:\/\/www.laguiadepamplona.com\/actualidad\/un-documental-una-charla-y-dos-talleres-abordan-cuestiones-en-torno-a-la-identidad-sexual-y-de-genero-dentro-de-la-programacion-municipal-octubre-trans\/\" \/>\n<meta property=\"og:site_name\" content=\"La Gu\u00eda de Pamplona\" \/>\n<meta property=\"article:publisher\" content=\"https:\/\/www.facebook.com\/laguiadepamplonacom-133175176762273\/?ref=hl\" \/>\n<meta property=\"article:published_time\" content=\"2022-10-11T17:05:35+00:00\" \/>\n<meta property=\"article:modified_time\" content=\"2023-04-11T09:47:44+00:00\" \/>\n<meta property=\"og:image\" content=\"https:\/\/www.laguiadepamplona.com\/actualidad\/wp-content\/uploads\/2022\/09\/LGTBI_centro_Harrotu-10.webp\" \/>\n\t<meta property=\"og:image:width\" content=\"1920\" \/>\n\t<meta property=\"og:image:height\" content=\"1280\" \/>\n\t<meta property=\"og:image:type\" content=\"image\/webp\" \/>\n<meta name=\"author\" content=\"La Gu\u00eda de Pamplona\" \/>\n<meta name=\"twitter:card\" content=\"summary_large_image\" \/>\n<meta name=\"twitter:creator\" content=\"@LaGuiadPamplona\" \/>\n<meta name=\"twitter:site\" content=\"@LaGuiadPamplona\" \/>\n<meta name=\"twitter:label1\" content=\"Escrito por\" \/>\n\t<meta name=\"twitter:data1\" content=\"La Gu\u00eda de Pamplona\" \/>\n\t<meta name=\"twitter:label2\" content=\"Tiempo de lectura\" \/>\n\t<meta name=\"twitter:data2\" content=\"3 minutos\" \/>\n<script type=\"application\/ld+json\" class=\"yoast-schema-graph\">{\"@context\":\"https:\\\/\\\/schema.org\",\"@graph\":[{\"@type\":\"Article\",\"@id\":\"https:\\\/\\\/www.laguiadepamplona.com\\\/actualidad\\\/un-documental-una-charla-y-dos-talleres-abordan-cuestiones-en-torno-a-la-identidad-sexual-y-de-genero-dentro-de-la-programacion-municipal-octubre-trans\\\/#article\",\"isPartOf\":{\"@id\":\"https:\\\/\\\/www.laguiadepamplona.com\\\/actualidad\\\/un-documental-una-charla-y-dos-talleres-abordan-cuestiones-en-torno-a-la-identidad-sexual-y-de-genero-dentro-de-la-programacion-municipal-octubre-trans\\\/\"},\"author\":{\"name\":\"La Gu\u00eda de Pamplona\",\"@id\":\"https:\\\/\\\/www.laguiadepamplona.com\\\/actualidad\\\/#\\\/schema\\\/person\\\/efe887376f0213d4657c93adc50b1fdb\"},\"headline\":\"Un documental, una charla y dos talleres abordan cuestiones en torno a la identidad sexual y de g\u00e9nero dentro de la programaci\u00f3n municipal Octubre Trans\",\"datePublished\":\"2022-10-11T17:05:35+00:00\",\"dateModified\":\"2023-04-11T09:47:44+00:00\",\"mainEntityOfPage\":{\"@id\":\"https:\\\/\\\/www.laguiadepamplona.com\\\/actualidad\\\/un-documental-una-charla-y-dos-talleres-abordan-cuestiones-en-torno-a-la-identidad-sexual-y-de-genero-dentro-de-la-programacion-municipal-octubre-trans\\\/\"},\"wordCount\":647,\"commentCount\":0,\"publisher\":{\"@id\":\"https:\\\/\\\/www.laguiadepamplona.com\\\/actualidad\\\/#organization\"},\"image\":{\"@id\":\"https:\\\/\\\/www.laguiadepamplona.com\\\/actualidad\\\/un-documental-una-charla-y-dos-talleres-abordan-cuestiones-en-torno-a-la-identidad-sexual-y-de-genero-dentro-de-la-programacion-municipal-octubre-trans\\\/#primaryimage\"},\"thumbnailUrl\":\"https:\\\/\\\/www.laguiadepamplona.com\\\/actualidad\\\/wp-content\\\/uploads\\\/2022\\\/09\\\/LGTBI_centro_Harrotu-10.webp\",\"articleSection\":[\"Ayto Pamplona\"],\"inLanguage\":\"es\",\"potentialAction\":[{\"@type\":\"CommentAction\",\"name\":\"Comment\",\"target\":[\"https:\\\/\\\/www.laguiadepamplona.com\\\/actualidad\\\/un-documental-una-charla-y-dos-talleres-abordan-cuestiones-en-torno-a-la-identidad-sexual-y-de-genero-dentro-de-la-programacion-municipal-octubre-trans\\\/#respond\"]}]},{\"@type\":\"WebPage\",\"@id\":\"https:\\\/\\\/www.laguiadepamplona.com\\\/actualidad\\\/un-documental-una-charla-y-dos-talleres-abordan-cuestiones-en-torno-a-la-identidad-sexual-y-de-genero-dentro-de-la-programacion-municipal-octubre-trans\\\/\",\"url\":\"https:\\\/\\\/www.laguiadepamplona.com\\\/actualidad\\\/un-documental-una-charla-y-dos-talleres-abordan-cuestiones-en-torno-a-la-identidad-sexual-y-de-genero-dentro-de-la-programacion-municipal-octubre-trans\\\/\",\"name\":\"Un documental, una charla y dos talleres abordan cuestiones en torno a la identidad sexual y de g\u00e9nero dentro de la programaci\u00f3n municipal Octubre Trans\",\"isPartOf\":{\"@id\":\"https:\\\/\\\/www.laguiadepamplona.com\\\/actualidad\\\/#website\"},\"primaryImageOfPage\":{\"@id\":\"https:\\\/\\\/www.laguiadepamplona.com\\\/actualidad\\\/un-documental-una-charla-y-dos-talleres-abordan-cuestiones-en-torno-a-la-identidad-sexual-y-de-genero-dentro-de-la-programacion-municipal-octubre-trans\\\/#primaryimage\"},\"image\":{\"@id\":\"https:\\\/\\\/www.laguiadepamplona.com\\\/actualidad\\\/un-documental-una-charla-y-dos-talleres-abordan-cuestiones-en-torno-a-la-identidad-sexual-y-de-genero-dentro-de-la-programacion-municipal-octubre-trans\\\/#primaryimage\"},\"thumbnailUrl\":\"https:\\\/\\\/www.laguiadepamplona.com\\\/actualidad\\\/wp-content\\\/uploads\\\/2022\\\/09\\\/LGTBI_centro_Harrotu-10.webp\",\"datePublished\":\"2022-10-11T17:05:35+00:00\",\"dateModified\":\"2023-04-11T09:47:44+00:00\",\"description\":\"El programa lo desarrolla Harrotu, el servicio de informaci\u00f3n, promoci\u00f3n de los derechos y la participaci\u00f3n LGTBI, con la colaboraci\u00f3n de Naizen\",\"breadcrumb\":{\"@id\":\"https:\\\/\\\/www.laguiadepamplona.com\\\/actualidad\\\/un-documental-una-charla-y-dos-talleres-abordan-cuestiones-en-torno-a-la-identidad-sexual-y-de-genero-dentro-de-la-programacion-municipal-octubre-trans\\\/#breadcrumb\"},\"inLanguage\":\"es\",\"potentialAction\":[{\"@type\":\"ReadAction\",\"target\":[\"https:\\\/\\\/www.laguiadepamplona.com\\\/actualidad\\\/un-documental-una-charla-y-dos-talleres-abordan-cuestiones-en-torno-a-la-identidad-sexual-y-de-genero-dentro-de-la-programacion-municipal-octubre-trans\\\/\"]}]},{\"@type\":\"ImageObject\",\"inLanguage\":\"es\",\"@id\":\"https:\\\/\\\/www.laguiadepamplona.com\\\/actualidad\\\/un-documental-una-charla-y-dos-talleres-abordan-cuestiones-en-torno-a-la-identidad-sexual-y-de-genero-dentro-de-la-programacion-municipal-octubre-trans\\\/#primaryimage\",\"url\":\"https:\\\/\\\/www.laguiadepamplona.com\\\/actualidad\\\/wp-content\\\/uploads\\\/2022\\\/09\\\/LGTBI_centro_Harrotu-10.webp\",\"contentUrl\":\"https:\\\/\\\/www.laguiadepamplona.com\\\/actualidad\\\/wp-content\\\/uploads\\\/2022\\\/09\\\/LGTBI_centro_Harrotu-10.webp\",\"width\":1920,\"height\":1280,\"caption\":\"harrotu\"},{\"@type\":\"BreadcrumbList\",\"@id\":\"https:\\\/\\\/www.laguiadepamplona.com\\\/actualidad\\\/un-documental-una-charla-y-dos-talleres-abordan-cuestiones-en-torno-a-la-identidad-sexual-y-de-genero-dentro-de-la-programacion-municipal-octubre-trans\\\/#breadcrumb\",\"itemListElement\":[{\"@type\":\"ListItem\",\"position\":1,\"name\":\"Portada\",\"item\":\"https:\\\/\\\/www.laguiadepamplona.com\\\/actualidad\\\/\"},{\"@type\":\"ListItem\",\"position\":2,\"name\":\"Un documental, una charla y dos talleres abordan cuestiones en torno a la identidad sexual y de g\u00e9nero dentro de la programaci\u00f3n municipal Octubre Trans\"}]},{\"@type\":\"WebSite\",\"@id\":\"https:\\\/\\\/www.laguiadepamplona.com\\\/actualidad\\\/#website\",\"url\":\"https:\\\/\\\/www.laguiadepamplona.com\\\/actualidad\\\/\",\"name\":\"La gu\u00eda de Pamplona\",\"description\":\"Noticias de Pamplona\",\"publisher\":{\"@id\":\"https:\\\/\\\/www.laguiadepamplona.com\\\/actualidad\\\/#organization\"},\"potentialAction\":[{\"@type\":\"SearchAction\",\"target\":{\"@type\":\"EntryPoint\",\"urlTemplate\":\"https:\\\/\\\/www.laguiadepamplona.com\\\/actualidad\\\/?s={search_term_string}\"},\"query-input\":{\"@type\":\"PropertyValueSpecification\",\"valueRequired\":true,\"valueName\":\"search_term_string\"}}],\"inLanguage\":\"es\"},{\"@type\":\"Organization\",\"@id\":\"https:\\\/\\\/www.laguiadepamplona.com\\\/actualidad\\\/#organization\",\"name\":\"La Gu\u00eda de Pamplona \\\/ Noticias\",\"url\":\"https:\\\/\\\/www.laguiadepamplona.com\\\/actualidad\\\/\",\"logo\":{\"@type\":\"ImageObject\",\"inLanguage\":\"es\",\"@id\":\"https:\\\/\\\/www.laguiadepamplona.com\\\/actualidad\\\/#\\\/schema\\\/logo\\\/image\\\/\",\"url\":\"https:\\\/\\\/www.laguiadepamplona.com\\\/actualidad\\\/wp-content\\\/uploads\\\/2018\\\/11\\\/logo-laguiadepamplona18-web1.png\",\"contentUrl\":\"https:\\\/\\\/www.laguiadepamplona.com\\\/actualidad\\\/wp-content\\\/uploads\\\/2018\\\/11\\\/logo-laguiadepamplona18-web1.png\",\"width\":600,\"height\":196,\"caption\":\"La Gu\u00eda de Pamplona \\\/ Noticias\"},\"image\":{\"@id\":\"https:\\\/\\\/www.laguiadepamplona.com\\\/actualidad\\\/#\\\/schema\\\/logo\\\/image\\\/\"},\"sameAs\":[\"https:\\\/\\\/www.facebook.com\\\/laguiadepamplonacom-133175176762273\\\/?ref=hl\",\"https:\\\/\\\/x.com\\\/LaGuiadPamplona\",\"https:\\\/\\\/www.instagram.com\\\/la_guia_de_pamplona\\\/\",\"https:\\\/\\\/www.youtube.com\\\/user\\\/laguiadepamplona\"]},{\"@type\":\"Person\",\"@id\":\"https:\\\/\\\/www.laguiadepamplona.com\\\/actualidad\\\/#\\\/schema\\\/person\\\/efe887376f0213d4657c93adc50b1fdb\",\"name\":\"La Gu\u00eda de Pamplona\",\"image\":{\"@type\":\"ImageObject\",\"inLanguage\":\"es\",\"@id\":\"https:\\\/\\\/secure.gravatar.com\\\/avatar\\\/b6992f131dc8d30ab0dff15446e9d346d9dbd95992de0fef795073f5ea83a81c?s=96&d=mm&r=g\",\"url\":\"https:\\\/\\\/secure.gravatar.com\\\/avatar\\\/b6992f131dc8d30ab0dff15446e9d346d9dbd95992de0fef795073f5ea83a81c?s=96&d=mm&r=g\",\"contentUrl\":\"https:\\\/\\\/secure.gravatar.com\\\/avatar\\\/b6992f131dc8d30ab0dff15446e9d346d9dbd95992de0fef795073f5ea83a81c?s=96&d=mm&r=g\",\"caption\":\"La Gu\u00eda de Pamplona\"}}]}<\/script>\n<!-- \/ Yoast SEO plugin. -->","yoast_head_json":{"title":"Un documental, una charla y dos talleres abordan cuestiones en torno a la identidad sexual y de g\u00e9nero dentro de la programaci\u00f3n municipal Octubre Trans","description":"El programa lo desarrolla Harrotu, el servicio de informaci\u00f3n, promoci\u00f3n de los derechos y la participaci\u00f3n LGTBI, con la colaboraci\u00f3n de Naizen","robots":{"index":"index","follow":"follow","max-snippet":"max-snippet:-1","max-image-preview":"max-image-preview:large","max-video-preview":"max-video-preview:-1"},"canonical":"https:\/\/www.laguiadepamplona.com\/actualidad\/un-documental-una-charla-y-dos-talleres-abordan-cuestiones-en-torno-a-la-identidad-sexual-y-de-genero-dentro-de-la-programacion-municipal-octubre-trans\/","og_locale":"es_ES","og_type":"article","og_title":"Un documental, una charla y dos talleres abordan cuestiones en torno a la identidad sexual y de g\u00e9nero dentro de la programaci\u00f3n municipal Octubre Trans","og_description":"El programa lo desarrolla Harrotu, el servicio de informaci\u00f3n, promoci\u00f3n de los derechos y la participaci\u00f3n LGTBI, con la colaboraci\u00f3n de Naizen","og_url":"https:\/\/www.laguiadepamplona.com\/actualidad\/un-documental-una-charla-y-dos-talleres-abordan-cuestiones-en-torno-a-la-identidad-sexual-y-de-genero-dentro-de-la-programacion-municipal-octubre-trans\/","og_site_name":"La Gu\u00eda de Pamplona","article_publisher":"https:\/\/www.facebook.com\/laguiadepamplonacom-133175176762273\/?ref=hl","article_published_time":"2022-10-11T17:05:35+00:00","article_modified_time":"2023-04-11T09:47:44+00:00","og_image":[{"width":1920,"height":1280,"url":"https:\/\/www.laguiadepamplona.com\/actualidad\/wp-content\/uploads\/2022\/09\/LGTBI_centro_Harrotu-10.webp","type":"image\/webp"}],"author":"La Gu\u00eda de Pamplona","twitter_card":"summary_large_image","twitter_creator":"@LaGuiadPamplona","twitter_site":"@LaGuiadPamplona","twitter_misc":{"Escrito por":"La Gu\u00eda de Pamplona","Tiempo de lectura":"3 minutos"},"schema":{"@context":"https:\/\/schema.org","@graph":[{"@type":"Article","@id":"https:\/\/www.laguiadepamplona.com\/actualidad\/un-documental-una-charla-y-dos-talleres-abordan-cuestiones-en-torno-a-la-identidad-sexual-y-de-genero-dentro-de-la-programacion-municipal-octubre-trans\/#article","isPartOf":{"@id":"https:\/\/www.laguiadepamplona.com\/actualidad\/un-documental-una-charla-y-dos-talleres-abordan-cuestiones-en-torno-a-la-identidad-sexual-y-de-genero-dentro-de-la-programacion-municipal-octubre-trans\/"},"author":{"name":"La Gu\u00eda de Pamplona","@id":"https:\/\/www.laguiadepamplona.com\/actualidad\/#\/schema\/person\/efe887376f0213d4657c93adc50b1fdb"},"headline":"Un documental, una charla y dos talleres abordan cuestiones en torno a la identidad sexual y de g\u00e9nero dentro de la programaci\u00f3n municipal Octubre Trans","datePublished":"2022-10-11T17:05:35+00:00","dateModified":"2023-04-11T09:47:44+00:00","mainEntityOfPage":{"@id":"https:\/\/www.laguiadepamplona.com\/actualidad\/un-documental-una-charla-y-dos-talleres-abordan-cuestiones-en-torno-a-la-identidad-sexual-y-de-genero-dentro-de-la-programacion-municipal-octubre-trans\/"},"wordCount":647,"commentCount":0,"publisher":{"@id":"https:\/\/www.laguiadepamplona.com\/actualidad\/#organization"},"image":{"@id":"https:\/\/www.laguiadepamplona.com\/actualidad\/un-documental-una-charla-y-dos-talleres-abordan-cuestiones-en-torno-a-la-identidad-sexual-y-de-genero-dentro-de-la-programacion-municipal-octubre-trans\/#primaryimage"},"thumbnailUrl":"https:\/\/www.laguiadepamplona.com\/actualidad\/wp-content\/uploads\/2022\/09\/LGTBI_centro_Harrotu-10.webp","articleSection":["Ayto Pamplona"],"inLanguage":"es","potentialAction":[{"@type":"CommentAction","name":"Comment","target":["https:\/\/www.laguiadepamplona.com\/actualidad\/un-documental-una-charla-y-dos-talleres-abordan-cuestiones-en-torno-a-la-identidad-sexual-y-de-genero-dentro-de-la-programacion-municipal-octubre-trans\/#respond"]}]},{"@type":"WebPage","@id":"https:\/\/www.laguiadepamplona.com\/actualidad\/un-documental-una-charla-y-dos-talleres-abordan-cuestiones-en-torno-a-la-identidad-sexual-y-de-genero-dentro-de-la-programacion-municipal-octubre-trans\/","url":"https:\/\/www.laguiadepamplona.com\/actualidad\/un-documental-una-charla-y-dos-talleres-abordan-cuestiones-en-torno-a-la-identidad-sexual-y-de-genero-dentro-de-la-programacion-municipal-octubre-trans\/","name":"Un documental, una charla y dos talleres abordan cuestiones en torno a la identidad sexual y de g\u00e9nero dentro de la programaci\u00f3n municipal Octubre Trans","isPartOf":{"@id":"https:\/\/www.laguiadepamplona.com\/actualidad\/#website"},"primaryImageOfPage":{"@id":"https:\/\/www.laguiadepamplona.com\/actualidad\/un-documental-una-charla-y-dos-talleres-abordan-cuestiones-en-torno-a-la-identidad-sexual-y-de-genero-dentro-de-la-programacion-municipal-octubre-trans\/#primaryimage"},"image":{"@id":"https:\/\/www.laguiadepamplona.com\/actualidad\/un-documental-una-charla-y-dos-talleres-abordan-cuestiones-en-torno-a-la-identidad-sexual-y-de-genero-dentro-de-la-programacion-municipal-octubre-trans\/#primaryimage"},"thumbnailUrl":"https:\/\/www.laguiadepamplona.com\/actualidad\/wp-content\/uploads\/2022\/09\/LGTBI_centro_Harrotu-10.webp","datePublished":"2022-10-11T17:05:35+00:00","dateModified":"2023-04-11T09:47:44+00:00","description":"El programa lo desarrolla Harrotu, el servicio de informaci\u00f3n, promoci\u00f3n de los derechos y la participaci\u00f3n LGTBI, con la colaboraci\u00f3n de Naizen","breadcrumb":{"@id":"https:\/\/www.laguiadepamplona.com\/actualidad\/un-documental-una-charla-y-dos-talleres-abordan-cuestiones-en-torno-a-la-identidad-sexual-y-de-genero-dentro-de-la-programacion-municipal-octubre-trans\/#breadcrumb"},"inLanguage":"es","potentialAction":[{"@type":"ReadAction","target":["https:\/\/www.laguiadepamplona.com\/actualidad\/un-documental-una-charla-y-dos-talleres-abordan-cuestiones-en-torno-a-la-identidad-sexual-y-de-genero-dentro-de-la-programacion-municipal-octubre-trans\/"]}]},{"@type":"ImageObject","inLanguage":"es","@id":"https:\/\/www.laguiadepamplona.com\/actualidad\/un-documental-una-charla-y-dos-talleres-abordan-cuestiones-en-torno-a-la-identidad-sexual-y-de-genero-dentro-de-la-programacion-municipal-octubre-trans\/#primaryimage","url":"https:\/\/www.laguiadepamplona.com\/actualidad\/wp-content\/uploads\/2022\/09\/LGTBI_centro_Harrotu-10.webp","contentUrl":"https:\/\/www.laguiadepamplona.com\/actualidad\/wp-content\/uploads\/2022\/09\/LGTBI_centro_Harrotu-10.webp","width":1920,"height":1280,"caption":"harrotu"},{"@type":"BreadcrumbList","@id":"https:\/\/www.laguiadepamplona.com\/actualidad\/un-documental-una-charla-y-dos-talleres-abordan-cuestiones-en-torno-a-la-identidad-sexual-y-de-genero-dentro-de-la-programacion-municipal-octubre-trans\/#breadcrumb","itemListElement":[{"@type":"ListItem","position":1,"name":"Portada","item":"https:\/\/www.laguiadepamplona.com\/actualidad\/"},{"@type":"ListItem","position":2,"name":"Un documental, una charla y dos talleres abordan cuestiones en torno a la identidad sexual y de g\u00e9nero dentro de la programaci\u00f3n municipal Octubre Trans"}]},{"@type":"WebSite","@id":"https:\/\/www.laguiadepamplona.com\/actualidad\/#website","url":"https:\/\/www.laguiadepamplona.com\/actualidad\/","name":"La gu\u00eda de Pamplona","description":"Noticias de Pamplona","publisher":{"@id":"https:\/\/www.laguiadepamplona.com\/actualidad\/#organization"},"potentialAction":[{"@type":"SearchAction","target":{"@type":"EntryPoint","urlTemplate":"https:\/\/www.laguiadepamplona.com\/actualidad\/?s={search_term_string}"},"query-input":{"@type":"PropertyValueSpecification","valueRequired":true,"valueName":"search_term_string"}}],"inLanguage":"es"},{"@type":"Organization","@id":"https:\/\/www.laguiadepamplona.com\/actualidad\/#organization","name":"La Gu\u00eda de Pamplona \/ Noticias","url":"https:\/\/www.laguiadepamplona.com\/actualidad\/","logo":{"@type":"ImageObject","inLanguage":"es","@id":"https:\/\/www.laguiadepamplona.com\/actualidad\/#\/schema\/logo\/image\/","url":"https:\/\/www.laguiadepamplona.com\/actualidad\/wp-content\/uploads\/2018\/11\/logo-laguiadepamplona18-web1.png","contentUrl":"https:\/\/www.laguiadepamplona.com\/actualidad\/wp-content\/uploads\/2018\/11\/logo-laguiadepamplona18-web1.png","width":600,"height":196,"caption":"La Gu\u00eda de Pamplona \/ Noticias"},"image":{"@id":"https:\/\/www.laguiadepamplona.com\/actualidad\/#\/schema\/logo\/image\/"},"sameAs":["https:\/\/www.facebook.com\/laguiadepamplonacom-133175176762273\/?ref=hl","https:\/\/x.com\/LaGuiadPamplona","https:\/\/www.instagram.com\/la_guia_de_pamplona\/","https:\/\/www.youtube.com\/user\/laguiadepamplona"]},{"@type":"Person","@id":"https:\/\/www.laguiadepamplona.com\/actualidad\/#\/schema\/person\/efe887376f0213d4657c93adc50b1fdb","name":"La Gu\u00eda de Pamplona","image":{"@type":"ImageObject","inLanguage":"es","@id":"https:\/\/secure.gravatar.com\/avatar\/b6992f131dc8d30ab0dff15446e9d346d9dbd95992de0fef795073f5ea83a81c?s=96&d=mm&r=g","url":"https:\/\/secure.gravatar.com\/avatar\/b6992f131dc8d30ab0dff15446e9d346d9dbd95992de0fef795073f5ea83a81c?s=96&d=mm&r=g","contentUrl":"https:\/\/secure.gravatar.com\/avatar\/b6992f131dc8d30ab0dff15446e9d346d9dbd95992de0fef795073f5ea83a81c?s=96&d=mm&r=g","caption":"La Gu\u00eda de Pamplona"}}]}},"post_mailing_queue_ids":[],"_links":{"self":[{"href":"https:\/\/www.laguiadepamplona.com\/actualidad\/wp-json\/wp\/v2\/posts\/41874","targetHints":{"allow":["GET"]}}],"collection":[{"href":"https:\/\/www.laguiadepamplona.com\/actualidad\/wp-json\/wp\/v2\/posts"}],"about":[{"href":"https:\/\/www.laguiadepamplona.com\/actualidad\/wp-json\/wp\/v2\/types\/post"}],"author":[{"embeddable":true,"href":"https:\/\/www.laguiadepamplona.com\/actualidad\/wp-json\/wp\/v2\/users\/1"}],"replies":[{"embeddable":true,"href":"https:\/\/www.laguiadepamplona.com\/actualidad\/wp-json\/wp\/v2\/comments?post=41874"}],"version-history":[{"count":0,"href":"https:\/\/www.laguiadepamplona.com\/actualidad\/wp-json\/wp\/v2\/posts\/41874\/revisions"}],"wp:featuredmedia":[{"embeddable":true,"href":"https:\/\/www.laguiadepamplona.com\/actualidad\/wp-json\/wp\/v2\/media\/41601"}],"wp:attachment":[{"href":"https:\/\/www.laguiadepamplona.com\/actualidad\/wp-json\/wp\/v2\/media?parent=41874"}],"wp:term":[{"taxonomy":"category","embeddable":true,"href":"https:\/\/www.laguiadepamplona.com\/actualidad\/wp-json\/wp\/v2\/categories?post=41874"},{"taxonomy":"post_tag","embeddable":true,"href":"https:\/\/www.laguiadepamplona.com\/actualidad\/wp-json\/wp\/v2\/tags?post=41874"}],"curies":[{"name":"wp","href":"https:\/\/api.w.org\/{rel}","templated":true}]}}