{"id":41866,"date":"2022-10-11T19:00:21","date_gmt":"2022-10-11T17:00:21","guid":{"rendered":"https:\/\/www.laguiadepamplona.com\/actualidad\/?p=41866"},"modified":"2023-04-11T11:47:44","modified_gmt":"2023-04-11T09:47:44","slug":"la-vii-semana-del-producto-local-encara-sus-ultimas-jornadas","status":"publish","type":"post","link":"https:\/\/www.laguiadepamplona.com\/actualidad\/la-vii-semana-del-producto-local-encara-sus-ultimas-jornadas\/","title":{"rendered":"La VII Semana del Producto Local encara sus \u00faltimas jornadas"},"content":{"rendered":"<h5>Ma\u00f1ana a mediod\u00eda cerrar\u00e1 la feria de exposici\u00f3n y venta de alimentos y esta tarde y durante todo el mi\u00e9rcoles habr\u00e1 actividades de entrada libre<\/h5>\n<p><!--more--><\/p>\n<p>La feria de exposici\u00f3n y venta de alimentos en la Plaza del Castillo cerrar\u00e1 ma\u00f1ana las persianas de sus 45 puestos de venta a las 14.30 ahora. Hasta entonces los stands estar\u00e1n abiertos al p\u00fablico ofreciendo producto local de calidad de Navarra y facilitando la conexi\u00f3n entre la parte productora y la parte consumidora. La feria es una de las actividades que se est\u00e1 desarrollando dentro de la VII Semana del Producto Local. 18.30 horas. Esta tarde en el Nuevo Casino Principal, las 18.30 horas, habr\u00e1 una cata de Queso D.O. Idiazabal Y en el Palacio del Condestable a las 19.15 horas tendr\u00e1 lugar la \u00faltima sesi\u00f3n del ciclo de Cine y Gastronom\u00eda con la proyecci\u00f3n de \u2018Delicioso\u2019.<br \/>\n<script async src=\"\/\/pagead2.googlesyndication.com\/pagead\/js\/adsbygoogle.js\"><\/script><br \/>\n<!-- Noticias La Guia de Pamplona --><br \/>\n<ins class=\"adsbygoogle\"\nstyle=\"display:block\"\ndata-ad-client=\"ca-pub-6943679897239327\"\ndata-ad-slot=\"7048180777\"\ndata-ad-format=\"auto\"><\/ins><br \/>\n<script>\n(adsbygoogle = window.adsbygoogle || []).push({});\n<\/script><\/p>\n<p>Ma\u00f1ana d\u00eda 12 de octubre, para dar por concluido la semana, est\u00e1 prevista la realizaci\u00f3n del juego de pistas \u2018Escape the city\u2019, una actividad para todos los p\u00fablicos de la que se ofrecer\u00e1n tres pases por la ma\u00f1ana (a partir de las 11 horas) y 3 por la tarde (desde las 18 horas), y que se desarrollar\u00e1n en las calles lim\u00edtrofes a la Plaza del Castillo para grupos con un m\u00e1ximo de 12 personas. Estas propuestas son gratuitas pero requieren inscripci\u00f3n previa en la web <a href=\"https:\/\/semanadelproductolocal.com\/\" target=\"_blank\" rel=\"noopener\">https:\/\/semanadelproductolocal.com\/<\/a>. Esa misma ma\u00f1ana, a las 11.30 horas, en el Nuevo Casino Principal, se entregar\u00e1 el premio del concurso de pintura.<\/p>\n<p>La semana la organizan conjuntamente el Ayuntamiento de Pamplona y Reyno Gourmet, la marca de calidad agroalimentaria gestionada por INTIA, y colaboran el Consejo de la Producci\u00f3n Agraria Ecol\u00f3gica de Navarra (CPAEN), la Asociaci\u00f3n de Elaboradores de Alimentos Artesanos y Bizilur. El apoyo social e institucional al fomento, difusi\u00f3n y presencia diaria de los productos locales es de gran importancia para aquellos colectivos y organizaciones que trabajan por su pervivencia. Este evento naci\u00f3 en 2016, ya con la idea de convertirse en una actividad consolidada en el calendario social, cultural y gastron\u00f3mico de Pamplona.<br \/>\n<script async src=\"\/\/pagead2.googlesyndication.com\/pagead\/js\/adsbygoogle.js\"><\/script><br \/>\n<!-- Noticias La Guia de Pamplona --><br \/>\n<ins class=\"adsbygoogle\"\nstyle=\"display:block\"\ndata-ad-client=\"ca-pub-6943679897239327\"\ndata-ad-slot=\"7048180777\"\ndata-ad-format=\"auto\"><\/ins><br \/>\n<script>\n(adsbygoogle = window.adsbygoogle || []).push({});\n<\/script><\/p>\n<p>&nbsp;<\/p>\n<h3><strong>Programa de actividades<\/strong><\/h3>\n<p>Martes 11 de octubre<\/p>\n<ul>\n<li><strong>Cata de Queso D.O. Idiazabal<\/strong>. 18.30 horas. Nuevo Casino Principal. Inscripci\u00f3n gratuita desde el 30 de septiembre<\/li>\n<li><strong>Ciclo de Cine y Gastronom\u00eda<\/strong><\/li>\n<\/ul>\n<p>Delicioso. Presentaci\u00f3n con I\u00f1aki Arrubla y posterior debate. 19.15 horas. Civivox Condestable, entrada libre. Presentaci\u00f3n y posterior coloquio moderado por I\u00f1aki Arrubla, cr\u00edtico de cine<\/p>\n<p>Mi\u00e9rcoles 12 de octubre<\/p>\n<ul>\n<li><strong>Escape the city<\/strong>. Actividad infantil. 3 pases por la ma\u00f1ana. 11 horas. Plaza del Castillo<\/li>\n<li><strong>Entrega de premios<\/strong> del Concurso de pintura. 11.30 horas. Nuevo Casino Principal<\/li>\n<\/ul>\n<p><strong>Horarios del mercado de productos de la Plaza del Castillo<\/strong><\/p>\n<ul>\n<li>Martes 11 de octubre: 10.30 a 14.30 horas y de 17 a 21.30 horas<\/li>\n<li>Mi\u00e9rcoles 12 octubre: 10.30 a 14.30 horas<\/li>\n<\/ul>\n","protected":false},"excerpt":{"rendered":"<p>Ma\u00f1ana a mediod\u00eda cerrar\u00e1 la feria de exposici\u00f3n y venta de alimentos y esta tarde y durante todo el mi\u00e9rcoles habr\u00e1 actividades de entrada libre<\/p>\n","protected":false},"author":1,"featured_media":41828,"comment_status":"open","ping_status":"closed","sticky":false,"template":"","format":"standard","meta":{"footnotes":""},"categories":[2],"tags":[],"class_list":["post-41866","post","type-post","status-publish","format-standard","has-post-thumbnail","hentry","category-ayuntamiento-pamplona"],"yoast_head":"<!-- This site is optimized with the Yoast SEO plugin v27.5 - https:\/\/yoast.com\/product\/yoast-seo-wordpress\/ -->\n<title>La VII Semana del Producto Local encara sus \u00faltimas jornadas<\/title>\n<meta name=\"description\" content=\"Ma\u00f1ana a mediod\u00eda cerrar\u00e1 la feria de exposici\u00f3n y venta de alimentos y esta tarde y durante todo el mi\u00e9rcoles habr\u00e1 actividades de entrada libre\" \/>\n<meta name=\"robots\" content=\"index, follow, max-snippet:-1, max-image-preview:large, max-video-preview:-1\" \/>\n<link rel=\"canonical\" href=\"https:\/\/www.laguiadepamplona.com\/actualidad\/la-vii-semana-del-producto-local-encara-sus-ultimas-jornadas\/\" \/>\n<meta property=\"og:locale\" content=\"es_ES\" \/>\n<meta property=\"og:type\" content=\"article\" \/>\n<meta property=\"og:title\" content=\"La VII Semana del Producto Local encara sus \u00faltimas jornadas\" \/>\n<meta property=\"og:description\" content=\"Ma\u00f1ana a mediod\u00eda cerrar\u00e1 la feria de exposici\u00f3n y venta de alimentos y esta tarde y durante todo el mi\u00e9rcoles habr\u00e1 actividades de entrada libre\" \/>\n<meta property=\"og:url\" content=\"https:\/\/www.laguiadepamplona.com\/actualidad\/la-vii-semana-del-producto-local-encara-sus-ultimas-jornadas\/\" \/>\n<meta property=\"og:site_name\" content=\"La Gu\u00eda de Pamplona\" \/>\n<meta property=\"article:publisher\" content=\"https:\/\/www.facebook.com\/laguiadepamplonacom-133175176762273\/?ref=hl\" \/>\n<meta property=\"article:published_time\" content=\"2022-10-11T17:00:21+00:00\" \/>\n<meta property=\"article:modified_time\" content=\"2023-04-11T09:47:44+00:00\" \/>\n<meta property=\"og:image\" content=\"https:\/\/www.laguiadepamplona.com\/actualidad\/wp-content\/uploads\/2022\/10\/semana-producto-local.webp\" \/>\n\t<meta property=\"og:image:width\" content=\"1920\" \/>\n\t<meta property=\"og:image:height\" content=\"1280\" \/>\n\t<meta property=\"og:image:type\" content=\"image\/webp\" \/>\n<meta name=\"author\" content=\"La Gu\u00eda de Pamplona\" \/>\n<meta name=\"twitter:card\" content=\"summary_large_image\" \/>\n<meta name=\"twitter:creator\" content=\"@LaGuiadPamplona\" \/>\n<meta name=\"twitter:site\" content=\"@LaGuiadPamplona\" \/>\n<meta name=\"twitter:label1\" content=\"Escrito por\" \/>\n\t<meta name=\"twitter:data1\" content=\"La Gu\u00eda de Pamplona\" \/>\n\t<meta name=\"twitter:label2\" content=\"Tiempo de lectura\" \/>\n\t<meta name=\"twitter:data2\" content=\"3 minutos\" \/>\n<script type=\"application\/ld+json\" class=\"yoast-schema-graph\">{\"@context\":\"https:\\\/\\\/schema.org\",\"@graph\":[{\"@type\":\"Article\",\"@id\":\"https:\\\/\\\/www.laguiadepamplona.com\\\/actualidad\\\/la-vii-semana-del-producto-local-encara-sus-ultimas-jornadas\\\/#article\",\"isPartOf\":{\"@id\":\"https:\\\/\\\/www.laguiadepamplona.com\\\/actualidad\\\/la-vii-semana-del-producto-local-encara-sus-ultimas-jornadas\\\/\"},\"author\":{\"name\":\"La Gu\u00eda de Pamplona\",\"@id\":\"https:\\\/\\\/www.laguiadepamplona.com\\\/actualidad\\\/#\\\/schema\\\/person\\\/efe887376f0213d4657c93adc50b1fdb\"},\"headline\":\"La VII Semana del Producto Local encara sus \u00faltimas jornadas\",\"datePublished\":\"2022-10-11T17:00:21+00:00\",\"dateModified\":\"2023-04-11T09:47:44+00:00\",\"mainEntityOfPage\":{\"@id\":\"https:\\\/\\\/www.laguiadepamplona.com\\\/actualidad\\\/la-vii-semana-del-producto-local-encara-sus-ultimas-jornadas\\\/\"},\"wordCount\":484,\"commentCount\":0,\"publisher\":{\"@id\":\"https:\\\/\\\/www.laguiadepamplona.com\\\/actualidad\\\/#organization\"},\"image\":{\"@id\":\"https:\\\/\\\/www.laguiadepamplona.com\\\/actualidad\\\/la-vii-semana-del-producto-local-encara-sus-ultimas-jornadas\\\/#primaryimage\"},\"thumbnailUrl\":\"https:\\\/\\\/www.laguiadepamplona.com\\\/actualidad\\\/wp-content\\\/uploads\\\/2022\\\/10\\\/semana-producto-local.webp\",\"articleSection\":[\"Ayto Pamplona\"],\"inLanguage\":\"es\",\"potentialAction\":[{\"@type\":\"CommentAction\",\"name\":\"Comment\",\"target\":[\"https:\\\/\\\/www.laguiadepamplona.com\\\/actualidad\\\/la-vii-semana-del-producto-local-encara-sus-ultimas-jornadas\\\/#respond\"]}]},{\"@type\":\"WebPage\",\"@id\":\"https:\\\/\\\/www.laguiadepamplona.com\\\/actualidad\\\/la-vii-semana-del-producto-local-encara-sus-ultimas-jornadas\\\/\",\"url\":\"https:\\\/\\\/www.laguiadepamplona.com\\\/actualidad\\\/la-vii-semana-del-producto-local-encara-sus-ultimas-jornadas\\\/\",\"name\":\"La VII Semana del Producto Local encara sus \u00faltimas jornadas\",\"isPartOf\":{\"@id\":\"https:\\\/\\\/www.laguiadepamplona.com\\\/actualidad\\\/#website\"},\"primaryImageOfPage\":{\"@id\":\"https:\\\/\\\/www.laguiadepamplona.com\\\/actualidad\\\/la-vii-semana-del-producto-local-encara-sus-ultimas-jornadas\\\/#primaryimage\"},\"image\":{\"@id\":\"https:\\\/\\\/www.laguiadepamplona.com\\\/actualidad\\\/la-vii-semana-del-producto-local-encara-sus-ultimas-jornadas\\\/#primaryimage\"},\"thumbnailUrl\":\"https:\\\/\\\/www.laguiadepamplona.com\\\/actualidad\\\/wp-content\\\/uploads\\\/2022\\\/10\\\/semana-producto-local.webp\",\"datePublished\":\"2022-10-11T17:00:21+00:00\",\"dateModified\":\"2023-04-11T09:47:44+00:00\",\"description\":\"Ma\u00f1ana a mediod\u00eda cerrar\u00e1 la feria de exposici\u00f3n y venta de alimentos y esta tarde y durante todo el mi\u00e9rcoles habr\u00e1 actividades de entrada libre\",\"breadcrumb\":{\"@id\":\"https:\\\/\\\/www.laguiadepamplona.com\\\/actualidad\\\/la-vii-semana-del-producto-local-encara-sus-ultimas-jornadas\\\/#breadcrumb\"},\"inLanguage\":\"es\",\"potentialAction\":[{\"@type\":\"ReadAction\",\"target\":[\"https:\\\/\\\/www.laguiadepamplona.com\\\/actualidad\\\/la-vii-semana-del-producto-local-encara-sus-ultimas-jornadas\\\/\"]}]},{\"@type\":\"ImageObject\",\"inLanguage\":\"es\",\"@id\":\"https:\\\/\\\/www.laguiadepamplona.com\\\/actualidad\\\/la-vii-semana-del-producto-local-encara-sus-ultimas-jornadas\\\/#primaryimage\",\"url\":\"https:\\\/\\\/www.laguiadepamplona.com\\\/actualidad\\\/wp-content\\\/uploads\\\/2022\\\/10\\\/semana-producto-local.webp\",\"contentUrl\":\"https:\\\/\\\/www.laguiadepamplona.com\\\/actualidad\\\/wp-content\\\/uploads\\\/2022\\\/10\\\/semana-producto-local.webp\",\"width\":1920,\"height\":1280},{\"@type\":\"BreadcrumbList\",\"@id\":\"https:\\\/\\\/www.laguiadepamplona.com\\\/actualidad\\\/la-vii-semana-del-producto-local-encara-sus-ultimas-jornadas\\\/#breadcrumb\",\"itemListElement\":[{\"@type\":\"ListItem\",\"position\":1,\"name\":\"Portada\",\"item\":\"https:\\\/\\\/www.laguiadepamplona.com\\\/actualidad\\\/\"},{\"@type\":\"ListItem\",\"position\":2,\"name\":\"La VII Semana del Producto Local encara sus \u00faltimas jornadas\"}]},{\"@type\":\"WebSite\",\"@id\":\"https:\\\/\\\/www.laguiadepamplona.com\\\/actualidad\\\/#website\",\"url\":\"https:\\\/\\\/www.laguiadepamplona.com\\\/actualidad\\\/\",\"name\":\"La gu\u00eda de Pamplona\",\"description\":\"Noticias de Pamplona\",\"publisher\":{\"@id\":\"https:\\\/\\\/www.laguiadepamplona.com\\\/actualidad\\\/#organization\"},\"potentialAction\":[{\"@type\":\"SearchAction\",\"target\":{\"@type\":\"EntryPoint\",\"urlTemplate\":\"https:\\\/\\\/www.laguiadepamplona.com\\\/actualidad\\\/?s={search_term_string}\"},\"query-input\":{\"@type\":\"PropertyValueSpecification\",\"valueRequired\":true,\"valueName\":\"search_term_string\"}}],\"inLanguage\":\"es\"},{\"@type\":\"Organization\",\"@id\":\"https:\\\/\\\/www.laguiadepamplona.com\\\/actualidad\\\/#organization\",\"name\":\"La Gu\u00eda de Pamplona \\\/ Noticias\",\"url\":\"https:\\\/\\\/www.laguiadepamplona.com\\\/actualidad\\\/\",\"logo\":{\"@type\":\"ImageObject\",\"inLanguage\":\"es\",\"@id\":\"https:\\\/\\\/www.laguiadepamplona.com\\\/actualidad\\\/#\\\/schema\\\/logo\\\/image\\\/\",\"url\":\"https:\\\/\\\/www.laguiadepamplona.com\\\/actualidad\\\/wp-content\\\/uploads\\\/2018\\\/11\\\/logo-laguiadepamplona18-web1.png\",\"contentUrl\":\"https:\\\/\\\/www.laguiadepamplona.com\\\/actualidad\\\/wp-content\\\/uploads\\\/2018\\\/11\\\/logo-laguiadepamplona18-web1.png\",\"width\":600,\"height\":196,\"caption\":\"La Gu\u00eda de Pamplona \\\/ Noticias\"},\"image\":{\"@id\":\"https:\\\/\\\/www.laguiadepamplona.com\\\/actualidad\\\/#\\\/schema\\\/logo\\\/image\\\/\"},\"sameAs\":[\"https:\\\/\\\/www.facebook.com\\\/laguiadepamplonacom-133175176762273\\\/?ref=hl\",\"https:\\\/\\\/x.com\\\/LaGuiadPamplona\",\"https:\\\/\\\/www.instagram.com\\\/la_guia_de_pamplona\\\/\",\"https:\\\/\\\/www.youtube.com\\\/user\\\/laguiadepamplona\"]},{\"@type\":\"Person\",\"@id\":\"https:\\\/\\\/www.laguiadepamplona.com\\\/actualidad\\\/#\\\/schema\\\/person\\\/efe887376f0213d4657c93adc50b1fdb\",\"name\":\"La Gu\u00eda de Pamplona\",\"image\":{\"@type\":\"ImageObject\",\"inLanguage\":\"es\",\"@id\":\"https:\\\/\\\/secure.gravatar.com\\\/avatar\\\/b6992f131dc8d30ab0dff15446e9d346d9dbd95992de0fef795073f5ea83a81c?s=96&d=mm&r=g\",\"url\":\"https:\\\/\\\/secure.gravatar.com\\\/avatar\\\/b6992f131dc8d30ab0dff15446e9d346d9dbd95992de0fef795073f5ea83a81c?s=96&d=mm&r=g\",\"contentUrl\":\"https:\\\/\\\/secure.gravatar.com\\\/avatar\\\/b6992f131dc8d30ab0dff15446e9d346d9dbd95992de0fef795073f5ea83a81c?s=96&d=mm&r=g\",\"caption\":\"La Gu\u00eda de Pamplona\"}}]}<\/script>\n<!-- \/ Yoast SEO plugin. -->","yoast_head_json":{"title":"La VII Semana del Producto Local encara sus \u00faltimas jornadas","description":"Ma\u00f1ana a mediod\u00eda cerrar\u00e1 la feria de exposici\u00f3n y venta de alimentos y esta tarde y durante todo el mi\u00e9rcoles habr\u00e1 actividades de entrada libre","robots":{"index":"index","follow":"follow","max-snippet":"max-snippet:-1","max-image-preview":"max-image-preview:large","max-video-preview":"max-video-preview:-1"},"canonical":"https:\/\/www.laguiadepamplona.com\/actualidad\/la-vii-semana-del-producto-local-encara-sus-ultimas-jornadas\/","og_locale":"es_ES","og_type":"article","og_title":"La VII Semana del Producto Local encara sus \u00faltimas jornadas","og_description":"Ma\u00f1ana a mediod\u00eda cerrar\u00e1 la feria de exposici\u00f3n y venta de alimentos y esta tarde y durante todo el mi\u00e9rcoles habr\u00e1 actividades de entrada libre","og_url":"https:\/\/www.laguiadepamplona.com\/actualidad\/la-vii-semana-del-producto-local-encara-sus-ultimas-jornadas\/","og_site_name":"La Gu\u00eda de Pamplona","article_publisher":"https:\/\/www.facebook.com\/laguiadepamplonacom-133175176762273\/?ref=hl","article_published_time":"2022-10-11T17:00:21+00:00","article_modified_time":"2023-04-11T09:47:44+00:00","og_image":[{"width":1920,"height":1280,"url":"https:\/\/www.laguiadepamplona.com\/actualidad\/wp-content\/uploads\/2022\/10\/semana-producto-local.webp","type":"image\/webp"}],"author":"La Gu\u00eda de Pamplona","twitter_card":"summary_large_image","twitter_creator":"@LaGuiadPamplona","twitter_site":"@LaGuiadPamplona","twitter_misc":{"Escrito por":"La Gu\u00eda de Pamplona","Tiempo de lectura":"3 minutos"},"schema":{"@context":"https:\/\/schema.org","@graph":[{"@type":"Article","@id":"https:\/\/www.laguiadepamplona.com\/actualidad\/la-vii-semana-del-producto-local-encara-sus-ultimas-jornadas\/#article","isPartOf":{"@id":"https:\/\/www.laguiadepamplona.com\/actualidad\/la-vii-semana-del-producto-local-encara-sus-ultimas-jornadas\/"},"author":{"name":"La Gu\u00eda de Pamplona","@id":"https:\/\/www.laguiadepamplona.com\/actualidad\/#\/schema\/person\/efe887376f0213d4657c93adc50b1fdb"},"headline":"La VII Semana del Producto Local encara sus \u00faltimas jornadas","datePublished":"2022-10-11T17:00:21+00:00","dateModified":"2023-04-11T09:47:44+00:00","mainEntityOfPage":{"@id":"https:\/\/www.laguiadepamplona.com\/actualidad\/la-vii-semana-del-producto-local-encara-sus-ultimas-jornadas\/"},"wordCount":484,"commentCount":0,"publisher":{"@id":"https:\/\/www.laguiadepamplona.com\/actualidad\/#organization"},"image":{"@id":"https:\/\/www.laguiadepamplona.com\/actualidad\/la-vii-semana-del-producto-local-encara-sus-ultimas-jornadas\/#primaryimage"},"thumbnailUrl":"https:\/\/www.laguiadepamplona.com\/actualidad\/wp-content\/uploads\/2022\/10\/semana-producto-local.webp","articleSection":["Ayto Pamplona"],"inLanguage":"es","potentialAction":[{"@type":"CommentAction","name":"Comment","target":["https:\/\/www.laguiadepamplona.com\/actualidad\/la-vii-semana-del-producto-local-encara-sus-ultimas-jornadas\/#respond"]}]},{"@type":"WebPage","@id":"https:\/\/www.laguiadepamplona.com\/actualidad\/la-vii-semana-del-producto-local-encara-sus-ultimas-jornadas\/","url":"https:\/\/www.laguiadepamplona.com\/actualidad\/la-vii-semana-del-producto-local-encara-sus-ultimas-jornadas\/","name":"La VII Semana del Producto Local encara sus \u00faltimas jornadas","isPartOf":{"@id":"https:\/\/www.laguiadepamplona.com\/actualidad\/#website"},"primaryImageOfPage":{"@id":"https:\/\/www.laguiadepamplona.com\/actualidad\/la-vii-semana-del-producto-local-encara-sus-ultimas-jornadas\/#primaryimage"},"image":{"@id":"https:\/\/www.laguiadepamplona.com\/actualidad\/la-vii-semana-del-producto-local-encara-sus-ultimas-jornadas\/#primaryimage"},"thumbnailUrl":"https:\/\/www.laguiadepamplona.com\/actualidad\/wp-content\/uploads\/2022\/10\/semana-producto-local.webp","datePublished":"2022-10-11T17:00:21+00:00","dateModified":"2023-04-11T09:47:44+00:00","description":"Ma\u00f1ana a mediod\u00eda cerrar\u00e1 la feria de exposici\u00f3n y venta de alimentos y esta tarde y durante todo el mi\u00e9rcoles habr\u00e1 actividades de entrada libre","breadcrumb":{"@id":"https:\/\/www.laguiadepamplona.com\/actualidad\/la-vii-semana-del-producto-local-encara-sus-ultimas-jornadas\/#breadcrumb"},"inLanguage":"es","potentialAction":[{"@type":"ReadAction","target":["https:\/\/www.laguiadepamplona.com\/actualidad\/la-vii-semana-del-producto-local-encara-sus-ultimas-jornadas\/"]}]},{"@type":"ImageObject","inLanguage":"es","@id":"https:\/\/www.laguiadepamplona.com\/actualidad\/la-vii-semana-del-producto-local-encara-sus-ultimas-jornadas\/#primaryimage","url":"https:\/\/www.laguiadepamplona.com\/actualidad\/wp-content\/uploads\/2022\/10\/semana-producto-local.webp","contentUrl":"https:\/\/www.laguiadepamplona.com\/actualidad\/wp-content\/uploads\/2022\/10\/semana-producto-local.webp","width":1920,"height":1280},{"@type":"BreadcrumbList","@id":"https:\/\/www.laguiadepamplona.com\/actualidad\/la-vii-semana-del-producto-local-encara-sus-ultimas-jornadas\/#breadcrumb","itemListElement":[{"@type":"ListItem","position":1,"name":"Portada","item":"https:\/\/www.laguiadepamplona.com\/actualidad\/"},{"@type":"ListItem","position":2,"name":"La VII Semana del Producto Local encara sus \u00faltimas jornadas"}]},{"@type":"WebSite","@id":"https:\/\/www.laguiadepamplona.com\/actualidad\/#website","url":"https:\/\/www.laguiadepamplona.com\/actualidad\/","name":"La gu\u00eda de Pamplona","description":"Noticias de Pamplona","publisher":{"@id":"https:\/\/www.laguiadepamplona.com\/actualidad\/#organization"},"potentialAction":[{"@type":"SearchAction","target":{"@type":"EntryPoint","urlTemplate":"https:\/\/www.laguiadepamplona.com\/actualidad\/?s={search_term_string}"},"query-input":{"@type":"PropertyValueSpecification","valueRequired":true,"valueName":"search_term_string"}}],"inLanguage":"es"},{"@type":"Organization","@id":"https:\/\/www.laguiadepamplona.com\/actualidad\/#organization","name":"La Gu\u00eda de Pamplona \/ Noticias","url":"https:\/\/www.laguiadepamplona.com\/actualidad\/","logo":{"@type":"ImageObject","inLanguage":"es","@id":"https:\/\/www.laguiadepamplona.com\/actualidad\/#\/schema\/logo\/image\/","url":"https:\/\/www.laguiadepamplona.com\/actualidad\/wp-content\/uploads\/2018\/11\/logo-laguiadepamplona18-web1.png","contentUrl":"https:\/\/www.laguiadepamplona.com\/actualidad\/wp-content\/uploads\/2018\/11\/logo-laguiadepamplona18-web1.png","width":600,"height":196,"caption":"La Gu\u00eda de Pamplona \/ Noticias"},"image":{"@id":"https:\/\/www.laguiadepamplona.com\/actualidad\/#\/schema\/logo\/image\/"},"sameAs":["https:\/\/www.facebook.com\/laguiadepamplonacom-133175176762273\/?ref=hl","https:\/\/x.com\/LaGuiadPamplona","https:\/\/www.instagram.com\/la_guia_de_pamplona\/","https:\/\/www.youtube.com\/user\/laguiadepamplona"]},{"@type":"Person","@id":"https:\/\/www.laguiadepamplona.com\/actualidad\/#\/schema\/person\/efe887376f0213d4657c93adc50b1fdb","name":"La Gu\u00eda de Pamplona","image":{"@type":"ImageObject","inLanguage":"es","@id":"https:\/\/secure.gravatar.com\/avatar\/b6992f131dc8d30ab0dff15446e9d346d9dbd95992de0fef795073f5ea83a81c?s=96&d=mm&r=g","url":"https:\/\/secure.gravatar.com\/avatar\/b6992f131dc8d30ab0dff15446e9d346d9dbd95992de0fef795073f5ea83a81c?s=96&d=mm&r=g","contentUrl":"https:\/\/secure.gravatar.com\/avatar\/b6992f131dc8d30ab0dff15446e9d346d9dbd95992de0fef795073f5ea83a81c?s=96&d=mm&r=g","caption":"La Gu\u00eda de Pamplona"}}]}},"post_mailing_queue_ids":[],"_links":{"self":[{"href":"https:\/\/www.laguiadepamplona.com\/actualidad\/wp-json\/wp\/v2\/posts\/41866","targetHints":{"allow":["GET"]}}],"collection":[{"href":"https:\/\/www.laguiadepamplona.com\/actualidad\/wp-json\/wp\/v2\/posts"}],"about":[{"href":"https:\/\/www.laguiadepamplona.com\/actualidad\/wp-json\/wp\/v2\/types\/post"}],"author":[{"embeddable":true,"href":"https:\/\/www.laguiadepamplona.com\/actualidad\/wp-json\/wp\/v2\/users\/1"}],"replies":[{"embeddable":true,"href":"https:\/\/www.laguiadepamplona.com\/actualidad\/wp-json\/wp\/v2\/comments?post=41866"}],"version-history":[{"count":0,"href":"https:\/\/www.laguiadepamplona.com\/actualidad\/wp-json\/wp\/v2\/posts\/41866\/revisions"}],"wp:featuredmedia":[{"embeddable":true,"href":"https:\/\/www.laguiadepamplona.com\/actualidad\/wp-json\/wp\/v2\/media\/41828"}],"wp:attachment":[{"href":"https:\/\/www.laguiadepamplona.com\/actualidad\/wp-json\/wp\/v2\/media?parent=41866"}],"wp:term":[{"taxonomy":"category","embeddable":true,"href":"https:\/\/www.laguiadepamplona.com\/actualidad\/wp-json\/wp\/v2\/categories?post=41866"},{"taxonomy":"post_tag","embeddable":true,"href":"https:\/\/www.laguiadepamplona.com\/actualidad\/wp-json\/wp\/v2\/tags?post=41866"}],"curies":[{"name":"wp","href":"https:\/\/api.w.org\/{rel}","templated":true}]}}