{"id":41847,"date":"2022-10-10T13:17:03","date_gmt":"2022-10-10T11:17:03","guid":{"rendered":"https:\/\/www.laguiadepamplona.com\/actualidad\/?p=41847"},"modified":"2023-04-11T11:47:45","modified_gmt":"2023-04-11T09:47:45","slug":"el-ayuntamiento-de-pamplona-se-une-este-lunes-al-dia-mundial-para-la-salud-mental-iluminando-de-blanco-la-fachada-de-la-casa-consistorial","status":"publish","type":"post","link":"https:\/\/www.laguiadepamplona.com\/actualidad\/el-ayuntamiento-de-pamplona-se-une-este-lunes-al-dia-mundial-para-la-salud-mental-iluminando-de-blanco-la-fachada-de-la-casa-consistorial\/","title":{"rendered":"El Ayuntamiento de Pamplona se une este lunes al D\u00eda Mundial para la Salud Mental iluminando de blanco la fachada de la Casa Consistorial"},"content":{"rendered":"<p><!--more--><\/p>\n<p>Este lunes se celebra el D\u00eda Mundial para la Salud Mental. El Ayuntamiento de Pamplona se suma a la efem\u00e9ride e iluminar\u00e1 la fachada de la Casa Consistorial de color blanco este 10 de octubre. La solicitud le ha llegado al Ayuntamiento desde la asociaci\u00f3n ANASAPS. El D\u00eda Mundial de la Salud Mental es una iniciativa de la Federaci\u00f3n Mundial de la Salud Mental (WFMH) y se celebra en m\u00e1s de cien pa\u00edses.<br \/>\n<script async src=\"\/\/pagead2.googlesyndication.com\/pagead\/js\/adsbygoogle.js\"><\/script><br \/>\n<!-- Noticias La Guia de Pamplona --><br \/>\n<ins class=\"adsbygoogle\"\nstyle=\"display:block\"\ndata-ad-client=\"ca-pub-6943679897239327\"\ndata-ad-slot=\"7048180777\"\ndata-ad-format=\"auto\"><\/ins><br \/>\n<script>\n(adsbygoogle = window.adsbygoogle || []).push({});\n<\/script><\/p>\n<p>La campa\u00f1a pretende\u00a0este a\u00f1o <strong>conectar con la poblaci\u00f3n m\u00e1s joven<\/strong>. Con <strong>\u2018Dale like a la salud mental. Por el derecho a crecer en bienestar\u2019<\/strong>, se introduce una de las tem\u00e1ticas clave, los\u00a0altos niveles de uso de las redes sociales\u00a0y su correlaci\u00f3n con la aparici\u00f3n de depresi\u00f3n, ansiedad, estr\u00e9s, adicci\u00f3n a internet, etc. En este d\u00eda se reivindica un incremento de los recursos destinados a la juventud y la infancia que abarquen la prevenci\u00f3n y promoci\u00f3n de la salud mental, la detecci\u00f3n, el diagn\u00f3stico, el tratamiento y la continuidad de cuidados de los trastornos mentales.<\/p>\n<p>Seg\u00fan la Organizaci\u00f3n Mundial de la Salud (OMS), en el mundo, una de cada siete personas j\u00f3venes de 10 a 19 a\u00f1os padece alg\u00fan trastorno mental. El objetivo del lema y de las acciones que se realizan este a\u00f1o es\u00a0<strong>interpelar e involucrar en el cuidado y la protecci\u00f3n de la salud mental desde la primera infancia,<\/strong> para que presten atenci\u00f3n a la salud mental\u00a0<strong>y le otorguen la importancia que tiene<\/strong>\u00a0en la vida de las personas, pr\u00e1cticamente desde que nacen.<br \/>\n<script async src=\"\/\/pagead2.googlesyndication.com\/pagead\/js\/adsbygoogle.js\"><\/script><br \/>\n<!-- Noticias La Guia de Pamplona --><br \/>\n<ins class=\"adsbygoogle\"\nstyle=\"display:block\"\ndata-ad-client=\"ca-pub-6943679897239327\"\ndata-ad-slot=\"7048180777\"\ndata-ad-format=\"auto\"><\/ins><br \/>\n<script>\n(adsbygoogle = window.adsbygoogle || []).push({});\n<\/script><\/p>\n<p>Seg\u00fan un informe de UNICEF, se calcula que\u00a0<strong>m\u00e1s del 13% de las personas adolescentes de 10 a 19 a\u00f1os padecen un trastorno mental<\/strong>. Tambi\u00e9n seg\u00fan este informe,\u00a0<strong>la ansiedad y la depresi\u00f3n representan alrededor del 40% de estos problemas de salud mental<\/strong>. A ello hay que sumar el malestar psicosocial de ni\u00f1as, ni\u00f1os y j\u00f3venes que no alcanza el nivel de trastorno mental, pero que perturba su vida, su salud y sus expectativas de futuro.<\/p>\n","protected":false},"excerpt":{"rendered":"","protected":false},"author":1,"featured_media":34649,"comment_status":"open","ping_status":"closed","sticky":false,"template":"","format":"standard","meta":{"footnotes":""},"categories":[2],"tags":[],"class_list":["post-41847","post","type-post","status-publish","format-standard","has-post-thumbnail","hentry","category-ayuntamiento-pamplona"],"yoast_head":"<!-- This site is optimized with the Yoast SEO plugin v27.5 - https:\/\/yoast.com\/product\/yoast-seo-wordpress\/ -->\n<title>El Ayuntamiento de Pamplona se une este lunes al D\u00eda Mundial para la Salud Mental iluminando de blanco la fachada de la Casa Consistorial<\/title>\n<meta name=\"description\" content=\"La campa\u00f1a pretende\u00a0este a\u00f1o conectar con la poblaci\u00f3n m\u00e1s joven. Con \u2018Dale like a la salud mental. Por el derecho a crecer en bienestar\u2019\" \/>\n<meta name=\"robots\" content=\"index, follow, max-snippet:-1, max-image-preview:large, max-video-preview:-1\" \/>\n<link rel=\"canonical\" href=\"https:\/\/www.laguiadepamplona.com\/actualidad\/el-ayuntamiento-de-pamplona-se-une-este-lunes-al-dia-mundial-para-la-salud-mental-iluminando-de-blanco-la-fachada-de-la-casa-consistorial\/\" \/>\n<meta property=\"og:locale\" content=\"es_ES\" \/>\n<meta property=\"og:type\" content=\"article\" \/>\n<meta property=\"og:title\" content=\"El Ayuntamiento de Pamplona se une este lunes al D\u00eda Mundial para la Salud Mental iluminando de blanco la fachada de la Casa Consistorial\" \/>\n<meta property=\"og:description\" content=\"La campa\u00f1a pretende\u00a0este a\u00f1o conectar con la poblaci\u00f3n m\u00e1s joven. Con \u2018Dale like a la salud mental. Por el derecho a crecer en bienestar\u2019\" \/>\n<meta property=\"og:url\" content=\"https:\/\/www.laguiadepamplona.com\/actualidad\/el-ayuntamiento-de-pamplona-se-une-este-lunes-al-dia-mundial-para-la-salud-mental-iluminando-de-blanco-la-fachada-de-la-casa-consistorial\/\" \/>\n<meta property=\"og:site_name\" content=\"La Gu\u00eda de Pamplona\" \/>\n<meta property=\"article:publisher\" content=\"https:\/\/www.facebook.com\/laguiadepamplonacom-133175176762273\/?ref=hl\" \/>\n<meta property=\"article:published_time\" content=\"2022-10-10T11:17:03+00:00\" \/>\n<meta property=\"article:modified_time\" content=\"2023-04-11T09:47:45+00:00\" \/>\n<meta property=\"og:image\" content=\"https:\/\/www.laguiadepamplona.com\/actualidad\/wp-content\/uploads\/2021\/05\/Ayuntamiento_iluminacion_amarillo_nocturna.jpg\" \/>\n\t<meta property=\"og:image:width\" content=\"1529\" \/>\n\t<meta property=\"og:image:height\" content=\"1019\" \/>\n\t<meta property=\"og:image:type\" content=\"image\/jpeg\" \/>\n<meta name=\"author\" content=\"La Gu\u00eda de Pamplona\" \/>\n<meta name=\"twitter:card\" content=\"summary_large_image\" \/>\n<meta name=\"twitter:creator\" content=\"@LaGuiadPamplona\" \/>\n<meta name=\"twitter:site\" content=\"@LaGuiadPamplona\" \/>\n<meta name=\"twitter:label1\" content=\"Escrito por\" \/>\n\t<meta name=\"twitter:data1\" content=\"La Gu\u00eda de Pamplona\" \/>\n\t<meta name=\"twitter:label2\" content=\"Tiempo de lectura\" \/>\n\t<meta name=\"twitter:data2\" content=\"2 minutos\" \/>\n<script type=\"application\/ld+json\" class=\"yoast-schema-graph\">{\"@context\":\"https:\\\/\\\/schema.org\",\"@graph\":[{\"@type\":\"Article\",\"@id\":\"https:\\\/\\\/www.laguiadepamplona.com\\\/actualidad\\\/el-ayuntamiento-de-pamplona-se-une-este-lunes-al-dia-mundial-para-la-salud-mental-iluminando-de-blanco-la-fachada-de-la-casa-consistorial\\\/#article\",\"isPartOf\":{\"@id\":\"https:\\\/\\\/www.laguiadepamplona.com\\\/actualidad\\\/el-ayuntamiento-de-pamplona-se-une-este-lunes-al-dia-mundial-para-la-salud-mental-iluminando-de-blanco-la-fachada-de-la-casa-consistorial\\\/\"},\"author\":{\"name\":\"La Gu\u00eda de Pamplona\",\"@id\":\"https:\\\/\\\/www.laguiadepamplona.com\\\/actualidad\\\/#\\\/schema\\\/person\\\/efe887376f0213d4657c93adc50b1fdb\"},\"headline\":\"El Ayuntamiento de Pamplona se une este lunes al D\u00eda Mundial para la Salud Mental iluminando de blanco la fachada de la Casa Consistorial\",\"datePublished\":\"2022-10-10T11:17:03+00:00\",\"dateModified\":\"2023-04-11T09:47:45+00:00\",\"mainEntityOfPage\":{\"@id\":\"https:\\\/\\\/www.laguiadepamplona.com\\\/actualidad\\\/el-ayuntamiento-de-pamplona-se-une-este-lunes-al-dia-mundial-para-la-salud-mental-iluminando-de-blanco-la-fachada-de-la-casa-consistorial\\\/\"},\"wordCount\":386,\"commentCount\":0,\"publisher\":{\"@id\":\"https:\\\/\\\/www.laguiadepamplona.com\\\/actualidad\\\/#organization\"},\"image\":{\"@id\":\"https:\\\/\\\/www.laguiadepamplona.com\\\/actualidad\\\/el-ayuntamiento-de-pamplona-se-une-este-lunes-al-dia-mundial-para-la-salud-mental-iluminando-de-blanco-la-fachada-de-la-casa-consistorial\\\/#primaryimage\"},\"thumbnailUrl\":\"https:\\\/\\\/www.laguiadepamplona.com\\\/actualidad\\\/wp-content\\\/uploads\\\/2021\\\/05\\\/Ayuntamiento_iluminacion_amarillo_nocturna.jpg\",\"articleSection\":[\"Ayto Pamplona\"],\"inLanguage\":\"es\",\"potentialAction\":[{\"@type\":\"CommentAction\",\"name\":\"Comment\",\"target\":[\"https:\\\/\\\/www.laguiadepamplona.com\\\/actualidad\\\/el-ayuntamiento-de-pamplona-se-une-este-lunes-al-dia-mundial-para-la-salud-mental-iluminando-de-blanco-la-fachada-de-la-casa-consistorial\\\/#respond\"]}]},{\"@type\":\"WebPage\",\"@id\":\"https:\\\/\\\/www.laguiadepamplona.com\\\/actualidad\\\/el-ayuntamiento-de-pamplona-se-une-este-lunes-al-dia-mundial-para-la-salud-mental-iluminando-de-blanco-la-fachada-de-la-casa-consistorial\\\/\",\"url\":\"https:\\\/\\\/www.laguiadepamplona.com\\\/actualidad\\\/el-ayuntamiento-de-pamplona-se-une-este-lunes-al-dia-mundial-para-la-salud-mental-iluminando-de-blanco-la-fachada-de-la-casa-consistorial\\\/\",\"name\":\"El Ayuntamiento de Pamplona se une este lunes al D\u00eda Mundial para la Salud Mental iluminando de blanco la fachada de la Casa Consistorial\",\"isPartOf\":{\"@id\":\"https:\\\/\\\/www.laguiadepamplona.com\\\/actualidad\\\/#website\"},\"primaryImageOfPage\":{\"@id\":\"https:\\\/\\\/www.laguiadepamplona.com\\\/actualidad\\\/el-ayuntamiento-de-pamplona-se-une-este-lunes-al-dia-mundial-para-la-salud-mental-iluminando-de-blanco-la-fachada-de-la-casa-consistorial\\\/#primaryimage\"},\"image\":{\"@id\":\"https:\\\/\\\/www.laguiadepamplona.com\\\/actualidad\\\/el-ayuntamiento-de-pamplona-se-une-este-lunes-al-dia-mundial-para-la-salud-mental-iluminando-de-blanco-la-fachada-de-la-casa-consistorial\\\/#primaryimage\"},\"thumbnailUrl\":\"https:\\\/\\\/www.laguiadepamplona.com\\\/actualidad\\\/wp-content\\\/uploads\\\/2021\\\/05\\\/Ayuntamiento_iluminacion_amarillo_nocturna.jpg\",\"datePublished\":\"2022-10-10T11:17:03+00:00\",\"dateModified\":\"2023-04-11T09:47:45+00:00\",\"description\":\"La campa\u00f1a pretende\u00a0este a\u00f1o conectar con la poblaci\u00f3n m\u00e1s joven. Con \u2018Dale like a la salud mental. Por el derecho a crecer en bienestar\u2019\",\"breadcrumb\":{\"@id\":\"https:\\\/\\\/www.laguiadepamplona.com\\\/actualidad\\\/el-ayuntamiento-de-pamplona-se-une-este-lunes-al-dia-mundial-para-la-salud-mental-iluminando-de-blanco-la-fachada-de-la-casa-consistorial\\\/#breadcrumb\"},\"inLanguage\":\"es\",\"potentialAction\":[{\"@type\":\"ReadAction\",\"target\":[\"https:\\\/\\\/www.laguiadepamplona.com\\\/actualidad\\\/el-ayuntamiento-de-pamplona-se-une-este-lunes-al-dia-mundial-para-la-salud-mental-iluminando-de-blanco-la-fachada-de-la-casa-consistorial\\\/\"]}]},{\"@type\":\"ImageObject\",\"inLanguage\":\"es\",\"@id\":\"https:\\\/\\\/www.laguiadepamplona.com\\\/actualidad\\\/el-ayuntamiento-de-pamplona-se-une-este-lunes-al-dia-mundial-para-la-salud-mental-iluminando-de-blanco-la-fachada-de-la-casa-consistorial\\\/#primaryimage\",\"url\":\"https:\\\/\\\/www.laguiadepamplona.com\\\/actualidad\\\/wp-content\\\/uploads\\\/2021\\\/05\\\/Ayuntamiento_iluminacion_amarillo_nocturna.jpg\",\"contentUrl\":\"https:\\\/\\\/www.laguiadepamplona.com\\\/actualidad\\\/wp-content\\\/uploads\\\/2021\\\/05\\\/Ayuntamiento_iluminacion_amarillo_nocturna.jpg\",\"width\":1529,\"height\":1019},{\"@type\":\"BreadcrumbList\",\"@id\":\"https:\\\/\\\/www.laguiadepamplona.com\\\/actualidad\\\/el-ayuntamiento-de-pamplona-se-une-este-lunes-al-dia-mundial-para-la-salud-mental-iluminando-de-blanco-la-fachada-de-la-casa-consistorial\\\/#breadcrumb\",\"itemListElement\":[{\"@type\":\"ListItem\",\"position\":1,\"name\":\"Portada\",\"item\":\"https:\\\/\\\/www.laguiadepamplona.com\\\/actualidad\\\/\"},{\"@type\":\"ListItem\",\"position\":2,\"name\":\"El Ayuntamiento de Pamplona se une este lunes al D\u00eda Mundial para la Salud Mental iluminando de blanco la fachada de la Casa Consistorial\"}]},{\"@type\":\"WebSite\",\"@id\":\"https:\\\/\\\/www.laguiadepamplona.com\\\/actualidad\\\/#website\",\"url\":\"https:\\\/\\\/www.laguiadepamplona.com\\\/actualidad\\\/\",\"name\":\"La gu\u00eda de Pamplona\",\"description\":\"Noticias de Pamplona\",\"publisher\":{\"@id\":\"https:\\\/\\\/www.laguiadepamplona.com\\\/actualidad\\\/#organization\"},\"potentialAction\":[{\"@type\":\"SearchAction\",\"target\":{\"@type\":\"EntryPoint\",\"urlTemplate\":\"https:\\\/\\\/www.laguiadepamplona.com\\\/actualidad\\\/?s={search_term_string}\"},\"query-input\":{\"@type\":\"PropertyValueSpecification\",\"valueRequired\":true,\"valueName\":\"search_term_string\"}}],\"inLanguage\":\"es\"},{\"@type\":\"Organization\",\"@id\":\"https:\\\/\\\/www.laguiadepamplona.com\\\/actualidad\\\/#organization\",\"name\":\"La Gu\u00eda de Pamplona \\\/ Noticias\",\"url\":\"https:\\\/\\\/www.laguiadepamplona.com\\\/actualidad\\\/\",\"logo\":{\"@type\":\"ImageObject\",\"inLanguage\":\"es\",\"@id\":\"https:\\\/\\\/www.laguiadepamplona.com\\\/actualidad\\\/#\\\/schema\\\/logo\\\/image\\\/\",\"url\":\"https:\\\/\\\/www.laguiadepamplona.com\\\/actualidad\\\/wp-content\\\/uploads\\\/2018\\\/11\\\/logo-laguiadepamplona18-web1.png\",\"contentUrl\":\"https:\\\/\\\/www.laguiadepamplona.com\\\/actualidad\\\/wp-content\\\/uploads\\\/2018\\\/11\\\/logo-laguiadepamplona18-web1.png\",\"width\":600,\"height\":196,\"caption\":\"La Gu\u00eda de Pamplona \\\/ Noticias\"},\"image\":{\"@id\":\"https:\\\/\\\/www.laguiadepamplona.com\\\/actualidad\\\/#\\\/schema\\\/logo\\\/image\\\/\"},\"sameAs\":[\"https:\\\/\\\/www.facebook.com\\\/laguiadepamplonacom-133175176762273\\\/?ref=hl\",\"https:\\\/\\\/x.com\\\/LaGuiadPamplona\",\"https:\\\/\\\/www.instagram.com\\\/la_guia_de_pamplona\\\/\",\"https:\\\/\\\/www.youtube.com\\\/user\\\/laguiadepamplona\"]},{\"@type\":\"Person\",\"@id\":\"https:\\\/\\\/www.laguiadepamplona.com\\\/actualidad\\\/#\\\/schema\\\/person\\\/efe887376f0213d4657c93adc50b1fdb\",\"name\":\"La Gu\u00eda de Pamplona\",\"image\":{\"@type\":\"ImageObject\",\"inLanguage\":\"es\",\"@id\":\"https:\\\/\\\/secure.gravatar.com\\\/avatar\\\/b6992f131dc8d30ab0dff15446e9d346d9dbd95992de0fef795073f5ea83a81c?s=96&d=mm&r=g\",\"url\":\"https:\\\/\\\/secure.gravatar.com\\\/avatar\\\/b6992f131dc8d30ab0dff15446e9d346d9dbd95992de0fef795073f5ea83a81c?s=96&d=mm&r=g\",\"contentUrl\":\"https:\\\/\\\/secure.gravatar.com\\\/avatar\\\/b6992f131dc8d30ab0dff15446e9d346d9dbd95992de0fef795073f5ea83a81c?s=96&d=mm&r=g\",\"caption\":\"La Gu\u00eda de Pamplona\"}}]}<\/script>\n<!-- \/ Yoast SEO plugin. -->","yoast_head_json":{"title":"El Ayuntamiento de Pamplona se une este lunes al D\u00eda Mundial para la Salud Mental iluminando de blanco la fachada de la Casa Consistorial","description":"La campa\u00f1a pretende\u00a0este a\u00f1o conectar con la poblaci\u00f3n m\u00e1s joven. Con \u2018Dale like a la salud mental. Por el derecho a crecer en bienestar\u2019","robots":{"index":"index","follow":"follow","max-snippet":"max-snippet:-1","max-image-preview":"max-image-preview:large","max-video-preview":"max-video-preview:-1"},"canonical":"https:\/\/www.laguiadepamplona.com\/actualidad\/el-ayuntamiento-de-pamplona-se-une-este-lunes-al-dia-mundial-para-la-salud-mental-iluminando-de-blanco-la-fachada-de-la-casa-consistorial\/","og_locale":"es_ES","og_type":"article","og_title":"El Ayuntamiento de Pamplona se une este lunes al D\u00eda Mundial para la Salud Mental iluminando de blanco la fachada de la Casa Consistorial","og_description":"La campa\u00f1a pretende\u00a0este a\u00f1o conectar con la poblaci\u00f3n m\u00e1s joven. Con \u2018Dale like a la salud mental. Por el derecho a crecer en bienestar\u2019","og_url":"https:\/\/www.laguiadepamplona.com\/actualidad\/el-ayuntamiento-de-pamplona-se-une-este-lunes-al-dia-mundial-para-la-salud-mental-iluminando-de-blanco-la-fachada-de-la-casa-consistorial\/","og_site_name":"La Gu\u00eda de Pamplona","article_publisher":"https:\/\/www.facebook.com\/laguiadepamplonacom-133175176762273\/?ref=hl","article_published_time":"2022-10-10T11:17:03+00:00","article_modified_time":"2023-04-11T09:47:45+00:00","og_image":[{"width":1529,"height":1019,"url":"https:\/\/www.laguiadepamplona.com\/actualidad\/wp-content\/uploads\/2021\/05\/Ayuntamiento_iluminacion_amarillo_nocturna.jpg","type":"image\/jpeg"}],"author":"La Gu\u00eda de Pamplona","twitter_card":"summary_large_image","twitter_creator":"@LaGuiadPamplona","twitter_site":"@LaGuiadPamplona","twitter_misc":{"Escrito por":"La Gu\u00eda de Pamplona","Tiempo de lectura":"2 minutos"},"schema":{"@context":"https:\/\/schema.org","@graph":[{"@type":"Article","@id":"https:\/\/www.laguiadepamplona.com\/actualidad\/el-ayuntamiento-de-pamplona-se-une-este-lunes-al-dia-mundial-para-la-salud-mental-iluminando-de-blanco-la-fachada-de-la-casa-consistorial\/#article","isPartOf":{"@id":"https:\/\/www.laguiadepamplona.com\/actualidad\/el-ayuntamiento-de-pamplona-se-une-este-lunes-al-dia-mundial-para-la-salud-mental-iluminando-de-blanco-la-fachada-de-la-casa-consistorial\/"},"author":{"name":"La Gu\u00eda de Pamplona","@id":"https:\/\/www.laguiadepamplona.com\/actualidad\/#\/schema\/person\/efe887376f0213d4657c93adc50b1fdb"},"headline":"El Ayuntamiento de Pamplona se une este lunes al D\u00eda Mundial para la Salud Mental iluminando de blanco la fachada de la Casa Consistorial","datePublished":"2022-10-10T11:17:03+00:00","dateModified":"2023-04-11T09:47:45+00:00","mainEntityOfPage":{"@id":"https:\/\/www.laguiadepamplona.com\/actualidad\/el-ayuntamiento-de-pamplona-se-une-este-lunes-al-dia-mundial-para-la-salud-mental-iluminando-de-blanco-la-fachada-de-la-casa-consistorial\/"},"wordCount":386,"commentCount":0,"publisher":{"@id":"https:\/\/www.laguiadepamplona.com\/actualidad\/#organization"},"image":{"@id":"https:\/\/www.laguiadepamplona.com\/actualidad\/el-ayuntamiento-de-pamplona-se-une-este-lunes-al-dia-mundial-para-la-salud-mental-iluminando-de-blanco-la-fachada-de-la-casa-consistorial\/#primaryimage"},"thumbnailUrl":"https:\/\/www.laguiadepamplona.com\/actualidad\/wp-content\/uploads\/2021\/05\/Ayuntamiento_iluminacion_amarillo_nocturna.jpg","articleSection":["Ayto Pamplona"],"inLanguage":"es","potentialAction":[{"@type":"CommentAction","name":"Comment","target":["https:\/\/www.laguiadepamplona.com\/actualidad\/el-ayuntamiento-de-pamplona-se-une-este-lunes-al-dia-mundial-para-la-salud-mental-iluminando-de-blanco-la-fachada-de-la-casa-consistorial\/#respond"]}]},{"@type":"WebPage","@id":"https:\/\/www.laguiadepamplona.com\/actualidad\/el-ayuntamiento-de-pamplona-se-une-este-lunes-al-dia-mundial-para-la-salud-mental-iluminando-de-blanco-la-fachada-de-la-casa-consistorial\/","url":"https:\/\/www.laguiadepamplona.com\/actualidad\/el-ayuntamiento-de-pamplona-se-une-este-lunes-al-dia-mundial-para-la-salud-mental-iluminando-de-blanco-la-fachada-de-la-casa-consistorial\/","name":"El Ayuntamiento de Pamplona se une este lunes al D\u00eda Mundial para la Salud Mental iluminando de blanco la fachada de la Casa Consistorial","isPartOf":{"@id":"https:\/\/www.laguiadepamplona.com\/actualidad\/#website"},"primaryImageOfPage":{"@id":"https:\/\/www.laguiadepamplona.com\/actualidad\/el-ayuntamiento-de-pamplona-se-une-este-lunes-al-dia-mundial-para-la-salud-mental-iluminando-de-blanco-la-fachada-de-la-casa-consistorial\/#primaryimage"},"image":{"@id":"https:\/\/www.laguiadepamplona.com\/actualidad\/el-ayuntamiento-de-pamplona-se-une-este-lunes-al-dia-mundial-para-la-salud-mental-iluminando-de-blanco-la-fachada-de-la-casa-consistorial\/#primaryimage"},"thumbnailUrl":"https:\/\/www.laguiadepamplona.com\/actualidad\/wp-content\/uploads\/2021\/05\/Ayuntamiento_iluminacion_amarillo_nocturna.jpg","datePublished":"2022-10-10T11:17:03+00:00","dateModified":"2023-04-11T09:47:45+00:00","description":"La campa\u00f1a pretende\u00a0este a\u00f1o conectar con la poblaci\u00f3n m\u00e1s joven. Con \u2018Dale like a la salud mental. Por el derecho a crecer en bienestar\u2019","breadcrumb":{"@id":"https:\/\/www.laguiadepamplona.com\/actualidad\/el-ayuntamiento-de-pamplona-se-une-este-lunes-al-dia-mundial-para-la-salud-mental-iluminando-de-blanco-la-fachada-de-la-casa-consistorial\/#breadcrumb"},"inLanguage":"es","potentialAction":[{"@type":"ReadAction","target":["https:\/\/www.laguiadepamplona.com\/actualidad\/el-ayuntamiento-de-pamplona-se-une-este-lunes-al-dia-mundial-para-la-salud-mental-iluminando-de-blanco-la-fachada-de-la-casa-consistorial\/"]}]},{"@type":"ImageObject","inLanguage":"es","@id":"https:\/\/www.laguiadepamplona.com\/actualidad\/el-ayuntamiento-de-pamplona-se-une-este-lunes-al-dia-mundial-para-la-salud-mental-iluminando-de-blanco-la-fachada-de-la-casa-consistorial\/#primaryimage","url":"https:\/\/www.laguiadepamplona.com\/actualidad\/wp-content\/uploads\/2021\/05\/Ayuntamiento_iluminacion_amarillo_nocturna.jpg","contentUrl":"https:\/\/www.laguiadepamplona.com\/actualidad\/wp-content\/uploads\/2021\/05\/Ayuntamiento_iluminacion_amarillo_nocturna.jpg","width":1529,"height":1019},{"@type":"BreadcrumbList","@id":"https:\/\/www.laguiadepamplona.com\/actualidad\/el-ayuntamiento-de-pamplona-se-une-este-lunes-al-dia-mundial-para-la-salud-mental-iluminando-de-blanco-la-fachada-de-la-casa-consistorial\/#breadcrumb","itemListElement":[{"@type":"ListItem","position":1,"name":"Portada","item":"https:\/\/www.laguiadepamplona.com\/actualidad\/"},{"@type":"ListItem","position":2,"name":"El Ayuntamiento de Pamplona se une este lunes al D\u00eda Mundial para la Salud Mental iluminando de blanco la fachada de la Casa Consistorial"}]},{"@type":"WebSite","@id":"https:\/\/www.laguiadepamplona.com\/actualidad\/#website","url":"https:\/\/www.laguiadepamplona.com\/actualidad\/","name":"La gu\u00eda de Pamplona","description":"Noticias de Pamplona","publisher":{"@id":"https:\/\/www.laguiadepamplona.com\/actualidad\/#organization"},"potentialAction":[{"@type":"SearchAction","target":{"@type":"EntryPoint","urlTemplate":"https:\/\/www.laguiadepamplona.com\/actualidad\/?s={search_term_string}"},"query-input":{"@type":"PropertyValueSpecification","valueRequired":true,"valueName":"search_term_string"}}],"inLanguage":"es"},{"@type":"Organization","@id":"https:\/\/www.laguiadepamplona.com\/actualidad\/#organization","name":"La Gu\u00eda de Pamplona \/ Noticias","url":"https:\/\/www.laguiadepamplona.com\/actualidad\/","logo":{"@type":"ImageObject","inLanguage":"es","@id":"https:\/\/www.laguiadepamplona.com\/actualidad\/#\/schema\/logo\/image\/","url":"https:\/\/www.laguiadepamplona.com\/actualidad\/wp-content\/uploads\/2018\/11\/logo-laguiadepamplona18-web1.png","contentUrl":"https:\/\/www.laguiadepamplona.com\/actualidad\/wp-content\/uploads\/2018\/11\/logo-laguiadepamplona18-web1.png","width":600,"height":196,"caption":"La Gu\u00eda de Pamplona \/ Noticias"},"image":{"@id":"https:\/\/www.laguiadepamplona.com\/actualidad\/#\/schema\/logo\/image\/"},"sameAs":["https:\/\/www.facebook.com\/laguiadepamplonacom-133175176762273\/?ref=hl","https:\/\/x.com\/LaGuiadPamplona","https:\/\/www.instagram.com\/la_guia_de_pamplona\/","https:\/\/www.youtube.com\/user\/laguiadepamplona"]},{"@type":"Person","@id":"https:\/\/www.laguiadepamplona.com\/actualidad\/#\/schema\/person\/efe887376f0213d4657c93adc50b1fdb","name":"La Gu\u00eda de Pamplona","image":{"@type":"ImageObject","inLanguage":"es","@id":"https:\/\/secure.gravatar.com\/avatar\/b6992f131dc8d30ab0dff15446e9d346d9dbd95992de0fef795073f5ea83a81c?s=96&d=mm&r=g","url":"https:\/\/secure.gravatar.com\/avatar\/b6992f131dc8d30ab0dff15446e9d346d9dbd95992de0fef795073f5ea83a81c?s=96&d=mm&r=g","contentUrl":"https:\/\/secure.gravatar.com\/avatar\/b6992f131dc8d30ab0dff15446e9d346d9dbd95992de0fef795073f5ea83a81c?s=96&d=mm&r=g","caption":"La Gu\u00eda de Pamplona"}}]}},"post_mailing_queue_ids":[],"_links":{"self":[{"href":"https:\/\/www.laguiadepamplona.com\/actualidad\/wp-json\/wp\/v2\/posts\/41847","targetHints":{"allow":["GET"]}}],"collection":[{"href":"https:\/\/www.laguiadepamplona.com\/actualidad\/wp-json\/wp\/v2\/posts"}],"about":[{"href":"https:\/\/www.laguiadepamplona.com\/actualidad\/wp-json\/wp\/v2\/types\/post"}],"author":[{"embeddable":true,"href":"https:\/\/www.laguiadepamplona.com\/actualidad\/wp-json\/wp\/v2\/users\/1"}],"replies":[{"embeddable":true,"href":"https:\/\/www.laguiadepamplona.com\/actualidad\/wp-json\/wp\/v2\/comments?post=41847"}],"version-history":[{"count":0,"href":"https:\/\/www.laguiadepamplona.com\/actualidad\/wp-json\/wp\/v2\/posts\/41847\/revisions"}],"wp:featuredmedia":[{"embeddable":true,"href":"https:\/\/www.laguiadepamplona.com\/actualidad\/wp-json\/wp\/v2\/media\/34649"}],"wp:attachment":[{"href":"https:\/\/www.laguiadepamplona.com\/actualidad\/wp-json\/wp\/v2\/media?parent=41847"}],"wp:term":[{"taxonomy":"category","embeddable":true,"href":"https:\/\/www.laguiadepamplona.com\/actualidad\/wp-json\/wp\/v2\/categories?post=41847"},{"taxonomy":"post_tag","embeddable":true,"href":"https:\/\/www.laguiadepamplona.com\/actualidad\/wp-json\/wp\/v2\/tags?post=41847"}],"curies":[{"name":"wp","href":"https:\/\/api.w.org\/{rel}","templated":true}]}}