{"id":41833,"date":"2022-10-07T12:12:39","date_gmt":"2022-10-07T10:12:39","guid":{"rendered":"https:\/\/www.laguiadepamplona.com\/actualidad\/?p=41833"},"modified":"2023-04-11T11:47:45","modified_gmt":"2023-04-11T09:47:45","slug":"los-colegios-publicos-mendigoiti-y-el-lago-en-mendillorri-estrenan-este-curso-cubierta-en-su-pista-polideportiva-central","status":"publish","type":"post","link":"https:\/\/www.laguiadepamplona.com\/actualidad\/los-colegios-publicos-mendigoiti-y-el-lago-en-mendillorri-estrenan-este-curso-cubierta-en-su-pista-polideportiva-central\/","title":{"rendered":"Los colegios p\u00fablicos Mendigoiti y El Lago en Mendillorri estrenan este curso cubierta en su pista polideportiva central"},"content":{"rendered":"<h5>El Ayuntamiento de Pamplona da por terminada una intervenci\u00f3n que finaliza antes del plazo previsto<\/h5>\n<p><!--more--><\/p>\n<p>El Ayuntamiento de Pamplona ha terminado las obras de renovaci\u00f3n de la cubierta de una de las pistas polideportivas que comparten en su patio los centros escolares p\u00fablicos Mendigoiti y el Lago en el barrio de Mendillorri. Esta intervenci\u00f3n, que fue adjudicada por un importe de 298.506 euros, acaba antes del plazo previsto en el contrato, el 7 de noviembre.<br \/>\n<script async src=\"\/\/pagead2.googlesyndication.com\/pagead\/js\/adsbygoogle.js\"><\/script><br \/>\n<!-- Noticias La Guia de Pamplona --><br \/>\n<ins class=\"adsbygoogle\"\nstyle=\"display:block\"\ndata-ad-client=\"ca-pub-6943679897239327\"\ndata-ad-slot=\"7048180777\"\ndata-ad-format=\"auto\"><\/ins><br \/>\n<script>\n(adsbygoogle = window.adsbygoogle || []).push({});\n<\/script><\/p>\n<p>La renovaci\u00f3n de la cubierta ha afectado a una de las pistas que inicialmente se cubri\u00f3 en 2005: la central. Ese patio cuenta con tres pistas de juego exteriores que ocupan el espacio existente entre la edificaci\u00f3n del propio colegio y el volumen del edificio de trinquete y polideportivo de Mendillorri. La intervenci\u00f3n ha renovado todas las placas de policarbonato que forma la cubierta y ha instalado una l\u00ednea de vida perimetral en la cubierta que facilita las labores de mantenimiento o sustituci\u00f3n de elementos, en condiciones de seguridad.<\/p>\n<p>Las nuevas placas presentan un alto grado de transparencia y por tanto luminosidad en el interior de la pista, y estanqueidad. La obra ha incluido la mejora del elemento en relaci\u00f3n al viento (noroeste), para minimizar la entrada de agua de lluvia en esa zona de la pista polideportiva, pues es una pista cubierta, pero no cerrada. Precisamente, en esta intervenci\u00f3n se ha renovado tambi\u00e9n la superficie de juego que, por filtraciones de agua y el deterioro natural debido al uso, era ya excesivamente resbaladiza. Tambi\u00e9n se ha ampliado la marquesina existente hasta la zona de acceso al centro desde el parque de El Lago e igualmente se han sustituido varias placas de policarbonato del lateral norte.<br \/>\n<script async src=\"\/\/pagead2.googlesyndication.com\/pagead\/js\/adsbygoogle.js\"><\/script><br \/>\n<!-- Noticias La Guia de Pamplona --><br \/>\n<ins class=\"adsbygoogle\"\nstyle=\"display:block\"\ndata-ad-client=\"ca-pub-6943679897239327\"\ndata-ad-slot=\"7048180777\"\ndata-ad-format=\"auto\"><\/ins><br \/>\n<script>\n(adsbygoogle = window.adsbygoogle || []).push({});\n<\/script><\/p>\n<p>Adem\u00e1s, se han ejecutado actuaciones complementarias como reparaciones puntuales de desconchados en la estructura de hormig\u00f3n principal, la revisi\u00f3n y renovaci\u00f3n del sistema de redes de protecci\u00f3n, la renovaci\u00f3n de los equipamientos deportivos (canastas y porter\u00edas) y la limpieza de muros y gradas de hormig\u00f3n. El desarrollo de este proyecto coincide con la renaturalizaci\u00f3n del patio donde se ubican las pistas polideportivas, una obra que en estos momentos est\u00e1 en ejecuci\u00f3n.<\/p>\n","protected":false},"excerpt":{"rendered":"<p>El Ayuntamiento de Pamplona da por terminada una intervenci\u00f3n que finaliza antes del plazo previsto<\/p>\n","protected":false},"author":1,"featured_media":41834,"comment_status":"open","ping_status":"closed","sticky":false,"template":"","format":"standard","meta":{"footnotes":""},"categories":[2],"tags":[],"class_list":["post-41833","post","type-post","status-publish","format-standard","has-post-thumbnail","hentry","category-ayuntamiento-pamplona"],"yoast_head":"<!-- This site is optimized with the Yoast SEO plugin v27.3 - https:\/\/yoast.com\/product\/yoast-seo-wordpress\/ -->\n<title>Los colegios p\u00fablicos Mendigoiti y El Lago en Mendillorri estrenan este curso cubierta en su pista polideportiva central<\/title>\n<meta name=\"description\" content=\"El Ayuntamiento de Pamplona da por terminada una intervenci\u00f3n que finaliza antes del plazo previsto\" \/>\n<meta name=\"robots\" content=\"index, follow, max-snippet:-1, max-image-preview:large, max-video-preview:-1\" \/>\n<link rel=\"canonical\" href=\"https:\/\/www.laguiadepamplona.com\/actualidad\/los-colegios-publicos-mendigoiti-y-el-lago-en-mendillorri-estrenan-este-curso-cubierta-en-su-pista-polideportiva-central\/\" \/>\n<meta property=\"og:locale\" content=\"es_ES\" \/>\n<meta property=\"og:type\" content=\"article\" \/>\n<meta property=\"og:title\" content=\"Los colegios p\u00fablicos Mendigoiti y El Lago en Mendillorri estrenan este curso cubierta en su pista polideportiva central\" \/>\n<meta property=\"og:description\" content=\"El Ayuntamiento de Pamplona da por terminada una intervenci\u00f3n que finaliza antes del plazo previsto\" \/>\n<meta property=\"og:url\" content=\"https:\/\/www.laguiadepamplona.com\/actualidad\/los-colegios-publicos-mendigoiti-y-el-lago-en-mendillorri-estrenan-este-curso-cubierta-en-su-pista-polideportiva-central\/\" \/>\n<meta property=\"og:site_name\" content=\"La Gu\u00eda de Pamplona\" \/>\n<meta property=\"article:publisher\" content=\"https:\/\/www.facebook.com\/laguiadepamplonacom-133175176762273\/?ref=hl\" \/>\n<meta property=\"article:published_time\" content=\"2022-10-07T10:12:39+00:00\" \/>\n<meta property=\"article:modified_time\" content=\"2023-04-11T09:47:45+00:00\" \/>\n<meta property=\"og:image\" content=\"https:\/\/www.laguiadepamplona.com\/actualidad\/wp-content\/uploads\/2022\/10\/colegio-mendillorri.webp\" \/>\n\t<meta property=\"og:image:width\" content=\"1920\" \/>\n\t<meta property=\"og:image:height\" content=\"1206\" \/>\n\t<meta property=\"og:image:type\" content=\"image\/webp\" \/>\n<meta name=\"author\" content=\"La Gu\u00eda de Pamplona\" \/>\n<meta name=\"twitter:card\" content=\"summary_large_image\" \/>\n<meta name=\"twitter:creator\" content=\"@LaGuiadPamplona\" \/>\n<meta name=\"twitter:site\" content=\"@LaGuiadPamplona\" \/>\n<meta name=\"twitter:label1\" content=\"Escrito por\" \/>\n\t<meta name=\"twitter:data1\" content=\"La Gu\u00eda de Pamplona\" \/>\n\t<meta name=\"twitter:label2\" content=\"Tiempo de lectura\" \/>\n\t<meta name=\"twitter:data2\" content=\"2 minutos\" \/>\n<script type=\"application\/ld+json\" class=\"yoast-schema-graph\">{\"@context\":\"https:\\\/\\\/schema.org\",\"@graph\":[{\"@type\":\"Article\",\"@id\":\"https:\\\/\\\/www.laguiadepamplona.com\\\/actualidad\\\/los-colegios-publicos-mendigoiti-y-el-lago-en-mendillorri-estrenan-este-curso-cubierta-en-su-pista-polideportiva-central\\\/#article\",\"isPartOf\":{\"@id\":\"https:\\\/\\\/www.laguiadepamplona.com\\\/actualidad\\\/los-colegios-publicos-mendigoiti-y-el-lago-en-mendillorri-estrenan-este-curso-cubierta-en-su-pista-polideportiva-central\\\/\"},\"author\":{\"name\":\"La Gu\u00eda de Pamplona\",\"@id\":\"https:\\\/\\\/www.laguiadepamplona.com\\\/actualidad\\\/#\\\/schema\\\/person\\\/efe887376f0213d4657c93adc50b1fdb\"},\"headline\":\"Los colegios p\u00fablicos Mendigoiti y El Lago en Mendillorri estrenan este curso cubierta en su pista polideportiva central\",\"datePublished\":\"2022-10-07T10:12:39+00:00\",\"dateModified\":\"2023-04-11T09:47:45+00:00\",\"mainEntityOfPage\":{\"@id\":\"https:\\\/\\\/www.laguiadepamplona.com\\\/actualidad\\\/los-colegios-publicos-mendigoiti-y-el-lago-en-mendillorri-estrenan-este-curso-cubierta-en-su-pista-polideportiva-central\\\/\"},\"wordCount\":391,\"commentCount\":0,\"publisher\":{\"@id\":\"https:\\\/\\\/www.laguiadepamplona.com\\\/actualidad\\\/#organization\"},\"image\":{\"@id\":\"https:\\\/\\\/www.laguiadepamplona.com\\\/actualidad\\\/los-colegios-publicos-mendigoiti-y-el-lago-en-mendillorri-estrenan-este-curso-cubierta-en-su-pista-polideportiva-central\\\/#primaryimage\"},\"thumbnailUrl\":\"https:\\\/\\\/www.laguiadepamplona.com\\\/actualidad\\\/wp-content\\\/uploads\\\/2022\\\/10\\\/colegio-mendillorri.webp\",\"articleSection\":[\"Ayto Pamplona\"],\"inLanguage\":\"es\",\"potentialAction\":[{\"@type\":\"CommentAction\",\"name\":\"Comment\",\"target\":[\"https:\\\/\\\/www.laguiadepamplona.com\\\/actualidad\\\/los-colegios-publicos-mendigoiti-y-el-lago-en-mendillorri-estrenan-este-curso-cubierta-en-su-pista-polideportiva-central\\\/#respond\"]}]},{\"@type\":\"WebPage\",\"@id\":\"https:\\\/\\\/www.laguiadepamplona.com\\\/actualidad\\\/los-colegios-publicos-mendigoiti-y-el-lago-en-mendillorri-estrenan-este-curso-cubierta-en-su-pista-polideportiva-central\\\/\",\"url\":\"https:\\\/\\\/www.laguiadepamplona.com\\\/actualidad\\\/los-colegios-publicos-mendigoiti-y-el-lago-en-mendillorri-estrenan-este-curso-cubierta-en-su-pista-polideportiva-central\\\/\",\"name\":\"Los colegios p\u00fablicos Mendigoiti y El Lago en Mendillorri estrenan este curso cubierta en su pista polideportiva central\",\"isPartOf\":{\"@id\":\"https:\\\/\\\/www.laguiadepamplona.com\\\/actualidad\\\/#website\"},\"primaryImageOfPage\":{\"@id\":\"https:\\\/\\\/www.laguiadepamplona.com\\\/actualidad\\\/los-colegios-publicos-mendigoiti-y-el-lago-en-mendillorri-estrenan-este-curso-cubierta-en-su-pista-polideportiva-central\\\/#primaryimage\"},\"image\":{\"@id\":\"https:\\\/\\\/www.laguiadepamplona.com\\\/actualidad\\\/los-colegios-publicos-mendigoiti-y-el-lago-en-mendillorri-estrenan-este-curso-cubierta-en-su-pista-polideportiva-central\\\/#primaryimage\"},\"thumbnailUrl\":\"https:\\\/\\\/www.laguiadepamplona.com\\\/actualidad\\\/wp-content\\\/uploads\\\/2022\\\/10\\\/colegio-mendillorri.webp\",\"datePublished\":\"2022-10-07T10:12:39+00:00\",\"dateModified\":\"2023-04-11T09:47:45+00:00\",\"description\":\"El Ayuntamiento de Pamplona da por terminada una intervenci\u00f3n que finaliza antes del plazo previsto\",\"breadcrumb\":{\"@id\":\"https:\\\/\\\/www.laguiadepamplona.com\\\/actualidad\\\/los-colegios-publicos-mendigoiti-y-el-lago-en-mendillorri-estrenan-este-curso-cubierta-en-su-pista-polideportiva-central\\\/#breadcrumb\"},\"inLanguage\":\"es\",\"potentialAction\":[{\"@type\":\"ReadAction\",\"target\":[\"https:\\\/\\\/www.laguiadepamplona.com\\\/actualidad\\\/los-colegios-publicos-mendigoiti-y-el-lago-en-mendillorri-estrenan-este-curso-cubierta-en-su-pista-polideportiva-central\\\/\"]}]},{\"@type\":\"ImageObject\",\"inLanguage\":\"es\",\"@id\":\"https:\\\/\\\/www.laguiadepamplona.com\\\/actualidad\\\/los-colegios-publicos-mendigoiti-y-el-lago-en-mendillorri-estrenan-este-curso-cubierta-en-su-pista-polideportiva-central\\\/#primaryimage\",\"url\":\"https:\\\/\\\/www.laguiadepamplona.com\\\/actualidad\\\/wp-content\\\/uploads\\\/2022\\\/10\\\/colegio-mendillorri.webp\",\"contentUrl\":\"https:\\\/\\\/www.laguiadepamplona.com\\\/actualidad\\\/wp-content\\\/uploads\\\/2022\\\/10\\\/colegio-mendillorri.webp\",\"width\":1920,\"height\":1206},{\"@type\":\"BreadcrumbList\",\"@id\":\"https:\\\/\\\/www.laguiadepamplona.com\\\/actualidad\\\/los-colegios-publicos-mendigoiti-y-el-lago-en-mendillorri-estrenan-este-curso-cubierta-en-su-pista-polideportiva-central\\\/#breadcrumb\",\"itemListElement\":[{\"@type\":\"ListItem\",\"position\":1,\"name\":\"Portada\",\"item\":\"https:\\\/\\\/www.laguiadepamplona.com\\\/actualidad\\\/\"},{\"@type\":\"ListItem\",\"position\":2,\"name\":\"Los colegios p\u00fablicos Mendigoiti y El Lago en Mendillorri estrenan este curso cubierta en su pista polideportiva central\"}]},{\"@type\":\"WebSite\",\"@id\":\"https:\\\/\\\/www.laguiadepamplona.com\\\/actualidad\\\/#website\",\"url\":\"https:\\\/\\\/www.laguiadepamplona.com\\\/actualidad\\\/\",\"name\":\"La gu\u00eda de Pamplona\",\"description\":\"Noticias de Pamplona\",\"publisher\":{\"@id\":\"https:\\\/\\\/www.laguiadepamplona.com\\\/actualidad\\\/#organization\"},\"potentialAction\":[{\"@type\":\"SearchAction\",\"target\":{\"@type\":\"EntryPoint\",\"urlTemplate\":\"https:\\\/\\\/www.laguiadepamplona.com\\\/actualidad\\\/?s={search_term_string}\"},\"query-input\":{\"@type\":\"PropertyValueSpecification\",\"valueRequired\":true,\"valueName\":\"search_term_string\"}}],\"inLanguage\":\"es\"},{\"@type\":\"Organization\",\"@id\":\"https:\\\/\\\/www.laguiadepamplona.com\\\/actualidad\\\/#organization\",\"name\":\"La Gu\u00eda de Pamplona \\\/ Noticias\",\"url\":\"https:\\\/\\\/www.laguiadepamplona.com\\\/actualidad\\\/\",\"logo\":{\"@type\":\"ImageObject\",\"inLanguage\":\"es\",\"@id\":\"https:\\\/\\\/www.laguiadepamplona.com\\\/actualidad\\\/#\\\/schema\\\/logo\\\/image\\\/\",\"url\":\"https:\\\/\\\/www.laguiadepamplona.com\\\/actualidad\\\/wp-content\\\/uploads\\\/2018\\\/11\\\/logo-laguiadepamplona18-web1.png\",\"contentUrl\":\"https:\\\/\\\/www.laguiadepamplona.com\\\/actualidad\\\/wp-content\\\/uploads\\\/2018\\\/11\\\/logo-laguiadepamplona18-web1.png\",\"width\":600,\"height\":196,\"caption\":\"La Gu\u00eda de Pamplona \\\/ Noticias\"},\"image\":{\"@id\":\"https:\\\/\\\/www.laguiadepamplona.com\\\/actualidad\\\/#\\\/schema\\\/logo\\\/image\\\/\"},\"sameAs\":[\"https:\\\/\\\/www.facebook.com\\\/laguiadepamplonacom-133175176762273\\\/?ref=hl\",\"https:\\\/\\\/x.com\\\/LaGuiadPamplona\",\"https:\\\/\\\/www.instagram.com\\\/la_guia_de_pamplona\\\/\",\"https:\\\/\\\/www.youtube.com\\\/user\\\/laguiadepamplona\"]},{\"@type\":\"Person\",\"@id\":\"https:\\\/\\\/www.laguiadepamplona.com\\\/actualidad\\\/#\\\/schema\\\/person\\\/efe887376f0213d4657c93adc50b1fdb\",\"name\":\"La Gu\u00eda de Pamplona\",\"image\":{\"@type\":\"ImageObject\",\"inLanguage\":\"es\",\"@id\":\"https:\\\/\\\/secure.gravatar.com\\\/avatar\\\/b6992f131dc8d30ab0dff15446e9d346d9dbd95992de0fef795073f5ea83a81c?s=96&d=mm&r=g\",\"url\":\"https:\\\/\\\/secure.gravatar.com\\\/avatar\\\/b6992f131dc8d30ab0dff15446e9d346d9dbd95992de0fef795073f5ea83a81c?s=96&d=mm&r=g\",\"contentUrl\":\"https:\\\/\\\/secure.gravatar.com\\\/avatar\\\/b6992f131dc8d30ab0dff15446e9d346d9dbd95992de0fef795073f5ea83a81c?s=96&d=mm&r=g\",\"caption\":\"La Gu\u00eda de Pamplona\"}}]}<\/script>\n<!-- \/ Yoast SEO plugin. -->","yoast_head_json":{"title":"Los colegios p\u00fablicos Mendigoiti y El Lago en Mendillorri estrenan este curso cubierta en su pista polideportiva central","description":"El Ayuntamiento de Pamplona da por terminada una intervenci\u00f3n que finaliza antes del plazo previsto","robots":{"index":"index","follow":"follow","max-snippet":"max-snippet:-1","max-image-preview":"max-image-preview:large","max-video-preview":"max-video-preview:-1"},"canonical":"https:\/\/www.laguiadepamplona.com\/actualidad\/los-colegios-publicos-mendigoiti-y-el-lago-en-mendillorri-estrenan-este-curso-cubierta-en-su-pista-polideportiva-central\/","og_locale":"es_ES","og_type":"article","og_title":"Los colegios p\u00fablicos Mendigoiti y El Lago en Mendillorri estrenan este curso cubierta en su pista polideportiva central","og_description":"El Ayuntamiento de Pamplona da por terminada una intervenci\u00f3n que finaliza antes del plazo previsto","og_url":"https:\/\/www.laguiadepamplona.com\/actualidad\/los-colegios-publicos-mendigoiti-y-el-lago-en-mendillorri-estrenan-este-curso-cubierta-en-su-pista-polideportiva-central\/","og_site_name":"La Gu\u00eda de Pamplona","article_publisher":"https:\/\/www.facebook.com\/laguiadepamplonacom-133175176762273\/?ref=hl","article_published_time":"2022-10-07T10:12:39+00:00","article_modified_time":"2023-04-11T09:47:45+00:00","og_image":[{"width":1920,"height":1206,"url":"https:\/\/www.laguiadepamplona.com\/actualidad\/wp-content\/uploads\/2022\/10\/colegio-mendillorri.webp","type":"image\/webp"}],"author":"La Gu\u00eda de Pamplona","twitter_card":"summary_large_image","twitter_creator":"@LaGuiadPamplona","twitter_site":"@LaGuiadPamplona","twitter_misc":{"Escrito por":"La Gu\u00eda de Pamplona","Tiempo de lectura":"2 minutos"},"schema":{"@context":"https:\/\/schema.org","@graph":[{"@type":"Article","@id":"https:\/\/www.laguiadepamplona.com\/actualidad\/los-colegios-publicos-mendigoiti-y-el-lago-en-mendillorri-estrenan-este-curso-cubierta-en-su-pista-polideportiva-central\/#article","isPartOf":{"@id":"https:\/\/www.laguiadepamplona.com\/actualidad\/los-colegios-publicos-mendigoiti-y-el-lago-en-mendillorri-estrenan-este-curso-cubierta-en-su-pista-polideportiva-central\/"},"author":{"name":"La Gu\u00eda de Pamplona","@id":"https:\/\/www.laguiadepamplona.com\/actualidad\/#\/schema\/person\/efe887376f0213d4657c93adc50b1fdb"},"headline":"Los colegios p\u00fablicos Mendigoiti y El Lago en Mendillorri estrenan este curso cubierta en su pista polideportiva central","datePublished":"2022-10-07T10:12:39+00:00","dateModified":"2023-04-11T09:47:45+00:00","mainEntityOfPage":{"@id":"https:\/\/www.laguiadepamplona.com\/actualidad\/los-colegios-publicos-mendigoiti-y-el-lago-en-mendillorri-estrenan-este-curso-cubierta-en-su-pista-polideportiva-central\/"},"wordCount":391,"commentCount":0,"publisher":{"@id":"https:\/\/www.laguiadepamplona.com\/actualidad\/#organization"},"image":{"@id":"https:\/\/www.laguiadepamplona.com\/actualidad\/los-colegios-publicos-mendigoiti-y-el-lago-en-mendillorri-estrenan-este-curso-cubierta-en-su-pista-polideportiva-central\/#primaryimage"},"thumbnailUrl":"https:\/\/www.laguiadepamplona.com\/actualidad\/wp-content\/uploads\/2022\/10\/colegio-mendillorri.webp","articleSection":["Ayto Pamplona"],"inLanguage":"es","potentialAction":[{"@type":"CommentAction","name":"Comment","target":["https:\/\/www.laguiadepamplona.com\/actualidad\/los-colegios-publicos-mendigoiti-y-el-lago-en-mendillorri-estrenan-este-curso-cubierta-en-su-pista-polideportiva-central\/#respond"]}]},{"@type":"WebPage","@id":"https:\/\/www.laguiadepamplona.com\/actualidad\/los-colegios-publicos-mendigoiti-y-el-lago-en-mendillorri-estrenan-este-curso-cubierta-en-su-pista-polideportiva-central\/","url":"https:\/\/www.laguiadepamplona.com\/actualidad\/los-colegios-publicos-mendigoiti-y-el-lago-en-mendillorri-estrenan-este-curso-cubierta-en-su-pista-polideportiva-central\/","name":"Los colegios p\u00fablicos Mendigoiti y El Lago en Mendillorri estrenan este curso cubierta en su pista polideportiva central","isPartOf":{"@id":"https:\/\/www.laguiadepamplona.com\/actualidad\/#website"},"primaryImageOfPage":{"@id":"https:\/\/www.laguiadepamplona.com\/actualidad\/los-colegios-publicos-mendigoiti-y-el-lago-en-mendillorri-estrenan-este-curso-cubierta-en-su-pista-polideportiva-central\/#primaryimage"},"image":{"@id":"https:\/\/www.laguiadepamplona.com\/actualidad\/los-colegios-publicos-mendigoiti-y-el-lago-en-mendillorri-estrenan-este-curso-cubierta-en-su-pista-polideportiva-central\/#primaryimage"},"thumbnailUrl":"https:\/\/www.laguiadepamplona.com\/actualidad\/wp-content\/uploads\/2022\/10\/colegio-mendillorri.webp","datePublished":"2022-10-07T10:12:39+00:00","dateModified":"2023-04-11T09:47:45+00:00","description":"El Ayuntamiento de Pamplona da por terminada una intervenci\u00f3n que finaliza antes del plazo previsto","breadcrumb":{"@id":"https:\/\/www.laguiadepamplona.com\/actualidad\/los-colegios-publicos-mendigoiti-y-el-lago-en-mendillorri-estrenan-este-curso-cubierta-en-su-pista-polideportiva-central\/#breadcrumb"},"inLanguage":"es","potentialAction":[{"@type":"ReadAction","target":["https:\/\/www.laguiadepamplona.com\/actualidad\/los-colegios-publicos-mendigoiti-y-el-lago-en-mendillorri-estrenan-este-curso-cubierta-en-su-pista-polideportiva-central\/"]}]},{"@type":"ImageObject","inLanguage":"es","@id":"https:\/\/www.laguiadepamplona.com\/actualidad\/los-colegios-publicos-mendigoiti-y-el-lago-en-mendillorri-estrenan-este-curso-cubierta-en-su-pista-polideportiva-central\/#primaryimage","url":"https:\/\/www.laguiadepamplona.com\/actualidad\/wp-content\/uploads\/2022\/10\/colegio-mendillorri.webp","contentUrl":"https:\/\/www.laguiadepamplona.com\/actualidad\/wp-content\/uploads\/2022\/10\/colegio-mendillorri.webp","width":1920,"height":1206},{"@type":"BreadcrumbList","@id":"https:\/\/www.laguiadepamplona.com\/actualidad\/los-colegios-publicos-mendigoiti-y-el-lago-en-mendillorri-estrenan-este-curso-cubierta-en-su-pista-polideportiva-central\/#breadcrumb","itemListElement":[{"@type":"ListItem","position":1,"name":"Portada","item":"https:\/\/www.laguiadepamplona.com\/actualidad\/"},{"@type":"ListItem","position":2,"name":"Los colegios p\u00fablicos Mendigoiti y El Lago en Mendillorri estrenan este curso cubierta en su pista polideportiva central"}]},{"@type":"WebSite","@id":"https:\/\/www.laguiadepamplona.com\/actualidad\/#website","url":"https:\/\/www.laguiadepamplona.com\/actualidad\/","name":"La gu\u00eda de Pamplona","description":"Noticias de Pamplona","publisher":{"@id":"https:\/\/www.laguiadepamplona.com\/actualidad\/#organization"},"potentialAction":[{"@type":"SearchAction","target":{"@type":"EntryPoint","urlTemplate":"https:\/\/www.laguiadepamplona.com\/actualidad\/?s={search_term_string}"},"query-input":{"@type":"PropertyValueSpecification","valueRequired":true,"valueName":"search_term_string"}}],"inLanguage":"es"},{"@type":"Organization","@id":"https:\/\/www.laguiadepamplona.com\/actualidad\/#organization","name":"La Gu\u00eda de Pamplona \/ Noticias","url":"https:\/\/www.laguiadepamplona.com\/actualidad\/","logo":{"@type":"ImageObject","inLanguage":"es","@id":"https:\/\/www.laguiadepamplona.com\/actualidad\/#\/schema\/logo\/image\/","url":"https:\/\/www.laguiadepamplona.com\/actualidad\/wp-content\/uploads\/2018\/11\/logo-laguiadepamplona18-web1.png","contentUrl":"https:\/\/www.laguiadepamplona.com\/actualidad\/wp-content\/uploads\/2018\/11\/logo-laguiadepamplona18-web1.png","width":600,"height":196,"caption":"La Gu\u00eda de Pamplona \/ Noticias"},"image":{"@id":"https:\/\/www.laguiadepamplona.com\/actualidad\/#\/schema\/logo\/image\/"},"sameAs":["https:\/\/www.facebook.com\/laguiadepamplonacom-133175176762273\/?ref=hl","https:\/\/x.com\/LaGuiadPamplona","https:\/\/www.instagram.com\/la_guia_de_pamplona\/","https:\/\/www.youtube.com\/user\/laguiadepamplona"]},{"@type":"Person","@id":"https:\/\/www.laguiadepamplona.com\/actualidad\/#\/schema\/person\/efe887376f0213d4657c93adc50b1fdb","name":"La Gu\u00eda de Pamplona","image":{"@type":"ImageObject","inLanguage":"es","@id":"https:\/\/secure.gravatar.com\/avatar\/b6992f131dc8d30ab0dff15446e9d346d9dbd95992de0fef795073f5ea83a81c?s=96&d=mm&r=g","url":"https:\/\/secure.gravatar.com\/avatar\/b6992f131dc8d30ab0dff15446e9d346d9dbd95992de0fef795073f5ea83a81c?s=96&d=mm&r=g","contentUrl":"https:\/\/secure.gravatar.com\/avatar\/b6992f131dc8d30ab0dff15446e9d346d9dbd95992de0fef795073f5ea83a81c?s=96&d=mm&r=g","caption":"La Gu\u00eda de Pamplona"}}]}},"post_mailing_queue_ids":[],"_links":{"self":[{"href":"https:\/\/www.laguiadepamplona.com\/actualidad\/wp-json\/wp\/v2\/posts\/41833","targetHints":{"allow":["GET"]}}],"collection":[{"href":"https:\/\/www.laguiadepamplona.com\/actualidad\/wp-json\/wp\/v2\/posts"}],"about":[{"href":"https:\/\/www.laguiadepamplona.com\/actualidad\/wp-json\/wp\/v2\/types\/post"}],"author":[{"embeddable":true,"href":"https:\/\/www.laguiadepamplona.com\/actualidad\/wp-json\/wp\/v2\/users\/1"}],"replies":[{"embeddable":true,"href":"https:\/\/www.laguiadepamplona.com\/actualidad\/wp-json\/wp\/v2\/comments?post=41833"}],"version-history":[{"count":0,"href":"https:\/\/www.laguiadepamplona.com\/actualidad\/wp-json\/wp\/v2\/posts\/41833\/revisions"}],"wp:featuredmedia":[{"embeddable":true,"href":"https:\/\/www.laguiadepamplona.com\/actualidad\/wp-json\/wp\/v2\/media\/41834"}],"wp:attachment":[{"href":"https:\/\/www.laguiadepamplona.com\/actualidad\/wp-json\/wp\/v2\/media?parent=41833"}],"wp:term":[{"taxonomy":"category","embeddable":true,"href":"https:\/\/www.laguiadepamplona.com\/actualidad\/wp-json\/wp\/v2\/categories?post=41833"},{"taxonomy":"post_tag","embeddable":true,"href":"https:\/\/www.laguiadepamplona.com\/actualidad\/wp-json\/wp\/v2\/tags?post=41833"}],"curies":[{"name":"wp","href":"https:\/\/api.w.org\/{rel}","templated":true}]}}