{"id":41830,"date":"2022-10-07T12:10:22","date_gmt":"2022-10-07T10:10:22","guid":{"rendered":"https:\/\/www.laguiadepamplona.com\/actualidad\/?p=41830"},"modified":"2023-04-11T11:47:45","modified_gmt":"2023-04-11T09:47:45","slug":"la-escuela-taller-de-jardineria-se-forma-en-la-upna-sobre-compostaje-y-residuos","status":"publish","type":"post","link":"https:\/\/www.laguiadepamplona.com\/actualidad\/la-escuela-taller-de-jardineria-se-forma-en-la-upna-sobre-compostaje-y-residuos\/","title":{"rendered":"La Escuela Taller de Jardiner\u00eda se forma en la UPNA sobre compostaje y residuos"},"content":{"rendered":"<h5>El alumnado ha recibido clases te\u00f3ricas y ha comprobado in situ la gesti\u00f3n de residuos org\u00e1nicos en el campus a trav\u00e9s del proyecto \u2018Campustaje\u2019<\/h5>\n<p><!--more--><\/p>\n<p>El alumnado de la Escuela Taller de Jardiner\u00eda del Ayuntamiento de Pamplona ha participado en una formaci\u00f3n espec\u00edfica en compostaje y residuos en la Universidad P\u00fablica de Navarra, donde ha tenido oportunidad de ahondar en los conocimientos te\u00f3ricos y conocer la gesti\u00f3n de residuos en el campus universitario. Esta formaci\u00f3n se inscribe dentro del curso sobre residuos y cambio clim\u00e1tico de la Escuela de Sostenibilidad municipal, desarrollado en colaboraci\u00f3n con el Servicio municipal de Agenda 21, la Universidad P\u00fablica de Navarra y la Mancomunidad de la Comarca de Pamplona. El curso se enmarca en la C\u00e1tedra de Aprendizaje y Servicio de la UPNA.<br \/>\n<script async src=\"\/\/pagead2.googlesyndication.com\/pagead\/js\/adsbygoogle.js\"><\/script><br \/>\n<!-- Noticias La Guia de Pamplona --><br \/>\n<ins class=\"adsbygoogle\"\nstyle=\"display:block\"\ndata-ad-client=\"ca-pub-6943679897239327\"\ndata-ad-slot=\"7048180777\"\ndata-ad-format=\"auto\"><\/ins><br \/>\n<script>\n(adsbygoogle = window.adsbygoogle || []).push({});\n<\/script><\/p>\n<p>La actividad ha contado con la participaci\u00f3n de 17 alumnos y alumnas de la Escuela Taller de Jardiner\u00eda del Centro de Formaci\u00f3n para el Empleo de Aranzadi, a las que se han sumado dos personas m\u00e1s del equipo de Jardiner\u00eda de la UPNA que pertenecen a la Fundaci\u00f3n Ilundain. La formaci\u00f3n, que ha sido impartida por el profesor Natxo Irigoien y por estudiantes del M\u00e1ster de Agrobiolog\u00eda ambiental, inclu\u00eda una charla sobre la problem\u00e1tica mundial y local que ocasionan los residuos y unas clases sobre compostaje. Adem\u00e1s, los participantes realizaron una recogida de los residuos de los contenedores y papeleras de los edificios de la universidad y de la calle, que luego caracterizaron.<\/p>\n<p>El taller formativo inclu\u00eda una actividad pr\u00e1ctica en el \u00e1rea de compostaje de la zona de comedores de Universidad P\u00fablica de Navarra, donde los estudiantes aprendieron las distintas fases en el proceso de hacer compost y a cribarlo cuando est\u00e1 maduro.<br \/>\n<script async src=\"\/\/pagead2.googlesyndication.com\/pagead\/js\/adsbygoogle.js\"><\/script><br \/>\n<!-- Noticias La Guia de Pamplona --><br \/>\n<ins class=\"adsbygoogle\"\nstyle=\"display:block\"\ndata-ad-client=\"ca-pub-6943679897239327\"\ndata-ad-slot=\"7048180777\"\ndata-ad-format=\"auto\"><\/ins><br \/>\n<script>\n(adsbygoogle = window.adsbygoogle || []).push({});\n<\/script><\/p>\n<p><strong>Proyecto \u2018Campustaje\u2019<\/strong><\/p>\n<p>El \u00e1rea de compostaje forma parte del proyecto universitario \u2018Arrosadia Living Lab\u2019, puesto en marcha en 2019, que busca potenciar el aprendizaje y la investigaci\u00f3n sobre sostenibilidad y econom\u00eda circular a trav\u00e9s de actividades de ciencia ciudadana y de voluntariado ambiental.<\/p>\n<p>Una de sus actividades m\u00e1s destacadas es el proyecto \u2018Campustaje\u2019 en la que, sin salir del campus, el alumnado transforma en compost \u00fatil los residuos org\u00e1nicos del comedor, as\u00ed como los restos de la poda de los jardines de la UPNA. La Escuela Taller de Jardiner\u00eda comprob\u00f3 in situ c\u00f3mo los residuos de desayunos y almuerzos de ese mismo d\u00eda del comedor no iban al quinto contenedor sino a escasos tres metros, en donde ayudaron a mezclarlos con los restos de otros d\u00edas.<\/p>\n<p>Adem\u00e1s de esta actividad, los alumnos de la escuela taller visitaron la finca de pr\u00e1cticas de la Universidad P\u00fablica, donde plantaron espinacas en tres macetas con distintos componentes (arena al 100%, 50% de arena y 50% de compost, y 100% de compost) para comprobar su evoluci\u00f3n. En el plazo de tres o cuatro semanas podr\u00e1n averiguar cu\u00e1l es la mejor composici\u00f3n para el crecimiento de las espinacas. Adem\u00e1s, recibieron explicaciones sobre composiciones y mezclas del suelo \u00fatiles para su trabajo (para suelos encharcados, para enmendar suelos pobres, suelos para flores, etc.).<\/p>\n<p>El objetivo es que puedan poner en pr\u00e1ctica los conocimientos adquiridos en su d\u00eda a d\u00eda en la labor de jardiner\u00eda.<\/p>\n","protected":false},"excerpt":{"rendered":"<p>El alumnado ha recibido clases te\u00f3ricas y ha comprobado in situ la gesti\u00f3n de residuos org\u00e1nicos en el campus a trav\u00e9s del proyecto \u2018Campustaje\u2019<\/p>\n","protected":false},"author":1,"featured_media":41831,"comment_status":"open","ping_status":"closed","sticky":false,"template":"","format":"standard","meta":{"footnotes":""},"categories":[2],"tags":[],"class_list":["post-41830","post","type-post","status-publish","format-standard","has-post-thumbnail","hentry","category-ayuntamiento-pamplona"],"yoast_head":"<!-- This site is optimized with the Yoast SEO plugin v27.3 - https:\/\/yoast.com\/product\/yoast-seo-wordpress\/ -->\n<title>La Escuela Taller de Jardiner\u00eda se forma en la UPNA sobre compostaje y residuos<\/title>\n<meta name=\"description\" content=\"El alumnado ha recibido clases te\u00f3ricas y ha comprobado in situ la gesti\u00f3n de residuos org\u00e1nicos en el campus a trav\u00e9s del proyecto \u2018Campustaje\u2019\" \/>\n<meta name=\"robots\" content=\"index, follow, max-snippet:-1, max-image-preview:large, max-video-preview:-1\" \/>\n<link rel=\"canonical\" href=\"https:\/\/www.laguiadepamplona.com\/actualidad\/la-escuela-taller-de-jardineria-se-forma-en-la-upna-sobre-compostaje-y-residuos\/\" \/>\n<meta property=\"og:locale\" content=\"es_ES\" \/>\n<meta property=\"og:type\" content=\"article\" \/>\n<meta property=\"og:title\" content=\"La Escuela Taller de Jardiner\u00eda se forma en la UPNA sobre compostaje y residuos\" \/>\n<meta property=\"og:description\" content=\"El alumnado ha recibido clases te\u00f3ricas y ha comprobado in situ la gesti\u00f3n de residuos org\u00e1nicos en el campus a trav\u00e9s del proyecto \u2018Campustaje\u2019\" \/>\n<meta property=\"og:url\" content=\"https:\/\/www.laguiadepamplona.com\/actualidad\/la-escuela-taller-de-jardineria-se-forma-en-la-upna-sobre-compostaje-y-residuos\/\" \/>\n<meta property=\"og:site_name\" content=\"La Gu\u00eda de Pamplona\" \/>\n<meta property=\"article:publisher\" content=\"https:\/\/www.facebook.com\/laguiadepamplonacom-133175176762273\/?ref=hl\" \/>\n<meta property=\"article:published_time\" content=\"2022-10-07T10:10:22+00:00\" \/>\n<meta property=\"article:modified_time\" content=\"2023-04-11T09:47:45+00:00\" \/>\n<meta property=\"og:image\" content=\"https:\/\/www.laguiadepamplona.com\/actualidad\/wp-content\/uploads\/2022\/10\/taller-jardineria-compostaje.webp\" \/>\n\t<meta property=\"og:image:width\" content=\"1552\" \/>\n\t<meta property=\"og:image:height\" content=\"726\" \/>\n\t<meta property=\"og:image:type\" content=\"image\/webp\" \/>\n<meta name=\"author\" content=\"La Gu\u00eda de Pamplona\" \/>\n<meta name=\"twitter:card\" content=\"summary_large_image\" \/>\n<meta name=\"twitter:creator\" content=\"@LaGuiadPamplona\" \/>\n<meta name=\"twitter:site\" content=\"@LaGuiadPamplona\" \/>\n<meta name=\"twitter:label1\" content=\"Escrito por\" \/>\n\t<meta name=\"twitter:data1\" content=\"La Gu\u00eda de Pamplona\" \/>\n\t<meta name=\"twitter:label2\" content=\"Tiempo de lectura\" \/>\n\t<meta name=\"twitter:data2\" content=\"3 minutos\" \/>\n<script type=\"application\/ld+json\" class=\"yoast-schema-graph\">{\"@context\":\"https:\\\/\\\/schema.org\",\"@graph\":[{\"@type\":\"Article\",\"@id\":\"https:\\\/\\\/www.laguiadepamplona.com\\\/actualidad\\\/la-escuela-taller-de-jardineria-se-forma-en-la-upna-sobre-compostaje-y-residuos\\\/#article\",\"isPartOf\":{\"@id\":\"https:\\\/\\\/www.laguiadepamplona.com\\\/actualidad\\\/la-escuela-taller-de-jardineria-se-forma-en-la-upna-sobre-compostaje-y-residuos\\\/\"},\"author\":{\"name\":\"La Gu\u00eda de Pamplona\",\"@id\":\"https:\\\/\\\/www.laguiadepamplona.com\\\/actualidad\\\/#\\\/schema\\\/person\\\/efe887376f0213d4657c93adc50b1fdb\"},\"headline\":\"La Escuela Taller de Jardiner\u00eda se forma en la UPNA sobre compostaje y residuos\",\"datePublished\":\"2022-10-07T10:10:22+00:00\",\"dateModified\":\"2023-04-11T09:47:45+00:00\",\"mainEntityOfPage\":{\"@id\":\"https:\\\/\\\/www.laguiadepamplona.com\\\/actualidad\\\/la-escuela-taller-de-jardineria-se-forma-en-la-upna-sobre-compostaje-y-residuos\\\/\"},\"wordCount\":578,\"commentCount\":0,\"publisher\":{\"@id\":\"https:\\\/\\\/www.laguiadepamplona.com\\\/actualidad\\\/#organization\"},\"image\":{\"@id\":\"https:\\\/\\\/www.laguiadepamplona.com\\\/actualidad\\\/la-escuela-taller-de-jardineria-se-forma-en-la-upna-sobre-compostaje-y-residuos\\\/#primaryimage\"},\"thumbnailUrl\":\"https:\\\/\\\/www.laguiadepamplona.com\\\/actualidad\\\/wp-content\\\/uploads\\\/2022\\\/10\\\/taller-jardineria-compostaje.webp\",\"articleSection\":[\"Ayto Pamplona\"],\"inLanguage\":\"es\",\"potentialAction\":[{\"@type\":\"CommentAction\",\"name\":\"Comment\",\"target\":[\"https:\\\/\\\/www.laguiadepamplona.com\\\/actualidad\\\/la-escuela-taller-de-jardineria-se-forma-en-la-upna-sobre-compostaje-y-residuos\\\/#respond\"]}]},{\"@type\":\"WebPage\",\"@id\":\"https:\\\/\\\/www.laguiadepamplona.com\\\/actualidad\\\/la-escuela-taller-de-jardineria-se-forma-en-la-upna-sobre-compostaje-y-residuos\\\/\",\"url\":\"https:\\\/\\\/www.laguiadepamplona.com\\\/actualidad\\\/la-escuela-taller-de-jardineria-se-forma-en-la-upna-sobre-compostaje-y-residuos\\\/\",\"name\":\"La Escuela Taller de Jardiner\u00eda se forma en la UPNA sobre compostaje y residuos\",\"isPartOf\":{\"@id\":\"https:\\\/\\\/www.laguiadepamplona.com\\\/actualidad\\\/#website\"},\"primaryImageOfPage\":{\"@id\":\"https:\\\/\\\/www.laguiadepamplona.com\\\/actualidad\\\/la-escuela-taller-de-jardineria-se-forma-en-la-upna-sobre-compostaje-y-residuos\\\/#primaryimage\"},\"image\":{\"@id\":\"https:\\\/\\\/www.laguiadepamplona.com\\\/actualidad\\\/la-escuela-taller-de-jardineria-se-forma-en-la-upna-sobre-compostaje-y-residuos\\\/#primaryimage\"},\"thumbnailUrl\":\"https:\\\/\\\/www.laguiadepamplona.com\\\/actualidad\\\/wp-content\\\/uploads\\\/2022\\\/10\\\/taller-jardineria-compostaje.webp\",\"datePublished\":\"2022-10-07T10:10:22+00:00\",\"dateModified\":\"2023-04-11T09:47:45+00:00\",\"description\":\"El alumnado ha recibido clases te\u00f3ricas y ha comprobado in situ la gesti\u00f3n de residuos org\u00e1nicos en el campus a trav\u00e9s del proyecto \u2018Campustaje\u2019\",\"breadcrumb\":{\"@id\":\"https:\\\/\\\/www.laguiadepamplona.com\\\/actualidad\\\/la-escuela-taller-de-jardineria-se-forma-en-la-upna-sobre-compostaje-y-residuos\\\/#breadcrumb\"},\"inLanguage\":\"es\",\"potentialAction\":[{\"@type\":\"ReadAction\",\"target\":[\"https:\\\/\\\/www.laguiadepamplona.com\\\/actualidad\\\/la-escuela-taller-de-jardineria-se-forma-en-la-upna-sobre-compostaje-y-residuos\\\/\"]}]},{\"@type\":\"ImageObject\",\"inLanguage\":\"es\",\"@id\":\"https:\\\/\\\/www.laguiadepamplona.com\\\/actualidad\\\/la-escuela-taller-de-jardineria-se-forma-en-la-upna-sobre-compostaje-y-residuos\\\/#primaryimage\",\"url\":\"https:\\\/\\\/www.laguiadepamplona.com\\\/actualidad\\\/wp-content\\\/uploads\\\/2022\\\/10\\\/taller-jardineria-compostaje.webp\",\"contentUrl\":\"https:\\\/\\\/www.laguiadepamplona.com\\\/actualidad\\\/wp-content\\\/uploads\\\/2022\\\/10\\\/taller-jardineria-compostaje.webp\",\"width\":1552,\"height\":726},{\"@type\":\"BreadcrumbList\",\"@id\":\"https:\\\/\\\/www.laguiadepamplona.com\\\/actualidad\\\/la-escuela-taller-de-jardineria-se-forma-en-la-upna-sobre-compostaje-y-residuos\\\/#breadcrumb\",\"itemListElement\":[{\"@type\":\"ListItem\",\"position\":1,\"name\":\"Portada\",\"item\":\"https:\\\/\\\/www.laguiadepamplona.com\\\/actualidad\\\/\"},{\"@type\":\"ListItem\",\"position\":2,\"name\":\"La Escuela Taller de Jardiner\u00eda se forma en la UPNA sobre compostaje y residuos\"}]},{\"@type\":\"WebSite\",\"@id\":\"https:\\\/\\\/www.laguiadepamplona.com\\\/actualidad\\\/#website\",\"url\":\"https:\\\/\\\/www.laguiadepamplona.com\\\/actualidad\\\/\",\"name\":\"La gu\u00eda de Pamplona\",\"description\":\"Noticias de Pamplona\",\"publisher\":{\"@id\":\"https:\\\/\\\/www.laguiadepamplona.com\\\/actualidad\\\/#organization\"},\"potentialAction\":[{\"@type\":\"SearchAction\",\"target\":{\"@type\":\"EntryPoint\",\"urlTemplate\":\"https:\\\/\\\/www.laguiadepamplona.com\\\/actualidad\\\/?s={search_term_string}\"},\"query-input\":{\"@type\":\"PropertyValueSpecification\",\"valueRequired\":true,\"valueName\":\"search_term_string\"}}],\"inLanguage\":\"es\"},{\"@type\":\"Organization\",\"@id\":\"https:\\\/\\\/www.laguiadepamplona.com\\\/actualidad\\\/#organization\",\"name\":\"La Gu\u00eda de Pamplona \\\/ Noticias\",\"url\":\"https:\\\/\\\/www.laguiadepamplona.com\\\/actualidad\\\/\",\"logo\":{\"@type\":\"ImageObject\",\"inLanguage\":\"es\",\"@id\":\"https:\\\/\\\/www.laguiadepamplona.com\\\/actualidad\\\/#\\\/schema\\\/logo\\\/image\\\/\",\"url\":\"https:\\\/\\\/www.laguiadepamplona.com\\\/actualidad\\\/wp-content\\\/uploads\\\/2018\\\/11\\\/logo-laguiadepamplona18-web1.png\",\"contentUrl\":\"https:\\\/\\\/www.laguiadepamplona.com\\\/actualidad\\\/wp-content\\\/uploads\\\/2018\\\/11\\\/logo-laguiadepamplona18-web1.png\",\"width\":600,\"height\":196,\"caption\":\"La Gu\u00eda de Pamplona \\\/ Noticias\"},\"image\":{\"@id\":\"https:\\\/\\\/www.laguiadepamplona.com\\\/actualidad\\\/#\\\/schema\\\/logo\\\/image\\\/\"},\"sameAs\":[\"https:\\\/\\\/www.facebook.com\\\/laguiadepamplonacom-133175176762273\\\/?ref=hl\",\"https:\\\/\\\/x.com\\\/LaGuiadPamplona\",\"https:\\\/\\\/www.instagram.com\\\/la_guia_de_pamplona\\\/\",\"https:\\\/\\\/www.youtube.com\\\/user\\\/laguiadepamplona\"]},{\"@type\":\"Person\",\"@id\":\"https:\\\/\\\/www.laguiadepamplona.com\\\/actualidad\\\/#\\\/schema\\\/person\\\/efe887376f0213d4657c93adc50b1fdb\",\"name\":\"La Gu\u00eda de Pamplona\",\"image\":{\"@type\":\"ImageObject\",\"inLanguage\":\"es\",\"@id\":\"https:\\\/\\\/secure.gravatar.com\\\/avatar\\\/b6992f131dc8d30ab0dff15446e9d346d9dbd95992de0fef795073f5ea83a81c?s=96&d=mm&r=g\",\"url\":\"https:\\\/\\\/secure.gravatar.com\\\/avatar\\\/b6992f131dc8d30ab0dff15446e9d346d9dbd95992de0fef795073f5ea83a81c?s=96&d=mm&r=g\",\"contentUrl\":\"https:\\\/\\\/secure.gravatar.com\\\/avatar\\\/b6992f131dc8d30ab0dff15446e9d346d9dbd95992de0fef795073f5ea83a81c?s=96&d=mm&r=g\",\"caption\":\"La Gu\u00eda de Pamplona\"}}]}<\/script>\n<!-- \/ Yoast SEO plugin. -->","yoast_head_json":{"title":"La Escuela Taller de Jardiner\u00eda se forma en la UPNA sobre compostaje y residuos","description":"El alumnado ha recibido clases te\u00f3ricas y ha comprobado in situ la gesti\u00f3n de residuos org\u00e1nicos en el campus a trav\u00e9s del proyecto \u2018Campustaje\u2019","robots":{"index":"index","follow":"follow","max-snippet":"max-snippet:-1","max-image-preview":"max-image-preview:large","max-video-preview":"max-video-preview:-1"},"canonical":"https:\/\/www.laguiadepamplona.com\/actualidad\/la-escuela-taller-de-jardineria-se-forma-en-la-upna-sobre-compostaje-y-residuos\/","og_locale":"es_ES","og_type":"article","og_title":"La Escuela Taller de Jardiner\u00eda se forma en la UPNA sobre compostaje y residuos","og_description":"El alumnado ha recibido clases te\u00f3ricas y ha comprobado in situ la gesti\u00f3n de residuos org\u00e1nicos en el campus a trav\u00e9s del proyecto \u2018Campustaje\u2019","og_url":"https:\/\/www.laguiadepamplona.com\/actualidad\/la-escuela-taller-de-jardineria-se-forma-en-la-upna-sobre-compostaje-y-residuos\/","og_site_name":"La Gu\u00eda de Pamplona","article_publisher":"https:\/\/www.facebook.com\/laguiadepamplonacom-133175176762273\/?ref=hl","article_published_time":"2022-10-07T10:10:22+00:00","article_modified_time":"2023-04-11T09:47:45+00:00","og_image":[{"width":1552,"height":726,"url":"https:\/\/www.laguiadepamplona.com\/actualidad\/wp-content\/uploads\/2022\/10\/taller-jardineria-compostaje.webp","type":"image\/webp"}],"author":"La Gu\u00eda de Pamplona","twitter_card":"summary_large_image","twitter_creator":"@LaGuiadPamplona","twitter_site":"@LaGuiadPamplona","twitter_misc":{"Escrito por":"La Gu\u00eda de Pamplona","Tiempo de lectura":"3 minutos"},"schema":{"@context":"https:\/\/schema.org","@graph":[{"@type":"Article","@id":"https:\/\/www.laguiadepamplona.com\/actualidad\/la-escuela-taller-de-jardineria-se-forma-en-la-upna-sobre-compostaje-y-residuos\/#article","isPartOf":{"@id":"https:\/\/www.laguiadepamplona.com\/actualidad\/la-escuela-taller-de-jardineria-se-forma-en-la-upna-sobre-compostaje-y-residuos\/"},"author":{"name":"La Gu\u00eda de Pamplona","@id":"https:\/\/www.laguiadepamplona.com\/actualidad\/#\/schema\/person\/efe887376f0213d4657c93adc50b1fdb"},"headline":"La Escuela Taller de Jardiner\u00eda se forma en la UPNA sobre compostaje y residuos","datePublished":"2022-10-07T10:10:22+00:00","dateModified":"2023-04-11T09:47:45+00:00","mainEntityOfPage":{"@id":"https:\/\/www.laguiadepamplona.com\/actualidad\/la-escuela-taller-de-jardineria-se-forma-en-la-upna-sobre-compostaje-y-residuos\/"},"wordCount":578,"commentCount":0,"publisher":{"@id":"https:\/\/www.laguiadepamplona.com\/actualidad\/#organization"},"image":{"@id":"https:\/\/www.laguiadepamplona.com\/actualidad\/la-escuela-taller-de-jardineria-se-forma-en-la-upna-sobre-compostaje-y-residuos\/#primaryimage"},"thumbnailUrl":"https:\/\/www.laguiadepamplona.com\/actualidad\/wp-content\/uploads\/2022\/10\/taller-jardineria-compostaje.webp","articleSection":["Ayto Pamplona"],"inLanguage":"es","potentialAction":[{"@type":"CommentAction","name":"Comment","target":["https:\/\/www.laguiadepamplona.com\/actualidad\/la-escuela-taller-de-jardineria-se-forma-en-la-upna-sobre-compostaje-y-residuos\/#respond"]}]},{"@type":"WebPage","@id":"https:\/\/www.laguiadepamplona.com\/actualidad\/la-escuela-taller-de-jardineria-se-forma-en-la-upna-sobre-compostaje-y-residuos\/","url":"https:\/\/www.laguiadepamplona.com\/actualidad\/la-escuela-taller-de-jardineria-se-forma-en-la-upna-sobre-compostaje-y-residuos\/","name":"La Escuela Taller de Jardiner\u00eda se forma en la UPNA sobre compostaje y residuos","isPartOf":{"@id":"https:\/\/www.laguiadepamplona.com\/actualidad\/#website"},"primaryImageOfPage":{"@id":"https:\/\/www.laguiadepamplona.com\/actualidad\/la-escuela-taller-de-jardineria-se-forma-en-la-upna-sobre-compostaje-y-residuos\/#primaryimage"},"image":{"@id":"https:\/\/www.laguiadepamplona.com\/actualidad\/la-escuela-taller-de-jardineria-se-forma-en-la-upna-sobre-compostaje-y-residuos\/#primaryimage"},"thumbnailUrl":"https:\/\/www.laguiadepamplona.com\/actualidad\/wp-content\/uploads\/2022\/10\/taller-jardineria-compostaje.webp","datePublished":"2022-10-07T10:10:22+00:00","dateModified":"2023-04-11T09:47:45+00:00","description":"El alumnado ha recibido clases te\u00f3ricas y ha comprobado in situ la gesti\u00f3n de residuos org\u00e1nicos en el campus a trav\u00e9s del proyecto \u2018Campustaje\u2019","breadcrumb":{"@id":"https:\/\/www.laguiadepamplona.com\/actualidad\/la-escuela-taller-de-jardineria-se-forma-en-la-upna-sobre-compostaje-y-residuos\/#breadcrumb"},"inLanguage":"es","potentialAction":[{"@type":"ReadAction","target":["https:\/\/www.laguiadepamplona.com\/actualidad\/la-escuela-taller-de-jardineria-se-forma-en-la-upna-sobre-compostaje-y-residuos\/"]}]},{"@type":"ImageObject","inLanguage":"es","@id":"https:\/\/www.laguiadepamplona.com\/actualidad\/la-escuela-taller-de-jardineria-se-forma-en-la-upna-sobre-compostaje-y-residuos\/#primaryimage","url":"https:\/\/www.laguiadepamplona.com\/actualidad\/wp-content\/uploads\/2022\/10\/taller-jardineria-compostaje.webp","contentUrl":"https:\/\/www.laguiadepamplona.com\/actualidad\/wp-content\/uploads\/2022\/10\/taller-jardineria-compostaje.webp","width":1552,"height":726},{"@type":"BreadcrumbList","@id":"https:\/\/www.laguiadepamplona.com\/actualidad\/la-escuela-taller-de-jardineria-se-forma-en-la-upna-sobre-compostaje-y-residuos\/#breadcrumb","itemListElement":[{"@type":"ListItem","position":1,"name":"Portada","item":"https:\/\/www.laguiadepamplona.com\/actualidad\/"},{"@type":"ListItem","position":2,"name":"La Escuela Taller de Jardiner\u00eda se forma en la UPNA sobre compostaje y residuos"}]},{"@type":"WebSite","@id":"https:\/\/www.laguiadepamplona.com\/actualidad\/#website","url":"https:\/\/www.laguiadepamplona.com\/actualidad\/","name":"La gu\u00eda de Pamplona","description":"Noticias de Pamplona","publisher":{"@id":"https:\/\/www.laguiadepamplona.com\/actualidad\/#organization"},"potentialAction":[{"@type":"SearchAction","target":{"@type":"EntryPoint","urlTemplate":"https:\/\/www.laguiadepamplona.com\/actualidad\/?s={search_term_string}"},"query-input":{"@type":"PropertyValueSpecification","valueRequired":true,"valueName":"search_term_string"}}],"inLanguage":"es"},{"@type":"Organization","@id":"https:\/\/www.laguiadepamplona.com\/actualidad\/#organization","name":"La Gu\u00eda de Pamplona \/ Noticias","url":"https:\/\/www.laguiadepamplona.com\/actualidad\/","logo":{"@type":"ImageObject","inLanguage":"es","@id":"https:\/\/www.laguiadepamplona.com\/actualidad\/#\/schema\/logo\/image\/","url":"https:\/\/www.laguiadepamplona.com\/actualidad\/wp-content\/uploads\/2018\/11\/logo-laguiadepamplona18-web1.png","contentUrl":"https:\/\/www.laguiadepamplona.com\/actualidad\/wp-content\/uploads\/2018\/11\/logo-laguiadepamplona18-web1.png","width":600,"height":196,"caption":"La Gu\u00eda de Pamplona \/ Noticias"},"image":{"@id":"https:\/\/www.laguiadepamplona.com\/actualidad\/#\/schema\/logo\/image\/"},"sameAs":["https:\/\/www.facebook.com\/laguiadepamplonacom-133175176762273\/?ref=hl","https:\/\/x.com\/LaGuiadPamplona","https:\/\/www.instagram.com\/la_guia_de_pamplona\/","https:\/\/www.youtube.com\/user\/laguiadepamplona"]},{"@type":"Person","@id":"https:\/\/www.laguiadepamplona.com\/actualidad\/#\/schema\/person\/efe887376f0213d4657c93adc50b1fdb","name":"La Gu\u00eda de Pamplona","image":{"@type":"ImageObject","inLanguage":"es","@id":"https:\/\/secure.gravatar.com\/avatar\/b6992f131dc8d30ab0dff15446e9d346d9dbd95992de0fef795073f5ea83a81c?s=96&d=mm&r=g","url":"https:\/\/secure.gravatar.com\/avatar\/b6992f131dc8d30ab0dff15446e9d346d9dbd95992de0fef795073f5ea83a81c?s=96&d=mm&r=g","contentUrl":"https:\/\/secure.gravatar.com\/avatar\/b6992f131dc8d30ab0dff15446e9d346d9dbd95992de0fef795073f5ea83a81c?s=96&d=mm&r=g","caption":"La Gu\u00eda de Pamplona"}}]}},"post_mailing_queue_ids":[],"_links":{"self":[{"href":"https:\/\/www.laguiadepamplona.com\/actualidad\/wp-json\/wp\/v2\/posts\/41830","targetHints":{"allow":["GET"]}}],"collection":[{"href":"https:\/\/www.laguiadepamplona.com\/actualidad\/wp-json\/wp\/v2\/posts"}],"about":[{"href":"https:\/\/www.laguiadepamplona.com\/actualidad\/wp-json\/wp\/v2\/types\/post"}],"author":[{"embeddable":true,"href":"https:\/\/www.laguiadepamplona.com\/actualidad\/wp-json\/wp\/v2\/users\/1"}],"replies":[{"embeddable":true,"href":"https:\/\/www.laguiadepamplona.com\/actualidad\/wp-json\/wp\/v2\/comments?post=41830"}],"version-history":[{"count":0,"href":"https:\/\/www.laguiadepamplona.com\/actualidad\/wp-json\/wp\/v2\/posts\/41830\/revisions"}],"wp:featuredmedia":[{"embeddable":true,"href":"https:\/\/www.laguiadepamplona.com\/actualidad\/wp-json\/wp\/v2\/media\/41831"}],"wp:attachment":[{"href":"https:\/\/www.laguiadepamplona.com\/actualidad\/wp-json\/wp\/v2\/media?parent=41830"}],"wp:term":[{"taxonomy":"category","embeddable":true,"href":"https:\/\/www.laguiadepamplona.com\/actualidad\/wp-json\/wp\/v2\/categories?post=41830"},{"taxonomy":"post_tag","embeddable":true,"href":"https:\/\/www.laguiadepamplona.com\/actualidad\/wp-json\/wp\/v2\/tags?post=41830"}],"curies":[{"name":"wp","href":"https:\/\/api.w.org\/{rel}","templated":true}]}}