{"id":41823,"date":"2022-10-06T14:03:15","date_gmt":"2022-10-06T12:03:15","guid":{"rendered":"https:\/\/www.laguiadepamplona.com\/actualidad\/?p=41823"},"modified":"2023-04-11T11:47:45","modified_gmt":"2023-04-11T09:47:45","slug":"mas-de-200-fotografias-publicadas-e-ineditas-sobre-los-encuentros-de-pamplona-1972-en-la-muestra-pio-gerendiain-koldo-chamorro-abierta-en-condestable","status":"publish","type":"post","link":"https:\/\/www.laguiadepamplona.com\/actualidad\/mas-de-200-fotografias-publicadas-e-ineditas-sobre-los-encuentros-de-pamplona-1972-en-la-muestra-pio-gerendiain-koldo-chamorro-abierta-en-condestable\/","title":{"rendered":"M\u00e1s de 200 fotograf\u00edas publicadas e in\u00e9ditas sobre los Encuentros de Pamplona 1972 en la muestra \u2018P\u00edo Gerendi\u00e1in &#8211; -Koldo Chamorro\u2019, abierta en Condestable"},"content":{"rendered":"<h5>Las miradas de estos dos fot\u00f3grafos documentan el marco en el que se desarroll\u00f3 en la ciudad este evento de las vanguardias<\/h5>\n<p><!--more--><\/p>\n<p>Cuando se dise\u00f1aron los Encuentros de Pamplona 1972, se consider\u00f3 prioritaria la difusi\u00f3n de este marco creativo de vanguardia que se desarrollaba en una peque\u00f1a ciudad en las afueras de la periferia del arte, bajo una dictadura pol\u00edtica y en un mundo que a las nuevas generaciones les costar\u00e1 imaginar: anal\u00f3gico, sin internet, sin m\u00f3vil con c\u00e1mara y sin redes sociales. Dos jovenc\u00edsimos artistas, P\u00edo Guerendi\u00e1in y de Koldo Chamorro, cuyas trayectorias les consolidar\u00edan como grandes fot\u00f3grafos, se encargaron entonces de documentar desde sus respetivas perspectivas lo que estaba sucediendo en Pamplona.<br \/>\n<script async src=\"\/\/pagead2.googlesyndication.com\/pagead\/js\/adsbygoogle.js\"><\/script><br \/>\n<!-- Noticias La Guia de Pamplona --><br \/>\n<ins class=\"adsbygoogle\"\nstyle=\"display:block\"\ndata-ad-client=\"ca-pub-6943679897239327\"\ndata-ad-slot=\"7048180777\"\ndata-ad-format=\"auto\"><\/ins><br \/>\n<script>\n(adsbygoogle = window.adsbygoogle || []).push({});\n<\/script><\/p>\n<p>Cinco d\u00e9cadas despu\u00e9s, en el marco de la conmemoraci\u00f3n, el Ayuntamiento de Pamplona acoge sus miradas en la muestra que lleva sus nombres y que en unos casos sirven para rememorar, y en otros para conocer, lo que aquel acontecimiento memorable supuso para la ciudad, sus habitantes y los creadores que participaron. Esta ma\u00f1ana en el Palacio del Condestable Jorge Urd\u00e1noz, director del \u00c1rea de Cultura e Igualdad del Ayuntamiento de Pamplona; P\u00edo Guerendi\u00e1in, fot\u00f3grafo; Oihane Chamorro, hija del fot\u00f3grafo y en representaci\u00f3n de la Asociaci\u00f3n Cultural Koldo Chamorro y Javier Manzanos, comisario de la muestra han presentado los contenidos de una exposici\u00f3n de m\u00e1s de 200 im\u00e1genes que se podr\u00e1 visitar hasta el 20 de noviembre.<\/p>\n<p>Guerendi\u00e1in recibi\u00f3 el encargo de seguir y documentar fotogr\u00e1ficamente los eventos que se suced\u00edan y Chamorro lo hizo como un buscador de im\u00e1genes, pero las miradas de ambos contribuyen a dar testimonio de un acontecimiento hist\u00f3rico poli\u00e9drico, a medio camino entre la aceptaci\u00f3n y el rechazo el p\u00fablico, dif\u00edcil de apreciar en su totalidad ya que sucedieron muchas cosas en muchos sitios y, en ocasiones, a la vez. Las fotograf\u00edas de P\u00edo Guerendi\u00e1in y de Koldo Chamorro, algunas de las primeras ya conocidas, las segundas in\u00e9ditas, ofrecen dos relatos que constituyen verdaderos documentos de los encuentros, una cita que en palabras de Fernando Huici \u201ccontribuy\u00f3 de modo decisivo a poner, al fin, los relojes del arte contempor\u00e1neo espa\u00f1ol a la hora del mundo\u201d. La muestra se puede visitar en las salas 1 y 2 del palacio del Condestable, de lunes a domingo de 9 a 14 horas, y de 17 a 21 horas.<br \/>\n<script async src=\"\/\/pagead2.googlesyndication.com\/pagead\/js\/adsbygoogle.js\"><\/script><br \/>\n<!-- Noticias La Guia de Pamplona --><br \/>\n<ins class=\"adsbygoogle\"\nstyle=\"display:block\"\ndata-ad-client=\"ca-pub-6943679897239327\"\ndata-ad-slot=\"7048180777\"\ndata-ad-format=\"auto\"><\/ins><br \/>\n<script>\n(adsbygoogle = window.adsbygoogle || []).push({});\n<\/script><\/p>\n<p><strong>Im\u00e1genes con valor etnogr\u00e1fico<\/strong><\/p>\n<p>P\u00edo Guerendi\u00e1in (Pamplona, 1946) recibi\u00f3 el encargo de Jos\u00e9 Luis Alexanco y Luis De Pablo para documentar las acciones art\u00edsticas que se iban a desarrollar en los Encuentros de Pamplona 1972. Como aficionado a la fotograf\u00eda, desde 1963 era socio de la Agrupaci\u00f3n Fotogr\u00e1fica y Cinematogr\u00e1fica de Navarra (AFCN). La exposici\u00f3n recoge una amplia selecci\u00f3n realizada por el propio autor y cedidas en su mayor parte por el Museo de Navarra. Y es que, pese a su juventud, en los a\u00f1os 1972 y 1978 gan\u00f3 el Premio Negtor, considerado entonces entre los m\u00e1s prestigiosos premios nacionales de fotograf\u00eda.<\/p>\n<p>Su trabajo es un referente entre la generaci\u00f3n de fot\u00f3grafos que surgieron en los a\u00f1os ochenta y aportaron una visi\u00f3n nueva a la fotograf\u00eda espa\u00f1ola, destacando especialmente por el valor etnogr\u00e1fico de sus im\u00e1genes. Sus fotograf\u00edas se han publicado en revistas como Arte Fotogr\u00e1fico, Nueva Lente y Flash-Foto y en anuarios y enciclopedias, sobre todo de Navarra. Guerendi\u00e1in ha participado en numerosas exposiciones individuales y colectivas y sus fotograf\u00edas forman parte de importantes colecciones como la Biblioteca Nacional de Par\u00eds, el Museo Nacional Centro de Arte Reina Sof\u00eda, el IVAM o el Museo de Navarra.<\/p>\n<p>En la AFCN, de la que es Presidente de Honor y fue presidente titular entre 1976 y 1982, desarroll\u00f3 el Sal\u00f3n San Ferm\u00edn de Fotograf\u00eda y los talleres de fotograf\u00eda avanzada entre 1986 y 1990. Adem\u00e1s, dirigi\u00f3 la Galer\u00eda Contraluz entre 2001 y 2011, donde organiz\u00f3 m\u00e1s de 100 exposiciones. Entre sus trabajos podemos rese\u00f1ar, adem\u00e1s del magn\u00edfico reportaje que realiz\u00f3 sobre los Encuentros de Pamplona de 1972, su serie New York, realizada en 1975. Posteriormente realiz\u00f3 las tres series sobre los estratos de flysch de la costa de Zumaia.<br \/>\n<script async src=\"\/\/pagead2.googlesyndication.com\/pagead\/js\/adsbygoogle.js\"><\/script><br \/>\n<!-- Noticias La Guia de Pamplona --><br \/>\n<ins class=\"adsbygoogle\"\nstyle=\"display:block\"\ndata-ad-client=\"ca-pub-6943679897239327\"\ndata-ad-slot=\"7048180777\"\ndata-ad-format=\"auto\"><\/ins><br \/>\n<script>\n(adsbygoogle = window.adsbygoogle || []).push({});\n<\/script><\/p>\n<p><strong>Un especialista del blanco y negro<\/strong><\/p>\n<p>Koldo Chamorro (Vitoria, 1949 \u2013 Pamplona, 2009) fue fot\u00f3grafo autodidacta desde 1965 y, precisamente en 1972 recibi\u00f3 una beca de la Dotaci\u00f3n de Arte Castellblanch para ampliar estudios en el extranjero y trabaj\u00f3 con fot\u00f3grafos como Ansel Adams y Brassa\u00ef. Ese a\u00f1o un joven Koldo, como un participante m\u00e1s, decide lanzarse a fotografiar las diferentes manifestaciones art\u00edsticas que se multiplicaban en Pamplona. Koldo utiliz\u00f3 para esos reportajes la pel\u00edcula Tri-X 400 ASA de Kodak y seg\u00fan las condiciones de luz forzaba la pel\u00edcula a 800, 1.600 \u00f3 3.200 ASA, con lo que acent\u00faa la aparici\u00f3n de grano en las copias, algo que acabar\u00eda siendo caracter\u00edstico en el conjunto de su obra. Chamorro guard\u00f3 los negativos de los 28 rollos que utiliz\u00f3 y que nunca expuso. Hoy, el hallazgo de su hija Oihane ha sacado a la luz su trabajo durante los Encuentros.<\/p>\n<p>La obra de Chamorro forma parte, entre otros, de los fondos del Center of Creative Photography (Arizona), la Biblioth\u00e8que nationale de France (Par\u00eds), la Polaroid Collection (Boston), el Museo Nacional Centro de Arte Reina Sof\u00eda (Madrid), el Museo de Navarra, la UPNA y la Colecci\u00f3n de Arte Contempor\u00e1neo del Ayuntamiento de Pamplona. Durante su carrera recibi\u00f3 el Premio Soho News (1981) y el Premio del Instituto Nacional del Libro (1982 y 1991), fue fot\u00f3grafo del a\u00f1o de la revista Foto Profesional (1989 y 1992) y finalista del Premio William Eugene Smith (1981 y 1987).<\/p>\n<p>Viaj\u00f3 por Europa, \u00c1frica y el continente americano, y fue miembro de Minority Photographers (Nueva York) y del grupo Alabern. Realiz\u00f3 fotograf\u00eda editorial (El Pa\u00eds, Geo, Cond\u00e9 Nast, Goldberg), publicitaria, de moda e industrial. Fue escritor y profesor invitado de numerosos seminarios y talleres. Sus ensayos y reportajes y sus poemas visuales han sido decisivos en la construcci\u00f3n de un nuevo lenguaje en la fotograf\u00eda documental espa\u00f1ola y ponen en valor un pa\u00eds en el que perviven las tradiciones religiosas y paganas. En 1989 el C\u00edrculo de Bellas Artes de Madrid organiz\u00f3 una muestra antol\u00f3gica de su obra, junto a la de Josef Koudelka<\/p>\n","protected":false},"excerpt":{"rendered":"<p>Las miradas de estos dos fot\u00f3grafos documentan el marco en el que se desarroll\u00f3 en la ciudad este evento de las vanguardias<\/p>\n","protected":false},"author":1,"featured_media":41824,"comment_status":"open","ping_status":"closed","sticky":false,"template":"","format":"standard","meta":{"footnotes":""},"categories":[2],"tags":[],"class_list":["post-41823","post","type-post","status-publish","format-standard","has-post-thumbnail","hentry","category-ayuntamiento-pamplona"],"yoast_head":"<!-- This site is optimized with the Yoast SEO plugin v27.5 - https:\/\/yoast.com\/product\/yoast-seo-wordpress\/ -->\n<title>M\u00e1s de 200 fotograf\u00edas publicadas e in\u00e9ditas sobre los Encuentros de Pamplona 1972 en la muestra \u2018P\u00edo Gerendi\u00e1in - -Koldo Chamorro\u2019, abierta en Condestable<\/title>\n<meta name=\"description\" content=\"Las miradas de estos dos fot\u00f3grafos documentan el marco en el que se desarroll\u00f3 en la ciudad este evento de las vanguardias\" \/>\n<meta name=\"robots\" content=\"index, follow, max-snippet:-1, max-image-preview:large, max-video-preview:-1\" \/>\n<link rel=\"canonical\" href=\"https:\/\/www.laguiadepamplona.com\/actualidad\/mas-de-200-fotografias-publicadas-e-ineditas-sobre-los-encuentros-de-pamplona-1972-en-la-muestra-pio-gerendiain-koldo-chamorro-abierta-en-condestable\/\" \/>\n<meta property=\"og:locale\" content=\"es_ES\" \/>\n<meta property=\"og:type\" content=\"article\" \/>\n<meta property=\"og:title\" content=\"M\u00e1s de 200 fotograf\u00edas publicadas e in\u00e9ditas sobre los Encuentros de Pamplona 1972 en la muestra \u2018P\u00edo Gerendi\u00e1in - -Koldo Chamorro\u2019, abierta en Condestable\" \/>\n<meta property=\"og:description\" content=\"Las miradas de estos dos fot\u00f3grafos documentan el marco en el que se desarroll\u00f3 en la ciudad este evento de las vanguardias\" \/>\n<meta property=\"og:url\" content=\"https:\/\/www.laguiadepamplona.com\/actualidad\/mas-de-200-fotografias-publicadas-e-ineditas-sobre-los-encuentros-de-pamplona-1972-en-la-muestra-pio-gerendiain-koldo-chamorro-abierta-en-condestable\/\" \/>\n<meta property=\"og:site_name\" content=\"La Gu\u00eda de Pamplona\" \/>\n<meta property=\"article:publisher\" content=\"https:\/\/www.facebook.com\/laguiadepamplonacom-133175176762273\/?ref=hl\" \/>\n<meta property=\"article:published_time\" content=\"2022-10-06T12:03:15+00:00\" \/>\n<meta property=\"article:modified_time\" content=\"2023-04-11T09:47:45+00:00\" \/>\n<meta property=\"og:image\" content=\"https:\/\/www.laguiadepamplona.com\/actualidad\/wp-content\/uploads\/2022\/10\/encuentros2.jpeg\" \/>\n\t<meta property=\"og:image:width\" content=\"1600\" \/>\n\t<meta property=\"og:image:height\" content=\"1200\" \/>\n\t<meta property=\"og:image:type\" content=\"image\/jpeg\" \/>\n<meta name=\"author\" content=\"La Gu\u00eda de Pamplona\" \/>\n<meta name=\"twitter:card\" content=\"summary_large_image\" \/>\n<meta name=\"twitter:creator\" content=\"@LaGuiadPamplona\" \/>\n<meta name=\"twitter:site\" content=\"@LaGuiadPamplona\" \/>\n<meta name=\"twitter:label1\" content=\"Escrito por\" \/>\n\t<meta name=\"twitter:data1\" content=\"La Gu\u00eda de Pamplona\" \/>\n\t<meta name=\"twitter:label2\" content=\"Tiempo de lectura\" \/>\n\t<meta name=\"twitter:data2\" content=\"5 minutos\" \/>\n<script type=\"application\/ld+json\" class=\"yoast-schema-graph\">{\"@context\":\"https:\\\/\\\/schema.org\",\"@graph\":[{\"@type\":\"Article\",\"@id\":\"https:\\\/\\\/www.laguiadepamplona.com\\\/actualidad\\\/mas-de-200-fotografias-publicadas-e-ineditas-sobre-los-encuentros-de-pamplona-1972-en-la-muestra-pio-gerendiain-koldo-chamorro-abierta-en-condestable\\\/#article\",\"isPartOf\":{\"@id\":\"https:\\\/\\\/www.laguiadepamplona.com\\\/actualidad\\\/mas-de-200-fotografias-publicadas-e-ineditas-sobre-los-encuentros-de-pamplona-1972-en-la-muestra-pio-gerendiain-koldo-chamorro-abierta-en-condestable\\\/\"},\"author\":{\"name\":\"La Gu\u00eda de Pamplona\",\"@id\":\"https:\\\/\\\/www.laguiadepamplona.com\\\/actualidad\\\/#\\\/schema\\\/person\\\/efe887376f0213d4657c93adc50b1fdb\"},\"headline\":\"M\u00e1s de 200 fotograf\u00edas publicadas e in\u00e9ditas sobre los Encuentros de Pamplona 1972 en la muestra \u2018P\u00edo Gerendi\u00e1in &#8211; -Koldo Chamorro\u2019, abierta en Condestable\",\"datePublished\":\"2022-10-06T12:03:15+00:00\",\"dateModified\":\"2023-04-11T09:47:45+00:00\",\"mainEntityOfPage\":{\"@id\":\"https:\\\/\\\/www.laguiadepamplona.com\\\/actualidad\\\/mas-de-200-fotografias-publicadas-e-ineditas-sobre-los-encuentros-de-pamplona-1972-en-la-muestra-pio-gerendiain-koldo-chamorro-abierta-en-condestable\\\/\"},\"wordCount\":1110,\"commentCount\":0,\"publisher\":{\"@id\":\"https:\\\/\\\/www.laguiadepamplona.com\\\/actualidad\\\/#organization\"},\"image\":{\"@id\":\"https:\\\/\\\/www.laguiadepamplona.com\\\/actualidad\\\/mas-de-200-fotografias-publicadas-e-ineditas-sobre-los-encuentros-de-pamplona-1972-en-la-muestra-pio-gerendiain-koldo-chamorro-abierta-en-condestable\\\/#primaryimage\"},\"thumbnailUrl\":\"https:\\\/\\\/www.laguiadepamplona.com\\\/actualidad\\\/wp-content\\\/uploads\\\/2022\\\/10\\\/encuentros2.jpeg\",\"articleSection\":[\"Ayto Pamplona\"],\"inLanguage\":\"es\",\"potentialAction\":[{\"@type\":\"CommentAction\",\"name\":\"Comment\",\"target\":[\"https:\\\/\\\/www.laguiadepamplona.com\\\/actualidad\\\/mas-de-200-fotografias-publicadas-e-ineditas-sobre-los-encuentros-de-pamplona-1972-en-la-muestra-pio-gerendiain-koldo-chamorro-abierta-en-condestable\\\/#respond\"]}]},{\"@type\":\"WebPage\",\"@id\":\"https:\\\/\\\/www.laguiadepamplona.com\\\/actualidad\\\/mas-de-200-fotografias-publicadas-e-ineditas-sobre-los-encuentros-de-pamplona-1972-en-la-muestra-pio-gerendiain-koldo-chamorro-abierta-en-condestable\\\/\",\"url\":\"https:\\\/\\\/www.laguiadepamplona.com\\\/actualidad\\\/mas-de-200-fotografias-publicadas-e-ineditas-sobre-los-encuentros-de-pamplona-1972-en-la-muestra-pio-gerendiain-koldo-chamorro-abierta-en-condestable\\\/\",\"name\":\"M\u00e1s de 200 fotograf\u00edas publicadas e in\u00e9ditas sobre los Encuentros de Pamplona 1972 en la muestra \u2018P\u00edo Gerendi\u00e1in - -Koldo Chamorro\u2019, abierta en Condestable\",\"isPartOf\":{\"@id\":\"https:\\\/\\\/www.laguiadepamplona.com\\\/actualidad\\\/#website\"},\"primaryImageOfPage\":{\"@id\":\"https:\\\/\\\/www.laguiadepamplona.com\\\/actualidad\\\/mas-de-200-fotografias-publicadas-e-ineditas-sobre-los-encuentros-de-pamplona-1972-en-la-muestra-pio-gerendiain-koldo-chamorro-abierta-en-condestable\\\/#primaryimage\"},\"image\":{\"@id\":\"https:\\\/\\\/www.laguiadepamplona.com\\\/actualidad\\\/mas-de-200-fotografias-publicadas-e-ineditas-sobre-los-encuentros-de-pamplona-1972-en-la-muestra-pio-gerendiain-koldo-chamorro-abierta-en-condestable\\\/#primaryimage\"},\"thumbnailUrl\":\"https:\\\/\\\/www.laguiadepamplona.com\\\/actualidad\\\/wp-content\\\/uploads\\\/2022\\\/10\\\/encuentros2.jpeg\",\"datePublished\":\"2022-10-06T12:03:15+00:00\",\"dateModified\":\"2023-04-11T09:47:45+00:00\",\"description\":\"Las miradas de estos dos fot\u00f3grafos documentan el marco en el que se desarroll\u00f3 en la ciudad este evento de las vanguardias\",\"breadcrumb\":{\"@id\":\"https:\\\/\\\/www.laguiadepamplona.com\\\/actualidad\\\/mas-de-200-fotografias-publicadas-e-ineditas-sobre-los-encuentros-de-pamplona-1972-en-la-muestra-pio-gerendiain-koldo-chamorro-abierta-en-condestable\\\/#breadcrumb\"},\"inLanguage\":\"es\",\"potentialAction\":[{\"@type\":\"ReadAction\",\"target\":[\"https:\\\/\\\/www.laguiadepamplona.com\\\/actualidad\\\/mas-de-200-fotografias-publicadas-e-ineditas-sobre-los-encuentros-de-pamplona-1972-en-la-muestra-pio-gerendiain-koldo-chamorro-abierta-en-condestable\\\/\"]}]},{\"@type\":\"ImageObject\",\"inLanguage\":\"es\",\"@id\":\"https:\\\/\\\/www.laguiadepamplona.com\\\/actualidad\\\/mas-de-200-fotografias-publicadas-e-ineditas-sobre-los-encuentros-de-pamplona-1972-en-la-muestra-pio-gerendiain-koldo-chamorro-abierta-en-condestable\\\/#primaryimage\",\"url\":\"https:\\\/\\\/www.laguiadepamplona.com\\\/actualidad\\\/wp-content\\\/uploads\\\/2022\\\/10\\\/encuentros2.jpeg\",\"contentUrl\":\"https:\\\/\\\/www.laguiadepamplona.com\\\/actualidad\\\/wp-content\\\/uploads\\\/2022\\\/10\\\/encuentros2.jpeg\",\"width\":1600,\"height\":1200},{\"@type\":\"BreadcrumbList\",\"@id\":\"https:\\\/\\\/www.laguiadepamplona.com\\\/actualidad\\\/mas-de-200-fotografias-publicadas-e-ineditas-sobre-los-encuentros-de-pamplona-1972-en-la-muestra-pio-gerendiain-koldo-chamorro-abierta-en-condestable\\\/#breadcrumb\",\"itemListElement\":[{\"@type\":\"ListItem\",\"position\":1,\"name\":\"Portada\",\"item\":\"https:\\\/\\\/www.laguiadepamplona.com\\\/actualidad\\\/\"},{\"@type\":\"ListItem\",\"position\":2,\"name\":\"M\u00e1s de 200 fotograf\u00edas publicadas e in\u00e9ditas sobre los Encuentros de Pamplona 1972 en la muestra \u2018P\u00edo Gerendi\u00e1in &#8211; -Koldo Chamorro\u2019, abierta en Condestable\"}]},{\"@type\":\"WebSite\",\"@id\":\"https:\\\/\\\/www.laguiadepamplona.com\\\/actualidad\\\/#website\",\"url\":\"https:\\\/\\\/www.laguiadepamplona.com\\\/actualidad\\\/\",\"name\":\"La gu\u00eda de Pamplona\",\"description\":\"Noticias de Pamplona\",\"publisher\":{\"@id\":\"https:\\\/\\\/www.laguiadepamplona.com\\\/actualidad\\\/#organization\"},\"potentialAction\":[{\"@type\":\"SearchAction\",\"target\":{\"@type\":\"EntryPoint\",\"urlTemplate\":\"https:\\\/\\\/www.laguiadepamplona.com\\\/actualidad\\\/?s={search_term_string}\"},\"query-input\":{\"@type\":\"PropertyValueSpecification\",\"valueRequired\":true,\"valueName\":\"search_term_string\"}}],\"inLanguage\":\"es\"},{\"@type\":\"Organization\",\"@id\":\"https:\\\/\\\/www.laguiadepamplona.com\\\/actualidad\\\/#organization\",\"name\":\"La Gu\u00eda de Pamplona \\\/ Noticias\",\"url\":\"https:\\\/\\\/www.laguiadepamplona.com\\\/actualidad\\\/\",\"logo\":{\"@type\":\"ImageObject\",\"inLanguage\":\"es\",\"@id\":\"https:\\\/\\\/www.laguiadepamplona.com\\\/actualidad\\\/#\\\/schema\\\/logo\\\/image\\\/\",\"url\":\"https:\\\/\\\/www.laguiadepamplona.com\\\/actualidad\\\/wp-content\\\/uploads\\\/2018\\\/11\\\/logo-laguiadepamplona18-web1.png\",\"contentUrl\":\"https:\\\/\\\/www.laguiadepamplona.com\\\/actualidad\\\/wp-content\\\/uploads\\\/2018\\\/11\\\/logo-laguiadepamplona18-web1.png\",\"width\":600,\"height\":196,\"caption\":\"La Gu\u00eda de Pamplona \\\/ Noticias\"},\"image\":{\"@id\":\"https:\\\/\\\/www.laguiadepamplona.com\\\/actualidad\\\/#\\\/schema\\\/logo\\\/image\\\/\"},\"sameAs\":[\"https:\\\/\\\/www.facebook.com\\\/laguiadepamplonacom-133175176762273\\\/?ref=hl\",\"https:\\\/\\\/x.com\\\/LaGuiadPamplona\",\"https:\\\/\\\/www.instagram.com\\\/la_guia_de_pamplona\\\/\",\"https:\\\/\\\/www.youtube.com\\\/user\\\/laguiadepamplona\"]},{\"@type\":\"Person\",\"@id\":\"https:\\\/\\\/www.laguiadepamplona.com\\\/actualidad\\\/#\\\/schema\\\/person\\\/efe887376f0213d4657c93adc50b1fdb\",\"name\":\"La Gu\u00eda de Pamplona\",\"image\":{\"@type\":\"ImageObject\",\"inLanguage\":\"es\",\"@id\":\"https:\\\/\\\/secure.gravatar.com\\\/avatar\\\/b6992f131dc8d30ab0dff15446e9d346d9dbd95992de0fef795073f5ea83a81c?s=96&d=mm&r=g\",\"url\":\"https:\\\/\\\/secure.gravatar.com\\\/avatar\\\/b6992f131dc8d30ab0dff15446e9d346d9dbd95992de0fef795073f5ea83a81c?s=96&d=mm&r=g\",\"contentUrl\":\"https:\\\/\\\/secure.gravatar.com\\\/avatar\\\/b6992f131dc8d30ab0dff15446e9d346d9dbd95992de0fef795073f5ea83a81c?s=96&d=mm&r=g\",\"caption\":\"La Gu\u00eda de Pamplona\"}}]}<\/script>\n<!-- \/ Yoast SEO plugin. -->","yoast_head_json":{"title":"M\u00e1s de 200 fotograf\u00edas publicadas e in\u00e9ditas sobre los Encuentros de Pamplona 1972 en la muestra \u2018P\u00edo Gerendi\u00e1in - -Koldo Chamorro\u2019, abierta en Condestable","description":"Las miradas de estos dos fot\u00f3grafos documentan el marco en el que se desarroll\u00f3 en la ciudad este evento de las vanguardias","robots":{"index":"index","follow":"follow","max-snippet":"max-snippet:-1","max-image-preview":"max-image-preview:large","max-video-preview":"max-video-preview:-1"},"canonical":"https:\/\/www.laguiadepamplona.com\/actualidad\/mas-de-200-fotografias-publicadas-e-ineditas-sobre-los-encuentros-de-pamplona-1972-en-la-muestra-pio-gerendiain-koldo-chamorro-abierta-en-condestable\/","og_locale":"es_ES","og_type":"article","og_title":"M\u00e1s de 200 fotograf\u00edas publicadas e in\u00e9ditas sobre los Encuentros de Pamplona 1972 en la muestra \u2018P\u00edo Gerendi\u00e1in - -Koldo Chamorro\u2019, abierta en Condestable","og_description":"Las miradas de estos dos fot\u00f3grafos documentan el marco en el que se desarroll\u00f3 en la ciudad este evento de las vanguardias","og_url":"https:\/\/www.laguiadepamplona.com\/actualidad\/mas-de-200-fotografias-publicadas-e-ineditas-sobre-los-encuentros-de-pamplona-1972-en-la-muestra-pio-gerendiain-koldo-chamorro-abierta-en-condestable\/","og_site_name":"La Gu\u00eda de Pamplona","article_publisher":"https:\/\/www.facebook.com\/laguiadepamplonacom-133175176762273\/?ref=hl","article_published_time":"2022-10-06T12:03:15+00:00","article_modified_time":"2023-04-11T09:47:45+00:00","og_image":[{"width":1600,"height":1200,"url":"https:\/\/www.laguiadepamplona.com\/actualidad\/wp-content\/uploads\/2022\/10\/encuentros2.jpeg","type":"image\/jpeg"}],"author":"La Gu\u00eda de Pamplona","twitter_card":"summary_large_image","twitter_creator":"@LaGuiadPamplona","twitter_site":"@LaGuiadPamplona","twitter_misc":{"Escrito por":"La Gu\u00eda de Pamplona","Tiempo de lectura":"5 minutos"},"schema":{"@context":"https:\/\/schema.org","@graph":[{"@type":"Article","@id":"https:\/\/www.laguiadepamplona.com\/actualidad\/mas-de-200-fotografias-publicadas-e-ineditas-sobre-los-encuentros-de-pamplona-1972-en-la-muestra-pio-gerendiain-koldo-chamorro-abierta-en-condestable\/#article","isPartOf":{"@id":"https:\/\/www.laguiadepamplona.com\/actualidad\/mas-de-200-fotografias-publicadas-e-ineditas-sobre-los-encuentros-de-pamplona-1972-en-la-muestra-pio-gerendiain-koldo-chamorro-abierta-en-condestable\/"},"author":{"name":"La Gu\u00eda de Pamplona","@id":"https:\/\/www.laguiadepamplona.com\/actualidad\/#\/schema\/person\/efe887376f0213d4657c93adc50b1fdb"},"headline":"M\u00e1s de 200 fotograf\u00edas publicadas e in\u00e9ditas sobre los Encuentros de Pamplona 1972 en la muestra \u2018P\u00edo Gerendi\u00e1in &#8211; -Koldo Chamorro\u2019, abierta en Condestable","datePublished":"2022-10-06T12:03:15+00:00","dateModified":"2023-04-11T09:47:45+00:00","mainEntityOfPage":{"@id":"https:\/\/www.laguiadepamplona.com\/actualidad\/mas-de-200-fotografias-publicadas-e-ineditas-sobre-los-encuentros-de-pamplona-1972-en-la-muestra-pio-gerendiain-koldo-chamorro-abierta-en-condestable\/"},"wordCount":1110,"commentCount":0,"publisher":{"@id":"https:\/\/www.laguiadepamplona.com\/actualidad\/#organization"},"image":{"@id":"https:\/\/www.laguiadepamplona.com\/actualidad\/mas-de-200-fotografias-publicadas-e-ineditas-sobre-los-encuentros-de-pamplona-1972-en-la-muestra-pio-gerendiain-koldo-chamorro-abierta-en-condestable\/#primaryimage"},"thumbnailUrl":"https:\/\/www.laguiadepamplona.com\/actualidad\/wp-content\/uploads\/2022\/10\/encuentros2.jpeg","articleSection":["Ayto Pamplona"],"inLanguage":"es","potentialAction":[{"@type":"CommentAction","name":"Comment","target":["https:\/\/www.laguiadepamplona.com\/actualidad\/mas-de-200-fotografias-publicadas-e-ineditas-sobre-los-encuentros-de-pamplona-1972-en-la-muestra-pio-gerendiain-koldo-chamorro-abierta-en-condestable\/#respond"]}]},{"@type":"WebPage","@id":"https:\/\/www.laguiadepamplona.com\/actualidad\/mas-de-200-fotografias-publicadas-e-ineditas-sobre-los-encuentros-de-pamplona-1972-en-la-muestra-pio-gerendiain-koldo-chamorro-abierta-en-condestable\/","url":"https:\/\/www.laguiadepamplona.com\/actualidad\/mas-de-200-fotografias-publicadas-e-ineditas-sobre-los-encuentros-de-pamplona-1972-en-la-muestra-pio-gerendiain-koldo-chamorro-abierta-en-condestable\/","name":"M\u00e1s de 200 fotograf\u00edas publicadas e in\u00e9ditas sobre los Encuentros de Pamplona 1972 en la muestra \u2018P\u00edo Gerendi\u00e1in - -Koldo Chamorro\u2019, abierta en Condestable","isPartOf":{"@id":"https:\/\/www.laguiadepamplona.com\/actualidad\/#website"},"primaryImageOfPage":{"@id":"https:\/\/www.laguiadepamplona.com\/actualidad\/mas-de-200-fotografias-publicadas-e-ineditas-sobre-los-encuentros-de-pamplona-1972-en-la-muestra-pio-gerendiain-koldo-chamorro-abierta-en-condestable\/#primaryimage"},"image":{"@id":"https:\/\/www.laguiadepamplona.com\/actualidad\/mas-de-200-fotografias-publicadas-e-ineditas-sobre-los-encuentros-de-pamplona-1972-en-la-muestra-pio-gerendiain-koldo-chamorro-abierta-en-condestable\/#primaryimage"},"thumbnailUrl":"https:\/\/www.laguiadepamplona.com\/actualidad\/wp-content\/uploads\/2022\/10\/encuentros2.jpeg","datePublished":"2022-10-06T12:03:15+00:00","dateModified":"2023-04-11T09:47:45+00:00","description":"Las miradas de estos dos fot\u00f3grafos documentan el marco en el que se desarroll\u00f3 en la ciudad este evento de las vanguardias","breadcrumb":{"@id":"https:\/\/www.laguiadepamplona.com\/actualidad\/mas-de-200-fotografias-publicadas-e-ineditas-sobre-los-encuentros-de-pamplona-1972-en-la-muestra-pio-gerendiain-koldo-chamorro-abierta-en-condestable\/#breadcrumb"},"inLanguage":"es","potentialAction":[{"@type":"ReadAction","target":["https:\/\/www.laguiadepamplona.com\/actualidad\/mas-de-200-fotografias-publicadas-e-ineditas-sobre-los-encuentros-de-pamplona-1972-en-la-muestra-pio-gerendiain-koldo-chamorro-abierta-en-condestable\/"]}]},{"@type":"ImageObject","inLanguage":"es","@id":"https:\/\/www.laguiadepamplona.com\/actualidad\/mas-de-200-fotografias-publicadas-e-ineditas-sobre-los-encuentros-de-pamplona-1972-en-la-muestra-pio-gerendiain-koldo-chamorro-abierta-en-condestable\/#primaryimage","url":"https:\/\/www.laguiadepamplona.com\/actualidad\/wp-content\/uploads\/2022\/10\/encuentros2.jpeg","contentUrl":"https:\/\/www.laguiadepamplona.com\/actualidad\/wp-content\/uploads\/2022\/10\/encuentros2.jpeg","width":1600,"height":1200},{"@type":"BreadcrumbList","@id":"https:\/\/www.laguiadepamplona.com\/actualidad\/mas-de-200-fotografias-publicadas-e-ineditas-sobre-los-encuentros-de-pamplona-1972-en-la-muestra-pio-gerendiain-koldo-chamorro-abierta-en-condestable\/#breadcrumb","itemListElement":[{"@type":"ListItem","position":1,"name":"Portada","item":"https:\/\/www.laguiadepamplona.com\/actualidad\/"},{"@type":"ListItem","position":2,"name":"M\u00e1s de 200 fotograf\u00edas publicadas e in\u00e9ditas sobre los Encuentros de Pamplona 1972 en la muestra \u2018P\u00edo Gerendi\u00e1in &#8211; -Koldo Chamorro\u2019, abierta en Condestable"}]},{"@type":"WebSite","@id":"https:\/\/www.laguiadepamplona.com\/actualidad\/#website","url":"https:\/\/www.laguiadepamplona.com\/actualidad\/","name":"La gu\u00eda de Pamplona","description":"Noticias de Pamplona","publisher":{"@id":"https:\/\/www.laguiadepamplona.com\/actualidad\/#organization"},"potentialAction":[{"@type":"SearchAction","target":{"@type":"EntryPoint","urlTemplate":"https:\/\/www.laguiadepamplona.com\/actualidad\/?s={search_term_string}"},"query-input":{"@type":"PropertyValueSpecification","valueRequired":true,"valueName":"search_term_string"}}],"inLanguage":"es"},{"@type":"Organization","@id":"https:\/\/www.laguiadepamplona.com\/actualidad\/#organization","name":"La Gu\u00eda de Pamplona \/ Noticias","url":"https:\/\/www.laguiadepamplona.com\/actualidad\/","logo":{"@type":"ImageObject","inLanguage":"es","@id":"https:\/\/www.laguiadepamplona.com\/actualidad\/#\/schema\/logo\/image\/","url":"https:\/\/www.laguiadepamplona.com\/actualidad\/wp-content\/uploads\/2018\/11\/logo-laguiadepamplona18-web1.png","contentUrl":"https:\/\/www.laguiadepamplona.com\/actualidad\/wp-content\/uploads\/2018\/11\/logo-laguiadepamplona18-web1.png","width":600,"height":196,"caption":"La Gu\u00eda de Pamplona \/ Noticias"},"image":{"@id":"https:\/\/www.laguiadepamplona.com\/actualidad\/#\/schema\/logo\/image\/"},"sameAs":["https:\/\/www.facebook.com\/laguiadepamplonacom-133175176762273\/?ref=hl","https:\/\/x.com\/LaGuiadPamplona","https:\/\/www.instagram.com\/la_guia_de_pamplona\/","https:\/\/www.youtube.com\/user\/laguiadepamplona"]},{"@type":"Person","@id":"https:\/\/www.laguiadepamplona.com\/actualidad\/#\/schema\/person\/efe887376f0213d4657c93adc50b1fdb","name":"La Gu\u00eda de Pamplona","image":{"@type":"ImageObject","inLanguage":"es","@id":"https:\/\/secure.gravatar.com\/avatar\/b6992f131dc8d30ab0dff15446e9d346d9dbd95992de0fef795073f5ea83a81c?s=96&d=mm&r=g","url":"https:\/\/secure.gravatar.com\/avatar\/b6992f131dc8d30ab0dff15446e9d346d9dbd95992de0fef795073f5ea83a81c?s=96&d=mm&r=g","contentUrl":"https:\/\/secure.gravatar.com\/avatar\/b6992f131dc8d30ab0dff15446e9d346d9dbd95992de0fef795073f5ea83a81c?s=96&d=mm&r=g","caption":"La Gu\u00eda de Pamplona"}}]}},"post_mailing_queue_ids":[],"_links":{"self":[{"href":"https:\/\/www.laguiadepamplona.com\/actualidad\/wp-json\/wp\/v2\/posts\/41823","targetHints":{"allow":["GET"]}}],"collection":[{"href":"https:\/\/www.laguiadepamplona.com\/actualidad\/wp-json\/wp\/v2\/posts"}],"about":[{"href":"https:\/\/www.laguiadepamplona.com\/actualidad\/wp-json\/wp\/v2\/types\/post"}],"author":[{"embeddable":true,"href":"https:\/\/www.laguiadepamplona.com\/actualidad\/wp-json\/wp\/v2\/users\/1"}],"replies":[{"embeddable":true,"href":"https:\/\/www.laguiadepamplona.com\/actualidad\/wp-json\/wp\/v2\/comments?post=41823"}],"version-history":[{"count":0,"href":"https:\/\/www.laguiadepamplona.com\/actualidad\/wp-json\/wp\/v2\/posts\/41823\/revisions"}],"wp:featuredmedia":[{"embeddable":true,"href":"https:\/\/www.laguiadepamplona.com\/actualidad\/wp-json\/wp\/v2\/media\/41824"}],"wp:attachment":[{"href":"https:\/\/www.laguiadepamplona.com\/actualidad\/wp-json\/wp\/v2\/media?parent=41823"}],"wp:term":[{"taxonomy":"category","embeddable":true,"href":"https:\/\/www.laguiadepamplona.com\/actualidad\/wp-json\/wp\/v2\/categories?post=41823"},{"taxonomy":"post_tag","embeddable":true,"href":"https:\/\/www.laguiadepamplona.com\/actualidad\/wp-json\/wp\/v2\/tags?post=41823"}],"curies":[{"name":"wp","href":"https:\/\/api.w.org\/{rel}","templated":true}]}}