{"id":41820,"date":"2022-10-06T14:01:25","date_gmt":"2022-10-06T12:01:25","guid":{"rendered":"https:\/\/www.laguiadepamplona.com\/actualidad\/?p=41820"},"modified":"2023-04-11T11:47:45","modified_gmt":"2023-04-11T09:47:45","slug":"pamplona-acoge-este-fin-de-semana-los-campeonatos-de-espana-de-atletismo-sub-16-e-inclusivo-por-selecciones-autonomicas-con-la-presencia-de-mas-de-600-deportistas","status":"publish","type":"post","link":"https:\/\/www.laguiadepamplona.com\/actualidad\/pamplona-acoge-este-fin-de-semana-los-campeonatos-de-espana-de-atletismo-sub-16-e-inclusivo-por-selecciones-autonomicas-con-la-presencia-de-mas-de-600-deportistas\/","title":{"rendered":"Pamplona acoge este fin de semana los Campeonatos de Espa\u00f1a de Atletismo sub-16 e Inclusivo por selecciones auton\u00f3micas, con la presencia de m\u00e1s de 600 deportistas"},"content":{"rendered":"<h5>Las pruebas se celebrar\u00e1n el s\u00e1bado por la tarde y el domingo por la ma\u00f1ana en el Estadio Larrabide<\/h5>\n<p><!--more--><\/p>\n<p>M\u00e1s de 600 deportistas, 39 pruebas atl\u00e9ticas y dos d\u00edas de competici\u00f3n. Pamplona ser\u00e1 la sede este pr\u00f3ximo fin de semana del Campeonato de Espa\u00f1a de Atletismo en categor\u00eda sub-16 por selecciones auton\u00f3micas y del Campeonato de Espa\u00f1a de Atletismo Inclusivo, tambi\u00e9n por selecciones auton\u00f3micas. El Estadio Larrabide volver\u00e1 a ser el epicentro del atletismo nacional, en esta ocasi\u00f3n, centrado en la cantera, con deportistas nacidos en los a\u00f1os 2007 y 2008.<\/p>\n<p>La concejala delegada de Servicios Sociales, Acci\u00f3n Comunitaria y Deporte, Mar\u00eda Caballero, el director gerente del Instituto Navarro del Deporte, Miguel Pozueta, el presidente de la Real Federaci\u00f3n Espa\u00f1ola de Atletismo, Ra\u00fal Chapado, y el presidente de la Federaci\u00f3n Navarra de Atletismo, Rodrigo Dom\u00ednguez, han presentado esta ma\u00f1ana estos campeonatos que se disputar\u00e1n los d\u00edas 8 y 9 de octubre. Habr\u00e1 representaci\u00f3n de todas las autonom\u00edas. Navarra contar\u00e1 con 45 atletas compitiendo en diferentes pruebas. El acceso al Estadio Larrabide ser\u00e1 gratuito para el p\u00fablico que quiera ver a las promesas del atletismo nacional.<br \/>\n<script async src=\"\/\/pagead2.googlesyndication.com\/pagead\/js\/adsbygoogle.js\"><\/script><br \/>\n<!-- Noticias La Guia de Pamplona --><br \/>\n<ins class=\"adsbygoogle\"\nstyle=\"display:block\"\ndata-ad-client=\"ca-pub-6943679897239327\"\ndata-ad-slot=\"7048180777\"\ndata-ad-format=\"auto\"><\/ins><br \/>\n<script>\n(adsbygoogle = window.adsbygoogle || []).push({});\n<\/script><\/p>\n<p>Pamplona prev\u00e9 que la competici\u00f3n atraiga a m\u00e1s de 2.000 personas, entre deportistas, personal t\u00e9cnico de las federaciones auton\u00f3micas, jueces y \u00e1rbitros y, tambi\u00e9n, familiares, ya que no hay que olvidar que los sub-16 son menores de edad y suelen movilizar a un mayor n\u00famero de gente. Lo mismo ocurre con el deporte inclusivo, ejemplo de integraci\u00f3n y superaci\u00f3n personal, que contar\u00e1 con atletas en diferentes disciplinas.<\/p>\n<p>Adem\u00e1s del apoyo al deporte, al deporte base y al deporte inclusivo, en concreto, estos campeonatos suponen tambi\u00e9n la visibilizaci\u00f3n de Pamplona como destino saludable, con el consiguiente impacto econ\u00f3mico en la ciudad de una competici\u00f3n como esta. En 2012 Pamplona ya acogi\u00f3 los Campeonatos de Espa\u00f1a de Atletismo absolutos y desde entonces se han disputado tambi\u00e9n en Larrabide otras competiciones oficiales nacionales y regionales de diferentes categor\u00edas.<br \/>\n<script async src=\"\/\/pagead2.googlesyndication.com\/pagead\/js\/adsbygoogle.js\"><\/script><br \/>\n<!-- Noticias La Guia de Pamplona --><br \/>\n<ins class=\"adsbygoogle\"\nstyle=\"display:block\"\ndata-ad-client=\"ca-pub-6943679897239327\"\ndata-ad-slot=\"7048180777\"\ndata-ad-format=\"auto\"><\/ins><br \/>\n<script>\n(adsbygoogle = window.adsbygoogle || []).push({});\n<\/script><\/p>\n<p><strong>Una tarde y un ma\u00f1ana de competici\u00f3n<\/strong><\/p>\n<p>Las pruebas dar\u00e1n comienzo el s\u00e1bado en horario de tarde, de 16.30 a 21 horas, aproximadamente. Ese primer d\u00eda se disputar\u00e1n las semifinales masculinas y femeninas de 100 metros y 110 metros vallas, como disciplinas con un mayor \u00edndice de participaci\u00f3n. Adem\u00e1s, se celebrar\u00e1n las finales de modalidades como lanzamiento de martillo, disco y peso, salto con p\u00e9rtiga, triple salto, 300 metros y 300 metros vallas, 600 metros y 1.500 obst\u00e1culos, en categor\u00eda masculino, y de triple salto, salto de altura, 300 metros y 300 metros vallas, disco, 600 metros, 1.500 obst\u00e1culos y 3.000 marcha.<\/p>\n<p>El domingo por la ma\u00f1ana, desde las 9 hasta las 14 horas, se disputar\u00e1n m\u00e1s de una veintena de finales. Est\u00e1n previstas las finales de 100 metros, 100 metros vallas, salto de longitud, lanzamiento de jabalina, 1.000, 3.000, relevos 4&#215;100 y relevos 4&#215;300 tanto en categor\u00eda masculina como femenina. Asimismo, se han programado las finales de martillo, p\u00e9rtiga y peso en chicas y 5.000 marcha y altura en chicos. La jornada y los campeonatos de Espa\u00f1a concluir\u00e1n con el relevo 4&#215;100 inclusivo.<\/p>\n","protected":false},"excerpt":{"rendered":"<p>Las pruebas se celebrar\u00e1n el s\u00e1bado por la tarde y el domingo por la ma\u00f1ana en el Estadio Larrabide<\/p>\n","protected":false},"author":1,"featured_media":41821,"comment_status":"open","ping_status":"closed","sticky":false,"template":"","format":"standard","meta":{"footnotes":""},"categories":[2],"tags":[],"class_list":["post-41820","post","type-post","status-publish","format-standard","has-post-thumbnail","hentry","category-ayuntamiento-pamplona"],"yoast_head":"<!-- This site is optimized with the Yoast SEO plugin v27.3 - https:\/\/yoast.com\/product\/yoast-seo-wordpress\/ -->\n<title>Pamplona acoge este fin de semana los Campeonatos de Espa\u00f1a de Atletismo sub-16 e Inclusivo por selecciones auton\u00f3micas, con la presencia de m\u00e1s de 600 deportistas<\/title>\n<meta name=\"description\" content=\"Las pruebas se celebrar\u00e1n el s\u00e1bado por la tarde y el domingo por la ma\u00f1ana en el Estadio Larrabide\" \/>\n<meta name=\"robots\" content=\"index, follow, max-snippet:-1, max-image-preview:large, max-video-preview:-1\" \/>\n<link rel=\"canonical\" href=\"https:\/\/www.laguiadepamplona.com\/actualidad\/pamplona-acoge-este-fin-de-semana-los-campeonatos-de-espana-de-atletismo-sub-16-e-inclusivo-por-selecciones-autonomicas-con-la-presencia-de-mas-de-600-deportistas\/\" \/>\n<meta property=\"og:locale\" content=\"es_ES\" \/>\n<meta property=\"og:type\" content=\"article\" \/>\n<meta property=\"og:title\" content=\"Pamplona acoge este fin de semana los Campeonatos de Espa\u00f1a de Atletismo sub-16 e Inclusivo por selecciones auton\u00f3micas, con la presencia de m\u00e1s de 600 deportistas\" \/>\n<meta property=\"og:description\" content=\"Las pruebas se celebrar\u00e1n el s\u00e1bado por la tarde y el domingo por la ma\u00f1ana en el Estadio Larrabide\" \/>\n<meta property=\"og:url\" content=\"https:\/\/www.laguiadepamplona.com\/actualidad\/pamplona-acoge-este-fin-de-semana-los-campeonatos-de-espana-de-atletismo-sub-16-e-inclusivo-por-selecciones-autonomicas-con-la-presencia-de-mas-de-600-deportistas\/\" \/>\n<meta property=\"og:site_name\" content=\"La Gu\u00eda de Pamplona\" \/>\n<meta property=\"article:publisher\" content=\"https:\/\/www.facebook.com\/laguiadepamplonacom-133175176762273\/?ref=hl\" \/>\n<meta property=\"article:published_time\" content=\"2022-10-06T12:01:25+00:00\" \/>\n<meta property=\"article:modified_time\" content=\"2023-04-11T09:47:45+00:00\" \/>\n<meta property=\"og:image\" content=\"https:\/\/www.laguiadepamplona.com\/actualidad\/wp-content\/uploads\/2022\/10\/22.10.06_campeonato_espana_atletismo_sub16_CAST.webp\" \/>\n\t<meta property=\"og:image:width\" content=\"1920\" \/>\n\t<meta property=\"og:image:height\" content=\"1080\" \/>\n\t<meta property=\"og:image:type\" content=\"image\/webp\" \/>\n<meta name=\"author\" content=\"La Gu\u00eda de Pamplona\" \/>\n<meta name=\"twitter:card\" content=\"summary_large_image\" \/>\n<meta name=\"twitter:creator\" content=\"@LaGuiadPamplona\" \/>\n<meta name=\"twitter:site\" content=\"@LaGuiadPamplona\" \/>\n<meta name=\"twitter:label1\" content=\"Escrito por\" \/>\n\t<meta name=\"twitter:data1\" content=\"La Gu\u00eda de Pamplona\" \/>\n\t<meta name=\"twitter:label2\" content=\"Tiempo de lectura\" \/>\n\t<meta name=\"twitter:data2\" content=\"3 minutos\" \/>\n<script type=\"application\/ld+json\" class=\"yoast-schema-graph\">{\"@context\":\"https:\\\/\\\/schema.org\",\"@graph\":[{\"@type\":\"Article\",\"@id\":\"https:\\\/\\\/www.laguiadepamplona.com\\\/actualidad\\\/pamplona-acoge-este-fin-de-semana-los-campeonatos-de-espana-de-atletismo-sub-16-e-inclusivo-por-selecciones-autonomicas-con-la-presencia-de-mas-de-600-deportistas\\\/#article\",\"isPartOf\":{\"@id\":\"https:\\\/\\\/www.laguiadepamplona.com\\\/actualidad\\\/pamplona-acoge-este-fin-de-semana-los-campeonatos-de-espana-de-atletismo-sub-16-e-inclusivo-por-selecciones-autonomicas-con-la-presencia-de-mas-de-600-deportistas\\\/\"},\"author\":{\"name\":\"La Gu\u00eda de Pamplona\",\"@id\":\"https:\\\/\\\/www.laguiadepamplona.com\\\/actualidad\\\/#\\\/schema\\\/person\\\/efe887376f0213d4657c93adc50b1fdb\"},\"headline\":\"Pamplona acoge este fin de semana los Campeonatos de Espa\u00f1a de Atletismo sub-16 e Inclusivo por selecciones auton\u00f3micas, con la presencia de m\u00e1s de 600 deportistas\",\"datePublished\":\"2022-10-06T12:01:25+00:00\",\"dateModified\":\"2023-04-11T09:47:45+00:00\",\"mainEntityOfPage\":{\"@id\":\"https:\\\/\\\/www.laguiadepamplona.com\\\/actualidad\\\/pamplona-acoge-este-fin-de-semana-los-campeonatos-de-espana-de-atletismo-sub-16-e-inclusivo-por-selecciones-autonomicas-con-la-presencia-de-mas-de-600-deportistas\\\/\"},\"wordCount\":569,\"commentCount\":0,\"publisher\":{\"@id\":\"https:\\\/\\\/www.laguiadepamplona.com\\\/actualidad\\\/#organization\"},\"image\":{\"@id\":\"https:\\\/\\\/www.laguiadepamplona.com\\\/actualidad\\\/pamplona-acoge-este-fin-de-semana-los-campeonatos-de-espana-de-atletismo-sub-16-e-inclusivo-por-selecciones-autonomicas-con-la-presencia-de-mas-de-600-deportistas\\\/#primaryimage\"},\"thumbnailUrl\":\"https:\\\/\\\/www.laguiadepamplona.com\\\/actualidad\\\/wp-content\\\/uploads\\\/2022\\\/10\\\/22.10.06_campeonato_espana_atletismo_sub16_CAST.webp\",\"articleSection\":[\"Ayto Pamplona\"],\"inLanguage\":\"es\",\"potentialAction\":[{\"@type\":\"CommentAction\",\"name\":\"Comment\",\"target\":[\"https:\\\/\\\/www.laguiadepamplona.com\\\/actualidad\\\/pamplona-acoge-este-fin-de-semana-los-campeonatos-de-espana-de-atletismo-sub-16-e-inclusivo-por-selecciones-autonomicas-con-la-presencia-de-mas-de-600-deportistas\\\/#respond\"]}]},{\"@type\":\"WebPage\",\"@id\":\"https:\\\/\\\/www.laguiadepamplona.com\\\/actualidad\\\/pamplona-acoge-este-fin-de-semana-los-campeonatos-de-espana-de-atletismo-sub-16-e-inclusivo-por-selecciones-autonomicas-con-la-presencia-de-mas-de-600-deportistas\\\/\",\"url\":\"https:\\\/\\\/www.laguiadepamplona.com\\\/actualidad\\\/pamplona-acoge-este-fin-de-semana-los-campeonatos-de-espana-de-atletismo-sub-16-e-inclusivo-por-selecciones-autonomicas-con-la-presencia-de-mas-de-600-deportistas\\\/\",\"name\":\"Pamplona acoge este fin de semana los Campeonatos de Espa\u00f1a de Atletismo sub-16 e Inclusivo por selecciones auton\u00f3micas, con la presencia de m\u00e1s de 600 deportistas\",\"isPartOf\":{\"@id\":\"https:\\\/\\\/www.laguiadepamplona.com\\\/actualidad\\\/#website\"},\"primaryImageOfPage\":{\"@id\":\"https:\\\/\\\/www.laguiadepamplona.com\\\/actualidad\\\/pamplona-acoge-este-fin-de-semana-los-campeonatos-de-espana-de-atletismo-sub-16-e-inclusivo-por-selecciones-autonomicas-con-la-presencia-de-mas-de-600-deportistas\\\/#primaryimage\"},\"image\":{\"@id\":\"https:\\\/\\\/www.laguiadepamplona.com\\\/actualidad\\\/pamplona-acoge-este-fin-de-semana-los-campeonatos-de-espana-de-atletismo-sub-16-e-inclusivo-por-selecciones-autonomicas-con-la-presencia-de-mas-de-600-deportistas\\\/#primaryimage\"},\"thumbnailUrl\":\"https:\\\/\\\/www.laguiadepamplona.com\\\/actualidad\\\/wp-content\\\/uploads\\\/2022\\\/10\\\/22.10.06_campeonato_espana_atletismo_sub16_CAST.webp\",\"datePublished\":\"2022-10-06T12:01:25+00:00\",\"dateModified\":\"2023-04-11T09:47:45+00:00\",\"description\":\"Las pruebas se celebrar\u00e1n el s\u00e1bado por la tarde y el domingo por la ma\u00f1ana en el Estadio Larrabide\",\"breadcrumb\":{\"@id\":\"https:\\\/\\\/www.laguiadepamplona.com\\\/actualidad\\\/pamplona-acoge-este-fin-de-semana-los-campeonatos-de-espana-de-atletismo-sub-16-e-inclusivo-por-selecciones-autonomicas-con-la-presencia-de-mas-de-600-deportistas\\\/#breadcrumb\"},\"inLanguage\":\"es\",\"potentialAction\":[{\"@type\":\"ReadAction\",\"target\":[\"https:\\\/\\\/www.laguiadepamplona.com\\\/actualidad\\\/pamplona-acoge-este-fin-de-semana-los-campeonatos-de-espana-de-atletismo-sub-16-e-inclusivo-por-selecciones-autonomicas-con-la-presencia-de-mas-de-600-deportistas\\\/\"]}]},{\"@type\":\"ImageObject\",\"inLanguage\":\"es\",\"@id\":\"https:\\\/\\\/www.laguiadepamplona.com\\\/actualidad\\\/pamplona-acoge-este-fin-de-semana-los-campeonatos-de-espana-de-atletismo-sub-16-e-inclusivo-por-selecciones-autonomicas-con-la-presencia-de-mas-de-600-deportistas\\\/#primaryimage\",\"url\":\"https:\\\/\\\/www.laguiadepamplona.com\\\/actualidad\\\/wp-content\\\/uploads\\\/2022\\\/10\\\/22.10.06_campeonato_espana_atletismo_sub16_CAST.webp\",\"contentUrl\":\"https:\\\/\\\/www.laguiadepamplona.com\\\/actualidad\\\/wp-content\\\/uploads\\\/2022\\\/10\\\/22.10.06_campeonato_espana_atletismo_sub16_CAST.webp\",\"width\":1920,\"height\":1080},{\"@type\":\"BreadcrumbList\",\"@id\":\"https:\\\/\\\/www.laguiadepamplona.com\\\/actualidad\\\/pamplona-acoge-este-fin-de-semana-los-campeonatos-de-espana-de-atletismo-sub-16-e-inclusivo-por-selecciones-autonomicas-con-la-presencia-de-mas-de-600-deportistas\\\/#breadcrumb\",\"itemListElement\":[{\"@type\":\"ListItem\",\"position\":1,\"name\":\"Portada\",\"item\":\"https:\\\/\\\/www.laguiadepamplona.com\\\/actualidad\\\/\"},{\"@type\":\"ListItem\",\"position\":2,\"name\":\"Pamplona acoge este fin de semana los Campeonatos de Espa\u00f1a de Atletismo sub-16 e Inclusivo por selecciones auton\u00f3micas, con la presencia de m\u00e1s de 600 deportistas\"}]},{\"@type\":\"WebSite\",\"@id\":\"https:\\\/\\\/www.laguiadepamplona.com\\\/actualidad\\\/#website\",\"url\":\"https:\\\/\\\/www.laguiadepamplona.com\\\/actualidad\\\/\",\"name\":\"La gu\u00eda de Pamplona\",\"description\":\"Noticias de Pamplona\",\"publisher\":{\"@id\":\"https:\\\/\\\/www.laguiadepamplona.com\\\/actualidad\\\/#organization\"},\"potentialAction\":[{\"@type\":\"SearchAction\",\"target\":{\"@type\":\"EntryPoint\",\"urlTemplate\":\"https:\\\/\\\/www.laguiadepamplona.com\\\/actualidad\\\/?s={search_term_string}\"},\"query-input\":{\"@type\":\"PropertyValueSpecification\",\"valueRequired\":true,\"valueName\":\"search_term_string\"}}],\"inLanguage\":\"es\"},{\"@type\":\"Organization\",\"@id\":\"https:\\\/\\\/www.laguiadepamplona.com\\\/actualidad\\\/#organization\",\"name\":\"La Gu\u00eda de Pamplona \\\/ Noticias\",\"url\":\"https:\\\/\\\/www.laguiadepamplona.com\\\/actualidad\\\/\",\"logo\":{\"@type\":\"ImageObject\",\"inLanguage\":\"es\",\"@id\":\"https:\\\/\\\/www.laguiadepamplona.com\\\/actualidad\\\/#\\\/schema\\\/logo\\\/image\\\/\",\"url\":\"https:\\\/\\\/www.laguiadepamplona.com\\\/actualidad\\\/wp-content\\\/uploads\\\/2018\\\/11\\\/logo-laguiadepamplona18-web1.png\",\"contentUrl\":\"https:\\\/\\\/www.laguiadepamplona.com\\\/actualidad\\\/wp-content\\\/uploads\\\/2018\\\/11\\\/logo-laguiadepamplona18-web1.png\",\"width\":600,\"height\":196,\"caption\":\"La Gu\u00eda de Pamplona \\\/ Noticias\"},\"image\":{\"@id\":\"https:\\\/\\\/www.laguiadepamplona.com\\\/actualidad\\\/#\\\/schema\\\/logo\\\/image\\\/\"},\"sameAs\":[\"https:\\\/\\\/www.facebook.com\\\/laguiadepamplonacom-133175176762273\\\/?ref=hl\",\"https:\\\/\\\/x.com\\\/LaGuiadPamplona\",\"https:\\\/\\\/www.instagram.com\\\/la_guia_de_pamplona\\\/\",\"https:\\\/\\\/www.youtube.com\\\/user\\\/laguiadepamplona\"]},{\"@type\":\"Person\",\"@id\":\"https:\\\/\\\/www.laguiadepamplona.com\\\/actualidad\\\/#\\\/schema\\\/person\\\/efe887376f0213d4657c93adc50b1fdb\",\"name\":\"La Gu\u00eda de Pamplona\",\"image\":{\"@type\":\"ImageObject\",\"inLanguage\":\"es\",\"@id\":\"https:\\\/\\\/secure.gravatar.com\\\/avatar\\\/b6992f131dc8d30ab0dff15446e9d346d9dbd95992de0fef795073f5ea83a81c?s=96&d=mm&r=g\",\"url\":\"https:\\\/\\\/secure.gravatar.com\\\/avatar\\\/b6992f131dc8d30ab0dff15446e9d346d9dbd95992de0fef795073f5ea83a81c?s=96&d=mm&r=g\",\"contentUrl\":\"https:\\\/\\\/secure.gravatar.com\\\/avatar\\\/b6992f131dc8d30ab0dff15446e9d346d9dbd95992de0fef795073f5ea83a81c?s=96&d=mm&r=g\",\"caption\":\"La Gu\u00eda de Pamplona\"}}]}<\/script>\n<!-- \/ Yoast SEO plugin. -->","yoast_head_json":{"title":"Pamplona acoge este fin de semana los Campeonatos de Espa\u00f1a de Atletismo sub-16 e Inclusivo por selecciones auton\u00f3micas, con la presencia de m\u00e1s de 600 deportistas","description":"Las pruebas se celebrar\u00e1n el s\u00e1bado por la tarde y el domingo por la ma\u00f1ana en el Estadio Larrabide","robots":{"index":"index","follow":"follow","max-snippet":"max-snippet:-1","max-image-preview":"max-image-preview:large","max-video-preview":"max-video-preview:-1"},"canonical":"https:\/\/www.laguiadepamplona.com\/actualidad\/pamplona-acoge-este-fin-de-semana-los-campeonatos-de-espana-de-atletismo-sub-16-e-inclusivo-por-selecciones-autonomicas-con-la-presencia-de-mas-de-600-deportistas\/","og_locale":"es_ES","og_type":"article","og_title":"Pamplona acoge este fin de semana los Campeonatos de Espa\u00f1a de Atletismo sub-16 e Inclusivo por selecciones auton\u00f3micas, con la presencia de m\u00e1s de 600 deportistas","og_description":"Las pruebas se celebrar\u00e1n el s\u00e1bado por la tarde y el domingo por la ma\u00f1ana en el Estadio Larrabide","og_url":"https:\/\/www.laguiadepamplona.com\/actualidad\/pamplona-acoge-este-fin-de-semana-los-campeonatos-de-espana-de-atletismo-sub-16-e-inclusivo-por-selecciones-autonomicas-con-la-presencia-de-mas-de-600-deportistas\/","og_site_name":"La Gu\u00eda de Pamplona","article_publisher":"https:\/\/www.facebook.com\/laguiadepamplonacom-133175176762273\/?ref=hl","article_published_time":"2022-10-06T12:01:25+00:00","article_modified_time":"2023-04-11T09:47:45+00:00","og_image":[{"width":1920,"height":1080,"url":"https:\/\/www.laguiadepamplona.com\/actualidad\/wp-content\/uploads\/2022\/10\/22.10.06_campeonato_espana_atletismo_sub16_CAST.webp","type":"image\/webp"}],"author":"La Gu\u00eda de Pamplona","twitter_card":"summary_large_image","twitter_creator":"@LaGuiadPamplona","twitter_site":"@LaGuiadPamplona","twitter_misc":{"Escrito por":"La Gu\u00eda de Pamplona","Tiempo de lectura":"3 minutos"},"schema":{"@context":"https:\/\/schema.org","@graph":[{"@type":"Article","@id":"https:\/\/www.laguiadepamplona.com\/actualidad\/pamplona-acoge-este-fin-de-semana-los-campeonatos-de-espana-de-atletismo-sub-16-e-inclusivo-por-selecciones-autonomicas-con-la-presencia-de-mas-de-600-deportistas\/#article","isPartOf":{"@id":"https:\/\/www.laguiadepamplona.com\/actualidad\/pamplona-acoge-este-fin-de-semana-los-campeonatos-de-espana-de-atletismo-sub-16-e-inclusivo-por-selecciones-autonomicas-con-la-presencia-de-mas-de-600-deportistas\/"},"author":{"name":"La Gu\u00eda de Pamplona","@id":"https:\/\/www.laguiadepamplona.com\/actualidad\/#\/schema\/person\/efe887376f0213d4657c93adc50b1fdb"},"headline":"Pamplona acoge este fin de semana los Campeonatos de Espa\u00f1a de Atletismo sub-16 e Inclusivo por selecciones auton\u00f3micas, con la presencia de m\u00e1s de 600 deportistas","datePublished":"2022-10-06T12:01:25+00:00","dateModified":"2023-04-11T09:47:45+00:00","mainEntityOfPage":{"@id":"https:\/\/www.laguiadepamplona.com\/actualidad\/pamplona-acoge-este-fin-de-semana-los-campeonatos-de-espana-de-atletismo-sub-16-e-inclusivo-por-selecciones-autonomicas-con-la-presencia-de-mas-de-600-deportistas\/"},"wordCount":569,"commentCount":0,"publisher":{"@id":"https:\/\/www.laguiadepamplona.com\/actualidad\/#organization"},"image":{"@id":"https:\/\/www.laguiadepamplona.com\/actualidad\/pamplona-acoge-este-fin-de-semana-los-campeonatos-de-espana-de-atletismo-sub-16-e-inclusivo-por-selecciones-autonomicas-con-la-presencia-de-mas-de-600-deportistas\/#primaryimage"},"thumbnailUrl":"https:\/\/www.laguiadepamplona.com\/actualidad\/wp-content\/uploads\/2022\/10\/22.10.06_campeonato_espana_atletismo_sub16_CAST.webp","articleSection":["Ayto Pamplona"],"inLanguage":"es","potentialAction":[{"@type":"CommentAction","name":"Comment","target":["https:\/\/www.laguiadepamplona.com\/actualidad\/pamplona-acoge-este-fin-de-semana-los-campeonatos-de-espana-de-atletismo-sub-16-e-inclusivo-por-selecciones-autonomicas-con-la-presencia-de-mas-de-600-deportistas\/#respond"]}]},{"@type":"WebPage","@id":"https:\/\/www.laguiadepamplona.com\/actualidad\/pamplona-acoge-este-fin-de-semana-los-campeonatos-de-espana-de-atletismo-sub-16-e-inclusivo-por-selecciones-autonomicas-con-la-presencia-de-mas-de-600-deportistas\/","url":"https:\/\/www.laguiadepamplona.com\/actualidad\/pamplona-acoge-este-fin-de-semana-los-campeonatos-de-espana-de-atletismo-sub-16-e-inclusivo-por-selecciones-autonomicas-con-la-presencia-de-mas-de-600-deportistas\/","name":"Pamplona acoge este fin de semana los Campeonatos de Espa\u00f1a de Atletismo sub-16 e Inclusivo por selecciones auton\u00f3micas, con la presencia de m\u00e1s de 600 deportistas","isPartOf":{"@id":"https:\/\/www.laguiadepamplona.com\/actualidad\/#website"},"primaryImageOfPage":{"@id":"https:\/\/www.laguiadepamplona.com\/actualidad\/pamplona-acoge-este-fin-de-semana-los-campeonatos-de-espana-de-atletismo-sub-16-e-inclusivo-por-selecciones-autonomicas-con-la-presencia-de-mas-de-600-deportistas\/#primaryimage"},"image":{"@id":"https:\/\/www.laguiadepamplona.com\/actualidad\/pamplona-acoge-este-fin-de-semana-los-campeonatos-de-espana-de-atletismo-sub-16-e-inclusivo-por-selecciones-autonomicas-con-la-presencia-de-mas-de-600-deportistas\/#primaryimage"},"thumbnailUrl":"https:\/\/www.laguiadepamplona.com\/actualidad\/wp-content\/uploads\/2022\/10\/22.10.06_campeonato_espana_atletismo_sub16_CAST.webp","datePublished":"2022-10-06T12:01:25+00:00","dateModified":"2023-04-11T09:47:45+00:00","description":"Las pruebas se celebrar\u00e1n el s\u00e1bado por la tarde y el domingo por la ma\u00f1ana en el Estadio Larrabide","breadcrumb":{"@id":"https:\/\/www.laguiadepamplona.com\/actualidad\/pamplona-acoge-este-fin-de-semana-los-campeonatos-de-espana-de-atletismo-sub-16-e-inclusivo-por-selecciones-autonomicas-con-la-presencia-de-mas-de-600-deportistas\/#breadcrumb"},"inLanguage":"es","potentialAction":[{"@type":"ReadAction","target":["https:\/\/www.laguiadepamplona.com\/actualidad\/pamplona-acoge-este-fin-de-semana-los-campeonatos-de-espana-de-atletismo-sub-16-e-inclusivo-por-selecciones-autonomicas-con-la-presencia-de-mas-de-600-deportistas\/"]}]},{"@type":"ImageObject","inLanguage":"es","@id":"https:\/\/www.laguiadepamplona.com\/actualidad\/pamplona-acoge-este-fin-de-semana-los-campeonatos-de-espana-de-atletismo-sub-16-e-inclusivo-por-selecciones-autonomicas-con-la-presencia-de-mas-de-600-deportistas\/#primaryimage","url":"https:\/\/www.laguiadepamplona.com\/actualidad\/wp-content\/uploads\/2022\/10\/22.10.06_campeonato_espana_atletismo_sub16_CAST.webp","contentUrl":"https:\/\/www.laguiadepamplona.com\/actualidad\/wp-content\/uploads\/2022\/10\/22.10.06_campeonato_espana_atletismo_sub16_CAST.webp","width":1920,"height":1080},{"@type":"BreadcrumbList","@id":"https:\/\/www.laguiadepamplona.com\/actualidad\/pamplona-acoge-este-fin-de-semana-los-campeonatos-de-espana-de-atletismo-sub-16-e-inclusivo-por-selecciones-autonomicas-con-la-presencia-de-mas-de-600-deportistas\/#breadcrumb","itemListElement":[{"@type":"ListItem","position":1,"name":"Portada","item":"https:\/\/www.laguiadepamplona.com\/actualidad\/"},{"@type":"ListItem","position":2,"name":"Pamplona acoge este fin de semana los Campeonatos de Espa\u00f1a de Atletismo sub-16 e Inclusivo por selecciones auton\u00f3micas, con la presencia de m\u00e1s de 600 deportistas"}]},{"@type":"WebSite","@id":"https:\/\/www.laguiadepamplona.com\/actualidad\/#website","url":"https:\/\/www.laguiadepamplona.com\/actualidad\/","name":"La gu\u00eda de Pamplona","description":"Noticias de Pamplona","publisher":{"@id":"https:\/\/www.laguiadepamplona.com\/actualidad\/#organization"},"potentialAction":[{"@type":"SearchAction","target":{"@type":"EntryPoint","urlTemplate":"https:\/\/www.laguiadepamplona.com\/actualidad\/?s={search_term_string}"},"query-input":{"@type":"PropertyValueSpecification","valueRequired":true,"valueName":"search_term_string"}}],"inLanguage":"es"},{"@type":"Organization","@id":"https:\/\/www.laguiadepamplona.com\/actualidad\/#organization","name":"La Gu\u00eda de Pamplona \/ Noticias","url":"https:\/\/www.laguiadepamplona.com\/actualidad\/","logo":{"@type":"ImageObject","inLanguage":"es","@id":"https:\/\/www.laguiadepamplona.com\/actualidad\/#\/schema\/logo\/image\/","url":"https:\/\/www.laguiadepamplona.com\/actualidad\/wp-content\/uploads\/2018\/11\/logo-laguiadepamplona18-web1.png","contentUrl":"https:\/\/www.laguiadepamplona.com\/actualidad\/wp-content\/uploads\/2018\/11\/logo-laguiadepamplona18-web1.png","width":600,"height":196,"caption":"La Gu\u00eda de Pamplona \/ Noticias"},"image":{"@id":"https:\/\/www.laguiadepamplona.com\/actualidad\/#\/schema\/logo\/image\/"},"sameAs":["https:\/\/www.facebook.com\/laguiadepamplonacom-133175176762273\/?ref=hl","https:\/\/x.com\/LaGuiadPamplona","https:\/\/www.instagram.com\/la_guia_de_pamplona\/","https:\/\/www.youtube.com\/user\/laguiadepamplona"]},{"@type":"Person","@id":"https:\/\/www.laguiadepamplona.com\/actualidad\/#\/schema\/person\/efe887376f0213d4657c93adc50b1fdb","name":"La Gu\u00eda de Pamplona","image":{"@type":"ImageObject","inLanguage":"es","@id":"https:\/\/secure.gravatar.com\/avatar\/b6992f131dc8d30ab0dff15446e9d346d9dbd95992de0fef795073f5ea83a81c?s=96&d=mm&r=g","url":"https:\/\/secure.gravatar.com\/avatar\/b6992f131dc8d30ab0dff15446e9d346d9dbd95992de0fef795073f5ea83a81c?s=96&d=mm&r=g","contentUrl":"https:\/\/secure.gravatar.com\/avatar\/b6992f131dc8d30ab0dff15446e9d346d9dbd95992de0fef795073f5ea83a81c?s=96&d=mm&r=g","caption":"La Gu\u00eda de Pamplona"}}]}},"post_mailing_queue_ids":[],"_links":{"self":[{"href":"https:\/\/www.laguiadepamplona.com\/actualidad\/wp-json\/wp\/v2\/posts\/41820","targetHints":{"allow":["GET"]}}],"collection":[{"href":"https:\/\/www.laguiadepamplona.com\/actualidad\/wp-json\/wp\/v2\/posts"}],"about":[{"href":"https:\/\/www.laguiadepamplona.com\/actualidad\/wp-json\/wp\/v2\/types\/post"}],"author":[{"embeddable":true,"href":"https:\/\/www.laguiadepamplona.com\/actualidad\/wp-json\/wp\/v2\/users\/1"}],"replies":[{"embeddable":true,"href":"https:\/\/www.laguiadepamplona.com\/actualidad\/wp-json\/wp\/v2\/comments?post=41820"}],"version-history":[{"count":0,"href":"https:\/\/www.laguiadepamplona.com\/actualidad\/wp-json\/wp\/v2\/posts\/41820\/revisions"}],"wp:featuredmedia":[{"embeddable":true,"href":"https:\/\/www.laguiadepamplona.com\/actualidad\/wp-json\/wp\/v2\/media\/41821"}],"wp:attachment":[{"href":"https:\/\/www.laguiadepamplona.com\/actualidad\/wp-json\/wp\/v2\/media?parent=41820"}],"wp:term":[{"taxonomy":"category","embeddable":true,"href":"https:\/\/www.laguiadepamplona.com\/actualidad\/wp-json\/wp\/v2\/categories?post=41820"},{"taxonomy":"post_tag","embeddable":true,"href":"https:\/\/www.laguiadepamplona.com\/actualidad\/wp-json\/wp\/v2\/tags?post=41820"}],"curies":[{"name":"wp","href":"https:\/\/api.w.org\/{rel}","templated":true}]}}