{"id":41817,"date":"2022-10-06T13:58:52","date_gmt":"2022-10-06T11:58:52","guid":{"rendered":"https:\/\/www.laguiadepamplona.com\/actualidad\/?p=41817"},"modified":"2023-04-11T11:47:45","modified_gmt":"2023-04-11T09:47:45","slug":"el-alcalde-y-el-director-general-de-la-vuelta-se-reunen-para-explorar-las-posibilidades-de-que-pamplona-sea-inicio-o-final-de-una-etapa-en-2023","status":"publish","type":"post","link":"https:\/\/www.laguiadepamplona.com\/actualidad\/el-alcalde-y-el-director-general-de-la-vuelta-se-reunen-para-explorar-las-posibilidades-de-que-pamplona-sea-inicio-o-final-de-una-etapa-en-2023\/","title":{"rendered":"El alcalde y el director general de La Vuelta se re\u00fanen para explorar las posibilidades de que Pamplona sea inicio o final de una etapa en 2023"},"content":{"rendered":"<p><!--more--><\/p>\n<p>El alcalde de Pamplona, Enrique Maya, se ha reunido esta ma\u00f1ana en su despacho de la Casa Consistorial con el director general La Vuelta, Javier Guill\u00e9n. Sobre la mesa, la posibilidad de que Pamplona vuelva a ser salida o llegada de una etapa de la ronda ciclista el a\u00f1o que viene. La \u00faltima vez que La Vuelta estuvo en Pamplona fue en septiembre de 2020, con la salida de la que fue la segunda etapa, que lleg\u00f3 a Lekunberri.<br \/>\n<script async src=\"\/\/pagead2.googlesyndication.com\/pagead\/js\/adsbygoogle.js\"><\/script><br \/>\n<!-- Noticias La Guia de Pamplona --><br \/>\n<ins class=\"adsbygoogle\"\nstyle=\"display:block\"\ndata-ad-client=\"ca-pub-6943679897239327\"\ndata-ad-slot=\"7048180777\"\ndata-ad-format=\"auto\"><\/ins><br \/>\n<script>\n(adsbygoogle = window.adsbygoogle || []).push({});\n<\/script><\/p>\n<p>La Vuelta ha hecho p\u00fablico que se est\u00e1 estudiando opciones para que la carrera llegue a Navarra en su edici\u00f3n de 2023, explorando diferentes alternativas de finales de etapa. Pamplona ha trasladado al director general de La Vuelta su disposici\u00f3n a ser inicio o final de etapa, reivindicando la afici\u00f3n al ciclismo de la ciudad, para que pueda disfrutar de este evento y tambi\u00e9n ser escaparate nacional e internacional. De confirmarse su selecci\u00f3n, el alcalde ha se\u00f1alado que ser\u00e1 una gran noticia para Pamplona.<\/p>\n<p>En 2012 Pamplona acogi\u00f3 las dos primeras etapas de La Vuelta, con una contrarreloj por equipos en la ciudad y con la salida de la primera etapa en l\u00ednea. En 2014 la carrera retorn\u00f3 a Pamplona, siendo salida de una etapa con llegada en San Miguel de Aralar. En 2020, en plena pandemia, Pamplona tambi\u00e9n quiso mantenerse como inicio de una etapa que concluy\u00f3 en Lekunberri.<br \/>\n<script async src=\"\/\/pagead2.googlesyndication.com\/pagead\/js\/adsbygoogle.js\"><\/script><br \/>\n<!-- Noticias La Guia de Pamplona --><br \/>\n<ins class=\"adsbygoogle\"\nstyle=\"display:block\"\ndata-ad-client=\"ca-pub-6943679897239327\"\ndata-ad-slot=\"7048180777\"\ndata-ad-format=\"auto\"><\/ins><br \/>\n<script>\n(adsbygoogle = window.adsbygoogle || []).push({});\n<\/script><\/p>\n<p>La Vuelta es uno de los grandes eventos deportivos internacionales que se organizan en el pa\u00eds y supone uno de los grandes reclamos medi\u00e1ticos y audiovisuales como activo de la relaci\u00f3n de deporte y turismo. La media de share de la retransmisi\u00f3n de cada etapa alcanza en Espa\u00f1a el 12%, con picos hasta el 14 %, sin contar con las personas seguidoras a trav\u00e9s de plataformas digitales.<\/p>\n<p>La reuni\u00f3n ha contado tambi\u00e9n con la presencia de la concejala delegada de Servicios Sociales, Acci\u00f3n Comunitaria y Deporte, Mar\u00eda Caballero, y del concejal especial de Juventud y Deporte, Fernando Aranguren.<\/p>\n","protected":false},"excerpt":{"rendered":"","protected":false},"author":1,"featured_media":41818,"comment_status":"open","ping_status":"closed","sticky":false,"template":"","format":"standard","meta":{"footnotes":""},"categories":[2],"tags":[],"class_list":["post-41817","post","type-post","status-publish","format-standard","has-post-thumbnail","hentry","category-ayuntamiento-pamplona"],"yoast_head":"<!-- This site is optimized with the Yoast SEO plugin v27.3 - https:\/\/yoast.com\/product\/yoast-seo-wordpress\/ -->\n<title>El alcalde y el director general de La Vuelta se re\u00fanen para explorar las posibilidades de que Pamplona sea inicio o final de una etapa en 2023<\/title>\n<meta name=\"description\" content=\"La Vuelta ha hecho p\u00fablico que se est\u00e1 estudiando opciones para que la carrera llegue a Navarra en su edici\u00f3n de 2023\" \/>\n<meta name=\"robots\" content=\"index, follow, max-snippet:-1, max-image-preview:large, max-video-preview:-1\" \/>\n<link rel=\"canonical\" href=\"https:\/\/www.laguiadepamplona.com\/actualidad\/el-alcalde-y-el-director-general-de-la-vuelta-se-reunen-para-explorar-las-posibilidades-de-que-pamplona-sea-inicio-o-final-de-una-etapa-en-2023\/\" \/>\n<meta property=\"og:locale\" content=\"es_ES\" \/>\n<meta property=\"og:type\" content=\"article\" \/>\n<meta property=\"og:title\" content=\"El alcalde y el director general de La Vuelta se re\u00fanen para explorar las posibilidades de que Pamplona sea inicio o final de una etapa en 2023\" \/>\n<meta property=\"og:description\" content=\"La Vuelta ha hecho p\u00fablico que se est\u00e1 estudiando opciones para que la carrera llegue a Navarra en su edici\u00f3n de 2023\" \/>\n<meta property=\"og:url\" content=\"https:\/\/www.laguiadepamplona.com\/actualidad\/el-alcalde-y-el-director-general-de-la-vuelta-se-reunen-para-explorar-las-posibilidades-de-que-pamplona-sea-inicio-o-final-de-una-etapa-en-2023\/\" \/>\n<meta property=\"og:site_name\" content=\"La Gu\u00eda de Pamplona\" \/>\n<meta property=\"article:publisher\" content=\"https:\/\/www.facebook.com\/laguiadepamplonacom-133175176762273\/?ref=hl\" \/>\n<meta property=\"article:published_time\" content=\"2022-10-06T11:58:52+00:00\" \/>\n<meta property=\"article:modified_time\" content=\"2023-04-11T09:47:45+00:00\" \/>\n<meta property=\"og:image\" content=\"https:\/\/www.laguiadepamplona.com\/actualidad\/wp-content\/uploads\/2022\/10\/vueltaciclistaespee5a0680_0.webp\" \/>\n\t<meta property=\"og:image:width\" content=\"1920\" \/>\n\t<meta property=\"og:image:height\" content=\"1280\" \/>\n\t<meta property=\"og:image:type\" content=\"image\/webp\" \/>\n<meta name=\"author\" content=\"La Gu\u00eda de Pamplona\" \/>\n<meta name=\"twitter:card\" content=\"summary_large_image\" \/>\n<meta name=\"twitter:creator\" content=\"@LaGuiadPamplona\" \/>\n<meta name=\"twitter:site\" content=\"@LaGuiadPamplona\" \/>\n<meta name=\"twitter:label1\" content=\"Escrito por\" \/>\n\t<meta name=\"twitter:data1\" content=\"La Gu\u00eda de Pamplona\" \/>\n\t<meta name=\"twitter:label2\" content=\"Tiempo de lectura\" \/>\n\t<meta name=\"twitter:data2\" content=\"2 minutos\" \/>\n<script type=\"application\/ld+json\" class=\"yoast-schema-graph\">{\"@context\":\"https:\\\/\\\/schema.org\",\"@graph\":[{\"@type\":\"Article\",\"@id\":\"https:\\\/\\\/www.laguiadepamplona.com\\\/actualidad\\\/el-alcalde-y-el-director-general-de-la-vuelta-se-reunen-para-explorar-las-posibilidades-de-que-pamplona-sea-inicio-o-final-de-una-etapa-en-2023\\\/#article\",\"isPartOf\":{\"@id\":\"https:\\\/\\\/www.laguiadepamplona.com\\\/actualidad\\\/el-alcalde-y-el-director-general-de-la-vuelta-se-reunen-para-explorar-las-posibilidades-de-que-pamplona-sea-inicio-o-final-de-una-etapa-en-2023\\\/\"},\"author\":{\"name\":\"La Gu\u00eda de Pamplona\",\"@id\":\"https:\\\/\\\/www.laguiadepamplona.com\\\/actualidad\\\/#\\\/schema\\\/person\\\/efe887376f0213d4657c93adc50b1fdb\"},\"headline\":\"El alcalde y el director general de La Vuelta se re\u00fanen para explorar las posibilidades de que Pamplona sea inicio o final de una etapa en 2023\",\"datePublished\":\"2022-10-06T11:58:52+00:00\",\"dateModified\":\"2023-04-11T09:47:45+00:00\",\"mainEntityOfPage\":{\"@id\":\"https:\\\/\\\/www.laguiadepamplona.com\\\/actualidad\\\/el-alcalde-y-el-director-general-de-la-vuelta-se-reunen-para-explorar-las-posibilidades-de-que-pamplona-sea-inicio-o-final-de-una-etapa-en-2023\\\/\"},\"wordCount\":368,\"commentCount\":0,\"publisher\":{\"@id\":\"https:\\\/\\\/www.laguiadepamplona.com\\\/actualidad\\\/#organization\"},\"image\":{\"@id\":\"https:\\\/\\\/www.laguiadepamplona.com\\\/actualidad\\\/el-alcalde-y-el-director-general-de-la-vuelta-se-reunen-para-explorar-las-posibilidades-de-que-pamplona-sea-inicio-o-final-de-una-etapa-en-2023\\\/#primaryimage\"},\"thumbnailUrl\":\"https:\\\/\\\/www.laguiadepamplona.com\\\/actualidad\\\/wp-content\\\/uploads\\\/2022\\\/10\\\/vueltaciclistaespee5a0680_0.webp\",\"articleSection\":[\"Ayto Pamplona\"],\"inLanguage\":\"es\",\"potentialAction\":[{\"@type\":\"CommentAction\",\"name\":\"Comment\",\"target\":[\"https:\\\/\\\/www.laguiadepamplona.com\\\/actualidad\\\/el-alcalde-y-el-director-general-de-la-vuelta-se-reunen-para-explorar-las-posibilidades-de-que-pamplona-sea-inicio-o-final-de-una-etapa-en-2023\\\/#respond\"]}]},{\"@type\":\"WebPage\",\"@id\":\"https:\\\/\\\/www.laguiadepamplona.com\\\/actualidad\\\/el-alcalde-y-el-director-general-de-la-vuelta-se-reunen-para-explorar-las-posibilidades-de-que-pamplona-sea-inicio-o-final-de-una-etapa-en-2023\\\/\",\"url\":\"https:\\\/\\\/www.laguiadepamplona.com\\\/actualidad\\\/el-alcalde-y-el-director-general-de-la-vuelta-se-reunen-para-explorar-las-posibilidades-de-que-pamplona-sea-inicio-o-final-de-una-etapa-en-2023\\\/\",\"name\":\"El alcalde y el director general de La Vuelta se re\u00fanen para explorar las posibilidades de que Pamplona sea inicio o final de una etapa en 2023\",\"isPartOf\":{\"@id\":\"https:\\\/\\\/www.laguiadepamplona.com\\\/actualidad\\\/#website\"},\"primaryImageOfPage\":{\"@id\":\"https:\\\/\\\/www.laguiadepamplona.com\\\/actualidad\\\/el-alcalde-y-el-director-general-de-la-vuelta-se-reunen-para-explorar-las-posibilidades-de-que-pamplona-sea-inicio-o-final-de-una-etapa-en-2023\\\/#primaryimage\"},\"image\":{\"@id\":\"https:\\\/\\\/www.laguiadepamplona.com\\\/actualidad\\\/el-alcalde-y-el-director-general-de-la-vuelta-se-reunen-para-explorar-las-posibilidades-de-que-pamplona-sea-inicio-o-final-de-una-etapa-en-2023\\\/#primaryimage\"},\"thumbnailUrl\":\"https:\\\/\\\/www.laguiadepamplona.com\\\/actualidad\\\/wp-content\\\/uploads\\\/2022\\\/10\\\/vueltaciclistaespee5a0680_0.webp\",\"datePublished\":\"2022-10-06T11:58:52+00:00\",\"dateModified\":\"2023-04-11T09:47:45+00:00\",\"description\":\"La Vuelta ha hecho p\u00fablico que se est\u00e1 estudiando opciones para que la carrera llegue a Navarra en su edici\u00f3n de 2023\",\"breadcrumb\":{\"@id\":\"https:\\\/\\\/www.laguiadepamplona.com\\\/actualidad\\\/el-alcalde-y-el-director-general-de-la-vuelta-se-reunen-para-explorar-las-posibilidades-de-que-pamplona-sea-inicio-o-final-de-una-etapa-en-2023\\\/#breadcrumb\"},\"inLanguage\":\"es\",\"potentialAction\":[{\"@type\":\"ReadAction\",\"target\":[\"https:\\\/\\\/www.laguiadepamplona.com\\\/actualidad\\\/el-alcalde-y-el-director-general-de-la-vuelta-se-reunen-para-explorar-las-posibilidades-de-que-pamplona-sea-inicio-o-final-de-una-etapa-en-2023\\\/\"]}]},{\"@type\":\"ImageObject\",\"inLanguage\":\"es\",\"@id\":\"https:\\\/\\\/www.laguiadepamplona.com\\\/actualidad\\\/el-alcalde-y-el-director-general-de-la-vuelta-se-reunen-para-explorar-las-posibilidades-de-que-pamplona-sea-inicio-o-final-de-una-etapa-en-2023\\\/#primaryimage\",\"url\":\"https:\\\/\\\/www.laguiadepamplona.com\\\/actualidad\\\/wp-content\\\/uploads\\\/2022\\\/10\\\/vueltaciclistaespee5a0680_0.webp\",\"contentUrl\":\"https:\\\/\\\/www.laguiadepamplona.com\\\/actualidad\\\/wp-content\\\/uploads\\\/2022\\\/10\\\/vueltaciclistaespee5a0680_0.webp\",\"width\":1920,\"height\":1280},{\"@type\":\"BreadcrumbList\",\"@id\":\"https:\\\/\\\/www.laguiadepamplona.com\\\/actualidad\\\/el-alcalde-y-el-director-general-de-la-vuelta-se-reunen-para-explorar-las-posibilidades-de-que-pamplona-sea-inicio-o-final-de-una-etapa-en-2023\\\/#breadcrumb\",\"itemListElement\":[{\"@type\":\"ListItem\",\"position\":1,\"name\":\"Portada\",\"item\":\"https:\\\/\\\/www.laguiadepamplona.com\\\/actualidad\\\/\"},{\"@type\":\"ListItem\",\"position\":2,\"name\":\"El alcalde y el director general de La Vuelta se re\u00fanen para explorar las posibilidades de que Pamplona sea inicio o final de una etapa en 2023\"}]},{\"@type\":\"WebSite\",\"@id\":\"https:\\\/\\\/www.laguiadepamplona.com\\\/actualidad\\\/#website\",\"url\":\"https:\\\/\\\/www.laguiadepamplona.com\\\/actualidad\\\/\",\"name\":\"La gu\u00eda de Pamplona\",\"description\":\"Noticias de Pamplona\",\"publisher\":{\"@id\":\"https:\\\/\\\/www.laguiadepamplona.com\\\/actualidad\\\/#organization\"},\"potentialAction\":[{\"@type\":\"SearchAction\",\"target\":{\"@type\":\"EntryPoint\",\"urlTemplate\":\"https:\\\/\\\/www.laguiadepamplona.com\\\/actualidad\\\/?s={search_term_string}\"},\"query-input\":{\"@type\":\"PropertyValueSpecification\",\"valueRequired\":true,\"valueName\":\"search_term_string\"}}],\"inLanguage\":\"es\"},{\"@type\":\"Organization\",\"@id\":\"https:\\\/\\\/www.laguiadepamplona.com\\\/actualidad\\\/#organization\",\"name\":\"La Gu\u00eda de Pamplona \\\/ Noticias\",\"url\":\"https:\\\/\\\/www.laguiadepamplona.com\\\/actualidad\\\/\",\"logo\":{\"@type\":\"ImageObject\",\"inLanguage\":\"es\",\"@id\":\"https:\\\/\\\/www.laguiadepamplona.com\\\/actualidad\\\/#\\\/schema\\\/logo\\\/image\\\/\",\"url\":\"https:\\\/\\\/www.laguiadepamplona.com\\\/actualidad\\\/wp-content\\\/uploads\\\/2018\\\/11\\\/logo-laguiadepamplona18-web1.png\",\"contentUrl\":\"https:\\\/\\\/www.laguiadepamplona.com\\\/actualidad\\\/wp-content\\\/uploads\\\/2018\\\/11\\\/logo-laguiadepamplona18-web1.png\",\"width\":600,\"height\":196,\"caption\":\"La Gu\u00eda de Pamplona \\\/ Noticias\"},\"image\":{\"@id\":\"https:\\\/\\\/www.laguiadepamplona.com\\\/actualidad\\\/#\\\/schema\\\/logo\\\/image\\\/\"},\"sameAs\":[\"https:\\\/\\\/www.facebook.com\\\/laguiadepamplonacom-133175176762273\\\/?ref=hl\",\"https:\\\/\\\/x.com\\\/LaGuiadPamplona\",\"https:\\\/\\\/www.instagram.com\\\/la_guia_de_pamplona\\\/\",\"https:\\\/\\\/www.youtube.com\\\/user\\\/laguiadepamplona\"]},{\"@type\":\"Person\",\"@id\":\"https:\\\/\\\/www.laguiadepamplona.com\\\/actualidad\\\/#\\\/schema\\\/person\\\/efe887376f0213d4657c93adc50b1fdb\",\"name\":\"La Gu\u00eda de Pamplona\",\"image\":{\"@type\":\"ImageObject\",\"inLanguage\":\"es\",\"@id\":\"https:\\\/\\\/secure.gravatar.com\\\/avatar\\\/b6992f131dc8d30ab0dff15446e9d346d9dbd95992de0fef795073f5ea83a81c?s=96&d=mm&r=g\",\"url\":\"https:\\\/\\\/secure.gravatar.com\\\/avatar\\\/b6992f131dc8d30ab0dff15446e9d346d9dbd95992de0fef795073f5ea83a81c?s=96&d=mm&r=g\",\"contentUrl\":\"https:\\\/\\\/secure.gravatar.com\\\/avatar\\\/b6992f131dc8d30ab0dff15446e9d346d9dbd95992de0fef795073f5ea83a81c?s=96&d=mm&r=g\",\"caption\":\"La Gu\u00eda de Pamplona\"}}]}<\/script>\n<!-- \/ Yoast SEO plugin. -->","yoast_head_json":{"title":"El alcalde y el director general de La Vuelta se re\u00fanen para explorar las posibilidades de que Pamplona sea inicio o final de una etapa en 2023","description":"La Vuelta ha hecho p\u00fablico que se est\u00e1 estudiando opciones para que la carrera llegue a Navarra en su edici\u00f3n de 2023","robots":{"index":"index","follow":"follow","max-snippet":"max-snippet:-1","max-image-preview":"max-image-preview:large","max-video-preview":"max-video-preview:-1"},"canonical":"https:\/\/www.laguiadepamplona.com\/actualidad\/el-alcalde-y-el-director-general-de-la-vuelta-se-reunen-para-explorar-las-posibilidades-de-que-pamplona-sea-inicio-o-final-de-una-etapa-en-2023\/","og_locale":"es_ES","og_type":"article","og_title":"El alcalde y el director general de La Vuelta se re\u00fanen para explorar las posibilidades de que Pamplona sea inicio o final de una etapa en 2023","og_description":"La Vuelta ha hecho p\u00fablico que se est\u00e1 estudiando opciones para que la carrera llegue a Navarra en su edici\u00f3n de 2023","og_url":"https:\/\/www.laguiadepamplona.com\/actualidad\/el-alcalde-y-el-director-general-de-la-vuelta-se-reunen-para-explorar-las-posibilidades-de-que-pamplona-sea-inicio-o-final-de-una-etapa-en-2023\/","og_site_name":"La Gu\u00eda de Pamplona","article_publisher":"https:\/\/www.facebook.com\/laguiadepamplonacom-133175176762273\/?ref=hl","article_published_time":"2022-10-06T11:58:52+00:00","article_modified_time":"2023-04-11T09:47:45+00:00","og_image":[{"width":1920,"height":1280,"url":"https:\/\/www.laguiadepamplona.com\/actualidad\/wp-content\/uploads\/2022\/10\/vueltaciclistaespee5a0680_0.webp","type":"image\/webp"}],"author":"La Gu\u00eda de Pamplona","twitter_card":"summary_large_image","twitter_creator":"@LaGuiadPamplona","twitter_site":"@LaGuiadPamplona","twitter_misc":{"Escrito por":"La Gu\u00eda de Pamplona","Tiempo de lectura":"2 minutos"},"schema":{"@context":"https:\/\/schema.org","@graph":[{"@type":"Article","@id":"https:\/\/www.laguiadepamplona.com\/actualidad\/el-alcalde-y-el-director-general-de-la-vuelta-se-reunen-para-explorar-las-posibilidades-de-que-pamplona-sea-inicio-o-final-de-una-etapa-en-2023\/#article","isPartOf":{"@id":"https:\/\/www.laguiadepamplona.com\/actualidad\/el-alcalde-y-el-director-general-de-la-vuelta-se-reunen-para-explorar-las-posibilidades-de-que-pamplona-sea-inicio-o-final-de-una-etapa-en-2023\/"},"author":{"name":"La Gu\u00eda de Pamplona","@id":"https:\/\/www.laguiadepamplona.com\/actualidad\/#\/schema\/person\/efe887376f0213d4657c93adc50b1fdb"},"headline":"El alcalde y el director general de La Vuelta se re\u00fanen para explorar las posibilidades de que Pamplona sea inicio o final de una etapa en 2023","datePublished":"2022-10-06T11:58:52+00:00","dateModified":"2023-04-11T09:47:45+00:00","mainEntityOfPage":{"@id":"https:\/\/www.laguiadepamplona.com\/actualidad\/el-alcalde-y-el-director-general-de-la-vuelta-se-reunen-para-explorar-las-posibilidades-de-que-pamplona-sea-inicio-o-final-de-una-etapa-en-2023\/"},"wordCount":368,"commentCount":0,"publisher":{"@id":"https:\/\/www.laguiadepamplona.com\/actualidad\/#organization"},"image":{"@id":"https:\/\/www.laguiadepamplona.com\/actualidad\/el-alcalde-y-el-director-general-de-la-vuelta-se-reunen-para-explorar-las-posibilidades-de-que-pamplona-sea-inicio-o-final-de-una-etapa-en-2023\/#primaryimage"},"thumbnailUrl":"https:\/\/www.laguiadepamplona.com\/actualidad\/wp-content\/uploads\/2022\/10\/vueltaciclistaespee5a0680_0.webp","articleSection":["Ayto Pamplona"],"inLanguage":"es","potentialAction":[{"@type":"CommentAction","name":"Comment","target":["https:\/\/www.laguiadepamplona.com\/actualidad\/el-alcalde-y-el-director-general-de-la-vuelta-se-reunen-para-explorar-las-posibilidades-de-que-pamplona-sea-inicio-o-final-de-una-etapa-en-2023\/#respond"]}]},{"@type":"WebPage","@id":"https:\/\/www.laguiadepamplona.com\/actualidad\/el-alcalde-y-el-director-general-de-la-vuelta-se-reunen-para-explorar-las-posibilidades-de-que-pamplona-sea-inicio-o-final-de-una-etapa-en-2023\/","url":"https:\/\/www.laguiadepamplona.com\/actualidad\/el-alcalde-y-el-director-general-de-la-vuelta-se-reunen-para-explorar-las-posibilidades-de-que-pamplona-sea-inicio-o-final-de-una-etapa-en-2023\/","name":"El alcalde y el director general de La Vuelta se re\u00fanen para explorar las posibilidades de que Pamplona sea inicio o final de una etapa en 2023","isPartOf":{"@id":"https:\/\/www.laguiadepamplona.com\/actualidad\/#website"},"primaryImageOfPage":{"@id":"https:\/\/www.laguiadepamplona.com\/actualidad\/el-alcalde-y-el-director-general-de-la-vuelta-se-reunen-para-explorar-las-posibilidades-de-que-pamplona-sea-inicio-o-final-de-una-etapa-en-2023\/#primaryimage"},"image":{"@id":"https:\/\/www.laguiadepamplona.com\/actualidad\/el-alcalde-y-el-director-general-de-la-vuelta-se-reunen-para-explorar-las-posibilidades-de-que-pamplona-sea-inicio-o-final-de-una-etapa-en-2023\/#primaryimage"},"thumbnailUrl":"https:\/\/www.laguiadepamplona.com\/actualidad\/wp-content\/uploads\/2022\/10\/vueltaciclistaespee5a0680_0.webp","datePublished":"2022-10-06T11:58:52+00:00","dateModified":"2023-04-11T09:47:45+00:00","description":"La Vuelta ha hecho p\u00fablico que se est\u00e1 estudiando opciones para que la carrera llegue a Navarra en su edici\u00f3n de 2023","breadcrumb":{"@id":"https:\/\/www.laguiadepamplona.com\/actualidad\/el-alcalde-y-el-director-general-de-la-vuelta-se-reunen-para-explorar-las-posibilidades-de-que-pamplona-sea-inicio-o-final-de-una-etapa-en-2023\/#breadcrumb"},"inLanguage":"es","potentialAction":[{"@type":"ReadAction","target":["https:\/\/www.laguiadepamplona.com\/actualidad\/el-alcalde-y-el-director-general-de-la-vuelta-se-reunen-para-explorar-las-posibilidades-de-que-pamplona-sea-inicio-o-final-de-una-etapa-en-2023\/"]}]},{"@type":"ImageObject","inLanguage":"es","@id":"https:\/\/www.laguiadepamplona.com\/actualidad\/el-alcalde-y-el-director-general-de-la-vuelta-se-reunen-para-explorar-las-posibilidades-de-que-pamplona-sea-inicio-o-final-de-una-etapa-en-2023\/#primaryimage","url":"https:\/\/www.laguiadepamplona.com\/actualidad\/wp-content\/uploads\/2022\/10\/vueltaciclistaespee5a0680_0.webp","contentUrl":"https:\/\/www.laguiadepamplona.com\/actualidad\/wp-content\/uploads\/2022\/10\/vueltaciclistaespee5a0680_0.webp","width":1920,"height":1280},{"@type":"BreadcrumbList","@id":"https:\/\/www.laguiadepamplona.com\/actualidad\/el-alcalde-y-el-director-general-de-la-vuelta-se-reunen-para-explorar-las-posibilidades-de-que-pamplona-sea-inicio-o-final-de-una-etapa-en-2023\/#breadcrumb","itemListElement":[{"@type":"ListItem","position":1,"name":"Portada","item":"https:\/\/www.laguiadepamplona.com\/actualidad\/"},{"@type":"ListItem","position":2,"name":"El alcalde y el director general de La Vuelta se re\u00fanen para explorar las posibilidades de que Pamplona sea inicio o final de una etapa en 2023"}]},{"@type":"WebSite","@id":"https:\/\/www.laguiadepamplona.com\/actualidad\/#website","url":"https:\/\/www.laguiadepamplona.com\/actualidad\/","name":"La gu\u00eda de Pamplona","description":"Noticias de Pamplona","publisher":{"@id":"https:\/\/www.laguiadepamplona.com\/actualidad\/#organization"},"potentialAction":[{"@type":"SearchAction","target":{"@type":"EntryPoint","urlTemplate":"https:\/\/www.laguiadepamplona.com\/actualidad\/?s={search_term_string}"},"query-input":{"@type":"PropertyValueSpecification","valueRequired":true,"valueName":"search_term_string"}}],"inLanguage":"es"},{"@type":"Organization","@id":"https:\/\/www.laguiadepamplona.com\/actualidad\/#organization","name":"La Gu\u00eda de Pamplona \/ Noticias","url":"https:\/\/www.laguiadepamplona.com\/actualidad\/","logo":{"@type":"ImageObject","inLanguage":"es","@id":"https:\/\/www.laguiadepamplona.com\/actualidad\/#\/schema\/logo\/image\/","url":"https:\/\/www.laguiadepamplona.com\/actualidad\/wp-content\/uploads\/2018\/11\/logo-laguiadepamplona18-web1.png","contentUrl":"https:\/\/www.laguiadepamplona.com\/actualidad\/wp-content\/uploads\/2018\/11\/logo-laguiadepamplona18-web1.png","width":600,"height":196,"caption":"La Gu\u00eda de Pamplona \/ Noticias"},"image":{"@id":"https:\/\/www.laguiadepamplona.com\/actualidad\/#\/schema\/logo\/image\/"},"sameAs":["https:\/\/www.facebook.com\/laguiadepamplonacom-133175176762273\/?ref=hl","https:\/\/x.com\/LaGuiadPamplona","https:\/\/www.instagram.com\/la_guia_de_pamplona\/","https:\/\/www.youtube.com\/user\/laguiadepamplona"]},{"@type":"Person","@id":"https:\/\/www.laguiadepamplona.com\/actualidad\/#\/schema\/person\/efe887376f0213d4657c93adc50b1fdb","name":"La Gu\u00eda de Pamplona","image":{"@type":"ImageObject","inLanguage":"es","@id":"https:\/\/secure.gravatar.com\/avatar\/b6992f131dc8d30ab0dff15446e9d346d9dbd95992de0fef795073f5ea83a81c?s=96&d=mm&r=g","url":"https:\/\/secure.gravatar.com\/avatar\/b6992f131dc8d30ab0dff15446e9d346d9dbd95992de0fef795073f5ea83a81c?s=96&d=mm&r=g","contentUrl":"https:\/\/secure.gravatar.com\/avatar\/b6992f131dc8d30ab0dff15446e9d346d9dbd95992de0fef795073f5ea83a81c?s=96&d=mm&r=g","caption":"La Gu\u00eda de Pamplona"}}]}},"post_mailing_queue_ids":[],"_links":{"self":[{"href":"https:\/\/www.laguiadepamplona.com\/actualidad\/wp-json\/wp\/v2\/posts\/41817","targetHints":{"allow":["GET"]}}],"collection":[{"href":"https:\/\/www.laguiadepamplona.com\/actualidad\/wp-json\/wp\/v2\/posts"}],"about":[{"href":"https:\/\/www.laguiadepamplona.com\/actualidad\/wp-json\/wp\/v2\/types\/post"}],"author":[{"embeddable":true,"href":"https:\/\/www.laguiadepamplona.com\/actualidad\/wp-json\/wp\/v2\/users\/1"}],"replies":[{"embeddable":true,"href":"https:\/\/www.laguiadepamplona.com\/actualidad\/wp-json\/wp\/v2\/comments?post=41817"}],"version-history":[{"count":0,"href":"https:\/\/www.laguiadepamplona.com\/actualidad\/wp-json\/wp\/v2\/posts\/41817\/revisions"}],"wp:featuredmedia":[{"embeddable":true,"href":"https:\/\/www.laguiadepamplona.com\/actualidad\/wp-json\/wp\/v2\/media\/41818"}],"wp:attachment":[{"href":"https:\/\/www.laguiadepamplona.com\/actualidad\/wp-json\/wp\/v2\/media?parent=41817"}],"wp:term":[{"taxonomy":"category","embeddable":true,"href":"https:\/\/www.laguiadepamplona.com\/actualidad\/wp-json\/wp\/v2\/categories?post=41817"},{"taxonomy":"post_tag","embeddable":true,"href":"https:\/\/www.laguiadepamplona.com\/actualidad\/wp-json\/wp\/v2\/tags?post=41817"}],"curies":[{"name":"wp","href":"https:\/\/api.w.org\/{rel}","templated":true}]}}