{"id":41814,"date":"2022-10-06T13:56:42","date_gmt":"2022-10-06T11:56:42","guid":{"rendered":"https:\/\/www.laguiadepamplona.com\/actualidad\/?p=41814"},"modified":"2023-04-11T11:47:46","modified_gmt":"2023-04-11T09:47:46","slug":"la-cuesta-de-labrit-tendra-desde-el-lunes-un-carril-de-subida-exclusivo-para-bus-y-otro-para-vehiculos","status":"publish","type":"post","link":"https:\/\/www.laguiadepamplona.com\/actualidad\/la-cuesta-de-labrit-tendra-desde-el-lunes-un-carril-de-subida-exclusivo-para-bus-y-otro-para-vehiculos\/","title":{"rendered":"La Cuesta de Labrit tendr\u00e1 desde el lunes un carril de subida exclusivo para bus y otro para veh\u00edculos"},"content":{"rendered":"<h5>Durante el s\u00e1bado y el domingo, este acceso al centro de la ciudad permanecer\u00e1 cerrado de 7.30 a 19 horas para el repintado de la v\u00eda<\/h5>\n<p><!--more--><\/p>\n<p>La Cuesta de Labrit se cortar\u00e1 al tr\u00e1fico rodado durante este s\u00e1bado y domingo, entre las 7.30 y las 19 horas, para adaptar la v\u00eda a la nueva organizaci\u00f3n de circulaci\u00f3n, que limitar\u00e1 a uno los carriles de subida al centro de la ciudad destinados a veh\u00edculos. El segundo carril actual se habilitar\u00e1 exclusivamente para bus. No obstante, a partir del front\u00f3n de Labrit volver\u00e1n a coexistir dos carriles de circulaci\u00f3n general junto con uno exclusivo para villavesas, al igual que ocurre en la actualidad. El tr\u00e1fico en sentido bajada se mantendr\u00e1 sin cambios, con un \u00fanico un carril.<br \/>\n<script async src=\"\/\/pagead2.googlesyndication.com\/pagead\/js\/adsbygoogle.js\"><\/script><br \/>\n<!-- Noticias La Guia de Pamplona --><br \/>\n<ins class=\"adsbygoogle\"\nstyle=\"display:block\"\ndata-ad-client=\"ca-pub-6943679897239327\"\ndata-ad-slot=\"7048180777\"\ndata-ad-format=\"auto\"><\/ins><br \/>\n<script>\n(adsbygoogle = window.adsbygoogle || []).push({});\n<\/script><\/p>\n<p>A lo largo de este fin de semana se proceder\u00e1 a cortes de circulaci\u00f3n para llevar a cabo el repintado y adecuaci\u00f3n de la v\u00eda a esta nueva organizaci\u00f3n del tr\u00e1fico rodado. As\u00ed, la Cuesta de Labrit se cortar\u00e1 al tr\u00e1fico tanto en sentido subida como bajada el s\u00e1bado y el domingo, desde las 7.30 horas de la ma\u00f1ana hasta las 19 horas. Los cortes se producir\u00e1n en los tres accesos a la v\u00eda: en la parte alta, en la intersecci\u00f3n de Labrit con la calle Amaya; en la parte baja, en el cruce del Vergel con Labrit; y en mitad de calle, en la salida de la bolsa de estacionamiento de la calle San Agust\u00edn.<\/p>\n<p>Durante el horario de cierre, \u00fanicamente se permitir\u00e1 el acceso a las villavesas y los servicios de emergencia. Tambi\u00e9n se permitir\u00e1 salir (no entrar) a los veh\u00edculos de vecinos y los de reparto de mercanc\u00edas que salgan de la bolsa de estacionamiento de San Agust\u00edn. De hecho, los veh\u00edculos particulares no podr\u00e1n atravesar la Cuesta de Labrit en el horario marcado, salvo para salir de la calle San Agust\u00edn. La entrada a Casco Antiguo no se podr\u00e1 realizar por el front\u00f3n Labrit.<br \/>\n<script async src=\"\/\/pagead2.googlesyndication.com\/pagead\/js\/adsbygoogle.js\"><\/script><br \/>\n<!-- Noticias La Guia de Pamplona --><br \/>\n<ins class=\"adsbygoogle\"\nstyle=\"display:block\"\ndata-ad-client=\"ca-pub-6943679897239327\"\ndata-ad-slot=\"7048180777\"\ndata-ad-format=\"auto\"><\/ins><br \/>\n<script>\n(adsbygoogle = window.adsbygoogle || []).push({});\n<\/script><\/p>\n<p>El cierre se levantar\u00e1 en horario nocturno. La noche del s\u00e1bado al domingo la calle se abrir\u00e1 al tr\u00e1fico con la organizaci\u00f3n actual de veh\u00edculos, tanto de subida como de bajada. No obstante, a partir de las 19 horas del domingo la calle se reabrir\u00e1 al tr\u00e1fico con la nueva disposici\u00f3n, de forma que los veh\u00edculos \u00fanicamente tendr\u00e1n un carril de subida, desde el Vergel hasta el front\u00f3n Labrit. Desde ese punto volver\u00e1 a abrirse la v\u00eda para acoger dos carriles de circulaci\u00f3n normal y uno m\u00e1s para villavesas en sentido subida. Tambi\u00e9n se modifica la actual entrada al Casco Antiguo junto al front\u00f3n, que se cerrar\u00e1, de forma que la entrada y salida a las calles del centro se producir\u00e1 por la entrada a San Agust\u00edn. En sentido bajada, habr\u00e1 dos carriles hasta la nueva entrada al Casco Antiguo, que se convierten en uno hasta el Vergel. Se habilitar\u00e1, tambi\u00e9n, un nuevo paso peatonal a la altura del front\u00f3n, permitiendo la conexi\u00f3n peatonal desde la playa de Caparroso hasta el centro de la ciudad.<\/p>\n","protected":false},"excerpt":{"rendered":"<p>Durante el s\u00e1bado y el domingo, este acceso al centro de la ciudad permanecer\u00e1 cerrado de 7.30 a 19 horas para el repintado de la v\u00eda<\/p>\n","protected":false},"author":1,"featured_media":41815,"comment_status":"open","ping_status":"closed","sticky":false,"template":"","format":"standard","meta":{"footnotes":""},"categories":[2],"tags":[],"class_list":["post-41814","post","type-post","status-publish","format-standard","has-post-thumbnail","hentry","category-ayuntamiento-pamplona"],"yoast_head":"<!-- This site is optimized with the Yoast SEO plugin v27.3 - https:\/\/yoast.com\/product\/yoast-seo-wordpress\/ -->\n<title>La Cuesta de Labrit tendr\u00e1 desde el lunes un carril de subida exclusivo para bus y otro para veh\u00edculos<\/title>\n<meta name=\"description\" content=\"Durante el s\u00e1bado y el domingo, este acceso al centro de la ciudad permanecer\u00e1 cerrado de 7.30 a 19 horas para el repintado de la v\u00eda\" \/>\n<meta name=\"robots\" content=\"index, follow, max-snippet:-1, max-image-preview:large, max-video-preview:-1\" \/>\n<link rel=\"canonical\" href=\"https:\/\/www.laguiadepamplona.com\/actualidad\/la-cuesta-de-labrit-tendra-desde-el-lunes-un-carril-de-subida-exclusivo-para-bus-y-otro-para-vehiculos\/\" \/>\n<meta property=\"og:locale\" content=\"es_ES\" \/>\n<meta property=\"og:type\" content=\"article\" \/>\n<meta property=\"og:title\" content=\"La Cuesta de Labrit tendr\u00e1 desde el lunes un carril de subida exclusivo para bus y otro para veh\u00edculos\" \/>\n<meta property=\"og:description\" content=\"Durante el s\u00e1bado y el domingo, este acceso al centro de la ciudad permanecer\u00e1 cerrado de 7.30 a 19 horas para el repintado de la v\u00eda\" \/>\n<meta property=\"og:url\" content=\"https:\/\/www.laguiadepamplona.com\/actualidad\/la-cuesta-de-labrit-tendra-desde-el-lunes-un-carril-de-subida-exclusivo-para-bus-y-otro-para-vehiculos\/\" \/>\n<meta property=\"og:site_name\" content=\"La Gu\u00eda de Pamplona\" \/>\n<meta property=\"article:publisher\" content=\"https:\/\/www.facebook.com\/laguiadepamplonacom-133175176762273\/?ref=hl\" \/>\n<meta property=\"article:published_time\" content=\"2022-10-06T11:56:42+00:00\" \/>\n<meta property=\"article:modified_time\" content=\"2023-04-11T09:47:46+00:00\" \/>\n<meta property=\"og:image\" content=\"https:\/\/www.laguiadepamplona.com\/actualidad\/wp-content\/uploads\/2022\/10\/ascensor_pasarela_labrit3.webp\" \/>\n\t<meta property=\"og:image:width\" content=\"1920\" \/>\n\t<meta property=\"og:image:height\" content=\"1280\" \/>\n\t<meta property=\"og:image:type\" content=\"image\/webp\" \/>\n<meta name=\"author\" content=\"La Gu\u00eda de Pamplona\" \/>\n<meta name=\"twitter:card\" content=\"summary_large_image\" \/>\n<meta name=\"twitter:creator\" content=\"@LaGuiadPamplona\" \/>\n<meta name=\"twitter:site\" content=\"@LaGuiadPamplona\" \/>\n<meta name=\"twitter:label1\" content=\"Escrito por\" \/>\n\t<meta name=\"twitter:data1\" content=\"La Gu\u00eda de Pamplona\" \/>\n\t<meta name=\"twitter:label2\" content=\"Tiempo de lectura\" \/>\n\t<meta name=\"twitter:data2\" content=\"3 minutos\" \/>\n<script type=\"application\/ld+json\" class=\"yoast-schema-graph\">{\"@context\":\"https:\\\/\\\/schema.org\",\"@graph\":[{\"@type\":\"Article\",\"@id\":\"https:\\\/\\\/www.laguiadepamplona.com\\\/actualidad\\\/la-cuesta-de-labrit-tendra-desde-el-lunes-un-carril-de-subida-exclusivo-para-bus-y-otro-para-vehiculos\\\/#article\",\"isPartOf\":{\"@id\":\"https:\\\/\\\/www.laguiadepamplona.com\\\/actualidad\\\/la-cuesta-de-labrit-tendra-desde-el-lunes-un-carril-de-subida-exclusivo-para-bus-y-otro-para-vehiculos\\\/\"},\"author\":{\"name\":\"La Gu\u00eda de Pamplona\",\"@id\":\"https:\\\/\\\/www.laguiadepamplona.com\\\/actualidad\\\/#\\\/schema\\\/person\\\/efe887376f0213d4657c93adc50b1fdb\"},\"headline\":\"La Cuesta de Labrit tendr\u00e1 desde el lunes un carril de subida exclusivo para bus y otro para veh\u00edculos\",\"datePublished\":\"2022-10-06T11:56:42+00:00\",\"dateModified\":\"2023-04-11T09:47:46+00:00\",\"mainEntityOfPage\":{\"@id\":\"https:\\\/\\\/www.laguiadepamplona.com\\\/actualidad\\\/la-cuesta-de-labrit-tendra-desde-el-lunes-un-carril-de-subida-exclusivo-para-bus-y-otro-para-vehiculos\\\/\"},\"wordCount\":561,\"commentCount\":0,\"publisher\":{\"@id\":\"https:\\\/\\\/www.laguiadepamplona.com\\\/actualidad\\\/#organization\"},\"image\":{\"@id\":\"https:\\\/\\\/www.laguiadepamplona.com\\\/actualidad\\\/la-cuesta-de-labrit-tendra-desde-el-lunes-un-carril-de-subida-exclusivo-para-bus-y-otro-para-vehiculos\\\/#primaryimage\"},\"thumbnailUrl\":\"https:\\\/\\\/www.laguiadepamplona.com\\\/actualidad\\\/wp-content\\\/uploads\\\/2022\\\/10\\\/ascensor_pasarela_labrit3.webp\",\"articleSection\":[\"Ayto Pamplona\"],\"inLanguage\":\"es\",\"potentialAction\":[{\"@type\":\"CommentAction\",\"name\":\"Comment\",\"target\":[\"https:\\\/\\\/www.laguiadepamplona.com\\\/actualidad\\\/la-cuesta-de-labrit-tendra-desde-el-lunes-un-carril-de-subida-exclusivo-para-bus-y-otro-para-vehiculos\\\/#respond\"]}]},{\"@type\":\"WebPage\",\"@id\":\"https:\\\/\\\/www.laguiadepamplona.com\\\/actualidad\\\/la-cuesta-de-labrit-tendra-desde-el-lunes-un-carril-de-subida-exclusivo-para-bus-y-otro-para-vehiculos\\\/\",\"url\":\"https:\\\/\\\/www.laguiadepamplona.com\\\/actualidad\\\/la-cuesta-de-labrit-tendra-desde-el-lunes-un-carril-de-subida-exclusivo-para-bus-y-otro-para-vehiculos\\\/\",\"name\":\"La Cuesta de Labrit tendr\u00e1 desde el lunes un carril de subida exclusivo para bus y otro para veh\u00edculos\",\"isPartOf\":{\"@id\":\"https:\\\/\\\/www.laguiadepamplona.com\\\/actualidad\\\/#website\"},\"primaryImageOfPage\":{\"@id\":\"https:\\\/\\\/www.laguiadepamplona.com\\\/actualidad\\\/la-cuesta-de-labrit-tendra-desde-el-lunes-un-carril-de-subida-exclusivo-para-bus-y-otro-para-vehiculos\\\/#primaryimage\"},\"image\":{\"@id\":\"https:\\\/\\\/www.laguiadepamplona.com\\\/actualidad\\\/la-cuesta-de-labrit-tendra-desde-el-lunes-un-carril-de-subida-exclusivo-para-bus-y-otro-para-vehiculos\\\/#primaryimage\"},\"thumbnailUrl\":\"https:\\\/\\\/www.laguiadepamplona.com\\\/actualidad\\\/wp-content\\\/uploads\\\/2022\\\/10\\\/ascensor_pasarela_labrit3.webp\",\"datePublished\":\"2022-10-06T11:56:42+00:00\",\"dateModified\":\"2023-04-11T09:47:46+00:00\",\"description\":\"Durante el s\u00e1bado y el domingo, este acceso al centro de la ciudad permanecer\u00e1 cerrado de 7.30 a 19 horas para el repintado de la v\u00eda\",\"breadcrumb\":{\"@id\":\"https:\\\/\\\/www.laguiadepamplona.com\\\/actualidad\\\/la-cuesta-de-labrit-tendra-desde-el-lunes-un-carril-de-subida-exclusivo-para-bus-y-otro-para-vehiculos\\\/#breadcrumb\"},\"inLanguage\":\"es\",\"potentialAction\":[{\"@type\":\"ReadAction\",\"target\":[\"https:\\\/\\\/www.laguiadepamplona.com\\\/actualidad\\\/la-cuesta-de-labrit-tendra-desde-el-lunes-un-carril-de-subida-exclusivo-para-bus-y-otro-para-vehiculos\\\/\"]}]},{\"@type\":\"ImageObject\",\"inLanguage\":\"es\",\"@id\":\"https:\\\/\\\/www.laguiadepamplona.com\\\/actualidad\\\/la-cuesta-de-labrit-tendra-desde-el-lunes-un-carril-de-subida-exclusivo-para-bus-y-otro-para-vehiculos\\\/#primaryimage\",\"url\":\"https:\\\/\\\/www.laguiadepamplona.com\\\/actualidad\\\/wp-content\\\/uploads\\\/2022\\\/10\\\/ascensor_pasarela_labrit3.webp\",\"contentUrl\":\"https:\\\/\\\/www.laguiadepamplona.com\\\/actualidad\\\/wp-content\\\/uploads\\\/2022\\\/10\\\/ascensor_pasarela_labrit3.webp\",\"width\":1920,\"height\":1280,\"caption\":\"labrit\"},{\"@type\":\"BreadcrumbList\",\"@id\":\"https:\\\/\\\/www.laguiadepamplona.com\\\/actualidad\\\/la-cuesta-de-labrit-tendra-desde-el-lunes-un-carril-de-subida-exclusivo-para-bus-y-otro-para-vehiculos\\\/#breadcrumb\",\"itemListElement\":[{\"@type\":\"ListItem\",\"position\":1,\"name\":\"Portada\",\"item\":\"https:\\\/\\\/www.laguiadepamplona.com\\\/actualidad\\\/\"},{\"@type\":\"ListItem\",\"position\":2,\"name\":\"La Cuesta de Labrit tendr\u00e1 desde el lunes un carril de subida exclusivo para bus y otro para veh\u00edculos\"}]},{\"@type\":\"WebSite\",\"@id\":\"https:\\\/\\\/www.laguiadepamplona.com\\\/actualidad\\\/#website\",\"url\":\"https:\\\/\\\/www.laguiadepamplona.com\\\/actualidad\\\/\",\"name\":\"La gu\u00eda de Pamplona\",\"description\":\"Noticias de Pamplona\",\"publisher\":{\"@id\":\"https:\\\/\\\/www.laguiadepamplona.com\\\/actualidad\\\/#organization\"},\"potentialAction\":[{\"@type\":\"SearchAction\",\"target\":{\"@type\":\"EntryPoint\",\"urlTemplate\":\"https:\\\/\\\/www.laguiadepamplona.com\\\/actualidad\\\/?s={search_term_string}\"},\"query-input\":{\"@type\":\"PropertyValueSpecification\",\"valueRequired\":true,\"valueName\":\"search_term_string\"}}],\"inLanguage\":\"es\"},{\"@type\":\"Organization\",\"@id\":\"https:\\\/\\\/www.laguiadepamplona.com\\\/actualidad\\\/#organization\",\"name\":\"La Gu\u00eda de Pamplona \\\/ Noticias\",\"url\":\"https:\\\/\\\/www.laguiadepamplona.com\\\/actualidad\\\/\",\"logo\":{\"@type\":\"ImageObject\",\"inLanguage\":\"es\",\"@id\":\"https:\\\/\\\/www.laguiadepamplona.com\\\/actualidad\\\/#\\\/schema\\\/logo\\\/image\\\/\",\"url\":\"https:\\\/\\\/www.laguiadepamplona.com\\\/actualidad\\\/wp-content\\\/uploads\\\/2018\\\/11\\\/logo-laguiadepamplona18-web1.png\",\"contentUrl\":\"https:\\\/\\\/www.laguiadepamplona.com\\\/actualidad\\\/wp-content\\\/uploads\\\/2018\\\/11\\\/logo-laguiadepamplona18-web1.png\",\"width\":600,\"height\":196,\"caption\":\"La Gu\u00eda de Pamplona \\\/ Noticias\"},\"image\":{\"@id\":\"https:\\\/\\\/www.laguiadepamplona.com\\\/actualidad\\\/#\\\/schema\\\/logo\\\/image\\\/\"},\"sameAs\":[\"https:\\\/\\\/www.facebook.com\\\/laguiadepamplonacom-133175176762273\\\/?ref=hl\",\"https:\\\/\\\/x.com\\\/LaGuiadPamplona\",\"https:\\\/\\\/www.instagram.com\\\/la_guia_de_pamplona\\\/\",\"https:\\\/\\\/www.youtube.com\\\/user\\\/laguiadepamplona\"]},{\"@type\":\"Person\",\"@id\":\"https:\\\/\\\/www.laguiadepamplona.com\\\/actualidad\\\/#\\\/schema\\\/person\\\/efe887376f0213d4657c93adc50b1fdb\",\"name\":\"La Gu\u00eda de Pamplona\",\"image\":{\"@type\":\"ImageObject\",\"inLanguage\":\"es\",\"@id\":\"https:\\\/\\\/secure.gravatar.com\\\/avatar\\\/b6992f131dc8d30ab0dff15446e9d346d9dbd95992de0fef795073f5ea83a81c?s=96&d=mm&r=g\",\"url\":\"https:\\\/\\\/secure.gravatar.com\\\/avatar\\\/b6992f131dc8d30ab0dff15446e9d346d9dbd95992de0fef795073f5ea83a81c?s=96&d=mm&r=g\",\"contentUrl\":\"https:\\\/\\\/secure.gravatar.com\\\/avatar\\\/b6992f131dc8d30ab0dff15446e9d346d9dbd95992de0fef795073f5ea83a81c?s=96&d=mm&r=g\",\"caption\":\"La Gu\u00eda de Pamplona\"}}]}<\/script>\n<!-- \/ Yoast SEO plugin. -->","yoast_head_json":{"title":"La Cuesta de Labrit tendr\u00e1 desde el lunes un carril de subida exclusivo para bus y otro para veh\u00edculos","description":"Durante el s\u00e1bado y el domingo, este acceso al centro de la ciudad permanecer\u00e1 cerrado de 7.30 a 19 horas para el repintado de la v\u00eda","robots":{"index":"index","follow":"follow","max-snippet":"max-snippet:-1","max-image-preview":"max-image-preview:large","max-video-preview":"max-video-preview:-1"},"canonical":"https:\/\/www.laguiadepamplona.com\/actualidad\/la-cuesta-de-labrit-tendra-desde-el-lunes-un-carril-de-subida-exclusivo-para-bus-y-otro-para-vehiculos\/","og_locale":"es_ES","og_type":"article","og_title":"La Cuesta de Labrit tendr\u00e1 desde el lunes un carril de subida exclusivo para bus y otro para veh\u00edculos","og_description":"Durante el s\u00e1bado y el domingo, este acceso al centro de la ciudad permanecer\u00e1 cerrado de 7.30 a 19 horas para el repintado de la v\u00eda","og_url":"https:\/\/www.laguiadepamplona.com\/actualidad\/la-cuesta-de-labrit-tendra-desde-el-lunes-un-carril-de-subida-exclusivo-para-bus-y-otro-para-vehiculos\/","og_site_name":"La Gu\u00eda de Pamplona","article_publisher":"https:\/\/www.facebook.com\/laguiadepamplonacom-133175176762273\/?ref=hl","article_published_time":"2022-10-06T11:56:42+00:00","article_modified_time":"2023-04-11T09:47:46+00:00","og_image":[{"width":1920,"height":1280,"url":"https:\/\/www.laguiadepamplona.com\/actualidad\/wp-content\/uploads\/2022\/10\/ascensor_pasarela_labrit3.webp","type":"image\/webp"}],"author":"La Gu\u00eda de Pamplona","twitter_card":"summary_large_image","twitter_creator":"@LaGuiadPamplona","twitter_site":"@LaGuiadPamplona","twitter_misc":{"Escrito por":"La Gu\u00eda de Pamplona","Tiempo de lectura":"3 minutos"},"schema":{"@context":"https:\/\/schema.org","@graph":[{"@type":"Article","@id":"https:\/\/www.laguiadepamplona.com\/actualidad\/la-cuesta-de-labrit-tendra-desde-el-lunes-un-carril-de-subida-exclusivo-para-bus-y-otro-para-vehiculos\/#article","isPartOf":{"@id":"https:\/\/www.laguiadepamplona.com\/actualidad\/la-cuesta-de-labrit-tendra-desde-el-lunes-un-carril-de-subida-exclusivo-para-bus-y-otro-para-vehiculos\/"},"author":{"name":"La Gu\u00eda de Pamplona","@id":"https:\/\/www.laguiadepamplona.com\/actualidad\/#\/schema\/person\/efe887376f0213d4657c93adc50b1fdb"},"headline":"La Cuesta de Labrit tendr\u00e1 desde el lunes un carril de subida exclusivo para bus y otro para veh\u00edculos","datePublished":"2022-10-06T11:56:42+00:00","dateModified":"2023-04-11T09:47:46+00:00","mainEntityOfPage":{"@id":"https:\/\/www.laguiadepamplona.com\/actualidad\/la-cuesta-de-labrit-tendra-desde-el-lunes-un-carril-de-subida-exclusivo-para-bus-y-otro-para-vehiculos\/"},"wordCount":561,"commentCount":0,"publisher":{"@id":"https:\/\/www.laguiadepamplona.com\/actualidad\/#organization"},"image":{"@id":"https:\/\/www.laguiadepamplona.com\/actualidad\/la-cuesta-de-labrit-tendra-desde-el-lunes-un-carril-de-subida-exclusivo-para-bus-y-otro-para-vehiculos\/#primaryimage"},"thumbnailUrl":"https:\/\/www.laguiadepamplona.com\/actualidad\/wp-content\/uploads\/2022\/10\/ascensor_pasarela_labrit3.webp","articleSection":["Ayto Pamplona"],"inLanguage":"es","potentialAction":[{"@type":"CommentAction","name":"Comment","target":["https:\/\/www.laguiadepamplona.com\/actualidad\/la-cuesta-de-labrit-tendra-desde-el-lunes-un-carril-de-subida-exclusivo-para-bus-y-otro-para-vehiculos\/#respond"]}]},{"@type":"WebPage","@id":"https:\/\/www.laguiadepamplona.com\/actualidad\/la-cuesta-de-labrit-tendra-desde-el-lunes-un-carril-de-subida-exclusivo-para-bus-y-otro-para-vehiculos\/","url":"https:\/\/www.laguiadepamplona.com\/actualidad\/la-cuesta-de-labrit-tendra-desde-el-lunes-un-carril-de-subida-exclusivo-para-bus-y-otro-para-vehiculos\/","name":"La Cuesta de Labrit tendr\u00e1 desde el lunes un carril de subida exclusivo para bus y otro para veh\u00edculos","isPartOf":{"@id":"https:\/\/www.laguiadepamplona.com\/actualidad\/#website"},"primaryImageOfPage":{"@id":"https:\/\/www.laguiadepamplona.com\/actualidad\/la-cuesta-de-labrit-tendra-desde-el-lunes-un-carril-de-subida-exclusivo-para-bus-y-otro-para-vehiculos\/#primaryimage"},"image":{"@id":"https:\/\/www.laguiadepamplona.com\/actualidad\/la-cuesta-de-labrit-tendra-desde-el-lunes-un-carril-de-subida-exclusivo-para-bus-y-otro-para-vehiculos\/#primaryimage"},"thumbnailUrl":"https:\/\/www.laguiadepamplona.com\/actualidad\/wp-content\/uploads\/2022\/10\/ascensor_pasarela_labrit3.webp","datePublished":"2022-10-06T11:56:42+00:00","dateModified":"2023-04-11T09:47:46+00:00","description":"Durante el s\u00e1bado y el domingo, este acceso al centro de la ciudad permanecer\u00e1 cerrado de 7.30 a 19 horas para el repintado de la v\u00eda","breadcrumb":{"@id":"https:\/\/www.laguiadepamplona.com\/actualidad\/la-cuesta-de-labrit-tendra-desde-el-lunes-un-carril-de-subida-exclusivo-para-bus-y-otro-para-vehiculos\/#breadcrumb"},"inLanguage":"es","potentialAction":[{"@type":"ReadAction","target":["https:\/\/www.laguiadepamplona.com\/actualidad\/la-cuesta-de-labrit-tendra-desde-el-lunes-un-carril-de-subida-exclusivo-para-bus-y-otro-para-vehiculos\/"]}]},{"@type":"ImageObject","inLanguage":"es","@id":"https:\/\/www.laguiadepamplona.com\/actualidad\/la-cuesta-de-labrit-tendra-desde-el-lunes-un-carril-de-subida-exclusivo-para-bus-y-otro-para-vehiculos\/#primaryimage","url":"https:\/\/www.laguiadepamplona.com\/actualidad\/wp-content\/uploads\/2022\/10\/ascensor_pasarela_labrit3.webp","contentUrl":"https:\/\/www.laguiadepamplona.com\/actualidad\/wp-content\/uploads\/2022\/10\/ascensor_pasarela_labrit3.webp","width":1920,"height":1280,"caption":"labrit"},{"@type":"BreadcrumbList","@id":"https:\/\/www.laguiadepamplona.com\/actualidad\/la-cuesta-de-labrit-tendra-desde-el-lunes-un-carril-de-subida-exclusivo-para-bus-y-otro-para-vehiculos\/#breadcrumb","itemListElement":[{"@type":"ListItem","position":1,"name":"Portada","item":"https:\/\/www.laguiadepamplona.com\/actualidad\/"},{"@type":"ListItem","position":2,"name":"La Cuesta de Labrit tendr\u00e1 desde el lunes un carril de subida exclusivo para bus y otro para veh\u00edculos"}]},{"@type":"WebSite","@id":"https:\/\/www.laguiadepamplona.com\/actualidad\/#website","url":"https:\/\/www.laguiadepamplona.com\/actualidad\/","name":"La gu\u00eda de Pamplona","description":"Noticias de Pamplona","publisher":{"@id":"https:\/\/www.laguiadepamplona.com\/actualidad\/#organization"},"potentialAction":[{"@type":"SearchAction","target":{"@type":"EntryPoint","urlTemplate":"https:\/\/www.laguiadepamplona.com\/actualidad\/?s={search_term_string}"},"query-input":{"@type":"PropertyValueSpecification","valueRequired":true,"valueName":"search_term_string"}}],"inLanguage":"es"},{"@type":"Organization","@id":"https:\/\/www.laguiadepamplona.com\/actualidad\/#organization","name":"La Gu\u00eda de Pamplona \/ Noticias","url":"https:\/\/www.laguiadepamplona.com\/actualidad\/","logo":{"@type":"ImageObject","inLanguage":"es","@id":"https:\/\/www.laguiadepamplona.com\/actualidad\/#\/schema\/logo\/image\/","url":"https:\/\/www.laguiadepamplona.com\/actualidad\/wp-content\/uploads\/2018\/11\/logo-laguiadepamplona18-web1.png","contentUrl":"https:\/\/www.laguiadepamplona.com\/actualidad\/wp-content\/uploads\/2018\/11\/logo-laguiadepamplona18-web1.png","width":600,"height":196,"caption":"La Gu\u00eda de Pamplona \/ Noticias"},"image":{"@id":"https:\/\/www.laguiadepamplona.com\/actualidad\/#\/schema\/logo\/image\/"},"sameAs":["https:\/\/www.facebook.com\/laguiadepamplonacom-133175176762273\/?ref=hl","https:\/\/x.com\/LaGuiadPamplona","https:\/\/www.instagram.com\/la_guia_de_pamplona\/","https:\/\/www.youtube.com\/user\/laguiadepamplona"]},{"@type":"Person","@id":"https:\/\/www.laguiadepamplona.com\/actualidad\/#\/schema\/person\/efe887376f0213d4657c93adc50b1fdb","name":"La Gu\u00eda de Pamplona","image":{"@type":"ImageObject","inLanguage":"es","@id":"https:\/\/secure.gravatar.com\/avatar\/b6992f131dc8d30ab0dff15446e9d346d9dbd95992de0fef795073f5ea83a81c?s=96&d=mm&r=g","url":"https:\/\/secure.gravatar.com\/avatar\/b6992f131dc8d30ab0dff15446e9d346d9dbd95992de0fef795073f5ea83a81c?s=96&d=mm&r=g","contentUrl":"https:\/\/secure.gravatar.com\/avatar\/b6992f131dc8d30ab0dff15446e9d346d9dbd95992de0fef795073f5ea83a81c?s=96&d=mm&r=g","caption":"La Gu\u00eda de Pamplona"}}]}},"post_mailing_queue_ids":[],"_links":{"self":[{"href":"https:\/\/www.laguiadepamplona.com\/actualidad\/wp-json\/wp\/v2\/posts\/41814","targetHints":{"allow":["GET"]}}],"collection":[{"href":"https:\/\/www.laguiadepamplona.com\/actualidad\/wp-json\/wp\/v2\/posts"}],"about":[{"href":"https:\/\/www.laguiadepamplona.com\/actualidad\/wp-json\/wp\/v2\/types\/post"}],"author":[{"embeddable":true,"href":"https:\/\/www.laguiadepamplona.com\/actualidad\/wp-json\/wp\/v2\/users\/1"}],"replies":[{"embeddable":true,"href":"https:\/\/www.laguiadepamplona.com\/actualidad\/wp-json\/wp\/v2\/comments?post=41814"}],"version-history":[{"count":0,"href":"https:\/\/www.laguiadepamplona.com\/actualidad\/wp-json\/wp\/v2\/posts\/41814\/revisions"}],"wp:featuredmedia":[{"embeddable":true,"href":"https:\/\/www.laguiadepamplona.com\/actualidad\/wp-json\/wp\/v2\/media\/41815"}],"wp:attachment":[{"href":"https:\/\/www.laguiadepamplona.com\/actualidad\/wp-json\/wp\/v2\/media?parent=41814"}],"wp:term":[{"taxonomy":"category","embeddable":true,"href":"https:\/\/www.laguiadepamplona.com\/actualidad\/wp-json\/wp\/v2\/categories?post=41814"},{"taxonomy":"post_tag","embeddable":true,"href":"https:\/\/www.laguiadepamplona.com\/actualidad\/wp-json\/wp\/v2\/tags?post=41814"}],"curies":[{"name":"wp","href":"https:\/\/api.w.org\/{rel}","templated":true}]}}