{"id":41812,"date":"2022-10-05T13:29:54","date_gmt":"2022-10-05T11:29:54","guid":{"rendered":"https:\/\/www.laguiadepamplona.com\/actualidad\/?p=41812"},"modified":"2023-04-11T11:47:46","modified_gmt":"2023-04-11T09:47:46","slug":"la-fachada-de-la-casa-consistorial-se-iluminara-este-jueves-de-azul-con-motivo-del-dia-mundial-de-la-paralisis-cerebral","status":"publish","type":"post","link":"https:\/\/www.laguiadepamplona.com\/actualidad\/la-fachada-de-la-casa-consistorial-se-iluminara-este-jueves-de-azul-con-motivo-del-dia-mundial-de-la-paralisis-cerebral\/","title":{"rendered":"La fachada de la Casa Consistorial se iluminar\u00e1 este jueves de azul con motivo del D\u00eda Mundial de la Par\u00e1lisis Cerebral"},"content":{"rendered":"<p><!--more--><\/p>\n<p>El Ayuntamiento de Pamplona se ha adherido al D\u00eda Mundial de la Par\u00e1lisis Cerebral, que se celebra este jueves, iluminando de azul la fachada de la Casa Consistorial. De esta forma, hace suya la petici\u00f3n de Aspace Navarra, entidad sin \u00e1nimo de lucro que ofrece apoyo a personas con par\u00e1lisis cerebral, discapacidades afines y a sus familias desde 1971.<br \/>\n<script async src=\"\/\/pagead2.googlesyndication.com\/pagead\/js\/adsbygoogle.js\"><\/script><br \/>\n<!-- Noticias La Guia de Pamplona --><br \/>\n<ins class=\"adsbygoogle\"\nstyle=\"display:block\"\ndata-ad-client=\"ca-pub-6943679897239327\"\ndata-ad-slot=\"7048180777\"\ndata-ad-format=\"auto\"><\/ins><br \/>\n<script>\n(adsbygoogle = window.adsbygoogle || []).push({});\n<\/script><\/p>\n<p>La par\u00e1lisis cerebral es, tal y como aclaran los expertos, un grupo de trastornos que causan problemas del movimiento, el equilibrio y la postura. Afecta la corteza motora del cerebro, la parte de este \u00f3rgano que dirige el movimiento muscular. Existen distintos tipos de par\u00e1lisis cerebral, en funci\u00f3n de las afecciones. Esta discapacidad est\u00e1 provocada por un desarrollo anormal del cerebro o porque \u00e9ste registra alg\u00fan da\u00f1o. En esencia, se da cuando la corteza motora cerebral no se desarrolla en forma normal durante el crecimiento del feto o bien si se produce una lesi\u00f3n en el cerebro, que puede ocurrir antes, durante o despu\u00e9s del nacimiento.\u00a0 En cualquier caso, tanto el da\u00f1o cerebral como las discapacidades que causa son permanentes.<\/p>\n<p>Por ello, la labor de entidades p\u00fablicas y asociaciones como Aspace es clave en el apoyo a lo largo de toda su vida tanto a las personas afectadas como a sus familiares, mejorando en la medida de lo posible su autonom\u00eda y su integraci\u00f3n en la sociedad, y proporcionando aquellos servicios y prestaciones que mejoren su calidad de vida. Siguiendo estos criterios, Aspace, que cuenta con m\u00e1s de 350 personas socias, tiene entre sus prop\u00f3sitos desarrollar itinerarios individualizados para cubrir las necesidades de las personas con par\u00e1lisis cerebral y sus familias en todas las etapas de la vida, desde la infancia hasta la edad adulta, facilitando su incorporaci\u00f3n laboral y su desarrollo personal y profesional.<\/p>\n","protected":false},"excerpt":{"rendered":"","protected":false},"author":1,"featured_media":33821,"comment_status":"open","ping_status":"closed","sticky":false,"template":"","format":"standard","meta":{"footnotes":""},"categories":[2],"tags":[],"class_list":["post-41812","post","type-post","status-publish","format-standard","has-post-thumbnail","hentry","category-ayuntamiento-pamplona"],"yoast_head":"<!-- This site is optimized with the Yoast SEO plugin v27.3 - https:\/\/yoast.com\/product\/yoast-seo-wordpress\/ -->\n<title>La fachada de la Casa Consistorial se iluminar\u00e1 este jueves de azul con motivo del D\u00eda Mundial de la Par\u00e1lisis Cerebral<\/title>\n<meta name=\"description\" content=\"La par\u00e1lisis cerebral es, tal y como aclaran los expertos, un grupo de trastornos que causan problemas del movimiento, el equilibrio y la postura.\" \/>\n<meta name=\"robots\" content=\"index, follow, max-snippet:-1, max-image-preview:large, max-video-preview:-1\" \/>\n<link rel=\"canonical\" href=\"https:\/\/www.laguiadepamplona.com\/actualidad\/la-fachada-de-la-casa-consistorial-se-iluminara-este-jueves-de-azul-con-motivo-del-dia-mundial-de-la-paralisis-cerebral\/\" \/>\n<meta property=\"og:locale\" content=\"es_ES\" \/>\n<meta property=\"og:type\" content=\"article\" \/>\n<meta property=\"og:title\" content=\"La fachada de la Casa Consistorial se iluminar\u00e1 este jueves de azul con motivo del D\u00eda Mundial de la Par\u00e1lisis Cerebral\" \/>\n<meta property=\"og:description\" content=\"La par\u00e1lisis cerebral es, tal y como aclaran los expertos, un grupo de trastornos que causan problemas del movimiento, el equilibrio y la postura.\" \/>\n<meta property=\"og:url\" content=\"https:\/\/www.laguiadepamplona.com\/actualidad\/la-fachada-de-la-casa-consistorial-se-iluminara-este-jueves-de-azul-con-motivo-del-dia-mundial-de-la-paralisis-cerebral\/\" \/>\n<meta property=\"og:site_name\" content=\"La Gu\u00eda de Pamplona\" \/>\n<meta property=\"article:publisher\" content=\"https:\/\/www.facebook.com\/laguiadepamplonacom-133175176762273\/?ref=hl\" \/>\n<meta property=\"article:published_time\" content=\"2022-10-05T11:29:54+00:00\" \/>\n<meta property=\"article:modified_time\" content=\"2023-04-11T09:47:46+00:00\" \/>\n<meta property=\"og:image\" content=\"https:\/\/www.laguiadepamplona.com\/actualidad\/wp-content\/uploads\/2021\/03\/aytoazul_JGV8972_1.jpg\" \/>\n\t<meta property=\"og:image:width\" content=\"1920\" \/>\n\t<meta property=\"og:image:height\" content=\"1280\" \/>\n\t<meta property=\"og:image:type\" content=\"image\/jpeg\" \/>\n<meta name=\"author\" content=\"La Gu\u00eda de Pamplona\" \/>\n<meta name=\"twitter:card\" content=\"summary_large_image\" \/>\n<meta name=\"twitter:creator\" content=\"@LaGuiadPamplona\" \/>\n<meta name=\"twitter:site\" content=\"@LaGuiadPamplona\" \/>\n<meta name=\"twitter:label1\" content=\"Escrito por\" \/>\n\t<meta name=\"twitter:data1\" content=\"La Gu\u00eda de Pamplona\" \/>\n\t<meta name=\"twitter:label2\" content=\"Tiempo de lectura\" \/>\n\t<meta name=\"twitter:data2\" content=\"2 minutos\" \/>\n<script type=\"application\/ld+json\" class=\"yoast-schema-graph\">{\"@context\":\"https:\\\/\\\/schema.org\",\"@graph\":[{\"@type\":\"Article\",\"@id\":\"https:\\\/\\\/www.laguiadepamplona.com\\\/actualidad\\\/la-fachada-de-la-casa-consistorial-se-iluminara-este-jueves-de-azul-con-motivo-del-dia-mundial-de-la-paralisis-cerebral\\\/#article\",\"isPartOf\":{\"@id\":\"https:\\\/\\\/www.laguiadepamplona.com\\\/actualidad\\\/la-fachada-de-la-casa-consistorial-se-iluminara-este-jueves-de-azul-con-motivo-del-dia-mundial-de-la-paralisis-cerebral\\\/\"},\"author\":{\"name\":\"La Gu\u00eda de Pamplona\",\"@id\":\"https:\\\/\\\/www.laguiadepamplona.com\\\/actualidad\\\/#\\\/schema\\\/person\\\/efe887376f0213d4657c93adc50b1fdb\"},\"headline\":\"La fachada de la Casa Consistorial se iluminar\u00e1 este jueves de azul con motivo del D\u00eda Mundial de la Par\u00e1lisis Cerebral\",\"datePublished\":\"2022-10-05T11:29:54+00:00\",\"dateModified\":\"2023-04-11T09:47:46+00:00\",\"mainEntityOfPage\":{\"@id\":\"https:\\\/\\\/www.laguiadepamplona.com\\\/actualidad\\\/la-fachada-de-la-casa-consistorial-se-iluminara-este-jueves-de-azul-con-motivo-del-dia-mundial-de-la-paralisis-cerebral\\\/\"},\"wordCount\":334,\"commentCount\":0,\"publisher\":{\"@id\":\"https:\\\/\\\/www.laguiadepamplona.com\\\/actualidad\\\/#organization\"},\"image\":{\"@id\":\"https:\\\/\\\/www.laguiadepamplona.com\\\/actualidad\\\/la-fachada-de-la-casa-consistorial-se-iluminara-este-jueves-de-azul-con-motivo-del-dia-mundial-de-la-paralisis-cerebral\\\/#primaryimage\"},\"thumbnailUrl\":\"https:\\\/\\\/www.laguiadepamplona.com\\\/actualidad\\\/wp-content\\\/uploads\\\/2021\\\/03\\\/aytoazul_JGV8972_1.jpg\",\"articleSection\":[\"Ayto Pamplona\"],\"inLanguage\":\"es\",\"potentialAction\":[{\"@type\":\"CommentAction\",\"name\":\"Comment\",\"target\":[\"https:\\\/\\\/www.laguiadepamplona.com\\\/actualidad\\\/la-fachada-de-la-casa-consistorial-se-iluminara-este-jueves-de-azul-con-motivo-del-dia-mundial-de-la-paralisis-cerebral\\\/#respond\"]}]},{\"@type\":\"WebPage\",\"@id\":\"https:\\\/\\\/www.laguiadepamplona.com\\\/actualidad\\\/la-fachada-de-la-casa-consistorial-se-iluminara-este-jueves-de-azul-con-motivo-del-dia-mundial-de-la-paralisis-cerebral\\\/\",\"url\":\"https:\\\/\\\/www.laguiadepamplona.com\\\/actualidad\\\/la-fachada-de-la-casa-consistorial-se-iluminara-este-jueves-de-azul-con-motivo-del-dia-mundial-de-la-paralisis-cerebral\\\/\",\"name\":\"La fachada de la Casa Consistorial se iluminar\u00e1 este jueves de azul con motivo del D\u00eda Mundial de la Par\u00e1lisis Cerebral\",\"isPartOf\":{\"@id\":\"https:\\\/\\\/www.laguiadepamplona.com\\\/actualidad\\\/#website\"},\"primaryImageOfPage\":{\"@id\":\"https:\\\/\\\/www.laguiadepamplona.com\\\/actualidad\\\/la-fachada-de-la-casa-consistorial-se-iluminara-este-jueves-de-azul-con-motivo-del-dia-mundial-de-la-paralisis-cerebral\\\/#primaryimage\"},\"image\":{\"@id\":\"https:\\\/\\\/www.laguiadepamplona.com\\\/actualidad\\\/la-fachada-de-la-casa-consistorial-se-iluminara-este-jueves-de-azul-con-motivo-del-dia-mundial-de-la-paralisis-cerebral\\\/#primaryimage\"},\"thumbnailUrl\":\"https:\\\/\\\/www.laguiadepamplona.com\\\/actualidad\\\/wp-content\\\/uploads\\\/2021\\\/03\\\/aytoazul_JGV8972_1.jpg\",\"datePublished\":\"2022-10-05T11:29:54+00:00\",\"dateModified\":\"2023-04-11T09:47:46+00:00\",\"description\":\"La par\u00e1lisis cerebral es, tal y como aclaran los expertos, un grupo de trastornos que causan problemas del movimiento, el equilibrio y la postura.\",\"breadcrumb\":{\"@id\":\"https:\\\/\\\/www.laguiadepamplona.com\\\/actualidad\\\/la-fachada-de-la-casa-consistorial-se-iluminara-este-jueves-de-azul-con-motivo-del-dia-mundial-de-la-paralisis-cerebral\\\/#breadcrumb\"},\"inLanguage\":\"es\",\"potentialAction\":[{\"@type\":\"ReadAction\",\"target\":[\"https:\\\/\\\/www.laguiadepamplona.com\\\/actualidad\\\/la-fachada-de-la-casa-consistorial-se-iluminara-este-jueves-de-azul-con-motivo-del-dia-mundial-de-la-paralisis-cerebral\\\/\"]}]},{\"@type\":\"ImageObject\",\"inLanguage\":\"es\",\"@id\":\"https:\\\/\\\/www.laguiadepamplona.com\\\/actualidad\\\/la-fachada-de-la-casa-consistorial-se-iluminara-este-jueves-de-azul-con-motivo-del-dia-mundial-de-la-paralisis-cerebral\\\/#primaryimage\",\"url\":\"https:\\\/\\\/www.laguiadepamplona.com\\\/actualidad\\\/wp-content\\\/uploads\\\/2021\\\/03\\\/aytoazul_JGV8972_1.jpg\",\"contentUrl\":\"https:\\\/\\\/www.laguiadepamplona.com\\\/actualidad\\\/wp-content\\\/uploads\\\/2021\\\/03\\\/aytoazul_JGV8972_1.jpg\",\"width\":1920,\"height\":1280,\"caption\":\"A* Jes\u00fas Garzaron F* 2020_11_12 T* Iluminaci\u00f3n en azul de la fachada del Ayuntamiento con motivo del D\u00eda Mundial contra la Neumon\u00eda L* Ayuntamiento de Pamplona\"},{\"@type\":\"BreadcrumbList\",\"@id\":\"https:\\\/\\\/www.laguiadepamplona.com\\\/actualidad\\\/la-fachada-de-la-casa-consistorial-se-iluminara-este-jueves-de-azul-con-motivo-del-dia-mundial-de-la-paralisis-cerebral\\\/#breadcrumb\",\"itemListElement\":[{\"@type\":\"ListItem\",\"position\":1,\"name\":\"Portada\",\"item\":\"https:\\\/\\\/www.laguiadepamplona.com\\\/actualidad\\\/\"},{\"@type\":\"ListItem\",\"position\":2,\"name\":\"La fachada de la Casa Consistorial se iluminar\u00e1 este jueves de azul con motivo del D\u00eda Mundial de la Par\u00e1lisis Cerebral\"}]},{\"@type\":\"WebSite\",\"@id\":\"https:\\\/\\\/www.laguiadepamplona.com\\\/actualidad\\\/#website\",\"url\":\"https:\\\/\\\/www.laguiadepamplona.com\\\/actualidad\\\/\",\"name\":\"La gu\u00eda de Pamplona\",\"description\":\"Noticias de Pamplona\",\"publisher\":{\"@id\":\"https:\\\/\\\/www.laguiadepamplona.com\\\/actualidad\\\/#organization\"},\"potentialAction\":[{\"@type\":\"SearchAction\",\"target\":{\"@type\":\"EntryPoint\",\"urlTemplate\":\"https:\\\/\\\/www.laguiadepamplona.com\\\/actualidad\\\/?s={search_term_string}\"},\"query-input\":{\"@type\":\"PropertyValueSpecification\",\"valueRequired\":true,\"valueName\":\"search_term_string\"}}],\"inLanguage\":\"es\"},{\"@type\":\"Organization\",\"@id\":\"https:\\\/\\\/www.laguiadepamplona.com\\\/actualidad\\\/#organization\",\"name\":\"La Gu\u00eda de Pamplona \\\/ Noticias\",\"url\":\"https:\\\/\\\/www.laguiadepamplona.com\\\/actualidad\\\/\",\"logo\":{\"@type\":\"ImageObject\",\"inLanguage\":\"es\",\"@id\":\"https:\\\/\\\/www.laguiadepamplona.com\\\/actualidad\\\/#\\\/schema\\\/logo\\\/image\\\/\",\"url\":\"https:\\\/\\\/www.laguiadepamplona.com\\\/actualidad\\\/wp-content\\\/uploads\\\/2018\\\/11\\\/logo-laguiadepamplona18-web1.png\",\"contentUrl\":\"https:\\\/\\\/www.laguiadepamplona.com\\\/actualidad\\\/wp-content\\\/uploads\\\/2018\\\/11\\\/logo-laguiadepamplona18-web1.png\",\"width\":600,\"height\":196,\"caption\":\"La Gu\u00eda de Pamplona \\\/ Noticias\"},\"image\":{\"@id\":\"https:\\\/\\\/www.laguiadepamplona.com\\\/actualidad\\\/#\\\/schema\\\/logo\\\/image\\\/\"},\"sameAs\":[\"https:\\\/\\\/www.facebook.com\\\/laguiadepamplonacom-133175176762273\\\/?ref=hl\",\"https:\\\/\\\/x.com\\\/LaGuiadPamplona\",\"https:\\\/\\\/www.instagram.com\\\/la_guia_de_pamplona\\\/\",\"https:\\\/\\\/www.youtube.com\\\/user\\\/laguiadepamplona\"]},{\"@type\":\"Person\",\"@id\":\"https:\\\/\\\/www.laguiadepamplona.com\\\/actualidad\\\/#\\\/schema\\\/person\\\/efe887376f0213d4657c93adc50b1fdb\",\"name\":\"La Gu\u00eda de Pamplona\",\"image\":{\"@type\":\"ImageObject\",\"inLanguage\":\"es\",\"@id\":\"https:\\\/\\\/secure.gravatar.com\\\/avatar\\\/b6992f131dc8d30ab0dff15446e9d346d9dbd95992de0fef795073f5ea83a81c?s=96&d=mm&r=g\",\"url\":\"https:\\\/\\\/secure.gravatar.com\\\/avatar\\\/b6992f131dc8d30ab0dff15446e9d346d9dbd95992de0fef795073f5ea83a81c?s=96&d=mm&r=g\",\"contentUrl\":\"https:\\\/\\\/secure.gravatar.com\\\/avatar\\\/b6992f131dc8d30ab0dff15446e9d346d9dbd95992de0fef795073f5ea83a81c?s=96&d=mm&r=g\",\"caption\":\"La Gu\u00eda de Pamplona\"}}]}<\/script>\n<!-- \/ Yoast SEO plugin. -->","yoast_head_json":{"title":"La fachada de la Casa Consistorial se iluminar\u00e1 este jueves de azul con motivo del D\u00eda Mundial de la Par\u00e1lisis Cerebral","description":"La par\u00e1lisis cerebral es, tal y como aclaran los expertos, un grupo de trastornos que causan problemas del movimiento, el equilibrio y la postura.","robots":{"index":"index","follow":"follow","max-snippet":"max-snippet:-1","max-image-preview":"max-image-preview:large","max-video-preview":"max-video-preview:-1"},"canonical":"https:\/\/www.laguiadepamplona.com\/actualidad\/la-fachada-de-la-casa-consistorial-se-iluminara-este-jueves-de-azul-con-motivo-del-dia-mundial-de-la-paralisis-cerebral\/","og_locale":"es_ES","og_type":"article","og_title":"La fachada de la Casa Consistorial se iluminar\u00e1 este jueves de azul con motivo del D\u00eda Mundial de la Par\u00e1lisis Cerebral","og_description":"La par\u00e1lisis cerebral es, tal y como aclaran los expertos, un grupo de trastornos que causan problemas del movimiento, el equilibrio y la postura.","og_url":"https:\/\/www.laguiadepamplona.com\/actualidad\/la-fachada-de-la-casa-consistorial-se-iluminara-este-jueves-de-azul-con-motivo-del-dia-mundial-de-la-paralisis-cerebral\/","og_site_name":"La Gu\u00eda de Pamplona","article_publisher":"https:\/\/www.facebook.com\/laguiadepamplonacom-133175176762273\/?ref=hl","article_published_time":"2022-10-05T11:29:54+00:00","article_modified_time":"2023-04-11T09:47:46+00:00","og_image":[{"width":1920,"height":1280,"url":"https:\/\/www.laguiadepamplona.com\/actualidad\/wp-content\/uploads\/2021\/03\/aytoazul_JGV8972_1.jpg","type":"image\/jpeg"}],"author":"La Gu\u00eda de Pamplona","twitter_card":"summary_large_image","twitter_creator":"@LaGuiadPamplona","twitter_site":"@LaGuiadPamplona","twitter_misc":{"Escrito por":"La Gu\u00eda de Pamplona","Tiempo de lectura":"2 minutos"},"schema":{"@context":"https:\/\/schema.org","@graph":[{"@type":"Article","@id":"https:\/\/www.laguiadepamplona.com\/actualidad\/la-fachada-de-la-casa-consistorial-se-iluminara-este-jueves-de-azul-con-motivo-del-dia-mundial-de-la-paralisis-cerebral\/#article","isPartOf":{"@id":"https:\/\/www.laguiadepamplona.com\/actualidad\/la-fachada-de-la-casa-consistorial-se-iluminara-este-jueves-de-azul-con-motivo-del-dia-mundial-de-la-paralisis-cerebral\/"},"author":{"name":"La Gu\u00eda de Pamplona","@id":"https:\/\/www.laguiadepamplona.com\/actualidad\/#\/schema\/person\/efe887376f0213d4657c93adc50b1fdb"},"headline":"La fachada de la Casa Consistorial se iluminar\u00e1 este jueves de azul con motivo del D\u00eda Mundial de la Par\u00e1lisis Cerebral","datePublished":"2022-10-05T11:29:54+00:00","dateModified":"2023-04-11T09:47:46+00:00","mainEntityOfPage":{"@id":"https:\/\/www.laguiadepamplona.com\/actualidad\/la-fachada-de-la-casa-consistorial-se-iluminara-este-jueves-de-azul-con-motivo-del-dia-mundial-de-la-paralisis-cerebral\/"},"wordCount":334,"commentCount":0,"publisher":{"@id":"https:\/\/www.laguiadepamplona.com\/actualidad\/#organization"},"image":{"@id":"https:\/\/www.laguiadepamplona.com\/actualidad\/la-fachada-de-la-casa-consistorial-se-iluminara-este-jueves-de-azul-con-motivo-del-dia-mundial-de-la-paralisis-cerebral\/#primaryimage"},"thumbnailUrl":"https:\/\/www.laguiadepamplona.com\/actualidad\/wp-content\/uploads\/2021\/03\/aytoazul_JGV8972_1.jpg","articleSection":["Ayto Pamplona"],"inLanguage":"es","potentialAction":[{"@type":"CommentAction","name":"Comment","target":["https:\/\/www.laguiadepamplona.com\/actualidad\/la-fachada-de-la-casa-consistorial-se-iluminara-este-jueves-de-azul-con-motivo-del-dia-mundial-de-la-paralisis-cerebral\/#respond"]}]},{"@type":"WebPage","@id":"https:\/\/www.laguiadepamplona.com\/actualidad\/la-fachada-de-la-casa-consistorial-se-iluminara-este-jueves-de-azul-con-motivo-del-dia-mundial-de-la-paralisis-cerebral\/","url":"https:\/\/www.laguiadepamplona.com\/actualidad\/la-fachada-de-la-casa-consistorial-se-iluminara-este-jueves-de-azul-con-motivo-del-dia-mundial-de-la-paralisis-cerebral\/","name":"La fachada de la Casa Consistorial se iluminar\u00e1 este jueves de azul con motivo del D\u00eda Mundial de la Par\u00e1lisis Cerebral","isPartOf":{"@id":"https:\/\/www.laguiadepamplona.com\/actualidad\/#website"},"primaryImageOfPage":{"@id":"https:\/\/www.laguiadepamplona.com\/actualidad\/la-fachada-de-la-casa-consistorial-se-iluminara-este-jueves-de-azul-con-motivo-del-dia-mundial-de-la-paralisis-cerebral\/#primaryimage"},"image":{"@id":"https:\/\/www.laguiadepamplona.com\/actualidad\/la-fachada-de-la-casa-consistorial-se-iluminara-este-jueves-de-azul-con-motivo-del-dia-mundial-de-la-paralisis-cerebral\/#primaryimage"},"thumbnailUrl":"https:\/\/www.laguiadepamplona.com\/actualidad\/wp-content\/uploads\/2021\/03\/aytoazul_JGV8972_1.jpg","datePublished":"2022-10-05T11:29:54+00:00","dateModified":"2023-04-11T09:47:46+00:00","description":"La par\u00e1lisis cerebral es, tal y como aclaran los expertos, un grupo de trastornos que causan problemas del movimiento, el equilibrio y la postura.","breadcrumb":{"@id":"https:\/\/www.laguiadepamplona.com\/actualidad\/la-fachada-de-la-casa-consistorial-se-iluminara-este-jueves-de-azul-con-motivo-del-dia-mundial-de-la-paralisis-cerebral\/#breadcrumb"},"inLanguage":"es","potentialAction":[{"@type":"ReadAction","target":["https:\/\/www.laguiadepamplona.com\/actualidad\/la-fachada-de-la-casa-consistorial-se-iluminara-este-jueves-de-azul-con-motivo-del-dia-mundial-de-la-paralisis-cerebral\/"]}]},{"@type":"ImageObject","inLanguage":"es","@id":"https:\/\/www.laguiadepamplona.com\/actualidad\/la-fachada-de-la-casa-consistorial-se-iluminara-este-jueves-de-azul-con-motivo-del-dia-mundial-de-la-paralisis-cerebral\/#primaryimage","url":"https:\/\/www.laguiadepamplona.com\/actualidad\/wp-content\/uploads\/2021\/03\/aytoazul_JGV8972_1.jpg","contentUrl":"https:\/\/www.laguiadepamplona.com\/actualidad\/wp-content\/uploads\/2021\/03\/aytoazul_JGV8972_1.jpg","width":1920,"height":1280,"caption":"A* Jes\u00fas Garzaron F* 2020_11_12 T* Iluminaci\u00f3n en azul de la fachada del Ayuntamiento con motivo del D\u00eda Mundial contra la Neumon\u00eda L* Ayuntamiento de Pamplona"},{"@type":"BreadcrumbList","@id":"https:\/\/www.laguiadepamplona.com\/actualidad\/la-fachada-de-la-casa-consistorial-se-iluminara-este-jueves-de-azul-con-motivo-del-dia-mundial-de-la-paralisis-cerebral\/#breadcrumb","itemListElement":[{"@type":"ListItem","position":1,"name":"Portada","item":"https:\/\/www.laguiadepamplona.com\/actualidad\/"},{"@type":"ListItem","position":2,"name":"La fachada de la Casa Consistorial se iluminar\u00e1 este jueves de azul con motivo del D\u00eda Mundial de la Par\u00e1lisis Cerebral"}]},{"@type":"WebSite","@id":"https:\/\/www.laguiadepamplona.com\/actualidad\/#website","url":"https:\/\/www.laguiadepamplona.com\/actualidad\/","name":"La gu\u00eda de Pamplona","description":"Noticias de Pamplona","publisher":{"@id":"https:\/\/www.laguiadepamplona.com\/actualidad\/#organization"},"potentialAction":[{"@type":"SearchAction","target":{"@type":"EntryPoint","urlTemplate":"https:\/\/www.laguiadepamplona.com\/actualidad\/?s={search_term_string}"},"query-input":{"@type":"PropertyValueSpecification","valueRequired":true,"valueName":"search_term_string"}}],"inLanguage":"es"},{"@type":"Organization","@id":"https:\/\/www.laguiadepamplona.com\/actualidad\/#organization","name":"La Gu\u00eda de Pamplona \/ Noticias","url":"https:\/\/www.laguiadepamplona.com\/actualidad\/","logo":{"@type":"ImageObject","inLanguage":"es","@id":"https:\/\/www.laguiadepamplona.com\/actualidad\/#\/schema\/logo\/image\/","url":"https:\/\/www.laguiadepamplona.com\/actualidad\/wp-content\/uploads\/2018\/11\/logo-laguiadepamplona18-web1.png","contentUrl":"https:\/\/www.laguiadepamplona.com\/actualidad\/wp-content\/uploads\/2018\/11\/logo-laguiadepamplona18-web1.png","width":600,"height":196,"caption":"La Gu\u00eda de Pamplona \/ Noticias"},"image":{"@id":"https:\/\/www.laguiadepamplona.com\/actualidad\/#\/schema\/logo\/image\/"},"sameAs":["https:\/\/www.facebook.com\/laguiadepamplonacom-133175176762273\/?ref=hl","https:\/\/x.com\/LaGuiadPamplona","https:\/\/www.instagram.com\/la_guia_de_pamplona\/","https:\/\/www.youtube.com\/user\/laguiadepamplona"]},{"@type":"Person","@id":"https:\/\/www.laguiadepamplona.com\/actualidad\/#\/schema\/person\/efe887376f0213d4657c93adc50b1fdb","name":"La Gu\u00eda de Pamplona","image":{"@type":"ImageObject","inLanguage":"es","@id":"https:\/\/secure.gravatar.com\/avatar\/b6992f131dc8d30ab0dff15446e9d346d9dbd95992de0fef795073f5ea83a81c?s=96&d=mm&r=g","url":"https:\/\/secure.gravatar.com\/avatar\/b6992f131dc8d30ab0dff15446e9d346d9dbd95992de0fef795073f5ea83a81c?s=96&d=mm&r=g","contentUrl":"https:\/\/secure.gravatar.com\/avatar\/b6992f131dc8d30ab0dff15446e9d346d9dbd95992de0fef795073f5ea83a81c?s=96&d=mm&r=g","caption":"La Gu\u00eda de Pamplona"}}]}},"post_mailing_queue_ids":[],"_links":{"self":[{"href":"https:\/\/www.laguiadepamplona.com\/actualidad\/wp-json\/wp\/v2\/posts\/41812","targetHints":{"allow":["GET"]}}],"collection":[{"href":"https:\/\/www.laguiadepamplona.com\/actualidad\/wp-json\/wp\/v2\/posts"}],"about":[{"href":"https:\/\/www.laguiadepamplona.com\/actualidad\/wp-json\/wp\/v2\/types\/post"}],"author":[{"embeddable":true,"href":"https:\/\/www.laguiadepamplona.com\/actualidad\/wp-json\/wp\/v2\/users\/1"}],"replies":[{"embeddable":true,"href":"https:\/\/www.laguiadepamplona.com\/actualidad\/wp-json\/wp\/v2\/comments?post=41812"}],"version-history":[{"count":0,"href":"https:\/\/www.laguiadepamplona.com\/actualidad\/wp-json\/wp\/v2\/posts\/41812\/revisions"}],"wp:featuredmedia":[{"embeddable":true,"href":"https:\/\/www.laguiadepamplona.com\/actualidad\/wp-json\/wp\/v2\/media\/33821"}],"wp:attachment":[{"href":"https:\/\/www.laguiadepamplona.com\/actualidad\/wp-json\/wp\/v2\/media?parent=41812"}],"wp:term":[{"taxonomy":"category","embeddable":true,"href":"https:\/\/www.laguiadepamplona.com\/actualidad\/wp-json\/wp\/v2\/categories?post=41812"},{"taxonomy":"post_tag","embeddable":true,"href":"https:\/\/www.laguiadepamplona.com\/actualidad\/wp-json\/wp\/v2\/tags?post=41812"}],"curies":[{"name":"wp","href":"https:\/\/api.w.org\/{rel}","templated":true}]}}