{"id":41802,"date":"2022-10-05T12:50:52","date_gmt":"2022-10-05T10:50:52","guid":{"rendered":"https:\/\/www.laguiadepamplona.com\/actualidad\/?p=41802"},"modified":"2023-04-11T11:47:46","modified_gmt":"2023-04-11T09:47:46","slug":"el-colegio-jose-maria-iribarren-contara-a-final-de-ano-con-una-instalacion-fotovoltaica-de-autoconsumo-de-100-kw-en-su-cubierta","status":"publish","type":"post","link":"https:\/\/www.laguiadepamplona.com\/actualidad\/el-colegio-jose-maria-iribarren-contara-a-final-de-ano-con-una-instalacion-fotovoltaica-de-autoconsumo-de-100-kw-en-su-cubierta\/","title":{"rendered":"El colegio Jos\u00e9 Mar\u00eda Iribarren contar\u00e1 a final de a\u00f1o con una instalaci\u00f3n fotovoltaica de autoconsumo de 100 kW en su cubierta"},"content":{"rendered":"<h5>Se colocar\u00e1n 270 paneles fotovoltaicos en una instalaci\u00f3n que alcanza los 119.669 euros de presupuesto<\/h5>\n<p><!--more--><\/p>\n<p>La Junta de Gobierno Local aprob\u00f3 este lunes la adjudicaci\u00f3n de las obras de ejecuci\u00f3n de una instalaci\u00f3n fotovoltaica de 100 kW para el autoconsumo colectivo y comunicaciones en la cubierta del Colegio P\u00fablico de Educaci\u00f3n B\u00e1sica para Personal Adultas Jos\u00e9 Mar\u00eda Iribarren. Se prev\u00e9 que los trabajos est\u00e9n concluidos para final de a\u00f1o.<br \/>\n<script async src=\"\/\/pagead2.googlesyndication.com\/pagead\/js\/adsbygoogle.js\"><\/script><br \/>\n<!-- Noticias La Guia de Pamplona --><br \/>\n<ins class=\"adsbygoogle\"\nstyle=\"display:block\"\ndata-ad-client=\"ca-pub-6943679897239327\"\ndata-ad-slot=\"7048180777\"\ndata-ad-format=\"auto\"><\/ins><br \/>\n<script>\n(adsbygoogle = window.adsbygoogle || []).push({});\n<\/script><\/p>\n<p>La instalaci\u00f3n de autoconsumo compartido en el CPEBPA Jos\u00e9 Mar\u00eda Iribarren contar\u00e1 con una cubierta fotovoltaica de 100 kW en la primera planta del edificio, con inversores trif\u00e1sico para la conversi\u00f3n de la energ\u00eda el\u00e9ctrica en corriente continua a corriente alterna y con un equipo de monitorizaci\u00f3n. El contrato incluye la instalaci\u00f3n de los elementos, el ensamblado el\u00e9ctrico y el ensamblado de comunicaciones. Se colocar\u00e1n 270 paneles fotovoltaicos con una potencia de 450 Wp cada uno de ellos. Se instalar\u00e1n con una inclinaci\u00f3n de 15\u00ba para favorecer la recepci\u00f3n de la energ\u00eda solar.<\/p>\n<p>El punto de recarga de veh\u00edculo el\u00e9ctrico que se ubicar\u00e1 en las inmediaciones del centro estar\u00e1 situado en el aparcamiento m\u00e1s cercano al punto de suministro el\u00e9ctrico actual del colegio. Se alimentar\u00e1 dese el cuadro general de baja tensi\u00f3n existente en el centro.<br \/>\n<script async src=\"\/\/pagead2.googlesyndication.com\/pagead\/js\/adsbygoogle.js\"><\/script><br \/>\n<!-- Noticias La Guia de Pamplona --><br \/>\n<ins class=\"adsbygoogle\"\nstyle=\"display:block\"\ndata-ad-client=\"ca-pub-6943679897239327\"\ndata-ad-slot=\"7048180777\"\ndata-ad-format=\"auto\"><\/ins><br \/>\n<script>\n(adsbygoogle = window.adsbygoogle || []).push({});\n<\/script><\/p>\n<p>El presupuesto del contrato asciende a 119.669 euros y lo ejecutar\u00e1 la empresa Solarfarm Ingenier\u00eda SL. La cuant\u00eda supone una baja del 23,7% respecto al precio de licitaci\u00f3n que fue de 156.822,01 euros. Esta actuaci\u00f3n se enmarca dentro de la estrategia Go Green Pamplona, que re\u00fane las iniciativas que el Ayuntamiento de Pamplona lleva a cabo para luchar contra el cambio clim\u00e1tico.<\/p>\n<p>Adem\u00e1s de estas instalaciones municipales, con el objetivo de promover el autoconsumo en la ciudad, el Ayuntamiento de Pamplona ha modificado su ordenanza municipal para permitir una reducci\u00f3n del 95% en el pago del ICIO y la posibilidad de obtener una reducci\u00f3n del IBI del 50% durante 3 a\u00f1os. Adem\u00e1s, todav\u00eda quedan disponibles fondos de las ayudas municipales al autoconsumo que se convocan anualmente.<\/p>\n","protected":false},"excerpt":{"rendered":"<p>Se colocar\u00e1n 270 paneles fotovoltaicos en una instalaci\u00f3n que alcanza los 119.669 euros de presupuesto<\/p>\n","protected":false},"author":1,"featured_media":41803,"comment_status":"open","ping_status":"closed","sticky":false,"template":"","format":"standard","meta":{"footnotes":""},"categories":[2],"tags":[],"class_list":["post-41802","post","type-post","status-publish","format-standard","has-post-thumbnail","hentry","category-ayuntamiento-pamplona"],"yoast_head":"<!-- This site is optimized with the Yoast SEO plugin v27.3 - https:\/\/yoast.com\/product\/yoast-seo-wordpress\/ -->\n<title>El colegio Jos\u00e9 Mar\u00eda Iribarren contar\u00e1 a final de a\u00f1o con una instalaci\u00f3n fotovoltaica de autoconsumo de 100 kW en su cubierta<\/title>\n<meta name=\"description\" content=\"Se colocar\u00e1n 270 paneles fotovoltaicos en una instalaci\u00f3n que alcanza los 119.669 euros de presupuesto\" \/>\n<meta name=\"robots\" content=\"index, follow, max-snippet:-1, max-image-preview:large, max-video-preview:-1\" \/>\n<link rel=\"canonical\" href=\"https:\/\/www.laguiadepamplona.com\/actualidad\/el-colegio-jose-maria-iribarren-contara-a-final-de-ano-con-una-instalacion-fotovoltaica-de-autoconsumo-de-100-kw-en-su-cubierta\/\" \/>\n<meta property=\"og:locale\" content=\"es_ES\" \/>\n<meta property=\"og:type\" content=\"article\" \/>\n<meta property=\"og:title\" content=\"El colegio Jos\u00e9 Mar\u00eda Iribarren contar\u00e1 a final de a\u00f1o con una instalaci\u00f3n fotovoltaica de autoconsumo de 100 kW en su cubierta\" \/>\n<meta property=\"og:description\" content=\"Se colocar\u00e1n 270 paneles fotovoltaicos en una instalaci\u00f3n que alcanza los 119.669 euros de presupuesto\" \/>\n<meta property=\"og:url\" content=\"https:\/\/www.laguiadepamplona.com\/actualidad\/el-colegio-jose-maria-iribarren-contara-a-final-de-ano-con-una-instalacion-fotovoltaica-de-autoconsumo-de-100-kw-en-su-cubierta\/\" \/>\n<meta property=\"og:site_name\" content=\"La Gu\u00eda de Pamplona\" \/>\n<meta property=\"article:publisher\" content=\"https:\/\/www.facebook.com\/laguiadepamplonacom-133175176762273\/?ref=hl\" \/>\n<meta property=\"article:published_time\" content=\"2022-10-05T10:50:52+00:00\" \/>\n<meta property=\"article:modified_time\" content=\"2023-04-11T09:47:46+00:00\" \/>\n<meta property=\"og:image\" content=\"https:\/\/www.laguiadepamplona.com\/actualidad\/wp-content\/uploads\/2022\/10\/aparcamiento_JM_iribarren.webp\" \/>\n\t<meta property=\"og:image:width\" content=\"1920\" \/>\n\t<meta property=\"og:image:height\" content=\"1280\" \/>\n\t<meta property=\"og:image:type\" content=\"image\/webp\" \/>\n<meta name=\"author\" content=\"La Gu\u00eda de Pamplona\" \/>\n<meta name=\"twitter:card\" content=\"summary_large_image\" \/>\n<meta name=\"twitter:creator\" content=\"@LaGuiadPamplona\" \/>\n<meta name=\"twitter:site\" content=\"@LaGuiadPamplona\" \/>\n<meta name=\"twitter:label1\" content=\"Escrito por\" \/>\n\t<meta name=\"twitter:data1\" content=\"La Gu\u00eda de Pamplona\" \/>\n\t<meta name=\"twitter:label2\" content=\"Tiempo de lectura\" \/>\n\t<meta name=\"twitter:data2\" content=\"2 minutos\" \/>\n<script type=\"application\/ld+json\" class=\"yoast-schema-graph\">{\"@context\":\"https:\\\/\\\/schema.org\",\"@graph\":[{\"@type\":\"Article\",\"@id\":\"https:\\\/\\\/www.laguiadepamplona.com\\\/actualidad\\\/el-colegio-jose-maria-iribarren-contara-a-final-de-ano-con-una-instalacion-fotovoltaica-de-autoconsumo-de-100-kw-en-su-cubierta\\\/#article\",\"isPartOf\":{\"@id\":\"https:\\\/\\\/www.laguiadepamplona.com\\\/actualidad\\\/el-colegio-jose-maria-iribarren-contara-a-final-de-ano-con-una-instalacion-fotovoltaica-de-autoconsumo-de-100-kw-en-su-cubierta\\\/\"},\"author\":{\"name\":\"La Gu\u00eda de Pamplona\",\"@id\":\"https:\\\/\\\/www.laguiadepamplona.com\\\/actualidad\\\/#\\\/schema\\\/person\\\/efe887376f0213d4657c93adc50b1fdb\"},\"headline\":\"El colegio Jos\u00e9 Mar\u00eda Iribarren contar\u00e1 a final de a\u00f1o con una instalaci\u00f3n fotovoltaica de autoconsumo de 100 kW en su cubierta\",\"datePublished\":\"2022-10-05T10:50:52+00:00\",\"dateModified\":\"2023-04-11T09:47:46+00:00\",\"mainEntityOfPage\":{\"@id\":\"https:\\\/\\\/www.laguiadepamplona.com\\\/actualidad\\\/el-colegio-jose-maria-iribarren-contara-a-final-de-ano-con-una-instalacion-fotovoltaica-de-autoconsumo-de-100-kw-en-su-cubierta\\\/\"},\"wordCount\":384,\"commentCount\":0,\"publisher\":{\"@id\":\"https:\\\/\\\/www.laguiadepamplona.com\\\/actualidad\\\/#organization\"},\"image\":{\"@id\":\"https:\\\/\\\/www.laguiadepamplona.com\\\/actualidad\\\/el-colegio-jose-maria-iribarren-contara-a-final-de-ano-con-una-instalacion-fotovoltaica-de-autoconsumo-de-100-kw-en-su-cubierta\\\/#primaryimage\"},\"thumbnailUrl\":\"https:\\\/\\\/www.laguiadepamplona.com\\\/actualidad\\\/wp-content\\\/uploads\\\/2022\\\/10\\\/aparcamiento_JM_iribarren.webp\",\"articleSection\":[\"Ayto Pamplona\"],\"inLanguage\":\"es\",\"potentialAction\":[{\"@type\":\"CommentAction\",\"name\":\"Comment\",\"target\":[\"https:\\\/\\\/www.laguiadepamplona.com\\\/actualidad\\\/el-colegio-jose-maria-iribarren-contara-a-final-de-ano-con-una-instalacion-fotovoltaica-de-autoconsumo-de-100-kw-en-su-cubierta\\\/#respond\"]}]},{\"@type\":\"WebPage\",\"@id\":\"https:\\\/\\\/www.laguiadepamplona.com\\\/actualidad\\\/el-colegio-jose-maria-iribarren-contara-a-final-de-ano-con-una-instalacion-fotovoltaica-de-autoconsumo-de-100-kw-en-su-cubierta\\\/\",\"url\":\"https:\\\/\\\/www.laguiadepamplona.com\\\/actualidad\\\/el-colegio-jose-maria-iribarren-contara-a-final-de-ano-con-una-instalacion-fotovoltaica-de-autoconsumo-de-100-kw-en-su-cubierta\\\/\",\"name\":\"El colegio Jos\u00e9 Mar\u00eda Iribarren contar\u00e1 a final de a\u00f1o con una instalaci\u00f3n fotovoltaica de autoconsumo de 100 kW en su cubierta\",\"isPartOf\":{\"@id\":\"https:\\\/\\\/www.laguiadepamplona.com\\\/actualidad\\\/#website\"},\"primaryImageOfPage\":{\"@id\":\"https:\\\/\\\/www.laguiadepamplona.com\\\/actualidad\\\/el-colegio-jose-maria-iribarren-contara-a-final-de-ano-con-una-instalacion-fotovoltaica-de-autoconsumo-de-100-kw-en-su-cubierta\\\/#primaryimage\"},\"image\":{\"@id\":\"https:\\\/\\\/www.laguiadepamplona.com\\\/actualidad\\\/el-colegio-jose-maria-iribarren-contara-a-final-de-ano-con-una-instalacion-fotovoltaica-de-autoconsumo-de-100-kw-en-su-cubierta\\\/#primaryimage\"},\"thumbnailUrl\":\"https:\\\/\\\/www.laguiadepamplona.com\\\/actualidad\\\/wp-content\\\/uploads\\\/2022\\\/10\\\/aparcamiento_JM_iribarren.webp\",\"datePublished\":\"2022-10-05T10:50:52+00:00\",\"dateModified\":\"2023-04-11T09:47:46+00:00\",\"description\":\"Se colocar\u00e1n 270 paneles fotovoltaicos en una instalaci\u00f3n que alcanza los 119.669 euros de presupuesto\",\"breadcrumb\":{\"@id\":\"https:\\\/\\\/www.laguiadepamplona.com\\\/actualidad\\\/el-colegio-jose-maria-iribarren-contara-a-final-de-ano-con-una-instalacion-fotovoltaica-de-autoconsumo-de-100-kw-en-su-cubierta\\\/#breadcrumb\"},\"inLanguage\":\"es\",\"potentialAction\":[{\"@type\":\"ReadAction\",\"target\":[\"https:\\\/\\\/www.laguiadepamplona.com\\\/actualidad\\\/el-colegio-jose-maria-iribarren-contara-a-final-de-ano-con-una-instalacion-fotovoltaica-de-autoconsumo-de-100-kw-en-su-cubierta\\\/\"]}]},{\"@type\":\"ImageObject\",\"inLanguage\":\"es\",\"@id\":\"https:\\\/\\\/www.laguiadepamplona.com\\\/actualidad\\\/el-colegio-jose-maria-iribarren-contara-a-final-de-ano-con-una-instalacion-fotovoltaica-de-autoconsumo-de-100-kw-en-su-cubierta\\\/#primaryimage\",\"url\":\"https:\\\/\\\/www.laguiadepamplona.com\\\/actualidad\\\/wp-content\\\/uploads\\\/2022\\\/10\\\/aparcamiento_JM_iribarren.webp\",\"contentUrl\":\"https:\\\/\\\/www.laguiadepamplona.com\\\/actualidad\\\/wp-content\\\/uploads\\\/2022\\\/10\\\/aparcamiento_JM_iribarren.webp\",\"width\":1920,\"height\":1280},{\"@type\":\"BreadcrumbList\",\"@id\":\"https:\\\/\\\/www.laguiadepamplona.com\\\/actualidad\\\/el-colegio-jose-maria-iribarren-contara-a-final-de-ano-con-una-instalacion-fotovoltaica-de-autoconsumo-de-100-kw-en-su-cubierta\\\/#breadcrumb\",\"itemListElement\":[{\"@type\":\"ListItem\",\"position\":1,\"name\":\"Portada\",\"item\":\"https:\\\/\\\/www.laguiadepamplona.com\\\/actualidad\\\/\"},{\"@type\":\"ListItem\",\"position\":2,\"name\":\"El colegio Jos\u00e9 Mar\u00eda Iribarren contar\u00e1 a final de a\u00f1o con una instalaci\u00f3n fotovoltaica de autoconsumo de 100 kW en su cubierta\"}]},{\"@type\":\"WebSite\",\"@id\":\"https:\\\/\\\/www.laguiadepamplona.com\\\/actualidad\\\/#website\",\"url\":\"https:\\\/\\\/www.laguiadepamplona.com\\\/actualidad\\\/\",\"name\":\"La gu\u00eda de Pamplona\",\"description\":\"Noticias de Pamplona\",\"publisher\":{\"@id\":\"https:\\\/\\\/www.laguiadepamplona.com\\\/actualidad\\\/#organization\"},\"potentialAction\":[{\"@type\":\"SearchAction\",\"target\":{\"@type\":\"EntryPoint\",\"urlTemplate\":\"https:\\\/\\\/www.laguiadepamplona.com\\\/actualidad\\\/?s={search_term_string}\"},\"query-input\":{\"@type\":\"PropertyValueSpecification\",\"valueRequired\":true,\"valueName\":\"search_term_string\"}}],\"inLanguage\":\"es\"},{\"@type\":\"Organization\",\"@id\":\"https:\\\/\\\/www.laguiadepamplona.com\\\/actualidad\\\/#organization\",\"name\":\"La Gu\u00eda de Pamplona \\\/ Noticias\",\"url\":\"https:\\\/\\\/www.laguiadepamplona.com\\\/actualidad\\\/\",\"logo\":{\"@type\":\"ImageObject\",\"inLanguage\":\"es\",\"@id\":\"https:\\\/\\\/www.laguiadepamplona.com\\\/actualidad\\\/#\\\/schema\\\/logo\\\/image\\\/\",\"url\":\"https:\\\/\\\/www.laguiadepamplona.com\\\/actualidad\\\/wp-content\\\/uploads\\\/2018\\\/11\\\/logo-laguiadepamplona18-web1.png\",\"contentUrl\":\"https:\\\/\\\/www.laguiadepamplona.com\\\/actualidad\\\/wp-content\\\/uploads\\\/2018\\\/11\\\/logo-laguiadepamplona18-web1.png\",\"width\":600,\"height\":196,\"caption\":\"La Gu\u00eda de Pamplona \\\/ Noticias\"},\"image\":{\"@id\":\"https:\\\/\\\/www.laguiadepamplona.com\\\/actualidad\\\/#\\\/schema\\\/logo\\\/image\\\/\"},\"sameAs\":[\"https:\\\/\\\/www.facebook.com\\\/laguiadepamplonacom-133175176762273\\\/?ref=hl\",\"https:\\\/\\\/x.com\\\/LaGuiadPamplona\",\"https:\\\/\\\/www.instagram.com\\\/la_guia_de_pamplona\\\/\",\"https:\\\/\\\/www.youtube.com\\\/user\\\/laguiadepamplona\"]},{\"@type\":\"Person\",\"@id\":\"https:\\\/\\\/www.laguiadepamplona.com\\\/actualidad\\\/#\\\/schema\\\/person\\\/efe887376f0213d4657c93adc50b1fdb\",\"name\":\"La Gu\u00eda de Pamplona\",\"image\":{\"@type\":\"ImageObject\",\"inLanguage\":\"es\",\"@id\":\"https:\\\/\\\/secure.gravatar.com\\\/avatar\\\/b6992f131dc8d30ab0dff15446e9d346d9dbd95992de0fef795073f5ea83a81c?s=96&d=mm&r=g\",\"url\":\"https:\\\/\\\/secure.gravatar.com\\\/avatar\\\/b6992f131dc8d30ab0dff15446e9d346d9dbd95992de0fef795073f5ea83a81c?s=96&d=mm&r=g\",\"contentUrl\":\"https:\\\/\\\/secure.gravatar.com\\\/avatar\\\/b6992f131dc8d30ab0dff15446e9d346d9dbd95992de0fef795073f5ea83a81c?s=96&d=mm&r=g\",\"caption\":\"La Gu\u00eda de Pamplona\"}}]}<\/script>\n<!-- \/ Yoast SEO plugin. -->","yoast_head_json":{"title":"El colegio Jos\u00e9 Mar\u00eda Iribarren contar\u00e1 a final de a\u00f1o con una instalaci\u00f3n fotovoltaica de autoconsumo de 100 kW en su cubierta","description":"Se colocar\u00e1n 270 paneles fotovoltaicos en una instalaci\u00f3n que alcanza los 119.669 euros de presupuesto","robots":{"index":"index","follow":"follow","max-snippet":"max-snippet:-1","max-image-preview":"max-image-preview:large","max-video-preview":"max-video-preview:-1"},"canonical":"https:\/\/www.laguiadepamplona.com\/actualidad\/el-colegio-jose-maria-iribarren-contara-a-final-de-ano-con-una-instalacion-fotovoltaica-de-autoconsumo-de-100-kw-en-su-cubierta\/","og_locale":"es_ES","og_type":"article","og_title":"El colegio Jos\u00e9 Mar\u00eda Iribarren contar\u00e1 a final de a\u00f1o con una instalaci\u00f3n fotovoltaica de autoconsumo de 100 kW en su cubierta","og_description":"Se colocar\u00e1n 270 paneles fotovoltaicos en una instalaci\u00f3n que alcanza los 119.669 euros de presupuesto","og_url":"https:\/\/www.laguiadepamplona.com\/actualidad\/el-colegio-jose-maria-iribarren-contara-a-final-de-ano-con-una-instalacion-fotovoltaica-de-autoconsumo-de-100-kw-en-su-cubierta\/","og_site_name":"La Gu\u00eda de Pamplona","article_publisher":"https:\/\/www.facebook.com\/laguiadepamplonacom-133175176762273\/?ref=hl","article_published_time":"2022-10-05T10:50:52+00:00","article_modified_time":"2023-04-11T09:47:46+00:00","og_image":[{"width":1920,"height":1280,"url":"https:\/\/www.laguiadepamplona.com\/actualidad\/wp-content\/uploads\/2022\/10\/aparcamiento_JM_iribarren.webp","type":"image\/webp"}],"author":"La Gu\u00eda de Pamplona","twitter_card":"summary_large_image","twitter_creator":"@LaGuiadPamplona","twitter_site":"@LaGuiadPamplona","twitter_misc":{"Escrito por":"La Gu\u00eda de Pamplona","Tiempo de lectura":"2 minutos"},"schema":{"@context":"https:\/\/schema.org","@graph":[{"@type":"Article","@id":"https:\/\/www.laguiadepamplona.com\/actualidad\/el-colegio-jose-maria-iribarren-contara-a-final-de-ano-con-una-instalacion-fotovoltaica-de-autoconsumo-de-100-kw-en-su-cubierta\/#article","isPartOf":{"@id":"https:\/\/www.laguiadepamplona.com\/actualidad\/el-colegio-jose-maria-iribarren-contara-a-final-de-ano-con-una-instalacion-fotovoltaica-de-autoconsumo-de-100-kw-en-su-cubierta\/"},"author":{"name":"La Gu\u00eda de Pamplona","@id":"https:\/\/www.laguiadepamplona.com\/actualidad\/#\/schema\/person\/efe887376f0213d4657c93adc50b1fdb"},"headline":"El colegio Jos\u00e9 Mar\u00eda Iribarren contar\u00e1 a final de a\u00f1o con una instalaci\u00f3n fotovoltaica de autoconsumo de 100 kW en su cubierta","datePublished":"2022-10-05T10:50:52+00:00","dateModified":"2023-04-11T09:47:46+00:00","mainEntityOfPage":{"@id":"https:\/\/www.laguiadepamplona.com\/actualidad\/el-colegio-jose-maria-iribarren-contara-a-final-de-ano-con-una-instalacion-fotovoltaica-de-autoconsumo-de-100-kw-en-su-cubierta\/"},"wordCount":384,"commentCount":0,"publisher":{"@id":"https:\/\/www.laguiadepamplona.com\/actualidad\/#organization"},"image":{"@id":"https:\/\/www.laguiadepamplona.com\/actualidad\/el-colegio-jose-maria-iribarren-contara-a-final-de-ano-con-una-instalacion-fotovoltaica-de-autoconsumo-de-100-kw-en-su-cubierta\/#primaryimage"},"thumbnailUrl":"https:\/\/www.laguiadepamplona.com\/actualidad\/wp-content\/uploads\/2022\/10\/aparcamiento_JM_iribarren.webp","articleSection":["Ayto Pamplona"],"inLanguage":"es","potentialAction":[{"@type":"CommentAction","name":"Comment","target":["https:\/\/www.laguiadepamplona.com\/actualidad\/el-colegio-jose-maria-iribarren-contara-a-final-de-ano-con-una-instalacion-fotovoltaica-de-autoconsumo-de-100-kw-en-su-cubierta\/#respond"]}]},{"@type":"WebPage","@id":"https:\/\/www.laguiadepamplona.com\/actualidad\/el-colegio-jose-maria-iribarren-contara-a-final-de-ano-con-una-instalacion-fotovoltaica-de-autoconsumo-de-100-kw-en-su-cubierta\/","url":"https:\/\/www.laguiadepamplona.com\/actualidad\/el-colegio-jose-maria-iribarren-contara-a-final-de-ano-con-una-instalacion-fotovoltaica-de-autoconsumo-de-100-kw-en-su-cubierta\/","name":"El colegio Jos\u00e9 Mar\u00eda Iribarren contar\u00e1 a final de a\u00f1o con una instalaci\u00f3n fotovoltaica de autoconsumo de 100 kW en su cubierta","isPartOf":{"@id":"https:\/\/www.laguiadepamplona.com\/actualidad\/#website"},"primaryImageOfPage":{"@id":"https:\/\/www.laguiadepamplona.com\/actualidad\/el-colegio-jose-maria-iribarren-contara-a-final-de-ano-con-una-instalacion-fotovoltaica-de-autoconsumo-de-100-kw-en-su-cubierta\/#primaryimage"},"image":{"@id":"https:\/\/www.laguiadepamplona.com\/actualidad\/el-colegio-jose-maria-iribarren-contara-a-final-de-ano-con-una-instalacion-fotovoltaica-de-autoconsumo-de-100-kw-en-su-cubierta\/#primaryimage"},"thumbnailUrl":"https:\/\/www.laguiadepamplona.com\/actualidad\/wp-content\/uploads\/2022\/10\/aparcamiento_JM_iribarren.webp","datePublished":"2022-10-05T10:50:52+00:00","dateModified":"2023-04-11T09:47:46+00:00","description":"Se colocar\u00e1n 270 paneles fotovoltaicos en una instalaci\u00f3n que alcanza los 119.669 euros de presupuesto","breadcrumb":{"@id":"https:\/\/www.laguiadepamplona.com\/actualidad\/el-colegio-jose-maria-iribarren-contara-a-final-de-ano-con-una-instalacion-fotovoltaica-de-autoconsumo-de-100-kw-en-su-cubierta\/#breadcrumb"},"inLanguage":"es","potentialAction":[{"@type":"ReadAction","target":["https:\/\/www.laguiadepamplona.com\/actualidad\/el-colegio-jose-maria-iribarren-contara-a-final-de-ano-con-una-instalacion-fotovoltaica-de-autoconsumo-de-100-kw-en-su-cubierta\/"]}]},{"@type":"ImageObject","inLanguage":"es","@id":"https:\/\/www.laguiadepamplona.com\/actualidad\/el-colegio-jose-maria-iribarren-contara-a-final-de-ano-con-una-instalacion-fotovoltaica-de-autoconsumo-de-100-kw-en-su-cubierta\/#primaryimage","url":"https:\/\/www.laguiadepamplona.com\/actualidad\/wp-content\/uploads\/2022\/10\/aparcamiento_JM_iribarren.webp","contentUrl":"https:\/\/www.laguiadepamplona.com\/actualidad\/wp-content\/uploads\/2022\/10\/aparcamiento_JM_iribarren.webp","width":1920,"height":1280},{"@type":"BreadcrumbList","@id":"https:\/\/www.laguiadepamplona.com\/actualidad\/el-colegio-jose-maria-iribarren-contara-a-final-de-ano-con-una-instalacion-fotovoltaica-de-autoconsumo-de-100-kw-en-su-cubierta\/#breadcrumb","itemListElement":[{"@type":"ListItem","position":1,"name":"Portada","item":"https:\/\/www.laguiadepamplona.com\/actualidad\/"},{"@type":"ListItem","position":2,"name":"El colegio Jos\u00e9 Mar\u00eda Iribarren contar\u00e1 a final de a\u00f1o con una instalaci\u00f3n fotovoltaica de autoconsumo de 100 kW en su cubierta"}]},{"@type":"WebSite","@id":"https:\/\/www.laguiadepamplona.com\/actualidad\/#website","url":"https:\/\/www.laguiadepamplona.com\/actualidad\/","name":"La gu\u00eda de Pamplona","description":"Noticias de Pamplona","publisher":{"@id":"https:\/\/www.laguiadepamplona.com\/actualidad\/#organization"},"potentialAction":[{"@type":"SearchAction","target":{"@type":"EntryPoint","urlTemplate":"https:\/\/www.laguiadepamplona.com\/actualidad\/?s={search_term_string}"},"query-input":{"@type":"PropertyValueSpecification","valueRequired":true,"valueName":"search_term_string"}}],"inLanguage":"es"},{"@type":"Organization","@id":"https:\/\/www.laguiadepamplona.com\/actualidad\/#organization","name":"La Gu\u00eda de Pamplona \/ Noticias","url":"https:\/\/www.laguiadepamplona.com\/actualidad\/","logo":{"@type":"ImageObject","inLanguage":"es","@id":"https:\/\/www.laguiadepamplona.com\/actualidad\/#\/schema\/logo\/image\/","url":"https:\/\/www.laguiadepamplona.com\/actualidad\/wp-content\/uploads\/2018\/11\/logo-laguiadepamplona18-web1.png","contentUrl":"https:\/\/www.laguiadepamplona.com\/actualidad\/wp-content\/uploads\/2018\/11\/logo-laguiadepamplona18-web1.png","width":600,"height":196,"caption":"La Gu\u00eda de Pamplona \/ Noticias"},"image":{"@id":"https:\/\/www.laguiadepamplona.com\/actualidad\/#\/schema\/logo\/image\/"},"sameAs":["https:\/\/www.facebook.com\/laguiadepamplonacom-133175176762273\/?ref=hl","https:\/\/x.com\/LaGuiadPamplona","https:\/\/www.instagram.com\/la_guia_de_pamplona\/","https:\/\/www.youtube.com\/user\/laguiadepamplona"]},{"@type":"Person","@id":"https:\/\/www.laguiadepamplona.com\/actualidad\/#\/schema\/person\/efe887376f0213d4657c93adc50b1fdb","name":"La Gu\u00eda de Pamplona","image":{"@type":"ImageObject","inLanguage":"es","@id":"https:\/\/secure.gravatar.com\/avatar\/b6992f131dc8d30ab0dff15446e9d346d9dbd95992de0fef795073f5ea83a81c?s=96&d=mm&r=g","url":"https:\/\/secure.gravatar.com\/avatar\/b6992f131dc8d30ab0dff15446e9d346d9dbd95992de0fef795073f5ea83a81c?s=96&d=mm&r=g","contentUrl":"https:\/\/secure.gravatar.com\/avatar\/b6992f131dc8d30ab0dff15446e9d346d9dbd95992de0fef795073f5ea83a81c?s=96&d=mm&r=g","caption":"La Gu\u00eda de Pamplona"}}]}},"post_mailing_queue_ids":[],"_links":{"self":[{"href":"https:\/\/www.laguiadepamplona.com\/actualidad\/wp-json\/wp\/v2\/posts\/41802","targetHints":{"allow":["GET"]}}],"collection":[{"href":"https:\/\/www.laguiadepamplona.com\/actualidad\/wp-json\/wp\/v2\/posts"}],"about":[{"href":"https:\/\/www.laguiadepamplona.com\/actualidad\/wp-json\/wp\/v2\/types\/post"}],"author":[{"embeddable":true,"href":"https:\/\/www.laguiadepamplona.com\/actualidad\/wp-json\/wp\/v2\/users\/1"}],"replies":[{"embeddable":true,"href":"https:\/\/www.laguiadepamplona.com\/actualidad\/wp-json\/wp\/v2\/comments?post=41802"}],"version-history":[{"count":0,"href":"https:\/\/www.laguiadepamplona.com\/actualidad\/wp-json\/wp\/v2\/posts\/41802\/revisions"}],"wp:featuredmedia":[{"embeddable":true,"href":"https:\/\/www.laguiadepamplona.com\/actualidad\/wp-json\/wp\/v2\/media\/41803"}],"wp:attachment":[{"href":"https:\/\/www.laguiadepamplona.com\/actualidad\/wp-json\/wp\/v2\/media?parent=41802"}],"wp:term":[{"taxonomy":"category","embeddable":true,"href":"https:\/\/www.laguiadepamplona.com\/actualidad\/wp-json\/wp\/v2\/categories?post=41802"},{"taxonomy":"post_tag","embeddable":true,"href":"https:\/\/www.laguiadepamplona.com\/actualidad\/wp-json\/wp\/v2\/tags?post=41802"}],"curies":[{"name":"wp","href":"https:\/\/api.w.org\/{rel}","templated":true}]}}