{"id":4180,"date":"2014-12-17T13:59:38","date_gmt":"2014-12-17T11:59:38","guid":{"rendered":"http:\/\/laguiadepamplona.com\/actualidad\/?p=4180"},"modified":"2014-12-17T13:59:38","modified_gmt":"2014-12-17T11:59:38","slug":"el-dia-23-se-abre-al-trafico-la-calle-monasterio-de-urdax-en-el-tramo-mas-cercano-a-la-vuelta-del-castillo-via-en-la-que-tambien-cambia-la-circulacion","status":"publish","type":"post","link":"https:\/\/www.laguiadepamplona.com\/actualidad\/el-dia-23-se-abre-al-trafico-la-calle-monasterio-de-urdax-en-el-tramo-mas-cercano-a-la-vuelta-del-castillo-via-en-la-que-tambien-cambia-la-circulacion\/","title":{"rendered":"El d\u00eda 23 se abre al tr\u00e1fico la calle Monasterio de Urdax en el tramo m\u00e1s cercano a la vuelta del Castillo, v\u00eda en la que tambi\u00e9n cambia la circulaci\u00f3n"},"content":{"rendered":"<h4>La vuelta del Castillo pasar\u00e1 a tener un sentido de circulaci\u00f3n entre P\u00edo XII y Monasterio de Urdax<\/h4>\n<p><a href=\"http:\/\/laguiadepamplona.com\/actualidad\/wp-content\/uploads\/2014\/12\/apertura-monasterio-urdax.jpg\"><img loading=\"lazy\" decoding=\"async\" class=\"alignleft size-medium wp-image-4181\" src=\"http:\/\/laguiadepamplona.com\/actualidad\/wp-content\/uploads\/2014\/12\/apertura-monasterio-urdax-300x220.jpg\" alt=\"apertura monasterio urdax\" width=\"300\" height=\"220\" \/><\/a>La calle Monasterio de Urdax, en el tramo comprendido entre la avenida de P\u00edo XII y la vuelta del Castillo, se abrir\u00e1 al tr\u00e1fico el pr\u00f3ximo martes, 23 de diciembre, tras las obras realizadas en la zona por la urbanizaci\u00f3n del espacio conocido como Iturrama Nuevo. La nueva configuraci\u00f3n de esta v\u00eda cuenta ahora con un ancho mayor de calzada y una mediana que separa los cuatro carriles, dos por sentido. Esta mediana se ha alargado hasta entrar en la vuelta del Castillo, una v\u00eda que pasar\u00e1 a tener un solo sentido de circulaci\u00f3n en el tramo comprendido entre P\u00edo XII y Monasterio de Urdax.<\/p>\n<p>Desde el pr\u00f3ximo martes los veh\u00edculos que vengan desde la Casa de la Misericordia deber\u00e1n continuar por Monasterio de Urdax, sin posibilidad de proseguir por la vuelta del Castillo hasta P\u00edo XII. Los veh\u00edculos que se hayan incorporado a la vuelta del Castillo desde P\u00edo XII deber\u00e1n girar a la altura del edificio de la Jefatura Provincial de Tr\u00e1fico obligatoriamente hacia la derecha para entrar a Monasterio de Urdax, sin que puedan continuar por la vuelta del Castillo. Por esta raz\u00f3n, Polic\u00eda Municipal recomienda utilizar el tramo recientemente urbanizado de Monasterio de Urdax o la avenida de Sancho el Fuerte para circular entre el barrio de San Juan y los de Iturrama y Milagrosa.<\/p>\n<p>El cambio de dise\u00f1o tambi\u00e9n afectar\u00e1 a la confluencia de Monasterio de Urdax con la avenida de P\u00edo XII, ya que a partir del mi\u00e9rcoles desaparecer\u00e1 la mediana de P\u00edo XII y los veh\u00edculos podr\u00e1n atravesar esta v\u00eda, de manera que los coches recorrer\u00e1n toda la calle Monasterio de Urdax sin desviarse por P\u00edo XII como ocurr\u00eda anteriormente. Para habilitar esta nueva disposici\u00f3n del cruce, se ha creado un paso de peatones que atraviesa P\u00edo XII en el lado de salida de la ciudad, as\u00ed como una mediana-refugio en el paso de peatones situado en Monasterio de Urdax cerca del n\u00famero 10.<\/p>\n<p>&nbsp;<\/p>\n","protected":false},"excerpt":{"rendered":"<p>La vuelta del Castillo pasar\u00e1 a tener un sentido de circulaci\u00f3n entre P\u00edo XII y Monasterio de Urdax La calle Monasterio de Urdax, en el tramo comprendido entre la avenida&#8230;<\/p>\n","protected":false},"author":1,"featured_media":4181,"comment_status":"closed","ping_status":"open","sticky":false,"template":"","format":"standard","meta":{"footnotes":""},"categories":[2],"tags":[3689,5,6,509,3690,8,9,1341],"class_list":["post-4180","post","type-post","status-publish","format-standard","has-post-thumbnail","hentry","category-ayuntamiento-pamplona","tag-abre-al-trafico","tag-actualidad","tag-ayto-pamplona","tag-ayuntamiento-de-pamplona","tag-calle-monasterio-de-urdax","tag-noticias","tag-pamplona","tag-vuelta-del-castillo"],"yoast_head":"<!-- This site is optimized with the Yoast SEO plugin v27.5 - https:\/\/yoast.com\/product\/yoast-seo-wordpress\/ -->\n<title>El d\u00eda 23 se abre al tr\u00e1fico la calle Monasterio de Urdax en el tramo m\u00e1s cercano a la vuelta del Castillo, v\u00eda en la que tambi\u00e9n cambia la circulaci\u00f3n<\/title>\n<meta name=\"robots\" content=\"index, follow, max-snippet:-1, max-image-preview:large, max-video-preview:-1\" \/>\n<link rel=\"canonical\" href=\"https:\/\/www.laguiadepamplona.com\/actualidad\/el-dia-23-se-abre-al-trafico-la-calle-monasterio-de-urdax-en-el-tramo-mas-cercano-a-la-vuelta-del-castillo-via-en-la-que-tambien-cambia-la-circulacion\/\" \/>\n<meta property=\"og:locale\" content=\"es_ES\" \/>\n<meta property=\"og:type\" content=\"article\" \/>\n<meta property=\"og:title\" content=\"El d\u00eda 23 se abre al tr\u00e1fico la calle Monasterio de Urdax en el tramo m\u00e1s cercano a la vuelta del Castillo, v\u00eda en la que tambi\u00e9n cambia la circulaci\u00f3n\" \/>\n<meta property=\"og:description\" content=\"La vuelta del Castillo pasar\u00e1 a tener un sentido de circulaci\u00f3n entre P\u00edo XII y Monasterio de Urdax La calle Monasterio de Urdax, en el tramo comprendido entre la avenida...\" \/>\n<meta property=\"og:url\" content=\"https:\/\/www.laguiadepamplona.com\/actualidad\/el-dia-23-se-abre-al-trafico-la-calle-monasterio-de-urdax-en-el-tramo-mas-cercano-a-la-vuelta-del-castillo-via-en-la-que-tambien-cambia-la-circulacion\/\" \/>\n<meta property=\"og:site_name\" content=\"La Gu\u00eda de Pamplona\" \/>\n<meta property=\"article:publisher\" content=\"https:\/\/www.facebook.com\/laguiadepamplonacom-133175176762273\/?ref=hl\" \/>\n<meta property=\"article:published_time\" content=\"2014-12-17T11:59:38+00:00\" \/>\n<meta name=\"author\" content=\"La Gu\u00eda de Pamplona\" \/>\n<meta name=\"twitter:card\" content=\"summary_large_image\" \/>\n<meta name=\"twitter:creator\" content=\"@LaGuiadPamplona\" \/>\n<meta name=\"twitter:site\" content=\"@LaGuiadPamplona\" \/>\n<meta name=\"twitter:label1\" content=\"Escrito por\" \/>\n\t<meta name=\"twitter:data1\" content=\"La Gu\u00eda de Pamplona\" \/>\n\t<meta name=\"twitter:label2\" content=\"Tiempo de lectura\" \/>\n\t<meta name=\"twitter:data2\" content=\"2 minutos\" \/>\n<script type=\"application\/ld+json\" class=\"yoast-schema-graph\">{\"@context\":\"https:\\\/\\\/schema.org\",\"@graph\":[{\"@type\":\"Article\",\"@id\":\"https:\\\/\\\/www.laguiadepamplona.com\\\/actualidad\\\/el-dia-23-se-abre-al-trafico-la-calle-monasterio-de-urdax-en-el-tramo-mas-cercano-a-la-vuelta-del-castillo-via-en-la-que-tambien-cambia-la-circulacion\\\/#article\",\"isPartOf\":{\"@id\":\"https:\\\/\\\/www.laguiadepamplona.com\\\/actualidad\\\/el-dia-23-se-abre-al-trafico-la-calle-monasterio-de-urdax-en-el-tramo-mas-cercano-a-la-vuelta-del-castillo-via-en-la-que-tambien-cambia-la-circulacion\\\/\"},\"author\":{\"name\":\"La Gu\u00eda de Pamplona\",\"@id\":\"https:\\\/\\\/www.laguiadepamplona.com\\\/actualidad\\\/#\\\/schema\\\/person\\\/efe887376f0213d4657c93adc50b1fdb\"},\"headline\":\"El d\u00eda 23 se abre al tr\u00e1fico la calle Monasterio de Urdax en el tramo m\u00e1s cercano a la vuelta del Castillo, v\u00eda en la que tambi\u00e9n cambia la circulaci\u00f3n\",\"datePublished\":\"2014-12-17T11:59:38+00:00\",\"mainEntityOfPage\":{\"@id\":\"https:\\\/\\\/www.laguiadepamplona.com\\\/actualidad\\\/el-dia-23-se-abre-al-trafico-la-calle-monasterio-de-urdax-en-el-tramo-mas-cercano-a-la-vuelta-del-castillo-via-en-la-que-tambien-cambia-la-circulacion\\\/\"},\"wordCount\":408,\"publisher\":{\"@id\":\"https:\\\/\\\/www.laguiadepamplona.com\\\/actualidad\\\/#organization\"},\"image\":{\"@id\":\"https:\\\/\\\/www.laguiadepamplona.com\\\/actualidad\\\/el-dia-23-se-abre-al-trafico-la-calle-monasterio-de-urdax-en-el-tramo-mas-cercano-a-la-vuelta-del-castillo-via-en-la-que-tambien-cambia-la-circulacion\\\/#primaryimage\"},\"thumbnailUrl\":\"\",\"keywords\":[\"abre al tr\u00e1fico\",\"actualidad\",\"ayto pamplona\",\"Ayuntamiento de Pamplona\",\"calle Monasterio de Urdax\",\"noticias\",\"pamplona\",\"vuelta del Castillo\"],\"articleSection\":[\"Ayto Pamplona\"],\"inLanguage\":\"es\"},{\"@type\":\"WebPage\",\"@id\":\"https:\\\/\\\/www.laguiadepamplona.com\\\/actualidad\\\/el-dia-23-se-abre-al-trafico-la-calle-monasterio-de-urdax-en-el-tramo-mas-cercano-a-la-vuelta-del-castillo-via-en-la-que-tambien-cambia-la-circulacion\\\/\",\"url\":\"https:\\\/\\\/www.laguiadepamplona.com\\\/actualidad\\\/el-dia-23-se-abre-al-trafico-la-calle-monasterio-de-urdax-en-el-tramo-mas-cercano-a-la-vuelta-del-castillo-via-en-la-que-tambien-cambia-la-circulacion\\\/\",\"name\":\"El d\u00eda 23 se abre al tr\u00e1fico la calle Monasterio de Urdax en el tramo m\u00e1s cercano a la vuelta del Castillo, v\u00eda en la que tambi\u00e9n cambia la circulaci\u00f3n\",\"isPartOf\":{\"@id\":\"https:\\\/\\\/www.laguiadepamplona.com\\\/actualidad\\\/#website\"},\"primaryImageOfPage\":{\"@id\":\"https:\\\/\\\/www.laguiadepamplona.com\\\/actualidad\\\/el-dia-23-se-abre-al-trafico-la-calle-monasterio-de-urdax-en-el-tramo-mas-cercano-a-la-vuelta-del-castillo-via-en-la-que-tambien-cambia-la-circulacion\\\/#primaryimage\"},\"image\":{\"@id\":\"https:\\\/\\\/www.laguiadepamplona.com\\\/actualidad\\\/el-dia-23-se-abre-al-trafico-la-calle-monasterio-de-urdax-en-el-tramo-mas-cercano-a-la-vuelta-del-castillo-via-en-la-que-tambien-cambia-la-circulacion\\\/#primaryimage\"},\"thumbnailUrl\":\"\",\"datePublished\":\"2014-12-17T11:59:38+00:00\",\"breadcrumb\":{\"@id\":\"https:\\\/\\\/www.laguiadepamplona.com\\\/actualidad\\\/el-dia-23-se-abre-al-trafico-la-calle-monasterio-de-urdax-en-el-tramo-mas-cercano-a-la-vuelta-del-castillo-via-en-la-que-tambien-cambia-la-circulacion\\\/#breadcrumb\"},\"inLanguage\":\"es\",\"potentialAction\":[{\"@type\":\"ReadAction\",\"target\":[\"https:\\\/\\\/www.laguiadepamplona.com\\\/actualidad\\\/el-dia-23-se-abre-al-trafico-la-calle-monasterio-de-urdax-en-el-tramo-mas-cercano-a-la-vuelta-del-castillo-via-en-la-que-tambien-cambia-la-circulacion\\\/\"]}]},{\"@type\":\"ImageObject\",\"inLanguage\":\"es\",\"@id\":\"https:\\\/\\\/www.laguiadepamplona.com\\\/actualidad\\\/el-dia-23-se-abre-al-trafico-la-calle-monasterio-de-urdax-en-el-tramo-mas-cercano-a-la-vuelta-del-castillo-via-en-la-que-tambien-cambia-la-circulacion\\\/#primaryimage\",\"url\":\"\",\"contentUrl\":\"\"},{\"@type\":\"BreadcrumbList\",\"@id\":\"https:\\\/\\\/www.laguiadepamplona.com\\\/actualidad\\\/el-dia-23-se-abre-al-trafico-la-calle-monasterio-de-urdax-en-el-tramo-mas-cercano-a-la-vuelta-del-castillo-via-en-la-que-tambien-cambia-la-circulacion\\\/#breadcrumb\",\"itemListElement\":[{\"@type\":\"ListItem\",\"position\":1,\"name\":\"Portada\",\"item\":\"https:\\\/\\\/www.laguiadepamplona.com\\\/actualidad\\\/\"},{\"@type\":\"ListItem\",\"position\":2,\"name\":\"El d\u00eda 23 se abre al tr\u00e1fico la calle Monasterio de Urdax en el tramo m\u00e1s cercano a la vuelta del Castillo, v\u00eda en la que tambi\u00e9n cambia la circulaci\u00f3n\"}]},{\"@type\":\"WebSite\",\"@id\":\"https:\\\/\\\/www.laguiadepamplona.com\\\/actualidad\\\/#website\",\"url\":\"https:\\\/\\\/www.laguiadepamplona.com\\\/actualidad\\\/\",\"name\":\"La gu\u00eda de Pamplona\",\"description\":\"Noticias de Pamplona\",\"publisher\":{\"@id\":\"https:\\\/\\\/www.laguiadepamplona.com\\\/actualidad\\\/#organization\"},\"potentialAction\":[{\"@type\":\"SearchAction\",\"target\":{\"@type\":\"EntryPoint\",\"urlTemplate\":\"https:\\\/\\\/www.laguiadepamplona.com\\\/actualidad\\\/?s={search_term_string}\"},\"query-input\":{\"@type\":\"PropertyValueSpecification\",\"valueRequired\":true,\"valueName\":\"search_term_string\"}}],\"inLanguage\":\"es\"},{\"@type\":\"Organization\",\"@id\":\"https:\\\/\\\/www.laguiadepamplona.com\\\/actualidad\\\/#organization\",\"name\":\"La Gu\u00eda de Pamplona \\\/ Noticias\",\"url\":\"https:\\\/\\\/www.laguiadepamplona.com\\\/actualidad\\\/\",\"logo\":{\"@type\":\"ImageObject\",\"inLanguage\":\"es\",\"@id\":\"https:\\\/\\\/www.laguiadepamplona.com\\\/actualidad\\\/#\\\/schema\\\/logo\\\/image\\\/\",\"url\":\"https:\\\/\\\/www.laguiadepamplona.com\\\/actualidad\\\/wp-content\\\/uploads\\\/2018\\\/11\\\/logo-laguiadepamplona18-web1.png\",\"contentUrl\":\"https:\\\/\\\/www.laguiadepamplona.com\\\/actualidad\\\/wp-content\\\/uploads\\\/2018\\\/11\\\/logo-laguiadepamplona18-web1.png\",\"width\":600,\"height\":196,\"caption\":\"La Gu\u00eda de Pamplona \\\/ Noticias\"},\"image\":{\"@id\":\"https:\\\/\\\/www.laguiadepamplona.com\\\/actualidad\\\/#\\\/schema\\\/logo\\\/image\\\/\"},\"sameAs\":[\"https:\\\/\\\/www.facebook.com\\\/laguiadepamplonacom-133175176762273\\\/?ref=hl\",\"https:\\\/\\\/x.com\\\/LaGuiadPamplona\",\"https:\\\/\\\/www.instagram.com\\\/la_guia_de_pamplona\\\/\",\"https:\\\/\\\/www.youtube.com\\\/user\\\/laguiadepamplona\"]},{\"@type\":\"Person\",\"@id\":\"https:\\\/\\\/www.laguiadepamplona.com\\\/actualidad\\\/#\\\/schema\\\/person\\\/efe887376f0213d4657c93adc50b1fdb\",\"name\":\"La Gu\u00eda de Pamplona\",\"image\":{\"@type\":\"ImageObject\",\"inLanguage\":\"es\",\"@id\":\"https:\\\/\\\/secure.gravatar.com\\\/avatar\\\/b6992f131dc8d30ab0dff15446e9d346d9dbd95992de0fef795073f5ea83a81c?s=96&d=mm&r=g\",\"url\":\"https:\\\/\\\/secure.gravatar.com\\\/avatar\\\/b6992f131dc8d30ab0dff15446e9d346d9dbd95992de0fef795073f5ea83a81c?s=96&d=mm&r=g\",\"contentUrl\":\"https:\\\/\\\/secure.gravatar.com\\\/avatar\\\/b6992f131dc8d30ab0dff15446e9d346d9dbd95992de0fef795073f5ea83a81c?s=96&d=mm&r=g\",\"caption\":\"La Gu\u00eda de Pamplona\"}}]}<\/script>\n<!-- \/ Yoast SEO plugin. -->","yoast_head_json":{"title":"El d\u00eda 23 se abre al tr\u00e1fico la calle Monasterio de Urdax en el tramo m\u00e1s cercano a la vuelta del Castillo, v\u00eda en la que tambi\u00e9n cambia la circulaci\u00f3n","robots":{"index":"index","follow":"follow","max-snippet":"max-snippet:-1","max-image-preview":"max-image-preview:large","max-video-preview":"max-video-preview:-1"},"canonical":"https:\/\/www.laguiadepamplona.com\/actualidad\/el-dia-23-se-abre-al-trafico-la-calle-monasterio-de-urdax-en-el-tramo-mas-cercano-a-la-vuelta-del-castillo-via-en-la-que-tambien-cambia-la-circulacion\/","og_locale":"es_ES","og_type":"article","og_title":"El d\u00eda 23 se abre al tr\u00e1fico la calle Monasterio de Urdax en el tramo m\u00e1s cercano a la vuelta del Castillo, v\u00eda en la que tambi\u00e9n cambia la circulaci\u00f3n","og_description":"La vuelta del Castillo pasar\u00e1 a tener un sentido de circulaci\u00f3n entre P\u00edo XII y Monasterio de Urdax La calle Monasterio de Urdax, en el tramo comprendido entre la avenida...","og_url":"https:\/\/www.laguiadepamplona.com\/actualidad\/el-dia-23-se-abre-al-trafico-la-calle-monasterio-de-urdax-en-el-tramo-mas-cercano-a-la-vuelta-del-castillo-via-en-la-que-tambien-cambia-la-circulacion\/","og_site_name":"La Gu\u00eda de Pamplona","article_publisher":"https:\/\/www.facebook.com\/laguiadepamplonacom-133175176762273\/?ref=hl","article_published_time":"2014-12-17T11:59:38+00:00","author":"La Gu\u00eda de Pamplona","twitter_card":"summary_large_image","twitter_creator":"@LaGuiadPamplona","twitter_site":"@LaGuiadPamplona","twitter_misc":{"Escrito por":"La Gu\u00eda de Pamplona","Tiempo de lectura":"2 minutos"},"schema":{"@context":"https:\/\/schema.org","@graph":[{"@type":"Article","@id":"https:\/\/www.laguiadepamplona.com\/actualidad\/el-dia-23-se-abre-al-trafico-la-calle-monasterio-de-urdax-en-el-tramo-mas-cercano-a-la-vuelta-del-castillo-via-en-la-que-tambien-cambia-la-circulacion\/#article","isPartOf":{"@id":"https:\/\/www.laguiadepamplona.com\/actualidad\/el-dia-23-se-abre-al-trafico-la-calle-monasterio-de-urdax-en-el-tramo-mas-cercano-a-la-vuelta-del-castillo-via-en-la-que-tambien-cambia-la-circulacion\/"},"author":{"name":"La Gu\u00eda de Pamplona","@id":"https:\/\/www.laguiadepamplona.com\/actualidad\/#\/schema\/person\/efe887376f0213d4657c93adc50b1fdb"},"headline":"El d\u00eda 23 se abre al tr\u00e1fico la calle Monasterio de Urdax en el tramo m\u00e1s cercano a la vuelta del Castillo, v\u00eda en la que tambi\u00e9n cambia la circulaci\u00f3n","datePublished":"2014-12-17T11:59:38+00:00","mainEntityOfPage":{"@id":"https:\/\/www.laguiadepamplona.com\/actualidad\/el-dia-23-se-abre-al-trafico-la-calle-monasterio-de-urdax-en-el-tramo-mas-cercano-a-la-vuelta-del-castillo-via-en-la-que-tambien-cambia-la-circulacion\/"},"wordCount":408,"publisher":{"@id":"https:\/\/www.laguiadepamplona.com\/actualidad\/#organization"},"image":{"@id":"https:\/\/www.laguiadepamplona.com\/actualidad\/el-dia-23-se-abre-al-trafico-la-calle-monasterio-de-urdax-en-el-tramo-mas-cercano-a-la-vuelta-del-castillo-via-en-la-que-tambien-cambia-la-circulacion\/#primaryimage"},"thumbnailUrl":"","keywords":["abre al tr\u00e1fico","actualidad","ayto pamplona","Ayuntamiento de Pamplona","calle Monasterio de Urdax","noticias","pamplona","vuelta del Castillo"],"articleSection":["Ayto Pamplona"],"inLanguage":"es"},{"@type":"WebPage","@id":"https:\/\/www.laguiadepamplona.com\/actualidad\/el-dia-23-se-abre-al-trafico-la-calle-monasterio-de-urdax-en-el-tramo-mas-cercano-a-la-vuelta-del-castillo-via-en-la-que-tambien-cambia-la-circulacion\/","url":"https:\/\/www.laguiadepamplona.com\/actualidad\/el-dia-23-se-abre-al-trafico-la-calle-monasterio-de-urdax-en-el-tramo-mas-cercano-a-la-vuelta-del-castillo-via-en-la-que-tambien-cambia-la-circulacion\/","name":"El d\u00eda 23 se abre al tr\u00e1fico la calle Monasterio de Urdax en el tramo m\u00e1s cercano a la vuelta del Castillo, v\u00eda en la que tambi\u00e9n cambia la circulaci\u00f3n","isPartOf":{"@id":"https:\/\/www.laguiadepamplona.com\/actualidad\/#website"},"primaryImageOfPage":{"@id":"https:\/\/www.laguiadepamplona.com\/actualidad\/el-dia-23-se-abre-al-trafico-la-calle-monasterio-de-urdax-en-el-tramo-mas-cercano-a-la-vuelta-del-castillo-via-en-la-que-tambien-cambia-la-circulacion\/#primaryimage"},"image":{"@id":"https:\/\/www.laguiadepamplona.com\/actualidad\/el-dia-23-se-abre-al-trafico-la-calle-monasterio-de-urdax-en-el-tramo-mas-cercano-a-la-vuelta-del-castillo-via-en-la-que-tambien-cambia-la-circulacion\/#primaryimage"},"thumbnailUrl":"","datePublished":"2014-12-17T11:59:38+00:00","breadcrumb":{"@id":"https:\/\/www.laguiadepamplona.com\/actualidad\/el-dia-23-se-abre-al-trafico-la-calle-monasterio-de-urdax-en-el-tramo-mas-cercano-a-la-vuelta-del-castillo-via-en-la-que-tambien-cambia-la-circulacion\/#breadcrumb"},"inLanguage":"es","potentialAction":[{"@type":"ReadAction","target":["https:\/\/www.laguiadepamplona.com\/actualidad\/el-dia-23-se-abre-al-trafico-la-calle-monasterio-de-urdax-en-el-tramo-mas-cercano-a-la-vuelta-del-castillo-via-en-la-que-tambien-cambia-la-circulacion\/"]}]},{"@type":"ImageObject","inLanguage":"es","@id":"https:\/\/www.laguiadepamplona.com\/actualidad\/el-dia-23-se-abre-al-trafico-la-calle-monasterio-de-urdax-en-el-tramo-mas-cercano-a-la-vuelta-del-castillo-via-en-la-que-tambien-cambia-la-circulacion\/#primaryimage","url":"","contentUrl":""},{"@type":"BreadcrumbList","@id":"https:\/\/www.laguiadepamplona.com\/actualidad\/el-dia-23-se-abre-al-trafico-la-calle-monasterio-de-urdax-en-el-tramo-mas-cercano-a-la-vuelta-del-castillo-via-en-la-que-tambien-cambia-la-circulacion\/#breadcrumb","itemListElement":[{"@type":"ListItem","position":1,"name":"Portada","item":"https:\/\/www.laguiadepamplona.com\/actualidad\/"},{"@type":"ListItem","position":2,"name":"El d\u00eda 23 se abre al tr\u00e1fico la calle Monasterio de Urdax en el tramo m\u00e1s cercano a la vuelta del Castillo, v\u00eda en la que tambi\u00e9n cambia la circulaci\u00f3n"}]},{"@type":"WebSite","@id":"https:\/\/www.laguiadepamplona.com\/actualidad\/#website","url":"https:\/\/www.laguiadepamplona.com\/actualidad\/","name":"La gu\u00eda de Pamplona","description":"Noticias de Pamplona","publisher":{"@id":"https:\/\/www.laguiadepamplona.com\/actualidad\/#organization"},"potentialAction":[{"@type":"SearchAction","target":{"@type":"EntryPoint","urlTemplate":"https:\/\/www.laguiadepamplona.com\/actualidad\/?s={search_term_string}"},"query-input":{"@type":"PropertyValueSpecification","valueRequired":true,"valueName":"search_term_string"}}],"inLanguage":"es"},{"@type":"Organization","@id":"https:\/\/www.laguiadepamplona.com\/actualidad\/#organization","name":"La Gu\u00eda de Pamplona \/ Noticias","url":"https:\/\/www.laguiadepamplona.com\/actualidad\/","logo":{"@type":"ImageObject","inLanguage":"es","@id":"https:\/\/www.laguiadepamplona.com\/actualidad\/#\/schema\/logo\/image\/","url":"https:\/\/www.laguiadepamplona.com\/actualidad\/wp-content\/uploads\/2018\/11\/logo-laguiadepamplona18-web1.png","contentUrl":"https:\/\/www.laguiadepamplona.com\/actualidad\/wp-content\/uploads\/2018\/11\/logo-laguiadepamplona18-web1.png","width":600,"height":196,"caption":"La Gu\u00eda de Pamplona \/ Noticias"},"image":{"@id":"https:\/\/www.laguiadepamplona.com\/actualidad\/#\/schema\/logo\/image\/"},"sameAs":["https:\/\/www.facebook.com\/laguiadepamplonacom-133175176762273\/?ref=hl","https:\/\/x.com\/LaGuiadPamplona","https:\/\/www.instagram.com\/la_guia_de_pamplona\/","https:\/\/www.youtube.com\/user\/laguiadepamplona"]},{"@type":"Person","@id":"https:\/\/www.laguiadepamplona.com\/actualidad\/#\/schema\/person\/efe887376f0213d4657c93adc50b1fdb","name":"La Gu\u00eda de Pamplona","image":{"@type":"ImageObject","inLanguage":"es","@id":"https:\/\/secure.gravatar.com\/avatar\/b6992f131dc8d30ab0dff15446e9d346d9dbd95992de0fef795073f5ea83a81c?s=96&d=mm&r=g","url":"https:\/\/secure.gravatar.com\/avatar\/b6992f131dc8d30ab0dff15446e9d346d9dbd95992de0fef795073f5ea83a81c?s=96&d=mm&r=g","contentUrl":"https:\/\/secure.gravatar.com\/avatar\/b6992f131dc8d30ab0dff15446e9d346d9dbd95992de0fef795073f5ea83a81c?s=96&d=mm&r=g","caption":"La Gu\u00eda de Pamplona"}}]}},"post_mailing_queue_ids":[],"_links":{"self":[{"href":"https:\/\/www.laguiadepamplona.com\/actualidad\/wp-json\/wp\/v2\/posts\/4180","targetHints":{"allow":["GET"]}}],"collection":[{"href":"https:\/\/www.laguiadepamplona.com\/actualidad\/wp-json\/wp\/v2\/posts"}],"about":[{"href":"https:\/\/www.laguiadepamplona.com\/actualidad\/wp-json\/wp\/v2\/types\/post"}],"author":[{"embeddable":true,"href":"https:\/\/www.laguiadepamplona.com\/actualidad\/wp-json\/wp\/v2\/users\/1"}],"replies":[{"embeddable":true,"href":"https:\/\/www.laguiadepamplona.com\/actualidad\/wp-json\/wp\/v2\/comments?post=4180"}],"version-history":[{"count":0,"href":"https:\/\/www.laguiadepamplona.com\/actualidad\/wp-json\/wp\/v2\/posts\/4180\/revisions"}],"wp:featuredmedia":[{"embeddable":true,"href":"https:\/\/www.laguiadepamplona.com\/actualidad\/wp-json\/"}],"wp:attachment":[{"href":"https:\/\/www.laguiadepamplona.com\/actualidad\/wp-json\/wp\/v2\/media?parent=4180"}],"wp:term":[{"taxonomy":"category","embeddable":true,"href":"https:\/\/www.laguiadepamplona.com\/actualidad\/wp-json\/wp\/v2\/categories?post=4180"},{"taxonomy":"post_tag","embeddable":true,"href":"https:\/\/www.laguiadepamplona.com\/actualidad\/wp-json\/wp\/v2\/tags?post=4180"}],"curies":[{"name":"wp","href":"https:\/\/api.w.org\/{rel}","templated":true}]}}