{"id":41799,"date":"2022-10-05T12:48:23","date_gmt":"2022-10-05T10:48:23","guid":{"rendered":"https:\/\/www.laguiadepamplona.com\/actualidad\/?p=41799"},"modified":"2023-04-11T11:47:46","modified_gmt":"2023-04-11T09:47:46","slug":"la-ii-fase-del-parque-de-aranzadi-estara-acabada-a-principios-de-2023-con-accesos-pavimentados-una-plaza-central-y-caminos-interiores-conectando-tres-barrios","status":"publish","type":"post","link":"https:\/\/www.laguiadepamplona.com\/actualidad\/la-ii-fase-del-parque-de-aranzadi-estara-acabada-a-principios-de-2023-con-accesos-pavimentados-una-plaza-central-y-caminos-interiores-conectando-tres-barrios\/","title":{"rendered":"La II fase del parque de Aranzadi estar\u00e1 acabada a principios de 2023 con accesos pavimentados, una plaza central, y caminos interiores conectando tres barrios"},"content":{"rendered":"<h5>La Gerencia de Urbanismo y la Comisi\u00f3n han visitado esta ma\u00f1ana la \u00faltima intervenci\u00f3n en un nuevo espacio que sumar\u00e1 150.000 m<sup>2<\/sup> de superficie total<\/h5>\n<p><!--more--><\/p>\n<p>En el primer trimestre de 2023 estar\u00e1 terminada la segunda fase del parque de Aranzadi, en unas obras que est\u00e1n requiriendo una inversi\u00f3n de 2,32 millones de euros (IVA no incluido) y est\u00e1 ejecutando Obras Especiales de Navarra SA (OBENASA) y dirigiendo PJS (Proyectos, Estudios y Servicios T\u00e9cnicos de Navarra. El parque, cuando est\u00e9 terminado sumar\u00e1 una superficie total de 150.000 m<sup>2<\/sup> con un dise\u00f1o tiene en cuenta el impulso a la sostenibilidad y la educaci\u00f3n ambiental, y la puesta en valor de usos tradicionales de ese espacio.<br \/>\n<script async src=\"\/\/pagead2.googlesyndication.com\/pagead\/js\/adsbygoogle.js\"><\/script><br \/>\n<!-- Noticias La Guia de Pamplona --><br \/>\n<ins class=\"adsbygoogle\"\nstyle=\"display:block\"\ndata-ad-client=\"ca-pub-6943679897239327\"\ndata-ad-slot=\"7048180777\"\ndata-ad-format=\"auto\"><\/ins><br \/>\n<script>\n(adsbygoogle = window.adsbygoogle || []).push({});\n<\/script><\/p>\n<p>Miembros de la Comisi\u00f3n y la Gerencia de Urbanismo han visitado hoy el espacio para comprobar el estado de los trabajos. Estas obras contin\u00faan la intervenci\u00f3n de la primera fase realizada en 2013 y que incluy\u00f3 la orla de huertas, el bosque de crecida y parte de los caminos del parque. En estos momentos se ha realizado el acceso desde la calle Vergel hacia el colegio Red\u00edn y la residencia el Vergel, se encuentran muy avanzados los trabajos en el camino de conexi\u00f3n este- oeste (entre Rochapea, Aranzadi y Txantrea) y en la gran plaza, y se han iniciado los trabajos en la calle que da frente al CD Aranzadi. Asimismo, se prev\u00e9 el inicio de los trabajos de jardiner\u00eda a finales de este oto\u00f1o.<\/p>\n<p>En septiembre el Ayuntamiento de Pamplona solicit\u00f3 ayudas para esta obra dentro de la Segunda convocatoria del \u2018Programa de ayudas a municipios para la implantaci\u00f3n de zonas de bajas emisiones y la transformaci\u00f3n digital y sostenible del transporte urbano\u2019 dentro del marco del Plan de Recuperaci\u00f3n, Transformaci\u00f3n y Resiliencia. El importe de la subvenci\u00f3n podr\u00eda alcanzar los 2 millones de euros y se destinar\u00eda a la actuaci\u00f3n 3: \u2018Conexi\u00f3n peatonal y mejora de la accesibilidad entre los barrios Txantrea y Rochapea\u2019.<br \/>\n<script async src=\"\/\/pagead2.googlesyndication.com\/pagead\/js\/adsbygoogle.js\"><\/script><br \/>\n<!-- Noticias La Guia de Pamplona --><br \/>\n<ins class=\"adsbygoogle\"\nstyle=\"display:block\"\ndata-ad-client=\"ca-pub-6943679897239327\"\ndata-ad-slot=\"7048180777\"\ndata-ad-format=\"auto\"><\/ins><br \/>\n<script>\n(adsbygoogle = window.adsbygoogle || []).push({});\n<\/script><\/p>\n<p><strong>El final de la calle que da la vuelta<\/strong><\/p>\n<p>Ya se ha concluido parcialmente el vial de la calle de acceso y vuelta a Aranzadi que delimita el parque en su zona interior, que comenz\u00f3 e ejecutarse en la primera fase. Est\u00e1 ejecutado el trazado en forma de \u2018L\u2019 y en esto momentos se est\u00e1 completando el brazo que llega hasta la C.D. Aranzadi para completar un vial en forma de \u2018U\u2019, un trazado que abarca desde el Colegio El Red\u00edn hasta las piscinas y que concluir\u00e1 la calle que da la vuelta a Aranzadi. En esa zona de salida, se mantendr\u00e1 un espacio continuo peatonal de 2 metros m\u00ednimo de anchura de hormig\u00f3n lavado y de 3 metros de asfalto.<\/p>\n<p>En la intervenci\u00f3n se est\u00e1n actualizando y soterrando las infraestructuras a\u00e9reas en todas las zonas en las que se levanta la calle actual. La ejecuci\u00f3n se rematar\u00e1 con la instalaci\u00f3n de mobiliario urbano: bancos de madera con reposabrazos y bancos corridos con acabado de hormig\u00f3n pulido, adem\u00e1s de aparcabicicletas en la entrada de las piscinas.<br \/>\n<script async src=\"\/\/pagead2.googlesyndication.com\/pagead\/js\/adsbygoogle.js\"><\/script><br \/>\n<!-- Noticias La Guia de Pamplona --><br \/>\n<ins class=\"adsbygoogle\"\nstyle=\"display:block\"\ndata-ad-client=\"ca-pub-6943679897239327\"\ndata-ad-slot=\"7048180777\"\ndata-ad-format=\"auto\"><\/ins><br \/>\n<script>\n(adsbygoogle = window.adsbygoogle || []).push({});\n<\/script><\/p>\n<p><strong>Boulevard y plaza<\/strong><\/p>\n<p>Junto al h\u00f3rreo, se completa el espacio de paseo existente, generando un nuevo camino que acompa\u00f1ado de zonas verdes crea un amplio boulevard. Este espacio ya ejecutado, aunque a\u00fan no ha sido puesto en servicio, desemboca en una gran plaza que es un espacio central en el que convergen los diferentes ejes y usos del parque. Ya se ha creado esa gran zona de estancia, a falta del acabado del pavimento.<\/p>\n<p>La plaza es un espacio libre de obst\u00e1culos y con superficies amplias para facilitar la implantaci\u00f3n de ferias, mercadillos tem\u00e1ticos u otro tipo de eventos. Su espacio recoge y respeta el Caqui existente, la puerta de entrada a las huertas y el h\u00f3rreo y, de cara a su finalizaci\u00f3n, se dotar\u00e1 con zonas de sombra con \u00e1rboles de gran porte y mobiliario de descanso (bancos de pies de hormig\u00f3n y asiento en madera). Adem\u00e1s, junto a la plaza central se plantear\u00e1 una zona de juegos basados en el uso del agua y la arena, para fomentar el car\u00e1cter natural del parque.<br \/>\n<script async src=\"\/\/pagead2.googlesyndication.com\/pagead\/js\/adsbygoogle.js\"><\/script><br \/>\n<!-- Noticias La Guia de Pamplona --><br \/>\n<ins class=\"adsbygoogle\"\nstyle=\"display:block\"\ndata-ad-client=\"ca-pub-6943679897239327\"\ndata-ad-slot=\"7048180777\"\ndata-ad-format=\"auto\"><\/ins><br \/>\n<script>\n(adsbygoogle = window.adsbygoogle || []).push({});\n<\/script><\/p>\n<p><strong>Ejes que conectan barrios<\/strong><\/p>\n<p>En relaci\u00f3n a los barrios que circundan el meandro, Rochapea, Aranzadi y Txantrea, en esta fase, y respetando el per\u00edmetro de la plaza, se ha realizado un camino de uso peatonal de 4,5 metros de ancho realizado en hormig\u00f3n lavado que conecta la pasarela Oeste en la calle Errotazar, junto al Museo de Educaci\u00f3n Ambiental, con la del Este, que desembarca en el desarrollo de Alemanes. Cuando llegue el momento de la plantaci\u00f3n se dispondr\u00e1 en ese recorrido una alineaci\u00f3n de \u00e1rboles que lo dotar\u00e1n de sombra. En esta zona del eje, se pueden contemplar las huertas preservadas por una franja de 2 metros de tierra vegetal y talud.<\/p>\n<p>La intervenci\u00f3n ha rematado el camino que limita el bosque de crecida por el Sur con el mismo pavimento terroso de arena estabilizada, dotando el vial de luminarias, sistemas con las mismas caracter\u00edsticas a las del resto del parque. Tambi\u00e9n se repondr\u00e1n algunos ejemplares en el bosque para reducir la afecci\u00f3n de las crecidas del r\u00edo Arga y se han creado dos espacios boscosos que acompa\u00f1an al camino por el Sur (en su inicio y su final) de forma que han nacido zonas de estancia en unos espacios en los que hasta ahora no hab\u00eda vegetaci\u00f3n.<\/p>\n","protected":false},"excerpt":{"rendered":"<p>La Gerencia de Urbanismo y la Comisi\u00f3n han visitado esta ma\u00f1ana la \u00faltima intervenci\u00f3n en un nuevo espacio que sumar\u00e1 150.000 m2 de superficie total<\/p>\n","protected":false},"author":1,"featured_media":41800,"comment_status":"open","ping_status":"closed","sticky":false,"template":"","format":"standard","meta":{"footnotes":""},"categories":[2],"tags":[],"class_list":["post-41799","post","type-post","status-publish","format-standard","has-post-thumbnail","hentry","category-ayuntamiento-pamplona"],"yoast_head":"<!-- This site is optimized with the Yoast SEO plugin v27.3 - https:\/\/yoast.com\/product\/yoast-seo-wordpress\/ -->\n<title>La II fase del parque de Aranzadi estar\u00e1 acabada a principios de 2023 con accesos pavimentados, una plaza central, y caminos interiores conectando tres barrios<\/title>\n<meta name=\"description\" content=\"La Gerencia de Urbanismo y la Comisi\u00f3n han visitado esta ma\u00f1ana la \u00faltima intervenci\u00f3n en un nuevo espacio que sumar\u00e1 150.000 m2 de superficie total\" \/>\n<meta name=\"robots\" content=\"index, follow, max-snippet:-1, max-image-preview:large, max-video-preview:-1\" \/>\n<link rel=\"canonical\" href=\"https:\/\/www.laguiadepamplona.com\/actualidad\/la-ii-fase-del-parque-de-aranzadi-estara-acabada-a-principios-de-2023-con-accesos-pavimentados-una-plaza-central-y-caminos-interiores-conectando-tres-barrios\/\" \/>\n<meta property=\"og:locale\" content=\"es_ES\" \/>\n<meta property=\"og:type\" content=\"article\" \/>\n<meta property=\"og:title\" content=\"La II fase del parque de Aranzadi estar\u00e1 acabada a principios de 2023 con accesos pavimentados, una plaza central, y caminos interiores conectando tres barrios\" \/>\n<meta property=\"og:description\" content=\"La Gerencia de Urbanismo y la Comisi\u00f3n han visitado esta ma\u00f1ana la \u00faltima intervenci\u00f3n en un nuevo espacio que sumar\u00e1 150.000 m2 de superficie total\" \/>\n<meta property=\"og:url\" content=\"https:\/\/www.laguiadepamplona.com\/actualidad\/la-ii-fase-del-parque-de-aranzadi-estara-acabada-a-principios-de-2023-con-accesos-pavimentados-una-plaza-central-y-caminos-interiores-conectando-tres-barrios\/\" \/>\n<meta property=\"og:site_name\" content=\"La Gu\u00eda de Pamplona\" \/>\n<meta property=\"article:publisher\" content=\"https:\/\/www.facebook.com\/laguiadepamplonacom-133175176762273\/?ref=hl\" \/>\n<meta property=\"article:published_time\" content=\"2022-10-05T10:48:23+00:00\" \/>\n<meta property=\"article:modified_time\" content=\"2023-04-11T09:47:46+00:00\" \/>\n<meta property=\"og:image\" content=\"https:\/\/www.laguiadepamplona.com\/actualidad\/wp-content\/uploads\/2022\/10\/q5a0044aranzadi22-10-05.webp\" \/>\n\t<meta property=\"og:image:width\" content=\"1920\" \/>\n\t<meta property=\"og:image:height\" content=\"1281\" \/>\n\t<meta property=\"og:image:type\" content=\"image\/webp\" \/>\n<meta name=\"author\" content=\"La Gu\u00eda de Pamplona\" \/>\n<meta name=\"twitter:card\" content=\"summary_large_image\" \/>\n<meta name=\"twitter:creator\" content=\"@LaGuiadPamplona\" \/>\n<meta name=\"twitter:site\" content=\"@LaGuiadPamplona\" \/>\n<meta name=\"twitter:label1\" content=\"Escrito por\" \/>\n\t<meta name=\"twitter:data1\" content=\"La Gu\u00eda de Pamplona\" \/>\n\t<meta name=\"twitter:label2\" content=\"Tiempo de lectura\" \/>\n\t<meta name=\"twitter:data2\" content=\"5 minutos\" \/>\n<script type=\"application\/ld+json\" class=\"yoast-schema-graph\">{\"@context\":\"https:\\\/\\\/schema.org\",\"@graph\":[{\"@type\":\"Article\",\"@id\":\"https:\\\/\\\/www.laguiadepamplona.com\\\/actualidad\\\/la-ii-fase-del-parque-de-aranzadi-estara-acabada-a-principios-de-2023-con-accesos-pavimentados-una-plaza-central-y-caminos-interiores-conectando-tres-barrios\\\/#article\",\"isPartOf\":{\"@id\":\"https:\\\/\\\/www.laguiadepamplona.com\\\/actualidad\\\/la-ii-fase-del-parque-de-aranzadi-estara-acabada-a-principios-de-2023-con-accesos-pavimentados-una-plaza-central-y-caminos-interiores-conectando-tres-barrios\\\/\"},\"author\":{\"name\":\"La Gu\u00eda de Pamplona\",\"@id\":\"https:\\\/\\\/www.laguiadepamplona.com\\\/actualidad\\\/#\\\/schema\\\/person\\\/efe887376f0213d4657c93adc50b1fdb\"},\"headline\":\"La II fase del parque de Aranzadi estar\u00e1 acabada a principios de 2023 con accesos pavimentados, una plaza central, y caminos interiores conectando tres barrios\",\"datePublished\":\"2022-10-05T10:48:23+00:00\",\"dateModified\":\"2023-04-11T09:47:46+00:00\",\"mainEntityOfPage\":{\"@id\":\"https:\\\/\\\/www.laguiadepamplona.com\\\/actualidad\\\/la-ii-fase-del-parque-de-aranzadi-estara-acabada-a-principios-de-2023-con-accesos-pavimentados-una-plaza-central-y-caminos-interiores-conectando-tres-barrios\\\/\"},\"wordCount\":954,\"commentCount\":0,\"publisher\":{\"@id\":\"https:\\\/\\\/www.laguiadepamplona.com\\\/actualidad\\\/#organization\"},\"image\":{\"@id\":\"https:\\\/\\\/www.laguiadepamplona.com\\\/actualidad\\\/la-ii-fase-del-parque-de-aranzadi-estara-acabada-a-principios-de-2023-con-accesos-pavimentados-una-plaza-central-y-caminos-interiores-conectando-tres-barrios\\\/#primaryimage\"},\"thumbnailUrl\":\"https:\\\/\\\/www.laguiadepamplona.com\\\/actualidad\\\/wp-content\\\/uploads\\\/2022\\\/10\\\/q5a0044aranzadi22-10-05.webp\",\"articleSection\":[\"Ayto Pamplona\"],\"inLanguage\":\"es\",\"potentialAction\":[{\"@type\":\"CommentAction\",\"name\":\"Comment\",\"target\":[\"https:\\\/\\\/www.laguiadepamplona.com\\\/actualidad\\\/la-ii-fase-del-parque-de-aranzadi-estara-acabada-a-principios-de-2023-con-accesos-pavimentados-una-plaza-central-y-caminos-interiores-conectando-tres-barrios\\\/#respond\"]}]},{\"@type\":\"WebPage\",\"@id\":\"https:\\\/\\\/www.laguiadepamplona.com\\\/actualidad\\\/la-ii-fase-del-parque-de-aranzadi-estara-acabada-a-principios-de-2023-con-accesos-pavimentados-una-plaza-central-y-caminos-interiores-conectando-tres-barrios\\\/\",\"url\":\"https:\\\/\\\/www.laguiadepamplona.com\\\/actualidad\\\/la-ii-fase-del-parque-de-aranzadi-estara-acabada-a-principios-de-2023-con-accesos-pavimentados-una-plaza-central-y-caminos-interiores-conectando-tres-barrios\\\/\",\"name\":\"La II fase del parque de Aranzadi estar\u00e1 acabada a principios de 2023 con accesos pavimentados, una plaza central, y caminos interiores conectando tres barrios\",\"isPartOf\":{\"@id\":\"https:\\\/\\\/www.laguiadepamplona.com\\\/actualidad\\\/#website\"},\"primaryImageOfPage\":{\"@id\":\"https:\\\/\\\/www.laguiadepamplona.com\\\/actualidad\\\/la-ii-fase-del-parque-de-aranzadi-estara-acabada-a-principios-de-2023-con-accesos-pavimentados-una-plaza-central-y-caminos-interiores-conectando-tres-barrios\\\/#primaryimage\"},\"image\":{\"@id\":\"https:\\\/\\\/www.laguiadepamplona.com\\\/actualidad\\\/la-ii-fase-del-parque-de-aranzadi-estara-acabada-a-principios-de-2023-con-accesos-pavimentados-una-plaza-central-y-caminos-interiores-conectando-tres-barrios\\\/#primaryimage\"},\"thumbnailUrl\":\"https:\\\/\\\/www.laguiadepamplona.com\\\/actualidad\\\/wp-content\\\/uploads\\\/2022\\\/10\\\/q5a0044aranzadi22-10-05.webp\",\"datePublished\":\"2022-10-05T10:48:23+00:00\",\"dateModified\":\"2023-04-11T09:47:46+00:00\",\"description\":\"La Gerencia de Urbanismo y la Comisi\u00f3n han visitado esta ma\u00f1ana la \u00faltima intervenci\u00f3n en un nuevo espacio que sumar\u00e1 150.000 m2 de superficie total\",\"breadcrumb\":{\"@id\":\"https:\\\/\\\/www.laguiadepamplona.com\\\/actualidad\\\/la-ii-fase-del-parque-de-aranzadi-estara-acabada-a-principios-de-2023-con-accesos-pavimentados-una-plaza-central-y-caminos-interiores-conectando-tres-barrios\\\/#breadcrumb\"},\"inLanguage\":\"es\",\"potentialAction\":[{\"@type\":\"ReadAction\",\"target\":[\"https:\\\/\\\/www.laguiadepamplona.com\\\/actualidad\\\/la-ii-fase-del-parque-de-aranzadi-estara-acabada-a-principios-de-2023-con-accesos-pavimentados-una-plaza-central-y-caminos-interiores-conectando-tres-barrios\\\/\"]}]},{\"@type\":\"ImageObject\",\"inLanguage\":\"es\",\"@id\":\"https:\\\/\\\/www.laguiadepamplona.com\\\/actualidad\\\/la-ii-fase-del-parque-de-aranzadi-estara-acabada-a-principios-de-2023-con-accesos-pavimentados-una-plaza-central-y-caminos-interiores-conectando-tres-barrios\\\/#primaryimage\",\"url\":\"https:\\\/\\\/www.laguiadepamplona.com\\\/actualidad\\\/wp-content\\\/uploads\\\/2022\\\/10\\\/q5a0044aranzadi22-10-05.webp\",\"contentUrl\":\"https:\\\/\\\/www.laguiadepamplona.com\\\/actualidad\\\/wp-content\\\/uploads\\\/2022\\\/10\\\/q5a0044aranzadi22-10-05.webp\",\"width\":1920,\"height\":1281},{\"@type\":\"BreadcrumbList\",\"@id\":\"https:\\\/\\\/www.laguiadepamplona.com\\\/actualidad\\\/la-ii-fase-del-parque-de-aranzadi-estara-acabada-a-principios-de-2023-con-accesos-pavimentados-una-plaza-central-y-caminos-interiores-conectando-tres-barrios\\\/#breadcrumb\",\"itemListElement\":[{\"@type\":\"ListItem\",\"position\":1,\"name\":\"Portada\",\"item\":\"https:\\\/\\\/www.laguiadepamplona.com\\\/actualidad\\\/\"},{\"@type\":\"ListItem\",\"position\":2,\"name\":\"La II fase del parque de Aranzadi estar\u00e1 acabada a principios de 2023 con accesos pavimentados, una plaza central, y caminos interiores conectando tres barrios\"}]},{\"@type\":\"WebSite\",\"@id\":\"https:\\\/\\\/www.laguiadepamplona.com\\\/actualidad\\\/#website\",\"url\":\"https:\\\/\\\/www.laguiadepamplona.com\\\/actualidad\\\/\",\"name\":\"La gu\u00eda de Pamplona\",\"description\":\"Noticias de Pamplona\",\"publisher\":{\"@id\":\"https:\\\/\\\/www.laguiadepamplona.com\\\/actualidad\\\/#organization\"},\"potentialAction\":[{\"@type\":\"SearchAction\",\"target\":{\"@type\":\"EntryPoint\",\"urlTemplate\":\"https:\\\/\\\/www.laguiadepamplona.com\\\/actualidad\\\/?s={search_term_string}\"},\"query-input\":{\"@type\":\"PropertyValueSpecification\",\"valueRequired\":true,\"valueName\":\"search_term_string\"}}],\"inLanguage\":\"es\"},{\"@type\":\"Organization\",\"@id\":\"https:\\\/\\\/www.laguiadepamplona.com\\\/actualidad\\\/#organization\",\"name\":\"La Gu\u00eda de Pamplona \\\/ Noticias\",\"url\":\"https:\\\/\\\/www.laguiadepamplona.com\\\/actualidad\\\/\",\"logo\":{\"@type\":\"ImageObject\",\"inLanguage\":\"es\",\"@id\":\"https:\\\/\\\/www.laguiadepamplona.com\\\/actualidad\\\/#\\\/schema\\\/logo\\\/image\\\/\",\"url\":\"https:\\\/\\\/www.laguiadepamplona.com\\\/actualidad\\\/wp-content\\\/uploads\\\/2018\\\/11\\\/logo-laguiadepamplona18-web1.png\",\"contentUrl\":\"https:\\\/\\\/www.laguiadepamplona.com\\\/actualidad\\\/wp-content\\\/uploads\\\/2018\\\/11\\\/logo-laguiadepamplona18-web1.png\",\"width\":600,\"height\":196,\"caption\":\"La Gu\u00eda de Pamplona \\\/ Noticias\"},\"image\":{\"@id\":\"https:\\\/\\\/www.laguiadepamplona.com\\\/actualidad\\\/#\\\/schema\\\/logo\\\/image\\\/\"},\"sameAs\":[\"https:\\\/\\\/www.facebook.com\\\/laguiadepamplonacom-133175176762273\\\/?ref=hl\",\"https:\\\/\\\/x.com\\\/LaGuiadPamplona\",\"https:\\\/\\\/www.instagram.com\\\/la_guia_de_pamplona\\\/\",\"https:\\\/\\\/www.youtube.com\\\/user\\\/laguiadepamplona\"]},{\"@type\":\"Person\",\"@id\":\"https:\\\/\\\/www.laguiadepamplona.com\\\/actualidad\\\/#\\\/schema\\\/person\\\/efe887376f0213d4657c93adc50b1fdb\",\"name\":\"La Gu\u00eda de Pamplona\",\"image\":{\"@type\":\"ImageObject\",\"inLanguage\":\"es\",\"@id\":\"https:\\\/\\\/secure.gravatar.com\\\/avatar\\\/b6992f131dc8d30ab0dff15446e9d346d9dbd95992de0fef795073f5ea83a81c?s=96&d=mm&r=g\",\"url\":\"https:\\\/\\\/secure.gravatar.com\\\/avatar\\\/b6992f131dc8d30ab0dff15446e9d346d9dbd95992de0fef795073f5ea83a81c?s=96&d=mm&r=g\",\"contentUrl\":\"https:\\\/\\\/secure.gravatar.com\\\/avatar\\\/b6992f131dc8d30ab0dff15446e9d346d9dbd95992de0fef795073f5ea83a81c?s=96&d=mm&r=g\",\"caption\":\"La Gu\u00eda de Pamplona\"}}]}<\/script>\n<!-- \/ Yoast SEO plugin. -->","yoast_head_json":{"title":"La II fase del parque de Aranzadi estar\u00e1 acabada a principios de 2023 con accesos pavimentados, una plaza central, y caminos interiores conectando tres barrios","description":"La Gerencia de Urbanismo y la Comisi\u00f3n han visitado esta ma\u00f1ana la \u00faltima intervenci\u00f3n en un nuevo espacio que sumar\u00e1 150.000 m2 de superficie total","robots":{"index":"index","follow":"follow","max-snippet":"max-snippet:-1","max-image-preview":"max-image-preview:large","max-video-preview":"max-video-preview:-1"},"canonical":"https:\/\/www.laguiadepamplona.com\/actualidad\/la-ii-fase-del-parque-de-aranzadi-estara-acabada-a-principios-de-2023-con-accesos-pavimentados-una-plaza-central-y-caminos-interiores-conectando-tres-barrios\/","og_locale":"es_ES","og_type":"article","og_title":"La II fase del parque de Aranzadi estar\u00e1 acabada a principios de 2023 con accesos pavimentados, una plaza central, y caminos interiores conectando tres barrios","og_description":"La Gerencia de Urbanismo y la Comisi\u00f3n han visitado esta ma\u00f1ana la \u00faltima intervenci\u00f3n en un nuevo espacio que sumar\u00e1 150.000 m2 de superficie total","og_url":"https:\/\/www.laguiadepamplona.com\/actualidad\/la-ii-fase-del-parque-de-aranzadi-estara-acabada-a-principios-de-2023-con-accesos-pavimentados-una-plaza-central-y-caminos-interiores-conectando-tres-barrios\/","og_site_name":"La Gu\u00eda de Pamplona","article_publisher":"https:\/\/www.facebook.com\/laguiadepamplonacom-133175176762273\/?ref=hl","article_published_time":"2022-10-05T10:48:23+00:00","article_modified_time":"2023-04-11T09:47:46+00:00","og_image":[{"width":1920,"height":1281,"url":"https:\/\/www.laguiadepamplona.com\/actualidad\/wp-content\/uploads\/2022\/10\/q5a0044aranzadi22-10-05.webp","type":"image\/webp"}],"author":"La Gu\u00eda de Pamplona","twitter_card":"summary_large_image","twitter_creator":"@LaGuiadPamplona","twitter_site":"@LaGuiadPamplona","twitter_misc":{"Escrito por":"La Gu\u00eda de Pamplona","Tiempo de lectura":"5 minutos"},"schema":{"@context":"https:\/\/schema.org","@graph":[{"@type":"Article","@id":"https:\/\/www.laguiadepamplona.com\/actualidad\/la-ii-fase-del-parque-de-aranzadi-estara-acabada-a-principios-de-2023-con-accesos-pavimentados-una-plaza-central-y-caminos-interiores-conectando-tres-barrios\/#article","isPartOf":{"@id":"https:\/\/www.laguiadepamplona.com\/actualidad\/la-ii-fase-del-parque-de-aranzadi-estara-acabada-a-principios-de-2023-con-accesos-pavimentados-una-plaza-central-y-caminos-interiores-conectando-tres-barrios\/"},"author":{"name":"La Gu\u00eda de Pamplona","@id":"https:\/\/www.laguiadepamplona.com\/actualidad\/#\/schema\/person\/efe887376f0213d4657c93adc50b1fdb"},"headline":"La II fase del parque de Aranzadi estar\u00e1 acabada a principios de 2023 con accesos pavimentados, una plaza central, y caminos interiores conectando tres barrios","datePublished":"2022-10-05T10:48:23+00:00","dateModified":"2023-04-11T09:47:46+00:00","mainEntityOfPage":{"@id":"https:\/\/www.laguiadepamplona.com\/actualidad\/la-ii-fase-del-parque-de-aranzadi-estara-acabada-a-principios-de-2023-con-accesos-pavimentados-una-plaza-central-y-caminos-interiores-conectando-tres-barrios\/"},"wordCount":954,"commentCount":0,"publisher":{"@id":"https:\/\/www.laguiadepamplona.com\/actualidad\/#organization"},"image":{"@id":"https:\/\/www.laguiadepamplona.com\/actualidad\/la-ii-fase-del-parque-de-aranzadi-estara-acabada-a-principios-de-2023-con-accesos-pavimentados-una-plaza-central-y-caminos-interiores-conectando-tres-barrios\/#primaryimage"},"thumbnailUrl":"https:\/\/www.laguiadepamplona.com\/actualidad\/wp-content\/uploads\/2022\/10\/q5a0044aranzadi22-10-05.webp","articleSection":["Ayto Pamplona"],"inLanguage":"es","potentialAction":[{"@type":"CommentAction","name":"Comment","target":["https:\/\/www.laguiadepamplona.com\/actualidad\/la-ii-fase-del-parque-de-aranzadi-estara-acabada-a-principios-de-2023-con-accesos-pavimentados-una-plaza-central-y-caminos-interiores-conectando-tres-barrios\/#respond"]}]},{"@type":"WebPage","@id":"https:\/\/www.laguiadepamplona.com\/actualidad\/la-ii-fase-del-parque-de-aranzadi-estara-acabada-a-principios-de-2023-con-accesos-pavimentados-una-plaza-central-y-caminos-interiores-conectando-tres-barrios\/","url":"https:\/\/www.laguiadepamplona.com\/actualidad\/la-ii-fase-del-parque-de-aranzadi-estara-acabada-a-principios-de-2023-con-accesos-pavimentados-una-plaza-central-y-caminos-interiores-conectando-tres-barrios\/","name":"La II fase del parque de Aranzadi estar\u00e1 acabada a principios de 2023 con accesos pavimentados, una plaza central, y caminos interiores conectando tres barrios","isPartOf":{"@id":"https:\/\/www.laguiadepamplona.com\/actualidad\/#website"},"primaryImageOfPage":{"@id":"https:\/\/www.laguiadepamplona.com\/actualidad\/la-ii-fase-del-parque-de-aranzadi-estara-acabada-a-principios-de-2023-con-accesos-pavimentados-una-plaza-central-y-caminos-interiores-conectando-tres-barrios\/#primaryimage"},"image":{"@id":"https:\/\/www.laguiadepamplona.com\/actualidad\/la-ii-fase-del-parque-de-aranzadi-estara-acabada-a-principios-de-2023-con-accesos-pavimentados-una-plaza-central-y-caminos-interiores-conectando-tres-barrios\/#primaryimage"},"thumbnailUrl":"https:\/\/www.laguiadepamplona.com\/actualidad\/wp-content\/uploads\/2022\/10\/q5a0044aranzadi22-10-05.webp","datePublished":"2022-10-05T10:48:23+00:00","dateModified":"2023-04-11T09:47:46+00:00","description":"La Gerencia de Urbanismo y la Comisi\u00f3n han visitado esta ma\u00f1ana la \u00faltima intervenci\u00f3n en un nuevo espacio que sumar\u00e1 150.000 m2 de superficie total","breadcrumb":{"@id":"https:\/\/www.laguiadepamplona.com\/actualidad\/la-ii-fase-del-parque-de-aranzadi-estara-acabada-a-principios-de-2023-con-accesos-pavimentados-una-plaza-central-y-caminos-interiores-conectando-tres-barrios\/#breadcrumb"},"inLanguage":"es","potentialAction":[{"@type":"ReadAction","target":["https:\/\/www.laguiadepamplona.com\/actualidad\/la-ii-fase-del-parque-de-aranzadi-estara-acabada-a-principios-de-2023-con-accesos-pavimentados-una-plaza-central-y-caminos-interiores-conectando-tres-barrios\/"]}]},{"@type":"ImageObject","inLanguage":"es","@id":"https:\/\/www.laguiadepamplona.com\/actualidad\/la-ii-fase-del-parque-de-aranzadi-estara-acabada-a-principios-de-2023-con-accesos-pavimentados-una-plaza-central-y-caminos-interiores-conectando-tres-barrios\/#primaryimage","url":"https:\/\/www.laguiadepamplona.com\/actualidad\/wp-content\/uploads\/2022\/10\/q5a0044aranzadi22-10-05.webp","contentUrl":"https:\/\/www.laguiadepamplona.com\/actualidad\/wp-content\/uploads\/2022\/10\/q5a0044aranzadi22-10-05.webp","width":1920,"height":1281},{"@type":"BreadcrumbList","@id":"https:\/\/www.laguiadepamplona.com\/actualidad\/la-ii-fase-del-parque-de-aranzadi-estara-acabada-a-principios-de-2023-con-accesos-pavimentados-una-plaza-central-y-caminos-interiores-conectando-tres-barrios\/#breadcrumb","itemListElement":[{"@type":"ListItem","position":1,"name":"Portada","item":"https:\/\/www.laguiadepamplona.com\/actualidad\/"},{"@type":"ListItem","position":2,"name":"La II fase del parque de Aranzadi estar\u00e1 acabada a principios de 2023 con accesos pavimentados, una plaza central, y caminos interiores conectando tres barrios"}]},{"@type":"WebSite","@id":"https:\/\/www.laguiadepamplona.com\/actualidad\/#website","url":"https:\/\/www.laguiadepamplona.com\/actualidad\/","name":"La gu\u00eda de Pamplona","description":"Noticias de Pamplona","publisher":{"@id":"https:\/\/www.laguiadepamplona.com\/actualidad\/#organization"},"potentialAction":[{"@type":"SearchAction","target":{"@type":"EntryPoint","urlTemplate":"https:\/\/www.laguiadepamplona.com\/actualidad\/?s={search_term_string}"},"query-input":{"@type":"PropertyValueSpecification","valueRequired":true,"valueName":"search_term_string"}}],"inLanguage":"es"},{"@type":"Organization","@id":"https:\/\/www.laguiadepamplona.com\/actualidad\/#organization","name":"La Gu\u00eda de Pamplona \/ Noticias","url":"https:\/\/www.laguiadepamplona.com\/actualidad\/","logo":{"@type":"ImageObject","inLanguage":"es","@id":"https:\/\/www.laguiadepamplona.com\/actualidad\/#\/schema\/logo\/image\/","url":"https:\/\/www.laguiadepamplona.com\/actualidad\/wp-content\/uploads\/2018\/11\/logo-laguiadepamplona18-web1.png","contentUrl":"https:\/\/www.laguiadepamplona.com\/actualidad\/wp-content\/uploads\/2018\/11\/logo-laguiadepamplona18-web1.png","width":600,"height":196,"caption":"La Gu\u00eda de Pamplona \/ Noticias"},"image":{"@id":"https:\/\/www.laguiadepamplona.com\/actualidad\/#\/schema\/logo\/image\/"},"sameAs":["https:\/\/www.facebook.com\/laguiadepamplonacom-133175176762273\/?ref=hl","https:\/\/x.com\/LaGuiadPamplona","https:\/\/www.instagram.com\/la_guia_de_pamplona\/","https:\/\/www.youtube.com\/user\/laguiadepamplona"]},{"@type":"Person","@id":"https:\/\/www.laguiadepamplona.com\/actualidad\/#\/schema\/person\/efe887376f0213d4657c93adc50b1fdb","name":"La Gu\u00eda de Pamplona","image":{"@type":"ImageObject","inLanguage":"es","@id":"https:\/\/secure.gravatar.com\/avatar\/b6992f131dc8d30ab0dff15446e9d346d9dbd95992de0fef795073f5ea83a81c?s=96&d=mm&r=g","url":"https:\/\/secure.gravatar.com\/avatar\/b6992f131dc8d30ab0dff15446e9d346d9dbd95992de0fef795073f5ea83a81c?s=96&d=mm&r=g","contentUrl":"https:\/\/secure.gravatar.com\/avatar\/b6992f131dc8d30ab0dff15446e9d346d9dbd95992de0fef795073f5ea83a81c?s=96&d=mm&r=g","caption":"La Gu\u00eda de Pamplona"}}]}},"post_mailing_queue_ids":[],"_links":{"self":[{"href":"https:\/\/www.laguiadepamplona.com\/actualidad\/wp-json\/wp\/v2\/posts\/41799","targetHints":{"allow":["GET"]}}],"collection":[{"href":"https:\/\/www.laguiadepamplona.com\/actualidad\/wp-json\/wp\/v2\/posts"}],"about":[{"href":"https:\/\/www.laguiadepamplona.com\/actualidad\/wp-json\/wp\/v2\/types\/post"}],"author":[{"embeddable":true,"href":"https:\/\/www.laguiadepamplona.com\/actualidad\/wp-json\/wp\/v2\/users\/1"}],"replies":[{"embeddable":true,"href":"https:\/\/www.laguiadepamplona.com\/actualidad\/wp-json\/wp\/v2\/comments?post=41799"}],"version-history":[{"count":0,"href":"https:\/\/www.laguiadepamplona.com\/actualidad\/wp-json\/wp\/v2\/posts\/41799\/revisions"}],"wp:featuredmedia":[{"embeddable":true,"href":"https:\/\/www.laguiadepamplona.com\/actualidad\/wp-json\/wp\/v2\/media\/41800"}],"wp:attachment":[{"href":"https:\/\/www.laguiadepamplona.com\/actualidad\/wp-json\/wp\/v2\/media?parent=41799"}],"wp:term":[{"taxonomy":"category","embeddable":true,"href":"https:\/\/www.laguiadepamplona.com\/actualidad\/wp-json\/wp\/v2\/categories?post=41799"},{"taxonomy":"post_tag","embeddable":true,"href":"https:\/\/www.laguiadepamplona.com\/actualidad\/wp-json\/wp\/v2\/tags?post=41799"}],"curies":[{"name":"wp","href":"https:\/\/api.w.org\/{rel}","templated":true}]}}