{"id":41793,"date":"2022-10-04T13:25:40","date_gmt":"2022-10-04T11:25:40","guid":{"rendered":"https:\/\/www.laguiadepamplona.com\/actualidad\/?p=41793"},"modified":"2023-04-11T11:47:46","modified_gmt":"2023-04-11T09:47:46","slug":"el-complejo-deportivo-aranzadi-propone-grupos-de-aquagym-iniciacion-e-intensivos-para-este-curso","status":"publish","type":"post","link":"https:\/\/www.laguiadepamplona.com\/actualidad\/el-complejo-deportivo-aranzadi-propone-grupos-de-aquagym-iniciacion-e-intensivos-para-este-curso\/","title":{"rendered":"El Complejo Deportivo Aranzadi propone grupos de aquagym iniciaci\u00f3n e intensivos para este curso"},"content":{"rendered":"<h5>El curso comenzar\u00e1 el 17 de octubre y las inscripciones pueden realizarse en las propias instalaciones deportivas<\/h5>\n<p><!--more--><\/p>\n<p>El Complejo Deportivo Aranzadi ha programado para este curso dos grupos de aquagym dirigidos a mayores de 18 a\u00f1os, uno de iniciaci\u00f3n y mantenimiento y otro intensivo. La actividad, abierta a socios y no socios, se desarrollar\u00e1 los lunes y mi\u00e9rcoles desde el 17 de octubre hasta el 31 de mayo. Las personas interesadas pueden inscribirse en las propias instalaciones (en la calle Vuelta de Aranzadi, s\/n) y a trav\u00e9s del tel\u00e9fono 948223002. Adem\u00e1s, se puede solicitar informaci\u00f3n por correo electr\u00f3nico en <a href=\"mailto:recepcionaranzadi@serveo.com\">recepcionaranzadi@serveo.com<\/a>.<br \/>\n<script async src=\"\/\/pagead2.googlesyndication.com\/pagead\/js\/adsbygoogle.js\"><\/script><br \/>\n<!-- Noticias La Guia de Pamplona --><br \/>\n<ins class=\"adsbygoogle\"\nstyle=\"display:block\"\ndata-ad-client=\"ca-pub-6943679897239327\"\ndata-ad-slot=\"7048180777\"\ndata-ad-format=\"auto\"><\/ins><br \/>\n<script>\n(adsbygoogle = window.adsbygoogle || []).push({});\n<\/script><\/p>\n<p>El grupo de iniciaci\u00f3n y mantenimiento se dar\u00e1 cita los lunes y mi\u00e9rcoles de 20 a 21 horas. Por su parte, el grupo de aquagym intensivo ser\u00e1 esos mismos d\u00edas de 19 a 20 horas. Las plazas se asignar\u00e1n por orden de inscripci\u00f3n hasta completar aforo.<\/p>\n<p>Esta actividad se suma al aquagym organizado en el Aquavox San Jorge. En este centro municipal los cursos se celebrar\u00e1n en horario de ma\u00f1ana y tarde, tambi\u00e9n de octubre a mayo, en clases de 45 minutos de duraci\u00f3n. El curso de ma\u00f1ana ser\u00e1 los lunes y mi\u00e9rcoles, de 9.15 a 10 horas. Y el de tardes, los martes y jueves, de 18.30 a 19.15 horas.\u00a0 Las personas interesadas deber\u00e1n formalizar la inscripci\u00f3n directamente en el Aquavox, o llamando al tel\u00e9fono 948287778.<\/p>\n<p>En ambos casos, el coste de la actividad es de 200 euros, que se abonar\u00e1n en dos pagos. No obstante, se han previsto descuentos del 50% para familias numerosas, miembros de familias monoparentales, personas en acogimiento familiar, emigrantes en exclusi\u00f3n social, personas con discapacidad, v\u00edctimas de terrorismo y v\u00edctimas de violencia de g\u00e9nero, previa presentaci\u00f3n de los correspondientes certificados.<br \/>\n<script async src=\"\/\/pagead2.googlesyndication.com\/pagead\/js\/adsbygoogle.js\"><\/script><br \/>\n<!-- Noticias La Guia de Pamplona --><br \/>\n<ins class=\"adsbygoogle\"\nstyle=\"display:block\"\ndata-ad-client=\"ca-pub-6943679897239327\"\ndata-ad-slot=\"7048180777\"\ndata-ad-format=\"auto\"><\/ins><br \/>\n<script>\n(adsbygoogle = window.adsbygoogle || []).push({});\n<\/script><\/p>\n<p>Aquagym es una actividad en el agua, acompa\u00f1ada de m\u00fasica, en la que cada persona marca la intensidad que puede aportar a los ejercicios marcados. Al realizarse en el agua, el trabajo tiene menor impacto en las articulaciones y facilita su ejecuci\u00f3n a personas de cualquier edad y condici\u00f3n f\u00edsica. La actividad, que busca mejorar la condici\u00f3n f\u00edsica con ejercicios de tonificaci\u00f3n y cardiovasculares en el agua.<\/p>\n","protected":false},"excerpt":{"rendered":"<p>El curso comenzar\u00e1 el 17 de octubre y las inscripciones pueden realizarse en las propias instalaciones deportivas<\/p>\n","protected":false},"author":1,"featured_media":41794,"comment_status":"open","ping_status":"closed","sticky":false,"template":"","format":"standard","meta":{"footnotes":""},"categories":[2],"tags":[],"class_list":["post-41793","post","type-post","status-publish","format-standard","has-post-thumbnail","hentry","category-ayuntamiento-pamplona"],"yoast_head":"<!-- This site is optimized with the Yoast SEO plugin v27.3 - https:\/\/yoast.com\/product\/yoast-seo-wordpress\/ -->\n<title>El Complejo Deportivo Aranzadi propone grupos de aquagym iniciaci\u00f3n e intensivos para este curso<\/title>\n<meta name=\"description\" content=\"El curso comenzar\u00e1 el 17 de octubre y las inscripciones pueden realizarse en las propias instalaciones deportivas\" \/>\n<meta name=\"robots\" content=\"index, follow, max-snippet:-1, max-image-preview:large, max-video-preview:-1\" \/>\n<link rel=\"canonical\" href=\"https:\/\/www.laguiadepamplona.com\/actualidad\/el-complejo-deportivo-aranzadi-propone-grupos-de-aquagym-iniciacion-e-intensivos-para-este-curso\/\" \/>\n<meta property=\"og:locale\" content=\"es_ES\" \/>\n<meta property=\"og:type\" content=\"article\" \/>\n<meta property=\"og:title\" content=\"El Complejo Deportivo Aranzadi propone grupos de aquagym iniciaci\u00f3n e intensivos para este curso\" \/>\n<meta property=\"og:description\" content=\"El curso comenzar\u00e1 el 17 de octubre y las inscripciones pueden realizarse en las propias instalaciones deportivas\" \/>\n<meta property=\"og:url\" content=\"https:\/\/www.laguiadepamplona.com\/actualidad\/el-complejo-deportivo-aranzadi-propone-grupos-de-aquagym-iniciacion-e-intensivos-para-este-curso\/\" \/>\n<meta property=\"og:site_name\" content=\"La Gu\u00eda de Pamplona\" \/>\n<meta property=\"article:publisher\" content=\"https:\/\/www.facebook.com\/laguiadepamplonacom-133175176762273\/?ref=hl\" \/>\n<meta property=\"article:published_time\" content=\"2022-10-04T11:25:40+00:00\" \/>\n<meta property=\"article:modified_time\" content=\"2023-04-11T09:47:46+00:00\" \/>\n<meta property=\"og:image\" content=\"https:\/\/www.laguiadepamplona.com\/actualidad\/wp-content\/uploads\/2022\/10\/piscina_interior_Aranzadi.webp\" \/>\n\t<meta property=\"og:image:width\" content=\"1920\" \/>\n\t<meta property=\"og:image:height\" content=\"1280\" \/>\n\t<meta property=\"og:image:type\" content=\"image\/webp\" \/>\n<meta name=\"author\" content=\"La Gu\u00eda de Pamplona\" \/>\n<meta name=\"twitter:card\" content=\"summary_large_image\" \/>\n<meta name=\"twitter:creator\" content=\"@LaGuiadPamplona\" \/>\n<meta name=\"twitter:site\" content=\"@LaGuiadPamplona\" \/>\n<meta name=\"twitter:label1\" content=\"Escrito por\" \/>\n\t<meta name=\"twitter:data1\" content=\"La Gu\u00eda de Pamplona\" \/>\n\t<meta name=\"twitter:label2\" content=\"Tiempo de lectura\" \/>\n\t<meta name=\"twitter:data2\" content=\"2 minutos\" \/>\n<script type=\"application\/ld+json\" class=\"yoast-schema-graph\">{\"@context\":\"https:\\\/\\\/schema.org\",\"@graph\":[{\"@type\":\"Article\",\"@id\":\"https:\\\/\\\/www.laguiadepamplona.com\\\/actualidad\\\/el-complejo-deportivo-aranzadi-propone-grupos-de-aquagym-iniciacion-e-intensivos-para-este-curso\\\/#article\",\"isPartOf\":{\"@id\":\"https:\\\/\\\/www.laguiadepamplona.com\\\/actualidad\\\/el-complejo-deportivo-aranzadi-propone-grupos-de-aquagym-iniciacion-e-intensivos-para-este-curso\\\/\"},\"author\":{\"name\":\"La Gu\u00eda de Pamplona\",\"@id\":\"https:\\\/\\\/www.laguiadepamplona.com\\\/actualidad\\\/#\\\/schema\\\/person\\\/efe887376f0213d4657c93adc50b1fdb\"},\"headline\":\"El Complejo Deportivo Aranzadi propone grupos de aquagym iniciaci\u00f3n e intensivos para este curso\",\"datePublished\":\"2022-10-04T11:25:40+00:00\",\"dateModified\":\"2023-04-11T09:47:46+00:00\",\"mainEntityOfPage\":{\"@id\":\"https:\\\/\\\/www.laguiadepamplona.com\\\/actualidad\\\/el-complejo-deportivo-aranzadi-propone-grupos-de-aquagym-iniciacion-e-intensivos-para-este-curso\\\/\"},\"wordCount\":390,\"commentCount\":0,\"publisher\":{\"@id\":\"https:\\\/\\\/www.laguiadepamplona.com\\\/actualidad\\\/#organization\"},\"image\":{\"@id\":\"https:\\\/\\\/www.laguiadepamplona.com\\\/actualidad\\\/el-complejo-deportivo-aranzadi-propone-grupos-de-aquagym-iniciacion-e-intensivos-para-este-curso\\\/#primaryimage\"},\"thumbnailUrl\":\"https:\\\/\\\/www.laguiadepamplona.com\\\/actualidad\\\/wp-content\\\/uploads\\\/2022\\\/10\\\/piscina_interior_Aranzadi.webp\",\"articleSection\":[\"Ayto Pamplona\"],\"inLanguage\":\"es\",\"potentialAction\":[{\"@type\":\"CommentAction\",\"name\":\"Comment\",\"target\":[\"https:\\\/\\\/www.laguiadepamplona.com\\\/actualidad\\\/el-complejo-deportivo-aranzadi-propone-grupos-de-aquagym-iniciacion-e-intensivos-para-este-curso\\\/#respond\"]}]},{\"@type\":\"WebPage\",\"@id\":\"https:\\\/\\\/www.laguiadepamplona.com\\\/actualidad\\\/el-complejo-deportivo-aranzadi-propone-grupos-de-aquagym-iniciacion-e-intensivos-para-este-curso\\\/\",\"url\":\"https:\\\/\\\/www.laguiadepamplona.com\\\/actualidad\\\/el-complejo-deportivo-aranzadi-propone-grupos-de-aquagym-iniciacion-e-intensivos-para-este-curso\\\/\",\"name\":\"El Complejo Deportivo Aranzadi propone grupos de aquagym iniciaci\u00f3n e intensivos para este curso\",\"isPartOf\":{\"@id\":\"https:\\\/\\\/www.laguiadepamplona.com\\\/actualidad\\\/#website\"},\"primaryImageOfPage\":{\"@id\":\"https:\\\/\\\/www.laguiadepamplona.com\\\/actualidad\\\/el-complejo-deportivo-aranzadi-propone-grupos-de-aquagym-iniciacion-e-intensivos-para-este-curso\\\/#primaryimage\"},\"image\":{\"@id\":\"https:\\\/\\\/www.laguiadepamplona.com\\\/actualidad\\\/el-complejo-deportivo-aranzadi-propone-grupos-de-aquagym-iniciacion-e-intensivos-para-este-curso\\\/#primaryimage\"},\"thumbnailUrl\":\"https:\\\/\\\/www.laguiadepamplona.com\\\/actualidad\\\/wp-content\\\/uploads\\\/2022\\\/10\\\/piscina_interior_Aranzadi.webp\",\"datePublished\":\"2022-10-04T11:25:40+00:00\",\"dateModified\":\"2023-04-11T09:47:46+00:00\",\"description\":\"El curso comenzar\u00e1 el 17 de octubre y las inscripciones pueden realizarse en las propias instalaciones deportivas\",\"breadcrumb\":{\"@id\":\"https:\\\/\\\/www.laguiadepamplona.com\\\/actualidad\\\/el-complejo-deportivo-aranzadi-propone-grupos-de-aquagym-iniciacion-e-intensivos-para-este-curso\\\/#breadcrumb\"},\"inLanguage\":\"es\",\"potentialAction\":[{\"@type\":\"ReadAction\",\"target\":[\"https:\\\/\\\/www.laguiadepamplona.com\\\/actualidad\\\/el-complejo-deportivo-aranzadi-propone-grupos-de-aquagym-iniciacion-e-intensivos-para-este-curso\\\/\"]}]},{\"@type\":\"ImageObject\",\"inLanguage\":\"es\",\"@id\":\"https:\\\/\\\/www.laguiadepamplona.com\\\/actualidad\\\/el-complejo-deportivo-aranzadi-propone-grupos-de-aquagym-iniciacion-e-intensivos-para-este-curso\\\/#primaryimage\",\"url\":\"https:\\\/\\\/www.laguiadepamplona.com\\\/actualidad\\\/wp-content\\\/uploads\\\/2022\\\/10\\\/piscina_interior_Aranzadi.webp\",\"contentUrl\":\"https:\\\/\\\/www.laguiadepamplona.com\\\/actualidad\\\/wp-content\\\/uploads\\\/2022\\\/10\\\/piscina_interior_Aranzadi.webp\",\"width\":1920,\"height\":1280},{\"@type\":\"BreadcrumbList\",\"@id\":\"https:\\\/\\\/www.laguiadepamplona.com\\\/actualidad\\\/el-complejo-deportivo-aranzadi-propone-grupos-de-aquagym-iniciacion-e-intensivos-para-este-curso\\\/#breadcrumb\",\"itemListElement\":[{\"@type\":\"ListItem\",\"position\":1,\"name\":\"Portada\",\"item\":\"https:\\\/\\\/www.laguiadepamplona.com\\\/actualidad\\\/\"},{\"@type\":\"ListItem\",\"position\":2,\"name\":\"El Complejo Deportivo Aranzadi propone grupos de aquagym iniciaci\u00f3n e intensivos para este curso\"}]},{\"@type\":\"WebSite\",\"@id\":\"https:\\\/\\\/www.laguiadepamplona.com\\\/actualidad\\\/#website\",\"url\":\"https:\\\/\\\/www.laguiadepamplona.com\\\/actualidad\\\/\",\"name\":\"La gu\u00eda de Pamplona\",\"description\":\"Noticias de Pamplona\",\"publisher\":{\"@id\":\"https:\\\/\\\/www.laguiadepamplona.com\\\/actualidad\\\/#organization\"},\"potentialAction\":[{\"@type\":\"SearchAction\",\"target\":{\"@type\":\"EntryPoint\",\"urlTemplate\":\"https:\\\/\\\/www.laguiadepamplona.com\\\/actualidad\\\/?s={search_term_string}\"},\"query-input\":{\"@type\":\"PropertyValueSpecification\",\"valueRequired\":true,\"valueName\":\"search_term_string\"}}],\"inLanguage\":\"es\"},{\"@type\":\"Organization\",\"@id\":\"https:\\\/\\\/www.laguiadepamplona.com\\\/actualidad\\\/#organization\",\"name\":\"La Gu\u00eda de Pamplona \\\/ Noticias\",\"url\":\"https:\\\/\\\/www.laguiadepamplona.com\\\/actualidad\\\/\",\"logo\":{\"@type\":\"ImageObject\",\"inLanguage\":\"es\",\"@id\":\"https:\\\/\\\/www.laguiadepamplona.com\\\/actualidad\\\/#\\\/schema\\\/logo\\\/image\\\/\",\"url\":\"https:\\\/\\\/www.laguiadepamplona.com\\\/actualidad\\\/wp-content\\\/uploads\\\/2018\\\/11\\\/logo-laguiadepamplona18-web1.png\",\"contentUrl\":\"https:\\\/\\\/www.laguiadepamplona.com\\\/actualidad\\\/wp-content\\\/uploads\\\/2018\\\/11\\\/logo-laguiadepamplona18-web1.png\",\"width\":600,\"height\":196,\"caption\":\"La Gu\u00eda de Pamplona \\\/ Noticias\"},\"image\":{\"@id\":\"https:\\\/\\\/www.laguiadepamplona.com\\\/actualidad\\\/#\\\/schema\\\/logo\\\/image\\\/\"},\"sameAs\":[\"https:\\\/\\\/www.facebook.com\\\/laguiadepamplonacom-133175176762273\\\/?ref=hl\",\"https:\\\/\\\/x.com\\\/LaGuiadPamplona\",\"https:\\\/\\\/www.instagram.com\\\/la_guia_de_pamplona\\\/\",\"https:\\\/\\\/www.youtube.com\\\/user\\\/laguiadepamplona\"]},{\"@type\":\"Person\",\"@id\":\"https:\\\/\\\/www.laguiadepamplona.com\\\/actualidad\\\/#\\\/schema\\\/person\\\/efe887376f0213d4657c93adc50b1fdb\",\"name\":\"La Gu\u00eda de Pamplona\",\"image\":{\"@type\":\"ImageObject\",\"inLanguage\":\"es\",\"@id\":\"https:\\\/\\\/secure.gravatar.com\\\/avatar\\\/b6992f131dc8d30ab0dff15446e9d346d9dbd95992de0fef795073f5ea83a81c?s=96&d=mm&r=g\",\"url\":\"https:\\\/\\\/secure.gravatar.com\\\/avatar\\\/b6992f131dc8d30ab0dff15446e9d346d9dbd95992de0fef795073f5ea83a81c?s=96&d=mm&r=g\",\"contentUrl\":\"https:\\\/\\\/secure.gravatar.com\\\/avatar\\\/b6992f131dc8d30ab0dff15446e9d346d9dbd95992de0fef795073f5ea83a81c?s=96&d=mm&r=g\",\"caption\":\"La Gu\u00eda de Pamplona\"}}]}<\/script>\n<!-- \/ Yoast SEO plugin. -->","yoast_head_json":{"title":"El Complejo Deportivo Aranzadi propone grupos de aquagym iniciaci\u00f3n e intensivos para este curso","description":"El curso comenzar\u00e1 el 17 de octubre y las inscripciones pueden realizarse en las propias instalaciones deportivas","robots":{"index":"index","follow":"follow","max-snippet":"max-snippet:-1","max-image-preview":"max-image-preview:large","max-video-preview":"max-video-preview:-1"},"canonical":"https:\/\/www.laguiadepamplona.com\/actualidad\/el-complejo-deportivo-aranzadi-propone-grupos-de-aquagym-iniciacion-e-intensivos-para-este-curso\/","og_locale":"es_ES","og_type":"article","og_title":"El Complejo Deportivo Aranzadi propone grupos de aquagym iniciaci\u00f3n e intensivos para este curso","og_description":"El curso comenzar\u00e1 el 17 de octubre y las inscripciones pueden realizarse en las propias instalaciones deportivas","og_url":"https:\/\/www.laguiadepamplona.com\/actualidad\/el-complejo-deportivo-aranzadi-propone-grupos-de-aquagym-iniciacion-e-intensivos-para-este-curso\/","og_site_name":"La Gu\u00eda de Pamplona","article_publisher":"https:\/\/www.facebook.com\/laguiadepamplonacom-133175176762273\/?ref=hl","article_published_time":"2022-10-04T11:25:40+00:00","article_modified_time":"2023-04-11T09:47:46+00:00","og_image":[{"width":1920,"height":1280,"url":"https:\/\/www.laguiadepamplona.com\/actualidad\/wp-content\/uploads\/2022\/10\/piscina_interior_Aranzadi.webp","type":"image\/webp"}],"author":"La Gu\u00eda de Pamplona","twitter_card":"summary_large_image","twitter_creator":"@LaGuiadPamplona","twitter_site":"@LaGuiadPamplona","twitter_misc":{"Escrito por":"La Gu\u00eda de Pamplona","Tiempo de lectura":"2 minutos"},"schema":{"@context":"https:\/\/schema.org","@graph":[{"@type":"Article","@id":"https:\/\/www.laguiadepamplona.com\/actualidad\/el-complejo-deportivo-aranzadi-propone-grupos-de-aquagym-iniciacion-e-intensivos-para-este-curso\/#article","isPartOf":{"@id":"https:\/\/www.laguiadepamplona.com\/actualidad\/el-complejo-deportivo-aranzadi-propone-grupos-de-aquagym-iniciacion-e-intensivos-para-este-curso\/"},"author":{"name":"La Gu\u00eda de Pamplona","@id":"https:\/\/www.laguiadepamplona.com\/actualidad\/#\/schema\/person\/efe887376f0213d4657c93adc50b1fdb"},"headline":"El Complejo Deportivo Aranzadi propone grupos de aquagym iniciaci\u00f3n e intensivos para este curso","datePublished":"2022-10-04T11:25:40+00:00","dateModified":"2023-04-11T09:47:46+00:00","mainEntityOfPage":{"@id":"https:\/\/www.laguiadepamplona.com\/actualidad\/el-complejo-deportivo-aranzadi-propone-grupos-de-aquagym-iniciacion-e-intensivos-para-este-curso\/"},"wordCount":390,"commentCount":0,"publisher":{"@id":"https:\/\/www.laguiadepamplona.com\/actualidad\/#organization"},"image":{"@id":"https:\/\/www.laguiadepamplona.com\/actualidad\/el-complejo-deportivo-aranzadi-propone-grupos-de-aquagym-iniciacion-e-intensivos-para-este-curso\/#primaryimage"},"thumbnailUrl":"https:\/\/www.laguiadepamplona.com\/actualidad\/wp-content\/uploads\/2022\/10\/piscina_interior_Aranzadi.webp","articleSection":["Ayto Pamplona"],"inLanguage":"es","potentialAction":[{"@type":"CommentAction","name":"Comment","target":["https:\/\/www.laguiadepamplona.com\/actualidad\/el-complejo-deportivo-aranzadi-propone-grupos-de-aquagym-iniciacion-e-intensivos-para-este-curso\/#respond"]}]},{"@type":"WebPage","@id":"https:\/\/www.laguiadepamplona.com\/actualidad\/el-complejo-deportivo-aranzadi-propone-grupos-de-aquagym-iniciacion-e-intensivos-para-este-curso\/","url":"https:\/\/www.laguiadepamplona.com\/actualidad\/el-complejo-deportivo-aranzadi-propone-grupos-de-aquagym-iniciacion-e-intensivos-para-este-curso\/","name":"El Complejo Deportivo Aranzadi propone grupos de aquagym iniciaci\u00f3n e intensivos para este curso","isPartOf":{"@id":"https:\/\/www.laguiadepamplona.com\/actualidad\/#website"},"primaryImageOfPage":{"@id":"https:\/\/www.laguiadepamplona.com\/actualidad\/el-complejo-deportivo-aranzadi-propone-grupos-de-aquagym-iniciacion-e-intensivos-para-este-curso\/#primaryimage"},"image":{"@id":"https:\/\/www.laguiadepamplona.com\/actualidad\/el-complejo-deportivo-aranzadi-propone-grupos-de-aquagym-iniciacion-e-intensivos-para-este-curso\/#primaryimage"},"thumbnailUrl":"https:\/\/www.laguiadepamplona.com\/actualidad\/wp-content\/uploads\/2022\/10\/piscina_interior_Aranzadi.webp","datePublished":"2022-10-04T11:25:40+00:00","dateModified":"2023-04-11T09:47:46+00:00","description":"El curso comenzar\u00e1 el 17 de octubre y las inscripciones pueden realizarse en las propias instalaciones deportivas","breadcrumb":{"@id":"https:\/\/www.laguiadepamplona.com\/actualidad\/el-complejo-deportivo-aranzadi-propone-grupos-de-aquagym-iniciacion-e-intensivos-para-este-curso\/#breadcrumb"},"inLanguage":"es","potentialAction":[{"@type":"ReadAction","target":["https:\/\/www.laguiadepamplona.com\/actualidad\/el-complejo-deportivo-aranzadi-propone-grupos-de-aquagym-iniciacion-e-intensivos-para-este-curso\/"]}]},{"@type":"ImageObject","inLanguage":"es","@id":"https:\/\/www.laguiadepamplona.com\/actualidad\/el-complejo-deportivo-aranzadi-propone-grupos-de-aquagym-iniciacion-e-intensivos-para-este-curso\/#primaryimage","url":"https:\/\/www.laguiadepamplona.com\/actualidad\/wp-content\/uploads\/2022\/10\/piscina_interior_Aranzadi.webp","contentUrl":"https:\/\/www.laguiadepamplona.com\/actualidad\/wp-content\/uploads\/2022\/10\/piscina_interior_Aranzadi.webp","width":1920,"height":1280},{"@type":"BreadcrumbList","@id":"https:\/\/www.laguiadepamplona.com\/actualidad\/el-complejo-deportivo-aranzadi-propone-grupos-de-aquagym-iniciacion-e-intensivos-para-este-curso\/#breadcrumb","itemListElement":[{"@type":"ListItem","position":1,"name":"Portada","item":"https:\/\/www.laguiadepamplona.com\/actualidad\/"},{"@type":"ListItem","position":2,"name":"El Complejo Deportivo Aranzadi propone grupos de aquagym iniciaci\u00f3n e intensivos para este curso"}]},{"@type":"WebSite","@id":"https:\/\/www.laguiadepamplona.com\/actualidad\/#website","url":"https:\/\/www.laguiadepamplona.com\/actualidad\/","name":"La gu\u00eda de Pamplona","description":"Noticias de Pamplona","publisher":{"@id":"https:\/\/www.laguiadepamplona.com\/actualidad\/#organization"},"potentialAction":[{"@type":"SearchAction","target":{"@type":"EntryPoint","urlTemplate":"https:\/\/www.laguiadepamplona.com\/actualidad\/?s={search_term_string}"},"query-input":{"@type":"PropertyValueSpecification","valueRequired":true,"valueName":"search_term_string"}}],"inLanguage":"es"},{"@type":"Organization","@id":"https:\/\/www.laguiadepamplona.com\/actualidad\/#organization","name":"La Gu\u00eda de Pamplona \/ Noticias","url":"https:\/\/www.laguiadepamplona.com\/actualidad\/","logo":{"@type":"ImageObject","inLanguage":"es","@id":"https:\/\/www.laguiadepamplona.com\/actualidad\/#\/schema\/logo\/image\/","url":"https:\/\/www.laguiadepamplona.com\/actualidad\/wp-content\/uploads\/2018\/11\/logo-laguiadepamplona18-web1.png","contentUrl":"https:\/\/www.laguiadepamplona.com\/actualidad\/wp-content\/uploads\/2018\/11\/logo-laguiadepamplona18-web1.png","width":600,"height":196,"caption":"La Gu\u00eda de Pamplona \/ Noticias"},"image":{"@id":"https:\/\/www.laguiadepamplona.com\/actualidad\/#\/schema\/logo\/image\/"},"sameAs":["https:\/\/www.facebook.com\/laguiadepamplonacom-133175176762273\/?ref=hl","https:\/\/x.com\/LaGuiadPamplona","https:\/\/www.instagram.com\/la_guia_de_pamplona\/","https:\/\/www.youtube.com\/user\/laguiadepamplona"]},{"@type":"Person","@id":"https:\/\/www.laguiadepamplona.com\/actualidad\/#\/schema\/person\/efe887376f0213d4657c93adc50b1fdb","name":"La Gu\u00eda de Pamplona","image":{"@type":"ImageObject","inLanguage":"es","@id":"https:\/\/secure.gravatar.com\/avatar\/b6992f131dc8d30ab0dff15446e9d346d9dbd95992de0fef795073f5ea83a81c?s=96&d=mm&r=g","url":"https:\/\/secure.gravatar.com\/avatar\/b6992f131dc8d30ab0dff15446e9d346d9dbd95992de0fef795073f5ea83a81c?s=96&d=mm&r=g","contentUrl":"https:\/\/secure.gravatar.com\/avatar\/b6992f131dc8d30ab0dff15446e9d346d9dbd95992de0fef795073f5ea83a81c?s=96&d=mm&r=g","caption":"La Gu\u00eda de Pamplona"}}]}},"post_mailing_queue_ids":[],"_links":{"self":[{"href":"https:\/\/www.laguiadepamplona.com\/actualidad\/wp-json\/wp\/v2\/posts\/41793","targetHints":{"allow":["GET"]}}],"collection":[{"href":"https:\/\/www.laguiadepamplona.com\/actualidad\/wp-json\/wp\/v2\/posts"}],"about":[{"href":"https:\/\/www.laguiadepamplona.com\/actualidad\/wp-json\/wp\/v2\/types\/post"}],"author":[{"embeddable":true,"href":"https:\/\/www.laguiadepamplona.com\/actualidad\/wp-json\/wp\/v2\/users\/1"}],"replies":[{"embeddable":true,"href":"https:\/\/www.laguiadepamplona.com\/actualidad\/wp-json\/wp\/v2\/comments?post=41793"}],"version-history":[{"count":0,"href":"https:\/\/www.laguiadepamplona.com\/actualidad\/wp-json\/wp\/v2\/posts\/41793\/revisions"}],"wp:featuredmedia":[{"embeddable":true,"href":"https:\/\/www.laguiadepamplona.com\/actualidad\/wp-json\/wp\/v2\/media\/41794"}],"wp:attachment":[{"href":"https:\/\/www.laguiadepamplona.com\/actualidad\/wp-json\/wp\/v2\/media?parent=41793"}],"wp:term":[{"taxonomy":"category","embeddable":true,"href":"https:\/\/www.laguiadepamplona.com\/actualidad\/wp-json\/wp\/v2\/categories?post=41793"},{"taxonomy":"post_tag","embeddable":true,"href":"https:\/\/www.laguiadepamplona.com\/actualidad\/wp-json\/wp\/v2\/tags?post=41793"}],"curies":[{"name":"wp","href":"https:\/\/api.w.org\/{rel}","templated":true}]}}