{"id":41789,"date":"2022-10-04T13:14:36","date_gmt":"2022-10-04T11:14:36","guid":{"rendered":"https:\/\/www.laguiadepamplona.com\/actualidad\/?p=41789"},"modified":"2023-04-11T11:47:46","modified_gmt":"2023-04-11T09:47:46","slug":"el-pleno-debatira-el-jueves-modificaciones-al-presupuesto-municipal-por-valor-de-31-millones-de-euros-para-proyectos-next-generation-y-para-retribuciones-de-personal","status":"publish","type":"post","link":"https:\/\/www.laguiadepamplona.com\/actualidad\/el-pleno-debatira-el-jueves-modificaciones-al-presupuesto-municipal-por-valor-de-31-millones-de-euros-para-proyectos-next-generation-y-para-retribuciones-de-personal\/","title":{"rendered":"El Pleno debatir\u00e1 el jueves modificaciones al presupuesto municipal por valor de 3,1 millones de euros para proyectos Next Generation y para retribuciones de personal"},"content":{"rendered":"<h5>Los seis expedientes que recogen esas modificaciones presupuestarias se han conocido esta ma\u00f1ana en la Comisi\u00f3n de Presidencia<\/h5>\n<p><!--more--><\/p>\n<p>La Comisi\u00f3n de Presidencia del Ayuntamiento de Pamplona ha conocido esta ma\u00f1ana seis expedientes de modificaciones presupuestarias que se debatir\u00e1n en el Pleno del pr\u00f3ximo 6 de octubre. Esas modificaciones se cuantifican en 3,1 millones de euros e incluyen proyectos financiados con subvenciones europeas Next Generation EU, retribuciones de personal sufragadas con subvenciones del Gobierno de Navarra, as\u00ed como ampliaciones de cr\u00e9dito, nuevos conceptos presupuestarios y cambios t\u00e9cnicos en partidas.<br \/>\n<script async src=\"\/\/pagead2.googlesyndication.com\/pagead\/js\/adsbygoogle.js\"><\/script><br \/>\n<!-- Noticias La Guia de Pamplona --><br \/>\n<ins class=\"adsbygoogle\"\nstyle=\"display:block\"\ndata-ad-client=\"ca-pub-6943679897239327\"\ndata-ad-slot=\"7048180777\"\ndata-ad-format=\"auto\"><\/ins><br \/>\n<script>\n(adsbygoogle = window.adsbygoogle || []).push({});\n<\/script><\/p>\n<p>La mayor modificaci\u00f3n tiene que ver con la generaci\u00f3n de cr\u00e9dito para partidas del cap\u00edtulo 1, gastos de personal, de empleados, empleadas y pensionistas. Se trata de 2.677.391,24 euros que se financian con cargo a subvenciones corrientes del Gobierno de Navarra. Un total de 1.850.164,90 euros se corresponden con retribuciones b\u00e1sicas del personal laboral eventual de Empleo Social Protegido, 451.514,83 euros para la financiaci\u00f3n para pensiones y asistencia de los montep\u00edos y 375.711,51 euros para retribuciones b\u00e1sicas de personal de la Escuela de M\u00fasica Joaqu\u00edn Maya.<\/p>\n<p>Un segundo expediente incluye una modificaci\u00f3n presupuestaria de 326.949,45 euros para inversiones destinadas a la modernizaci\u00f3n digital de los servicios sociales de base. Ese proyecto cuenta con financiaci\u00f3n de los fondos Next Generation EU, a trav\u00e9s del Plan de Recuperaci\u00f3n, Transformaci\u00f3n y Resiliencia (PRTR) del Gobierno de Espa\u00f1a. Se prev\u00e9n inversiones en elementos de soporte f\u00edsico de sus sistemas inform\u00e1ticos.<\/p>\n<p>Una tercera modificaci\u00f3n cuantifica en 120.523,15 euros el cr\u00e9dito necesario para la realizaci\u00f3n del proyecto AUNA \u2013 Itinerarios integrados de inclusi\u00f3n, financiado con fondos Next Generation EU, en concreto, para la contrataci\u00f3n de cinco profesionales a la que se comprometi\u00f3 el Ayuntamiento de Pamplona. Se trata de un proyecto de innovaci\u00f3n social y de car\u00e1cter experimental, que se implementa sobre la puesta en marcha de una serie de paquetes de trabajo para abordar la integraci\u00f3n de servicios y de todos los componentes de los itinerarios de inclusi\u00f3n social y laboral.<br \/>\n<script async src=\"\/\/pagead2.googlesyndication.com\/pagead\/js\/adsbygoogle.js\"><\/script><br \/>\n<!-- Noticias La Guia de Pamplona --><br \/>\n<ins class=\"adsbygoogle\"\nstyle=\"display:block\"\ndata-ad-client=\"ca-pub-6943679897239327\"\ndata-ad-slot=\"7048180777\"\ndata-ad-format=\"auto\"><\/ins><br \/>\n<script>\n(adsbygoogle = window.adsbygoogle || []).push({});\n<\/script><\/p>\n<p><strong>Nuevas obras en colegios p\u00fablicos<\/strong><\/p>\n<p>En febrero, el Pleno del Ayuntamiento de Pamplona aprob\u00f3 una partida de 1,9 millones de euros para obras en colegios p\u00fablicos. Las obras previstas ya se han terminado con un sobrante de 263.593,73 euros debido a las bajas en las licitaciones de las diferentes actuaciones. La modificaci\u00f3n que se propone pretende cambiar conceptos e importes para incluir m\u00e1s obras en otros centros p\u00fablicos. Se incluyen 35.000 euros para la creaci\u00f3n de aulas IkasNOVA en San Francisco, Mendigoiti y Do\u00f1a Mayor; 40.000 euros para la sustituci\u00f3n del suelo del gimnasio de la ikastola Amaiur; y 22.000 euros para obras menores (cambio de suelo de un aula, cambio de nueve ventanas o dos nuevas puertas para comunicar dos aulas) en Garc\u00eda Galdeano.<\/p>\n<p>La quinta modificaci\u00f3n afecta a las bases de ejecuci\u00f3n del presupuesto 2022 y pretende establecer un mecanismo para solventar la necesidad de cr\u00e9dito por el incremento del coste de las notificaciones de Seguridad Ciudadana. La dificultad de cuantificar de forma exacta esa necesidad, que a d\u00eda de hoy es incluso mayor que la cuantificada en el mes de junio, ha llevado al Ayuntamiento de Pamplona a proponer que las partidas de gasto de notificaciones se consideren ampliables, vinculadas a una partida de ingresos. Es decir, con esta soluci\u00f3n el gasto en notificaciones se vincula a los ingresos de las propias multas. De esta manera, se permite una adecuaci\u00f3n m\u00e1s \u00e1gil y r\u00e1pida de las consignaciones presupuestarias al gasto real.<br \/>\n<script async src=\"\/\/pagead2.googlesyndication.com\/pagead\/js\/adsbygoogle.js\"><\/script><br \/>\n<!-- Noticias La Guia de Pamplona --><br \/>\n<ins class=\"adsbygoogle\"\nstyle=\"display:block\"\ndata-ad-client=\"ca-pub-6943679897239327\"\ndata-ad-slot=\"7048180777\"\ndata-ad-format=\"auto\"><\/ins><br \/>\n<script>\n(adsbygoogle = window.adsbygoogle || []).push({});\n<\/script><\/p>\n<p>Por \u00faltimo, se modifica el c\u00f3digo econ\u00f3mico de una partida aprobada en junio relativa a cooperaci\u00f3n al desarrollo. El incremento de 100.000 euros aprobado no puede emplearse en la partida a la que asign\u00f3. Para poder superar esa limitaci\u00f3n, se propone una modificaci\u00f3n t\u00e9cnica en el c\u00f3digo econ\u00f3mico de la aplicaci\u00f3n presupuestaria para pasar de transferencia a instituciones (71\/23930\/482090) a transferencia al exterior (490000).<\/p>\n","protected":false},"excerpt":{"rendered":"<p>Los seis expedientes que recogen esas modificaciones presupuestarias se han conocido esta ma\u00f1ana en la Comisi\u00f3n de Presidencia<\/p>\n","protected":false},"author":1,"featured_media":38526,"comment_status":"open","ping_status":"closed","sticky":false,"template":"","format":"standard","meta":{"footnotes":""},"categories":[2],"tags":[],"class_list":["post-41789","post","type-post","status-publish","format-standard","has-post-thumbnail","hentry","category-ayuntamiento-pamplona"],"yoast_head":"<!-- This site is optimized with the Yoast SEO plugin v27.3 - https:\/\/yoast.com\/product\/yoast-seo-wordpress\/ -->\n<title>El Pleno debatir\u00e1 el jueves modificaciones al presupuesto municipal por valor de 3,1 millones de euros para proyectos Next Generation y para retribuciones de personal<\/title>\n<meta name=\"description\" content=\"Los seis expedientes que recogen esas modificaciones presupuestarias se han conocido esta ma\u00f1ana en la Comisi\u00f3n de Presidencia\" \/>\n<meta name=\"robots\" content=\"index, follow, max-snippet:-1, max-image-preview:large, max-video-preview:-1\" \/>\n<link rel=\"canonical\" href=\"https:\/\/www.laguiadepamplona.com\/actualidad\/el-pleno-debatira-el-jueves-modificaciones-al-presupuesto-municipal-por-valor-de-31-millones-de-euros-para-proyectos-next-generation-y-para-retribuciones-de-personal\/\" \/>\n<meta property=\"og:locale\" content=\"es_ES\" \/>\n<meta property=\"og:type\" content=\"article\" \/>\n<meta property=\"og:title\" content=\"El Pleno debatir\u00e1 el jueves modificaciones al presupuesto municipal por valor de 3,1 millones de euros para proyectos Next Generation y para retribuciones de personal\" \/>\n<meta property=\"og:description\" content=\"Los seis expedientes que recogen esas modificaciones presupuestarias se han conocido esta ma\u00f1ana en la Comisi\u00f3n de Presidencia\" \/>\n<meta property=\"og:url\" content=\"https:\/\/www.laguiadepamplona.com\/actualidad\/el-pleno-debatira-el-jueves-modificaciones-al-presupuesto-municipal-por-valor-de-31-millones-de-euros-para-proyectos-next-generation-y-para-retribuciones-de-personal\/\" \/>\n<meta property=\"og:site_name\" content=\"La Gu\u00eda de Pamplona\" \/>\n<meta property=\"article:publisher\" content=\"https:\/\/www.facebook.com\/laguiadepamplonacom-133175176762273\/?ref=hl\" \/>\n<meta property=\"article:published_time\" content=\"2022-10-04T11:14:36+00:00\" \/>\n<meta property=\"article:modified_time\" content=\"2023-04-11T09:47:46+00:00\" \/>\n<meta property=\"og:image\" content=\"https:\/\/www.laguiadepamplona.com\/actualidad\/wp-content\/uploads\/2022\/02\/pleno-ayuntamiento.jpg\" \/>\n\t<meta property=\"og:image:width\" content=\"1920\" \/>\n\t<meta property=\"og:image:height\" content=\"1280\" \/>\n\t<meta property=\"og:image:type\" content=\"image\/jpeg\" \/>\n<meta name=\"author\" content=\"La Gu\u00eda de Pamplona\" \/>\n<meta name=\"twitter:card\" content=\"summary_large_image\" \/>\n<meta name=\"twitter:creator\" content=\"@LaGuiadPamplona\" \/>\n<meta name=\"twitter:site\" content=\"@LaGuiadPamplona\" \/>\n<meta name=\"twitter:label1\" content=\"Escrito por\" \/>\n\t<meta name=\"twitter:data1\" content=\"La Gu\u00eda de Pamplona\" \/>\n\t<meta name=\"twitter:label2\" content=\"Tiempo de lectura\" \/>\n\t<meta name=\"twitter:data2\" content=\"3 minutos\" \/>\n<script type=\"application\/ld+json\" class=\"yoast-schema-graph\">{\"@context\":\"https:\\\/\\\/schema.org\",\"@graph\":[{\"@type\":\"Article\",\"@id\":\"https:\\\/\\\/www.laguiadepamplona.com\\\/actualidad\\\/el-pleno-debatira-el-jueves-modificaciones-al-presupuesto-municipal-por-valor-de-31-millones-de-euros-para-proyectos-next-generation-y-para-retribuciones-de-personal\\\/#article\",\"isPartOf\":{\"@id\":\"https:\\\/\\\/www.laguiadepamplona.com\\\/actualidad\\\/el-pleno-debatira-el-jueves-modificaciones-al-presupuesto-municipal-por-valor-de-31-millones-de-euros-para-proyectos-next-generation-y-para-retribuciones-de-personal\\\/\"},\"author\":{\"name\":\"La Gu\u00eda de Pamplona\",\"@id\":\"https:\\\/\\\/www.laguiadepamplona.com\\\/actualidad\\\/#\\\/schema\\\/person\\\/efe887376f0213d4657c93adc50b1fdb\"},\"headline\":\"El Pleno debatir\u00e1 el jueves modificaciones al presupuesto municipal por valor de 3,1 millones de euros para proyectos Next Generation y para retribuciones de personal\",\"datePublished\":\"2022-10-04T11:14:36+00:00\",\"dateModified\":\"2023-04-11T09:47:46+00:00\",\"mainEntityOfPage\":{\"@id\":\"https:\\\/\\\/www.laguiadepamplona.com\\\/actualidad\\\/el-pleno-debatira-el-jueves-modificaciones-al-presupuesto-municipal-por-valor-de-31-millones-de-euros-para-proyectos-next-generation-y-para-retribuciones-de-personal\\\/\"},\"wordCount\":700,\"commentCount\":0,\"publisher\":{\"@id\":\"https:\\\/\\\/www.laguiadepamplona.com\\\/actualidad\\\/#organization\"},\"image\":{\"@id\":\"https:\\\/\\\/www.laguiadepamplona.com\\\/actualidad\\\/el-pleno-debatira-el-jueves-modificaciones-al-presupuesto-municipal-por-valor-de-31-millones-de-euros-para-proyectos-next-generation-y-para-retribuciones-de-personal\\\/#primaryimage\"},\"thumbnailUrl\":\"https:\\\/\\\/www.laguiadepamplona.com\\\/actualidad\\\/wp-content\\\/uploads\\\/2022\\\/02\\\/pleno-ayuntamiento.jpg\",\"articleSection\":[\"Ayto Pamplona\"],\"inLanguage\":\"es\",\"potentialAction\":[{\"@type\":\"CommentAction\",\"name\":\"Comment\",\"target\":[\"https:\\\/\\\/www.laguiadepamplona.com\\\/actualidad\\\/el-pleno-debatira-el-jueves-modificaciones-al-presupuesto-municipal-por-valor-de-31-millones-de-euros-para-proyectos-next-generation-y-para-retribuciones-de-personal\\\/#respond\"]}]},{\"@type\":\"WebPage\",\"@id\":\"https:\\\/\\\/www.laguiadepamplona.com\\\/actualidad\\\/el-pleno-debatira-el-jueves-modificaciones-al-presupuesto-municipal-por-valor-de-31-millones-de-euros-para-proyectos-next-generation-y-para-retribuciones-de-personal\\\/\",\"url\":\"https:\\\/\\\/www.laguiadepamplona.com\\\/actualidad\\\/el-pleno-debatira-el-jueves-modificaciones-al-presupuesto-municipal-por-valor-de-31-millones-de-euros-para-proyectos-next-generation-y-para-retribuciones-de-personal\\\/\",\"name\":\"El Pleno debatir\u00e1 el jueves modificaciones al presupuesto municipal por valor de 3,1 millones de euros para proyectos Next Generation y para retribuciones de personal\",\"isPartOf\":{\"@id\":\"https:\\\/\\\/www.laguiadepamplona.com\\\/actualidad\\\/#website\"},\"primaryImageOfPage\":{\"@id\":\"https:\\\/\\\/www.laguiadepamplona.com\\\/actualidad\\\/el-pleno-debatira-el-jueves-modificaciones-al-presupuesto-municipal-por-valor-de-31-millones-de-euros-para-proyectos-next-generation-y-para-retribuciones-de-personal\\\/#primaryimage\"},\"image\":{\"@id\":\"https:\\\/\\\/www.laguiadepamplona.com\\\/actualidad\\\/el-pleno-debatira-el-jueves-modificaciones-al-presupuesto-municipal-por-valor-de-31-millones-de-euros-para-proyectos-next-generation-y-para-retribuciones-de-personal\\\/#primaryimage\"},\"thumbnailUrl\":\"https:\\\/\\\/www.laguiadepamplona.com\\\/actualidad\\\/wp-content\\\/uploads\\\/2022\\\/02\\\/pleno-ayuntamiento.jpg\",\"datePublished\":\"2022-10-04T11:14:36+00:00\",\"dateModified\":\"2023-04-11T09:47:46+00:00\",\"description\":\"Los seis expedientes que recogen esas modificaciones presupuestarias se han conocido esta ma\u00f1ana en la Comisi\u00f3n de Presidencia\",\"breadcrumb\":{\"@id\":\"https:\\\/\\\/www.laguiadepamplona.com\\\/actualidad\\\/el-pleno-debatira-el-jueves-modificaciones-al-presupuesto-municipal-por-valor-de-31-millones-de-euros-para-proyectos-next-generation-y-para-retribuciones-de-personal\\\/#breadcrumb\"},\"inLanguage\":\"es\",\"potentialAction\":[{\"@type\":\"ReadAction\",\"target\":[\"https:\\\/\\\/www.laguiadepamplona.com\\\/actualidad\\\/el-pleno-debatira-el-jueves-modificaciones-al-presupuesto-municipal-por-valor-de-31-millones-de-euros-para-proyectos-next-generation-y-para-retribuciones-de-personal\\\/\"]}]},{\"@type\":\"ImageObject\",\"inLanguage\":\"es\",\"@id\":\"https:\\\/\\\/www.laguiadepamplona.com\\\/actualidad\\\/el-pleno-debatira-el-jueves-modificaciones-al-presupuesto-municipal-por-valor-de-31-millones-de-euros-para-proyectos-next-generation-y-para-retribuciones-de-personal\\\/#primaryimage\",\"url\":\"https:\\\/\\\/www.laguiadepamplona.com\\\/actualidad\\\/wp-content\\\/uploads\\\/2022\\\/02\\\/pleno-ayuntamiento.jpg\",\"contentUrl\":\"https:\\\/\\\/www.laguiadepamplona.com\\\/actualidad\\\/wp-content\\\/uploads\\\/2022\\\/02\\\/pleno-ayuntamiento.jpg\",\"width\":1920,\"height\":1280},{\"@type\":\"BreadcrumbList\",\"@id\":\"https:\\\/\\\/www.laguiadepamplona.com\\\/actualidad\\\/el-pleno-debatira-el-jueves-modificaciones-al-presupuesto-municipal-por-valor-de-31-millones-de-euros-para-proyectos-next-generation-y-para-retribuciones-de-personal\\\/#breadcrumb\",\"itemListElement\":[{\"@type\":\"ListItem\",\"position\":1,\"name\":\"Portada\",\"item\":\"https:\\\/\\\/www.laguiadepamplona.com\\\/actualidad\\\/\"},{\"@type\":\"ListItem\",\"position\":2,\"name\":\"El Pleno debatir\u00e1 el jueves modificaciones al presupuesto municipal por valor de 3,1 millones de euros para proyectos Next Generation y para retribuciones de personal\"}]},{\"@type\":\"WebSite\",\"@id\":\"https:\\\/\\\/www.laguiadepamplona.com\\\/actualidad\\\/#website\",\"url\":\"https:\\\/\\\/www.laguiadepamplona.com\\\/actualidad\\\/\",\"name\":\"La gu\u00eda de Pamplona\",\"description\":\"Noticias de Pamplona\",\"publisher\":{\"@id\":\"https:\\\/\\\/www.laguiadepamplona.com\\\/actualidad\\\/#organization\"},\"potentialAction\":[{\"@type\":\"SearchAction\",\"target\":{\"@type\":\"EntryPoint\",\"urlTemplate\":\"https:\\\/\\\/www.laguiadepamplona.com\\\/actualidad\\\/?s={search_term_string}\"},\"query-input\":{\"@type\":\"PropertyValueSpecification\",\"valueRequired\":true,\"valueName\":\"search_term_string\"}}],\"inLanguage\":\"es\"},{\"@type\":\"Organization\",\"@id\":\"https:\\\/\\\/www.laguiadepamplona.com\\\/actualidad\\\/#organization\",\"name\":\"La Gu\u00eda de Pamplona \\\/ Noticias\",\"url\":\"https:\\\/\\\/www.laguiadepamplona.com\\\/actualidad\\\/\",\"logo\":{\"@type\":\"ImageObject\",\"inLanguage\":\"es\",\"@id\":\"https:\\\/\\\/www.laguiadepamplona.com\\\/actualidad\\\/#\\\/schema\\\/logo\\\/image\\\/\",\"url\":\"https:\\\/\\\/www.laguiadepamplona.com\\\/actualidad\\\/wp-content\\\/uploads\\\/2018\\\/11\\\/logo-laguiadepamplona18-web1.png\",\"contentUrl\":\"https:\\\/\\\/www.laguiadepamplona.com\\\/actualidad\\\/wp-content\\\/uploads\\\/2018\\\/11\\\/logo-laguiadepamplona18-web1.png\",\"width\":600,\"height\":196,\"caption\":\"La Gu\u00eda de Pamplona \\\/ Noticias\"},\"image\":{\"@id\":\"https:\\\/\\\/www.laguiadepamplona.com\\\/actualidad\\\/#\\\/schema\\\/logo\\\/image\\\/\"},\"sameAs\":[\"https:\\\/\\\/www.facebook.com\\\/laguiadepamplonacom-133175176762273\\\/?ref=hl\",\"https:\\\/\\\/x.com\\\/LaGuiadPamplona\",\"https:\\\/\\\/www.instagram.com\\\/la_guia_de_pamplona\\\/\",\"https:\\\/\\\/www.youtube.com\\\/user\\\/laguiadepamplona\"]},{\"@type\":\"Person\",\"@id\":\"https:\\\/\\\/www.laguiadepamplona.com\\\/actualidad\\\/#\\\/schema\\\/person\\\/efe887376f0213d4657c93adc50b1fdb\",\"name\":\"La Gu\u00eda de Pamplona\",\"image\":{\"@type\":\"ImageObject\",\"inLanguage\":\"es\",\"@id\":\"https:\\\/\\\/secure.gravatar.com\\\/avatar\\\/b6992f131dc8d30ab0dff15446e9d346d9dbd95992de0fef795073f5ea83a81c?s=96&d=mm&r=g\",\"url\":\"https:\\\/\\\/secure.gravatar.com\\\/avatar\\\/b6992f131dc8d30ab0dff15446e9d346d9dbd95992de0fef795073f5ea83a81c?s=96&d=mm&r=g\",\"contentUrl\":\"https:\\\/\\\/secure.gravatar.com\\\/avatar\\\/b6992f131dc8d30ab0dff15446e9d346d9dbd95992de0fef795073f5ea83a81c?s=96&d=mm&r=g\",\"caption\":\"La Gu\u00eda de Pamplona\"}}]}<\/script>\n<!-- \/ Yoast SEO plugin. -->","yoast_head_json":{"title":"El Pleno debatir\u00e1 el jueves modificaciones al presupuesto municipal por valor de 3,1 millones de euros para proyectos Next Generation y para retribuciones de personal","description":"Los seis expedientes que recogen esas modificaciones presupuestarias se han conocido esta ma\u00f1ana en la Comisi\u00f3n de Presidencia","robots":{"index":"index","follow":"follow","max-snippet":"max-snippet:-1","max-image-preview":"max-image-preview:large","max-video-preview":"max-video-preview:-1"},"canonical":"https:\/\/www.laguiadepamplona.com\/actualidad\/el-pleno-debatira-el-jueves-modificaciones-al-presupuesto-municipal-por-valor-de-31-millones-de-euros-para-proyectos-next-generation-y-para-retribuciones-de-personal\/","og_locale":"es_ES","og_type":"article","og_title":"El Pleno debatir\u00e1 el jueves modificaciones al presupuesto municipal por valor de 3,1 millones de euros para proyectos Next Generation y para retribuciones de personal","og_description":"Los seis expedientes que recogen esas modificaciones presupuestarias se han conocido esta ma\u00f1ana en la Comisi\u00f3n de Presidencia","og_url":"https:\/\/www.laguiadepamplona.com\/actualidad\/el-pleno-debatira-el-jueves-modificaciones-al-presupuesto-municipal-por-valor-de-31-millones-de-euros-para-proyectos-next-generation-y-para-retribuciones-de-personal\/","og_site_name":"La Gu\u00eda de Pamplona","article_publisher":"https:\/\/www.facebook.com\/laguiadepamplonacom-133175176762273\/?ref=hl","article_published_time":"2022-10-04T11:14:36+00:00","article_modified_time":"2023-04-11T09:47:46+00:00","og_image":[{"width":1920,"height":1280,"url":"https:\/\/www.laguiadepamplona.com\/actualidad\/wp-content\/uploads\/2022\/02\/pleno-ayuntamiento.jpg","type":"image\/jpeg"}],"author":"La Gu\u00eda de Pamplona","twitter_card":"summary_large_image","twitter_creator":"@LaGuiadPamplona","twitter_site":"@LaGuiadPamplona","twitter_misc":{"Escrito por":"La Gu\u00eda de Pamplona","Tiempo de lectura":"3 minutos"},"schema":{"@context":"https:\/\/schema.org","@graph":[{"@type":"Article","@id":"https:\/\/www.laguiadepamplona.com\/actualidad\/el-pleno-debatira-el-jueves-modificaciones-al-presupuesto-municipal-por-valor-de-31-millones-de-euros-para-proyectos-next-generation-y-para-retribuciones-de-personal\/#article","isPartOf":{"@id":"https:\/\/www.laguiadepamplona.com\/actualidad\/el-pleno-debatira-el-jueves-modificaciones-al-presupuesto-municipal-por-valor-de-31-millones-de-euros-para-proyectos-next-generation-y-para-retribuciones-de-personal\/"},"author":{"name":"La Gu\u00eda de Pamplona","@id":"https:\/\/www.laguiadepamplona.com\/actualidad\/#\/schema\/person\/efe887376f0213d4657c93adc50b1fdb"},"headline":"El Pleno debatir\u00e1 el jueves modificaciones al presupuesto municipal por valor de 3,1 millones de euros para proyectos Next Generation y para retribuciones de personal","datePublished":"2022-10-04T11:14:36+00:00","dateModified":"2023-04-11T09:47:46+00:00","mainEntityOfPage":{"@id":"https:\/\/www.laguiadepamplona.com\/actualidad\/el-pleno-debatira-el-jueves-modificaciones-al-presupuesto-municipal-por-valor-de-31-millones-de-euros-para-proyectos-next-generation-y-para-retribuciones-de-personal\/"},"wordCount":700,"commentCount":0,"publisher":{"@id":"https:\/\/www.laguiadepamplona.com\/actualidad\/#organization"},"image":{"@id":"https:\/\/www.laguiadepamplona.com\/actualidad\/el-pleno-debatira-el-jueves-modificaciones-al-presupuesto-municipal-por-valor-de-31-millones-de-euros-para-proyectos-next-generation-y-para-retribuciones-de-personal\/#primaryimage"},"thumbnailUrl":"https:\/\/www.laguiadepamplona.com\/actualidad\/wp-content\/uploads\/2022\/02\/pleno-ayuntamiento.jpg","articleSection":["Ayto Pamplona"],"inLanguage":"es","potentialAction":[{"@type":"CommentAction","name":"Comment","target":["https:\/\/www.laguiadepamplona.com\/actualidad\/el-pleno-debatira-el-jueves-modificaciones-al-presupuesto-municipal-por-valor-de-31-millones-de-euros-para-proyectos-next-generation-y-para-retribuciones-de-personal\/#respond"]}]},{"@type":"WebPage","@id":"https:\/\/www.laguiadepamplona.com\/actualidad\/el-pleno-debatira-el-jueves-modificaciones-al-presupuesto-municipal-por-valor-de-31-millones-de-euros-para-proyectos-next-generation-y-para-retribuciones-de-personal\/","url":"https:\/\/www.laguiadepamplona.com\/actualidad\/el-pleno-debatira-el-jueves-modificaciones-al-presupuesto-municipal-por-valor-de-31-millones-de-euros-para-proyectos-next-generation-y-para-retribuciones-de-personal\/","name":"El Pleno debatir\u00e1 el jueves modificaciones al presupuesto municipal por valor de 3,1 millones de euros para proyectos Next Generation y para retribuciones de personal","isPartOf":{"@id":"https:\/\/www.laguiadepamplona.com\/actualidad\/#website"},"primaryImageOfPage":{"@id":"https:\/\/www.laguiadepamplona.com\/actualidad\/el-pleno-debatira-el-jueves-modificaciones-al-presupuesto-municipal-por-valor-de-31-millones-de-euros-para-proyectos-next-generation-y-para-retribuciones-de-personal\/#primaryimage"},"image":{"@id":"https:\/\/www.laguiadepamplona.com\/actualidad\/el-pleno-debatira-el-jueves-modificaciones-al-presupuesto-municipal-por-valor-de-31-millones-de-euros-para-proyectos-next-generation-y-para-retribuciones-de-personal\/#primaryimage"},"thumbnailUrl":"https:\/\/www.laguiadepamplona.com\/actualidad\/wp-content\/uploads\/2022\/02\/pleno-ayuntamiento.jpg","datePublished":"2022-10-04T11:14:36+00:00","dateModified":"2023-04-11T09:47:46+00:00","description":"Los seis expedientes que recogen esas modificaciones presupuestarias se han conocido esta ma\u00f1ana en la Comisi\u00f3n de Presidencia","breadcrumb":{"@id":"https:\/\/www.laguiadepamplona.com\/actualidad\/el-pleno-debatira-el-jueves-modificaciones-al-presupuesto-municipal-por-valor-de-31-millones-de-euros-para-proyectos-next-generation-y-para-retribuciones-de-personal\/#breadcrumb"},"inLanguage":"es","potentialAction":[{"@type":"ReadAction","target":["https:\/\/www.laguiadepamplona.com\/actualidad\/el-pleno-debatira-el-jueves-modificaciones-al-presupuesto-municipal-por-valor-de-31-millones-de-euros-para-proyectos-next-generation-y-para-retribuciones-de-personal\/"]}]},{"@type":"ImageObject","inLanguage":"es","@id":"https:\/\/www.laguiadepamplona.com\/actualidad\/el-pleno-debatira-el-jueves-modificaciones-al-presupuesto-municipal-por-valor-de-31-millones-de-euros-para-proyectos-next-generation-y-para-retribuciones-de-personal\/#primaryimage","url":"https:\/\/www.laguiadepamplona.com\/actualidad\/wp-content\/uploads\/2022\/02\/pleno-ayuntamiento.jpg","contentUrl":"https:\/\/www.laguiadepamplona.com\/actualidad\/wp-content\/uploads\/2022\/02\/pleno-ayuntamiento.jpg","width":1920,"height":1280},{"@type":"BreadcrumbList","@id":"https:\/\/www.laguiadepamplona.com\/actualidad\/el-pleno-debatira-el-jueves-modificaciones-al-presupuesto-municipal-por-valor-de-31-millones-de-euros-para-proyectos-next-generation-y-para-retribuciones-de-personal\/#breadcrumb","itemListElement":[{"@type":"ListItem","position":1,"name":"Portada","item":"https:\/\/www.laguiadepamplona.com\/actualidad\/"},{"@type":"ListItem","position":2,"name":"El Pleno debatir\u00e1 el jueves modificaciones al presupuesto municipal por valor de 3,1 millones de euros para proyectos Next Generation y para retribuciones de personal"}]},{"@type":"WebSite","@id":"https:\/\/www.laguiadepamplona.com\/actualidad\/#website","url":"https:\/\/www.laguiadepamplona.com\/actualidad\/","name":"La gu\u00eda de Pamplona","description":"Noticias de Pamplona","publisher":{"@id":"https:\/\/www.laguiadepamplona.com\/actualidad\/#organization"},"potentialAction":[{"@type":"SearchAction","target":{"@type":"EntryPoint","urlTemplate":"https:\/\/www.laguiadepamplona.com\/actualidad\/?s={search_term_string}"},"query-input":{"@type":"PropertyValueSpecification","valueRequired":true,"valueName":"search_term_string"}}],"inLanguage":"es"},{"@type":"Organization","@id":"https:\/\/www.laguiadepamplona.com\/actualidad\/#organization","name":"La Gu\u00eda de Pamplona \/ Noticias","url":"https:\/\/www.laguiadepamplona.com\/actualidad\/","logo":{"@type":"ImageObject","inLanguage":"es","@id":"https:\/\/www.laguiadepamplona.com\/actualidad\/#\/schema\/logo\/image\/","url":"https:\/\/www.laguiadepamplona.com\/actualidad\/wp-content\/uploads\/2018\/11\/logo-laguiadepamplona18-web1.png","contentUrl":"https:\/\/www.laguiadepamplona.com\/actualidad\/wp-content\/uploads\/2018\/11\/logo-laguiadepamplona18-web1.png","width":600,"height":196,"caption":"La Gu\u00eda de Pamplona \/ Noticias"},"image":{"@id":"https:\/\/www.laguiadepamplona.com\/actualidad\/#\/schema\/logo\/image\/"},"sameAs":["https:\/\/www.facebook.com\/laguiadepamplonacom-133175176762273\/?ref=hl","https:\/\/x.com\/LaGuiadPamplona","https:\/\/www.instagram.com\/la_guia_de_pamplona\/","https:\/\/www.youtube.com\/user\/laguiadepamplona"]},{"@type":"Person","@id":"https:\/\/www.laguiadepamplona.com\/actualidad\/#\/schema\/person\/efe887376f0213d4657c93adc50b1fdb","name":"La Gu\u00eda de Pamplona","image":{"@type":"ImageObject","inLanguage":"es","@id":"https:\/\/secure.gravatar.com\/avatar\/b6992f131dc8d30ab0dff15446e9d346d9dbd95992de0fef795073f5ea83a81c?s=96&d=mm&r=g","url":"https:\/\/secure.gravatar.com\/avatar\/b6992f131dc8d30ab0dff15446e9d346d9dbd95992de0fef795073f5ea83a81c?s=96&d=mm&r=g","contentUrl":"https:\/\/secure.gravatar.com\/avatar\/b6992f131dc8d30ab0dff15446e9d346d9dbd95992de0fef795073f5ea83a81c?s=96&d=mm&r=g","caption":"La Gu\u00eda de Pamplona"}}]}},"post_mailing_queue_ids":[],"_links":{"self":[{"href":"https:\/\/www.laguiadepamplona.com\/actualidad\/wp-json\/wp\/v2\/posts\/41789","targetHints":{"allow":["GET"]}}],"collection":[{"href":"https:\/\/www.laguiadepamplona.com\/actualidad\/wp-json\/wp\/v2\/posts"}],"about":[{"href":"https:\/\/www.laguiadepamplona.com\/actualidad\/wp-json\/wp\/v2\/types\/post"}],"author":[{"embeddable":true,"href":"https:\/\/www.laguiadepamplona.com\/actualidad\/wp-json\/wp\/v2\/users\/1"}],"replies":[{"embeddable":true,"href":"https:\/\/www.laguiadepamplona.com\/actualidad\/wp-json\/wp\/v2\/comments?post=41789"}],"version-history":[{"count":0,"href":"https:\/\/www.laguiadepamplona.com\/actualidad\/wp-json\/wp\/v2\/posts\/41789\/revisions"}],"wp:featuredmedia":[{"embeddable":true,"href":"https:\/\/www.laguiadepamplona.com\/actualidad\/wp-json\/wp\/v2\/media\/38526"}],"wp:attachment":[{"href":"https:\/\/www.laguiadepamplona.com\/actualidad\/wp-json\/wp\/v2\/media?parent=41789"}],"wp:term":[{"taxonomy":"category","embeddable":true,"href":"https:\/\/www.laguiadepamplona.com\/actualidad\/wp-json\/wp\/v2\/categories?post=41789"},{"taxonomy":"post_tag","embeddable":true,"href":"https:\/\/www.laguiadepamplona.com\/actualidad\/wp-json\/wp\/v2\/tags?post=41789"}],"curies":[{"name":"wp","href":"https:\/\/api.w.org\/{rel}","templated":true}]}}