{"id":41784,"date":"2022-10-03T12:52:16","date_gmt":"2022-10-03T10:52:16","guid":{"rendered":"https:\/\/www.laguiadepamplona.com\/actualidad\/?p=41784"},"modified":"2023-04-11T11:47:46","modified_gmt":"2023-04-11T09:47:46","slug":"este-martes-se-inicia-un-ciclo-de-actividades-alrededor-de-la-figura-del-cientifico-santiago-ramon-y-cajal","status":"publish","type":"post","link":"https:\/\/www.laguiadepamplona.com\/actualidad\/este-martes-se-inicia-un-ciclo-de-actividades-alrededor-de-la-figura-del-cientifico-santiago-ramon-y-cajal\/","title":{"rendered":"Este martes se inicia un ciclo de actividades alrededor de la figura del cient\u00edfico Santiago Ram\u00f3n y Cajal"},"content":{"rendered":"<h5>En la propuesta colaboran Ayuntamiento de Pamplona, Museo de Ciencias de la Universidad de Navarra y Planetario<\/h5>\n<p><!--more--><\/p>\n<p>El Ayuntamiento de Pamplona en colaboraci\u00f3n con el Museo de Ciencias de la Universidad de Navarra y el Planetario de Pamplona ha proyectado un ciclo de actividades sobre la figura del doctor Santiago Ram\u00f3n y Cajal bajo el t\u00edtulo &#8216;Octubre con Cajal&#8217;. Las actividades son de entrada libre, previa inscripci\u00f3n y todas se desarrollar\u00e1n en Civivox Iturrama, salvo la sesi\u00f3n que el jueves 13 de octubre tendr\u00e1 lugar en la sala Tornamira del Planetario, donde tendr\u00e1 lugar la conferencia &#8216;El cielo de Cajal&#8217;, en la que el astrof\u00edsico Fernando Jauregui recordar\u00e1 el eclipse de sol de 1860 que le marc\u00f3 cuando era un ni\u00f1o.<br \/>\n<script async src=\"\/\/pagead2.googlesyndication.com\/pagead\/js\/adsbygoogle.js\"><\/script><br \/>\n<!-- Noticias La Guia de Pamplona --><br \/>\n<ins class=\"adsbygoogle\"\nstyle=\"display:block\"\ndata-ad-client=\"ca-pub-6943679897239327\"\ndata-ad-slot=\"7048180777\"\ndata-ad-format=\"auto\"><\/ins><br \/>\n<script>\n(adsbygoogle = window.adsbygoogle || []).push({});\n<\/script><\/p>\n<p>Lo previsto en Civivox Iturrama son diversas mesas redondas con especialistas: \u2018Ram\u00f3n y Cajal: el cient\u00edfico y su \u00e9poca. Las mujeres olvidadas de la escuela de Cajal\u2019, prevista el 4 de octubre; \u2018El cerebro y sus enfermedades: investigaci\u00f3n en neurociencias\u2019 el d\u00eda 18 de octubre y \u2018Mente y cerebro\u2019 el 25 de octubre. Adem\u00e1s, el d\u00eda 26 el ciclo se cerrar\u00e1 con la proyecci\u00f3n de la pel\u00edcula &#8216;Mi historia de amor con el cerebro&#8217;, que narra la trayectoria de Marian Diamond, una de las fundadoras de la neurociencia moderna. La inscripci\u00f3n para estas propuestas se puede realizar en <a href=\"http:\/\/www.pamplonaescultura.es\" target=\"_blank\" rel=\"noopener\">www.pamplonaescultura.es<\/a>, llamando al 010, o presencialmente en cualquier centro de la red Civivox.<\/p>\n<p>Santiago Ram\u00f3n y Cajal, considerado el padre de las neurociencias, recibi\u00f3 el premio Nobel en 1906. Con motivo del 170 aniversario de su nacimiento en Petilla de Arag\u00f3n (Navarra), el Museo de Ciencias Universidad de Navarra, en colaboraci\u00f3n con Civivox Iturrama, organiza un ciclo de conferencias, muy divulgativas para el p\u00fablico general, sobre su figura y los retos actuales de la investigaci\u00f3n del cerebro.<br \/>\n<script async src=\"\/\/pagead2.googlesyndication.com\/pagead\/js\/adsbygoogle.js\"><\/script><br \/>\n<!-- Noticias La Guia de Pamplona --><br \/>\n<ins class=\"adsbygoogle\"\nstyle=\"display:block\"\ndata-ad-client=\"ca-pub-6943679897239327\"\ndata-ad-slot=\"7048180777\"\ndata-ad-format=\"auto\"><\/ins><br \/>\n<script>\n(adsbygoogle = window.adsbygoogle || []).push({});\n<\/script><\/p>\n<p><strong>Martes de mesa redonda en Civivox Iturrama<\/strong><\/p>\n<p>Santiago Ram\u00f3n y Cajal fue uno de los cient\u00edficos m\u00e1s importantes e influyentes de principios del siglo XX. Cient\u00edfico y humanista, a su alrededor cre\u00f3 escuela; pero la Guerra Civil dispers\u00f3 a la mayor\u00eda de sus colaboradores. La mesa redonda de ma\u00f1ana 4 de octubre, a las 19 horas, se centrar\u00e1 en las mujeres cient\u00edfica de su entorno. Ser\u00e1n los ponentes Jos\u00e9 Ram\u00f3n Alonso, de la Universidad de Salamanca) y Cristina Nombela, de la Universidad Aut\u00f3noma de Madrid.<\/p>\n<p>El martes 18 de octubre, a las 19 horas, la mesa redonda acoger\u00e1 a ponentes de la sanidad: Marisol Aymerich (CIMA, Universidad de Navarra), Maite Mendioroz (Servicio de Neurolog\u00eda del Complejo Hospitalario de Navarra) y Alberto P\u00e9rez Mediavilla (CIMA, Universidad de Navarra, se centrar\u00e1n en la neurociencia. Y es que investigar el cerebro y entender sus enfermedades hubiera sido imposible sin la nueva y revolucionaria teor\u00eda de Ram\u00f3n y Cajal que se basaba en que el tejido cerebral est\u00e1 compuesto por c\u00e9lulas individuales. Su doctrina de la neurona fue la base para las investigaciones modernas sobre enfermedades del cerebro, como el Parkinson o el Alzheimer.<br \/>\n<script async src=\"\/\/pagead2.googlesyndication.com\/pagead\/js\/adsbygoogle.js\"><\/script><br \/>\n<!-- Noticias La Guia de Pamplona --><br \/>\n<ins class=\"adsbygoogle\"\nstyle=\"display:block\"\ndata-ad-client=\"ca-pub-6943679897239327\"\ndata-ad-slot=\"7048180777\"\ndata-ad-format=\"auto\"><\/ins><br \/>\n<script>\n(adsbygoogle = window.adsbygoogle || []).push({});\n<\/script><\/p>\n<p>La \u00faltima de las actividades en Civivox Iturrama tendr\u00e1 lugar el martes 25 de octubre bajo el t\u00edtulo generalistas de \u2018Cerebro y mente\u2019. A las 19 horas Javier Bern\u00e1cer, de la Universidad de Navarra y Carmen Cavada, de la Universidad Aut\u00f3noma de Madrid tratar\u00e1n de aproximarse a la relaci\u00f3n que existe entre un \u00f3rgano que pesa aproximadamente 1,5 kg y contiene unos ochenta y seis mil millones de neuronas conectadas a trav\u00e9s de mil billones de conexiones sin\u00e1pticas y la mente.<\/p>\n","protected":false},"excerpt":{"rendered":"<p>En la propuesta colaboran Ayuntamiento de Pamplona, Museo de Ciencias de la Universidad de Navarra y Planetario<\/p>\n","protected":false},"author":1,"featured_media":41785,"comment_status":"open","ping_status":"closed","sticky":false,"template":"","format":"standard","meta":{"footnotes":""},"categories":[2],"tags":[],"class_list":["post-41784","post","type-post","status-publish","format-standard","has-post-thumbnail","hentry","category-ayuntamiento-pamplona"],"yoast_head":"<!-- This site is optimized with the Yoast SEO plugin v27.3 - https:\/\/yoast.com\/product\/yoast-seo-wordpress\/ -->\n<title>Este martes se inicia un ciclo de actividades alrededor de la figura del cient\u00edfico Santiago Ram\u00f3n y Cajal<\/title>\n<meta name=\"description\" content=\"En la propuesta colaboran Ayuntamiento de Pamplona, Museo de Ciencias de la Universidad de Navarra y Planetario\" \/>\n<meta name=\"robots\" content=\"index, follow, max-snippet:-1, max-image-preview:large, max-video-preview:-1\" \/>\n<link rel=\"canonical\" href=\"https:\/\/www.laguiadepamplona.com\/actualidad\/este-martes-se-inicia-un-ciclo-de-actividades-alrededor-de-la-figura-del-cientifico-santiago-ramon-y-cajal\/\" \/>\n<meta property=\"og:locale\" content=\"es_ES\" \/>\n<meta property=\"og:type\" content=\"article\" \/>\n<meta property=\"og:title\" content=\"Este martes se inicia un ciclo de actividades alrededor de la figura del cient\u00edfico Santiago Ram\u00f3n y Cajal\" \/>\n<meta property=\"og:description\" content=\"En la propuesta colaboran Ayuntamiento de Pamplona, Museo de Ciencias de la Universidad de Navarra y Planetario\" \/>\n<meta property=\"og:url\" content=\"https:\/\/www.laguiadepamplona.com\/actualidad\/este-martes-se-inicia-un-ciclo-de-actividades-alrededor-de-la-figura-del-cientifico-santiago-ramon-y-cajal\/\" \/>\n<meta property=\"og:site_name\" content=\"La Gu\u00eda de Pamplona\" \/>\n<meta property=\"article:publisher\" content=\"https:\/\/www.facebook.com\/laguiadepamplonacom-133175176762273\/?ref=hl\" \/>\n<meta property=\"article:published_time\" content=\"2022-10-03T10:52:16+00:00\" \/>\n<meta property=\"article:modified_time\" content=\"2023-04-11T09:47:46+00:00\" \/>\n<meta property=\"og:image\" content=\"https:\/\/www.laguiadepamplona.com\/actualidad\/wp-content\/uploads\/2022\/10\/santiago-ramon-cajal.jpg\" \/>\n\t<meta property=\"og:image:width\" content=\"870\" \/>\n\t<meta property=\"og:image:height\" content=\"480\" \/>\n\t<meta property=\"og:image:type\" content=\"image\/jpeg\" \/>\n<meta name=\"author\" content=\"La Gu\u00eda de Pamplona\" \/>\n<meta name=\"twitter:card\" content=\"summary_large_image\" \/>\n<meta name=\"twitter:creator\" content=\"@LaGuiadPamplona\" \/>\n<meta name=\"twitter:site\" content=\"@LaGuiadPamplona\" \/>\n<meta name=\"twitter:label1\" content=\"Escrito por\" \/>\n\t<meta name=\"twitter:data1\" content=\"La Gu\u00eda de Pamplona\" \/>\n\t<meta name=\"twitter:label2\" content=\"Tiempo de lectura\" \/>\n\t<meta name=\"twitter:data2\" content=\"3 minutos\" \/>\n<script type=\"application\/ld+json\" class=\"yoast-schema-graph\">{\"@context\":\"https:\\\/\\\/schema.org\",\"@graph\":[{\"@type\":\"Article\",\"@id\":\"https:\\\/\\\/www.laguiadepamplona.com\\\/actualidad\\\/este-martes-se-inicia-un-ciclo-de-actividades-alrededor-de-la-figura-del-cientifico-santiago-ramon-y-cajal\\\/#article\",\"isPartOf\":{\"@id\":\"https:\\\/\\\/www.laguiadepamplona.com\\\/actualidad\\\/este-martes-se-inicia-un-ciclo-de-actividades-alrededor-de-la-figura-del-cientifico-santiago-ramon-y-cajal\\\/\"},\"author\":{\"name\":\"La Gu\u00eda de Pamplona\",\"@id\":\"https:\\\/\\\/www.laguiadepamplona.com\\\/actualidad\\\/#\\\/schema\\\/person\\\/efe887376f0213d4657c93adc50b1fdb\"},\"headline\":\"Este martes se inicia un ciclo de actividades alrededor de la figura del cient\u00edfico Santiago Ram\u00f3n y Cajal\",\"datePublished\":\"2022-10-03T10:52:16+00:00\",\"dateModified\":\"2023-04-11T09:47:46+00:00\",\"mainEntityOfPage\":{\"@id\":\"https:\\\/\\\/www.laguiadepamplona.com\\\/actualidad\\\/este-martes-se-inicia-un-ciclo-de-actividades-alrededor-de-la-figura-del-cientifico-santiago-ramon-y-cajal\\\/\"},\"wordCount\":618,\"commentCount\":0,\"publisher\":{\"@id\":\"https:\\\/\\\/www.laguiadepamplona.com\\\/actualidad\\\/#organization\"},\"image\":{\"@id\":\"https:\\\/\\\/www.laguiadepamplona.com\\\/actualidad\\\/este-martes-se-inicia-un-ciclo-de-actividades-alrededor-de-la-figura-del-cientifico-santiago-ramon-y-cajal\\\/#primaryimage\"},\"thumbnailUrl\":\"https:\\\/\\\/www.laguiadepamplona.com\\\/actualidad\\\/wp-content\\\/uploads\\\/2022\\\/10\\\/santiago-ramon-cajal.jpg\",\"articleSection\":[\"Ayto Pamplona\"],\"inLanguage\":\"es\",\"potentialAction\":[{\"@type\":\"CommentAction\",\"name\":\"Comment\",\"target\":[\"https:\\\/\\\/www.laguiadepamplona.com\\\/actualidad\\\/este-martes-se-inicia-un-ciclo-de-actividades-alrededor-de-la-figura-del-cientifico-santiago-ramon-y-cajal\\\/#respond\"]}]},{\"@type\":\"WebPage\",\"@id\":\"https:\\\/\\\/www.laguiadepamplona.com\\\/actualidad\\\/este-martes-se-inicia-un-ciclo-de-actividades-alrededor-de-la-figura-del-cientifico-santiago-ramon-y-cajal\\\/\",\"url\":\"https:\\\/\\\/www.laguiadepamplona.com\\\/actualidad\\\/este-martes-se-inicia-un-ciclo-de-actividades-alrededor-de-la-figura-del-cientifico-santiago-ramon-y-cajal\\\/\",\"name\":\"Este martes se inicia un ciclo de actividades alrededor de la figura del cient\u00edfico Santiago Ram\u00f3n y Cajal\",\"isPartOf\":{\"@id\":\"https:\\\/\\\/www.laguiadepamplona.com\\\/actualidad\\\/#website\"},\"primaryImageOfPage\":{\"@id\":\"https:\\\/\\\/www.laguiadepamplona.com\\\/actualidad\\\/este-martes-se-inicia-un-ciclo-de-actividades-alrededor-de-la-figura-del-cientifico-santiago-ramon-y-cajal\\\/#primaryimage\"},\"image\":{\"@id\":\"https:\\\/\\\/www.laguiadepamplona.com\\\/actualidad\\\/este-martes-se-inicia-un-ciclo-de-actividades-alrededor-de-la-figura-del-cientifico-santiago-ramon-y-cajal\\\/#primaryimage\"},\"thumbnailUrl\":\"https:\\\/\\\/www.laguiadepamplona.com\\\/actualidad\\\/wp-content\\\/uploads\\\/2022\\\/10\\\/santiago-ramon-cajal.jpg\",\"datePublished\":\"2022-10-03T10:52:16+00:00\",\"dateModified\":\"2023-04-11T09:47:46+00:00\",\"description\":\"En la propuesta colaboran Ayuntamiento de Pamplona, Museo de Ciencias de la Universidad de Navarra y Planetario\",\"breadcrumb\":{\"@id\":\"https:\\\/\\\/www.laguiadepamplona.com\\\/actualidad\\\/este-martes-se-inicia-un-ciclo-de-actividades-alrededor-de-la-figura-del-cientifico-santiago-ramon-y-cajal\\\/#breadcrumb\"},\"inLanguage\":\"es\",\"potentialAction\":[{\"@type\":\"ReadAction\",\"target\":[\"https:\\\/\\\/www.laguiadepamplona.com\\\/actualidad\\\/este-martes-se-inicia-un-ciclo-de-actividades-alrededor-de-la-figura-del-cientifico-santiago-ramon-y-cajal\\\/\"]}]},{\"@type\":\"ImageObject\",\"inLanguage\":\"es\",\"@id\":\"https:\\\/\\\/www.laguiadepamplona.com\\\/actualidad\\\/este-martes-se-inicia-un-ciclo-de-actividades-alrededor-de-la-figura-del-cientifico-santiago-ramon-y-cajal\\\/#primaryimage\",\"url\":\"https:\\\/\\\/www.laguiadepamplona.com\\\/actualidad\\\/wp-content\\\/uploads\\\/2022\\\/10\\\/santiago-ramon-cajal.jpg\",\"contentUrl\":\"https:\\\/\\\/www.laguiadepamplona.com\\\/actualidad\\\/wp-content\\\/uploads\\\/2022\\\/10\\\/santiago-ramon-cajal.jpg\",\"width\":870,\"height\":480},{\"@type\":\"BreadcrumbList\",\"@id\":\"https:\\\/\\\/www.laguiadepamplona.com\\\/actualidad\\\/este-martes-se-inicia-un-ciclo-de-actividades-alrededor-de-la-figura-del-cientifico-santiago-ramon-y-cajal\\\/#breadcrumb\",\"itemListElement\":[{\"@type\":\"ListItem\",\"position\":1,\"name\":\"Portada\",\"item\":\"https:\\\/\\\/www.laguiadepamplona.com\\\/actualidad\\\/\"},{\"@type\":\"ListItem\",\"position\":2,\"name\":\"Este martes se inicia un ciclo de actividades alrededor de la figura del cient\u00edfico Santiago Ram\u00f3n y Cajal\"}]},{\"@type\":\"WebSite\",\"@id\":\"https:\\\/\\\/www.laguiadepamplona.com\\\/actualidad\\\/#website\",\"url\":\"https:\\\/\\\/www.laguiadepamplona.com\\\/actualidad\\\/\",\"name\":\"La gu\u00eda de Pamplona\",\"description\":\"Noticias de Pamplona\",\"publisher\":{\"@id\":\"https:\\\/\\\/www.laguiadepamplona.com\\\/actualidad\\\/#organization\"},\"potentialAction\":[{\"@type\":\"SearchAction\",\"target\":{\"@type\":\"EntryPoint\",\"urlTemplate\":\"https:\\\/\\\/www.laguiadepamplona.com\\\/actualidad\\\/?s={search_term_string}\"},\"query-input\":{\"@type\":\"PropertyValueSpecification\",\"valueRequired\":true,\"valueName\":\"search_term_string\"}}],\"inLanguage\":\"es\"},{\"@type\":\"Organization\",\"@id\":\"https:\\\/\\\/www.laguiadepamplona.com\\\/actualidad\\\/#organization\",\"name\":\"La Gu\u00eda de Pamplona \\\/ Noticias\",\"url\":\"https:\\\/\\\/www.laguiadepamplona.com\\\/actualidad\\\/\",\"logo\":{\"@type\":\"ImageObject\",\"inLanguage\":\"es\",\"@id\":\"https:\\\/\\\/www.laguiadepamplona.com\\\/actualidad\\\/#\\\/schema\\\/logo\\\/image\\\/\",\"url\":\"https:\\\/\\\/www.laguiadepamplona.com\\\/actualidad\\\/wp-content\\\/uploads\\\/2018\\\/11\\\/logo-laguiadepamplona18-web1.png\",\"contentUrl\":\"https:\\\/\\\/www.laguiadepamplona.com\\\/actualidad\\\/wp-content\\\/uploads\\\/2018\\\/11\\\/logo-laguiadepamplona18-web1.png\",\"width\":600,\"height\":196,\"caption\":\"La Gu\u00eda de Pamplona \\\/ Noticias\"},\"image\":{\"@id\":\"https:\\\/\\\/www.laguiadepamplona.com\\\/actualidad\\\/#\\\/schema\\\/logo\\\/image\\\/\"},\"sameAs\":[\"https:\\\/\\\/www.facebook.com\\\/laguiadepamplonacom-133175176762273\\\/?ref=hl\",\"https:\\\/\\\/x.com\\\/LaGuiadPamplona\",\"https:\\\/\\\/www.instagram.com\\\/la_guia_de_pamplona\\\/\",\"https:\\\/\\\/www.youtube.com\\\/user\\\/laguiadepamplona\"]},{\"@type\":\"Person\",\"@id\":\"https:\\\/\\\/www.laguiadepamplona.com\\\/actualidad\\\/#\\\/schema\\\/person\\\/efe887376f0213d4657c93adc50b1fdb\",\"name\":\"La Gu\u00eda de Pamplona\",\"image\":{\"@type\":\"ImageObject\",\"inLanguage\":\"es\",\"@id\":\"https:\\\/\\\/secure.gravatar.com\\\/avatar\\\/b6992f131dc8d30ab0dff15446e9d346d9dbd95992de0fef795073f5ea83a81c?s=96&d=mm&r=g\",\"url\":\"https:\\\/\\\/secure.gravatar.com\\\/avatar\\\/b6992f131dc8d30ab0dff15446e9d346d9dbd95992de0fef795073f5ea83a81c?s=96&d=mm&r=g\",\"contentUrl\":\"https:\\\/\\\/secure.gravatar.com\\\/avatar\\\/b6992f131dc8d30ab0dff15446e9d346d9dbd95992de0fef795073f5ea83a81c?s=96&d=mm&r=g\",\"caption\":\"La Gu\u00eda de Pamplona\"}}]}<\/script>\n<!-- \/ Yoast SEO plugin. -->","yoast_head_json":{"title":"Este martes se inicia un ciclo de actividades alrededor de la figura del cient\u00edfico Santiago Ram\u00f3n y Cajal","description":"En la propuesta colaboran Ayuntamiento de Pamplona, Museo de Ciencias de la Universidad de Navarra y Planetario","robots":{"index":"index","follow":"follow","max-snippet":"max-snippet:-1","max-image-preview":"max-image-preview:large","max-video-preview":"max-video-preview:-1"},"canonical":"https:\/\/www.laguiadepamplona.com\/actualidad\/este-martes-se-inicia-un-ciclo-de-actividades-alrededor-de-la-figura-del-cientifico-santiago-ramon-y-cajal\/","og_locale":"es_ES","og_type":"article","og_title":"Este martes se inicia un ciclo de actividades alrededor de la figura del cient\u00edfico Santiago Ram\u00f3n y Cajal","og_description":"En la propuesta colaboran Ayuntamiento de Pamplona, Museo de Ciencias de la Universidad de Navarra y Planetario","og_url":"https:\/\/www.laguiadepamplona.com\/actualidad\/este-martes-se-inicia-un-ciclo-de-actividades-alrededor-de-la-figura-del-cientifico-santiago-ramon-y-cajal\/","og_site_name":"La Gu\u00eda de Pamplona","article_publisher":"https:\/\/www.facebook.com\/laguiadepamplonacom-133175176762273\/?ref=hl","article_published_time":"2022-10-03T10:52:16+00:00","article_modified_time":"2023-04-11T09:47:46+00:00","og_image":[{"width":870,"height":480,"url":"https:\/\/www.laguiadepamplona.com\/actualidad\/wp-content\/uploads\/2022\/10\/santiago-ramon-cajal.jpg","type":"image\/jpeg"}],"author":"La Gu\u00eda de Pamplona","twitter_card":"summary_large_image","twitter_creator":"@LaGuiadPamplona","twitter_site":"@LaGuiadPamplona","twitter_misc":{"Escrito por":"La Gu\u00eda de Pamplona","Tiempo de lectura":"3 minutos"},"schema":{"@context":"https:\/\/schema.org","@graph":[{"@type":"Article","@id":"https:\/\/www.laguiadepamplona.com\/actualidad\/este-martes-se-inicia-un-ciclo-de-actividades-alrededor-de-la-figura-del-cientifico-santiago-ramon-y-cajal\/#article","isPartOf":{"@id":"https:\/\/www.laguiadepamplona.com\/actualidad\/este-martes-se-inicia-un-ciclo-de-actividades-alrededor-de-la-figura-del-cientifico-santiago-ramon-y-cajal\/"},"author":{"name":"La Gu\u00eda de Pamplona","@id":"https:\/\/www.laguiadepamplona.com\/actualidad\/#\/schema\/person\/efe887376f0213d4657c93adc50b1fdb"},"headline":"Este martes se inicia un ciclo de actividades alrededor de la figura del cient\u00edfico Santiago Ram\u00f3n y Cajal","datePublished":"2022-10-03T10:52:16+00:00","dateModified":"2023-04-11T09:47:46+00:00","mainEntityOfPage":{"@id":"https:\/\/www.laguiadepamplona.com\/actualidad\/este-martes-se-inicia-un-ciclo-de-actividades-alrededor-de-la-figura-del-cientifico-santiago-ramon-y-cajal\/"},"wordCount":618,"commentCount":0,"publisher":{"@id":"https:\/\/www.laguiadepamplona.com\/actualidad\/#organization"},"image":{"@id":"https:\/\/www.laguiadepamplona.com\/actualidad\/este-martes-se-inicia-un-ciclo-de-actividades-alrededor-de-la-figura-del-cientifico-santiago-ramon-y-cajal\/#primaryimage"},"thumbnailUrl":"https:\/\/www.laguiadepamplona.com\/actualidad\/wp-content\/uploads\/2022\/10\/santiago-ramon-cajal.jpg","articleSection":["Ayto Pamplona"],"inLanguage":"es","potentialAction":[{"@type":"CommentAction","name":"Comment","target":["https:\/\/www.laguiadepamplona.com\/actualidad\/este-martes-se-inicia-un-ciclo-de-actividades-alrededor-de-la-figura-del-cientifico-santiago-ramon-y-cajal\/#respond"]}]},{"@type":"WebPage","@id":"https:\/\/www.laguiadepamplona.com\/actualidad\/este-martes-se-inicia-un-ciclo-de-actividades-alrededor-de-la-figura-del-cientifico-santiago-ramon-y-cajal\/","url":"https:\/\/www.laguiadepamplona.com\/actualidad\/este-martes-se-inicia-un-ciclo-de-actividades-alrededor-de-la-figura-del-cientifico-santiago-ramon-y-cajal\/","name":"Este martes se inicia un ciclo de actividades alrededor de la figura del cient\u00edfico Santiago Ram\u00f3n y Cajal","isPartOf":{"@id":"https:\/\/www.laguiadepamplona.com\/actualidad\/#website"},"primaryImageOfPage":{"@id":"https:\/\/www.laguiadepamplona.com\/actualidad\/este-martes-se-inicia-un-ciclo-de-actividades-alrededor-de-la-figura-del-cientifico-santiago-ramon-y-cajal\/#primaryimage"},"image":{"@id":"https:\/\/www.laguiadepamplona.com\/actualidad\/este-martes-se-inicia-un-ciclo-de-actividades-alrededor-de-la-figura-del-cientifico-santiago-ramon-y-cajal\/#primaryimage"},"thumbnailUrl":"https:\/\/www.laguiadepamplona.com\/actualidad\/wp-content\/uploads\/2022\/10\/santiago-ramon-cajal.jpg","datePublished":"2022-10-03T10:52:16+00:00","dateModified":"2023-04-11T09:47:46+00:00","description":"En la propuesta colaboran Ayuntamiento de Pamplona, Museo de Ciencias de la Universidad de Navarra y Planetario","breadcrumb":{"@id":"https:\/\/www.laguiadepamplona.com\/actualidad\/este-martes-se-inicia-un-ciclo-de-actividades-alrededor-de-la-figura-del-cientifico-santiago-ramon-y-cajal\/#breadcrumb"},"inLanguage":"es","potentialAction":[{"@type":"ReadAction","target":["https:\/\/www.laguiadepamplona.com\/actualidad\/este-martes-se-inicia-un-ciclo-de-actividades-alrededor-de-la-figura-del-cientifico-santiago-ramon-y-cajal\/"]}]},{"@type":"ImageObject","inLanguage":"es","@id":"https:\/\/www.laguiadepamplona.com\/actualidad\/este-martes-se-inicia-un-ciclo-de-actividades-alrededor-de-la-figura-del-cientifico-santiago-ramon-y-cajal\/#primaryimage","url":"https:\/\/www.laguiadepamplona.com\/actualidad\/wp-content\/uploads\/2022\/10\/santiago-ramon-cajal.jpg","contentUrl":"https:\/\/www.laguiadepamplona.com\/actualidad\/wp-content\/uploads\/2022\/10\/santiago-ramon-cajal.jpg","width":870,"height":480},{"@type":"BreadcrumbList","@id":"https:\/\/www.laguiadepamplona.com\/actualidad\/este-martes-se-inicia-un-ciclo-de-actividades-alrededor-de-la-figura-del-cientifico-santiago-ramon-y-cajal\/#breadcrumb","itemListElement":[{"@type":"ListItem","position":1,"name":"Portada","item":"https:\/\/www.laguiadepamplona.com\/actualidad\/"},{"@type":"ListItem","position":2,"name":"Este martes se inicia un ciclo de actividades alrededor de la figura del cient\u00edfico Santiago Ram\u00f3n y Cajal"}]},{"@type":"WebSite","@id":"https:\/\/www.laguiadepamplona.com\/actualidad\/#website","url":"https:\/\/www.laguiadepamplona.com\/actualidad\/","name":"La gu\u00eda de Pamplona","description":"Noticias de Pamplona","publisher":{"@id":"https:\/\/www.laguiadepamplona.com\/actualidad\/#organization"},"potentialAction":[{"@type":"SearchAction","target":{"@type":"EntryPoint","urlTemplate":"https:\/\/www.laguiadepamplona.com\/actualidad\/?s={search_term_string}"},"query-input":{"@type":"PropertyValueSpecification","valueRequired":true,"valueName":"search_term_string"}}],"inLanguage":"es"},{"@type":"Organization","@id":"https:\/\/www.laguiadepamplona.com\/actualidad\/#organization","name":"La Gu\u00eda de Pamplona \/ Noticias","url":"https:\/\/www.laguiadepamplona.com\/actualidad\/","logo":{"@type":"ImageObject","inLanguage":"es","@id":"https:\/\/www.laguiadepamplona.com\/actualidad\/#\/schema\/logo\/image\/","url":"https:\/\/www.laguiadepamplona.com\/actualidad\/wp-content\/uploads\/2018\/11\/logo-laguiadepamplona18-web1.png","contentUrl":"https:\/\/www.laguiadepamplona.com\/actualidad\/wp-content\/uploads\/2018\/11\/logo-laguiadepamplona18-web1.png","width":600,"height":196,"caption":"La Gu\u00eda de Pamplona \/ Noticias"},"image":{"@id":"https:\/\/www.laguiadepamplona.com\/actualidad\/#\/schema\/logo\/image\/"},"sameAs":["https:\/\/www.facebook.com\/laguiadepamplonacom-133175176762273\/?ref=hl","https:\/\/x.com\/LaGuiadPamplona","https:\/\/www.instagram.com\/la_guia_de_pamplona\/","https:\/\/www.youtube.com\/user\/laguiadepamplona"]},{"@type":"Person","@id":"https:\/\/www.laguiadepamplona.com\/actualidad\/#\/schema\/person\/efe887376f0213d4657c93adc50b1fdb","name":"La Gu\u00eda de Pamplona","image":{"@type":"ImageObject","inLanguage":"es","@id":"https:\/\/secure.gravatar.com\/avatar\/b6992f131dc8d30ab0dff15446e9d346d9dbd95992de0fef795073f5ea83a81c?s=96&d=mm&r=g","url":"https:\/\/secure.gravatar.com\/avatar\/b6992f131dc8d30ab0dff15446e9d346d9dbd95992de0fef795073f5ea83a81c?s=96&d=mm&r=g","contentUrl":"https:\/\/secure.gravatar.com\/avatar\/b6992f131dc8d30ab0dff15446e9d346d9dbd95992de0fef795073f5ea83a81c?s=96&d=mm&r=g","caption":"La Gu\u00eda de Pamplona"}}]}},"post_mailing_queue_ids":[],"_links":{"self":[{"href":"https:\/\/www.laguiadepamplona.com\/actualidad\/wp-json\/wp\/v2\/posts\/41784","targetHints":{"allow":["GET"]}}],"collection":[{"href":"https:\/\/www.laguiadepamplona.com\/actualidad\/wp-json\/wp\/v2\/posts"}],"about":[{"href":"https:\/\/www.laguiadepamplona.com\/actualidad\/wp-json\/wp\/v2\/types\/post"}],"author":[{"embeddable":true,"href":"https:\/\/www.laguiadepamplona.com\/actualidad\/wp-json\/wp\/v2\/users\/1"}],"replies":[{"embeddable":true,"href":"https:\/\/www.laguiadepamplona.com\/actualidad\/wp-json\/wp\/v2\/comments?post=41784"}],"version-history":[{"count":0,"href":"https:\/\/www.laguiadepamplona.com\/actualidad\/wp-json\/wp\/v2\/posts\/41784\/revisions"}],"wp:featuredmedia":[{"embeddable":true,"href":"https:\/\/www.laguiadepamplona.com\/actualidad\/wp-json\/wp\/v2\/media\/41785"}],"wp:attachment":[{"href":"https:\/\/www.laguiadepamplona.com\/actualidad\/wp-json\/wp\/v2\/media?parent=41784"}],"wp:term":[{"taxonomy":"category","embeddable":true,"href":"https:\/\/www.laguiadepamplona.com\/actualidad\/wp-json\/wp\/v2\/categories?post=41784"},{"taxonomy":"post_tag","embeddable":true,"href":"https:\/\/www.laguiadepamplona.com\/actualidad\/wp-json\/wp\/v2\/tags?post=41784"}],"curies":[{"name":"wp","href":"https:\/\/api.w.org\/{rel}","templated":true}]}}