{"id":41776,"date":"2022-10-03T12:47:27","date_gmt":"2022-10-03T10:47:27","guid":{"rendered":"https:\/\/www.laguiadepamplona.com\/actualidad\/?p=41776"},"modified":"2023-04-11T11:47:47","modified_gmt":"2023-04-11T09:47:47","slug":"la-ampliacion-del-fondo-de-viviendas-de-emergencia-social-de-pamplona-ha-permitido-a-un-centenar-de-familias-acceder-a-un-recurso-habitacional","status":"publish","type":"post","link":"https:\/\/www.laguiadepamplona.com\/actualidad\/la-ampliacion-del-fondo-de-viviendas-de-emergencia-social-de-pamplona-ha-permitido-a-un-centenar-de-familias-acceder-a-un-recurso-habitacional\/","title":{"rendered":"La ampliaci\u00f3n del fondo de viviendas de emergencia social de Pamplona ha permitido a un centenar de familias acceder a un recurso habitacional"},"content":{"rendered":"<h5>En lo que va de legislatura, el Ayuntamiento est\u00e1 invirtiendo 2,9 millones de euros en rehabilitar viviendas para soluciones habitacionales, 1,3 millones m\u00e1s que en la legislatura anterior<\/h5>\n<p><!--more--><\/p>\n<p>Un total de 99 unidades familiares han accedido a alguna de las viviendas de emergencia habitacional del Ayuntamiento de Pamplona en los \u00faltimos tres a\u00f1os, gracias a la incorporaci\u00f3n de nuevos inmuebles disponibles, as\u00ed como a la reducci\u00f3n de un 30% de viviendas tomadas por \u2018ocupas\u2019. De hecho, el fondo de emergencia ha aumentado de 130 a 171, tras la rehabilitaci\u00f3n de 41 viviendas para su uso por las personas con necesidades urgentes. En lo que va de legislatura, el Consistorio est\u00e1 invirtiendo 2,9 millones de euros en rehabilitar viviendas para soluciones habitacionales, un 1,3 m\u00e1s que en la legislatura anterior.<\/p>\n<p>Estos datos han sido presentados hoy en rueda de prensa por la concejala delegada de Servicios Sociales, Acci\u00f3n Comunitaria y Deporte, Mar\u00eda Caballero, y la directora del \u00e1rea, Olivia Elizari.<\/p>\n<p>El Ayuntamiento de Pamplona ha intensificado la labor de acogida, en respuesta a la creciente demanda en los \u00faltimos a\u00f1os. Una demanda que se ha visto condicionada por la crisis fruto de la pandemia del COVID-19, que ha agudizado situaciones de pobreza y necesidad econ\u00f3mica y social. El Consistorio, que cuenta con un presupuesto de cuatro millones de euros para sufragar el programa de vivienda de emergencia social, ha ejecutado ya el 73% (2,9 millones, incluidos cerca de 800.000 euros del segundo semestre de 2019 y la previsi\u00f3n a cierre de 2022) para ampliar y mejorar la oferta de espacios habitacionales.<br \/>\n<script async src=\"\/\/pagead2.googlesyndication.com\/pagead\/js\/adsbygoogle.js\"><\/script><br \/>\n<!-- Noticias La Guia de Pamplona --><br \/>\n<ins class=\"adsbygoogle\"\nstyle=\"display:block\"\ndata-ad-client=\"ca-pub-6943679897239327\"\ndata-ad-slot=\"7048180777\"\ndata-ad-format=\"auto\"><\/ins><br \/>\n<script>\n(adsbygoogle = window.adsbygoogle || []).push({});\n<\/script><\/p>\n<p>De hecho, adem\u00e1s de las 41 viviendas ya terminadas, a lo largo de este a\u00f1o se van a incorporar otras nueve, y en 2023 se espera que sean 12 m\u00e1s, todas ellas en San Pedro, de forma que el fondo sumar\u00e1 desde 2019 un total de 62 viviendas reformadas m\u00e1s, para destinarlas a unidades familiares vulnerables.<\/p>\n<p>El acceso de 99 unidades familiares a una vivienda de emergencia ha sido posible, por un lado, porque se ha producido una rotaci\u00f3n de 50 unidades beneficiarias, que han encontrado otros recursos o han salido de la situaci\u00f3n de vulnerabilidad que les hab\u00eda permitido el acceso a ellas; y, por otro, gracias a la incorporaci\u00f3n de los nuevos inmuebles reformados. El resto de viviendas de que dispone el fondo est\u00e1n ocupadas por unidades familiares que hab\u00edan accedido a ellas en a\u00f1os anteriores.<\/p>\n<p>Aun as\u00ed, las demandas son mayores que la disponibilidad de recursos. En estos momentos, el registro de solicitantes de viviendas de emergencia cuenta con 216 unidades familiares en lista de espera, a las que se han sumado en los \u00faltimos meses otro centenar, pendiente todav\u00eda de valoraci\u00f3n para saber si se ajustan a los criterios de acceso a este tipo de soluciones de vivienda de emergencia. Los criterios de acceso y el baremo que ordena la lista de espera vienen regulados en la ordenanza municipal de viviendas de emergencia, que recoge entre otros: empadronamiento y residencia efectiva en Pamplona con una antig\u00fcedad de dos a\u00f1os, y no superar un tope de ingresos ni disponer de un patrimonio cuyo valor sea superior al 1,5 del IPREM. Tambi\u00e9n se contemplan elementos de discriminaci\u00f3n positiva, que deben ser debidamente motivados, como ser familia monoparental, tener menores a cargo, discapacidad y\/o dependencia, o ser v\u00edctimas de violencia de g\u00e9nero, entre otros.<br \/>\n<script async src=\"\/\/pagead2.googlesyndication.com\/pagead\/js\/adsbygoogle.js\"><\/script><br \/>\n<!-- Noticias La Guia de Pamplona --><br \/>\n<ins class=\"adsbygoogle\"\nstyle=\"display:block\"\ndata-ad-client=\"ca-pub-6943679897239327\"\ndata-ad-slot=\"7048180777\"\ndata-ad-format=\"auto\"><\/ins><br \/>\n<script>\n(adsbygoogle = window.adsbygoogle || []).push({});\n<\/script><\/p>\n<p><strong>Red de recursos<\/strong><\/p>\n<p>El fondo de viviendas de emergencia habitacional, que terminar\u00e1 con 180 viviendas a final de a\u00f1o, es uno de los recursos del Ayuntamiento en materia de vivienda social, pero no es el \u00fanico. De hecho, el Consistorio cuenta con herramientas de apoyo a mayores, a mujeres v\u00edctimas de violencia de g\u00e9nero y a personas sin hogar. En concreto, dispone de 143 apartamentos para mayores de 65 a\u00f1os, 50 plazas para personas sin hogar en situaci\u00f3n de calle y 19 viviendas para mujeres v\u00edctimas de violencia. En total 392 viviendas y recursos en favor de colectivos especialmente vulnerables.<\/p>\n<p>Adem\u00e1s, el Ayuntamiento ha incrementado este a\u00f1o un 286% el presupuesto destinado a la cobertura habitacional de unidades familiares que se ven en la calle, pasando de 70.000 a 270.000 euros, con el objetivo de sufragar gastos de pensi\u00f3n o establecimiento hotelero para dar cobertura a situaciones de emergencia social que deben ser resueltas de forma inmediata para evitar que familias con menores se encuentren en situaci\u00f3n de calle.<\/p>\n<p>Por otro lado, en los \u00faltimos a\u00f1os se ha incrementado la cesi\u00f3n de viviendas a entidades sociales para cubrir las necesidades residenciales. As\u00ed, adem\u00e1s de la cesi\u00f3n de cuatro viviendas en junio de 2019 a la asociaci\u00f3n Apoyo Mutuo, se han cedido cinco viviendas para unidades familiares y j\u00f3venes migrantes no acompa\u00f1ados y el piso del Paseo de Sarasate para crear una residencia para personas con discapacidad intelectual. Igualmente, se ha cedido el chal\u00e9 de Caparraso para unidades familiares solicitantes de protecci\u00f3n internacional y refugio, que est\u00e1n en situaci\u00f3n de m\u00e1xima vulnerabilidad.<br \/>\n<script async src=\"\/\/pagead2.googlesyndication.com\/pagead\/js\/adsbygoogle.js\"><\/script><br \/>\n<!-- Noticias La Guia de Pamplona --><br \/>\n<ins class=\"adsbygoogle\"\nstyle=\"display:block\"\ndata-ad-client=\"ca-pub-6943679897239327\"\ndata-ad-slot=\"7048180777\"\ndata-ad-format=\"auto\"><\/ins><br \/>\n<script>\n(adsbygoogle = window.adsbygoogle || []).push({});\n<\/script><\/p>\n<p><strong>Recuperaci\u00f3n y rehabilitaci\u00f3n<\/strong><\/p>\n<p>La ampliaci\u00f3n de la red de viviendas disponible para el uso por personas en situaci\u00f3n de vulnerabilidad va de la mano de la recuperaci\u00f3n y rehabilitaci\u00f3n de viviendas municipales en desuso y, en ocasiones, ocupadas. En este sentido, el Consistorio dispone de un protocolo de actuaci\u00f3n ante viviendas municipales ocupadas, en colaboraci\u00f3n con las \u00e1reas de Seguridad Ciudadana, Hacienda, Servicios Sociales, y Proyectos y Conservaci\u00f3n Urbana, junto con los servicios jur\u00eddicos municipales. Las actuaciones var\u00edan en funci\u00f3n del tipo de ocupaci\u00f3n y las necesidades de las personas que han ocupado la vivienda.<\/p>\n<p>El protocolo y la colaboraci\u00f3n entre las distintas \u00e1reas ha permitido reducir un 30% el n\u00famero de inmuebles ocupados, que han pasado de 48 en agosto de 2021 a 34 este mes de septiembre. En este \u00faltimo a\u00f1o se ha procedido a la desocupaci\u00f3n de 14 viviendas que, tras las reformas y actuaciones necesarias, podr\u00e1n incorporarse a la red de recursos municipales para personas y unidades familiares en situaci\u00f3n de vulnerabilidad y necesidad.<\/p>\n<p>Parte de la labor de rehabilitaci\u00f3n corre a cargo, adem\u00e1s de los diferentes programas de Empleo Social y de las Escuelas Taller del Ayuntamiento, que permite a personas vulnerables acceder a una formaci\u00f3n y un puesto de trabajo, que les abre la puerta a su incorporaci\u00f3n al mercado laboral. En esta legislatura, las personas participantes en estas iniciativas han colaborado en la rehabilitaci\u00f3n de siete viviendas, que han pasado a formar parte del fondo de vivienda de emergencia.<\/p>\n","protected":false},"excerpt":{"rendered":"<p>En lo que va de legislatura, el Ayuntamiento est\u00e1 invirtiendo 2,9 millones de euros en rehabilitar viviendas para soluciones habitacionales, 1,3 millones m\u00e1s que en la legislatura anterior<\/p>\n","protected":false},"author":1,"featured_media":39629,"comment_status":"open","ping_status":"closed","sticky":false,"template":"","format":"standard","meta":{"footnotes":""},"categories":[2],"tags":[],"class_list":["post-41776","post","type-post","status-publish","format-standard","has-post-thumbnail","hentry","category-ayuntamiento-pamplona"],"yoast_head":"<!-- This site is optimized with the Yoast SEO plugin v27.3 - https:\/\/yoast.com\/product\/yoast-seo-wordpress\/ -->\n<title>La ampliaci\u00f3n del fondo de viviendas de emergencia social de Pamplona ha permitido a un centenar de familias acceder a un recurso habitacional<\/title>\n<meta name=\"description\" content=\"En lo que va de legislatura, el Ayuntamiento est\u00e1 invirtiendo 2,9 millones de euros en rehabilitar viviendas para soluciones habitacionales\" \/>\n<meta name=\"robots\" content=\"index, follow, max-snippet:-1, max-image-preview:large, max-video-preview:-1\" \/>\n<link rel=\"canonical\" href=\"https:\/\/www.laguiadepamplona.com\/actualidad\/la-ampliacion-del-fondo-de-viviendas-de-emergencia-social-de-pamplona-ha-permitido-a-un-centenar-de-familias-acceder-a-un-recurso-habitacional\/\" \/>\n<meta property=\"og:locale\" content=\"es_ES\" \/>\n<meta property=\"og:type\" content=\"article\" \/>\n<meta property=\"og:title\" content=\"La ampliaci\u00f3n del fondo de viviendas de emergencia social de Pamplona ha permitido a un centenar de familias acceder a un recurso habitacional\" \/>\n<meta property=\"og:description\" content=\"En lo que va de legislatura, el Ayuntamiento est\u00e1 invirtiendo 2,9 millones de euros en rehabilitar viviendas para soluciones habitacionales\" \/>\n<meta property=\"og:url\" content=\"https:\/\/www.laguiadepamplona.com\/actualidad\/la-ampliacion-del-fondo-de-viviendas-de-emergencia-social-de-pamplona-ha-permitido-a-un-centenar-de-familias-acceder-a-un-recurso-habitacional\/\" \/>\n<meta property=\"og:site_name\" content=\"La Gu\u00eda de Pamplona\" \/>\n<meta property=\"article:publisher\" content=\"https:\/\/www.facebook.com\/laguiadepamplonacom-133175176762273\/?ref=hl\" \/>\n<meta property=\"article:published_time\" content=\"2022-10-03T10:47:27+00:00\" \/>\n<meta property=\"article:modified_time\" content=\"2023-04-11T09:47:47+00:00\" \/>\n<meta property=\"og:image\" content=\"https:\/\/www.laguiadepamplona.com\/actualidad\/wp-content\/uploads\/2022\/03\/viviendas-realojo-descalzos.jpg\" \/>\n\t<meta property=\"og:image:width\" content=\"1920\" \/>\n\t<meta property=\"og:image:height\" content=\"1281\" \/>\n\t<meta property=\"og:image:type\" content=\"image\/jpeg\" \/>\n<meta name=\"author\" content=\"La Gu\u00eda de Pamplona\" \/>\n<meta name=\"twitter:card\" content=\"summary_large_image\" \/>\n<meta name=\"twitter:creator\" content=\"@LaGuiadPamplona\" \/>\n<meta name=\"twitter:site\" content=\"@LaGuiadPamplona\" \/>\n<meta name=\"twitter:label1\" content=\"Escrito por\" \/>\n\t<meta name=\"twitter:data1\" content=\"La Gu\u00eda de Pamplona\" \/>\n\t<meta name=\"twitter:label2\" content=\"Tiempo de lectura\" \/>\n\t<meta name=\"twitter:data2\" content=\"5 minutos\" \/>\n<script type=\"application\/ld+json\" class=\"yoast-schema-graph\">{\"@context\":\"https:\\\/\\\/schema.org\",\"@graph\":[{\"@type\":\"Article\",\"@id\":\"https:\\\/\\\/www.laguiadepamplona.com\\\/actualidad\\\/la-ampliacion-del-fondo-de-viviendas-de-emergencia-social-de-pamplona-ha-permitido-a-un-centenar-de-familias-acceder-a-un-recurso-habitacional\\\/#article\",\"isPartOf\":{\"@id\":\"https:\\\/\\\/www.laguiadepamplona.com\\\/actualidad\\\/la-ampliacion-del-fondo-de-viviendas-de-emergencia-social-de-pamplona-ha-permitido-a-un-centenar-de-familias-acceder-a-un-recurso-habitacional\\\/\"},\"author\":{\"name\":\"La Gu\u00eda de Pamplona\",\"@id\":\"https:\\\/\\\/www.laguiadepamplona.com\\\/actualidad\\\/#\\\/schema\\\/person\\\/efe887376f0213d4657c93adc50b1fdb\"},\"headline\":\"La ampliaci\u00f3n del fondo de viviendas de emergencia social de Pamplona ha permitido a un centenar de familias acceder a un recurso habitacional\",\"datePublished\":\"2022-10-03T10:47:27+00:00\",\"dateModified\":\"2023-04-11T09:47:47+00:00\",\"mainEntityOfPage\":{\"@id\":\"https:\\\/\\\/www.laguiadepamplona.com\\\/actualidad\\\/la-ampliacion-del-fondo-de-viviendas-de-emergencia-social-de-pamplona-ha-permitido-a-un-centenar-de-familias-acceder-a-un-recurso-habitacional\\\/\"},\"wordCount\":1124,\"commentCount\":0,\"publisher\":{\"@id\":\"https:\\\/\\\/www.laguiadepamplona.com\\\/actualidad\\\/#organization\"},\"image\":{\"@id\":\"https:\\\/\\\/www.laguiadepamplona.com\\\/actualidad\\\/la-ampliacion-del-fondo-de-viviendas-de-emergencia-social-de-pamplona-ha-permitido-a-un-centenar-de-familias-acceder-a-un-recurso-habitacional\\\/#primaryimage\"},\"thumbnailUrl\":\"https:\\\/\\\/www.laguiadepamplona.com\\\/actualidad\\\/wp-content\\\/uploads\\\/2022\\\/03\\\/viviendas-realojo-descalzos.jpg\",\"articleSection\":[\"Ayto Pamplona\"],\"inLanguage\":\"es\",\"potentialAction\":[{\"@type\":\"CommentAction\",\"name\":\"Comment\",\"target\":[\"https:\\\/\\\/www.laguiadepamplona.com\\\/actualidad\\\/la-ampliacion-del-fondo-de-viviendas-de-emergencia-social-de-pamplona-ha-permitido-a-un-centenar-de-familias-acceder-a-un-recurso-habitacional\\\/#respond\"]}]},{\"@type\":\"WebPage\",\"@id\":\"https:\\\/\\\/www.laguiadepamplona.com\\\/actualidad\\\/la-ampliacion-del-fondo-de-viviendas-de-emergencia-social-de-pamplona-ha-permitido-a-un-centenar-de-familias-acceder-a-un-recurso-habitacional\\\/\",\"url\":\"https:\\\/\\\/www.laguiadepamplona.com\\\/actualidad\\\/la-ampliacion-del-fondo-de-viviendas-de-emergencia-social-de-pamplona-ha-permitido-a-un-centenar-de-familias-acceder-a-un-recurso-habitacional\\\/\",\"name\":\"La ampliaci\u00f3n del fondo de viviendas de emergencia social de Pamplona ha permitido a un centenar de familias acceder a un recurso habitacional\",\"isPartOf\":{\"@id\":\"https:\\\/\\\/www.laguiadepamplona.com\\\/actualidad\\\/#website\"},\"primaryImageOfPage\":{\"@id\":\"https:\\\/\\\/www.laguiadepamplona.com\\\/actualidad\\\/la-ampliacion-del-fondo-de-viviendas-de-emergencia-social-de-pamplona-ha-permitido-a-un-centenar-de-familias-acceder-a-un-recurso-habitacional\\\/#primaryimage\"},\"image\":{\"@id\":\"https:\\\/\\\/www.laguiadepamplona.com\\\/actualidad\\\/la-ampliacion-del-fondo-de-viviendas-de-emergencia-social-de-pamplona-ha-permitido-a-un-centenar-de-familias-acceder-a-un-recurso-habitacional\\\/#primaryimage\"},\"thumbnailUrl\":\"https:\\\/\\\/www.laguiadepamplona.com\\\/actualidad\\\/wp-content\\\/uploads\\\/2022\\\/03\\\/viviendas-realojo-descalzos.jpg\",\"datePublished\":\"2022-10-03T10:47:27+00:00\",\"dateModified\":\"2023-04-11T09:47:47+00:00\",\"description\":\"En lo que va de legislatura, el Ayuntamiento est\u00e1 invirtiendo 2,9 millones de euros en rehabilitar viviendas para soluciones habitacionales\",\"breadcrumb\":{\"@id\":\"https:\\\/\\\/www.laguiadepamplona.com\\\/actualidad\\\/la-ampliacion-del-fondo-de-viviendas-de-emergencia-social-de-pamplona-ha-permitido-a-un-centenar-de-familias-acceder-a-un-recurso-habitacional\\\/#breadcrumb\"},\"inLanguage\":\"es\",\"potentialAction\":[{\"@type\":\"ReadAction\",\"target\":[\"https:\\\/\\\/www.laguiadepamplona.com\\\/actualidad\\\/la-ampliacion-del-fondo-de-viviendas-de-emergencia-social-de-pamplona-ha-permitido-a-un-centenar-de-familias-acceder-a-un-recurso-habitacional\\\/\"]}]},{\"@type\":\"ImageObject\",\"inLanguage\":\"es\",\"@id\":\"https:\\\/\\\/www.laguiadepamplona.com\\\/actualidad\\\/la-ampliacion-del-fondo-de-viviendas-de-emergencia-social-de-pamplona-ha-permitido-a-un-centenar-de-familias-acceder-a-un-recurso-habitacional\\\/#primaryimage\",\"url\":\"https:\\\/\\\/www.laguiadepamplona.com\\\/actualidad\\\/wp-content\\\/uploads\\\/2022\\\/03\\\/viviendas-realojo-descalzos.jpg\",\"contentUrl\":\"https:\\\/\\\/www.laguiadepamplona.com\\\/actualidad\\\/wp-content\\\/uploads\\\/2022\\\/03\\\/viviendas-realojo-descalzos.jpg\",\"width\":1920,\"height\":1281,\"caption\":\"viviendas descalzos\"},{\"@type\":\"BreadcrumbList\",\"@id\":\"https:\\\/\\\/www.laguiadepamplona.com\\\/actualidad\\\/la-ampliacion-del-fondo-de-viviendas-de-emergencia-social-de-pamplona-ha-permitido-a-un-centenar-de-familias-acceder-a-un-recurso-habitacional\\\/#breadcrumb\",\"itemListElement\":[{\"@type\":\"ListItem\",\"position\":1,\"name\":\"Portada\",\"item\":\"https:\\\/\\\/www.laguiadepamplona.com\\\/actualidad\\\/\"},{\"@type\":\"ListItem\",\"position\":2,\"name\":\"La ampliaci\u00f3n del fondo de viviendas de emergencia social de Pamplona ha permitido a un centenar de familias acceder a un recurso habitacional\"}]},{\"@type\":\"WebSite\",\"@id\":\"https:\\\/\\\/www.laguiadepamplona.com\\\/actualidad\\\/#website\",\"url\":\"https:\\\/\\\/www.laguiadepamplona.com\\\/actualidad\\\/\",\"name\":\"La gu\u00eda de Pamplona\",\"description\":\"Noticias de Pamplona\",\"publisher\":{\"@id\":\"https:\\\/\\\/www.laguiadepamplona.com\\\/actualidad\\\/#organization\"},\"potentialAction\":[{\"@type\":\"SearchAction\",\"target\":{\"@type\":\"EntryPoint\",\"urlTemplate\":\"https:\\\/\\\/www.laguiadepamplona.com\\\/actualidad\\\/?s={search_term_string}\"},\"query-input\":{\"@type\":\"PropertyValueSpecification\",\"valueRequired\":true,\"valueName\":\"search_term_string\"}}],\"inLanguage\":\"es\"},{\"@type\":\"Organization\",\"@id\":\"https:\\\/\\\/www.laguiadepamplona.com\\\/actualidad\\\/#organization\",\"name\":\"La Gu\u00eda de Pamplona \\\/ Noticias\",\"url\":\"https:\\\/\\\/www.laguiadepamplona.com\\\/actualidad\\\/\",\"logo\":{\"@type\":\"ImageObject\",\"inLanguage\":\"es\",\"@id\":\"https:\\\/\\\/www.laguiadepamplona.com\\\/actualidad\\\/#\\\/schema\\\/logo\\\/image\\\/\",\"url\":\"https:\\\/\\\/www.laguiadepamplona.com\\\/actualidad\\\/wp-content\\\/uploads\\\/2018\\\/11\\\/logo-laguiadepamplona18-web1.png\",\"contentUrl\":\"https:\\\/\\\/www.laguiadepamplona.com\\\/actualidad\\\/wp-content\\\/uploads\\\/2018\\\/11\\\/logo-laguiadepamplona18-web1.png\",\"width\":600,\"height\":196,\"caption\":\"La Gu\u00eda de Pamplona \\\/ Noticias\"},\"image\":{\"@id\":\"https:\\\/\\\/www.laguiadepamplona.com\\\/actualidad\\\/#\\\/schema\\\/logo\\\/image\\\/\"},\"sameAs\":[\"https:\\\/\\\/www.facebook.com\\\/laguiadepamplonacom-133175176762273\\\/?ref=hl\",\"https:\\\/\\\/x.com\\\/LaGuiadPamplona\",\"https:\\\/\\\/www.instagram.com\\\/la_guia_de_pamplona\\\/\",\"https:\\\/\\\/www.youtube.com\\\/user\\\/laguiadepamplona\"]},{\"@type\":\"Person\",\"@id\":\"https:\\\/\\\/www.laguiadepamplona.com\\\/actualidad\\\/#\\\/schema\\\/person\\\/efe887376f0213d4657c93adc50b1fdb\",\"name\":\"La Gu\u00eda de Pamplona\",\"image\":{\"@type\":\"ImageObject\",\"inLanguage\":\"es\",\"@id\":\"https:\\\/\\\/secure.gravatar.com\\\/avatar\\\/b6992f131dc8d30ab0dff15446e9d346d9dbd95992de0fef795073f5ea83a81c?s=96&d=mm&r=g\",\"url\":\"https:\\\/\\\/secure.gravatar.com\\\/avatar\\\/b6992f131dc8d30ab0dff15446e9d346d9dbd95992de0fef795073f5ea83a81c?s=96&d=mm&r=g\",\"contentUrl\":\"https:\\\/\\\/secure.gravatar.com\\\/avatar\\\/b6992f131dc8d30ab0dff15446e9d346d9dbd95992de0fef795073f5ea83a81c?s=96&d=mm&r=g\",\"caption\":\"La Gu\u00eda de Pamplona\"}}]}<\/script>\n<!-- \/ Yoast SEO plugin. -->","yoast_head_json":{"title":"La ampliaci\u00f3n del fondo de viviendas de emergencia social de Pamplona ha permitido a un centenar de familias acceder a un recurso habitacional","description":"En lo que va de legislatura, el Ayuntamiento est\u00e1 invirtiendo 2,9 millones de euros en rehabilitar viviendas para soluciones habitacionales","robots":{"index":"index","follow":"follow","max-snippet":"max-snippet:-1","max-image-preview":"max-image-preview:large","max-video-preview":"max-video-preview:-1"},"canonical":"https:\/\/www.laguiadepamplona.com\/actualidad\/la-ampliacion-del-fondo-de-viviendas-de-emergencia-social-de-pamplona-ha-permitido-a-un-centenar-de-familias-acceder-a-un-recurso-habitacional\/","og_locale":"es_ES","og_type":"article","og_title":"La ampliaci\u00f3n del fondo de viviendas de emergencia social de Pamplona ha permitido a un centenar de familias acceder a un recurso habitacional","og_description":"En lo que va de legislatura, el Ayuntamiento est\u00e1 invirtiendo 2,9 millones de euros en rehabilitar viviendas para soluciones habitacionales","og_url":"https:\/\/www.laguiadepamplona.com\/actualidad\/la-ampliacion-del-fondo-de-viviendas-de-emergencia-social-de-pamplona-ha-permitido-a-un-centenar-de-familias-acceder-a-un-recurso-habitacional\/","og_site_name":"La Gu\u00eda de Pamplona","article_publisher":"https:\/\/www.facebook.com\/laguiadepamplonacom-133175176762273\/?ref=hl","article_published_time":"2022-10-03T10:47:27+00:00","article_modified_time":"2023-04-11T09:47:47+00:00","og_image":[{"width":1920,"height":1281,"url":"https:\/\/www.laguiadepamplona.com\/actualidad\/wp-content\/uploads\/2022\/03\/viviendas-realojo-descalzos.jpg","type":"image\/jpeg"}],"author":"La Gu\u00eda de Pamplona","twitter_card":"summary_large_image","twitter_creator":"@LaGuiadPamplona","twitter_site":"@LaGuiadPamplona","twitter_misc":{"Escrito por":"La Gu\u00eda de Pamplona","Tiempo de lectura":"5 minutos"},"schema":{"@context":"https:\/\/schema.org","@graph":[{"@type":"Article","@id":"https:\/\/www.laguiadepamplona.com\/actualidad\/la-ampliacion-del-fondo-de-viviendas-de-emergencia-social-de-pamplona-ha-permitido-a-un-centenar-de-familias-acceder-a-un-recurso-habitacional\/#article","isPartOf":{"@id":"https:\/\/www.laguiadepamplona.com\/actualidad\/la-ampliacion-del-fondo-de-viviendas-de-emergencia-social-de-pamplona-ha-permitido-a-un-centenar-de-familias-acceder-a-un-recurso-habitacional\/"},"author":{"name":"La Gu\u00eda de Pamplona","@id":"https:\/\/www.laguiadepamplona.com\/actualidad\/#\/schema\/person\/efe887376f0213d4657c93adc50b1fdb"},"headline":"La ampliaci\u00f3n del fondo de viviendas de emergencia social de Pamplona ha permitido a un centenar de familias acceder a un recurso habitacional","datePublished":"2022-10-03T10:47:27+00:00","dateModified":"2023-04-11T09:47:47+00:00","mainEntityOfPage":{"@id":"https:\/\/www.laguiadepamplona.com\/actualidad\/la-ampliacion-del-fondo-de-viviendas-de-emergencia-social-de-pamplona-ha-permitido-a-un-centenar-de-familias-acceder-a-un-recurso-habitacional\/"},"wordCount":1124,"commentCount":0,"publisher":{"@id":"https:\/\/www.laguiadepamplona.com\/actualidad\/#organization"},"image":{"@id":"https:\/\/www.laguiadepamplona.com\/actualidad\/la-ampliacion-del-fondo-de-viviendas-de-emergencia-social-de-pamplona-ha-permitido-a-un-centenar-de-familias-acceder-a-un-recurso-habitacional\/#primaryimage"},"thumbnailUrl":"https:\/\/www.laguiadepamplona.com\/actualidad\/wp-content\/uploads\/2022\/03\/viviendas-realojo-descalzos.jpg","articleSection":["Ayto Pamplona"],"inLanguage":"es","potentialAction":[{"@type":"CommentAction","name":"Comment","target":["https:\/\/www.laguiadepamplona.com\/actualidad\/la-ampliacion-del-fondo-de-viviendas-de-emergencia-social-de-pamplona-ha-permitido-a-un-centenar-de-familias-acceder-a-un-recurso-habitacional\/#respond"]}]},{"@type":"WebPage","@id":"https:\/\/www.laguiadepamplona.com\/actualidad\/la-ampliacion-del-fondo-de-viviendas-de-emergencia-social-de-pamplona-ha-permitido-a-un-centenar-de-familias-acceder-a-un-recurso-habitacional\/","url":"https:\/\/www.laguiadepamplona.com\/actualidad\/la-ampliacion-del-fondo-de-viviendas-de-emergencia-social-de-pamplona-ha-permitido-a-un-centenar-de-familias-acceder-a-un-recurso-habitacional\/","name":"La ampliaci\u00f3n del fondo de viviendas de emergencia social de Pamplona ha permitido a un centenar de familias acceder a un recurso habitacional","isPartOf":{"@id":"https:\/\/www.laguiadepamplona.com\/actualidad\/#website"},"primaryImageOfPage":{"@id":"https:\/\/www.laguiadepamplona.com\/actualidad\/la-ampliacion-del-fondo-de-viviendas-de-emergencia-social-de-pamplona-ha-permitido-a-un-centenar-de-familias-acceder-a-un-recurso-habitacional\/#primaryimage"},"image":{"@id":"https:\/\/www.laguiadepamplona.com\/actualidad\/la-ampliacion-del-fondo-de-viviendas-de-emergencia-social-de-pamplona-ha-permitido-a-un-centenar-de-familias-acceder-a-un-recurso-habitacional\/#primaryimage"},"thumbnailUrl":"https:\/\/www.laguiadepamplona.com\/actualidad\/wp-content\/uploads\/2022\/03\/viviendas-realojo-descalzos.jpg","datePublished":"2022-10-03T10:47:27+00:00","dateModified":"2023-04-11T09:47:47+00:00","description":"En lo que va de legislatura, el Ayuntamiento est\u00e1 invirtiendo 2,9 millones de euros en rehabilitar viviendas para soluciones habitacionales","breadcrumb":{"@id":"https:\/\/www.laguiadepamplona.com\/actualidad\/la-ampliacion-del-fondo-de-viviendas-de-emergencia-social-de-pamplona-ha-permitido-a-un-centenar-de-familias-acceder-a-un-recurso-habitacional\/#breadcrumb"},"inLanguage":"es","potentialAction":[{"@type":"ReadAction","target":["https:\/\/www.laguiadepamplona.com\/actualidad\/la-ampliacion-del-fondo-de-viviendas-de-emergencia-social-de-pamplona-ha-permitido-a-un-centenar-de-familias-acceder-a-un-recurso-habitacional\/"]}]},{"@type":"ImageObject","inLanguage":"es","@id":"https:\/\/www.laguiadepamplona.com\/actualidad\/la-ampliacion-del-fondo-de-viviendas-de-emergencia-social-de-pamplona-ha-permitido-a-un-centenar-de-familias-acceder-a-un-recurso-habitacional\/#primaryimage","url":"https:\/\/www.laguiadepamplona.com\/actualidad\/wp-content\/uploads\/2022\/03\/viviendas-realojo-descalzos.jpg","contentUrl":"https:\/\/www.laguiadepamplona.com\/actualidad\/wp-content\/uploads\/2022\/03\/viviendas-realojo-descalzos.jpg","width":1920,"height":1281,"caption":"viviendas descalzos"},{"@type":"BreadcrumbList","@id":"https:\/\/www.laguiadepamplona.com\/actualidad\/la-ampliacion-del-fondo-de-viviendas-de-emergencia-social-de-pamplona-ha-permitido-a-un-centenar-de-familias-acceder-a-un-recurso-habitacional\/#breadcrumb","itemListElement":[{"@type":"ListItem","position":1,"name":"Portada","item":"https:\/\/www.laguiadepamplona.com\/actualidad\/"},{"@type":"ListItem","position":2,"name":"La ampliaci\u00f3n del fondo de viviendas de emergencia social de Pamplona ha permitido a un centenar de familias acceder a un recurso habitacional"}]},{"@type":"WebSite","@id":"https:\/\/www.laguiadepamplona.com\/actualidad\/#website","url":"https:\/\/www.laguiadepamplona.com\/actualidad\/","name":"La gu\u00eda de Pamplona","description":"Noticias de Pamplona","publisher":{"@id":"https:\/\/www.laguiadepamplona.com\/actualidad\/#organization"},"potentialAction":[{"@type":"SearchAction","target":{"@type":"EntryPoint","urlTemplate":"https:\/\/www.laguiadepamplona.com\/actualidad\/?s={search_term_string}"},"query-input":{"@type":"PropertyValueSpecification","valueRequired":true,"valueName":"search_term_string"}}],"inLanguage":"es"},{"@type":"Organization","@id":"https:\/\/www.laguiadepamplona.com\/actualidad\/#organization","name":"La Gu\u00eda de Pamplona \/ Noticias","url":"https:\/\/www.laguiadepamplona.com\/actualidad\/","logo":{"@type":"ImageObject","inLanguage":"es","@id":"https:\/\/www.laguiadepamplona.com\/actualidad\/#\/schema\/logo\/image\/","url":"https:\/\/www.laguiadepamplona.com\/actualidad\/wp-content\/uploads\/2018\/11\/logo-laguiadepamplona18-web1.png","contentUrl":"https:\/\/www.laguiadepamplona.com\/actualidad\/wp-content\/uploads\/2018\/11\/logo-laguiadepamplona18-web1.png","width":600,"height":196,"caption":"La Gu\u00eda de Pamplona \/ Noticias"},"image":{"@id":"https:\/\/www.laguiadepamplona.com\/actualidad\/#\/schema\/logo\/image\/"},"sameAs":["https:\/\/www.facebook.com\/laguiadepamplonacom-133175176762273\/?ref=hl","https:\/\/x.com\/LaGuiadPamplona","https:\/\/www.instagram.com\/la_guia_de_pamplona\/","https:\/\/www.youtube.com\/user\/laguiadepamplona"]},{"@type":"Person","@id":"https:\/\/www.laguiadepamplona.com\/actualidad\/#\/schema\/person\/efe887376f0213d4657c93adc50b1fdb","name":"La Gu\u00eda de Pamplona","image":{"@type":"ImageObject","inLanguage":"es","@id":"https:\/\/secure.gravatar.com\/avatar\/b6992f131dc8d30ab0dff15446e9d346d9dbd95992de0fef795073f5ea83a81c?s=96&d=mm&r=g","url":"https:\/\/secure.gravatar.com\/avatar\/b6992f131dc8d30ab0dff15446e9d346d9dbd95992de0fef795073f5ea83a81c?s=96&d=mm&r=g","contentUrl":"https:\/\/secure.gravatar.com\/avatar\/b6992f131dc8d30ab0dff15446e9d346d9dbd95992de0fef795073f5ea83a81c?s=96&d=mm&r=g","caption":"La Gu\u00eda de Pamplona"}}]}},"post_mailing_queue_ids":[],"_links":{"self":[{"href":"https:\/\/www.laguiadepamplona.com\/actualidad\/wp-json\/wp\/v2\/posts\/41776","targetHints":{"allow":["GET"]}}],"collection":[{"href":"https:\/\/www.laguiadepamplona.com\/actualidad\/wp-json\/wp\/v2\/posts"}],"about":[{"href":"https:\/\/www.laguiadepamplona.com\/actualidad\/wp-json\/wp\/v2\/types\/post"}],"author":[{"embeddable":true,"href":"https:\/\/www.laguiadepamplona.com\/actualidad\/wp-json\/wp\/v2\/users\/1"}],"replies":[{"embeddable":true,"href":"https:\/\/www.laguiadepamplona.com\/actualidad\/wp-json\/wp\/v2\/comments?post=41776"}],"version-history":[{"count":0,"href":"https:\/\/www.laguiadepamplona.com\/actualidad\/wp-json\/wp\/v2\/posts\/41776\/revisions"}],"wp:featuredmedia":[{"embeddable":true,"href":"https:\/\/www.laguiadepamplona.com\/actualidad\/wp-json\/wp\/v2\/media\/39629"}],"wp:attachment":[{"href":"https:\/\/www.laguiadepamplona.com\/actualidad\/wp-json\/wp\/v2\/media?parent=41776"}],"wp:term":[{"taxonomy":"category","embeddable":true,"href":"https:\/\/www.laguiadepamplona.com\/actualidad\/wp-json\/wp\/v2\/categories?post=41776"},{"taxonomy":"post_tag","embeddable":true,"href":"https:\/\/www.laguiadepamplona.com\/actualidad\/wp-json\/wp\/v2\/tags?post=41776"}],"curies":[{"name":"wp","href":"https:\/\/api.w.org\/{rel}","templated":true}]}}