{"id":41773,"date":"2022-09-30T14:00:22","date_gmt":"2022-09-30T12:00:22","guid":{"rendered":"https:\/\/www.laguiadepamplona.com\/actualidad\/?p=41773"},"modified":"2023-04-11T11:47:47","modified_gmt":"2023-04-11T09:47:47","slug":"el-ayuntamiento-de-pamplona-retira-la-subvencion-a-la-comision-de-fiestas-del-casco-viejo-por-programar-un-acto-de-apoyo-a-tres-presos-de-eta-en-san-fermin-de-aldapa","status":"publish","type":"post","link":"https:\/\/www.laguiadepamplona.com\/actualidad\/el-ayuntamiento-de-pamplona-retira-la-subvencion-a-la-comision-de-fiestas-del-casco-viejo-por-programar-un-acto-de-apoyo-a-tres-presos-de-eta-en-san-fermin-de-aldapa\/","title":{"rendered":"El Ayuntamiento de Pamplona retira la subvenci\u00f3n a la Comisi\u00f3n de Fiestas del Casco Viejo por programar un acto de apoyo a tres presos de ETA en San Ferm\u00edn de Aldapa"},"content":{"rendered":"<h5>La asociaci\u00f3n hab\u00eda recibido 5.791,33 euros para la organizaci\u00f3n de las fiestas, cantidad que ahora deber\u00e1 devolver<\/h5>\n<p><!--more--><\/p>\n<p>El Ayuntamiento de Pamplona ha decidido retirar la subvenci\u00f3n de 5.791,33 euros que hab\u00eda concedido a la asociaci\u00f3n Comisi\u00f3n de Fiestas del Casco Viejo-Jaiberri para la organizaci\u00f3n de las fiestas de San Ferm\u00edn de Aldapa por incluir en su programa un evento de apoyo a tres presos de ETA, que contraviene las bases de la convocatoria. Dicho acto no estaba reflejado en el proyecto presentado a la convocatoria de subvenci\u00f3n.<br \/>\n<script async src=\"\/\/pagead2.googlesyndication.com\/pagead\/js\/adsbygoogle.js\"><\/script><br \/>\n<!-- Noticias La Guia de Pamplona --><br \/>\n<ins class=\"adsbygoogle\"\nstyle=\"display:block\"\ndata-ad-client=\"ca-pub-6943679897239327\"\ndata-ad-slot=\"7048180777\"\ndata-ad-format=\"auto\"><\/ins><br \/>\n<script>\n(adsbygoogle = window.adsbygoogle || []).push({});\n<\/script><\/p>\n<p>El programa de actos para las fiestas de San Ferm\u00edn de Alpada, impreso y distribuido por distintos medios, inclu\u00eda para el d\u00eda 22 de septiembre a las 19.30 horas el acto \u2018Etxerako bidea gertu\u2019, tal y como se recoge en las p\u00e1ginas 30 y 31 del programa. La actividad, descrita de nuevo en la p\u00e1gina 67 como una \u2018enkartelada berezia\u2019, no era sino un evento en la calle Mercaderes en favor de tres presos de la banda terrorista ETA. Desde el \u00c1rea de Educaci\u00f3n, Participaci\u00f3n Ciudadana y Juventud resaltan que este acto no estaba incluido en el proyecto que en su d\u00eda se present\u00f3 a la convocatoria de subvenciones, ya que, de ser as\u00ed, hubiera sido inadmitido.<\/p>\n<p>Tras la constataci\u00f3n de su inclusi\u00f3n en el programa y su celebraci\u00f3n, el Ayuntamiento de Pamplona ha elaborado un informe de modificaci\u00f3n parcial de la concesi\u00f3n de ayudas, con arreglo a las bases de la convocatoria, que en el apartado B.3., recoge que ser\u00e1n excluidos \u201clos proyectos y actividades que no respeten los derechos humanos y los valores de convivencia entre personas, o que incorporen s\u00edmbolos o elementos que puedan resultar ofensivos para la ciudadan\u00eda, vulneren su dignidad o sugieran justificaci\u00f3n de la violencia, as\u00ed como las actividades desarrolladas por partidos o asociaciones de car\u00e1cter marcadamente pol\u00edtico\u201d.<br \/>\n<script async src=\"\/\/pagead2.googlesyndication.com\/pagead\/js\/adsbygoogle.js\"><\/script><br \/>\n<!-- Noticias La Guia de Pamplona --><br \/>\n<ins class=\"adsbygoogle\"\nstyle=\"display:block\"\ndata-ad-client=\"ca-pub-6943679897239327\"\ndata-ad-slot=\"7048180777\"\ndata-ad-format=\"auto\"><\/ins><br \/>\n<script>\n(adsbygoogle = window.adsbygoogle || []).push({});\n<\/script><\/p>\n<p>Por todo ello, el Consistorio ha decidido excluir la actividad de San Ferm\u00edn de Aldapa de la convocatoria de subvenciones. S\u00ed mantiene, no obstante, el resto de actividades y actos con los que concurri\u00f3 a las ayudas la Comisi\u00f3n de Fiestas del Casco Viejo-Jaiberri: los carnavales, el D\u00eda del Casco Viejo y el Olentzero. En total, se le hab\u00edan concedido 7.821 euros, si bien, con la modificaci\u00f3n aprobada ahora y la retirada de los 5.791,83 euros correspondientes a las fiestas de San Ferm\u00edn de Aldapa, la subvenci\u00f3n que finalmente corresponde a la asociaci\u00f3n ser\u00e1n 2.029,17 euros. Como el Ayuntamiento de Pamplona ya hab\u00eda adelantado el 75% del importe concedido, la asociaci\u00f3n deber\u00e1 reintegrar 4.343,83 euros.<\/p>\n","protected":false},"excerpt":{"rendered":"<p>La asociaci\u00f3n hab\u00eda recibido 5.791,33 euros para la organizaci\u00f3n de las fiestas, cantidad que ahora deber\u00e1 devolver<\/p>\n","protected":false},"author":1,"featured_media":41774,"comment_status":"open","ping_status":"closed","sticky":false,"template":"","format":"standard","meta":{"footnotes":""},"categories":[2],"tags":[],"class_list":["post-41773","post","type-post","status-publish","format-standard","has-post-thumbnail","hentry","category-ayuntamiento-pamplona"],"yoast_head":"<!-- This site is optimized with the Yoast SEO plugin v27.3 - https:\/\/yoast.com\/product\/yoast-seo-wordpress\/ -->\n<title>El Ayuntamiento de Pamplona retira la subvenci\u00f3n a la Comisi\u00f3n de Fiestas del Casco Viejo por programar un acto de apoyo a tres presos de ETA en San Ferm\u00edn de Aldapa<\/title>\n<meta name=\"description\" content=\"La asociaci\u00f3n hab\u00eda recibido 5.791,33 euros para la organizaci\u00f3n de las fiestas, cantidad que ahora deber\u00e1 devolver\" \/>\n<meta name=\"robots\" content=\"index, follow, max-snippet:-1, max-image-preview:large, max-video-preview:-1\" \/>\n<link rel=\"canonical\" href=\"https:\/\/www.laguiadepamplona.com\/actualidad\/el-ayuntamiento-de-pamplona-retira-la-subvencion-a-la-comision-de-fiestas-del-casco-viejo-por-programar-un-acto-de-apoyo-a-tres-presos-de-eta-en-san-fermin-de-aldapa\/\" \/>\n<meta property=\"og:locale\" content=\"es_ES\" \/>\n<meta property=\"og:type\" content=\"article\" \/>\n<meta property=\"og:title\" content=\"El Ayuntamiento de Pamplona retira la subvenci\u00f3n a la Comisi\u00f3n de Fiestas del Casco Viejo por programar un acto de apoyo a tres presos de ETA en San Ferm\u00edn de Aldapa\" \/>\n<meta property=\"og:description\" content=\"La asociaci\u00f3n hab\u00eda recibido 5.791,33 euros para la organizaci\u00f3n de las fiestas, cantidad que ahora deber\u00e1 devolver\" \/>\n<meta property=\"og:url\" content=\"https:\/\/www.laguiadepamplona.com\/actualidad\/el-ayuntamiento-de-pamplona-retira-la-subvencion-a-la-comision-de-fiestas-del-casco-viejo-por-programar-un-acto-de-apoyo-a-tres-presos-de-eta-en-san-fermin-de-aldapa\/\" \/>\n<meta property=\"og:site_name\" content=\"La Gu\u00eda de Pamplona\" \/>\n<meta property=\"article:publisher\" content=\"https:\/\/www.facebook.com\/laguiadepamplonacom-133175176762273\/?ref=hl\" \/>\n<meta property=\"article:published_time\" content=\"2022-09-30T12:00:22+00:00\" \/>\n<meta property=\"article:modified_time\" content=\"2023-04-11T09:47:47+00:00\" \/>\n<meta property=\"og:image\" content=\"https:\/\/www.laguiadepamplona.com\/actualidad\/wp-content\/uploads\/2022\/09\/casco_antiguo_aerea.webp\" \/>\n\t<meta property=\"og:image:width\" content=\"1920\" \/>\n\t<meta property=\"og:image:height\" content=\"1280\" \/>\n\t<meta property=\"og:image:type\" content=\"image\/webp\" \/>\n<meta name=\"author\" content=\"La Gu\u00eda de Pamplona\" \/>\n<meta name=\"twitter:card\" content=\"summary_large_image\" \/>\n<meta name=\"twitter:creator\" content=\"@LaGuiadPamplona\" \/>\n<meta name=\"twitter:site\" content=\"@LaGuiadPamplona\" \/>\n<meta name=\"twitter:label1\" content=\"Escrito por\" \/>\n\t<meta name=\"twitter:data1\" content=\"La Gu\u00eda de Pamplona\" \/>\n\t<meta name=\"twitter:label2\" content=\"Tiempo de lectura\" \/>\n\t<meta name=\"twitter:data2\" content=\"2 minutos\" \/>\n<script type=\"application\/ld+json\" class=\"yoast-schema-graph\">{\"@context\":\"https:\\\/\\\/schema.org\",\"@graph\":[{\"@type\":\"Article\",\"@id\":\"https:\\\/\\\/www.laguiadepamplona.com\\\/actualidad\\\/el-ayuntamiento-de-pamplona-retira-la-subvencion-a-la-comision-de-fiestas-del-casco-viejo-por-programar-un-acto-de-apoyo-a-tres-presos-de-eta-en-san-fermin-de-aldapa\\\/#article\",\"isPartOf\":{\"@id\":\"https:\\\/\\\/www.laguiadepamplona.com\\\/actualidad\\\/el-ayuntamiento-de-pamplona-retira-la-subvencion-a-la-comision-de-fiestas-del-casco-viejo-por-programar-un-acto-de-apoyo-a-tres-presos-de-eta-en-san-fermin-de-aldapa\\\/\"},\"author\":{\"name\":\"La Gu\u00eda de Pamplona\",\"@id\":\"https:\\\/\\\/www.laguiadepamplona.com\\\/actualidad\\\/#\\\/schema\\\/person\\\/efe887376f0213d4657c93adc50b1fdb\"},\"headline\":\"El Ayuntamiento de Pamplona retira la subvenci\u00f3n a la Comisi\u00f3n de Fiestas del Casco Viejo por programar un acto de apoyo a tres presos de ETA en San Ferm\u00edn de Aldapa\",\"datePublished\":\"2022-09-30T12:00:22+00:00\",\"dateModified\":\"2023-04-11T09:47:47+00:00\",\"mainEntityOfPage\":{\"@id\":\"https:\\\/\\\/www.laguiadepamplona.com\\\/actualidad\\\/el-ayuntamiento-de-pamplona-retira-la-subvencion-a-la-comision-de-fiestas-del-casco-viejo-por-programar-un-acto-de-apoyo-a-tres-presos-de-eta-en-san-fermin-de-aldapa\\\/\"},\"wordCount\":478,\"commentCount\":0,\"publisher\":{\"@id\":\"https:\\\/\\\/www.laguiadepamplona.com\\\/actualidad\\\/#organization\"},\"image\":{\"@id\":\"https:\\\/\\\/www.laguiadepamplona.com\\\/actualidad\\\/el-ayuntamiento-de-pamplona-retira-la-subvencion-a-la-comision-de-fiestas-del-casco-viejo-por-programar-un-acto-de-apoyo-a-tres-presos-de-eta-en-san-fermin-de-aldapa\\\/#primaryimage\"},\"thumbnailUrl\":\"https:\\\/\\\/www.laguiadepamplona.com\\\/actualidad\\\/wp-content\\\/uploads\\\/2022\\\/09\\\/casco_antiguo_aerea.webp\",\"articleSection\":[\"Ayto Pamplona\"],\"inLanguage\":\"es\",\"potentialAction\":[{\"@type\":\"CommentAction\",\"name\":\"Comment\",\"target\":[\"https:\\\/\\\/www.laguiadepamplona.com\\\/actualidad\\\/el-ayuntamiento-de-pamplona-retira-la-subvencion-a-la-comision-de-fiestas-del-casco-viejo-por-programar-un-acto-de-apoyo-a-tres-presos-de-eta-en-san-fermin-de-aldapa\\\/#respond\"]}]},{\"@type\":\"WebPage\",\"@id\":\"https:\\\/\\\/www.laguiadepamplona.com\\\/actualidad\\\/el-ayuntamiento-de-pamplona-retira-la-subvencion-a-la-comision-de-fiestas-del-casco-viejo-por-programar-un-acto-de-apoyo-a-tres-presos-de-eta-en-san-fermin-de-aldapa\\\/\",\"url\":\"https:\\\/\\\/www.laguiadepamplona.com\\\/actualidad\\\/el-ayuntamiento-de-pamplona-retira-la-subvencion-a-la-comision-de-fiestas-del-casco-viejo-por-programar-un-acto-de-apoyo-a-tres-presos-de-eta-en-san-fermin-de-aldapa\\\/\",\"name\":\"El Ayuntamiento de Pamplona retira la subvenci\u00f3n a la Comisi\u00f3n de Fiestas del Casco Viejo por programar un acto de apoyo a tres presos de ETA en San Ferm\u00edn de Aldapa\",\"isPartOf\":{\"@id\":\"https:\\\/\\\/www.laguiadepamplona.com\\\/actualidad\\\/#website\"},\"primaryImageOfPage\":{\"@id\":\"https:\\\/\\\/www.laguiadepamplona.com\\\/actualidad\\\/el-ayuntamiento-de-pamplona-retira-la-subvencion-a-la-comision-de-fiestas-del-casco-viejo-por-programar-un-acto-de-apoyo-a-tres-presos-de-eta-en-san-fermin-de-aldapa\\\/#primaryimage\"},\"image\":{\"@id\":\"https:\\\/\\\/www.laguiadepamplona.com\\\/actualidad\\\/el-ayuntamiento-de-pamplona-retira-la-subvencion-a-la-comision-de-fiestas-del-casco-viejo-por-programar-un-acto-de-apoyo-a-tres-presos-de-eta-en-san-fermin-de-aldapa\\\/#primaryimage\"},\"thumbnailUrl\":\"https:\\\/\\\/www.laguiadepamplona.com\\\/actualidad\\\/wp-content\\\/uploads\\\/2022\\\/09\\\/casco_antiguo_aerea.webp\",\"datePublished\":\"2022-09-30T12:00:22+00:00\",\"dateModified\":\"2023-04-11T09:47:47+00:00\",\"description\":\"La asociaci\u00f3n hab\u00eda recibido 5.791,33 euros para la organizaci\u00f3n de las fiestas, cantidad que ahora deber\u00e1 devolver\",\"breadcrumb\":{\"@id\":\"https:\\\/\\\/www.laguiadepamplona.com\\\/actualidad\\\/el-ayuntamiento-de-pamplona-retira-la-subvencion-a-la-comision-de-fiestas-del-casco-viejo-por-programar-un-acto-de-apoyo-a-tres-presos-de-eta-en-san-fermin-de-aldapa\\\/#breadcrumb\"},\"inLanguage\":\"es\",\"potentialAction\":[{\"@type\":\"ReadAction\",\"target\":[\"https:\\\/\\\/www.laguiadepamplona.com\\\/actualidad\\\/el-ayuntamiento-de-pamplona-retira-la-subvencion-a-la-comision-de-fiestas-del-casco-viejo-por-programar-un-acto-de-apoyo-a-tres-presos-de-eta-en-san-fermin-de-aldapa\\\/\"]}]},{\"@type\":\"ImageObject\",\"inLanguage\":\"es\",\"@id\":\"https:\\\/\\\/www.laguiadepamplona.com\\\/actualidad\\\/el-ayuntamiento-de-pamplona-retira-la-subvencion-a-la-comision-de-fiestas-del-casco-viejo-por-programar-un-acto-de-apoyo-a-tres-presos-de-eta-en-san-fermin-de-aldapa\\\/#primaryimage\",\"url\":\"https:\\\/\\\/www.laguiadepamplona.com\\\/actualidad\\\/wp-content\\\/uploads\\\/2022\\\/09\\\/casco_antiguo_aerea.webp\",\"contentUrl\":\"https:\\\/\\\/www.laguiadepamplona.com\\\/actualidad\\\/wp-content\\\/uploads\\\/2022\\\/09\\\/casco_antiguo_aerea.webp\",\"width\":1920,\"height\":1280},{\"@type\":\"BreadcrumbList\",\"@id\":\"https:\\\/\\\/www.laguiadepamplona.com\\\/actualidad\\\/el-ayuntamiento-de-pamplona-retira-la-subvencion-a-la-comision-de-fiestas-del-casco-viejo-por-programar-un-acto-de-apoyo-a-tres-presos-de-eta-en-san-fermin-de-aldapa\\\/#breadcrumb\",\"itemListElement\":[{\"@type\":\"ListItem\",\"position\":1,\"name\":\"Portada\",\"item\":\"https:\\\/\\\/www.laguiadepamplona.com\\\/actualidad\\\/\"},{\"@type\":\"ListItem\",\"position\":2,\"name\":\"El Ayuntamiento de Pamplona retira la subvenci\u00f3n a la Comisi\u00f3n de Fiestas del Casco Viejo por programar un acto de apoyo a tres presos de ETA en San Ferm\u00edn de Aldapa\"}]},{\"@type\":\"WebSite\",\"@id\":\"https:\\\/\\\/www.laguiadepamplona.com\\\/actualidad\\\/#website\",\"url\":\"https:\\\/\\\/www.laguiadepamplona.com\\\/actualidad\\\/\",\"name\":\"La gu\u00eda de Pamplona\",\"description\":\"Noticias de Pamplona\",\"publisher\":{\"@id\":\"https:\\\/\\\/www.laguiadepamplona.com\\\/actualidad\\\/#organization\"},\"potentialAction\":[{\"@type\":\"SearchAction\",\"target\":{\"@type\":\"EntryPoint\",\"urlTemplate\":\"https:\\\/\\\/www.laguiadepamplona.com\\\/actualidad\\\/?s={search_term_string}\"},\"query-input\":{\"@type\":\"PropertyValueSpecification\",\"valueRequired\":true,\"valueName\":\"search_term_string\"}}],\"inLanguage\":\"es\"},{\"@type\":\"Organization\",\"@id\":\"https:\\\/\\\/www.laguiadepamplona.com\\\/actualidad\\\/#organization\",\"name\":\"La Gu\u00eda de Pamplona \\\/ Noticias\",\"url\":\"https:\\\/\\\/www.laguiadepamplona.com\\\/actualidad\\\/\",\"logo\":{\"@type\":\"ImageObject\",\"inLanguage\":\"es\",\"@id\":\"https:\\\/\\\/www.laguiadepamplona.com\\\/actualidad\\\/#\\\/schema\\\/logo\\\/image\\\/\",\"url\":\"https:\\\/\\\/www.laguiadepamplona.com\\\/actualidad\\\/wp-content\\\/uploads\\\/2018\\\/11\\\/logo-laguiadepamplona18-web1.png\",\"contentUrl\":\"https:\\\/\\\/www.laguiadepamplona.com\\\/actualidad\\\/wp-content\\\/uploads\\\/2018\\\/11\\\/logo-laguiadepamplona18-web1.png\",\"width\":600,\"height\":196,\"caption\":\"La Gu\u00eda de Pamplona \\\/ Noticias\"},\"image\":{\"@id\":\"https:\\\/\\\/www.laguiadepamplona.com\\\/actualidad\\\/#\\\/schema\\\/logo\\\/image\\\/\"},\"sameAs\":[\"https:\\\/\\\/www.facebook.com\\\/laguiadepamplonacom-133175176762273\\\/?ref=hl\",\"https:\\\/\\\/x.com\\\/LaGuiadPamplona\",\"https:\\\/\\\/www.instagram.com\\\/la_guia_de_pamplona\\\/\",\"https:\\\/\\\/www.youtube.com\\\/user\\\/laguiadepamplona\"]},{\"@type\":\"Person\",\"@id\":\"https:\\\/\\\/www.laguiadepamplona.com\\\/actualidad\\\/#\\\/schema\\\/person\\\/efe887376f0213d4657c93adc50b1fdb\",\"name\":\"La Gu\u00eda de Pamplona\",\"image\":{\"@type\":\"ImageObject\",\"inLanguage\":\"es\",\"@id\":\"https:\\\/\\\/secure.gravatar.com\\\/avatar\\\/b6992f131dc8d30ab0dff15446e9d346d9dbd95992de0fef795073f5ea83a81c?s=96&d=mm&r=g\",\"url\":\"https:\\\/\\\/secure.gravatar.com\\\/avatar\\\/b6992f131dc8d30ab0dff15446e9d346d9dbd95992de0fef795073f5ea83a81c?s=96&d=mm&r=g\",\"contentUrl\":\"https:\\\/\\\/secure.gravatar.com\\\/avatar\\\/b6992f131dc8d30ab0dff15446e9d346d9dbd95992de0fef795073f5ea83a81c?s=96&d=mm&r=g\",\"caption\":\"La Gu\u00eda de Pamplona\"}}]}<\/script>\n<!-- \/ Yoast SEO plugin. -->","yoast_head_json":{"title":"El Ayuntamiento de Pamplona retira la subvenci\u00f3n a la Comisi\u00f3n de Fiestas del Casco Viejo por programar un acto de apoyo a tres presos de ETA en San Ferm\u00edn de Aldapa","description":"La asociaci\u00f3n hab\u00eda recibido 5.791,33 euros para la organizaci\u00f3n de las fiestas, cantidad que ahora deber\u00e1 devolver","robots":{"index":"index","follow":"follow","max-snippet":"max-snippet:-1","max-image-preview":"max-image-preview:large","max-video-preview":"max-video-preview:-1"},"canonical":"https:\/\/www.laguiadepamplona.com\/actualidad\/el-ayuntamiento-de-pamplona-retira-la-subvencion-a-la-comision-de-fiestas-del-casco-viejo-por-programar-un-acto-de-apoyo-a-tres-presos-de-eta-en-san-fermin-de-aldapa\/","og_locale":"es_ES","og_type":"article","og_title":"El Ayuntamiento de Pamplona retira la subvenci\u00f3n a la Comisi\u00f3n de Fiestas del Casco Viejo por programar un acto de apoyo a tres presos de ETA en San Ferm\u00edn de Aldapa","og_description":"La asociaci\u00f3n hab\u00eda recibido 5.791,33 euros para la organizaci\u00f3n de las fiestas, cantidad que ahora deber\u00e1 devolver","og_url":"https:\/\/www.laguiadepamplona.com\/actualidad\/el-ayuntamiento-de-pamplona-retira-la-subvencion-a-la-comision-de-fiestas-del-casco-viejo-por-programar-un-acto-de-apoyo-a-tres-presos-de-eta-en-san-fermin-de-aldapa\/","og_site_name":"La Gu\u00eda de Pamplona","article_publisher":"https:\/\/www.facebook.com\/laguiadepamplonacom-133175176762273\/?ref=hl","article_published_time":"2022-09-30T12:00:22+00:00","article_modified_time":"2023-04-11T09:47:47+00:00","og_image":[{"width":1920,"height":1280,"url":"https:\/\/www.laguiadepamplona.com\/actualidad\/wp-content\/uploads\/2022\/09\/casco_antiguo_aerea.webp","type":"image\/webp"}],"author":"La Gu\u00eda de Pamplona","twitter_card":"summary_large_image","twitter_creator":"@LaGuiadPamplona","twitter_site":"@LaGuiadPamplona","twitter_misc":{"Escrito por":"La Gu\u00eda de Pamplona","Tiempo de lectura":"2 minutos"},"schema":{"@context":"https:\/\/schema.org","@graph":[{"@type":"Article","@id":"https:\/\/www.laguiadepamplona.com\/actualidad\/el-ayuntamiento-de-pamplona-retira-la-subvencion-a-la-comision-de-fiestas-del-casco-viejo-por-programar-un-acto-de-apoyo-a-tres-presos-de-eta-en-san-fermin-de-aldapa\/#article","isPartOf":{"@id":"https:\/\/www.laguiadepamplona.com\/actualidad\/el-ayuntamiento-de-pamplona-retira-la-subvencion-a-la-comision-de-fiestas-del-casco-viejo-por-programar-un-acto-de-apoyo-a-tres-presos-de-eta-en-san-fermin-de-aldapa\/"},"author":{"name":"La Gu\u00eda de Pamplona","@id":"https:\/\/www.laguiadepamplona.com\/actualidad\/#\/schema\/person\/efe887376f0213d4657c93adc50b1fdb"},"headline":"El Ayuntamiento de Pamplona retira la subvenci\u00f3n a la Comisi\u00f3n de Fiestas del Casco Viejo por programar un acto de apoyo a tres presos de ETA en San Ferm\u00edn de Aldapa","datePublished":"2022-09-30T12:00:22+00:00","dateModified":"2023-04-11T09:47:47+00:00","mainEntityOfPage":{"@id":"https:\/\/www.laguiadepamplona.com\/actualidad\/el-ayuntamiento-de-pamplona-retira-la-subvencion-a-la-comision-de-fiestas-del-casco-viejo-por-programar-un-acto-de-apoyo-a-tres-presos-de-eta-en-san-fermin-de-aldapa\/"},"wordCount":478,"commentCount":0,"publisher":{"@id":"https:\/\/www.laguiadepamplona.com\/actualidad\/#organization"},"image":{"@id":"https:\/\/www.laguiadepamplona.com\/actualidad\/el-ayuntamiento-de-pamplona-retira-la-subvencion-a-la-comision-de-fiestas-del-casco-viejo-por-programar-un-acto-de-apoyo-a-tres-presos-de-eta-en-san-fermin-de-aldapa\/#primaryimage"},"thumbnailUrl":"https:\/\/www.laguiadepamplona.com\/actualidad\/wp-content\/uploads\/2022\/09\/casco_antiguo_aerea.webp","articleSection":["Ayto Pamplona"],"inLanguage":"es","potentialAction":[{"@type":"CommentAction","name":"Comment","target":["https:\/\/www.laguiadepamplona.com\/actualidad\/el-ayuntamiento-de-pamplona-retira-la-subvencion-a-la-comision-de-fiestas-del-casco-viejo-por-programar-un-acto-de-apoyo-a-tres-presos-de-eta-en-san-fermin-de-aldapa\/#respond"]}]},{"@type":"WebPage","@id":"https:\/\/www.laguiadepamplona.com\/actualidad\/el-ayuntamiento-de-pamplona-retira-la-subvencion-a-la-comision-de-fiestas-del-casco-viejo-por-programar-un-acto-de-apoyo-a-tres-presos-de-eta-en-san-fermin-de-aldapa\/","url":"https:\/\/www.laguiadepamplona.com\/actualidad\/el-ayuntamiento-de-pamplona-retira-la-subvencion-a-la-comision-de-fiestas-del-casco-viejo-por-programar-un-acto-de-apoyo-a-tres-presos-de-eta-en-san-fermin-de-aldapa\/","name":"El Ayuntamiento de Pamplona retira la subvenci\u00f3n a la Comisi\u00f3n de Fiestas del Casco Viejo por programar un acto de apoyo a tres presos de ETA en San Ferm\u00edn de Aldapa","isPartOf":{"@id":"https:\/\/www.laguiadepamplona.com\/actualidad\/#website"},"primaryImageOfPage":{"@id":"https:\/\/www.laguiadepamplona.com\/actualidad\/el-ayuntamiento-de-pamplona-retira-la-subvencion-a-la-comision-de-fiestas-del-casco-viejo-por-programar-un-acto-de-apoyo-a-tres-presos-de-eta-en-san-fermin-de-aldapa\/#primaryimage"},"image":{"@id":"https:\/\/www.laguiadepamplona.com\/actualidad\/el-ayuntamiento-de-pamplona-retira-la-subvencion-a-la-comision-de-fiestas-del-casco-viejo-por-programar-un-acto-de-apoyo-a-tres-presos-de-eta-en-san-fermin-de-aldapa\/#primaryimage"},"thumbnailUrl":"https:\/\/www.laguiadepamplona.com\/actualidad\/wp-content\/uploads\/2022\/09\/casco_antiguo_aerea.webp","datePublished":"2022-09-30T12:00:22+00:00","dateModified":"2023-04-11T09:47:47+00:00","description":"La asociaci\u00f3n hab\u00eda recibido 5.791,33 euros para la organizaci\u00f3n de las fiestas, cantidad que ahora deber\u00e1 devolver","breadcrumb":{"@id":"https:\/\/www.laguiadepamplona.com\/actualidad\/el-ayuntamiento-de-pamplona-retira-la-subvencion-a-la-comision-de-fiestas-del-casco-viejo-por-programar-un-acto-de-apoyo-a-tres-presos-de-eta-en-san-fermin-de-aldapa\/#breadcrumb"},"inLanguage":"es","potentialAction":[{"@type":"ReadAction","target":["https:\/\/www.laguiadepamplona.com\/actualidad\/el-ayuntamiento-de-pamplona-retira-la-subvencion-a-la-comision-de-fiestas-del-casco-viejo-por-programar-un-acto-de-apoyo-a-tres-presos-de-eta-en-san-fermin-de-aldapa\/"]}]},{"@type":"ImageObject","inLanguage":"es","@id":"https:\/\/www.laguiadepamplona.com\/actualidad\/el-ayuntamiento-de-pamplona-retira-la-subvencion-a-la-comision-de-fiestas-del-casco-viejo-por-programar-un-acto-de-apoyo-a-tres-presos-de-eta-en-san-fermin-de-aldapa\/#primaryimage","url":"https:\/\/www.laguiadepamplona.com\/actualidad\/wp-content\/uploads\/2022\/09\/casco_antiguo_aerea.webp","contentUrl":"https:\/\/www.laguiadepamplona.com\/actualidad\/wp-content\/uploads\/2022\/09\/casco_antiguo_aerea.webp","width":1920,"height":1280},{"@type":"BreadcrumbList","@id":"https:\/\/www.laguiadepamplona.com\/actualidad\/el-ayuntamiento-de-pamplona-retira-la-subvencion-a-la-comision-de-fiestas-del-casco-viejo-por-programar-un-acto-de-apoyo-a-tres-presos-de-eta-en-san-fermin-de-aldapa\/#breadcrumb","itemListElement":[{"@type":"ListItem","position":1,"name":"Portada","item":"https:\/\/www.laguiadepamplona.com\/actualidad\/"},{"@type":"ListItem","position":2,"name":"El Ayuntamiento de Pamplona retira la subvenci\u00f3n a la Comisi\u00f3n de Fiestas del Casco Viejo por programar un acto de apoyo a tres presos de ETA en San Ferm\u00edn de Aldapa"}]},{"@type":"WebSite","@id":"https:\/\/www.laguiadepamplona.com\/actualidad\/#website","url":"https:\/\/www.laguiadepamplona.com\/actualidad\/","name":"La gu\u00eda de Pamplona","description":"Noticias de Pamplona","publisher":{"@id":"https:\/\/www.laguiadepamplona.com\/actualidad\/#organization"},"potentialAction":[{"@type":"SearchAction","target":{"@type":"EntryPoint","urlTemplate":"https:\/\/www.laguiadepamplona.com\/actualidad\/?s={search_term_string}"},"query-input":{"@type":"PropertyValueSpecification","valueRequired":true,"valueName":"search_term_string"}}],"inLanguage":"es"},{"@type":"Organization","@id":"https:\/\/www.laguiadepamplona.com\/actualidad\/#organization","name":"La Gu\u00eda de Pamplona \/ Noticias","url":"https:\/\/www.laguiadepamplona.com\/actualidad\/","logo":{"@type":"ImageObject","inLanguage":"es","@id":"https:\/\/www.laguiadepamplona.com\/actualidad\/#\/schema\/logo\/image\/","url":"https:\/\/www.laguiadepamplona.com\/actualidad\/wp-content\/uploads\/2018\/11\/logo-laguiadepamplona18-web1.png","contentUrl":"https:\/\/www.laguiadepamplona.com\/actualidad\/wp-content\/uploads\/2018\/11\/logo-laguiadepamplona18-web1.png","width":600,"height":196,"caption":"La Gu\u00eda de Pamplona \/ Noticias"},"image":{"@id":"https:\/\/www.laguiadepamplona.com\/actualidad\/#\/schema\/logo\/image\/"},"sameAs":["https:\/\/www.facebook.com\/laguiadepamplonacom-133175176762273\/?ref=hl","https:\/\/x.com\/LaGuiadPamplona","https:\/\/www.instagram.com\/la_guia_de_pamplona\/","https:\/\/www.youtube.com\/user\/laguiadepamplona"]},{"@type":"Person","@id":"https:\/\/www.laguiadepamplona.com\/actualidad\/#\/schema\/person\/efe887376f0213d4657c93adc50b1fdb","name":"La Gu\u00eda de Pamplona","image":{"@type":"ImageObject","inLanguage":"es","@id":"https:\/\/secure.gravatar.com\/avatar\/b6992f131dc8d30ab0dff15446e9d346d9dbd95992de0fef795073f5ea83a81c?s=96&d=mm&r=g","url":"https:\/\/secure.gravatar.com\/avatar\/b6992f131dc8d30ab0dff15446e9d346d9dbd95992de0fef795073f5ea83a81c?s=96&d=mm&r=g","contentUrl":"https:\/\/secure.gravatar.com\/avatar\/b6992f131dc8d30ab0dff15446e9d346d9dbd95992de0fef795073f5ea83a81c?s=96&d=mm&r=g","caption":"La Gu\u00eda de Pamplona"}}]}},"post_mailing_queue_ids":[],"_links":{"self":[{"href":"https:\/\/www.laguiadepamplona.com\/actualidad\/wp-json\/wp\/v2\/posts\/41773","targetHints":{"allow":["GET"]}}],"collection":[{"href":"https:\/\/www.laguiadepamplona.com\/actualidad\/wp-json\/wp\/v2\/posts"}],"about":[{"href":"https:\/\/www.laguiadepamplona.com\/actualidad\/wp-json\/wp\/v2\/types\/post"}],"author":[{"embeddable":true,"href":"https:\/\/www.laguiadepamplona.com\/actualidad\/wp-json\/wp\/v2\/users\/1"}],"replies":[{"embeddable":true,"href":"https:\/\/www.laguiadepamplona.com\/actualidad\/wp-json\/wp\/v2\/comments?post=41773"}],"version-history":[{"count":0,"href":"https:\/\/www.laguiadepamplona.com\/actualidad\/wp-json\/wp\/v2\/posts\/41773\/revisions"}],"wp:featuredmedia":[{"embeddable":true,"href":"https:\/\/www.laguiadepamplona.com\/actualidad\/wp-json\/wp\/v2\/media\/41774"}],"wp:attachment":[{"href":"https:\/\/www.laguiadepamplona.com\/actualidad\/wp-json\/wp\/v2\/media?parent=41773"}],"wp:term":[{"taxonomy":"category","embeddable":true,"href":"https:\/\/www.laguiadepamplona.com\/actualidad\/wp-json\/wp\/v2\/categories?post=41773"},{"taxonomy":"post_tag","embeddable":true,"href":"https:\/\/www.laguiadepamplona.com\/actualidad\/wp-json\/wp\/v2\/tags?post=41773"}],"curies":[{"name":"wp","href":"https:\/\/api.w.org\/{rel}","templated":true}]}}