{"id":41770,"date":"2022-09-30T13:37:02","date_gmt":"2022-09-30T11:37:02","guid":{"rendered":"https:\/\/www.laguiadepamplona.com\/actualidad\/?p=41770"},"modified":"2023-04-11T11:47:47","modified_gmt":"2023-04-11T09:47:47","slug":"el-consejo-municipal-de-las-personas-mayores-analiza-esta-manana-la-modificacion-de-su-reglamento-y-los-programas-dirigidos-a-esta-poblacion-en-la-ciudad","status":"publish","type":"post","link":"https:\/\/www.laguiadepamplona.com\/actualidad\/el-consejo-municipal-de-las-personas-mayores-analiza-esta-manana-la-modificacion-de-su-reglamento-y-los-programas-dirigidos-a-esta-poblacion-en-la-ciudad\/","title":{"rendered":"El Consejo Municipal de las Personas Mayores analiza esta ma\u00f1ana la modificaci\u00f3n de su reglamento y los programas dirigidos a esta poblaci\u00f3n en la ciudad"},"content":{"rendered":"<h5>Entidades de mayores han sido recibidas esta ma\u00f1ana por la Corporaci\u00f3n Municipal por el D\u00eda Internacional de las Personas de Edad<\/h5>\n<p><!--more--><\/p>\n<p>El Consejo Municipal de las Personas Mayores de Pamplona ha celebrado esta ma\u00f1ana su segunda reuni\u00f3n, tras la del pasado mes de abril. En el encuentro, en el que han estado representadas una veintena de entidades, se han abordado las modificaciones realizadas en el Reglamento del propio Consejo que pr\u00f3ximamente pasar\u00e1n a exposici\u00f3n p\u00fablica y se ha aportado informaci\u00f3n sobre las redes de mayores activadas en los barrios.<br \/>\n<script async src=\"\/\/pagead2.googlesyndication.com\/pagead\/js\/adsbygoogle.js\"><\/script><br \/>\n<!-- Noticias La Guia de Pamplona --><br \/>\n<ins class=\"adsbygoogle\"\nstyle=\"display:block\"\ndata-ad-client=\"ca-pub-6943679897239327\"\ndata-ad-slot=\"7048180777\"\ndata-ad-format=\"auto\"><\/ins><br \/>\n<script>\n(adsbygoogle = window.adsbygoogle || []).push({});\n<\/script><\/p>\n<p>En la reuni\u00f3n de este \u00f3rgano municipal, que ha tenido lugar en la Casa Consistorial, tambi\u00e9n se han analizado las novedades introducidas en los programas municipales destinados a la ciudadan\u00eda de m\u00e1s edad de Pamplona. Concretamente este octubre, y a demanda del propio Consejo, el Ayuntamiento ha programado diversos talleres trimestrales para combatir la brecha digital en esta franja de edad. Se desarrollar\u00e1n inicialmente en Casco Antiguo y posteriormente se ir\u00e1n rotando por otros barrios. Asimismo, se ha informado a los asistentes del desarrollo de los programas de Acci\u00f3n Comunitaria del Consistorio entre los que se encuentran \u2018En marcha\u2019, \u2018jueves y viernes ociosos\u2019, \u2018Siempre acompa\u00f1ados\u2019, \u2018Cuidando a quienes cuidan\u2019 o los talleres en colaboraci\u00f3n con el Tel\u00e9fono de la Esperanza dirigidos a personas mayores de 65 a\u00f1os. Los detalles de cada una de estas iniciativas se pueden encontrar en el apartado <a href=\"http:\/\/www.pamplona.es\/pamplonatecuida\" target=\"_blank\" rel=\"noopener\">web municipal de Pamplona destinado a las personas mayores<\/a>.<\/p>\n<p>Posteriormente gran parte de las entidades asistentes, con alrededor de 30 personas en representaci\u00f3n, han sido recibidos por la Corporaci\u00f3n Municipal con el alcalde Enrique Maya a la cabeza, con motivo del D\u00eda Internacional de las Personas de Edad que se celebra ma\u00f1ana 1 de octubre.<br \/>\n<script async src=\"\/\/pagead2.googlesyndication.com\/pagead\/js\/adsbygoogle.js\"><\/script><br \/>\n<!-- Noticias La Guia de Pamplona --><br \/>\n<ins class=\"adsbygoogle\"\nstyle=\"display:block\"\ndata-ad-client=\"ca-pub-6943679897239327\"\ndata-ad-slot=\"7048180777\"\ndata-ad-format=\"auto\"><\/ins><br \/>\n<script>\n(adsbygoogle = window.adsbygoogle || []).push({});\n<\/script><\/p>\n<p>El Consejo Municipal de las Personas Mayores es un \u00f3rgano que busca promover el intercambio, puesta en com\u00fan y adopci\u00f3n de soluciones ante las necesidades que se plantean con relaci\u00f3n a las personas mayores. La idea es favorecer la participaci\u00f3n activa de esta ciudadan\u00eda en el \u00e1mbito social, pol\u00edtico o cultural de la ciudad y promover actuaciones y medidas que impulsen y fomenten el voluntariado social en este campo.<\/p>\n","protected":false},"excerpt":{"rendered":"<p>Entidades de mayores han sido recibidas esta ma\u00f1ana por la Corporaci\u00f3n Municipal por el D\u00eda Internacional de las Personas de Edad<\/p>\n","protected":false},"author":1,"featured_media":41771,"comment_status":"open","ping_status":"closed","sticky":false,"template":"","format":"standard","meta":{"footnotes":""},"categories":[2],"tags":[],"class_list":["post-41770","post","type-post","status-publish","format-standard","has-post-thumbnail","hentry","category-ayuntamiento-pamplona"],"yoast_head":"<!-- This site is optimized with the Yoast SEO plugin v27.3 - https:\/\/yoast.com\/product\/yoast-seo-wordpress\/ -->\n<title>El Consejo Municipal de las Personas Mayores analiza esta ma\u00f1ana la modificaci\u00f3n de su reglamento y los programas dirigidos a esta poblaci\u00f3n en la ciudad<\/title>\n<meta name=\"description\" content=\"Entidades de mayores han sido recibidas esta ma\u00f1ana por la Corporaci\u00f3n Municipal por el D\u00eda Internacional de las Personas de Edad\" \/>\n<meta name=\"robots\" content=\"index, follow, max-snippet:-1, max-image-preview:large, max-video-preview:-1\" \/>\n<link rel=\"canonical\" href=\"https:\/\/www.laguiadepamplona.com\/actualidad\/el-consejo-municipal-de-las-personas-mayores-analiza-esta-manana-la-modificacion-de-su-reglamento-y-los-programas-dirigidos-a-esta-poblacion-en-la-ciudad\/\" \/>\n<meta property=\"og:locale\" content=\"es_ES\" \/>\n<meta property=\"og:type\" content=\"article\" \/>\n<meta property=\"og:title\" content=\"El Consejo Municipal de las Personas Mayores analiza esta ma\u00f1ana la modificaci\u00f3n de su reglamento y los programas dirigidos a esta poblaci\u00f3n en la ciudad\" \/>\n<meta property=\"og:description\" content=\"Entidades de mayores han sido recibidas esta ma\u00f1ana por la Corporaci\u00f3n Municipal por el D\u00eda Internacional de las Personas de Edad\" \/>\n<meta property=\"og:url\" content=\"https:\/\/www.laguiadepamplona.com\/actualidad\/el-consejo-municipal-de-las-personas-mayores-analiza-esta-manana-la-modificacion-de-su-reglamento-y-los-programas-dirigidos-a-esta-poblacion-en-la-ciudad\/\" \/>\n<meta property=\"og:site_name\" content=\"La Gu\u00eda de Pamplona\" \/>\n<meta property=\"article:publisher\" content=\"https:\/\/www.facebook.com\/laguiadepamplonacom-133175176762273\/?ref=hl\" \/>\n<meta property=\"article:published_time\" content=\"2022-09-30T11:37:02+00:00\" \/>\n<meta property=\"article:modified_time\" content=\"2023-04-11T09:47:47+00:00\" \/>\n<meta property=\"og:image\" content=\"https:\/\/www.laguiadepamplona.com\/actualidad\/wp-content\/uploads\/2022\/09\/q5a4867mayores22-09-30_0.webp\" \/>\n\t<meta property=\"og:image:width\" content=\"1920\" \/>\n\t<meta property=\"og:image:height\" content=\"1281\" \/>\n\t<meta property=\"og:image:type\" content=\"image\/webp\" \/>\n<meta name=\"author\" content=\"La Gu\u00eda de Pamplona\" \/>\n<meta name=\"twitter:card\" content=\"summary_large_image\" \/>\n<meta name=\"twitter:creator\" content=\"@LaGuiadPamplona\" \/>\n<meta name=\"twitter:site\" content=\"@LaGuiadPamplona\" \/>\n<meta name=\"twitter:label1\" content=\"Escrito por\" \/>\n\t<meta name=\"twitter:data1\" content=\"La Gu\u00eda de Pamplona\" \/>\n\t<meta name=\"twitter:label2\" content=\"Tiempo de lectura\" \/>\n\t<meta name=\"twitter:data2\" content=\"2 minutos\" \/>\n<script type=\"application\/ld+json\" class=\"yoast-schema-graph\">{\"@context\":\"https:\\\/\\\/schema.org\",\"@graph\":[{\"@type\":\"Article\",\"@id\":\"https:\\\/\\\/www.laguiadepamplona.com\\\/actualidad\\\/el-consejo-municipal-de-las-personas-mayores-analiza-esta-manana-la-modificacion-de-su-reglamento-y-los-programas-dirigidos-a-esta-poblacion-en-la-ciudad\\\/#article\",\"isPartOf\":{\"@id\":\"https:\\\/\\\/www.laguiadepamplona.com\\\/actualidad\\\/el-consejo-municipal-de-las-personas-mayores-analiza-esta-manana-la-modificacion-de-su-reglamento-y-los-programas-dirigidos-a-esta-poblacion-en-la-ciudad\\\/\"},\"author\":{\"name\":\"La Gu\u00eda de Pamplona\",\"@id\":\"https:\\\/\\\/www.laguiadepamplona.com\\\/actualidad\\\/#\\\/schema\\\/person\\\/efe887376f0213d4657c93adc50b1fdb\"},\"headline\":\"El Consejo Municipal de las Personas Mayores analiza esta ma\u00f1ana la modificaci\u00f3n de su reglamento y los programas dirigidos a esta poblaci\u00f3n en la ciudad\",\"datePublished\":\"2022-09-30T11:37:02+00:00\",\"dateModified\":\"2023-04-11T09:47:47+00:00\",\"mainEntityOfPage\":{\"@id\":\"https:\\\/\\\/www.laguiadepamplona.com\\\/actualidad\\\/el-consejo-municipal-de-las-personas-mayores-analiza-esta-manana-la-modificacion-de-su-reglamento-y-los-programas-dirigidos-a-esta-poblacion-en-la-ciudad\\\/\"},\"wordCount\":410,\"commentCount\":0,\"publisher\":{\"@id\":\"https:\\\/\\\/www.laguiadepamplona.com\\\/actualidad\\\/#organization\"},\"image\":{\"@id\":\"https:\\\/\\\/www.laguiadepamplona.com\\\/actualidad\\\/el-consejo-municipal-de-las-personas-mayores-analiza-esta-manana-la-modificacion-de-su-reglamento-y-los-programas-dirigidos-a-esta-poblacion-en-la-ciudad\\\/#primaryimage\"},\"thumbnailUrl\":\"https:\\\/\\\/www.laguiadepamplona.com\\\/actualidad\\\/wp-content\\\/uploads\\\/2022\\\/09\\\/q5a4867mayores22-09-30_0.webp\",\"articleSection\":[\"Ayto Pamplona\"],\"inLanguage\":\"es\",\"potentialAction\":[{\"@type\":\"CommentAction\",\"name\":\"Comment\",\"target\":[\"https:\\\/\\\/www.laguiadepamplona.com\\\/actualidad\\\/el-consejo-municipal-de-las-personas-mayores-analiza-esta-manana-la-modificacion-de-su-reglamento-y-los-programas-dirigidos-a-esta-poblacion-en-la-ciudad\\\/#respond\"]}]},{\"@type\":\"WebPage\",\"@id\":\"https:\\\/\\\/www.laguiadepamplona.com\\\/actualidad\\\/el-consejo-municipal-de-las-personas-mayores-analiza-esta-manana-la-modificacion-de-su-reglamento-y-los-programas-dirigidos-a-esta-poblacion-en-la-ciudad\\\/\",\"url\":\"https:\\\/\\\/www.laguiadepamplona.com\\\/actualidad\\\/el-consejo-municipal-de-las-personas-mayores-analiza-esta-manana-la-modificacion-de-su-reglamento-y-los-programas-dirigidos-a-esta-poblacion-en-la-ciudad\\\/\",\"name\":\"El Consejo Municipal de las Personas Mayores analiza esta ma\u00f1ana la modificaci\u00f3n de su reglamento y los programas dirigidos a esta poblaci\u00f3n en la ciudad\",\"isPartOf\":{\"@id\":\"https:\\\/\\\/www.laguiadepamplona.com\\\/actualidad\\\/#website\"},\"primaryImageOfPage\":{\"@id\":\"https:\\\/\\\/www.laguiadepamplona.com\\\/actualidad\\\/el-consejo-municipal-de-las-personas-mayores-analiza-esta-manana-la-modificacion-de-su-reglamento-y-los-programas-dirigidos-a-esta-poblacion-en-la-ciudad\\\/#primaryimage\"},\"image\":{\"@id\":\"https:\\\/\\\/www.laguiadepamplona.com\\\/actualidad\\\/el-consejo-municipal-de-las-personas-mayores-analiza-esta-manana-la-modificacion-de-su-reglamento-y-los-programas-dirigidos-a-esta-poblacion-en-la-ciudad\\\/#primaryimage\"},\"thumbnailUrl\":\"https:\\\/\\\/www.laguiadepamplona.com\\\/actualidad\\\/wp-content\\\/uploads\\\/2022\\\/09\\\/q5a4867mayores22-09-30_0.webp\",\"datePublished\":\"2022-09-30T11:37:02+00:00\",\"dateModified\":\"2023-04-11T09:47:47+00:00\",\"description\":\"Entidades de mayores han sido recibidas esta ma\u00f1ana por la Corporaci\u00f3n Municipal por el D\u00eda Internacional de las Personas de Edad\",\"breadcrumb\":{\"@id\":\"https:\\\/\\\/www.laguiadepamplona.com\\\/actualidad\\\/el-consejo-municipal-de-las-personas-mayores-analiza-esta-manana-la-modificacion-de-su-reglamento-y-los-programas-dirigidos-a-esta-poblacion-en-la-ciudad\\\/#breadcrumb\"},\"inLanguage\":\"es\",\"potentialAction\":[{\"@type\":\"ReadAction\",\"target\":[\"https:\\\/\\\/www.laguiadepamplona.com\\\/actualidad\\\/el-consejo-municipal-de-las-personas-mayores-analiza-esta-manana-la-modificacion-de-su-reglamento-y-los-programas-dirigidos-a-esta-poblacion-en-la-ciudad\\\/\"]}]},{\"@type\":\"ImageObject\",\"inLanguage\":\"es\",\"@id\":\"https:\\\/\\\/www.laguiadepamplona.com\\\/actualidad\\\/el-consejo-municipal-de-las-personas-mayores-analiza-esta-manana-la-modificacion-de-su-reglamento-y-los-programas-dirigidos-a-esta-poblacion-en-la-ciudad\\\/#primaryimage\",\"url\":\"https:\\\/\\\/www.laguiadepamplona.com\\\/actualidad\\\/wp-content\\\/uploads\\\/2022\\\/09\\\/q5a4867mayores22-09-30_0.webp\",\"contentUrl\":\"https:\\\/\\\/www.laguiadepamplona.com\\\/actualidad\\\/wp-content\\\/uploads\\\/2022\\\/09\\\/q5a4867mayores22-09-30_0.webp\",\"width\":1920,\"height\":1281},{\"@type\":\"BreadcrumbList\",\"@id\":\"https:\\\/\\\/www.laguiadepamplona.com\\\/actualidad\\\/el-consejo-municipal-de-las-personas-mayores-analiza-esta-manana-la-modificacion-de-su-reglamento-y-los-programas-dirigidos-a-esta-poblacion-en-la-ciudad\\\/#breadcrumb\",\"itemListElement\":[{\"@type\":\"ListItem\",\"position\":1,\"name\":\"Portada\",\"item\":\"https:\\\/\\\/www.laguiadepamplona.com\\\/actualidad\\\/\"},{\"@type\":\"ListItem\",\"position\":2,\"name\":\"El Consejo Municipal de las Personas Mayores analiza esta ma\u00f1ana la modificaci\u00f3n de su reglamento y los programas dirigidos a esta poblaci\u00f3n en la ciudad\"}]},{\"@type\":\"WebSite\",\"@id\":\"https:\\\/\\\/www.laguiadepamplona.com\\\/actualidad\\\/#website\",\"url\":\"https:\\\/\\\/www.laguiadepamplona.com\\\/actualidad\\\/\",\"name\":\"La gu\u00eda de Pamplona\",\"description\":\"Noticias de Pamplona\",\"publisher\":{\"@id\":\"https:\\\/\\\/www.laguiadepamplona.com\\\/actualidad\\\/#organization\"},\"potentialAction\":[{\"@type\":\"SearchAction\",\"target\":{\"@type\":\"EntryPoint\",\"urlTemplate\":\"https:\\\/\\\/www.laguiadepamplona.com\\\/actualidad\\\/?s={search_term_string}\"},\"query-input\":{\"@type\":\"PropertyValueSpecification\",\"valueRequired\":true,\"valueName\":\"search_term_string\"}}],\"inLanguage\":\"es\"},{\"@type\":\"Organization\",\"@id\":\"https:\\\/\\\/www.laguiadepamplona.com\\\/actualidad\\\/#organization\",\"name\":\"La Gu\u00eda de Pamplona \\\/ Noticias\",\"url\":\"https:\\\/\\\/www.laguiadepamplona.com\\\/actualidad\\\/\",\"logo\":{\"@type\":\"ImageObject\",\"inLanguage\":\"es\",\"@id\":\"https:\\\/\\\/www.laguiadepamplona.com\\\/actualidad\\\/#\\\/schema\\\/logo\\\/image\\\/\",\"url\":\"https:\\\/\\\/www.laguiadepamplona.com\\\/actualidad\\\/wp-content\\\/uploads\\\/2018\\\/11\\\/logo-laguiadepamplona18-web1.png\",\"contentUrl\":\"https:\\\/\\\/www.laguiadepamplona.com\\\/actualidad\\\/wp-content\\\/uploads\\\/2018\\\/11\\\/logo-laguiadepamplona18-web1.png\",\"width\":600,\"height\":196,\"caption\":\"La Gu\u00eda de Pamplona \\\/ Noticias\"},\"image\":{\"@id\":\"https:\\\/\\\/www.laguiadepamplona.com\\\/actualidad\\\/#\\\/schema\\\/logo\\\/image\\\/\"},\"sameAs\":[\"https:\\\/\\\/www.facebook.com\\\/laguiadepamplonacom-133175176762273\\\/?ref=hl\",\"https:\\\/\\\/x.com\\\/LaGuiadPamplona\",\"https:\\\/\\\/www.instagram.com\\\/la_guia_de_pamplona\\\/\",\"https:\\\/\\\/www.youtube.com\\\/user\\\/laguiadepamplona\"]},{\"@type\":\"Person\",\"@id\":\"https:\\\/\\\/www.laguiadepamplona.com\\\/actualidad\\\/#\\\/schema\\\/person\\\/efe887376f0213d4657c93adc50b1fdb\",\"name\":\"La Gu\u00eda de Pamplona\",\"image\":{\"@type\":\"ImageObject\",\"inLanguage\":\"es\",\"@id\":\"https:\\\/\\\/secure.gravatar.com\\\/avatar\\\/b6992f131dc8d30ab0dff15446e9d346d9dbd95992de0fef795073f5ea83a81c?s=96&d=mm&r=g\",\"url\":\"https:\\\/\\\/secure.gravatar.com\\\/avatar\\\/b6992f131dc8d30ab0dff15446e9d346d9dbd95992de0fef795073f5ea83a81c?s=96&d=mm&r=g\",\"contentUrl\":\"https:\\\/\\\/secure.gravatar.com\\\/avatar\\\/b6992f131dc8d30ab0dff15446e9d346d9dbd95992de0fef795073f5ea83a81c?s=96&d=mm&r=g\",\"caption\":\"La Gu\u00eda de Pamplona\"}}]}<\/script>\n<!-- \/ Yoast SEO plugin. -->","yoast_head_json":{"title":"El Consejo Municipal de las Personas Mayores analiza esta ma\u00f1ana la modificaci\u00f3n de su reglamento y los programas dirigidos a esta poblaci\u00f3n en la ciudad","description":"Entidades de mayores han sido recibidas esta ma\u00f1ana por la Corporaci\u00f3n Municipal por el D\u00eda Internacional de las Personas de Edad","robots":{"index":"index","follow":"follow","max-snippet":"max-snippet:-1","max-image-preview":"max-image-preview:large","max-video-preview":"max-video-preview:-1"},"canonical":"https:\/\/www.laguiadepamplona.com\/actualidad\/el-consejo-municipal-de-las-personas-mayores-analiza-esta-manana-la-modificacion-de-su-reglamento-y-los-programas-dirigidos-a-esta-poblacion-en-la-ciudad\/","og_locale":"es_ES","og_type":"article","og_title":"El Consejo Municipal de las Personas Mayores analiza esta ma\u00f1ana la modificaci\u00f3n de su reglamento y los programas dirigidos a esta poblaci\u00f3n en la ciudad","og_description":"Entidades de mayores han sido recibidas esta ma\u00f1ana por la Corporaci\u00f3n Municipal por el D\u00eda Internacional de las Personas de Edad","og_url":"https:\/\/www.laguiadepamplona.com\/actualidad\/el-consejo-municipal-de-las-personas-mayores-analiza-esta-manana-la-modificacion-de-su-reglamento-y-los-programas-dirigidos-a-esta-poblacion-en-la-ciudad\/","og_site_name":"La Gu\u00eda de Pamplona","article_publisher":"https:\/\/www.facebook.com\/laguiadepamplonacom-133175176762273\/?ref=hl","article_published_time":"2022-09-30T11:37:02+00:00","article_modified_time":"2023-04-11T09:47:47+00:00","og_image":[{"width":1920,"height":1281,"url":"https:\/\/www.laguiadepamplona.com\/actualidad\/wp-content\/uploads\/2022\/09\/q5a4867mayores22-09-30_0.webp","type":"image\/webp"}],"author":"La Gu\u00eda de Pamplona","twitter_card":"summary_large_image","twitter_creator":"@LaGuiadPamplona","twitter_site":"@LaGuiadPamplona","twitter_misc":{"Escrito por":"La Gu\u00eda de Pamplona","Tiempo de lectura":"2 minutos"},"schema":{"@context":"https:\/\/schema.org","@graph":[{"@type":"Article","@id":"https:\/\/www.laguiadepamplona.com\/actualidad\/el-consejo-municipal-de-las-personas-mayores-analiza-esta-manana-la-modificacion-de-su-reglamento-y-los-programas-dirigidos-a-esta-poblacion-en-la-ciudad\/#article","isPartOf":{"@id":"https:\/\/www.laguiadepamplona.com\/actualidad\/el-consejo-municipal-de-las-personas-mayores-analiza-esta-manana-la-modificacion-de-su-reglamento-y-los-programas-dirigidos-a-esta-poblacion-en-la-ciudad\/"},"author":{"name":"La Gu\u00eda de Pamplona","@id":"https:\/\/www.laguiadepamplona.com\/actualidad\/#\/schema\/person\/efe887376f0213d4657c93adc50b1fdb"},"headline":"El Consejo Municipal de las Personas Mayores analiza esta ma\u00f1ana la modificaci\u00f3n de su reglamento y los programas dirigidos a esta poblaci\u00f3n en la ciudad","datePublished":"2022-09-30T11:37:02+00:00","dateModified":"2023-04-11T09:47:47+00:00","mainEntityOfPage":{"@id":"https:\/\/www.laguiadepamplona.com\/actualidad\/el-consejo-municipal-de-las-personas-mayores-analiza-esta-manana-la-modificacion-de-su-reglamento-y-los-programas-dirigidos-a-esta-poblacion-en-la-ciudad\/"},"wordCount":410,"commentCount":0,"publisher":{"@id":"https:\/\/www.laguiadepamplona.com\/actualidad\/#organization"},"image":{"@id":"https:\/\/www.laguiadepamplona.com\/actualidad\/el-consejo-municipal-de-las-personas-mayores-analiza-esta-manana-la-modificacion-de-su-reglamento-y-los-programas-dirigidos-a-esta-poblacion-en-la-ciudad\/#primaryimage"},"thumbnailUrl":"https:\/\/www.laguiadepamplona.com\/actualidad\/wp-content\/uploads\/2022\/09\/q5a4867mayores22-09-30_0.webp","articleSection":["Ayto Pamplona"],"inLanguage":"es","potentialAction":[{"@type":"CommentAction","name":"Comment","target":["https:\/\/www.laguiadepamplona.com\/actualidad\/el-consejo-municipal-de-las-personas-mayores-analiza-esta-manana-la-modificacion-de-su-reglamento-y-los-programas-dirigidos-a-esta-poblacion-en-la-ciudad\/#respond"]}]},{"@type":"WebPage","@id":"https:\/\/www.laguiadepamplona.com\/actualidad\/el-consejo-municipal-de-las-personas-mayores-analiza-esta-manana-la-modificacion-de-su-reglamento-y-los-programas-dirigidos-a-esta-poblacion-en-la-ciudad\/","url":"https:\/\/www.laguiadepamplona.com\/actualidad\/el-consejo-municipal-de-las-personas-mayores-analiza-esta-manana-la-modificacion-de-su-reglamento-y-los-programas-dirigidos-a-esta-poblacion-en-la-ciudad\/","name":"El Consejo Municipal de las Personas Mayores analiza esta ma\u00f1ana la modificaci\u00f3n de su reglamento y los programas dirigidos a esta poblaci\u00f3n en la ciudad","isPartOf":{"@id":"https:\/\/www.laguiadepamplona.com\/actualidad\/#website"},"primaryImageOfPage":{"@id":"https:\/\/www.laguiadepamplona.com\/actualidad\/el-consejo-municipal-de-las-personas-mayores-analiza-esta-manana-la-modificacion-de-su-reglamento-y-los-programas-dirigidos-a-esta-poblacion-en-la-ciudad\/#primaryimage"},"image":{"@id":"https:\/\/www.laguiadepamplona.com\/actualidad\/el-consejo-municipal-de-las-personas-mayores-analiza-esta-manana-la-modificacion-de-su-reglamento-y-los-programas-dirigidos-a-esta-poblacion-en-la-ciudad\/#primaryimage"},"thumbnailUrl":"https:\/\/www.laguiadepamplona.com\/actualidad\/wp-content\/uploads\/2022\/09\/q5a4867mayores22-09-30_0.webp","datePublished":"2022-09-30T11:37:02+00:00","dateModified":"2023-04-11T09:47:47+00:00","description":"Entidades de mayores han sido recibidas esta ma\u00f1ana por la Corporaci\u00f3n Municipal por el D\u00eda Internacional de las Personas de Edad","breadcrumb":{"@id":"https:\/\/www.laguiadepamplona.com\/actualidad\/el-consejo-municipal-de-las-personas-mayores-analiza-esta-manana-la-modificacion-de-su-reglamento-y-los-programas-dirigidos-a-esta-poblacion-en-la-ciudad\/#breadcrumb"},"inLanguage":"es","potentialAction":[{"@type":"ReadAction","target":["https:\/\/www.laguiadepamplona.com\/actualidad\/el-consejo-municipal-de-las-personas-mayores-analiza-esta-manana-la-modificacion-de-su-reglamento-y-los-programas-dirigidos-a-esta-poblacion-en-la-ciudad\/"]}]},{"@type":"ImageObject","inLanguage":"es","@id":"https:\/\/www.laguiadepamplona.com\/actualidad\/el-consejo-municipal-de-las-personas-mayores-analiza-esta-manana-la-modificacion-de-su-reglamento-y-los-programas-dirigidos-a-esta-poblacion-en-la-ciudad\/#primaryimage","url":"https:\/\/www.laguiadepamplona.com\/actualidad\/wp-content\/uploads\/2022\/09\/q5a4867mayores22-09-30_0.webp","contentUrl":"https:\/\/www.laguiadepamplona.com\/actualidad\/wp-content\/uploads\/2022\/09\/q5a4867mayores22-09-30_0.webp","width":1920,"height":1281},{"@type":"BreadcrumbList","@id":"https:\/\/www.laguiadepamplona.com\/actualidad\/el-consejo-municipal-de-las-personas-mayores-analiza-esta-manana-la-modificacion-de-su-reglamento-y-los-programas-dirigidos-a-esta-poblacion-en-la-ciudad\/#breadcrumb","itemListElement":[{"@type":"ListItem","position":1,"name":"Portada","item":"https:\/\/www.laguiadepamplona.com\/actualidad\/"},{"@type":"ListItem","position":2,"name":"El Consejo Municipal de las Personas Mayores analiza esta ma\u00f1ana la modificaci\u00f3n de su reglamento y los programas dirigidos a esta poblaci\u00f3n en la ciudad"}]},{"@type":"WebSite","@id":"https:\/\/www.laguiadepamplona.com\/actualidad\/#website","url":"https:\/\/www.laguiadepamplona.com\/actualidad\/","name":"La gu\u00eda de Pamplona","description":"Noticias de Pamplona","publisher":{"@id":"https:\/\/www.laguiadepamplona.com\/actualidad\/#organization"},"potentialAction":[{"@type":"SearchAction","target":{"@type":"EntryPoint","urlTemplate":"https:\/\/www.laguiadepamplona.com\/actualidad\/?s={search_term_string}"},"query-input":{"@type":"PropertyValueSpecification","valueRequired":true,"valueName":"search_term_string"}}],"inLanguage":"es"},{"@type":"Organization","@id":"https:\/\/www.laguiadepamplona.com\/actualidad\/#organization","name":"La Gu\u00eda de Pamplona \/ Noticias","url":"https:\/\/www.laguiadepamplona.com\/actualidad\/","logo":{"@type":"ImageObject","inLanguage":"es","@id":"https:\/\/www.laguiadepamplona.com\/actualidad\/#\/schema\/logo\/image\/","url":"https:\/\/www.laguiadepamplona.com\/actualidad\/wp-content\/uploads\/2018\/11\/logo-laguiadepamplona18-web1.png","contentUrl":"https:\/\/www.laguiadepamplona.com\/actualidad\/wp-content\/uploads\/2018\/11\/logo-laguiadepamplona18-web1.png","width":600,"height":196,"caption":"La Gu\u00eda de Pamplona \/ Noticias"},"image":{"@id":"https:\/\/www.laguiadepamplona.com\/actualidad\/#\/schema\/logo\/image\/"},"sameAs":["https:\/\/www.facebook.com\/laguiadepamplonacom-133175176762273\/?ref=hl","https:\/\/x.com\/LaGuiadPamplona","https:\/\/www.instagram.com\/la_guia_de_pamplona\/","https:\/\/www.youtube.com\/user\/laguiadepamplona"]},{"@type":"Person","@id":"https:\/\/www.laguiadepamplona.com\/actualidad\/#\/schema\/person\/efe887376f0213d4657c93adc50b1fdb","name":"La Gu\u00eda de Pamplona","image":{"@type":"ImageObject","inLanguage":"es","@id":"https:\/\/secure.gravatar.com\/avatar\/b6992f131dc8d30ab0dff15446e9d346d9dbd95992de0fef795073f5ea83a81c?s=96&d=mm&r=g","url":"https:\/\/secure.gravatar.com\/avatar\/b6992f131dc8d30ab0dff15446e9d346d9dbd95992de0fef795073f5ea83a81c?s=96&d=mm&r=g","contentUrl":"https:\/\/secure.gravatar.com\/avatar\/b6992f131dc8d30ab0dff15446e9d346d9dbd95992de0fef795073f5ea83a81c?s=96&d=mm&r=g","caption":"La Gu\u00eda de Pamplona"}}]}},"post_mailing_queue_ids":[],"_links":{"self":[{"href":"https:\/\/www.laguiadepamplona.com\/actualidad\/wp-json\/wp\/v2\/posts\/41770","targetHints":{"allow":["GET"]}}],"collection":[{"href":"https:\/\/www.laguiadepamplona.com\/actualidad\/wp-json\/wp\/v2\/posts"}],"about":[{"href":"https:\/\/www.laguiadepamplona.com\/actualidad\/wp-json\/wp\/v2\/types\/post"}],"author":[{"embeddable":true,"href":"https:\/\/www.laguiadepamplona.com\/actualidad\/wp-json\/wp\/v2\/users\/1"}],"replies":[{"embeddable":true,"href":"https:\/\/www.laguiadepamplona.com\/actualidad\/wp-json\/wp\/v2\/comments?post=41770"}],"version-history":[{"count":0,"href":"https:\/\/www.laguiadepamplona.com\/actualidad\/wp-json\/wp\/v2\/posts\/41770\/revisions"}],"wp:featuredmedia":[{"embeddable":true,"href":"https:\/\/www.laguiadepamplona.com\/actualidad\/wp-json\/wp\/v2\/media\/41771"}],"wp:attachment":[{"href":"https:\/\/www.laguiadepamplona.com\/actualidad\/wp-json\/wp\/v2\/media?parent=41770"}],"wp:term":[{"taxonomy":"category","embeddable":true,"href":"https:\/\/www.laguiadepamplona.com\/actualidad\/wp-json\/wp\/v2\/categories?post=41770"},{"taxonomy":"post_tag","embeddable":true,"href":"https:\/\/www.laguiadepamplona.com\/actualidad\/wp-json\/wp\/v2\/tags?post=41770"}],"curies":[{"name":"wp","href":"https:\/\/api.w.org\/{rel}","templated":true}]}}