{"id":41767,"date":"2022-09-30T13:33:56","date_gmt":"2022-09-30T11:33:56","guid":{"rendered":"https:\/\/www.laguiadepamplona.com\/actualidad\/?p=41767"},"modified":"2023-04-11T11:47:47","modified_gmt":"2023-04-11T09:47:47","slug":"la-muestra-despues-de-los-encuentros-ofrece-una-exposicion-colectiva-sobre-la-influencia-que-tuvo-este-evento-en-la-trayectoria-de-una-generacion-de-artistas","status":"publish","type":"post","link":"https:\/\/www.laguiadepamplona.com\/actualidad\/la-muestra-despues-de-los-encuentros-ofrece-una-exposicion-colectiva-sobre-la-influencia-que-tuvo-este-evento-en-la-trayectoria-de-una-generacion-de-artistas\/","title":{"rendered":"La muestra \u2018Despu\u00e9s de los Encuentros\u2019 ofrece una exposici\u00f3n colectiva sobre la influencia que tuvo este evento en la trayectoria de una generaci\u00f3n de artistas"},"content":{"rendered":"<h5>La exposici\u00f3n puede visitar en la planta primera de la Sala de Armas de la Ciudadela hasta el 8 de enero<\/h5>\n<p><!--more--><\/p>\n<p>El Ayuntamiento de Pamplona, con la participaci\u00f3n del Ateneo Navarro \u2013 Nafar Ateneoa, ofrece desde el 30 de septiembre hasta el 8 de enero la muestra \u2018Despu\u00e9s de los Encuentros\u2019, una exposici\u00f3n colectiva sobre la generaci\u00f3n de artistas posterior a los Encuentros de Pamplona de 1972 que eclosion\u00f3 a partir de ellos y que supuso la primera generaci\u00f3n de autores que inici\u00f3 su trayectoria art\u00edstica en democracia.<br \/>\n<script async src=\"\/\/pagead2.googlesyndication.com\/pagead\/js\/adsbygoogle.js\"><\/script><br \/>\n<!-- Noticias La Guia de Pamplona --><br \/>\n<ins class=\"adsbygoogle\"\nstyle=\"display:block\"\ndata-ad-client=\"ca-pub-6943679897239327\"\ndata-ad-slot=\"7048180777\"\ndata-ad-format=\"auto\"><\/ins><br \/>\n<script>\n(adsbygoogle = window.adsbygoogle || []).push({});\n<\/script><\/p>\n<p>Esta ma\u00f1ana han presentado la muestra Jorge Urd\u00e1noz, director del \u00c1rea de Cultura e Igualdad del Ayuntamiento de Pamplona y Pedro Salaberri, presidente del Ateneo Navarro y co-comisario de la exposici\u00f3n junto con Javier Manzanos, t\u00e9cnico de t\u00e9cnico Artes Pl\u00e1sticas del Consistorio.<\/p>\n<p>La propuesta est\u00e1 integrada por obra realizada entre los a\u00f1os 90 del siglo XX y la primera d\u00e9cada del siglo XXI por 18 artistas nacidos entre 1956 y 1968 y que est\u00e1n en activo: F\u00e9lix Ortega, Javier Balda, Fernando Iriarte, Patxi Ezquieta, Jokin Manzanos, Asun Goikoetxea, Paco Pol\u00e1n, Dora Salazar, Txuspo Poyo, Dick Recalde, Pedro Os\u00e1kar, Txaro Fontalba, Santiago Garc\u00eda, Jorge Mart\u00ednez Huarte, Alfonso Ascunce, Jos\u00e9 Miguel Corral, Elena Go\u00f1i, Javier Muro. Son un conjunto de manifestaciones art\u00edsticas (pintura, escultura, fotograf\u00eda, etc.) en creaciones abordadas con t\u00e9cnicas y materiales diversos.<br \/>\n<script async src=\"\/\/pagead2.googlesyndication.com\/pagead\/js\/adsbygoogle.js\"><\/script><br \/>\n<!-- Noticias La Guia de Pamplona --><br \/>\n<ins class=\"adsbygoogle\"\nstyle=\"display:block\"\ndata-ad-client=\"ca-pub-6943679897239327\"\ndata-ad-slot=\"7048180777\"\ndata-ad-format=\"auto\"><\/ins><br \/>\n<script>\n(adsbygoogle = window.adsbygoogle || []).push({});\n<\/script><\/p>\n<p>La producci\u00f3n de esta exposici\u00f3n se ha realizado con la colaboraci\u00f3n de los autores, colecciones particulares y las colecciones p\u00fablicas del Ayuntamiento de Pamplona, el Museo de Navarra, Fundaci\u00f3n CajaNavarra y la Universidad P\u00fablica de Navarra (UPNA). La muestra puede visitarse en la planta primera de la Sala de Armas de la Ciudadela en horario de martes a s\u00e1bados de 11.30 a 13.30 horas y de 18 a 20.30 horas; domingos y festivos, de 11.30 a 13.30 horas, y el lunes no est\u00e1 abierta al p\u00fablico.<\/p>\n","protected":false},"excerpt":{"rendered":"<p>La exposici\u00f3n puede visitar en la planta primera de la Sala de Armas de la Ciudadela hasta el 8 de enero<\/p>\n","protected":false},"author":1,"featured_media":41768,"comment_status":"open","ping_status":"closed","sticky":false,"template":"","format":"standard","meta":{"footnotes":""},"categories":[2],"tags":[],"class_list":["post-41767","post","type-post","status-publish","format-standard","has-post-thumbnail","hentry","category-ayuntamiento-pamplona"],"yoast_head":"<!-- This site is optimized with the Yoast SEO plugin v27.3 - https:\/\/yoast.com\/product\/yoast-seo-wordpress\/ -->\n<title>La muestra \u2018Despu\u00e9s de los Encuentros\u2019 ofrece una exposici\u00f3n colectiva sobre la influencia que tuvo este evento en la trayectoria de una generaci\u00f3n de artistas<\/title>\n<meta name=\"description\" content=\"La exposici\u00f3n puede visitar en la planta primera de la Sala de Armas de la Ciudadela hasta el 8 de enero\" \/>\n<meta name=\"robots\" content=\"index, follow, max-snippet:-1, max-image-preview:large, max-video-preview:-1\" \/>\n<link rel=\"canonical\" href=\"https:\/\/www.laguiadepamplona.com\/actualidad\/la-muestra-despues-de-los-encuentros-ofrece-una-exposicion-colectiva-sobre-la-influencia-que-tuvo-este-evento-en-la-trayectoria-de-una-generacion-de-artistas\/\" \/>\n<meta property=\"og:locale\" content=\"es_ES\" \/>\n<meta property=\"og:type\" content=\"article\" \/>\n<meta property=\"og:title\" content=\"La muestra \u2018Despu\u00e9s de los Encuentros\u2019 ofrece una exposici\u00f3n colectiva sobre la influencia que tuvo este evento en la trayectoria de una generaci\u00f3n de artistas\" \/>\n<meta property=\"og:description\" content=\"La exposici\u00f3n puede visitar en la planta primera de la Sala de Armas de la Ciudadela hasta el 8 de enero\" \/>\n<meta property=\"og:url\" content=\"https:\/\/www.laguiadepamplona.com\/actualidad\/la-muestra-despues-de-los-encuentros-ofrece-una-exposicion-colectiva-sobre-la-influencia-que-tuvo-este-evento-en-la-trayectoria-de-una-generacion-de-artistas\/\" \/>\n<meta property=\"og:site_name\" content=\"La Gu\u00eda de Pamplona\" \/>\n<meta property=\"article:publisher\" content=\"https:\/\/www.facebook.com\/laguiadepamplonacom-133175176762273\/?ref=hl\" \/>\n<meta property=\"article:published_time\" content=\"2022-09-30T11:33:56+00:00\" \/>\n<meta property=\"article:modified_time\" content=\"2023-04-11T09:47:47+00:00\" \/>\n<meta property=\"og:image\" content=\"https:\/\/www.laguiadepamplona.com\/actualidad\/wp-content\/uploads\/2022\/09\/despues-de-los-encuentros4.webp\" \/>\n\t<meta property=\"og:image:width\" content=\"1920\" \/>\n\t<meta property=\"og:image:height\" content=\"1440\" \/>\n\t<meta property=\"og:image:type\" content=\"image\/webp\" \/>\n<meta name=\"author\" content=\"La Gu\u00eda de Pamplona\" \/>\n<meta name=\"twitter:card\" content=\"summary_large_image\" \/>\n<meta name=\"twitter:creator\" content=\"@LaGuiadPamplona\" \/>\n<meta name=\"twitter:site\" content=\"@LaGuiadPamplona\" \/>\n<meta name=\"twitter:label1\" content=\"Escrito por\" \/>\n\t<meta name=\"twitter:data1\" content=\"La Gu\u00eda de Pamplona\" \/>\n\t<meta name=\"twitter:label2\" content=\"Tiempo de lectura\" \/>\n\t<meta name=\"twitter:data2\" content=\"2 minutos\" \/>\n<script type=\"application\/ld+json\" class=\"yoast-schema-graph\">{\"@context\":\"https:\\\/\\\/schema.org\",\"@graph\":[{\"@type\":\"Article\",\"@id\":\"https:\\\/\\\/www.laguiadepamplona.com\\\/actualidad\\\/la-muestra-despues-de-los-encuentros-ofrece-una-exposicion-colectiva-sobre-la-influencia-que-tuvo-este-evento-en-la-trayectoria-de-una-generacion-de-artistas\\\/#article\",\"isPartOf\":{\"@id\":\"https:\\\/\\\/www.laguiadepamplona.com\\\/actualidad\\\/la-muestra-despues-de-los-encuentros-ofrece-una-exposicion-colectiva-sobre-la-influencia-que-tuvo-este-evento-en-la-trayectoria-de-una-generacion-de-artistas\\\/\"},\"author\":{\"name\":\"La Gu\u00eda de Pamplona\",\"@id\":\"https:\\\/\\\/www.laguiadepamplona.com\\\/actualidad\\\/#\\\/schema\\\/person\\\/efe887376f0213d4657c93adc50b1fdb\"},\"headline\":\"La muestra \u2018Despu\u00e9s de los Encuentros\u2019 ofrece una exposici\u00f3n colectiva sobre la influencia que tuvo este evento en la trayectoria de una generaci\u00f3n de artistas\",\"datePublished\":\"2022-09-30T11:33:56+00:00\",\"dateModified\":\"2023-04-11T09:47:47+00:00\",\"mainEntityOfPage\":{\"@id\":\"https:\\\/\\\/www.laguiadepamplona.com\\\/actualidad\\\/la-muestra-despues-de-los-encuentros-ofrece-una-exposicion-colectiva-sobre-la-influencia-que-tuvo-este-evento-en-la-trayectoria-de-una-generacion-de-artistas\\\/\"},\"wordCount\":352,\"commentCount\":0,\"publisher\":{\"@id\":\"https:\\\/\\\/www.laguiadepamplona.com\\\/actualidad\\\/#organization\"},\"image\":{\"@id\":\"https:\\\/\\\/www.laguiadepamplona.com\\\/actualidad\\\/la-muestra-despues-de-los-encuentros-ofrece-una-exposicion-colectiva-sobre-la-influencia-que-tuvo-este-evento-en-la-trayectoria-de-una-generacion-de-artistas\\\/#primaryimage\"},\"thumbnailUrl\":\"https:\\\/\\\/www.laguiadepamplona.com\\\/actualidad\\\/wp-content\\\/uploads\\\/2022\\\/09\\\/despues-de-los-encuentros4.webp\",\"articleSection\":[\"Ayto Pamplona\"],\"inLanguage\":\"es\",\"potentialAction\":[{\"@type\":\"CommentAction\",\"name\":\"Comment\",\"target\":[\"https:\\\/\\\/www.laguiadepamplona.com\\\/actualidad\\\/la-muestra-despues-de-los-encuentros-ofrece-una-exposicion-colectiva-sobre-la-influencia-que-tuvo-este-evento-en-la-trayectoria-de-una-generacion-de-artistas\\\/#respond\"]}]},{\"@type\":\"WebPage\",\"@id\":\"https:\\\/\\\/www.laguiadepamplona.com\\\/actualidad\\\/la-muestra-despues-de-los-encuentros-ofrece-una-exposicion-colectiva-sobre-la-influencia-que-tuvo-este-evento-en-la-trayectoria-de-una-generacion-de-artistas\\\/\",\"url\":\"https:\\\/\\\/www.laguiadepamplona.com\\\/actualidad\\\/la-muestra-despues-de-los-encuentros-ofrece-una-exposicion-colectiva-sobre-la-influencia-que-tuvo-este-evento-en-la-trayectoria-de-una-generacion-de-artistas\\\/\",\"name\":\"La muestra \u2018Despu\u00e9s de los Encuentros\u2019 ofrece una exposici\u00f3n colectiva sobre la influencia que tuvo este evento en la trayectoria de una generaci\u00f3n de artistas\",\"isPartOf\":{\"@id\":\"https:\\\/\\\/www.laguiadepamplona.com\\\/actualidad\\\/#website\"},\"primaryImageOfPage\":{\"@id\":\"https:\\\/\\\/www.laguiadepamplona.com\\\/actualidad\\\/la-muestra-despues-de-los-encuentros-ofrece-una-exposicion-colectiva-sobre-la-influencia-que-tuvo-este-evento-en-la-trayectoria-de-una-generacion-de-artistas\\\/#primaryimage\"},\"image\":{\"@id\":\"https:\\\/\\\/www.laguiadepamplona.com\\\/actualidad\\\/la-muestra-despues-de-los-encuentros-ofrece-una-exposicion-colectiva-sobre-la-influencia-que-tuvo-este-evento-en-la-trayectoria-de-una-generacion-de-artistas\\\/#primaryimage\"},\"thumbnailUrl\":\"https:\\\/\\\/www.laguiadepamplona.com\\\/actualidad\\\/wp-content\\\/uploads\\\/2022\\\/09\\\/despues-de-los-encuentros4.webp\",\"datePublished\":\"2022-09-30T11:33:56+00:00\",\"dateModified\":\"2023-04-11T09:47:47+00:00\",\"description\":\"La exposici\u00f3n puede visitar en la planta primera de la Sala de Armas de la Ciudadela hasta el 8 de enero\",\"breadcrumb\":{\"@id\":\"https:\\\/\\\/www.laguiadepamplona.com\\\/actualidad\\\/la-muestra-despues-de-los-encuentros-ofrece-una-exposicion-colectiva-sobre-la-influencia-que-tuvo-este-evento-en-la-trayectoria-de-una-generacion-de-artistas\\\/#breadcrumb\"},\"inLanguage\":\"es\",\"potentialAction\":[{\"@type\":\"ReadAction\",\"target\":[\"https:\\\/\\\/www.laguiadepamplona.com\\\/actualidad\\\/la-muestra-despues-de-los-encuentros-ofrece-una-exposicion-colectiva-sobre-la-influencia-que-tuvo-este-evento-en-la-trayectoria-de-una-generacion-de-artistas\\\/\"]}]},{\"@type\":\"ImageObject\",\"inLanguage\":\"es\",\"@id\":\"https:\\\/\\\/www.laguiadepamplona.com\\\/actualidad\\\/la-muestra-despues-de-los-encuentros-ofrece-una-exposicion-colectiva-sobre-la-influencia-que-tuvo-este-evento-en-la-trayectoria-de-una-generacion-de-artistas\\\/#primaryimage\",\"url\":\"https:\\\/\\\/www.laguiadepamplona.com\\\/actualidad\\\/wp-content\\\/uploads\\\/2022\\\/09\\\/despues-de-los-encuentros4.webp\",\"contentUrl\":\"https:\\\/\\\/www.laguiadepamplona.com\\\/actualidad\\\/wp-content\\\/uploads\\\/2022\\\/09\\\/despues-de-los-encuentros4.webp\",\"width\":1920,\"height\":1440},{\"@type\":\"BreadcrumbList\",\"@id\":\"https:\\\/\\\/www.laguiadepamplona.com\\\/actualidad\\\/la-muestra-despues-de-los-encuentros-ofrece-una-exposicion-colectiva-sobre-la-influencia-que-tuvo-este-evento-en-la-trayectoria-de-una-generacion-de-artistas\\\/#breadcrumb\",\"itemListElement\":[{\"@type\":\"ListItem\",\"position\":1,\"name\":\"Portada\",\"item\":\"https:\\\/\\\/www.laguiadepamplona.com\\\/actualidad\\\/\"},{\"@type\":\"ListItem\",\"position\":2,\"name\":\"La muestra \u2018Despu\u00e9s de los Encuentros\u2019 ofrece una exposici\u00f3n colectiva sobre la influencia que tuvo este evento en la trayectoria de una generaci\u00f3n de artistas\"}]},{\"@type\":\"WebSite\",\"@id\":\"https:\\\/\\\/www.laguiadepamplona.com\\\/actualidad\\\/#website\",\"url\":\"https:\\\/\\\/www.laguiadepamplona.com\\\/actualidad\\\/\",\"name\":\"La gu\u00eda de Pamplona\",\"description\":\"Noticias de Pamplona\",\"publisher\":{\"@id\":\"https:\\\/\\\/www.laguiadepamplona.com\\\/actualidad\\\/#organization\"},\"potentialAction\":[{\"@type\":\"SearchAction\",\"target\":{\"@type\":\"EntryPoint\",\"urlTemplate\":\"https:\\\/\\\/www.laguiadepamplona.com\\\/actualidad\\\/?s={search_term_string}\"},\"query-input\":{\"@type\":\"PropertyValueSpecification\",\"valueRequired\":true,\"valueName\":\"search_term_string\"}}],\"inLanguage\":\"es\"},{\"@type\":\"Organization\",\"@id\":\"https:\\\/\\\/www.laguiadepamplona.com\\\/actualidad\\\/#organization\",\"name\":\"La Gu\u00eda de Pamplona \\\/ Noticias\",\"url\":\"https:\\\/\\\/www.laguiadepamplona.com\\\/actualidad\\\/\",\"logo\":{\"@type\":\"ImageObject\",\"inLanguage\":\"es\",\"@id\":\"https:\\\/\\\/www.laguiadepamplona.com\\\/actualidad\\\/#\\\/schema\\\/logo\\\/image\\\/\",\"url\":\"https:\\\/\\\/www.laguiadepamplona.com\\\/actualidad\\\/wp-content\\\/uploads\\\/2018\\\/11\\\/logo-laguiadepamplona18-web1.png\",\"contentUrl\":\"https:\\\/\\\/www.laguiadepamplona.com\\\/actualidad\\\/wp-content\\\/uploads\\\/2018\\\/11\\\/logo-laguiadepamplona18-web1.png\",\"width\":600,\"height\":196,\"caption\":\"La Gu\u00eda de Pamplona \\\/ Noticias\"},\"image\":{\"@id\":\"https:\\\/\\\/www.laguiadepamplona.com\\\/actualidad\\\/#\\\/schema\\\/logo\\\/image\\\/\"},\"sameAs\":[\"https:\\\/\\\/www.facebook.com\\\/laguiadepamplonacom-133175176762273\\\/?ref=hl\",\"https:\\\/\\\/x.com\\\/LaGuiadPamplona\",\"https:\\\/\\\/www.instagram.com\\\/la_guia_de_pamplona\\\/\",\"https:\\\/\\\/www.youtube.com\\\/user\\\/laguiadepamplona\"]},{\"@type\":\"Person\",\"@id\":\"https:\\\/\\\/www.laguiadepamplona.com\\\/actualidad\\\/#\\\/schema\\\/person\\\/efe887376f0213d4657c93adc50b1fdb\",\"name\":\"La Gu\u00eda de Pamplona\",\"image\":{\"@type\":\"ImageObject\",\"inLanguage\":\"es\",\"@id\":\"https:\\\/\\\/secure.gravatar.com\\\/avatar\\\/b6992f131dc8d30ab0dff15446e9d346d9dbd95992de0fef795073f5ea83a81c?s=96&d=mm&r=g\",\"url\":\"https:\\\/\\\/secure.gravatar.com\\\/avatar\\\/b6992f131dc8d30ab0dff15446e9d346d9dbd95992de0fef795073f5ea83a81c?s=96&d=mm&r=g\",\"contentUrl\":\"https:\\\/\\\/secure.gravatar.com\\\/avatar\\\/b6992f131dc8d30ab0dff15446e9d346d9dbd95992de0fef795073f5ea83a81c?s=96&d=mm&r=g\",\"caption\":\"La Gu\u00eda de Pamplona\"}}]}<\/script>\n<!-- \/ Yoast SEO plugin. -->","yoast_head_json":{"title":"La muestra \u2018Despu\u00e9s de los Encuentros\u2019 ofrece una exposici\u00f3n colectiva sobre la influencia que tuvo este evento en la trayectoria de una generaci\u00f3n de artistas","description":"La exposici\u00f3n puede visitar en la planta primera de la Sala de Armas de la Ciudadela hasta el 8 de enero","robots":{"index":"index","follow":"follow","max-snippet":"max-snippet:-1","max-image-preview":"max-image-preview:large","max-video-preview":"max-video-preview:-1"},"canonical":"https:\/\/www.laguiadepamplona.com\/actualidad\/la-muestra-despues-de-los-encuentros-ofrece-una-exposicion-colectiva-sobre-la-influencia-que-tuvo-este-evento-en-la-trayectoria-de-una-generacion-de-artistas\/","og_locale":"es_ES","og_type":"article","og_title":"La muestra \u2018Despu\u00e9s de los Encuentros\u2019 ofrece una exposici\u00f3n colectiva sobre la influencia que tuvo este evento en la trayectoria de una generaci\u00f3n de artistas","og_description":"La exposici\u00f3n puede visitar en la planta primera de la Sala de Armas de la Ciudadela hasta el 8 de enero","og_url":"https:\/\/www.laguiadepamplona.com\/actualidad\/la-muestra-despues-de-los-encuentros-ofrece-una-exposicion-colectiva-sobre-la-influencia-que-tuvo-este-evento-en-la-trayectoria-de-una-generacion-de-artistas\/","og_site_name":"La Gu\u00eda de Pamplona","article_publisher":"https:\/\/www.facebook.com\/laguiadepamplonacom-133175176762273\/?ref=hl","article_published_time":"2022-09-30T11:33:56+00:00","article_modified_time":"2023-04-11T09:47:47+00:00","og_image":[{"width":1920,"height":1440,"url":"https:\/\/www.laguiadepamplona.com\/actualidad\/wp-content\/uploads\/2022\/09\/despues-de-los-encuentros4.webp","type":"image\/webp"}],"author":"La Gu\u00eda de Pamplona","twitter_card":"summary_large_image","twitter_creator":"@LaGuiadPamplona","twitter_site":"@LaGuiadPamplona","twitter_misc":{"Escrito por":"La Gu\u00eda de Pamplona","Tiempo de lectura":"2 minutos"},"schema":{"@context":"https:\/\/schema.org","@graph":[{"@type":"Article","@id":"https:\/\/www.laguiadepamplona.com\/actualidad\/la-muestra-despues-de-los-encuentros-ofrece-una-exposicion-colectiva-sobre-la-influencia-que-tuvo-este-evento-en-la-trayectoria-de-una-generacion-de-artistas\/#article","isPartOf":{"@id":"https:\/\/www.laguiadepamplona.com\/actualidad\/la-muestra-despues-de-los-encuentros-ofrece-una-exposicion-colectiva-sobre-la-influencia-que-tuvo-este-evento-en-la-trayectoria-de-una-generacion-de-artistas\/"},"author":{"name":"La Gu\u00eda de Pamplona","@id":"https:\/\/www.laguiadepamplona.com\/actualidad\/#\/schema\/person\/efe887376f0213d4657c93adc50b1fdb"},"headline":"La muestra \u2018Despu\u00e9s de los Encuentros\u2019 ofrece una exposici\u00f3n colectiva sobre la influencia que tuvo este evento en la trayectoria de una generaci\u00f3n de artistas","datePublished":"2022-09-30T11:33:56+00:00","dateModified":"2023-04-11T09:47:47+00:00","mainEntityOfPage":{"@id":"https:\/\/www.laguiadepamplona.com\/actualidad\/la-muestra-despues-de-los-encuentros-ofrece-una-exposicion-colectiva-sobre-la-influencia-que-tuvo-este-evento-en-la-trayectoria-de-una-generacion-de-artistas\/"},"wordCount":352,"commentCount":0,"publisher":{"@id":"https:\/\/www.laguiadepamplona.com\/actualidad\/#organization"},"image":{"@id":"https:\/\/www.laguiadepamplona.com\/actualidad\/la-muestra-despues-de-los-encuentros-ofrece-una-exposicion-colectiva-sobre-la-influencia-que-tuvo-este-evento-en-la-trayectoria-de-una-generacion-de-artistas\/#primaryimage"},"thumbnailUrl":"https:\/\/www.laguiadepamplona.com\/actualidad\/wp-content\/uploads\/2022\/09\/despues-de-los-encuentros4.webp","articleSection":["Ayto Pamplona"],"inLanguage":"es","potentialAction":[{"@type":"CommentAction","name":"Comment","target":["https:\/\/www.laguiadepamplona.com\/actualidad\/la-muestra-despues-de-los-encuentros-ofrece-una-exposicion-colectiva-sobre-la-influencia-que-tuvo-este-evento-en-la-trayectoria-de-una-generacion-de-artistas\/#respond"]}]},{"@type":"WebPage","@id":"https:\/\/www.laguiadepamplona.com\/actualidad\/la-muestra-despues-de-los-encuentros-ofrece-una-exposicion-colectiva-sobre-la-influencia-que-tuvo-este-evento-en-la-trayectoria-de-una-generacion-de-artistas\/","url":"https:\/\/www.laguiadepamplona.com\/actualidad\/la-muestra-despues-de-los-encuentros-ofrece-una-exposicion-colectiva-sobre-la-influencia-que-tuvo-este-evento-en-la-trayectoria-de-una-generacion-de-artistas\/","name":"La muestra \u2018Despu\u00e9s de los Encuentros\u2019 ofrece una exposici\u00f3n colectiva sobre la influencia que tuvo este evento en la trayectoria de una generaci\u00f3n de artistas","isPartOf":{"@id":"https:\/\/www.laguiadepamplona.com\/actualidad\/#website"},"primaryImageOfPage":{"@id":"https:\/\/www.laguiadepamplona.com\/actualidad\/la-muestra-despues-de-los-encuentros-ofrece-una-exposicion-colectiva-sobre-la-influencia-que-tuvo-este-evento-en-la-trayectoria-de-una-generacion-de-artistas\/#primaryimage"},"image":{"@id":"https:\/\/www.laguiadepamplona.com\/actualidad\/la-muestra-despues-de-los-encuentros-ofrece-una-exposicion-colectiva-sobre-la-influencia-que-tuvo-este-evento-en-la-trayectoria-de-una-generacion-de-artistas\/#primaryimage"},"thumbnailUrl":"https:\/\/www.laguiadepamplona.com\/actualidad\/wp-content\/uploads\/2022\/09\/despues-de-los-encuentros4.webp","datePublished":"2022-09-30T11:33:56+00:00","dateModified":"2023-04-11T09:47:47+00:00","description":"La exposici\u00f3n puede visitar en la planta primera de la Sala de Armas de la Ciudadela hasta el 8 de enero","breadcrumb":{"@id":"https:\/\/www.laguiadepamplona.com\/actualidad\/la-muestra-despues-de-los-encuentros-ofrece-una-exposicion-colectiva-sobre-la-influencia-que-tuvo-este-evento-en-la-trayectoria-de-una-generacion-de-artistas\/#breadcrumb"},"inLanguage":"es","potentialAction":[{"@type":"ReadAction","target":["https:\/\/www.laguiadepamplona.com\/actualidad\/la-muestra-despues-de-los-encuentros-ofrece-una-exposicion-colectiva-sobre-la-influencia-que-tuvo-este-evento-en-la-trayectoria-de-una-generacion-de-artistas\/"]}]},{"@type":"ImageObject","inLanguage":"es","@id":"https:\/\/www.laguiadepamplona.com\/actualidad\/la-muestra-despues-de-los-encuentros-ofrece-una-exposicion-colectiva-sobre-la-influencia-que-tuvo-este-evento-en-la-trayectoria-de-una-generacion-de-artistas\/#primaryimage","url":"https:\/\/www.laguiadepamplona.com\/actualidad\/wp-content\/uploads\/2022\/09\/despues-de-los-encuentros4.webp","contentUrl":"https:\/\/www.laguiadepamplona.com\/actualidad\/wp-content\/uploads\/2022\/09\/despues-de-los-encuentros4.webp","width":1920,"height":1440},{"@type":"BreadcrumbList","@id":"https:\/\/www.laguiadepamplona.com\/actualidad\/la-muestra-despues-de-los-encuentros-ofrece-una-exposicion-colectiva-sobre-la-influencia-que-tuvo-este-evento-en-la-trayectoria-de-una-generacion-de-artistas\/#breadcrumb","itemListElement":[{"@type":"ListItem","position":1,"name":"Portada","item":"https:\/\/www.laguiadepamplona.com\/actualidad\/"},{"@type":"ListItem","position":2,"name":"La muestra \u2018Despu\u00e9s de los Encuentros\u2019 ofrece una exposici\u00f3n colectiva sobre la influencia que tuvo este evento en la trayectoria de una generaci\u00f3n de artistas"}]},{"@type":"WebSite","@id":"https:\/\/www.laguiadepamplona.com\/actualidad\/#website","url":"https:\/\/www.laguiadepamplona.com\/actualidad\/","name":"La gu\u00eda de Pamplona","description":"Noticias de Pamplona","publisher":{"@id":"https:\/\/www.laguiadepamplona.com\/actualidad\/#organization"},"potentialAction":[{"@type":"SearchAction","target":{"@type":"EntryPoint","urlTemplate":"https:\/\/www.laguiadepamplona.com\/actualidad\/?s={search_term_string}"},"query-input":{"@type":"PropertyValueSpecification","valueRequired":true,"valueName":"search_term_string"}}],"inLanguage":"es"},{"@type":"Organization","@id":"https:\/\/www.laguiadepamplona.com\/actualidad\/#organization","name":"La Gu\u00eda de Pamplona \/ Noticias","url":"https:\/\/www.laguiadepamplona.com\/actualidad\/","logo":{"@type":"ImageObject","inLanguage":"es","@id":"https:\/\/www.laguiadepamplona.com\/actualidad\/#\/schema\/logo\/image\/","url":"https:\/\/www.laguiadepamplona.com\/actualidad\/wp-content\/uploads\/2018\/11\/logo-laguiadepamplona18-web1.png","contentUrl":"https:\/\/www.laguiadepamplona.com\/actualidad\/wp-content\/uploads\/2018\/11\/logo-laguiadepamplona18-web1.png","width":600,"height":196,"caption":"La Gu\u00eda de Pamplona \/ Noticias"},"image":{"@id":"https:\/\/www.laguiadepamplona.com\/actualidad\/#\/schema\/logo\/image\/"},"sameAs":["https:\/\/www.facebook.com\/laguiadepamplonacom-133175176762273\/?ref=hl","https:\/\/x.com\/LaGuiadPamplona","https:\/\/www.instagram.com\/la_guia_de_pamplona\/","https:\/\/www.youtube.com\/user\/laguiadepamplona"]},{"@type":"Person","@id":"https:\/\/www.laguiadepamplona.com\/actualidad\/#\/schema\/person\/efe887376f0213d4657c93adc50b1fdb","name":"La Gu\u00eda de Pamplona","image":{"@type":"ImageObject","inLanguage":"es","@id":"https:\/\/secure.gravatar.com\/avatar\/b6992f131dc8d30ab0dff15446e9d346d9dbd95992de0fef795073f5ea83a81c?s=96&d=mm&r=g","url":"https:\/\/secure.gravatar.com\/avatar\/b6992f131dc8d30ab0dff15446e9d346d9dbd95992de0fef795073f5ea83a81c?s=96&d=mm&r=g","contentUrl":"https:\/\/secure.gravatar.com\/avatar\/b6992f131dc8d30ab0dff15446e9d346d9dbd95992de0fef795073f5ea83a81c?s=96&d=mm&r=g","caption":"La Gu\u00eda de Pamplona"}}]}},"post_mailing_queue_ids":[],"_links":{"self":[{"href":"https:\/\/www.laguiadepamplona.com\/actualidad\/wp-json\/wp\/v2\/posts\/41767","targetHints":{"allow":["GET"]}}],"collection":[{"href":"https:\/\/www.laguiadepamplona.com\/actualidad\/wp-json\/wp\/v2\/posts"}],"about":[{"href":"https:\/\/www.laguiadepamplona.com\/actualidad\/wp-json\/wp\/v2\/types\/post"}],"author":[{"embeddable":true,"href":"https:\/\/www.laguiadepamplona.com\/actualidad\/wp-json\/wp\/v2\/users\/1"}],"replies":[{"embeddable":true,"href":"https:\/\/www.laguiadepamplona.com\/actualidad\/wp-json\/wp\/v2\/comments?post=41767"}],"version-history":[{"count":0,"href":"https:\/\/www.laguiadepamplona.com\/actualidad\/wp-json\/wp\/v2\/posts\/41767\/revisions"}],"wp:featuredmedia":[{"embeddable":true,"href":"https:\/\/www.laguiadepamplona.com\/actualidad\/wp-json\/wp\/v2\/media\/41768"}],"wp:attachment":[{"href":"https:\/\/www.laguiadepamplona.com\/actualidad\/wp-json\/wp\/v2\/media?parent=41767"}],"wp:term":[{"taxonomy":"category","embeddable":true,"href":"https:\/\/www.laguiadepamplona.com\/actualidad\/wp-json\/wp\/v2\/categories?post=41767"},{"taxonomy":"post_tag","embeddable":true,"href":"https:\/\/www.laguiadepamplona.com\/actualidad\/wp-json\/wp\/v2\/tags?post=41767"}],"curies":[{"name":"wp","href":"https:\/\/api.w.org\/{rel}","templated":true}]}}