{"id":41765,"date":"2022-09-30T13:32:15","date_gmt":"2022-09-30T11:32:15","guid":{"rendered":"https:\/\/www.laguiadepamplona.com\/actualidad\/?p=41765"},"modified":"2023-04-11T11:47:47","modified_gmt":"2023-04-11T09:47:47","slug":"la-casa-consistorial-lucira-este-sabado-de-color-verde-para-adherirse-a-la-campana-nacional-octubre-mes-de-la-artritis-y-la-espondiloartritis","status":"publish","type":"post","link":"https:\/\/www.laguiadepamplona.com\/actualidad\/la-casa-consistorial-lucira-este-sabado-de-color-verde-para-adherirse-a-la-campana-nacional-octubre-mes-de-la-artritis-y-la-espondiloartritis\/","title":{"rendered":"La Casa Consistorial lucir\u00e1 este s\u00e1bado de color verde para adherirse a la campa\u00f1a nacional \u2018Octubre, mes de la artritis y la espondiloartritis\u2019"},"content":{"rendered":"<p><!--more--><\/p>\n<p>El Ayuntamiento de Pamplona se une este s\u00e1bado a la campa\u00f1a nacional \u2018Octubre, mes de la artritis y espondiloartritis\u2019 e iluminar\u00e1 la fachada de la Casa Consistorial de color verde. Esta campa\u00f1a pretende concienciar sobre estas enfermedades que afectan en Espa\u00f1a a m\u00e1s de un mill\u00f3n de personas de todas las edades. Esta solicitud de iluminaci\u00f3n la ha propuesto la Coordinadora Nacional de Artritis (ConArtritis).<\/p>\n<p>La artritis y la espondiloartritis, entre las que se encuentran la artritis reumatoide, la artritis psori\u00e1sica, la artritis idiop\u00e1tica juvenil,\u00a0<strong>s<\/strong>e caracterizan por producir inflamaci\u00f3n articular, rigidez, dolor constante, falta de movilidad y fatiga, pudiendo afectar a otros \u00f3rganos o sistemas, lo que repercute negativamente en la calidad de vida de las personas que las tienen. Son patolog\u00edas cr\u00f3nicas y pueden llegar a ser incapacitantes.<br \/>\n<script async src=\"\/\/pagead2.googlesyndication.com\/pagead\/js\/adsbygoogle.js\"><\/script><br \/>\n<!-- Noticias La Guia de Pamplona --><br \/>\n<ins class=\"adsbygoogle\"\nstyle=\"display:block\"\ndata-ad-client=\"ca-pub-6943679897239327\"\ndata-ad-slot=\"7048180777\"\ndata-ad-format=\"auto\"><\/ins><br \/>\n<script>\n(adsbygoogle = window.adsbygoogle || []).push({});\n<\/script><\/p>\n<p>La\u00a0<a href=\"http:\/\/www.conartritis.org\/\" target=\"_blank\" rel=\"noopener\">Coordinadora Nacional de Artritis<\/a>, ConArtritis, es la asociaci\u00f3n de pacientes que representa a las personas con diferentes tipolog\u00edas de artritis. Tiene como objetivo aunar fuerzas y hacer que estas enfermedades sean reconocibles y conocidas, tanto por las personas que las tienen y sus familiares, as\u00ed como por los profesionales de la salud, la sociedad general y las diversas administraciones, ofreciendo\u00a0informaci\u00f3n veraz y actualizada. Las acciones vinculadas a esta campa\u00f1a de octubre se pueden compartir en redes sociales con el hashtag #OctAR22 o @ConArtritis.<\/p>\n","protected":false},"excerpt":{"rendered":"","protected":false},"author":1,"featured_media":33755,"comment_status":"open","ping_status":"closed","sticky":false,"template":"","format":"standard","meta":{"footnotes":""},"categories":[2],"tags":[],"class_list":["post-41765","post","type-post","status-publish","format-standard","has-post-thumbnail","hentry","category-ayuntamiento-pamplona"],"yoast_head":"<!-- This site is optimized with the Yoast SEO plugin v27.3 - https:\/\/yoast.com\/product\/yoast-seo-wordpress\/ -->\n<title>La Casa Consistorial lucir\u00e1 este s\u00e1bado de color verde para adherirse a la campa\u00f1a nacional \u2018Octubre, mes de la artritis y la espondiloartritis\u2019<\/title>\n<meta name=\"description\" content=\"La artritis y la espondiloartritis, entre las que se encuentran la artritis reumatoide, la artritis psori\u00e1sica, la artritis idiop\u00e1tica juvenil\" \/>\n<meta name=\"robots\" content=\"index, follow, max-snippet:-1, max-image-preview:large, max-video-preview:-1\" \/>\n<link rel=\"canonical\" href=\"https:\/\/www.laguiadepamplona.com\/actualidad\/la-casa-consistorial-lucira-este-sabado-de-color-verde-para-adherirse-a-la-campana-nacional-octubre-mes-de-la-artritis-y-la-espondiloartritis\/\" \/>\n<meta property=\"og:locale\" content=\"es_ES\" \/>\n<meta property=\"og:type\" content=\"article\" \/>\n<meta property=\"og:title\" content=\"La Casa Consistorial lucir\u00e1 este s\u00e1bado de color verde para adherirse a la campa\u00f1a nacional \u2018Octubre, mes de la artritis y la espondiloartritis\u2019\" \/>\n<meta property=\"og:description\" content=\"La artritis y la espondiloartritis, entre las que se encuentran la artritis reumatoide, la artritis psori\u00e1sica, la artritis idiop\u00e1tica juvenil\" \/>\n<meta property=\"og:url\" content=\"https:\/\/www.laguiadepamplona.com\/actualidad\/la-casa-consistorial-lucira-este-sabado-de-color-verde-para-adherirse-a-la-campana-nacional-octubre-mes-de-la-artritis-y-la-espondiloartritis\/\" \/>\n<meta property=\"og:site_name\" content=\"La Gu\u00eda de Pamplona\" \/>\n<meta property=\"article:publisher\" content=\"https:\/\/www.facebook.com\/laguiadepamplonacom-133175176762273\/?ref=hl\" \/>\n<meta property=\"article:published_time\" content=\"2022-09-30T11:32:15+00:00\" \/>\n<meta property=\"article:modified_time\" content=\"2023-04-11T09:47:47+00:00\" \/>\n<meta property=\"og:image\" content=\"https:\/\/www.laguiadepamplona.com\/actualidad\/wp-content\/uploads\/2021\/03\/aytoverde_JGV1123.jpg\" \/>\n\t<meta property=\"og:image:width\" content=\"1920\" \/>\n\t<meta property=\"og:image:height\" content=\"1280\" \/>\n\t<meta property=\"og:image:type\" content=\"image\/jpeg\" \/>\n<meta name=\"author\" content=\"La Gu\u00eda de Pamplona\" \/>\n<meta name=\"twitter:card\" content=\"summary_large_image\" \/>\n<meta name=\"twitter:creator\" content=\"@LaGuiadPamplona\" \/>\n<meta name=\"twitter:site\" content=\"@LaGuiadPamplona\" \/>\n<meta name=\"twitter:label1\" content=\"Escrito por\" \/>\n\t<meta name=\"twitter:data1\" content=\"La Gu\u00eda de Pamplona\" \/>\n\t<meta name=\"twitter:label2\" content=\"Tiempo de lectura\" \/>\n\t<meta name=\"twitter:data2\" content=\"1 minuto\" \/>\n<script type=\"application\/ld+json\" class=\"yoast-schema-graph\">{\"@context\":\"https:\\\/\\\/schema.org\",\"@graph\":[{\"@type\":\"Article\",\"@id\":\"https:\\\/\\\/www.laguiadepamplona.com\\\/actualidad\\\/la-casa-consistorial-lucira-este-sabado-de-color-verde-para-adherirse-a-la-campana-nacional-octubre-mes-de-la-artritis-y-la-espondiloartritis\\\/#article\",\"isPartOf\":{\"@id\":\"https:\\\/\\\/www.laguiadepamplona.com\\\/actualidad\\\/la-casa-consistorial-lucira-este-sabado-de-color-verde-para-adherirse-a-la-campana-nacional-octubre-mes-de-la-artritis-y-la-espondiloartritis\\\/\"},\"author\":{\"name\":\"La Gu\u00eda de Pamplona\",\"@id\":\"https:\\\/\\\/www.laguiadepamplona.com\\\/actualidad\\\/#\\\/schema\\\/person\\\/efe887376f0213d4657c93adc50b1fdb\"},\"headline\":\"La Casa Consistorial lucir\u00e1 este s\u00e1bado de color verde para adherirse a la campa\u00f1a nacional \u2018Octubre, mes de la artritis y la espondiloartritis\u2019\",\"datePublished\":\"2022-09-30T11:32:15+00:00\",\"dateModified\":\"2023-04-11T09:47:47+00:00\",\"mainEntityOfPage\":{\"@id\":\"https:\\\/\\\/www.laguiadepamplona.com\\\/actualidad\\\/la-casa-consistorial-lucira-este-sabado-de-color-verde-para-adherirse-a-la-campana-nacional-octubre-mes-de-la-artritis-y-la-espondiloartritis\\\/\"},\"wordCount\":256,\"commentCount\":0,\"publisher\":{\"@id\":\"https:\\\/\\\/www.laguiadepamplona.com\\\/actualidad\\\/#organization\"},\"image\":{\"@id\":\"https:\\\/\\\/www.laguiadepamplona.com\\\/actualidad\\\/la-casa-consistorial-lucira-este-sabado-de-color-verde-para-adherirse-a-la-campana-nacional-octubre-mes-de-la-artritis-y-la-espondiloartritis\\\/#primaryimage\"},\"thumbnailUrl\":\"https:\\\/\\\/www.laguiadepamplona.com\\\/actualidad\\\/wp-content\\\/uploads\\\/2021\\\/03\\\/aytoverde_JGV1123.jpg\",\"articleSection\":[\"Ayto Pamplona\"],\"inLanguage\":\"es\",\"potentialAction\":[{\"@type\":\"CommentAction\",\"name\":\"Comment\",\"target\":[\"https:\\\/\\\/www.laguiadepamplona.com\\\/actualidad\\\/la-casa-consistorial-lucira-este-sabado-de-color-verde-para-adherirse-a-la-campana-nacional-octubre-mes-de-la-artritis-y-la-espondiloartritis\\\/#respond\"]}]},{\"@type\":\"WebPage\",\"@id\":\"https:\\\/\\\/www.laguiadepamplona.com\\\/actualidad\\\/la-casa-consistorial-lucira-este-sabado-de-color-verde-para-adherirse-a-la-campana-nacional-octubre-mes-de-la-artritis-y-la-espondiloartritis\\\/\",\"url\":\"https:\\\/\\\/www.laguiadepamplona.com\\\/actualidad\\\/la-casa-consistorial-lucira-este-sabado-de-color-verde-para-adherirse-a-la-campana-nacional-octubre-mes-de-la-artritis-y-la-espondiloartritis\\\/\",\"name\":\"La Casa Consistorial lucir\u00e1 este s\u00e1bado de color verde para adherirse a la campa\u00f1a nacional \u2018Octubre, mes de la artritis y la espondiloartritis\u2019\",\"isPartOf\":{\"@id\":\"https:\\\/\\\/www.laguiadepamplona.com\\\/actualidad\\\/#website\"},\"primaryImageOfPage\":{\"@id\":\"https:\\\/\\\/www.laguiadepamplona.com\\\/actualidad\\\/la-casa-consistorial-lucira-este-sabado-de-color-verde-para-adherirse-a-la-campana-nacional-octubre-mes-de-la-artritis-y-la-espondiloartritis\\\/#primaryimage\"},\"image\":{\"@id\":\"https:\\\/\\\/www.laguiadepamplona.com\\\/actualidad\\\/la-casa-consistorial-lucira-este-sabado-de-color-verde-para-adherirse-a-la-campana-nacional-octubre-mes-de-la-artritis-y-la-espondiloartritis\\\/#primaryimage\"},\"thumbnailUrl\":\"https:\\\/\\\/www.laguiadepamplona.com\\\/actualidad\\\/wp-content\\\/uploads\\\/2021\\\/03\\\/aytoverde_JGV1123.jpg\",\"datePublished\":\"2022-09-30T11:32:15+00:00\",\"dateModified\":\"2023-04-11T09:47:47+00:00\",\"description\":\"La artritis y la espondiloartritis, entre las que se encuentran la artritis reumatoide, la artritis psori\u00e1sica, la artritis idiop\u00e1tica juvenil\",\"breadcrumb\":{\"@id\":\"https:\\\/\\\/www.laguiadepamplona.com\\\/actualidad\\\/la-casa-consistorial-lucira-este-sabado-de-color-verde-para-adherirse-a-la-campana-nacional-octubre-mes-de-la-artritis-y-la-espondiloartritis\\\/#breadcrumb\"},\"inLanguage\":\"es\",\"potentialAction\":[{\"@type\":\"ReadAction\",\"target\":[\"https:\\\/\\\/www.laguiadepamplona.com\\\/actualidad\\\/la-casa-consistorial-lucira-este-sabado-de-color-verde-para-adherirse-a-la-campana-nacional-octubre-mes-de-la-artritis-y-la-espondiloartritis\\\/\"]}]},{\"@type\":\"ImageObject\",\"inLanguage\":\"es\",\"@id\":\"https:\\\/\\\/www.laguiadepamplona.com\\\/actualidad\\\/la-casa-consistorial-lucira-este-sabado-de-color-verde-para-adherirse-a-la-campana-nacional-octubre-mes-de-la-artritis-y-la-espondiloartritis\\\/#primaryimage\",\"url\":\"https:\\\/\\\/www.laguiadepamplona.com\\\/actualidad\\\/wp-content\\\/uploads\\\/2021\\\/03\\\/aytoverde_JGV1123.jpg\",\"contentUrl\":\"https:\\\/\\\/www.laguiadepamplona.com\\\/actualidad\\\/wp-content\\\/uploads\\\/2021\\\/03\\\/aytoverde_JGV1123.jpg\",\"width\":1920,\"height\":1280,\"caption\":\"A* Jes\u00fas Garzaron F* 2020_11_19 T* Fachada del Ayuntamiento iluminada de verde L* Ayuntamiento de Pamplona\"},{\"@type\":\"BreadcrumbList\",\"@id\":\"https:\\\/\\\/www.laguiadepamplona.com\\\/actualidad\\\/la-casa-consistorial-lucira-este-sabado-de-color-verde-para-adherirse-a-la-campana-nacional-octubre-mes-de-la-artritis-y-la-espondiloartritis\\\/#breadcrumb\",\"itemListElement\":[{\"@type\":\"ListItem\",\"position\":1,\"name\":\"Portada\",\"item\":\"https:\\\/\\\/www.laguiadepamplona.com\\\/actualidad\\\/\"},{\"@type\":\"ListItem\",\"position\":2,\"name\":\"La Casa Consistorial lucir\u00e1 este s\u00e1bado de color verde para adherirse a la campa\u00f1a nacional \u2018Octubre, mes de la artritis y la espondiloartritis\u2019\"}]},{\"@type\":\"WebSite\",\"@id\":\"https:\\\/\\\/www.laguiadepamplona.com\\\/actualidad\\\/#website\",\"url\":\"https:\\\/\\\/www.laguiadepamplona.com\\\/actualidad\\\/\",\"name\":\"La gu\u00eda de Pamplona\",\"description\":\"Noticias de Pamplona\",\"publisher\":{\"@id\":\"https:\\\/\\\/www.laguiadepamplona.com\\\/actualidad\\\/#organization\"},\"potentialAction\":[{\"@type\":\"SearchAction\",\"target\":{\"@type\":\"EntryPoint\",\"urlTemplate\":\"https:\\\/\\\/www.laguiadepamplona.com\\\/actualidad\\\/?s={search_term_string}\"},\"query-input\":{\"@type\":\"PropertyValueSpecification\",\"valueRequired\":true,\"valueName\":\"search_term_string\"}}],\"inLanguage\":\"es\"},{\"@type\":\"Organization\",\"@id\":\"https:\\\/\\\/www.laguiadepamplona.com\\\/actualidad\\\/#organization\",\"name\":\"La Gu\u00eda de Pamplona \\\/ Noticias\",\"url\":\"https:\\\/\\\/www.laguiadepamplona.com\\\/actualidad\\\/\",\"logo\":{\"@type\":\"ImageObject\",\"inLanguage\":\"es\",\"@id\":\"https:\\\/\\\/www.laguiadepamplona.com\\\/actualidad\\\/#\\\/schema\\\/logo\\\/image\\\/\",\"url\":\"https:\\\/\\\/www.laguiadepamplona.com\\\/actualidad\\\/wp-content\\\/uploads\\\/2018\\\/11\\\/logo-laguiadepamplona18-web1.png\",\"contentUrl\":\"https:\\\/\\\/www.laguiadepamplona.com\\\/actualidad\\\/wp-content\\\/uploads\\\/2018\\\/11\\\/logo-laguiadepamplona18-web1.png\",\"width\":600,\"height\":196,\"caption\":\"La Gu\u00eda de Pamplona \\\/ Noticias\"},\"image\":{\"@id\":\"https:\\\/\\\/www.laguiadepamplona.com\\\/actualidad\\\/#\\\/schema\\\/logo\\\/image\\\/\"},\"sameAs\":[\"https:\\\/\\\/www.facebook.com\\\/laguiadepamplonacom-133175176762273\\\/?ref=hl\",\"https:\\\/\\\/x.com\\\/LaGuiadPamplona\",\"https:\\\/\\\/www.instagram.com\\\/la_guia_de_pamplona\\\/\",\"https:\\\/\\\/www.youtube.com\\\/user\\\/laguiadepamplona\"]},{\"@type\":\"Person\",\"@id\":\"https:\\\/\\\/www.laguiadepamplona.com\\\/actualidad\\\/#\\\/schema\\\/person\\\/efe887376f0213d4657c93adc50b1fdb\",\"name\":\"La Gu\u00eda de Pamplona\",\"image\":{\"@type\":\"ImageObject\",\"inLanguage\":\"es\",\"@id\":\"https:\\\/\\\/secure.gravatar.com\\\/avatar\\\/b6992f131dc8d30ab0dff15446e9d346d9dbd95992de0fef795073f5ea83a81c?s=96&d=mm&r=g\",\"url\":\"https:\\\/\\\/secure.gravatar.com\\\/avatar\\\/b6992f131dc8d30ab0dff15446e9d346d9dbd95992de0fef795073f5ea83a81c?s=96&d=mm&r=g\",\"contentUrl\":\"https:\\\/\\\/secure.gravatar.com\\\/avatar\\\/b6992f131dc8d30ab0dff15446e9d346d9dbd95992de0fef795073f5ea83a81c?s=96&d=mm&r=g\",\"caption\":\"La Gu\u00eda de Pamplona\"}}]}<\/script>\n<!-- \/ Yoast SEO plugin. -->","yoast_head_json":{"title":"La Casa Consistorial lucir\u00e1 este s\u00e1bado de color verde para adherirse a la campa\u00f1a nacional \u2018Octubre, mes de la artritis y la espondiloartritis\u2019","description":"La artritis y la espondiloartritis, entre las que se encuentran la artritis reumatoide, la artritis psori\u00e1sica, la artritis idiop\u00e1tica juvenil","robots":{"index":"index","follow":"follow","max-snippet":"max-snippet:-1","max-image-preview":"max-image-preview:large","max-video-preview":"max-video-preview:-1"},"canonical":"https:\/\/www.laguiadepamplona.com\/actualidad\/la-casa-consistorial-lucira-este-sabado-de-color-verde-para-adherirse-a-la-campana-nacional-octubre-mes-de-la-artritis-y-la-espondiloartritis\/","og_locale":"es_ES","og_type":"article","og_title":"La Casa Consistorial lucir\u00e1 este s\u00e1bado de color verde para adherirse a la campa\u00f1a nacional \u2018Octubre, mes de la artritis y la espondiloartritis\u2019","og_description":"La artritis y la espondiloartritis, entre las que se encuentran la artritis reumatoide, la artritis psori\u00e1sica, la artritis idiop\u00e1tica juvenil","og_url":"https:\/\/www.laguiadepamplona.com\/actualidad\/la-casa-consistorial-lucira-este-sabado-de-color-verde-para-adherirse-a-la-campana-nacional-octubre-mes-de-la-artritis-y-la-espondiloartritis\/","og_site_name":"La Gu\u00eda de Pamplona","article_publisher":"https:\/\/www.facebook.com\/laguiadepamplonacom-133175176762273\/?ref=hl","article_published_time":"2022-09-30T11:32:15+00:00","article_modified_time":"2023-04-11T09:47:47+00:00","og_image":[{"width":1920,"height":1280,"url":"https:\/\/www.laguiadepamplona.com\/actualidad\/wp-content\/uploads\/2021\/03\/aytoverde_JGV1123.jpg","type":"image\/jpeg"}],"author":"La Gu\u00eda de Pamplona","twitter_card":"summary_large_image","twitter_creator":"@LaGuiadPamplona","twitter_site":"@LaGuiadPamplona","twitter_misc":{"Escrito por":"La Gu\u00eda de Pamplona","Tiempo de lectura":"1 minuto"},"schema":{"@context":"https:\/\/schema.org","@graph":[{"@type":"Article","@id":"https:\/\/www.laguiadepamplona.com\/actualidad\/la-casa-consistorial-lucira-este-sabado-de-color-verde-para-adherirse-a-la-campana-nacional-octubre-mes-de-la-artritis-y-la-espondiloartritis\/#article","isPartOf":{"@id":"https:\/\/www.laguiadepamplona.com\/actualidad\/la-casa-consistorial-lucira-este-sabado-de-color-verde-para-adherirse-a-la-campana-nacional-octubre-mes-de-la-artritis-y-la-espondiloartritis\/"},"author":{"name":"La Gu\u00eda de Pamplona","@id":"https:\/\/www.laguiadepamplona.com\/actualidad\/#\/schema\/person\/efe887376f0213d4657c93adc50b1fdb"},"headline":"La Casa Consistorial lucir\u00e1 este s\u00e1bado de color verde para adherirse a la campa\u00f1a nacional \u2018Octubre, mes de la artritis y la espondiloartritis\u2019","datePublished":"2022-09-30T11:32:15+00:00","dateModified":"2023-04-11T09:47:47+00:00","mainEntityOfPage":{"@id":"https:\/\/www.laguiadepamplona.com\/actualidad\/la-casa-consistorial-lucira-este-sabado-de-color-verde-para-adherirse-a-la-campana-nacional-octubre-mes-de-la-artritis-y-la-espondiloartritis\/"},"wordCount":256,"commentCount":0,"publisher":{"@id":"https:\/\/www.laguiadepamplona.com\/actualidad\/#organization"},"image":{"@id":"https:\/\/www.laguiadepamplona.com\/actualidad\/la-casa-consistorial-lucira-este-sabado-de-color-verde-para-adherirse-a-la-campana-nacional-octubre-mes-de-la-artritis-y-la-espondiloartritis\/#primaryimage"},"thumbnailUrl":"https:\/\/www.laguiadepamplona.com\/actualidad\/wp-content\/uploads\/2021\/03\/aytoverde_JGV1123.jpg","articleSection":["Ayto Pamplona"],"inLanguage":"es","potentialAction":[{"@type":"CommentAction","name":"Comment","target":["https:\/\/www.laguiadepamplona.com\/actualidad\/la-casa-consistorial-lucira-este-sabado-de-color-verde-para-adherirse-a-la-campana-nacional-octubre-mes-de-la-artritis-y-la-espondiloartritis\/#respond"]}]},{"@type":"WebPage","@id":"https:\/\/www.laguiadepamplona.com\/actualidad\/la-casa-consistorial-lucira-este-sabado-de-color-verde-para-adherirse-a-la-campana-nacional-octubre-mes-de-la-artritis-y-la-espondiloartritis\/","url":"https:\/\/www.laguiadepamplona.com\/actualidad\/la-casa-consistorial-lucira-este-sabado-de-color-verde-para-adherirse-a-la-campana-nacional-octubre-mes-de-la-artritis-y-la-espondiloartritis\/","name":"La Casa Consistorial lucir\u00e1 este s\u00e1bado de color verde para adherirse a la campa\u00f1a nacional \u2018Octubre, mes de la artritis y la espondiloartritis\u2019","isPartOf":{"@id":"https:\/\/www.laguiadepamplona.com\/actualidad\/#website"},"primaryImageOfPage":{"@id":"https:\/\/www.laguiadepamplona.com\/actualidad\/la-casa-consistorial-lucira-este-sabado-de-color-verde-para-adherirse-a-la-campana-nacional-octubre-mes-de-la-artritis-y-la-espondiloartritis\/#primaryimage"},"image":{"@id":"https:\/\/www.laguiadepamplona.com\/actualidad\/la-casa-consistorial-lucira-este-sabado-de-color-verde-para-adherirse-a-la-campana-nacional-octubre-mes-de-la-artritis-y-la-espondiloartritis\/#primaryimage"},"thumbnailUrl":"https:\/\/www.laguiadepamplona.com\/actualidad\/wp-content\/uploads\/2021\/03\/aytoverde_JGV1123.jpg","datePublished":"2022-09-30T11:32:15+00:00","dateModified":"2023-04-11T09:47:47+00:00","description":"La artritis y la espondiloartritis, entre las que se encuentran la artritis reumatoide, la artritis psori\u00e1sica, la artritis idiop\u00e1tica juvenil","breadcrumb":{"@id":"https:\/\/www.laguiadepamplona.com\/actualidad\/la-casa-consistorial-lucira-este-sabado-de-color-verde-para-adherirse-a-la-campana-nacional-octubre-mes-de-la-artritis-y-la-espondiloartritis\/#breadcrumb"},"inLanguage":"es","potentialAction":[{"@type":"ReadAction","target":["https:\/\/www.laguiadepamplona.com\/actualidad\/la-casa-consistorial-lucira-este-sabado-de-color-verde-para-adherirse-a-la-campana-nacional-octubre-mes-de-la-artritis-y-la-espondiloartritis\/"]}]},{"@type":"ImageObject","inLanguage":"es","@id":"https:\/\/www.laguiadepamplona.com\/actualidad\/la-casa-consistorial-lucira-este-sabado-de-color-verde-para-adherirse-a-la-campana-nacional-octubre-mes-de-la-artritis-y-la-espondiloartritis\/#primaryimage","url":"https:\/\/www.laguiadepamplona.com\/actualidad\/wp-content\/uploads\/2021\/03\/aytoverde_JGV1123.jpg","contentUrl":"https:\/\/www.laguiadepamplona.com\/actualidad\/wp-content\/uploads\/2021\/03\/aytoverde_JGV1123.jpg","width":1920,"height":1280,"caption":"A* Jes\u00fas Garzaron F* 2020_11_19 T* Fachada del Ayuntamiento iluminada de verde L* Ayuntamiento de Pamplona"},{"@type":"BreadcrumbList","@id":"https:\/\/www.laguiadepamplona.com\/actualidad\/la-casa-consistorial-lucira-este-sabado-de-color-verde-para-adherirse-a-la-campana-nacional-octubre-mes-de-la-artritis-y-la-espondiloartritis\/#breadcrumb","itemListElement":[{"@type":"ListItem","position":1,"name":"Portada","item":"https:\/\/www.laguiadepamplona.com\/actualidad\/"},{"@type":"ListItem","position":2,"name":"La Casa Consistorial lucir\u00e1 este s\u00e1bado de color verde para adherirse a la campa\u00f1a nacional \u2018Octubre, mes de la artritis y la espondiloartritis\u2019"}]},{"@type":"WebSite","@id":"https:\/\/www.laguiadepamplona.com\/actualidad\/#website","url":"https:\/\/www.laguiadepamplona.com\/actualidad\/","name":"La gu\u00eda de Pamplona","description":"Noticias de Pamplona","publisher":{"@id":"https:\/\/www.laguiadepamplona.com\/actualidad\/#organization"},"potentialAction":[{"@type":"SearchAction","target":{"@type":"EntryPoint","urlTemplate":"https:\/\/www.laguiadepamplona.com\/actualidad\/?s={search_term_string}"},"query-input":{"@type":"PropertyValueSpecification","valueRequired":true,"valueName":"search_term_string"}}],"inLanguage":"es"},{"@type":"Organization","@id":"https:\/\/www.laguiadepamplona.com\/actualidad\/#organization","name":"La Gu\u00eda de Pamplona \/ Noticias","url":"https:\/\/www.laguiadepamplona.com\/actualidad\/","logo":{"@type":"ImageObject","inLanguage":"es","@id":"https:\/\/www.laguiadepamplona.com\/actualidad\/#\/schema\/logo\/image\/","url":"https:\/\/www.laguiadepamplona.com\/actualidad\/wp-content\/uploads\/2018\/11\/logo-laguiadepamplona18-web1.png","contentUrl":"https:\/\/www.laguiadepamplona.com\/actualidad\/wp-content\/uploads\/2018\/11\/logo-laguiadepamplona18-web1.png","width":600,"height":196,"caption":"La Gu\u00eda de Pamplona \/ Noticias"},"image":{"@id":"https:\/\/www.laguiadepamplona.com\/actualidad\/#\/schema\/logo\/image\/"},"sameAs":["https:\/\/www.facebook.com\/laguiadepamplonacom-133175176762273\/?ref=hl","https:\/\/x.com\/LaGuiadPamplona","https:\/\/www.instagram.com\/la_guia_de_pamplona\/","https:\/\/www.youtube.com\/user\/laguiadepamplona"]},{"@type":"Person","@id":"https:\/\/www.laguiadepamplona.com\/actualidad\/#\/schema\/person\/efe887376f0213d4657c93adc50b1fdb","name":"La Gu\u00eda de Pamplona","image":{"@type":"ImageObject","inLanguage":"es","@id":"https:\/\/secure.gravatar.com\/avatar\/b6992f131dc8d30ab0dff15446e9d346d9dbd95992de0fef795073f5ea83a81c?s=96&d=mm&r=g","url":"https:\/\/secure.gravatar.com\/avatar\/b6992f131dc8d30ab0dff15446e9d346d9dbd95992de0fef795073f5ea83a81c?s=96&d=mm&r=g","contentUrl":"https:\/\/secure.gravatar.com\/avatar\/b6992f131dc8d30ab0dff15446e9d346d9dbd95992de0fef795073f5ea83a81c?s=96&d=mm&r=g","caption":"La Gu\u00eda de Pamplona"}}]}},"post_mailing_queue_ids":[],"_links":{"self":[{"href":"https:\/\/www.laguiadepamplona.com\/actualidad\/wp-json\/wp\/v2\/posts\/41765","targetHints":{"allow":["GET"]}}],"collection":[{"href":"https:\/\/www.laguiadepamplona.com\/actualidad\/wp-json\/wp\/v2\/posts"}],"about":[{"href":"https:\/\/www.laguiadepamplona.com\/actualidad\/wp-json\/wp\/v2\/types\/post"}],"author":[{"embeddable":true,"href":"https:\/\/www.laguiadepamplona.com\/actualidad\/wp-json\/wp\/v2\/users\/1"}],"replies":[{"embeddable":true,"href":"https:\/\/www.laguiadepamplona.com\/actualidad\/wp-json\/wp\/v2\/comments?post=41765"}],"version-history":[{"count":0,"href":"https:\/\/www.laguiadepamplona.com\/actualidad\/wp-json\/wp\/v2\/posts\/41765\/revisions"}],"wp:featuredmedia":[{"embeddable":true,"href":"https:\/\/www.laguiadepamplona.com\/actualidad\/wp-json\/wp\/v2\/media\/33755"}],"wp:attachment":[{"href":"https:\/\/www.laguiadepamplona.com\/actualidad\/wp-json\/wp\/v2\/media?parent=41765"}],"wp:term":[{"taxonomy":"category","embeddable":true,"href":"https:\/\/www.laguiadepamplona.com\/actualidad\/wp-json\/wp\/v2\/categories?post=41765"},{"taxonomy":"post_tag","embeddable":true,"href":"https:\/\/www.laguiadepamplona.com\/actualidad\/wp-json\/wp\/v2\/tags?post=41765"}],"curies":[{"name":"wp","href":"https:\/\/api.w.org\/{rel}","templated":true}]}}