{"id":41762,"date":"2022-09-30T13:30:16","date_gmt":"2022-09-30T11:30:16","guid":{"rendered":"https:\/\/www.laguiadepamplona.com\/actualidad\/?p=41762"},"modified":"2023-04-11T11:47:47","modified_gmt":"2023-04-11T09:47:47","slug":"condestable-acoge-los-sabados-de-octubre-cuatro-proyecciones-del-ciclo-de-ciencia-y-cine-aditech-para-divulgar-la-cultura-y-el-conocimiento-cientifico","status":"publish","type":"post","link":"https:\/\/www.laguiadepamplona.com\/actualidad\/condestable-acoge-los-sabados-de-octubre-cuatro-proyecciones-del-ciclo-de-ciencia-y-cine-aditech-para-divulgar-la-cultura-y-el-conocimiento-cientifico\/","title":{"rendered":"Condestable acoge los s\u00e1bados de octubre cuatro proyecciones del ciclo de ciencia y cine ADItech para divulgar la cultura y el conocimiento cient\u00edfico"},"content":{"rendered":"<h5>Las proyecciones son en versi\u00f3n original subtitulada al castellano y comienzan a las 19 horas con entradas al precio de 2 euros<\/h5>\n<p><!--more--><\/p>\n<p>Ciencia y cine se dan la mano este mes de octubre en el ciclo ADItech que acoge Civivox Condestable y que los s\u00e1bados 1, 8, 15 y 22, programar\u00e1 cuatro documentales en los que se reflexionar\u00e1 sobre conceptos como la rob\u00f3tica, la sobremedicaci\u00f3n, el cambio clim\u00e1tico o el futuro del planeta. Las proyecciones, en versi\u00f3n original con subt\u00edtulos en castellano, tendr\u00e1n lugar a las 19 horas, con entradas a la venta al precio de 2 euros en el 010, la red Civivox y <a href=\"http:\/\/www.pamplonaescultura.es\" target=\"_blank\" rel=\"noopener\">www.pamplonaescultura.es<\/a>.<\/p>\n<p>El ciclo lo organiza ADItech, en colaboraci\u00f3n con la Filmoteca de Navarra y el Ayuntamiento de Pamplona, a trav\u00e9s de la red Civivox. El objetivo de esta cuarta edici\u00f3n pasa por conocer y comprender, por aportar un granito de arena a la cultura cient\u00edfica. Todas las sesiones contar\u00e1n con una presentaci\u00f3n y con un coloquio posterior con personal investigador del Sistema Navarro de I+D+i (SINAI) y profesionales de la divulgaci\u00f3n.<\/p>\n<p>Este ciclo comenzar\u00e1 este s\u00e1bado con el largometraje alem\u00e1n \u2018El hombre perfecto\u2019. Con el prop\u00f3sito de conseguir el dinero necesario para financiar su proyecto personal, la protagonista de esta pel\u00edcula deber\u00e1 participar en un experimento un tanto extra\u00f1o. Convivir\u00e1 durante tres semanas con un robot fabricado para encajar con su personalidad y ser completamente compatibles. En el transcurso de la trama, la protagonista tendr\u00e1 que afrontar la convivencia con un humanoide programado para hacerle feliz.<br \/>\n<script async src=\"\/\/pagead2.googlesyndication.com\/pagead\/js\/adsbygoogle.js\"><\/script><br \/>\n<!-- Noticias La Guia de Pamplona --><br \/>\n<ins class=\"adsbygoogle\"\nstyle=\"display:block\"\ndata-ad-client=\"ca-pub-6943679897239327\"\ndata-ad-slot=\"7048180777\"\ndata-ad-format=\"auto\"><\/ins><br \/>\n<script>\n(adsbygoogle = window.adsbygoogle || []).push({});\n<\/script><\/p>\n<p><strong>Tres proyecciones m\u00e1s en octubre<\/strong><\/p>\n<p>Una semana despu\u00e9s, el 8 de octubre, se podr\u00e1 visionar \u2018Dona, vost\u00e9 no t\u00e9 res! (\u00a1Mujer, usted no tiene nada!)\u2019. Este documental expone la sobremedicaci\u00f3n y el infradiagn\u00f3stico al que han estado sometidas las mujeres en la historia de la medicina. Siendo el var\u00f3n y su cuerpo la medida est\u00e1ndar para los estudios y los avances, aquellas dolencias o particularidades del cuerpo femenino han sido ignoradas y mal afrontadas por parte de un sistema que no ha considerado importante los problemas de salud concretos de las mujeres.<\/p>\n<p>El 15 de octubre la sesi\u00f3n se centra en la contaminaci\u00f3n y al calentamiento global debido al efecto invernadero. En la norteamericana \u2018Cuando el destino nos alcance\u2019, un dist\u00f3pico 2022 muestra una ciudad de Nueva York est\u00e1 habitada por m\u00e1s de 40 millones de personas, f\u00edsicamente separadas en una peque\u00f1a \u00e9lite que mantiene el control pol\u00edtico y econ\u00f3mico, con acceso a ciertos lujos como verduras y carne, y una mayor\u00eda hacinada en calles y edificios, donde malvive con agua en garrafas y dos variedades de un producto comestible: Soylent rojo y Soylent amarillo, que son la \u00fanica fuente de alimentaci\u00f3n, ya que los alimentos naturales son un privilegio para los sectores dominantes.<br \/>\n<script async src=\"\/\/pagead2.googlesyndication.com\/pagead\/js\/adsbygoogle.js\"><\/script><br \/>\n<!-- Noticias La Guia de Pamplona --><br \/>\n<ins class=\"adsbygoogle\"\nstyle=\"display:block\"\ndata-ad-client=\"ca-pub-6943679897239327\"\ndata-ad-slot=\"7048180777\"\ndata-ad-format=\"auto\"><\/ins><br \/>\n<script>\n(adsbygoogle = window.adsbygoogle || []).push({});\n<\/script><\/p>\n<p>El ciclo concluir\u00e1 el 22 de octubre con \u20182040\u2019, documental australiano que presenta c\u00f3mo ser\u00eda el planeta en esa fecha si se tomaran las decisiones que m\u00e1s lo benefician. Una ventana abierta a la ilusi\u00f3n y una declaraci\u00f3n contundente de que el planeta tiene remedio. Una visi\u00f3n absolutamente optimista y positiva que pone el foco en la acci\u00f3n inmediata mostrando los beneficios a largo plazo de tomar decisiones que salven el planeta que habitamos y el \u00fanico que tenemos.<\/p>\n","protected":false},"excerpt":{"rendered":"<p>Las proyecciones son en versi\u00f3n original subtitulada al castellano y comienzan a las 19 horas con entradas al precio de 2 euros<\/p>\n","protected":false},"author":1,"featured_media":41763,"comment_status":"open","ping_status":"closed","sticky":false,"template":"","format":"standard","meta":{"footnotes":""},"categories":[2],"tags":[],"class_list":["post-41762","post","type-post","status-publish","format-standard","has-post-thumbnail","hentry","category-ayuntamiento-pamplona"],"yoast_head":"<!-- This site is optimized with the Yoast SEO plugin v27.3 - https:\/\/yoast.com\/product\/yoast-seo-wordpress\/ -->\n<title>Condestable acoge los s\u00e1bados de octubre cuatro proyecciones del ciclo de ciencia y cine ADItech para divulgar la cultura y el conocimiento cient\u00edfico<\/title>\n<meta name=\"description\" content=\"Las proyecciones son en versi\u00f3n original subtitulada al castellano y comienzan a las 19 horas con entradas al precio de 2 euros\" \/>\n<meta name=\"robots\" content=\"index, follow, max-snippet:-1, max-image-preview:large, max-video-preview:-1\" \/>\n<link rel=\"canonical\" href=\"https:\/\/www.laguiadepamplona.com\/actualidad\/condestable-acoge-los-sabados-de-octubre-cuatro-proyecciones-del-ciclo-de-ciencia-y-cine-aditech-para-divulgar-la-cultura-y-el-conocimiento-cientifico\/\" \/>\n<meta property=\"og:locale\" content=\"es_ES\" \/>\n<meta property=\"og:type\" content=\"article\" \/>\n<meta property=\"og:title\" content=\"Condestable acoge los s\u00e1bados de octubre cuatro proyecciones del ciclo de ciencia y cine ADItech para divulgar la cultura y el conocimiento cient\u00edfico\" \/>\n<meta property=\"og:description\" content=\"Las proyecciones son en versi\u00f3n original subtitulada al castellano y comienzan a las 19 horas con entradas al precio de 2 euros\" \/>\n<meta property=\"og:url\" content=\"https:\/\/www.laguiadepamplona.com\/actualidad\/condestable-acoge-los-sabados-de-octubre-cuatro-proyecciones-del-ciclo-de-ciencia-y-cine-aditech-para-divulgar-la-cultura-y-el-conocimiento-cientifico\/\" \/>\n<meta property=\"og:site_name\" content=\"La Gu\u00eda de Pamplona\" \/>\n<meta property=\"article:publisher\" content=\"https:\/\/www.facebook.com\/laguiadepamplonacom-133175176762273\/?ref=hl\" \/>\n<meta property=\"article:published_time\" content=\"2022-09-30T11:30:16+00:00\" \/>\n<meta property=\"article:modified_time\" content=\"2023-04-11T09:47:47+00:00\" \/>\n<meta property=\"og:image\" content=\"https:\/\/www.laguiadepamplona.com\/actualidad\/wp-content\/uploads\/2022\/09\/zine-y-ciencia_web-1-870x480_0.jpg\" \/>\n\t<meta property=\"og:image:width\" content=\"870\" \/>\n\t<meta property=\"og:image:height\" content=\"480\" \/>\n\t<meta property=\"og:image:type\" content=\"image\/jpeg\" \/>\n<meta name=\"author\" content=\"La Gu\u00eda de Pamplona\" \/>\n<meta name=\"twitter:card\" content=\"summary_large_image\" \/>\n<meta name=\"twitter:creator\" content=\"@LaGuiadPamplona\" \/>\n<meta name=\"twitter:site\" content=\"@LaGuiadPamplona\" \/>\n<meta name=\"twitter:label1\" content=\"Escrito por\" \/>\n\t<meta name=\"twitter:data1\" content=\"La Gu\u00eda de Pamplona\" \/>\n\t<meta name=\"twitter:label2\" content=\"Tiempo de lectura\" \/>\n\t<meta name=\"twitter:data2\" content=\"3 minutos\" \/>\n<script type=\"application\/ld+json\" class=\"yoast-schema-graph\">{\"@context\":\"https:\\\/\\\/schema.org\",\"@graph\":[{\"@type\":\"Article\",\"@id\":\"https:\\\/\\\/www.laguiadepamplona.com\\\/actualidad\\\/condestable-acoge-los-sabados-de-octubre-cuatro-proyecciones-del-ciclo-de-ciencia-y-cine-aditech-para-divulgar-la-cultura-y-el-conocimiento-cientifico\\\/#article\",\"isPartOf\":{\"@id\":\"https:\\\/\\\/www.laguiadepamplona.com\\\/actualidad\\\/condestable-acoge-los-sabados-de-octubre-cuatro-proyecciones-del-ciclo-de-ciencia-y-cine-aditech-para-divulgar-la-cultura-y-el-conocimiento-cientifico\\\/\"},\"author\":{\"name\":\"La Gu\u00eda de Pamplona\",\"@id\":\"https:\\\/\\\/www.laguiadepamplona.com\\\/actualidad\\\/#\\\/schema\\\/person\\\/efe887376f0213d4657c93adc50b1fdb\"},\"headline\":\"Condestable acoge los s\u00e1bados de octubre cuatro proyecciones del ciclo de ciencia y cine ADItech para divulgar la cultura y el conocimiento cient\u00edfico\",\"datePublished\":\"2022-09-30T11:30:16+00:00\",\"dateModified\":\"2023-04-11T09:47:47+00:00\",\"mainEntityOfPage\":{\"@id\":\"https:\\\/\\\/www.laguiadepamplona.com\\\/actualidad\\\/condestable-acoge-los-sabados-de-octubre-cuatro-proyecciones-del-ciclo-de-ciencia-y-cine-aditech-para-divulgar-la-cultura-y-el-conocimiento-cientifico\\\/\"},\"wordCount\":591,\"commentCount\":0,\"publisher\":{\"@id\":\"https:\\\/\\\/www.laguiadepamplona.com\\\/actualidad\\\/#organization\"},\"image\":{\"@id\":\"https:\\\/\\\/www.laguiadepamplona.com\\\/actualidad\\\/condestable-acoge-los-sabados-de-octubre-cuatro-proyecciones-del-ciclo-de-ciencia-y-cine-aditech-para-divulgar-la-cultura-y-el-conocimiento-cientifico\\\/#primaryimage\"},\"thumbnailUrl\":\"https:\\\/\\\/www.laguiadepamplona.com\\\/actualidad\\\/wp-content\\\/uploads\\\/2022\\\/09\\\/zine-y-ciencia_web-1-870x480_0.jpg\",\"articleSection\":[\"Ayto Pamplona\"],\"inLanguage\":\"es\",\"potentialAction\":[{\"@type\":\"CommentAction\",\"name\":\"Comment\",\"target\":[\"https:\\\/\\\/www.laguiadepamplona.com\\\/actualidad\\\/condestable-acoge-los-sabados-de-octubre-cuatro-proyecciones-del-ciclo-de-ciencia-y-cine-aditech-para-divulgar-la-cultura-y-el-conocimiento-cientifico\\\/#respond\"]}]},{\"@type\":\"WebPage\",\"@id\":\"https:\\\/\\\/www.laguiadepamplona.com\\\/actualidad\\\/condestable-acoge-los-sabados-de-octubre-cuatro-proyecciones-del-ciclo-de-ciencia-y-cine-aditech-para-divulgar-la-cultura-y-el-conocimiento-cientifico\\\/\",\"url\":\"https:\\\/\\\/www.laguiadepamplona.com\\\/actualidad\\\/condestable-acoge-los-sabados-de-octubre-cuatro-proyecciones-del-ciclo-de-ciencia-y-cine-aditech-para-divulgar-la-cultura-y-el-conocimiento-cientifico\\\/\",\"name\":\"Condestable acoge los s\u00e1bados de octubre cuatro proyecciones del ciclo de ciencia y cine ADItech para divulgar la cultura y el conocimiento cient\u00edfico\",\"isPartOf\":{\"@id\":\"https:\\\/\\\/www.laguiadepamplona.com\\\/actualidad\\\/#website\"},\"primaryImageOfPage\":{\"@id\":\"https:\\\/\\\/www.laguiadepamplona.com\\\/actualidad\\\/condestable-acoge-los-sabados-de-octubre-cuatro-proyecciones-del-ciclo-de-ciencia-y-cine-aditech-para-divulgar-la-cultura-y-el-conocimiento-cientifico\\\/#primaryimage\"},\"image\":{\"@id\":\"https:\\\/\\\/www.laguiadepamplona.com\\\/actualidad\\\/condestable-acoge-los-sabados-de-octubre-cuatro-proyecciones-del-ciclo-de-ciencia-y-cine-aditech-para-divulgar-la-cultura-y-el-conocimiento-cientifico\\\/#primaryimage\"},\"thumbnailUrl\":\"https:\\\/\\\/www.laguiadepamplona.com\\\/actualidad\\\/wp-content\\\/uploads\\\/2022\\\/09\\\/zine-y-ciencia_web-1-870x480_0.jpg\",\"datePublished\":\"2022-09-30T11:30:16+00:00\",\"dateModified\":\"2023-04-11T09:47:47+00:00\",\"description\":\"Las proyecciones son en versi\u00f3n original subtitulada al castellano y comienzan a las 19 horas con entradas al precio de 2 euros\",\"breadcrumb\":{\"@id\":\"https:\\\/\\\/www.laguiadepamplona.com\\\/actualidad\\\/condestable-acoge-los-sabados-de-octubre-cuatro-proyecciones-del-ciclo-de-ciencia-y-cine-aditech-para-divulgar-la-cultura-y-el-conocimiento-cientifico\\\/#breadcrumb\"},\"inLanguage\":\"es\",\"potentialAction\":[{\"@type\":\"ReadAction\",\"target\":[\"https:\\\/\\\/www.laguiadepamplona.com\\\/actualidad\\\/condestable-acoge-los-sabados-de-octubre-cuatro-proyecciones-del-ciclo-de-ciencia-y-cine-aditech-para-divulgar-la-cultura-y-el-conocimiento-cientifico\\\/\"]}]},{\"@type\":\"ImageObject\",\"inLanguage\":\"es\",\"@id\":\"https:\\\/\\\/www.laguiadepamplona.com\\\/actualidad\\\/condestable-acoge-los-sabados-de-octubre-cuatro-proyecciones-del-ciclo-de-ciencia-y-cine-aditech-para-divulgar-la-cultura-y-el-conocimiento-cientifico\\\/#primaryimage\",\"url\":\"https:\\\/\\\/www.laguiadepamplona.com\\\/actualidad\\\/wp-content\\\/uploads\\\/2022\\\/09\\\/zine-y-ciencia_web-1-870x480_0.jpg\",\"contentUrl\":\"https:\\\/\\\/www.laguiadepamplona.com\\\/actualidad\\\/wp-content\\\/uploads\\\/2022\\\/09\\\/zine-y-ciencia_web-1-870x480_0.jpg\",\"width\":870,\"height\":480,\"caption\":\"zine-ciencia\"},{\"@type\":\"BreadcrumbList\",\"@id\":\"https:\\\/\\\/www.laguiadepamplona.com\\\/actualidad\\\/condestable-acoge-los-sabados-de-octubre-cuatro-proyecciones-del-ciclo-de-ciencia-y-cine-aditech-para-divulgar-la-cultura-y-el-conocimiento-cientifico\\\/#breadcrumb\",\"itemListElement\":[{\"@type\":\"ListItem\",\"position\":1,\"name\":\"Portada\",\"item\":\"https:\\\/\\\/www.laguiadepamplona.com\\\/actualidad\\\/\"},{\"@type\":\"ListItem\",\"position\":2,\"name\":\"Condestable acoge los s\u00e1bados de octubre cuatro proyecciones del ciclo de ciencia y cine ADItech para divulgar la cultura y el conocimiento cient\u00edfico\"}]},{\"@type\":\"WebSite\",\"@id\":\"https:\\\/\\\/www.laguiadepamplona.com\\\/actualidad\\\/#website\",\"url\":\"https:\\\/\\\/www.laguiadepamplona.com\\\/actualidad\\\/\",\"name\":\"La gu\u00eda de Pamplona\",\"description\":\"Noticias de Pamplona\",\"publisher\":{\"@id\":\"https:\\\/\\\/www.laguiadepamplona.com\\\/actualidad\\\/#organization\"},\"potentialAction\":[{\"@type\":\"SearchAction\",\"target\":{\"@type\":\"EntryPoint\",\"urlTemplate\":\"https:\\\/\\\/www.laguiadepamplona.com\\\/actualidad\\\/?s={search_term_string}\"},\"query-input\":{\"@type\":\"PropertyValueSpecification\",\"valueRequired\":true,\"valueName\":\"search_term_string\"}}],\"inLanguage\":\"es\"},{\"@type\":\"Organization\",\"@id\":\"https:\\\/\\\/www.laguiadepamplona.com\\\/actualidad\\\/#organization\",\"name\":\"La Gu\u00eda de Pamplona \\\/ Noticias\",\"url\":\"https:\\\/\\\/www.laguiadepamplona.com\\\/actualidad\\\/\",\"logo\":{\"@type\":\"ImageObject\",\"inLanguage\":\"es\",\"@id\":\"https:\\\/\\\/www.laguiadepamplona.com\\\/actualidad\\\/#\\\/schema\\\/logo\\\/image\\\/\",\"url\":\"https:\\\/\\\/www.laguiadepamplona.com\\\/actualidad\\\/wp-content\\\/uploads\\\/2018\\\/11\\\/logo-laguiadepamplona18-web1.png\",\"contentUrl\":\"https:\\\/\\\/www.laguiadepamplona.com\\\/actualidad\\\/wp-content\\\/uploads\\\/2018\\\/11\\\/logo-laguiadepamplona18-web1.png\",\"width\":600,\"height\":196,\"caption\":\"La Gu\u00eda de Pamplona \\\/ Noticias\"},\"image\":{\"@id\":\"https:\\\/\\\/www.laguiadepamplona.com\\\/actualidad\\\/#\\\/schema\\\/logo\\\/image\\\/\"},\"sameAs\":[\"https:\\\/\\\/www.facebook.com\\\/laguiadepamplonacom-133175176762273\\\/?ref=hl\",\"https:\\\/\\\/x.com\\\/LaGuiadPamplona\",\"https:\\\/\\\/www.instagram.com\\\/la_guia_de_pamplona\\\/\",\"https:\\\/\\\/www.youtube.com\\\/user\\\/laguiadepamplona\"]},{\"@type\":\"Person\",\"@id\":\"https:\\\/\\\/www.laguiadepamplona.com\\\/actualidad\\\/#\\\/schema\\\/person\\\/efe887376f0213d4657c93adc50b1fdb\",\"name\":\"La Gu\u00eda de Pamplona\",\"image\":{\"@type\":\"ImageObject\",\"inLanguage\":\"es\",\"@id\":\"https:\\\/\\\/secure.gravatar.com\\\/avatar\\\/b6992f131dc8d30ab0dff15446e9d346d9dbd95992de0fef795073f5ea83a81c?s=96&d=mm&r=g\",\"url\":\"https:\\\/\\\/secure.gravatar.com\\\/avatar\\\/b6992f131dc8d30ab0dff15446e9d346d9dbd95992de0fef795073f5ea83a81c?s=96&d=mm&r=g\",\"contentUrl\":\"https:\\\/\\\/secure.gravatar.com\\\/avatar\\\/b6992f131dc8d30ab0dff15446e9d346d9dbd95992de0fef795073f5ea83a81c?s=96&d=mm&r=g\",\"caption\":\"La Gu\u00eda de Pamplona\"}}]}<\/script>\n<!-- \/ Yoast SEO plugin. -->","yoast_head_json":{"title":"Condestable acoge los s\u00e1bados de octubre cuatro proyecciones del ciclo de ciencia y cine ADItech para divulgar la cultura y el conocimiento cient\u00edfico","description":"Las proyecciones son en versi\u00f3n original subtitulada al castellano y comienzan a las 19 horas con entradas al precio de 2 euros","robots":{"index":"index","follow":"follow","max-snippet":"max-snippet:-1","max-image-preview":"max-image-preview:large","max-video-preview":"max-video-preview:-1"},"canonical":"https:\/\/www.laguiadepamplona.com\/actualidad\/condestable-acoge-los-sabados-de-octubre-cuatro-proyecciones-del-ciclo-de-ciencia-y-cine-aditech-para-divulgar-la-cultura-y-el-conocimiento-cientifico\/","og_locale":"es_ES","og_type":"article","og_title":"Condestable acoge los s\u00e1bados de octubre cuatro proyecciones del ciclo de ciencia y cine ADItech para divulgar la cultura y el conocimiento cient\u00edfico","og_description":"Las proyecciones son en versi\u00f3n original subtitulada al castellano y comienzan a las 19 horas con entradas al precio de 2 euros","og_url":"https:\/\/www.laguiadepamplona.com\/actualidad\/condestable-acoge-los-sabados-de-octubre-cuatro-proyecciones-del-ciclo-de-ciencia-y-cine-aditech-para-divulgar-la-cultura-y-el-conocimiento-cientifico\/","og_site_name":"La Gu\u00eda de Pamplona","article_publisher":"https:\/\/www.facebook.com\/laguiadepamplonacom-133175176762273\/?ref=hl","article_published_time":"2022-09-30T11:30:16+00:00","article_modified_time":"2023-04-11T09:47:47+00:00","og_image":[{"width":870,"height":480,"url":"https:\/\/www.laguiadepamplona.com\/actualidad\/wp-content\/uploads\/2022\/09\/zine-y-ciencia_web-1-870x480_0.jpg","type":"image\/jpeg"}],"author":"La Gu\u00eda de Pamplona","twitter_card":"summary_large_image","twitter_creator":"@LaGuiadPamplona","twitter_site":"@LaGuiadPamplona","twitter_misc":{"Escrito por":"La Gu\u00eda de Pamplona","Tiempo de lectura":"3 minutos"},"schema":{"@context":"https:\/\/schema.org","@graph":[{"@type":"Article","@id":"https:\/\/www.laguiadepamplona.com\/actualidad\/condestable-acoge-los-sabados-de-octubre-cuatro-proyecciones-del-ciclo-de-ciencia-y-cine-aditech-para-divulgar-la-cultura-y-el-conocimiento-cientifico\/#article","isPartOf":{"@id":"https:\/\/www.laguiadepamplona.com\/actualidad\/condestable-acoge-los-sabados-de-octubre-cuatro-proyecciones-del-ciclo-de-ciencia-y-cine-aditech-para-divulgar-la-cultura-y-el-conocimiento-cientifico\/"},"author":{"name":"La Gu\u00eda de Pamplona","@id":"https:\/\/www.laguiadepamplona.com\/actualidad\/#\/schema\/person\/efe887376f0213d4657c93adc50b1fdb"},"headline":"Condestable acoge los s\u00e1bados de octubre cuatro proyecciones del ciclo de ciencia y cine ADItech para divulgar la cultura y el conocimiento cient\u00edfico","datePublished":"2022-09-30T11:30:16+00:00","dateModified":"2023-04-11T09:47:47+00:00","mainEntityOfPage":{"@id":"https:\/\/www.laguiadepamplona.com\/actualidad\/condestable-acoge-los-sabados-de-octubre-cuatro-proyecciones-del-ciclo-de-ciencia-y-cine-aditech-para-divulgar-la-cultura-y-el-conocimiento-cientifico\/"},"wordCount":591,"commentCount":0,"publisher":{"@id":"https:\/\/www.laguiadepamplona.com\/actualidad\/#organization"},"image":{"@id":"https:\/\/www.laguiadepamplona.com\/actualidad\/condestable-acoge-los-sabados-de-octubre-cuatro-proyecciones-del-ciclo-de-ciencia-y-cine-aditech-para-divulgar-la-cultura-y-el-conocimiento-cientifico\/#primaryimage"},"thumbnailUrl":"https:\/\/www.laguiadepamplona.com\/actualidad\/wp-content\/uploads\/2022\/09\/zine-y-ciencia_web-1-870x480_0.jpg","articleSection":["Ayto Pamplona"],"inLanguage":"es","potentialAction":[{"@type":"CommentAction","name":"Comment","target":["https:\/\/www.laguiadepamplona.com\/actualidad\/condestable-acoge-los-sabados-de-octubre-cuatro-proyecciones-del-ciclo-de-ciencia-y-cine-aditech-para-divulgar-la-cultura-y-el-conocimiento-cientifico\/#respond"]}]},{"@type":"WebPage","@id":"https:\/\/www.laguiadepamplona.com\/actualidad\/condestable-acoge-los-sabados-de-octubre-cuatro-proyecciones-del-ciclo-de-ciencia-y-cine-aditech-para-divulgar-la-cultura-y-el-conocimiento-cientifico\/","url":"https:\/\/www.laguiadepamplona.com\/actualidad\/condestable-acoge-los-sabados-de-octubre-cuatro-proyecciones-del-ciclo-de-ciencia-y-cine-aditech-para-divulgar-la-cultura-y-el-conocimiento-cientifico\/","name":"Condestable acoge los s\u00e1bados de octubre cuatro proyecciones del ciclo de ciencia y cine ADItech para divulgar la cultura y el conocimiento cient\u00edfico","isPartOf":{"@id":"https:\/\/www.laguiadepamplona.com\/actualidad\/#website"},"primaryImageOfPage":{"@id":"https:\/\/www.laguiadepamplona.com\/actualidad\/condestable-acoge-los-sabados-de-octubre-cuatro-proyecciones-del-ciclo-de-ciencia-y-cine-aditech-para-divulgar-la-cultura-y-el-conocimiento-cientifico\/#primaryimage"},"image":{"@id":"https:\/\/www.laguiadepamplona.com\/actualidad\/condestable-acoge-los-sabados-de-octubre-cuatro-proyecciones-del-ciclo-de-ciencia-y-cine-aditech-para-divulgar-la-cultura-y-el-conocimiento-cientifico\/#primaryimage"},"thumbnailUrl":"https:\/\/www.laguiadepamplona.com\/actualidad\/wp-content\/uploads\/2022\/09\/zine-y-ciencia_web-1-870x480_0.jpg","datePublished":"2022-09-30T11:30:16+00:00","dateModified":"2023-04-11T09:47:47+00:00","description":"Las proyecciones son en versi\u00f3n original subtitulada al castellano y comienzan a las 19 horas con entradas al precio de 2 euros","breadcrumb":{"@id":"https:\/\/www.laguiadepamplona.com\/actualidad\/condestable-acoge-los-sabados-de-octubre-cuatro-proyecciones-del-ciclo-de-ciencia-y-cine-aditech-para-divulgar-la-cultura-y-el-conocimiento-cientifico\/#breadcrumb"},"inLanguage":"es","potentialAction":[{"@type":"ReadAction","target":["https:\/\/www.laguiadepamplona.com\/actualidad\/condestable-acoge-los-sabados-de-octubre-cuatro-proyecciones-del-ciclo-de-ciencia-y-cine-aditech-para-divulgar-la-cultura-y-el-conocimiento-cientifico\/"]}]},{"@type":"ImageObject","inLanguage":"es","@id":"https:\/\/www.laguiadepamplona.com\/actualidad\/condestable-acoge-los-sabados-de-octubre-cuatro-proyecciones-del-ciclo-de-ciencia-y-cine-aditech-para-divulgar-la-cultura-y-el-conocimiento-cientifico\/#primaryimage","url":"https:\/\/www.laguiadepamplona.com\/actualidad\/wp-content\/uploads\/2022\/09\/zine-y-ciencia_web-1-870x480_0.jpg","contentUrl":"https:\/\/www.laguiadepamplona.com\/actualidad\/wp-content\/uploads\/2022\/09\/zine-y-ciencia_web-1-870x480_0.jpg","width":870,"height":480,"caption":"zine-ciencia"},{"@type":"BreadcrumbList","@id":"https:\/\/www.laguiadepamplona.com\/actualidad\/condestable-acoge-los-sabados-de-octubre-cuatro-proyecciones-del-ciclo-de-ciencia-y-cine-aditech-para-divulgar-la-cultura-y-el-conocimiento-cientifico\/#breadcrumb","itemListElement":[{"@type":"ListItem","position":1,"name":"Portada","item":"https:\/\/www.laguiadepamplona.com\/actualidad\/"},{"@type":"ListItem","position":2,"name":"Condestable acoge los s\u00e1bados de octubre cuatro proyecciones del ciclo de ciencia y cine ADItech para divulgar la cultura y el conocimiento cient\u00edfico"}]},{"@type":"WebSite","@id":"https:\/\/www.laguiadepamplona.com\/actualidad\/#website","url":"https:\/\/www.laguiadepamplona.com\/actualidad\/","name":"La gu\u00eda de Pamplona","description":"Noticias de Pamplona","publisher":{"@id":"https:\/\/www.laguiadepamplona.com\/actualidad\/#organization"},"potentialAction":[{"@type":"SearchAction","target":{"@type":"EntryPoint","urlTemplate":"https:\/\/www.laguiadepamplona.com\/actualidad\/?s={search_term_string}"},"query-input":{"@type":"PropertyValueSpecification","valueRequired":true,"valueName":"search_term_string"}}],"inLanguage":"es"},{"@type":"Organization","@id":"https:\/\/www.laguiadepamplona.com\/actualidad\/#organization","name":"La Gu\u00eda de Pamplona \/ Noticias","url":"https:\/\/www.laguiadepamplona.com\/actualidad\/","logo":{"@type":"ImageObject","inLanguage":"es","@id":"https:\/\/www.laguiadepamplona.com\/actualidad\/#\/schema\/logo\/image\/","url":"https:\/\/www.laguiadepamplona.com\/actualidad\/wp-content\/uploads\/2018\/11\/logo-laguiadepamplona18-web1.png","contentUrl":"https:\/\/www.laguiadepamplona.com\/actualidad\/wp-content\/uploads\/2018\/11\/logo-laguiadepamplona18-web1.png","width":600,"height":196,"caption":"La Gu\u00eda de Pamplona \/ Noticias"},"image":{"@id":"https:\/\/www.laguiadepamplona.com\/actualidad\/#\/schema\/logo\/image\/"},"sameAs":["https:\/\/www.facebook.com\/laguiadepamplonacom-133175176762273\/?ref=hl","https:\/\/x.com\/LaGuiadPamplona","https:\/\/www.instagram.com\/la_guia_de_pamplona\/","https:\/\/www.youtube.com\/user\/laguiadepamplona"]},{"@type":"Person","@id":"https:\/\/www.laguiadepamplona.com\/actualidad\/#\/schema\/person\/efe887376f0213d4657c93adc50b1fdb","name":"La Gu\u00eda de Pamplona","image":{"@type":"ImageObject","inLanguage":"es","@id":"https:\/\/secure.gravatar.com\/avatar\/b6992f131dc8d30ab0dff15446e9d346d9dbd95992de0fef795073f5ea83a81c?s=96&d=mm&r=g","url":"https:\/\/secure.gravatar.com\/avatar\/b6992f131dc8d30ab0dff15446e9d346d9dbd95992de0fef795073f5ea83a81c?s=96&d=mm&r=g","contentUrl":"https:\/\/secure.gravatar.com\/avatar\/b6992f131dc8d30ab0dff15446e9d346d9dbd95992de0fef795073f5ea83a81c?s=96&d=mm&r=g","caption":"La Gu\u00eda de Pamplona"}}]}},"post_mailing_queue_ids":[],"_links":{"self":[{"href":"https:\/\/www.laguiadepamplona.com\/actualidad\/wp-json\/wp\/v2\/posts\/41762","targetHints":{"allow":["GET"]}}],"collection":[{"href":"https:\/\/www.laguiadepamplona.com\/actualidad\/wp-json\/wp\/v2\/posts"}],"about":[{"href":"https:\/\/www.laguiadepamplona.com\/actualidad\/wp-json\/wp\/v2\/types\/post"}],"author":[{"embeddable":true,"href":"https:\/\/www.laguiadepamplona.com\/actualidad\/wp-json\/wp\/v2\/users\/1"}],"replies":[{"embeddable":true,"href":"https:\/\/www.laguiadepamplona.com\/actualidad\/wp-json\/wp\/v2\/comments?post=41762"}],"version-history":[{"count":0,"href":"https:\/\/www.laguiadepamplona.com\/actualidad\/wp-json\/wp\/v2\/posts\/41762\/revisions"}],"wp:featuredmedia":[{"embeddable":true,"href":"https:\/\/www.laguiadepamplona.com\/actualidad\/wp-json\/wp\/v2\/media\/41763"}],"wp:attachment":[{"href":"https:\/\/www.laguiadepamplona.com\/actualidad\/wp-json\/wp\/v2\/media?parent=41762"}],"wp:term":[{"taxonomy":"category","embeddable":true,"href":"https:\/\/www.laguiadepamplona.com\/actualidad\/wp-json\/wp\/v2\/categories?post=41762"},{"taxonomy":"post_tag","embeddable":true,"href":"https:\/\/www.laguiadepamplona.com\/actualidad\/wp-json\/wp\/v2\/tags?post=41762"}],"curies":[{"name":"wp","href":"https:\/\/api.w.org\/{rel}","templated":true}]}}