{"id":41759,"date":"2022-09-30T13:28:47","date_gmt":"2022-09-30T11:28:47","guid":{"rendered":"https:\/\/www.laguiadepamplona.com\/actualidad\/?p=41759"},"modified":"2023-04-11T11:47:47","modified_gmt":"2023-04-11T09:47:47","slug":"pamplona-estrena-dinamika-una-pieza-de-mobiliario-urbano-basada-en-el-equilibrio-mecanico-y-la-colaboracion-social-para-obtenerlo","status":"publish","type":"post","link":"https:\/\/www.laguiadepamplona.com\/actualidad\/pamplona-estrena-dinamika-una-pieza-de-mobiliario-urbano-basada-en-el-equilibrio-mecanico-y-la-colaboracion-social-para-obtenerlo\/","title":{"rendered":"Pamplona estrena \u2018Din\u00e1mika\u2019, una pieza de mobiliario urbano basada en el equilibrio mec\u00e1nico y la colaboraci\u00f3n social para obtenerlo"},"content":{"rendered":"<h5>La propuesta art\u00edstica est\u00e1 instalada en la Ciudadela y ha sido ideada por la asociaci\u00f3n SEI y la artista Matrta El\u00eda<\/h5>\n<p><!--more--><\/p>\n<p>En las praderas de la Ciudadela este pr\u00f3ximo mes de octubre y el mes de diciembre, se va a poder ver y usar una propuesta art\u00edstica de mobiliario urbano basada en un proceso de investigaci\u00f3n y participaci\u00f3n social. Bautizada como \u201cDinamika\u201d, ha sido realizada por la Asociaci\u00f3n SEI (Servicio de Educaci\u00f3n Intercultural) y la artista Marta El\u00eda, con la participaci\u00f3n de Antartika Cultur Kontainer.<br \/>\n<script async src=\"\/\/pagead2.googlesyndication.com\/pagead\/js\/adsbygoogle.js\"><\/script><br \/>\n<!-- Noticias La Guia de Pamplona --><br \/>\n<ins class=\"adsbygoogle\"\nstyle=\"display:block\"\ndata-ad-client=\"ca-pub-6943679897239327\"\ndata-ad-slot=\"7048180777\"\ndata-ad-format=\"auto\"><\/ins><br \/>\n<script>\n(adsbygoogle = window.adsbygoogle || []).push({});\n<\/script><\/p>\n<p>Esta ma\u00f1ana Jorge Urd\u00e1noz, director del \u00c1rea de Cultura e Igualdad del Ayuntamiento de Pamplona; Oskia Azc\u00e1rate, coordinadora de Intervenci\u00f3n de la Asociaci\u00f3n SEI y Marta El\u00eda, artista ha presentado en la Ciudadela este nuevo elemento en el espacio p\u00fablico que invita al encuentro intercultural a trav\u00e9s del juego y la b\u00fasqueda del equilibrio en las din\u00e1micas sociales.<\/p>\n<p>\u201cDinamika\u201d es una estructura met\u00e1lica en forma de media esfera. Tiene un di\u00e1metro de 2 metros en la parte superior y de 0,90 metros en la inferior, con una altura total de un metro. En el centro de la estructura se dispone un banco de madera 1,60 metros de di\u00e1metro base, con un mecanismo que permite que se balancee la estructura, mediante r\u00f3tula y muelles. Todo el conjunto pesa 95 Kg aproximadamente. La forma esf\u00e9rica y el movimiento que se genera requieren la colaboraci\u00f3n de quienes lo usen para mantener la horizontalidad. De esta forma, el elemento busca hacer consciente a las personas usuarias de que las din\u00e1micas sociales en las que todas y todos participamos consisten en una b\u00fasqueda constante de equilibrio<br \/>\n<script async src=\"\/\/pagead2.googlesyndication.com\/pagead\/js\/adsbygoogle.js\"><\/script><br \/>\n<!-- Noticias La Guia de Pamplona --><br \/>\n<ins class=\"adsbygoogle\"\nstyle=\"display:block\"\ndata-ad-client=\"ca-pub-6943679897239327\"\ndata-ad-slot=\"7048180777\"\ndata-ad-format=\"auto\"><\/ins><br \/>\n<script>\n(adsbygoogle = window.adsbygoogle || []).push({});\n<\/script><\/p>\n<p>La propuesta ha sido co-creada por las personas que han formado durante todo el proceso el grupo motor: Maite Ziganda San Mart\u00edn y Oskia Azc\u00e1rate Garriz, directora y coordinadora del equipo de intervenci\u00f3n de la Asociaci\u00f3n SEI, respectivamente, y Marta El\u00eda Aldave, artista y educadora. Con la ayuda concedida por Antartika Kultur Kontainer, la Asociaci\u00f3n SEI, que es un servicio especializado en el acompa\u00f1amiento de procesos migratorios, comenz\u00f3 a reflexionar y a investigar sobre lo que una a las personas y lleg\u00f3 a la conclusi\u00f3n que es la necesidad de encuentro, del contacto con los seres queridos y con las personas en general. Con esa base se inicia el proyecto de co-construcci\u00f3n art\u00edstica para la sensibilizaci\u00f3n social hoy presentada. SEI trabaja desde hace 22 a\u00f1os en la acogida y acompa\u00f1amiento a personas y familias en relaci\u00f3n con la migraci\u00f3n.<\/p>\n","protected":false},"excerpt":{"rendered":"<p>La propuesta art\u00edstica est\u00e1 instalada en la Ciudadela y ha sido ideada por la asociaci\u00f3n SEI y la artista Matrta El\u00eda<\/p>\n","protected":false},"author":1,"featured_media":41760,"comment_status":"open","ping_status":"closed","sticky":false,"template":"","format":"standard","meta":{"footnotes":""},"categories":[2],"tags":[],"class_list":["post-41759","post","type-post","status-publish","format-standard","has-post-thumbnail","hentry","category-ayuntamiento-pamplona"],"yoast_head":"<!-- This site is optimized with the Yoast SEO plugin v27.3 - https:\/\/yoast.com\/product\/yoast-seo-wordpress\/ -->\n<title>Pamplona estrena \u2018Din\u00e1mika\u2019, una pieza de mobiliario urbano basada en el equilibrio mec\u00e1nico y la colaboraci\u00f3n social para obtenerlo<\/title>\n<meta name=\"description\" content=\"La propuesta art\u00edstica est\u00e1 instalada en la Ciudadela y ha sido ideada por la asociaci\u00f3n SEI y la artista Matrta El\u00eda\" \/>\n<meta name=\"robots\" content=\"index, follow, max-snippet:-1, max-image-preview:large, max-video-preview:-1\" \/>\n<link rel=\"canonical\" href=\"https:\/\/www.laguiadepamplona.com\/actualidad\/pamplona-estrena-dinamika-una-pieza-de-mobiliario-urbano-basada-en-el-equilibrio-mecanico-y-la-colaboracion-social-para-obtenerlo\/\" \/>\n<meta property=\"og:locale\" content=\"es_ES\" \/>\n<meta property=\"og:type\" content=\"article\" \/>\n<meta property=\"og:title\" content=\"Pamplona estrena \u2018Din\u00e1mika\u2019, una pieza de mobiliario urbano basada en el equilibrio mec\u00e1nico y la colaboraci\u00f3n social para obtenerlo\" \/>\n<meta property=\"og:description\" content=\"La propuesta art\u00edstica est\u00e1 instalada en la Ciudadela y ha sido ideada por la asociaci\u00f3n SEI y la artista Matrta El\u00eda\" \/>\n<meta property=\"og:url\" content=\"https:\/\/www.laguiadepamplona.com\/actualidad\/pamplona-estrena-dinamika-una-pieza-de-mobiliario-urbano-basada-en-el-equilibrio-mecanico-y-la-colaboracion-social-para-obtenerlo\/\" \/>\n<meta property=\"og:site_name\" content=\"La Gu\u00eda de Pamplona\" \/>\n<meta property=\"article:publisher\" content=\"https:\/\/www.facebook.com\/laguiadepamplonacom-133175176762273\/?ref=hl\" \/>\n<meta property=\"article:published_time\" content=\"2022-09-30T11:28:47+00:00\" \/>\n<meta property=\"article:modified_time\" content=\"2023-04-11T09:47:47+00:00\" \/>\n<meta property=\"og:image\" content=\"https:\/\/www.laguiadepamplona.com\/actualidad\/wp-content\/uploads\/2022\/09\/mobiliario.webp\" \/>\n\t<meta property=\"og:image:width\" content=\"1920\" \/>\n\t<meta property=\"og:image:height\" content=\"1440\" \/>\n\t<meta property=\"og:image:type\" content=\"image\/webp\" \/>\n<meta name=\"author\" content=\"La Gu\u00eda de Pamplona\" \/>\n<meta name=\"twitter:card\" content=\"summary_large_image\" \/>\n<meta name=\"twitter:creator\" content=\"@LaGuiadPamplona\" \/>\n<meta name=\"twitter:site\" content=\"@LaGuiadPamplona\" \/>\n<meta name=\"twitter:label1\" content=\"Escrito por\" \/>\n\t<meta name=\"twitter:data1\" content=\"La Gu\u00eda de Pamplona\" \/>\n\t<meta name=\"twitter:label2\" content=\"Tiempo de lectura\" \/>\n\t<meta name=\"twitter:data2\" content=\"2 minutos\" \/>\n<script type=\"application\/ld+json\" class=\"yoast-schema-graph\">{\"@context\":\"https:\\\/\\\/schema.org\",\"@graph\":[{\"@type\":\"Article\",\"@id\":\"https:\\\/\\\/www.laguiadepamplona.com\\\/actualidad\\\/pamplona-estrena-dinamika-una-pieza-de-mobiliario-urbano-basada-en-el-equilibrio-mecanico-y-la-colaboracion-social-para-obtenerlo\\\/#article\",\"isPartOf\":{\"@id\":\"https:\\\/\\\/www.laguiadepamplona.com\\\/actualidad\\\/pamplona-estrena-dinamika-una-pieza-de-mobiliario-urbano-basada-en-el-equilibrio-mecanico-y-la-colaboracion-social-para-obtenerlo\\\/\"},\"author\":{\"name\":\"La Gu\u00eda de Pamplona\",\"@id\":\"https:\\\/\\\/www.laguiadepamplona.com\\\/actualidad\\\/#\\\/schema\\\/person\\\/efe887376f0213d4657c93adc50b1fdb\"},\"headline\":\"Pamplona estrena \u2018Din\u00e1mika\u2019, una pieza de mobiliario urbano basada en el equilibrio mec\u00e1nico y la colaboraci\u00f3n social para obtenerlo\",\"datePublished\":\"2022-09-30T11:28:47+00:00\",\"dateModified\":\"2023-04-11T09:47:47+00:00\",\"mainEntityOfPage\":{\"@id\":\"https:\\\/\\\/www.laguiadepamplona.com\\\/actualidad\\\/pamplona-estrena-dinamika-una-pieza-de-mobiliario-urbano-basada-en-el-equilibrio-mecanico-y-la-colaboracion-social-para-obtenerlo\\\/\"},\"wordCount\":466,\"commentCount\":0,\"publisher\":{\"@id\":\"https:\\\/\\\/www.laguiadepamplona.com\\\/actualidad\\\/#organization\"},\"image\":{\"@id\":\"https:\\\/\\\/www.laguiadepamplona.com\\\/actualidad\\\/pamplona-estrena-dinamika-una-pieza-de-mobiliario-urbano-basada-en-el-equilibrio-mecanico-y-la-colaboracion-social-para-obtenerlo\\\/#primaryimage\"},\"thumbnailUrl\":\"https:\\\/\\\/www.laguiadepamplona.com\\\/actualidad\\\/wp-content\\\/uploads\\\/2022\\\/09\\\/mobiliario.webp\",\"articleSection\":[\"Ayto Pamplona\"],\"inLanguage\":\"es\",\"potentialAction\":[{\"@type\":\"CommentAction\",\"name\":\"Comment\",\"target\":[\"https:\\\/\\\/www.laguiadepamplona.com\\\/actualidad\\\/pamplona-estrena-dinamika-una-pieza-de-mobiliario-urbano-basada-en-el-equilibrio-mecanico-y-la-colaboracion-social-para-obtenerlo\\\/#respond\"]}]},{\"@type\":\"WebPage\",\"@id\":\"https:\\\/\\\/www.laguiadepamplona.com\\\/actualidad\\\/pamplona-estrena-dinamika-una-pieza-de-mobiliario-urbano-basada-en-el-equilibrio-mecanico-y-la-colaboracion-social-para-obtenerlo\\\/\",\"url\":\"https:\\\/\\\/www.laguiadepamplona.com\\\/actualidad\\\/pamplona-estrena-dinamika-una-pieza-de-mobiliario-urbano-basada-en-el-equilibrio-mecanico-y-la-colaboracion-social-para-obtenerlo\\\/\",\"name\":\"Pamplona estrena \u2018Din\u00e1mika\u2019, una pieza de mobiliario urbano basada en el equilibrio mec\u00e1nico y la colaboraci\u00f3n social para obtenerlo\",\"isPartOf\":{\"@id\":\"https:\\\/\\\/www.laguiadepamplona.com\\\/actualidad\\\/#website\"},\"primaryImageOfPage\":{\"@id\":\"https:\\\/\\\/www.laguiadepamplona.com\\\/actualidad\\\/pamplona-estrena-dinamika-una-pieza-de-mobiliario-urbano-basada-en-el-equilibrio-mecanico-y-la-colaboracion-social-para-obtenerlo\\\/#primaryimage\"},\"image\":{\"@id\":\"https:\\\/\\\/www.laguiadepamplona.com\\\/actualidad\\\/pamplona-estrena-dinamika-una-pieza-de-mobiliario-urbano-basada-en-el-equilibrio-mecanico-y-la-colaboracion-social-para-obtenerlo\\\/#primaryimage\"},\"thumbnailUrl\":\"https:\\\/\\\/www.laguiadepamplona.com\\\/actualidad\\\/wp-content\\\/uploads\\\/2022\\\/09\\\/mobiliario.webp\",\"datePublished\":\"2022-09-30T11:28:47+00:00\",\"dateModified\":\"2023-04-11T09:47:47+00:00\",\"description\":\"La propuesta art\u00edstica est\u00e1 instalada en la Ciudadela y ha sido ideada por la asociaci\u00f3n SEI y la artista Matrta El\u00eda\",\"breadcrumb\":{\"@id\":\"https:\\\/\\\/www.laguiadepamplona.com\\\/actualidad\\\/pamplona-estrena-dinamika-una-pieza-de-mobiliario-urbano-basada-en-el-equilibrio-mecanico-y-la-colaboracion-social-para-obtenerlo\\\/#breadcrumb\"},\"inLanguage\":\"es\",\"potentialAction\":[{\"@type\":\"ReadAction\",\"target\":[\"https:\\\/\\\/www.laguiadepamplona.com\\\/actualidad\\\/pamplona-estrena-dinamika-una-pieza-de-mobiliario-urbano-basada-en-el-equilibrio-mecanico-y-la-colaboracion-social-para-obtenerlo\\\/\"]}]},{\"@type\":\"ImageObject\",\"inLanguage\":\"es\",\"@id\":\"https:\\\/\\\/www.laguiadepamplona.com\\\/actualidad\\\/pamplona-estrena-dinamika-una-pieza-de-mobiliario-urbano-basada-en-el-equilibrio-mecanico-y-la-colaboracion-social-para-obtenerlo\\\/#primaryimage\",\"url\":\"https:\\\/\\\/www.laguiadepamplona.com\\\/actualidad\\\/wp-content\\\/uploads\\\/2022\\\/09\\\/mobiliario.webp\",\"contentUrl\":\"https:\\\/\\\/www.laguiadepamplona.com\\\/actualidad\\\/wp-content\\\/uploads\\\/2022\\\/09\\\/mobiliario.webp\",\"width\":1920,\"height\":1440},{\"@type\":\"BreadcrumbList\",\"@id\":\"https:\\\/\\\/www.laguiadepamplona.com\\\/actualidad\\\/pamplona-estrena-dinamika-una-pieza-de-mobiliario-urbano-basada-en-el-equilibrio-mecanico-y-la-colaboracion-social-para-obtenerlo\\\/#breadcrumb\",\"itemListElement\":[{\"@type\":\"ListItem\",\"position\":1,\"name\":\"Portada\",\"item\":\"https:\\\/\\\/www.laguiadepamplona.com\\\/actualidad\\\/\"},{\"@type\":\"ListItem\",\"position\":2,\"name\":\"Pamplona estrena \u2018Din\u00e1mika\u2019, una pieza de mobiliario urbano basada en el equilibrio mec\u00e1nico y la colaboraci\u00f3n social para obtenerlo\"}]},{\"@type\":\"WebSite\",\"@id\":\"https:\\\/\\\/www.laguiadepamplona.com\\\/actualidad\\\/#website\",\"url\":\"https:\\\/\\\/www.laguiadepamplona.com\\\/actualidad\\\/\",\"name\":\"La gu\u00eda de Pamplona\",\"description\":\"Noticias de Pamplona\",\"publisher\":{\"@id\":\"https:\\\/\\\/www.laguiadepamplona.com\\\/actualidad\\\/#organization\"},\"potentialAction\":[{\"@type\":\"SearchAction\",\"target\":{\"@type\":\"EntryPoint\",\"urlTemplate\":\"https:\\\/\\\/www.laguiadepamplona.com\\\/actualidad\\\/?s={search_term_string}\"},\"query-input\":{\"@type\":\"PropertyValueSpecification\",\"valueRequired\":true,\"valueName\":\"search_term_string\"}}],\"inLanguage\":\"es\"},{\"@type\":\"Organization\",\"@id\":\"https:\\\/\\\/www.laguiadepamplona.com\\\/actualidad\\\/#organization\",\"name\":\"La Gu\u00eda de Pamplona \\\/ Noticias\",\"url\":\"https:\\\/\\\/www.laguiadepamplona.com\\\/actualidad\\\/\",\"logo\":{\"@type\":\"ImageObject\",\"inLanguage\":\"es\",\"@id\":\"https:\\\/\\\/www.laguiadepamplona.com\\\/actualidad\\\/#\\\/schema\\\/logo\\\/image\\\/\",\"url\":\"https:\\\/\\\/www.laguiadepamplona.com\\\/actualidad\\\/wp-content\\\/uploads\\\/2018\\\/11\\\/logo-laguiadepamplona18-web1.png\",\"contentUrl\":\"https:\\\/\\\/www.laguiadepamplona.com\\\/actualidad\\\/wp-content\\\/uploads\\\/2018\\\/11\\\/logo-laguiadepamplona18-web1.png\",\"width\":600,\"height\":196,\"caption\":\"La Gu\u00eda de Pamplona \\\/ Noticias\"},\"image\":{\"@id\":\"https:\\\/\\\/www.laguiadepamplona.com\\\/actualidad\\\/#\\\/schema\\\/logo\\\/image\\\/\"},\"sameAs\":[\"https:\\\/\\\/www.facebook.com\\\/laguiadepamplonacom-133175176762273\\\/?ref=hl\",\"https:\\\/\\\/x.com\\\/LaGuiadPamplona\",\"https:\\\/\\\/www.instagram.com\\\/la_guia_de_pamplona\\\/\",\"https:\\\/\\\/www.youtube.com\\\/user\\\/laguiadepamplona\"]},{\"@type\":\"Person\",\"@id\":\"https:\\\/\\\/www.laguiadepamplona.com\\\/actualidad\\\/#\\\/schema\\\/person\\\/efe887376f0213d4657c93adc50b1fdb\",\"name\":\"La Gu\u00eda de Pamplona\",\"image\":{\"@type\":\"ImageObject\",\"inLanguage\":\"es\",\"@id\":\"https:\\\/\\\/secure.gravatar.com\\\/avatar\\\/b6992f131dc8d30ab0dff15446e9d346d9dbd95992de0fef795073f5ea83a81c?s=96&d=mm&r=g\",\"url\":\"https:\\\/\\\/secure.gravatar.com\\\/avatar\\\/b6992f131dc8d30ab0dff15446e9d346d9dbd95992de0fef795073f5ea83a81c?s=96&d=mm&r=g\",\"contentUrl\":\"https:\\\/\\\/secure.gravatar.com\\\/avatar\\\/b6992f131dc8d30ab0dff15446e9d346d9dbd95992de0fef795073f5ea83a81c?s=96&d=mm&r=g\",\"caption\":\"La Gu\u00eda de Pamplona\"}}]}<\/script>\n<!-- \/ Yoast SEO plugin. -->","yoast_head_json":{"title":"Pamplona estrena \u2018Din\u00e1mika\u2019, una pieza de mobiliario urbano basada en el equilibrio mec\u00e1nico y la colaboraci\u00f3n social para obtenerlo","description":"La propuesta art\u00edstica est\u00e1 instalada en la Ciudadela y ha sido ideada por la asociaci\u00f3n SEI y la artista Matrta El\u00eda","robots":{"index":"index","follow":"follow","max-snippet":"max-snippet:-1","max-image-preview":"max-image-preview:large","max-video-preview":"max-video-preview:-1"},"canonical":"https:\/\/www.laguiadepamplona.com\/actualidad\/pamplona-estrena-dinamika-una-pieza-de-mobiliario-urbano-basada-en-el-equilibrio-mecanico-y-la-colaboracion-social-para-obtenerlo\/","og_locale":"es_ES","og_type":"article","og_title":"Pamplona estrena \u2018Din\u00e1mika\u2019, una pieza de mobiliario urbano basada en el equilibrio mec\u00e1nico y la colaboraci\u00f3n social para obtenerlo","og_description":"La propuesta art\u00edstica est\u00e1 instalada en la Ciudadela y ha sido ideada por la asociaci\u00f3n SEI y la artista Matrta El\u00eda","og_url":"https:\/\/www.laguiadepamplona.com\/actualidad\/pamplona-estrena-dinamika-una-pieza-de-mobiliario-urbano-basada-en-el-equilibrio-mecanico-y-la-colaboracion-social-para-obtenerlo\/","og_site_name":"La Gu\u00eda de Pamplona","article_publisher":"https:\/\/www.facebook.com\/laguiadepamplonacom-133175176762273\/?ref=hl","article_published_time":"2022-09-30T11:28:47+00:00","article_modified_time":"2023-04-11T09:47:47+00:00","og_image":[{"width":1920,"height":1440,"url":"https:\/\/www.laguiadepamplona.com\/actualidad\/wp-content\/uploads\/2022\/09\/mobiliario.webp","type":"image\/webp"}],"author":"La Gu\u00eda de Pamplona","twitter_card":"summary_large_image","twitter_creator":"@LaGuiadPamplona","twitter_site":"@LaGuiadPamplona","twitter_misc":{"Escrito por":"La Gu\u00eda de Pamplona","Tiempo de lectura":"2 minutos"},"schema":{"@context":"https:\/\/schema.org","@graph":[{"@type":"Article","@id":"https:\/\/www.laguiadepamplona.com\/actualidad\/pamplona-estrena-dinamika-una-pieza-de-mobiliario-urbano-basada-en-el-equilibrio-mecanico-y-la-colaboracion-social-para-obtenerlo\/#article","isPartOf":{"@id":"https:\/\/www.laguiadepamplona.com\/actualidad\/pamplona-estrena-dinamika-una-pieza-de-mobiliario-urbano-basada-en-el-equilibrio-mecanico-y-la-colaboracion-social-para-obtenerlo\/"},"author":{"name":"La Gu\u00eda de Pamplona","@id":"https:\/\/www.laguiadepamplona.com\/actualidad\/#\/schema\/person\/efe887376f0213d4657c93adc50b1fdb"},"headline":"Pamplona estrena \u2018Din\u00e1mika\u2019, una pieza de mobiliario urbano basada en el equilibrio mec\u00e1nico y la colaboraci\u00f3n social para obtenerlo","datePublished":"2022-09-30T11:28:47+00:00","dateModified":"2023-04-11T09:47:47+00:00","mainEntityOfPage":{"@id":"https:\/\/www.laguiadepamplona.com\/actualidad\/pamplona-estrena-dinamika-una-pieza-de-mobiliario-urbano-basada-en-el-equilibrio-mecanico-y-la-colaboracion-social-para-obtenerlo\/"},"wordCount":466,"commentCount":0,"publisher":{"@id":"https:\/\/www.laguiadepamplona.com\/actualidad\/#organization"},"image":{"@id":"https:\/\/www.laguiadepamplona.com\/actualidad\/pamplona-estrena-dinamika-una-pieza-de-mobiliario-urbano-basada-en-el-equilibrio-mecanico-y-la-colaboracion-social-para-obtenerlo\/#primaryimage"},"thumbnailUrl":"https:\/\/www.laguiadepamplona.com\/actualidad\/wp-content\/uploads\/2022\/09\/mobiliario.webp","articleSection":["Ayto Pamplona"],"inLanguage":"es","potentialAction":[{"@type":"CommentAction","name":"Comment","target":["https:\/\/www.laguiadepamplona.com\/actualidad\/pamplona-estrena-dinamika-una-pieza-de-mobiliario-urbano-basada-en-el-equilibrio-mecanico-y-la-colaboracion-social-para-obtenerlo\/#respond"]}]},{"@type":"WebPage","@id":"https:\/\/www.laguiadepamplona.com\/actualidad\/pamplona-estrena-dinamika-una-pieza-de-mobiliario-urbano-basada-en-el-equilibrio-mecanico-y-la-colaboracion-social-para-obtenerlo\/","url":"https:\/\/www.laguiadepamplona.com\/actualidad\/pamplona-estrena-dinamika-una-pieza-de-mobiliario-urbano-basada-en-el-equilibrio-mecanico-y-la-colaboracion-social-para-obtenerlo\/","name":"Pamplona estrena \u2018Din\u00e1mika\u2019, una pieza de mobiliario urbano basada en el equilibrio mec\u00e1nico y la colaboraci\u00f3n social para obtenerlo","isPartOf":{"@id":"https:\/\/www.laguiadepamplona.com\/actualidad\/#website"},"primaryImageOfPage":{"@id":"https:\/\/www.laguiadepamplona.com\/actualidad\/pamplona-estrena-dinamika-una-pieza-de-mobiliario-urbano-basada-en-el-equilibrio-mecanico-y-la-colaboracion-social-para-obtenerlo\/#primaryimage"},"image":{"@id":"https:\/\/www.laguiadepamplona.com\/actualidad\/pamplona-estrena-dinamika-una-pieza-de-mobiliario-urbano-basada-en-el-equilibrio-mecanico-y-la-colaboracion-social-para-obtenerlo\/#primaryimage"},"thumbnailUrl":"https:\/\/www.laguiadepamplona.com\/actualidad\/wp-content\/uploads\/2022\/09\/mobiliario.webp","datePublished":"2022-09-30T11:28:47+00:00","dateModified":"2023-04-11T09:47:47+00:00","description":"La propuesta art\u00edstica est\u00e1 instalada en la Ciudadela y ha sido ideada por la asociaci\u00f3n SEI y la artista Matrta El\u00eda","breadcrumb":{"@id":"https:\/\/www.laguiadepamplona.com\/actualidad\/pamplona-estrena-dinamika-una-pieza-de-mobiliario-urbano-basada-en-el-equilibrio-mecanico-y-la-colaboracion-social-para-obtenerlo\/#breadcrumb"},"inLanguage":"es","potentialAction":[{"@type":"ReadAction","target":["https:\/\/www.laguiadepamplona.com\/actualidad\/pamplona-estrena-dinamika-una-pieza-de-mobiliario-urbano-basada-en-el-equilibrio-mecanico-y-la-colaboracion-social-para-obtenerlo\/"]}]},{"@type":"ImageObject","inLanguage":"es","@id":"https:\/\/www.laguiadepamplona.com\/actualidad\/pamplona-estrena-dinamika-una-pieza-de-mobiliario-urbano-basada-en-el-equilibrio-mecanico-y-la-colaboracion-social-para-obtenerlo\/#primaryimage","url":"https:\/\/www.laguiadepamplona.com\/actualidad\/wp-content\/uploads\/2022\/09\/mobiliario.webp","contentUrl":"https:\/\/www.laguiadepamplona.com\/actualidad\/wp-content\/uploads\/2022\/09\/mobiliario.webp","width":1920,"height":1440},{"@type":"BreadcrumbList","@id":"https:\/\/www.laguiadepamplona.com\/actualidad\/pamplona-estrena-dinamika-una-pieza-de-mobiliario-urbano-basada-en-el-equilibrio-mecanico-y-la-colaboracion-social-para-obtenerlo\/#breadcrumb","itemListElement":[{"@type":"ListItem","position":1,"name":"Portada","item":"https:\/\/www.laguiadepamplona.com\/actualidad\/"},{"@type":"ListItem","position":2,"name":"Pamplona estrena \u2018Din\u00e1mika\u2019, una pieza de mobiliario urbano basada en el equilibrio mec\u00e1nico y la colaboraci\u00f3n social para obtenerlo"}]},{"@type":"WebSite","@id":"https:\/\/www.laguiadepamplona.com\/actualidad\/#website","url":"https:\/\/www.laguiadepamplona.com\/actualidad\/","name":"La gu\u00eda de Pamplona","description":"Noticias de Pamplona","publisher":{"@id":"https:\/\/www.laguiadepamplona.com\/actualidad\/#organization"},"potentialAction":[{"@type":"SearchAction","target":{"@type":"EntryPoint","urlTemplate":"https:\/\/www.laguiadepamplona.com\/actualidad\/?s={search_term_string}"},"query-input":{"@type":"PropertyValueSpecification","valueRequired":true,"valueName":"search_term_string"}}],"inLanguage":"es"},{"@type":"Organization","@id":"https:\/\/www.laguiadepamplona.com\/actualidad\/#organization","name":"La Gu\u00eda de Pamplona \/ Noticias","url":"https:\/\/www.laguiadepamplona.com\/actualidad\/","logo":{"@type":"ImageObject","inLanguage":"es","@id":"https:\/\/www.laguiadepamplona.com\/actualidad\/#\/schema\/logo\/image\/","url":"https:\/\/www.laguiadepamplona.com\/actualidad\/wp-content\/uploads\/2018\/11\/logo-laguiadepamplona18-web1.png","contentUrl":"https:\/\/www.laguiadepamplona.com\/actualidad\/wp-content\/uploads\/2018\/11\/logo-laguiadepamplona18-web1.png","width":600,"height":196,"caption":"La Gu\u00eda de Pamplona \/ Noticias"},"image":{"@id":"https:\/\/www.laguiadepamplona.com\/actualidad\/#\/schema\/logo\/image\/"},"sameAs":["https:\/\/www.facebook.com\/laguiadepamplonacom-133175176762273\/?ref=hl","https:\/\/x.com\/LaGuiadPamplona","https:\/\/www.instagram.com\/la_guia_de_pamplona\/","https:\/\/www.youtube.com\/user\/laguiadepamplona"]},{"@type":"Person","@id":"https:\/\/www.laguiadepamplona.com\/actualidad\/#\/schema\/person\/efe887376f0213d4657c93adc50b1fdb","name":"La Gu\u00eda de Pamplona","image":{"@type":"ImageObject","inLanguage":"es","@id":"https:\/\/secure.gravatar.com\/avatar\/b6992f131dc8d30ab0dff15446e9d346d9dbd95992de0fef795073f5ea83a81c?s=96&d=mm&r=g","url":"https:\/\/secure.gravatar.com\/avatar\/b6992f131dc8d30ab0dff15446e9d346d9dbd95992de0fef795073f5ea83a81c?s=96&d=mm&r=g","contentUrl":"https:\/\/secure.gravatar.com\/avatar\/b6992f131dc8d30ab0dff15446e9d346d9dbd95992de0fef795073f5ea83a81c?s=96&d=mm&r=g","caption":"La Gu\u00eda de Pamplona"}}]}},"post_mailing_queue_ids":[],"_links":{"self":[{"href":"https:\/\/www.laguiadepamplona.com\/actualidad\/wp-json\/wp\/v2\/posts\/41759","targetHints":{"allow":["GET"]}}],"collection":[{"href":"https:\/\/www.laguiadepamplona.com\/actualidad\/wp-json\/wp\/v2\/posts"}],"about":[{"href":"https:\/\/www.laguiadepamplona.com\/actualidad\/wp-json\/wp\/v2\/types\/post"}],"author":[{"embeddable":true,"href":"https:\/\/www.laguiadepamplona.com\/actualidad\/wp-json\/wp\/v2\/users\/1"}],"replies":[{"embeddable":true,"href":"https:\/\/www.laguiadepamplona.com\/actualidad\/wp-json\/wp\/v2\/comments?post=41759"}],"version-history":[{"count":0,"href":"https:\/\/www.laguiadepamplona.com\/actualidad\/wp-json\/wp\/v2\/posts\/41759\/revisions"}],"wp:featuredmedia":[{"embeddable":true,"href":"https:\/\/www.laguiadepamplona.com\/actualidad\/wp-json\/wp\/v2\/media\/41760"}],"wp:attachment":[{"href":"https:\/\/www.laguiadepamplona.com\/actualidad\/wp-json\/wp\/v2\/media?parent=41759"}],"wp:term":[{"taxonomy":"category","embeddable":true,"href":"https:\/\/www.laguiadepamplona.com\/actualidad\/wp-json\/wp\/v2\/categories?post=41759"},{"taxonomy":"post_tag","embeddable":true,"href":"https:\/\/www.laguiadepamplona.com\/actualidad\/wp-json\/wp\/v2\/tags?post=41759"}],"curies":[{"name":"wp","href":"https:\/\/api.w.org\/{rel}","templated":true}]}}