{"id":41756,"date":"2022-09-29T18:20:05","date_gmt":"2022-09-29T16:20:05","guid":{"rendered":"https:\/\/www.laguiadepamplona.com\/actualidad\/?p=41756"},"modified":"2023-04-11T11:47:47","modified_gmt":"2023-04-11T09:47:47","slug":"el-alcalde-enrique-maya-recibe-al-jefe-de-policia-local-de-zaragoza","status":"publish","type":"post","link":"https:\/\/www.laguiadepamplona.com\/actualidad\/el-alcalde-enrique-maya-recibe-al-jefe-de-policia-local-de-zaragoza\/","title":{"rendered":"El alcalde Enrique Maya recibe al Jefe de Polic\u00eda Local de Zaragoza"},"content":{"rendered":"<h5>Antonio Soriano ha sido homenajeado en celebraci\u00f3n de la festividad de San Miguel, patr\u00f3n de la Polic\u00eda Municipal de Pamplona<\/h5>\n<p><!--more--><\/p>\n<p>El alcalde de Pamplona, Enrique Maya, ha recibido hoy en su despacho de la Casa Consistorial al Jefe de la Polic\u00eda Local de Zaragoza, Antonio Soriano, quien ha acudido a la ciudad para participar en la celebraci\u00f3n de San Miguel, patr\u00f3n de la Polic\u00eda Municipal de Pamplona, donde ha sido homenajeado.<br \/>\n<script async src=\"\/\/pagead2.googlesyndication.com\/pagead\/js\/adsbygoogle.js\"><\/script><br \/>\n<!-- Noticias La Guia de Pamplona --><br \/>\n<ins class=\"adsbygoogle\"\nstyle=\"display:block\"\ndata-ad-client=\"ca-pub-6943679897239327\"\ndata-ad-slot=\"7048180777\"\ndata-ad-format=\"auto\"><\/ins><br \/>\n<script>\n(adsbygoogle = window.adsbygoogle || []).push({});\n<\/script><\/p>\n<p>Soriano, que est\u00e1 al frente de la Polic\u00eda Local de Zaragoza desde 2003, ha recibido esta ma\u00f1ana la medalla de servicios distinguidos en el acto de celebrado en el Palacio de Congresos Baluarte. Con esta distinci\u00f3n, se ha querido premiar \u201csu total disposici\u00f3n y colaboraci\u00f3n con la Polic\u00eda Municipal de Pamplona, tanto en diversas materias policiales como en formaci\u00f3n y, fruto de esta \u00faltima, la colaboraci\u00f3n en las pasadas fiestas de San Ferm\u00edn\u201d.<\/p>\n<p>En el encuentro, en el que el alcalde ha recibido como obsequio una figura de la Virgen del Pilar, patrona de Zaragoza, ha participado tambi\u00e9n el Jefe de la Polic\u00eda Municipal de Pamplona, Javier Goya.<\/p>\n","protected":false},"excerpt":{"rendered":"<p>Antonio Soriano ha sido homenajeado en celebraci\u00f3n de la festividad de San Miguel, patr\u00f3n de la Polic\u00eda Municipal de Pamplona<\/p>\n","protected":false},"author":1,"featured_media":41757,"comment_status":"open","ping_status":"closed","sticky":false,"template":"","format":"standard","meta":{"footnotes":""},"categories":[2],"tags":[],"class_list":["post-41756","post","type-post","status-publish","format-standard","has-post-thumbnail","hentry","category-ayuntamiento-pamplona"],"yoast_head":"<!-- This site is optimized with the Yoast SEO plugin v27.5 - https:\/\/yoast.com\/product\/yoast-seo-wordpress\/ -->\n<title>El alcalde Enrique Maya recibe al Jefe de Polic\u00eda Local de Zaragoza<\/title>\n<meta name=\"description\" content=\"Antonio Soriano ha sido homenajeado en celebraci\u00f3n de la festividad de San Miguel.\" \/>\n<meta name=\"robots\" content=\"index, follow, max-snippet:-1, max-image-preview:large, max-video-preview:-1\" \/>\n<link rel=\"canonical\" href=\"https:\/\/www.laguiadepamplona.com\/actualidad\/el-alcalde-enrique-maya-recibe-al-jefe-de-policia-local-de-zaragoza\/\" \/>\n<meta property=\"og:locale\" content=\"es_ES\" \/>\n<meta property=\"og:type\" content=\"article\" \/>\n<meta property=\"og:title\" content=\"El alcalde Enrique Maya recibe al Jefe de Polic\u00eda Local de Zaragoza\" \/>\n<meta property=\"og:description\" content=\"Antonio Soriano ha sido homenajeado en celebraci\u00f3n de la festividad de San Miguel.\" \/>\n<meta property=\"og:url\" content=\"https:\/\/www.laguiadepamplona.com\/actualidad\/el-alcalde-enrique-maya-recibe-al-jefe-de-policia-local-de-zaragoza\/\" \/>\n<meta property=\"og:site_name\" content=\"La Gu\u00eda de Pamplona\" \/>\n<meta property=\"article:publisher\" content=\"https:\/\/www.facebook.com\/laguiadepamplonacom-133175176762273\/?ref=hl\" \/>\n<meta property=\"article:published_time\" content=\"2022-09-29T16:20:05+00:00\" \/>\n<meta property=\"article:modified_time\" content=\"2023-04-11T09:47:47+00:00\" \/>\n<meta property=\"og:image\" content=\"https:\/\/www.laguiadepamplona.com\/actualidad\/wp-content\/uploads\/2022\/09\/jefe-superior-de-policia-zaragee5a9812_0.webp\" \/>\n\t<meta property=\"og:image:width\" content=\"1920\" \/>\n\t<meta property=\"og:image:height\" content=\"1280\" \/>\n\t<meta property=\"og:image:type\" content=\"image\/webp\" \/>\n<meta name=\"author\" content=\"La Gu\u00eda de Pamplona\" \/>\n<meta name=\"twitter:card\" content=\"summary_large_image\" \/>\n<meta name=\"twitter:creator\" content=\"@LaGuiadPamplona\" \/>\n<meta name=\"twitter:site\" content=\"@LaGuiadPamplona\" \/>\n<meta name=\"twitter:label1\" content=\"Escrito por\" \/>\n\t<meta name=\"twitter:data1\" content=\"La Gu\u00eda de Pamplona\" \/>\n\t<meta name=\"twitter:label2\" content=\"Tiempo de lectura\" \/>\n\t<meta name=\"twitter:data2\" content=\"1 minuto\" \/>\n<script type=\"application\/ld+json\" class=\"yoast-schema-graph\">{\"@context\":\"https:\\\/\\\/schema.org\",\"@graph\":[{\"@type\":\"Article\",\"@id\":\"https:\\\/\\\/www.laguiadepamplona.com\\\/actualidad\\\/el-alcalde-enrique-maya-recibe-al-jefe-de-policia-local-de-zaragoza\\\/#article\",\"isPartOf\":{\"@id\":\"https:\\\/\\\/www.laguiadepamplona.com\\\/actualidad\\\/el-alcalde-enrique-maya-recibe-al-jefe-de-policia-local-de-zaragoza\\\/\"},\"author\":{\"name\":\"La Gu\u00eda de Pamplona\",\"@id\":\"https:\\\/\\\/www.laguiadepamplona.com\\\/actualidad\\\/#\\\/schema\\\/person\\\/efe887376f0213d4657c93adc50b1fdb\"},\"headline\":\"El alcalde Enrique Maya recibe al Jefe de Polic\u00eda Local de Zaragoza\",\"datePublished\":\"2022-09-29T16:20:05+00:00\",\"dateModified\":\"2023-04-11T09:47:47+00:00\",\"mainEntityOfPage\":{\"@id\":\"https:\\\/\\\/www.laguiadepamplona.com\\\/actualidad\\\/el-alcalde-enrique-maya-recibe-al-jefe-de-policia-local-de-zaragoza\\\/\"},\"wordCount\":209,\"commentCount\":0,\"publisher\":{\"@id\":\"https:\\\/\\\/www.laguiadepamplona.com\\\/actualidad\\\/#organization\"},\"image\":{\"@id\":\"https:\\\/\\\/www.laguiadepamplona.com\\\/actualidad\\\/el-alcalde-enrique-maya-recibe-al-jefe-de-policia-local-de-zaragoza\\\/#primaryimage\"},\"thumbnailUrl\":\"https:\\\/\\\/www.laguiadepamplona.com\\\/actualidad\\\/wp-content\\\/uploads\\\/2022\\\/09\\\/jefe-superior-de-policia-zaragee5a9812_0.webp\",\"articleSection\":[\"Ayto Pamplona\"],\"inLanguage\":\"es\",\"potentialAction\":[{\"@type\":\"CommentAction\",\"name\":\"Comment\",\"target\":[\"https:\\\/\\\/www.laguiadepamplona.com\\\/actualidad\\\/el-alcalde-enrique-maya-recibe-al-jefe-de-policia-local-de-zaragoza\\\/#respond\"]}]},{\"@type\":\"WebPage\",\"@id\":\"https:\\\/\\\/www.laguiadepamplona.com\\\/actualidad\\\/el-alcalde-enrique-maya-recibe-al-jefe-de-policia-local-de-zaragoza\\\/\",\"url\":\"https:\\\/\\\/www.laguiadepamplona.com\\\/actualidad\\\/el-alcalde-enrique-maya-recibe-al-jefe-de-policia-local-de-zaragoza\\\/\",\"name\":\"El alcalde Enrique Maya recibe al Jefe de Polic\u00eda Local de Zaragoza\",\"isPartOf\":{\"@id\":\"https:\\\/\\\/www.laguiadepamplona.com\\\/actualidad\\\/#website\"},\"primaryImageOfPage\":{\"@id\":\"https:\\\/\\\/www.laguiadepamplona.com\\\/actualidad\\\/el-alcalde-enrique-maya-recibe-al-jefe-de-policia-local-de-zaragoza\\\/#primaryimage\"},\"image\":{\"@id\":\"https:\\\/\\\/www.laguiadepamplona.com\\\/actualidad\\\/el-alcalde-enrique-maya-recibe-al-jefe-de-policia-local-de-zaragoza\\\/#primaryimage\"},\"thumbnailUrl\":\"https:\\\/\\\/www.laguiadepamplona.com\\\/actualidad\\\/wp-content\\\/uploads\\\/2022\\\/09\\\/jefe-superior-de-policia-zaragee5a9812_0.webp\",\"datePublished\":\"2022-09-29T16:20:05+00:00\",\"dateModified\":\"2023-04-11T09:47:47+00:00\",\"description\":\"Antonio Soriano ha sido homenajeado en celebraci\u00f3n de la festividad de San Miguel.\",\"breadcrumb\":{\"@id\":\"https:\\\/\\\/www.laguiadepamplona.com\\\/actualidad\\\/el-alcalde-enrique-maya-recibe-al-jefe-de-policia-local-de-zaragoza\\\/#breadcrumb\"},\"inLanguage\":\"es\",\"potentialAction\":[{\"@type\":\"ReadAction\",\"target\":[\"https:\\\/\\\/www.laguiadepamplona.com\\\/actualidad\\\/el-alcalde-enrique-maya-recibe-al-jefe-de-policia-local-de-zaragoza\\\/\"]}]},{\"@type\":\"ImageObject\",\"inLanguage\":\"es\",\"@id\":\"https:\\\/\\\/www.laguiadepamplona.com\\\/actualidad\\\/el-alcalde-enrique-maya-recibe-al-jefe-de-policia-local-de-zaragoza\\\/#primaryimage\",\"url\":\"https:\\\/\\\/www.laguiadepamplona.com\\\/actualidad\\\/wp-content\\\/uploads\\\/2022\\\/09\\\/jefe-superior-de-policia-zaragee5a9812_0.webp\",\"contentUrl\":\"https:\\\/\\\/www.laguiadepamplona.com\\\/actualidad\\\/wp-content\\\/uploads\\\/2022\\\/09\\\/jefe-superior-de-policia-zaragee5a9812_0.webp\",\"width\":1920,\"height\":1280},{\"@type\":\"BreadcrumbList\",\"@id\":\"https:\\\/\\\/www.laguiadepamplona.com\\\/actualidad\\\/el-alcalde-enrique-maya-recibe-al-jefe-de-policia-local-de-zaragoza\\\/#breadcrumb\",\"itemListElement\":[{\"@type\":\"ListItem\",\"position\":1,\"name\":\"Portada\",\"item\":\"https:\\\/\\\/www.laguiadepamplona.com\\\/actualidad\\\/\"},{\"@type\":\"ListItem\",\"position\":2,\"name\":\"El alcalde Enrique Maya recibe al Jefe de Polic\u00eda Local de Zaragoza\"}]},{\"@type\":\"WebSite\",\"@id\":\"https:\\\/\\\/www.laguiadepamplona.com\\\/actualidad\\\/#website\",\"url\":\"https:\\\/\\\/www.laguiadepamplona.com\\\/actualidad\\\/\",\"name\":\"La gu\u00eda de Pamplona\",\"description\":\"Noticias de Pamplona\",\"publisher\":{\"@id\":\"https:\\\/\\\/www.laguiadepamplona.com\\\/actualidad\\\/#organization\"},\"potentialAction\":[{\"@type\":\"SearchAction\",\"target\":{\"@type\":\"EntryPoint\",\"urlTemplate\":\"https:\\\/\\\/www.laguiadepamplona.com\\\/actualidad\\\/?s={search_term_string}\"},\"query-input\":{\"@type\":\"PropertyValueSpecification\",\"valueRequired\":true,\"valueName\":\"search_term_string\"}}],\"inLanguage\":\"es\"},{\"@type\":\"Organization\",\"@id\":\"https:\\\/\\\/www.laguiadepamplona.com\\\/actualidad\\\/#organization\",\"name\":\"La Gu\u00eda de Pamplona \\\/ Noticias\",\"url\":\"https:\\\/\\\/www.laguiadepamplona.com\\\/actualidad\\\/\",\"logo\":{\"@type\":\"ImageObject\",\"inLanguage\":\"es\",\"@id\":\"https:\\\/\\\/www.laguiadepamplona.com\\\/actualidad\\\/#\\\/schema\\\/logo\\\/image\\\/\",\"url\":\"https:\\\/\\\/www.laguiadepamplona.com\\\/actualidad\\\/wp-content\\\/uploads\\\/2018\\\/11\\\/logo-laguiadepamplona18-web1.png\",\"contentUrl\":\"https:\\\/\\\/www.laguiadepamplona.com\\\/actualidad\\\/wp-content\\\/uploads\\\/2018\\\/11\\\/logo-laguiadepamplona18-web1.png\",\"width\":600,\"height\":196,\"caption\":\"La Gu\u00eda de Pamplona \\\/ Noticias\"},\"image\":{\"@id\":\"https:\\\/\\\/www.laguiadepamplona.com\\\/actualidad\\\/#\\\/schema\\\/logo\\\/image\\\/\"},\"sameAs\":[\"https:\\\/\\\/www.facebook.com\\\/laguiadepamplonacom-133175176762273\\\/?ref=hl\",\"https:\\\/\\\/x.com\\\/LaGuiadPamplona\",\"https:\\\/\\\/www.instagram.com\\\/la_guia_de_pamplona\\\/\",\"https:\\\/\\\/www.youtube.com\\\/user\\\/laguiadepamplona\"]},{\"@type\":\"Person\",\"@id\":\"https:\\\/\\\/www.laguiadepamplona.com\\\/actualidad\\\/#\\\/schema\\\/person\\\/efe887376f0213d4657c93adc50b1fdb\",\"name\":\"La Gu\u00eda de Pamplona\",\"image\":{\"@type\":\"ImageObject\",\"inLanguage\":\"es\",\"@id\":\"https:\\\/\\\/secure.gravatar.com\\\/avatar\\\/b6992f131dc8d30ab0dff15446e9d346d9dbd95992de0fef795073f5ea83a81c?s=96&d=mm&r=g\",\"url\":\"https:\\\/\\\/secure.gravatar.com\\\/avatar\\\/b6992f131dc8d30ab0dff15446e9d346d9dbd95992de0fef795073f5ea83a81c?s=96&d=mm&r=g\",\"contentUrl\":\"https:\\\/\\\/secure.gravatar.com\\\/avatar\\\/b6992f131dc8d30ab0dff15446e9d346d9dbd95992de0fef795073f5ea83a81c?s=96&d=mm&r=g\",\"caption\":\"La Gu\u00eda de Pamplona\"}}]}<\/script>\n<!-- \/ Yoast SEO plugin. -->","yoast_head_json":{"title":"El alcalde Enrique Maya recibe al Jefe de Polic\u00eda Local de Zaragoza","description":"Antonio Soriano ha sido homenajeado en celebraci\u00f3n de la festividad de San Miguel.","robots":{"index":"index","follow":"follow","max-snippet":"max-snippet:-1","max-image-preview":"max-image-preview:large","max-video-preview":"max-video-preview:-1"},"canonical":"https:\/\/www.laguiadepamplona.com\/actualidad\/el-alcalde-enrique-maya-recibe-al-jefe-de-policia-local-de-zaragoza\/","og_locale":"es_ES","og_type":"article","og_title":"El alcalde Enrique Maya recibe al Jefe de Polic\u00eda Local de Zaragoza","og_description":"Antonio Soriano ha sido homenajeado en celebraci\u00f3n de la festividad de San Miguel.","og_url":"https:\/\/www.laguiadepamplona.com\/actualidad\/el-alcalde-enrique-maya-recibe-al-jefe-de-policia-local-de-zaragoza\/","og_site_name":"La Gu\u00eda de Pamplona","article_publisher":"https:\/\/www.facebook.com\/laguiadepamplonacom-133175176762273\/?ref=hl","article_published_time":"2022-09-29T16:20:05+00:00","article_modified_time":"2023-04-11T09:47:47+00:00","og_image":[{"width":1920,"height":1280,"url":"https:\/\/www.laguiadepamplona.com\/actualidad\/wp-content\/uploads\/2022\/09\/jefe-superior-de-policia-zaragee5a9812_0.webp","type":"image\/webp"}],"author":"La Gu\u00eda de Pamplona","twitter_card":"summary_large_image","twitter_creator":"@LaGuiadPamplona","twitter_site":"@LaGuiadPamplona","twitter_misc":{"Escrito por":"La Gu\u00eda de Pamplona","Tiempo de lectura":"1 minuto"},"schema":{"@context":"https:\/\/schema.org","@graph":[{"@type":"Article","@id":"https:\/\/www.laguiadepamplona.com\/actualidad\/el-alcalde-enrique-maya-recibe-al-jefe-de-policia-local-de-zaragoza\/#article","isPartOf":{"@id":"https:\/\/www.laguiadepamplona.com\/actualidad\/el-alcalde-enrique-maya-recibe-al-jefe-de-policia-local-de-zaragoza\/"},"author":{"name":"La Gu\u00eda de Pamplona","@id":"https:\/\/www.laguiadepamplona.com\/actualidad\/#\/schema\/person\/efe887376f0213d4657c93adc50b1fdb"},"headline":"El alcalde Enrique Maya recibe al Jefe de Polic\u00eda Local de Zaragoza","datePublished":"2022-09-29T16:20:05+00:00","dateModified":"2023-04-11T09:47:47+00:00","mainEntityOfPage":{"@id":"https:\/\/www.laguiadepamplona.com\/actualidad\/el-alcalde-enrique-maya-recibe-al-jefe-de-policia-local-de-zaragoza\/"},"wordCount":209,"commentCount":0,"publisher":{"@id":"https:\/\/www.laguiadepamplona.com\/actualidad\/#organization"},"image":{"@id":"https:\/\/www.laguiadepamplona.com\/actualidad\/el-alcalde-enrique-maya-recibe-al-jefe-de-policia-local-de-zaragoza\/#primaryimage"},"thumbnailUrl":"https:\/\/www.laguiadepamplona.com\/actualidad\/wp-content\/uploads\/2022\/09\/jefe-superior-de-policia-zaragee5a9812_0.webp","articleSection":["Ayto Pamplona"],"inLanguage":"es","potentialAction":[{"@type":"CommentAction","name":"Comment","target":["https:\/\/www.laguiadepamplona.com\/actualidad\/el-alcalde-enrique-maya-recibe-al-jefe-de-policia-local-de-zaragoza\/#respond"]}]},{"@type":"WebPage","@id":"https:\/\/www.laguiadepamplona.com\/actualidad\/el-alcalde-enrique-maya-recibe-al-jefe-de-policia-local-de-zaragoza\/","url":"https:\/\/www.laguiadepamplona.com\/actualidad\/el-alcalde-enrique-maya-recibe-al-jefe-de-policia-local-de-zaragoza\/","name":"El alcalde Enrique Maya recibe al Jefe de Polic\u00eda Local de Zaragoza","isPartOf":{"@id":"https:\/\/www.laguiadepamplona.com\/actualidad\/#website"},"primaryImageOfPage":{"@id":"https:\/\/www.laguiadepamplona.com\/actualidad\/el-alcalde-enrique-maya-recibe-al-jefe-de-policia-local-de-zaragoza\/#primaryimage"},"image":{"@id":"https:\/\/www.laguiadepamplona.com\/actualidad\/el-alcalde-enrique-maya-recibe-al-jefe-de-policia-local-de-zaragoza\/#primaryimage"},"thumbnailUrl":"https:\/\/www.laguiadepamplona.com\/actualidad\/wp-content\/uploads\/2022\/09\/jefe-superior-de-policia-zaragee5a9812_0.webp","datePublished":"2022-09-29T16:20:05+00:00","dateModified":"2023-04-11T09:47:47+00:00","description":"Antonio Soriano ha sido homenajeado en celebraci\u00f3n de la festividad de San Miguel.","breadcrumb":{"@id":"https:\/\/www.laguiadepamplona.com\/actualidad\/el-alcalde-enrique-maya-recibe-al-jefe-de-policia-local-de-zaragoza\/#breadcrumb"},"inLanguage":"es","potentialAction":[{"@type":"ReadAction","target":["https:\/\/www.laguiadepamplona.com\/actualidad\/el-alcalde-enrique-maya-recibe-al-jefe-de-policia-local-de-zaragoza\/"]}]},{"@type":"ImageObject","inLanguage":"es","@id":"https:\/\/www.laguiadepamplona.com\/actualidad\/el-alcalde-enrique-maya-recibe-al-jefe-de-policia-local-de-zaragoza\/#primaryimage","url":"https:\/\/www.laguiadepamplona.com\/actualidad\/wp-content\/uploads\/2022\/09\/jefe-superior-de-policia-zaragee5a9812_0.webp","contentUrl":"https:\/\/www.laguiadepamplona.com\/actualidad\/wp-content\/uploads\/2022\/09\/jefe-superior-de-policia-zaragee5a9812_0.webp","width":1920,"height":1280},{"@type":"BreadcrumbList","@id":"https:\/\/www.laguiadepamplona.com\/actualidad\/el-alcalde-enrique-maya-recibe-al-jefe-de-policia-local-de-zaragoza\/#breadcrumb","itemListElement":[{"@type":"ListItem","position":1,"name":"Portada","item":"https:\/\/www.laguiadepamplona.com\/actualidad\/"},{"@type":"ListItem","position":2,"name":"El alcalde Enrique Maya recibe al Jefe de Polic\u00eda Local de Zaragoza"}]},{"@type":"WebSite","@id":"https:\/\/www.laguiadepamplona.com\/actualidad\/#website","url":"https:\/\/www.laguiadepamplona.com\/actualidad\/","name":"La gu\u00eda de Pamplona","description":"Noticias de Pamplona","publisher":{"@id":"https:\/\/www.laguiadepamplona.com\/actualidad\/#organization"},"potentialAction":[{"@type":"SearchAction","target":{"@type":"EntryPoint","urlTemplate":"https:\/\/www.laguiadepamplona.com\/actualidad\/?s={search_term_string}"},"query-input":{"@type":"PropertyValueSpecification","valueRequired":true,"valueName":"search_term_string"}}],"inLanguage":"es"},{"@type":"Organization","@id":"https:\/\/www.laguiadepamplona.com\/actualidad\/#organization","name":"La Gu\u00eda de Pamplona \/ Noticias","url":"https:\/\/www.laguiadepamplona.com\/actualidad\/","logo":{"@type":"ImageObject","inLanguage":"es","@id":"https:\/\/www.laguiadepamplona.com\/actualidad\/#\/schema\/logo\/image\/","url":"https:\/\/www.laguiadepamplona.com\/actualidad\/wp-content\/uploads\/2018\/11\/logo-laguiadepamplona18-web1.png","contentUrl":"https:\/\/www.laguiadepamplona.com\/actualidad\/wp-content\/uploads\/2018\/11\/logo-laguiadepamplona18-web1.png","width":600,"height":196,"caption":"La Gu\u00eda de Pamplona \/ Noticias"},"image":{"@id":"https:\/\/www.laguiadepamplona.com\/actualidad\/#\/schema\/logo\/image\/"},"sameAs":["https:\/\/www.facebook.com\/laguiadepamplonacom-133175176762273\/?ref=hl","https:\/\/x.com\/LaGuiadPamplona","https:\/\/www.instagram.com\/la_guia_de_pamplona\/","https:\/\/www.youtube.com\/user\/laguiadepamplona"]},{"@type":"Person","@id":"https:\/\/www.laguiadepamplona.com\/actualidad\/#\/schema\/person\/efe887376f0213d4657c93adc50b1fdb","name":"La Gu\u00eda de Pamplona","image":{"@type":"ImageObject","inLanguage":"es","@id":"https:\/\/secure.gravatar.com\/avatar\/b6992f131dc8d30ab0dff15446e9d346d9dbd95992de0fef795073f5ea83a81c?s=96&d=mm&r=g","url":"https:\/\/secure.gravatar.com\/avatar\/b6992f131dc8d30ab0dff15446e9d346d9dbd95992de0fef795073f5ea83a81c?s=96&d=mm&r=g","contentUrl":"https:\/\/secure.gravatar.com\/avatar\/b6992f131dc8d30ab0dff15446e9d346d9dbd95992de0fef795073f5ea83a81c?s=96&d=mm&r=g","caption":"La Gu\u00eda de Pamplona"}}]}},"post_mailing_queue_ids":[],"_links":{"self":[{"href":"https:\/\/www.laguiadepamplona.com\/actualidad\/wp-json\/wp\/v2\/posts\/41756","targetHints":{"allow":["GET"]}}],"collection":[{"href":"https:\/\/www.laguiadepamplona.com\/actualidad\/wp-json\/wp\/v2\/posts"}],"about":[{"href":"https:\/\/www.laguiadepamplona.com\/actualidad\/wp-json\/wp\/v2\/types\/post"}],"author":[{"embeddable":true,"href":"https:\/\/www.laguiadepamplona.com\/actualidad\/wp-json\/wp\/v2\/users\/1"}],"replies":[{"embeddable":true,"href":"https:\/\/www.laguiadepamplona.com\/actualidad\/wp-json\/wp\/v2\/comments?post=41756"}],"version-history":[{"count":0,"href":"https:\/\/www.laguiadepamplona.com\/actualidad\/wp-json\/wp\/v2\/posts\/41756\/revisions"}],"wp:featuredmedia":[{"embeddable":true,"href":"https:\/\/www.laguiadepamplona.com\/actualidad\/wp-json\/wp\/v2\/media\/41757"}],"wp:attachment":[{"href":"https:\/\/www.laguiadepamplona.com\/actualidad\/wp-json\/wp\/v2\/media?parent=41756"}],"wp:term":[{"taxonomy":"category","embeddable":true,"href":"https:\/\/www.laguiadepamplona.com\/actualidad\/wp-json\/wp\/v2\/categories?post=41756"},{"taxonomy":"post_tag","embeddable":true,"href":"https:\/\/www.laguiadepamplona.com\/actualidad\/wp-json\/wp\/v2\/tags?post=41756"}],"curies":[{"name":"wp","href":"https:\/\/api.w.org\/{rel}","templated":true}]}}