{"id":41753,"date":"2022-09-29T18:16:19","date_gmt":"2022-09-29T16:16:19","guid":{"rendered":"https:\/\/www.laguiadepamplona.com\/actualidad\/?p=41753"},"modified":"2023-04-11T11:47:47","modified_gmt":"2023-04-11T09:47:47","slug":"la-policia-municipal-celebra-la-festividad-de-su-patron-con-la-entrega-de-18-medallas-de-servicios-distinguidos-39-felicitaciones-publicas-y-6-reconocimientos-ciudadanos","status":"publish","type":"post","link":"https:\/\/www.laguiadepamplona.com\/actualidad\/la-policia-municipal-celebra-la-festividad-de-su-patron-con-la-entrega-de-18-medallas-de-servicios-distinguidos-39-felicitaciones-publicas-y-6-reconocimientos-ciudadanos\/","title":{"rendered":"La Polic\u00eda Municipal celebra la festividad de su patr\u00f3n con la entrega de 18 medallas de servicios distinguidos, 39 felicitaciones p\u00fablicas y 6 reconocimientos ciudadanos"},"content":{"rendered":"<h5>En el \u00faltimo a\u00f1o, la Polic\u00eda Municipal de Pamplona, que cuenta actualmente con 408 agentes, ha realizado cerca de 35.000 intervenciones<\/h5>\n<p><!--more--><\/p>\n<p>Este jueves 29 de septiembre se celebra la festividad de San Miguel, patr\u00f3n de la Polic\u00eda Municipal de Pamplona. La Sala de Exposiciones de Baluarte ha acogido esta ma\u00f1ana el acto central de esa celebraci\u00f3n, con la entrega de 18 medallas de servicios distinguidos, 39 felicitaciones p\u00fablicas y 6 reconocimientos a la ciudadan\u00eda por su colaboraci\u00f3n con la Polic\u00eda Municipal. Se ha agradecido tambi\u00e9n su labor a 6 agentes de polic\u00eda que se jubilaron el pasado a\u00f1o. Con anterioridad a ese acto, la iglesia de San Saturnino ha acogido una misa con motivo de este d\u00eda.<br \/>\n<script async src=\"\/\/pagead2.googlesyndication.com\/pagead\/js\/adsbygoogle.js\"><\/script><br \/>\n<!-- Noticias La Guia de Pamplona --><br \/>\n<ins class=\"adsbygoogle\"\nstyle=\"display:block\"\ndata-ad-client=\"ca-pub-6943679897239327\"\ndata-ad-slot=\"7048180777\"\ndata-ad-format=\"auto\"><\/ins><br \/>\n<script>\n(adsbygoogle = window.adsbygoogle || []).push({});\n<\/script><\/p>\n<p>El alcalde de Pamplona, Enrique Maya, el jefe de la Polic\u00eda Municipal de Pamplona, Javier Goya, y el concejal delegado de Seguridad Ciudadana, Javier Labairu, han presidido la entrega de reconocimientos y distinciones a agentes de diferentes cuerpos policiales y a representantes de instituciones, organizaciones y de la sociedad en general. Han asistido al acto tambi\u00e9n el delegado del Gobierno en Navarra, Jos\u00e9 Luis Arasti; el director de la Escuela de Seguridad y Emergencias de Navarra, Jorge Mori; o el presidente del Tribunal Superior de Justicia de Navarra, Joaqu\u00edn Galve, entre otras autoridades. Asimismo, han acudido a Baluarte el jefe de la Polic\u00eda Foral, Juan Carlos Zapico; el comisario jefe de la BPI de la Polic\u00eda Nacional, Roberto Aguado; el coronel de la Guardia Civil, Jos\u00e9 Santiago Mart\u00edn; el general comandante militar, Francisco Germ\u00e1n Mart\u00ednez; y los jefes de polic\u00eda locales y municipales de una decena de localidades navarras.<\/p>\n<p>La Polic\u00eda Municipal de Pamplona ha realizado en el \u00faltimo a\u00f1o cerca de 35.000 intervenciones, con una media de m\u00e1s de 95 actuaciones cada d\u00eda. Con los 25 nuevos agentes que entraron en Polic\u00eda Municipal de Pamplona en verano, su plantilla se ha elevado a 408 personas, 343 hombres y 65 mujeres. Esas incorporaciones han tenido tambi\u00e9n como consecuencia un rejuvenecimiento de esa plantilla, que tiene ahora una media de edad de 47 a\u00f1os. El alcalde ha destacado que Pamplona es \u201cuna ciudad muy segura\u201d y se siguen dando pasos para mejorar con mayor equipamiento t\u00e9cnico para Polic\u00eda Municipal, la instalaci\u00f3n de c\u00e1maras de seguridad, nuevos furgones o nuevas instalaciones y oficinas.<\/p>\n<p>La parte musical ha corrido a cargo de Zura Quartet, que ha interpretado el \u2018Himno de las Cortes de Navarra\u2019 al inicio. Durante el acto se ha podido escuchar tambi\u00e9n \u2018Rond\u00f3\u2019 de la suite \u2018Abdelazar\u2019 de Purcell, \u2018Gavotte suite n\u00ba 2\u2019 de Bach, \u2018Finale\u2019 de la Sinfon\u00eda n\u00ba 1 en Do menor de Brahms, \u2018Menuet\u2019 del cuarteto kv 525 de Mozart y \u2018La Rejouissance\u2019 de la suite \u2018M\u00fasica para los reales fuegos artificiales\u2019 de Haendel.<br \/>\n<script async src=\"\/\/pagead2.googlesyndication.com\/pagead\/js\/adsbygoogle.js\"><\/script><br \/>\n<!-- Noticias La Guia de Pamplona --><br \/>\n<ins class=\"adsbygoogle\"\nstyle=\"display:block\"\ndata-ad-client=\"ca-pub-6943679897239327\"\ndata-ad-slot=\"7048180777\"\ndata-ad-format=\"auto\"><\/ins><br \/>\n<script>\n(adsbygoogle = window.adsbygoogle || []).push({});\n<\/script><\/p>\n<p><strong>Medallas de servicios distinguidos<\/strong><\/p>\n<p>El reconocimiento de servicios distinguidos consiste en una medalla con el escudo de Pamplona y la leyenda de la Polic\u00eda Municipal. De las 18 medallas entregadas, 11 se han concedido a miembros del Cuerpo de la Polic\u00eda Municipal de Pamplona como reconocimiento al desempe\u00f1o de su labor, a sus actuaciones o a su profesionalidad, entre otras cualidades destacadas. Las han recibido el comisario de Polic\u00eda Municipal, Francisco At\u00e1un Rold\u00e1n; el subinspector David Garc\u00eda Cillero; los agentes 1\u00ba Javier Mar\u00eda Eguaras Huici, Jes\u00fas Lecumberri Rada, Alejandro Palac\u00edn Buil y Rodrigo Garc\u00eda de Galdiano Usua; y los agentes Miguel \u00c1ngel Palacios Zapico, Fabi\u00e1n Fern\u00e1ndez Leal, Javier Zabalza Go\u00f1i, Ra\u00fal Arcega Izaguerri y Javier Garc\u00eda Oroz.<\/p>\n<p>Asimismo, han sido reconocidos con la medalla de servicios distinguidos otras siete personas vinculadas a otros cuerpos policiales u otros estamentos. Se han querido premiar al fiscal jefe de la Audiencia Provincial de Navarra, Jos\u00e9 Antonio S\u00e1nchez S\u00e1nchez \u2013 Villares; al superintendente jefe de la Polic\u00eda Local de Zaragoza, Antonio Blas Soriano Hern\u00e1ndez; el inspector jefe de la Brigada de Extranjer\u00eda y Fronteras del Cuerpo Nacional de Polic\u00eda, Antonio Felipe Guzm\u00e1n Moreno; la capitana de la Guardia Civil en Navarra, Mar\u00eda Elena Hern\u00e1ndez Go\u00f1i; la inspector de la Polic\u00eda Foral de Navarra, Ferm\u00edn Sola Barrena; el subinspector de la Polic\u00eda Local de Badajoz, Emilio L\u00f3pez Barreros; y a Fernando Vidaurre Orayen, de Construcciones Vidaurre. Se agradece con estas medallas la colaboraci\u00f3n de estas personas y las entidades y grupos a los que representan con la Polic\u00eda Municipal.<br \/>\n<script async src=\"\/\/pagead2.googlesyndication.com\/pagead\/js\/adsbygoogle.js\"><\/script><br \/>\n<!-- Noticias La Guia de Pamplona --><br \/>\n<ins class=\"adsbygoogle\"\nstyle=\"display:block\"\ndata-ad-client=\"ca-pub-6943679897239327\"\ndata-ad-slot=\"7048180777\"\ndata-ad-format=\"auto\"><\/ins><br \/>\n<script>\n(adsbygoogle = window.adsbygoogle || []).push({});\n<\/script><\/p>\n<p><strong>Felicitaciones p\u00fablicas<\/strong><\/p>\n<p>Las felicitaciones p\u00fablicas se otorgan a agentes de la Polic\u00eda Municipal de Pamplona y reconocen diferentes m\u00e9ritos realizados en el desarrollo de su labor profesional. En esta ocasi\u00f3n se han entregado 39 felicitaciones p\u00fablicas. Las han recibido los inspectores Alberto Marcial Arriazu Gonz\u00e1lez y Pedro M\u00e1rquez Jubilar; a los subinspectores Alberto Manzano Avellaneda y \u00d3scar Ac\u00edn Luri; y los agentes 1\u00ba Carmelo Otano L\u00f3pez, \u00cd\u00f1igo Pelarda Azqueta, \u00cd\u00f1igo Santesteban Azp\u00edroz, Mar\u00eda Josefa Giraldo Benegas; Peio Iriarte Eg\u00fazquiza; Javier Aguadero de la Casa y Esteban Sola Navarro.<\/p>\n<p>Asimismo, se ha premiado a 28 agentes:\u00a0 los agentes Julio C\u00e9sar L\u00f3pez Polo, \u00c1ngel Erro Garralda, Francisco Javier Elcano Arce, Imelda S\u00e1daba Gil, Jaime Meire Cid, Susana Guill\u00e9n Moler; Luis Landa Ballaz, Rub\u00e9n Pasquel Huarte, Manuel Antonio Marqu\u00e9s Alves, \u00c1ngel Romero Varas, Ar\u00e1nzazu Alz\u00f3rriz Go\u00f1i, Jos\u00e9 Javier Momo Guembe, Aimar Ol\u00f3riz Garc\u00eda, Jos\u00e9 Javier Huarte de Pablo, Juan Novillo Gast\u00f3n, Ignacio Abel Virto Miguel, Francisco Jes\u00fas Jim\u00e9nez Palacio, \u00c1lvaro Y\u00e1rnoz Iraz\u00e1bal, Yolanda Mayor Marco, Koldo Moreno Barcena, Jes\u00fas Gonzalo Landa, Pablo Balda Belzunegui, David Aquerreta Berdonces, Manuel Ceballos Fern\u00e1ndez, Ra\u00fal Sim\u00f3n Escacena, Eva Priego Lacosta, Jos\u00e9 Javier Luquin Echavarren y Dionisio Pedroarena Etul\u00e1in.<br \/>\n<script async src=\"\/\/pagead2.googlesyndication.com\/pagead\/js\/adsbygoogle.js\"><\/script><br \/>\n<!-- Noticias La Guia de Pamplona --><br \/>\n<ins class=\"adsbygoogle\"\nstyle=\"display:block\"\ndata-ad-client=\"ca-pub-6943679897239327\"\ndata-ad-slot=\"7048180777\"\ndata-ad-format=\"auto\"><\/ins><br \/>\n<script>\n(adsbygoogle = window.adsbygoogle || []).push({});\n<\/script><\/p>\n<p><strong>Reconocimientos a la ciudadan\u00eda<\/strong><\/p>\n<p>Por \u00faltimo, se han entregado los reconocimientos a personas, instituciones, asociaciones y organismos por su colaboraci\u00f3n con la Polic\u00eda Municipal de Pamplona. Han recibido este reconocimiento Leticia San Martin Rodr\u00edguez, en representaci\u00f3n del Colegio Oficial de Enfermer\u00eda de Navarra, por su colaboraci\u00f3n durante la pandemia tanto en material como en formaci\u00f3n; Iban Vicente L\u00f3pez, en representaci\u00f3n del grupo de bomberos de VW Navarra, por la colaboraci\u00f3n y predisposici\u00f3n en un incendio en la avenida de Ar\u00f3stegui el 19 de junio, en plena ola de incendios en Navarra; y Lorea Pe\u00f1alver Tarazaga, en representaci\u00f3n de la empresa OPPAC, por su apoyo desinteresado en los momentos m\u00e1s duros de la pandemia.<\/p>\n<p>Tambi\u00e9n se ha reconocido a Arnaud Gestner, vicepresidente de operaciones de la Divisi\u00f3n A del Grupo ZF, por su apoyo desinteresado para que Polic\u00eda Municipal contara con medios de protecci\u00f3n adecuados al inicio de la pandemia; a Txema Garbayo Ju\u00e1niz y Juan San Mart\u00edn S\u00e1nchez de Muni\u00e1in, de Producciones Audiovisuales 601, por su apoyo y contactos para conseguir EPIs; y a Esther Paredes Acero, agente de la Polic\u00eda Municipal de Madrid del Grupo de Relaciones Internacional, por contar con Polic\u00eda Municipal dentro del Proyecto Europeo CLARA.<\/p>\n<p>Asimismo, se ha distinguido tambi\u00e9n a 6 agentes de la Polic\u00eda Municipal que se han jubilado en el \u00faltimo a\u00f1o. Elena Navaz P\u00e9rez, Alberto Echarri Osinaga, Jes\u00fas Mar\u00eda Rem\u00edrez Irisarri, Emilio Ib\u00e1\u00f1ez Arag\u00f3n, \u00c1ngel Mar\u00eda Erro Garralda y Javier Aoiz Pinillos han recibido una metopa como recuerdo de su labor en el cuerpo policial local.<\/p>\n","protected":false},"excerpt":{"rendered":"<p>En el \u00faltimo a\u00f1o, la Polic\u00eda Municipal de Pamplona, que cuenta actualmente con 408 agentes, ha realizado cerca de 35.000 intervenciones<\/p>\n","protected":false},"author":1,"featured_media":41754,"comment_status":"open","ping_status":"closed","sticky":false,"template":"","format":"standard","meta":{"footnotes":""},"categories":[2],"tags":[],"class_list":["post-41753","post","type-post","status-publish","format-standard","has-post-thumbnail","hentry","category-ayuntamiento-pamplona"],"yoast_head":"<!-- This site is optimized with the Yoast SEO plugin v27.3 - https:\/\/yoast.com\/product\/yoast-seo-wordpress\/ -->\n<title>La Polic\u00eda Municipal celebra la festividad de su patr\u00f3n con la entrega de 18 medallas de servicios distinguidos, 39 felicitaciones p\u00fablicas y 6 reconocimientos ciudadanos<\/title>\n<meta name=\"description\" content=\"En el \u00faltimo a\u00f1o, la Polic\u00eda Municipal de Pamplona, que cuenta actualmente con 408 agentes, ha realizado cerca de 35.000 intervenciones\" \/>\n<meta name=\"robots\" content=\"index, follow, max-snippet:-1, max-image-preview:large, max-video-preview:-1\" \/>\n<link rel=\"canonical\" href=\"https:\/\/www.laguiadepamplona.com\/actualidad\/la-policia-municipal-celebra-la-festividad-de-su-patron-con-la-entrega-de-18-medallas-de-servicios-distinguidos-39-felicitaciones-publicas-y-6-reconocimientos-ciudadanos\/\" \/>\n<meta property=\"og:locale\" content=\"es_ES\" \/>\n<meta property=\"og:type\" content=\"article\" \/>\n<meta property=\"og:title\" content=\"La Polic\u00eda Municipal celebra la festividad de su patr\u00f3n con la entrega de 18 medallas de servicios distinguidos, 39 felicitaciones p\u00fablicas y 6 reconocimientos ciudadanos\" \/>\n<meta property=\"og:description\" content=\"En el \u00faltimo a\u00f1o, la Polic\u00eda Municipal de Pamplona, que cuenta actualmente con 408 agentes, ha realizado cerca de 35.000 intervenciones\" \/>\n<meta property=\"og:url\" content=\"https:\/\/www.laguiadepamplona.com\/actualidad\/la-policia-municipal-celebra-la-festividad-de-su-patron-con-la-entrega-de-18-medallas-de-servicios-distinguidos-39-felicitaciones-publicas-y-6-reconocimientos-ciudadanos\/\" \/>\n<meta property=\"og:site_name\" content=\"La Gu\u00eda de Pamplona\" \/>\n<meta property=\"article:publisher\" content=\"https:\/\/www.facebook.com\/laguiadepamplonacom-133175176762273\/?ref=hl\" \/>\n<meta property=\"article:published_time\" content=\"2022-09-29T16:16:19+00:00\" \/>\n<meta property=\"article:modified_time\" content=\"2023-04-11T09:47:47+00:00\" \/>\n<meta property=\"og:image\" content=\"https:\/\/www.laguiadepamplona.com\/actualidad\/wp-content\/uploads\/2022\/09\/dia-de-san-miguel-policia-local-ee5a0407_0.webp\" \/>\n\t<meta property=\"og:image:width\" content=\"1920\" \/>\n\t<meta property=\"og:image:height\" content=\"1280\" \/>\n\t<meta property=\"og:image:type\" content=\"image\/webp\" \/>\n<meta name=\"author\" content=\"La Gu\u00eda de Pamplona\" \/>\n<meta name=\"twitter:card\" content=\"summary_large_image\" \/>\n<meta name=\"twitter:creator\" content=\"@LaGuiadPamplona\" \/>\n<meta name=\"twitter:site\" content=\"@LaGuiadPamplona\" \/>\n<meta name=\"twitter:label1\" content=\"Escrito por\" \/>\n\t<meta name=\"twitter:data1\" content=\"La Gu\u00eda de Pamplona\" \/>\n\t<meta name=\"twitter:label2\" content=\"Tiempo de lectura\" \/>\n\t<meta name=\"twitter:data2\" content=\"6 minutos\" \/>\n<script type=\"application\/ld+json\" class=\"yoast-schema-graph\">{\"@context\":\"https:\\\/\\\/schema.org\",\"@graph\":[{\"@type\":\"Article\",\"@id\":\"https:\\\/\\\/www.laguiadepamplona.com\\\/actualidad\\\/la-policia-municipal-celebra-la-festividad-de-su-patron-con-la-entrega-de-18-medallas-de-servicios-distinguidos-39-felicitaciones-publicas-y-6-reconocimientos-ciudadanos\\\/#article\",\"isPartOf\":{\"@id\":\"https:\\\/\\\/www.laguiadepamplona.com\\\/actualidad\\\/la-policia-municipal-celebra-la-festividad-de-su-patron-con-la-entrega-de-18-medallas-de-servicios-distinguidos-39-felicitaciones-publicas-y-6-reconocimientos-ciudadanos\\\/\"},\"author\":{\"name\":\"La Gu\u00eda de Pamplona\",\"@id\":\"https:\\\/\\\/www.laguiadepamplona.com\\\/actualidad\\\/#\\\/schema\\\/person\\\/efe887376f0213d4657c93adc50b1fdb\"},\"headline\":\"La Polic\u00eda Municipal celebra la festividad de su patr\u00f3n con la entrega de 18 medallas de servicios distinguidos, 39 felicitaciones p\u00fablicas y 6 reconocimientos ciudadanos\",\"datePublished\":\"2022-09-29T16:16:19+00:00\",\"dateModified\":\"2023-04-11T09:47:47+00:00\",\"mainEntityOfPage\":{\"@id\":\"https:\\\/\\\/www.laguiadepamplona.com\\\/actualidad\\\/la-policia-municipal-celebra-la-festividad-de-su-patron-con-la-entrega-de-18-medallas-de-servicios-distinguidos-39-felicitaciones-publicas-y-6-reconocimientos-ciudadanos\\\/\"},\"wordCount\":1289,\"commentCount\":0,\"publisher\":{\"@id\":\"https:\\\/\\\/www.laguiadepamplona.com\\\/actualidad\\\/#organization\"},\"image\":{\"@id\":\"https:\\\/\\\/www.laguiadepamplona.com\\\/actualidad\\\/la-policia-municipal-celebra-la-festividad-de-su-patron-con-la-entrega-de-18-medallas-de-servicios-distinguidos-39-felicitaciones-publicas-y-6-reconocimientos-ciudadanos\\\/#primaryimage\"},\"thumbnailUrl\":\"https:\\\/\\\/www.laguiadepamplona.com\\\/actualidad\\\/wp-content\\\/uploads\\\/2022\\\/09\\\/dia-de-san-miguel-policia-local-ee5a0407_0.webp\",\"articleSection\":[\"Ayto Pamplona\"],\"inLanguage\":\"es\",\"potentialAction\":[{\"@type\":\"CommentAction\",\"name\":\"Comment\",\"target\":[\"https:\\\/\\\/www.laguiadepamplona.com\\\/actualidad\\\/la-policia-municipal-celebra-la-festividad-de-su-patron-con-la-entrega-de-18-medallas-de-servicios-distinguidos-39-felicitaciones-publicas-y-6-reconocimientos-ciudadanos\\\/#respond\"]}]},{\"@type\":\"WebPage\",\"@id\":\"https:\\\/\\\/www.laguiadepamplona.com\\\/actualidad\\\/la-policia-municipal-celebra-la-festividad-de-su-patron-con-la-entrega-de-18-medallas-de-servicios-distinguidos-39-felicitaciones-publicas-y-6-reconocimientos-ciudadanos\\\/\",\"url\":\"https:\\\/\\\/www.laguiadepamplona.com\\\/actualidad\\\/la-policia-municipal-celebra-la-festividad-de-su-patron-con-la-entrega-de-18-medallas-de-servicios-distinguidos-39-felicitaciones-publicas-y-6-reconocimientos-ciudadanos\\\/\",\"name\":\"La Polic\u00eda Municipal celebra la festividad de su patr\u00f3n con la entrega de 18 medallas de servicios distinguidos, 39 felicitaciones p\u00fablicas y 6 reconocimientos ciudadanos\",\"isPartOf\":{\"@id\":\"https:\\\/\\\/www.laguiadepamplona.com\\\/actualidad\\\/#website\"},\"primaryImageOfPage\":{\"@id\":\"https:\\\/\\\/www.laguiadepamplona.com\\\/actualidad\\\/la-policia-municipal-celebra-la-festividad-de-su-patron-con-la-entrega-de-18-medallas-de-servicios-distinguidos-39-felicitaciones-publicas-y-6-reconocimientos-ciudadanos\\\/#primaryimage\"},\"image\":{\"@id\":\"https:\\\/\\\/www.laguiadepamplona.com\\\/actualidad\\\/la-policia-municipal-celebra-la-festividad-de-su-patron-con-la-entrega-de-18-medallas-de-servicios-distinguidos-39-felicitaciones-publicas-y-6-reconocimientos-ciudadanos\\\/#primaryimage\"},\"thumbnailUrl\":\"https:\\\/\\\/www.laguiadepamplona.com\\\/actualidad\\\/wp-content\\\/uploads\\\/2022\\\/09\\\/dia-de-san-miguel-policia-local-ee5a0407_0.webp\",\"datePublished\":\"2022-09-29T16:16:19+00:00\",\"dateModified\":\"2023-04-11T09:47:47+00:00\",\"description\":\"En el \u00faltimo a\u00f1o, la Polic\u00eda Municipal de Pamplona, que cuenta actualmente con 408 agentes, ha realizado cerca de 35.000 intervenciones\",\"breadcrumb\":{\"@id\":\"https:\\\/\\\/www.laguiadepamplona.com\\\/actualidad\\\/la-policia-municipal-celebra-la-festividad-de-su-patron-con-la-entrega-de-18-medallas-de-servicios-distinguidos-39-felicitaciones-publicas-y-6-reconocimientos-ciudadanos\\\/#breadcrumb\"},\"inLanguage\":\"es\",\"potentialAction\":[{\"@type\":\"ReadAction\",\"target\":[\"https:\\\/\\\/www.laguiadepamplona.com\\\/actualidad\\\/la-policia-municipal-celebra-la-festividad-de-su-patron-con-la-entrega-de-18-medallas-de-servicios-distinguidos-39-felicitaciones-publicas-y-6-reconocimientos-ciudadanos\\\/\"]}]},{\"@type\":\"ImageObject\",\"inLanguage\":\"es\",\"@id\":\"https:\\\/\\\/www.laguiadepamplona.com\\\/actualidad\\\/la-policia-municipal-celebra-la-festividad-de-su-patron-con-la-entrega-de-18-medallas-de-servicios-distinguidos-39-felicitaciones-publicas-y-6-reconocimientos-ciudadanos\\\/#primaryimage\",\"url\":\"https:\\\/\\\/www.laguiadepamplona.com\\\/actualidad\\\/wp-content\\\/uploads\\\/2022\\\/09\\\/dia-de-san-miguel-policia-local-ee5a0407_0.webp\",\"contentUrl\":\"https:\\\/\\\/www.laguiadepamplona.com\\\/actualidad\\\/wp-content\\\/uploads\\\/2022\\\/09\\\/dia-de-san-miguel-policia-local-ee5a0407_0.webp\",\"width\":1920,\"height\":1280},{\"@type\":\"BreadcrumbList\",\"@id\":\"https:\\\/\\\/www.laguiadepamplona.com\\\/actualidad\\\/la-policia-municipal-celebra-la-festividad-de-su-patron-con-la-entrega-de-18-medallas-de-servicios-distinguidos-39-felicitaciones-publicas-y-6-reconocimientos-ciudadanos\\\/#breadcrumb\",\"itemListElement\":[{\"@type\":\"ListItem\",\"position\":1,\"name\":\"Portada\",\"item\":\"https:\\\/\\\/www.laguiadepamplona.com\\\/actualidad\\\/\"},{\"@type\":\"ListItem\",\"position\":2,\"name\":\"La Polic\u00eda Municipal celebra la festividad de su patr\u00f3n con la entrega de 18 medallas de servicios distinguidos, 39 felicitaciones p\u00fablicas y 6 reconocimientos ciudadanos\"}]},{\"@type\":\"WebSite\",\"@id\":\"https:\\\/\\\/www.laguiadepamplona.com\\\/actualidad\\\/#website\",\"url\":\"https:\\\/\\\/www.laguiadepamplona.com\\\/actualidad\\\/\",\"name\":\"La gu\u00eda de Pamplona\",\"description\":\"Noticias de Pamplona\",\"publisher\":{\"@id\":\"https:\\\/\\\/www.laguiadepamplona.com\\\/actualidad\\\/#organization\"},\"potentialAction\":[{\"@type\":\"SearchAction\",\"target\":{\"@type\":\"EntryPoint\",\"urlTemplate\":\"https:\\\/\\\/www.laguiadepamplona.com\\\/actualidad\\\/?s={search_term_string}\"},\"query-input\":{\"@type\":\"PropertyValueSpecification\",\"valueRequired\":true,\"valueName\":\"search_term_string\"}}],\"inLanguage\":\"es\"},{\"@type\":\"Organization\",\"@id\":\"https:\\\/\\\/www.laguiadepamplona.com\\\/actualidad\\\/#organization\",\"name\":\"La Gu\u00eda de Pamplona \\\/ Noticias\",\"url\":\"https:\\\/\\\/www.laguiadepamplona.com\\\/actualidad\\\/\",\"logo\":{\"@type\":\"ImageObject\",\"inLanguage\":\"es\",\"@id\":\"https:\\\/\\\/www.laguiadepamplona.com\\\/actualidad\\\/#\\\/schema\\\/logo\\\/image\\\/\",\"url\":\"https:\\\/\\\/www.laguiadepamplona.com\\\/actualidad\\\/wp-content\\\/uploads\\\/2018\\\/11\\\/logo-laguiadepamplona18-web1.png\",\"contentUrl\":\"https:\\\/\\\/www.laguiadepamplona.com\\\/actualidad\\\/wp-content\\\/uploads\\\/2018\\\/11\\\/logo-laguiadepamplona18-web1.png\",\"width\":600,\"height\":196,\"caption\":\"La Gu\u00eda de Pamplona \\\/ Noticias\"},\"image\":{\"@id\":\"https:\\\/\\\/www.laguiadepamplona.com\\\/actualidad\\\/#\\\/schema\\\/logo\\\/image\\\/\"},\"sameAs\":[\"https:\\\/\\\/www.facebook.com\\\/laguiadepamplonacom-133175176762273\\\/?ref=hl\",\"https:\\\/\\\/x.com\\\/LaGuiadPamplona\",\"https:\\\/\\\/www.instagram.com\\\/la_guia_de_pamplona\\\/\",\"https:\\\/\\\/www.youtube.com\\\/user\\\/laguiadepamplona\"]},{\"@type\":\"Person\",\"@id\":\"https:\\\/\\\/www.laguiadepamplona.com\\\/actualidad\\\/#\\\/schema\\\/person\\\/efe887376f0213d4657c93adc50b1fdb\",\"name\":\"La Gu\u00eda de Pamplona\",\"image\":{\"@type\":\"ImageObject\",\"inLanguage\":\"es\",\"@id\":\"https:\\\/\\\/secure.gravatar.com\\\/avatar\\\/b6992f131dc8d30ab0dff15446e9d346d9dbd95992de0fef795073f5ea83a81c?s=96&d=mm&r=g\",\"url\":\"https:\\\/\\\/secure.gravatar.com\\\/avatar\\\/b6992f131dc8d30ab0dff15446e9d346d9dbd95992de0fef795073f5ea83a81c?s=96&d=mm&r=g\",\"contentUrl\":\"https:\\\/\\\/secure.gravatar.com\\\/avatar\\\/b6992f131dc8d30ab0dff15446e9d346d9dbd95992de0fef795073f5ea83a81c?s=96&d=mm&r=g\",\"caption\":\"La Gu\u00eda de Pamplona\"}}]}<\/script>\n<!-- \/ Yoast SEO plugin. -->","yoast_head_json":{"title":"La Polic\u00eda Municipal celebra la festividad de su patr\u00f3n con la entrega de 18 medallas de servicios distinguidos, 39 felicitaciones p\u00fablicas y 6 reconocimientos ciudadanos","description":"En el \u00faltimo a\u00f1o, la Polic\u00eda Municipal de Pamplona, que cuenta actualmente con 408 agentes, ha realizado cerca de 35.000 intervenciones","robots":{"index":"index","follow":"follow","max-snippet":"max-snippet:-1","max-image-preview":"max-image-preview:large","max-video-preview":"max-video-preview:-1"},"canonical":"https:\/\/www.laguiadepamplona.com\/actualidad\/la-policia-municipal-celebra-la-festividad-de-su-patron-con-la-entrega-de-18-medallas-de-servicios-distinguidos-39-felicitaciones-publicas-y-6-reconocimientos-ciudadanos\/","og_locale":"es_ES","og_type":"article","og_title":"La Polic\u00eda Municipal celebra la festividad de su patr\u00f3n con la entrega de 18 medallas de servicios distinguidos, 39 felicitaciones p\u00fablicas y 6 reconocimientos ciudadanos","og_description":"En el \u00faltimo a\u00f1o, la Polic\u00eda Municipal de Pamplona, que cuenta actualmente con 408 agentes, ha realizado cerca de 35.000 intervenciones","og_url":"https:\/\/www.laguiadepamplona.com\/actualidad\/la-policia-municipal-celebra-la-festividad-de-su-patron-con-la-entrega-de-18-medallas-de-servicios-distinguidos-39-felicitaciones-publicas-y-6-reconocimientos-ciudadanos\/","og_site_name":"La Gu\u00eda de Pamplona","article_publisher":"https:\/\/www.facebook.com\/laguiadepamplonacom-133175176762273\/?ref=hl","article_published_time":"2022-09-29T16:16:19+00:00","article_modified_time":"2023-04-11T09:47:47+00:00","og_image":[{"width":1920,"height":1280,"url":"https:\/\/www.laguiadepamplona.com\/actualidad\/wp-content\/uploads\/2022\/09\/dia-de-san-miguel-policia-local-ee5a0407_0.webp","type":"image\/webp"}],"author":"La Gu\u00eda de Pamplona","twitter_card":"summary_large_image","twitter_creator":"@LaGuiadPamplona","twitter_site":"@LaGuiadPamplona","twitter_misc":{"Escrito por":"La Gu\u00eda de Pamplona","Tiempo de lectura":"6 minutos"},"schema":{"@context":"https:\/\/schema.org","@graph":[{"@type":"Article","@id":"https:\/\/www.laguiadepamplona.com\/actualidad\/la-policia-municipal-celebra-la-festividad-de-su-patron-con-la-entrega-de-18-medallas-de-servicios-distinguidos-39-felicitaciones-publicas-y-6-reconocimientos-ciudadanos\/#article","isPartOf":{"@id":"https:\/\/www.laguiadepamplona.com\/actualidad\/la-policia-municipal-celebra-la-festividad-de-su-patron-con-la-entrega-de-18-medallas-de-servicios-distinguidos-39-felicitaciones-publicas-y-6-reconocimientos-ciudadanos\/"},"author":{"name":"La Gu\u00eda de Pamplona","@id":"https:\/\/www.laguiadepamplona.com\/actualidad\/#\/schema\/person\/efe887376f0213d4657c93adc50b1fdb"},"headline":"La Polic\u00eda Municipal celebra la festividad de su patr\u00f3n con la entrega de 18 medallas de servicios distinguidos, 39 felicitaciones p\u00fablicas y 6 reconocimientos ciudadanos","datePublished":"2022-09-29T16:16:19+00:00","dateModified":"2023-04-11T09:47:47+00:00","mainEntityOfPage":{"@id":"https:\/\/www.laguiadepamplona.com\/actualidad\/la-policia-municipal-celebra-la-festividad-de-su-patron-con-la-entrega-de-18-medallas-de-servicios-distinguidos-39-felicitaciones-publicas-y-6-reconocimientos-ciudadanos\/"},"wordCount":1289,"commentCount":0,"publisher":{"@id":"https:\/\/www.laguiadepamplona.com\/actualidad\/#organization"},"image":{"@id":"https:\/\/www.laguiadepamplona.com\/actualidad\/la-policia-municipal-celebra-la-festividad-de-su-patron-con-la-entrega-de-18-medallas-de-servicios-distinguidos-39-felicitaciones-publicas-y-6-reconocimientos-ciudadanos\/#primaryimage"},"thumbnailUrl":"https:\/\/www.laguiadepamplona.com\/actualidad\/wp-content\/uploads\/2022\/09\/dia-de-san-miguel-policia-local-ee5a0407_0.webp","articleSection":["Ayto Pamplona"],"inLanguage":"es","potentialAction":[{"@type":"CommentAction","name":"Comment","target":["https:\/\/www.laguiadepamplona.com\/actualidad\/la-policia-municipal-celebra-la-festividad-de-su-patron-con-la-entrega-de-18-medallas-de-servicios-distinguidos-39-felicitaciones-publicas-y-6-reconocimientos-ciudadanos\/#respond"]}]},{"@type":"WebPage","@id":"https:\/\/www.laguiadepamplona.com\/actualidad\/la-policia-municipal-celebra-la-festividad-de-su-patron-con-la-entrega-de-18-medallas-de-servicios-distinguidos-39-felicitaciones-publicas-y-6-reconocimientos-ciudadanos\/","url":"https:\/\/www.laguiadepamplona.com\/actualidad\/la-policia-municipal-celebra-la-festividad-de-su-patron-con-la-entrega-de-18-medallas-de-servicios-distinguidos-39-felicitaciones-publicas-y-6-reconocimientos-ciudadanos\/","name":"La Polic\u00eda Municipal celebra la festividad de su patr\u00f3n con la entrega de 18 medallas de servicios distinguidos, 39 felicitaciones p\u00fablicas y 6 reconocimientos ciudadanos","isPartOf":{"@id":"https:\/\/www.laguiadepamplona.com\/actualidad\/#website"},"primaryImageOfPage":{"@id":"https:\/\/www.laguiadepamplona.com\/actualidad\/la-policia-municipal-celebra-la-festividad-de-su-patron-con-la-entrega-de-18-medallas-de-servicios-distinguidos-39-felicitaciones-publicas-y-6-reconocimientos-ciudadanos\/#primaryimage"},"image":{"@id":"https:\/\/www.laguiadepamplona.com\/actualidad\/la-policia-municipal-celebra-la-festividad-de-su-patron-con-la-entrega-de-18-medallas-de-servicios-distinguidos-39-felicitaciones-publicas-y-6-reconocimientos-ciudadanos\/#primaryimage"},"thumbnailUrl":"https:\/\/www.laguiadepamplona.com\/actualidad\/wp-content\/uploads\/2022\/09\/dia-de-san-miguel-policia-local-ee5a0407_0.webp","datePublished":"2022-09-29T16:16:19+00:00","dateModified":"2023-04-11T09:47:47+00:00","description":"En el \u00faltimo a\u00f1o, la Polic\u00eda Municipal de Pamplona, que cuenta actualmente con 408 agentes, ha realizado cerca de 35.000 intervenciones","breadcrumb":{"@id":"https:\/\/www.laguiadepamplona.com\/actualidad\/la-policia-municipal-celebra-la-festividad-de-su-patron-con-la-entrega-de-18-medallas-de-servicios-distinguidos-39-felicitaciones-publicas-y-6-reconocimientos-ciudadanos\/#breadcrumb"},"inLanguage":"es","potentialAction":[{"@type":"ReadAction","target":["https:\/\/www.laguiadepamplona.com\/actualidad\/la-policia-municipal-celebra-la-festividad-de-su-patron-con-la-entrega-de-18-medallas-de-servicios-distinguidos-39-felicitaciones-publicas-y-6-reconocimientos-ciudadanos\/"]}]},{"@type":"ImageObject","inLanguage":"es","@id":"https:\/\/www.laguiadepamplona.com\/actualidad\/la-policia-municipal-celebra-la-festividad-de-su-patron-con-la-entrega-de-18-medallas-de-servicios-distinguidos-39-felicitaciones-publicas-y-6-reconocimientos-ciudadanos\/#primaryimage","url":"https:\/\/www.laguiadepamplona.com\/actualidad\/wp-content\/uploads\/2022\/09\/dia-de-san-miguel-policia-local-ee5a0407_0.webp","contentUrl":"https:\/\/www.laguiadepamplona.com\/actualidad\/wp-content\/uploads\/2022\/09\/dia-de-san-miguel-policia-local-ee5a0407_0.webp","width":1920,"height":1280},{"@type":"BreadcrumbList","@id":"https:\/\/www.laguiadepamplona.com\/actualidad\/la-policia-municipal-celebra-la-festividad-de-su-patron-con-la-entrega-de-18-medallas-de-servicios-distinguidos-39-felicitaciones-publicas-y-6-reconocimientos-ciudadanos\/#breadcrumb","itemListElement":[{"@type":"ListItem","position":1,"name":"Portada","item":"https:\/\/www.laguiadepamplona.com\/actualidad\/"},{"@type":"ListItem","position":2,"name":"La Polic\u00eda Municipal celebra la festividad de su patr\u00f3n con la entrega de 18 medallas de servicios distinguidos, 39 felicitaciones p\u00fablicas y 6 reconocimientos ciudadanos"}]},{"@type":"WebSite","@id":"https:\/\/www.laguiadepamplona.com\/actualidad\/#website","url":"https:\/\/www.laguiadepamplona.com\/actualidad\/","name":"La gu\u00eda de Pamplona","description":"Noticias de Pamplona","publisher":{"@id":"https:\/\/www.laguiadepamplona.com\/actualidad\/#organization"},"potentialAction":[{"@type":"SearchAction","target":{"@type":"EntryPoint","urlTemplate":"https:\/\/www.laguiadepamplona.com\/actualidad\/?s={search_term_string}"},"query-input":{"@type":"PropertyValueSpecification","valueRequired":true,"valueName":"search_term_string"}}],"inLanguage":"es"},{"@type":"Organization","@id":"https:\/\/www.laguiadepamplona.com\/actualidad\/#organization","name":"La Gu\u00eda de Pamplona \/ Noticias","url":"https:\/\/www.laguiadepamplona.com\/actualidad\/","logo":{"@type":"ImageObject","inLanguage":"es","@id":"https:\/\/www.laguiadepamplona.com\/actualidad\/#\/schema\/logo\/image\/","url":"https:\/\/www.laguiadepamplona.com\/actualidad\/wp-content\/uploads\/2018\/11\/logo-laguiadepamplona18-web1.png","contentUrl":"https:\/\/www.laguiadepamplona.com\/actualidad\/wp-content\/uploads\/2018\/11\/logo-laguiadepamplona18-web1.png","width":600,"height":196,"caption":"La Gu\u00eda de Pamplona \/ Noticias"},"image":{"@id":"https:\/\/www.laguiadepamplona.com\/actualidad\/#\/schema\/logo\/image\/"},"sameAs":["https:\/\/www.facebook.com\/laguiadepamplonacom-133175176762273\/?ref=hl","https:\/\/x.com\/LaGuiadPamplona","https:\/\/www.instagram.com\/la_guia_de_pamplona\/","https:\/\/www.youtube.com\/user\/laguiadepamplona"]},{"@type":"Person","@id":"https:\/\/www.laguiadepamplona.com\/actualidad\/#\/schema\/person\/efe887376f0213d4657c93adc50b1fdb","name":"La Gu\u00eda de Pamplona","image":{"@type":"ImageObject","inLanguage":"es","@id":"https:\/\/secure.gravatar.com\/avatar\/b6992f131dc8d30ab0dff15446e9d346d9dbd95992de0fef795073f5ea83a81c?s=96&d=mm&r=g","url":"https:\/\/secure.gravatar.com\/avatar\/b6992f131dc8d30ab0dff15446e9d346d9dbd95992de0fef795073f5ea83a81c?s=96&d=mm&r=g","contentUrl":"https:\/\/secure.gravatar.com\/avatar\/b6992f131dc8d30ab0dff15446e9d346d9dbd95992de0fef795073f5ea83a81c?s=96&d=mm&r=g","caption":"La Gu\u00eda de Pamplona"}}]}},"post_mailing_queue_ids":[],"_links":{"self":[{"href":"https:\/\/www.laguiadepamplona.com\/actualidad\/wp-json\/wp\/v2\/posts\/41753","targetHints":{"allow":["GET"]}}],"collection":[{"href":"https:\/\/www.laguiadepamplona.com\/actualidad\/wp-json\/wp\/v2\/posts"}],"about":[{"href":"https:\/\/www.laguiadepamplona.com\/actualidad\/wp-json\/wp\/v2\/types\/post"}],"author":[{"embeddable":true,"href":"https:\/\/www.laguiadepamplona.com\/actualidad\/wp-json\/wp\/v2\/users\/1"}],"replies":[{"embeddable":true,"href":"https:\/\/www.laguiadepamplona.com\/actualidad\/wp-json\/wp\/v2\/comments?post=41753"}],"version-history":[{"count":0,"href":"https:\/\/www.laguiadepamplona.com\/actualidad\/wp-json\/wp\/v2\/posts\/41753\/revisions"}],"wp:featuredmedia":[{"embeddable":true,"href":"https:\/\/www.laguiadepamplona.com\/actualidad\/wp-json\/wp\/v2\/media\/41754"}],"wp:attachment":[{"href":"https:\/\/www.laguiadepamplona.com\/actualidad\/wp-json\/wp\/v2\/media?parent=41753"}],"wp:term":[{"taxonomy":"category","embeddable":true,"href":"https:\/\/www.laguiadepamplona.com\/actualidad\/wp-json\/wp\/v2\/categories?post=41753"},{"taxonomy":"post_tag","embeddable":true,"href":"https:\/\/www.laguiadepamplona.com\/actualidad\/wp-json\/wp\/v2\/tags?post=41753"}],"curies":[{"name":"wp","href":"https:\/\/api.w.org\/{rel}","templated":true}]}}