{"id":41747,"date":"2022-09-29T12:04:45","date_gmt":"2022-09-29T10:04:45","guid":{"rendered":"https:\/\/www.laguiadepamplona.com\/actualidad\/?p=41747"},"modified":"2023-04-11T11:47:47","modified_gmt":"2023-04-11T09:47:47","slug":"los-carteles-de-las-actividades-de-encuentros-de-pamplona-de-1972-se-muestran-en-el-polvorin-de-ciudadela-hasta-el-27-de-noviembre","status":"publish","type":"post","link":"https:\/\/www.laguiadepamplona.com\/actualidad\/los-carteles-de-las-actividades-de-encuentros-de-pamplona-de-1972-se-muestran-en-el-polvorin-de-ciudadela-hasta-el-27-de-noviembre\/","title":{"rendered":"Los carteles de las actividades de Encuentros de Pamplona de 1972 se muestran en el Polvor\u00edn de Ciudadela hasta el 27 de noviembre"},"content":{"rendered":"<h5>Obra del dise\u00f1ador Jos\u00e9 Luis Alexanco, estas piezas de dise\u00f1o gr\u00e1fico se recogieron en el cat\u00e1logo de la muestra internacional, hoy joya del libro-arte<\/h5>\n<p><!--more--><\/p>\n<p>Los Encuentros de Pamplona de 1972 acogieron el dise\u00f1o gr\u00e1fico como disciplina art\u00edstica desde su misma g\u00e9nesis. Jos\u00e9 Luis Alexanco (Madrid 1942-2021), Premio Nacional de Grabado en 1965, tuvo un papel director junto al compositor Luis de Pablo organizando un evento donde participaron m\u00e1s de 300 artistas nacionales e internacionales de diferentes disciplinas. Adem\u00e1s, como dise\u00f1ador, se encarg\u00f3 de los carteles de las actividades de los encuentros que se incluyeron como desplegables en el cat\u00e1logo general, un libro cuyos ejemplares se cotizan hoy como verdaderas joyas del libro-arte.<br \/>\n<script async src=\"\/\/pagead2.googlesyndication.com\/pagead\/js\/adsbygoogle.js\"><\/script><br \/>\n<!-- Noticias La Guia de Pamplona --><br \/>\n<ins class=\"adsbygoogle\"\nstyle=\"display:block\"\ndata-ad-client=\"ca-pub-6943679897239327\"\ndata-ad-slot=\"7048180777\"\ndata-ad-format=\"auto\"><\/ins><br \/>\n<script>\n(adsbygoogle = window.adsbygoogle || []).push({});\n<\/script><\/p>\n<p>Desde hoy y hasta el pr\u00f3ximo 27 de noviembre la sala del Polvor\u00edn de la Ciudadela acoge la muestra de los 41 carteles que han sido impresos al doble de su tama\u00f1o original para su exposici\u00f3n al p\u00fablico (44 x 100 cm). Esta ma\u00f1ana Javier Manzanos, t\u00e9cnico Artes Pl\u00e1sticas del Ayuntamiento de Pamplona y Luis Garbayo, comisario de la exposici\u00f3n, han presentado la iniciativa del Consistorio que tiene lugar en el marco del 50 aniversario de los Encuentros de Pamplona 1972. Recorrer la sala permite hacerse una idea de la multidisciplinariedad y de la variedad de las vanguardias art\u00edsticas que se dieron cita en la ciudad gracias al mecenazgo de la familia Huarte. La exposici\u00f3n acoge, adem\u00e1s, una figura ic\u00f3nica de los encuentros: un \u2018Espectador de espectadores\u2019 realizado por el Equipo Cr\u00f3nica y que acompa\u00f1\u00f3 como p\u00fablico (o polic\u00eda secreta de la franquista Brigada Pol\u00edtico-Social,) muchos de los eventos que tuvieron lugar en Pamplona. Esta obra procede de una colecci\u00f3n particular.<\/p>\n<p>\u2018Los carteles de Alexanco\u2019 configuran una muestra representativa de la mejor t\u00e9cnica de los a\u00f1os 70, que fue refrendada cuando en 1978 se le encarg\u00f3 a este autor dise\u00f1ar la \u2018edici\u00f3n pr\u00edncipe\u2019 de la nueva y esperada Constituci\u00f3n Espa\u00f1ola. Los horarios de apertura de la sala son de martes a s\u00e1bados de 11.30 a 13.30 horas y de 18 a 20.30 horas; domingos y festivos, de 11.30 a 13.30 horas, y el lunes no est\u00e1 abierta al p\u00fablico.<br \/>\n<script async src=\"\/\/pagead2.googlesyndication.com\/pagead\/js\/adsbygoogle.js\"><\/script><br \/>\n<!-- Noticias La Guia de Pamplona --><br \/>\n<ins class=\"adsbygoogle\"\nstyle=\"display:block\"\ndata-ad-client=\"ca-pub-6943679897239327\"\ndata-ad-slot=\"7048180777\"\ndata-ad-format=\"auto\"><\/ins><br \/>\n<script>\n(adsbygoogle = window.adsbygoogle || []).push({});\n<\/script><\/p>\n<p>Jos\u00e9 Luis Alexanco fue uno de los creadores espa\u00f1oles de vanguardia m\u00e1s rigurosos y una figura clave en la interacci\u00f3n entre el arte y la tecnolog\u00eda. En 1971, estando en Buenos Aires en el estreno de su obra Soledad interrumpida, que hab\u00eda creado con Luis de Pablo, este \u00faltimo recibi\u00f3 la petici\u00f3n de Juan y Jes\u00fas Huarte. Los hijos de F\u00e9lix Huarte quer\u00edan programar una serie de conciertos en Pamplona en memoria de su padre, entonces recientemente fallecido. Arrancando de esa propuesta inicial, se produjo un efecto de bola de nieve. Si lo previsto era un encuentro de cuatro d\u00edas, al final se tuvo que duplicar la duraci\u00f3n del programa, que se desarroll\u00f3 del 26 de junio, al 3 de julio. En el cat\u00e1logo de 1972, figuran pintores, arquitectos, creadores de danza, teatro, y m\u00fasicos, aunque no todos los que est\u00e1n en la relaci\u00f3n coincide con los artistas que finalmente s\u00ed asistieron, en parte porque no se pudo desarrollar todo lo programado. La preparaci\u00f3n de una segunda edici\u00f3n de estos encuentros se trunc\u00f3 por el secuestro de Felipe Huarte, perpetrado por ETA en enero de 1973.<\/p>\n","protected":false},"excerpt":{"rendered":"<p>Obra del dise\u00f1ador Jos\u00e9 Luis Alexanco, estas piezas de dise\u00f1o gr\u00e1fico se recogieron en el cat\u00e1logo de la muestra internacional, hoy joya del libro-arte<\/p>\n","protected":false},"author":1,"featured_media":41748,"comment_status":"open","ping_status":"closed","sticky":false,"template":"","format":"standard","meta":{"footnotes":""},"categories":[2],"tags":[],"class_list":["post-41747","post","type-post","status-publish","format-standard","has-post-thumbnail","hentry","category-ayuntamiento-pamplona"],"yoast_head":"<!-- This site is optimized with the Yoast SEO plugin v27.3 - https:\/\/yoast.com\/product\/yoast-seo-wordpress\/ -->\n<title>Los carteles de las actividades de Encuentros de Pamplona de 1972 se muestran en el Polvor\u00edn de Ciudadela hasta el 27 de noviembre<\/title>\n<meta name=\"description\" content=\"Obra del dise\u00f1ador Jos\u00e9 Luis Alexanco, estas piezas de dise\u00f1o gr\u00e1fico se recogieron en el cat\u00e1logo de la muestra internacional, hoy joya del libro-arte\" \/>\n<meta name=\"robots\" content=\"index, follow, max-snippet:-1, max-image-preview:large, max-video-preview:-1\" \/>\n<link rel=\"canonical\" href=\"https:\/\/www.laguiadepamplona.com\/actualidad\/los-carteles-de-las-actividades-de-encuentros-de-pamplona-de-1972-se-muestran-en-el-polvorin-de-ciudadela-hasta-el-27-de-noviembre\/\" \/>\n<meta property=\"og:locale\" content=\"es_ES\" \/>\n<meta property=\"og:type\" content=\"article\" \/>\n<meta property=\"og:title\" content=\"Los carteles de las actividades de Encuentros de Pamplona de 1972 se muestran en el Polvor\u00edn de Ciudadela hasta el 27 de noviembre\" \/>\n<meta property=\"og:description\" content=\"Obra del dise\u00f1ador Jos\u00e9 Luis Alexanco, estas piezas de dise\u00f1o gr\u00e1fico se recogieron en el cat\u00e1logo de la muestra internacional, hoy joya del libro-arte\" \/>\n<meta property=\"og:url\" content=\"https:\/\/www.laguiadepamplona.com\/actualidad\/los-carteles-de-las-actividades-de-encuentros-de-pamplona-de-1972-se-muestran-en-el-polvorin-de-ciudadela-hasta-el-27-de-noviembre\/\" \/>\n<meta property=\"og:site_name\" content=\"La Gu\u00eda de Pamplona\" \/>\n<meta property=\"article:publisher\" content=\"https:\/\/www.facebook.com\/laguiadepamplonacom-133175176762273\/?ref=hl\" \/>\n<meta property=\"article:published_time\" content=\"2022-09-29T10:04:45+00:00\" \/>\n<meta property=\"article:modified_time\" content=\"2023-04-11T09:47:47+00:00\" \/>\n<meta property=\"og:image\" content=\"https:\/\/www.laguiadepamplona.com\/actualidad\/wp-content\/uploads\/2022\/09\/encuentros3.webp\" \/>\n\t<meta property=\"og:image:width\" content=\"1526\" \/>\n\t<meta property=\"og:image:height\" content=\"888\" \/>\n\t<meta property=\"og:image:type\" content=\"image\/webp\" \/>\n<meta name=\"author\" content=\"La Gu\u00eda de Pamplona\" \/>\n<meta name=\"twitter:card\" content=\"summary_large_image\" \/>\n<meta name=\"twitter:creator\" content=\"@LaGuiadPamplona\" \/>\n<meta name=\"twitter:site\" content=\"@LaGuiadPamplona\" \/>\n<meta name=\"twitter:label1\" content=\"Escrito por\" \/>\n\t<meta name=\"twitter:data1\" content=\"La Gu\u00eda de Pamplona\" \/>\n\t<meta name=\"twitter:label2\" content=\"Tiempo de lectura\" \/>\n\t<meta name=\"twitter:data2\" content=\"3 minutos\" \/>\n<script type=\"application\/ld+json\" class=\"yoast-schema-graph\">{\"@context\":\"https:\\\/\\\/schema.org\",\"@graph\":[{\"@type\":\"Article\",\"@id\":\"https:\\\/\\\/www.laguiadepamplona.com\\\/actualidad\\\/los-carteles-de-las-actividades-de-encuentros-de-pamplona-de-1972-se-muestran-en-el-polvorin-de-ciudadela-hasta-el-27-de-noviembre\\\/#article\",\"isPartOf\":{\"@id\":\"https:\\\/\\\/www.laguiadepamplona.com\\\/actualidad\\\/los-carteles-de-las-actividades-de-encuentros-de-pamplona-de-1972-se-muestran-en-el-polvorin-de-ciudadela-hasta-el-27-de-noviembre\\\/\"},\"author\":{\"name\":\"La Gu\u00eda de Pamplona\",\"@id\":\"https:\\\/\\\/www.laguiadepamplona.com\\\/actualidad\\\/#\\\/schema\\\/person\\\/efe887376f0213d4657c93adc50b1fdb\"},\"headline\":\"Los carteles de las actividades de Encuentros de Pamplona de 1972 se muestran en el Polvor\u00edn de Ciudadela hasta el 27 de noviembre\",\"datePublished\":\"2022-09-29T10:04:45+00:00\",\"dateModified\":\"2023-04-11T09:47:47+00:00\",\"mainEntityOfPage\":{\"@id\":\"https:\\\/\\\/www.laguiadepamplona.com\\\/actualidad\\\/los-carteles-de-las-actividades-de-encuentros-de-pamplona-de-1972-se-muestran-en-el-polvorin-de-ciudadela-hasta-el-27-de-noviembre\\\/\"},\"wordCount\":593,\"commentCount\":0,\"publisher\":{\"@id\":\"https:\\\/\\\/www.laguiadepamplona.com\\\/actualidad\\\/#organization\"},\"image\":{\"@id\":\"https:\\\/\\\/www.laguiadepamplona.com\\\/actualidad\\\/los-carteles-de-las-actividades-de-encuentros-de-pamplona-de-1972-se-muestran-en-el-polvorin-de-ciudadela-hasta-el-27-de-noviembre\\\/#primaryimage\"},\"thumbnailUrl\":\"https:\\\/\\\/www.laguiadepamplona.com\\\/actualidad\\\/wp-content\\\/uploads\\\/2022\\\/09\\\/encuentros3.webp\",\"articleSection\":[\"Ayto Pamplona\"],\"inLanguage\":\"es\",\"potentialAction\":[{\"@type\":\"CommentAction\",\"name\":\"Comment\",\"target\":[\"https:\\\/\\\/www.laguiadepamplona.com\\\/actualidad\\\/los-carteles-de-las-actividades-de-encuentros-de-pamplona-de-1972-se-muestran-en-el-polvorin-de-ciudadela-hasta-el-27-de-noviembre\\\/#respond\"]}]},{\"@type\":\"WebPage\",\"@id\":\"https:\\\/\\\/www.laguiadepamplona.com\\\/actualidad\\\/los-carteles-de-las-actividades-de-encuentros-de-pamplona-de-1972-se-muestran-en-el-polvorin-de-ciudadela-hasta-el-27-de-noviembre\\\/\",\"url\":\"https:\\\/\\\/www.laguiadepamplona.com\\\/actualidad\\\/los-carteles-de-las-actividades-de-encuentros-de-pamplona-de-1972-se-muestran-en-el-polvorin-de-ciudadela-hasta-el-27-de-noviembre\\\/\",\"name\":\"Los carteles de las actividades de Encuentros de Pamplona de 1972 se muestran en el Polvor\u00edn de Ciudadela hasta el 27 de noviembre\",\"isPartOf\":{\"@id\":\"https:\\\/\\\/www.laguiadepamplona.com\\\/actualidad\\\/#website\"},\"primaryImageOfPage\":{\"@id\":\"https:\\\/\\\/www.laguiadepamplona.com\\\/actualidad\\\/los-carteles-de-las-actividades-de-encuentros-de-pamplona-de-1972-se-muestran-en-el-polvorin-de-ciudadela-hasta-el-27-de-noviembre\\\/#primaryimage\"},\"image\":{\"@id\":\"https:\\\/\\\/www.laguiadepamplona.com\\\/actualidad\\\/los-carteles-de-las-actividades-de-encuentros-de-pamplona-de-1972-se-muestran-en-el-polvorin-de-ciudadela-hasta-el-27-de-noviembre\\\/#primaryimage\"},\"thumbnailUrl\":\"https:\\\/\\\/www.laguiadepamplona.com\\\/actualidad\\\/wp-content\\\/uploads\\\/2022\\\/09\\\/encuentros3.webp\",\"datePublished\":\"2022-09-29T10:04:45+00:00\",\"dateModified\":\"2023-04-11T09:47:47+00:00\",\"description\":\"Obra del dise\u00f1ador Jos\u00e9 Luis Alexanco, estas piezas de dise\u00f1o gr\u00e1fico se recogieron en el cat\u00e1logo de la muestra internacional, hoy joya del libro-arte\",\"breadcrumb\":{\"@id\":\"https:\\\/\\\/www.laguiadepamplona.com\\\/actualidad\\\/los-carteles-de-las-actividades-de-encuentros-de-pamplona-de-1972-se-muestran-en-el-polvorin-de-ciudadela-hasta-el-27-de-noviembre\\\/#breadcrumb\"},\"inLanguage\":\"es\",\"potentialAction\":[{\"@type\":\"ReadAction\",\"target\":[\"https:\\\/\\\/www.laguiadepamplona.com\\\/actualidad\\\/los-carteles-de-las-actividades-de-encuentros-de-pamplona-de-1972-se-muestran-en-el-polvorin-de-ciudadela-hasta-el-27-de-noviembre\\\/\"]}]},{\"@type\":\"ImageObject\",\"inLanguage\":\"es\",\"@id\":\"https:\\\/\\\/www.laguiadepamplona.com\\\/actualidad\\\/los-carteles-de-las-actividades-de-encuentros-de-pamplona-de-1972-se-muestran-en-el-polvorin-de-ciudadela-hasta-el-27-de-noviembre\\\/#primaryimage\",\"url\":\"https:\\\/\\\/www.laguiadepamplona.com\\\/actualidad\\\/wp-content\\\/uploads\\\/2022\\\/09\\\/encuentros3.webp\",\"contentUrl\":\"https:\\\/\\\/www.laguiadepamplona.com\\\/actualidad\\\/wp-content\\\/uploads\\\/2022\\\/09\\\/encuentros3.webp\",\"width\":1526,\"height\":888,\"caption\":\"encuentros\"},{\"@type\":\"BreadcrumbList\",\"@id\":\"https:\\\/\\\/www.laguiadepamplona.com\\\/actualidad\\\/los-carteles-de-las-actividades-de-encuentros-de-pamplona-de-1972-se-muestran-en-el-polvorin-de-ciudadela-hasta-el-27-de-noviembre\\\/#breadcrumb\",\"itemListElement\":[{\"@type\":\"ListItem\",\"position\":1,\"name\":\"Portada\",\"item\":\"https:\\\/\\\/www.laguiadepamplona.com\\\/actualidad\\\/\"},{\"@type\":\"ListItem\",\"position\":2,\"name\":\"Los carteles de las actividades de Encuentros de Pamplona de 1972 se muestran en el Polvor\u00edn de Ciudadela hasta el 27 de noviembre\"}]},{\"@type\":\"WebSite\",\"@id\":\"https:\\\/\\\/www.laguiadepamplona.com\\\/actualidad\\\/#website\",\"url\":\"https:\\\/\\\/www.laguiadepamplona.com\\\/actualidad\\\/\",\"name\":\"La gu\u00eda de Pamplona\",\"description\":\"Noticias de Pamplona\",\"publisher\":{\"@id\":\"https:\\\/\\\/www.laguiadepamplona.com\\\/actualidad\\\/#organization\"},\"potentialAction\":[{\"@type\":\"SearchAction\",\"target\":{\"@type\":\"EntryPoint\",\"urlTemplate\":\"https:\\\/\\\/www.laguiadepamplona.com\\\/actualidad\\\/?s={search_term_string}\"},\"query-input\":{\"@type\":\"PropertyValueSpecification\",\"valueRequired\":true,\"valueName\":\"search_term_string\"}}],\"inLanguage\":\"es\"},{\"@type\":\"Organization\",\"@id\":\"https:\\\/\\\/www.laguiadepamplona.com\\\/actualidad\\\/#organization\",\"name\":\"La Gu\u00eda de Pamplona \\\/ Noticias\",\"url\":\"https:\\\/\\\/www.laguiadepamplona.com\\\/actualidad\\\/\",\"logo\":{\"@type\":\"ImageObject\",\"inLanguage\":\"es\",\"@id\":\"https:\\\/\\\/www.laguiadepamplona.com\\\/actualidad\\\/#\\\/schema\\\/logo\\\/image\\\/\",\"url\":\"https:\\\/\\\/www.laguiadepamplona.com\\\/actualidad\\\/wp-content\\\/uploads\\\/2018\\\/11\\\/logo-laguiadepamplona18-web1.png\",\"contentUrl\":\"https:\\\/\\\/www.laguiadepamplona.com\\\/actualidad\\\/wp-content\\\/uploads\\\/2018\\\/11\\\/logo-laguiadepamplona18-web1.png\",\"width\":600,\"height\":196,\"caption\":\"La Gu\u00eda de Pamplona \\\/ Noticias\"},\"image\":{\"@id\":\"https:\\\/\\\/www.laguiadepamplona.com\\\/actualidad\\\/#\\\/schema\\\/logo\\\/image\\\/\"},\"sameAs\":[\"https:\\\/\\\/www.facebook.com\\\/laguiadepamplonacom-133175176762273\\\/?ref=hl\",\"https:\\\/\\\/x.com\\\/LaGuiadPamplona\",\"https:\\\/\\\/www.instagram.com\\\/la_guia_de_pamplona\\\/\",\"https:\\\/\\\/www.youtube.com\\\/user\\\/laguiadepamplona\"]},{\"@type\":\"Person\",\"@id\":\"https:\\\/\\\/www.laguiadepamplona.com\\\/actualidad\\\/#\\\/schema\\\/person\\\/efe887376f0213d4657c93adc50b1fdb\",\"name\":\"La Gu\u00eda de Pamplona\",\"image\":{\"@type\":\"ImageObject\",\"inLanguage\":\"es\",\"@id\":\"https:\\\/\\\/secure.gravatar.com\\\/avatar\\\/b6992f131dc8d30ab0dff15446e9d346d9dbd95992de0fef795073f5ea83a81c?s=96&d=mm&r=g\",\"url\":\"https:\\\/\\\/secure.gravatar.com\\\/avatar\\\/b6992f131dc8d30ab0dff15446e9d346d9dbd95992de0fef795073f5ea83a81c?s=96&d=mm&r=g\",\"contentUrl\":\"https:\\\/\\\/secure.gravatar.com\\\/avatar\\\/b6992f131dc8d30ab0dff15446e9d346d9dbd95992de0fef795073f5ea83a81c?s=96&d=mm&r=g\",\"caption\":\"La Gu\u00eda de Pamplona\"}}]}<\/script>\n<!-- \/ Yoast SEO plugin. -->","yoast_head_json":{"title":"Los carteles de las actividades de Encuentros de Pamplona de 1972 se muestran en el Polvor\u00edn de Ciudadela hasta el 27 de noviembre","description":"Obra del dise\u00f1ador Jos\u00e9 Luis Alexanco, estas piezas de dise\u00f1o gr\u00e1fico se recogieron en el cat\u00e1logo de la muestra internacional, hoy joya del libro-arte","robots":{"index":"index","follow":"follow","max-snippet":"max-snippet:-1","max-image-preview":"max-image-preview:large","max-video-preview":"max-video-preview:-1"},"canonical":"https:\/\/www.laguiadepamplona.com\/actualidad\/los-carteles-de-las-actividades-de-encuentros-de-pamplona-de-1972-se-muestran-en-el-polvorin-de-ciudadela-hasta-el-27-de-noviembre\/","og_locale":"es_ES","og_type":"article","og_title":"Los carteles de las actividades de Encuentros de Pamplona de 1972 se muestran en el Polvor\u00edn de Ciudadela hasta el 27 de noviembre","og_description":"Obra del dise\u00f1ador Jos\u00e9 Luis Alexanco, estas piezas de dise\u00f1o gr\u00e1fico se recogieron en el cat\u00e1logo de la muestra internacional, hoy joya del libro-arte","og_url":"https:\/\/www.laguiadepamplona.com\/actualidad\/los-carteles-de-las-actividades-de-encuentros-de-pamplona-de-1972-se-muestran-en-el-polvorin-de-ciudadela-hasta-el-27-de-noviembre\/","og_site_name":"La Gu\u00eda de Pamplona","article_publisher":"https:\/\/www.facebook.com\/laguiadepamplonacom-133175176762273\/?ref=hl","article_published_time":"2022-09-29T10:04:45+00:00","article_modified_time":"2023-04-11T09:47:47+00:00","og_image":[{"width":1526,"height":888,"url":"https:\/\/www.laguiadepamplona.com\/actualidad\/wp-content\/uploads\/2022\/09\/encuentros3.webp","type":"image\/webp"}],"author":"La Gu\u00eda de Pamplona","twitter_card":"summary_large_image","twitter_creator":"@LaGuiadPamplona","twitter_site":"@LaGuiadPamplona","twitter_misc":{"Escrito por":"La Gu\u00eda de Pamplona","Tiempo de lectura":"3 minutos"},"schema":{"@context":"https:\/\/schema.org","@graph":[{"@type":"Article","@id":"https:\/\/www.laguiadepamplona.com\/actualidad\/los-carteles-de-las-actividades-de-encuentros-de-pamplona-de-1972-se-muestran-en-el-polvorin-de-ciudadela-hasta-el-27-de-noviembre\/#article","isPartOf":{"@id":"https:\/\/www.laguiadepamplona.com\/actualidad\/los-carteles-de-las-actividades-de-encuentros-de-pamplona-de-1972-se-muestran-en-el-polvorin-de-ciudadela-hasta-el-27-de-noviembre\/"},"author":{"name":"La Gu\u00eda de Pamplona","@id":"https:\/\/www.laguiadepamplona.com\/actualidad\/#\/schema\/person\/efe887376f0213d4657c93adc50b1fdb"},"headline":"Los carteles de las actividades de Encuentros de Pamplona de 1972 se muestran en el Polvor\u00edn de Ciudadela hasta el 27 de noviembre","datePublished":"2022-09-29T10:04:45+00:00","dateModified":"2023-04-11T09:47:47+00:00","mainEntityOfPage":{"@id":"https:\/\/www.laguiadepamplona.com\/actualidad\/los-carteles-de-las-actividades-de-encuentros-de-pamplona-de-1972-se-muestran-en-el-polvorin-de-ciudadela-hasta-el-27-de-noviembre\/"},"wordCount":593,"commentCount":0,"publisher":{"@id":"https:\/\/www.laguiadepamplona.com\/actualidad\/#organization"},"image":{"@id":"https:\/\/www.laguiadepamplona.com\/actualidad\/los-carteles-de-las-actividades-de-encuentros-de-pamplona-de-1972-se-muestran-en-el-polvorin-de-ciudadela-hasta-el-27-de-noviembre\/#primaryimage"},"thumbnailUrl":"https:\/\/www.laguiadepamplona.com\/actualidad\/wp-content\/uploads\/2022\/09\/encuentros3.webp","articleSection":["Ayto Pamplona"],"inLanguage":"es","potentialAction":[{"@type":"CommentAction","name":"Comment","target":["https:\/\/www.laguiadepamplona.com\/actualidad\/los-carteles-de-las-actividades-de-encuentros-de-pamplona-de-1972-se-muestran-en-el-polvorin-de-ciudadela-hasta-el-27-de-noviembre\/#respond"]}]},{"@type":"WebPage","@id":"https:\/\/www.laguiadepamplona.com\/actualidad\/los-carteles-de-las-actividades-de-encuentros-de-pamplona-de-1972-se-muestran-en-el-polvorin-de-ciudadela-hasta-el-27-de-noviembre\/","url":"https:\/\/www.laguiadepamplona.com\/actualidad\/los-carteles-de-las-actividades-de-encuentros-de-pamplona-de-1972-se-muestran-en-el-polvorin-de-ciudadela-hasta-el-27-de-noviembre\/","name":"Los carteles de las actividades de Encuentros de Pamplona de 1972 se muestran en el Polvor\u00edn de Ciudadela hasta el 27 de noviembre","isPartOf":{"@id":"https:\/\/www.laguiadepamplona.com\/actualidad\/#website"},"primaryImageOfPage":{"@id":"https:\/\/www.laguiadepamplona.com\/actualidad\/los-carteles-de-las-actividades-de-encuentros-de-pamplona-de-1972-se-muestran-en-el-polvorin-de-ciudadela-hasta-el-27-de-noviembre\/#primaryimage"},"image":{"@id":"https:\/\/www.laguiadepamplona.com\/actualidad\/los-carteles-de-las-actividades-de-encuentros-de-pamplona-de-1972-se-muestran-en-el-polvorin-de-ciudadela-hasta-el-27-de-noviembre\/#primaryimage"},"thumbnailUrl":"https:\/\/www.laguiadepamplona.com\/actualidad\/wp-content\/uploads\/2022\/09\/encuentros3.webp","datePublished":"2022-09-29T10:04:45+00:00","dateModified":"2023-04-11T09:47:47+00:00","description":"Obra del dise\u00f1ador Jos\u00e9 Luis Alexanco, estas piezas de dise\u00f1o gr\u00e1fico se recogieron en el cat\u00e1logo de la muestra internacional, hoy joya del libro-arte","breadcrumb":{"@id":"https:\/\/www.laguiadepamplona.com\/actualidad\/los-carteles-de-las-actividades-de-encuentros-de-pamplona-de-1972-se-muestran-en-el-polvorin-de-ciudadela-hasta-el-27-de-noviembre\/#breadcrumb"},"inLanguage":"es","potentialAction":[{"@type":"ReadAction","target":["https:\/\/www.laguiadepamplona.com\/actualidad\/los-carteles-de-las-actividades-de-encuentros-de-pamplona-de-1972-se-muestran-en-el-polvorin-de-ciudadela-hasta-el-27-de-noviembre\/"]}]},{"@type":"ImageObject","inLanguage":"es","@id":"https:\/\/www.laguiadepamplona.com\/actualidad\/los-carteles-de-las-actividades-de-encuentros-de-pamplona-de-1972-se-muestran-en-el-polvorin-de-ciudadela-hasta-el-27-de-noviembre\/#primaryimage","url":"https:\/\/www.laguiadepamplona.com\/actualidad\/wp-content\/uploads\/2022\/09\/encuentros3.webp","contentUrl":"https:\/\/www.laguiadepamplona.com\/actualidad\/wp-content\/uploads\/2022\/09\/encuentros3.webp","width":1526,"height":888,"caption":"encuentros"},{"@type":"BreadcrumbList","@id":"https:\/\/www.laguiadepamplona.com\/actualidad\/los-carteles-de-las-actividades-de-encuentros-de-pamplona-de-1972-se-muestran-en-el-polvorin-de-ciudadela-hasta-el-27-de-noviembre\/#breadcrumb","itemListElement":[{"@type":"ListItem","position":1,"name":"Portada","item":"https:\/\/www.laguiadepamplona.com\/actualidad\/"},{"@type":"ListItem","position":2,"name":"Los carteles de las actividades de Encuentros de Pamplona de 1972 se muestran en el Polvor\u00edn de Ciudadela hasta el 27 de noviembre"}]},{"@type":"WebSite","@id":"https:\/\/www.laguiadepamplona.com\/actualidad\/#website","url":"https:\/\/www.laguiadepamplona.com\/actualidad\/","name":"La gu\u00eda de Pamplona","description":"Noticias de Pamplona","publisher":{"@id":"https:\/\/www.laguiadepamplona.com\/actualidad\/#organization"},"potentialAction":[{"@type":"SearchAction","target":{"@type":"EntryPoint","urlTemplate":"https:\/\/www.laguiadepamplona.com\/actualidad\/?s={search_term_string}"},"query-input":{"@type":"PropertyValueSpecification","valueRequired":true,"valueName":"search_term_string"}}],"inLanguage":"es"},{"@type":"Organization","@id":"https:\/\/www.laguiadepamplona.com\/actualidad\/#organization","name":"La Gu\u00eda de Pamplona \/ Noticias","url":"https:\/\/www.laguiadepamplona.com\/actualidad\/","logo":{"@type":"ImageObject","inLanguage":"es","@id":"https:\/\/www.laguiadepamplona.com\/actualidad\/#\/schema\/logo\/image\/","url":"https:\/\/www.laguiadepamplona.com\/actualidad\/wp-content\/uploads\/2018\/11\/logo-laguiadepamplona18-web1.png","contentUrl":"https:\/\/www.laguiadepamplona.com\/actualidad\/wp-content\/uploads\/2018\/11\/logo-laguiadepamplona18-web1.png","width":600,"height":196,"caption":"La Gu\u00eda de Pamplona \/ Noticias"},"image":{"@id":"https:\/\/www.laguiadepamplona.com\/actualidad\/#\/schema\/logo\/image\/"},"sameAs":["https:\/\/www.facebook.com\/laguiadepamplonacom-133175176762273\/?ref=hl","https:\/\/x.com\/LaGuiadPamplona","https:\/\/www.instagram.com\/la_guia_de_pamplona\/","https:\/\/www.youtube.com\/user\/laguiadepamplona"]},{"@type":"Person","@id":"https:\/\/www.laguiadepamplona.com\/actualidad\/#\/schema\/person\/efe887376f0213d4657c93adc50b1fdb","name":"La Gu\u00eda de Pamplona","image":{"@type":"ImageObject","inLanguage":"es","@id":"https:\/\/secure.gravatar.com\/avatar\/b6992f131dc8d30ab0dff15446e9d346d9dbd95992de0fef795073f5ea83a81c?s=96&d=mm&r=g","url":"https:\/\/secure.gravatar.com\/avatar\/b6992f131dc8d30ab0dff15446e9d346d9dbd95992de0fef795073f5ea83a81c?s=96&d=mm&r=g","contentUrl":"https:\/\/secure.gravatar.com\/avatar\/b6992f131dc8d30ab0dff15446e9d346d9dbd95992de0fef795073f5ea83a81c?s=96&d=mm&r=g","caption":"La Gu\u00eda de Pamplona"}}]}},"post_mailing_queue_ids":[],"_links":{"self":[{"href":"https:\/\/www.laguiadepamplona.com\/actualidad\/wp-json\/wp\/v2\/posts\/41747","targetHints":{"allow":["GET"]}}],"collection":[{"href":"https:\/\/www.laguiadepamplona.com\/actualidad\/wp-json\/wp\/v2\/posts"}],"about":[{"href":"https:\/\/www.laguiadepamplona.com\/actualidad\/wp-json\/wp\/v2\/types\/post"}],"author":[{"embeddable":true,"href":"https:\/\/www.laguiadepamplona.com\/actualidad\/wp-json\/wp\/v2\/users\/1"}],"replies":[{"embeddable":true,"href":"https:\/\/www.laguiadepamplona.com\/actualidad\/wp-json\/wp\/v2\/comments?post=41747"}],"version-history":[{"count":0,"href":"https:\/\/www.laguiadepamplona.com\/actualidad\/wp-json\/wp\/v2\/posts\/41747\/revisions"}],"wp:featuredmedia":[{"embeddable":true,"href":"https:\/\/www.laguiadepamplona.com\/actualidad\/wp-json\/wp\/v2\/media\/41748"}],"wp:attachment":[{"href":"https:\/\/www.laguiadepamplona.com\/actualidad\/wp-json\/wp\/v2\/media?parent=41747"}],"wp:term":[{"taxonomy":"category","embeddable":true,"href":"https:\/\/www.laguiadepamplona.com\/actualidad\/wp-json\/wp\/v2\/categories?post=41747"},{"taxonomy":"post_tag","embeddable":true,"href":"https:\/\/www.laguiadepamplona.com\/actualidad\/wp-json\/wp\/v2\/tags?post=41747"}],"curies":[{"name":"wp","href":"https:\/\/api.w.org\/{rel}","templated":true}]}}