{"id":41737,"date":"2022-09-28T12:49:34","date_gmt":"2022-09-28T10:49:34","guid":{"rendered":"https:\/\/www.laguiadepamplona.com\/actualidad\/?p=41737"},"modified":"2023-04-11T11:47:47","modified_gmt":"2023-04-11T09:47:47","slug":"el-iv-festival-yamaguchi-torii-volvera-a-acercar-al-entorno-de-ese-parque-la-cultura-japonesa-con-exhibiciones-de-musica-o-artes-marciales-taichi-y-degustaciones-de-te","status":"publish","type":"post","link":"https:\/\/www.laguiadepamplona.com\/actualidad\/el-iv-festival-yamaguchi-torii-volvera-a-acercar-al-entorno-de-ese-parque-la-cultura-japonesa-con-exhibiciones-de-musica-o-artes-marciales-taichi-y-degustaciones-de-te\/","title":{"rendered":"El IV festival \u2018Yamaguchi Torii\u2019 volver\u00e1 a acercar al entorno de ese parque la cultura japonesa con exhibiciones de m\u00fasica o artes marciales, taichi y degustaciones de t\u00e9"},"content":{"rendered":"<h5>Entre el 30 de septiembre y el 2 de octubre, en el entorno del Planetario se desarrollar\u00e1n una docena de actividades<\/h5>\n<p><!--more--><\/p>\n<p>La IV edici\u00f3n del festival \u2018Yamaguchi Torii\u2019 impulsado por el Ayuntamiento de Pamplona, vuelve este 2022 acercando al entorno del parque de Yamaguchi la cultura japonesa. Desde este viernes, 30 de septiembre, hasta el domingo 2 de octubre, en el parque de Yamaguchi, la explanada exterior del Planetario y la carpa instalada en sus proximidades, se ir\u00e1n sucediendo actividades en horario de ma\u00f1ana y tarde.<br \/>\n<script async src=\"\/\/pagead2.googlesyndication.com\/pagead\/js\/adsbygoogle.js\"><\/script><br \/>\n<!-- Noticias La Guia de Pamplona --><br \/>\n<ins class=\"adsbygoogle\"\nstyle=\"display:block\"\ndata-ad-client=\"ca-pub-6943679897239327\"\ndata-ad-slot=\"7048180777\"\ndata-ad-format=\"auto\"><\/ins><br \/>\n<script>\n(adsbygoogle = window.adsbygoogle || []).push({});\n<\/script><\/p>\n<p>Apoyando esta iniciativa de acercamiento intercultural, el Consistorio pamplon\u00e9s sigue apostando por mantener el esp\u00edritu que llev\u00f3 al hermanamiento con la ciudad japonesa y que prev\u00e9 actos de conocimiento mutuo entre sus poblaciones. As\u00ed, usando precisamente el entorno del enclave m\u00e1s emblem\u00e1tico del hermanamiento firmado entre las dos ciudades en 1980, el jard\u00edn japon\u00e9s. Esta zona verde con estanque, proyectado por arquitectos japoneses, es un homenaje a las cuatro estaciones, y cuenta con 400 \u00e1rboles y m\u00e1s de 600 plantas, como el cerezo japon\u00e9s, ginkgo biloba, sauce llor\u00f3n, cipr\u00e9s de los pantanos, arces, robles, secuoyas y acebos entre otros. Estas actividades pretenden, adem\u00e1s, atraer a un nuevo p\u00fablico joven y adolescente que cada vez se siente m\u00e1s interesado por la cultura japonesa.<\/p>\n<p>Entre las propuestas para estos d\u00edas hay, desde degustaci\u00f3n de t\u00e9s japoneses, hasta un concierto de <em>taiko<\/em> (un tambor japon\u00e9s, tocado con baquetas de madera denominadas bachi), exhibiciones de arco japon\u00e9s o <em>laido<\/em> (arte marcial japon\u00e9s relacionado con el desenvainado y el envainado de la <em>katana<\/em>), un taller de cuidado de bons\u00e1is, sesiones de meditaci\u00f3n zen o taich\u00ed, pintura de cara o un recorrido comentado por el parque de Yamaguchi.<br \/>\n<script async src=\"\/\/pagead2.googlesyndication.com\/pagead\/js\/adsbygoogle.js\"><\/script><br \/>\n<!-- Noticias La Guia de Pamplona --><br \/>\n<ins class=\"adsbygoogle\"\nstyle=\"display:block\"\ndata-ad-client=\"ca-pub-6943679897239327\"\ndata-ad-slot=\"7048180777\"\ndata-ad-format=\"auto\"><\/ins><br \/>\n<script>\n(adsbygoogle = window.adsbygoogle || []).push({});\n<\/script><\/p>\n<p>&nbsp;<\/p>\n<h3>IV Edici\u00f3n del Festival Yamaguchi Torii<\/h3>\n<p><strong>Viernes 30 septiembre<\/strong><\/p>\n<ul>\n<li>12 horas. Parque de Yamaguchi<\/li>\n<\/ul>\n<p><strong>Recorrido<\/strong> comentado por el jard\u00edn japon\u00e9s<\/p>\n<ul>\n<li>30 horas. Carpa Yamaguchi y alrededores<\/li>\n<\/ul>\n<p><strong>Degustaci\u00f3n<\/strong> t\u00e9s japoneses. TQ y m\u00e1s<\/p>\n<p><strong>S\u00e1bado 1 octubre<\/strong><\/p>\n<ul>\n<li>11 horas. Zona ajardinada frente a Planetario<\/li>\n<\/ul>\n<p><strong>Pr\u00e1ctica de Meditaci\u00f3n Zen<\/strong>. Josetxo Sagarra. Monje Zen<\/p>\n<ul>\n<li>11 horas. Carpa Yamaguchi y alrededores<\/li>\n<\/ul>\n<p>Cuida tu <strong>Bonsai<\/strong>. Club Bons\u00e1is de Navarra<\/p>\n<ul>\n<li>12 horas. Parque de Yamaguchi<\/li>\n<\/ul>\n<p><strong>Ba\u00f1o de bosque<\/strong>. Shinrin Yoku. Josetxo Sagarra. Monje Zen<\/p>\n<ul>\n<li>12 horas. Explanada Planetario<\/li>\n<\/ul>\n<p><strong>Taller de Taiko<\/strong>. Murasaki Taiko<\/p>\n<ul>\n<li>17 horas. Explanada Planetario<\/li>\n<\/ul>\n<p><strong>Arco japon\u00e9s<\/strong> (Kyudo). Grupo Kyudo<\/p>\n<ul>\n<li>30 horas. Explanada Planetario<\/li>\n<\/ul>\n<p><strong>Concierto de Taiko<\/strong>. Murasaki Taiko<\/p>\n<ul>\n<li>18 horas. Carpa Yamaguchi y alrededores<\/li>\n<\/ul>\n<p><strong>Degustaci\u00f3n<\/strong> de t\u00e9s japoneses.TQ y m\u00e1s<\/p>\n<p><strong>Domingo 2 octubre<\/strong><\/p>\n<ul>\n<li>11 horas. Zona ajardinada frente a Planetario<\/li>\n<\/ul>\n<p><strong>Pr\u00e1ctica de Taichi<\/strong>. Juan Olivier. Escuela Wuji<\/p>\n<ul>\n<li>30 horas. Carpa Yamaguchi y alrededores<\/li>\n<\/ul>\n<p><strong>Pintura cara<\/strong> con motivos japoneses. Maika<\/p>\n<ul>\n<li>30 horas. Carpa Yamaguchi y alrededores<\/li>\n<\/ul>\n<p><strong>Degustaci\u00f3n<\/strong> t\u00e9s japoneses. TQ y m\u00e1s<\/p>\n<ul>\n<li>12 horas. Zona ajardinada frente a Planetario<\/li>\n<\/ul>\n<p><strong>Laido<\/strong> (katana japonesa). Juan Olivier. Escuela Wuji<\/p>\n<p>&nbsp;<br \/>\n[qodef_button size=\u00bblarge\u00bb type=\u00bb\u00bb text=\u00bbYamaguchi TORII programaci\u00f3n.pdf\u00bb custom_class=\u00bb\u00bb icon_pack=\u00bbfont_elegant\u00bb fa_icon=\u00bbicon_download\u00bb link=\u00bbhttps:\/\/www.pamplona.es\/sites\/default\/files\/2022-09\/220928yamaguchitoriiprogramacion.pdf\u00bb target=\u00bb_blank\u00bb color=\u00bbffffff\u00bb hover_color=\u00bb\u00bb background_color=\u00bb\u00bb hover_background_color=\u00bb\u00bb border_color=\u00bb\u00bb hover_border_color=\u00bb\u00bb font_size=\u00bb\u00bb font_weight=\u00bb\u00bb margin=\u00bb\u00bb]\n&nbsp;<\/p>\n","protected":false},"excerpt":{"rendered":"<p>Entre el 30 de septiembre y el 2 de octubre, en el entorno del Planetario se desarrollar\u00e1n una docena de actividades<\/p>\n","protected":false},"author":1,"featured_media":41738,"comment_status":"open","ping_status":"closed","sticky":false,"template":"","format":"standard","meta":{"footnotes":""},"categories":[2],"tags":[],"class_list":["post-41737","post","type-post","status-publish","format-standard","has-post-thumbnail","hentry","category-ayuntamiento-pamplona"],"yoast_head":"<!-- This site is optimized with the Yoast SEO plugin v27.5 - https:\/\/yoast.com\/product\/yoast-seo-wordpress\/ -->\n<title>El IV festival \u2018Yamaguchi Torii\u2019 volver\u00e1 a acercar al entorno de ese parque la cultura japonesa con exhibiciones de m\u00fasica o artes marciales, taichi y degustaciones de t\u00e9<\/title>\n<meta name=\"description\" content=\"Entre el 30 de septiembre y el 2 de octubre, en el entorno del Planetario se desarrollar\u00e1n una docena de actividades\" \/>\n<meta name=\"robots\" content=\"index, follow, max-snippet:-1, max-image-preview:large, max-video-preview:-1\" \/>\n<link rel=\"canonical\" href=\"https:\/\/www.laguiadepamplona.com\/actualidad\/el-iv-festival-yamaguchi-torii-volvera-a-acercar-al-entorno-de-ese-parque-la-cultura-japonesa-con-exhibiciones-de-musica-o-artes-marciales-taichi-y-degustaciones-de-te\/\" \/>\n<meta property=\"og:locale\" content=\"es_ES\" \/>\n<meta property=\"og:type\" content=\"article\" \/>\n<meta property=\"og:title\" content=\"El IV festival \u2018Yamaguchi Torii\u2019 volver\u00e1 a acercar al entorno de ese parque la cultura japonesa con exhibiciones de m\u00fasica o artes marciales, taichi y degustaciones de t\u00e9\" \/>\n<meta property=\"og:description\" content=\"Entre el 30 de septiembre y el 2 de octubre, en el entorno del Planetario se desarrollar\u00e1n una docena de actividades\" \/>\n<meta property=\"og:url\" content=\"https:\/\/www.laguiadepamplona.com\/actualidad\/el-iv-festival-yamaguchi-torii-volvera-a-acercar-al-entorno-de-ese-parque-la-cultura-japonesa-con-exhibiciones-de-musica-o-artes-marciales-taichi-y-degustaciones-de-te\/\" \/>\n<meta property=\"og:site_name\" content=\"La Gu\u00eda de Pamplona\" \/>\n<meta property=\"article:publisher\" content=\"https:\/\/www.facebook.com\/laguiadepamplonacom-133175176762273\/?ref=hl\" \/>\n<meta property=\"article:published_time\" content=\"2022-09-28T10:49:34+00:00\" \/>\n<meta property=\"article:modified_time\" content=\"2023-04-11T09:47:47+00:00\" \/>\n<meta property=\"og:image\" content=\"https:\/\/www.laguiadepamplona.com\/actualidad\/wp-content\/uploads\/2022\/09\/yamaguchi-torii.webp\" \/>\n\t<meta property=\"og:image:width\" content=\"1822\" \/>\n\t<meta property=\"og:image:height\" content=\"933\" \/>\n\t<meta property=\"og:image:type\" content=\"image\/webp\" \/>\n<meta name=\"author\" content=\"La Gu\u00eda de Pamplona\" \/>\n<meta name=\"twitter:card\" content=\"summary_large_image\" \/>\n<meta name=\"twitter:creator\" content=\"@LaGuiadPamplona\" \/>\n<meta name=\"twitter:site\" content=\"@LaGuiadPamplona\" \/>\n<meta name=\"twitter:label1\" content=\"Escrito por\" \/>\n\t<meta name=\"twitter:data1\" content=\"La Gu\u00eda de Pamplona\" \/>\n\t<meta name=\"twitter:label2\" content=\"Tiempo de lectura\" \/>\n\t<meta name=\"twitter:data2\" content=\"3 minutos\" \/>\n<script type=\"application\/ld+json\" class=\"yoast-schema-graph\">{\"@context\":\"https:\\\/\\\/schema.org\",\"@graph\":[{\"@type\":\"Article\",\"@id\":\"https:\\\/\\\/www.laguiadepamplona.com\\\/actualidad\\\/el-iv-festival-yamaguchi-torii-volvera-a-acercar-al-entorno-de-ese-parque-la-cultura-japonesa-con-exhibiciones-de-musica-o-artes-marciales-taichi-y-degustaciones-de-te\\\/#article\",\"isPartOf\":{\"@id\":\"https:\\\/\\\/www.laguiadepamplona.com\\\/actualidad\\\/el-iv-festival-yamaguchi-torii-volvera-a-acercar-al-entorno-de-ese-parque-la-cultura-japonesa-con-exhibiciones-de-musica-o-artes-marciales-taichi-y-degustaciones-de-te\\\/\"},\"author\":{\"name\":\"La Gu\u00eda de Pamplona\",\"@id\":\"https:\\\/\\\/www.laguiadepamplona.com\\\/actualidad\\\/#\\\/schema\\\/person\\\/efe887376f0213d4657c93adc50b1fdb\"},\"headline\":\"El IV festival \u2018Yamaguchi Torii\u2019 volver\u00e1 a acercar al entorno de ese parque la cultura japonesa con exhibiciones de m\u00fasica o artes marciales, taichi y degustaciones de t\u00e9\",\"datePublished\":\"2022-09-28T10:49:34+00:00\",\"dateModified\":\"2023-04-11T09:47:47+00:00\",\"mainEntityOfPage\":{\"@id\":\"https:\\\/\\\/www.laguiadepamplona.com\\\/actualidad\\\/el-iv-festival-yamaguchi-torii-volvera-a-acercar-al-entorno-de-ese-parque-la-cultura-japonesa-con-exhibiciones-de-musica-o-artes-marciales-taichi-y-degustaciones-de-te\\\/\"},\"wordCount\":555,\"commentCount\":0,\"publisher\":{\"@id\":\"https:\\\/\\\/www.laguiadepamplona.com\\\/actualidad\\\/#organization\"},\"image\":{\"@id\":\"https:\\\/\\\/www.laguiadepamplona.com\\\/actualidad\\\/el-iv-festival-yamaguchi-torii-volvera-a-acercar-al-entorno-de-ese-parque-la-cultura-japonesa-con-exhibiciones-de-musica-o-artes-marciales-taichi-y-degustaciones-de-te\\\/#primaryimage\"},\"thumbnailUrl\":\"https:\\\/\\\/www.laguiadepamplona.com\\\/actualidad\\\/wp-content\\\/uploads\\\/2022\\\/09\\\/yamaguchi-torii.webp\",\"articleSection\":[\"Ayto Pamplona\"],\"inLanguage\":\"es\",\"potentialAction\":[{\"@type\":\"CommentAction\",\"name\":\"Comment\",\"target\":[\"https:\\\/\\\/www.laguiadepamplona.com\\\/actualidad\\\/el-iv-festival-yamaguchi-torii-volvera-a-acercar-al-entorno-de-ese-parque-la-cultura-japonesa-con-exhibiciones-de-musica-o-artes-marciales-taichi-y-degustaciones-de-te\\\/#respond\"]}]},{\"@type\":\"WebPage\",\"@id\":\"https:\\\/\\\/www.laguiadepamplona.com\\\/actualidad\\\/el-iv-festival-yamaguchi-torii-volvera-a-acercar-al-entorno-de-ese-parque-la-cultura-japonesa-con-exhibiciones-de-musica-o-artes-marciales-taichi-y-degustaciones-de-te\\\/\",\"url\":\"https:\\\/\\\/www.laguiadepamplona.com\\\/actualidad\\\/el-iv-festival-yamaguchi-torii-volvera-a-acercar-al-entorno-de-ese-parque-la-cultura-japonesa-con-exhibiciones-de-musica-o-artes-marciales-taichi-y-degustaciones-de-te\\\/\",\"name\":\"El IV festival \u2018Yamaguchi Torii\u2019 volver\u00e1 a acercar al entorno de ese parque la cultura japonesa con exhibiciones de m\u00fasica o artes marciales, taichi y degustaciones de t\u00e9\",\"isPartOf\":{\"@id\":\"https:\\\/\\\/www.laguiadepamplona.com\\\/actualidad\\\/#website\"},\"primaryImageOfPage\":{\"@id\":\"https:\\\/\\\/www.laguiadepamplona.com\\\/actualidad\\\/el-iv-festival-yamaguchi-torii-volvera-a-acercar-al-entorno-de-ese-parque-la-cultura-japonesa-con-exhibiciones-de-musica-o-artes-marciales-taichi-y-degustaciones-de-te\\\/#primaryimage\"},\"image\":{\"@id\":\"https:\\\/\\\/www.laguiadepamplona.com\\\/actualidad\\\/el-iv-festival-yamaguchi-torii-volvera-a-acercar-al-entorno-de-ese-parque-la-cultura-japonesa-con-exhibiciones-de-musica-o-artes-marciales-taichi-y-degustaciones-de-te\\\/#primaryimage\"},\"thumbnailUrl\":\"https:\\\/\\\/www.laguiadepamplona.com\\\/actualidad\\\/wp-content\\\/uploads\\\/2022\\\/09\\\/yamaguchi-torii.webp\",\"datePublished\":\"2022-09-28T10:49:34+00:00\",\"dateModified\":\"2023-04-11T09:47:47+00:00\",\"description\":\"Entre el 30 de septiembre y el 2 de octubre, en el entorno del Planetario se desarrollar\u00e1n una docena de actividades\",\"breadcrumb\":{\"@id\":\"https:\\\/\\\/www.laguiadepamplona.com\\\/actualidad\\\/el-iv-festival-yamaguchi-torii-volvera-a-acercar-al-entorno-de-ese-parque-la-cultura-japonesa-con-exhibiciones-de-musica-o-artes-marciales-taichi-y-degustaciones-de-te\\\/#breadcrumb\"},\"inLanguage\":\"es\",\"potentialAction\":[{\"@type\":\"ReadAction\",\"target\":[\"https:\\\/\\\/www.laguiadepamplona.com\\\/actualidad\\\/el-iv-festival-yamaguchi-torii-volvera-a-acercar-al-entorno-de-ese-parque-la-cultura-japonesa-con-exhibiciones-de-musica-o-artes-marciales-taichi-y-degustaciones-de-te\\\/\"]}]},{\"@type\":\"ImageObject\",\"inLanguage\":\"es\",\"@id\":\"https:\\\/\\\/www.laguiadepamplona.com\\\/actualidad\\\/el-iv-festival-yamaguchi-torii-volvera-a-acercar-al-entorno-de-ese-parque-la-cultura-japonesa-con-exhibiciones-de-musica-o-artes-marciales-taichi-y-degustaciones-de-te\\\/#primaryimage\",\"url\":\"https:\\\/\\\/www.laguiadepamplona.com\\\/actualidad\\\/wp-content\\\/uploads\\\/2022\\\/09\\\/yamaguchi-torii.webp\",\"contentUrl\":\"https:\\\/\\\/www.laguiadepamplona.com\\\/actualidad\\\/wp-content\\\/uploads\\\/2022\\\/09\\\/yamaguchi-torii.webp\",\"width\":1822,\"height\":933,\"caption\":\"yamaguchi-torii\"},{\"@type\":\"BreadcrumbList\",\"@id\":\"https:\\\/\\\/www.laguiadepamplona.com\\\/actualidad\\\/el-iv-festival-yamaguchi-torii-volvera-a-acercar-al-entorno-de-ese-parque-la-cultura-japonesa-con-exhibiciones-de-musica-o-artes-marciales-taichi-y-degustaciones-de-te\\\/#breadcrumb\",\"itemListElement\":[{\"@type\":\"ListItem\",\"position\":1,\"name\":\"Portada\",\"item\":\"https:\\\/\\\/www.laguiadepamplona.com\\\/actualidad\\\/\"},{\"@type\":\"ListItem\",\"position\":2,\"name\":\"El IV festival \u2018Yamaguchi Torii\u2019 volver\u00e1 a acercar al entorno de ese parque la cultura japonesa con exhibiciones de m\u00fasica o artes marciales, taichi y degustaciones de t\u00e9\"}]},{\"@type\":\"WebSite\",\"@id\":\"https:\\\/\\\/www.laguiadepamplona.com\\\/actualidad\\\/#website\",\"url\":\"https:\\\/\\\/www.laguiadepamplona.com\\\/actualidad\\\/\",\"name\":\"La gu\u00eda de Pamplona\",\"description\":\"Noticias de Pamplona\",\"publisher\":{\"@id\":\"https:\\\/\\\/www.laguiadepamplona.com\\\/actualidad\\\/#organization\"},\"potentialAction\":[{\"@type\":\"SearchAction\",\"target\":{\"@type\":\"EntryPoint\",\"urlTemplate\":\"https:\\\/\\\/www.laguiadepamplona.com\\\/actualidad\\\/?s={search_term_string}\"},\"query-input\":{\"@type\":\"PropertyValueSpecification\",\"valueRequired\":true,\"valueName\":\"search_term_string\"}}],\"inLanguage\":\"es\"},{\"@type\":\"Organization\",\"@id\":\"https:\\\/\\\/www.laguiadepamplona.com\\\/actualidad\\\/#organization\",\"name\":\"La Gu\u00eda de Pamplona \\\/ Noticias\",\"url\":\"https:\\\/\\\/www.laguiadepamplona.com\\\/actualidad\\\/\",\"logo\":{\"@type\":\"ImageObject\",\"inLanguage\":\"es\",\"@id\":\"https:\\\/\\\/www.laguiadepamplona.com\\\/actualidad\\\/#\\\/schema\\\/logo\\\/image\\\/\",\"url\":\"https:\\\/\\\/www.laguiadepamplona.com\\\/actualidad\\\/wp-content\\\/uploads\\\/2018\\\/11\\\/logo-laguiadepamplona18-web1.png\",\"contentUrl\":\"https:\\\/\\\/www.laguiadepamplona.com\\\/actualidad\\\/wp-content\\\/uploads\\\/2018\\\/11\\\/logo-laguiadepamplona18-web1.png\",\"width\":600,\"height\":196,\"caption\":\"La Gu\u00eda de Pamplona \\\/ Noticias\"},\"image\":{\"@id\":\"https:\\\/\\\/www.laguiadepamplona.com\\\/actualidad\\\/#\\\/schema\\\/logo\\\/image\\\/\"},\"sameAs\":[\"https:\\\/\\\/www.facebook.com\\\/laguiadepamplonacom-133175176762273\\\/?ref=hl\",\"https:\\\/\\\/x.com\\\/LaGuiadPamplona\",\"https:\\\/\\\/www.instagram.com\\\/la_guia_de_pamplona\\\/\",\"https:\\\/\\\/www.youtube.com\\\/user\\\/laguiadepamplona\"]},{\"@type\":\"Person\",\"@id\":\"https:\\\/\\\/www.laguiadepamplona.com\\\/actualidad\\\/#\\\/schema\\\/person\\\/efe887376f0213d4657c93adc50b1fdb\",\"name\":\"La Gu\u00eda de Pamplona\",\"image\":{\"@type\":\"ImageObject\",\"inLanguage\":\"es\",\"@id\":\"https:\\\/\\\/secure.gravatar.com\\\/avatar\\\/b6992f131dc8d30ab0dff15446e9d346d9dbd95992de0fef795073f5ea83a81c?s=96&d=mm&r=g\",\"url\":\"https:\\\/\\\/secure.gravatar.com\\\/avatar\\\/b6992f131dc8d30ab0dff15446e9d346d9dbd95992de0fef795073f5ea83a81c?s=96&d=mm&r=g\",\"contentUrl\":\"https:\\\/\\\/secure.gravatar.com\\\/avatar\\\/b6992f131dc8d30ab0dff15446e9d346d9dbd95992de0fef795073f5ea83a81c?s=96&d=mm&r=g\",\"caption\":\"La Gu\u00eda de Pamplona\"}}]}<\/script>\n<!-- \/ Yoast SEO plugin. -->","yoast_head_json":{"title":"El IV festival \u2018Yamaguchi Torii\u2019 volver\u00e1 a acercar al entorno de ese parque la cultura japonesa con exhibiciones de m\u00fasica o artes marciales, taichi y degustaciones de t\u00e9","description":"Entre el 30 de septiembre y el 2 de octubre, en el entorno del Planetario se desarrollar\u00e1n una docena de actividades","robots":{"index":"index","follow":"follow","max-snippet":"max-snippet:-1","max-image-preview":"max-image-preview:large","max-video-preview":"max-video-preview:-1"},"canonical":"https:\/\/www.laguiadepamplona.com\/actualidad\/el-iv-festival-yamaguchi-torii-volvera-a-acercar-al-entorno-de-ese-parque-la-cultura-japonesa-con-exhibiciones-de-musica-o-artes-marciales-taichi-y-degustaciones-de-te\/","og_locale":"es_ES","og_type":"article","og_title":"El IV festival \u2018Yamaguchi Torii\u2019 volver\u00e1 a acercar al entorno de ese parque la cultura japonesa con exhibiciones de m\u00fasica o artes marciales, taichi y degustaciones de t\u00e9","og_description":"Entre el 30 de septiembre y el 2 de octubre, en el entorno del Planetario se desarrollar\u00e1n una docena de actividades","og_url":"https:\/\/www.laguiadepamplona.com\/actualidad\/el-iv-festival-yamaguchi-torii-volvera-a-acercar-al-entorno-de-ese-parque-la-cultura-japonesa-con-exhibiciones-de-musica-o-artes-marciales-taichi-y-degustaciones-de-te\/","og_site_name":"La Gu\u00eda de Pamplona","article_publisher":"https:\/\/www.facebook.com\/laguiadepamplonacom-133175176762273\/?ref=hl","article_published_time":"2022-09-28T10:49:34+00:00","article_modified_time":"2023-04-11T09:47:47+00:00","og_image":[{"width":1822,"height":933,"url":"https:\/\/www.laguiadepamplona.com\/actualidad\/wp-content\/uploads\/2022\/09\/yamaguchi-torii.webp","type":"image\/webp"}],"author":"La Gu\u00eda de Pamplona","twitter_card":"summary_large_image","twitter_creator":"@LaGuiadPamplona","twitter_site":"@LaGuiadPamplona","twitter_misc":{"Escrito por":"La Gu\u00eda de Pamplona","Tiempo de lectura":"3 minutos"},"schema":{"@context":"https:\/\/schema.org","@graph":[{"@type":"Article","@id":"https:\/\/www.laguiadepamplona.com\/actualidad\/el-iv-festival-yamaguchi-torii-volvera-a-acercar-al-entorno-de-ese-parque-la-cultura-japonesa-con-exhibiciones-de-musica-o-artes-marciales-taichi-y-degustaciones-de-te\/#article","isPartOf":{"@id":"https:\/\/www.laguiadepamplona.com\/actualidad\/el-iv-festival-yamaguchi-torii-volvera-a-acercar-al-entorno-de-ese-parque-la-cultura-japonesa-con-exhibiciones-de-musica-o-artes-marciales-taichi-y-degustaciones-de-te\/"},"author":{"name":"La Gu\u00eda de Pamplona","@id":"https:\/\/www.laguiadepamplona.com\/actualidad\/#\/schema\/person\/efe887376f0213d4657c93adc50b1fdb"},"headline":"El IV festival \u2018Yamaguchi Torii\u2019 volver\u00e1 a acercar al entorno de ese parque la cultura japonesa con exhibiciones de m\u00fasica o artes marciales, taichi y degustaciones de t\u00e9","datePublished":"2022-09-28T10:49:34+00:00","dateModified":"2023-04-11T09:47:47+00:00","mainEntityOfPage":{"@id":"https:\/\/www.laguiadepamplona.com\/actualidad\/el-iv-festival-yamaguchi-torii-volvera-a-acercar-al-entorno-de-ese-parque-la-cultura-japonesa-con-exhibiciones-de-musica-o-artes-marciales-taichi-y-degustaciones-de-te\/"},"wordCount":555,"commentCount":0,"publisher":{"@id":"https:\/\/www.laguiadepamplona.com\/actualidad\/#organization"},"image":{"@id":"https:\/\/www.laguiadepamplona.com\/actualidad\/el-iv-festival-yamaguchi-torii-volvera-a-acercar-al-entorno-de-ese-parque-la-cultura-japonesa-con-exhibiciones-de-musica-o-artes-marciales-taichi-y-degustaciones-de-te\/#primaryimage"},"thumbnailUrl":"https:\/\/www.laguiadepamplona.com\/actualidad\/wp-content\/uploads\/2022\/09\/yamaguchi-torii.webp","articleSection":["Ayto Pamplona"],"inLanguage":"es","potentialAction":[{"@type":"CommentAction","name":"Comment","target":["https:\/\/www.laguiadepamplona.com\/actualidad\/el-iv-festival-yamaguchi-torii-volvera-a-acercar-al-entorno-de-ese-parque-la-cultura-japonesa-con-exhibiciones-de-musica-o-artes-marciales-taichi-y-degustaciones-de-te\/#respond"]}]},{"@type":"WebPage","@id":"https:\/\/www.laguiadepamplona.com\/actualidad\/el-iv-festival-yamaguchi-torii-volvera-a-acercar-al-entorno-de-ese-parque-la-cultura-japonesa-con-exhibiciones-de-musica-o-artes-marciales-taichi-y-degustaciones-de-te\/","url":"https:\/\/www.laguiadepamplona.com\/actualidad\/el-iv-festival-yamaguchi-torii-volvera-a-acercar-al-entorno-de-ese-parque-la-cultura-japonesa-con-exhibiciones-de-musica-o-artes-marciales-taichi-y-degustaciones-de-te\/","name":"El IV festival \u2018Yamaguchi Torii\u2019 volver\u00e1 a acercar al entorno de ese parque la cultura japonesa con exhibiciones de m\u00fasica o artes marciales, taichi y degustaciones de t\u00e9","isPartOf":{"@id":"https:\/\/www.laguiadepamplona.com\/actualidad\/#website"},"primaryImageOfPage":{"@id":"https:\/\/www.laguiadepamplona.com\/actualidad\/el-iv-festival-yamaguchi-torii-volvera-a-acercar-al-entorno-de-ese-parque-la-cultura-japonesa-con-exhibiciones-de-musica-o-artes-marciales-taichi-y-degustaciones-de-te\/#primaryimage"},"image":{"@id":"https:\/\/www.laguiadepamplona.com\/actualidad\/el-iv-festival-yamaguchi-torii-volvera-a-acercar-al-entorno-de-ese-parque-la-cultura-japonesa-con-exhibiciones-de-musica-o-artes-marciales-taichi-y-degustaciones-de-te\/#primaryimage"},"thumbnailUrl":"https:\/\/www.laguiadepamplona.com\/actualidad\/wp-content\/uploads\/2022\/09\/yamaguchi-torii.webp","datePublished":"2022-09-28T10:49:34+00:00","dateModified":"2023-04-11T09:47:47+00:00","description":"Entre el 30 de septiembre y el 2 de octubre, en el entorno del Planetario se desarrollar\u00e1n una docena de actividades","breadcrumb":{"@id":"https:\/\/www.laguiadepamplona.com\/actualidad\/el-iv-festival-yamaguchi-torii-volvera-a-acercar-al-entorno-de-ese-parque-la-cultura-japonesa-con-exhibiciones-de-musica-o-artes-marciales-taichi-y-degustaciones-de-te\/#breadcrumb"},"inLanguage":"es","potentialAction":[{"@type":"ReadAction","target":["https:\/\/www.laguiadepamplona.com\/actualidad\/el-iv-festival-yamaguchi-torii-volvera-a-acercar-al-entorno-de-ese-parque-la-cultura-japonesa-con-exhibiciones-de-musica-o-artes-marciales-taichi-y-degustaciones-de-te\/"]}]},{"@type":"ImageObject","inLanguage":"es","@id":"https:\/\/www.laguiadepamplona.com\/actualidad\/el-iv-festival-yamaguchi-torii-volvera-a-acercar-al-entorno-de-ese-parque-la-cultura-japonesa-con-exhibiciones-de-musica-o-artes-marciales-taichi-y-degustaciones-de-te\/#primaryimage","url":"https:\/\/www.laguiadepamplona.com\/actualidad\/wp-content\/uploads\/2022\/09\/yamaguchi-torii.webp","contentUrl":"https:\/\/www.laguiadepamplona.com\/actualidad\/wp-content\/uploads\/2022\/09\/yamaguchi-torii.webp","width":1822,"height":933,"caption":"yamaguchi-torii"},{"@type":"BreadcrumbList","@id":"https:\/\/www.laguiadepamplona.com\/actualidad\/el-iv-festival-yamaguchi-torii-volvera-a-acercar-al-entorno-de-ese-parque-la-cultura-japonesa-con-exhibiciones-de-musica-o-artes-marciales-taichi-y-degustaciones-de-te\/#breadcrumb","itemListElement":[{"@type":"ListItem","position":1,"name":"Portada","item":"https:\/\/www.laguiadepamplona.com\/actualidad\/"},{"@type":"ListItem","position":2,"name":"El IV festival \u2018Yamaguchi Torii\u2019 volver\u00e1 a acercar al entorno de ese parque la cultura japonesa con exhibiciones de m\u00fasica o artes marciales, taichi y degustaciones de t\u00e9"}]},{"@type":"WebSite","@id":"https:\/\/www.laguiadepamplona.com\/actualidad\/#website","url":"https:\/\/www.laguiadepamplona.com\/actualidad\/","name":"La gu\u00eda de Pamplona","description":"Noticias de Pamplona","publisher":{"@id":"https:\/\/www.laguiadepamplona.com\/actualidad\/#organization"},"potentialAction":[{"@type":"SearchAction","target":{"@type":"EntryPoint","urlTemplate":"https:\/\/www.laguiadepamplona.com\/actualidad\/?s={search_term_string}"},"query-input":{"@type":"PropertyValueSpecification","valueRequired":true,"valueName":"search_term_string"}}],"inLanguage":"es"},{"@type":"Organization","@id":"https:\/\/www.laguiadepamplona.com\/actualidad\/#organization","name":"La Gu\u00eda de Pamplona \/ Noticias","url":"https:\/\/www.laguiadepamplona.com\/actualidad\/","logo":{"@type":"ImageObject","inLanguage":"es","@id":"https:\/\/www.laguiadepamplona.com\/actualidad\/#\/schema\/logo\/image\/","url":"https:\/\/www.laguiadepamplona.com\/actualidad\/wp-content\/uploads\/2018\/11\/logo-laguiadepamplona18-web1.png","contentUrl":"https:\/\/www.laguiadepamplona.com\/actualidad\/wp-content\/uploads\/2018\/11\/logo-laguiadepamplona18-web1.png","width":600,"height":196,"caption":"La Gu\u00eda de Pamplona \/ Noticias"},"image":{"@id":"https:\/\/www.laguiadepamplona.com\/actualidad\/#\/schema\/logo\/image\/"},"sameAs":["https:\/\/www.facebook.com\/laguiadepamplonacom-133175176762273\/?ref=hl","https:\/\/x.com\/LaGuiadPamplona","https:\/\/www.instagram.com\/la_guia_de_pamplona\/","https:\/\/www.youtube.com\/user\/laguiadepamplona"]},{"@type":"Person","@id":"https:\/\/www.laguiadepamplona.com\/actualidad\/#\/schema\/person\/efe887376f0213d4657c93adc50b1fdb","name":"La Gu\u00eda de Pamplona","image":{"@type":"ImageObject","inLanguage":"es","@id":"https:\/\/secure.gravatar.com\/avatar\/b6992f131dc8d30ab0dff15446e9d346d9dbd95992de0fef795073f5ea83a81c?s=96&d=mm&r=g","url":"https:\/\/secure.gravatar.com\/avatar\/b6992f131dc8d30ab0dff15446e9d346d9dbd95992de0fef795073f5ea83a81c?s=96&d=mm&r=g","contentUrl":"https:\/\/secure.gravatar.com\/avatar\/b6992f131dc8d30ab0dff15446e9d346d9dbd95992de0fef795073f5ea83a81c?s=96&d=mm&r=g","caption":"La Gu\u00eda de Pamplona"}}]}},"post_mailing_queue_ids":[],"_links":{"self":[{"href":"https:\/\/www.laguiadepamplona.com\/actualidad\/wp-json\/wp\/v2\/posts\/41737","targetHints":{"allow":["GET"]}}],"collection":[{"href":"https:\/\/www.laguiadepamplona.com\/actualidad\/wp-json\/wp\/v2\/posts"}],"about":[{"href":"https:\/\/www.laguiadepamplona.com\/actualidad\/wp-json\/wp\/v2\/types\/post"}],"author":[{"embeddable":true,"href":"https:\/\/www.laguiadepamplona.com\/actualidad\/wp-json\/wp\/v2\/users\/1"}],"replies":[{"embeddable":true,"href":"https:\/\/www.laguiadepamplona.com\/actualidad\/wp-json\/wp\/v2\/comments?post=41737"}],"version-history":[{"count":0,"href":"https:\/\/www.laguiadepamplona.com\/actualidad\/wp-json\/wp\/v2\/posts\/41737\/revisions"}],"wp:featuredmedia":[{"embeddable":true,"href":"https:\/\/www.laguiadepamplona.com\/actualidad\/wp-json\/wp\/v2\/media\/41738"}],"wp:attachment":[{"href":"https:\/\/www.laguiadepamplona.com\/actualidad\/wp-json\/wp\/v2\/media?parent=41737"}],"wp:term":[{"taxonomy":"category","embeddable":true,"href":"https:\/\/www.laguiadepamplona.com\/actualidad\/wp-json\/wp\/v2\/categories?post=41737"},{"taxonomy":"post_tag","embeddable":true,"href":"https:\/\/www.laguiadepamplona.com\/actualidad\/wp-json\/wp\/v2\/tags?post=41737"}],"curies":[{"name":"wp","href":"https:\/\/api.w.org\/{rel}","templated":true}]}}