{"id":41735,"date":"2022-09-28T12:37:43","date_gmt":"2022-09-28T10:37:43","guid":{"rendered":"https:\/\/www.laguiadepamplona.com\/actualidad\/?p=41735"},"modified":"2023-04-11T11:47:47","modified_gmt":"2023-04-11T09:47:47","slug":"el-ayuntamiento-de-pamplona-y-el-departamento-de-derechos-sociales-del-gobierno-de-navarra-colaboraran-en-programas-y-actuaciones-para-personas-sin-hogar","status":"publish","type":"post","link":"https:\/\/www.laguiadepamplona.com\/actualidad\/el-ayuntamiento-de-pamplona-y-el-departamento-de-derechos-sociales-del-gobierno-de-navarra-colaboraran-en-programas-y-actuaciones-para-personas-sin-hogar\/","title":{"rendered":"El Ayuntamiento de Pamplona y el Departamento de Derechos Sociales del Gobierno de Navarra colaborar\u00e1n en programas y actuaciones para personas sin hogar"},"content":{"rendered":"<h5>Ambas entidades han firmado un convenio que regula acciones para personas acogidas en el Centro de Atenci\u00f3n a Personas sin Hogar de Trinitarios<\/h5>\n<p><!--more--><\/p>\n<p>El Ayuntamiento de Pamplona y el Departamento de Derechos Sociales del Gobierno de Navarra han firmado un convenio de colaboraci\u00f3n para regular una serie de actuaciones a desarrollar en el Centro de Atenci\u00f3n a Personas Sin Hogar. Se trata de aspectos relacionados con el Programa de Intervenci\u00f3n y con la gesti\u00f3n del servicio, buscando el inter\u00e9s de las personas que acoge el centro. El convenio, firmado por el alcalde de Pamplona, Enrique Maya, y la consejera de Derechos Sociales, Carmen Maeztu, tiene efecto para las actuaciones llevadas a cabo desde el 1 de diciembre de 2021 al 30 de noviembre de 2022.<\/p>\n<p>El Centro de Atenci\u00f3n a Personas Sin Hogar, dependiente del Ayuntamiento de Pamplona, est\u00e1 ubicado en Trinitarios. Abre todos los d\u00edas del a\u00f1o y ofrece a personas itinerantes y a personas empadronadas que se encuentran en situaci\u00f3n de emergencia social y alta vulnerabilidad servicios de manutenci\u00f3n (cena y desayuno), alojamiento nocturno en el centro o un vale para pernoctar en un establecimiento hotelero una noche, higiene personal y atenci\u00f3n social. Pamplona, Tudela y Alsasua son las tres \u00fanicas entidades locales navarras que gestionan servicios de estas caracter\u00edsticas.<br \/>\n<script async src=\"\/\/pagead2.googlesyndication.com\/pagead\/js\/adsbygoogle.js\"><\/script><br \/>\n<!-- Noticias La Guia de Pamplona --><br \/>\n<ins class=\"adsbygoogle\"\nstyle=\"display:block\"\ndata-ad-client=\"ca-pub-6943679897239327\"\ndata-ad-slot=\"7048180777\"\ndata-ad-format=\"auto\"><\/ins><br \/>\n<script>\n(adsbygoogle = window.adsbygoogle || []).push({});\n<\/script><\/p>\n<p>El Departamento de Derechos Sociales se compromete mediante este convenio a colaborar con el personal t\u00e9cnico del Ayuntamiento de Pamplona en el dise\u00f1o y desarrollo del Programa de Intervenci\u00f3n para las personas que acoja al centro. Adem\u00e1s, aportar\u00e1 73,91 euros por persona distinta acogida en el servicio entre el periodo de diciembre de 2021 a noviembre de 2022, con un m\u00e1ximo de 1.339 personas.<\/p>\n<p>El Ayuntamiento de Pamplona, por su parte, asume la organizaci\u00f3n y gesti\u00f3n del servicio en todos los aspectos y lo plantear\u00e1 en funci\u00f3n del inter\u00e9s de las personas beneficiarias, respondiendo con todas las posibilidades organizativas y metodol\u00f3gicas necesarias. Asimismo, aportar\u00e1 los medios y recursos materiales y personales necesarios para el desarrollo de esta actuaci\u00f3n.<br \/>\n<script async src=\"\/\/pagead2.googlesyndication.com\/pagead\/js\/adsbygoogle.js\"><\/script><br \/>\n<!-- Noticias La Guia de Pamplona --><br \/>\n<ins class=\"adsbygoogle\"\nstyle=\"display:block\"\ndata-ad-client=\"ca-pub-6943679897239327\"\ndata-ad-slot=\"7048180777\"\ndata-ad-format=\"auto\"><\/ins><br \/>\n<script>\n(adsbygoogle = window.adsbygoogle || []).push({});\n<\/script><\/p>\n<p>De la misma manera, el Ayuntamiento de Pamplona, en el marco de su ordenanza reguladora, ha ampliado la garant\u00eda de derechos a estas personas, reconociendo m\u00e1s noches de estancia en el albergue, tanto a itinerantes como a empadronados, de las que viene a regular Gobierno de Navarra en su Cartera de Servicios, tambi\u00e9n hace menci\u00f3n expresa a ampliar las coberturas en ola de frio y ola de calor, con la finalidad de dar cobertura suficiente a este colectivo por su extrema vulnerabilidad.<\/p>\n<p>En estos a\u00f1os, este recurso se financia con presupuesto municipal en m\u00e1s de un 80% y el resto con presupuesto auton\u00f3mico.<\/p>\n","protected":false},"excerpt":{"rendered":"<p>Ambas entidades han firmado un convenio que regula acciones para personas acogidas en el Centro de Atenci\u00f3n a Personas sin Hogar de Trinitarios<\/p>\n","protected":false},"author":1,"featured_media":33218,"comment_status":"open","ping_status":"closed","sticky":false,"template":"","format":"standard","meta":{"footnotes":""},"categories":[2],"tags":[],"class_list":["post-41735","post","type-post","status-publish","format-standard","has-post-thumbnail","hentry","category-ayuntamiento-pamplona"],"yoast_head":"<!-- This site is optimized with the Yoast SEO plugin v27.5 - https:\/\/yoast.com\/product\/yoast-seo-wordpress\/ -->\n<title>El Ayuntamiento de Pamplona y el Departamento de Derechos Sociales del Gobierno de Navarra colaborar\u00e1n en programas y actuaciones para personas sin hogar<\/title>\n<meta name=\"description\" content=\"Ambas entidades han firmado un convenio que regula acciones para personas acogidas en el Centro de Atenci\u00f3n a Personas sin Hogar de Trinitarios\" \/>\n<meta name=\"robots\" content=\"index, follow, max-snippet:-1, max-image-preview:large, max-video-preview:-1\" \/>\n<link rel=\"canonical\" href=\"https:\/\/www.laguiadepamplona.com\/actualidad\/el-ayuntamiento-de-pamplona-y-el-departamento-de-derechos-sociales-del-gobierno-de-navarra-colaboraran-en-programas-y-actuaciones-para-personas-sin-hogar\/\" \/>\n<meta property=\"og:locale\" content=\"es_ES\" \/>\n<meta property=\"og:type\" content=\"article\" \/>\n<meta property=\"og:title\" content=\"El Ayuntamiento de Pamplona y el Departamento de Derechos Sociales del Gobierno de Navarra colaborar\u00e1n en programas y actuaciones para personas sin hogar\" \/>\n<meta property=\"og:description\" content=\"Ambas entidades han firmado un convenio que regula acciones para personas acogidas en el Centro de Atenci\u00f3n a Personas sin Hogar de Trinitarios\" \/>\n<meta property=\"og:url\" content=\"https:\/\/www.laguiadepamplona.com\/actualidad\/el-ayuntamiento-de-pamplona-y-el-departamento-de-derechos-sociales-del-gobierno-de-navarra-colaboraran-en-programas-y-actuaciones-para-personas-sin-hogar\/\" \/>\n<meta property=\"og:site_name\" content=\"La Gu\u00eda de Pamplona\" \/>\n<meta property=\"article:publisher\" content=\"https:\/\/www.facebook.com\/laguiadepamplonacom-133175176762273\/?ref=hl\" \/>\n<meta property=\"article:published_time\" content=\"2022-09-28T10:37:43+00:00\" \/>\n<meta property=\"article:modified_time\" content=\"2023-04-11T09:47:47+00:00\" \/>\n<meta property=\"og:image\" content=\"https:\/\/www.laguiadepamplona.com\/actualidad\/wp-content\/uploads\/2021\/02\/centro_atencion_personas_sin_hogar.jpg\" \/>\n\t<meta property=\"og:image:width\" content=\"1920\" \/>\n\t<meta property=\"og:image:height\" content=\"1280\" \/>\n\t<meta property=\"og:image:type\" content=\"image\/jpeg\" \/>\n<meta name=\"author\" content=\"La Gu\u00eda de Pamplona\" \/>\n<meta name=\"twitter:card\" content=\"summary_large_image\" \/>\n<meta name=\"twitter:creator\" content=\"@LaGuiadPamplona\" \/>\n<meta name=\"twitter:site\" content=\"@LaGuiadPamplona\" \/>\n<meta name=\"twitter:label1\" content=\"Escrito por\" \/>\n\t<meta name=\"twitter:data1\" content=\"La Gu\u00eda de Pamplona\" \/>\n\t<meta name=\"twitter:label2\" content=\"Tiempo de lectura\" \/>\n\t<meta name=\"twitter:data2\" content=\"2 minutos\" \/>\n<script type=\"application\/ld+json\" class=\"yoast-schema-graph\">{\"@context\":\"https:\\\/\\\/schema.org\",\"@graph\":[{\"@type\":\"Article\",\"@id\":\"https:\\\/\\\/www.laguiadepamplona.com\\\/actualidad\\\/el-ayuntamiento-de-pamplona-y-el-departamento-de-derechos-sociales-del-gobierno-de-navarra-colaboraran-en-programas-y-actuaciones-para-personas-sin-hogar\\\/#article\",\"isPartOf\":{\"@id\":\"https:\\\/\\\/www.laguiadepamplona.com\\\/actualidad\\\/el-ayuntamiento-de-pamplona-y-el-departamento-de-derechos-sociales-del-gobierno-de-navarra-colaboraran-en-programas-y-actuaciones-para-personas-sin-hogar\\\/\"},\"author\":{\"name\":\"La Gu\u00eda de Pamplona\",\"@id\":\"https:\\\/\\\/www.laguiadepamplona.com\\\/actualidad\\\/#\\\/schema\\\/person\\\/efe887376f0213d4657c93adc50b1fdb\"},\"headline\":\"El Ayuntamiento de Pamplona y el Departamento de Derechos Sociales del Gobierno de Navarra colaborar\u00e1n en programas y actuaciones para personas sin hogar\",\"datePublished\":\"2022-09-28T10:37:43+00:00\",\"dateModified\":\"2023-04-11T09:47:47+00:00\",\"mainEntityOfPage\":{\"@id\":\"https:\\\/\\\/www.laguiadepamplona.com\\\/actualidad\\\/el-ayuntamiento-de-pamplona-y-el-departamento-de-derechos-sociales-del-gobierno-de-navarra-colaboraran-en-programas-y-actuaciones-para-personas-sin-hogar\\\/\"},\"wordCount\":479,\"commentCount\":0,\"publisher\":{\"@id\":\"https:\\\/\\\/www.laguiadepamplona.com\\\/actualidad\\\/#organization\"},\"image\":{\"@id\":\"https:\\\/\\\/www.laguiadepamplona.com\\\/actualidad\\\/el-ayuntamiento-de-pamplona-y-el-departamento-de-derechos-sociales-del-gobierno-de-navarra-colaboraran-en-programas-y-actuaciones-para-personas-sin-hogar\\\/#primaryimage\"},\"thumbnailUrl\":\"https:\\\/\\\/www.laguiadepamplona.com\\\/actualidad\\\/wp-content\\\/uploads\\\/2021\\\/02\\\/centro_atencion_personas_sin_hogar.jpg\",\"articleSection\":[\"Ayto Pamplona\"],\"inLanguage\":\"es\",\"potentialAction\":[{\"@type\":\"CommentAction\",\"name\":\"Comment\",\"target\":[\"https:\\\/\\\/www.laguiadepamplona.com\\\/actualidad\\\/el-ayuntamiento-de-pamplona-y-el-departamento-de-derechos-sociales-del-gobierno-de-navarra-colaboraran-en-programas-y-actuaciones-para-personas-sin-hogar\\\/#respond\"]}]},{\"@type\":\"WebPage\",\"@id\":\"https:\\\/\\\/www.laguiadepamplona.com\\\/actualidad\\\/el-ayuntamiento-de-pamplona-y-el-departamento-de-derechos-sociales-del-gobierno-de-navarra-colaboraran-en-programas-y-actuaciones-para-personas-sin-hogar\\\/\",\"url\":\"https:\\\/\\\/www.laguiadepamplona.com\\\/actualidad\\\/el-ayuntamiento-de-pamplona-y-el-departamento-de-derechos-sociales-del-gobierno-de-navarra-colaboraran-en-programas-y-actuaciones-para-personas-sin-hogar\\\/\",\"name\":\"El Ayuntamiento de Pamplona y el Departamento de Derechos Sociales del Gobierno de Navarra colaborar\u00e1n en programas y actuaciones para personas sin hogar\",\"isPartOf\":{\"@id\":\"https:\\\/\\\/www.laguiadepamplona.com\\\/actualidad\\\/#website\"},\"primaryImageOfPage\":{\"@id\":\"https:\\\/\\\/www.laguiadepamplona.com\\\/actualidad\\\/el-ayuntamiento-de-pamplona-y-el-departamento-de-derechos-sociales-del-gobierno-de-navarra-colaboraran-en-programas-y-actuaciones-para-personas-sin-hogar\\\/#primaryimage\"},\"image\":{\"@id\":\"https:\\\/\\\/www.laguiadepamplona.com\\\/actualidad\\\/el-ayuntamiento-de-pamplona-y-el-departamento-de-derechos-sociales-del-gobierno-de-navarra-colaboraran-en-programas-y-actuaciones-para-personas-sin-hogar\\\/#primaryimage\"},\"thumbnailUrl\":\"https:\\\/\\\/www.laguiadepamplona.com\\\/actualidad\\\/wp-content\\\/uploads\\\/2021\\\/02\\\/centro_atencion_personas_sin_hogar.jpg\",\"datePublished\":\"2022-09-28T10:37:43+00:00\",\"dateModified\":\"2023-04-11T09:47:47+00:00\",\"description\":\"Ambas entidades han firmado un convenio que regula acciones para personas acogidas en el Centro de Atenci\u00f3n a Personas sin Hogar de Trinitarios\",\"breadcrumb\":{\"@id\":\"https:\\\/\\\/www.laguiadepamplona.com\\\/actualidad\\\/el-ayuntamiento-de-pamplona-y-el-departamento-de-derechos-sociales-del-gobierno-de-navarra-colaboraran-en-programas-y-actuaciones-para-personas-sin-hogar\\\/#breadcrumb\"},\"inLanguage\":\"es\",\"potentialAction\":[{\"@type\":\"ReadAction\",\"target\":[\"https:\\\/\\\/www.laguiadepamplona.com\\\/actualidad\\\/el-ayuntamiento-de-pamplona-y-el-departamento-de-derechos-sociales-del-gobierno-de-navarra-colaboraran-en-programas-y-actuaciones-para-personas-sin-hogar\\\/\"]}]},{\"@type\":\"ImageObject\",\"inLanguage\":\"es\",\"@id\":\"https:\\\/\\\/www.laguiadepamplona.com\\\/actualidad\\\/el-ayuntamiento-de-pamplona-y-el-departamento-de-derechos-sociales-del-gobierno-de-navarra-colaboraran-en-programas-y-actuaciones-para-personas-sin-hogar\\\/#primaryimage\",\"url\":\"https:\\\/\\\/www.laguiadepamplona.com\\\/actualidad\\\/wp-content\\\/uploads\\\/2021\\\/02\\\/centro_atencion_personas_sin_hogar.jpg\",\"contentUrl\":\"https:\\\/\\\/www.laguiadepamplona.com\\\/actualidad\\\/wp-content\\\/uploads\\\/2021\\\/02\\\/centro_atencion_personas_sin_hogar.jpg\",\"width\":1920,\"height\":1280,\"caption\":\"A* Jes\u00fas Garzaron F* 2020_11_24 T* Barrios de Pamplona L* Centro de Atenci\u00f3n a Personas sin Hogar, Trinitarios, Rochapea\"},{\"@type\":\"BreadcrumbList\",\"@id\":\"https:\\\/\\\/www.laguiadepamplona.com\\\/actualidad\\\/el-ayuntamiento-de-pamplona-y-el-departamento-de-derechos-sociales-del-gobierno-de-navarra-colaboraran-en-programas-y-actuaciones-para-personas-sin-hogar\\\/#breadcrumb\",\"itemListElement\":[{\"@type\":\"ListItem\",\"position\":1,\"name\":\"Portada\",\"item\":\"https:\\\/\\\/www.laguiadepamplona.com\\\/actualidad\\\/\"},{\"@type\":\"ListItem\",\"position\":2,\"name\":\"El Ayuntamiento de Pamplona y el Departamento de Derechos Sociales del Gobierno de Navarra colaborar\u00e1n en programas y actuaciones para personas sin hogar\"}]},{\"@type\":\"WebSite\",\"@id\":\"https:\\\/\\\/www.laguiadepamplona.com\\\/actualidad\\\/#website\",\"url\":\"https:\\\/\\\/www.laguiadepamplona.com\\\/actualidad\\\/\",\"name\":\"La gu\u00eda de Pamplona\",\"description\":\"Noticias de Pamplona\",\"publisher\":{\"@id\":\"https:\\\/\\\/www.laguiadepamplona.com\\\/actualidad\\\/#organization\"},\"potentialAction\":[{\"@type\":\"SearchAction\",\"target\":{\"@type\":\"EntryPoint\",\"urlTemplate\":\"https:\\\/\\\/www.laguiadepamplona.com\\\/actualidad\\\/?s={search_term_string}\"},\"query-input\":{\"@type\":\"PropertyValueSpecification\",\"valueRequired\":true,\"valueName\":\"search_term_string\"}}],\"inLanguage\":\"es\"},{\"@type\":\"Organization\",\"@id\":\"https:\\\/\\\/www.laguiadepamplona.com\\\/actualidad\\\/#organization\",\"name\":\"La Gu\u00eda de Pamplona \\\/ Noticias\",\"url\":\"https:\\\/\\\/www.laguiadepamplona.com\\\/actualidad\\\/\",\"logo\":{\"@type\":\"ImageObject\",\"inLanguage\":\"es\",\"@id\":\"https:\\\/\\\/www.laguiadepamplona.com\\\/actualidad\\\/#\\\/schema\\\/logo\\\/image\\\/\",\"url\":\"https:\\\/\\\/www.laguiadepamplona.com\\\/actualidad\\\/wp-content\\\/uploads\\\/2018\\\/11\\\/logo-laguiadepamplona18-web1.png\",\"contentUrl\":\"https:\\\/\\\/www.laguiadepamplona.com\\\/actualidad\\\/wp-content\\\/uploads\\\/2018\\\/11\\\/logo-laguiadepamplona18-web1.png\",\"width\":600,\"height\":196,\"caption\":\"La Gu\u00eda de Pamplona \\\/ Noticias\"},\"image\":{\"@id\":\"https:\\\/\\\/www.laguiadepamplona.com\\\/actualidad\\\/#\\\/schema\\\/logo\\\/image\\\/\"},\"sameAs\":[\"https:\\\/\\\/www.facebook.com\\\/laguiadepamplonacom-133175176762273\\\/?ref=hl\",\"https:\\\/\\\/x.com\\\/LaGuiadPamplona\",\"https:\\\/\\\/www.instagram.com\\\/la_guia_de_pamplona\\\/\",\"https:\\\/\\\/www.youtube.com\\\/user\\\/laguiadepamplona\"]},{\"@type\":\"Person\",\"@id\":\"https:\\\/\\\/www.laguiadepamplona.com\\\/actualidad\\\/#\\\/schema\\\/person\\\/efe887376f0213d4657c93adc50b1fdb\",\"name\":\"La Gu\u00eda de Pamplona\",\"image\":{\"@type\":\"ImageObject\",\"inLanguage\":\"es\",\"@id\":\"https:\\\/\\\/secure.gravatar.com\\\/avatar\\\/b6992f131dc8d30ab0dff15446e9d346d9dbd95992de0fef795073f5ea83a81c?s=96&d=mm&r=g\",\"url\":\"https:\\\/\\\/secure.gravatar.com\\\/avatar\\\/b6992f131dc8d30ab0dff15446e9d346d9dbd95992de0fef795073f5ea83a81c?s=96&d=mm&r=g\",\"contentUrl\":\"https:\\\/\\\/secure.gravatar.com\\\/avatar\\\/b6992f131dc8d30ab0dff15446e9d346d9dbd95992de0fef795073f5ea83a81c?s=96&d=mm&r=g\",\"caption\":\"La Gu\u00eda de Pamplona\"}}]}<\/script>\n<!-- \/ Yoast SEO plugin. -->","yoast_head_json":{"title":"El Ayuntamiento de Pamplona y el Departamento de Derechos Sociales del Gobierno de Navarra colaborar\u00e1n en programas y actuaciones para personas sin hogar","description":"Ambas entidades han firmado un convenio que regula acciones para personas acogidas en el Centro de Atenci\u00f3n a Personas sin Hogar de Trinitarios","robots":{"index":"index","follow":"follow","max-snippet":"max-snippet:-1","max-image-preview":"max-image-preview:large","max-video-preview":"max-video-preview:-1"},"canonical":"https:\/\/www.laguiadepamplona.com\/actualidad\/el-ayuntamiento-de-pamplona-y-el-departamento-de-derechos-sociales-del-gobierno-de-navarra-colaboraran-en-programas-y-actuaciones-para-personas-sin-hogar\/","og_locale":"es_ES","og_type":"article","og_title":"El Ayuntamiento de Pamplona y el Departamento de Derechos Sociales del Gobierno de Navarra colaborar\u00e1n en programas y actuaciones para personas sin hogar","og_description":"Ambas entidades han firmado un convenio que regula acciones para personas acogidas en el Centro de Atenci\u00f3n a Personas sin Hogar de Trinitarios","og_url":"https:\/\/www.laguiadepamplona.com\/actualidad\/el-ayuntamiento-de-pamplona-y-el-departamento-de-derechos-sociales-del-gobierno-de-navarra-colaboraran-en-programas-y-actuaciones-para-personas-sin-hogar\/","og_site_name":"La Gu\u00eda de Pamplona","article_publisher":"https:\/\/www.facebook.com\/laguiadepamplonacom-133175176762273\/?ref=hl","article_published_time":"2022-09-28T10:37:43+00:00","article_modified_time":"2023-04-11T09:47:47+00:00","og_image":[{"width":1920,"height":1280,"url":"https:\/\/www.laguiadepamplona.com\/actualidad\/wp-content\/uploads\/2021\/02\/centro_atencion_personas_sin_hogar.jpg","type":"image\/jpeg"}],"author":"La Gu\u00eda de Pamplona","twitter_card":"summary_large_image","twitter_creator":"@LaGuiadPamplona","twitter_site":"@LaGuiadPamplona","twitter_misc":{"Escrito por":"La Gu\u00eda de Pamplona","Tiempo de lectura":"2 minutos"},"schema":{"@context":"https:\/\/schema.org","@graph":[{"@type":"Article","@id":"https:\/\/www.laguiadepamplona.com\/actualidad\/el-ayuntamiento-de-pamplona-y-el-departamento-de-derechos-sociales-del-gobierno-de-navarra-colaboraran-en-programas-y-actuaciones-para-personas-sin-hogar\/#article","isPartOf":{"@id":"https:\/\/www.laguiadepamplona.com\/actualidad\/el-ayuntamiento-de-pamplona-y-el-departamento-de-derechos-sociales-del-gobierno-de-navarra-colaboraran-en-programas-y-actuaciones-para-personas-sin-hogar\/"},"author":{"name":"La Gu\u00eda de Pamplona","@id":"https:\/\/www.laguiadepamplona.com\/actualidad\/#\/schema\/person\/efe887376f0213d4657c93adc50b1fdb"},"headline":"El Ayuntamiento de Pamplona y el Departamento de Derechos Sociales del Gobierno de Navarra colaborar\u00e1n en programas y actuaciones para personas sin hogar","datePublished":"2022-09-28T10:37:43+00:00","dateModified":"2023-04-11T09:47:47+00:00","mainEntityOfPage":{"@id":"https:\/\/www.laguiadepamplona.com\/actualidad\/el-ayuntamiento-de-pamplona-y-el-departamento-de-derechos-sociales-del-gobierno-de-navarra-colaboraran-en-programas-y-actuaciones-para-personas-sin-hogar\/"},"wordCount":479,"commentCount":0,"publisher":{"@id":"https:\/\/www.laguiadepamplona.com\/actualidad\/#organization"},"image":{"@id":"https:\/\/www.laguiadepamplona.com\/actualidad\/el-ayuntamiento-de-pamplona-y-el-departamento-de-derechos-sociales-del-gobierno-de-navarra-colaboraran-en-programas-y-actuaciones-para-personas-sin-hogar\/#primaryimage"},"thumbnailUrl":"https:\/\/www.laguiadepamplona.com\/actualidad\/wp-content\/uploads\/2021\/02\/centro_atencion_personas_sin_hogar.jpg","articleSection":["Ayto Pamplona"],"inLanguage":"es","potentialAction":[{"@type":"CommentAction","name":"Comment","target":["https:\/\/www.laguiadepamplona.com\/actualidad\/el-ayuntamiento-de-pamplona-y-el-departamento-de-derechos-sociales-del-gobierno-de-navarra-colaboraran-en-programas-y-actuaciones-para-personas-sin-hogar\/#respond"]}]},{"@type":"WebPage","@id":"https:\/\/www.laguiadepamplona.com\/actualidad\/el-ayuntamiento-de-pamplona-y-el-departamento-de-derechos-sociales-del-gobierno-de-navarra-colaboraran-en-programas-y-actuaciones-para-personas-sin-hogar\/","url":"https:\/\/www.laguiadepamplona.com\/actualidad\/el-ayuntamiento-de-pamplona-y-el-departamento-de-derechos-sociales-del-gobierno-de-navarra-colaboraran-en-programas-y-actuaciones-para-personas-sin-hogar\/","name":"El Ayuntamiento de Pamplona y el Departamento de Derechos Sociales del Gobierno de Navarra colaborar\u00e1n en programas y actuaciones para personas sin hogar","isPartOf":{"@id":"https:\/\/www.laguiadepamplona.com\/actualidad\/#website"},"primaryImageOfPage":{"@id":"https:\/\/www.laguiadepamplona.com\/actualidad\/el-ayuntamiento-de-pamplona-y-el-departamento-de-derechos-sociales-del-gobierno-de-navarra-colaboraran-en-programas-y-actuaciones-para-personas-sin-hogar\/#primaryimage"},"image":{"@id":"https:\/\/www.laguiadepamplona.com\/actualidad\/el-ayuntamiento-de-pamplona-y-el-departamento-de-derechos-sociales-del-gobierno-de-navarra-colaboraran-en-programas-y-actuaciones-para-personas-sin-hogar\/#primaryimage"},"thumbnailUrl":"https:\/\/www.laguiadepamplona.com\/actualidad\/wp-content\/uploads\/2021\/02\/centro_atencion_personas_sin_hogar.jpg","datePublished":"2022-09-28T10:37:43+00:00","dateModified":"2023-04-11T09:47:47+00:00","description":"Ambas entidades han firmado un convenio que regula acciones para personas acogidas en el Centro de Atenci\u00f3n a Personas sin Hogar de Trinitarios","breadcrumb":{"@id":"https:\/\/www.laguiadepamplona.com\/actualidad\/el-ayuntamiento-de-pamplona-y-el-departamento-de-derechos-sociales-del-gobierno-de-navarra-colaboraran-en-programas-y-actuaciones-para-personas-sin-hogar\/#breadcrumb"},"inLanguage":"es","potentialAction":[{"@type":"ReadAction","target":["https:\/\/www.laguiadepamplona.com\/actualidad\/el-ayuntamiento-de-pamplona-y-el-departamento-de-derechos-sociales-del-gobierno-de-navarra-colaboraran-en-programas-y-actuaciones-para-personas-sin-hogar\/"]}]},{"@type":"ImageObject","inLanguage":"es","@id":"https:\/\/www.laguiadepamplona.com\/actualidad\/el-ayuntamiento-de-pamplona-y-el-departamento-de-derechos-sociales-del-gobierno-de-navarra-colaboraran-en-programas-y-actuaciones-para-personas-sin-hogar\/#primaryimage","url":"https:\/\/www.laguiadepamplona.com\/actualidad\/wp-content\/uploads\/2021\/02\/centro_atencion_personas_sin_hogar.jpg","contentUrl":"https:\/\/www.laguiadepamplona.com\/actualidad\/wp-content\/uploads\/2021\/02\/centro_atencion_personas_sin_hogar.jpg","width":1920,"height":1280,"caption":"A* Jes\u00fas Garzaron F* 2020_11_24 T* Barrios de Pamplona L* Centro de Atenci\u00f3n a Personas sin Hogar, Trinitarios, Rochapea"},{"@type":"BreadcrumbList","@id":"https:\/\/www.laguiadepamplona.com\/actualidad\/el-ayuntamiento-de-pamplona-y-el-departamento-de-derechos-sociales-del-gobierno-de-navarra-colaboraran-en-programas-y-actuaciones-para-personas-sin-hogar\/#breadcrumb","itemListElement":[{"@type":"ListItem","position":1,"name":"Portada","item":"https:\/\/www.laguiadepamplona.com\/actualidad\/"},{"@type":"ListItem","position":2,"name":"El Ayuntamiento de Pamplona y el Departamento de Derechos Sociales del Gobierno de Navarra colaborar\u00e1n en programas y actuaciones para personas sin hogar"}]},{"@type":"WebSite","@id":"https:\/\/www.laguiadepamplona.com\/actualidad\/#website","url":"https:\/\/www.laguiadepamplona.com\/actualidad\/","name":"La gu\u00eda de Pamplona","description":"Noticias de Pamplona","publisher":{"@id":"https:\/\/www.laguiadepamplona.com\/actualidad\/#organization"},"potentialAction":[{"@type":"SearchAction","target":{"@type":"EntryPoint","urlTemplate":"https:\/\/www.laguiadepamplona.com\/actualidad\/?s={search_term_string}"},"query-input":{"@type":"PropertyValueSpecification","valueRequired":true,"valueName":"search_term_string"}}],"inLanguage":"es"},{"@type":"Organization","@id":"https:\/\/www.laguiadepamplona.com\/actualidad\/#organization","name":"La Gu\u00eda de Pamplona \/ Noticias","url":"https:\/\/www.laguiadepamplona.com\/actualidad\/","logo":{"@type":"ImageObject","inLanguage":"es","@id":"https:\/\/www.laguiadepamplona.com\/actualidad\/#\/schema\/logo\/image\/","url":"https:\/\/www.laguiadepamplona.com\/actualidad\/wp-content\/uploads\/2018\/11\/logo-laguiadepamplona18-web1.png","contentUrl":"https:\/\/www.laguiadepamplona.com\/actualidad\/wp-content\/uploads\/2018\/11\/logo-laguiadepamplona18-web1.png","width":600,"height":196,"caption":"La Gu\u00eda de Pamplona \/ Noticias"},"image":{"@id":"https:\/\/www.laguiadepamplona.com\/actualidad\/#\/schema\/logo\/image\/"},"sameAs":["https:\/\/www.facebook.com\/laguiadepamplonacom-133175176762273\/?ref=hl","https:\/\/x.com\/LaGuiadPamplona","https:\/\/www.instagram.com\/la_guia_de_pamplona\/","https:\/\/www.youtube.com\/user\/laguiadepamplona"]},{"@type":"Person","@id":"https:\/\/www.laguiadepamplona.com\/actualidad\/#\/schema\/person\/efe887376f0213d4657c93adc50b1fdb","name":"La Gu\u00eda de Pamplona","image":{"@type":"ImageObject","inLanguage":"es","@id":"https:\/\/secure.gravatar.com\/avatar\/b6992f131dc8d30ab0dff15446e9d346d9dbd95992de0fef795073f5ea83a81c?s=96&d=mm&r=g","url":"https:\/\/secure.gravatar.com\/avatar\/b6992f131dc8d30ab0dff15446e9d346d9dbd95992de0fef795073f5ea83a81c?s=96&d=mm&r=g","contentUrl":"https:\/\/secure.gravatar.com\/avatar\/b6992f131dc8d30ab0dff15446e9d346d9dbd95992de0fef795073f5ea83a81c?s=96&d=mm&r=g","caption":"La Gu\u00eda de Pamplona"}}]}},"post_mailing_queue_ids":[],"_links":{"self":[{"href":"https:\/\/www.laguiadepamplona.com\/actualidad\/wp-json\/wp\/v2\/posts\/41735","targetHints":{"allow":["GET"]}}],"collection":[{"href":"https:\/\/www.laguiadepamplona.com\/actualidad\/wp-json\/wp\/v2\/posts"}],"about":[{"href":"https:\/\/www.laguiadepamplona.com\/actualidad\/wp-json\/wp\/v2\/types\/post"}],"author":[{"embeddable":true,"href":"https:\/\/www.laguiadepamplona.com\/actualidad\/wp-json\/wp\/v2\/users\/1"}],"replies":[{"embeddable":true,"href":"https:\/\/www.laguiadepamplona.com\/actualidad\/wp-json\/wp\/v2\/comments?post=41735"}],"version-history":[{"count":0,"href":"https:\/\/www.laguiadepamplona.com\/actualidad\/wp-json\/wp\/v2\/posts\/41735\/revisions"}],"wp:featuredmedia":[{"embeddable":true,"href":"https:\/\/www.laguiadepamplona.com\/actualidad\/wp-json\/wp\/v2\/media\/33218"}],"wp:attachment":[{"href":"https:\/\/www.laguiadepamplona.com\/actualidad\/wp-json\/wp\/v2\/media?parent=41735"}],"wp:term":[{"taxonomy":"category","embeddable":true,"href":"https:\/\/www.laguiadepamplona.com\/actualidad\/wp-json\/wp\/v2\/categories?post=41735"},{"taxonomy":"post_tag","embeddable":true,"href":"https:\/\/www.laguiadepamplona.com\/actualidad\/wp-json\/wp\/v2\/tags?post=41735"}],"curies":[{"name":"wp","href":"https:\/\/api.w.org\/{rel}","templated":true}]}}