{"id":41729,"date":"2022-09-27T17:08:59","date_gmt":"2022-09-27T15:08:59","guid":{"rendered":"https:\/\/www.laguiadepamplona.com\/actualidad\/?p=41729"},"modified":"2023-04-11T11:47:47","modified_gmt":"2023-04-11T09:47:47","slug":"la-plaza-del-castillo-acogera-entre-el-7-y-el-12-de-octubre-el-mercado-de-la-vii-semana-del-producto-local","status":"publish","type":"post","link":"https:\/\/www.laguiadepamplona.com\/actualidad\/la-plaza-del-castillo-acogera-entre-el-7-y-el-12-de-octubre-el-mercado-de-la-vii-semana-del-producto-local\/","title":{"rendered":"La Plaza del Castillo acoger\u00e1, entre el 7 y el 12 de octubre, el mercado de la VII Semana del Producto Local"},"content":{"rendered":"<h5>El mercado se complementar\u00e1 con catas de producto, un ciclo de cine y gastronom\u00eda, juegos de \u201cescape\u201d, actividades infantiles y el segundo concurso de pintura infantil<\/h5>\n<p><!--more--><\/p>\n<p>El Ayuntamiento de Pamplona, junto con Reyno Gourmet, marca de calidad agroalimentaria gestionada por INTIA, ha organizado la VII Semana del Producto Local, que tendr\u00e1 lugar en Pamplona del 7 al 12 de octubre. El eje fundamental ser\u00e1 la exposici\u00f3n y venta de alimentos en la Plaza del Castillo por parte de 45 productores y productoras procedentes de diferentes organizaciones comprometidas con el concepto producto local y de calidad. Este mercado permite el contacto directo entre la parte productora y la parte consumidora, y estar\u00e1 abierto al p\u00fablico ma\u00f1ana y tarde del 7 al 11 de octubre, y por la ma\u00f1ana el mi\u00e9rcoles d\u00eda 12.<\/p>\n<p>Durante esos d\u00edas est\u00e1n previstas otras actividades. Se han programado una serie de catas de productos (vinos D.O. Navarra, quesos D.O. Roncal y D.O. Idiazabal, Aceite de Oliva Virgen Extra y miel) en el Nuevo Casino Principal, sesiones gratuitas a las que hay que inscribirse a partir del 30 de septiembre en la web <a href=\"https:\/\/semanadelproductolocal.com\/\" target=\"_blank\" rel=\"noopener\">https:\/\/semanadelproductolocal.com\/<\/a>. Asimismo, se han programado nueve sesiones de un \u2018juego de escape\u2019, apto para todos los p\u00fablicos y que se desarrollar\u00e1 en las calles lim\u00edtrofes a la Plaza del Castillo, juegos infantiles, y el II concurso de Pintura Infantil de Producto Local<br \/>\n<script async src=\"\/\/pagead2.googlesyndication.com\/pagead\/js\/adsbygoogle.js\"><\/script><br \/>\n<!-- Noticias La Guia de Pamplona --><br \/>\n<ins class=\"adsbygoogle\"\nstyle=\"display:block\"\ndata-ad-client=\"ca-pub-6943679897239327\"\ndata-ad-slot=\"7048180777\"\ndata-ad-format=\"auto\"><\/ins><br \/>\n<script>\n(adsbygoogle = window.adsbygoogle || []).push({});\n<\/script><\/p>\n<p>Adem\u00e1s, en el Palacio del Condestable, por las tardes y con entrada libre hasta completar aforo, se desarrollar\u00e1 un ciclo de ciclo de Cine y Gastronom\u00eda. Se proyectar\u00e1n un total de cinco films: el documental \u2018Zure platerean hasten da mundua\u2019 en versi\u00f3n original en euskera con subt\u00edtulos en castellano (mi\u00e9rcoles 5); \u2018El chef, la receta de la felicidad\u2019 (jueves 6); \u2018El fest\u00edn de Babette\u2019 (viernes 7); \u2018Hierve &#8211; Boiling Point\u2019 (lunes 10), estreno nacional ya que no se ha proyectado hasta este momento, y \u2018Delicioso\u2019 (martes 11). El ciclo ser\u00e1 presentado por el cr\u00edtico de cine I\u00f1aki Arrubla, que posteriormente moderar\u00e1 un coloquio sobre el filme. En la primera sesi\u00f3n se contar\u00e1 con la presencia del director del documental, Ion Fontenla, que ser\u00e1 presentado por el Consejo de la Producci\u00f3n Agraria Ecol\u00f3gica de Navarra. Para el estreno de \u2018Hierve\u2019, el lunes 10, se contar\u00e1 con la participaci\u00f3n en el coloquio del cocinero Koldo Rodero.<\/p>\n<p>Cada a\u00f1o el programa se completa con nuevas actividades para visibilizar y poner en valor los productos locales. Es necesario crear estos espacios en los que plasma el trabajo de los productores y toda la filosof\u00eda que rodea la producci\u00f3n local.<\/p>\n<p>La semana la organizan conjuntamente el Ayuntamiento de Pamplona y la marca de calidad agroalimentaria Reyno Gourmet, y colaboran el Consejo de la Producci\u00f3n Agraria Ecol\u00f3gica de Navarra (CPAEN), la Asociaci\u00f3n de Elaboradores de Alimentos Artesanos y Bizilur. El apoyo social e institucional al fomento, difusi\u00f3n y presencia diaria de los productos locales es de gran importancia para aquellos colectivos y organizaciones que trabajan por su pervivencia. Este evento naci\u00f3 en 2016, ya con la idea de convertirse en una actividad consolidada en el calendario social, cultural y gastron\u00f3mico de Pamplona. La experiencia, valorada positivamente por las entidades firmantes del Convenio, se reedita con la base del protagonismo de los productores y productoras, y el producto local, conformando un gran mercado en pleno centro de la ciudad.<br \/>\n<script async src=\"\/\/pagead2.googlesyndication.com\/pagead\/js\/adsbygoogle.js\"><\/script><br \/>\n<!-- Noticias La Guia de Pamplona --><br \/>\n<ins class=\"adsbygoogle\"\nstyle=\"display:block\"\ndata-ad-client=\"ca-pub-6943679897239327\"\ndata-ad-slot=\"7048180777\"\ndata-ad-format=\"auto\"><\/ins><br \/>\n<script>\n(adsbygoogle = window.adsbygoogle || []).push({});\n<\/script><\/p>\n<p>&nbsp;<\/p>\n<h3>Programa de actividades<\/h3>\n<p><span style=\"color: #ff0000;\"><strong>Mi\u00e9rcoles 5 de octubre<\/strong><\/span><\/p>\n<ul>\n<li><strong>Taller de Miel<\/strong>. 18.30 horas. Nuevo Casino Principal. Inscripci\u00f3n gratuita desde el 30 de septiembre<\/li>\n<\/ul>\n<p>\u00bfQu\u00e9 es y c\u00f3mo se produce? por Eduardo P\u00e9rez de Obanos<\/p>\n<ul>\n<li><strong>Ciclo de Cine y Gastronom\u00eda<\/strong>. 19.30 horas. Civivox Condestable, entrada libre<\/li>\n<\/ul>\n<p>Documental. Zure platerean hasten da mundua (V.O. en euskera con subt\u00edtulos en castellano)<\/p>\n<p>Presentado por CPAEN, con la asistencia del director Ion Fontenla<\/p>\n<p><span style=\"color: #ff0000;\"><strong>Jueves 6 de octubre<\/strong><\/span><\/p>\n<ul>\n<li><strong>Cata Aceite de Oliva Virgen Extra de Navarra<\/strong>. 18.30 horas. Nuevo Casino Principal. Inscripci\u00f3n gratuita desde el 30 de septiembre<\/li>\n<li><strong>Ciclo de Cine y Gastronom\u00eda<\/strong>. 19.15 horas. Civivox Condestable, entrada libre<\/li>\n<\/ul>\n<p>El chef, la receta de la felicidad<\/p>\n<p>Presentaci\u00f3n y posterior coloquio moderado por I\u00f1aki Arrubla, cr\u00edtico de cine<\/p>\n<p><span style=\"color: #ff0000;\"><strong>Viernes 7 de octubre<\/strong><\/span><\/p>\n<ul>\n<li><strong>Cata de Vinos D.O. Navarra<\/strong>. 18.30 horas. Nuevo Casino Principal. Inscripci\u00f3n gratuita desde el 30 de septiembre<\/li>\n<\/ul>\n<p>\u201cLos Colores de la Garnacha Navarra\u201d<\/p>\n<ul>\n<li><strong>Ciclo de Cine y Gastronom\u00eda<\/strong>. 19.15 horas. Civivox Condestable, entrada libre<\/li>\n<\/ul>\n<p>El fest\u00edn de Babette<\/p>\n<p>Presentaci\u00f3n y posterior coloquio moderado por I\u00f1aki Arrubla, cr\u00edtico de cine<\/p>\n<p><span style=\"color: #ff0000;\"><strong>S\u00e1bado 8 de octubre<\/strong><\/span><\/p>\n<ul>\n<li><strong>Cata de Queso D.O. Roncal<\/strong>. 11 horas. Nuevo Casino Principal. Inscripci\u00f3n gratuita desde el 30 de septiembre<\/li>\n<\/ul>\n<p><span style=\"color: #ff0000;\"><strong>Domingo 9 de octubre<\/strong><\/span><\/p>\n<ul>\n<li><strong>Escape the city<\/strong>. Actividad para todos los p\u00fablicos. 3 pases por la ma\u00f1ana y 3 por la tarde, grupos de 12 personas. 11 horas\/ 18 horas. Plaza del Castillo<\/li>\n<li>La cesta de Caperucita. 12 horas. Plaza del Castillo<\/li>\n<\/ul>\n<p>Lunes 10 de octubre<\/p>\n<ul>\n<li><strong>Ciclo de Cine y Gastronom\u00eda<\/strong>.<\/li>\n<\/ul>\n<p>Hierve (Boiling Point). Contar\u00e1 con el cocinero Koldo Rodero. 19.15 horas. Civivox Condestable, entrada libre<\/p>\n<p>Presentaci\u00f3n y posterior coloquio moderado por I\u00f1aki Arrubla, cr\u00edtico de cine<\/p>\n<p><span style=\"color: #ff0000;\"><strong>Martes 11 de octubre<\/strong><\/span><\/p>\n<ul>\n<li><strong>Cata de Queso D.O. Idiazabal<\/strong>. 18.30 horas. Nuevo Casino Principal. Inscripci\u00f3n gratuita desde el 30 de septiembre<\/li>\n<li><strong>Ciclo de Cine y Gastronom\u00eda<\/strong><\/li>\n<\/ul>\n<p>Delicioso. Presentaci\u00f3n con I\u00f1aki Arrubla y posterior debate. 19.15 horas. Civivox Condestable, entrada libre<\/p>\n<p>Presentaci\u00f3n y posterior coloquio moderado por I\u00f1aki Arrubla, cr\u00edtico de cine<\/p>\n<p>Mi\u00e9rcoles 12 de octubre<\/p>\n<ul>\n<li><strong>Escape the city<\/strong>. Actividad infantil. 3 pases por la ma\u00f1ana. 11 horas. Plaza del Castillo<\/li>\n<li><strong>Entrega de premios<\/strong> del Concurso de pintura. 11.30 horas. Nuevo Casino Principal<\/li>\n<\/ul>\n<p>Horarios del mercado de productos de la Plaza del Castillo<\/p>\n<ul>\n<li>Viernes 7 de octubre: De 11 a 14.30 horas y de 17 a 21.30 horas<\/li>\n<li>S\u00e1bado 8 de octubre: 10.30 a 14.30 horas y de 17 a 21.30 horas<\/li>\n<li>Domingo 9 de octubre: 10.30 a 14.30 horas y de 17.00 a 21.30 horas<\/li>\n<li>Lunes 10 de octubre: 10.30 a 14.30 horas y de 17 a 21.30 horas<\/li>\n<li>Martes 11 de octubre: 10.30 a 14.30 horas y de 17 a 21.30 horas<\/li>\n<li>Mi\u00e9rcoles 12 octubre: 10.30 a 14.30 horas<\/li>\n<\/ul>\n<p>&nbsp;<br \/>\n[qodef_button size=\u00bblarge\u00bb type=\u00bb\u00bb text=\u00bbCartel semana producto local.pdf\u00bb custom_class=\u00bb\u00bb icon_pack=\u00bbfont_elegant\u00bb fa_icon=\u00bbicon_download\u00bb link=\u00bbhttps:\/\/www.pamplona.es\/sites\/default\/files\/2022-09\/cartelsemana-producto-local.pdf\u00bb target=\u00bb_blank\u00bb color=\u00bbffffff\u00bb hover_color=\u00bb\u00bb background_color=\u00bb\u00bb hover_background_color=\u00bb\u00bb border_color=\u00bb\u00bb hover_border_color=\u00bb\u00bb font_size=\u00bb\u00bb font_weight=\u00bb\u00bb margin=\u00bb\u00bb]\n&nbsp;<br \/>\n[qodef_button size=\u00bblarge\u00bb type=\u00bb\u00bb text=\u00bbCiclo de cine.pdf\u00bb custom_class=\u00bb\u00bb icon_pack=\u00bbfont_elegant\u00bb fa_icon=\u00bbicon_download\u00bb link=\u00bbhttps:\/\/www.pamplona.es\/sites\/default\/files\/2022-09\/flyer-ciclo-cine.pdf\u00bb target=\u00bb_blank\u00bb color=\u00bbffffff\u00bb hover_color=\u00bb\u00bb background_color=\u00bb\u00bb hover_background_color=\u00bb\u00bb border_color=\u00bb\u00bb hover_border_color=\u00bb\u00bb font_size=\u00bb\u00bb font_weight=\u00bb\u00bb margin=\u00bb\u00bb]\n&nbsp;<\/p>\n","protected":false},"excerpt":{"rendered":"<p>El mercado se complementar\u00e1 con catas de producto, un ciclo de cine y gastronom\u00eda, juegos de \u201cescape\u201d, actividades infantiles y el segundo concurso de pintura infantil<\/p>\n","protected":false},"author":1,"featured_media":41730,"comment_status":"open","ping_status":"closed","sticky":false,"template":"","format":"standard","meta":{"footnotes":""},"categories":[2],"tags":[],"class_list":["post-41729","post","type-post","status-publish","format-standard","has-post-thumbnail","hentry","category-ayuntamiento-pamplona"],"yoast_head":"<!-- This site is optimized with the Yoast SEO plugin v27.5 - https:\/\/yoast.com\/product\/yoast-seo-wordpress\/ -->\n<title>La Plaza del Castillo acoger\u00e1, entre el 7 y el 12 de octubre, el mercado de la VII Semana del Producto Local<\/title>\n<meta name=\"description\" content=\"El mercado se complementar\u00e1 con catas de producto, un ciclo de cine y gastronom\u00eda, juegos de \u201cescape\u201d, actividades infantiles y el segundo concurso de pintura infantil\" \/>\n<meta name=\"robots\" content=\"index, follow, max-snippet:-1, max-image-preview:large, max-video-preview:-1\" \/>\n<link rel=\"canonical\" href=\"https:\/\/www.laguiadepamplona.com\/actualidad\/la-plaza-del-castillo-acogera-entre-el-7-y-el-12-de-octubre-el-mercado-de-la-vii-semana-del-producto-local\/\" \/>\n<meta property=\"og:locale\" content=\"es_ES\" \/>\n<meta property=\"og:type\" content=\"article\" \/>\n<meta property=\"og:title\" content=\"La Plaza del Castillo acoger\u00e1, entre el 7 y el 12 de octubre, el mercado de la VII Semana del Producto Local\" \/>\n<meta property=\"og:description\" content=\"El mercado se complementar\u00e1 con catas de producto, un ciclo de cine y gastronom\u00eda, juegos de \u201cescape\u201d, actividades infantiles y el segundo concurso de pintura infantil\" \/>\n<meta property=\"og:url\" content=\"https:\/\/www.laguiadepamplona.com\/actualidad\/la-plaza-del-castillo-acogera-entre-el-7-y-el-12-de-octubre-el-mercado-de-la-vii-semana-del-producto-local\/\" \/>\n<meta property=\"og:site_name\" content=\"La Gu\u00eda de Pamplona\" \/>\n<meta property=\"article:publisher\" content=\"https:\/\/www.facebook.com\/laguiadepamplonacom-133175176762273\/?ref=hl\" \/>\n<meta property=\"article:published_time\" content=\"2022-09-27T15:08:59+00:00\" \/>\n<meta property=\"article:modified_time\" content=\"2023-04-11T09:47:47+00:00\" \/>\n<meta property=\"og:image\" content=\"https:\/\/www.laguiadepamplona.com\/actualidad\/wp-content\/uploads\/2022\/09\/cartelsemana-producto-local-1.webp\" \/>\n\t<meta property=\"og:image:width\" content=\"1920\" \/>\n\t<meta property=\"og:image:height\" content=\"1858\" \/>\n\t<meta property=\"og:image:type\" content=\"image\/webp\" \/>\n<meta name=\"author\" content=\"La Gu\u00eda de Pamplona\" \/>\n<meta name=\"twitter:card\" content=\"summary_large_image\" \/>\n<meta name=\"twitter:creator\" content=\"@LaGuiadPamplona\" \/>\n<meta name=\"twitter:site\" content=\"@LaGuiadPamplona\" \/>\n<meta name=\"twitter:label1\" content=\"Escrito por\" \/>\n\t<meta name=\"twitter:data1\" content=\"La Gu\u00eda de Pamplona\" \/>\n\t<meta name=\"twitter:label2\" content=\"Tiempo de lectura\" \/>\n\t<meta name=\"twitter:data2\" content=\"5 minutos\" \/>\n<script type=\"application\/ld+json\" class=\"yoast-schema-graph\">{\"@context\":\"https:\\\/\\\/schema.org\",\"@graph\":[{\"@type\":\"Article\",\"@id\":\"https:\\\/\\\/www.laguiadepamplona.com\\\/actualidad\\\/la-plaza-del-castillo-acogera-entre-el-7-y-el-12-de-octubre-el-mercado-de-la-vii-semana-del-producto-local\\\/#article\",\"isPartOf\":{\"@id\":\"https:\\\/\\\/www.laguiadepamplona.com\\\/actualidad\\\/la-plaza-del-castillo-acogera-entre-el-7-y-el-12-de-octubre-el-mercado-de-la-vii-semana-del-producto-local\\\/\"},\"author\":{\"name\":\"La Gu\u00eda de Pamplona\",\"@id\":\"https:\\\/\\\/www.laguiadepamplona.com\\\/actualidad\\\/#\\\/schema\\\/person\\\/efe887376f0213d4657c93adc50b1fdb\"},\"headline\":\"La Plaza del Castillo acoger\u00e1, entre el 7 y el 12 de octubre, el mercado de la VII Semana del Producto Local\",\"datePublished\":\"2022-09-27T15:08:59+00:00\",\"dateModified\":\"2023-04-11T09:47:47+00:00\",\"mainEntityOfPage\":{\"@id\":\"https:\\\/\\\/www.laguiadepamplona.com\\\/actualidad\\\/la-plaza-del-castillo-acogera-entre-el-7-y-el-12-de-octubre-el-mercado-de-la-vii-semana-del-producto-local\\\/\"},\"wordCount\":1122,\"commentCount\":0,\"publisher\":{\"@id\":\"https:\\\/\\\/www.laguiadepamplona.com\\\/actualidad\\\/#organization\"},\"image\":{\"@id\":\"https:\\\/\\\/www.laguiadepamplona.com\\\/actualidad\\\/la-plaza-del-castillo-acogera-entre-el-7-y-el-12-de-octubre-el-mercado-de-la-vii-semana-del-producto-local\\\/#primaryimage\"},\"thumbnailUrl\":\"https:\\\/\\\/www.laguiadepamplona.com\\\/actualidad\\\/wp-content\\\/uploads\\\/2022\\\/09\\\/cartelsemana-producto-local-1.webp\",\"articleSection\":[\"Ayto Pamplona\"],\"inLanguage\":\"es\",\"potentialAction\":[{\"@type\":\"CommentAction\",\"name\":\"Comment\",\"target\":[\"https:\\\/\\\/www.laguiadepamplona.com\\\/actualidad\\\/la-plaza-del-castillo-acogera-entre-el-7-y-el-12-de-octubre-el-mercado-de-la-vii-semana-del-producto-local\\\/#respond\"]}]},{\"@type\":\"WebPage\",\"@id\":\"https:\\\/\\\/www.laguiadepamplona.com\\\/actualidad\\\/la-plaza-del-castillo-acogera-entre-el-7-y-el-12-de-octubre-el-mercado-de-la-vii-semana-del-producto-local\\\/\",\"url\":\"https:\\\/\\\/www.laguiadepamplona.com\\\/actualidad\\\/la-plaza-del-castillo-acogera-entre-el-7-y-el-12-de-octubre-el-mercado-de-la-vii-semana-del-producto-local\\\/\",\"name\":\"La Plaza del Castillo acoger\u00e1, entre el 7 y el 12 de octubre, el mercado de la VII Semana del Producto Local\",\"isPartOf\":{\"@id\":\"https:\\\/\\\/www.laguiadepamplona.com\\\/actualidad\\\/#website\"},\"primaryImageOfPage\":{\"@id\":\"https:\\\/\\\/www.laguiadepamplona.com\\\/actualidad\\\/la-plaza-del-castillo-acogera-entre-el-7-y-el-12-de-octubre-el-mercado-de-la-vii-semana-del-producto-local\\\/#primaryimage\"},\"image\":{\"@id\":\"https:\\\/\\\/www.laguiadepamplona.com\\\/actualidad\\\/la-plaza-del-castillo-acogera-entre-el-7-y-el-12-de-octubre-el-mercado-de-la-vii-semana-del-producto-local\\\/#primaryimage\"},\"thumbnailUrl\":\"https:\\\/\\\/www.laguiadepamplona.com\\\/actualidad\\\/wp-content\\\/uploads\\\/2022\\\/09\\\/cartelsemana-producto-local-1.webp\",\"datePublished\":\"2022-09-27T15:08:59+00:00\",\"dateModified\":\"2023-04-11T09:47:47+00:00\",\"description\":\"El mercado se complementar\u00e1 con catas de producto, un ciclo de cine y gastronom\u00eda, juegos de \u201cescape\u201d, actividades infantiles y el segundo concurso de pintura infantil\",\"breadcrumb\":{\"@id\":\"https:\\\/\\\/www.laguiadepamplona.com\\\/actualidad\\\/la-plaza-del-castillo-acogera-entre-el-7-y-el-12-de-octubre-el-mercado-de-la-vii-semana-del-producto-local\\\/#breadcrumb\"},\"inLanguage\":\"es\",\"potentialAction\":[{\"@type\":\"ReadAction\",\"target\":[\"https:\\\/\\\/www.laguiadepamplona.com\\\/actualidad\\\/la-plaza-del-castillo-acogera-entre-el-7-y-el-12-de-octubre-el-mercado-de-la-vii-semana-del-producto-local\\\/\"]}]},{\"@type\":\"ImageObject\",\"inLanguage\":\"es\",\"@id\":\"https:\\\/\\\/www.laguiadepamplona.com\\\/actualidad\\\/la-plaza-del-castillo-acogera-entre-el-7-y-el-12-de-octubre-el-mercado-de-la-vii-semana-del-producto-local\\\/#primaryimage\",\"url\":\"https:\\\/\\\/www.laguiadepamplona.com\\\/actualidad\\\/wp-content\\\/uploads\\\/2022\\\/09\\\/cartelsemana-producto-local-1.webp\",\"contentUrl\":\"https:\\\/\\\/www.laguiadepamplona.com\\\/actualidad\\\/wp-content\\\/uploads\\\/2022\\\/09\\\/cartelsemana-producto-local-1.webp\",\"width\":1920,\"height\":1858},{\"@type\":\"BreadcrumbList\",\"@id\":\"https:\\\/\\\/www.laguiadepamplona.com\\\/actualidad\\\/la-plaza-del-castillo-acogera-entre-el-7-y-el-12-de-octubre-el-mercado-de-la-vii-semana-del-producto-local\\\/#breadcrumb\",\"itemListElement\":[{\"@type\":\"ListItem\",\"position\":1,\"name\":\"Portada\",\"item\":\"https:\\\/\\\/www.laguiadepamplona.com\\\/actualidad\\\/\"},{\"@type\":\"ListItem\",\"position\":2,\"name\":\"La Plaza del Castillo acoger\u00e1, entre el 7 y el 12 de octubre, el mercado de la VII Semana del Producto Local\"}]},{\"@type\":\"WebSite\",\"@id\":\"https:\\\/\\\/www.laguiadepamplona.com\\\/actualidad\\\/#website\",\"url\":\"https:\\\/\\\/www.laguiadepamplona.com\\\/actualidad\\\/\",\"name\":\"La gu\u00eda de Pamplona\",\"description\":\"Noticias de Pamplona\",\"publisher\":{\"@id\":\"https:\\\/\\\/www.laguiadepamplona.com\\\/actualidad\\\/#organization\"},\"potentialAction\":[{\"@type\":\"SearchAction\",\"target\":{\"@type\":\"EntryPoint\",\"urlTemplate\":\"https:\\\/\\\/www.laguiadepamplona.com\\\/actualidad\\\/?s={search_term_string}\"},\"query-input\":{\"@type\":\"PropertyValueSpecification\",\"valueRequired\":true,\"valueName\":\"search_term_string\"}}],\"inLanguage\":\"es\"},{\"@type\":\"Organization\",\"@id\":\"https:\\\/\\\/www.laguiadepamplona.com\\\/actualidad\\\/#organization\",\"name\":\"La Gu\u00eda de Pamplona \\\/ Noticias\",\"url\":\"https:\\\/\\\/www.laguiadepamplona.com\\\/actualidad\\\/\",\"logo\":{\"@type\":\"ImageObject\",\"inLanguage\":\"es\",\"@id\":\"https:\\\/\\\/www.laguiadepamplona.com\\\/actualidad\\\/#\\\/schema\\\/logo\\\/image\\\/\",\"url\":\"https:\\\/\\\/www.laguiadepamplona.com\\\/actualidad\\\/wp-content\\\/uploads\\\/2018\\\/11\\\/logo-laguiadepamplona18-web1.png\",\"contentUrl\":\"https:\\\/\\\/www.laguiadepamplona.com\\\/actualidad\\\/wp-content\\\/uploads\\\/2018\\\/11\\\/logo-laguiadepamplona18-web1.png\",\"width\":600,\"height\":196,\"caption\":\"La Gu\u00eda de Pamplona \\\/ Noticias\"},\"image\":{\"@id\":\"https:\\\/\\\/www.laguiadepamplona.com\\\/actualidad\\\/#\\\/schema\\\/logo\\\/image\\\/\"},\"sameAs\":[\"https:\\\/\\\/www.facebook.com\\\/laguiadepamplonacom-133175176762273\\\/?ref=hl\",\"https:\\\/\\\/x.com\\\/LaGuiadPamplona\",\"https:\\\/\\\/www.instagram.com\\\/la_guia_de_pamplona\\\/\",\"https:\\\/\\\/www.youtube.com\\\/user\\\/laguiadepamplona\"]},{\"@type\":\"Person\",\"@id\":\"https:\\\/\\\/www.laguiadepamplona.com\\\/actualidad\\\/#\\\/schema\\\/person\\\/efe887376f0213d4657c93adc50b1fdb\",\"name\":\"La Gu\u00eda de Pamplona\",\"image\":{\"@type\":\"ImageObject\",\"inLanguage\":\"es\",\"@id\":\"https:\\\/\\\/secure.gravatar.com\\\/avatar\\\/b6992f131dc8d30ab0dff15446e9d346d9dbd95992de0fef795073f5ea83a81c?s=96&d=mm&r=g\",\"url\":\"https:\\\/\\\/secure.gravatar.com\\\/avatar\\\/b6992f131dc8d30ab0dff15446e9d346d9dbd95992de0fef795073f5ea83a81c?s=96&d=mm&r=g\",\"contentUrl\":\"https:\\\/\\\/secure.gravatar.com\\\/avatar\\\/b6992f131dc8d30ab0dff15446e9d346d9dbd95992de0fef795073f5ea83a81c?s=96&d=mm&r=g\",\"caption\":\"La Gu\u00eda de Pamplona\"}}]}<\/script>\n<!-- \/ Yoast SEO plugin. -->","yoast_head_json":{"title":"La Plaza del Castillo acoger\u00e1, entre el 7 y el 12 de octubre, el mercado de la VII Semana del Producto Local","description":"El mercado se complementar\u00e1 con catas de producto, un ciclo de cine y gastronom\u00eda, juegos de \u201cescape\u201d, actividades infantiles y el segundo concurso de pintura infantil","robots":{"index":"index","follow":"follow","max-snippet":"max-snippet:-1","max-image-preview":"max-image-preview:large","max-video-preview":"max-video-preview:-1"},"canonical":"https:\/\/www.laguiadepamplona.com\/actualidad\/la-plaza-del-castillo-acogera-entre-el-7-y-el-12-de-octubre-el-mercado-de-la-vii-semana-del-producto-local\/","og_locale":"es_ES","og_type":"article","og_title":"La Plaza del Castillo acoger\u00e1, entre el 7 y el 12 de octubre, el mercado de la VII Semana del Producto Local","og_description":"El mercado se complementar\u00e1 con catas de producto, un ciclo de cine y gastronom\u00eda, juegos de \u201cescape\u201d, actividades infantiles y el segundo concurso de pintura infantil","og_url":"https:\/\/www.laguiadepamplona.com\/actualidad\/la-plaza-del-castillo-acogera-entre-el-7-y-el-12-de-octubre-el-mercado-de-la-vii-semana-del-producto-local\/","og_site_name":"La Gu\u00eda de Pamplona","article_publisher":"https:\/\/www.facebook.com\/laguiadepamplonacom-133175176762273\/?ref=hl","article_published_time":"2022-09-27T15:08:59+00:00","article_modified_time":"2023-04-11T09:47:47+00:00","og_image":[{"width":1920,"height":1858,"url":"https:\/\/www.laguiadepamplona.com\/actualidad\/wp-content\/uploads\/2022\/09\/cartelsemana-producto-local-1.webp","type":"image\/webp"}],"author":"La Gu\u00eda de Pamplona","twitter_card":"summary_large_image","twitter_creator":"@LaGuiadPamplona","twitter_site":"@LaGuiadPamplona","twitter_misc":{"Escrito por":"La Gu\u00eda de Pamplona","Tiempo de lectura":"5 minutos"},"schema":{"@context":"https:\/\/schema.org","@graph":[{"@type":"Article","@id":"https:\/\/www.laguiadepamplona.com\/actualidad\/la-plaza-del-castillo-acogera-entre-el-7-y-el-12-de-octubre-el-mercado-de-la-vii-semana-del-producto-local\/#article","isPartOf":{"@id":"https:\/\/www.laguiadepamplona.com\/actualidad\/la-plaza-del-castillo-acogera-entre-el-7-y-el-12-de-octubre-el-mercado-de-la-vii-semana-del-producto-local\/"},"author":{"name":"La Gu\u00eda de Pamplona","@id":"https:\/\/www.laguiadepamplona.com\/actualidad\/#\/schema\/person\/efe887376f0213d4657c93adc50b1fdb"},"headline":"La Plaza del Castillo acoger\u00e1, entre el 7 y el 12 de octubre, el mercado de la VII Semana del Producto Local","datePublished":"2022-09-27T15:08:59+00:00","dateModified":"2023-04-11T09:47:47+00:00","mainEntityOfPage":{"@id":"https:\/\/www.laguiadepamplona.com\/actualidad\/la-plaza-del-castillo-acogera-entre-el-7-y-el-12-de-octubre-el-mercado-de-la-vii-semana-del-producto-local\/"},"wordCount":1122,"commentCount":0,"publisher":{"@id":"https:\/\/www.laguiadepamplona.com\/actualidad\/#organization"},"image":{"@id":"https:\/\/www.laguiadepamplona.com\/actualidad\/la-plaza-del-castillo-acogera-entre-el-7-y-el-12-de-octubre-el-mercado-de-la-vii-semana-del-producto-local\/#primaryimage"},"thumbnailUrl":"https:\/\/www.laguiadepamplona.com\/actualidad\/wp-content\/uploads\/2022\/09\/cartelsemana-producto-local-1.webp","articleSection":["Ayto Pamplona"],"inLanguage":"es","potentialAction":[{"@type":"CommentAction","name":"Comment","target":["https:\/\/www.laguiadepamplona.com\/actualidad\/la-plaza-del-castillo-acogera-entre-el-7-y-el-12-de-octubre-el-mercado-de-la-vii-semana-del-producto-local\/#respond"]}]},{"@type":"WebPage","@id":"https:\/\/www.laguiadepamplona.com\/actualidad\/la-plaza-del-castillo-acogera-entre-el-7-y-el-12-de-octubre-el-mercado-de-la-vii-semana-del-producto-local\/","url":"https:\/\/www.laguiadepamplona.com\/actualidad\/la-plaza-del-castillo-acogera-entre-el-7-y-el-12-de-octubre-el-mercado-de-la-vii-semana-del-producto-local\/","name":"La Plaza del Castillo acoger\u00e1, entre el 7 y el 12 de octubre, el mercado de la VII Semana del Producto Local","isPartOf":{"@id":"https:\/\/www.laguiadepamplona.com\/actualidad\/#website"},"primaryImageOfPage":{"@id":"https:\/\/www.laguiadepamplona.com\/actualidad\/la-plaza-del-castillo-acogera-entre-el-7-y-el-12-de-octubre-el-mercado-de-la-vii-semana-del-producto-local\/#primaryimage"},"image":{"@id":"https:\/\/www.laguiadepamplona.com\/actualidad\/la-plaza-del-castillo-acogera-entre-el-7-y-el-12-de-octubre-el-mercado-de-la-vii-semana-del-producto-local\/#primaryimage"},"thumbnailUrl":"https:\/\/www.laguiadepamplona.com\/actualidad\/wp-content\/uploads\/2022\/09\/cartelsemana-producto-local-1.webp","datePublished":"2022-09-27T15:08:59+00:00","dateModified":"2023-04-11T09:47:47+00:00","description":"El mercado se complementar\u00e1 con catas de producto, un ciclo de cine y gastronom\u00eda, juegos de \u201cescape\u201d, actividades infantiles y el segundo concurso de pintura infantil","breadcrumb":{"@id":"https:\/\/www.laguiadepamplona.com\/actualidad\/la-plaza-del-castillo-acogera-entre-el-7-y-el-12-de-octubre-el-mercado-de-la-vii-semana-del-producto-local\/#breadcrumb"},"inLanguage":"es","potentialAction":[{"@type":"ReadAction","target":["https:\/\/www.laguiadepamplona.com\/actualidad\/la-plaza-del-castillo-acogera-entre-el-7-y-el-12-de-octubre-el-mercado-de-la-vii-semana-del-producto-local\/"]}]},{"@type":"ImageObject","inLanguage":"es","@id":"https:\/\/www.laguiadepamplona.com\/actualidad\/la-plaza-del-castillo-acogera-entre-el-7-y-el-12-de-octubre-el-mercado-de-la-vii-semana-del-producto-local\/#primaryimage","url":"https:\/\/www.laguiadepamplona.com\/actualidad\/wp-content\/uploads\/2022\/09\/cartelsemana-producto-local-1.webp","contentUrl":"https:\/\/www.laguiadepamplona.com\/actualidad\/wp-content\/uploads\/2022\/09\/cartelsemana-producto-local-1.webp","width":1920,"height":1858},{"@type":"BreadcrumbList","@id":"https:\/\/www.laguiadepamplona.com\/actualidad\/la-plaza-del-castillo-acogera-entre-el-7-y-el-12-de-octubre-el-mercado-de-la-vii-semana-del-producto-local\/#breadcrumb","itemListElement":[{"@type":"ListItem","position":1,"name":"Portada","item":"https:\/\/www.laguiadepamplona.com\/actualidad\/"},{"@type":"ListItem","position":2,"name":"La Plaza del Castillo acoger\u00e1, entre el 7 y el 12 de octubre, el mercado de la VII Semana del Producto Local"}]},{"@type":"WebSite","@id":"https:\/\/www.laguiadepamplona.com\/actualidad\/#website","url":"https:\/\/www.laguiadepamplona.com\/actualidad\/","name":"La gu\u00eda de Pamplona","description":"Noticias de Pamplona","publisher":{"@id":"https:\/\/www.laguiadepamplona.com\/actualidad\/#organization"},"potentialAction":[{"@type":"SearchAction","target":{"@type":"EntryPoint","urlTemplate":"https:\/\/www.laguiadepamplona.com\/actualidad\/?s={search_term_string}"},"query-input":{"@type":"PropertyValueSpecification","valueRequired":true,"valueName":"search_term_string"}}],"inLanguage":"es"},{"@type":"Organization","@id":"https:\/\/www.laguiadepamplona.com\/actualidad\/#organization","name":"La Gu\u00eda de Pamplona \/ Noticias","url":"https:\/\/www.laguiadepamplona.com\/actualidad\/","logo":{"@type":"ImageObject","inLanguage":"es","@id":"https:\/\/www.laguiadepamplona.com\/actualidad\/#\/schema\/logo\/image\/","url":"https:\/\/www.laguiadepamplona.com\/actualidad\/wp-content\/uploads\/2018\/11\/logo-laguiadepamplona18-web1.png","contentUrl":"https:\/\/www.laguiadepamplona.com\/actualidad\/wp-content\/uploads\/2018\/11\/logo-laguiadepamplona18-web1.png","width":600,"height":196,"caption":"La Gu\u00eda de Pamplona \/ Noticias"},"image":{"@id":"https:\/\/www.laguiadepamplona.com\/actualidad\/#\/schema\/logo\/image\/"},"sameAs":["https:\/\/www.facebook.com\/laguiadepamplonacom-133175176762273\/?ref=hl","https:\/\/x.com\/LaGuiadPamplona","https:\/\/www.instagram.com\/la_guia_de_pamplona\/","https:\/\/www.youtube.com\/user\/laguiadepamplona"]},{"@type":"Person","@id":"https:\/\/www.laguiadepamplona.com\/actualidad\/#\/schema\/person\/efe887376f0213d4657c93adc50b1fdb","name":"La Gu\u00eda de Pamplona","image":{"@type":"ImageObject","inLanguage":"es","@id":"https:\/\/secure.gravatar.com\/avatar\/b6992f131dc8d30ab0dff15446e9d346d9dbd95992de0fef795073f5ea83a81c?s=96&d=mm&r=g","url":"https:\/\/secure.gravatar.com\/avatar\/b6992f131dc8d30ab0dff15446e9d346d9dbd95992de0fef795073f5ea83a81c?s=96&d=mm&r=g","contentUrl":"https:\/\/secure.gravatar.com\/avatar\/b6992f131dc8d30ab0dff15446e9d346d9dbd95992de0fef795073f5ea83a81c?s=96&d=mm&r=g","caption":"La Gu\u00eda de Pamplona"}}]}},"post_mailing_queue_ids":[],"_links":{"self":[{"href":"https:\/\/www.laguiadepamplona.com\/actualidad\/wp-json\/wp\/v2\/posts\/41729","targetHints":{"allow":["GET"]}}],"collection":[{"href":"https:\/\/www.laguiadepamplona.com\/actualidad\/wp-json\/wp\/v2\/posts"}],"about":[{"href":"https:\/\/www.laguiadepamplona.com\/actualidad\/wp-json\/wp\/v2\/types\/post"}],"author":[{"embeddable":true,"href":"https:\/\/www.laguiadepamplona.com\/actualidad\/wp-json\/wp\/v2\/users\/1"}],"replies":[{"embeddable":true,"href":"https:\/\/www.laguiadepamplona.com\/actualidad\/wp-json\/wp\/v2\/comments?post=41729"}],"version-history":[{"count":0,"href":"https:\/\/www.laguiadepamplona.com\/actualidad\/wp-json\/wp\/v2\/posts\/41729\/revisions"}],"wp:featuredmedia":[{"embeddable":true,"href":"https:\/\/www.laguiadepamplona.com\/actualidad\/wp-json\/wp\/v2\/media\/41730"}],"wp:attachment":[{"href":"https:\/\/www.laguiadepamplona.com\/actualidad\/wp-json\/wp\/v2\/media?parent=41729"}],"wp:term":[{"taxonomy":"category","embeddable":true,"href":"https:\/\/www.laguiadepamplona.com\/actualidad\/wp-json\/wp\/v2\/categories?post=41729"},{"taxonomy":"post_tag","embeddable":true,"href":"https:\/\/www.laguiadepamplona.com\/actualidad\/wp-json\/wp\/v2\/tags?post=41729"}],"curies":[{"name":"wp","href":"https:\/\/api.w.org\/{rel}","templated":true}]}}