{"id":41726,"date":"2022-09-27T13:31:52","date_gmt":"2022-09-27T11:31:52","guid":{"rendered":"https:\/\/www.laguiadepamplona.com\/actualidad\/?p=41726"},"modified":"2023-04-11T11:47:48","modified_gmt":"2023-04-11T09:47:48","slug":"condestable-acoge-artistas-de-la-guerra-una-exposicion-con-44-obras-de-creadores-y-creadoras-ucranianas-que-se-podran-adquirir-con-fines-beneficos","status":"publish","type":"post","link":"https:\/\/www.laguiadepamplona.com\/actualidad\/condestable-acoge-artistas-de-la-guerra-una-exposicion-con-44-obras-de-creadores-y-creadoras-ucranianas-que-se-podran-adquirir-con-fines-beneficos\/","title":{"rendered":"Condestable acoge \u2018Artistas de la guerra\u2019, una exposici\u00f3n con 44 obras de creadores y creadoras ucranianas que se podr\u00e1n adquirir con fines ben\u00e9ficos"},"content":{"rendered":"<h5>La Fundaci\u00f3n Enfermer\u00eda Navarra promueve el proyecto \u2018Nash dim\u2019 para rehabilitar un edificio de acogida en Kernytsya con los fondos recaudados<\/h5>\n<p><!--more--><\/p>\n<p>Cuarenta y cuatro obras de arte, cuarenta pinturas y cuatro esculturas, conforman la exposici\u00f3n \u2018Artistas de la guerra\u2019, que se puede visitar en la Sala G\u00f3tica del Palacio del Condestable hasta el 9 de octubre. Esta muestra se enmarca en el proyecto \u2018Nash Dim (Nuestro hogar)\u2019, promovido por la Fundaci\u00f3n Enfermer\u00eda de Navarra (FEN), perteneciente al Colegio Oficial de Enfermer\u00eda de Navarra.<\/p>\n<p>El alcalde de Pamplona, Enrique Maya, y la presidenta del Colegio Oficial de Enfermer\u00eda de Navarra, Isabel Iturrioz N\u00fa\u00f1ez, han participado en la presentaci\u00f3n de esta muestra que cuenta con la parte art\u00edstica de conocer la obra de creadores y creadores ucranianos y con una parte ben\u00e9fica, pues las obras est\u00e1n a la venta para recaudar fondos y destinarlos a proporcionar alojamiento en Ucrania a un centenar de mujeres, ni\u00f1os y ni\u00f1as desplazados. Entre los artistas que han colaborado, algunos de ellos afincados fuera de Ucrania, se encuentran Roman Opalinsky, Sergej Ovcharuk, Stas Kadochnikov, Yuriy Yamash o Borys Buryak.<br \/>\n<script async src=\"\/\/pagead2.googlesyndication.com\/pagead\/js\/adsbygoogle.js\"><\/script><br \/>\n<!-- Noticias La Guia de Pamplona --><br \/>\n<ins class=\"adsbygoogle\"\nstyle=\"display:block\"\ndata-ad-client=\"ca-pub-6943679897239327\"\ndata-ad-slot=\"7048180777\"\ndata-ad-format=\"auto\"><\/ins><br \/>\n<script>\n(adsbygoogle = window.adsbygoogle || []).push({});\n<\/script><\/p>\n<p>Las obras se pueden adquirir a trav\u00e9s de la p\u00e1gina web de la FEN (<a href=\"https:\/\/fundacionenfermerianavarra.org\/subasta-solidaria\" target=\"_blank\" rel=\"noopener\">https:\/\/fundacionenfermerianavarra.org\/subasta-solidaria<\/a>) y los beneficios de su venta se destinar\u00e1n \u00edntegramente al proyecto \u2018Nash Dim\u2019. Los fondos recaudados tendr\u00e1n como fin rehabilitar un antiguo edificio municipal en Kernytsya, localidad ubicada a 28 kil\u00f3metros de Le\u00f3polis, para que un grupo de 74 mujeres y 24 ni\u00f1os y ni\u00f1as refugiadas puedan pasar el invierno en condiciones dignas.<\/p>\n<p>El inmueble cuenta con calefacci\u00f3n, electricidad y agua corriente, y se encuentra en buen estado de mantenimiento. Para acoger al grupo de personas refugiadas, se deber\u00eda equipar con mobiliario y ropa de cama, instalar una cocina con comedor y reparar alguna zona da\u00f1ada. La inversi\u00f3n estimada para hacer habitable el edificio rondar\u00eda los 71.000 euros, una cantidad que, junto a la obtenido con la adquisici\u00f3n de las obras, puede reducirse en funci\u00f3n de posibles donaciones materiales de mobiliario, ropa de cama, etc\u00e9tera.<br \/>\n<script async src=\"\/\/pagead2.googlesyndication.com\/pagead\/js\/adsbygoogle.js\"><\/script><br \/>\n<!-- Noticias La Guia de Pamplona --><br \/>\n<ins class=\"adsbygoogle\"\nstyle=\"display:block\"\ndata-ad-client=\"ca-pub-6943679897239327\"\ndata-ad-slot=\"7048180777\"\ndata-ad-format=\"auto\"><\/ins><br \/>\n<script>\n(adsbygoogle = window.adsbygoogle || []).push({});\n<\/script><\/p>\n<p><strong>Cena solidaria para seguir recaudando fondos<\/strong><\/p>\n<p>Con el mismo objetivo de recaudar fondos para el proyecto \u2018Nash Dim\u2019, la Fundaci\u00f3n Enfermer\u00eda de Navarra organiza el 6 de octubre una cena solidaria en el Colegio de M\u00e9dicos. Se servir\u00e1 una degustaci\u00f3n de pinchos elaborados por el chef Alex M\u00fagica. Adem\u00e1s, se sortear\u00e1n distintos regalos y se subastar\u00e1n objetos \u00fanicos como cascos de guerra que han sido pintados por menores ucranianos, una camiseta firmada por la plantilla de Osasuna, un maillot del equipo Ineos firmado por todos sus corredores en la Vuelta a Espa\u00f1a o una camisa bordada ucraniana que en su d\u00eda luci\u00f3 la reina Letizia. La cena solidaria contar\u00e1 con la actuaci\u00f3n del grupo de <em>breaking<\/em>\u00a0Team Rockers Crew\u00a0y de La Banda del Desag\u00fce.<\/p>\n<p>Desde que empez\u00f3 la guerra en Ucrania, el Colegio Oficial de Enfermer\u00eda de Navarra, a trav\u00e9s de su Fundaci\u00f3n, est\u00e1 llevando a cabo distintas iniciativas para ayudar a las personas afectadas por el conflicto. En varias de estas acciones ha contado con el apoyo del Ayuntamiento de Pamplona, como en la salida el pasado 31 de marzo desde la Plaza Consistorial de una ambulancia donada por la Fundaci\u00f3n a hospitales ucranianos o en la participaci\u00f3n de agentes de la Polic\u00eda Municipal como voluntariado en diferentes misiones realizadas al pa\u00eds en guerra.<\/p>\n","protected":false},"excerpt":{"rendered":"<p>La Fundaci\u00f3n Enfermer\u00eda Navarra promueve el proyecto \u2018Nash dim\u2019 para rehabilitar un edificio de acogida en Kernytsya con los fondos recaudados<\/p>\n","protected":false},"author":1,"featured_media":41727,"comment_status":"open","ping_status":"closed","sticky":false,"template":"","format":"standard","meta":{"footnotes":""},"categories":[2],"tags":[],"class_list":["post-41726","post","type-post","status-publish","format-standard","has-post-thumbnail","hentry","category-ayuntamiento-pamplona"],"yoast_head":"<!-- This site is optimized with the Yoast SEO plugin v27.5 - https:\/\/yoast.com\/product\/yoast-seo-wordpress\/ -->\n<title>Condestable acoge \u2018Artistas de la guerra\u2019, una exposici\u00f3n con 44 obras de creadores y creadoras ucranianas que se podr\u00e1n adquirir con fines ben\u00e9ficos<\/title>\n<meta name=\"description\" content=\"La Fundaci\u00f3n Enfermer\u00eda Navarra promueve el proyecto \u2018Nash dim\u2019 para rehabilitar un edificio de acogida en Kernytsya con los fondos recaudados\" \/>\n<meta name=\"robots\" content=\"index, follow, max-snippet:-1, max-image-preview:large, max-video-preview:-1\" \/>\n<link rel=\"canonical\" href=\"https:\/\/www.laguiadepamplona.com\/actualidad\/condestable-acoge-artistas-de-la-guerra-una-exposicion-con-44-obras-de-creadores-y-creadoras-ucranianas-que-se-podran-adquirir-con-fines-beneficos\/\" \/>\n<meta property=\"og:locale\" content=\"es_ES\" \/>\n<meta property=\"og:type\" content=\"article\" \/>\n<meta property=\"og:title\" content=\"Condestable acoge \u2018Artistas de la guerra\u2019, una exposici\u00f3n con 44 obras de creadores y creadoras ucranianas que se podr\u00e1n adquirir con fines ben\u00e9ficos\" \/>\n<meta property=\"og:description\" content=\"La Fundaci\u00f3n Enfermer\u00eda Navarra promueve el proyecto \u2018Nash dim\u2019 para rehabilitar un edificio de acogida en Kernytsya con los fondos recaudados\" \/>\n<meta property=\"og:url\" content=\"https:\/\/www.laguiadepamplona.com\/actualidad\/condestable-acoge-artistas-de-la-guerra-una-exposicion-con-44-obras-de-creadores-y-creadoras-ucranianas-que-se-podran-adquirir-con-fines-beneficos\/\" \/>\n<meta property=\"og:site_name\" content=\"La Gu\u00eda de Pamplona\" \/>\n<meta property=\"article:publisher\" content=\"https:\/\/www.facebook.com\/laguiadepamplonacom-133175176762273\/?ref=hl\" \/>\n<meta property=\"article:published_time\" content=\"2022-09-27T11:31:52+00:00\" \/>\n<meta property=\"article:modified_time\" content=\"2023-04-11T09:47:48+00:00\" \/>\n<meta property=\"og:image\" content=\"https:\/\/www.laguiadepamplona.com\/actualidad\/wp-content\/uploads\/2022\/09\/expo-artistas-ucranianos1.webp\" \/>\n\t<meta property=\"og:image:width\" content=\"1920\" \/>\n\t<meta property=\"og:image:height\" content=\"1280\" \/>\n\t<meta property=\"og:image:type\" content=\"image\/webp\" \/>\n<meta name=\"author\" content=\"La Gu\u00eda de Pamplona\" \/>\n<meta name=\"twitter:card\" content=\"summary_large_image\" \/>\n<meta name=\"twitter:creator\" content=\"@LaGuiadPamplona\" \/>\n<meta name=\"twitter:site\" content=\"@LaGuiadPamplona\" \/>\n<meta name=\"twitter:label1\" content=\"Escrito por\" \/>\n\t<meta name=\"twitter:data1\" content=\"La Gu\u00eda de Pamplona\" \/>\n\t<meta name=\"twitter:label2\" content=\"Tiempo de lectura\" \/>\n\t<meta name=\"twitter:data2\" content=\"3 minutos\" \/>\n<script type=\"application\/ld+json\" class=\"yoast-schema-graph\">{\"@context\":\"https:\\\/\\\/schema.org\",\"@graph\":[{\"@type\":\"Article\",\"@id\":\"https:\\\/\\\/www.laguiadepamplona.com\\\/actualidad\\\/condestable-acoge-artistas-de-la-guerra-una-exposicion-con-44-obras-de-creadores-y-creadoras-ucranianas-que-se-podran-adquirir-con-fines-beneficos\\\/#article\",\"isPartOf\":{\"@id\":\"https:\\\/\\\/www.laguiadepamplona.com\\\/actualidad\\\/condestable-acoge-artistas-de-la-guerra-una-exposicion-con-44-obras-de-creadores-y-creadoras-ucranianas-que-se-podran-adquirir-con-fines-beneficos\\\/\"},\"author\":{\"name\":\"La Gu\u00eda de Pamplona\",\"@id\":\"https:\\\/\\\/www.laguiadepamplona.com\\\/actualidad\\\/#\\\/schema\\\/person\\\/efe887376f0213d4657c93adc50b1fdb\"},\"headline\":\"Condestable acoge \u2018Artistas de la guerra\u2019, una exposici\u00f3n con 44 obras de creadores y creadoras ucranianas que se podr\u00e1n adquirir con fines ben\u00e9ficos\",\"datePublished\":\"2022-09-27T11:31:52+00:00\",\"dateModified\":\"2023-04-11T09:47:48+00:00\",\"mainEntityOfPage\":{\"@id\":\"https:\\\/\\\/www.laguiadepamplona.com\\\/actualidad\\\/condestable-acoge-artistas-de-la-guerra-una-exposicion-con-44-obras-de-creadores-y-creadoras-ucranianas-que-se-podran-adquirir-con-fines-beneficos\\\/\"},\"wordCount\":619,\"commentCount\":0,\"publisher\":{\"@id\":\"https:\\\/\\\/www.laguiadepamplona.com\\\/actualidad\\\/#organization\"},\"image\":{\"@id\":\"https:\\\/\\\/www.laguiadepamplona.com\\\/actualidad\\\/condestable-acoge-artistas-de-la-guerra-una-exposicion-con-44-obras-de-creadores-y-creadoras-ucranianas-que-se-podran-adquirir-con-fines-beneficos\\\/#primaryimage\"},\"thumbnailUrl\":\"https:\\\/\\\/www.laguiadepamplona.com\\\/actualidad\\\/wp-content\\\/uploads\\\/2022\\\/09\\\/expo-artistas-ucranianos1.webp\",\"articleSection\":[\"Ayto Pamplona\"],\"inLanguage\":\"es\",\"potentialAction\":[{\"@type\":\"CommentAction\",\"name\":\"Comment\",\"target\":[\"https:\\\/\\\/www.laguiadepamplona.com\\\/actualidad\\\/condestable-acoge-artistas-de-la-guerra-una-exposicion-con-44-obras-de-creadores-y-creadoras-ucranianas-que-se-podran-adquirir-con-fines-beneficos\\\/#respond\"]}]},{\"@type\":\"WebPage\",\"@id\":\"https:\\\/\\\/www.laguiadepamplona.com\\\/actualidad\\\/condestable-acoge-artistas-de-la-guerra-una-exposicion-con-44-obras-de-creadores-y-creadoras-ucranianas-que-se-podran-adquirir-con-fines-beneficos\\\/\",\"url\":\"https:\\\/\\\/www.laguiadepamplona.com\\\/actualidad\\\/condestable-acoge-artistas-de-la-guerra-una-exposicion-con-44-obras-de-creadores-y-creadoras-ucranianas-que-se-podran-adquirir-con-fines-beneficos\\\/\",\"name\":\"Condestable acoge \u2018Artistas de la guerra\u2019, una exposici\u00f3n con 44 obras de creadores y creadoras ucranianas que se podr\u00e1n adquirir con fines ben\u00e9ficos\",\"isPartOf\":{\"@id\":\"https:\\\/\\\/www.laguiadepamplona.com\\\/actualidad\\\/#website\"},\"primaryImageOfPage\":{\"@id\":\"https:\\\/\\\/www.laguiadepamplona.com\\\/actualidad\\\/condestable-acoge-artistas-de-la-guerra-una-exposicion-con-44-obras-de-creadores-y-creadoras-ucranianas-que-se-podran-adquirir-con-fines-beneficos\\\/#primaryimage\"},\"image\":{\"@id\":\"https:\\\/\\\/www.laguiadepamplona.com\\\/actualidad\\\/condestable-acoge-artistas-de-la-guerra-una-exposicion-con-44-obras-de-creadores-y-creadoras-ucranianas-que-se-podran-adquirir-con-fines-beneficos\\\/#primaryimage\"},\"thumbnailUrl\":\"https:\\\/\\\/www.laguiadepamplona.com\\\/actualidad\\\/wp-content\\\/uploads\\\/2022\\\/09\\\/expo-artistas-ucranianos1.webp\",\"datePublished\":\"2022-09-27T11:31:52+00:00\",\"dateModified\":\"2023-04-11T09:47:48+00:00\",\"description\":\"La Fundaci\u00f3n Enfermer\u00eda Navarra promueve el proyecto \u2018Nash dim\u2019 para rehabilitar un edificio de acogida en Kernytsya con los fondos recaudados\",\"breadcrumb\":{\"@id\":\"https:\\\/\\\/www.laguiadepamplona.com\\\/actualidad\\\/condestable-acoge-artistas-de-la-guerra-una-exposicion-con-44-obras-de-creadores-y-creadoras-ucranianas-que-se-podran-adquirir-con-fines-beneficos\\\/#breadcrumb\"},\"inLanguage\":\"es\",\"potentialAction\":[{\"@type\":\"ReadAction\",\"target\":[\"https:\\\/\\\/www.laguiadepamplona.com\\\/actualidad\\\/condestable-acoge-artistas-de-la-guerra-una-exposicion-con-44-obras-de-creadores-y-creadoras-ucranianas-que-se-podran-adquirir-con-fines-beneficos\\\/\"]}]},{\"@type\":\"ImageObject\",\"inLanguage\":\"es\",\"@id\":\"https:\\\/\\\/www.laguiadepamplona.com\\\/actualidad\\\/condestable-acoge-artistas-de-la-guerra-una-exposicion-con-44-obras-de-creadores-y-creadoras-ucranianas-que-se-podran-adquirir-con-fines-beneficos\\\/#primaryimage\",\"url\":\"https:\\\/\\\/www.laguiadepamplona.com\\\/actualidad\\\/wp-content\\\/uploads\\\/2022\\\/09\\\/expo-artistas-ucranianos1.webp\",\"contentUrl\":\"https:\\\/\\\/www.laguiadepamplona.com\\\/actualidad\\\/wp-content\\\/uploads\\\/2022\\\/09\\\/expo-artistas-ucranianos1.webp\",\"width\":1920,\"height\":1280},{\"@type\":\"BreadcrumbList\",\"@id\":\"https:\\\/\\\/www.laguiadepamplona.com\\\/actualidad\\\/condestable-acoge-artistas-de-la-guerra-una-exposicion-con-44-obras-de-creadores-y-creadoras-ucranianas-que-se-podran-adquirir-con-fines-beneficos\\\/#breadcrumb\",\"itemListElement\":[{\"@type\":\"ListItem\",\"position\":1,\"name\":\"Portada\",\"item\":\"https:\\\/\\\/www.laguiadepamplona.com\\\/actualidad\\\/\"},{\"@type\":\"ListItem\",\"position\":2,\"name\":\"Condestable acoge \u2018Artistas de la guerra\u2019, una exposici\u00f3n con 44 obras de creadores y creadoras ucranianas que se podr\u00e1n adquirir con fines ben\u00e9ficos\"}]},{\"@type\":\"WebSite\",\"@id\":\"https:\\\/\\\/www.laguiadepamplona.com\\\/actualidad\\\/#website\",\"url\":\"https:\\\/\\\/www.laguiadepamplona.com\\\/actualidad\\\/\",\"name\":\"La gu\u00eda de Pamplona\",\"description\":\"Noticias de Pamplona\",\"publisher\":{\"@id\":\"https:\\\/\\\/www.laguiadepamplona.com\\\/actualidad\\\/#organization\"},\"potentialAction\":[{\"@type\":\"SearchAction\",\"target\":{\"@type\":\"EntryPoint\",\"urlTemplate\":\"https:\\\/\\\/www.laguiadepamplona.com\\\/actualidad\\\/?s={search_term_string}\"},\"query-input\":{\"@type\":\"PropertyValueSpecification\",\"valueRequired\":true,\"valueName\":\"search_term_string\"}}],\"inLanguage\":\"es\"},{\"@type\":\"Organization\",\"@id\":\"https:\\\/\\\/www.laguiadepamplona.com\\\/actualidad\\\/#organization\",\"name\":\"La Gu\u00eda de Pamplona \\\/ Noticias\",\"url\":\"https:\\\/\\\/www.laguiadepamplona.com\\\/actualidad\\\/\",\"logo\":{\"@type\":\"ImageObject\",\"inLanguage\":\"es\",\"@id\":\"https:\\\/\\\/www.laguiadepamplona.com\\\/actualidad\\\/#\\\/schema\\\/logo\\\/image\\\/\",\"url\":\"https:\\\/\\\/www.laguiadepamplona.com\\\/actualidad\\\/wp-content\\\/uploads\\\/2018\\\/11\\\/logo-laguiadepamplona18-web1.png\",\"contentUrl\":\"https:\\\/\\\/www.laguiadepamplona.com\\\/actualidad\\\/wp-content\\\/uploads\\\/2018\\\/11\\\/logo-laguiadepamplona18-web1.png\",\"width\":600,\"height\":196,\"caption\":\"La Gu\u00eda de Pamplona \\\/ Noticias\"},\"image\":{\"@id\":\"https:\\\/\\\/www.laguiadepamplona.com\\\/actualidad\\\/#\\\/schema\\\/logo\\\/image\\\/\"},\"sameAs\":[\"https:\\\/\\\/www.facebook.com\\\/laguiadepamplonacom-133175176762273\\\/?ref=hl\",\"https:\\\/\\\/x.com\\\/LaGuiadPamplona\",\"https:\\\/\\\/www.instagram.com\\\/la_guia_de_pamplona\\\/\",\"https:\\\/\\\/www.youtube.com\\\/user\\\/laguiadepamplona\"]},{\"@type\":\"Person\",\"@id\":\"https:\\\/\\\/www.laguiadepamplona.com\\\/actualidad\\\/#\\\/schema\\\/person\\\/efe887376f0213d4657c93adc50b1fdb\",\"name\":\"La Gu\u00eda de Pamplona\",\"image\":{\"@type\":\"ImageObject\",\"inLanguage\":\"es\",\"@id\":\"https:\\\/\\\/secure.gravatar.com\\\/avatar\\\/b6992f131dc8d30ab0dff15446e9d346d9dbd95992de0fef795073f5ea83a81c?s=96&d=mm&r=g\",\"url\":\"https:\\\/\\\/secure.gravatar.com\\\/avatar\\\/b6992f131dc8d30ab0dff15446e9d346d9dbd95992de0fef795073f5ea83a81c?s=96&d=mm&r=g\",\"contentUrl\":\"https:\\\/\\\/secure.gravatar.com\\\/avatar\\\/b6992f131dc8d30ab0dff15446e9d346d9dbd95992de0fef795073f5ea83a81c?s=96&d=mm&r=g\",\"caption\":\"La Gu\u00eda de Pamplona\"}}]}<\/script>\n<!-- \/ Yoast SEO plugin. -->","yoast_head_json":{"title":"Condestable acoge \u2018Artistas de la guerra\u2019, una exposici\u00f3n con 44 obras de creadores y creadoras ucranianas que se podr\u00e1n adquirir con fines ben\u00e9ficos","description":"La Fundaci\u00f3n Enfermer\u00eda Navarra promueve el proyecto \u2018Nash dim\u2019 para rehabilitar un edificio de acogida en Kernytsya con los fondos recaudados","robots":{"index":"index","follow":"follow","max-snippet":"max-snippet:-1","max-image-preview":"max-image-preview:large","max-video-preview":"max-video-preview:-1"},"canonical":"https:\/\/www.laguiadepamplona.com\/actualidad\/condestable-acoge-artistas-de-la-guerra-una-exposicion-con-44-obras-de-creadores-y-creadoras-ucranianas-que-se-podran-adquirir-con-fines-beneficos\/","og_locale":"es_ES","og_type":"article","og_title":"Condestable acoge \u2018Artistas de la guerra\u2019, una exposici\u00f3n con 44 obras de creadores y creadoras ucranianas que se podr\u00e1n adquirir con fines ben\u00e9ficos","og_description":"La Fundaci\u00f3n Enfermer\u00eda Navarra promueve el proyecto \u2018Nash dim\u2019 para rehabilitar un edificio de acogida en Kernytsya con los fondos recaudados","og_url":"https:\/\/www.laguiadepamplona.com\/actualidad\/condestable-acoge-artistas-de-la-guerra-una-exposicion-con-44-obras-de-creadores-y-creadoras-ucranianas-que-se-podran-adquirir-con-fines-beneficos\/","og_site_name":"La Gu\u00eda de Pamplona","article_publisher":"https:\/\/www.facebook.com\/laguiadepamplonacom-133175176762273\/?ref=hl","article_published_time":"2022-09-27T11:31:52+00:00","article_modified_time":"2023-04-11T09:47:48+00:00","og_image":[{"width":1920,"height":1280,"url":"https:\/\/www.laguiadepamplona.com\/actualidad\/wp-content\/uploads\/2022\/09\/expo-artistas-ucranianos1.webp","type":"image\/webp"}],"author":"La Gu\u00eda de Pamplona","twitter_card":"summary_large_image","twitter_creator":"@LaGuiadPamplona","twitter_site":"@LaGuiadPamplona","twitter_misc":{"Escrito por":"La Gu\u00eda de Pamplona","Tiempo de lectura":"3 minutos"},"schema":{"@context":"https:\/\/schema.org","@graph":[{"@type":"Article","@id":"https:\/\/www.laguiadepamplona.com\/actualidad\/condestable-acoge-artistas-de-la-guerra-una-exposicion-con-44-obras-de-creadores-y-creadoras-ucranianas-que-se-podran-adquirir-con-fines-beneficos\/#article","isPartOf":{"@id":"https:\/\/www.laguiadepamplona.com\/actualidad\/condestable-acoge-artistas-de-la-guerra-una-exposicion-con-44-obras-de-creadores-y-creadoras-ucranianas-que-se-podran-adquirir-con-fines-beneficos\/"},"author":{"name":"La Gu\u00eda de Pamplona","@id":"https:\/\/www.laguiadepamplona.com\/actualidad\/#\/schema\/person\/efe887376f0213d4657c93adc50b1fdb"},"headline":"Condestable acoge \u2018Artistas de la guerra\u2019, una exposici\u00f3n con 44 obras de creadores y creadoras ucranianas que se podr\u00e1n adquirir con fines ben\u00e9ficos","datePublished":"2022-09-27T11:31:52+00:00","dateModified":"2023-04-11T09:47:48+00:00","mainEntityOfPage":{"@id":"https:\/\/www.laguiadepamplona.com\/actualidad\/condestable-acoge-artistas-de-la-guerra-una-exposicion-con-44-obras-de-creadores-y-creadoras-ucranianas-que-se-podran-adquirir-con-fines-beneficos\/"},"wordCount":619,"commentCount":0,"publisher":{"@id":"https:\/\/www.laguiadepamplona.com\/actualidad\/#organization"},"image":{"@id":"https:\/\/www.laguiadepamplona.com\/actualidad\/condestable-acoge-artistas-de-la-guerra-una-exposicion-con-44-obras-de-creadores-y-creadoras-ucranianas-que-se-podran-adquirir-con-fines-beneficos\/#primaryimage"},"thumbnailUrl":"https:\/\/www.laguiadepamplona.com\/actualidad\/wp-content\/uploads\/2022\/09\/expo-artistas-ucranianos1.webp","articleSection":["Ayto Pamplona"],"inLanguage":"es","potentialAction":[{"@type":"CommentAction","name":"Comment","target":["https:\/\/www.laguiadepamplona.com\/actualidad\/condestable-acoge-artistas-de-la-guerra-una-exposicion-con-44-obras-de-creadores-y-creadoras-ucranianas-que-se-podran-adquirir-con-fines-beneficos\/#respond"]}]},{"@type":"WebPage","@id":"https:\/\/www.laguiadepamplona.com\/actualidad\/condestable-acoge-artistas-de-la-guerra-una-exposicion-con-44-obras-de-creadores-y-creadoras-ucranianas-que-se-podran-adquirir-con-fines-beneficos\/","url":"https:\/\/www.laguiadepamplona.com\/actualidad\/condestable-acoge-artistas-de-la-guerra-una-exposicion-con-44-obras-de-creadores-y-creadoras-ucranianas-que-se-podran-adquirir-con-fines-beneficos\/","name":"Condestable acoge \u2018Artistas de la guerra\u2019, una exposici\u00f3n con 44 obras de creadores y creadoras ucranianas que se podr\u00e1n adquirir con fines ben\u00e9ficos","isPartOf":{"@id":"https:\/\/www.laguiadepamplona.com\/actualidad\/#website"},"primaryImageOfPage":{"@id":"https:\/\/www.laguiadepamplona.com\/actualidad\/condestable-acoge-artistas-de-la-guerra-una-exposicion-con-44-obras-de-creadores-y-creadoras-ucranianas-que-se-podran-adquirir-con-fines-beneficos\/#primaryimage"},"image":{"@id":"https:\/\/www.laguiadepamplona.com\/actualidad\/condestable-acoge-artistas-de-la-guerra-una-exposicion-con-44-obras-de-creadores-y-creadoras-ucranianas-que-se-podran-adquirir-con-fines-beneficos\/#primaryimage"},"thumbnailUrl":"https:\/\/www.laguiadepamplona.com\/actualidad\/wp-content\/uploads\/2022\/09\/expo-artistas-ucranianos1.webp","datePublished":"2022-09-27T11:31:52+00:00","dateModified":"2023-04-11T09:47:48+00:00","description":"La Fundaci\u00f3n Enfermer\u00eda Navarra promueve el proyecto \u2018Nash dim\u2019 para rehabilitar un edificio de acogida en Kernytsya con los fondos recaudados","breadcrumb":{"@id":"https:\/\/www.laguiadepamplona.com\/actualidad\/condestable-acoge-artistas-de-la-guerra-una-exposicion-con-44-obras-de-creadores-y-creadoras-ucranianas-que-se-podran-adquirir-con-fines-beneficos\/#breadcrumb"},"inLanguage":"es","potentialAction":[{"@type":"ReadAction","target":["https:\/\/www.laguiadepamplona.com\/actualidad\/condestable-acoge-artistas-de-la-guerra-una-exposicion-con-44-obras-de-creadores-y-creadoras-ucranianas-que-se-podran-adquirir-con-fines-beneficos\/"]}]},{"@type":"ImageObject","inLanguage":"es","@id":"https:\/\/www.laguiadepamplona.com\/actualidad\/condestable-acoge-artistas-de-la-guerra-una-exposicion-con-44-obras-de-creadores-y-creadoras-ucranianas-que-se-podran-adquirir-con-fines-beneficos\/#primaryimage","url":"https:\/\/www.laguiadepamplona.com\/actualidad\/wp-content\/uploads\/2022\/09\/expo-artistas-ucranianos1.webp","contentUrl":"https:\/\/www.laguiadepamplona.com\/actualidad\/wp-content\/uploads\/2022\/09\/expo-artistas-ucranianos1.webp","width":1920,"height":1280},{"@type":"BreadcrumbList","@id":"https:\/\/www.laguiadepamplona.com\/actualidad\/condestable-acoge-artistas-de-la-guerra-una-exposicion-con-44-obras-de-creadores-y-creadoras-ucranianas-que-se-podran-adquirir-con-fines-beneficos\/#breadcrumb","itemListElement":[{"@type":"ListItem","position":1,"name":"Portada","item":"https:\/\/www.laguiadepamplona.com\/actualidad\/"},{"@type":"ListItem","position":2,"name":"Condestable acoge \u2018Artistas de la guerra\u2019, una exposici\u00f3n con 44 obras de creadores y creadoras ucranianas que se podr\u00e1n adquirir con fines ben\u00e9ficos"}]},{"@type":"WebSite","@id":"https:\/\/www.laguiadepamplona.com\/actualidad\/#website","url":"https:\/\/www.laguiadepamplona.com\/actualidad\/","name":"La gu\u00eda de Pamplona","description":"Noticias de Pamplona","publisher":{"@id":"https:\/\/www.laguiadepamplona.com\/actualidad\/#organization"},"potentialAction":[{"@type":"SearchAction","target":{"@type":"EntryPoint","urlTemplate":"https:\/\/www.laguiadepamplona.com\/actualidad\/?s={search_term_string}"},"query-input":{"@type":"PropertyValueSpecification","valueRequired":true,"valueName":"search_term_string"}}],"inLanguage":"es"},{"@type":"Organization","@id":"https:\/\/www.laguiadepamplona.com\/actualidad\/#organization","name":"La Gu\u00eda de Pamplona \/ Noticias","url":"https:\/\/www.laguiadepamplona.com\/actualidad\/","logo":{"@type":"ImageObject","inLanguage":"es","@id":"https:\/\/www.laguiadepamplona.com\/actualidad\/#\/schema\/logo\/image\/","url":"https:\/\/www.laguiadepamplona.com\/actualidad\/wp-content\/uploads\/2018\/11\/logo-laguiadepamplona18-web1.png","contentUrl":"https:\/\/www.laguiadepamplona.com\/actualidad\/wp-content\/uploads\/2018\/11\/logo-laguiadepamplona18-web1.png","width":600,"height":196,"caption":"La Gu\u00eda de Pamplona \/ Noticias"},"image":{"@id":"https:\/\/www.laguiadepamplona.com\/actualidad\/#\/schema\/logo\/image\/"},"sameAs":["https:\/\/www.facebook.com\/laguiadepamplonacom-133175176762273\/?ref=hl","https:\/\/x.com\/LaGuiadPamplona","https:\/\/www.instagram.com\/la_guia_de_pamplona\/","https:\/\/www.youtube.com\/user\/laguiadepamplona"]},{"@type":"Person","@id":"https:\/\/www.laguiadepamplona.com\/actualidad\/#\/schema\/person\/efe887376f0213d4657c93adc50b1fdb","name":"La Gu\u00eda de Pamplona","image":{"@type":"ImageObject","inLanguage":"es","@id":"https:\/\/secure.gravatar.com\/avatar\/b6992f131dc8d30ab0dff15446e9d346d9dbd95992de0fef795073f5ea83a81c?s=96&d=mm&r=g","url":"https:\/\/secure.gravatar.com\/avatar\/b6992f131dc8d30ab0dff15446e9d346d9dbd95992de0fef795073f5ea83a81c?s=96&d=mm&r=g","contentUrl":"https:\/\/secure.gravatar.com\/avatar\/b6992f131dc8d30ab0dff15446e9d346d9dbd95992de0fef795073f5ea83a81c?s=96&d=mm&r=g","caption":"La Gu\u00eda de Pamplona"}}]}},"post_mailing_queue_ids":[],"_links":{"self":[{"href":"https:\/\/www.laguiadepamplona.com\/actualidad\/wp-json\/wp\/v2\/posts\/41726","targetHints":{"allow":["GET"]}}],"collection":[{"href":"https:\/\/www.laguiadepamplona.com\/actualidad\/wp-json\/wp\/v2\/posts"}],"about":[{"href":"https:\/\/www.laguiadepamplona.com\/actualidad\/wp-json\/wp\/v2\/types\/post"}],"author":[{"embeddable":true,"href":"https:\/\/www.laguiadepamplona.com\/actualidad\/wp-json\/wp\/v2\/users\/1"}],"replies":[{"embeddable":true,"href":"https:\/\/www.laguiadepamplona.com\/actualidad\/wp-json\/wp\/v2\/comments?post=41726"}],"version-history":[{"count":0,"href":"https:\/\/www.laguiadepamplona.com\/actualidad\/wp-json\/wp\/v2\/posts\/41726\/revisions"}],"wp:featuredmedia":[{"embeddable":true,"href":"https:\/\/www.laguiadepamplona.com\/actualidad\/wp-json\/wp\/v2\/media\/41727"}],"wp:attachment":[{"href":"https:\/\/www.laguiadepamplona.com\/actualidad\/wp-json\/wp\/v2\/media?parent=41726"}],"wp:term":[{"taxonomy":"category","embeddable":true,"href":"https:\/\/www.laguiadepamplona.com\/actualidad\/wp-json\/wp\/v2\/categories?post=41726"},{"taxonomy":"post_tag","embeddable":true,"href":"https:\/\/www.laguiadepamplona.com\/actualidad\/wp-json\/wp\/v2\/tags?post=41726"}],"curies":[{"name":"wp","href":"https:\/\/api.w.org\/{rel}","templated":true}]}}