{"id":41718,"date":"2022-09-27T13:25:52","date_gmt":"2022-09-27T11:25:52","guid":{"rendered":"https:\/\/www.laguiadepamplona.com\/actualidad\/?p=41718"},"modified":"2023-04-11T11:47:48","modified_gmt":"2023-04-11T09:47:48","slug":"la-fachada-de-la-casa-consistorial-visibilizara-este-miercoles-la-sensibilizacion-del-cancer-infantil-iluminandose-de-color-dorado","status":"publish","type":"post","link":"https:\/\/www.laguiadepamplona.com\/actualidad\/la-fachada-de-la-casa-consistorial-visibilizara-este-miercoles-la-sensibilizacion-del-cancer-infantil-iluminandose-de-color-dorado\/","title":{"rendered":"La fachada de la Casa Consistorial visibilizar\u00e1 este mi\u00e9rcoles la sensibilizaci\u00f3n del c\u00e1ncer infantil ilumin\u00e1ndose de color dorado"},"content":{"rendered":"<p><!--more--><\/p>\n<p>El Ayuntamiento de Pamplona se une ma\u00f1ana mi\u00e9rcoles al mes de sensibilizaci\u00f3n del c\u00e1ncer infantil. La fachada de la Casa Consistorial se iluminar\u00e1 de color dorado, s\u00edmbolo del c\u00e1ncer infantil, para apoyar las iniciativas que se est\u00e1n llevando a cabo en este mes de septiembre para dar a conocer esta enfermedad. La solicitud de esta iluminaci\u00f3n le lleg\u00f3 al Ayuntamiento de Pamplona a trav\u00e9s de la Asociaci\u00f3n de Ayuda a Ni\u00f1os con C\u00e1ncer de Navarra (ADANO).<br \/>\n<script async src=\"\/\/pagead2.googlesyndication.com\/pagead\/js\/adsbygoogle.js\"><\/script><br \/>\n<!-- Noticias La Guia de Pamplona --><br \/>\n<ins class=\"adsbygoogle\"\nstyle=\"display:block\"\ndata-ad-client=\"ca-pub-6943679897239327\"\ndata-ad-slot=\"7048180777\"\ndata-ad-format=\"auto\"><\/ins><br \/>\n<script>\n(adsbygoogle = window.adsbygoogle || []).push({});\n<\/script><\/p>\n<p>La campa\u00f1a se organiza en colaboraci\u00f3n con la\u00a0Childhood Cancer International (CCI)\u00a0y la\u00a0Federaci\u00f3n Espa\u00f1ola de Padres de Ni\u00f1os con C\u00e1ncer, de la que ADANO es miembro. Adem\u00e1s, este a\u00f1o, la campa\u00f1a\u00a0#QueNoSeCuelen\u00a0quiere reivindicar la existencia de un protocolo est\u00e1ndar de seguimiento para los menores supervivientes de c\u00e1ncer infantil. Entre el 70 y el 90% de esos supervivientes tendr\u00e1 alguna secuela debido a su enfermedad o tratamiento, lo que emporar\u00e1 su calidad de vida.<\/p>\n<p>Con esta propuesta, #QueNoSeCuelen, pretende sensibilizar y visibilizar sobre todo lo que vive ni\u00f1o o ni\u00f1a cuando deja de tener la enfermedad. Es un proceso que socialmente se entiende como una celebraci\u00f3n, pero la realidad es que quedan muchas inc\u00f3gnitas en el aire que a\u00fan se desconoce por la falta de investigaci\u00f3n.<\/p>\n","protected":false},"excerpt":{"rendered":"","protected":false},"author":1,"featured_media":34649,"comment_status":"open","ping_status":"closed","sticky":false,"template":"","format":"standard","meta":{"footnotes":""},"categories":[2],"tags":[],"class_list":["post-41718","post","type-post","status-publish","format-standard","has-post-thumbnail","hentry","category-ayuntamiento-pamplona"],"yoast_head":"<!-- This site is optimized with the Yoast SEO plugin v27.5 - https:\/\/yoast.com\/product\/yoast-seo-wordpress\/ -->\n<title>La fachada de la Casa Consistorial visibilizar\u00e1 este mi\u00e9rcoles la sensibilizaci\u00f3n del c\u00e1ncer infantil ilumin\u00e1ndose de color dorado<\/title>\n<meta name=\"description\" content=\"La campa\u00f1a se organiza en colaboraci\u00f3n con la\u00a0Childhood Cancer International (CCI)\u00a0y la\u00a0Federaci\u00f3n Espa\u00f1ola de Padres de Ni\u00f1os con C\u00e1ncer.\" \/>\n<meta name=\"robots\" content=\"index, follow, max-snippet:-1, max-image-preview:large, max-video-preview:-1\" \/>\n<link rel=\"canonical\" href=\"https:\/\/www.laguiadepamplona.com\/actualidad\/la-fachada-de-la-casa-consistorial-visibilizara-este-miercoles-la-sensibilizacion-del-cancer-infantil-iluminandose-de-color-dorado\/\" \/>\n<meta property=\"og:locale\" content=\"es_ES\" \/>\n<meta property=\"og:type\" content=\"article\" \/>\n<meta property=\"og:title\" content=\"La fachada de la Casa Consistorial visibilizar\u00e1 este mi\u00e9rcoles la sensibilizaci\u00f3n del c\u00e1ncer infantil ilumin\u00e1ndose de color dorado\" \/>\n<meta property=\"og:description\" content=\"La campa\u00f1a se organiza en colaboraci\u00f3n con la\u00a0Childhood Cancer International (CCI)\u00a0y la\u00a0Federaci\u00f3n Espa\u00f1ola de Padres de Ni\u00f1os con C\u00e1ncer.\" \/>\n<meta property=\"og:url\" content=\"https:\/\/www.laguiadepamplona.com\/actualidad\/la-fachada-de-la-casa-consistorial-visibilizara-este-miercoles-la-sensibilizacion-del-cancer-infantil-iluminandose-de-color-dorado\/\" \/>\n<meta property=\"og:site_name\" content=\"La Gu\u00eda de Pamplona\" \/>\n<meta property=\"article:publisher\" content=\"https:\/\/www.facebook.com\/laguiadepamplonacom-133175176762273\/?ref=hl\" \/>\n<meta property=\"article:published_time\" content=\"2022-09-27T11:25:52+00:00\" \/>\n<meta property=\"article:modified_time\" content=\"2023-04-11T09:47:48+00:00\" \/>\n<meta property=\"og:image\" content=\"https:\/\/www.laguiadepamplona.com\/actualidad\/wp-content\/uploads\/2021\/05\/Ayuntamiento_iluminacion_amarillo_nocturna.jpg\" \/>\n\t<meta property=\"og:image:width\" content=\"1529\" \/>\n\t<meta property=\"og:image:height\" content=\"1019\" \/>\n\t<meta property=\"og:image:type\" content=\"image\/jpeg\" \/>\n<meta name=\"author\" content=\"La Gu\u00eda de Pamplona\" \/>\n<meta name=\"twitter:card\" content=\"summary_large_image\" \/>\n<meta name=\"twitter:creator\" content=\"@LaGuiadPamplona\" \/>\n<meta name=\"twitter:site\" content=\"@LaGuiadPamplona\" \/>\n<meta name=\"twitter:label1\" content=\"Escrito por\" \/>\n\t<meta name=\"twitter:data1\" content=\"La Gu\u00eda de Pamplona\" \/>\n\t<meta name=\"twitter:label2\" content=\"Tiempo de lectura\" \/>\n\t<meta name=\"twitter:data2\" content=\"1 minuto\" \/>\n<script type=\"application\/ld+json\" class=\"yoast-schema-graph\">{\"@context\":\"https:\\\/\\\/schema.org\",\"@graph\":[{\"@type\":\"Article\",\"@id\":\"https:\\\/\\\/www.laguiadepamplona.com\\\/actualidad\\\/la-fachada-de-la-casa-consistorial-visibilizara-este-miercoles-la-sensibilizacion-del-cancer-infantil-iluminandose-de-color-dorado\\\/#article\",\"isPartOf\":{\"@id\":\"https:\\\/\\\/www.laguiadepamplona.com\\\/actualidad\\\/la-fachada-de-la-casa-consistorial-visibilizara-este-miercoles-la-sensibilizacion-del-cancer-infantil-iluminandose-de-color-dorado\\\/\"},\"author\":{\"name\":\"La Gu\u00eda de Pamplona\",\"@id\":\"https:\\\/\\\/www.laguiadepamplona.com\\\/actualidad\\\/#\\\/schema\\\/person\\\/efe887376f0213d4657c93adc50b1fdb\"},\"headline\":\"La fachada de la Casa Consistorial visibilizar\u00e1 este mi\u00e9rcoles la sensibilizaci\u00f3n del c\u00e1ncer infantil ilumin\u00e1ndose de color dorado\",\"datePublished\":\"2022-09-27T11:25:52+00:00\",\"dateModified\":\"2023-04-11T09:47:48+00:00\",\"mainEntityOfPage\":{\"@id\":\"https:\\\/\\\/www.laguiadepamplona.com\\\/actualidad\\\/la-fachada-de-la-casa-consistorial-visibilizara-este-miercoles-la-sensibilizacion-del-cancer-infantil-iluminandose-de-color-dorado\\\/\"},\"wordCount\":253,\"commentCount\":0,\"publisher\":{\"@id\":\"https:\\\/\\\/www.laguiadepamplona.com\\\/actualidad\\\/#organization\"},\"image\":{\"@id\":\"https:\\\/\\\/www.laguiadepamplona.com\\\/actualidad\\\/la-fachada-de-la-casa-consistorial-visibilizara-este-miercoles-la-sensibilizacion-del-cancer-infantil-iluminandose-de-color-dorado\\\/#primaryimage\"},\"thumbnailUrl\":\"https:\\\/\\\/www.laguiadepamplona.com\\\/actualidad\\\/wp-content\\\/uploads\\\/2021\\\/05\\\/Ayuntamiento_iluminacion_amarillo_nocturna.jpg\",\"articleSection\":[\"Ayto Pamplona\"],\"inLanguage\":\"es\",\"potentialAction\":[{\"@type\":\"CommentAction\",\"name\":\"Comment\",\"target\":[\"https:\\\/\\\/www.laguiadepamplona.com\\\/actualidad\\\/la-fachada-de-la-casa-consistorial-visibilizara-este-miercoles-la-sensibilizacion-del-cancer-infantil-iluminandose-de-color-dorado\\\/#respond\"]}]},{\"@type\":\"WebPage\",\"@id\":\"https:\\\/\\\/www.laguiadepamplona.com\\\/actualidad\\\/la-fachada-de-la-casa-consistorial-visibilizara-este-miercoles-la-sensibilizacion-del-cancer-infantil-iluminandose-de-color-dorado\\\/\",\"url\":\"https:\\\/\\\/www.laguiadepamplona.com\\\/actualidad\\\/la-fachada-de-la-casa-consistorial-visibilizara-este-miercoles-la-sensibilizacion-del-cancer-infantil-iluminandose-de-color-dorado\\\/\",\"name\":\"La fachada de la Casa Consistorial visibilizar\u00e1 este mi\u00e9rcoles la sensibilizaci\u00f3n del c\u00e1ncer infantil ilumin\u00e1ndose de color dorado\",\"isPartOf\":{\"@id\":\"https:\\\/\\\/www.laguiadepamplona.com\\\/actualidad\\\/#website\"},\"primaryImageOfPage\":{\"@id\":\"https:\\\/\\\/www.laguiadepamplona.com\\\/actualidad\\\/la-fachada-de-la-casa-consistorial-visibilizara-este-miercoles-la-sensibilizacion-del-cancer-infantil-iluminandose-de-color-dorado\\\/#primaryimage\"},\"image\":{\"@id\":\"https:\\\/\\\/www.laguiadepamplona.com\\\/actualidad\\\/la-fachada-de-la-casa-consistorial-visibilizara-este-miercoles-la-sensibilizacion-del-cancer-infantil-iluminandose-de-color-dorado\\\/#primaryimage\"},\"thumbnailUrl\":\"https:\\\/\\\/www.laguiadepamplona.com\\\/actualidad\\\/wp-content\\\/uploads\\\/2021\\\/05\\\/Ayuntamiento_iluminacion_amarillo_nocturna.jpg\",\"datePublished\":\"2022-09-27T11:25:52+00:00\",\"dateModified\":\"2023-04-11T09:47:48+00:00\",\"description\":\"La campa\u00f1a se organiza en colaboraci\u00f3n con la\u00a0Childhood Cancer International (CCI)\u00a0y la\u00a0Federaci\u00f3n Espa\u00f1ola de Padres de Ni\u00f1os con C\u00e1ncer.\",\"breadcrumb\":{\"@id\":\"https:\\\/\\\/www.laguiadepamplona.com\\\/actualidad\\\/la-fachada-de-la-casa-consistorial-visibilizara-este-miercoles-la-sensibilizacion-del-cancer-infantil-iluminandose-de-color-dorado\\\/#breadcrumb\"},\"inLanguage\":\"es\",\"potentialAction\":[{\"@type\":\"ReadAction\",\"target\":[\"https:\\\/\\\/www.laguiadepamplona.com\\\/actualidad\\\/la-fachada-de-la-casa-consistorial-visibilizara-este-miercoles-la-sensibilizacion-del-cancer-infantil-iluminandose-de-color-dorado\\\/\"]}]},{\"@type\":\"ImageObject\",\"inLanguage\":\"es\",\"@id\":\"https:\\\/\\\/www.laguiadepamplona.com\\\/actualidad\\\/la-fachada-de-la-casa-consistorial-visibilizara-este-miercoles-la-sensibilizacion-del-cancer-infantil-iluminandose-de-color-dorado\\\/#primaryimage\",\"url\":\"https:\\\/\\\/www.laguiadepamplona.com\\\/actualidad\\\/wp-content\\\/uploads\\\/2021\\\/05\\\/Ayuntamiento_iluminacion_amarillo_nocturna.jpg\",\"contentUrl\":\"https:\\\/\\\/www.laguiadepamplona.com\\\/actualidad\\\/wp-content\\\/uploads\\\/2021\\\/05\\\/Ayuntamiento_iluminacion_amarillo_nocturna.jpg\",\"width\":1529,\"height\":1019},{\"@type\":\"BreadcrumbList\",\"@id\":\"https:\\\/\\\/www.laguiadepamplona.com\\\/actualidad\\\/la-fachada-de-la-casa-consistorial-visibilizara-este-miercoles-la-sensibilizacion-del-cancer-infantil-iluminandose-de-color-dorado\\\/#breadcrumb\",\"itemListElement\":[{\"@type\":\"ListItem\",\"position\":1,\"name\":\"Portada\",\"item\":\"https:\\\/\\\/www.laguiadepamplona.com\\\/actualidad\\\/\"},{\"@type\":\"ListItem\",\"position\":2,\"name\":\"La fachada de la Casa Consistorial visibilizar\u00e1 este mi\u00e9rcoles la sensibilizaci\u00f3n del c\u00e1ncer infantil ilumin\u00e1ndose de color dorado\"}]},{\"@type\":\"WebSite\",\"@id\":\"https:\\\/\\\/www.laguiadepamplona.com\\\/actualidad\\\/#website\",\"url\":\"https:\\\/\\\/www.laguiadepamplona.com\\\/actualidad\\\/\",\"name\":\"La gu\u00eda de Pamplona\",\"description\":\"Noticias de Pamplona\",\"publisher\":{\"@id\":\"https:\\\/\\\/www.laguiadepamplona.com\\\/actualidad\\\/#organization\"},\"potentialAction\":[{\"@type\":\"SearchAction\",\"target\":{\"@type\":\"EntryPoint\",\"urlTemplate\":\"https:\\\/\\\/www.laguiadepamplona.com\\\/actualidad\\\/?s={search_term_string}\"},\"query-input\":{\"@type\":\"PropertyValueSpecification\",\"valueRequired\":true,\"valueName\":\"search_term_string\"}}],\"inLanguage\":\"es\"},{\"@type\":\"Organization\",\"@id\":\"https:\\\/\\\/www.laguiadepamplona.com\\\/actualidad\\\/#organization\",\"name\":\"La Gu\u00eda de Pamplona \\\/ Noticias\",\"url\":\"https:\\\/\\\/www.laguiadepamplona.com\\\/actualidad\\\/\",\"logo\":{\"@type\":\"ImageObject\",\"inLanguage\":\"es\",\"@id\":\"https:\\\/\\\/www.laguiadepamplona.com\\\/actualidad\\\/#\\\/schema\\\/logo\\\/image\\\/\",\"url\":\"https:\\\/\\\/www.laguiadepamplona.com\\\/actualidad\\\/wp-content\\\/uploads\\\/2018\\\/11\\\/logo-laguiadepamplona18-web1.png\",\"contentUrl\":\"https:\\\/\\\/www.laguiadepamplona.com\\\/actualidad\\\/wp-content\\\/uploads\\\/2018\\\/11\\\/logo-laguiadepamplona18-web1.png\",\"width\":600,\"height\":196,\"caption\":\"La Gu\u00eda de Pamplona \\\/ Noticias\"},\"image\":{\"@id\":\"https:\\\/\\\/www.laguiadepamplona.com\\\/actualidad\\\/#\\\/schema\\\/logo\\\/image\\\/\"},\"sameAs\":[\"https:\\\/\\\/www.facebook.com\\\/laguiadepamplonacom-133175176762273\\\/?ref=hl\",\"https:\\\/\\\/x.com\\\/LaGuiadPamplona\",\"https:\\\/\\\/www.instagram.com\\\/la_guia_de_pamplona\\\/\",\"https:\\\/\\\/www.youtube.com\\\/user\\\/laguiadepamplona\"]},{\"@type\":\"Person\",\"@id\":\"https:\\\/\\\/www.laguiadepamplona.com\\\/actualidad\\\/#\\\/schema\\\/person\\\/efe887376f0213d4657c93adc50b1fdb\",\"name\":\"La Gu\u00eda de Pamplona\",\"image\":{\"@type\":\"ImageObject\",\"inLanguage\":\"es\",\"@id\":\"https:\\\/\\\/secure.gravatar.com\\\/avatar\\\/b6992f131dc8d30ab0dff15446e9d346d9dbd95992de0fef795073f5ea83a81c?s=96&d=mm&r=g\",\"url\":\"https:\\\/\\\/secure.gravatar.com\\\/avatar\\\/b6992f131dc8d30ab0dff15446e9d346d9dbd95992de0fef795073f5ea83a81c?s=96&d=mm&r=g\",\"contentUrl\":\"https:\\\/\\\/secure.gravatar.com\\\/avatar\\\/b6992f131dc8d30ab0dff15446e9d346d9dbd95992de0fef795073f5ea83a81c?s=96&d=mm&r=g\",\"caption\":\"La Gu\u00eda de Pamplona\"}}]}<\/script>\n<!-- \/ Yoast SEO plugin. -->","yoast_head_json":{"title":"La fachada de la Casa Consistorial visibilizar\u00e1 este mi\u00e9rcoles la sensibilizaci\u00f3n del c\u00e1ncer infantil ilumin\u00e1ndose de color dorado","description":"La campa\u00f1a se organiza en colaboraci\u00f3n con la\u00a0Childhood Cancer International (CCI)\u00a0y la\u00a0Federaci\u00f3n Espa\u00f1ola de Padres de Ni\u00f1os con C\u00e1ncer.","robots":{"index":"index","follow":"follow","max-snippet":"max-snippet:-1","max-image-preview":"max-image-preview:large","max-video-preview":"max-video-preview:-1"},"canonical":"https:\/\/www.laguiadepamplona.com\/actualidad\/la-fachada-de-la-casa-consistorial-visibilizara-este-miercoles-la-sensibilizacion-del-cancer-infantil-iluminandose-de-color-dorado\/","og_locale":"es_ES","og_type":"article","og_title":"La fachada de la Casa Consistorial visibilizar\u00e1 este mi\u00e9rcoles la sensibilizaci\u00f3n del c\u00e1ncer infantil ilumin\u00e1ndose de color dorado","og_description":"La campa\u00f1a se organiza en colaboraci\u00f3n con la\u00a0Childhood Cancer International (CCI)\u00a0y la\u00a0Federaci\u00f3n Espa\u00f1ola de Padres de Ni\u00f1os con C\u00e1ncer.","og_url":"https:\/\/www.laguiadepamplona.com\/actualidad\/la-fachada-de-la-casa-consistorial-visibilizara-este-miercoles-la-sensibilizacion-del-cancer-infantil-iluminandose-de-color-dorado\/","og_site_name":"La Gu\u00eda de Pamplona","article_publisher":"https:\/\/www.facebook.com\/laguiadepamplonacom-133175176762273\/?ref=hl","article_published_time":"2022-09-27T11:25:52+00:00","article_modified_time":"2023-04-11T09:47:48+00:00","og_image":[{"width":1529,"height":1019,"url":"https:\/\/www.laguiadepamplona.com\/actualidad\/wp-content\/uploads\/2021\/05\/Ayuntamiento_iluminacion_amarillo_nocturna.jpg","type":"image\/jpeg"}],"author":"La Gu\u00eda de Pamplona","twitter_card":"summary_large_image","twitter_creator":"@LaGuiadPamplona","twitter_site":"@LaGuiadPamplona","twitter_misc":{"Escrito por":"La Gu\u00eda de Pamplona","Tiempo de lectura":"1 minuto"},"schema":{"@context":"https:\/\/schema.org","@graph":[{"@type":"Article","@id":"https:\/\/www.laguiadepamplona.com\/actualidad\/la-fachada-de-la-casa-consistorial-visibilizara-este-miercoles-la-sensibilizacion-del-cancer-infantil-iluminandose-de-color-dorado\/#article","isPartOf":{"@id":"https:\/\/www.laguiadepamplona.com\/actualidad\/la-fachada-de-la-casa-consistorial-visibilizara-este-miercoles-la-sensibilizacion-del-cancer-infantil-iluminandose-de-color-dorado\/"},"author":{"name":"La Gu\u00eda de Pamplona","@id":"https:\/\/www.laguiadepamplona.com\/actualidad\/#\/schema\/person\/efe887376f0213d4657c93adc50b1fdb"},"headline":"La fachada de la Casa Consistorial visibilizar\u00e1 este mi\u00e9rcoles la sensibilizaci\u00f3n del c\u00e1ncer infantil ilumin\u00e1ndose de color dorado","datePublished":"2022-09-27T11:25:52+00:00","dateModified":"2023-04-11T09:47:48+00:00","mainEntityOfPage":{"@id":"https:\/\/www.laguiadepamplona.com\/actualidad\/la-fachada-de-la-casa-consistorial-visibilizara-este-miercoles-la-sensibilizacion-del-cancer-infantil-iluminandose-de-color-dorado\/"},"wordCount":253,"commentCount":0,"publisher":{"@id":"https:\/\/www.laguiadepamplona.com\/actualidad\/#organization"},"image":{"@id":"https:\/\/www.laguiadepamplona.com\/actualidad\/la-fachada-de-la-casa-consistorial-visibilizara-este-miercoles-la-sensibilizacion-del-cancer-infantil-iluminandose-de-color-dorado\/#primaryimage"},"thumbnailUrl":"https:\/\/www.laguiadepamplona.com\/actualidad\/wp-content\/uploads\/2021\/05\/Ayuntamiento_iluminacion_amarillo_nocturna.jpg","articleSection":["Ayto Pamplona"],"inLanguage":"es","potentialAction":[{"@type":"CommentAction","name":"Comment","target":["https:\/\/www.laguiadepamplona.com\/actualidad\/la-fachada-de-la-casa-consistorial-visibilizara-este-miercoles-la-sensibilizacion-del-cancer-infantil-iluminandose-de-color-dorado\/#respond"]}]},{"@type":"WebPage","@id":"https:\/\/www.laguiadepamplona.com\/actualidad\/la-fachada-de-la-casa-consistorial-visibilizara-este-miercoles-la-sensibilizacion-del-cancer-infantil-iluminandose-de-color-dorado\/","url":"https:\/\/www.laguiadepamplona.com\/actualidad\/la-fachada-de-la-casa-consistorial-visibilizara-este-miercoles-la-sensibilizacion-del-cancer-infantil-iluminandose-de-color-dorado\/","name":"La fachada de la Casa Consistorial visibilizar\u00e1 este mi\u00e9rcoles la sensibilizaci\u00f3n del c\u00e1ncer infantil ilumin\u00e1ndose de color dorado","isPartOf":{"@id":"https:\/\/www.laguiadepamplona.com\/actualidad\/#website"},"primaryImageOfPage":{"@id":"https:\/\/www.laguiadepamplona.com\/actualidad\/la-fachada-de-la-casa-consistorial-visibilizara-este-miercoles-la-sensibilizacion-del-cancer-infantil-iluminandose-de-color-dorado\/#primaryimage"},"image":{"@id":"https:\/\/www.laguiadepamplona.com\/actualidad\/la-fachada-de-la-casa-consistorial-visibilizara-este-miercoles-la-sensibilizacion-del-cancer-infantil-iluminandose-de-color-dorado\/#primaryimage"},"thumbnailUrl":"https:\/\/www.laguiadepamplona.com\/actualidad\/wp-content\/uploads\/2021\/05\/Ayuntamiento_iluminacion_amarillo_nocturna.jpg","datePublished":"2022-09-27T11:25:52+00:00","dateModified":"2023-04-11T09:47:48+00:00","description":"La campa\u00f1a se organiza en colaboraci\u00f3n con la\u00a0Childhood Cancer International (CCI)\u00a0y la\u00a0Federaci\u00f3n Espa\u00f1ola de Padres de Ni\u00f1os con C\u00e1ncer.","breadcrumb":{"@id":"https:\/\/www.laguiadepamplona.com\/actualidad\/la-fachada-de-la-casa-consistorial-visibilizara-este-miercoles-la-sensibilizacion-del-cancer-infantil-iluminandose-de-color-dorado\/#breadcrumb"},"inLanguage":"es","potentialAction":[{"@type":"ReadAction","target":["https:\/\/www.laguiadepamplona.com\/actualidad\/la-fachada-de-la-casa-consistorial-visibilizara-este-miercoles-la-sensibilizacion-del-cancer-infantil-iluminandose-de-color-dorado\/"]}]},{"@type":"ImageObject","inLanguage":"es","@id":"https:\/\/www.laguiadepamplona.com\/actualidad\/la-fachada-de-la-casa-consistorial-visibilizara-este-miercoles-la-sensibilizacion-del-cancer-infantil-iluminandose-de-color-dorado\/#primaryimage","url":"https:\/\/www.laguiadepamplona.com\/actualidad\/wp-content\/uploads\/2021\/05\/Ayuntamiento_iluminacion_amarillo_nocturna.jpg","contentUrl":"https:\/\/www.laguiadepamplona.com\/actualidad\/wp-content\/uploads\/2021\/05\/Ayuntamiento_iluminacion_amarillo_nocturna.jpg","width":1529,"height":1019},{"@type":"BreadcrumbList","@id":"https:\/\/www.laguiadepamplona.com\/actualidad\/la-fachada-de-la-casa-consistorial-visibilizara-este-miercoles-la-sensibilizacion-del-cancer-infantil-iluminandose-de-color-dorado\/#breadcrumb","itemListElement":[{"@type":"ListItem","position":1,"name":"Portada","item":"https:\/\/www.laguiadepamplona.com\/actualidad\/"},{"@type":"ListItem","position":2,"name":"La fachada de la Casa Consistorial visibilizar\u00e1 este mi\u00e9rcoles la sensibilizaci\u00f3n del c\u00e1ncer infantil ilumin\u00e1ndose de color dorado"}]},{"@type":"WebSite","@id":"https:\/\/www.laguiadepamplona.com\/actualidad\/#website","url":"https:\/\/www.laguiadepamplona.com\/actualidad\/","name":"La gu\u00eda de Pamplona","description":"Noticias de Pamplona","publisher":{"@id":"https:\/\/www.laguiadepamplona.com\/actualidad\/#organization"},"potentialAction":[{"@type":"SearchAction","target":{"@type":"EntryPoint","urlTemplate":"https:\/\/www.laguiadepamplona.com\/actualidad\/?s={search_term_string}"},"query-input":{"@type":"PropertyValueSpecification","valueRequired":true,"valueName":"search_term_string"}}],"inLanguage":"es"},{"@type":"Organization","@id":"https:\/\/www.laguiadepamplona.com\/actualidad\/#organization","name":"La Gu\u00eda de Pamplona \/ Noticias","url":"https:\/\/www.laguiadepamplona.com\/actualidad\/","logo":{"@type":"ImageObject","inLanguage":"es","@id":"https:\/\/www.laguiadepamplona.com\/actualidad\/#\/schema\/logo\/image\/","url":"https:\/\/www.laguiadepamplona.com\/actualidad\/wp-content\/uploads\/2018\/11\/logo-laguiadepamplona18-web1.png","contentUrl":"https:\/\/www.laguiadepamplona.com\/actualidad\/wp-content\/uploads\/2018\/11\/logo-laguiadepamplona18-web1.png","width":600,"height":196,"caption":"La Gu\u00eda de Pamplona \/ Noticias"},"image":{"@id":"https:\/\/www.laguiadepamplona.com\/actualidad\/#\/schema\/logo\/image\/"},"sameAs":["https:\/\/www.facebook.com\/laguiadepamplonacom-133175176762273\/?ref=hl","https:\/\/x.com\/LaGuiadPamplona","https:\/\/www.instagram.com\/la_guia_de_pamplona\/","https:\/\/www.youtube.com\/user\/laguiadepamplona"]},{"@type":"Person","@id":"https:\/\/www.laguiadepamplona.com\/actualidad\/#\/schema\/person\/efe887376f0213d4657c93adc50b1fdb","name":"La Gu\u00eda de Pamplona","image":{"@type":"ImageObject","inLanguage":"es","@id":"https:\/\/secure.gravatar.com\/avatar\/b6992f131dc8d30ab0dff15446e9d346d9dbd95992de0fef795073f5ea83a81c?s=96&d=mm&r=g","url":"https:\/\/secure.gravatar.com\/avatar\/b6992f131dc8d30ab0dff15446e9d346d9dbd95992de0fef795073f5ea83a81c?s=96&d=mm&r=g","contentUrl":"https:\/\/secure.gravatar.com\/avatar\/b6992f131dc8d30ab0dff15446e9d346d9dbd95992de0fef795073f5ea83a81c?s=96&d=mm&r=g","caption":"La Gu\u00eda de Pamplona"}}]}},"post_mailing_queue_ids":[],"_links":{"self":[{"href":"https:\/\/www.laguiadepamplona.com\/actualidad\/wp-json\/wp\/v2\/posts\/41718","targetHints":{"allow":["GET"]}}],"collection":[{"href":"https:\/\/www.laguiadepamplona.com\/actualidad\/wp-json\/wp\/v2\/posts"}],"about":[{"href":"https:\/\/www.laguiadepamplona.com\/actualidad\/wp-json\/wp\/v2\/types\/post"}],"author":[{"embeddable":true,"href":"https:\/\/www.laguiadepamplona.com\/actualidad\/wp-json\/wp\/v2\/users\/1"}],"replies":[{"embeddable":true,"href":"https:\/\/www.laguiadepamplona.com\/actualidad\/wp-json\/wp\/v2\/comments?post=41718"}],"version-history":[{"count":0,"href":"https:\/\/www.laguiadepamplona.com\/actualidad\/wp-json\/wp\/v2\/posts\/41718\/revisions"}],"wp:featuredmedia":[{"embeddable":true,"href":"https:\/\/www.laguiadepamplona.com\/actualidad\/wp-json\/wp\/v2\/media\/34649"}],"wp:attachment":[{"href":"https:\/\/www.laguiadepamplona.com\/actualidad\/wp-json\/wp\/v2\/media?parent=41718"}],"wp:term":[{"taxonomy":"category","embeddable":true,"href":"https:\/\/www.laguiadepamplona.com\/actualidad\/wp-json\/wp\/v2\/categories?post=41718"},{"taxonomy":"post_tag","embeddable":true,"href":"https:\/\/www.laguiadepamplona.com\/actualidad\/wp-json\/wp\/v2\/tags?post=41718"}],"curies":[{"name":"wp","href":"https:\/\/api.w.org\/{rel}","templated":true}]}}