{"id":41698,"date":"2022-09-26T12:48:41","date_gmt":"2022-09-26T10:48:41","guid":{"rendered":"https:\/\/www.laguiadepamplona.com\/actualidad\/?p=41698"},"modified":"2023-04-11T11:47:48","modified_gmt":"2023-04-11T09:47:48","slug":"aprobado-el-proyecto-de-modificacion-de-ordenanzas-fiscales-y-normas-reguladoras-de-precios-publicos-para-2023-que-se-debatira-en-el-pleno-del-proximo-octubre","status":"publish","type":"post","link":"https:\/\/www.laguiadepamplona.com\/actualidad\/aprobado-el-proyecto-de-modificacion-de-ordenanzas-fiscales-y-normas-reguladoras-de-precios-publicos-para-2023-que-se-debatira-en-el-pleno-del-proximo-octubre\/","title":{"rendered":"Aprobado el proyecto de modificaci\u00f3n de ordenanzas fiscales y normas reguladoras de precios p\u00fablicos para 2023, que se debatir\u00e1 en el Pleno del pr\u00f3ximo octubre"},"content":{"rendered":"<h5>Se incluye la reducci\u00f3n de un 20% en las tarjetas de residente y actividad para la zona azul o la supresi\u00f3n de la exenci\u00f3n de tasas para las terrazas<\/h5>\n<p><!--more--><\/p>\n<p>La Junta de Gobierno Local del Ayuntamiento de Pamplona ha aprobado esta ma\u00f1ana el proyecto de modificaciones de las ordenanzas fiscales y normas reguladoras de precio p\u00fablicos para el a\u00f1o 2023. El criterio general es de la congelaci\u00f3n de las tarifas para el a\u00f1o que viene, con novedades en aspectos relacionados con la zona azul y las terrazas de hosteler\u00eda. Para su entrada en vigor, el proyecto debe ser aprobado en Pleno. Su aprobaci\u00f3n inicial se debatir\u00e1 en la sesi\u00f3n prevista para la primera semana de octubre.<br \/>\n<script async src=\"\/\/pagead2.googlesyndication.com\/pagead\/js\/adsbygoogle.js\"><\/script><br \/>\n<!-- Noticias La Guia de Pamplona --><br \/>\n<ins class=\"adsbygoogle\"\nstyle=\"display:block\"\ndata-ad-client=\"ca-pub-6943679897239327\"\ndata-ad-slot=\"7048180777\"\ndata-ad-format=\"auto\"><\/ins><br \/>\n<script>\n(adsbygoogle = window.adsbygoogle || []).push({});\n<\/script><\/p>\n<p>La modificaci\u00f3n de ordenanzas fiscales y precios p\u00fablicos para el pr\u00f3ximo a\u00f1o incluye la reducci\u00f3n de un 20% de la tarifa por expedici\u00f3n de tarjetas de residente y de actividad para las zonas de estacionamiento regulado. Esa reducci\u00f3n de la recaudaci\u00f3n se cuantifica en unos 472.000 euros, si se extrapolan los datos de 2022, a\u00f1o en el que se expidieron 1.115 tarjetas de actividad y 43.020 tarjetas de residentes<\/p>\n<p>Para el a\u00f1o que viene, el Ayuntamiento de Pamplona quiere suprimir la exenci\u00f3n de las tasas de ocupaci\u00f3n de la v\u00eda p\u00fablica para las terrazas de hosteler\u00eda. Esa suspensi\u00f3n de tasas fue una medida tomada en los a\u00f1os 2020, 2021 y 2022 para paliar las consecuencias de la COVID-19 en el sector hostelero. La normalidad social y sanitaria del momento actual favorece la reversi\u00f3n de una medida con la que el Ayuntamiento podr\u00eda volver a ingresar alrededor de 550.000 euros.<\/p>\n<p>Se consolida, asimismo, la gratuidad de las escuelas infantiles municipales de Pamplona, donde las personas usuarias seguir\u00e1n pagando servicios como el comedor, pero no las tarifas de escolaridad. La propuesta de modificaci\u00f3n del tipo de gravamen de la contribuci\u00f3n es una actualizaci\u00f3n tendente a mantener el importe de la recaudaci\u00f3n y la presi\u00f3n fiscal, en compensaci\u00f3n a la reducci\u00f3n del valor catastral de la ciudad.<br \/>\n<script async src=\"\/\/pagead2.googlesyndication.com\/pagead\/js\/adsbygoogle.js\"><\/script><br \/>\n<!-- Noticias La Guia de Pamplona --><br \/>\n<ins class=\"adsbygoogle\"\nstyle=\"display:block\"\ndata-ad-client=\"ca-pub-6943679897239327\"\ndata-ad-slot=\"7048180777\"\ndata-ad-format=\"auto\"><\/ins><br \/>\n<script>\n(adsbygoogle = window.adsbygoogle || []).push({});\n<\/script><\/p>\n<p>El proyecto incluye en su expediente la justificaci\u00f3n para aprobar precios p\u00fablicos por debajo de costes en servicios como el uso de instalaciones deportivas, la utilizaci\u00f3n de locales e instalaciones escolares municipales, la presentaci\u00f3n de servicios para personas mayores o los precios por matr\u00edculas en Catalina de Osc\u00e1riz y Joaqu\u00edn Maya, entre otros. La Ley Foral de Haciendas Locales de Navarra se\u00f1ala que \u201cel importe de los precios p\u00fablicos deber\u00e1 cubrir como m\u00ednimo el coste del servicio prestado o de la actividad realizada\u201d. No obstante, \u201ccuando existan razones sociales, ben\u00e9ficas, culturales o de inter\u00e9s p\u00fablico que as\u00ed lo aconsejen, la entidad podr\u00e1 fijar precios p\u00fablicos por debajo del l\u00edmite previsto en el apartado anterior\u201d.<\/p>\n","protected":false},"excerpt":{"rendered":"<p>Se incluye la reducci\u00f3n de un 20% en las tarjetas de residente y actividad para la zona azul o la supresi\u00f3n de la exenci\u00f3n de tasas para las terrazas<\/p>\n","protected":false},"author":1,"featured_media":38538,"comment_status":"open","ping_status":"closed","sticky":false,"template":"","format":"standard","meta":{"footnotes":""},"categories":[2],"tags":[],"class_list":["post-41698","post","type-post","status-publish","format-standard","has-post-thumbnail","hentry","category-ayuntamiento-pamplona"],"yoast_head":"<!-- This site is optimized with the Yoast SEO plugin v27.3 - https:\/\/yoast.com\/product\/yoast-seo-wordpress\/ -->\n<title>Aprobado el proyecto de modificaci\u00f3n de ordenanzas fiscales y normas reguladoras de precios p\u00fablicos para 2023, que se debatir\u00e1 en el Pleno del pr\u00f3ximo octubre<\/title>\n<meta name=\"description\" content=\"Se incluye la reducci\u00f3n de un 20% en las tarjetas de residente y actividad para la zona azul o la supresi\u00f3n de la exenci\u00f3n de tasas para las terrazas\" \/>\n<meta name=\"robots\" content=\"index, follow, max-snippet:-1, max-image-preview:large, max-video-preview:-1\" \/>\n<link rel=\"canonical\" href=\"https:\/\/www.laguiadepamplona.com\/actualidad\/aprobado-el-proyecto-de-modificacion-de-ordenanzas-fiscales-y-normas-reguladoras-de-precios-publicos-para-2023-que-se-debatira-en-el-pleno-del-proximo-octubre\/\" \/>\n<meta property=\"og:locale\" content=\"es_ES\" \/>\n<meta property=\"og:type\" content=\"article\" \/>\n<meta property=\"og:title\" content=\"Aprobado el proyecto de modificaci\u00f3n de ordenanzas fiscales y normas reguladoras de precios p\u00fablicos para 2023, que se debatir\u00e1 en el Pleno del pr\u00f3ximo octubre\" \/>\n<meta property=\"og:description\" content=\"Se incluye la reducci\u00f3n de un 20% en las tarjetas de residente y actividad para la zona azul o la supresi\u00f3n de la exenci\u00f3n de tasas para las terrazas\" \/>\n<meta property=\"og:url\" content=\"https:\/\/www.laguiadepamplona.com\/actualidad\/aprobado-el-proyecto-de-modificacion-de-ordenanzas-fiscales-y-normas-reguladoras-de-precios-publicos-para-2023-que-se-debatira-en-el-pleno-del-proximo-octubre\/\" \/>\n<meta property=\"og:site_name\" content=\"La Gu\u00eda de Pamplona\" \/>\n<meta property=\"article:publisher\" content=\"https:\/\/www.facebook.com\/laguiadepamplonacom-133175176762273\/?ref=hl\" \/>\n<meta property=\"article:published_time\" content=\"2022-09-26T10:48:41+00:00\" \/>\n<meta property=\"article:modified_time\" content=\"2023-04-11T09:47:48+00:00\" \/>\n<meta property=\"og:image\" content=\"https:\/\/www.laguiadepamplona.com\/actualidad\/wp-content\/uploads\/2022\/02\/terrazas_JGV9591.jpg\" \/>\n\t<meta property=\"og:image:width\" content=\"1920\" \/>\n\t<meta property=\"og:image:height\" content=\"1280\" \/>\n\t<meta property=\"og:image:type\" content=\"image\/jpeg\" \/>\n<meta name=\"author\" content=\"La Gu\u00eda de Pamplona\" \/>\n<meta name=\"twitter:card\" content=\"summary_large_image\" \/>\n<meta name=\"twitter:creator\" content=\"@LaGuiadPamplona\" \/>\n<meta name=\"twitter:site\" content=\"@LaGuiadPamplona\" \/>\n<meta name=\"twitter:label1\" content=\"Escrito por\" \/>\n\t<meta name=\"twitter:data1\" content=\"La Gu\u00eda de Pamplona\" \/>\n\t<meta name=\"twitter:label2\" content=\"Tiempo de lectura\" \/>\n\t<meta name=\"twitter:data2\" content=\"3 minutos\" \/>\n<script type=\"application\/ld+json\" class=\"yoast-schema-graph\">{\"@context\":\"https:\\\/\\\/schema.org\",\"@graph\":[{\"@type\":\"Article\",\"@id\":\"https:\\\/\\\/www.laguiadepamplona.com\\\/actualidad\\\/aprobado-el-proyecto-de-modificacion-de-ordenanzas-fiscales-y-normas-reguladoras-de-precios-publicos-para-2023-que-se-debatira-en-el-pleno-del-proximo-octubre\\\/#article\",\"isPartOf\":{\"@id\":\"https:\\\/\\\/www.laguiadepamplona.com\\\/actualidad\\\/aprobado-el-proyecto-de-modificacion-de-ordenanzas-fiscales-y-normas-reguladoras-de-precios-publicos-para-2023-que-se-debatira-en-el-pleno-del-proximo-octubre\\\/\"},\"author\":{\"name\":\"La Gu\u00eda de Pamplona\",\"@id\":\"https:\\\/\\\/www.laguiadepamplona.com\\\/actualidad\\\/#\\\/schema\\\/person\\\/efe887376f0213d4657c93adc50b1fdb\"},\"headline\":\"Aprobado el proyecto de modificaci\u00f3n de ordenanzas fiscales y normas reguladoras de precios p\u00fablicos para 2023, que se debatir\u00e1 en el Pleno del pr\u00f3ximo octubre\",\"datePublished\":\"2022-09-26T10:48:41+00:00\",\"dateModified\":\"2023-04-11T09:47:48+00:00\",\"mainEntityOfPage\":{\"@id\":\"https:\\\/\\\/www.laguiadepamplona.com\\\/actualidad\\\/aprobado-el-proyecto-de-modificacion-de-ordenanzas-fiscales-y-normas-reguladoras-de-precios-publicos-para-2023-que-se-debatira-en-el-pleno-del-proximo-octubre\\\/\"},\"wordCount\":513,\"commentCount\":0,\"publisher\":{\"@id\":\"https:\\\/\\\/www.laguiadepamplona.com\\\/actualidad\\\/#organization\"},\"image\":{\"@id\":\"https:\\\/\\\/www.laguiadepamplona.com\\\/actualidad\\\/aprobado-el-proyecto-de-modificacion-de-ordenanzas-fiscales-y-normas-reguladoras-de-precios-publicos-para-2023-que-se-debatira-en-el-pleno-del-proximo-octubre\\\/#primaryimage\"},\"thumbnailUrl\":\"https:\\\/\\\/www.laguiadepamplona.com\\\/actualidad\\\/wp-content\\\/uploads\\\/2022\\\/02\\\/terrazas_JGV9591.jpg\",\"articleSection\":[\"Ayto Pamplona\"],\"inLanguage\":\"es\",\"potentialAction\":[{\"@type\":\"CommentAction\",\"name\":\"Comment\",\"target\":[\"https:\\\/\\\/www.laguiadepamplona.com\\\/actualidad\\\/aprobado-el-proyecto-de-modificacion-de-ordenanzas-fiscales-y-normas-reguladoras-de-precios-publicos-para-2023-que-se-debatira-en-el-pleno-del-proximo-octubre\\\/#respond\"]}]},{\"@type\":\"WebPage\",\"@id\":\"https:\\\/\\\/www.laguiadepamplona.com\\\/actualidad\\\/aprobado-el-proyecto-de-modificacion-de-ordenanzas-fiscales-y-normas-reguladoras-de-precios-publicos-para-2023-que-se-debatira-en-el-pleno-del-proximo-octubre\\\/\",\"url\":\"https:\\\/\\\/www.laguiadepamplona.com\\\/actualidad\\\/aprobado-el-proyecto-de-modificacion-de-ordenanzas-fiscales-y-normas-reguladoras-de-precios-publicos-para-2023-que-se-debatira-en-el-pleno-del-proximo-octubre\\\/\",\"name\":\"Aprobado el proyecto de modificaci\u00f3n de ordenanzas fiscales y normas reguladoras de precios p\u00fablicos para 2023, que se debatir\u00e1 en el Pleno del pr\u00f3ximo octubre\",\"isPartOf\":{\"@id\":\"https:\\\/\\\/www.laguiadepamplona.com\\\/actualidad\\\/#website\"},\"primaryImageOfPage\":{\"@id\":\"https:\\\/\\\/www.laguiadepamplona.com\\\/actualidad\\\/aprobado-el-proyecto-de-modificacion-de-ordenanzas-fiscales-y-normas-reguladoras-de-precios-publicos-para-2023-que-se-debatira-en-el-pleno-del-proximo-octubre\\\/#primaryimage\"},\"image\":{\"@id\":\"https:\\\/\\\/www.laguiadepamplona.com\\\/actualidad\\\/aprobado-el-proyecto-de-modificacion-de-ordenanzas-fiscales-y-normas-reguladoras-de-precios-publicos-para-2023-que-se-debatira-en-el-pleno-del-proximo-octubre\\\/#primaryimage\"},\"thumbnailUrl\":\"https:\\\/\\\/www.laguiadepamplona.com\\\/actualidad\\\/wp-content\\\/uploads\\\/2022\\\/02\\\/terrazas_JGV9591.jpg\",\"datePublished\":\"2022-09-26T10:48:41+00:00\",\"dateModified\":\"2023-04-11T09:47:48+00:00\",\"description\":\"Se incluye la reducci\u00f3n de un 20% en las tarjetas de residente y actividad para la zona azul o la supresi\u00f3n de la exenci\u00f3n de tasas para las terrazas\",\"breadcrumb\":{\"@id\":\"https:\\\/\\\/www.laguiadepamplona.com\\\/actualidad\\\/aprobado-el-proyecto-de-modificacion-de-ordenanzas-fiscales-y-normas-reguladoras-de-precios-publicos-para-2023-que-se-debatira-en-el-pleno-del-proximo-octubre\\\/#breadcrumb\"},\"inLanguage\":\"es\",\"potentialAction\":[{\"@type\":\"ReadAction\",\"target\":[\"https:\\\/\\\/www.laguiadepamplona.com\\\/actualidad\\\/aprobado-el-proyecto-de-modificacion-de-ordenanzas-fiscales-y-normas-reguladoras-de-precios-publicos-para-2023-que-se-debatira-en-el-pleno-del-proximo-octubre\\\/\"]}]},{\"@type\":\"ImageObject\",\"inLanguage\":\"es\",\"@id\":\"https:\\\/\\\/www.laguiadepamplona.com\\\/actualidad\\\/aprobado-el-proyecto-de-modificacion-de-ordenanzas-fiscales-y-normas-reguladoras-de-precios-publicos-para-2023-que-se-debatira-en-el-pleno-del-proximo-octubre\\\/#primaryimage\",\"url\":\"https:\\\/\\\/www.laguiadepamplona.com\\\/actualidad\\\/wp-content\\\/uploads\\\/2022\\\/02\\\/terrazas_JGV9591.jpg\",\"contentUrl\":\"https:\\\/\\\/www.laguiadepamplona.com\\\/actualidad\\\/wp-content\\\/uploads\\\/2022\\\/02\\\/terrazas_JGV9591.jpg\",\"width\":1920,\"height\":1280,\"caption\":\"A* Jes\u00fas Garzaron F* 2021_05_20 T* Nuevas terrazas hosteler\u00eda L* Paseo Sarasate\"},{\"@type\":\"BreadcrumbList\",\"@id\":\"https:\\\/\\\/www.laguiadepamplona.com\\\/actualidad\\\/aprobado-el-proyecto-de-modificacion-de-ordenanzas-fiscales-y-normas-reguladoras-de-precios-publicos-para-2023-que-se-debatira-en-el-pleno-del-proximo-octubre\\\/#breadcrumb\",\"itemListElement\":[{\"@type\":\"ListItem\",\"position\":1,\"name\":\"Portada\",\"item\":\"https:\\\/\\\/www.laguiadepamplona.com\\\/actualidad\\\/\"},{\"@type\":\"ListItem\",\"position\":2,\"name\":\"Aprobado el proyecto de modificaci\u00f3n de ordenanzas fiscales y normas reguladoras de precios p\u00fablicos para 2023, que se debatir\u00e1 en el Pleno del pr\u00f3ximo octubre\"}]},{\"@type\":\"WebSite\",\"@id\":\"https:\\\/\\\/www.laguiadepamplona.com\\\/actualidad\\\/#website\",\"url\":\"https:\\\/\\\/www.laguiadepamplona.com\\\/actualidad\\\/\",\"name\":\"La gu\u00eda de Pamplona\",\"description\":\"Noticias de Pamplona\",\"publisher\":{\"@id\":\"https:\\\/\\\/www.laguiadepamplona.com\\\/actualidad\\\/#organization\"},\"potentialAction\":[{\"@type\":\"SearchAction\",\"target\":{\"@type\":\"EntryPoint\",\"urlTemplate\":\"https:\\\/\\\/www.laguiadepamplona.com\\\/actualidad\\\/?s={search_term_string}\"},\"query-input\":{\"@type\":\"PropertyValueSpecification\",\"valueRequired\":true,\"valueName\":\"search_term_string\"}}],\"inLanguage\":\"es\"},{\"@type\":\"Organization\",\"@id\":\"https:\\\/\\\/www.laguiadepamplona.com\\\/actualidad\\\/#organization\",\"name\":\"La Gu\u00eda de Pamplona \\\/ Noticias\",\"url\":\"https:\\\/\\\/www.laguiadepamplona.com\\\/actualidad\\\/\",\"logo\":{\"@type\":\"ImageObject\",\"inLanguage\":\"es\",\"@id\":\"https:\\\/\\\/www.laguiadepamplona.com\\\/actualidad\\\/#\\\/schema\\\/logo\\\/image\\\/\",\"url\":\"https:\\\/\\\/www.laguiadepamplona.com\\\/actualidad\\\/wp-content\\\/uploads\\\/2018\\\/11\\\/logo-laguiadepamplona18-web1.png\",\"contentUrl\":\"https:\\\/\\\/www.laguiadepamplona.com\\\/actualidad\\\/wp-content\\\/uploads\\\/2018\\\/11\\\/logo-laguiadepamplona18-web1.png\",\"width\":600,\"height\":196,\"caption\":\"La Gu\u00eda de Pamplona \\\/ Noticias\"},\"image\":{\"@id\":\"https:\\\/\\\/www.laguiadepamplona.com\\\/actualidad\\\/#\\\/schema\\\/logo\\\/image\\\/\"},\"sameAs\":[\"https:\\\/\\\/www.facebook.com\\\/laguiadepamplonacom-133175176762273\\\/?ref=hl\",\"https:\\\/\\\/x.com\\\/LaGuiadPamplona\",\"https:\\\/\\\/www.instagram.com\\\/la_guia_de_pamplona\\\/\",\"https:\\\/\\\/www.youtube.com\\\/user\\\/laguiadepamplona\"]},{\"@type\":\"Person\",\"@id\":\"https:\\\/\\\/www.laguiadepamplona.com\\\/actualidad\\\/#\\\/schema\\\/person\\\/efe887376f0213d4657c93adc50b1fdb\",\"name\":\"La Gu\u00eda de Pamplona\",\"image\":{\"@type\":\"ImageObject\",\"inLanguage\":\"es\",\"@id\":\"https:\\\/\\\/secure.gravatar.com\\\/avatar\\\/b6992f131dc8d30ab0dff15446e9d346d9dbd95992de0fef795073f5ea83a81c?s=96&d=mm&r=g\",\"url\":\"https:\\\/\\\/secure.gravatar.com\\\/avatar\\\/b6992f131dc8d30ab0dff15446e9d346d9dbd95992de0fef795073f5ea83a81c?s=96&d=mm&r=g\",\"contentUrl\":\"https:\\\/\\\/secure.gravatar.com\\\/avatar\\\/b6992f131dc8d30ab0dff15446e9d346d9dbd95992de0fef795073f5ea83a81c?s=96&d=mm&r=g\",\"caption\":\"La Gu\u00eda de Pamplona\"}}]}<\/script>\n<!-- \/ Yoast SEO plugin. -->","yoast_head_json":{"title":"Aprobado el proyecto de modificaci\u00f3n de ordenanzas fiscales y normas reguladoras de precios p\u00fablicos para 2023, que se debatir\u00e1 en el Pleno del pr\u00f3ximo octubre","description":"Se incluye la reducci\u00f3n de un 20% en las tarjetas de residente y actividad para la zona azul o la supresi\u00f3n de la exenci\u00f3n de tasas para las terrazas","robots":{"index":"index","follow":"follow","max-snippet":"max-snippet:-1","max-image-preview":"max-image-preview:large","max-video-preview":"max-video-preview:-1"},"canonical":"https:\/\/www.laguiadepamplona.com\/actualidad\/aprobado-el-proyecto-de-modificacion-de-ordenanzas-fiscales-y-normas-reguladoras-de-precios-publicos-para-2023-que-se-debatira-en-el-pleno-del-proximo-octubre\/","og_locale":"es_ES","og_type":"article","og_title":"Aprobado el proyecto de modificaci\u00f3n de ordenanzas fiscales y normas reguladoras de precios p\u00fablicos para 2023, que se debatir\u00e1 en el Pleno del pr\u00f3ximo octubre","og_description":"Se incluye la reducci\u00f3n de un 20% en las tarjetas de residente y actividad para la zona azul o la supresi\u00f3n de la exenci\u00f3n de tasas para las terrazas","og_url":"https:\/\/www.laguiadepamplona.com\/actualidad\/aprobado-el-proyecto-de-modificacion-de-ordenanzas-fiscales-y-normas-reguladoras-de-precios-publicos-para-2023-que-se-debatira-en-el-pleno-del-proximo-octubre\/","og_site_name":"La Gu\u00eda de Pamplona","article_publisher":"https:\/\/www.facebook.com\/laguiadepamplonacom-133175176762273\/?ref=hl","article_published_time":"2022-09-26T10:48:41+00:00","article_modified_time":"2023-04-11T09:47:48+00:00","og_image":[{"width":1920,"height":1280,"url":"https:\/\/www.laguiadepamplona.com\/actualidad\/wp-content\/uploads\/2022\/02\/terrazas_JGV9591.jpg","type":"image\/jpeg"}],"author":"La Gu\u00eda de Pamplona","twitter_card":"summary_large_image","twitter_creator":"@LaGuiadPamplona","twitter_site":"@LaGuiadPamplona","twitter_misc":{"Escrito por":"La Gu\u00eda de Pamplona","Tiempo de lectura":"3 minutos"},"schema":{"@context":"https:\/\/schema.org","@graph":[{"@type":"Article","@id":"https:\/\/www.laguiadepamplona.com\/actualidad\/aprobado-el-proyecto-de-modificacion-de-ordenanzas-fiscales-y-normas-reguladoras-de-precios-publicos-para-2023-que-se-debatira-en-el-pleno-del-proximo-octubre\/#article","isPartOf":{"@id":"https:\/\/www.laguiadepamplona.com\/actualidad\/aprobado-el-proyecto-de-modificacion-de-ordenanzas-fiscales-y-normas-reguladoras-de-precios-publicos-para-2023-que-se-debatira-en-el-pleno-del-proximo-octubre\/"},"author":{"name":"La Gu\u00eda de Pamplona","@id":"https:\/\/www.laguiadepamplona.com\/actualidad\/#\/schema\/person\/efe887376f0213d4657c93adc50b1fdb"},"headline":"Aprobado el proyecto de modificaci\u00f3n de ordenanzas fiscales y normas reguladoras de precios p\u00fablicos para 2023, que se debatir\u00e1 en el Pleno del pr\u00f3ximo octubre","datePublished":"2022-09-26T10:48:41+00:00","dateModified":"2023-04-11T09:47:48+00:00","mainEntityOfPage":{"@id":"https:\/\/www.laguiadepamplona.com\/actualidad\/aprobado-el-proyecto-de-modificacion-de-ordenanzas-fiscales-y-normas-reguladoras-de-precios-publicos-para-2023-que-se-debatira-en-el-pleno-del-proximo-octubre\/"},"wordCount":513,"commentCount":0,"publisher":{"@id":"https:\/\/www.laguiadepamplona.com\/actualidad\/#organization"},"image":{"@id":"https:\/\/www.laguiadepamplona.com\/actualidad\/aprobado-el-proyecto-de-modificacion-de-ordenanzas-fiscales-y-normas-reguladoras-de-precios-publicos-para-2023-que-se-debatira-en-el-pleno-del-proximo-octubre\/#primaryimage"},"thumbnailUrl":"https:\/\/www.laguiadepamplona.com\/actualidad\/wp-content\/uploads\/2022\/02\/terrazas_JGV9591.jpg","articleSection":["Ayto Pamplona"],"inLanguage":"es","potentialAction":[{"@type":"CommentAction","name":"Comment","target":["https:\/\/www.laguiadepamplona.com\/actualidad\/aprobado-el-proyecto-de-modificacion-de-ordenanzas-fiscales-y-normas-reguladoras-de-precios-publicos-para-2023-que-se-debatira-en-el-pleno-del-proximo-octubre\/#respond"]}]},{"@type":"WebPage","@id":"https:\/\/www.laguiadepamplona.com\/actualidad\/aprobado-el-proyecto-de-modificacion-de-ordenanzas-fiscales-y-normas-reguladoras-de-precios-publicos-para-2023-que-se-debatira-en-el-pleno-del-proximo-octubre\/","url":"https:\/\/www.laguiadepamplona.com\/actualidad\/aprobado-el-proyecto-de-modificacion-de-ordenanzas-fiscales-y-normas-reguladoras-de-precios-publicos-para-2023-que-se-debatira-en-el-pleno-del-proximo-octubre\/","name":"Aprobado el proyecto de modificaci\u00f3n de ordenanzas fiscales y normas reguladoras de precios p\u00fablicos para 2023, que se debatir\u00e1 en el Pleno del pr\u00f3ximo octubre","isPartOf":{"@id":"https:\/\/www.laguiadepamplona.com\/actualidad\/#website"},"primaryImageOfPage":{"@id":"https:\/\/www.laguiadepamplona.com\/actualidad\/aprobado-el-proyecto-de-modificacion-de-ordenanzas-fiscales-y-normas-reguladoras-de-precios-publicos-para-2023-que-se-debatira-en-el-pleno-del-proximo-octubre\/#primaryimage"},"image":{"@id":"https:\/\/www.laguiadepamplona.com\/actualidad\/aprobado-el-proyecto-de-modificacion-de-ordenanzas-fiscales-y-normas-reguladoras-de-precios-publicos-para-2023-que-se-debatira-en-el-pleno-del-proximo-octubre\/#primaryimage"},"thumbnailUrl":"https:\/\/www.laguiadepamplona.com\/actualidad\/wp-content\/uploads\/2022\/02\/terrazas_JGV9591.jpg","datePublished":"2022-09-26T10:48:41+00:00","dateModified":"2023-04-11T09:47:48+00:00","description":"Se incluye la reducci\u00f3n de un 20% en las tarjetas de residente y actividad para la zona azul o la supresi\u00f3n de la exenci\u00f3n de tasas para las terrazas","breadcrumb":{"@id":"https:\/\/www.laguiadepamplona.com\/actualidad\/aprobado-el-proyecto-de-modificacion-de-ordenanzas-fiscales-y-normas-reguladoras-de-precios-publicos-para-2023-que-se-debatira-en-el-pleno-del-proximo-octubre\/#breadcrumb"},"inLanguage":"es","potentialAction":[{"@type":"ReadAction","target":["https:\/\/www.laguiadepamplona.com\/actualidad\/aprobado-el-proyecto-de-modificacion-de-ordenanzas-fiscales-y-normas-reguladoras-de-precios-publicos-para-2023-que-se-debatira-en-el-pleno-del-proximo-octubre\/"]}]},{"@type":"ImageObject","inLanguage":"es","@id":"https:\/\/www.laguiadepamplona.com\/actualidad\/aprobado-el-proyecto-de-modificacion-de-ordenanzas-fiscales-y-normas-reguladoras-de-precios-publicos-para-2023-que-se-debatira-en-el-pleno-del-proximo-octubre\/#primaryimage","url":"https:\/\/www.laguiadepamplona.com\/actualidad\/wp-content\/uploads\/2022\/02\/terrazas_JGV9591.jpg","contentUrl":"https:\/\/www.laguiadepamplona.com\/actualidad\/wp-content\/uploads\/2022\/02\/terrazas_JGV9591.jpg","width":1920,"height":1280,"caption":"A* Jes\u00fas Garzaron F* 2021_05_20 T* Nuevas terrazas hosteler\u00eda L* Paseo Sarasate"},{"@type":"BreadcrumbList","@id":"https:\/\/www.laguiadepamplona.com\/actualidad\/aprobado-el-proyecto-de-modificacion-de-ordenanzas-fiscales-y-normas-reguladoras-de-precios-publicos-para-2023-que-se-debatira-en-el-pleno-del-proximo-octubre\/#breadcrumb","itemListElement":[{"@type":"ListItem","position":1,"name":"Portada","item":"https:\/\/www.laguiadepamplona.com\/actualidad\/"},{"@type":"ListItem","position":2,"name":"Aprobado el proyecto de modificaci\u00f3n de ordenanzas fiscales y normas reguladoras de precios p\u00fablicos para 2023, que se debatir\u00e1 en el Pleno del pr\u00f3ximo octubre"}]},{"@type":"WebSite","@id":"https:\/\/www.laguiadepamplona.com\/actualidad\/#website","url":"https:\/\/www.laguiadepamplona.com\/actualidad\/","name":"La gu\u00eda de Pamplona","description":"Noticias de Pamplona","publisher":{"@id":"https:\/\/www.laguiadepamplona.com\/actualidad\/#organization"},"potentialAction":[{"@type":"SearchAction","target":{"@type":"EntryPoint","urlTemplate":"https:\/\/www.laguiadepamplona.com\/actualidad\/?s={search_term_string}"},"query-input":{"@type":"PropertyValueSpecification","valueRequired":true,"valueName":"search_term_string"}}],"inLanguage":"es"},{"@type":"Organization","@id":"https:\/\/www.laguiadepamplona.com\/actualidad\/#organization","name":"La Gu\u00eda de Pamplona \/ Noticias","url":"https:\/\/www.laguiadepamplona.com\/actualidad\/","logo":{"@type":"ImageObject","inLanguage":"es","@id":"https:\/\/www.laguiadepamplona.com\/actualidad\/#\/schema\/logo\/image\/","url":"https:\/\/www.laguiadepamplona.com\/actualidad\/wp-content\/uploads\/2018\/11\/logo-laguiadepamplona18-web1.png","contentUrl":"https:\/\/www.laguiadepamplona.com\/actualidad\/wp-content\/uploads\/2018\/11\/logo-laguiadepamplona18-web1.png","width":600,"height":196,"caption":"La Gu\u00eda de Pamplona \/ Noticias"},"image":{"@id":"https:\/\/www.laguiadepamplona.com\/actualidad\/#\/schema\/logo\/image\/"},"sameAs":["https:\/\/www.facebook.com\/laguiadepamplonacom-133175176762273\/?ref=hl","https:\/\/x.com\/LaGuiadPamplona","https:\/\/www.instagram.com\/la_guia_de_pamplona\/","https:\/\/www.youtube.com\/user\/laguiadepamplona"]},{"@type":"Person","@id":"https:\/\/www.laguiadepamplona.com\/actualidad\/#\/schema\/person\/efe887376f0213d4657c93adc50b1fdb","name":"La Gu\u00eda de Pamplona","image":{"@type":"ImageObject","inLanguage":"es","@id":"https:\/\/secure.gravatar.com\/avatar\/b6992f131dc8d30ab0dff15446e9d346d9dbd95992de0fef795073f5ea83a81c?s=96&d=mm&r=g","url":"https:\/\/secure.gravatar.com\/avatar\/b6992f131dc8d30ab0dff15446e9d346d9dbd95992de0fef795073f5ea83a81c?s=96&d=mm&r=g","contentUrl":"https:\/\/secure.gravatar.com\/avatar\/b6992f131dc8d30ab0dff15446e9d346d9dbd95992de0fef795073f5ea83a81c?s=96&d=mm&r=g","caption":"La Gu\u00eda de Pamplona"}}]}},"post_mailing_queue_ids":[],"_links":{"self":[{"href":"https:\/\/www.laguiadepamplona.com\/actualidad\/wp-json\/wp\/v2\/posts\/41698","targetHints":{"allow":["GET"]}}],"collection":[{"href":"https:\/\/www.laguiadepamplona.com\/actualidad\/wp-json\/wp\/v2\/posts"}],"about":[{"href":"https:\/\/www.laguiadepamplona.com\/actualidad\/wp-json\/wp\/v2\/types\/post"}],"author":[{"embeddable":true,"href":"https:\/\/www.laguiadepamplona.com\/actualidad\/wp-json\/wp\/v2\/users\/1"}],"replies":[{"embeddable":true,"href":"https:\/\/www.laguiadepamplona.com\/actualidad\/wp-json\/wp\/v2\/comments?post=41698"}],"version-history":[{"count":0,"href":"https:\/\/www.laguiadepamplona.com\/actualidad\/wp-json\/wp\/v2\/posts\/41698\/revisions"}],"wp:featuredmedia":[{"embeddable":true,"href":"https:\/\/www.laguiadepamplona.com\/actualidad\/wp-json\/wp\/v2\/media\/38538"}],"wp:attachment":[{"href":"https:\/\/www.laguiadepamplona.com\/actualidad\/wp-json\/wp\/v2\/media?parent=41698"}],"wp:term":[{"taxonomy":"category","embeddable":true,"href":"https:\/\/www.laguiadepamplona.com\/actualidad\/wp-json\/wp\/v2\/categories?post=41698"},{"taxonomy":"post_tag","embeddable":true,"href":"https:\/\/www.laguiadepamplona.com\/actualidad\/wp-json\/wp\/v2\/tags?post=41698"}],"curies":[{"name":"wp","href":"https:\/\/api.w.org\/{rel}","templated":true}]}}