{"id":41695,"date":"2022-09-26T12:47:06","date_gmt":"2022-09-26T10:47:06","guid":{"rendered":"https:\/\/www.laguiadepamplona.com\/actualidad\/?p=41695"},"modified":"2023-04-11T11:47:48","modified_gmt":"2023-04-11T09:47:48","slug":"pamplona-solicita-76-millones-de-fondos-europeos-para-ampliar-carriles-bici-aparcamientos-disuasorios-y-el-servicio-de-bicis-electricas-ademas-de-mejorar-los-entornos-peatonales-de-la-ciudad","status":"publish","type":"post","link":"https:\/\/www.laguiadepamplona.com\/actualidad\/pamplona-solicita-76-millones-de-fondos-europeos-para-ampliar-carriles-bici-aparcamientos-disuasorios-y-el-servicio-de-bicis-electricas-ademas-de-mejorar-los-entornos-peatonales-de-la-ciudad\/","title":{"rendered":"Pamplona solicita 7,6 millones de fondos europeos para ampliar carriles bici, aparcamientos disuasorios y el servicio de bicis el\u00e9ctricas, adem\u00e1s de mejorar los entornos peatonales de la ciudad"},"content":{"rendered":"<h5>Bajo el paraguas del proyecto \u2018Pamplona Avanza 3\u2019, concurrir\u00e1 a la convocatoria abierta por el Gobierno de Espa\u00f1a para ayudas a municipios<\/h5>\n<p><!--more--><\/p>\n<p>El Ayuntamiento de Pamplona tiene previsto solicitar ayudas europeas por un importe de 7.641.271 euros, para desarrollar y ampliar diversos proyectos de movilidad sostenible ya planteados en la ciudad. El Consistorio va a concurrir a la segunda convocatoria de ayudas abierta por el Ministerio de Transportes, Movilidad y Agenda Urbana del Gobierno de Espa\u00f1a, al abrigo del Plan de Recuperaci\u00f3n, Transformaci\u00f3n y Resiliencia, financiado con los fondos europeos Next Generation EU. Las ayudas permitir\u00edan ampliar los aparcamientos disuasorios, los carriles bici y el servicio de bicicletas el\u00e9ctricas. Tambi\u00e9n facilitar\u00e1n la ejecuci\u00f3n de proyectos peatonales en el entorno de Aranzadi, del Bosquecillo y en las proximidades de una veintena de centros escolares y de salud.<\/p>\n<p>Los concejales de Proyectos Estrat\u00e9gicos, Movilidad y Sostenibilidad, Ferm\u00edn Alonso, y de Seguridad Ciudadana, Javier Labairu, han presentado hoy en rueda de prensa todas estas iniciativas, desarrolladas en torno al proyecto Pamplona Avanza 3. En total, se prev\u00e9 una inversi\u00f3n de 10,2 millones de euros (IVA incluido), de las que los fondos europeos podr\u00edan cubrir el 90% (sin IVA). En total 7,2 millones distribuidos en seis ejes de actuaciones.<\/p>\n<p>El proyecto de mayor importe es la conexi\u00f3n peatonal y ciclista entre Txantrea y Rochapea a trav\u00e9s de Aranzadi, que supondr\u00e1 una mejora de la accesibilidad de este entorno. En este caso, en 2.695.621 euros. Si finalmente Pamplona obtiene la subvenci\u00f3n solicitada, supondr\u00edan dos millones de euros. El proyecto de conexi\u00f3n peatonal supondr\u00e1 transformar las dos calles de entrada al parque de Aranzadi, desde la calle El Vergel, dando prioridad al peat\u00f3n. Adem\u00e1s, se liberar\u00e1 de aparcamientos la calle Vuelta de Aranzadi y se instalar\u00e1n aparcamientos para bicicletas en la entrada del Complejo Deportivo Aranzadi. Asimismo, se prev\u00e9 regenerar la plaza central del parque, creando un eje de conexi\u00f3n entre la pasarela de Alemanes y la pasarela de San Pedro.<br \/>\n<script async src=\"\/\/pagead2.googlesyndication.com\/pagead\/js\/adsbygoogle.js\"><\/script><br \/>\n<!-- Noticias La Guia de Pamplona --><br \/>\n<ins class=\"adsbygoogle\"\nstyle=\"display:block\"\ndata-ad-client=\"ca-pub-6943679897239327\"\ndata-ad-slot=\"7048180777\"\ndata-ad-format=\"auto\"><\/ins><br \/>\n<script>\n(adsbygoogle = window.adsbygoogle || []).push({});\n<\/script><\/p>\n<p><strong>M\u00e1s bicis el\u00e9ctricas<\/strong><\/p>\n<p>Un desembolso similar supondr\u00e1 el desarrollo de la red ciclable de Pamplona. En concreto, se prev\u00e9 destinar 2.624.504 euros para redactar y ejecutar el carril bici de Landaben y para la ampliaci\u00f3n del servicio de alquiler de bicicletas el\u00e9ctricas. Seg\u00fan el proyecto presentado a la convocatoria de ayudas, el Ayuntamiento quiere invertir 1,39 millones de euros en instalar 20 nuevas estaciones repartidas por la ciudad y la adquisici\u00f3n de 240 bicis el\u00e9ctricas. En la actualidad existen instaladas de 42 estaciones en los distintos barrios, con m\u00e1s de 400 bicis, en un proyecto que ha tenido una gran acogida entre la poblaci\u00f3n y que incluso ha recibido solicitudes de ampliaci\u00f3n de municipios colindantes.<\/p>\n<p>La red ciclable se ver\u00e1 ampliada, adem\u00e1s, con un nuevo carril bici de Landaben, que conectar\u00e1 la calle Miluze con San Jorge. La redacci\u00f3n del proyecto y las obras de ejecuci\u00f3n de esta nueva v\u00eda ciclable supondr\u00e1n un desembolso de 1,23 millones de euros. De obtener la subvenci\u00f3n solicitada, el Consistorio tendr\u00eda que abonar 360.000 euros aproximadamente.<br \/>\n<script async src=\"\/\/pagead2.googlesyndication.com\/pagead\/js\/adsbygoogle.js\"><\/script><br \/>\n<!-- Noticias La Guia de Pamplona --><br \/>\n<ins class=\"adsbygoogle\"\nstyle=\"display:block\"\ndata-ad-client=\"ca-pub-6943679897239327\"\ndata-ad-slot=\"7048180777\"\ndata-ad-format=\"auto\"><\/ins><br \/>\n<script>\n(adsbygoogle = window.adsbygoogle || []).push({});\n<\/script><\/p>\n<p><strong>Seis aparcamientos disuasorios m\u00e1s<\/strong><\/p>\n<p>Estas propuestas de movilidad sostenible su sumar\u00e1n a otras actuaciones para restringir las emisiones de di\u00f3xido de carbono, evitando el tr\u00e1nsito de veh\u00edculos por la ciudad. Con este objetivo, se prev\u00e9 ampliar la red de aparcamientos disuasorios, con la instalaci\u00f3n de seis m\u00e1s. De ellos, tres se ubicar\u00edan en la Txantrea, uno m\u00e1s en San Juan, otro en Azpila\u00f1aga y uno en Lezkairu. De esta forma, el Ayuntamiento busca ofrecer alternativas para dejar el veh\u00edculo en todas las entradas de la ciudad, habilitando estas zonas seguras y vigiladas en lugares pr\u00f3ximos a paradas de villavesa o redes ciclables o peatonales que lleven al centro.<\/p>\n<p>El proyecto supondr\u00e1 una inversi\u00f3n de 1,33 millones de euros, condicionados a la recepci\u00f3n de ayudas de la convocatoria de fondos europeos. De lograrlas, \u00e9stas ascender\u00edan a 993.200 euros, por lo que el gasto municipal rondar\u00eda los 340.000 euros.<\/p>\n<p>En esta misma l\u00ednea, la solicitud de ayudas incluye tambi\u00e9n otros 1,71 millones de euros para financiar la ampliaci\u00f3n de la zona de estacionamiento regulado realizada en los barrios de San Jorge, Rochapea y Txantrea en el \u00faltimo a\u00f1o. Tambi\u00e9n, como obra ya en ejecuci\u00f3n, se van a solicitar ayudas para la reurbanizaci\u00f3n de la calle Bosquecillo, que comenzaron esta pasada primavera. La subvenci\u00f3n solicitada asciende a 1,1 millones de euros, de los que podr\u00edan subvencionarse 819.954 euros.<br \/>\n<script async src=\"\/\/pagead2.googlesyndication.com\/pagead\/js\/adsbygoogle.js\"><\/script><br \/>\n<!-- Noticias La Guia de Pamplona --><br \/>\n<ins class=\"adsbygoogle\"\nstyle=\"display:block\"\ndata-ad-client=\"ca-pub-6943679897239327\"\ndata-ad-slot=\"7048180777\"\ndata-ad-format=\"auto\"><\/ins><br \/>\n<script>\n(adsbygoogle = window.adsbygoogle || []).push({});\n<\/script><\/p>\n<p><strong>M\u00e1s seguridad en zonas educativas y sanitarias<\/strong><\/p>\n<p>La solicitud de ayudas que ha elaborado el Ayuntamiento de Pamplona incluye tambi\u00e9n una menci\u00f3n especial para actuaciones de mejora de la seguridad de los peatones en una veintena de espacios de la ciudad pr\u00f3ximos a zonas escolares y sociosanitarias, dada la gran afluencia de personas en determinadas franjas horarias. As\u00ed, se prev\u00e9 actuar en el entorno de once colegios e institutos, los centros de salud de Iturrama y Rochapea, los Civivox de Mendillorri y Jus la Rocha y la Casa de la Juventud.<\/p>\n<p>En todos ellos, se adecuar\u00e1n los pasos de cebra, se proceder\u00e1 a la ampliaci\u00f3n de aceras y la mejora de la visibilidad de peatones, protegiendo con vallado la intersecci\u00f3n entre el paso de cebra y la calzada. Tambi\u00e9n se instalar\u00e1n elementos de calmado de tr\u00e1fico, como cojines berlineses y dem\u00e1s medios, para limitar la velocidad en estos entornos. Estas medidas se inscriben dentro del Plan de Entornos Escolares Seguros, elaborado en febrero de 2021, que incluye actuaciones en 60 centros educativos. En la convocatoria de ayudas se contemplan 16 actuaciones concretas, con un importe total de 796.606 euros, que podr\u00edan obtener una subvenci\u00f3n de 592.517 euros.<\/p>\n<p>El total de las inversiones previstas en los seis ejes recogidos en la convocatoria de ayudas asciende a 10,3 millones de euros de los que Pamplona podr\u00eda recibir 7,6 millones. Aproximadamente el 60% de este presupuesto ya estar\u00eda aprobado en los ejercicios 2021 y 2022, por lo que solo habr\u00eda que prev\u00e9 alrededor de 4 millones de euros en los presupuestos de 2023 y 2024, para ejecutar las obras no iniciadas.<br \/>\n<script async src=\"\/\/pagead2.googlesyndication.com\/pagead\/js\/adsbygoogle.js\"><\/script><br \/>\n<!-- Noticias La Guia de Pamplona --><br \/>\n<ins class=\"adsbygoogle\"\nstyle=\"display:block\"\ndata-ad-client=\"ca-pub-6943679897239327\"\ndata-ad-slot=\"7048180777\"\ndata-ad-format=\"auto\"><\/ins><br \/>\n<script>\n(adsbygoogle = window.adsbygoogle || []).push({});\n<\/script><\/p>\n<p><strong>Ayudas del Plan de Recuperaci\u00f3n, Transformaci\u00f3n y Resiliencia<\/strong><\/p>\n<p>\u00c9sta es la segunda convocatoria de ayudas lanzada por el Ministerio de Transportes, Movilidad y Agenda Urbana, especialmente dirigida para municipios con cargo a los fondos europeos Next Generation. En la primera, lanzada en 2021, Pamplona hizo dos solicitudes, con un importe de m\u00e1s de 13 millones de euros, para la implantaci\u00f3n de Zonas de Bajas Emisiones y el impulso de la movilidad sostenible en el transporte p\u00fablico, tal y como requer\u00eda la convocatoria, que buscaba la adecuaci\u00f3n de las localidades a la nueva ley de Cambio Clim\u00e1tico. En la resoluci\u00f3n definitiva de las ayudas, Pamplona logr\u00f3 6.330.425 euros.<\/p>\n<p>En esta nueva convocatoria, que tiene un presupuesto de 500 millones de euros, se exige que los municipios concurrentes tengan un plan de movilidad sostenible aprobado (Pamplona cuenta con uno desde mayo de 2019) y limita a uno el n\u00famero de solicitudes que pueden presentar. Asimismo, la solicitud puede contener, como m\u00e1ximo seis actuaciones individuales, que se pueden aprobar o rechazar independientemente. Pamplona ha solicitado el m\u00e1ximo permitido.<\/p>\n<p>La adjudicaci\u00f3n se har\u00e1 en funci\u00f3n de un baremo que incluye, como principal criterio de selecci\u00f3n, la madurez de los proyectos, es decir, que se encuentren en fase de licitaci\u00f3n o preparados para ser licitados o est\u00e9n ya adjudicados. De hecho, se podr\u00e1n obtener ayudas para actuaciones ya iniciadas, siempre y cuando no hayan finalizado en la fecha de inicio de la convocatoria. El plazo m\u00e1ximo de ejecuci\u00f3n de los proyectos que logren financiaci\u00f3n ser\u00e1 el 30 de junio de 2025.<\/p>\n","protected":false},"excerpt":{"rendered":"<p>Bajo el paraguas del proyecto \u2018Pamplona Avanza 3\u2019, concurrir\u00e1 a la convocatoria abierta por el Gobierno de Espa\u00f1a para ayudas a municipios<\/p>\n","protected":false},"author":1,"featured_media":41696,"comment_status":"open","ping_status":"closed","sticky":false,"template":"","format":"standard","meta":{"footnotes":""},"categories":[2],"tags":[],"class_list":["post-41695","post","type-post","status-publish","format-standard","has-post-thumbnail","hentry","category-ayuntamiento-pamplona"],"yoast_head":"<!-- This site is optimized with the Yoast SEO plugin v27.3 - https:\/\/yoast.com\/product\/yoast-seo-wordpress\/ -->\n<title>Pamplona solicita 7,6 millones de fondos europeos para ampliar carriles bici, aparcamientos disuasorios y el servicio de bicis el\u00e9ctricas, adem\u00e1s de mejorar los entornos peatonales de la ciudad<\/title>\n<meta name=\"description\" content=\"Bajo el paraguas del proyecto \u2018Pamplona Avanza 3\u2019, concurrir\u00e1 a la convocatoria abierta por el Gobierno de Espa\u00f1a para ayudas a municipios\" \/>\n<meta name=\"robots\" content=\"index, follow, max-snippet:-1, max-image-preview:large, max-video-preview:-1\" \/>\n<link rel=\"canonical\" href=\"https:\/\/www.laguiadepamplona.com\/actualidad\/pamplona-solicita-76-millones-de-fondos-europeos-para-ampliar-carriles-bici-aparcamientos-disuasorios-y-el-servicio-de-bicis-electricas-ademas-de-mejorar-los-entornos-peatonales-de-la-ciudad\/\" \/>\n<meta property=\"og:locale\" content=\"es_ES\" \/>\n<meta property=\"og:type\" content=\"article\" \/>\n<meta property=\"og:title\" content=\"Pamplona solicita 7,6 millones de fondos europeos para ampliar carriles bici, aparcamientos disuasorios y el servicio de bicis el\u00e9ctricas, adem\u00e1s de mejorar los entornos peatonales de la ciudad\" \/>\n<meta property=\"og:description\" content=\"Bajo el paraguas del proyecto \u2018Pamplona Avanza 3\u2019, concurrir\u00e1 a la convocatoria abierta por el Gobierno de Espa\u00f1a para ayudas a municipios\" \/>\n<meta property=\"og:url\" content=\"https:\/\/www.laguiadepamplona.com\/actualidad\/pamplona-solicita-76-millones-de-fondos-europeos-para-ampliar-carriles-bici-aparcamientos-disuasorios-y-el-servicio-de-bicis-electricas-ademas-de-mejorar-los-entornos-peatonales-de-la-ciudad\/\" \/>\n<meta property=\"og:site_name\" content=\"La Gu\u00eda de Pamplona\" \/>\n<meta property=\"article:publisher\" content=\"https:\/\/www.facebook.com\/laguiadepamplonacom-133175176762273\/?ref=hl\" \/>\n<meta property=\"article:published_time\" content=\"2022-09-26T10:47:06+00:00\" \/>\n<meta property=\"article:modified_time\" content=\"2023-04-11T09:47:48+00:00\" \/>\n<meta property=\"og:image\" content=\"https:\/\/www.laguiadepamplona.com\/actualidad\/wp-content\/uploads\/2022\/09\/bici-pamplona.webp\" \/>\n\t<meta property=\"og:image:width\" content=\"1511\" \/>\n\t<meta property=\"og:image:height\" content=\"863\" \/>\n\t<meta property=\"og:image:type\" content=\"image\/webp\" \/>\n<meta name=\"author\" content=\"La Gu\u00eda de Pamplona\" \/>\n<meta name=\"twitter:card\" content=\"summary_large_image\" \/>\n<meta name=\"twitter:creator\" content=\"@LaGuiadPamplona\" \/>\n<meta name=\"twitter:site\" content=\"@LaGuiadPamplona\" \/>\n<meta name=\"twitter:label1\" content=\"Escrito por\" \/>\n\t<meta name=\"twitter:data1\" content=\"La Gu\u00eda de Pamplona\" \/>\n\t<meta name=\"twitter:label2\" content=\"Tiempo de lectura\" \/>\n\t<meta name=\"twitter:data2\" content=\"6 minutos\" \/>\n<script type=\"application\/ld+json\" class=\"yoast-schema-graph\">{\"@context\":\"https:\\\/\\\/schema.org\",\"@graph\":[{\"@type\":\"Article\",\"@id\":\"https:\\\/\\\/www.laguiadepamplona.com\\\/actualidad\\\/pamplona-solicita-76-millones-de-fondos-europeos-para-ampliar-carriles-bici-aparcamientos-disuasorios-y-el-servicio-de-bicis-electricas-ademas-de-mejorar-los-entornos-peatonales-de-la-ciudad\\\/#article\",\"isPartOf\":{\"@id\":\"https:\\\/\\\/www.laguiadepamplona.com\\\/actualidad\\\/pamplona-solicita-76-millones-de-fondos-europeos-para-ampliar-carriles-bici-aparcamientos-disuasorios-y-el-servicio-de-bicis-electricas-ademas-de-mejorar-los-entornos-peatonales-de-la-ciudad\\\/\"},\"author\":{\"name\":\"La Gu\u00eda de Pamplona\",\"@id\":\"https:\\\/\\\/www.laguiadepamplona.com\\\/actualidad\\\/#\\\/schema\\\/person\\\/efe887376f0213d4657c93adc50b1fdb\"},\"headline\":\"Pamplona solicita 7,6 millones de fondos europeos para ampliar carriles bici, aparcamientos disuasorios y el servicio de bicis el\u00e9ctricas, adem\u00e1s de mejorar los entornos peatonales de la ciudad\",\"datePublished\":\"2022-09-26T10:47:06+00:00\",\"dateModified\":\"2023-04-11T09:47:48+00:00\",\"mainEntityOfPage\":{\"@id\":\"https:\\\/\\\/www.laguiadepamplona.com\\\/actualidad\\\/pamplona-solicita-76-millones-de-fondos-europeos-para-ampliar-carriles-bici-aparcamientos-disuasorios-y-el-servicio-de-bicis-electricas-ademas-de-mejorar-los-entornos-peatonales-de-la-ciudad\\\/\"},\"wordCount\":1335,\"commentCount\":0,\"publisher\":{\"@id\":\"https:\\\/\\\/www.laguiadepamplona.com\\\/actualidad\\\/#organization\"},\"image\":{\"@id\":\"https:\\\/\\\/www.laguiadepamplona.com\\\/actualidad\\\/pamplona-solicita-76-millones-de-fondos-europeos-para-ampliar-carriles-bici-aparcamientos-disuasorios-y-el-servicio-de-bicis-electricas-ademas-de-mejorar-los-entornos-peatonales-de-la-ciudad\\\/#primaryimage\"},\"thumbnailUrl\":\"https:\\\/\\\/www.laguiadepamplona.com\\\/actualidad\\\/wp-content\\\/uploads\\\/2022\\\/09\\\/bici-pamplona.webp\",\"articleSection\":[\"Ayto Pamplona\"],\"inLanguage\":\"es\",\"potentialAction\":[{\"@type\":\"CommentAction\",\"name\":\"Comment\",\"target\":[\"https:\\\/\\\/www.laguiadepamplona.com\\\/actualidad\\\/pamplona-solicita-76-millones-de-fondos-europeos-para-ampliar-carriles-bici-aparcamientos-disuasorios-y-el-servicio-de-bicis-electricas-ademas-de-mejorar-los-entornos-peatonales-de-la-ciudad\\\/#respond\"]}]},{\"@type\":\"WebPage\",\"@id\":\"https:\\\/\\\/www.laguiadepamplona.com\\\/actualidad\\\/pamplona-solicita-76-millones-de-fondos-europeos-para-ampliar-carriles-bici-aparcamientos-disuasorios-y-el-servicio-de-bicis-electricas-ademas-de-mejorar-los-entornos-peatonales-de-la-ciudad\\\/\",\"url\":\"https:\\\/\\\/www.laguiadepamplona.com\\\/actualidad\\\/pamplona-solicita-76-millones-de-fondos-europeos-para-ampliar-carriles-bici-aparcamientos-disuasorios-y-el-servicio-de-bicis-electricas-ademas-de-mejorar-los-entornos-peatonales-de-la-ciudad\\\/\",\"name\":\"Pamplona solicita 7,6 millones de fondos europeos para ampliar carriles bici, aparcamientos disuasorios y el servicio de bicis el\u00e9ctricas, adem\u00e1s de mejorar los entornos peatonales de la ciudad\",\"isPartOf\":{\"@id\":\"https:\\\/\\\/www.laguiadepamplona.com\\\/actualidad\\\/#website\"},\"primaryImageOfPage\":{\"@id\":\"https:\\\/\\\/www.laguiadepamplona.com\\\/actualidad\\\/pamplona-solicita-76-millones-de-fondos-europeos-para-ampliar-carriles-bici-aparcamientos-disuasorios-y-el-servicio-de-bicis-electricas-ademas-de-mejorar-los-entornos-peatonales-de-la-ciudad\\\/#primaryimage\"},\"image\":{\"@id\":\"https:\\\/\\\/www.laguiadepamplona.com\\\/actualidad\\\/pamplona-solicita-76-millones-de-fondos-europeos-para-ampliar-carriles-bici-aparcamientos-disuasorios-y-el-servicio-de-bicis-electricas-ademas-de-mejorar-los-entornos-peatonales-de-la-ciudad\\\/#primaryimage\"},\"thumbnailUrl\":\"https:\\\/\\\/www.laguiadepamplona.com\\\/actualidad\\\/wp-content\\\/uploads\\\/2022\\\/09\\\/bici-pamplona.webp\",\"datePublished\":\"2022-09-26T10:47:06+00:00\",\"dateModified\":\"2023-04-11T09:47:48+00:00\",\"description\":\"Bajo el paraguas del proyecto \u2018Pamplona Avanza 3\u2019, concurrir\u00e1 a la convocatoria abierta por el Gobierno de Espa\u00f1a para ayudas a municipios\",\"breadcrumb\":{\"@id\":\"https:\\\/\\\/www.laguiadepamplona.com\\\/actualidad\\\/pamplona-solicita-76-millones-de-fondos-europeos-para-ampliar-carriles-bici-aparcamientos-disuasorios-y-el-servicio-de-bicis-electricas-ademas-de-mejorar-los-entornos-peatonales-de-la-ciudad\\\/#breadcrumb\"},\"inLanguage\":\"es\",\"potentialAction\":[{\"@type\":\"ReadAction\",\"target\":[\"https:\\\/\\\/www.laguiadepamplona.com\\\/actualidad\\\/pamplona-solicita-76-millones-de-fondos-europeos-para-ampliar-carriles-bici-aparcamientos-disuasorios-y-el-servicio-de-bicis-electricas-ademas-de-mejorar-los-entornos-peatonales-de-la-ciudad\\\/\"]}]},{\"@type\":\"ImageObject\",\"inLanguage\":\"es\",\"@id\":\"https:\\\/\\\/www.laguiadepamplona.com\\\/actualidad\\\/pamplona-solicita-76-millones-de-fondos-europeos-para-ampliar-carriles-bici-aparcamientos-disuasorios-y-el-servicio-de-bicis-electricas-ademas-de-mejorar-los-entornos-peatonales-de-la-ciudad\\\/#primaryimage\",\"url\":\"https:\\\/\\\/www.laguiadepamplona.com\\\/actualidad\\\/wp-content\\\/uploads\\\/2022\\\/09\\\/bici-pamplona.webp\",\"contentUrl\":\"https:\\\/\\\/www.laguiadepamplona.com\\\/actualidad\\\/wp-content\\\/uploads\\\/2022\\\/09\\\/bici-pamplona.webp\",\"width\":1511,\"height\":863,\"caption\":\"bicicletas\"},{\"@type\":\"BreadcrumbList\",\"@id\":\"https:\\\/\\\/www.laguiadepamplona.com\\\/actualidad\\\/pamplona-solicita-76-millones-de-fondos-europeos-para-ampliar-carriles-bici-aparcamientos-disuasorios-y-el-servicio-de-bicis-electricas-ademas-de-mejorar-los-entornos-peatonales-de-la-ciudad\\\/#breadcrumb\",\"itemListElement\":[{\"@type\":\"ListItem\",\"position\":1,\"name\":\"Portada\",\"item\":\"https:\\\/\\\/www.laguiadepamplona.com\\\/actualidad\\\/\"},{\"@type\":\"ListItem\",\"position\":2,\"name\":\"Pamplona solicita 7,6 millones de fondos europeos para ampliar carriles bici, aparcamientos disuasorios y el servicio de bicis el\u00e9ctricas, adem\u00e1s de mejorar los entornos peatonales de la ciudad\"}]},{\"@type\":\"WebSite\",\"@id\":\"https:\\\/\\\/www.laguiadepamplona.com\\\/actualidad\\\/#website\",\"url\":\"https:\\\/\\\/www.laguiadepamplona.com\\\/actualidad\\\/\",\"name\":\"La gu\u00eda de Pamplona\",\"description\":\"Noticias de Pamplona\",\"publisher\":{\"@id\":\"https:\\\/\\\/www.laguiadepamplona.com\\\/actualidad\\\/#organization\"},\"potentialAction\":[{\"@type\":\"SearchAction\",\"target\":{\"@type\":\"EntryPoint\",\"urlTemplate\":\"https:\\\/\\\/www.laguiadepamplona.com\\\/actualidad\\\/?s={search_term_string}\"},\"query-input\":{\"@type\":\"PropertyValueSpecification\",\"valueRequired\":true,\"valueName\":\"search_term_string\"}}],\"inLanguage\":\"es\"},{\"@type\":\"Organization\",\"@id\":\"https:\\\/\\\/www.laguiadepamplona.com\\\/actualidad\\\/#organization\",\"name\":\"La Gu\u00eda de Pamplona \\\/ Noticias\",\"url\":\"https:\\\/\\\/www.laguiadepamplona.com\\\/actualidad\\\/\",\"logo\":{\"@type\":\"ImageObject\",\"inLanguage\":\"es\",\"@id\":\"https:\\\/\\\/www.laguiadepamplona.com\\\/actualidad\\\/#\\\/schema\\\/logo\\\/image\\\/\",\"url\":\"https:\\\/\\\/www.laguiadepamplona.com\\\/actualidad\\\/wp-content\\\/uploads\\\/2018\\\/11\\\/logo-laguiadepamplona18-web1.png\",\"contentUrl\":\"https:\\\/\\\/www.laguiadepamplona.com\\\/actualidad\\\/wp-content\\\/uploads\\\/2018\\\/11\\\/logo-laguiadepamplona18-web1.png\",\"width\":600,\"height\":196,\"caption\":\"La Gu\u00eda de Pamplona \\\/ Noticias\"},\"image\":{\"@id\":\"https:\\\/\\\/www.laguiadepamplona.com\\\/actualidad\\\/#\\\/schema\\\/logo\\\/image\\\/\"},\"sameAs\":[\"https:\\\/\\\/www.facebook.com\\\/laguiadepamplonacom-133175176762273\\\/?ref=hl\",\"https:\\\/\\\/x.com\\\/LaGuiadPamplona\",\"https:\\\/\\\/www.instagram.com\\\/la_guia_de_pamplona\\\/\",\"https:\\\/\\\/www.youtube.com\\\/user\\\/laguiadepamplona\"]},{\"@type\":\"Person\",\"@id\":\"https:\\\/\\\/www.laguiadepamplona.com\\\/actualidad\\\/#\\\/schema\\\/person\\\/efe887376f0213d4657c93adc50b1fdb\",\"name\":\"La Gu\u00eda de Pamplona\",\"image\":{\"@type\":\"ImageObject\",\"inLanguage\":\"es\",\"@id\":\"https:\\\/\\\/secure.gravatar.com\\\/avatar\\\/b6992f131dc8d30ab0dff15446e9d346d9dbd95992de0fef795073f5ea83a81c?s=96&d=mm&r=g\",\"url\":\"https:\\\/\\\/secure.gravatar.com\\\/avatar\\\/b6992f131dc8d30ab0dff15446e9d346d9dbd95992de0fef795073f5ea83a81c?s=96&d=mm&r=g\",\"contentUrl\":\"https:\\\/\\\/secure.gravatar.com\\\/avatar\\\/b6992f131dc8d30ab0dff15446e9d346d9dbd95992de0fef795073f5ea83a81c?s=96&d=mm&r=g\",\"caption\":\"La Gu\u00eda de Pamplona\"}}]}<\/script>\n<!-- \/ Yoast SEO plugin. -->","yoast_head_json":{"title":"Pamplona solicita 7,6 millones de fondos europeos para ampliar carriles bici, aparcamientos disuasorios y el servicio de bicis el\u00e9ctricas, adem\u00e1s de mejorar los entornos peatonales de la ciudad","description":"Bajo el paraguas del proyecto \u2018Pamplona Avanza 3\u2019, concurrir\u00e1 a la convocatoria abierta por el Gobierno de Espa\u00f1a para ayudas a municipios","robots":{"index":"index","follow":"follow","max-snippet":"max-snippet:-1","max-image-preview":"max-image-preview:large","max-video-preview":"max-video-preview:-1"},"canonical":"https:\/\/www.laguiadepamplona.com\/actualidad\/pamplona-solicita-76-millones-de-fondos-europeos-para-ampliar-carriles-bici-aparcamientos-disuasorios-y-el-servicio-de-bicis-electricas-ademas-de-mejorar-los-entornos-peatonales-de-la-ciudad\/","og_locale":"es_ES","og_type":"article","og_title":"Pamplona solicita 7,6 millones de fondos europeos para ampliar carriles bici, aparcamientos disuasorios y el servicio de bicis el\u00e9ctricas, adem\u00e1s de mejorar los entornos peatonales de la ciudad","og_description":"Bajo el paraguas del proyecto \u2018Pamplona Avanza 3\u2019, concurrir\u00e1 a la convocatoria abierta por el Gobierno de Espa\u00f1a para ayudas a municipios","og_url":"https:\/\/www.laguiadepamplona.com\/actualidad\/pamplona-solicita-76-millones-de-fondos-europeos-para-ampliar-carriles-bici-aparcamientos-disuasorios-y-el-servicio-de-bicis-electricas-ademas-de-mejorar-los-entornos-peatonales-de-la-ciudad\/","og_site_name":"La Gu\u00eda de Pamplona","article_publisher":"https:\/\/www.facebook.com\/laguiadepamplonacom-133175176762273\/?ref=hl","article_published_time":"2022-09-26T10:47:06+00:00","article_modified_time":"2023-04-11T09:47:48+00:00","og_image":[{"width":1511,"height":863,"url":"https:\/\/www.laguiadepamplona.com\/actualidad\/wp-content\/uploads\/2022\/09\/bici-pamplona.webp","type":"image\/webp"}],"author":"La Gu\u00eda de Pamplona","twitter_card":"summary_large_image","twitter_creator":"@LaGuiadPamplona","twitter_site":"@LaGuiadPamplona","twitter_misc":{"Escrito por":"La Gu\u00eda de Pamplona","Tiempo de lectura":"6 minutos"},"schema":{"@context":"https:\/\/schema.org","@graph":[{"@type":"Article","@id":"https:\/\/www.laguiadepamplona.com\/actualidad\/pamplona-solicita-76-millones-de-fondos-europeos-para-ampliar-carriles-bici-aparcamientos-disuasorios-y-el-servicio-de-bicis-electricas-ademas-de-mejorar-los-entornos-peatonales-de-la-ciudad\/#article","isPartOf":{"@id":"https:\/\/www.laguiadepamplona.com\/actualidad\/pamplona-solicita-76-millones-de-fondos-europeos-para-ampliar-carriles-bici-aparcamientos-disuasorios-y-el-servicio-de-bicis-electricas-ademas-de-mejorar-los-entornos-peatonales-de-la-ciudad\/"},"author":{"name":"La Gu\u00eda de Pamplona","@id":"https:\/\/www.laguiadepamplona.com\/actualidad\/#\/schema\/person\/efe887376f0213d4657c93adc50b1fdb"},"headline":"Pamplona solicita 7,6 millones de fondos europeos para ampliar carriles bici, aparcamientos disuasorios y el servicio de bicis el\u00e9ctricas, adem\u00e1s de mejorar los entornos peatonales de la ciudad","datePublished":"2022-09-26T10:47:06+00:00","dateModified":"2023-04-11T09:47:48+00:00","mainEntityOfPage":{"@id":"https:\/\/www.laguiadepamplona.com\/actualidad\/pamplona-solicita-76-millones-de-fondos-europeos-para-ampliar-carriles-bici-aparcamientos-disuasorios-y-el-servicio-de-bicis-electricas-ademas-de-mejorar-los-entornos-peatonales-de-la-ciudad\/"},"wordCount":1335,"commentCount":0,"publisher":{"@id":"https:\/\/www.laguiadepamplona.com\/actualidad\/#organization"},"image":{"@id":"https:\/\/www.laguiadepamplona.com\/actualidad\/pamplona-solicita-76-millones-de-fondos-europeos-para-ampliar-carriles-bici-aparcamientos-disuasorios-y-el-servicio-de-bicis-electricas-ademas-de-mejorar-los-entornos-peatonales-de-la-ciudad\/#primaryimage"},"thumbnailUrl":"https:\/\/www.laguiadepamplona.com\/actualidad\/wp-content\/uploads\/2022\/09\/bici-pamplona.webp","articleSection":["Ayto Pamplona"],"inLanguage":"es","potentialAction":[{"@type":"CommentAction","name":"Comment","target":["https:\/\/www.laguiadepamplona.com\/actualidad\/pamplona-solicita-76-millones-de-fondos-europeos-para-ampliar-carriles-bici-aparcamientos-disuasorios-y-el-servicio-de-bicis-electricas-ademas-de-mejorar-los-entornos-peatonales-de-la-ciudad\/#respond"]}]},{"@type":"WebPage","@id":"https:\/\/www.laguiadepamplona.com\/actualidad\/pamplona-solicita-76-millones-de-fondos-europeos-para-ampliar-carriles-bici-aparcamientos-disuasorios-y-el-servicio-de-bicis-electricas-ademas-de-mejorar-los-entornos-peatonales-de-la-ciudad\/","url":"https:\/\/www.laguiadepamplona.com\/actualidad\/pamplona-solicita-76-millones-de-fondos-europeos-para-ampliar-carriles-bici-aparcamientos-disuasorios-y-el-servicio-de-bicis-electricas-ademas-de-mejorar-los-entornos-peatonales-de-la-ciudad\/","name":"Pamplona solicita 7,6 millones de fondos europeos para ampliar carriles bici, aparcamientos disuasorios y el servicio de bicis el\u00e9ctricas, adem\u00e1s de mejorar los entornos peatonales de la ciudad","isPartOf":{"@id":"https:\/\/www.laguiadepamplona.com\/actualidad\/#website"},"primaryImageOfPage":{"@id":"https:\/\/www.laguiadepamplona.com\/actualidad\/pamplona-solicita-76-millones-de-fondos-europeos-para-ampliar-carriles-bici-aparcamientos-disuasorios-y-el-servicio-de-bicis-electricas-ademas-de-mejorar-los-entornos-peatonales-de-la-ciudad\/#primaryimage"},"image":{"@id":"https:\/\/www.laguiadepamplona.com\/actualidad\/pamplona-solicita-76-millones-de-fondos-europeos-para-ampliar-carriles-bici-aparcamientos-disuasorios-y-el-servicio-de-bicis-electricas-ademas-de-mejorar-los-entornos-peatonales-de-la-ciudad\/#primaryimage"},"thumbnailUrl":"https:\/\/www.laguiadepamplona.com\/actualidad\/wp-content\/uploads\/2022\/09\/bici-pamplona.webp","datePublished":"2022-09-26T10:47:06+00:00","dateModified":"2023-04-11T09:47:48+00:00","description":"Bajo el paraguas del proyecto \u2018Pamplona Avanza 3\u2019, concurrir\u00e1 a la convocatoria abierta por el Gobierno de Espa\u00f1a para ayudas a municipios","breadcrumb":{"@id":"https:\/\/www.laguiadepamplona.com\/actualidad\/pamplona-solicita-76-millones-de-fondos-europeos-para-ampliar-carriles-bici-aparcamientos-disuasorios-y-el-servicio-de-bicis-electricas-ademas-de-mejorar-los-entornos-peatonales-de-la-ciudad\/#breadcrumb"},"inLanguage":"es","potentialAction":[{"@type":"ReadAction","target":["https:\/\/www.laguiadepamplona.com\/actualidad\/pamplona-solicita-76-millones-de-fondos-europeos-para-ampliar-carriles-bici-aparcamientos-disuasorios-y-el-servicio-de-bicis-electricas-ademas-de-mejorar-los-entornos-peatonales-de-la-ciudad\/"]}]},{"@type":"ImageObject","inLanguage":"es","@id":"https:\/\/www.laguiadepamplona.com\/actualidad\/pamplona-solicita-76-millones-de-fondos-europeos-para-ampliar-carriles-bici-aparcamientos-disuasorios-y-el-servicio-de-bicis-electricas-ademas-de-mejorar-los-entornos-peatonales-de-la-ciudad\/#primaryimage","url":"https:\/\/www.laguiadepamplona.com\/actualidad\/wp-content\/uploads\/2022\/09\/bici-pamplona.webp","contentUrl":"https:\/\/www.laguiadepamplona.com\/actualidad\/wp-content\/uploads\/2022\/09\/bici-pamplona.webp","width":1511,"height":863,"caption":"bicicletas"},{"@type":"BreadcrumbList","@id":"https:\/\/www.laguiadepamplona.com\/actualidad\/pamplona-solicita-76-millones-de-fondos-europeos-para-ampliar-carriles-bici-aparcamientos-disuasorios-y-el-servicio-de-bicis-electricas-ademas-de-mejorar-los-entornos-peatonales-de-la-ciudad\/#breadcrumb","itemListElement":[{"@type":"ListItem","position":1,"name":"Portada","item":"https:\/\/www.laguiadepamplona.com\/actualidad\/"},{"@type":"ListItem","position":2,"name":"Pamplona solicita 7,6 millones de fondos europeos para ampliar carriles bici, aparcamientos disuasorios y el servicio de bicis el\u00e9ctricas, adem\u00e1s de mejorar los entornos peatonales de la ciudad"}]},{"@type":"WebSite","@id":"https:\/\/www.laguiadepamplona.com\/actualidad\/#website","url":"https:\/\/www.laguiadepamplona.com\/actualidad\/","name":"La gu\u00eda de Pamplona","description":"Noticias de Pamplona","publisher":{"@id":"https:\/\/www.laguiadepamplona.com\/actualidad\/#organization"},"potentialAction":[{"@type":"SearchAction","target":{"@type":"EntryPoint","urlTemplate":"https:\/\/www.laguiadepamplona.com\/actualidad\/?s={search_term_string}"},"query-input":{"@type":"PropertyValueSpecification","valueRequired":true,"valueName":"search_term_string"}}],"inLanguage":"es"},{"@type":"Organization","@id":"https:\/\/www.laguiadepamplona.com\/actualidad\/#organization","name":"La Gu\u00eda de Pamplona \/ Noticias","url":"https:\/\/www.laguiadepamplona.com\/actualidad\/","logo":{"@type":"ImageObject","inLanguage":"es","@id":"https:\/\/www.laguiadepamplona.com\/actualidad\/#\/schema\/logo\/image\/","url":"https:\/\/www.laguiadepamplona.com\/actualidad\/wp-content\/uploads\/2018\/11\/logo-laguiadepamplona18-web1.png","contentUrl":"https:\/\/www.laguiadepamplona.com\/actualidad\/wp-content\/uploads\/2018\/11\/logo-laguiadepamplona18-web1.png","width":600,"height":196,"caption":"La Gu\u00eda de Pamplona \/ Noticias"},"image":{"@id":"https:\/\/www.laguiadepamplona.com\/actualidad\/#\/schema\/logo\/image\/"},"sameAs":["https:\/\/www.facebook.com\/laguiadepamplonacom-133175176762273\/?ref=hl","https:\/\/x.com\/LaGuiadPamplona","https:\/\/www.instagram.com\/la_guia_de_pamplona\/","https:\/\/www.youtube.com\/user\/laguiadepamplona"]},{"@type":"Person","@id":"https:\/\/www.laguiadepamplona.com\/actualidad\/#\/schema\/person\/efe887376f0213d4657c93adc50b1fdb","name":"La Gu\u00eda de Pamplona","image":{"@type":"ImageObject","inLanguage":"es","@id":"https:\/\/secure.gravatar.com\/avatar\/b6992f131dc8d30ab0dff15446e9d346d9dbd95992de0fef795073f5ea83a81c?s=96&d=mm&r=g","url":"https:\/\/secure.gravatar.com\/avatar\/b6992f131dc8d30ab0dff15446e9d346d9dbd95992de0fef795073f5ea83a81c?s=96&d=mm&r=g","contentUrl":"https:\/\/secure.gravatar.com\/avatar\/b6992f131dc8d30ab0dff15446e9d346d9dbd95992de0fef795073f5ea83a81c?s=96&d=mm&r=g","caption":"La Gu\u00eda de Pamplona"}}]}},"post_mailing_queue_ids":[],"_links":{"self":[{"href":"https:\/\/www.laguiadepamplona.com\/actualidad\/wp-json\/wp\/v2\/posts\/41695","targetHints":{"allow":["GET"]}}],"collection":[{"href":"https:\/\/www.laguiadepamplona.com\/actualidad\/wp-json\/wp\/v2\/posts"}],"about":[{"href":"https:\/\/www.laguiadepamplona.com\/actualidad\/wp-json\/wp\/v2\/types\/post"}],"author":[{"embeddable":true,"href":"https:\/\/www.laguiadepamplona.com\/actualidad\/wp-json\/wp\/v2\/users\/1"}],"replies":[{"embeddable":true,"href":"https:\/\/www.laguiadepamplona.com\/actualidad\/wp-json\/wp\/v2\/comments?post=41695"}],"version-history":[{"count":0,"href":"https:\/\/www.laguiadepamplona.com\/actualidad\/wp-json\/wp\/v2\/posts\/41695\/revisions"}],"wp:featuredmedia":[{"embeddable":true,"href":"https:\/\/www.laguiadepamplona.com\/actualidad\/wp-json\/wp\/v2\/media\/41696"}],"wp:attachment":[{"href":"https:\/\/www.laguiadepamplona.com\/actualidad\/wp-json\/wp\/v2\/media?parent=41695"}],"wp:term":[{"taxonomy":"category","embeddable":true,"href":"https:\/\/www.laguiadepamplona.com\/actualidad\/wp-json\/wp\/v2\/categories?post=41695"},{"taxonomy":"post_tag","embeddable":true,"href":"https:\/\/www.laguiadepamplona.com\/actualidad\/wp-json\/wp\/v2\/tags?post=41695"}],"curies":[{"name":"wp","href":"https:\/\/api.w.org\/{rel}","templated":true}]}}