{"id":41692,"date":"2022-09-23T17:10:15","date_gmt":"2022-09-23T15:10:15","guid":{"rendered":"https:\/\/www.laguiadepamplona.com\/actualidad\/?p=41692"},"modified":"2023-04-11T11:47:48","modified_gmt":"2023-04-11T09:47:48","slug":"pamplona-danzara-al-ritmo-de-la-musica-contemporanea-este-domingo-con-motivo-de-la-celebracion-del-50o-aniversario-de-los-encuentros-de-pamplona-de-1972","status":"publish","type":"post","link":"https:\/\/www.laguiadepamplona.com\/actualidad\/pamplona-danzara-al-ritmo-de-la-musica-contemporanea-este-domingo-con-motivo-de-la-celebracion-del-50o-aniversario-de-los-encuentros-de-pamplona-de-1972\/","title":{"rendered":"Pamplona danzar\u00e1 al ritmo de la m\u00fasica contempor\u00e1nea este domingo con motivo de la celebraci\u00f3n del 50\u00ba aniversario de los Encuentros de Pamplona de 1972"},"content":{"rendered":"<h5>La Faktoria inaugurar\u00e1 as\u00ed las intervenciones de calle que el Ayuntamiento de Pamplona tiene previsto programar con motivo de este aniversario.<\/h5>\n<p><!--more--><\/p>\n<p>Este pr\u00f3ximo domingo 25 de septiembre el Ayuntamiento de Pamplona ofrecer\u00e1 la primera intervenci\u00f3n de calle organizada con motivo del 50\u00ba aniversario de los Encuentros de Pamplona. A partir de las 17 horas, La Faktoria Choreographic Center presentar\u00e1 a Led Silhouette, D\u00fao Qabalum, D\u00fao Taut\u00f3 y la bailarina Idoia Rodr\u00edguez, que mostrar\u00e1n sus creaciones por la calle Nueva, la plaza del Consejo, la calle Zapater\u00eda, el pasadizo de la Jacoba y la Plaza del Castillo. Si las condiciones climatol\u00f3gicas lo impiden, la acci\u00f3n performativa se trasladar\u00e1 a los porches de la Plaza del Castillo, previo aviso por parte de la organizaci\u00f3n.<br \/>\n<script async src=\"\/\/pagead2.googlesyndication.com\/pagead\/js\/adsbygoogle.js\"><\/script><br \/>\n<!-- Noticias La Guia de Pamplona --><br \/>\n<ins class=\"adsbygoogle\"\nstyle=\"display:block\"\ndata-ad-client=\"ca-pub-6943679897239327\"\ndata-ad-slot=\"7048180777\"\ndata-ad-format=\"auto\"><\/ins><br \/>\n<script>\n(adsbygoogle = window.adsbygoogle || []).push({});\n<\/script><\/p>\n<p>El p\u00fablico ser\u00e1 testigo durante una hora de una intervenci\u00f3n de calle donde la danza contempor\u00e1nea ser\u00e1 protagonista. Durante ese tiempo, Pamplona se transformar\u00e1 en un escenario al aire libre donde todo el mundo podr\u00e1 entrar en contacto con el lenguaje coreogr\u00e1fico actual y la m\u00fasica, que presentar\u00e1 una nueva manera de interpretar la ciudad. La Faktoria Choreographic Center es un centro internacional de creaci\u00f3n, investigaci\u00f3n y formaci\u00f3n de danza contempor\u00e1nea y artes del movimiento creado por Marta Coronado, Carmen Larraz y Laida Aldaz en No\u00e1in.<\/p>\n<p>Esta iniciativa se suma a la variada programaci\u00f3n que presenta el Ayuntamiento con motivo de la conmemoraci\u00f3n de los 50 a\u00f1os de los Encuentros de Pamplona y que incluye, adem\u00e1s de esta propuesta, una serie de exposiciones, performances y publicaciones con artistas como Isidoro Valc\u00e1rcel, Alexanco Koldo Chamorro, P\u00edo Guerendian o el compositor Gordon Williamson. Los Encuentros de Pamplona de 1972 fueron un acontecimiento cultural que marc\u00f3 un hito en la historia del arte performativo europeo en los a\u00f1os 70 y que situ\u00f3 a Pamplona como referencia internacional de creaci\u00f3n cultural.<\/p>\n","protected":false},"excerpt":{"rendered":"<p>La Faktoria inaugurar\u00e1 as\u00ed las intervenciones de calle que el Ayuntamiento de Pamplona tiene previsto programar con motivo de este aniversario.<\/p>\n","protected":false},"author":1,"featured_media":41693,"comment_status":"open","ping_status":"closed","sticky":false,"template":"","format":"standard","meta":{"footnotes":""},"categories":[2],"tags":[],"class_list":["post-41692","post","type-post","status-publish","format-standard","has-post-thumbnail","hentry","category-ayuntamiento-pamplona"],"yoast_head":"<!-- This site is optimized with the Yoast SEO plugin v27.3 - https:\/\/yoast.com\/product\/yoast-seo-wordpress\/ -->\n<title>Pamplona danzar\u00e1 al ritmo de la m\u00fasica contempor\u00e1nea este domingo con motivo de la celebraci\u00f3n del 50\u00ba aniversario de los Encuentros de Pamplona de 1972<\/title>\n<meta name=\"description\" content=\"La Faktoria inaugurar\u00e1 as\u00ed las intervenciones de calle que el Ayuntamiento de Pamplona tiene previsto programar con motivo de este aniversario.\" \/>\n<meta name=\"robots\" content=\"index, follow, max-snippet:-1, max-image-preview:large, max-video-preview:-1\" \/>\n<link rel=\"canonical\" href=\"https:\/\/www.laguiadepamplona.com\/actualidad\/pamplona-danzara-al-ritmo-de-la-musica-contemporanea-este-domingo-con-motivo-de-la-celebracion-del-50o-aniversario-de-los-encuentros-de-pamplona-de-1972\/\" \/>\n<meta property=\"og:locale\" content=\"es_ES\" \/>\n<meta property=\"og:type\" content=\"article\" \/>\n<meta property=\"og:title\" content=\"Pamplona danzar\u00e1 al ritmo de la m\u00fasica contempor\u00e1nea este domingo con motivo de la celebraci\u00f3n del 50\u00ba aniversario de los Encuentros de Pamplona de 1972\" \/>\n<meta property=\"og:description\" content=\"La Faktoria inaugurar\u00e1 as\u00ed las intervenciones de calle que el Ayuntamiento de Pamplona tiene previsto programar con motivo de este aniversario.\" \/>\n<meta property=\"og:url\" content=\"https:\/\/www.laguiadepamplona.com\/actualidad\/pamplona-danzara-al-ritmo-de-la-musica-contemporanea-este-domingo-con-motivo-de-la-celebracion-del-50o-aniversario-de-los-encuentros-de-pamplona-de-1972\/\" \/>\n<meta property=\"og:site_name\" content=\"La Gu\u00eda de Pamplona\" \/>\n<meta property=\"article:publisher\" content=\"https:\/\/www.facebook.com\/laguiadepamplonacom-133175176762273\/?ref=hl\" \/>\n<meta property=\"article:published_time\" content=\"2022-09-23T15:10:15+00:00\" \/>\n<meta property=\"article:modified_time\" content=\"2023-04-11T09:47:48+00:00\" \/>\n<meta property=\"og:image\" content=\"https:\/\/www.laguiadepamplona.com\/actualidad\/wp-content\/uploads\/2022\/09\/encuentros72-copia_0.jpg\" \/>\n\t<meta property=\"og:image:width\" content=\"767\" \/>\n\t<meta property=\"og:image:height\" content=\"363\" \/>\n\t<meta property=\"og:image:type\" content=\"image\/jpeg\" \/>\n<meta name=\"author\" content=\"La Gu\u00eda de Pamplona\" \/>\n<meta name=\"twitter:card\" content=\"summary_large_image\" \/>\n<meta name=\"twitter:creator\" content=\"@LaGuiadPamplona\" \/>\n<meta name=\"twitter:site\" content=\"@LaGuiadPamplona\" \/>\n<meta name=\"twitter:label1\" content=\"Escrito por\" \/>\n\t<meta name=\"twitter:data1\" content=\"La Gu\u00eda de Pamplona\" \/>\n\t<meta name=\"twitter:label2\" content=\"Tiempo de lectura\" \/>\n\t<meta name=\"twitter:data2\" content=\"2 minutos\" \/>\n<script type=\"application\/ld+json\" class=\"yoast-schema-graph\">{\"@context\":\"https:\\\/\\\/schema.org\",\"@graph\":[{\"@type\":\"Article\",\"@id\":\"https:\\\/\\\/www.laguiadepamplona.com\\\/actualidad\\\/pamplona-danzara-al-ritmo-de-la-musica-contemporanea-este-domingo-con-motivo-de-la-celebracion-del-50o-aniversario-de-los-encuentros-de-pamplona-de-1972\\\/#article\",\"isPartOf\":{\"@id\":\"https:\\\/\\\/www.laguiadepamplona.com\\\/actualidad\\\/pamplona-danzara-al-ritmo-de-la-musica-contemporanea-este-domingo-con-motivo-de-la-celebracion-del-50o-aniversario-de-los-encuentros-de-pamplona-de-1972\\\/\"},\"author\":{\"name\":\"La Gu\u00eda de Pamplona\",\"@id\":\"https:\\\/\\\/www.laguiadepamplona.com\\\/actualidad\\\/#\\\/schema\\\/person\\\/efe887376f0213d4657c93adc50b1fdb\"},\"headline\":\"Pamplona danzar\u00e1 al ritmo de la m\u00fasica contempor\u00e1nea este domingo con motivo de la celebraci\u00f3n del 50\u00ba aniversario de los Encuentros de Pamplona de 1972\",\"datePublished\":\"2022-09-23T15:10:15+00:00\",\"dateModified\":\"2023-04-11T09:47:48+00:00\",\"mainEntityOfPage\":{\"@id\":\"https:\\\/\\\/www.laguiadepamplona.com\\\/actualidad\\\/pamplona-danzara-al-ritmo-de-la-musica-contemporanea-este-domingo-con-motivo-de-la-celebracion-del-50o-aniversario-de-los-encuentros-de-pamplona-de-1972\\\/\"},\"wordCount\":347,\"commentCount\":0,\"publisher\":{\"@id\":\"https:\\\/\\\/www.laguiadepamplona.com\\\/actualidad\\\/#organization\"},\"image\":{\"@id\":\"https:\\\/\\\/www.laguiadepamplona.com\\\/actualidad\\\/pamplona-danzara-al-ritmo-de-la-musica-contemporanea-este-domingo-con-motivo-de-la-celebracion-del-50o-aniversario-de-los-encuentros-de-pamplona-de-1972\\\/#primaryimage\"},\"thumbnailUrl\":\"https:\\\/\\\/www.laguiadepamplona.com\\\/actualidad\\\/wp-content\\\/uploads\\\/2022\\\/09\\\/encuentros72-copia_0.jpg\",\"articleSection\":[\"Ayto Pamplona\"],\"inLanguage\":\"es\",\"potentialAction\":[{\"@type\":\"CommentAction\",\"name\":\"Comment\",\"target\":[\"https:\\\/\\\/www.laguiadepamplona.com\\\/actualidad\\\/pamplona-danzara-al-ritmo-de-la-musica-contemporanea-este-domingo-con-motivo-de-la-celebracion-del-50o-aniversario-de-los-encuentros-de-pamplona-de-1972\\\/#respond\"]}]},{\"@type\":\"WebPage\",\"@id\":\"https:\\\/\\\/www.laguiadepamplona.com\\\/actualidad\\\/pamplona-danzara-al-ritmo-de-la-musica-contemporanea-este-domingo-con-motivo-de-la-celebracion-del-50o-aniversario-de-los-encuentros-de-pamplona-de-1972\\\/\",\"url\":\"https:\\\/\\\/www.laguiadepamplona.com\\\/actualidad\\\/pamplona-danzara-al-ritmo-de-la-musica-contemporanea-este-domingo-con-motivo-de-la-celebracion-del-50o-aniversario-de-los-encuentros-de-pamplona-de-1972\\\/\",\"name\":\"Pamplona danzar\u00e1 al ritmo de la m\u00fasica contempor\u00e1nea este domingo con motivo de la celebraci\u00f3n del 50\u00ba aniversario de los Encuentros de Pamplona de 1972\",\"isPartOf\":{\"@id\":\"https:\\\/\\\/www.laguiadepamplona.com\\\/actualidad\\\/#website\"},\"primaryImageOfPage\":{\"@id\":\"https:\\\/\\\/www.laguiadepamplona.com\\\/actualidad\\\/pamplona-danzara-al-ritmo-de-la-musica-contemporanea-este-domingo-con-motivo-de-la-celebracion-del-50o-aniversario-de-los-encuentros-de-pamplona-de-1972\\\/#primaryimage\"},\"image\":{\"@id\":\"https:\\\/\\\/www.laguiadepamplona.com\\\/actualidad\\\/pamplona-danzara-al-ritmo-de-la-musica-contemporanea-este-domingo-con-motivo-de-la-celebracion-del-50o-aniversario-de-los-encuentros-de-pamplona-de-1972\\\/#primaryimage\"},\"thumbnailUrl\":\"https:\\\/\\\/www.laguiadepamplona.com\\\/actualidad\\\/wp-content\\\/uploads\\\/2022\\\/09\\\/encuentros72-copia_0.jpg\",\"datePublished\":\"2022-09-23T15:10:15+00:00\",\"dateModified\":\"2023-04-11T09:47:48+00:00\",\"description\":\"La Faktoria inaugurar\u00e1 as\u00ed las intervenciones de calle que el Ayuntamiento de Pamplona tiene previsto programar con motivo de este aniversario.\",\"breadcrumb\":{\"@id\":\"https:\\\/\\\/www.laguiadepamplona.com\\\/actualidad\\\/pamplona-danzara-al-ritmo-de-la-musica-contemporanea-este-domingo-con-motivo-de-la-celebracion-del-50o-aniversario-de-los-encuentros-de-pamplona-de-1972\\\/#breadcrumb\"},\"inLanguage\":\"es\",\"potentialAction\":[{\"@type\":\"ReadAction\",\"target\":[\"https:\\\/\\\/www.laguiadepamplona.com\\\/actualidad\\\/pamplona-danzara-al-ritmo-de-la-musica-contemporanea-este-domingo-con-motivo-de-la-celebracion-del-50o-aniversario-de-los-encuentros-de-pamplona-de-1972\\\/\"]}]},{\"@type\":\"ImageObject\",\"inLanguage\":\"es\",\"@id\":\"https:\\\/\\\/www.laguiadepamplona.com\\\/actualidad\\\/pamplona-danzara-al-ritmo-de-la-musica-contemporanea-este-domingo-con-motivo-de-la-celebracion-del-50o-aniversario-de-los-encuentros-de-pamplona-de-1972\\\/#primaryimage\",\"url\":\"https:\\\/\\\/www.laguiadepamplona.com\\\/actualidad\\\/wp-content\\\/uploads\\\/2022\\\/09\\\/encuentros72-copia_0.jpg\",\"contentUrl\":\"https:\\\/\\\/www.laguiadepamplona.com\\\/actualidad\\\/wp-content\\\/uploads\\\/2022\\\/09\\\/encuentros72-copia_0.jpg\",\"width\":767,\"height\":363},{\"@type\":\"BreadcrumbList\",\"@id\":\"https:\\\/\\\/www.laguiadepamplona.com\\\/actualidad\\\/pamplona-danzara-al-ritmo-de-la-musica-contemporanea-este-domingo-con-motivo-de-la-celebracion-del-50o-aniversario-de-los-encuentros-de-pamplona-de-1972\\\/#breadcrumb\",\"itemListElement\":[{\"@type\":\"ListItem\",\"position\":1,\"name\":\"Portada\",\"item\":\"https:\\\/\\\/www.laguiadepamplona.com\\\/actualidad\\\/\"},{\"@type\":\"ListItem\",\"position\":2,\"name\":\"Pamplona danzar\u00e1 al ritmo de la m\u00fasica contempor\u00e1nea este domingo con motivo de la celebraci\u00f3n del 50\u00ba aniversario de los Encuentros de Pamplona de 1972\"}]},{\"@type\":\"WebSite\",\"@id\":\"https:\\\/\\\/www.laguiadepamplona.com\\\/actualidad\\\/#website\",\"url\":\"https:\\\/\\\/www.laguiadepamplona.com\\\/actualidad\\\/\",\"name\":\"La gu\u00eda de Pamplona\",\"description\":\"Noticias de Pamplona\",\"publisher\":{\"@id\":\"https:\\\/\\\/www.laguiadepamplona.com\\\/actualidad\\\/#organization\"},\"potentialAction\":[{\"@type\":\"SearchAction\",\"target\":{\"@type\":\"EntryPoint\",\"urlTemplate\":\"https:\\\/\\\/www.laguiadepamplona.com\\\/actualidad\\\/?s={search_term_string}\"},\"query-input\":{\"@type\":\"PropertyValueSpecification\",\"valueRequired\":true,\"valueName\":\"search_term_string\"}}],\"inLanguage\":\"es\"},{\"@type\":\"Organization\",\"@id\":\"https:\\\/\\\/www.laguiadepamplona.com\\\/actualidad\\\/#organization\",\"name\":\"La Gu\u00eda de Pamplona \\\/ Noticias\",\"url\":\"https:\\\/\\\/www.laguiadepamplona.com\\\/actualidad\\\/\",\"logo\":{\"@type\":\"ImageObject\",\"inLanguage\":\"es\",\"@id\":\"https:\\\/\\\/www.laguiadepamplona.com\\\/actualidad\\\/#\\\/schema\\\/logo\\\/image\\\/\",\"url\":\"https:\\\/\\\/www.laguiadepamplona.com\\\/actualidad\\\/wp-content\\\/uploads\\\/2018\\\/11\\\/logo-laguiadepamplona18-web1.png\",\"contentUrl\":\"https:\\\/\\\/www.laguiadepamplona.com\\\/actualidad\\\/wp-content\\\/uploads\\\/2018\\\/11\\\/logo-laguiadepamplona18-web1.png\",\"width\":600,\"height\":196,\"caption\":\"La Gu\u00eda de Pamplona \\\/ Noticias\"},\"image\":{\"@id\":\"https:\\\/\\\/www.laguiadepamplona.com\\\/actualidad\\\/#\\\/schema\\\/logo\\\/image\\\/\"},\"sameAs\":[\"https:\\\/\\\/www.facebook.com\\\/laguiadepamplonacom-133175176762273\\\/?ref=hl\",\"https:\\\/\\\/x.com\\\/LaGuiadPamplona\",\"https:\\\/\\\/www.instagram.com\\\/la_guia_de_pamplona\\\/\",\"https:\\\/\\\/www.youtube.com\\\/user\\\/laguiadepamplona\"]},{\"@type\":\"Person\",\"@id\":\"https:\\\/\\\/www.laguiadepamplona.com\\\/actualidad\\\/#\\\/schema\\\/person\\\/efe887376f0213d4657c93adc50b1fdb\",\"name\":\"La Gu\u00eda de Pamplona\",\"image\":{\"@type\":\"ImageObject\",\"inLanguage\":\"es\",\"@id\":\"https:\\\/\\\/secure.gravatar.com\\\/avatar\\\/b6992f131dc8d30ab0dff15446e9d346d9dbd95992de0fef795073f5ea83a81c?s=96&d=mm&r=g\",\"url\":\"https:\\\/\\\/secure.gravatar.com\\\/avatar\\\/b6992f131dc8d30ab0dff15446e9d346d9dbd95992de0fef795073f5ea83a81c?s=96&d=mm&r=g\",\"contentUrl\":\"https:\\\/\\\/secure.gravatar.com\\\/avatar\\\/b6992f131dc8d30ab0dff15446e9d346d9dbd95992de0fef795073f5ea83a81c?s=96&d=mm&r=g\",\"caption\":\"La Gu\u00eda de Pamplona\"}}]}<\/script>\n<!-- \/ Yoast SEO plugin. -->","yoast_head_json":{"title":"Pamplona danzar\u00e1 al ritmo de la m\u00fasica contempor\u00e1nea este domingo con motivo de la celebraci\u00f3n del 50\u00ba aniversario de los Encuentros de Pamplona de 1972","description":"La Faktoria inaugurar\u00e1 as\u00ed las intervenciones de calle que el Ayuntamiento de Pamplona tiene previsto programar con motivo de este aniversario.","robots":{"index":"index","follow":"follow","max-snippet":"max-snippet:-1","max-image-preview":"max-image-preview:large","max-video-preview":"max-video-preview:-1"},"canonical":"https:\/\/www.laguiadepamplona.com\/actualidad\/pamplona-danzara-al-ritmo-de-la-musica-contemporanea-este-domingo-con-motivo-de-la-celebracion-del-50o-aniversario-de-los-encuentros-de-pamplona-de-1972\/","og_locale":"es_ES","og_type":"article","og_title":"Pamplona danzar\u00e1 al ritmo de la m\u00fasica contempor\u00e1nea este domingo con motivo de la celebraci\u00f3n del 50\u00ba aniversario de los Encuentros de Pamplona de 1972","og_description":"La Faktoria inaugurar\u00e1 as\u00ed las intervenciones de calle que el Ayuntamiento de Pamplona tiene previsto programar con motivo de este aniversario.","og_url":"https:\/\/www.laguiadepamplona.com\/actualidad\/pamplona-danzara-al-ritmo-de-la-musica-contemporanea-este-domingo-con-motivo-de-la-celebracion-del-50o-aniversario-de-los-encuentros-de-pamplona-de-1972\/","og_site_name":"La Gu\u00eda de Pamplona","article_publisher":"https:\/\/www.facebook.com\/laguiadepamplonacom-133175176762273\/?ref=hl","article_published_time":"2022-09-23T15:10:15+00:00","article_modified_time":"2023-04-11T09:47:48+00:00","og_image":[{"width":767,"height":363,"url":"https:\/\/www.laguiadepamplona.com\/actualidad\/wp-content\/uploads\/2022\/09\/encuentros72-copia_0.jpg","type":"image\/jpeg"}],"author":"La Gu\u00eda de Pamplona","twitter_card":"summary_large_image","twitter_creator":"@LaGuiadPamplona","twitter_site":"@LaGuiadPamplona","twitter_misc":{"Escrito por":"La Gu\u00eda de Pamplona","Tiempo de lectura":"2 minutos"},"schema":{"@context":"https:\/\/schema.org","@graph":[{"@type":"Article","@id":"https:\/\/www.laguiadepamplona.com\/actualidad\/pamplona-danzara-al-ritmo-de-la-musica-contemporanea-este-domingo-con-motivo-de-la-celebracion-del-50o-aniversario-de-los-encuentros-de-pamplona-de-1972\/#article","isPartOf":{"@id":"https:\/\/www.laguiadepamplona.com\/actualidad\/pamplona-danzara-al-ritmo-de-la-musica-contemporanea-este-domingo-con-motivo-de-la-celebracion-del-50o-aniversario-de-los-encuentros-de-pamplona-de-1972\/"},"author":{"name":"La Gu\u00eda de Pamplona","@id":"https:\/\/www.laguiadepamplona.com\/actualidad\/#\/schema\/person\/efe887376f0213d4657c93adc50b1fdb"},"headline":"Pamplona danzar\u00e1 al ritmo de la m\u00fasica contempor\u00e1nea este domingo con motivo de la celebraci\u00f3n del 50\u00ba aniversario de los Encuentros de Pamplona de 1972","datePublished":"2022-09-23T15:10:15+00:00","dateModified":"2023-04-11T09:47:48+00:00","mainEntityOfPage":{"@id":"https:\/\/www.laguiadepamplona.com\/actualidad\/pamplona-danzara-al-ritmo-de-la-musica-contemporanea-este-domingo-con-motivo-de-la-celebracion-del-50o-aniversario-de-los-encuentros-de-pamplona-de-1972\/"},"wordCount":347,"commentCount":0,"publisher":{"@id":"https:\/\/www.laguiadepamplona.com\/actualidad\/#organization"},"image":{"@id":"https:\/\/www.laguiadepamplona.com\/actualidad\/pamplona-danzara-al-ritmo-de-la-musica-contemporanea-este-domingo-con-motivo-de-la-celebracion-del-50o-aniversario-de-los-encuentros-de-pamplona-de-1972\/#primaryimage"},"thumbnailUrl":"https:\/\/www.laguiadepamplona.com\/actualidad\/wp-content\/uploads\/2022\/09\/encuentros72-copia_0.jpg","articleSection":["Ayto Pamplona"],"inLanguage":"es","potentialAction":[{"@type":"CommentAction","name":"Comment","target":["https:\/\/www.laguiadepamplona.com\/actualidad\/pamplona-danzara-al-ritmo-de-la-musica-contemporanea-este-domingo-con-motivo-de-la-celebracion-del-50o-aniversario-de-los-encuentros-de-pamplona-de-1972\/#respond"]}]},{"@type":"WebPage","@id":"https:\/\/www.laguiadepamplona.com\/actualidad\/pamplona-danzara-al-ritmo-de-la-musica-contemporanea-este-domingo-con-motivo-de-la-celebracion-del-50o-aniversario-de-los-encuentros-de-pamplona-de-1972\/","url":"https:\/\/www.laguiadepamplona.com\/actualidad\/pamplona-danzara-al-ritmo-de-la-musica-contemporanea-este-domingo-con-motivo-de-la-celebracion-del-50o-aniversario-de-los-encuentros-de-pamplona-de-1972\/","name":"Pamplona danzar\u00e1 al ritmo de la m\u00fasica contempor\u00e1nea este domingo con motivo de la celebraci\u00f3n del 50\u00ba aniversario de los Encuentros de Pamplona de 1972","isPartOf":{"@id":"https:\/\/www.laguiadepamplona.com\/actualidad\/#website"},"primaryImageOfPage":{"@id":"https:\/\/www.laguiadepamplona.com\/actualidad\/pamplona-danzara-al-ritmo-de-la-musica-contemporanea-este-domingo-con-motivo-de-la-celebracion-del-50o-aniversario-de-los-encuentros-de-pamplona-de-1972\/#primaryimage"},"image":{"@id":"https:\/\/www.laguiadepamplona.com\/actualidad\/pamplona-danzara-al-ritmo-de-la-musica-contemporanea-este-domingo-con-motivo-de-la-celebracion-del-50o-aniversario-de-los-encuentros-de-pamplona-de-1972\/#primaryimage"},"thumbnailUrl":"https:\/\/www.laguiadepamplona.com\/actualidad\/wp-content\/uploads\/2022\/09\/encuentros72-copia_0.jpg","datePublished":"2022-09-23T15:10:15+00:00","dateModified":"2023-04-11T09:47:48+00:00","description":"La Faktoria inaugurar\u00e1 as\u00ed las intervenciones de calle que el Ayuntamiento de Pamplona tiene previsto programar con motivo de este aniversario.","breadcrumb":{"@id":"https:\/\/www.laguiadepamplona.com\/actualidad\/pamplona-danzara-al-ritmo-de-la-musica-contemporanea-este-domingo-con-motivo-de-la-celebracion-del-50o-aniversario-de-los-encuentros-de-pamplona-de-1972\/#breadcrumb"},"inLanguage":"es","potentialAction":[{"@type":"ReadAction","target":["https:\/\/www.laguiadepamplona.com\/actualidad\/pamplona-danzara-al-ritmo-de-la-musica-contemporanea-este-domingo-con-motivo-de-la-celebracion-del-50o-aniversario-de-los-encuentros-de-pamplona-de-1972\/"]}]},{"@type":"ImageObject","inLanguage":"es","@id":"https:\/\/www.laguiadepamplona.com\/actualidad\/pamplona-danzara-al-ritmo-de-la-musica-contemporanea-este-domingo-con-motivo-de-la-celebracion-del-50o-aniversario-de-los-encuentros-de-pamplona-de-1972\/#primaryimage","url":"https:\/\/www.laguiadepamplona.com\/actualidad\/wp-content\/uploads\/2022\/09\/encuentros72-copia_0.jpg","contentUrl":"https:\/\/www.laguiadepamplona.com\/actualidad\/wp-content\/uploads\/2022\/09\/encuentros72-copia_0.jpg","width":767,"height":363},{"@type":"BreadcrumbList","@id":"https:\/\/www.laguiadepamplona.com\/actualidad\/pamplona-danzara-al-ritmo-de-la-musica-contemporanea-este-domingo-con-motivo-de-la-celebracion-del-50o-aniversario-de-los-encuentros-de-pamplona-de-1972\/#breadcrumb","itemListElement":[{"@type":"ListItem","position":1,"name":"Portada","item":"https:\/\/www.laguiadepamplona.com\/actualidad\/"},{"@type":"ListItem","position":2,"name":"Pamplona danzar\u00e1 al ritmo de la m\u00fasica contempor\u00e1nea este domingo con motivo de la celebraci\u00f3n del 50\u00ba aniversario de los Encuentros de Pamplona de 1972"}]},{"@type":"WebSite","@id":"https:\/\/www.laguiadepamplona.com\/actualidad\/#website","url":"https:\/\/www.laguiadepamplona.com\/actualidad\/","name":"La gu\u00eda de Pamplona","description":"Noticias de Pamplona","publisher":{"@id":"https:\/\/www.laguiadepamplona.com\/actualidad\/#organization"},"potentialAction":[{"@type":"SearchAction","target":{"@type":"EntryPoint","urlTemplate":"https:\/\/www.laguiadepamplona.com\/actualidad\/?s={search_term_string}"},"query-input":{"@type":"PropertyValueSpecification","valueRequired":true,"valueName":"search_term_string"}}],"inLanguage":"es"},{"@type":"Organization","@id":"https:\/\/www.laguiadepamplona.com\/actualidad\/#organization","name":"La Gu\u00eda de Pamplona \/ Noticias","url":"https:\/\/www.laguiadepamplona.com\/actualidad\/","logo":{"@type":"ImageObject","inLanguage":"es","@id":"https:\/\/www.laguiadepamplona.com\/actualidad\/#\/schema\/logo\/image\/","url":"https:\/\/www.laguiadepamplona.com\/actualidad\/wp-content\/uploads\/2018\/11\/logo-laguiadepamplona18-web1.png","contentUrl":"https:\/\/www.laguiadepamplona.com\/actualidad\/wp-content\/uploads\/2018\/11\/logo-laguiadepamplona18-web1.png","width":600,"height":196,"caption":"La Gu\u00eda de Pamplona \/ Noticias"},"image":{"@id":"https:\/\/www.laguiadepamplona.com\/actualidad\/#\/schema\/logo\/image\/"},"sameAs":["https:\/\/www.facebook.com\/laguiadepamplonacom-133175176762273\/?ref=hl","https:\/\/x.com\/LaGuiadPamplona","https:\/\/www.instagram.com\/la_guia_de_pamplona\/","https:\/\/www.youtube.com\/user\/laguiadepamplona"]},{"@type":"Person","@id":"https:\/\/www.laguiadepamplona.com\/actualidad\/#\/schema\/person\/efe887376f0213d4657c93adc50b1fdb","name":"La Gu\u00eda de Pamplona","image":{"@type":"ImageObject","inLanguage":"es","@id":"https:\/\/secure.gravatar.com\/avatar\/b6992f131dc8d30ab0dff15446e9d346d9dbd95992de0fef795073f5ea83a81c?s=96&d=mm&r=g","url":"https:\/\/secure.gravatar.com\/avatar\/b6992f131dc8d30ab0dff15446e9d346d9dbd95992de0fef795073f5ea83a81c?s=96&d=mm&r=g","contentUrl":"https:\/\/secure.gravatar.com\/avatar\/b6992f131dc8d30ab0dff15446e9d346d9dbd95992de0fef795073f5ea83a81c?s=96&d=mm&r=g","caption":"La Gu\u00eda de Pamplona"}}]}},"post_mailing_queue_ids":[],"_links":{"self":[{"href":"https:\/\/www.laguiadepamplona.com\/actualidad\/wp-json\/wp\/v2\/posts\/41692","targetHints":{"allow":["GET"]}}],"collection":[{"href":"https:\/\/www.laguiadepamplona.com\/actualidad\/wp-json\/wp\/v2\/posts"}],"about":[{"href":"https:\/\/www.laguiadepamplona.com\/actualidad\/wp-json\/wp\/v2\/types\/post"}],"author":[{"embeddable":true,"href":"https:\/\/www.laguiadepamplona.com\/actualidad\/wp-json\/wp\/v2\/users\/1"}],"replies":[{"embeddable":true,"href":"https:\/\/www.laguiadepamplona.com\/actualidad\/wp-json\/wp\/v2\/comments?post=41692"}],"version-history":[{"count":0,"href":"https:\/\/www.laguiadepamplona.com\/actualidad\/wp-json\/wp\/v2\/posts\/41692\/revisions"}],"wp:featuredmedia":[{"embeddable":true,"href":"https:\/\/www.laguiadepamplona.com\/actualidad\/wp-json\/wp\/v2\/media\/41693"}],"wp:attachment":[{"href":"https:\/\/www.laguiadepamplona.com\/actualidad\/wp-json\/wp\/v2\/media?parent=41692"}],"wp:term":[{"taxonomy":"category","embeddable":true,"href":"https:\/\/www.laguiadepamplona.com\/actualidad\/wp-json\/wp\/v2\/categories?post=41692"},{"taxonomy":"post_tag","embeddable":true,"href":"https:\/\/www.laguiadepamplona.com\/actualidad\/wp-json\/wp\/v2\/tags?post=41692"}],"curies":[{"name":"wp","href":"https:\/\/api.w.org\/{rel}","templated":true}]}}