{"id":41685,"date":"2022-09-23T17:06:10","date_gmt":"2022-09-23T15:06:10","guid":{"rendered":"https:\/\/www.laguiadepamplona.com\/actualidad\/?p=41685"},"modified":"2023-04-11T11:47:48","modified_gmt":"2023-04-11T09:47:48","slug":"el-taller-gratuito-cuidando-a-quienes-cuidan-abre-este-lunes-sus-inscripciones-en-el-telefono-010-dirigido-a-personas-no-profesionales-cuidadoras-de-familiares","status":"publish","type":"post","link":"https:\/\/www.laguiadepamplona.com\/actualidad\/el-taller-gratuito-cuidando-a-quienes-cuidan-abre-este-lunes-sus-inscripciones-en-el-telefono-010-dirigido-a-personas-no-profesionales-cuidadoras-de-familiares\/","title":{"rendered":"El taller gratuito \u2018Cuidando a quienes cuidan\u2019 abre este lunes sus inscripciones en el tel\u00e9fono 010, dirigido a personas no profesionales cuidadoras de familiares"},"content":{"rendered":"<h5>Ser\u00e1n diez horas de formaci\u00f3n, en cinco jornadas los d\u00edas 17, 24 y 31 de octubre y 7 y 14 de noviembre<\/h5>\n<p><!--more--><\/p>\n<p><a href=\"https:\/\/www.laguiadepamplona.com\/actualidad\/wp-content\/uploads\/2022\/09\/cartel-pamplona-te-cuida2.webp\"><img loading=\"lazy\" decoding=\"async\" class=\"size-medium wp-image-41686 alignleft\" src=\"https:\/\/www.laguiadepamplona.com\/actualidad\/wp-content\/uploads\/2022\/09\/cartel-pamplona-te-cuida2-212x300.webp\" alt=\"\" width=\"212\" height=\"300\" srcset=\"https:\/\/www.laguiadepamplona.com\/actualidad\/wp-content\/uploads\/2022\/09\/cartel-pamplona-te-cuida2-212x300.webp 212w, https:\/\/www.laguiadepamplona.com\/actualidad\/wp-content\/uploads\/2022\/09\/cartel-pamplona-te-cuida2-482x682.webp 482w, https:\/\/www.laguiadepamplona.com\/actualidad\/wp-content\/uploads\/2022\/09\/cartel-pamplona-te-cuida2-768x1086.webp 768w, https:\/\/www.laguiadepamplona.com\/actualidad\/wp-content\/uploads\/2022\/09\/cartel-pamplona-te-cuida2-1086x1536.webp 1086w, https:\/\/www.laguiadepamplona.com\/actualidad\/wp-content\/uploads\/2022\/09\/cartel-pamplona-te-cuida2-640x905.webp 640w, https:\/\/www.laguiadepamplona.com\/actualidad\/wp-content\/uploads\/2022\/09\/cartel-pamplona-te-cuida2.webp 1414w\" sizes=\"auto, (max-width: 212px) 100vw, 212px\" \/><\/a>Gesti\u00f3n del tiempo, del estr\u00e9s, de las emociones, de los conflictos, de la comunicaci\u00f3n\u2026 Son los temas que se abordar\u00e1n en una nueva edici\u00f3n del taller \u2018Cuidando a quienes cuidan\u2019, que organiza el Ayuntamiento de Pamplona durante los meses de octubre y noviembre. Las inscripciones son gratuitas y se pueden realizar a trav\u00e9s del tel\u00e9fono 010 \u2013 948 420 100 a partir del lunes 26 de septiembre.<br \/>\n<script async src=\"\/\/pagead2.googlesyndication.com\/pagead\/js\/adsbygoogle.js\"><\/script><br \/>\n<!-- Noticias La Guia de Pamplona --><br \/>\n<ins class=\"adsbygoogle\"\nstyle=\"display:block\"\ndata-ad-client=\"ca-pub-6943679897239327\"\ndata-ad-slot=\"7048180777\"\ndata-ad-format=\"auto\"><\/ins><br \/>\n<script>\n(adsbygoogle = window.adsbygoogle || []).push({});\n<\/script><\/p>\n<p>El taller consta de 10 horas de formaci\u00f3n durante cinco d\u00edas, 17, 24 y 31 de octubre y 7 y 14 de noviembre. Las sesiones se desarrollar\u00e1n entre las 16.30 y las 18.30 horas en la sala municipal de la calle Zapater\u00eda 40. Las doce plazas que se ofertan se adjudicar\u00e1n por orden de inscripci\u00f3n, con preferencia para las personas empadronadas en Pamplona. \u2018Cuidando a quienes cuidan\u2019 es un taller que busca impulsar el asesoramiento, la formaci\u00f3n y la informaci\u00f3n a las personas cuidadoras no profesionales que se ocupan de familiares mayores.<\/p>\n<p>El taller consiste en sesiones vivenciales y participativas en las que se trabajar\u00e1 sobre las dificultades y experiencias de las personas que integran el grupo. Se pondr\u00e1n en pr\u00e1ctica estrategias para afrontar mejor las situaciones de cuidado. Se abordar\u00e1n temas como qu\u00e9 hacer con las emociones cuando se cuida a un familiar mayor, control del estr\u00e9s, opciones para organizarse mejor o la gesti\u00f3n de conflictos familiares ante el cuidado. Otros aspectos que se tendr\u00e1n en cuenta son los estilos de afrontamiento ante la situaci\u00f3n de cuidar de alguien y ante la enfermedad, la carga de trabajo que conlleva el cuidado, la comunicaci\u00f3n con las personas que se cuida y con el entorno y las t\u00e9cnicas de relajaci\u00f3n.<br \/>\n<script async src=\"\/\/pagead2.googlesyndication.com\/pagead\/js\/adsbygoogle.js\"><\/script><br \/>\n<!-- Noticias La Guia de Pamplona --><br \/>\n<ins class=\"adsbygoogle\"\nstyle=\"display:block\"\ndata-ad-client=\"ca-pub-6943679897239327\"\ndata-ad-slot=\"7048180777\"\ndata-ad-format=\"auto\"><\/ins><br \/>\n<script>\n(adsbygoogle = window.adsbygoogle || []).push({});\n<\/script><\/p>\n<p>Los objetivos de la iniciativa son prevenir e intervenir en la sobrecarga que experimenta la persona cuidadora, aprender a gestionar el autocuidado y el estr\u00e9s, saber aceptar la situaci\u00f3n y comprender la enfermedad. Tambi\u00e9n se buscar aprender t\u00e9cnicas que faciliten el trabajo de los cuidados diarios. El taller estar\u00e1 impartido por Pauma y el Consistorio tiene previsto seguir trabajando en esa nueva l\u00ednea de cursos.<\/p>\n","protected":false},"excerpt":{"rendered":"<p>Ser\u00e1n diez horas de formaci\u00f3n, en cinco jornadas los d\u00edas 17, 24 y 31 de octubre y 7 y 14 de noviembre<\/p>\n","protected":false},"author":1,"featured_media":41687,"comment_status":"open","ping_status":"closed","sticky":false,"template":"","format":"standard","meta":{"footnotes":""},"categories":[2],"tags":[],"class_list":["post-41685","post","type-post","status-publish","format-standard","has-post-thumbnail","hentry","category-ayuntamiento-pamplona"],"yoast_head":"<!-- This site is optimized with the Yoast SEO plugin v27.3 - https:\/\/yoast.com\/product\/yoast-seo-wordpress\/ -->\n<title>El taller gratuito \u2018Cuidando a quienes cuidan\u2019 abre este lunes sus inscripciones en el tel\u00e9fono 010, dirigido a personas no profesionales cuidadoras de familiares<\/title>\n<meta name=\"description\" content=\"Ser\u00e1n diez horas de formaci\u00f3n, en cinco jornadas los d\u00edas 17, 24 y 31 de octubre y 7 y 14 de noviembre\" \/>\n<meta name=\"robots\" content=\"index, follow, max-snippet:-1, max-image-preview:large, max-video-preview:-1\" \/>\n<link rel=\"canonical\" href=\"https:\/\/www.laguiadepamplona.com\/actualidad\/el-taller-gratuito-cuidando-a-quienes-cuidan-abre-este-lunes-sus-inscripciones-en-el-telefono-010-dirigido-a-personas-no-profesionales-cuidadoras-de-familiares\/\" \/>\n<meta property=\"og:locale\" content=\"es_ES\" \/>\n<meta property=\"og:type\" content=\"article\" \/>\n<meta property=\"og:title\" content=\"El taller gratuito \u2018Cuidando a quienes cuidan\u2019 abre este lunes sus inscripciones en el tel\u00e9fono 010, dirigido a personas no profesionales cuidadoras de familiares\" \/>\n<meta property=\"og:description\" content=\"Ser\u00e1n diez horas de formaci\u00f3n, en cinco jornadas los d\u00edas 17, 24 y 31 de octubre y 7 y 14 de noviembre\" \/>\n<meta property=\"og:url\" content=\"https:\/\/www.laguiadepamplona.com\/actualidad\/el-taller-gratuito-cuidando-a-quienes-cuidan-abre-este-lunes-sus-inscripciones-en-el-telefono-010-dirigido-a-personas-no-profesionales-cuidadoras-de-familiares\/\" \/>\n<meta property=\"og:site_name\" content=\"La Gu\u00eda de Pamplona\" \/>\n<meta property=\"article:publisher\" content=\"https:\/\/www.facebook.com\/laguiadepamplonacom-133175176762273\/?ref=hl\" \/>\n<meta property=\"article:published_time\" content=\"2022-09-23T15:06:10+00:00\" \/>\n<meta property=\"article:modified_time\" content=\"2023-04-11T09:47:48+00:00\" \/>\n<meta property=\"og:image\" content=\"https:\/\/www.laguiadepamplona.com\/actualidad\/wp-content\/uploads\/2022\/09\/cartel-pamplona-te-cuida2b.webp\" \/>\n\t<meta property=\"og:image:width\" content=\"1920\" \/>\n\t<meta property=\"og:image:height\" content=\"893\" \/>\n\t<meta property=\"og:image:type\" content=\"image\/webp\" \/>\n<meta name=\"author\" content=\"La Gu\u00eda de Pamplona\" \/>\n<meta name=\"twitter:card\" content=\"summary_large_image\" \/>\n<meta name=\"twitter:creator\" content=\"@LaGuiadPamplona\" \/>\n<meta name=\"twitter:site\" content=\"@LaGuiadPamplona\" \/>\n<meta name=\"twitter:label1\" content=\"Escrito por\" \/>\n\t<meta name=\"twitter:data1\" content=\"La Gu\u00eda de Pamplona\" \/>\n\t<meta name=\"twitter:label2\" content=\"Tiempo de lectura\" \/>\n\t<meta name=\"twitter:data2\" content=\"2 minutos\" \/>\n<script type=\"application\/ld+json\" class=\"yoast-schema-graph\">{\"@context\":\"https:\\\/\\\/schema.org\",\"@graph\":[{\"@type\":\"Article\",\"@id\":\"https:\\\/\\\/www.laguiadepamplona.com\\\/actualidad\\\/el-taller-gratuito-cuidando-a-quienes-cuidan-abre-este-lunes-sus-inscripciones-en-el-telefono-010-dirigido-a-personas-no-profesionales-cuidadoras-de-familiares\\\/#article\",\"isPartOf\":{\"@id\":\"https:\\\/\\\/www.laguiadepamplona.com\\\/actualidad\\\/el-taller-gratuito-cuidando-a-quienes-cuidan-abre-este-lunes-sus-inscripciones-en-el-telefono-010-dirigido-a-personas-no-profesionales-cuidadoras-de-familiares\\\/\"},\"author\":{\"name\":\"La Gu\u00eda de Pamplona\",\"@id\":\"https:\\\/\\\/www.laguiadepamplona.com\\\/actualidad\\\/#\\\/schema\\\/person\\\/efe887376f0213d4657c93adc50b1fdb\"},\"headline\":\"El taller gratuito \u2018Cuidando a quienes cuidan\u2019 abre este lunes sus inscripciones en el tel\u00e9fono 010, dirigido a personas no profesionales cuidadoras de familiares\",\"datePublished\":\"2022-09-23T15:06:10+00:00\",\"dateModified\":\"2023-04-11T09:47:48+00:00\",\"mainEntityOfPage\":{\"@id\":\"https:\\\/\\\/www.laguiadepamplona.com\\\/actualidad\\\/el-taller-gratuito-cuidando-a-quienes-cuidan-abre-este-lunes-sus-inscripciones-en-el-telefono-010-dirigido-a-personas-no-profesionales-cuidadoras-de-familiares\\\/\"},\"wordCount\":400,\"commentCount\":0,\"publisher\":{\"@id\":\"https:\\\/\\\/www.laguiadepamplona.com\\\/actualidad\\\/#organization\"},\"image\":{\"@id\":\"https:\\\/\\\/www.laguiadepamplona.com\\\/actualidad\\\/el-taller-gratuito-cuidando-a-quienes-cuidan-abre-este-lunes-sus-inscripciones-en-el-telefono-010-dirigido-a-personas-no-profesionales-cuidadoras-de-familiares\\\/#primaryimage\"},\"thumbnailUrl\":\"https:\\\/\\\/www.laguiadepamplona.com\\\/actualidad\\\/wp-content\\\/uploads\\\/2022\\\/09\\\/cartel-pamplona-te-cuida2b.webp\",\"articleSection\":[\"Ayto Pamplona\"],\"inLanguage\":\"es\",\"potentialAction\":[{\"@type\":\"CommentAction\",\"name\":\"Comment\",\"target\":[\"https:\\\/\\\/www.laguiadepamplona.com\\\/actualidad\\\/el-taller-gratuito-cuidando-a-quienes-cuidan-abre-este-lunes-sus-inscripciones-en-el-telefono-010-dirigido-a-personas-no-profesionales-cuidadoras-de-familiares\\\/#respond\"]}]},{\"@type\":\"WebPage\",\"@id\":\"https:\\\/\\\/www.laguiadepamplona.com\\\/actualidad\\\/el-taller-gratuito-cuidando-a-quienes-cuidan-abre-este-lunes-sus-inscripciones-en-el-telefono-010-dirigido-a-personas-no-profesionales-cuidadoras-de-familiares\\\/\",\"url\":\"https:\\\/\\\/www.laguiadepamplona.com\\\/actualidad\\\/el-taller-gratuito-cuidando-a-quienes-cuidan-abre-este-lunes-sus-inscripciones-en-el-telefono-010-dirigido-a-personas-no-profesionales-cuidadoras-de-familiares\\\/\",\"name\":\"El taller gratuito \u2018Cuidando a quienes cuidan\u2019 abre este lunes sus inscripciones en el tel\u00e9fono 010, dirigido a personas no profesionales cuidadoras de familiares\",\"isPartOf\":{\"@id\":\"https:\\\/\\\/www.laguiadepamplona.com\\\/actualidad\\\/#website\"},\"primaryImageOfPage\":{\"@id\":\"https:\\\/\\\/www.laguiadepamplona.com\\\/actualidad\\\/el-taller-gratuito-cuidando-a-quienes-cuidan-abre-este-lunes-sus-inscripciones-en-el-telefono-010-dirigido-a-personas-no-profesionales-cuidadoras-de-familiares\\\/#primaryimage\"},\"image\":{\"@id\":\"https:\\\/\\\/www.laguiadepamplona.com\\\/actualidad\\\/el-taller-gratuito-cuidando-a-quienes-cuidan-abre-este-lunes-sus-inscripciones-en-el-telefono-010-dirigido-a-personas-no-profesionales-cuidadoras-de-familiares\\\/#primaryimage\"},\"thumbnailUrl\":\"https:\\\/\\\/www.laguiadepamplona.com\\\/actualidad\\\/wp-content\\\/uploads\\\/2022\\\/09\\\/cartel-pamplona-te-cuida2b.webp\",\"datePublished\":\"2022-09-23T15:06:10+00:00\",\"dateModified\":\"2023-04-11T09:47:48+00:00\",\"description\":\"Ser\u00e1n diez horas de formaci\u00f3n, en cinco jornadas los d\u00edas 17, 24 y 31 de octubre y 7 y 14 de noviembre\",\"breadcrumb\":{\"@id\":\"https:\\\/\\\/www.laguiadepamplona.com\\\/actualidad\\\/el-taller-gratuito-cuidando-a-quienes-cuidan-abre-este-lunes-sus-inscripciones-en-el-telefono-010-dirigido-a-personas-no-profesionales-cuidadoras-de-familiares\\\/#breadcrumb\"},\"inLanguage\":\"es\",\"potentialAction\":[{\"@type\":\"ReadAction\",\"target\":[\"https:\\\/\\\/www.laguiadepamplona.com\\\/actualidad\\\/el-taller-gratuito-cuidando-a-quienes-cuidan-abre-este-lunes-sus-inscripciones-en-el-telefono-010-dirigido-a-personas-no-profesionales-cuidadoras-de-familiares\\\/\"]}]},{\"@type\":\"ImageObject\",\"inLanguage\":\"es\",\"@id\":\"https:\\\/\\\/www.laguiadepamplona.com\\\/actualidad\\\/el-taller-gratuito-cuidando-a-quienes-cuidan-abre-este-lunes-sus-inscripciones-en-el-telefono-010-dirigido-a-personas-no-profesionales-cuidadoras-de-familiares\\\/#primaryimage\",\"url\":\"https:\\\/\\\/www.laguiadepamplona.com\\\/actualidad\\\/wp-content\\\/uploads\\\/2022\\\/09\\\/cartel-pamplona-te-cuida2b.webp\",\"contentUrl\":\"https:\\\/\\\/www.laguiadepamplona.com\\\/actualidad\\\/wp-content\\\/uploads\\\/2022\\\/09\\\/cartel-pamplona-te-cuida2b.webp\",\"width\":1920,\"height\":893},{\"@type\":\"BreadcrumbList\",\"@id\":\"https:\\\/\\\/www.laguiadepamplona.com\\\/actualidad\\\/el-taller-gratuito-cuidando-a-quienes-cuidan-abre-este-lunes-sus-inscripciones-en-el-telefono-010-dirigido-a-personas-no-profesionales-cuidadoras-de-familiares\\\/#breadcrumb\",\"itemListElement\":[{\"@type\":\"ListItem\",\"position\":1,\"name\":\"Portada\",\"item\":\"https:\\\/\\\/www.laguiadepamplona.com\\\/actualidad\\\/\"},{\"@type\":\"ListItem\",\"position\":2,\"name\":\"El taller gratuito \u2018Cuidando a quienes cuidan\u2019 abre este lunes sus inscripciones en el tel\u00e9fono 010, dirigido a personas no profesionales cuidadoras de familiares\"}]},{\"@type\":\"WebSite\",\"@id\":\"https:\\\/\\\/www.laguiadepamplona.com\\\/actualidad\\\/#website\",\"url\":\"https:\\\/\\\/www.laguiadepamplona.com\\\/actualidad\\\/\",\"name\":\"La gu\u00eda de Pamplona\",\"description\":\"Noticias de Pamplona\",\"publisher\":{\"@id\":\"https:\\\/\\\/www.laguiadepamplona.com\\\/actualidad\\\/#organization\"},\"potentialAction\":[{\"@type\":\"SearchAction\",\"target\":{\"@type\":\"EntryPoint\",\"urlTemplate\":\"https:\\\/\\\/www.laguiadepamplona.com\\\/actualidad\\\/?s={search_term_string}\"},\"query-input\":{\"@type\":\"PropertyValueSpecification\",\"valueRequired\":true,\"valueName\":\"search_term_string\"}}],\"inLanguage\":\"es\"},{\"@type\":\"Organization\",\"@id\":\"https:\\\/\\\/www.laguiadepamplona.com\\\/actualidad\\\/#organization\",\"name\":\"La Gu\u00eda de Pamplona \\\/ Noticias\",\"url\":\"https:\\\/\\\/www.laguiadepamplona.com\\\/actualidad\\\/\",\"logo\":{\"@type\":\"ImageObject\",\"inLanguage\":\"es\",\"@id\":\"https:\\\/\\\/www.laguiadepamplona.com\\\/actualidad\\\/#\\\/schema\\\/logo\\\/image\\\/\",\"url\":\"https:\\\/\\\/www.laguiadepamplona.com\\\/actualidad\\\/wp-content\\\/uploads\\\/2018\\\/11\\\/logo-laguiadepamplona18-web1.png\",\"contentUrl\":\"https:\\\/\\\/www.laguiadepamplona.com\\\/actualidad\\\/wp-content\\\/uploads\\\/2018\\\/11\\\/logo-laguiadepamplona18-web1.png\",\"width\":600,\"height\":196,\"caption\":\"La Gu\u00eda de Pamplona \\\/ Noticias\"},\"image\":{\"@id\":\"https:\\\/\\\/www.laguiadepamplona.com\\\/actualidad\\\/#\\\/schema\\\/logo\\\/image\\\/\"},\"sameAs\":[\"https:\\\/\\\/www.facebook.com\\\/laguiadepamplonacom-133175176762273\\\/?ref=hl\",\"https:\\\/\\\/x.com\\\/LaGuiadPamplona\",\"https:\\\/\\\/www.instagram.com\\\/la_guia_de_pamplona\\\/\",\"https:\\\/\\\/www.youtube.com\\\/user\\\/laguiadepamplona\"]},{\"@type\":\"Person\",\"@id\":\"https:\\\/\\\/www.laguiadepamplona.com\\\/actualidad\\\/#\\\/schema\\\/person\\\/efe887376f0213d4657c93adc50b1fdb\",\"name\":\"La Gu\u00eda de Pamplona\",\"image\":{\"@type\":\"ImageObject\",\"inLanguage\":\"es\",\"@id\":\"https:\\\/\\\/secure.gravatar.com\\\/avatar\\\/b6992f131dc8d30ab0dff15446e9d346d9dbd95992de0fef795073f5ea83a81c?s=96&d=mm&r=g\",\"url\":\"https:\\\/\\\/secure.gravatar.com\\\/avatar\\\/b6992f131dc8d30ab0dff15446e9d346d9dbd95992de0fef795073f5ea83a81c?s=96&d=mm&r=g\",\"contentUrl\":\"https:\\\/\\\/secure.gravatar.com\\\/avatar\\\/b6992f131dc8d30ab0dff15446e9d346d9dbd95992de0fef795073f5ea83a81c?s=96&d=mm&r=g\",\"caption\":\"La Gu\u00eda de Pamplona\"}}]}<\/script>\n<!-- \/ Yoast SEO plugin. -->","yoast_head_json":{"title":"El taller gratuito \u2018Cuidando a quienes cuidan\u2019 abre este lunes sus inscripciones en el tel\u00e9fono 010, dirigido a personas no profesionales cuidadoras de familiares","description":"Ser\u00e1n diez horas de formaci\u00f3n, en cinco jornadas los d\u00edas 17, 24 y 31 de octubre y 7 y 14 de noviembre","robots":{"index":"index","follow":"follow","max-snippet":"max-snippet:-1","max-image-preview":"max-image-preview:large","max-video-preview":"max-video-preview:-1"},"canonical":"https:\/\/www.laguiadepamplona.com\/actualidad\/el-taller-gratuito-cuidando-a-quienes-cuidan-abre-este-lunes-sus-inscripciones-en-el-telefono-010-dirigido-a-personas-no-profesionales-cuidadoras-de-familiares\/","og_locale":"es_ES","og_type":"article","og_title":"El taller gratuito \u2018Cuidando a quienes cuidan\u2019 abre este lunes sus inscripciones en el tel\u00e9fono 010, dirigido a personas no profesionales cuidadoras de familiares","og_description":"Ser\u00e1n diez horas de formaci\u00f3n, en cinco jornadas los d\u00edas 17, 24 y 31 de octubre y 7 y 14 de noviembre","og_url":"https:\/\/www.laguiadepamplona.com\/actualidad\/el-taller-gratuito-cuidando-a-quienes-cuidan-abre-este-lunes-sus-inscripciones-en-el-telefono-010-dirigido-a-personas-no-profesionales-cuidadoras-de-familiares\/","og_site_name":"La Gu\u00eda de Pamplona","article_publisher":"https:\/\/www.facebook.com\/laguiadepamplonacom-133175176762273\/?ref=hl","article_published_time":"2022-09-23T15:06:10+00:00","article_modified_time":"2023-04-11T09:47:48+00:00","og_image":[{"width":1920,"height":893,"url":"https:\/\/www.laguiadepamplona.com\/actualidad\/wp-content\/uploads\/2022\/09\/cartel-pamplona-te-cuida2b.webp","type":"image\/webp"}],"author":"La Gu\u00eda de Pamplona","twitter_card":"summary_large_image","twitter_creator":"@LaGuiadPamplona","twitter_site":"@LaGuiadPamplona","twitter_misc":{"Escrito por":"La Gu\u00eda de Pamplona","Tiempo de lectura":"2 minutos"},"schema":{"@context":"https:\/\/schema.org","@graph":[{"@type":"Article","@id":"https:\/\/www.laguiadepamplona.com\/actualidad\/el-taller-gratuito-cuidando-a-quienes-cuidan-abre-este-lunes-sus-inscripciones-en-el-telefono-010-dirigido-a-personas-no-profesionales-cuidadoras-de-familiares\/#article","isPartOf":{"@id":"https:\/\/www.laguiadepamplona.com\/actualidad\/el-taller-gratuito-cuidando-a-quienes-cuidan-abre-este-lunes-sus-inscripciones-en-el-telefono-010-dirigido-a-personas-no-profesionales-cuidadoras-de-familiares\/"},"author":{"name":"La Gu\u00eda de Pamplona","@id":"https:\/\/www.laguiadepamplona.com\/actualidad\/#\/schema\/person\/efe887376f0213d4657c93adc50b1fdb"},"headline":"El taller gratuito \u2018Cuidando a quienes cuidan\u2019 abre este lunes sus inscripciones en el tel\u00e9fono 010, dirigido a personas no profesionales cuidadoras de familiares","datePublished":"2022-09-23T15:06:10+00:00","dateModified":"2023-04-11T09:47:48+00:00","mainEntityOfPage":{"@id":"https:\/\/www.laguiadepamplona.com\/actualidad\/el-taller-gratuito-cuidando-a-quienes-cuidan-abre-este-lunes-sus-inscripciones-en-el-telefono-010-dirigido-a-personas-no-profesionales-cuidadoras-de-familiares\/"},"wordCount":400,"commentCount":0,"publisher":{"@id":"https:\/\/www.laguiadepamplona.com\/actualidad\/#organization"},"image":{"@id":"https:\/\/www.laguiadepamplona.com\/actualidad\/el-taller-gratuito-cuidando-a-quienes-cuidan-abre-este-lunes-sus-inscripciones-en-el-telefono-010-dirigido-a-personas-no-profesionales-cuidadoras-de-familiares\/#primaryimage"},"thumbnailUrl":"https:\/\/www.laguiadepamplona.com\/actualidad\/wp-content\/uploads\/2022\/09\/cartel-pamplona-te-cuida2b.webp","articleSection":["Ayto Pamplona"],"inLanguage":"es","potentialAction":[{"@type":"CommentAction","name":"Comment","target":["https:\/\/www.laguiadepamplona.com\/actualidad\/el-taller-gratuito-cuidando-a-quienes-cuidan-abre-este-lunes-sus-inscripciones-en-el-telefono-010-dirigido-a-personas-no-profesionales-cuidadoras-de-familiares\/#respond"]}]},{"@type":"WebPage","@id":"https:\/\/www.laguiadepamplona.com\/actualidad\/el-taller-gratuito-cuidando-a-quienes-cuidan-abre-este-lunes-sus-inscripciones-en-el-telefono-010-dirigido-a-personas-no-profesionales-cuidadoras-de-familiares\/","url":"https:\/\/www.laguiadepamplona.com\/actualidad\/el-taller-gratuito-cuidando-a-quienes-cuidan-abre-este-lunes-sus-inscripciones-en-el-telefono-010-dirigido-a-personas-no-profesionales-cuidadoras-de-familiares\/","name":"El taller gratuito \u2018Cuidando a quienes cuidan\u2019 abre este lunes sus inscripciones en el tel\u00e9fono 010, dirigido a personas no profesionales cuidadoras de familiares","isPartOf":{"@id":"https:\/\/www.laguiadepamplona.com\/actualidad\/#website"},"primaryImageOfPage":{"@id":"https:\/\/www.laguiadepamplona.com\/actualidad\/el-taller-gratuito-cuidando-a-quienes-cuidan-abre-este-lunes-sus-inscripciones-en-el-telefono-010-dirigido-a-personas-no-profesionales-cuidadoras-de-familiares\/#primaryimage"},"image":{"@id":"https:\/\/www.laguiadepamplona.com\/actualidad\/el-taller-gratuito-cuidando-a-quienes-cuidan-abre-este-lunes-sus-inscripciones-en-el-telefono-010-dirigido-a-personas-no-profesionales-cuidadoras-de-familiares\/#primaryimage"},"thumbnailUrl":"https:\/\/www.laguiadepamplona.com\/actualidad\/wp-content\/uploads\/2022\/09\/cartel-pamplona-te-cuida2b.webp","datePublished":"2022-09-23T15:06:10+00:00","dateModified":"2023-04-11T09:47:48+00:00","description":"Ser\u00e1n diez horas de formaci\u00f3n, en cinco jornadas los d\u00edas 17, 24 y 31 de octubre y 7 y 14 de noviembre","breadcrumb":{"@id":"https:\/\/www.laguiadepamplona.com\/actualidad\/el-taller-gratuito-cuidando-a-quienes-cuidan-abre-este-lunes-sus-inscripciones-en-el-telefono-010-dirigido-a-personas-no-profesionales-cuidadoras-de-familiares\/#breadcrumb"},"inLanguage":"es","potentialAction":[{"@type":"ReadAction","target":["https:\/\/www.laguiadepamplona.com\/actualidad\/el-taller-gratuito-cuidando-a-quienes-cuidan-abre-este-lunes-sus-inscripciones-en-el-telefono-010-dirigido-a-personas-no-profesionales-cuidadoras-de-familiares\/"]}]},{"@type":"ImageObject","inLanguage":"es","@id":"https:\/\/www.laguiadepamplona.com\/actualidad\/el-taller-gratuito-cuidando-a-quienes-cuidan-abre-este-lunes-sus-inscripciones-en-el-telefono-010-dirigido-a-personas-no-profesionales-cuidadoras-de-familiares\/#primaryimage","url":"https:\/\/www.laguiadepamplona.com\/actualidad\/wp-content\/uploads\/2022\/09\/cartel-pamplona-te-cuida2b.webp","contentUrl":"https:\/\/www.laguiadepamplona.com\/actualidad\/wp-content\/uploads\/2022\/09\/cartel-pamplona-te-cuida2b.webp","width":1920,"height":893},{"@type":"BreadcrumbList","@id":"https:\/\/www.laguiadepamplona.com\/actualidad\/el-taller-gratuito-cuidando-a-quienes-cuidan-abre-este-lunes-sus-inscripciones-en-el-telefono-010-dirigido-a-personas-no-profesionales-cuidadoras-de-familiares\/#breadcrumb","itemListElement":[{"@type":"ListItem","position":1,"name":"Portada","item":"https:\/\/www.laguiadepamplona.com\/actualidad\/"},{"@type":"ListItem","position":2,"name":"El taller gratuito \u2018Cuidando a quienes cuidan\u2019 abre este lunes sus inscripciones en el tel\u00e9fono 010, dirigido a personas no profesionales cuidadoras de familiares"}]},{"@type":"WebSite","@id":"https:\/\/www.laguiadepamplona.com\/actualidad\/#website","url":"https:\/\/www.laguiadepamplona.com\/actualidad\/","name":"La gu\u00eda de Pamplona","description":"Noticias de Pamplona","publisher":{"@id":"https:\/\/www.laguiadepamplona.com\/actualidad\/#organization"},"potentialAction":[{"@type":"SearchAction","target":{"@type":"EntryPoint","urlTemplate":"https:\/\/www.laguiadepamplona.com\/actualidad\/?s={search_term_string}"},"query-input":{"@type":"PropertyValueSpecification","valueRequired":true,"valueName":"search_term_string"}}],"inLanguage":"es"},{"@type":"Organization","@id":"https:\/\/www.laguiadepamplona.com\/actualidad\/#organization","name":"La Gu\u00eda de Pamplona \/ Noticias","url":"https:\/\/www.laguiadepamplona.com\/actualidad\/","logo":{"@type":"ImageObject","inLanguage":"es","@id":"https:\/\/www.laguiadepamplona.com\/actualidad\/#\/schema\/logo\/image\/","url":"https:\/\/www.laguiadepamplona.com\/actualidad\/wp-content\/uploads\/2018\/11\/logo-laguiadepamplona18-web1.png","contentUrl":"https:\/\/www.laguiadepamplona.com\/actualidad\/wp-content\/uploads\/2018\/11\/logo-laguiadepamplona18-web1.png","width":600,"height":196,"caption":"La Gu\u00eda de Pamplona \/ Noticias"},"image":{"@id":"https:\/\/www.laguiadepamplona.com\/actualidad\/#\/schema\/logo\/image\/"},"sameAs":["https:\/\/www.facebook.com\/laguiadepamplonacom-133175176762273\/?ref=hl","https:\/\/x.com\/LaGuiadPamplona","https:\/\/www.instagram.com\/la_guia_de_pamplona\/","https:\/\/www.youtube.com\/user\/laguiadepamplona"]},{"@type":"Person","@id":"https:\/\/www.laguiadepamplona.com\/actualidad\/#\/schema\/person\/efe887376f0213d4657c93adc50b1fdb","name":"La Gu\u00eda de Pamplona","image":{"@type":"ImageObject","inLanguage":"es","@id":"https:\/\/secure.gravatar.com\/avatar\/b6992f131dc8d30ab0dff15446e9d346d9dbd95992de0fef795073f5ea83a81c?s=96&d=mm&r=g","url":"https:\/\/secure.gravatar.com\/avatar\/b6992f131dc8d30ab0dff15446e9d346d9dbd95992de0fef795073f5ea83a81c?s=96&d=mm&r=g","contentUrl":"https:\/\/secure.gravatar.com\/avatar\/b6992f131dc8d30ab0dff15446e9d346d9dbd95992de0fef795073f5ea83a81c?s=96&d=mm&r=g","caption":"La Gu\u00eda de Pamplona"}}]}},"post_mailing_queue_ids":[],"_links":{"self":[{"href":"https:\/\/www.laguiadepamplona.com\/actualidad\/wp-json\/wp\/v2\/posts\/41685","targetHints":{"allow":["GET"]}}],"collection":[{"href":"https:\/\/www.laguiadepamplona.com\/actualidad\/wp-json\/wp\/v2\/posts"}],"about":[{"href":"https:\/\/www.laguiadepamplona.com\/actualidad\/wp-json\/wp\/v2\/types\/post"}],"author":[{"embeddable":true,"href":"https:\/\/www.laguiadepamplona.com\/actualidad\/wp-json\/wp\/v2\/users\/1"}],"replies":[{"embeddable":true,"href":"https:\/\/www.laguiadepamplona.com\/actualidad\/wp-json\/wp\/v2\/comments?post=41685"}],"version-history":[{"count":0,"href":"https:\/\/www.laguiadepamplona.com\/actualidad\/wp-json\/wp\/v2\/posts\/41685\/revisions"}],"wp:featuredmedia":[{"embeddable":true,"href":"https:\/\/www.laguiadepamplona.com\/actualidad\/wp-json\/wp\/v2\/media\/41687"}],"wp:attachment":[{"href":"https:\/\/www.laguiadepamplona.com\/actualidad\/wp-json\/wp\/v2\/media?parent=41685"}],"wp:term":[{"taxonomy":"category","embeddable":true,"href":"https:\/\/www.laguiadepamplona.com\/actualidad\/wp-json\/wp\/v2\/categories?post=41685"},{"taxonomy":"post_tag","embeddable":true,"href":"https:\/\/www.laguiadepamplona.com\/actualidad\/wp-json\/wp\/v2\/tags?post=41685"}],"curies":[{"name":"wp","href":"https:\/\/api.w.org\/{rel}","templated":true}]}}