{"id":41677,"date":"2022-09-23T12:38:36","date_gmt":"2022-09-23T10:38:36","guid":{"rendered":"https:\/\/www.laguiadepamplona.com\/actualidad\/?p=41677"},"modified":"2023-04-11T11:47:48","modified_gmt":"2023-04-11T09:47:48","slug":"la-casa-consistorial-se-iluminara-el-sabado-de-color-verde-por-el-dia-de-la-profesion-farmaceutica-y-el-domingo-de-azul-por-la-concienciacion-sobre-las-enfermedades-mitocondriales","status":"publish","type":"post","link":"https:\/\/www.laguiadepamplona.com\/actualidad\/la-casa-consistorial-se-iluminara-el-sabado-de-color-verde-por-el-dia-de-la-profesion-farmaceutica-y-el-domingo-de-azul-por-la-concienciacion-sobre-las-enfermedades-mitocondriales\/","title":{"rendered":"La Casa Consistorial se iluminar\u00e1 el s\u00e1bado de color verde por el d\u00eda de la profesi\u00f3n farmac\u00e9utica y el domingo de azul por la concienciaci\u00f3n sobre las enfermedades mitocondriales"},"content":{"rendered":"<p><!--more--><\/p>\n<p>El Ayuntamiento de Pamplona se suma este fin de semana a dos propuestas solidarias y de reconocimiento con sendas iluminaciones de la fachada de la Casa Consistorial. El s\u00e1bado la fachada se iluminar\u00e1 de color verde por la celebraci\u00f3n del D\u00eda Mundial del Farmac\u00e9utico y el domingo el Consistorio se tornar\u00e1 de color azul para unirse a la semana de concienciaci\u00f3n de las enfermedades mitocondriales.<br \/>\n<script async src=\"\/\/pagead2.googlesyndication.com\/pagead\/js\/adsbygoogle.js\"><\/script><br \/>\n<!-- Noticias La Guia de Pamplona --><br \/>\n<ins class=\"adsbygoogle\"\nstyle=\"display:block\"\ndata-ad-client=\"ca-pub-6943679897239327\"\ndata-ad-slot=\"7048180777\"\ndata-ad-format=\"auto\"><\/ins><br \/>\n<script>\n(adsbygoogle = window.adsbygoogle || []).push({});\n<\/script><\/p>\n<p>\u2018La Farmacia, unida por un mundo m\u00e1s saludable\u2019 es el lema elegido en este 2022 por la Federaci\u00f3n Internacional Farmac\u00e9utica (FIP) para la celebraci\u00f3n del D\u00eda Mundial del Farmac\u00e9utico. Este lema destaca la labor que desarrollan para favorecer un mundo m\u00e1s saludable, y lo hacen unidos desde los m\u00faltiples \u00e1mbitos de actuaci\u00f3n en los que ejercen su profesi\u00f3n. En Espa\u00f1a, ese lema se ha reforzado con la leyenda \u2018Todos para uno\u2019, que quiere subrayar que \u2018todos\u2019 los farmac\u00e9uticos tienen como objetivo cuidar de la salud de \u2018uno\u2019: el paciente.<\/p>\n<p>Seg\u00fan los datos presentados por el Consejo General de Colegios Farmac\u00e9uticos en Espa\u00f1a hay 78.128 farmac\u00e9uticos y farmac\u00e9uticas colegiadas que desarrollan su labor asistencial en m\u00faltiples \u00e1reas, todas ellas relacionadas con la salud (farmacia comunitaria, farmacias hospitalarias, an\u00e1lisis cl\u00ednicos, salud p\u00fablica, industria y la distribuci\u00f3n farmac\u00e9utica, \u00f3ptica y ac\u00fastica, la alimentaci\u00f3n, dermofarmacia, ortopedia o la docencia).<br \/>\n<script async src=\"\/\/pagead2.googlesyndication.com\/pagead\/js\/adsbygoogle.js\"><\/script><br \/>\n<!-- Noticias La Guia de Pamplona --><br \/>\n<ins class=\"adsbygoogle\"\nstyle=\"display:block\"\ndata-ad-client=\"ca-pub-6943679897239327\"\ndata-ad-slot=\"7048180777\"\ndata-ad-format=\"auto\"><\/ins><br \/>\n<script>\n(adsbygoogle = window.adsbygoogle || []).push({});\n<\/script><\/p>\n<p><strong>Por las enfermedades mitocondriales<\/strong><\/p>\n<p>El domingo la Casa Consistorial se iluminar\u00e1 de color azul como colof\u00f3n a la celebraci\u00f3n de la semana de concienciaci\u00f3n sobre las enfermedades mitocondriales, que se ha desarrollado a nivel mundial entre el 18 y el 24 de septiembre. Las enfermedades mitocondriales son la segunda enfermedad gen\u00e9tica m\u00e1s grave despu\u00e9s de la fibrosis qu\u00edstica.<\/p>\n<p>Suponen un desorden gen\u00e9tico debilitante que roba las c\u00e9lulas de energ\u00eda del cuerpo, causando disfunci\u00f3n org\u00e1nica m\u00faltiple, que incluso puede derivar en muerte. Uno de cada 5.000 beb\u00e9s nace con una enfermedad mitocondrial potencialmente mortal. La solicitud de esta iluminaci\u00f3n y de la adhesi\u00f3n a la campa\u00f1a <strong>#lightupformito<\/strong>\u00a0la ha llevado a cabo la Asociaci\u00f3n de Enfermos de Patolog\u00edas Mitocondriales<\/p>\n","protected":false},"excerpt":{"rendered":"","protected":false},"author":1,"featured_media":33755,"comment_status":"open","ping_status":"closed","sticky":false,"template":"","format":"standard","meta":{"footnotes":""},"categories":[2],"tags":[],"class_list":["post-41677","post","type-post","status-publish","format-standard","has-post-thumbnail","hentry","category-ayuntamiento-pamplona"],"yoast_head":"<!-- This site is optimized with the Yoast SEO plugin v27.5 - https:\/\/yoast.com\/product\/yoast-seo-wordpress\/ -->\n<title>La Casa Consistorial se iluminar\u00e1 el s\u00e1bado de color verde por el d\u00eda de la profesi\u00f3n farmac\u00e9utica y el domingo de azul por la concienciaci\u00f3n sobre las enfermedades mitocondriales<\/title>\n<meta name=\"description\" content=\"\u2018La Farmacia, unida por un mundo m\u00e1s saludable\u2019 es el lema elegido en este 2022 por la Federaci\u00f3n Internacional Farmac\u00e9utica\" \/>\n<meta name=\"robots\" content=\"index, follow, max-snippet:-1, max-image-preview:large, max-video-preview:-1\" \/>\n<link rel=\"canonical\" href=\"https:\/\/www.laguiadepamplona.com\/actualidad\/la-casa-consistorial-se-iluminara-el-sabado-de-color-verde-por-el-dia-de-la-profesion-farmaceutica-y-el-domingo-de-azul-por-la-concienciacion-sobre-las-enfermedades-mitocondriales\/\" \/>\n<meta property=\"og:locale\" content=\"es_ES\" \/>\n<meta property=\"og:type\" content=\"article\" \/>\n<meta property=\"og:title\" content=\"La Casa Consistorial se iluminar\u00e1 el s\u00e1bado de color verde por el d\u00eda de la profesi\u00f3n farmac\u00e9utica y el domingo de azul por la concienciaci\u00f3n sobre las enfermedades mitocondriales\" \/>\n<meta property=\"og:description\" content=\"\u2018La Farmacia, unida por un mundo m\u00e1s saludable\u2019 es el lema elegido en este 2022 por la Federaci\u00f3n Internacional Farmac\u00e9utica\" \/>\n<meta property=\"og:url\" content=\"https:\/\/www.laguiadepamplona.com\/actualidad\/la-casa-consistorial-se-iluminara-el-sabado-de-color-verde-por-el-dia-de-la-profesion-farmaceutica-y-el-domingo-de-azul-por-la-concienciacion-sobre-las-enfermedades-mitocondriales\/\" \/>\n<meta property=\"og:site_name\" content=\"La Gu\u00eda de Pamplona\" \/>\n<meta property=\"article:publisher\" content=\"https:\/\/www.facebook.com\/laguiadepamplonacom-133175176762273\/?ref=hl\" \/>\n<meta property=\"article:published_time\" content=\"2022-09-23T10:38:36+00:00\" \/>\n<meta property=\"article:modified_time\" content=\"2023-04-11T09:47:48+00:00\" \/>\n<meta property=\"og:image\" content=\"https:\/\/www.laguiadepamplona.com\/actualidad\/wp-content\/uploads\/2021\/03\/aytoverde_JGV1123.jpg\" \/>\n\t<meta property=\"og:image:width\" content=\"1920\" \/>\n\t<meta property=\"og:image:height\" content=\"1280\" \/>\n\t<meta property=\"og:image:type\" content=\"image\/jpeg\" \/>\n<meta name=\"author\" content=\"La Gu\u00eda de Pamplona\" \/>\n<meta name=\"twitter:card\" content=\"summary_large_image\" \/>\n<meta name=\"twitter:creator\" content=\"@LaGuiadPamplona\" \/>\n<meta name=\"twitter:site\" content=\"@LaGuiadPamplona\" \/>\n<meta name=\"twitter:label1\" content=\"Escrito por\" \/>\n\t<meta name=\"twitter:data1\" content=\"La Gu\u00eda de Pamplona\" \/>\n\t<meta name=\"twitter:label2\" content=\"Tiempo de lectura\" \/>\n\t<meta name=\"twitter:data2\" content=\"2 minutos\" \/>\n<script type=\"application\/ld+json\" class=\"yoast-schema-graph\">{\"@context\":\"https:\\\/\\\/schema.org\",\"@graph\":[{\"@type\":\"Article\",\"@id\":\"https:\\\/\\\/www.laguiadepamplona.com\\\/actualidad\\\/la-casa-consistorial-se-iluminara-el-sabado-de-color-verde-por-el-dia-de-la-profesion-farmaceutica-y-el-domingo-de-azul-por-la-concienciacion-sobre-las-enfermedades-mitocondriales\\\/#article\",\"isPartOf\":{\"@id\":\"https:\\\/\\\/www.laguiadepamplona.com\\\/actualidad\\\/la-casa-consistorial-se-iluminara-el-sabado-de-color-verde-por-el-dia-de-la-profesion-farmaceutica-y-el-domingo-de-azul-por-la-concienciacion-sobre-las-enfermedades-mitocondriales\\\/\"},\"author\":{\"name\":\"La Gu\u00eda de Pamplona\",\"@id\":\"https:\\\/\\\/www.laguiadepamplona.com\\\/actualidad\\\/#\\\/schema\\\/person\\\/efe887376f0213d4657c93adc50b1fdb\"},\"headline\":\"La Casa Consistorial se iluminar\u00e1 el s\u00e1bado de color verde por el d\u00eda de la profesi\u00f3n farmac\u00e9utica y el domingo de azul por la concienciaci\u00f3n sobre las enfermedades mitocondriales\",\"datePublished\":\"2022-09-23T10:38:36+00:00\",\"dateModified\":\"2023-04-11T09:47:48+00:00\",\"mainEntityOfPage\":{\"@id\":\"https:\\\/\\\/www.laguiadepamplona.com\\\/actualidad\\\/la-casa-consistorial-se-iluminara-el-sabado-de-color-verde-por-el-dia-de-la-profesion-farmaceutica-y-el-domingo-de-azul-por-la-concienciacion-sobre-las-enfermedades-mitocondriales\\\/\"},\"wordCount\":406,\"commentCount\":0,\"publisher\":{\"@id\":\"https:\\\/\\\/www.laguiadepamplona.com\\\/actualidad\\\/#organization\"},\"image\":{\"@id\":\"https:\\\/\\\/www.laguiadepamplona.com\\\/actualidad\\\/la-casa-consistorial-se-iluminara-el-sabado-de-color-verde-por-el-dia-de-la-profesion-farmaceutica-y-el-domingo-de-azul-por-la-concienciacion-sobre-las-enfermedades-mitocondriales\\\/#primaryimage\"},\"thumbnailUrl\":\"https:\\\/\\\/www.laguiadepamplona.com\\\/actualidad\\\/wp-content\\\/uploads\\\/2021\\\/03\\\/aytoverde_JGV1123.jpg\",\"articleSection\":[\"Ayto Pamplona\"],\"inLanguage\":\"es\",\"potentialAction\":[{\"@type\":\"CommentAction\",\"name\":\"Comment\",\"target\":[\"https:\\\/\\\/www.laguiadepamplona.com\\\/actualidad\\\/la-casa-consistorial-se-iluminara-el-sabado-de-color-verde-por-el-dia-de-la-profesion-farmaceutica-y-el-domingo-de-azul-por-la-concienciacion-sobre-las-enfermedades-mitocondriales\\\/#respond\"]}]},{\"@type\":\"WebPage\",\"@id\":\"https:\\\/\\\/www.laguiadepamplona.com\\\/actualidad\\\/la-casa-consistorial-se-iluminara-el-sabado-de-color-verde-por-el-dia-de-la-profesion-farmaceutica-y-el-domingo-de-azul-por-la-concienciacion-sobre-las-enfermedades-mitocondriales\\\/\",\"url\":\"https:\\\/\\\/www.laguiadepamplona.com\\\/actualidad\\\/la-casa-consistorial-se-iluminara-el-sabado-de-color-verde-por-el-dia-de-la-profesion-farmaceutica-y-el-domingo-de-azul-por-la-concienciacion-sobre-las-enfermedades-mitocondriales\\\/\",\"name\":\"La Casa Consistorial se iluminar\u00e1 el s\u00e1bado de color verde por el d\u00eda de la profesi\u00f3n farmac\u00e9utica y el domingo de azul por la concienciaci\u00f3n sobre las enfermedades mitocondriales\",\"isPartOf\":{\"@id\":\"https:\\\/\\\/www.laguiadepamplona.com\\\/actualidad\\\/#website\"},\"primaryImageOfPage\":{\"@id\":\"https:\\\/\\\/www.laguiadepamplona.com\\\/actualidad\\\/la-casa-consistorial-se-iluminara-el-sabado-de-color-verde-por-el-dia-de-la-profesion-farmaceutica-y-el-domingo-de-azul-por-la-concienciacion-sobre-las-enfermedades-mitocondriales\\\/#primaryimage\"},\"image\":{\"@id\":\"https:\\\/\\\/www.laguiadepamplona.com\\\/actualidad\\\/la-casa-consistorial-se-iluminara-el-sabado-de-color-verde-por-el-dia-de-la-profesion-farmaceutica-y-el-domingo-de-azul-por-la-concienciacion-sobre-las-enfermedades-mitocondriales\\\/#primaryimage\"},\"thumbnailUrl\":\"https:\\\/\\\/www.laguiadepamplona.com\\\/actualidad\\\/wp-content\\\/uploads\\\/2021\\\/03\\\/aytoverde_JGV1123.jpg\",\"datePublished\":\"2022-09-23T10:38:36+00:00\",\"dateModified\":\"2023-04-11T09:47:48+00:00\",\"description\":\"\u2018La Farmacia, unida por un mundo m\u00e1s saludable\u2019 es el lema elegido en este 2022 por la Federaci\u00f3n Internacional Farmac\u00e9utica\",\"breadcrumb\":{\"@id\":\"https:\\\/\\\/www.laguiadepamplona.com\\\/actualidad\\\/la-casa-consistorial-se-iluminara-el-sabado-de-color-verde-por-el-dia-de-la-profesion-farmaceutica-y-el-domingo-de-azul-por-la-concienciacion-sobre-las-enfermedades-mitocondriales\\\/#breadcrumb\"},\"inLanguage\":\"es\",\"potentialAction\":[{\"@type\":\"ReadAction\",\"target\":[\"https:\\\/\\\/www.laguiadepamplona.com\\\/actualidad\\\/la-casa-consistorial-se-iluminara-el-sabado-de-color-verde-por-el-dia-de-la-profesion-farmaceutica-y-el-domingo-de-azul-por-la-concienciacion-sobre-las-enfermedades-mitocondriales\\\/\"]}]},{\"@type\":\"ImageObject\",\"inLanguage\":\"es\",\"@id\":\"https:\\\/\\\/www.laguiadepamplona.com\\\/actualidad\\\/la-casa-consistorial-se-iluminara-el-sabado-de-color-verde-por-el-dia-de-la-profesion-farmaceutica-y-el-domingo-de-azul-por-la-concienciacion-sobre-las-enfermedades-mitocondriales\\\/#primaryimage\",\"url\":\"https:\\\/\\\/www.laguiadepamplona.com\\\/actualidad\\\/wp-content\\\/uploads\\\/2021\\\/03\\\/aytoverde_JGV1123.jpg\",\"contentUrl\":\"https:\\\/\\\/www.laguiadepamplona.com\\\/actualidad\\\/wp-content\\\/uploads\\\/2021\\\/03\\\/aytoverde_JGV1123.jpg\",\"width\":1920,\"height\":1280,\"caption\":\"A* Jes\u00fas Garzaron F* 2020_11_19 T* Fachada del Ayuntamiento iluminada de verde L* Ayuntamiento de Pamplona\"},{\"@type\":\"BreadcrumbList\",\"@id\":\"https:\\\/\\\/www.laguiadepamplona.com\\\/actualidad\\\/la-casa-consistorial-se-iluminara-el-sabado-de-color-verde-por-el-dia-de-la-profesion-farmaceutica-y-el-domingo-de-azul-por-la-concienciacion-sobre-las-enfermedades-mitocondriales\\\/#breadcrumb\",\"itemListElement\":[{\"@type\":\"ListItem\",\"position\":1,\"name\":\"Portada\",\"item\":\"https:\\\/\\\/www.laguiadepamplona.com\\\/actualidad\\\/\"},{\"@type\":\"ListItem\",\"position\":2,\"name\":\"La Casa Consistorial se iluminar\u00e1 el s\u00e1bado de color verde por el d\u00eda de la profesi\u00f3n farmac\u00e9utica y el domingo de azul por la concienciaci\u00f3n sobre las enfermedades mitocondriales\"}]},{\"@type\":\"WebSite\",\"@id\":\"https:\\\/\\\/www.laguiadepamplona.com\\\/actualidad\\\/#website\",\"url\":\"https:\\\/\\\/www.laguiadepamplona.com\\\/actualidad\\\/\",\"name\":\"La gu\u00eda de Pamplona\",\"description\":\"Noticias de Pamplona\",\"publisher\":{\"@id\":\"https:\\\/\\\/www.laguiadepamplona.com\\\/actualidad\\\/#organization\"},\"potentialAction\":[{\"@type\":\"SearchAction\",\"target\":{\"@type\":\"EntryPoint\",\"urlTemplate\":\"https:\\\/\\\/www.laguiadepamplona.com\\\/actualidad\\\/?s={search_term_string}\"},\"query-input\":{\"@type\":\"PropertyValueSpecification\",\"valueRequired\":true,\"valueName\":\"search_term_string\"}}],\"inLanguage\":\"es\"},{\"@type\":\"Organization\",\"@id\":\"https:\\\/\\\/www.laguiadepamplona.com\\\/actualidad\\\/#organization\",\"name\":\"La Gu\u00eda de Pamplona \\\/ Noticias\",\"url\":\"https:\\\/\\\/www.laguiadepamplona.com\\\/actualidad\\\/\",\"logo\":{\"@type\":\"ImageObject\",\"inLanguage\":\"es\",\"@id\":\"https:\\\/\\\/www.laguiadepamplona.com\\\/actualidad\\\/#\\\/schema\\\/logo\\\/image\\\/\",\"url\":\"https:\\\/\\\/www.laguiadepamplona.com\\\/actualidad\\\/wp-content\\\/uploads\\\/2018\\\/11\\\/logo-laguiadepamplona18-web1.png\",\"contentUrl\":\"https:\\\/\\\/www.laguiadepamplona.com\\\/actualidad\\\/wp-content\\\/uploads\\\/2018\\\/11\\\/logo-laguiadepamplona18-web1.png\",\"width\":600,\"height\":196,\"caption\":\"La Gu\u00eda de Pamplona \\\/ Noticias\"},\"image\":{\"@id\":\"https:\\\/\\\/www.laguiadepamplona.com\\\/actualidad\\\/#\\\/schema\\\/logo\\\/image\\\/\"},\"sameAs\":[\"https:\\\/\\\/www.facebook.com\\\/laguiadepamplonacom-133175176762273\\\/?ref=hl\",\"https:\\\/\\\/x.com\\\/LaGuiadPamplona\",\"https:\\\/\\\/www.instagram.com\\\/la_guia_de_pamplona\\\/\",\"https:\\\/\\\/www.youtube.com\\\/user\\\/laguiadepamplona\"]},{\"@type\":\"Person\",\"@id\":\"https:\\\/\\\/www.laguiadepamplona.com\\\/actualidad\\\/#\\\/schema\\\/person\\\/efe887376f0213d4657c93adc50b1fdb\",\"name\":\"La Gu\u00eda de Pamplona\",\"image\":{\"@type\":\"ImageObject\",\"inLanguage\":\"es\",\"@id\":\"https:\\\/\\\/secure.gravatar.com\\\/avatar\\\/b6992f131dc8d30ab0dff15446e9d346d9dbd95992de0fef795073f5ea83a81c?s=96&d=mm&r=g\",\"url\":\"https:\\\/\\\/secure.gravatar.com\\\/avatar\\\/b6992f131dc8d30ab0dff15446e9d346d9dbd95992de0fef795073f5ea83a81c?s=96&d=mm&r=g\",\"contentUrl\":\"https:\\\/\\\/secure.gravatar.com\\\/avatar\\\/b6992f131dc8d30ab0dff15446e9d346d9dbd95992de0fef795073f5ea83a81c?s=96&d=mm&r=g\",\"caption\":\"La Gu\u00eda de Pamplona\"}}]}<\/script>\n<!-- \/ Yoast SEO plugin. -->","yoast_head_json":{"title":"La Casa Consistorial se iluminar\u00e1 el s\u00e1bado de color verde por el d\u00eda de la profesi\u00f3n farmac\u00e9utica y el domingo de azul por la concienciaci\u00f3n sobre las enfermedades mitocondriales","description":"\u2018La Farmacia, unida por un mundo m\u00e1s saludable\u2019 es el lema elegido en este 2022 por la Federaci\u00f3n Internacional Farmac\u00e9utica","robots":{"index":"index","follow":"follow","max-snippet":"max-snippet:-1","max-image-preview":"max-image-preview:large","max-video-preview":"max-video-preview:-1"},"canonical":"https:\/\/www.laguiadepamplona.com\/actualidad\/la-casa-consistorial-se-iluminara-el-sabado-de-color-verde-por-el-dia-de-la-profesion-farmaceutica-y-el-domingo-de-azul-por-la-concienciacion-sobre-las-enfermedades-mitocondriales\/","og_locale":"es_ES","og_type":"article","og_title":"La Casa Consistorial se iluminar\u00e1 el s\u00e1bado de color verde por el d\u00eda de la profesi\u00f3n farmac\u00e9utica y el domingo de azul por la concienciaci\u00f3n sobre las enfermedades mitocondriales","og_description":"\u2018La Farmacia, unida por un mundo m\u00e1s saludable\u2019 es el lema elegido en este 2022 por la Federaci\u00f3n Internacional Farmac\u00e9utica","og_url":"https:\/\/www.laguiadepamplona.com\/actualidad\/la-casa-consistorial-se-iluminara-el-sabado-de-color-verde-por-el-dia-de-la-profesion-farmaceutica-y-el-domingo-de-azul-por-la-concienciacion-sobre-las-enfermedades-mitocondriales\/","og_site_name":"La Gu\u00eda de Pamplona","article_publisher":"https:\/\/www.facebook.com\/laguiadepamplonacom-133175176762273\/?ref=hl","article_published_time":"2022-09-23T10:38:36+00:00","article_modified_time":"2023-04-11T09:47:48+00:00","og_image":[{"width":1920,"height":1280,"url":"https:\/\/www.laguiadepamplona.com\/actualidad\/wp-content\/uploads\/2021\/03\/aytoverde_JGV1123.jpg","type":"image\/jpeg"}],"author":"La Gu\u00eda de Pamplona","twitter_card":"summary_large_image","twitter_creator":"@LaGuiadPamplona","twitter_site":"@LaGuiadPamplona","twitter_misc":{"Escrito por":"La Gu\u00eda de Pamplona","Tiempo de lectura":"2 minutos"},"schema":{"@context":"https:\/\/schema.org","@graph":[{"@type":"Article","@id":"https:\/\/www.laguiadepamplona.com\/actualidad\/la-casa-consistorial-se-iluminara-el-sabado-de-color-verde-por-el-dia-de-la-profesion-farmaceutica-y-el-domingo-de-azul-por-la-concienciacion-sobre-las-enfermedades-mitocondriales\/#article","isPartOf":{"@id":"https:\/\/www.laguiadepamplona.com\/actualidad\/la-casa-consistorial-se-iluminara-el-sabado-de-color-verde-por-el-dia-de-la-profesion-farmaceutica-y-el-domingo-de-azul-por-la-concienciacion-sobre-las-enfermedades-mitocondriales\/"},"author":{"name":"La Gu\u00eda de Pamplona","@id":"https:\/\/www.laguiadepamplona.com\/actualidad\/#\/schema\/person\/efe887376f0213d4657c93adc50b1fdb"},"headline":"La Casa Consistorial se iluminar\u00e1 el s\u00e1bado de color verde por el d\u00eda de la profesi\u00f3n farmac\u00e9utica y el domingo de azul por la concienciaci\u00f3n sobre las enfermedades mitocondriales","datePublished":"2022-09-23T10:38:36+00:00","dateModified":"2023-04-11T09:47:48+00:00","mainEntityOfPage":{"@id":"https:\/\/www.laguiadepamplona.com\/actualidad\/la-casa-consistorial-se-iluminara-el-sabado-de-color-verde-por-el-dia-de-la-profesion-farmaceutica-y-el-domingo-de-azul-por-la-concienciacion-sobre-las-enfermedades-mitocondriales\/"},"wordCount":406,"commentCount":0,"publisher":{"@id":"https:\/\/www.laguiadepamplona.com\/actualidad\/#organization"},"image":{"@id":"https:\/\/www.laguiadepamplona.com\/actualidad\/la-casa-consistorial-se-iluminara-el-sabado-de-color-verde-por-el-dia-de-la-profesion-farmaceutica-y-el-domingo-de-azul-por-la-concienciacion-sobre-las-enfermedades-mitocondriales\/#primaryimage"},"thumbnailUrl":"https:\/\/www.laguiadepamplona.com\/actualidad\/wp-content\/uploads\/2021\/03\/aytoverde_JGV1123.jpg","articleSection":["Ayto Pamplona"],"inLanguage":"es","potentialAction":[{"@type":"CommentAction","name":"Comment","target":["https:\/\/www.laguiadepamplona.com\/actualidad\/la-casa-consistorial-se-iluminara-el-sabado-de-color-verde-por-el-dia-de-la-profesion-farmaceutica-y-el-domingo-de-azul-por-la-concienciacion-sobre-las-enfermedades-mitocondriales\/#respond"]}]},{"@type":"WebPage","@id":"https:\/\/www.laguiadepamplona.com\/actualidad\/la-casa-consistorial-se-iluminara-el-sabado-de-color-verde-por-el-dia-de-la-profesion-farmaceutica-y-el-domingo-de-azul-por-la-concienciacion-sobre-las-enfermedades-mitocondriales\/","url":"https:\/\/www.laguiadepamplona.com\/actualidad\/la-casa-consistorial-se-iluminara-el-sabado-de-color-verde-por-el-dia-de-la-profesion-farmaceutica-y-el-domingo-de-azul-por-la-concienciacion-sobre-las-enfermedades-mitocondriales\/","name":"La Casa Consistorial se iluminar\u00e1 el s\u00e1bado de color verde por el d\u00eda de la profesi\u00f3n farmac\u00e9utica y el domingo de azul por la concienciaci\u00f3n sobre las enfermedades mitocondriales","isPartOf":{"@id":"https:\/\/www.laguiadepamplona.com\/actualidad\/#website"},"primaryImageOfPage":{"@id":"https:\/\/www.laguiadepamplona.com\/actualidad\/la-casa-consistorial-se-iluminara-el-sabado-de-color-verde-por-el-dia-de-la-profesion-farmaceutica-y-el-domingo-de-azul-por-la-concienciacion-sobre-las-enfermedades-mitocondriales\/#primaryimage"},"image":{"@id":"https:\/\/www.laguiadepamplona.com\/actualidad\/la-casa-consistorial-se-iluminara-el-sabado-de-color-verde-por-el-dia-de-la-profesion-farmaceutica-y-el-domingo-de-azul-por-la-concienciacion-sobre-las-enfermedades-mitocondriales\/#primaryimage"},"thumbnailUrl":"https:\/\/www.laguiadepamplona.com\/actualidad\/wp-content\/uploads\/2021\/03\/aytoverde_JGV1123.jpg","datePublished":"2022-09-23T10:38:36+00:00","dateModified":"2023-04-11T09:47:48+00:00","description":"\u2018La Farmacia, unida por un mundo m\u00e1s saludable\u2019 es el lema elegido en este 2022 por la Federaci\u00f3n Internacional Farmac\u00e9utica","breadcrumb":{"@id":"https:\/\/www.laguiadepamplona.com\/actualidad\/la-casa-consistorial-se-iluminara-el-sabado-de-color-verde-por-el-dia-de-la-profesion-farmaceutica-y-el-domingo-de-azul-por-la-concienciacion-sobre-las-enfermedades-mitocondriales\/#breadcrumb"},"inLanguage":"es","potentialAction":[{"@type":"ReadAction","target":["https:\/\/www.laguiadepamplona.com\/actualidad\/la-casa-consistorial-se-iluminara-el-sabado-de-color-verde-por-el-dia-de-la-profesion-farmaceutica-y-el-domingo-de-azul-por-la-concienciacion-sobre-las-enfermedades-mitocondriales\/"]}]},{"@type":"ImageObject","inLanguage":"es","@id":"https:\/\/www.laguiadepamplona.com\/actualidad\/la-casa-consistorial-se-iluminara-el-sabado-de-color-verde-por-el-dia-de-la-profesion-farmaceutica-y-el-domingo-de-azul-por-la-concienciacion-sobre-las-enfermedades-mitocondriales\/#primaryimage","url":"https:\/\/www.laguiadepamplona.com\/actualidad\/wp-content\/uploads\/2021\/03\/aytoverde_JGV1123.jpg","contentUrl":"https:\/\/www.laguiadepamplona.com\/actualidad\/wp-content\/uploads\/2021\/03\/aytoverde_JGV1123.jpg","width":1920,"height":1280,"caption":"A* Jes\u00fas Garzaron F* 2020_11_19 T* Fachada del Ayuntamiento iluminada de verde L* Ayuntamiento de Pamplona"},{"@type":"BreadcrumbList","@id":"https:\/\/www.laguiadepamplona.com\/actualidad\/la-casa-consistorial-se-iluminara-el-sabado-de-color-verde-por-el-dia-de-la-profesion-farmaceutica-y-el-domingo-de-azul-por-la-concienciacion-sobre-las-enfermedades-mitocondriales\/#breadcrumb","itemListElement":[{"@type":"ListItem","position":1,"name":"Portada","item":"https:\/\/www.laguiadepamplona.com\/actualidad\/"},{"@type":"ListItem","position":2,"name":"La Casa Consistorial se iluminar\u00e1 el s\u00e1bado de color verde por el d\u00eda de la profesi\u00f3n farmac\u00e9utica y el domingo de azul por la concienciaci\u00f3n sobre las enfermedades mitocondriales"}]},{"@type":"WebSite","@id":"https:\/\/www.laguiadepamplona.com\/actualidad\/#website","url":"https:\/\/www.laguiadepamplona.com\/actualidad\/","name":"La gu\u00eda de Pamplona","description":"Noticias de Pamplona","publisher":{"@id":"https:\/\/www.laguiadepamplona.com\/actualidad\/#organization"},"potentialAction":[{"@type":"SearchAction","target":{"@type":"EntryPoint","urlTemplate":"https:\/\/www.laguiadepamplona.com\/actualidad\/?s={search_term_string}"},"query-input":{"@type":"PropertyValueSpecification","valueRequired":true,"valueName":"search_term_string"}}],"inLanguage":"es"},{"@type":"Organization","@id":"https:\/\/www.laguiadepamplona.com\/actualidad\/#organization","name":"La Gu\u00eda de Pamplona \/ Noticias","url":"https:\/\/www.laguiadepamplona.com\/actualidad\/","logo":{"@type":"ImageObject","inLanguage":"es","@id":"https:\/\/www.laguiadepamplona.com\/actualidad\/#\/schema\/logo\/image\/","url":"https:\/\/www.laguiadepamplona.com\/actualidad\/wp-content\/uploads\/2018\/11\/logo-laguiadepamplona18-web1.png","contentUrl":"https:\/\/www.laguiadepamplona.com\/actualidad\/wp-content\/uploads\/2018\/11\/logo-laguiadepamplona18-web1.png","width":600,"height":196,"caption":"La Gu\u00eda de Pamplona \/ Noticias"},"image":{"@id":"https:\/\/www.laguiadepamplona.com\/actualidad\/#\/schema\/logo\/image\/"},"sameAs":["https:\/\/www.facebook.com\/laguiadepamplonacom-133175176762273\/?ref=hl","https:\/\/x.com\/LaGuiadPamplona","https:\/\/www.instagram.com\/la_guia_de_pamplona\/","https:\/\/www.youtube.com\/user\/laguiadepamplona"]},{"@type":"Person","@id":"https:\/\/www.laguiadepamplona.com\/actualidad\/#\/schema\/person\/efe887376f0213d4657c93adc50b1fdb","name":"La Gu\u00eda de Pamplona","image":{"@type":"ImageObject","inLanguage":"es","@id":"https:\/\/secure.gravatar.com\/avatar\/b6992f131dc8d30ab0dff15446e9d346d9dbd95992de0fef795073f5ea83a81c?s=96&d=mm&r=g","url":"https:\/\/secure.gravatar.com\/avatar\/b6992f131dc8d30ab0dff15446e9d346d9dbd95992de0fef795073f5ea83a81c?s=96&d=mm&r=g","contentUrl":"https:\/\/secure.gravatar.com\/avatar\/b6992f131dc8d30ab0dff15446e9d346d9dbd95992de0fef795073f5ea83a81c?s=96&d=mm&r=g","caption":"La Gu\u00eda de Pamplona"}}]}},"post_mailing_queue_ids":[],"_links":{"self":[{"href":"https:\/\/www.laguiadepamplona.com\/actualidad\/wp-json\/wp\/v2\/posts\/41677","targetHints":{"allow":["GET"]}}],"collection":[{"href":"https:\/\/www.laguiadepamplona.com\/actualidad\/wp-json\/wp\/v2\/posts"}],"about":[{"href":"https:\/\/www.laguiadepamplona.com\/actualidad\/wp-json\/wp\/v2\/types\/post"}],"author":[{"embeddable":true,"href":"https:\/\/www.laguiadepamplona.com\/actualidad\/wp-json\/wp\/v2\/users\/1"}],"replies":[{"embeddable":true,"href":"https:\/\/www.laguiadepamplona.com\/actualidad\/wp-json\/wp\/v2\/comments?post=41677"}],"version-history":[{"count":0,"href":"https:\/\/www.laguiadepamplona.com\/actualidad\/wp-json\/wp\/v2\/posts\/41677\/revisions"}],"wp:featuredmedia":[{"embeddable":true,"href":"https:\/\/www.laguiadepamplona.com\/actualidad\/wp-json\/wp\/v2\/media\/33755"}],"wp:attachment":[{"href":"https:\/\/www.laguiadepamplona.com\/actualidad\/wp-json\/wp\/v2\/media?parent=41677"}],"wp:term":[{"taxonomy":"category","embeddable":true,"href":"https:\/\/www.laguiadepamplona.com\/actualidad\/wp-json\/wp\/v2\/categories?post=41677"},{"taxonomy":"post_tag","embeddable":true,"href":"https:\/\/www.laguiadepamplona.com\/actualidad\/wp-json\/wp\/v2\/tags?post=41677"}],"curies":[{"name":"wp","href":"https:\/\/api.w.org\/{rel}","templated":true}]}}