{"id":41674,"date":"2022-09-23T12:36:56","date_gmt":"2022-09-23T10:36:56","guid":{"rendered":"https:\/\/www.laguiadepamplona.com\/actualidad\/?p=41674"},"modified":"2023-04-11T11:47:48","modified_gmt":"2023-04-11T09:47:48","slug":"vuelve-el-concurso-de-fotografia-enfoca-que-premiara-con-900-euros-la-mejor-instantanea-de-pamplona","status":"publish","type":"post","link":"https:\/\/www.laguiadepamplona.com\/actualidad\/vuelve-el-concurso-de-fotografia-enfoca-que-premiara-con-900-euros-la-mejor-instantanea-de-pamplona\/","title":{"rendered":"Vuelve el concurso de fotograf\u00eda \u2018Enfoca\u2019, que premiar\u00e1 con 900 euros la mejor instant\u00e1nea de Pamplona"},"content":{"rendered":"<h5>Las personas interesadas pueden presentar sus fotograf\u00edas hasta el 31 de octubre<\/h5>\n<p><!--more--><\/p>\n<p>El Ayuntamiento de Pamplona ha convocado, un a\u00f1o m\u00e1s, el concurso de fotograf\u00eda \u2018Enfoca\u2019, con el que quiere premiar aquellas im\u00e1genes que capten la ciudad desde una perspectiva diferente. Una selecci\u00f3n de las instant\u00e1neas presentadas servir\u00e1 tambi\u00e9n ilustrar el calendario municipal que se reparte en el mes de diciembre de forma gratuita a la ciudadan\u00eda. Las personas interesadas en participar en el certamen podr\u00e1n presentar sus fotograf\u00edas hasta las 23.00 horas del 31 de octubre. La mejor fotograf\u00eda ser\u00e1 premiada con 900 euros. Asimismo, se han previsto un segundo y un tercer premio, dotados con 600 y 500 euros respectivamente. Adem\u00e1s, las doce instant\u00e1neas que sean elegidas para ilustrar el calendario tendr\u00e1n una dotaci\u00f3n econ\u00f3mica de 150 euros.<br \/>\n<script async src=\"\/\/pagead2.googlesyndication.com\/pagead\/js\/adsbygoogle.js\"><\/script><br \/>\n<!-- Noticias La Guia de Pamplona --><br \/>\n<ins class=\"adsbygoogle\"\nstyle=\"display:block\"\ndata-ad-client=\"ca-pub-6943679897239327\"\ndata-ad-slot=\"7048180777\"\ndata-ad-format=\"auto\"><\/ins><br \/>\n<script>\n(adsbygoogle = window.adsbygoogle || []).push({});\n<\/script><\/p>\n<p>Como en la edici\u00f3n anterior, en esta ocasi\u00f3n las instant\u00e1neas se deber\u00e1n presentar \u00fanicamente en formato digital, a trav\u00e9s del <a href=\"https:\/\/www.pamplonaescultura.es\/concursos\/enfoca-pamplona-2022\/\" target=\"_blank\" rel=\"noopener\">formulario de inscripci\u00f3n<\/a> que ya est\u00e1 disponible en la web\u00a0 <a href=\"http:\/\/www.pamplonaescultura.es\" target=\"_blank\" rel=\"noopener\">www.pamplonaescultura.es<\/a>\u00a0 o <a href=\"http:\/\/www.pamplonaescultura.es\/eu\" target=\"_blank\" rel=\"noopener\">www.pamplonaescultura.es\/eu<\/a>. En esa misma web se podr\u00e1n consultar las bases de la convocatoria. El certamen permite la presentaci\u00f3n de un m\u00e1ximo de tres fotograf\u00edas por persona, siempre que sean in\u00e9ditas. De hecho, no se admitir\u00e1n im\u00e1genes ya publicadas o premiadas en otros cert\u00e1menes.<\/p>\n<p>Las fotograf\u00edas, de un m\u00e1ximo de 2 MB, deber\u00e1n presentarse en formato JPEG (resoluci\u00f3n de al menos 72 ppp). Su tama\u00f1o no podr\u00e1 superar los 794&#215;1077 pixeles en vertical y los 1077&#215;794 p\u00edxeles en formato horizontal. Adem\u00e1s, se indicar\u00e1 la fecha de realizaci\u00f3n, el lugar exacto y una breve descripci\u00f3n de la fotograf\u00eda. Aquellas im\u00e1genes que retraten a personas deber\u00e1n contar con la autorizaci\u00f3n y el consentimiento de las personas que aparezcan en ella.<br \/>\n<script async src=\"\/\/pagead2.googlesyndication.com\/pagead\/js\/adsbygoogle.js\"><\/script><br \/>\n<!-- Noticias La Guia de Pamplona --><br \/>\n<ins class=\"adsbygoogle\"\nstyle=\"display:block\"\ndata-ad-client=\"ca-pub-6943679897239327\"\ndata-ad-slot=\"7048180777\"\ndata-ad-format=\"auto\"><\/ins><br \/>\n<script>\n(adsbygoogle = window.adsbygoogle || []).push({});\n<\/script><\/p>\n<p>Un jurado, integrado por profesionales de la fotograf\u00eda y personal t\u00e9cnico del Ayuntamiento, elegir\u00e1n las fotograf\u00edas ganadoras, as\u00ed como la selecci\u00f3n de im\u00e1genes elegidas para ilustrar el calendario. Se valorar\u00e1 la composici\u00f3n que reflejen los usos, los diversos puntos de vista, patrimonio y las luces de nuestra ciudad, entre otros aspectos. Las elegidas deber\u00e1n presentarse en alta resoluci\u00f3n cuando as\u00ed se requiera por parte de los organizadores del concurso, para su exposici\u00f3n p\u00fablica y para editar el calendario. Las im\u00e1genes ganadoras se dar\u00e1n a conocer en el mes de diciembre. Las fotograf\u00edas premiadas y sus derechos de uso pasar\u00e1n a ser propiedad del Ayuntamiento de Pamplona.<\/p>\n","protected":false},"excerpt":{"rendered":"<p>Las personas interesadas pueden presentar sus fotograf\u00edas hasta el 31 de octubre<\/p>\n","protected":false},"author":1,"featured_media":41675,"comment_status":"open","ping_status":"closed","sticky":false,"template":"","format":"standard","meta":{"footnotes":""},"categories":[2],"tags":[],"class_list":["post-41674","post","type-post","status-publish","format-standard","has-post-thumbnail","hentry","category-ayuntamiento-pamplona"],"yoast_head":"<!-- This site is optimized with the Yoast SEO plugin v27.3 - https:\/\/yoast.com\/product\/yoast-seo-wordpress\/ -->\n<title>Vuelve el concurso de fotograf\u00eda \u2018Enfoca\u2019, que premiar\u00e1 con 900 euros la mejor instant\u00e1nea de Pamplona<\/title>\n<meta name=\"description\" content=\"Las personas interesadas pueden presentar sus fotograf\u00edas hasta el 31 de octubre\" \/>\n<meta name=\"robots\" content=\"index, follow, max-snippet:-1, max-image-preview:large, max-video-preview:-1\" \/>\n<link rel=\"canonical\" href=\"https:\/\/www.laguiadepamplona.com\/actualidad\/vuelve-el-concurso-de-fotografia-enfoca-que-premiara-con-900-euros-la-mejor-instantanea-de-pamplona\/\" \/>\n<meta property=\"og:locale\" content=\"es_ES\" \/>\n<meta property=\"og:type\" content=\"article\" \/>\n<meta property=\"og:title\" content=\"Vuelve el concurso de fotograf\u00eda \u2018Enfoca\u2019, que premiar\u00e1 con 900 euros la mejor instant\u00e1nea de Pamplona\" \/>\n<meta property=\"og:description\" content=\"Las personas interesadas pueden presentar sus fotograf\u00edas hasta el 31 de octubre\" \/>\n<meta property=\"og:url\" content=\"https:\/\/www.laguiadepamplona.com\/actualidad\/vuelve-el-concurso-de-fotografia-enfoca-que-premiara-con-900-euros-la-mejor-instantanea-de-pamplona\/\" \/>\n<meta property=\"og:site_name\" content=\"La Gu\u00eda de Pamplona\" \/>\n<meta property=\"article:publisher\" content=\"https:\/\/www.facebook.com\/laguiadepamplonacom-133175176762273\/?ref=hl\" \/>\n<meta property=\"article:published_time\" content=\"2022-09-23T10:36:56+00:00\" \/>\n<meta property=\"article:modified_time\" content=\"2023-04-11T09:47:48+00:00\" \/>\n<meta property=\"og:image\" content=\"https:\/\/www.laguiadepamplona.com\/actualidad\/wp-content\/uploads\/2022\/09\/camino_santiago_puente.webp\" \/>\n\t<meta property=\"og:image:width\" content=\"1920\" \/>\n\t<meta property=\"og:image:height\" content=\"1078\" \/>\n\t<meta property=\"og:image:type\" content=\"image\/webp\" \/>\n<meta name=\"author\" content=\"La Gu\u00eda de Pamplona\" \/>\n<meta name=\"twitter:card\" content=\"summary_large_image\" \/>\n<meta name=\"twitter:creator\" content=\"@LaGuiadPamplona\" \/>\n<meta name=\"twitter:site\" content=\"@LaGuiadPamplona\" \/>\n<meta name=\"twitter:label1\" content=\"Escrito por\" \/>\n\t<meta name=\"twitter:data1\" content=\"La Gu\u00eda de Pamplona\" \/>\n\t<meta name=\"twitter:label2\" content=\"Tiempo de lectura\" \/>\n\t<meta name=\"twitter:data2\" content=\"2 minutos\" \/>\n<script type=\"application\/ld+json\" class=\"yoast-schema-graph\">{\"@context\":\"https:\\\/\\\/schema.org\",\"@graph\":[{\"@type\":\"Article\",\"@id\":\"https:\\\/\\\/www.laguiadepamplona.com\\\/actualidad\\\/vuelve-el-concurso-de-fotografia-enfoca-que-premiara-con-900-euros-la-mejor-instantanea-de-pamplona\\\/#article\",\"isPartOf\":{\"@id\":\"https:\\\/\\\/www.laguiadepamplona.com\\\/actualidad\\\/vuelve-el-concurso-de-fotografia-enfoca-que-premiara-con-900-euros-la-mejor-instantanea-de-pamplona\\\/\"},\"author\":{\"name\":\"La Gu\u00eda de Pamplona\",\"@id\":\"https:\\\/\\\/www.laguiadepamplona.com\\\/actualidad\\\/#\\\/schema\\\/person\\\/efe887376f0213d4657c93adc50b1fdb\"},\"headline\":\"Vuelve el concurso de fotograf\u00eda \u2018Enfoca\u2019, que premiar\u00e1 con 900 euros la mejor instant\u00e1nea de Pamplona\",\"datePublished\":\"2022-09-23T10:36:56+00:00\",\"dateModified\":\"2023-04-11T09:47:48+00:00\",\"mainEntityOfPage\":{\"@id\":\"https:\\\/\\\/www.laguiadepamplona.com\\\/actualidad\\\/vuelve-el-concurso-de-fotografia-enfoca-que-premiara-con-900-euros-la-mejor-instantanea-de-pamplona\\\/\"},\"wordCount\":457,\"commentCount\":0,\"publisher\":{\"@id\":\"https:\\\/\\\/www.laguiadepamplona.com\\\/actualidad\\\/#organization\"},\"image\":{\"@id\":\"https:\\\/\\\/www.laguiadepamplona.com\\\/actualidad\\\/vuelve-el-concurso-de-fotografia-enfoca-que-premiara-con-900-euros-la-mejor-instantanea-de-pamplona\\\/#primaryimage\"},\"thumbnailUrl\":\"https:\\\/\\\/www.laguiadepamplona.com\\\/actualidad\\\/wp-content\\\/uploads\\\/2022\\\/09\\\/camino_santiago_puente.webp\",\"articleSection\":[\"Ayto Pamplona\"],\"inLanguage\":\"es\",\"potentialAction\":[{\"@type\":\"CommentAction\",\"name\":\"Comment\",\"target\":[\"https:\\\/\\\/www.laguiadepamplona.com\\\/actualidad\\\/vuelve-el-concurso-de-fotografia-enfoca-que-premiara-con-900-euros-la-mejor-instantanea-de-pamplona\\\/#respond\"]}]},{\"@type\":\"WebPage\",\"@id\":\"https:\\\/\\\/www.laguiadepamplona.com\\\/actualidad\\\/vuelve-el-concurso-de-fotografia-enfoca-que-premiara-con-900-euros-la-mejor-instantanea-de-pamplona\\\/\",\"url\":\"https:\\\/\\\/www.laguiadepamplona.com\\\/actualidad\\\/vuelve-el-concurso-de-fotografia-enfoca-que-premiara-con-900-euros-la-mejor-instantanea-de-pamplona\\\/\",\"name\":\"Vuelve el concurso de fotograf\u00eda \u2018Enfoca\u2019, que premiar\u00e1 con 900 euros la mejor instant\u00e1nea de Pamplona\",\"isPartOf\":{\"@id\":\"https:\\\/\\\/www.laguiadepamplona.com\\\/actualidad\\\/#website\"},\"primaryImageOfPage\":{\"@id\":\"https:\\\/\\\/www.laguiadepamplona.com\\\/actualidad\\\/vuelve-el-concurso-de-fotografia-enfoca-que-premiara-con-900-euros-la-mejor-instantanea-de-pamplona\\\/#primaryimage\"},\"image\":{\"@id\":\"https:\\\/\\\/www.laguiadepamplona.com\\\/actualidad\\\/vuelve-el-concurso-de-fotografia-enfoca-que-premiara-con-900-euros-la-mejor-instantanea-de-pamplona\\\/#primaryimage\"},\"thumbnailUrl\":\"https:\\\/\\\/www.laguiadepamplona.com\\\/actualidad\\\/wp-content\\\/uploads\\\/2022\\\/09\\\/camino_santiago_puente.webp\",\"datePublished\":\"2022-09-23T10:36:56+00:00\",\"dateModified\":\"2023-04-11T09:47:48+00:00\",\"description\":\"Las personas interesadas pueden presentar sus fotograf\u00edas hasta el 31 de octubre\",\"breadcrumb\":{\"@id\":\"https:\\\/\\\/www.laguiadepamplona.com\\\/actualidad\\\/vuelve-el-concurso-de-fotografia-enfoca-que-premiara-con-900-euros-la-mejor-instantanea-de-pamplona\\\/#breadcrumb\"},\"inLanguage\":\"es\",\"potentialAction\":[{\"@type\":\"ReadAction\",\"target\":[\"https:\\\/\\\/www.laguiadepamplona.com\\\/actualidad\\\/vuelve-el-concurso-de-fotografia-enfoca-que-premiara-con-900-euros-la-mejor-instantanea-de-pamplona\\\/\"]}]},{\"@type\":\"ImageObject\",\"inLanguage\":\"es\",\"@id\":\"https:\\\/\\\/www.laguiadepamplona.com\\\/actualidad\\\/vuelve-el-concurso-de-fotografia-enfoca-que-premiara-con-900-euros-la-mejor-instantanea-de-pamplona\\\/#primaryimage\",\"url\":\"https:\\\/\\\/www.laguiadepamplona.com\\\/actualidad\\\/wp-content\\\/uploads\\\/2022\\\/09\\\/camino_santiago_puente.webp\",\"contentUrl\":\"https:\\\/\\\/www.laguiadepamplona.com\\\/actualidad\\\/wp-content\\\/uploads\\\/2022\\\/09\\\/camino_santiago_puente.webp\",\"width\":1920,\"height\":1078},{\"@type\":\"BreadcrumbList\",\"@id\":\"https:\\\/\\\/www.laguiadepamplona.com\\\/actualidad\\\/vuelve-el-concurso-de-fotografia-enfoca-que-premiara-con-900-euros-la-mejor-instantanea-de-pamplona\\\/#breadcrumb\",\"itemListElement\":[{\"@type\":\"ListItem\",\"position\":1,\"name\":\"Portada\",\"item\":\"https:\\\/\\\/www.laguiadepamplona.com\\\/actualidad\\\/\"},{\"@type\":\"ListItem\",\"position\":2,\"name\":\"Vuelve el concurso de fotograf\u00eda \u2018Enfoca\u2019, que premiar\u00e1 con 900 euros la mejor instant\u00e1nea de Pamplona\"}]},{\"@type\":\"WebSite\",\"@id\":\"https:\\\/\\\/www.laguiadepamplona.com\\\/actualidad\\\/#website\",\"url\":\"https:\\\/\\\/www.laguiadepamplona.com\\\/actualidad\\\/\",\"name\":\"La gu\u00eda de Pamplona\",\"description\":\"Noticias de Pamplona\",\"publisher\":{\"@id\":\"https:\\\/\\\/www.laguiadepamplona.com\\\/actualidad\\\/#organization\"},\"potentialAction\":[{\"@type\":\"SearchAction\",\"target\":{\"@type\":\"EntryPoint\",\"urlTemplate\":\"https:\\\/\\\/www.laguiadepamplona.com\\\/actualidad\\\/?s={search_term_string}\"},\"query-input\":{\"@type\":\"PropertyValueSpecification\",\"valueRequired\":true,\"valueName\":\"search_term_string\"}}],\"inLanguage\":\"es\"},{\"@type\":\"Organization\",\"@id\":\"https:\\\/\\\/www.laguiadepamplona.com\\\/actualidad\\\/#organization\",\"name\":\"La Gu\u00eda de Pamplona \\\/ Noticias\",\"url\":\"https:\\\/\\\/www.laguiadepamplona.com\\\/actualidad\\\/\",\"logo\":{\"@type\":\"ImageObject\",\"inLanguage\":\"es\",\"@id\":\"https:\\\/\\\/www.laguiadepamplona.com\\\/actualidad\\\/#\\\/schema\\\/logo\\\/image\\\/\",\"url\":\"https:\\\/\\\/www.laguiadepamplona.com\\\/actualidad\\\/wp-content\\\/uploads\\\/2018\\\/11\\\/logo-laguiadepamplona18-web1.png\",\"contentUrl\":\"https:\\\/\\\/www.laguiadepamplona.com\\\/actualidad\\\/wp-content\\\/uploads\\\/2018\\\/11\\\/logo-laguiadepamplona18-web1.png\",\"width\":600,\"height\":196,\"caption\":\"La Gu\u00eda de Pamplona \\\/ Noticias\"},\"image\":{\"@id\":\"https:\\\/\\\/www.laguiadepamplona.com\\\/actualidad\\\/#\\\/schema\\\/logo\\\/image\\\/\"},\"sameAs\":[\"https:\\\/\\\/www.facebook.com\\\/laguiadepamplonacom-133175176762273\\\/?ref=hl\",\"https:\\\/\\\/x.com\\\/LaGuiadPamplona\",\"https:\\\/\\\/www.instagram.com\\\/la_guia_de_pamplona\\\/\",\"https:\\\/\\\/www.youtube.com\\\/user\\\/laguiadepamplona\"]},{\"@type\":\"Person\",\"@id\":\"https:\\\/\\\/www.laguiadepamplona.com\\\/actualidad\\\/#\\\/schema\\\/person\\\/efe887376f0213d4657c93adc50b1fdb\",\"name\":\"La Gu\u00eda de Pamplona\",\"image\":{\"@type\":\"ImageObject\",\"inLanguage\":\"es\",\"@id\":\"https:\\\/\\\/secure.gravatar.com\\\/avatar\\\/b6992f131dc8d30ab0dff15446e9d346d9dbd95992de0fef795073f5ea83a81c?s=96&d=mm&r=g\",\"url\":\"https:\\\/\\\/secure.gravatar.com\\\/avatar\\\/b6992f131dc8d30ab0dff15446e9d346d9dbd95992de0fef795073f5ea83a81c?s=96&d=mm&r=g\",\"contentUrl\":\"https:\\\/\\\/secure.gravatar.com\\\/avatar\\\/b6992f131dc8d30ab0dff15446e9d346d9dbd95992de0fef795073f5ea83a81c?s=96&d=mm&r=g\",\"caption\":\"La Gu\u00eda de Pamplona\"}}]}<\/script>\n<!-- \/ Yoast SEO plugin. -->","yoast_head_json":{"title":"Vuelve el concurso de fotograf\u00eda \u2018Enfoca\u2019, que premiar\u00e1 con 900 euros la mejor instant\u00e1nea de Pamplona","description":"Las personas interesadas pueden presentar sus fotograf\u00edas hasta el 31 de octubre","robots":{"index":"index","follow":"follow","max-snippet":"max-snippet:-1","max-image-preview":"max-image-preview:large","max-video-preview":"max-video-preview:-1"},"canonical":"https:\/\/www.laguiadepamplona.com\/actualidad\/vuelve-el-concurso-de-fotografia-enfoca-que-premiara-con-900-euros-la-mejor-instantanea-de-pamplona\/","og_locale":"es_ES","og_type":"article","og_title":"Vuelve el concurso de fotograf\u00eda \u2018Enfoca\u2019, que premiar\u00e1 con 900 euros la mejor instant\u00e1nea de Pamplona","og_description":"Las personas interesadas pueden presentar sus fotograf\u00edas hasta el 31 de octubre","og_url":"https:\/\/www.laguiadepamplona.com\/actualidad\/vuelve-el-concurso-de-fotografia-enfoca-que-premiara-con-900-euros-la-mejor-instantanea-de-pamplona\/","og_site_name":"La Gu\u00eda de Pamplona","article_publisher":"https:\/\/www.facebook.com\/laguiadepamplonacom-133175176762273\/?ref=hl","article_published_time":"2022-09-23T10:36:56+00:00","article_modified_time":"2023-04-11T09:47:48+00:00","og_image":[{"width":1920,"height":1078,"url":"https:\/\/www.laguiadepamplona.com\/actualidad\/wp-content\/uploads\/2022\/09\/camino_santiago_puente.webp","type":"image\/webp"}],"author":"La Gu\u00eda de Pamplona","twitter_card":"summary_large_image","twitter_creator":"@LaGuiadPamplona","twitter_site":"@LaGuiadPamplona","twitter_misc":{"Escrito por":"La Gu\u00eda de Pamplona","Tiempo de lectura":"2 minutos"},"schema":{"@context":"https:\/\/schema.org","@graph":[{"@type":"Article","@id":"https:\/\/www.laguiadepamplona.com\/actualidad\/vuelve-el-concurso-de-fotografia-enfoca-que-premiara-con-900-euros-la-mejor-instantanea-de-pamplona\/#article","isPartOf":{"@id":"https:\/\/www.laguiadepamplona.com\/actualidad\/vuelve-el-concurso-de-fotografia-enfoca-que-premiara-con-900-euros-la-mejor-instantanea-de-pamplona\/"},"author":{"name":"La Gu\u00eda de Pamplona","@id":"https:\/\/www.laguiadepamplona.com\/actualidad\/#\/schema\/person\/efe887376f0213d4657c93adc50b1fdb"},"headline":"Vuelve el concurso de fotograf\u00eda \u2018Enfoca\u2019, que premiar\u00e1 con 900 euros la mejor instant\u00e1nea de Pamplona","datePublished":"2022-09-23T10:36:56+00:00","dateModified":"2023-04-11T09:47:48+00:00","mainEntityOfPage":{"@id":"https:\/\/www.laguiadepamplona.com\/actualidad\/vuelve-el-concurso-de-fotografia-enfoca-que-premiara-con-900-euros-la-mejor-instantanea-de-pamplona\/"},"wordCount":457,"commentCount":0,"publisher":{"@id":"https:\/\/www.laguiadepamplona.com\/actualidad\/#organization"},"image":{"@id":"https:\/\/www.laguiadepamplona.com\/actualidad\/vuelve-el-concurso-de-fotografia-enfoca-que-premiara-con-900-euros-la-mejor-instantanea-de-pamplona\/#primaryimage"},"thumbnailUrl":"https:\/\/www.laguiadepamplona.com\/actualidad\/wp-content\/uploads\/2022\/09\/camino_santiago_puente.webp","articleSection":["Ayto Pamplona"],"inLanguage":"es","potentialAction":[{"@type":"CommentAction","name":"Comment","target":["https:\/\/www.laguiadepamplona.com\/actualidad\/vuelve-el-concurso-de-fotografia-enfoca-que-premiara-con-900-euros-la-mejor-instantanea-de-pamplona\/#respond"]}]},{"@type":"WebPage","@id":"https:\/\/www.laguiadepamplona.com\/actualidad\/vuelve-el-concurso-de-fotografia-enfoca-que-premiara-con-900-euros-la-mejor-instantanea-de-pamplona\/","url":"https:\/\/www.laguiadepamplona.com\/actualidad\/vuelve-el-concurso-de-fotografia-enfoca-que-premiara-con-900-euros-la-mejor-instantanea-de-pamplona\/","name":"Vuelve el concurso de fotograf\u00eda \u2018Enfoca\u2019, que premiar\u00e1 con 900 euros la mejor instant\u00e1nea de Pamplona","isPartOf":{"@id":"https:\/\/www.laguiadepamplona.com\/actualidad\/#website"},"primaryImageOfPage":{"@id":"https:\/\/www.laguiadepamplona.com\/actualidad\/vuelve-el-concurso-de-fotografia-enfoca-que-premiara-con-900-euros-la-mejor-instantanea-de-pamplona\/#primaryimage"},"image":{"@id":"https:\/\/www.laguiadepamplona.com\/actualidad\/vuelve-el-concurso-de-fotografia-enfoca-que-premiara-con-900-euros-la-mejor-instantanea-de-pamplona\/#primaryimage"},"thumbnailUrl":"https:\/\/www.laguiadepamplona.com\/actualidad\/wp-content\/uploads\/2022\/09\/camino_santiago_puente.webp","datePublished":"2022-09-23T10:36:56+00:00","dateModified":"2023-04-11T09:47:48+00:00","description":"Las personas interesadas pueden presentar sus fotograf\u00edas hasta el 31 de octubre","breadcrumb":{"@id":"https:\/\/www.laguiadepamplona.com\/actualidad\/vuelve-el-concurso-de-fotografia-enfoca-que-premiara-con-900-euros-la-mejor-instantanea-de-pamplona\/#breadcrumb"},"inLanguage":"es","potentialAction":[{"@type":"ReadAction","target":["https:\/\/www.laguiadepamplona.com\/actualidad\/vuelve-el-concurso-de-fotografia-enfoca-que-premiara-con-900-euros-la-mejor-instantanea-de-pamplona\/"]}]},{"@type":"ImageObject","inLanguage":"es","@id":"https:\/\/www.laguiadepamplona.com\/actualidad\/vuelve-el-concurso-de-fotografia-enfoca-que-premiara-con-900-euros-la-mejor-instantanea-de-pamplona\/#primaryimage","url":"https:\/\/www.laguiadepamplona.com\/actualidad\/wp-content\/uploads\/2022\/09\/camino_santiago_puente.webp","contentUrl":"https:\/\/www.laguiadepamplona.com\/actualidad\/wp-content\/uploads\/2022\/09\/camino_santiago_puente.webp","width":1920,"height":1078},{"@type":"BreadcrumbList","@id":"https:\/\/www.laguiadepamplona.com\/actualidad\/vuelve-el-concurso-de-fotografia-enfoca-que-premiara-con-900-euros-la-mejor-instantanea-de-pamplona\/#breadcrumb","itemListElement":[{"@type":"ListItem","position":1,"name":"Portada","item":"https:\/\/www.laguiadepamplona.com\/actualidad\/"},{"@type":"ListItem","position":2,"name":"Vuelve el concurso de fotograf\u00eda \u2018Enfoca\u2019, que premiar\u00e1 con 900 euros la mejor instant\u00e1nea de Pamplona"}]},{"@type":"WebSite","@id":"https:\/\/www.laguiadepamplona.com\/actualidad\/#website","url":"https:\/\/www.laguiadepamplona.com\/actualidad\/","name":"La gu\u00eda de Pamplona","description":"Noticias de Pamplona","publisher":{"@id":"https:\/\/www.laguiadepamplona.com\/actualidad\/#organization"},"potentialAction":[{"@type":"SearchAction","target":{"@type":"EntryPoint","urlTemplate":"https:\/\/www.laguiadepamplona.com\/actualidad\/?s={search_term_string}"},"query-input":{"@type":"PropertyValueSpecification","valueRequired":true,"valueName":"search_term_string"}}],"inLanguage":"es"},{"@type":"Organization","@id":"https:\/\/www.laguiadepamplona.com\/actualidad\/#organization","name":"La Gu\u00eda de Pamplona \/ Noticias","url":"https:\/\/www.laguiadepamplona.com\/actualidad\/","logo":{"@type":"ImageObject","inLanguage":"es","@id":"https:\/\/www.laguiadepamplona.com\/actualidad\/#\/schema\/logo\/image\/","url":"https:\/\/www.laguiadepamplona.com\/actualidad\/wp-content\/uploads\/2018\/11\/logo-laguiadepamplona18-web1.png","contentUrl":"https:\/\/www.laguiadepamplona.com\/actualidad\/wp-content\/uploads\/2018\/11\/logo-laguiadepamplona18-web1.png","width":600,"height":196,"caption":"La Gu\u00eda de Pamplona \/ Noticias"},"image":{"@id":"https:\/\/www.laguiadepamplona.com\/actualidad\/#\/schema\/logo\/image\/"},"sameAs":["https:\/\/www.facebook.com\/laguiadepamplonacom-133175176762273\/?ref=hl","https:\/\/x.com\/LaGuiadPamplona","https:\/\/www.instagram.com\/la_guia_de_pamplona\/","https:\/\/www.youtube.com\/user\/laguiadepamplona"]},{"@type":"Person","@id":"https:\/\/www.laguiadepamplona.com\/actualidad\/#\/schema\/person\/efe887376f0213d4657c93adc50b1fdb","name":"La Gu\u00eda de Pamplona","image":{"@type":"ImageObject","inLanguage":"es","@id":"https:\/\/secure.gravatar.com\/avatar\/b6992f131dc8d30ab0dff15446e9d346d9dbd95992de0fef795073f5ea83a81c?s=96&d=mm&r=g","url":"https:\/\/secure.gravatar.com\/avatar\/b6992f131dc8d30ab0dff15446e9d346d9dbd95992de0fef795073f5ea83a81c?s=96&d=mm&r=g","contentUrl":"https:\/\/secure.gravatar.com\/avatar\/b6992f131dc8d30ab0dff15446e9d346d9dbd95992de0fef795073f5ea83a81c?s=96&d=mm&r=g","caption":"La Gu\u00eda de Pamplona"}}]}},"post_mailing_queue_ids":[],"_links":{"self":[{"href":"https:\/\/www.laguiadepamplona.com\/actualidad\/wp-json\/wp\/v2\/posts\/41674","targetHints":{"allow":["GET"]}}],"collection":[{"href":"https:\/\/www.laguiadepamplona.com\/actualidad\/wp-json\/wp\/v2\/posts"}],"about":[{"href":"https:\/\/www.laguiadepamplona.com\/actualidad\/wp-json\/wp\/v2\/types\/post"}],"author":[{"embeddable":true,"href":"https:\/\/www.laguiadepamplona.com\/actualidad\/wp-json\/wp\/v2\/users\/1"}],"replies":[{"embeddable":true,"href":"https:\/\/www.laguiadepamplona.com\/actualidad\/wp-json\/wp\/v2\/comments?post=41674"}],"version-history":[{"count":0,"href":"https:\/\/www.laguiadepamplona.com\/actualidad\/wp-json\/wp\/v2\/posts\/41674\/revisions"}],"wp:featuredmedia":[{"embeddable":true,"href":"https:\/\/www.laguiadepamplona.com\/actualidad\/wp-json\/wp\/v2\/media\/41675"}],"wp:attachment":[{"href":"https:\/\/www.laguiadepamplona.com\/actualidad\/wp-json\/wp\/v2\/media?parent=41674"}],"wp:term":[{"taxonomy":"category","embeddable":true,"href":"https:\/\/www.laguiadepamplona.com\/actualidad\/wp-json\/wp\/v2\/categories?post=41674"},{"taxonomy":"post_tag","embeddable":true,"href":"https:\/\/www.laguiadepamplona.com\/actualidad\/wp-json\/wp\/v2\/tags?post=41674"}],"curies":[{"name":"wp","href":"https:\/\/api.w.org\/{rel}","templated":true}]}}