{"id":41661,"date":"2022-09-22T17:26:49","date_gmt":"2022-09-22T15:26:49","guid":{"rendered":"https:\/\/www.laguiadepamplona.com\/actualidad\/?p=41661"},"modified":"2023-04-11T11:47:49","modified_gmt":"2023-04-11T09:47:49","slug":"el-ayuntamiento-de-pamplona-celebra-este-proximo-viernes-23-de-septiembre-el-duodecimo-debate-sobre-el-estado-de-la-ciudad","status":"publish","type":"post","link":"https:\/\/www.laguiadepamplona.com\/actualidad\/el-ayuntamiento-de-pamplona-celebra-este-proximo-viernes-23-de-septiembre-el-duodecimo-debate-sobre-el-estado-de-la-ciudad\/","title":{"rendered":"El Ayuntamiento de Pamplona celebra este pr\u00f3ximo viernes 23 de septiembre el duod\u00e9cimo Debate sobre el Estado de la Ciudad"},"content":{"rendered":"<h5>La sesi\u00f3n comenzar\u00e1 a las 9.30 horas, con la intervenci\u00f3n del alcalde y, tras un receso, ser\u00e1 el turno de los grupos municipales<\/h5>\n<p><!--more--><\/p>\n<p>Este pr\u00f3ximo viernes 23 de septiembre el Ayuntamiento de Pamplona celebrar\u00e1 el duod\u00e9cimo debate general sobre pol\u00edtica municipal, el conocido como \u2018Debate sobre el Estado de la Ciudad\u2019. La sesi\u00f3n, de car\u00e1cter extraordinario, comenzar\u00e1 a las 9.30 horas y tiene ese \u00fanico punto como orden del d\u00eda. Este debate, en el que se analiza con visi\u00f3n amplia la situaci\u00f3n y perspectivas generales de la ciudad, se recoge en el reglamento aprobado en 2015. Establece la norma que \u201ccon car\u00e1cter anual, el Pleno celebrar\u00e1 un debate sobre pol\u00edtica general en sesi\u00f3n extraordinaria y monogr\u00e1fica en el que no podr\u00e1n incluirse otros asuntos\u201d.<br \/>\n<script async src=\"\/\/pagead2.googlesyndication.com\/pagead\/js\/adsbygoogle.js\"><\/script><br \/>\n<!-- Noticias La Guia de Pamplona --><br \/>\n<ins class=\"adsbygoogle\"\nstyle=\"display:block\"\ndata-ad-client=\"ca-pub-6943679897239327\"\ndata-ad-slot=\"7048180777\"\ndata-ad-format=\"auto\"><\/ins><br \/>\n<script>\n(adsbygoogle = window.adsbygoogle || []).push({});\n<\/script><\/p>\n<p>Como es habitual, esta sesi\u00f3n se podr\u00e1 seguir en directo, en <em>streaming,<\/em> a trav\u00e9s de <a href=\"http:\/\/www.pamplona.es\" target=\"_blank\" rel=\"noopener\">www.pamplona.es<\/a> y tambi\u00e9n en el canal de Youtube del Ayuntamiento de Pamplona (con <a href=\"https:\/\/youtu.be\/-k-1k0s7utU\" target=\"_blank\" rel=\"noopener\">el audio original<\/a> o con las <a href=\"https:\/\/youtu.be\/kEaifwO8REE\" target=\"_blank\" rel=\"noopener\">intervenciones en euskera traducidas al castellano<\/a>). El v\u00eddeo con la grabaci\u00f3n del Debate sobre el Estado de la Ciudad se podr\u00e1 consultar en la misma web del Consistorio una vez acabe, porque se colgar\u00e1 a disposici\u00f3n de la ciudadan\u00eda.<\/p>\n<p>La sesi\u00f3n se regula en el art\u00edculo 117 del Reglamento Org\u00e1nico de Pleno, aprobado en 2015. Antes de esa fecha la cita era ya costumbre; el precedente se estableci\u00f3 en los a\u00f1os 90 y el debate se asent\u00f3 de forma definitiva en 2008. Con la regulaci\u00f3n establecida en el a\u00f1o 2015 este debate anual se ha seguido celebrando de forma ininterrumpida con tres excepciones. Seg\u00fan la norma \u201cNo tendr\u00e1 lugar este debate el a\u00f1o en que se celebren Elecciones Municipales\u201d por lo que la sesi\u00f3n no se realiz\u00f3 en 2011, 2015 y 2019, igual que no habr\u00e1 cita a\u00f1o que viene ya que en 2023 habr\u00e1 elecciones para la constituci\u00f3n de corporaciones locales.<br \/>\n<script async src=\"\/\/pagead2.googlesyndication.com\/pagead\/js\/adsbygoogle.js\"><\/script><br \/>\n<!-- Noticias La Guia de Pamplona --><br \/>\n<ins class=\"adsbygoogle\"\nstyle=\"display:block\"\ndata-ad-client=\"ca-pub-6943679897239327\"\ndata-ad-slot=\"7048180777\"\ndata-ad-format=\"auto\"><\/ins><br \/>\n<script>\n(adsbygoogle = window.adsbygoogle || []).push({});\n<\/script><\/p>\n<p><strong>Los turnos de palabra<\/strong><\/p>\n<p>La mec\u00e1nica de la sesi\u00f3n est\u00e1 recogida en el Reglamento Org\u00e1nico del Pleno, en el cap\u00edtulo sobre debates de pol\u00edtica general, art\u00edculo 118. El Pleno se iniciar\u00e1 con la intervenci\u00f3n del alcalde, sin l\u00edmite de tiempo. A continuaci\u00f3n, tendr\u00e1 lugar un receso de 30 minutos y, posteriormente, intervendr\u00e1n las portavoc\u00edas de los grupos de la oposici\u00f3n, con un tiempo m\u00e1ximo de 20 minutos. El alcalde tiene derecho de r\u00e9plica sin l\u00edmite de tiempo. Tras \u00e9l, la sesi\u00f3n continuar\u00e1 con la intervenci\u00f3n del portavoz del grupo municipal en el gobierno (m\u00e1ximo 20 minutos).<\/p>\n<p>El reglamento recoge que, haya o no haya intervenido el alcalde en las r\u00e9plicas, se abrir\u00e1 un nuevo turno de 10 minutos para los grupos de la oposici\u00f3n. Despu\u00e9s, si as\u00ed lo estima el alcalde, \u00e9l podr\u00e1 utilizar un turno de d\u00faplica sin l\u00edmite de tiempo. Lo haya hecho o no, de nuevo podr\u00e1 intervenir el grupo municipal del equipo de gobierno (m\u00e1ximo 10 minutos).<\/p>\n<p>Si el alcalde utiliza el turno de d\u00faplica, los representantes de todos los grupos municipales tendr\u00e1n un nuevo turno de 3 minutos. El debate lo cerrar\u00e1 una \u00faltima intervenci\u00f3n del alcalde.<\/p>\n","protected":false},"excerpt":{"rendered":"<p>La sesi\u00f3n comenzar\u00e1 a las 9.30 horas, con la intervenci\u00f3n del alcalde y, tras un receso, ser\u00e1 el turno de los grupos municipales<\/p>\n","protected":false},"author":1,"featured_media":41662,"comment_status":"open","ping_status":"closed","sticky":false,"template":"","format":"standard","meta":{"footnotes":""},"categories":[2],"tags":[],"class_list":["post-41661","post","type-post","status-publish","format-standard","has-post-thumbnail","hentry","category-ayuntamiento-pamplona"],"yoast_head":"<!-- This site is optimized with the Yoast SEO plugin v27.3 - https:\/\/yoast.com\/product\/yoast-seo-wordpress\/ -->\n<title>El Ayuntamiento de Pamplona celebra este pr\u00f3ximo viernes 23 de septiembre el duod\u00e9cimo Debate sobre el Estado de la Ciudad<\/title>\n<meta name=\"description\" content=\"La sesi\u00f3n comenzar\u00e1 a las 9.30 horas, con la intervenci\u00f3n del alcalde y, tras un receso, ser\u00e1 el turno de los grupos municipales\" \/>\n<meta name=\"robots\" content=\"index, follow, max-snippet:-1, max-image-preview:large, max-video-preview:-1\" \/>\n<link rel=\"canonical\" href=\"https:\/\/www.laguiadepamplona.com\/actualidad\/el-ayuntamiento-de-pamplona-celebra-este-proximo-viernes-23-de-septiembre-el-duodecimo-debate-sobre-el-estado-de-la-ciudad\/\" \/>\n<meta property=\"og:locale\" content=\"es_ES\" \/>\n<meta property=\"og:type\" content=\"article\" \/>\n<meta property=\"og:title\" content=\"El Ayuntamiento de Pamplona celebra este pr\u00f3ximo viernes 23 de septiembre el duod\u00e9cimo Debate sobre el Estado de la Ciudad\" \/>\n<meta property=\"og:description\" content=\"La sesi\u00f3n comenzar\u00e1 a las 9.30 horas, con la intervenci\u00f3n del alcalde y, tras un receso, ser\u00e1 el turno de los grupos municipales\" \/>\n<meta property=\"og:url\" content=\"https:\/\/www.laguiadepamplona.com\/actualidad\/el-ayuntamiento-de-pamplona-celebra-este-proximo-viernes-23-de-septiembre-el-duodecimo-debate-sobre-el-estado-de-la-ciudad\/\" \/>\n<meta property=\"og:site_name\" content=\"La Gu\u00eda de Pamplona\" \/>\n<meta property=\"article:publisher\" content=\"https:\/\/www.facebook.com\/laguiadepamplonacom-133175176762273\/?ref=hl\" \/>\n<meta property=\"article:published_time\" content=\"2022-09-22T15:26:49+00:00\" \/>\n<meta property=\"article:modified_time\" content=\"2023-04-11T09:47:49+00:00\" \/>\n<meta property=\"og:image\" content=\"https:\/\/www.laguiadepamplona.com\/actualidad\/wp-content\/uploads\/2022\/09\/plenos2.webp\" \/>\n\t<meta property=\"og:image:width\" content=\"1920\" \/>\n\t<meta property=\"og:image:height\" content=\"1080\" \/>\n\t<meta property=\"og:image:type\" content=\"image\/webp\" \/>\n<meta name=\"author\" content=\"La Gu\u00eda de Pamplona\" \/>\n<meta name=\"twitter:card\" content=\"summary_large_image\" \/>\n<meta name=\"twitter:creator\" content=\"@LaGuiadPamplona\" \/>\n<meta name=\"twitter:site\" content=\"@LaGuiadPamplona\" \/>\n<meta name=\"twitter:label1\" content=\"Escrito por\" \/>\n\t<meta name=\"twitter:data1\" content=\"La Gu\u00eda de Pamplona\" \/>\n\t<meta name=\"twitter:label2\" content=\"Tiempo de lectura\" \/>\n\t<meta name=\"twitter:data2\" content=\"3 minutos\" \/>\n<script type=\"application\/ld+json\" class=\"yoast-schema-graph\">{\"@context\":\"https:\\\/\\\/schema.org\",\"@graph\":[{\"@type\":\"Article\",\"@id\":\"https:\\\/\\\/www.laguiadepamplona.com\\\/actualidad\\\/el-ayuntamiento-de-pamplona-celebra-este-proximo-viernes-23-de-septiembre-el-duodecimo-debate-sobre-el-estado-de-la-ciudad\\\/#article\",\"isPartOf\":{\"@id\":\"https:\\\/\\\/www.laguiadepamplona.com\\\/actualidad\\\/el-ayuntamiento-de-pamplona-celebra-este-proximo-viernes-23-de-septiembre-el-duodecimo-debate-sobre-el-estado-de-la-ciudad\\\/\"},\"author\":{\"name\":\"La Gu\u00eda de Pamplona\",\"@id\":\"https:\\\/\\\/www.laguiadepamplona.com\\\/actualidad\\\/#\\\/schema\\\/person\\\/efe887376f0213d4657c93adc50b1fdb\"},\"headline\":\"El Ayuntamiento de Pamplona celebra este pr\u00f3ximo viernes 23 de septiembre el duod\u00e9cimo Debate sobre el Estado de la Ciudad\",\"datePublished\":\"2022-09-22T15:26:49+00:00\",\"dateModified\":\"2023-04-11T09:47:49+00:00\",\"mainEntityOfPage\":{\"@id\":\"https:\\\/\\\/www.laguiadepamplona.com\\\/actualidad\\\/el-ayuntamiento-de-pamplona-celebra-este-proximo-viernes-23-de-septiembre-el-duodecimo-debate-sobre-el-estado-de-la-ciudad\\\/\"},\"wordCount\":565,\"commentCount\":0,\"publisher\":{\"@id\":\"https:\\\/\\\/www.laguiadepamplona.com\\\/actualidad\\\/#organization\"},\"image\":{\"@id\":\"https:\\\/\\\/www.laguiadepamplona.com\\\/actualidad\\\/el-ayuntamiento-de-pamplona-celebra-este-proximo-viernes-23-de-septiembre-el-duodecimo-debate-sobre-el-estado-de-la-ciudad\\\/#primaryimage\"},\"thumbnailUrl\":\"https:\\\/\\\/www.laguiadepamplona.com\\\/actualidad\\\/wp-content\\\/uploads\\\/2022\\\/09\\\/plenos2.webp\",\"articleSection\":[\"Ayto Pamplona\"],\"inLanguage\":\"es\",\"potentialAction\":[{\"@type\":\"CommentAction\",\"name\":\"Comment\",\"target\":[\"https:\\\/\\\/www.laguiadepamplona.com\\\/actualidad\\\/el-ayuntamiento-de-pamplona-celebra-este-proximo-viernes-23-de-septiembre-el-duodecimo-debate-sobre-el-estado-de-la-ciudad\\\/#respond\"]}]},{\"@type\":\"WebPage\",\"@id\":\"https:\\\/\\\/www.laguiadepamplona.com\\\/actualidad\\\/el-ayuntamiento-de-pamplona-celebra-este-proximo-viernes-23-de-septiembre-el-duodecimo-debate-sobre-el-estado-de-la-ciudad\\\/\",\"url\":\"https:\\\/\\\/www.laguiadepamplona.com\\\/actualidad\\\/el-ayuntamiento-de-pamplona-celebra-este-proximo-viernes-23-de-septiembre-el-duodecimo-debate-sobre-el-estado-de-la-ciudad\\\/\",\"name\":\"El Ayuntamiento de Pamplona celebra este pr\u00f3ximo viernes 23 de septiembre el duod\u00e9cimo Debate sobre el Estado de la Ciudad\",\"isPartOf\":{\"@id\":\"https:\\\/\\\/www.laguiadepamplona.com\\\/actualidad\\\/#website\"},\"primaryImageOfPage\":{\"@id\":\"https:\\\/\\\/www.laguiadepamplona.com\\\/actualidad\\\/el-ayuntamiento-de-pamplona-celebra-este-proximo-viernes-23-de-septiembre-el-duodecimo-debate-sobre-el-estado-de-la-ciudad\\\/#primaryimage\"},\"image\":{\"@id\":\"https:\\\/\\\/www.laguiadepamplona.com\\\/actualidad\\\/el-ayuntamiento-de-pamplona-celebra-este-proximo-viernes-23-de-septiembre-el-duodecimo-debate-sobre-el-estado-de-la-ciudad\\\/#primaryimage\"},\"thumbnailUrl\":\"https:\\\/\\\/www.laguiadepamplona.com\\\/actualidad\\\/wp-content\\\/uploads\\\/2022\\\/09\\\/plenos2.webp\",\"datePublished\":\"2022-09-22T15:26:49+00:00\",\"dateModified\":\"2023-04-11T09:47:49+00:00\",\"description\":\"La sesi\u00f3n comenzar\u00e1 a las 9.30 horas, con la intervenci\u00f3n del alcalde y, tras un receso, ser\u00e1 el turno de los grupos municipales\",\"breadcrumb\":{\"@id\":\"https:\\\/\\\/www.laguiadepamplona.com\\\/actualidad\\\/el-ayuntamiento-de-pamplona-celebra-este-proximo-viernes-23-de-septiembre-el-duodecimo-debate-sobre-el-estado-de-la-ciudad\\\/#breadcrumb\"},\"inLanguage\":\"es\",\"potentialAction\":[{\"@type\":\"ReadAction\",\"target\":[\"https:\\\/\\\/www.laguiadepamplona.com\\\/actualidad\\\/el-ayuntamiento-de-pamplona-celebra-este-proximo-viernes-23-de-septiembre-el-duodecimo-debate-sobre-el-estado-de-la-ciudad\\\/\"]}]},{\"@type\":\"ImageObject\",\"inLanguage\":\"es\",\"@id\":\"https:\\\/\\\/www.laguiadepamplona.com\\\/actualidad\\\/el-ayuntamiento-de-pamplona-celebra-este-proximo-viernes-23-de-septiembre-el-duodecimo-debate-sobre-el-estado-de-la-ciudad\\\/#primaryimage\",\"url\":\"https:\\\/\\\/www.laguiadepamplona.com\\\/actualidad\\\/wp-content\\\/uploads\\\/2022\\\/09\\\/plenos2.webp\",\"contentUrl\":\"https:\\\/\\\/www.laguiadepamplona.com\\\/actualidad\\\/wp-content\\\/uploads\\\/2022\\\/09\\\/plenos2.webp\",\"width\":1920,\"height\":1080,\"caption\":\"pleno ayuntamiento Pamplona\"},{\"@type\":\"BreadcrumbList\",\"@id\":\"https:\\\/\\\/www.laguiadepamplona.com\\\/actualidad\\\/el-ayuntamiento-de-pamplona-celebra-este-proximo-viernes-23-de-septiembre-el-duodecimo-debate-sobre-el-estado-de-la-ciudad\\\/#breadcrumb\",\"itemListElement\":[{\"@type\":\"ListItem\",\"position\":1,\"name\":\"Portada\",\"item\":\"https:\\\/\\\/www.laguiadepamplona.com\\\/actualidad\\\/\"},{\"@type\":\"ListItem\",\"position\":2,\"name\":\"El Ayuntamiento de Pamplona celebra este pr\u00f3ximo viernes 23 de septiembre el duod\u00e9cimo Debate sobre el Estado de la Ciudad\"}]},{\"@type\":\"WebSite\",\"@id\":\"https:\\\/\\\/www.laguiadepamplona.com\\\/actualidad\\\/#website\",\"url\":\"https:\\\/\\\/www.laguiadepamplona.com\\\/actualidad\\\/\",\"name\":\"La gu\u00eda de Pamplona\",\"description\":\"Noticias de Pamplona\",\"publisher\":{\"@id\":\"https:\\\/\\\/www.laguiadepamplona.com\\\/actualidad\\\/#organization\"},\"potentialAction\":[{\"@type\":\"SearchAction\",\"target\":{\"@type\":\"EntryPoint\",\"urlTemplate\":\"https:\\\/\\\/www.laguiadepamplona.com\\\/actualidad\\\/?s={search_term_string}\"},\"query-input\":{\"@type\":\"PropertyValueSpecification\",\"valueRequired\":true,\"valueName\":\"search_term_string\"}}],\"inLanguage\":\"es\"},{\"@type\":\"Organization\",\"@id\":\"https:\\\/\\\/www.laguiadepamplona.com\\\/actualidad\\\/#organization\",\"name\":\"La Gu\u00eda de Pamplona \\\/ Noticias\",\"url\":\"https:\\\/\\\/www.laguiadepamplona.com\\\/actualidad\\\/\",\"logo\":{\"@type\":\"ImageObject\",\"inLanguage\":\"es\",\"@id\":\"https:\\\/\\\/www.laguiadepamplona.com\\\/actualidad\\\/#\\\/schema\\\/logo\\\/image\\\/\",\"url\":\"https:\\\/\\\/www.laguiadepamplona.com\\\/actualidad\\\/wp-content\\\/uploads\\\/2018\\\/11\\\/logo-laguiadepamplona18-web1.png\",\"contentUrl\":\"https:\\\/\\\/www.laguiadepamplona.com\\\/actualidad\\\/wp-content\\\/uploads\\\/2018\\\/11\\\/logo-laguiadepamplona18-web1.png\",\"width\":600,\"height\":196,\"caption\":\"La Gu\u00eda de Pamplona \\\/ Noticias\"},\"image\":{\"@id\":\"https:\\\/\\\/www.laguiadepamplona.com\\\/actualidad\\\/#\\\/schema\\\/logo\\\/image\\\/\"},\"sameAs\":[\"https:\\\/\\\/www.facebook.com\\\/laguiadepamplonacom-133175176762273\\\/?ref=hl\",\"https:\\\/\\\/x.com\\\/LaGuiadPamplona\",\"https:\\\/\\\/www.instagram.com\\\/la_guia_de_pamplona\\\/\",\"https:\\\/\\\/www.youtube.com\\\/user\\\/laguiadepamplona\"]},{\"@type\":\"Person\",\"@id\":\"https:\\\/\\\/www.laguiadepamplona.com\\\/actualidad\\\/#\\\/schema\\\/person\\\/efe887376f0213d4657c93adc50b1fdb\",\"name\":\"La Gu\u00eda de Pamplona\",\"image\":{\"@type\":\"ImageObject\",\"inLanguage\":\"es\",\"@id\":\"https:\\\/\\\/secure.gravatar.com\\\/avatar\\\/b6992f131dc8d30ab0dff15446e9d346d9dbd95992de0fef795073f5ea83a81c?s=96&d=mm&r=g\",\"url\":\"https:\\\/\\\/secure.gravatar.com\\\/avatar\\\/b6992f131dc8d30ab0dff15446e9d346d9dbd95992de0fef795073f5ea83a81c?s=96&d=mm&r=g\",\"contentUrl\":\"https:\\\/\\\/secure.gravatar.com\\\/avatar\\\/b6992f131dc8d30ab0dff15446e9d346d9dbd95992de0fef795073f5ea83a81c?s=96&d=mm&r=g\",\"caption\":\"La Gu\u00eda de Pamplona\"}}]}<\/script>\n<!-- \/ Yoast SEO plugin. -->","yoast_head_json":{"title":"El Ayuntamiento de Pamplona celebra este pr\u00f3ximo viernes 23 de septiembre el duod\u00e9cimo Debate sobre el Estado de la Ciudad","description":"La sesi\u00f3n comenzar\u00e1 a las 9.30 horas, con la intervenci\u00f3n del alcalde y, tras un receso, ser\u00e1 el turno de los grupos municipales","robots":{"index":"index","follow":"follow","max-snippet":"max-snippet:-1","max-image-preview":"max-image-preview:large","max-video-preview":"max-video-preview:-1"},"canonical":"https:\/\/www.laguiadepamplona.com\/actualidad\/el-ayuntamiento-de-pamplona-celebra-este-proximo-viernes-23-de-septiembre-el-duodecimo-debate-sobre-el-estado-de-la-ciudad\/","og_locale":"es_ES","og_type":"article","og_title":"El Ayuntamiento de Pamplona celebra este pr\u00f3ximo viernes 23 de septiembre el duod\u00e9cimo Debate sobre el Estado de la Ciudad","og_description":"La sesi\u00f3n comenzar\u00e1 a las 9.30 horas, con la intervenci\u00f3n del alcalde y, tras un receso, ser\u00e1 el turno de los grupos municipales","og_url":"https:\/\/www.laguiadepamplona.com\/actualidad\/el-ayuntamiento-de-pamplona-celebra-este-proximo-viernes-23-de-septiembre-el-duodecimo-debate-sobre-el-estado-de-la-ciudad\/","og_site_name":"La Gu\u00eda de Pamplona","article_publisher":"https:\/\/www.facebook.com\/laguiadepamplonacom-133175176762273\/?ref=hl","article_published_time":"2022-09-22T15:26:49+00:00","article_modified_time":"2023-04-11T09:47:49+00:00","og_image":[{"width":1920,"height":1080,"url":"https:\/\/www.laguiadepamplona.com\/actualidad\/wp-content\/uploads\/2022\/09\/plenos2.webp","type":"image\/webp"}],"author":"La Gu\u00eda de Pamplona","twitter_card":"summary_large_image","twitter_creator":"@LaGuiadPamplona","twitter_site":"@LaGuiadPamplona","twitter_misc":{"Escrito por":"La Gu\u00eda de Pamplona","Tiempo de lectura":"3 minutos"},"schema":{"@context":"https:\/\/schema.org","@graph":[{"@type":"Article","@id":"https:\/\/www.laguiadepamplona.com\/actualidad\/el-ayuntamiento-de-pamplona-celebra-este-proximo-viernes-23-de-septiembre-el-duodecimo-debate-sobre-el-estado-de-la-ciudad\/#article","isPartOf":{"@id":"https:\/\/www.laguiadepamplona.com\/actualidad\/el-ayuntamiento-de-pamplona-celebra-este-proximo-viernes-23-de-septiembre-el-duodecimo-debate-sobre-el-estado-de-la-ciudad\/"},"author":{"name":"La Gu\u00eda de Pamplona","@id":"https:\/\/www.laguiadepamplona.com\/actualidad\/#\/schema\/person\/efe887376f0213d4657c93adc50b1fdb"},"headline":"El Ayuntamiento de Pamplona celebra este pr\u00f3ximo viernes 23 de septiembre el duod\u00e9cimo Debate sobre el Estado de la Ciudad","datePublished":"2022-09-22T15:26:49+00:00","dateModified":"2023-04-11T09:47:49+00:00","mainEntityOfPage":{"@id":"https:\/\/www.laguiadepamplona.com\/actualidad\/el-ayuntamiento-de-pamplona-celebra-este-proximo-viernes-23-de-septiembre-el-duodecimo-debate-sobre-el-estado-de-la-ciudad\/"},"wordCount":565,"commentCount":0,"publisher":{"@id":"https:\/\/www.laguiadepamplona.com\/actualidad\/#organization"},"image":{"@id":"https:\/\/www.laguiadepamplona.com\/actualidad\/el-ayuntamiento-de-pamplona-celebra-este-proximo-viernes-23-de-septiembre-el-duodecimo-debate-sobre-el-estado-de-la-ciudad\/#primaryimage"},"thumbnailUrl":"https:\/\/www.laguiadepamplona.com\/actualidad\/wp-content\/uploads\/2022\/09\/plenos2.webp","articleSection":["Ayto Pamplona"],"inLanguage":"es","potentialAction":[{"@type":"CommentAction","name":"Comment","target":["https:\/\/www.laguiadepamplona.com\/actualidad\/el-ayuntamiento-de-pamplona-celebra-este-proximo-viernes-23-de-septiembre-el-duodecimo-debate-sobre-el-estado-de-la-ciudad\/#respond"]}]},{"@type":"WebPage","@id":"https:\/\/www.laguiadepamplona.com\/actualidad\/el-ayuntamiento-de-pamplona-celebra-este-proximo-viernes-23-de-septiembre-el-duodecimo-debate-sobre-el-estado-de-la-ciudad\/","url":"https:\/\/www.laguiadepamplona.com\/actualidad\/el-ayuntamiento-de-pamplona-celebra-este-proximo-viernes-23-de-septiembre-el-duodecimo-debate-sobre-el-estado-de-la-ciudad\/","name":"El Ayuntamiento de Pamplona celebra este pr\u00f3ximo viernes 23 de septiembre el duod\u00e9cimo Debate sobre el Estado de la Ciudad","isPartOf":{"@id":"https:\/\/www.laguiadepamplona.com\/actualidad\/#website"},"primaryImageOfPage":{"@id":"https:\/\/www.laguiadepamplona.com\/actualidad\/el-ayuntamiento-de-pamplona-celebra-este-proximo-viernes-23-de-septiembre-el-duodecimo-debate-sobre-el-estado-de-la-ciudad\/#primaryimage"},"image":{"@id":"https:\/\/www.laguiadepamplona.com\/actualidad\/el-ayuntamiento-de-pamplona-celebra-este-proximo-viernes-23-de-septiembre-el-duodecimo-debate-sobre-el-estado-de-la-ciudad\/#primaryimage"},"thumbnailUrl":"https:\/\/www.laguiadepamplona.com\/actualidad\/wp-content\/uploads\/2022\/09\/plenos2.webp","datePublished":"2022-09-22T15:26:49+00:00","dateModified":"2023-04-11T09:47:49+00:00","description":"La sesi\u00f3n comenzar\u00e1 a las 9.30 horas, con la intervenci\u00f3n del alcalde y, tras un receso, ser\u00e1 el turno de los grupos municipales","breadcrumb":{"@id":"https:\/\/www.laguiadepamplona.com\/actualidad\/el-ayuntamiento-de-pamplona-celebra-este-proximo-viernes-23-de-septiembre-el-duodecimo-debate-sobre-el-estado-de-la-ciudad\/#breadcrumb"},"inLanguage":"es","potentialAction":[{"@type":"ReadAction","target":["https:\/\/www.laguiadepamplona.com\/actualidad\/el-ayuntamiento-de-pamplona-celebra-este-proximo-viernes-23-de-septiembre-el-duodecimo-debate-sobre-el-estado-de-la-ciudad\/"]}]},{"@type":"ImageObject","inLanguage":"es","@id":"https:\/\/www.laguiadepamplona.com\/actualidad\/el-ayuntamiento-de-pamplona-celebra-este-proximo-viernes-23-de-septiembre-el-duodecimo-debate-sobre-el-estado-de-la-ciudad\/#primaryimage","url":"https:\/\/www.laguiadepamplona.com\/actualidad\/wp-content\/uploads\/2022\/09\/plenos2.webp","contentUrl":"https:\/\/www.laguiadepamplona.com\/actualidad\/wp-content\/uploads\/2022\/09\/plenos2.webp","width":1920,"height":1080,"caption":"pleno ayuntamiento Pamplona"},{"@type":"BreadcrumbList","@id":"https:\/\/www.laguiadepamplona.com\/actualidad\/el-ayuntamiento-de-pamplona-celebra-este-proximo-viernes-23-de-septiembre-el-duodecimo-debate-sobre-el-estado-de-la-ciudad\/#breadcrumb","itemListElement":[{"@type":"ListItem","position":1,"name":"Portada","item":"https:\/\/www.laguiadepamplona.com\/actualidad\/"},{"@type":"ListItem","position":2,"name":"El Ayuntamiento de Pamplona celebra este pr\u00f3ximo viernes 23 de septiembre el duod\u00e9cimo Debate sobre el Estado de la Ciudad"}]},{"@type":"WebSite","@id":"https:\/\/www.laguiadepamplona.com\/actualidad\/#website","url":"https:\/\/www.laguiadepamplona.com\/actualidad\/","name":"La gu\u00eda de Pamplona","description":"Noticias de Pamplona","publisher":{"@id":"https:\/\/www.laguiadepamplona.com\/actualidad\/#organization"},"potentialAction":[{"@type":"SearchAction","target":{"@type":"EntryPoint","urlTemplate":"https:\/\/www.laguiadepamplona.com\/actualidad\/?s={search_term_string}"},"query-input":{"@type":"PropertyValueSpecification","valueRequired":true,"valueName":"search_term_string"}}],"inLanguage":"es"},{"@type":"Organization","@id":"https:\/\/www.laguiadepamplona.com\/actualidad\/#organization","name":"La Gu\u00eda de Pamplona \/ Noticias","url":"https:\/\/www.laguiadepamplona.com\/actualidad\/","logo":{"@type":"ImageObject","inLanguage":"es","@id":"https:\/\/www.laguiadepamplona.com\/actualidad\/#\/schema\/logo\/image\/","url":"https:\/\/www.laguiadepamplona.com\/actualidad\/wp-content\/uploads\/2018\/11\/logo-laguiadepamplona18-web1.png","contentUrl":"https:\/\/www.laguiadepamplona.com\/actualidad\/wp-content\/uploads\/2018\/11\/logo-laguiadepamplona18-web1.png","width":600,"height":196,"caption":"La Gu\u00eda de Pamplona \/ Noticias"},"image":{"@id":"https:\/\/www.laguiadepamplona.com\/actualidad\/#\/schema\/logo\/image\/"},"sameAs":["https:\/\/www.facebook.com\/laguiadepamplonacom-133175176762273\/?ref=hl","https:\/\/x.com\/LaGuiadPamplona","https:\/\/www.instagram.com\/la_guia_de_pamplona\/","https:\/\/www.youtube.com\/user\/laguiadepamplona"]},{"@type":"Person","@id":"https:\/\/www.laguiadepamplona.com\/actualidad\/#\/schema\/person\/efe887376f0213d4657c93adc50b1fdb","name":"La Gu\u00eda de Pamplona","image":{"@type":"ImageObject","inLanguage":"es","@id":"https:\/\/secure.gravatar.com\/avatar\/b6992f131dc8d30ab0dff15446e9d346d9dbd95992de0fef795073f5ea83a81c?s=96&d=mm&r=g","url":"https:\/\/secure.gravatar.com\/avatar\/b6992f131dc8d30ab0dff15446e9d346d9dbd95992de0fef795073f5ea83a81c?s=96&d=mm&r=g","contentUrl":"https:\/\/secure.gravatar.com\/avatar\/b6992f131dc8d30ab0dff15446e9d346d9dbd95992de0fef795073f5ea83a81c?s=96&d=mm&r=g","caption":"La Gu\u00eda de Pamplona"}}]}},"post_mailing_queue_ids":[],"_links":{"self":[{"href":"https:\/\/www.laguiadepamplona.com\/actualidad\/wp-json\/wp\/v2\/posts\/41661","targetHints":{"allow":["GET"]}}],"collection":[{"href":"https:\/\/www.laguiadepamplona.com\/actualidad\/wp-json\/wp\/v2\/posts"}],"about":[{"href":"https:\/\/www.laguiadepamplona.com\/actualidad\/wp-json\/wp\/v2\/types\/post"}],"author":[{"embeddable":true,"href":"https:\/\/www.laguiadepamplona.com\/actualidad\/wp-json\/wp\/v2\/users\/1"}],"replies":[{"embeddable":true,"href":"https:\/\/www.laguiadepamplona.com\/actualidad\/wp-json\/wp\/v2\/comments?post=41661"}],"version-history":[{"count":0,"href":"https:\/\/www.laguiadepamplona.com\/actualidad\/wp-json\/wp\/v2\/posts\/41661\/revisions"}],"wp:featuredmedia":[{"embeddable":true,"href":"https:\/\/www.laguiadepamplona.com\/actualidad\/wp-json\/wp\/v2\/media\/41662"}],"wp:attachment":[{"href":"https:\/\/www.laguiadepamplona.com\/actualidad\/wp-json\/wp\/v2\/media?parent=41661"}],"wp:term":[{"taxonomy":"category","embeddable":true,"href":"https:\/\/www.laguiadepamplona.com\/actualidad\/wp-json\/wp\/v2\/categories?post=41661"},{"taxonomy":"post_tag","embeddable":true,"href":"https:\/\/www.laguiadepamplona.com\/actualidad\/wp-json\/wp\/v2\/tags?post=41661"}],"curies":[{"name":"wp","href":"https:\/\/api.w.org\/{rel}","templated":true}]}}