{"id":41649,"date":"2022-09-21T17:45:20","date_gmt":"2022-09-21T15:45:20","guid":{"rendered":"https:\/\/www.laguiadepamplona.com\/actualidad\/?p=41649"},"modified":"2023-04-11T11:47:49","modified_gmt":"2023-04-11T09:47:49","slug":"el-ayuntamiento-reforzara-este-fin-de-semana-los-servicios-de-limpieza-en-el-casco-antiguo-durante-las-fiestas-de-san-fermin-de-aldapa","status":"publish","type":"post","link":"https:\/\/www.laguiadepamplona.com\/actualidad\/el-ayuntamiento-reforzara-este-fin-de-semana-los-servicios-de-limpieza-en-el-casco-antiguo-durante-las-fiestas-de-san-fermin-de-aldapa\/","title":{"rendered":"El Ayuntamiento reforzar\u00e1 este fin de semana los servicios de limpieza en el Casco Antiguo, durante las fiestas de San Ferm\u00edn de Aldapa"},"content":{"rendered":"<h5>El vecindario del sector I ZER podr\u00e1 aparcar desde hoy en Corralillos al cerrarse el espacio de las Huertas de Santo Domingo hasta el lunes<\/h5>\n<p><!--more--><\/p>\n<p>Con motivo de las fiestas de San Ferm\u00edn de Aldapa, desde hoy hasta el pr\u00f3ximo lunes no estar\u00e1 disponible como aparcamiento el espacio de las Huertas de Santo Domingo. El Ayuntamiento de Pamplona ha enviado mensajes SMS al vecindario titular de tarjetas de aparcamiento de residentes en ese sector (sector I) para avisar de esta circunstancia. Para compensar el cierre, esos veh\u00edculos podr\u00e1n estacionar en Corralillos. La zona aleda\u00f1a al edificio de Educaci\u00f3n se mantendr\u00e1 con su sistema habitual.<br \/>\n<script async src=\"\/\/pagead2.googlesyndication.com\/pagead\/js\/adsbygoogle.js\"><\/script><br \/>\n<!-- Noticias La Guia de Pamplona --><br \/>\n<ins class=\"adsbygoogle\"\nstyle=\"display:block\"\ndata-ad-client=\"ca-pub-6943679897239327\"\ndata-ad-slot=\"7048180777\"\ndata-ad-format=\"auto\"><\/ins><br \/>\n<script>\n(adsbygoogle = window.adsbygoogle || []).push({});\n<\/script><\/p>\n<p>Durante estos d\u00edas est\u00e1 previsto que el Consistorio refuerce los servicios de limpieza en la zona. El s\u00e1bado, el Servicio de Limpieza del Ayuntamiento de Pamplona ya cuenta con m\u00e1s de ochenta trabajadores en su servicio ordinario, a los que, desde el punto de vista del empleo de maquinaria, se unir\u00e1n tres servicios de recogida para la atenci\u00f3n de papeleras, adem\u00e1s de dos camiones de carga peque\u00f1o tama\u00f1o (conocidos como \u201cba\u00fales\u201d) y una barredora.<\/p>\n<p>El domingo, los operarios de limpieza habituales en una jornada festiva se duplicar\u00e1n para reforzar la zona centro de la ciudad. El inicio de los trabajos de limpieza se adelantar\u00e1 a las 6.00 de la ma\u00f1ana (en lugar de a las 7.00 horas, como es habitual) de cara a permitir un uso m\u00e1s efectivo de la maquinaria en las primeras horas del d\u00eda y tener despejados los espacios a primera hora. Adem\u00e1s, la carga de las baldeadoras se realizar\u00e1 por la noche, para permitir as\u00ed que trabajen desde primera hora en superficies despejadas.<\/p>\n","protected":false},"excerpt":{"rendered":"<p>El vecindario del sector I ZER podr\u00e1 aparcar desde hoy en Corralillos al cerrarse el espacio de las Huertas de Santo Domingo hasta el lunes<\/p>\n","protected":false},"author":1,"featured_media":41650,"comment_status":"open","ping_status":"closed","sticky":false,"template":"","format":"standard","meta":{"footnotes":""},"categories":[2],"tags":[],"class_list":["post-41649","post","type-post","status-publish","format-standard","has-post-thumbnail","hentry","category-ayuntamiento-pamplona"],"yoast_head":"<!-- This site is optimized with the Yoast SEO plugin v27.3 - https:\/\/yoast.com\/product\/yoast-seo-wordpress\/ -->\n<title>El Ayuntamiento reforzar\u00e1 este fin de semana los servicios de limpieza en el Casco Antiguo, durante las fiestas de San Ferm\u00edn de Aldapa<\/title>\n<meta name=\"description\" content=\"El vecindario del sector I ZER podr\u00e1 aparcar desde hoy en Corralillos al cerrarse el espacio de las Huertas de Santo Domingo hasta el lunes\" \/>\n<meta name=\"robots\" content=\"index, follow, max-snippet:-1, max-image-preview:large, max-video-preview:-1\" \/>\n<link rel=\"canonical\" href=\"https:\/\/www.laguiadepamplona.com\/actualidad\/el-ayuntamiento-reforzara-este-fin-de-semana-los-servicios-de-limpieza-en-el-casco-antiguo-durante-las-fiestas-de-san-fermin-de-aldapa\/\" \/>\n<meta property=\"og:locale\" content=\"es_ES\" \/>\n<meta property=\"og:type\" content=\"article\" \/>\n<meta property=\"og:title\" content=\"El Ayuntamiento reforzar\u00e1 este fin de semana los servicios de limpieza en el Casco Antiguo, durante las fiestas de San Ferm\u00edn de Aldapa\" \/>\n<meta property=\"og:description\" content=\"El vecindario del sector I ZER podr\u00e1 aparcar desde hoy en Corralillos al cerrarse el espacio de las Huertas de Santo Domingo hasta el lunes\" \/>\n<meta property=\"og:url\" content=\"https:\/\/www.laguiadepamplona.com\/actualidad\/el-ayuntamiento-reforzara-este-fin-de-semana-los-servicios-de-limpieza-en-el-casco-antiguo-durante-las-fiestas-de-san-fermin-de-aldapa\/\" \/>\n<meta property=\"og:site_name\" content=\"La Gu\u00eda de Pamplona\" \/>\n<meta property=\"article:publisher\" content=\"https:\/\/www.facebook.com\/laguiadepamplonacom-133175176762273\/?ref=hl\" \/>\n<meta property=\"article:published_time\" content=\"2022-09-21T15:45:20+00:00\" \/>\n<meta property=\"article:modified_time\" content=\"2023-04-11T09:47:49+00:00\" \/>\n<meta property=\"og:image\" content=\"https:\/\/www.laguiadepamplona.com\/actualidad\/wp-content\/uploads\/2022\/09\/limpieza-calle_1.webp\" \/>\n\t<meta property=\"og:image:width\" content=\"1920\" \/>\n\t<meta property=\"og:image:height\" content=\"1317\" \/>\n\t<meta property=\"og:image:type\" content=\"image\/webp\" \/>\n<meta name=\"author\" content=\"La Gu\u00eda de Pamplona\" \/>\n<meta name=\"twitter:card\" content=\"summary_large_image\" \/>\n<meta name=\"twitter:creator\" content=\"@LaGuiadPamplona\" \/>\n<meta name=\"twitter:site\" content=\"@LaGuiadPamplona\" \/>\n<meta name=\"twitter:label1\" content=\"Escrito por\" \/>\n\t<meta name=\"twitter:data1\" content=\"La Gu\u00eda de Pamplona\" \/>\n\t<meta name=\"twitter:label2\" content=\"Tiempo de lectura\" \/>\n\t<meta name=\"twitter:data2\" content=\"2 minutos\" \/>\n<script type=\"application\/ld+json\" class=\"yoast-schema-graph\">{\"@context\":\"https:\\\/\\\/schema.org\",\"@graph\":[{\"@type\":\"Article\",\"@id\":\"https:\\\/\\\/www.laguiadepamplona.com\\\/actualidad\\\/el-ayuntamiento-reforzara-este-fin-de-semana-los-servicios-de-limpieza-en-el-casco-antiguo-durante-las-fiestas-de-san-fermin-de-aldapa\\\/#article\",\"isPartOf\":{\"@id\":\"https:\\\/\\\/www.laguiadepamplona.com\\\/actualidad\\\/el-ayuntamiento-reforzara-este-fin-de-semana-los-servicios-de-limpieza-en-el-casco-antiguo-durante-las-fiestas-de-san-fermin-de-aldapa\\\/\"},\"author\":{\"name\":\"La Gu\u00eda de Pamplona\",\"@id\":\"https:\\\/\\\/www.laguiadepamplona.com\\\/actualidad\\\/#\\\/schema\\\/person\\\/efe887376f0213d4657c93adc50b1fdb\"},\"headline\":\"El Ayuntamiento reforzar\u00e1 este fin de semana los servicios de limpieza en el Casco Antiguo, durante las fiestas de San Ferm\u00edn de Aldapa\",\"datePublished\":\"2022-09-21T15:45:20+00:00\",\"dateModified\":\"2023-04-11T09:47:49+00:00\",\"mainEntityOfPage\":{\"@id\":\"https:\\\/\\\/www.laguiadepamplona.com\\\/actualidad\\\/el-ayuntamiento-reforzara-este-fin-de-semana-los-servicios-de-limpieza-en-el-casco-antiguo-durante-las-fiestas-de-san-fermin-de-aldapa\\\/\"},\"wordCount\":313,\"commentCount\":0,\"publisher\":{\"@id\":\"https:\\\/\\\/www.laguiadepamplona.com\\\/actualidad\\\/#organization\"},\"image\":{\"@id\":\"https:\\\/\\\/www.laguiadepamplona.com\\\/actualidad\\\/el-ayuntamiento-reforzara-este-fin-de-semana-los-servicios-de-limpieza-en-el-casco-antiguo-durante-las-fiestas-de-san-fermin-de-aldapa\\\/#primaryimage\"},\"thumbnailUrl\":\"https:\\\/\\\/www.laguiadepamplona.com\\\/actualidad\\\/wp-content\\\/uploads\\\/2022\\\/09\\\/limpieza-calle_1.webp\",\"articleSection\":[\"Ayto Pamplona\"],\"inLanguage\":\"es\",\"potentialAction\":[{\"@type\":\"CommentAction\",\"name\":\"Comment\",\"target\":[\"https:\\\/\\\/www.laguiadepamplona.com\\\/actualidad\\\/el-ayuntamiento-reforzara-este-fin-de-semana-los-servicios-de-limpieza-en-el-casco-antiguo-durante-las-fiestas-de-san-fermin-de-aldapa\\\/#respond\"]}]},{\"@type\":\"WebPage\",\"@id\":\"https:\\\/\\\/www.laguiadepamplona.com\\\/actualidad\\\/el-ayuntamiento-reforzara-este-fin-de-semana-los-servicios-de-limpieza-en-el-casco-antiguo-durante-las-fiestas-de-san-fermin-de-aldapa\\\/\",\"url\":\"https:\\\/\\\/www.laguiadepamplona.com\\\/actualidad\\\/el-ayuntamiento-reforzara-este-fin-de-semana-los-servicios-de-limpieza-en-el-casco-antiguo-durante-las-fiestas-de-san-fermin-de-aldapa\\\/\",\"name\":\"El Ayuntamiento reforzar\u00e1 este fin de semana los servicios de limpieza en el Casco Antiguo, durante las fiestas de San Ferm\u00edn de Aldapa\",\"isPartOf\":{\"@id\":\"https:\\\/\\\/www.laguiadepamplona.com\\\/actualidad\\\/#website\"},\"primaryImageOfPage\":{\"@id\":\"https:\\\/\\\/www.laguiadepamplona.com\\\/actualidad\\\/el-ayuntamiento-reforzara-este-fin-de-semana-los-servicios-de-limpieza-en-el-casco-antiguo-durante-las-fiestas-de-san-fermin-de-aldapa\\\/#primaryimage\"},\"image\":{\"@id\":\"https:\\\/\\\/www.laguiadepamplona.com\\\/actualidad\\\/el-ayuntamiento-reforzara-este-fin-de-semana-los-servicios-de-limpieza-en-el-casco-antiguo-durante-las-fiestas-de-san-fermin-de-aldapa\\\/#primaryimage\"},\"thumbnailUrl\":\"https:\\\/\\\/www.laguiadepamplona.com\\\/actualidad\\\/wp-content\\\/uploads\\\/2022\\\/09\\\/limpieza-calle_1.webp\",\"datePublished\":\"2022-09-21T15:45:20+00:00\",\"dateModified\":\"2023-04-11T09:47:49+00:00\",\"description\":\"El vecindario del sector I ZER podr\u00e1 aparcar desde hoy en Corralillos al cerrarse el espacio de las Huertas de Santo Domingo hasta el lunes\",\"breadcrumb\":{\"@id\":\"https:\\\/\\\/www.laguiadepamplona.com\\\/actualidad\\\/el-ayuntamiento-reforzara-este-fin-de-semana-los-servicios-de-limpieza-en-el-casco-antiguo-durante-las-fiestas-de-san-fermin-de-aldapa\\\/#breadcrumb\"},\"inLanguage\":\"es\",\"potentialAction\":[{\"@type\":\"ReadAction\",\"target\":[\"https:\\\/\\\/www.laguiadepamplona.com\\\/actualidad\\\/el-ayuntamiento-reforzara-este-fin-de-semana-los-servicios-de-limpieza-en-el-casco-antiguo-durante-las-fiestas-de-san-fermin-de-aldapa\\\/\"]}]},{\"@type\":\"ImageObject\",\"inLanguage\":\"es\",\"@id\":\"https:\\\/\\\/www.laguiadepamplona.com\\\/actualidad\\\/el-ayuntamiento-reforzara-este-fin-de-semana-los-servicios-de-limpieza-en-el-casco-antiguo-durante-las-fiestas-de-san-fermin-de-aldapa\\\/#primaryimage\",\"url\":\"https:\\\/\\\/www.laguiadepamplona.com\\\/actualidad\\\/wp-content\\\/uploads\\\/2022\\\/09\\\/limpieza-calle_1.webp\",\"contentUrl\":\"https:\\\/\\\/www.laguiadepamplona.com\\\/actualidad\\\/wp-content\\\/uploads\\\/2022\\\/09\\\/limpieza-calle_1.webp\",\"width\":1920,\"height\":1317,\"caption\":\"limpieza calles\"},{\"@type\":\"BreadcrumbList\",\"@id\":\"https:\\\/\\\/www.laguiadepamplona.com\\\/actualidad\\\/el-ayuntamiento-reforzara-este-fin-de-semana-los-servicios-de-limpieza-en-el-casco-antiguo-durante-las-fiestas-de-san-fermin-de-aldapa\\\/#breadcrumb\",\"itemListElement\":[{\"@type\":\"ListItem\",\"position\":1,\"name\":\"Portada\",\"item\":\"https:\\\/\\\/www.laguiadepamplona.com\\\/actualidad\\\/\"},{\"@type\":\"ListItem\",\"position\":2,\"name\":\"El Ayuntamiento reforzar\u00e1 este fin de semana los servicios de limpieza en el Casco Antiguo, durante las fiestas de San Ferm\u00edn de Aldapa\"}]},{\"@type\":\"WebSite\",\"@id\":\"https:\\\/\\\/www.laguiadepamplona.com\\\/actualidad\\\/#website\",\"url\":\"https:\\\/\\\/www.laguiadepamplona.com\\\/actualidad\\\/\",\"name\":\"La gu\u00eda de Pamplona\",\"description\":\"Noticias de Pamplona\",\"publisher\":{\"@id\":\"https:\\\/\\\/www.laguiadepamplona.com\\\/actualidad\\\/#organization\"},\"potentialAction\":[{\"@type\":\"SearchAction\",\"target\":{\"@type\":\"EntryPoint\",\"urlTemplate\":\"https:\\\/\\\/www.laguiadepamplona.com\\\/actualidad\\\/?s={search_term_string}\"},\"query-input\":{\"@type\":\"PropertyValueSpecification\",\"valueRequired\":true,\"valueName\":\"search_term_string\"}}],\"inLanguage\":\"es\"},{\"@type\":\"Organization\",\"@id\":\"https:\\\/\\\/www.laguiadepamplona.com\\\/actualidad\\\/#organization\",\"name\":\"La Gu\u00eda de Pamplona \\\/ Noticias\",\"url\":\"https:\\\/\\\/www.laguiadepamplona.com\\\/actualidad\\\/\",\"logo\":{\"@type\":\"ImageObject\",\"inLanguage\":\"es\",\"@id\":\"https:\\\/\\\/www.laguiadepamplona.com\\\/actualidad\\\/#\\\/schema\\\/logo\\\/image\\\/\",\"url\":\"https:\\\/\\\/www.laguiadepamplona.com\\\/actualidad\\\/wp-content\\\/uploads\\\/2018\\\/11\\\/logo-laguiadepamplona18-web1.png\",\"contentUrl\":\"https:\\\/\\\/www.laguiadepamplona.com\\\/actualidad\\\/wp-content\\\/uploads\\\/2018\\\/11\\\/logo-laguiadepamplona18-web1.png\",\"width\":600,\"height\":196,\"caption\":\"La Gu\u00eda de Pamplona \\\/ Noticias\"},\"image\":{\"@id\":\"https:\\\/\\\/www.laguiadepamplona.com\\\/actualidad\\\/#\\\/schema\\\/logo\\\/image\\\/\"},\"sameAs\":[\"https:\\\/\\\/www.facebook.com\\\/laguiadepamplonacom-133175176762273\\\/?ref=hl\",\"https:\\\/\\\/x.com\\\/LaGuiadPamplona\",\"https:\\\/\\\/www.instagram.com\\\/la_guia_de_pamplona\\\/\",\"https:\\\/\\\/www.youtube.com\\\/user\\\/laguiadepamplona\"]},{\"@type\":\"Person\",\"@id\":\"https:\\\/\\\/www.laguiadepamplona.com\\\/actualidad\\\/#\\\/schema\\\/person\\\/efe887376f0213d4657c93adc50b1fdb\",\"name\":\"La Gu\u00eda de Pamplona\",\"image\":{\"@type\":\"ImageObject\",\"inLanguage\":\"es\",\"@id\":\"https:\\\/\\\/secure.gravatar.com\\\/avatar\\\/b6992f131dc8d30ab0dff15446e9d346d9dbd95992de0fef795073f5ea83a81c?s=96&d=mm&r=g\",\"url\":\"https:\\\/\\\/secure.gravatar.com\\\/avatar\\\/b6992f131dc8d30ab0dff15446e9d346d9dbd95992de0fef795073f5ea83a81c?s=96&d=mm&r=g\",\"contentUrl\":\"https:\\\/\\\/secure.gravatar.com\\\/avatar\\\/b6992f131dc8d30ab0dff15446e9d346d9dbd95992de0fef795073f5ea83a81c?s=96&d=mm&r=g\",\"caption\":\"La Gu\u00eda de Pamplona\"}}]}<\/script>\n<!-- \/ Yoast SEO plugin. -->","yoast_head_json":{"title":"El Ayuntamiento reforzar\u00e1 este fin de semana los servicios de limpieza en el Casco Antiguo, durante las fiestas de San Ferm\u00edn de Aldapa","description":"El vecindario del sector I ZER podr\u00e1 aparcar desde hoy en Corralillos al cerrarse el espacio de las Huertas de Santo Domingo hasta el lunes","robots":{"index":"index","follow":"follow","max-snippet":"max-snippet:-1","max-image-preview":"max-image-preview:large","max-video-preview":"max-video-preview:-1"},"canonical":"https:\/\/www.laguiadepamplona.com\/actualidad\/el-ayuntamiento-reforzara-este-fin-de-semana-los-servicios-de-limpieza-en-el-casco-antiguo-durante-las-fiestas-de-san-fermin-de-aldapa\/","og_locale":"es_ES","og_type":"article","og_title":"El Ayuntamiento reforzar\u00e1 este fin de semana los servicios de limpieza en el Casco Antiguo, durante las fiestas de San Ferm\u00edn de Aldapa","og_description":"El vecindario del sector I ZER podr\u00e1 aparcar desde hoy en Corralillos al cerrarse el espacio de las Huertas de Santo Domingo hasta el lunes","og_url":"https:\/\/www.laguiadepamplona.com\/actualidad\/el-ayuntamiento-reforzara-este-fin-de-semana-los-servicios-de-limpieza-en-el-casco-antiguo-durante-las-fiestas-de-san-fermin-de-aldapa\/","og_site_name":"La Gu\u00eda de Pamplona","article_publisher":"https:\/\/www.facebook.com\/laguiadepamplonacom-133175176762273\/?ref=hl","article_published_time":"2022-09-21T15:45:20+00:00","article_modified_time":"2023-04-11T09:47:49+00:00","og_image":[{"width":1920,"height":1317,"url":"https:\/\/www.laguiadepamplona.com\/actualidad\/wp-content\/uploads\/2022\/09\/limpieza-calle_1.webp","type":"image\/webp"}],"author":"La Gu\u00eda de Pamplona","twitter_card":"summary_large_image","twitter_creator":"@LaGuiadPamplona","twitter_site":"@LaGuiadPamplona","twitter_misc":{"Escrito por":"La Gu\u00eda de Pamplona","Tiempo de lectura":"2 minutos"},"schema":{"@context":"https:\/\/schema.org","@graph":[{"@type":"Article","@id":"https:\/\/www.laguiadepamplona.com\/actualidad\/el-ayuntamiento-reforzara-este-fin-de-semana-los-servicios-de-limpieza-en-el-casco-antiguo-durante-las-fiestas-de-san-fermin-de-aldapa\/#article","isPartOf":{"@id":"https:\/\/www.laguiadepamplona.com\/actualidad\/el-ayuntamiento-reforzara-este-fin-de-semana-los-servicios-de-limpieza-en-el-casco-antiguo-durante-las-fiestas-de-san-fermin-de-aldapa\/"},"author":{"name":"La Gu\u00eda de Pamplona","@id":"https:\/\/www.laguiadepamplona.com\/actualidad\/#\/schema\/person\/efe887376f0213d4657c93adc50b1fdb"},"headline":"El Ayuntamiento reforzar\u00e1 este fin de semana los servicios de limpieza en el Casco Antiguo, durante las fiestas de San Ferm\u00edn de Aldapa","datePublished":"2022-09-21T15:45:20+00:00","dateModified":"2023-04-11T09:47:49+00:00","mainEntityOfPage":{"@id":"https:\/\/www.laguiadepamplona.com\/actualidad\/el-ayuntamiento-reforzara-este-fin-de-semana-los-servicios-de-limpieza-en-el-casco-antiguo-durante-las-fiestas-de-san-fermin-de-aldapa\/"},"wordCount":313,"commentCount":0,"publisher":{"@id":"https:\/\/www.laguiadepamplona.com\/actualidad\/#organization"},"image":{"@id":"https:\/\/www.laguiadepamplona.com\/actualidad\/el-ayuntamiento-reforzara-este-fin-de-semana-los-servicios-de-limpieza-en-el-casco-antiguo-durante-las-fiestas-de-san-fermin-de-aldapa\/#primaryimage"},"thumbnailUrl":"https:\/\/www.laguiadepamplona.com\/actualidad\/wp-content\/uploads\/2022\/09\/limpieza-calle_1.webp","articleSection":["Ayto Pamplona"],"inLanguage":"es","potentialAction":[{"@type":"CommentAction","name":"Comment","target":["https:\/\/www.laguiadepamplona.com\/actualidad\/el-ayuntamiento-reforzara-este-fin-de-semana-los-servicios-de-limpieza-en-el-casco-antiguo-durante-las-fiestas-de-san-fermin-de-aldapa\/#respond"]}]},{"@type":"WebPage","@id":"https:\/\/www.laguiadepamplona.com\/actualidad\/el-ayuntamiento-reforzara-este-fin-de-semana-los-servicios-de-limpieza-en-el-casco-antiguo-durante-las-fiestas-de-san-fermin-de-aldapa\/","url":"https:\/\/www.laguiadepamplona.com\/actualidad\/el-ayuntamiento-reforzara-este-fin-de-semana-los-servicios-de-limpieza-en-el-casco-antiguo-durante-las-fiestas-de-san-fermin-de-aldapa\/","name":"El Ayuntamiento reforzar\u00e1 este fin de semana los servicios de limpieza en el Casco Antiguo, durante las fiestas de San Ferm\u00edn de Aldapa","isPartOf":{"@id":"https:\/\/www.laguiadepamplona.com\/actualidad\/#website"},"primaryImageOfPage":{"@id":"https:\/\/www.laguiadepamplona.com\/actualidad\/el-ayuntamiento-reforzara-este-fin-de-semana-los-servicios-de-limpieza-en-el-casco-antiguo-durante-las-fiestas-de-san-fermin-de-aldapa\/#primaryimage"},"image":{"@id":"https:\/\/www.laguiadepamplona.com\/actualidad\/el-ayuntamiento-reforzara-este-fin-de-semana-los-servicios-de-limpieza-en-el-casco-antiguo-durante-las-fiestas-de-san-fermin-de-aldapa\/#primaryimage"},"thumbnailUrl":"https:\/\/www.laguiadepamplona.com\/actualidad\/wp-content\/uploads\/2022\/09\/limpieza-calle_1.webp","datePublished":"2022-09-21T15:45:20+00:00","dateModified":"2023-04-11T09:47:49+00:00","description":"El vecindario del sector I ZER podr\u00e1 aparcar desde hoy en Corralillos al cerrarse el espacio de las Huertas de Santo Domingo hasta el lunes","breadcrumb":{"@id":"https:\/\/www.laguiadepamplona.com\/actualidad\/el-ayuntamiento-reforzara-este-fin-de-semana-los-servicios-de-limpieza-en-el-casco-antiguo-durante-las-fiestas-de-san-fermin-de-aldapa\/#breadcrumb"},"inLanguage":"es","potentialAction":[{"@type":"ReadAction","target":["https:\/\/www.laguiadepamplona.com\/actualidad\/el-ayuntamiento-reforzara-este-fin-de-semana-los-servicios-de-limpieza-en-el-casco-antiguo-durante-las-fiestas-de-san-fermin-de-aldapa\/"]}]},{"@type":"ImageObject","inLanguage":"es","@id":"https:\/\/www.laguiadepamplona.com\/actualidad\/el-ayuntamiento-reforzara-este-fin-de-semana-los-servicios-de-limpieza-en-el-casco-antiguo-durante-las-fiestas-de-san-fermin-de-aldapa\/#primaryimage","url":"https:\/\/www.laguiadepamplona.com\/actualidad\/wp-content\/uploads\/2022\/09\/limpieza-calle_1.webp","contentUrl":"https:\/\/www.laguiadepamplona.com\/actualidad\/wp-content\/uploads\/2022\/09\/limpieza-calle_1.webp","width":1920,"height":1317,"caption":"limpieza calles"},{"@type":"BreadcrumbList","@id":"https:\/\/www.laguiadepamplona.com\/actualidad\/el-ayuntamiento-reforzara-este-fin-de-semana-los-servicios-de-limpieza-en-el-casco-antiguo-durante-las-fiestas-de-san-fermin-de-aldapa\/#breadcrumb","itemListElement":[{"@type":"ListItem","position":1,"name":"Portada","item":"https:\/\/www.laguiadepamplona.com\/actualidad\/"},{"@type":"ListItem","position":2,"name":"El Ayuntamiento reforzar\u00e1 este fin de semana los servicios de limpieza en el Casco Antiguo, durante las fiestas de San Ferm\u00edn de Aldapa"}]},{"@type":"WebSite","@id":"https:\/\/www.laguiadepamplona.com\/actualidad\/#website","url":"https:\/\/www.laguiadepamplona.com\/actualidad\/","name":"La gu\u00eda de Pamplona","description":"Noticias de Pamplona","publisher":{"@id":"https:\/\/www.laguiadepamplona.com\/actualidad\/#organization"},"potentialAction":[{"@type":"SearchAction","target":{"@type":"EntryPoint","urlTemplate":"https:\/\/www.laguiadepamplona.com\/actualidad\/?s={search_term_string}"},"query-input":{"@type":"PropertyValueSpecification","valueRequired":true,"valueName":"search_term_string"}}],"inLanguage":"es"},{"@type":"Organization","@id":"https:\/\/www.laguiadepamplona.com\/actualidad\/#organization","name":"La Gu\u00eda de Pamplona \/ Noticias","url":"https:\/\/www.laguiadepamplona.com\/actualidad\/","logo":{"@type":"ImageObject","inLanguage":"es","@id":"https:\/\/www.laguiadepamplona.com\/actualidad\/#\/schema\/logo\/image\/","url":"https:\/\/www.laguiadepamplona.com\/actualidad\/wp-content\/uploads\/2018\/11\/logo-laguiadepamplona18-web1.png","contentUrl":"https:\/\/www.laguiadepamplona.com\/actualidad\/wp-content\/uploads\/2018\/11\/logo-laguiadepamplona18-web1.png","width":600,"height":196,"caption":"La Gu\u00eda de Pamplona \/ Noticias"},"image":{"@id":"https:\/\/www.laguiadepamplona.com\/actualidad\/#\/schema\/logo\/image\/"},"sameAs":["https:\/\/www.facebook.com\/laguiadepamplonacom-133175176762273\/?ref=hl","https:\/\/x.com\/LaGuiadPamplona","https:\/\/www.instagram.com\/la_guia_de_pamplona\/","https:\/\/www.youtube.com\/user\/laguiadepamplona"]},{"@type":"Person","@id":"https:\/\/www.laguiadepamplona.com\/actualidad\/#\/schema\/person\/efe887376f0213d4657c93adc50b1fdb","name":"La Gu\u00eda de Pamplona","image":{"@type":"ImageObject","inLanguage":"es","@id":"https:\/\/secure.gravatar.com\/avatar\/b6992f131dc8d30ab0dff15446e9d346d9dbd95992de0fef795073f5ea83a81c?s=96&d=mm&r=g","url":"https:\/\/secure.gravatar.com\/avatar\/b6992f131dc8d30ab0dff15446e9d346d9dbd95992de0fef795073f5ea83a81c?s=96&d=mm&r=g","contentUrl":"https:\/\/secure.gravatar.com\/avatar\/b6992f131dc8d30ab0dff15446e9d346d9dbd95992de0fef795073f5ea83a81c?s=96&d=mm&r=g","caption":"La Gu\u00eda de Pamplona"}}]}},"post_mailing_queue_ids":[],"_links":{"self":[{"href":"https:\/\/www.laguiadepamplona.com\/actualidad\/wp-json\/wp\/v2\/posts\/41649","targetHints":{"allow":["GET"]}}],"collection":[{"href":"https:\/\/www.laguiadepamplona.com\/actualidad\/wp-json\/wp\/v2\/posts"}],"about":[{"href":"https:\/\/www.laguiadepamplona.com\/actualidad\/wp-json\/wp\/v2\/types\/post"}],"author":[{"embeddable":true,"href":"https:\/\/www.laguiadepamplona.com\/actualidad\/wp-json\/wp\/v2\/users\/1"}],"replies":[{"embeddable":true,"href":"https:\/\/www.laguiadepamplona.com\/actualidad\/wp-json\/wp\/v2\/comments?post=41649"}],"version-history":[{"count":0,"href":"https:\/\/www.laguiadepamplona.com\/actualidad\/wp-json\/wp\/v2\/posts\/41649\/revisions"}],"wp:featuredmedia":[{"embeddable":true,"href":"https:\/\/www.laguiadepamplona.com\/actualidad\/wp-json\/wp\/v2\/media\/41650"}],"wp:attachment":[{"href":"https:\/\/www.laguiadepamplona.com\/actualidad\/wp-json\/wp\/v2\/media?parent=41649"}],"wp:term":[{"taxonomy":"category","embeddable":true,"href":"https:\/\/www.laguiadepamplona.com\/actualidad\/wp-json\/wp\/v2\/categories?post=41649"},{"taxonomy":"post_tag","embeddable":true,"href":"https:\/\/www.laguiadepamplona.com\/actualidad\/wp-json\/wp\/v2\/tags?post=41649"}],"curies":[{"name":"wp","href":"https:\/\/api.w.org\/{rel}","templated":true}]}}