{"id":41646,"date":"2022-09-21T17:43:43","date_gmt":"2022-09-21T15:43:43","guid":{"rendered":"https:\/\/www.laguiadepamplona.com\/actualidad\/?p=41646"},"modified":"2023-04-11T11:47:49","modified_gmt":"2023-04-11T09:47:49","slug":"la-bicicletada-escolar-movilizara-manana-jueves-a-mas-de-1-200-escolares-por-las-calles-de-pamplona","status":"publish","type":"post","link":"https:\/\/www.laguiadepamplona.com\/actualidad\/la-bicicletada-escolar-movilizara-manana-jueves-a-mas-de-1-200-escolares-por-las-calles-de-pamplona\/","title":{"rendered":"La \u2018bicicletada escolar\u2019 movilizar\u00e1 ma\u00f1ana jueves a m\u00e1s de 1.200 escolares por las calles de Pamplona"},"content":{"rendered":"<h5>La avenida del Ej\u00e9rcito se cortar\u00e1 al tr\u00e1fico de 9.30 a 10.30 y de 11.30 a 12.30 coincidiendo con la celebraci\u00f3n del D\u00eda Europeo sin Coches<\/h5>\n<p><!--more--><\/p>\n<p>M\u00e1s de 1.200 estudiantes de trece colegios e institutos participar\u00e1n ma\u00f1ana, jueves, en la \u2018bicicletada escolar\u2019, organizada dentro de las actividades de la Semana de la Movilidad del Ayuntamiento de Pamplona, para promover el uso de la bicicleta tambi\u00e9n para los trayectos de ida y vuelta al centro escolar. La \u2018bicicletada\u2019 reunir\u00e1 a todos los participantes en un punto de encuentro, establecido en esta ocasi\u00f3n en la Ciudadela, al que acudir\u00e1 el alcalde de Pamplona, Enrique Maya, y el concejal de Proyectos Estrat\u00e9gicos, Movilidad y Sostenibilidad, Ferm\u00edn Alonso, a las 10.30 horas. All\u00ed, saludar\u00e1n a los participantes y atender\u00e1n a los medios de comunicaci\u00f3n.<\/p>\n<p>Esta jornada l\u00fadica y educativa en torno a la movilidad sostenible comenzar\u00e1 a las 8.30 de la ma\u00f1ana y concluir\u00e1 a \u00faltima hora de la jornada lectiva. La gran concentraci\u00f3n de escolares a la entrada y salida del punto de encuentro en la Ciudadela conllevar\u00e1 el cierre al tr\u00e1fico de la avenida del Ej\u00e9rcito de 9.30 a 10.30 horas y de 11.30 a 12.30 horas, para garantizar la seguridad del alumnado participante.<br \/>\n<script async src=\"\/\/pagead2.googlesyndication.com\/pagead\/js\/adsbygoogle.js\"><\/script><br \/>\n<!-- Noticias La Guia de Pamplona --><br \/>\n<ins class=\"adsbygoogle\"\nstyle=\"display:block\"\ndata-ad-client=\"ca-pub-6943679897239327\"\ndata-ad-slot=\"7048180777\"\ndata-ad-format=\"auto\"><\/ins><br \/>\n<script>\n(adsbygoogle = window.adsbygoogle || []).push({});\n<\/script><\/p>\n<p>Esta actividad se desarrolla con los escolares que el curso pasado fueron formados a trav\u00e9s del programa de biciescuela `La Bicicleta en la Escuela\u00b4 por lo que se considera parte de la actividad formativa, que est\u00e1 especialmente dirigida a estudiantes de 10 a 14 a\u00f1os. A trav\u00e9s de esta iniciativa se forma a los menores para que aprendan a circular en bicicleta en la ciudad, con seguridad y respetando al conjunto de usuarios de la v\u00eda p\u00fablica. Para completar su formaci\u00f3n, que durante el curso pasado incluyo charlas formativas, pr\u00e1cticas de habilidad dentro del patio y salidas guiadas por el carril bici y zonas pacificadas en los entornos de los centros escolares, antes de comenzar la marcha por la ciudad, se repasar\u00e1n las normas b\u00e1sicas de circulaci\u00f3n y se dar\u00e1n las instrucciones necesarias para celebrar con \u00e9xito esta bicicletada.<\/p>\n<p>Tras esas indicaciones, cada uno de los grupos, formados por varias aulas de los distintos centros escolares participantes y su profesorado acompa\u00f1ante, partir\u00e1 de su centro entre las 9 y las 9.30 horas, en funci\u00f3n de la distancia del centro al punto de encuentro y de las edades de los escolares. Los itinerarios, que se realizar\u00e1n a trav\u00e9s de la red ciclable, se han dise\u00f1ado en colaboraci\u00f3n con el Servicio de Movilidad del Ayuntamiento y Polic\u00eda Municipal. Adem\u00e1s, varios agentes acompa\u00f1ar\u00e1n a cada uno de los centros escolares, asegurando los cruces con calzadas, y organizar\u00e1n los cortes de tr\u00e1fico de avenida del Ej\u00e9rcito.<br \/>\n<script async src=\"\/\/pagead2.googlesyndication.com\/pagead\/js\/adsbygoogle.js\"><\/script><br \/>\n<!-- Noticias La Guia de Pamplona --><br \/>\n<ins class=\"adsbygoogle\"\nstyle=\"display:block\"\ndata-ad-client=\"ca-pub-6943679897239327\"\ndata-ad-slot=\"7048180777\"\ndata-ad-format=\"auto\"><\/ins><br \/>\n<script>\n(adsbygoogle = window.adsbygoogle || []).push({});\n<\/script><\/p>\n<p>Ya en la Ciudadela se celebrar\u00e1 un encuentro festivo, donde el alumnado podr\u00e1 almorzar en un ambiente l\u00fadico, que propiciar\u00e1 la interrelaci\u00f3n entre todo el alumnado. El acto estar\u00e1 animado con m\u00fasica y un grupo de teatro que interactuar\u00e1 con el alumnado, resaltando, desde el humor, los aspectos positivos de la movilidad ciclista y la importancia de los desplazamientos sin emisiones contaminantes.<\/p>\n<p>En todo momento, los grupos ir\u00e1n acompa\u00f1ados por su profesorado y por personas expertas de las asociaciones `Mujeres en Bici\u00b4 y `Medios de transporte saludables\u00b4 (AMTS) que colaboran con el Ayuntamiento en el desarrollo de esta marcha ciclista escolar, para acompa\u00f1ar al profesorado y prevenir incidentes. Adem\u00e1s, se contar\u00e1 con la colaboraci\u00f3n t\u00e9cnica de Conor Bikes, que instalar\u00e1 tres talleres, dos en el recorrido y uno en la Ciudadela, para ayudar a resolver incidencias mec\u00e1nicas.<\/p>\n<p>Todas las actividades de la Semana de la Movilidad se enmarcan dentro del proyecto \u2018Go Green Pamplona\u2019, que engloba todas las materias de lucha contra el cambio clim\u00e1tico que est\u00e1 desarrollando y desarrollar\u00e1 la ciudad y que definir\u00e1 las nuevas l\u00edneas de actuaci\u00f3n en los pr\u00f3ximos a\u00f1os.<br \/>\n<script async src=\"\/\/pagead2.googlesyndication.com\/pagead\/js\/adsbygoogle.js\"><\/script><br \/>\n<!-- Noticias La Guia de Pamplona --><br \/>\n<ins class=\"adsbygoogle\"\nstyle=\"display:block\"\ndata-ad-client=\"ca-pub-6943679897239327\"\ndata-ad-slot=\"7048180777\"\ndata-ad-format=\"auto\"><\/ins><br \/>\n<script>\n(adsbygoogle = window.adsbygoogle || []).push({});\n<\/script><\/p>\n<p>&nbsp;<\/p>\n<h3>Centros Educativos que participan<\/h3>\n<ul>\n<li>Colegio La Compasi\u00f3n Escolapios<\/li>\n<li>CPEIP San Francisco<\/li>\n<li>Iturrama BHI<\/li>\n<li>Amaiur IP<\/li>\n<li>CPEIP Buztintxuri<\/li>\n<li>Colegio Claret Larraona<\/li>\n<li>Colegio Hijas de Jes\u00fas<\/li>\n<li>Colegio Sagrado Coraz\u00f3n<\/li>\n<li>Colegio Santa Teresa de Jes\u00fas<\/li>\n<li>Eunate BHI<\/li>\n<li>Colegio Sant\u00edsimo Sacramento<\/li>\n<li>Hegoalde IP<\/li>\n<li>Sanduzelai IP<\/li>\n<\/ul>\n","protected":false},"excerpt":{"rendered":"<p>La avenida del Ej\u00e9rcito se cortar\u00e1 al tr\u00e1fico de 9.30 a 10.30 y de 11.30 a 12.30 coincidiendo con la celebraci\u00f3n del D\u00eda Europeo sin Coches<\/p>\n","protected":false},"author":1,"featured_media":41647,"comment_status":"open","ping_status":"closed","sticky":false,"template":"","format":"standard","meta":{"footnotes":""},"categories":[2],"tags":[],"class_list":["post-41646","post","type-post","status-publish","format-standard","has-post-thumbnail","hentry","category-ayuntamiento-pamplona"],"yoast_head":"<!-- This site is optimized with the Yoast SEO plugin v27.3 - https:\/\/yoast.com\/product\/yoast-seo-wordpress\/ -->\n<title>La \u2018bicicletada escolar\u2019 movilizar\u00e1 ma\u00f1ana jueves a m\u00e1s de 1.200 escolares por las calles de Pamplona<\/title>\n<meta name=\"description\" content=\"La avenida del Ej\u00e9rcito se cortar\u00e1 al tr\u00e1fico de 9.30 a 10.30 y de 11.30 a 12.30 coincidiendo con la celebraci\u00f3n del D\u00eda Europeo sin Coches\" \/>\n<meta name=\"robots\" content=\"index, follow, max-snippet:-1, max-image-preview:large, max-video-preview:-1\" \/>\n<link rel=\"canonical\" href=\"https:\/\/www.laguiadepamplona.com\/actualidad\/la-bicicletada-escolar-movilizara-manana-jueves-a-mas-de-1-200-escolares-por-las-calles-de-pamplona\/\" \/>\n<meta property=\"og:locale\" content=\"es_ES\" \/>\n<meta property=\"og:type\" content=\"article\" \/>\n<meta property=\"og:title\" content=\"La \u2018bicicletada escolar\u2019 movilizar\u00e1 ma\u00f1ana jueves a m\u00e1s de 1.200 escolares por las calles de Pamplona\" \/>\n<meta property=\"og:description\" content=\"La avenida del Ej\u00e9rcito se cortar\u00e1 al tr\u00e1fico de 9.30 a 10.30 y de 11.30 a 12.30 coincidiendo con la celebraci\u00f3n del D\u00eda Europeo sin Coches\" \/>\n<meta property=\"og:url\" content=\"https:\/\/www.laguiadepamplona.com\/actualidad\/la-bicicletada-escolar-movilizara-manana-jueves-a-mas-de-1-200-escolares-por-las-calles-de-pamplona\/\" \/>\n<meta property=\"og:site_name\" content=\"La Gu\u00eda de Pamplona\" \/>\n<meta property=\"article:publisher\" content=\"https:\/\/www.facebook.com\/laguiadepamplonacom-133175176762273\/?ref=hl\" \/>\n<meta property=\"article:published_time\" content=\"2022-09-21T15:43:43+00:00\" \/>\n<meta property=\"article:modified_time\" content=\"2023-04-11T09:47:49+00:00\" \/>\n<meta property=\"og:image\" content=\"https:\/\/www.laguiadepamplona.com\/actualidad\/wp-content\/uploads\/2022\/09\/bicicletadajmg7269_0.webp\" \/>\n\t<meta property=\"og:image:width\" content=\"1920\" \/>\n\t<meta property=\"og:image:height\" content=\"1280\" \/>\n\t<meta property=\"og:image:type\" content=\"image\/webp\" \/>\n<meta name=\"author\" content=\"La Gu\u00eda de Pamplona\" \/>\n<meta name=\"twitter:card\" content=\"summary_large_image\" \/>\n<meta name=\"twitter:creator\" content=\"@LaGuiadPamplona\" \/>\n<meta name=\"twitter:site\" content=\"@LaGuiadPamplona\" \/>\n<meta name=\"twitter:label1\" content=\"Escrito por\" \/>\n\t<meta name=\"twitter:data1\" content=\"La Gu\u00eda de Pamplona\" \/>\n\t<meta name=\"twitter:label2\" content=\"Tiempo de lectura\" \/>\n\t<meta name=\"twitter:data2\" content=\"4 minutos\" \/>\n<script type=\"application\/ld+json\" class=\"yoast-schema-graph\">{\"@context\":\"https:\\\/\\\/schema.org\",\"@graph\":[{\"@type\":\"Article\",\"@id\":\"https:\\\/\\\/www.laguiadepamplona.com\\\/actualidad\\\/la-bicicletada-escolar-movilizara-manana-jueves-a-mas-de-1-200-escolares-por-las-calles-de-pamplona\\\/#article\",\"isPartOf\":{\"@id\":\"https:\\\/\\\/www.laguiadepamplona.com\\\/actualidad\\\/la-bicicletada-escolar-movilizara-manana-jueves-a-mas-de-1-200-escolares-por-las-calles-de-pamplona\\\/\"},\"author\":{\"name\":\"La Gu\u00eda de Pamplona\",\"@id\":\"https:\\\/\\\/www.laguiadepamplona.com\\\/actualidad\\\/#\\\/schema\\\/person\\\/efe887376f0213d4657c93adc50b1fdb\"},\"headline\":\"La \u2018bicicletada escolar\u2019 movilizar\u00e1 ma\u00f1ana jueves a m\u00e1s de 1.200 escolares por las calles de Pamplona\",\"datePublished\":\"2022-09-21T15:43:43+00:00\",\"dateModified\":\"2023-04-11T09:47:49+00:00\",\"mainEntityOfPage\":{\"@id\":\"https:\\\/\\\/www.laguiadepamplona.com\\\/actualidad\\\/la-bicicletada-escolar-movilizara-manana-jueves-a-mas-de-1-200-escolares-por-las-calles-de-pamplona\\\/\"},\"wordCount\":735,\"commentCount\":0,\"publisher\":{\"@id\":\"https:\\\/\\\/www.laguiadepamplona.com\\\/actualidad\\\/#organization\"},\"image\":{\"@id\":\"https:\\\/\\\/www.laguiadepamplona.com\\\/actualidad\\\/la-bicicletada-escolar-movilizara-manana-jueves-a-mas-de-1-200-escolares-por-las-calles-de-pamplona\\\/#primaryimage\"},\"thumbnailUrl\":\"https:\\\/\\\/www.laguiadepamplona.com\\\/actualidad\\\/wp-content\\\/uploads\\\/2022\\\/09\\\/bicicletadajmg7269_0.webp\",\"articleSection\":[\"Ayto Pamplona\"],\"inLanguage\":\"es\",\"potentialAction\":[{\"@type\":\"CommentAction\",\"name\":\"Comment\",\"target\":[\"https:\\\/\\\/www.laguiadepamplona.com\\\/actualidad\\\/la-bicicletada-escolar-movilizara-manana-jueves-a-mas-de-1-200-escolares-por-las-calles-de-pamplona\\\/#respond\"]}]},{\"@type\":\"WebPage\",\"@id\":\"https:\\\/\\\/www.laguiadepamplona.com\\\/actualidad\\\/la-bicicletada-escolar-movilizara-manana-jueves-a-mas-de-1-200-escolares-por-las-calles-de-pamplona\\\/\",\"url\":\"https:\\\/\\\/www.laguiadepamplona.com\\\/actualidad\\\/la-bicicletada-escolar-movilizara-manana-jueves-a-mas-de-1-200-escolares-por-las-calles-de-pamplona\\\/\",\"name\":\"La \u2018bicicletada escolar\u2019 movilizar\u00e1 ma\u00f1ana jueves a m\u00e1s de 1.200 escolares por las calles de Pamplona\",\"isPartOf\":{\"@id\":\"https:\\\/\\\/www.laguiadepamplona.com\\\/actualidad\\\/#website\"},\"primaryImageOfPage\":{\"@id\":\"https:\\\/\\\/www.laguiadepamplona.com\\\/actualidad\\\/la-bicicletada-escolar-movilizara-manana-jueves-a-mas-de-1-200-escolares-por-las-calles-de-pamplona\\\/#primaryimage\"},\"image\":{\"@id\":\"https:\\\/\\\/www.laguiadepamplona.com\\\/actualidad\\\/la-bicicletada-escolar-movilizara-manana-jueves-a-mas-de-1-200-escolares-por-las-calles-de-pamplona\\\/#primaryimage\"},\"thumbnailUrl\":\"https:\\\/\\\/www.laguiadepamplona.com\\\/actualidad\\\/wp-content\\\/uploads\\\/2022\\\/09\\\/bicicletadajmg7269_0.webp\",\"datePublished\":\"2022-09-21T15:43:43+00:00\",\"dateModified\":\"2023-04-11T09:47:49+00:00\",\"description\":\"La avenida del Ej\u00e9rcito se cortar\u00e1 al tr\u00e1fico de 9.30 a 10.30 y de 11.30 a 12.30 coincidiendo con la celebraci\u00f3n del D\u00eda Europeo sin Coches\",\"breadcrumb\":{\"@id\":\"https:\\\/\\\/www.laguiadepamplona.com\\\/actualidad\\\/la-bicicletada-escolar-movilizara-manana-jueves-a-mas-de-1-200-escolares-por-las-calles-de-pamplona\\\/#breadcrumb\"},\"inLanguage\":\"es\",\"potentialAction\":[{\"@type\":\"ReadAction\",\"target\":[\"https:\\\/\\\/www.laguiadepamplona.com\\\/actualidad\\\/la-bicicletada-escolar-movilizara-manana-jueves-a-mas-de-1-200-escolares-por-las-calles-de-pamplona\\\/\"]}]},{\"@type\":\"ImageObject\",\"inLanguage\":\"es\",\"@id\":\"https:\\\/\\\/www.laguiadepamplona.com\\\/actualidad\\\/la-bicicletada-escolar-movilizara-manana-jueves-a-mas-de-1-200-escolares-por-las-calles-de-pamplona\\\/#primaryimage\",\"url\":\"https:\\\/\\\/www.laguiadepamplona.com\\\/actualidad\\\/wp-content\\\/uploads\\\/2022\\\/09\\\/bicicletadajmg7269_0.webp\",\"contentUrl\":\"https:\\\/\\\/www.laguiadepamplona.com\\\/actualidad\\\/wp-content\\\/uploads\\\/2022\\\/09\\\/bicicletadajmg7269_0.webp\",\"width\":1920,\"height\":1280},{\"@type\":\"BreadcrumbList\",\"@id\":\"https:\\\/\\\/www.laguiadepamplona.com\\\/actualidad\\\/la-bicicletada-escolar-movilizara-manana-jueves-a-mas-de-1-200-escolares-por-las-calles-de-pamplona\\\/#breadcrumb\",\"itemListElement\":[{\"@type\":\"ListItem\",\"position\":1,\"name\":\"Portada\",\"item\":\"https:\\\/\\\/www.laguiadepamplona.com\\\/actualidad\\\/\"},{\"@type\":\"ListItem\",\"position\":2,\"name\":\"La \u2018bicicletada escolar\u2019 movilizar\u00e1 ma\u00f1ana jueves a m\u00e1s de 1.200 escolares por las calles de Pamplona\"}]},{\"@type\":\"WebSite\",\"@id\":\"https:\\\/\\\/www.laguiadepamplona.com\\\/actualidad\\\/#website\",\"url\":\"https:\\\/\\\/www.laguiadepamplona.com\\\/actualidad\\\/\",\"name\":\"La gu\u00eda de Pamplona\",\"description\":\"Noticias de Pamplona\",\"publisher\":{\"@id\":\"https:\\\/\\\/www.laguiadepamplona.com\\\/actualidad\\\/#organization\"},\"potentialAction\":[{\"@type\":\"SearchAction\",\"target\":{\"@type\":\"EntryPoint\",\"urlTemplate\":\"https:\\\/\\\/www.laguiadepamplona.com\\\/actualidad\\\/?s={search_term_string}\"},\"query-input\":{\"@type\":\"PropertyValueSpecification\",\"valueRequired\":true,\"valueName\":\"search_term_string\"}}],\"inLanguage\":\"es\"},{\"@type\":\"Organization\",\"@id\":\"https:\\\/\\\/www.laguiadepamplona.com\\\/actualidad\\\/#organization\",\"name\":\"La Gu\u00eda de Pamplona \\\/ Noticias\",\"url\":\"https:\\\/\\\/www.laguiadepamplona.com\\\/actualidad\\\/\",\"logo\":{\"@type\":\"ImageObject\",\"inLanguage\":\"es\",\"@id\":\"https:\\\/\\\/www.laguiadepamplona.com\\\/actualidad\\\/#\\\/schema\\\/logo\\\/image\\\/\",\"url\":\"https:\\\/\\\/www.laguiadepamplona.com\\\/actualidad\\\/wp-content\\\/uploads\\\/2018\\\/11\\\/logo-laguiadepamplona18-web1.png\",\"contentUrl\":\"https:\\\/\\\/www.laguiadepamplona.com\\\/actualidad\\\/wp-content\\\/uploads\\\/2018\\\/11\\\/logo-laguiadepamplona18-web1.png\",\"width\":600,\"height\":196,\"caption\":\"La Gu\u00eda de Pamplona \\\/ Noticias\"},\"image\":{\"@id\":\"https:\\\/\\\/www.laguiadepamplona.com\\\/actualidad\\\/#\\\/schema\\\/logo\\\/image\\\/\"},\"sameAs\":[\"https:\\\/\\\/www.facebook.com\\\/laguiadepamplonacom-133175176762273\\\/?ref=hl\",\"https:\\\/\\\/x.com\\\/LaGuiadPamplona\",\"https:\\\/\\\/www.instagram.com\\\/la_guia_de_pamplona\\\/\",\"https:\\\/\\\/www.youtube.com\\\/user\\\/laguiadepamplona\"]},{\"@type\":\"Person\",\"@id\":\"https:\\\/\\\/www.laguiadepamplona.com\\\/actualidad\\\/#\\\/schema\\\/person\\\/efe887376f0213d4657c93adc50b1fdb\",\"name\":\"La Gu\u00eda de Pamplona\",\"image\":{\"@type\":\"ImageObject\",\"inLanguage\":\"es\",\"@id\":\"https:\\\/\\\/secure.gravatar.com\\\/avatar\\\/b6992f131dc8d30ab0dff15446e9d346d9dbd95992de0fef795073f5ea83a81c?s=96&d=mm&r=g\",\"url\":\"https:\\\/\\\/secure.gravatar.com\\\/avatar\\\/b6992f131dc8d30ab0dff15446e9d346d9dbd95992de0fef795073f5ea83a81c?s=96&d=mm&r=g\",\"contentUrl\":\"https:\\\/\\\/secure.gravatar.com\\\/avatar\\\/b6992f131dc8d30ab0dff15446e9d346d9dbd95992de0fef795073f5ea83a81c?s=96&d=mm&r=g\",\"caption\":\"La Gu\u00eda de Pamplona\"}}]}<\/script>\n<!-- \/ Yoast SEO plugin. -->","yoast_head_json":{"title":"La \u2018bicicletada escolar\u2019 movilizar\u00e1 ma\u00f1ana jueves a m\u00e1s de 1.200 escolares por las calles de Pamplona","description":"La avenida del Ej\u00e9rcito se cortar\u00e1 al tr\u00e1fico de 9.30 a 10.30 y de 11.30 a 12.30 coincidiendo con la celebraci\u00f3n del D\u00eda Europeo sin Coches","robots":{"index":"index","follow":"follow","max-snippet":"max-snippet:-1","max-image-preview":"max-image-preview:large","max-video-preview":"max-video-preview:-1"},"canonical":"https:\/\/www.laguiadepamplona.com\/actualidad\/la-bicicletada-escolar-movilizara-manana-jueves-a-mas-de-1-200-escolares-por-las-calles-de-pamplona\/","og_locale":"es_ES","og_type":"article","og_title":"La \u2018bicicletada escolar\u2019 movilizar\u00e1 ma\u00f1ana jueves a m\u00e1s de 1.200 escolares por las calles de Pamplona","og_description":"La avenida del Ej\u00e9rcito se cortar\u00e1 al tr\u00e1fico de 9.30 a 10.30 y de 11.30 a 12.30 coincidiendo con la celebraci\u00f3n del D\u00eda Europeo sin Coches","og_url":"https:\/\/www.laguiadepamplona.com\/actualidad\/la-bicicletada-escolar-movilizara-manana-jueves-a-mas-de-1-200-escolares-por-las-calles-de-pamplona\/","og_site_name":"La Gu\u00eda de Pamplona","article_publisher":"https:\/\/www.facebook.com\/laguiadepamplonacom-133175176762273\/?ref=hl","article_published_time":"2022-09-21T15:43:43+00:00","article_modified_time":"2023-04-11T09:47:49+00:00","og_image":[{"width":1920,"height":1280,"url":"https:\/\/www.laguiadepamplona.com\/actualidad\/wp-content\/uploads\/2022\/09\/bicicletadajmg7269_0.webp","type":"image\/webp"}],"author":"La Gu\u00eda de Pamplona","twitter_card":"summary_large_image","twitter_creator":"@LaGuiadPamplona","twitter_site":"@LaGuiadPamplona","twitter_misc":{"Escrito por":"La Gu\u00eda de Pamplona","Tiempo de lectura":"4 minutos"},"schema":{"@context":"https:\/\/schema.org","@graph":[{"@type":"Article","@id":"https:\/\/www.laguiadepamplona.com\/actualidad\/la-bicicletada-escolar-movilizara-manana-jueves-a-mas-de-1-200-escolares-por-las-calles-de-pamplona\/#article","isPartOf":{"@id":"https:\/\/www.laguiadepamplona.com\/actualidad\/la-bicicletada-escolar-movilizara-manana-jueves-a-mas-de-1-200-escolares-por-las-calles-de-pamplona\/"},"author":{"name":"La Gu\u00eda de Pamplona","@id":"https:\/\/www.laguiadepamplona.com\/actualidad\/#\/schema\/person\/efe887376f0213d4657c93adc50b1fdb"},"headline":"La \u2018bicicletada escolar\u2019 movilizar\u00e1 ma\u00f1ana jueves a m\u00e1s de 1.200 escolares por las calles de Pamplona","datePublished":"2022-09-21T15:43:43+00:00","dateModified":"2023-04-11T09:47:49+00:00","mainEntityOfPage":{"@id":"https:\/\/www.laguiadepamplona.com\/actualidad\/la-bicicletada-escolar-movilizara-manana-jueves-a-mas-de-1-200-escolares-por-las-calles-de-pamplona\/"},"wordCount":735,"commentCount":0,"publisher":{"@id":"https:\/\/www.laguiadepamplona.com\/actualidad\/#organization"},"image":{"@id":"https:\/\/www.laguiadepamplona.com\/actualidad\/la-bicicletada-escolar-movilizara-manana-jueves-a-mas-de-1-200-escolares-por-las-calles-de-pamplona\/#primaryimage"},"thumbnailUrl":"https:\/\/www.laguiadepamplona.com\/actualidad\/wp-content\/uploads\/2022\/09\/bicicletadajmg7269_0.webp","articleSection":["Ayto Pamplona"],"inLanguage":"es","potentialAction":[{"@type":"CommentAction","name":"Comment","target":["https:\/\/www.laguiadepamplona.com\/actualidad\/la-bicicletada-escolar-movilizara-manana-jueves-a-mas-de-1-200-escolares-por-las-calles-de-pamplona\/#respond"]}]},{"@type":"WebPage","@id":"https:\/\/www.laguiadepamplona.com\/actualidad\/la-bicicletada-escolar-movilizara-manana-jueves-a-mas-de-1-200-escolares-por-las-calles-de-pamplona\/","url":"https:\/\/www.laguiadepamplona.com\/actualidad\/la-bicicletada-escolar-movilizara-manana-jueves-a-mas-de-1-200-escolares-por-las-calles-de-pamplona\/","name":"La \u2018bicicletada escolar\u2019 movilizar\u00e1 ma\u00f1ana jueves a m\u00e1s de 1.200 escolares por las calles de Pamplona","isPartOf":{"@id":"https:\/\/www.laguiadepamplona.com\/actualidad\/#website"},"primaryImageOfPage":{"@id":"https:\/\/www.laguiadepamplona.com\/actualidad\/la-bicicletada-escolar-movilizara-manana-jueves-a-mas-de-1-200-escolares-por-las-calles-de-pamplona\/#primaryimage"},"image":{"@id":"https:\/\/www.laguiadepamplona.com\/actualidad\/la-bicicletada-escolar-movilizara-manana-jueves-a-mas-de-1-200-escolares-por-las-calles-de-pamplona\/#primaryimage"},"thumbnailUrl":"https:\/\/www.laguiadepamplona.com\/actualidad\/wp-content\/uploads\/2022\/09\/bicicletadajmg7269_0.webp","datePublished":"2022-09-21T15:43:43+00:00","dateModified":"2023-04-11T09:47:49+00:00","description":"La avenida del Ej\u00e9rcito se cortar\u00e1 al tr\u00e1fico de 9.30 a 10.30 y de 11.30 a 12.30 coincidiendo con la celebraci\u00f3n del D\u00eda Europeo sin Coches","breadcrumb":{"@id":"https:\/\/www.laguiadepamplona.com\/actualidad\/la-bicicletada-escolar-movilizara-manana-jueves-a-mas-de-1-200-escolares-por-las-calles-de-pamplona\/#breadcrumb"},"inLanguage":"es","potentialAction":[{"@type":"ReadAction","target":["https:\/\/www.laguiadepamplona.com\/actualidad\/la-bicicletada-escolar-movilizara-manana-jueves-a-mas-de-1-200-escolares-por-las-calles-de-pamplona\/"]}]},{"@type":"ImageObject","inLanguage":"es","@id":"https:\/\/www.laguiadepamplona.com\/actualidad\/la-bicicletada-escolar-movilizara-manana-jueves-a-mas-de-1-200-escolares-por-las-calles-de-pamplona\/#primaryimage","url":"https:\/\/www.laguiadepamplona.com\/actualidad\/wp-content\/uploads\/2022\/09\/bicicletadajmg7269_0.webp","contentUrl":"https:\/\/www.laguiadepamplona.com\/actualidad\/wp-content\/uploads\/2022\/09\/bicicletadajmg7269_0.webp","width":1920,"height":1280},{"@type":"BreadcrumbList","@id":"https:\/\/www.laguiadepamplona.com\/actualidad\/la-bicicletada-escolar-movilizara-manana-jueves-a-mas-de-1-200-escolares-por-las-calles-de-pamplona\/#breadcrumb","itemListElement":[{"@type":"ListItem","position":1,"name":"Portada","item":"https:\/\/www.laguiadepamplona.com\/actualidad\/"},{"@type":"ListItem","position":2,"name":"La \u2018bicicletada escolar\u2019 movilizar\u00e1 ma\u00f1ana jueves a m\u00e1s de 1.200 escolares por las calles de Pamplona"}]},{"@type":"WebSite","@id":"https:\/\/www.laguiadepamplona.com\/actualidad\/#website","url":"https:\/\/www.laguiadepamplona.com\/actualidad\/","name":"La gu\u00eda de Pamplona","description":"Noticias de Pamplona","publisher":{"@id":"https:\/\/www.laguiadepamplona.com\/actualidad\/#organization"},"potentialAction":[{"@type":"SearchAction","target":{"@type":"EntryPoint","urlTemplate":"https:\/\/www.laguiadepamplona.com\/actualidad\/?s={search_term_string}"},"query-input":{"@type":"PropertyValueSpecification","valueRequired":true,"valueName":"search_term_string"}}],"inLanguage":"es"},{"@type":"Organization","@id":"https:\/\/www.laguiadepamplona.com\/actualidad\/#organization","name":"La Gu\u00eda de Pamplona \/ Noticias","url":"https:\/\/www.laguiadepamplona.com\/actualidad\/","logo":{"@type":"ImageObject","inLanguage":"es","@id":"https:\/\/www.laguiadepamplona.com\/actualidad\/#\/schema\/logo\/image\/","url":"https:\/\/www.laguiadepamplona.com\/actualidad\/wp-content\/uploads\/2018\/11\/logo-laguiadepamplona18-web1.png","contentUrl":"https:\/\/www.laguiadepamplona.com\/actualidad\/wp-content\/uploads\/2018\/11\/logo-laguiadepamplona18-web1.png","width":600,"height":196,"caption":"La Gu\u00eda de Pamplona \/ Noticias"},"image":{"@id":"https:\/\/www.laguiadepamplona.com\/actualidad\/#\/schema\/logo\/image\/"},"sameAs":["https:\/\/www.facebook.com\/laguiadepamplonacom-133175176762273\/?ref=hl","https:\/\/x.com\/LaGuiadPamplona","https:\/\/www.instagram.com\/la_guia_de_pamplona\/","https:\/\/www.youtube.com\/user\/laguiadepamplona"]},{"@type":"Person","@id":"https:\/\/www.laguiadepamplona.com\/actualidad\/#\/schema\/person\/efe887376f0213d4657c93adc50b1fdb","name":"La Gu\u00eda de Pamplona","image":{"@type":"ImageObject","inLanguage":"es","@id":"https:\/\/secure.gravatar.com\/avatar\/b6992f131dc8d30ab0dff15446e9d346d9dbd95992de0fef795073f5ea83a81c?s=96&d=mm&r=g","url":"https:\/\/secure.gravatar.com\/avatar\/b6992f131dc8d30ab0dff15446e9d346d9dbd95992de0fef795073f5ea83a81c?s=96&d=mm&r=g","contentUrl":"https:\/\/secure.gravatar.com\/avatar\/b6992f131dc8d30ab0dff15446e9d346d9dbd95992de0fef795073f5ea83a81c?s=96&d=mm&r=g","caption":"La Gu\u00eda de Pamplona"}}]}},"post_mailing_queue_ids":[],"_links":{"self":[{"href":"https:\/\/www.laguiadepamplona.com\/actualidad\/wp-json\/wp\/v2\/posts\/41646","targetHints":{"allow":["GET"]}}],"collection":[{"href":"https:\/\/www.laguiadepamplona.com\/actualidad\/wp-json\/wp\/v2\/posts"}],"about":[{"href":"https:\/\/www.laguiadepamplona.com\/actualidad\/wp-json\/wp\/v2\/types\/post"}],"author":[{"embeddable":true,"href":"https:\/\/www.laguiadepamplona.com\/actualidad\/wp-json\/wp\/v2\/users\/1"}],"replies":[{"embeddable":true,"href":"https:\/\/www.laguiadepamplona.com\/actualidad\/wp-json\/wp\/v2\/comments?post=41646"}],"version-history":[{"count":0,"href":"https:\/\/www.laguiadepamplona.com\/actualidad\/wp-json\/wp\/v2\/posts\/41646\/revisions"}],"wp:featuredmedia":[{"embeddable":true,"href":"https:\/\/www.laguiadepamplona.com\/actualidad\/wp-json\/wp\/v2\/media\/41647"}],"wp:attachment":[{"href":"https:\/\/www.laguiadepamplona.com\/actualidad\/wp-json\/wp\/v2\/media?parent=41646"}],"wp:term":[{"taxonomy":"category","embeddable":true,"href":"https:\/\/www.laguiadepamplona.com\/actualidad\/wp-json\/wp\/v2\/categories?post=41646"},{"taxonomy":"post_tag","embeddable":true,"href":"https:\/\/www.laguiadepamplona.com\/actualidad\/wp-json\/wp\/v2\/tags?post=41646"}],"curies":[{"name":"wp","href":"https:\/\/api.w.org\/{rel}","templated":true}]}}