{"id":41643,"date":"2022-09-21T17:40:26","date_gmt":"2022-09-21T15:40:26","guid":{"rendered":"https:\/\/www.laguiadepamplona.com\/actualidad\/?p=41643"},"modified":"2023-04-11T11:47:49","modified_gmt":"2023-04-11T09:47:49","slug":"adjudicados-los-trabajos-de-derribo-de-las-edificaciones-de-la-vaqueria-de-oroz-en-la-entrada-sur-la-ciudad-que-se-preven-realizar-durante-el-otono","status":"publish","type":"post","link":"https:\/\/www.laguiadepamplona.com\/actualidad\/adjudicados-los-trabajos-de-derribo-de-las-edificaciones-de-la-vaqueria-de-oroz-en-la-entrada-sur-la-ciudad-que-se-preven-realizar-durante-el-otono\/","title":{"rendered":"Adjudicados los trabajos de derribo de las edificaciones de la vaquer\u00eda de Oroz en la entrada sur la ciudad, que se prev\u00e9n realizar durante el oto\u00f1o"},"content":{"rendered":"<h5>Estos derribos favorecer\u00e1n la continuidad del desarrollo de la urbanizaci\u00f3n de la zona de Azpilaga\u00f1a sur<\/h5>\n<p><!--more--><\/p>\n<p>El Consejo de Gerencia de Urbanismo ha aprobado en su sesi\u00f3n de esta ma\u00f1ana la adjudicaci\u00f3n del contrato de derribo de las edificaciones existentes en la parcela de la vaquer\u00eda de Oroz, en la entrada sur de la ciudad por la avenida de Zaragoza. El presupuesto ser\u00e1 de 101.035 euros, con un 41,3% de baja respecto al precio de licitaci\u00f3n, y se prev\u00e9 que los trabajos los pueda realizar la empresa Construcciones y Excavaciones Erri Berri S.L. durante este oto\u00f1o para poder dejar el espacio listo de cara a continuar con el desarrollo urban\u00edstica de la zona.<br \/>\n<script async src=\"\/\/pagead2.googlesyndication.com\/pagead\/js\/adsbygoogle.js\"><\/script><br \/>\n<!-- Noticias La Guia de Pamplona --><br \/>\n<ins class=\"adsbygoogle\"\nstyle=\"display:block\"\ndata-ad-client=\"ca-pub-6943679897239327\"\ndata-ad-slot=\"7048180777\"\ndata-ad-format=\"auto\"><\/ins><br \/>\n<script>\n(adsbygoogle = window.adsbygoogle || []).push({});\n<\/script><\/p>\n<p>La parcela 2502, que actualmente se utiliza como explotaci\u00f3n ganadera, tiene una superficie de 6.209,35 metros cuadrados. Se derribar\u00e1n las diferentes construcciones que alberga en su interior como una vivienda, almac\u00e9n, nave, cubierto para animales, establo y garaje exterior. Se aprovechar\u00e1n los trabajos para demoler los cerramientos de toda la zona y la cimentaci\u00f3n de las edificaciones, dejando la superficie horizontal y sin resto de ning\u00fan tipo. En la estructura met\u00e1lica del aparcamiento exterior, se han detectado residuos de fibrocemento que se retirar\u00e1n de manera selectiva y se gestionar\u00e1n de manera que no se mezclen con otro tipo de residuos, debido a su peligrosidad.<\/p>\n<p>Tras los derribos, se podr\u00e1 continuar y terminar con el desarrollo de la urbanizaci\u00f3n del \u00e1rea ARS-4. Esa urbanizaci\u00f3n generar\u00e1 una nueva calle que dar\u00e1 salida a la avenida de Zaragoza y continuidad a la actual calle perpendicular a la calle Sadar. Asimismo, dotar\u00e1 de infraestructuras a las nuevas parcelas resultantes y crear\u00e1 una nueva acera en el l\u00edmite del \u00e1mbito con la avenida de Zaragoza.<\/p>\n","protected":false},"excerpt":{"rendered":"<p>Estos derribos favorecer\u00e1n la continuidad del desarrollo de la urbanizaci\u00f3n de la zona de Azpilaga\u00f1a sur<\/p>\n","protected":false},"author":1,"featured_media":41644,"comment_status":"open","ping_status":"closed","sticky":false,"template":"","format":"standard","meta":{"footnotes":""},"categories":[2],"tags":[],"class_list":["post-41643","post","type-post","status-publish","format-standard","has-post-thumbnail","hentry","category-ayuntamiento-pamplona"],"yoast_head":"<!-- This site is optimized with the Yoast SEO plugin v27.3 - https:\/\/yoast.com\/product\/yoast-seo-wordpress\/ -->\n<title>Adjudicados los trabajos de derribo de las edificaciones de la vaquer\u00eda de Oroz en la entrada sur la ciudad, que se prev\u00e9n realizar durante el oto\u00f1o<\/title>\n<meta name=\"description\" content=\"Estos derribos favorecer\u00e1n la continuidad del desarrollo de la urbanizaci\u00f3n de la zona de Azpilaga\u00f1a sur\" \/>\n<meta name=\"robots\" content=\"index, follow, max-snippet:-1, max-image-preview:large, max-video-preview:-1\" \/>\n<link rel=\"canonical\" href=\"https:\/\/www.laguiadepamplona.com\/actualidad\/adjudicados-los-trabajos-de-derribo-de-las-edificaciones-de-la-vaqueria-de-oroz-en-la-entrada-sur-la-ciudad-que-se-preven-realizar-durante-el-otono\/\" \/>\n<meta property=\"og:locale\" content=\"es_ES\" \/>\n<meta property=\"og:type\" content=\"article\" \/>\n<meta property=\"og:title\" content=\"Adjudicados los trabajos de derribo de las edificaciones de la vaquer\u00eda de Oroz en la entrada sur la ciudad, que se prev\u00e9n realizar durante el oto\u00f1o\" \/>\n<meta property=\"og:description\" content=\"Estos derribos favorecer\u00e1n la continuidad del desarrollo de la urbanizaci\u00f3n de la zona de Azpilaga\u00f1a sur\" \/>\n<meta property=\"og:url\" content=\"https:\/\/www.laguiadepamplona.com\/actualidad\/adjudicados-los-trabajos-de-derribo-de-las-edificaciones-de-la-vaqueria-de-oroz-en-la-entrada-sur-la-ciudad-que-se-preven-realizar-durante-el-otono\/\" \/>\n<meta property=\"og:site_name\" content=\"La Gu\u00eda de Pamplona\" \/>\n<meta property=\"article:publisher\" content=\"https:\/\/www.facebook.com\/laguiadepamplonacom-133175176762273\/?ref=hl\" \/>\n<meta property=\"article:published_time\" content=\"2022-09-21T15:40:26+00:00\" \/>\n<meta property=\"article:modified_time\" content=\"2023-04-11T09:47:49+00:00\" \/>\n<meta property=\"og:image\" content=\"https:\/\/www.laguiadepamplona.com\/actualidad\/wp-content\/uploads\/2022\/09\/vaqueria.jpg\" \/>\n\t<meta property=\"og:image:width\" content=\"676\" \/>\n\t<meta property=\"og:image:height\" content=\"356\" \/>\n\t<meta property=\"og:image:type\" content=\"image\/jpeg\" \/>\n<meta name=\"author\" content=\"La Gu\u00eda de Pamplona\" \/>\n<meta name=\"twitter:card\" content=\"summary_large_image\" \/>\n<meta name=\"twitter:creator\" content=\"@LaGuiadPamplona\" \/>\n<meta name=\"twitter:site\" content=\"@LaGuiadPamplona\" \/>\n<meta name=\"twitter:label1\" content=\"Escrito por\" \/>\n\t<meta name=\"twitter:data1\" content=\"La Gu\u00eda de Pamplona\" \/>\n\t<meta name=\"twitter:label2\" content=\"Tiempo de lectura\" \/>\n\t<meta name=\"twitter:data2\" content=\"2 minutos\" \/>\n<script type=\"application\/ld+json\" class=\"yoast-schema-graph\">{\"@context\":\"https:\\\/\\\/schema.org\",\"@graph\":[{\"@type\":\"Article\",\"@id\":\"https:\\\/\\\/www.laguiadepamplona.com\\\/actualidad\\\/adjudicados-los-trabajos-de-derribo-de-las-edificaciones-de-la-vaqueria-de-oroz-en-la-entrada-sur-la-ciudad-que-se-preven-realizar-durante-el-otono\\\/#article\",\"isPartOf\":{\"@id\":\"https:\\\/\\\/www.laguiadepamplona.com\\\/actualidad\\\/adjudicados-los-trabajos-de-derribo-de-las-edificaciones-de-la-vaqueria-de-oroz-en-la-entrada-sur-la-ciudad-que-se-preven-realizar-durante-el-otono\\\/\"},\"author\":{\"name\":\"La Gu\u00eda de Pamplona\",\"@id\":\"https:\\\/\\\/www.laguiadepamplona.com\\\/actualidad\\\/#\\\/schema\\\/person\\\/efe887376f0213d4657c93adc50b1fdb\"},\"headline\":\"Adjudicados los trabajos de derribo de las edificaciones de la vaquer\u00eda de Oroz en la entrada sur la ciudad, que se prev\u00e9n realizar durante el oto\u00f1o\",\"datePublished\":\"2022-09-21T15:40:26+00:00\",\"dateModified\":\"2023-04-11T09:47:49+00:00\",\"mainEntityOfPage\":{\"@id\":\"https:\\\/\\\/www.laguiadepamplona.com\\\/actualidad\\\/adjudicados-los-trabajos-de-derribo-de-las-edificaciones-de-la-vaqueria-de-oroz-en-la-entrada-sur-la-ciudad-que-se-preven-realizar-durante-el-otono\\\/\"},\"wordCount\":331,\"commentCount\":0,\"publisher\":{\"@id\":\"https:\\\/\\\/www.laguiadepamplona.com\\\/actualidad\\\/#organization\"},\"image\":{\"@id\":\"https:\\\/\\\/www.laguiadepamplona.com\\\/actualidad\\\/adjudicados-los-trabajos-de-derribo-de-las-edificaciones-de-la-vaqueria-de-oroz-en-la-entrada-sur-la-ciudad-que-se-preven-realizar-durante-el-otono\\\/#primaryimage\"},\"thumbnailUrl\":\"https:\\\/\\\/www.laguiadepamplona.com\\\/actualidad\\\/wp-content\\\/uploads\\\/2022\\\/09\\\/vaqueria.jpg\",\"articleSection\":[\"Ayto Pamplona\"],\"inLanguage\":\"es\",\"potentialAction\":[{\"@type\":\"CommentAction\",\"name\":\"Comment\",\"target\":[\"https:\\\/\\\/www.laguiadepamplona.com\\\/actualidad\\\/adjudicados-los-trabajos-de-derribo-de-las-edificaciones-de-la-vaqueria-de-oroz-en-la-entrada-sur-la-ciudad-que-se-preven-realizar-durante-el-otono\\\/#respond\"]}]},{\"@type\":\"WebPage\",\"@id\":\"https:\\\/\\\/www.laguiadepamplona.com\\\/actualidad\\\/adjudicados-los-trabajos-de-derribo-de-las-edificaciones-de-la-vaqueria-de-oroz-en-la-entrada-sur-la-ciudad-que-se-preven-realizar-durante-el-otono\\\/\",\"url\":\"https:\\\/\\\/www.laguiadepamplona.com\\\/actualidad\\\/adjudicados-los-trabajos-de-derribo-de-las-edificaciones-de-la-vaqueria-de-oroz-en-la-entrada-sur-la-ciudad-que-se-preven-realizar-durante-el-otono\\\/\",\"name\":\"Adjudicados los trabajos de derribo de las edificaciones de la vaquer\u00eda de Oroz en la entrada sur la ciudad, que se prev\u00e9n realizar durante el oto\u00f1o\",\"isPartOf\":{\"@id\":\"https:\\\/\\\/www.laguiadepamplona.com\\\/actualidad\\\/#website\"},\"primaryImageOfPage\":{\"@id\":\"https:\\\/\\\/www.laguiadepamplona.com\\\/actualidad\\\/adjudicados-los-trabajos-de-derribo-de-las-edificaciones-de-la-vaqueria-de-oroz-en-la-entrada-sur-la-ciudad-que-se-preven-realizar-durante-el-otono\\\/#primaryimage\"},\"image\":{\"@id\":\"https:\\\/\\\/www.laguiadepamplona.com\\\/actualidad\\\/adjudicados-los-trabajos-de-derribo-de-las-edificaciones-de-la-vaqueria-de-oroz-en-la-entrada-sur-la-ciudad-que-se-preven-realizar-durante-el-otono\\\/#primaryimage\"},\"thumbnailUrl\":\"https:\\\/\\\/www.laguiadepamplona.com\\\/actualidad\\\/wp-content\\\/uploads\\\/2022\\\/09\\\/vaqueria.jpg\",\"datePublished\":\"2022-09-21T15:40:26+00:00\",\"dateModified\":\"2023-04-11T09:47:49+00:00\",\"description\":\"Estos derribos favorecer\u00e1n la continuidad del desarrollo de la urbanizaci\u00f3n de la zona de Azpilaga\u00f1a sur\",\"breadcrumb\":{\"@id\":\"https:\\\/\\\/www.laguiadepamplona.com\\\/actualidad\\\/adjudicados-los-trabajos-de-derribo-de-las-edificaciones-de-la-vaqueria-de-oroz-en-la-entrada-sur-la-ciudad-que-se-preven-realizar-durante-el-otono\\\/#breadcrumb\"},\"inLanguage\":\"es\",\"potentialAction\":[{\"@type\":\"ReadAction\",\"target\":[\"https:\\\/\\\/www.laguiadepamplona.com\\\/actualidad\\\/adjudicados-los-trabajos-de-derribo-de-las-edificaciones-de-la-vaqueria-de-oroz-en-la-entrada-sur-la-ciudad-que-se-preven-realizar-durante-el-otono\\\/\"]}]},{\"@type\":\"ImageObject\",\"inLanguage\":\"es\",\"@id\":\"https:\\\/\\\/www.laguiadepamplona.com\\\/actualidad\\\/adjudicados-los-trabajos-de-derribo-de-las-edificaciones-de-la-vaqueria-de-oroz-en-la-entrada-sur-la-ciudad-que-se-preven-realizar-durante-el-otono\\\/#primaryimage\",\"url\":\"https:\\\/\\\/www.laguiadepamplona.com\\\/actualidad\\\/wp-content\\\/uploads\\\/2022\\\/09\\\/vaqueria.jpg\",\"contentUrl\":\"https:\\\/\\\/www.laguiadepamplona.com\\\/actualidad\\\/wp-content\\\/uploads\\\/2022\\\/09\\\/vaqueria.jpg\",\"width\":676,\"height\":356},{\"@type\":\"BreadcrumbList\",\"@id\":\"https:\\\/\\\/www.laguiadepamplona.com\\\/actualidad\\\/adjudicados-los-trabajos-de-derribo-de-las-edificaciones-de-la-vaqueria-de-oroz-en-la-entrada-sur-la-ciudad-que-se-preven-realizar-durante-el-otono\\\/#breadcrumb\",\"itemListElement\":[{\"@type\":\"ListItem\",\"position\":1,\"name\":\"Portada\",\"item\":\"https:\\\/\\\/www.laguiadepamplona.com\\\/actualidad\\\/\"},{\"@type\":\"ListItem\",\"position\":2,\"name\":\"Adjudicados los trabajos de derribo de las edificaciones de la vaquer\u00eda de Oroz en la entrada sur la ciudad, que se prev\u00e9n realizar durante el oto\u00f1o\"}]},{\"@type\":\"WebSite\",\"@id\":\"https:\\\/\\\/www.laguiadepamplona.com\\\/actualidad\\\/#website\",\"url\":\"https:\\\/\\\/www.laguiadepamplona.com\\\/actualidad\\\/\",\"name\":\"La gu\u00eda de Pamplona\",\"description\":\"Noticias de Pamplona\",\"publisher\":{\"@id\":\"https:\\\/\\\/www.laguiadepamplona.com\\\/actualidad\\\/#organization\"},\"potentialAction\":[{\"@type\":\"SearchAction\",\"target\":{\"@type\":\"EntryPoint\",\"urlTemplate\":\"https:\\\/\\\/www.laguiadepamplona.com\\\/actualidad\\\/?s={search_term_string}\"},\"query-input\":{\"@type\":\"PropertyValueSpecification\",\"valueRequired\":true,\"valueName\":\"search_term_string\"}}],\"inLanguage\":\"es\"},{\"@type\":\"Organization\",\"@id\":\"https:\\\/\\\/www.laguiadepamplona.com\\\/actualidad\\\/#organization\",\"name\":\"La Gu\u00eda de Pamplona \\\/ Noticias\",\"url\":\"https:\\\/\\\/www.laguiadepamplona.com\\\/actualidad\\\/\",\"logo\":{\"@type\":\"ImageObject\",\"inLanguage\":\"es\",\"@id\":\"https:\\\/\\\/www.laguiadepamplona.com\\\/actualidad\\\/#\\\/schema\\\/logo\\\/image\\\/\",\"url\":\"https:\\\/\\\/www.laguiadepamplona.com\\\/actualidad\\\/wp-content\\\/uploads\\\/2018\\\/11\\\/logo-laguiadepamplona18-web1.png\",\"contentUrl\":\"https:\\\/\\\/www.laguiadepamplona.com\\\/actualidad\\\/wp-content\\\/uploads\\\/2018\\\/11\\\/logo-laguiadepamplona18-web1.png\",\"width\":600,\"height\":196,\"caption\":\"La Gu\u00eda de Pamplona \\\/ Noticias\"},\"image\":{\"@id\":\"https:\\\/\\\/www.laguiadepamplona.com\\\/actualidad\\\/#\\\/schema\\\/logo\\\/image\\\/\"},\"sameAs\":[\"https:\\\/\\\/www.facebook.com\\\/laguiadepamplonacom-133175176762273\\\/?ref=hl\",\"https:\\\/\\\/x.com\\\/LaGuiadPamplona\",\"https:\\\/\\\/www.instagram.com\\\/la_guia_de_pamplona\\\/\",\"https:\\\/\\\/www.youtube.com\\\/user\\\/laguiadepamplona\"]},{\"@type\":\"Person\",\"@id\":\"https:\\\/\\\/www.laguiadepamplona.com\\\/actualidad\\\/#\\\/schema\\\/person\\\/efe887376f0213d4657c93adc50b1fdb\",\"name\":\"La Gu\u00eda de Pamplona\",\"image\":{\"@type\":\"ImageObject\",\"inLanguage\":\"es\",\"@id\":\"https:\\\/\\\/secure.gravatar.com\\\/avatar\\\/b6992f131dc8d30ab0dff15446e9d346d9dbd95992de0fef795073f5ea83a81c?s=96&d=mm&r=g\",\"url\":\"https:\\\/\\\/secure.gravatar.com\\\/avatar\\\/b6992f131dc8d30ab0dff15446e9d346d9dbd95992de0fef795073f5ea83a81c?s=96&d=mm&r=g\",\"contentUrl\":\"https:\\\/\\\/secure.gravatar.com\\\/avatar\\\/b6992f131dc8d30ab0dff15446e9d346d9dbd95992de0fef795073f5ea83a81c?s=96&d=mm&r=g\",\"caption\":\"La Gu\u00eda de Pamplona\"}}]}<\/script>\n<!-- \/ Yoast SEO plugin. -->","yoast_head_json":{"title":"Adjudicados los trabajos de derribo de las edificaciones de la vaquer\u00eda de Oroz en la entrada sur la ciudad, que se prev\u00e9n realizar durante el oto\u00f1o","description":"Estos derribos favorecer\u00e1n la continuidad del desarrollo de la urbanizaci\u00f3n de la zona de Azpilaga\u00f1a sur","robots":{"index":"index","follow":"follow","max-snippet":"max-snippet:-1","max-image-preview":"max-image-preview:large","max-video-preview":"max-video-preview:-1"},"canonical":"https:\/\/www.laguiadepamplona.com\/actualidad\/adjudicados-los-trabajos-de-derribo-de-las-edificaciones-de-la-vaqueria-de-oroz-en-la-entrada-sur-la-ciudad-que-se-preven-realizar-durante-el-otono\/","og_locale":"es_ES","og_type":"article","og_title":"Adjudicados los trabajos de derribo de las edificaciones de la vaquer\u00eda de Oroz en la entrada sur la ciudad, que se prev\u00e9n realizar durante el oto\u00f1o","og_description":"Estos derribos favorecer\u00e1n la continuidad del desarrollo de la urbanizaci\u00f3n de la zona de Azpilaga\u00f1a sur","og_url":"https:\/\/www.laguiadepamplona.com\/actualidad\/adjudicados-los-trabajos-de-derribo-de-las-edificaciones-de-la-vaqueria-de-oroz-en-la-entrada-sur-la-ciudad-que-se-preven-realizar-durante-el-otono\/","og_site_name":"La Gu\u00eda de Pamplona","article_publisher":"https:\/\/www.facebook.com\/laguiadepamplonacom-133175176762273\/?ref=hl","article_published_time":"2022-09-21T15:40:26+00:00","article_modified_time":"2023-04-11T09:47:49+00:00","og_image":[{"width":676,"height":356,"url":"https:\/\/www.laguiadepamplona.com\/actualidad\/wp-content\/uploads\/2022\/09\/vaqueria.jpg","type":"image\/jpeg"}],"author":"La Gu\u00eda de Pamplona","twitter_card":"summary_large_image","twitter_creator":"@LaGuiadPamplona","twitter_site":"@LaGuiadPamplona","twitter_misc":{"Escrito por":"La Gu\u00eda de Pamplona","Tiempo de lectura":"2 minutos"},"schema":{"@context":"https:\/\/schema.org","@graph":[{"@type":"Article","@id":"https:\/\/www.laguiadepamplona.com\/actualidad\/adjudicados-los-trabajos-de-derribo-de-las-edificaciones-de-la-vaqueria-de-oroz-en-la-entrada-sur-la-ciudad-que-se-preven-realizar-durante-el-otono\/#article","isPartOf":{"@id":"https:\/\/www.laguiadepamplona.com\/actualidad\/adjudicados-los-trabajos-de-derribo-de-las-edificaciones-de-la-vaqueria-de-oroz-en-la-entrada-sur-la-ciudad-que-se-preven-realizar-durante-el-otono\/"},"author":{"name":"La Gu\u00eda de Pamplona","@id":"https:\/\/www.laguiadepamplona.com\/actualidad\/#\/schema\/person\/efe887376f0213d4657c93adc50b1fdb"},"headline":"Adjudicados los trabajos de derribo de las edificaciones de la vaquer\u00eda de Oroz en la entrada sur la ciudad, que se prev\u00e9n realizar durante el oto\u00f1o","datePublished":"2022-09-21T15:40:26+00:00","dateModified":"2023-04-11T09:47:49+00:00","mainEntityOfPage":{"@id":"https:\/\/www.laguiadepamplona.com\/actualidad\/adjudicados-los-trabajos-de-derribo-de-las-edificaciones-de-la-vaqueria-de-oroz-en-la-entrada-sur-la-ciudad-que-se-preven-realizar-durante-el-otono\/"},"wordCount":331,"commentCount":0,"publisher":{"@id":"https:\/\/www.laguiadepamplona.com\/actualidad\/#organization"},"image":{"@id":"https:\/\/www.laguiadepamplona.com\/actualidad\/adjudicados-los-trabajos-de-derribo-de-las-edificaciones-de-la-vaqueria-de-oroz-en-la-entrada-sur-la-ciudad-que-se-preven-realizar-durante-el-otono\/#primaryimage"},"thumbnailUrl":"https:\/\/www.laguiadepamplona.com\/actualidad\/wp-content\/uploads\/2022\/09\/vaqueria.jpg","articleSection":["Ayto Pamplona"],"inLanguage":"es","potentialAction":[{"@type":"CommentAction","name":"Comment","target":["https:\/\/www.laguiadepamplona.com\/actualidad\/adjudicados-los-trabajos-de-derribo-de-las-edificaciones-de-la-vaqueria-de-oroz-en-la-entrada-sur-la-ciudad-que-se-preven-realizar-durante-el-otono\/#respond"]}]},{"@type":"WebPage","@id":"https:\/\/www.laguiadepamplona.com\/actualidad\/adjudicados-los-trabajos-de-derribo-de-las-edificaciones-de-la-vaqueria-de-oroz-en-la-entrada-sur-la-ciudad-que-se-preven-realizar-durante-el-otono\/","url":"https:\/\/www.laguiadepamplona.com\/actualidad\/adjudicados-los-trabajos-de-derribo-de-las-edificaciones-de-la-vaqueria-de-oroz-en-la-entrada-sur-la-ciudad-que-se-preven-realizar-durante-el-otono\/","name":"Adjudicados los trabajos de derribo de las edificaciones de la vaquer\u00eda de Oroz en la entrada sur la ciudad, que se prev\u00e9n realizar durante el oto\u00f1o","isPartOf":{"@id":"https:\/\/www.laguiadepamplona.com\/actualidad\/#website"},"primaryImageOfPage":{"@id":"https:\/\/www.laguiadepamplona.com\/actualidad\/adjudicados-los-trabajos-de-derribo-de-las-edificaciones-de-la-vaqueria-de-oroz-en-la-entrada-sur-la-ciudad-que-se-preven-realizar-durante-el-otono\/#primaryimage"},"image":{"@id":"https:\/\/www.laguiadepamplona.com\/actualidad\/adjudicados-los-trabajos-de-derribo-de-las-edificaciones-de-la-vaqueria-de-oroz-en-la-entrada-sur-la-ciudad-que-se-preven-realizar-durante-el-otono\/#primaryimage"},"thumbnailUrl":"https:\/\/www.laguiadepamplona.com\/actualidad\/wp-content\/uploads\/2022\/09\/vaqueria.jpg","datePublished":"2022-09-21T15:40:26+00:00","dateModified":"2023-04-11T09:47:49+00:00","description":"Estos derribos favorecer\u00e1n la continuidad del desarrollo de la urbanizaci\u00f3n de la zona de Azpilaga\u00f1a sur","breadcrumb":{"@id":"https:\/\/www.laguiadepamplona.com\/actualidad\/adjudicados-los-trabajos-de-derribo-de-las-edificaciones-de-la-vaqueria-de-oroz-en-la-entrada-sur-la-ciudad-que-se-preven-realizar-durante-el-otono\/#breadcrumb"},"inLanguage":"es","potentialAction":[{"@type":"ReadAction","target":["https:\/\/www.laguiadepamplona.com\/actualidad\/adjudicados-los-trabajos-de-derribo-de-las-edificaciones-de-la-vaqueria-de-oroz-en-la-entrada-sur-la-ciudad-que-se-preven-realizar-durante-el-otono\/"]}]},{"@type":"ImageObject","inLanguage":"es","@id":"https:\/\/www.laguiadepamplona.com\/actualidad\/adjudicados-los-trabajos-de-derribo-de-las-edificaciones-de-la-vaqueria-de-oroz-en-la-entrada-sur-la-ciudad-que-se-preven-realizar-durante-el-otono\/#primaryimage","url":"https:\/\/www.laguiadepamplona.com\/actualidad\/wp-content\/uploads\/2022\/09\/vaqueria.jpg","contentUrl":"https:\/\/www.laguiadepamplona.com\/actualidad\/wp-content\/uploads\/2022\/09\/vaqueria.jpg","width":676,"height":356},{"@type":"BreadcrumbList","@id":"https:\/\/www.laguiadepamplona.com\/actualidad\/adjudicados-los-trabajos-de-derribo-de-las-edificaciones-de-la-vaqueria-de-oroz-en-la-entrada-sur-la-ciudad-que-se-preven-realizar-durante-el-otono\/#breadcrumb","itemListElement":[{"@type":"ListItem","position":1,"name":"Portada","item":"https:\/\/www.laguiadepamplona.com\/actualidad\/"},{"@type":"ListItem","position":2,"name":"Adjudicados los trabajos de derribo de las edificaciones de la vaquer\u00eda de Oroz en la entrada sur la ciudad, que se prev\u00e9n realizar durante el oto\u00f1o"}]},{"@type":"WebSite","@id":"https:\/\/www.laguiadepamplona.com\/actualidad\/#website","url":"https:\/\/www.laguiadepamplona.com\/actualidad\/","name":"La gu\u00eda de Pamplona","description":"Noticias de Pamplona","publisher":{"@id":"https:\/\/www.laguiadepamplona.com\/actualidad\/#organization"},"potentialAction":[{"@type":"SearchAction","target":{"@type":"EntryPoint","urlTemplate":"https:\/\/www.laguiadepamplona.com\/actualidad\/?s={search_term_string}"},"query-input":{"@type":"PropertyValueSpecification","valueRequired":true,"valueName":"search_term_string"}}],"inLanguage":"es"},{"@type":"Organization","@id":"https:\/\/www.laguiadepamplona.com\/actualidad\/#organization","name":"La Gu\u00eda de Pamplona \/ Noticias","url":"https:\/\/www.laguiadepamplona.com\/actualidad\/","logo":{"@type":"ImageObject","inLanguage":"es","@id":"https:\/\/www.laguiadepamplona.com\/actualidad\/#\/schema\/logo\/image\/","url":"https:\/\/www.laguiadepamplona.com\/actualidad\/wp-content\/uploads\/2018\/11\/logo-laguiadepamplona18-web1.png","contentUrl":"https:\/\/www.laguiadepamplona.com\/actualidad\/wp-content\/uploads\/2018\/11\/logo-laguiadepamplona18-web1.png","width":600,"height":196,"caption":"La Gu\u00eda de Pamplona \/ Noticias"},"image":{"@id":"https:\/\/www.laguiadepamplona.com\/actualidad\/#\/schema\/logo\/image\/"},"sameAs":["https:\/\/www.facebook.com\/laguiadepamplonacom-133175176762273\/?ref=hl","https:\/\/x.com\/LaGuiadPamplona","https:\/\/www.instagram.com\/la_guia_de_pamplona\/","https:\/\/www.youtube.com\/user\/laguiadepamplona"]},{"@type":"Person","@id":"https:\/\/www.laguiadepamplona.com\/actualidad\/#\/schema\/person\/efe887376f0213d4657c93adc50b1fdb","name":"La Gu\u00eda de Pamplona","image":{"@type":"ImageObject","inLanguage":"es","@id":"https:\/\/secure.gravatar.com\/avatar\/b6992f131dc8d30ab0dff15446e9d346d9dbd95992de0fef795073f5ea83a81c?s=96&d=mm&r=g","url":"https:\/\/secure.gravatar.com\/avatar\/b6992f131dc8d30ab0dff15446e9d346d9dbd95992de0fef795073f5ea83a81c?s=96&d=mm&r=g","contentUrl":"https:\/\/secure.gravatar.com\/avatar\/b6992f131dc8d30ab0dff15446e9d346d9dbd95992de0fef795073f5ea83a81c?s=96&d=mm&r=g","caption":"La Gu\u00eda de Pamplona"}}]}},"post_mailing_queue_ids":[],"_links":{"self":[{"href":"https:\/\/www.laguiadepamplona.com\/actualidad\/wp-json\/wp\/v2\/posts\/41643","targetHints":{"allow":["GET"]}}],"collection":[{"href":"https:\/\/www.laguiadepamplona.com\/actualidad\/wp-json\/wp\/v2\/posts"}],"about":[{"href":"https:\/\/www.laguiadepamplona.com\/actualidad\/wp-json\/wp\/v2\/types\/post"}],"author":[{"embeddable":true,"href":"https:\/\/www.laguiadepamplona.com\/actualidad\/wp-json\/wp\/v2\/users\/1"}],"replies":[{"embeddable":true,"href":"https:\/\/www.laguiadepamplona.com\/actualidad\/wp-json\/wp\/v2\/comments?post=41643"}],"version-history":[{"count":0,"href":"https:\/\/www.laguiadepamplona.com\/actualidad\/wp-json\/wp\/v2\/posts\/41643\/revisions"}],"wp:featuredmedia":[{"embeddable":true,"href":"https:\/\/www.laguiadepamplona.com\/actualidad\/wp-json\/wp\/v2\/media\/41644"}],"wp:attachment":[{"href":"https:\/\/www.laguiadepamplona.com\/actualidad\/wp-json\/wp\/v2\/media?parent=41643"}],"wp:term":[{"taxonomy":"category","embeddable":true,"href":"https:\/\/www.laguiadepamplona.com\/actualidad\/wp-json\/wp\/v2\/categories?post=41643"},{"taxonomy":"post_tag","embeddable":true,"href":"https:\/\/www.laguiadepamplona.com\/actualidad\/wp-json\/wp\/v2\/tags?post=41643"}],"curies":[{"name":"wp","href":"https:\/\/api.w.org\/{rel}","templated":true}]}}