{"id":41640,"date":"2022-09-21T11:56:18","date_gmt":"2022-09-21T09:56:18","guid":{"rendered":"https:\/\/www.laguiadepamplona.com\/actualidad\/?p=41640"},"modified":"2023-04-11T11:47:49","modified_gmt":"2023-04-11T09:47:49","slug":"el-alumnado-de-las-universidades-publicas-cuenta-desde-el-inicio-de-este-curso-con-17-kilometros-mas-de-carril-bici-conectando-con-sus-campus","status":"publish","type":"post","link":"https:\/\/www.laguiadepamplona.com\/actualidad\/el-alumnado-de-las-universidades-publicas-cuenta-desde-el-inicio-de-este-curso-con-17-kilometros-mas-de-carril-bici-conectando-con-sus-campus\/","title":{"rendered":"El alumnado de las universidades p\u00fablicas cuenta desde el inicio de este curso con 1,7 kil\u00f3metros m\u00e1s de carril bici conectando con sus campus"},"content":{"rendered":"<h5>La Comisi\u00f3n y la Gerencia del Urbanismo, con el alcalde a la cabeza, han visitado hoy el trazado del nuevo carril Tajonar-Sadar<\/h5>\n<p><!--more--><\/p>\n<p>El Ayuntamiento de Pamplona sigue ampliando la red de trazados disponibles para quienes usan la bicicleta como medio de transporte. En agosto se puso en funcionamiento de forma definitiva los 1,7 kil\u00f3metros de carril bidireccional segregado que conectan Milagrosa y Soto de Lezkairu con una zona de importantes equipamientos, entre ellos los campus de la Universidad P\u00fablica de Navarra y la Universidad Nacional de Educaci\u00f3n a Distancia, pero tambi\u00e9n grandes infraestructuras como el estadio del Sadar, el Pabell\u00f3n Reino Arena o el, polideportivo de la UPNA.<br \/>\n<script async src=\"\/\/pagead2.googlesyndication.com\/pagead\/js\/adsbygoogle.js\"><\/script><br \/>\n<!-- Noticias La Guia de Pamplona --><br \/>\n<ins class=\"adsbygoogle\"\nstyle=\"display:block\"\ndata-ad-client=\"ca-pub-6943679897239327\"\ndata-ad-slot=\"7048180777\"\ndata-ad-format=\"auto\"><\/ins><br \/>\n<script>\n(adsbygoogle = window.adsbygoogle || []).push({});\n<\/script><\/p>\n<p>La Comisi\u00f3n y la Gerencia del Urbanismo, con el alcalde Enrique Maya a la cabeza, han estado hoy comprobando el acabado de este trazado ciclable que discurre por las calles Tajonar y Sadar y la avenida de Catalu\u00f1a. La ejecuci\u00f3n de esta infraestructura ha sido financiada con fondos Next Generation EU, dentro del Plan de Recuperaci\u00f3n, Transformaci\u00f3n y Resiliencia del Gobierno de Espa\u00f1a. Este carril mejora la conexi\u00f3n ciclista entre los barrios del Soto de Lezkairu y Milagrosa-Arrosad\u00eda y la de toda la ciudad hacia los importantes equipamientos ubicados al Sur de Pamplona. Para la incorporaci\u00f3n del carril en el viario ya existente, en las obras ha sido necesario reordenar parcialmente entorno urbano realizando trabajos de pavimentaci\u00f3n y ampliaci\u00f3n de aceras, creando pasos peatonales y ciclistas, construyendo paradas avanzadas para las villavesas y, en algunos tramos, reduciendo el ancho de la calzada destinada al tr\u00e1fico rodado.<\/p>\n<p>Esta nueva infraestructura, adem\u00e1s de buscar un calmado del tr\u00e1fico de la zona, presentar\u00e1n un importante uso, ya que ese entorno soporta grandes movimientos de personas. En ese espacio, tanto en el Aulario de la UPNA, como en el entorno Tajonar\/avenida de Catalu\u00f1a hay dos bases de bicicletas el\u00e9ctricas de uso p\u00fablico que, entre enero y agosto, han sumado m\u00e1s de 32.500 usos. Y la movilidad ciclable con veh\u00edculo propio se apoya, asimismo, en esa \u00e1rea, con 222 plazas de aparcamiento de bicicletas, 15 ubicaciones en un entorno de 250 metros.<\/p>\n<p>Todas estas actuaciones se enmarcan en la estrategia Go Green Pamplona, que engloba las acciones que se desarrollan en la ciudad en materia de cambio clim\u00e1tico y transici\u00f3n energ\u00e9tica. El cambio hacia un modelo de movilidad m\u00e1s sostenible es parte del esfuerzo que est\u00e1 realizando Pamplona frente al cambio clim\u00e1tico.<br \/>\n<script async src=\"\/\/pagead2.googlesyndication.com\/pagead\/js\/adsbygoogle.js\"><\/script><br \/>\n<!-- Noticias La Guia de Pamplona --><br \/>\n<ins class=\"adsbygoogle\"\nstyle=\"display:block\"\ndata-ad-client=\"ca-pub-6943679897239327\"\ndata-ad-slot=\"7048180777\"\ndata-ad-format=\"auto\"><\/ins><br \/>\n<script>\n(adsbygoogle = window.adsbygoogle || []).push({});\n<\/script><\/p>\n<p>&nbsp;<\/p>\n<h3>El carril bici Tajonar-Sadar<\/h3>\n<p><strong>Esta nueva v\u00eda ciclable conecta Milagrosa con Soto de Lezkairu<\/strong><\/p>\n<ul>\n<li>Se inicia en la rotonda de la calle Tajonar con la avenida Catalu\u00f1a hasta El Sario<\/li>\n<li>En el Sario conecta con el carril bici del tramo de la calle Sadar que transcurre por el Soto de Lezkairu,<\/li>\n<li>Luego encauza el tramo de la calle Sadar que bordea el campus de Arrosad\u00eda<\/li>\n<li>Vuelve a recorrer la avenida Catalu\u00f1a, en este caso hasta la rotonda en la que confluyen la calle Pablo Anto\u00f1ana y Fernando Remacha.<\/li>\n<\/ul>\n","protected":false},"excerpt":{"rendered":"<p>La Comisi\u00f3n y la Gerencia del Urbanismo, con el alcalde a la cabeza, han visitado hoy el trazado del nuevo carril Tajonar-Sadar<\/p>\n","protected":false},"author":1,"featured_media":41641,"comment_status":"open","ping_status":"closed","sticky":false,"template":"","format":"standard","meta":{"footnotes":""},"categories":[2],"tags":[],"class_list":["post-41640","post","type-post","status-publish","format-standard","has-post-thumbnail","hentry","category-ayuntamiento-pamplona"],"yoast_head":"<!-- This site is optimized with the Yoast SEO plugin v27.3 - https:\/\/yoast.com\/product\/yoast-seo-wordpress\/ -->\n<title>El alumnado de las universidades p\u00fablicas cuenta desde el inicio de este curso con 1,7 kil\u00f3metros m\u00e1s de carril bici conectando con sus campus<\/title>\n<meta name=\"description\" content=\"La Comisi\u00f3n y la Gerencia del Urbanismo, con el alcalde a la cabeza, han visitado hoy el trazado del nuevo carril Tajonar-Sadar\" \/>\n<meta name=\"robots\" content=\"index, follow, max-snippet:-1, max-image-preview:large, max-video-preview:-1\" \/>\n<link rel=\"canonical\" href=\"https:\/\/www.laguiadepamplona.com\/actualidad\/el-alumnado-de-las-universidades-publicas-cuenta-desde-el-inicio-de-este-curso-con-17-kilometros-mas-de-carril-bici-conectando-con-sus-campus\/\" \/>\n<meta property=\"og:locale\" content=\"es_ES\" \/>\n<meta property=\"og:type\" content=\"article\" \/>\n<meta property=\"og:title\" content=\"El alumnado de las universidades p\u00fablicas cuenta desde el inicio de este curso con 1,7 kil\u00f3metros m\u00e1s de carril bici conectando con sus campus\" \/>\n<meta property=\"og:description\" content=\"La Comisi\u00f3n y la Gerencia del Urbanismo, con el alcalde a la cabeza, han visitado hoy el trazado del nuevo carril Tajonar-Sadar\" \/>\n<meta property=\"og:url\" content=\"https:\/\/www.laguiadepamplona.com\/actualidad\/el-alumnado-de-las-universidades-publicas-cuenta-desde-el-inicio-de-este-curso-con-17-kilometros-mas-de-carril-bici-conectando-con-sus-campus\/\" \/>\n<meta property=\"og:site_name\" content=\"La Gu\u00eda de Pamplona\" \/>\n<meta property=\"article:publisher\" content=\"https:\/\/www.facebook.com\/laguiadepamplonacom-133175176762273\/?ref=hl\" \/>\n<meta property=\"article:published_time\" content=\"2022-09-21T09:56:18+00:00\" \/>\n<meta property=\"article:modified_time\" content=\"2023-04-11T09:47:49+00:00\" \/>\n<meta property=\"og:image\" content=\"https:\/\/www.laguiadepamplona.com\/actualidad\/wp-content\/uploads\/2022\/09\/q5a0234carril-bici-upna-22-09-21.webp\" \/>\n\t<meta property=\"og:image:width\" content=\"1920\" \/>\n\t<meta property=\"og:image:height\" content=\"1281\" \/>\n\t<meta property=\"og:image:type\" content=\"image\/webp\" \/>\n<meta name=\"author\" content=\"La Gu\u00eda de Pamplona\" \/>\n<meta name=\"twitter:card\" content=\"summary_large_image\" \/>\n<meta name=\"twitter:creator\" content=\"@LaGuiadPamplona\" \/>\n<meta name=\"twitter:site\" content=\"@LaGuiadPamplona\" \/>\n<meta name=\"twitter:label1\" content=\"Escrito por\" \/>\n\t<meta name=\"twitter:data1\" content=\"La Gu\u00eda de Pamplona\" \/>\n\t<meta name=\"twitter:label2\" content=\"Tiempo de lectura\" \/>\n\t<meta name=\"twitter:data2\" content=\"3 minutos\" \/>\n<script type=\"application\/ld+json\" class=\"yoast-schema-graph\">{\"@context\":\"https:\\\/\\\/schema.org\",\"@graph\":[{\"@type\":\"Article\",\"@id\":\"https:\\\/\\\/www.laguiadepamplona.com\\\/actualidad\\\/el-alumnado-de-las-universidades-publicas-cuenta-desde-el-inicio-de-este-curso-con-17-kilometros-mas-de-carril-bici-conectando-con-sus-campus\\\/#article\",\"isPartOf\":{\"@id\":\"https:\\\/\\\/www.laguiadepamplona.com\\\/actualidad\\\/el-alumnado-de-las-universidades-publicas-cuenta-desde-el-inicio-de-este-curso-con-17-kilometros-mas-de-carril-bici-conectando-con-sus-campus\\\/\"},\"author\":{\"name\":\"La Gu\u00eda de Pamplona\",\"@id\":\"https:\\\/\\\/www.laguiadepamplona.com\\\/actualidad\\\/#\\\/schema\\\/person\\\/efe887376f0213d4657c93adc50b1fdb\"},\"headline\":\"El alumnado de las universidades p\u00fablicas cuenta desde el inicio de este curso con 1,7 kil\u00f3metros m\u00e1s de carril bici conectando con sus campus\",\"datePublished\":\"2022-09-21T09:56:18+00:00\",\"dateModified\":\"2023-04-11T09:47:49+00:00\",\"mainEntityOfPage\":{\"@id\":\"https:\\\/\\\/www.laguiadepamplona.com\\\/actualidad\\\/el-alumnado-de-las-universidades-publicas-cuenta-desde-el-inicio-de-este-curso-con-17-kilometros-mas-de-carril-bici-conectando-con-sus-campus\\\/\"},\"wordCount\":542,\"commentCount\":0,\"publisher\":{\"@id\":\"https:\\\/\\\/www.laguiadepamplona.com\\\/actualidad\\\/#organization\"},\"image\":{\"@id\":\"https:\\\/\\\/www.laguiadepamplona.com\\\/actualidad\\\/el-alumnado-de-las-universidades-publicas-cuenta-desde-el-inicio-de-este-curso-con-17-kilometros-mas-de-carril-bici-conectando-con-sus-campus\\\/#primaryimage\"},\"thumbnailUrl\":\"https:\\\/\\\/www.laguiadepamplona.com\\\/actualidad\\\/wp-content\\\/uploads\\\/2022\\\/09\\\/q5a0234carril-bici-upna-22-09-21.webp\",\"articleSection\":[\"Ayto Pamplona\"],\"inLanguage\":\"es\",\"potentialAction\":[{\"@type\":\"CommentAction\",\"name\":\"Comment\",\"target\":[\"https:\\\/\\\/www.laguiadepamplona.com\\\/actualidad\\\/el-alumnado-de-las-universidades-publicas-cuenta-desde-el-inicio-de-este-curso-con-17-kilometros-mas-de-carril-bici-conectando-con-sus-campus\\\/#respond\"]}]},{\"@type\":\"WebPage\",\"@id\":\"https:\\\/\\\/www.laguiadepamplona.com\\\/actualidad\\\/el-alumnado-de-las-universidades-publicas-cuenta-desde-el-inicio-de-este-curso-con-17-kilometros-mas-de-carril-bici-conectando-con-sus-campus\\\/\",\"url\":\"https:\\\/\\\/www.laguiadepamplona.com\\\/actualidad\\\/el-alumnado-de-las-universidades-publicas-cuenta-desde-el-inicio-de-este-curso-con-17-kilometros-mas-de-carril-bici-conectando-con-sus-campus\\\/\",\"name\":\"El alumnado de las universidades p\u00fablicas cuenta desde el inicio de este curso con 1,7 kil\u00f3metros m\u00e1s de carril bici conectando con sus campus\",\"isPartOf\":{\"@id\":\"https:\\\/\\\/www.laguiadepamplona.com\\\/actualidad\\\/#website\"},\"primaryImageOfPage\":{\"@id\":\"https:\\\/\\\/www.laguiadepamplona.com\\\/actualidad\\\/el-alumnado-de-las-universidades-publicas-cuenta-desde-el-inicio-de-este-curso-con-17-kilometros-mas-de-carril-bici-conectando-con-sus-campus\\\/#primaryimage\"},\"image\":{\"@id\":\"https:\\\/\\\/www.laguiadepamplona.com\\\/actualidad\\\/el-alumnado-de-las-universidades-publicas-cuenta-desde-el-inicio-de-este-curso-con-17-kilometros-mas-de-carril-bici-conectando-con-sus-campus\\\/#primaryimage\"},\"thumbnailUrl\":\"https:\\\/\\\/www.laguiadepamplona.com\\\/actualidad\\\/wp-content\\\/uploads\\\/2022\\\/09\\\/q5a0234carril-bici-upna-22-09-21.webp\",\"datePublished\":\"2022-09-21T09:56:18+00:00\",\"dateModified\":\"2023-04-11T09:47:49+00:00\",\"description\":\"La Comisi\u00f3n y la Gerencia del Urbanismo, con el alcalde a la cabeza, han visitado hoy el trazado del nuevo carril Tajonar-Sadar\",\"breadcrumb\":{\"@id\":\"https:\\\/\\\/www.laguiadepamplona.com\\\/actualidad\\\/el-alumnado-de-las-universidades-publicas-cuenta-desde-el-inicio-de-este-curso-con-17-kilometros-mas-de-carril-bici-conectando-con-sus-campus\\\/#breadcrumb\"},\"inLanguage\":\"es\",\"potentialAction\":[{\"@type\":\"ReadAction\",\"target\":[\"https:\\\/\\\/www.laguiadepamplona.com\\\/actualidad\\\/el-alumnado-de-las-universidades-publicas-cuenta-desde-el-inicio-de-este-curso-con-17-kilometros-mas-de-carril-bici-conectando-con-sus-campus\\\/\"]}]},{\"@type\":\"ImageObject\",\"inLanguage\":\"es\",\"@id\":\"https:\\\/\\\/www.laguiadepamplona.com\\\/actualidad\\\/el-alumnado-de-las-universidades-publicas-cuenta-desde-el-inicio-de-este-curso-con-17-kilometros-mas-de-carril-bici-conectando-con-sus-campus\\\/#primaryimage\",\"url\":\"https:\\\/\\\/www.laguiadepamplona.com\\\/actualidad\\\/wp-content\\\/uploads\\\/2022\\\/09\\\/q5a0234carril-bici-upna-22-09-21.webp\",\"contentUrl\":\"https:\\\/\\\/www.laguiadepamplona.com\\\/actualidad\\\/wp-content\\\/uploads\\\/2022\\\/09\\\/q5a0234carril-bici-upna-22-09-21.webp\",\"width\":1920,\"height\":1281},{\"@type\":\"BreadcrumbList\",\"@id\":\"https:\\\/\\\/www.laguiadepamplona.com\\\/actualidad\\\/el-alumnado-de-las-universidades-publicas-cuenta-desde-el-inicio-de-este-curso-con-17-kilometros-mas-de-carril-bici-conectando-con-sus-campus\\\/#breadcrumb\",\"itemListElement\":[{\"@type\":\"ListItem\",\"position\":1,\"name\":\"Portada\",\"item\":\"https:\\\/\\\/www.laguiadepamplona.com\\\/actualidad\\\/\"},{\"@type\":\"ListItem\",\"position\":2,\"name\":\"El alumnado de las universidades p\u00fablicas cuenta desde el inicio de este curso con 1,7 kil\u00f3metros m\u00e1s de carril bici conectando con sus campus\"}]},{\"@type\":\"WebSite\",\"@id\":\"https:\\\/\\\/www.laguiadepamplona.com\\\/actualidad\\\/#website\",\"url\":\"https:\\\/\\\/www.laguiadepamplona.com\\\/actualidad\\\/\",\"name\":\"La gu\u00eda de Pamplona\",\"description\":\"Noticias de Pamplona\",\"publisher\":{\"@id\":\"https:\\\/\\\/www.laguiadepamplona.com\\\/actualidad\\\/#organization\"},\"potentialAction\":[{\"@type\":\"SearchAction\",\"target\":{\"@type\":\"EntryPoint\",\"urlTemplate\":\"https:\\\/\\\/www.laguiadepamplona.com\\\/actualidad\\\/?s={search_term_string}\"},\"query-input\":{\"@type\":\"PropertyValueSpecification\",\"valueRequired\":true,\"valueName\":\"search_term_string\"}}],\"inLanguage\":\"es\"},{\"@type\":\"Organization\",\"@id\":\"https:\\\/\\\/www.laguiadepamplona.com\\\/actualidad\\\/#organization\",\"name\":\"La Gu\u00eda de Pamplona \\\/ Noticias\",\"url\":\"https:\\\/\\\/www.laguiadepamplona.com\\\/actualidad\\\/\",\"logo\":{\"@type\":\"ImageObject\",\"inLanguage\":\"es\",\"@id\":\"https:\\\/\\\/www.laguiadepamplona.com\\\/actualidad\\\/#\\\/schema\\\/logo\\\/image\\\/\",\"url\":\"https:\\\/\\\/www.laguiadepamplona.com\\\/actualidad\\\/wp-content\\\/uploads\\\/2018\\\/11\\\/logo-laguiadepamplona18-web1.png\",\"contentUrl\":\"https:\\\/\\\/www.laguiadepamplona.com\\\/actualidad\\\/wp-content\\\/uploads\\\/2018\\\/11\\\/logo-laguiadepamplona18-web1.png\",\"width\":600,\"height\":196,\"caption\":\"La Gu\u00eda de Pamplona \\\/ Noticias\"},\"image\":{\"@id\":\"https:\\\/\\\/www.laguiadepamplona.com\\\/actualidad\\\/#\\\/schema\\\/logo\\\/image\\\/\"},\"sameAs\":[\"https:\\\/\\\/www.facebook.com\\\/laguiadepamplonacom-133175176762273\\\/?ref=hl\",\"https:\\\/\\\/x.com\\\/LaGuiadPamplona\",\"https:\\\/\\\/www.instagram.com\\\/la_guia_de_pamplona\\\/\",\"https:\\\/\\\/www.youtube.com\\\/user\\\/laguiadepamplona\"]},{\"@type\":\"Person\",\"@id\":\"https:\\\/\\\/www.laguiadepamplona.com\\\/actualidad\\\/#\\\/schema\\\/person\\\/efe887376f0213d4657c93adc50b1fdb\",\"name\":\"La Gu\u00eda de Pamplona\",\"image\":{\"@type\":\"ImageObject\",\"inLanguage\":\"es\",\"@id\":\"https:\\\/\\\/secure.gravatar.com\\\/avatar\\\/b6992f131dc8d30ab0dff15446e9d346d9dbd95992de0fef795073f5ea83a81c?s=96&d=mm&r=g\",\"url\":\"https:\\\/\\\/secure.gravatar.com\\\/avatar\\\/b6992f131dc8d30ab0dff15446e9d346d9dbd95992de0fef795073f5ea83a81c?s=96&d=mm&r=g\",\"contentUrl\":\"https:\\\/\\\/secure.gravatar.com\\\/avatar\\\/b6992f131dc8d30ab0dff15446e9d346d9dbd95992de0fef795073f5ea83a81c?s=96&d=mm&r=g\",\"caption\":\"La Gu\u00eda de Pamplona\"}}]}<\/script>\n<!-- \/ Yoast SEO plugin. -->","yoast_head_json":{"title":"El alumnado de las universidades p\u00fablicas cuenta desde el inicio de este curso con 1,7 kil\u00f3metros m\u00e1s de carril bici conectando con sus campus","description":"La Comisi\u00f3n y la Gerencia del Urbanismo, con el alcalde a la cabeza, han visitado hoy el trazado del nuevo carril Tajonar-Sadar","robots":{"index":"index","follow":"follow","max-snippet":"max-snippet:-1","max-image-preview":"max-image-preview:large","max-video-preview":"max-video-preview:-1"},"canonical":"https:\/\/www.laguiadepamplona.com\/actualidad\/el-alumnado-de-las-universidades-publicas-cuenta-desde-el-inicio-de-este-curso-con-17-kilometros-mas-de-carril-bici-conectando-con-sus-campus\/","og_locale":"es_ES","og_type":"article","og_title":"El alumnado de las universidades p\u00fablicas cuenta desde el inicio de este curso con 1,7 kil\u00f3metros m\u00e1s de carril bici conectando con sus campus","og_description":"La Comisi\u00f3n y la Gerencia del Urbanismo, con el alcalde a la cabeza, han visitado hoy el trazado del nuevo carril Tajonar-Sadar","og_url":"https:\/\/www.laguiadepamplona.com\/actualidad\/el-alumnado-de-las-universidades-publicas-cuenta-desde-el-inicio-de-este-curso-con-17-kilometros-mas-de-carril-bici-conectando-con-sus-campus\/","og_site_name":"La Gu\u00eda de Pamplona","article_publisher":"https:\/\/www.facebook.com\/laguiadepamplonacom-133175176762273\/?ref=hl","article_published_time":"2022-09-21T09:56:18+00:00","article_modified_time":"2023-04-11T09:47:49+00:00","og_image":[{"width":1920,"height":1281,"url":"https:\/\/www.laguiadepamplona.com\/actualidad\/wp-content\/uploads\/2022\/09\/q5a0234carril-bici-upna-22-09-21.webp","type":"image\/webp"}],"author":"La Gu\u00eda de Pamplona","twitter_card":"summary_large_image","twitter_creator":"@LaGuiadPamplona","twitter_site":"@LaGuiadPamplona","twitter_misc":{"Escrito por":"La Gu\u00eda de Pamplona","Tiempo de lectura":"3 minutos"},"schema":{"@context":"https:\/\/schema.org","@graph":[{"@type":"Article","@id":"https:\/\/www.laguiadepamplona.com\/actualidad\/el-alumnado-de-las-universidades-publicas-cuenta-desde-el-inicio-de-este-curso-con-17-kilometros-mas-de-carril-bici-conectando-con-sus-campus\/#article","isPartOf":{"@id":"https:\/\/www.laguiadepamplona.com\/actualidad\/el-alumnado-de-las-universidades-publicas-cuenta-desde-el-inicio-de-este-curso-con-17-kilometros-mas-de-carril-bici-conectando-con-sus-campus\/"},"author":{"name":"La Gu\u00eda de Pamplona","@id":"https:\/\/www.laguiadepamplona.com\/actualidad\/#\/schema\/person\/efe887376f0213d4657c93adc50b1fdb"},"headline":"El alumnado de las universidades p\u00fablicas cuenta desde el inicio de este curso con 1,7 kil\u00f3metros m\u00e1s de carril bici conectando con sus campus","datePublished":"2022-09-21T09:56:18+00:00","dateModified":"2023-04-11T09:47:49+00:00","mainEntityOfPage":{"@id":"https:\/\/www.laguiadepamplona.com\/actualidad\/el-alumnado-de-las-universidades-publicas-cuenta-desde-el-inicio-de-este-curso-con-17-kilometros-mas-de-carril-bici-conectando-con-sus-campus\/"},"wordCount":542,"commentCount":0,"publisher":{"@id":"https:\/\/www.laguiadepamplona.com\/actualidad\/#organization"},"image":{"@id":"https:\/\/www.laguiadepamplona.com\/actualidad\/el-alumnado-de-las-universidades-publicas-cuenta-desde-el-inicio-de-este-curso-con-17-kilometros-mas-de-carril-bici-conectando-con-sus-campus\/#primaryimage"},"thumbnailUrl":"https:\/\/www.laguiadepamplona.com\/actualidad\/wp-content\/uploads\/2022\/09\/q5a0234carril-bici-upna-22-09-21.webp","articleSection":["Ayto Pamplona"],"inLanguage":"es","potentialAction":[{"@type":"CommentAction","name":"Comment","target":["https:\/\/www.laguiadepamplona.com\/actualidad\/el-alumnado-de-las-universidades-publicas-cuenta-desde-el-inicio-de-este-curso-con-17-kilometros-mas-de-carril-bici-conectando-con-sus-campus\/#respond"]}]},{"@type":"WebPage","@id":"https:\/\/www.laguiadepamplona.com\/actualidad\/el-alumnado-de-las-universidades-publicas-cuenta-desde-el-inicio-de-este-curso-con-17-kilometros-mas-de-carril-bici-conectando-con-sus-campus\/","url":"https:\/\/www.laguiadepamplona.com\/actualidad\/el-alumnado-de-las-universidades-publicas-cuenta-desde-el-inicio-de-este-curso-con-17-kilometros-mas-de-carril-bici-conectando-con-sus-campus\/","name":"El alumnado de las universidades p\u00fablicas cuenta desde el inicio de este curso con 1,7 kil\u00f3metros m\u00e1s de carril bici conectando con sus campus","isPartOf":{"@id":"https:\/\/www.laguiadepamplona.com\/actualidad\/#website"},"primaryImageOfPage":{"@id":"https:\/\/www.laguiadepamplona.com\/actualidad\/el-alumnado-de-las-universidades-publicas-cuenta-desde-el-inicio-de-este-curso-con-17-kilometros-mas-de-carril-bici-conectando-con-sus-campus\/#primaryimage"},"image":{"@id":"https:\/\/www.laguiadepamplona.com\/actualidad\/el-alumnado-de-las-universidades-publicas-cuenta-desde-el-inicio-de-este-curso-con-17-kilometros-mas-de-carril-bici-conectando-con-sus-campus\/#primaryimage"},"thumbnailUrl":"https:\/\/www.laguiadepamplona.com\/actualidad\/wp-content\/uploads\/2022\/09\/q5a0234carril-bici-upna-22-09-21.webp","datePublished":"2022-09-21T09:56:18+00:00","dateModified":"2023-04-11T09:47:49+00:00","description":"La Comisi\u00f3n y la Gerencia del Urbanismo, con el alcalde a la cabeza, han visitado hoy el trazado del nuevo carril Tajonar-Sadar","breadcrumb":{"@id":"https:\/\/www.laguiadepamplona.com\/actualidad\/el-alumnado-de-las-universidades-publicas-cuenta-desde-el-inicio-de-este-curso-con-17-kilometros-mas-de-carril-bici-conectando-con-sus-campus\/#breadcrumb"},"inLanguage":"es","potentialAction":[{"@type":"ReadAction","target":["https:\/\/www.laguiadepamplona.com\/actualidad\/el-alumnado-de-las-universidades-publicas-cuenta-desde-el-inicio-de-este-curso-con-17-kilometros-mas-de-carril-bici-conectando-con-sus-campus\/"]}]},{"@type":"ImageObject","inLanguage":"es","@id":"https:\/\/www.laguiadepamplona.com\/actualidad\/el-alumnado-de-las-universidades-publicas-cuenta-desde-el-inicio-de-este-curso-con-17-kilometros-mas-de-carril-bici-conectando-con-sus-campus\/#primaryimage","url":"https:\/\/www.laguiadepamplona.com\/actualidad\/wp-content\/uploads\/2022\/09\/q5a0234carril-bici-upna-22-09-21.webp","contentUrl":"https:\/\/www.laguiadepamplona.com\/actualidad\/wp-content\/uploads\/2022\/09\/q5a0234carril-bici-upna-22-09-21.webp","width":1920,"height":1281},{"@type":"BreadcrumbList","@id":"https:\/\/www.laguiadepamplona.com\/actualidad\/el-alumnado-de-las-universidades-publicas-cuenta-desde-el-inicio-de-este-curso-con-17-kilometros-mas-de-carril-bici-conectando-con-sus-campus\/#breadcrumb","itemListElement":[{"@type":"ListItem","position":1,"name":"Portada","item":"https:\/\/www.laguiadepamplona.com\/actualidad\/"},{"@type":"ListItem","position":2,"name":"El alumnado de las universidades p\u00fablicas cuenta desde el inicio de este curso con 1,7 kil\u00f3metros m\u00e1s de carril bici conectando con sus campus"}]},{"@type":"WebSite","@id":"https:\/\/www.laguiadepamplona.com\/actualidad\/#website","url":"https:\/\/www.laguiadepamplona.com\/actualidad\/","name":"La gu\u00eda de Pamplona","description":"Noticias de Pamplona","publisher":{"@id":"https:\/\/www.laguiadepamplona.com\/actualidad\/#organization"},"potentialAction":[{"@type":"SearchAction","target":{"@type":"EntryPoint","urlTemplate":"https:\/\/www.laguiadepamplona.com\/actualidad\/?s={search_term_string}"},"query-input":{"@type":"PropertyValueSpecification","valueRequired":true,"valueName":"search_term_string"}}],"inLanguage":"es"},{"@type":"Organization","@id":"https:\/\/www.laguiadepamplona.com\/actualidad\/#organization","name":"La Gu\u00eda de Pamplona \/ Noticias","url":"https:\/\/www.laguiadepamplona.com\/actualidad\/","logo":{"@type":"ImageObject","inLanguage":"es","@id":"https:\/\/www.laguiadepamplona.com\/actualidad\/#\/schema\/logo\/image\/","url":"https:\/\/www.laguiadepamplona.com\/actualidad\/wp-content\/uploads\/2018\/11\/logo-laguiadepamplona18-web1.png","contentUrl":"https:\/\/www.laguiadepamplona.com\/actualidad\/wp-content\/uploads\/2018\/11\/logo-laguiadepamplona18-web1.png","width":600,"height":196,"caption":"La Gu\u00eda de Pamplona \/ Noticias"},"image":{"@id":"https:\/\/www.laguiadepamplona.com\/actualidad\/#\/schema\/logo\/image\/"},"sameAs":["https:\/\/www.facebook.com\/laguiadepamplonacom-133175176762273\/?ref=hl","https:\/\/x.com\/LaGuiadPamplona","https:\/\/www.instagram.com\/la_guia_de_pamplona\/","https:\/\/www.youtube.com\/user\/laguiadepamplona"]},{"@type":"Person","@id":"https:\/\/www.laguiadepamplona.com\/actualidad\/#\/schema\/person\/efe887376f0213d4657c93adc50b1fdb","name":"La Gu\u00eda de Pamplona","image":{"@type":"ImageObject","inLanguage":"es","@id":"https:\/\/secure.gravatar.com\/avatar\/b6992f131dc8d30ab0dff15446e9d346d9dbd95992de0fef795073f5ea83a81c?s=96&d=mm&r=g","url":"https:\/\/secure.gravatar.com\/avatar\/b6992f131dc8d30ab0dff15446e9d346d9dbd95992de0fef795073f5ea83a81c?s=96&d=mm&r=g","contentUrl":"https:\/\/secure.gravatar.com\/avatar\/b6992f131dc8d30ab0dff15446e9d346d9dbd95992de0fef795073f5ea83a81c?s=96&d=mm&r=g","caption":"La Gu\u00eda de Pamplona"}}]}},"post_mailing_queue_ids":[],"_links":{"self":[{"href":"https:\/\/www.laguiadepamplona.com\/actualidad\/wp-json\/wp\/v2\/posts\/41640","targetHints":{"allow":["GET"]}}],"collection":[{"href":"https:\/\/www.laguiadepamplona.com\/actualidad\/wp-json\/wp\/v2\/posts"}],"about":[{"href":"https:\/\/www.laguiadepamplona.com\/actualidad\/wp-json\/wp\/v2\/types\/post"}],"author":[{"embeddable":true,"href":"https:\/\/www.laguiadepamplona.com\/actualidad\/wp-json\/wp\/v2\/users\/1"}],"replies":[{"embeddable":true,"href":"https:\/\/www.laguiadepamplona.com\/actualidad\/wp-json\/wp\/v2\/comments?post=41640"}],"version-history":[{"count":0,"href":"https:\/\/www.laguiadepamplona.com\/actualidad\/wp-json\/wp\/v2\/posts\/41640\/revisions"}],"wp:featuredmedia":[{"embeddable":true,"href":"https:\/\/www.laguiadepamplona.com\/actualidad\/wp-json\/wp\/v2\/media\/41641"}],"wp:attachment":[{"href":"https:\/\/www.laguiadepamplona.com\/actualidad\/wp-json\/wp\/v2\/media?parent=41640"}],"wp:term":[{"taxonomy":"category","embeddable":true,"href":"https:\/\/www.laguiadepamplona.com\/actualidad\/wp-json\/wp\/v2\/categories?post=41640"},{"taxonomy":"post_tag","embeddable":true,"href":"https:\/\/www.laguiadepamplona.com\/actualidad\/wp-json\/wp\/v2\/tags?post=41640"}],"curies":[{"name":"wp","href":"https:\/\/api.w.org\/{rel}","templated":true}]}}