{"id":41631,"date":"2022-09-21T11:47:17","date_gmt":"2022-09-21T09:47:17","guid":{"rendered":"https:\/\/www.laguiadepamplona.com\/actualidad\/?p=41631"},"modified":"2023-04-11T11:47:49","modified_gmt":"2023-04-11T09:47:49","slug":"coworkids-abre-este-jueves-la-embajada-un-proyecto-ideado-por-cuatro-adolescentes-como-espacio-de-formacion-debate-voluntariado-y-compromiso-social-con-la-ciudad","status":"publish","type":"post","link":"https:\/\/www.laguiadepamplona.com\/actualidad\/coworkids-abre-este-jueves-la-embajada-un-proyecto-ideado-por-cuatro-adolescentes-como-espacio-de-formacion-debate-voluntariado-y-compromiso-social-con-la-ciudad\/","title":{"rendered":"COworkids abre este jueves \u2018La Embajada\u2019, un proyecto ideado por cuatro adolescentes como espacio de formaci\u00f3n, debate, voluntariado y compromiso social con la ciudad"},"content":{"rendered":"<h5>Las labores de voluntariado se realizar\u00e1n en actividades de COworkids como el acompa\u00f1amiento escolar o el laboratorio de creatividad y multijuegos<\/h5>\n<p><!--more--><\/p>\n<p>Alexia Cilveti, Steven Ren\u00e9 Morocho, Miguel Arizcuren y Daniel Arzoz, estudiantes de entre 14 y 17 a\u00f1os que participaron en el programa Erasmus+, han ideado el proyecto \u2018La Embajada COworkids\u2019 que ma\u00f1ana jueves dar\u00e1 sus primeros pasos en el Colegio P\u00fablico Iturrama. Se trata de una iniciativa para fomentar el compromiso de j\u00f3venes adolescentes con el presente y futuro de la ciudad para promover una sociedad diversa, tolerante y activa. La Embajada COworkids ofrece a j\u00f3venes adolescentes un espacio en el que formarse, debatir sobre temas de actualidad, divertirse y hacer amistades y, entre semana, realizar labores de voluntariado.<br \/>\n<script async src=\"\/\/pagead2.googlesyndication.com\/pagead\/js\/adsbygoogle.js\"><\/script><br \/>\n<!-- Noticias La Guia de Pamplona --><br \/>\n<ins class=\"adsbygoogle\"\nstyle=\"display:block\"\ndata-ad-client=\"ca-pub-6943679897239327\"\ndata-ad-slot=\"7048180777\"\ndata-ad-format=\"auto\"><\/ins><br \/>\n<script>\n(adsbygoogle = window.adsbygoogle || []).push({});\n<\/script><\/p>\n<p>La primera sesi\u00f3n, ma\u00f1ana jueves, recopilar\u00e1 los intereses de quienes acudan al encuentro y, en base a las preferencias, se organizar\u00e1n las futuras formaciones. Se pedir\u00e1 a cada asistente que identifique tres tem\u00e1ticas sobre las que les gustar\u00eda escuchar una ponencia de una persona experta y, despu\u00e9s, debatir. As\u00ed las cosas, la Embajada ser\u00e1 un espacio en el que compartir diferentes inquietudes y conocer adolescentes con ganas de hacer voluntariado en los barrios de Pamplona. Las personas interesadas pueden inscribirse en el correo electr\u00f3nico <a href=\"mailto:coworkids@pamplona.es\">coworkids@pamplona.es<\/a>.<\/p>\n<p>Ser\u00e1 tambi\u00e9n un \u00e1mbito de promoci\u00f3n del voluntariado en las actividades de COworkids, tanto en Acompa\u00f1amiento Escolar como el Laboratorio de Creatividad y Multijuegos. Quienes decidan apostar por este voluntariado de Acompa\u00f1amiento Escolar en COworkids ayudar\u00e1n a ni\u00f1os y ni\u00f1as de Primaria en sus tareas, dinamizar\u00e1n actividades y, sobre todo, se convertir\u00e1n en un referente para esos menores. Si se opta por el voluntariado de Laboratorio de Creatividad y Multijuegos disfrutar\u00e1n de los momentos de ocio y diversi\u00f3n de los ni\u00f1os y ni\u00f1as, haciendo manualidades y juegos. Podr\u00e1n elegir qu\u00e9 d\u00edas y en qu\u00e9 barrio o barrios quieren participar.<br \/>\n<script async src=\"\/\/pagead2.googlesyndication.com\/pagead\/js\/adsbygoogle.js\"><\/script><br \/>\n<!-- Noticias La Guia de Pamplona --><br \/>\n<ins class=\"adsbygoogle\"\nstyle=\"display:block\"\ndata-ad-client=\"ca-pub-6943679897239327\"\ndata-ad-slot=\"7048180777\"\ndata-ad-format=\"auto\"><\/ins><br \/>\n<script>\n(adsbygoogle = window.adsbygoogle || []).push({});\n<\/script><\/p>\n<p><strong>Formaci\u00f3n continua y voluntariado<\/strong><\/p>\n<p>Tras la presentaci\u00f3n de este jueves, continuar\u00e1 la formaci\u00f3n de quienes est\u00e9n interesados e interesadas en esta iniciativa durante dos d\u00edas m\u00e1s en este \u00faltimo trimestre del a\u00f1o, el 20 de octubre y el 17 de noviembre. La idea es organizar una formaci\u00f3n mensual, que siempre terminar\u00e1 con una merienda y m\u00fasica. La labor de voluntariado comenzar\u00e1 la semana del 3 de octubre. Para participar se requiere tener entre 14 y 17 a\u00f1os, tener disponibilidad al menos una tarde de lunes a jueves, ser una persona comprometida y tener ganas de compartir inquietudes.<\/p>\n<p>Los cuatro j\u00f3venes que han ideado \u2018La Embajada\u2019 viajaron a Bruselas el pasado de mes de junio gracias a su participaci\u00f3n en el programa Erasmus+, que ha convocado a un total de 50 adolescentes. Adem\u00e1s de un tiempo para visitas culturales a los lugares m\u00e1s emblem\u00e1ticos de la capital belga, la agenda estuvo cargada de reuniones con personal que trabaja en las instituciones europeas. Entre otros, mantuvieron encuentros con dos j\u00f3venes que trabajan en la Comisi\u00f3n Europea y con el equipo de la Delegaci\u00f3n del Gobierno de Navarra en Bruselas, asistieron a ponencias sobre desarrollo rural y PAC (Pol\u00edtica Agraria Com\u00fan) o programas como Erasmus y Erasmus Green y visitaron el Parlamento Europeo y el Comit\u00e9 de las Regiones.<\/p>\n","protected":false},"excerpt":{"rendered":"<p>Las labores de voluntariado se realizar\u00e1n en actividades de COworkids como el acompa\u00f1amiento escolar o el laboratorio de creatividad y multijuegos<\/p>\n","protected":false},"author":1,"featured_media":41632,"comment_status":"open","ping_status":"closed","sticky":false,"template":"","format":"standard","meta":{"footnotes":""},"categories":[2],"tags":[],"class_list":["post-41631","post","type-post","status-publish","format-standard","has-post-thumbnail","hentry","category-ayuntamiento-pamplona"],"yoast_head":"<!-- This site is optimized with the Yoast SEO plugin v27.5 - https:\/\/yoast.com\/product\/yoast-seo-wordpress\/ -->\n<title>COworkids abre este jueves \u2018La Embajada\u2019, un proyecto ideado por cuatro adolescentes como espacio de formaci\u00f3n, debate, voluntariado y compromiso social con la ciudad<\/title>\n<meta name=\"description\" content=\"Las labores de voluntariado se realizar\u00e1n en actividades de COworkids como el acompa\u00f1amiento escolar o el laboratorio de creatividad y multijuegos\" \/>\n<meta name=\"robots\" content=\"index, follow, max-snippet:-1, max-image-preview:large, max-video-preview:-1\" \/>\n<link rel=\"canonical\" href=\"https:\/\/www.laguiadepamplona.com\/actualidad\/coworkids-abre-este-jueves-la-embajada-un-proyecto-ideado-por-cuatro-adolescentes-como-espacio-de-formacion-debate-voluntariado-y-compromiso-social-con-la-ciudad\/\" \/>\n<meta property=\"og:locale\" content=\"es_ES\" \/>\n<meta property=\"og:type\" content=\"article\" \/>\n<meta property=\"og:title\" content=\"COworkids abre este jueves \u2018La Embajada\u2019, un proyecto ideado por cuatro adolescentes como espacio de formaci\u00f3n, debate, voluntariado y compromiso social con la ciudad\" \/>\n<meta property=\"og:description\" content=\"Las labores de voluntariado se realizar\u00e1n en actividades de COworkids como el acompa\u00f1amiento escolar o el laboratorio de creatividad y multijuegos\" \/>\n<meta property=\"og:url\" content=\"https:\/\/www.laguiadepamplona.com\/actualidad\/coworkids-abre-este-jueves-la-embajada-un-proyecto-ideado-por-cuatro-adolescentes-como-espacio-de-formacion-debate-voluntariado-y-compromiso-social-con-la-ciudad\/\" \/>\n<meta property=\"og:site_name\" content=\"La Gu\u00eda de Pamplona\" \/>\n<meta property=\"article:publisher\" content=\"https:\/\/www.facebook.com\/laguiadepamplonacom-133175176762273\/?ref=hl\" \/>\n<meta property=\"article:published_time\" content=\"2022-09-21T09:47:17+00:00\" \/>\n<meta property=\"article:modified_time\" content=\"2023-04-11T09:47:49+00:00\" \/>\n<meta property=\"og:image\" content=\"https:\/\/www.laguiadepamplona.com\/actualidad\/wp-content\/uploads\/2022\/09\/220921embajada-bruselas-coworkids-erasmus.webp\" \/>\n\t<meta property=\"og:image:width\" content=\"1920\" \/>\n\t<meta property=\"og:image:height\" content=\"941\" \/>\n\t<meta property=\"og:image:type\" content=\"image\/webp\" \/>\n<meta name=\"author\" content=\"La Gu\u00eda de Pamplona\" \/>\n<meta name=\"twitter:card\" content=\"summary_large_image\" \/>\n<meta name=\"twitter:creator\" content=\"@LaGuiadPamplona\" \/>\n<meta name=\"twitter:site\" content=\"@LaGuiadPamplona\" \/>\n<meta name=\"twitter:label1\" content=\"Escrito por\" \/>\n\t<meta name=\"twitter:data1\" content=\"La Gu\u00eda de Pamplona\" \/>\n\t<meta name=\"twitter:label2\" content=\"Tiempo de lectura\" \/>\n\t<meta name=\"twitter:data2\" content=\"3 minutos\" \/>\n<script type=\"application\/ld+json\" class=\"yoast-schema-graph\">{\"@context\":\"https:\\\/\\\/schema.org\",\"@graph\":[{\"@type\":\"Article\",\"@id\":\"https:\\\/\\\/www.laguiadepamplona.com\\\/actualidad\\\/coworkids-abre-este-jueves-la-embajada-un-proyecto-ideado-por-cuatro-adolescentes-como-espacio-de-formacion-debate-voluntariado-y-compromiso-social-con-la-ciudad\\\/#article\",\"isPartOf\":{\"@id\":\"https:\\\/\\\/www.laguiadepamplona.com\\\/actualidad\\\/coworkids-abre-este-jueves-la-embajada-un-proyecto-ideado-por-cuatro-adolescentes-como-espacio-de-formacion-debate-voluntariado-y-compromiso-social-con-la-ciudad\\\/\"},\"author\":{\"name\":\"La Gu\u00eda de Pamplona\",\"@id\":\"https:\\\/\\\/www.laguiadepamplona.com\\\/actualidad\\\/#\\\/schema\\\/person\\\/efe887376f0213d4657c93adc50b1fdb\"},\"headline\":\"COworkids abre este jueves \u2018La Embajada\u2019, un proyecto ideado por cuatro adolescentes como espacio de formaci\u00f3n, debate, voluntariado y compromiso social con la ciudad\",\"datePublished\":\"2022-09-21T09:47:17+00:00\",\"dateModified\":\"2023-04-11T09:47:49+00:00\",\"mainEntityOfPage\":{\"@id\":\"https:\\\/\\\/www.laguiadepamplona.com\\\/actualidad\\\/coworkids-abre-este-jueves-la-embajada-un-proyecto-ideado-por-cuatro-adolescentes-como-espacio-de-formacion-debate-voluntariado-y-compromiso-social-con-la-ciudad\\\/\"},\"wordCount\":588,\"commentCount\":0,\"publisher\":{\"@id\":\"https:\\\/\\\/www.laguiadepamplona.com\\\/actualidad\\\/#organization\"},\"image\":{\"@id\":\"https:\\\/\\\/www.laguiadepamplona.com\\\/actualidad\\\/coworkids-abre-este-jueves-la-embajada-un-proyecto-ideado-por-cuatro-adolescentes-como-espacio-de-formacion-debate-voluntariado-y-compromiso-social-con-la-ciudad\\\/#primaryimage\"},\"thumbnailUrl\":\"https:\\\/\\\/www.laguiadepamplona.com\\\/actualidad\\\/wp-content\\\/uploads\\\/2022\\\/09\\\/220921embajada-bruselas-coworkids-erasmus.webp\",\"articleSection\":[\"Ayto Pamplona\"],\"inLanguage\":\"es\",\"potentialAction\":[{\"@type\":\"CommentAction\",\"name\":\"Comment\",\"target\":[\"https:\\\/\\\/www.laguiadepamplona.com\\\/actualidad\\\/coworkids-abre-este-jueves-la-embajada-un-proyecto-ideado-por-cuatro-adolescentes-como-espacio-de-formacion-debate-voluntariado-y-compromiso-social-con-la-ciudad\\\/#respond\"]}]},{\"@type\":\"WebPage\",\"@id\":\"https:\\\/\\\/www.laguiadepamplona.com\\\/actualidad\\\/coworkids-abre-este-jueves-la-embajada-un-proyecto-ideado-por-cuatro-adolescentes-como-espacio-de-formacion-debate-voluntariado-y-compromiso-social-con-la-ciudad\\\/\",\"url\":\"https:\\\/\\\/www.laguiadepamplona.com\\\/actualidad\\\/coworkids-abre-este-jueves-la-embajada-un-proyecto-ideado-por-cuatro-adolescentes-como-espacio-de-formacion-debate-voluntariado-y-compromiso-social-con-la-ciudad\\\/\",\"name\":\"COworkids abre este jueves \u2018La Embajada\u2019, un proyecto ideado por cuatro adolescentes como espacio de formaci\u00f3n, debate, voluntariado y compromiso social con la ciudad\",\"isPartOf\":{\"@id\":\"https:\\\/\\\/www.laguiadepamplona.com\\\/actualidad\\\/#website\"},\"primaryImageOfPage\":{\"@id\":\"https:\\\/\\\/www.laguiadepamplona.com\\\/actualidad\\\/coworkids-abre-este-jueves-la-embajada-un-proyecto-ideado-por-cuatro-adolescentes-como-espacio-de-formacion-debate-voluntariado-y-compromiso-social-con-la-ciudad\\\/#primaryimage\"},\"image\":{\"@id\":\"https:\\\/\\\/www.laguiadepamplona.com\\\/actualidad\\\/coworkids-abre-este-jueves-la-embajada-un-proyecto-ideado-por-cuatro-adolescentes-como-espacio-de-formacion-debate-voluntariado-y-compromiso-social-con-la-ciudad\\\/#primaryimage\"},\"thumbnailUrl\":\"https:\\\/\\\/www.laguiadepamplona.com\\\/actualidad\\\/wp-content\\\/uploads\\\/2022\\\/09\\\/220921embajada-bruselas-coworkids-erasmus.webp\",\"datePublished\":\"2022-09-21T09:47:17+00:00\",\"dateModified\":\"2023-04-11T09:47:49+00:00\",\"description\":\"Las labores de voluntariado se realizar\u00e1n en actividades de COworkids como el acompa\u00f1amiento escolar o el laboratorio de creatividad y multijuegos\",\"breadcrumb\":{\"@id\":\"https:\\\/\\\/www.laguiadepamplona.com\\\/actualidad\\\/coworkids-abre-este-jueves-la-embajada-un-proyecto-ideado-por-cuatro-adolescentes-como-espacio-de-formacion-debate-voluntariado-y-compromiso-social-con-la-ciudad\\\/#breadcrumb\"},\"inLanguage\":\"es\",\"potentialAction\":[{\"@type\":\"ReadAction\",\"target\":[\"https:\\\/\\\/www.laguiadepamplona.com\\\/actualidad\\\/coworkids-abre-este-jueves-la-embajada-un-proyecto-ideado-por-cuatro-adolescentes-como-espacio-de-formacion-debate-voluntariado-y-compromiso-social-con-la-ciudad\\\/\"]}]},{\"@type\":\"ImageObject\",\"inLanguage\":\"es\",\"@id\":\"https:\\\/\\\/www.laguiadepamplona.com\\\/actualidad\\\/coworkids-abre-este-jueves-la-embajada-un-proyecto-ideado-por-cuatro-adolescentes-como-espacio-de-formacion-debate-voluntariado-y-compromiso-social-con-la-ciudad\\\/#primaryimage\",\"url\":\"https:\\\/\\\/www.laguiadepamplona.com\\\/actualidad\\\/wp-content\\\/uploads\\\/2022\\\/09\\\/220921embajada-bruselas-coworkids-erasmus.webp\",\"contentUrl\":\"https:\\\/\\\/www.laguiadepamplona.com\\\/actualidad\\\/wp-content\\\/uploads\\\/2022\\\/09\\\/220921embajada-bruselas-coworkids-erasmus.webp\",\"width\":1920,\"height\":941},{\"@type\":\"BreadcrumbList\",\"@id\":\"https:\\\/\\\/www.laguiadepamplona.com\\\/actualidad\\\/coworkids-abre-este-jueves-la-embajada-un-proyecto-ideado-por-cuatro-adolescentes-como-espacio-de-formacion-debate-voluntariado-y-compromiso-social-con-la-ciudad\\\/#breadcrumb\",\"itemListElement\":[{\"@type\":\"ListItem\",\"position\":1,\"name\":\"Portada\",\"item\":\"https:\\\/\\\/www.laguiadepamplona.com\\\/actualidad\\\/\"},{\"@type\":\"ListItem\",\"position\":2,\"name\":\"COworkids abre este jueves \u2018La Embajada\u2019, un proyecto ideado por cuatro adolescentes como espacio de formaci\u00f3n, debate, voluntariado y compromiso social con la ciudad\"}]},{\"@type\":\"WebSite\",\"@id\":\"https:\\\/\\\/www.laguiadepamplona.com\\\/actualidad\\\/#website\",\"url\":\"https:\\\/\\\/www.laguiadepamplona.com\\\/actualidad\\\/\",\"name\":\"La gu\u00eda de Pamplona\",\"description\":\"Noticias de Pamplona\",\"publisher\":{\"@id\":\"https:\\\/\\\/www.laguiadepamplona.com\\\/actualidad\\\/#organization\"},\"potentialAction\":[{\"@type\":\"SearchAction\",\"target\":{\"@type\":\"EntryPoint\",\"urlTemplate\":\"https:\\\/\\\/www.laguiadepamplona.com\\\/actualidad\\\/?s={search_term_string}\"},\"query-input\":{\"@type\":\"PropertyValueSpecification\",\"valueRequired\":true,\"valueName\":\"search_term_string\"}}],\"inLanguage\":\"es\"},{\"@type\":\"Organization\",\"@id\":\"https:\\\/\\\/www.laguiadepamplona.com\\\/actualidad\\\/#organization\",\"name\":\"La Gu\u00eda de Pamplona \\\/ Noticias\",\"url\":\"https:\\\/\\\/www.laguiadepamplona.com\\\/actualidad\\\/\",\"logo\":{\"@type\":\"ImageObject\",\"inLanguage\":\"es\",\"@id\":\"https:\\\/\\\/www.laguiadepamplona.com\\\/actualidad\\\/#\\\/schema\\\/logo\\\/image\\\/\",\"url\":\"https:\\\/\\\/www.laguiadepamplona.com\\\/actualidad\\\/wp-content\\\/uploads\\\/2018\\\/11\\\/logo-laguiadepamplona18-web1.png\",\"contentUrl\":\"https:\\\/\\\/www.laguiadepamplona.com\\\/actualidad\\\/wp-content\\\/uploads\\\/2018\\\/11\\\/logo-laguiadepamplona18-web1.png\",\"width\":600,\"height\":196,\"caption\":\"La Gu\u00eda de Pamplona \\\/ Noticias\"},\"image\":{\"@id\":\"https:\\\/\\\/www.laguiadepamplona.com\\\/actualidad\\\/#\\\/schema\\\/logo\\\/image\\\/\"},\"sameAs\":[\"https:\\\/\\\/www.facebook.com\\\/laguiadepamplonacom-133175176762273\\\/?ref=hl\",\"https:\\\/\\\/x.com\\\/LaGuiadPamplona\",\"https:\\\/\\\/www.instagram.com\\\/la_guia_de_pamplona\\\/\",\"https:\\\/\\\/www.youtube.com\\\/user\\\/laguiadepamplona\"]},{\"@type\":\"Person\",\"@id\":\"https:\\\/\\\/www.laguiadepamplona.com\\\/actualidad\\\/#\\\/schema\\\/person\\\/efe887376f0213d4657c93adc50b1fdb\",\"name\":\"La Gu\u00eda de Pamplona\",\"image\":{\"@type\":\"ImageObject\",\"inLanguage\":\"es\",\"@id\":\"https:\\\/\\\/secure.gravatar.com\\\/avatar\\\/b6992f131dc8d30ab0dff15446e9d346d9dbd95992de0fef795073f5ea83a81c?s=96&d=mm&r=g\",\"url\":\"https:\\\/\\\/secure.gravatar.com\\\/avatar\\\/b6992f131dc8d30ab0dff15446e9d346d9dbd95992de0fef795073f5ea83a81c?s=96&d=mm&r=g\",\"contentUrl\":\"https:\\\/\\\/secure.gravatar.com\\\/avatar\\\/b6992f131dc8d30ab0dff15446e9d346d9dbd95992de0fef795073f5ea83a81c?s=96&d=mm&r=g\",\"caption\":\"La Gu\u00eda de Pamplona\"}}]}<\/script>\n<!-- \/ Yoast SEO plugin. -->","yoast_head_json":{"title":"COworkids abre este jueves \u2018La Embajada\u2019, un proyecto ideado por cuatro adolescentes como espacio de formaci\u00f3n, debate, voluntariado y compromiso social con la ciudad","description":"Las labores de voluntariado se realizar\u00e1n en actividades de COworkids como el acompa\u00f1amiento escolar o el laboratorio de creatividad y multijuegos","robots":{"index":"index","follow":"follow","max-snippet":"max-snippet:-1","max-image-preview":"max-image-preview:large","max-video-preview":"max-video-preview:-1"},"canonical":"https:\/\/www.laguiadepamplona.com\/actualidad\/coworkids-abre-este-jueves-la-embajada-un-proyecto-ideado-por-cuatro-adolescentes-como-espacio-de-formacion-debate-voluntariado-y-compromiso-social-con-la-ciudad\/","og_locale":"es_ES","og_type":"article","og_title":"COworkids abre este jueves \u2018La Embajada\u2019, un proyecto ideado por cuatro adolescentes como espacio de formaci\u00f3n, debate, voluntariado y compromiso social con la ciudad","og_description":"Las labores de voluntariado se realizar\u00e1n en actividades de COworkids como el acompa\u00f1amiento escolar o el laboratorio de creatividad y multijuegos","og_url":"https:\/\/www.laguiadepamplona.com\/actualidad\/coworkids-abre-este-jueves-la-embajada-un-proyecto-ideado-por-cuatro-adolescentes-como-espacio-de-formacion-debate-voluntariado-y-compromiso-social-con-la-ciudad\/","og_site_name":"La Gu\u00eda de Pamplona","article_publisher":"https:\/\/www.facebook.com\/laguiadepamplonacom-133175176762273\/?ref=hl","article_published_time":"2022-09-21T09:47:17+00:00","article_modified_time":"2023-04-11T09:47:49+00:00","og_image":[{"width":1920,"height":941,"url":"https:\/\/www.laguiadepamplona.com\/actualidad\/wp-content\/uploads\/2022\/09\/220921embajada-bruselas-coworkids-erasmus.webp","type":"image\/webp"}],"author":"La Gu\u00eda de Pamplona","twitter_card":"summary_large_image","twitter_creator":"@LaGuiadPamplona","twitter_site":"@LaGuiadPamplona","twitter_misc":{"Escrito por":"La Gu\u00eda de Pamplona","Tiempo de lectura":"3 minutos"},"schema":{"@context":"https:\/\/schema.org","@graph":[{"@type":"Article","@id":"https:\/\/www.laguiadepamplona.com\/actualidad\/coworkids-abre-este-jueves-la-embajada-un-proyecto-ideado-por-cuatro-adolescentes-como-espacio-de-formacion-debate-voluntariado-y-compromiso-social-con-la-ciudad\/#article","isPartOf":{"@id":"https:\/\/www.laguiadepamplona.com\/actualidad\/coworkids-abre-este-jueves-la-embajada-un-proyecto-ideado-por-cuatro-adolescentes-como-espacio-de-formacion-debate-voluntariado-y-compromiso-social-con-la-ciudad\/"},"author":{"name":"La Gu\u00eda de Pamplona","@id":"https:\/\/www.laguiadepamplona.com\/actualidad\/#\/schema\/person\/efe887376f0213d4657c93adc50b1fdb"},"headline":"COworkids abre este jueves \u2018La Embajada\u2019, un proyecto ideado por cuatro adolescentes como espacio de formaci\u00f3n, debate, voluntariado y compromiso social con la ciudad","datePublished":"2022-09-21T09:47:17+00:00","dateModified":"2023-04-11T09:47:49+00:00","mainEntityOfPage":{"@id":"https:\/\/www.laguiadepamplona.com\/actualidad\/coworkids-abre-este-jueves-la-embajada-un-proyecto-ideado-por-cuatro-adolescentes-como-espacio-de-formacion-debate-voluntariado-y-compromiso-social-con-la-ciudad\/"},"wordCount":588,"commentCount":0,"publisher":{"@id":"https:\/\/www.laguiadepamplona.com\/actualidad\/#organization"},"image":{"@id":"https:\/\/www.laguiadepamplona.com\/actualidad\/coworkids-abre-este-jueves-la-embajada-un-proyecto-ideado-por-cuatro-adolescentes-como-espacio-de-formacion-debate-voluntariado-y-compromiso-social-con-la-ciudad\/#primaryimage"},"thumbnailUrl":"https:\/\/www.laguiadepamplona.com\/actualidad\/wp-content\/uploads\/2022\/09\/220921embajada-bruselas-coworkids-erasmus.webp","articleSection":["Ayto Pamplona"],"inLanguage":"es","potentialAction":[{"@type":"CommentAction","name":"Comment","target":["https:\/\/www.laguiadepamplona.com\/actualidad\/coworkids-abre-este-jueves-la-embajada-un-proyecto-ideado-por-cuatro-adolescentes-como-espacio-de-formacion-debate-voluntariado-y-compromiso-social-con-la-ciudad\/#respond"]}]},{"@type":"WebPage","@id":"https:\/\/www.laguiadepamplona.com\/actualidad\/coworkids-abre-este-jueves-la-embajada-un-proyecto-ideado-por-cuatro-adolescentes-como-espacio-de-formacion-debate-voluntariado-y-compromiso-social-con-la-ciudad\/","url":"https:\/\/www.laguiadepamplona.com\/actualidad\/coworkids-abre-este-jueves-la-embajada-un-proyecto-ideado-por-cuatro-adolescentes-como-espacio-de-formacion-debate-voluntariado-y-compromiso-social-con-la-ciudad\/","name":"COworkids abre este jueves \u2018La Embajada\u2019, un proyecto ideado por cuatro adolescentes como espacio de formaci\u00f3n, debate, voluntariado y compromiso social con la ciudad","isPartOf":{"@id":"https:\/\/www.laguiadepamplona.com\/actualidad\/#website"},"primaryImageOfPage":{"@id":"https:\/\/www.laguiadepamplona.com\/actualidad\/coworkids-abre-este-jueves-la-embajada-un-proyecto-ideado-por-cuatro-adolescentes-como-espacio-de-formacion-debate-voluntariado-y-compromiso-social-con-la-ciudad\/#primaryimage"},"image":{"@id":"https:\/\/www.laguiadepamplona.com\/actualidad\/coworkids-abre-este-jueves-la-embajada-un-proyecto-ideado-por-cuatro-adolescentes-como-espacio-de-formacion-debate-voluntariado-y-compromiso-social-con-la-ciudad\/#primaryimage"},"thumbnailUrl":"https:\/\/www.laguiadepamplona.com\/actualidad\/wp-content\/uploads\/2022\/09\/220921embajada-bruselas-coworkids-erasmus.webp","datePublished":"2022-09-21T09:47:17+00:00","dateModified":"2023-04-11T09:47:49+00:00","description":"Las labores de voluntariado se realizar\u00e1n en actividades de COworkids como el acompa\u00f1amiento escolar o el laboratorio de creatividad y multijuegos","breadcrumb":{"@id":"https:\/\/www.laguiadepamplona.com\/actualidad\/coworkids-abre-este-jueves-la-embajada-un-proyecto-ideado-por-cuatro-adolescentes-como-espacio-de-formacion-debate-voluntariado-y-compromiso-social-con-la-ciudad\/#breadcrumb"},"inLanguage":"es","potentialAction":[{"@type":"ReadAction","target":["https:\/\/www.laguiadepamplona.com\/actualidad\/coworkids-abre-este-jueves-la-embajada-un-proyecto-ideado-por-cuatro-adolescentes-como-espacio-de-formacion-debate-voluntariado-y-compromiso-social-con-la-ciudad\/"]}]},{"@type":"ImageObject","inLanguage":"es","@id":"https:\/\/www.laguiadepamplona.com\/actualidad\/coworkids-abre-este-jueves-la-embajada-un-proyecto-ideado-por-cuatro-adolescentes-como-espacio-de-formacion-debate-voluntariado-y-compromiso-social-con-la-ciudad\/#primaryimage","url":"https:\/\/www.laguiadepamplona.com\/actualidad\/wp-content\/uploads\/2022\/09\/220921embajada-bruselas-coworkids-erasmus.webp","contentUrl":"https:\/\/www.laguiadepamplona.com\/actualidad\/wp-content\/uploads\/2022\/09\/220921embajada-bruselas-coworkids-erasmus.webp","width":1920,"height":941},{"@type":"BreadcrumbList","@id":"https:\/\/www.laguiadepamplona.com\/actualidad\/coworkids-abre-este-jueves-la-embajada-un-proyecto-ideado-por-cuatro-adolescentes-como-espacio-de-formacion-debate-voluntariado-y-compromiso-social-con-la-ciudad\/#breadcrumb","itemListElement":[{"@type":"ListItem","position":1,"name":"Portada","item":"https:\/\/www.laguiadepamplona.com\/actualidad\/"},{"@type":"ListItem","position":2,"name":"COworkids abre este jueves \u2018La Embajada\u2019, un proyecto ideado por cuatro adolescentes como espacio de formaci\u00f3n, debate, voluntariado y compromiso social con la ciudad"}]},{"@type":"WebSite","@id":"https:\/\/www.laguiadepamplona.com\/actualidad\/#website","url":"https:\/\/www.laguiadepamplona.com\/actualidad\/","name":"La gu\u00eda de Pamplona","description":"Noticias de Pamplona","publisher":{"@id":"https:\/\/www.laguiadepamplona.com\/actualidad\/#organization"},"potentialAction":[{"@type":"SearchAction","target":{"@type":"EntryPoint","urlTemplate":"https:\/\/www.laguiadepamplona.com\/actualidad\/?s={search_term_string}"},"query-input":{"@type":"PropertyValueSpecification","valueRequired":true,"valueName":"search_term_string"}}],"inLanguage":"es"},{"@type":"Organization","@id":"https:\/\/www.laguiadepamplona.com\/actualidad\/#organization","name":"La Gu\u00eda de Pamplona \/ Noticias","url":"https:\/\/www.laguiadepamplona.com\/actualidad\/","logo":{"@type":"ImageObject","inLanguage":"es","@id":"https:\/\/www.laguiadepamplona.com\/actualidad\/#\/schema\/logo\/image\/","url":"https:\/\/www.laguiadepamplona.com\/actualidad\/wp-content\/uploads\/2018\/11\/logo-laguiadepamplona18-web1.png","contentUrl":"https:\/\/www.laguiadepamplona.com\/actualidad\/wp-content\/uploads\/2018\/11\/logo-laguiadepamplona18-web1.png","width":600,"height":196,"caption":"La Gu\u00eda de Pamplona \/ Noticias"},"image":{"@id":"https:\/\/www.laguiadepamplona.com\/actualidad\/#\/schema\/logo\/image\/"},"sameAs":["https:\/\/www.facebook.com\/laguiadepamplonacom-133175176762273\/?ref=hl","https:\/\/x.com\/LaGuiadPamplona","https:\/\/www.instagram.com\/la_guia_de_pamplona\/","https:\/\/www.youtube.com\/user\/laguiadepamplona"]},{"@type":"Person","@id":"https:\/\/www.laguiadepamplona.com\/actualidad\/#\/schema\/person\/efe887376f0213d4657c93adc50b1fdb","name":"La Gu\u00eda de Pamplona","image":{"@type":"ImageObject","inLanguage":"es","@id":"https:\/\/secure.gravatar.com\/avatar\/b6992f131dc8d30ab0dff15446e9d346d9dbd95992de0fef795073f5ea83a81c?s=96&d=mm&r=g","url":"https:\/\/secure.gravatar.com\/avatar\/b6992f131dc8d30ab0dff15446e9d346d9dbd95992de0fef795073f5ea83a81c?s=96&d=mm&r=g","contentUrl":"https:\/\/secure.gravatar.com\/avatar\/b6992f131dc8d30ab0dff15446e9d346d9dbd95992de0fef795073f5ea83a81c?s=96&d=mm&r=g","caption":"La Gu\u00eda de Pamplona"}}]}},"post_mailing_queue_ids":[],"_links":{"self":[{"href":"https:\/\/www.laguiadepamplona.com\/actualidad\/wp-json\/wp\/v2\/posts\/41631","targetHints":{"allow":["GET"]}}],"collection":[{"href":"https:\/\/www.laguiadepamplona.com\/actualidad\/wp-json\/wp\/v2\/posts"}],"about":[{"href":"https:\/\/www.laguiadepamplona.com\/actualidad\/wp-json\/wp\/v2\/types\/post"}],"author":[{"embeddable":true,"href":"https:\/\/www.laguiadepamplona.com\/actualidad\/wp-json\/wp\/v2\/users\/1"}],"replies":[{"embeddable":true,"href":"https:\/\/www.laguiadepamplona.com\/actualidad\/wp-json\/wp\/v2\/comments?post=41631"}],"version-history":[{"count":0,"href":"https:\/\/www.laguiadepamplona.com\/actualidad\/wp-json\/wp\/v2\/posts\/41631\/revisions"}],"wp:featuredmedia":[{"embeddable":true,"href":"https:\/\/www.laguiadepamplona.com\/actualidad\/wp-json\/wp\/v2\/media\/41632"}],"wp:attachment":[{"href":"https:\/\/www.laguiadepamplona.com\/actualidad\/wp-json\/wp\/v2\/media?parent=41631"}],"wp:term":[{"taxonomy":"category","embeddable":true,"href":"https:\/\/www.laguiadepamplona.com\/actualidad\/wp-json\/wp\/v2\/categories?post=41631"},{"taxonomy":"post_tag","embeddable":true,"href":"https:\/\/www.laguiadepamplona.com\/actualidad\/wp-json\/wp\/v2\/tags?post=41631"}],"curies":[{"name":"wp","href":"https:\/\/api.w.org\/{rel}","templated":true}]}}