{"id":41628,"date":"2022-09-21T11:40:10","date_gmt":"2022-09-21T09:40:10","guid":{"rendered":"https:\/\/www.laguiadepamplona.com\/actualidad\/?p=41628"},"modified":"2023-04-11T11:47:49","modified_gmt":"2023-04-11T09:47:49","slug":"cuatro-residencias-de-mayores-se-suman-a-la-semana-de-la-movilidad-con-paseos-en-bici-para-sus-personas-usuarias","status":"publish","type":"post","link":"https:\/\/www.laguiadepamplona.com\/actualidad\/cuatro-residencias-de-mayores-se-suman-a-la-semana-de-la-movilidad-con-paseos-en-bici-para-sus-personas-usuarias\/","title":{"rendered":"Cuatro residencias de mayores se suman a la Semana de la Movilidad con paseos en bici para sus personas usuarias"},"content":{"rendered":"<h5>El Ayuntamiento de Pamplona ha organizado un servicio de paseos en triciclos con la colaboraci\u00f3n de varias asociaciones y personas voluntarias<\/h5>\n<p><!--more--><\/p>\n<p>Tener movilidad reducida y edad avanzada no es esta semana impedimento para poder disfrutar de un paseo en bici por la ciudad. El Ayuntamiento de Pamplona, junto con varias asociaciones y voluntarios, ha organizado una serie de paseos para personas usuarias de residencias de mayores, haci\u00e9ndoles as\u00ed part\u00edcipes de la Semana de la Movilidad. Desde el martes y hasta el viernes, varias decenas de residentes de cuatro centros de mayores podr\u00e1n recorrer y redescubrir la ciudad desde una perspectiva nueva, disfrutando de los parques, jardines, carriles bici y las zonas peatonales.<br \/>\n<script async src=\"\/\/pagead2.googlesyndication.com\/pagead\/js\/adsbygoogle.js\"><\/script><br \/>\n<!-- Noticias La Guia de Pamplona --><br \/>\n<ins class=\"adsbygoogle\"\nstyle=\"display:block\"\ndata-ad-client=\"ca-pub-6943679897239327\"\ndata-ad-slot=\"7048180777\"\ndata-ad-format=\"auto\"><\/ins><br \/>\n<script>\n(adsbygoogle = window.adsbygoogle || []).push({});\n<\/script><\/p>\n<p>Esta iniciativa es posible gracias a la colaboraci\u00f3n de 10 personas expertas ciclistas pertenecientes a la asociaci\u00f3n Mujeres en bici- Bizikume y la Asociaci\u00f3n Medios de Transporte Saludables (AMTS) y al equipo docente del instituto Plaza de la Cruz. Dos personas de la asociaci\u00f3n Biciclistas de Corella, impulsora de esta actividad dirigida a mayores, han sido las encargadas de coordinar y formar a este grupo de voluntarios, a trav\u00e9s de un curso te\u00f3rico pr\u00e1ctico que se celebr\u00f3 el pasado s\u00e1bado d\u00eda 10. En esa jornada formativa no solo se les form\u00f3 en el manejo de los triciclos sino tambi\u00e9n en el trato y el cuidado a las personas mayores, para que la actividad sea completa y gratificante para todo el grupo. Adem\u00e1s, las personas voluntarias han estado practicando desde el 12 al 19 de septiembre realizando salidas para completar su capacitaci\u00f3n para dirigir los dos triciclos que la asociaci\u00f3n de Corella ha bautizado como \u201cyayacletas\u201d y que han sido alquilados por el Ayuntamiento para el desarrollo de la formaci\u00f3n de pilotos y los paseos terap\u00e9uticos dirigidos a personas mayores.<\/p>\n<p>Los paseos, que comenzaron ayer, se prolongar\u00e1n hasta el viernes y participar\u00e1n residentes de Amavir Argaray, La Misericordia, Amavir Oblatas y El Vergel. A lo largo del d\u00eda de hoy, habr\u00e1 paseos en horario de ma\u00f1ana y tarde, de 11 a 13 horas y de 17 a 18.30 horas, para los residentes de Amavir Oblatas. El jueves las \u201cyayacletas\u201d pasear\u00e1n a las personas residentes en La Misericordia en horario de tarde, de 17 a 19.30 horas. Y el viernes ser\u00e1 el turno de la residencia de El Vergel, cuyos residentes disfrutar\u00e1n de los paseos en bici de 10 a 13 horas.<br \/>\n<script async src=\"\/\/pagead2.googlesyndication.com\/pagead\/js\/adsbygoogle.js\"><\/script><br \/>\n<!-- Noticias La Guia de Pamplona --><br \/>\n<ins class=\"adsbygoogle\"\nstyle=\"display:block\"\ndata-ad-client=\"ca-pub-6943679897239327\"\ndata-ad-slot=\"7048180777\"\ndata-ad-format=\"auto\"><\/ins><br \/>\n<script>\n(adsbygoogle = window.adsbygoogle || []).push({});\n<\/script><\/p>\n<p><strong>Paseos terap\u00e9uticos `En Bici sin Edad\u00b4<\/strong><\/p>\n<p>Los dos triciclos disponibles permiten realizar paseos terap\u00e9uticos llevando a cuatro personas mayores de las residencias en cada viaje, devolvi\u00e9ndoles parte de la movilidad perdida y promoviendo su integraci\u00f3n en el d\u00eda a d\u00eda de la ciudad. La iniciativa, bautizada como \u2018En Bici sin Edad\u2019 y que naci\u00f3 en Dinamarca en el a\u00f1o 2012 (Clycling without Age, en ingl\u00e9s), se ha convertido en todo un movimiento internacional que ha llegado hasta Navarra de la mano de Biciclistas de Corella a trav\u00e9s de la financiaci\u00f3n del programa Erasmus+ de la Uni\u00f3n Europea y en coordinaci\u00f3n con el instituto de educaci\u00f3n secundaria Alhama de Corella. Con personas voluntarias de la localidad y los triciclos, realizan paseos de forma habitual para personas mayores y personas con movilidad reducida, no solo por motivos de edad sino tambi\u00e9n de discapacidad f\u00edsica o intelectual.<\/p>\n<p><strong>Semana de la Movilidad inclusiva<\/strong><\/p>\n<p>Con esta iniciativa, el Ayuntamiento ha querido que la Semana de la Movilidad sea este a\u00f1o una celebraci\u00f3n dirigida a todas las personas, incluyendo a aquellas que habitualmente tienen m\u00e1s dificultades para moverse en nuestra ciudad. Y ha querido contribuir tambi\u00e9n a formar un grupo de voluntariado del programa \u201cEn Bici sin Edad\u201d en nuestra ciudad que impulse la iniciativa en Pamplona y permita darle continuidad a partir de las asociaciones ciclistas que colaboran activamente en esta Semana de la Movilidad y en otras actividades de promoci\u00f3n de la movilidad ciclista a lo largo del a\u00f1o: Mujeres en Bici \u2013 Bizikume y Medios de Transporte Saludables (AMTS), a las que profesorado de centros educativos que desarrollan proyectos de Aprendizaje y Servicio en nuestra ciudad, como es el caso del IES Plaza de la Cruz, puedan sumarse.<br \/>\n<script async src=\"\/\/pagead2.googlesyndication.com\/pagead\/js\/adsbygoogle.js\"><\/script><br \/>\n<!-- Noticias La Guia de Pamplona --><br \/>\n<ins class=\"adsbygoogle\"\nstyle=\"display:block\"\ndata-ad-client=\"ca-pub-6943679897239327\"\ndata-ad-slot=\"7048180777\"\ndata-ad-format=\"auto\"><\/ins><br \/>\n<script>\n(adsbygoogle = window.adsbygoogle || []).push({});\n<\/script><\/p>\n<p>Todo ello con el fin de contribuir a impulsar y alcanzar los resultados de la Agenda Urbana 2030 y de la Estrategia \u201cGo Green Pamplona\u201d de Transici\u00f3n Energ\u00e9tica y Cambio Clim\u00e1tico, entre cuyos objetivos principales est\u00e1 tener una movilidad verde e inclusiva en nuestra ciudad.<\/p>\n","protected":false},"excerpt":{"rendered":"<p>El Ayuntamiento de Pamplona ha organizado un servicio de paseos en triciclos con la colaboraci\u00f3n de varias asociaciones y personas voluntarias<\/p>\n","protected":false},"author":1,"featured_media":41629,"comment_status":"open","ping_status":"closed","sticky":false,"template":"","format":"standard","meta":{"footnotes":""},"categories":[2],"tags":[],"class_list":["post-41628","post","type-post","status-publish","format-standard","has-post-thumbnail","hentry","category-ayuntamiento-pamplona"],"yoast_head":"<!-- This site is optimized with the Yoast SEO plugin v27.3 - https:\/\/yoast.com\/product\/yoast-seo-wordpress\/ -->\n<title>Cuatro residencias de mayores se suman a la Semana de la Movilidad con paseos en bici para sus personas usuarias<\/title>\n<meta name=\"description\" content=\"El Ayuntamiento de Pamplona ha organizado un servicio de paseos en triciclos con la colaboraci\u00f3n de varias asociaciones y personas voluntarias\" \/>\n<meta name=\"robots\" content=\"index, follow, max-snippet:-1, max-image-preview:large, max-video-preview:-1\" \/>\n<link rel=\"canonical\" href=\"https:\/\/www.laguiadepamplona.com\/actualidad\/cuatro-residencias-de-mayores-se-suman-a-la-semana-de-la-movilidad-con-paseos-en-bici-para-sus-personas-usuarias\/\" \/>\n<meta property=\"og:locale\" content=\"es_ES\" \/>\n<meta property=\"og:type\" content=\"article\" \/>\n<meta property=\"og:title\" content=\"Cuatro residencias de mayores se suman a la Semana de la Movilidad con paseos en bici para sus personas usuarias\" \/>\n<meta property=\"og:description\" content=\"El Ayuntamiento de Pamplona ha organizado un servicio de paseos en triciclos con la colaboraci\u00f3n de varias asociaciones y personas voluntarias\" \/>\n<meta property=\"og:url\" content=\"https:\/\/www.laguiadepamplona.com\/actualidad\/cuatro-residencias-de-mayores-se-suman-a-la-semana-de-la-movilidad-con-paseos-en-bici-para-sus-personas-usuarias\/\" \/>\n<meta property=\"og:site_name\" content=\"La Gu\u00eda de Pamplona\" \/>\n<meta property=\"article:publisher\" content=\"https:\/\/www.facebook.com\/laguiadepamplonacom-133175176762273\/?ref=hl\" \/>\n<meta property=\"article:published_time\" content=\"2022-09-21T09:40:10+00:00\" \/>\n<meta property=\"article:modified_time\" content=\"2023-04-11T09:47:49+00:00\" \/>\n<meta property=\"og:image\" content=\"https:\/\/www.laguiadepamplona.com\/actualidad\/wp-content\/uploads\/2022\/09\/actividadbicismisericordiaee5a8466.webp\" \/>\n\t<meta property=\"og:image:width\" content=\"1920\" \/>\n\t<meta property=\"og:image:height\" content=\"1280\" \/>\n\t<meta property=\"og:image:type\" content=\"image\/webp\" \/>\n<meta name=\"author\" content=\"La Gu\u00eda de Pamplona\" \/>\n<meta name=\"twitter:card\" content=\"summary_large_image\" \/>\n<meta name=\"twitter:creator\" content=\"@LaGuiadPamplona\" \/>\n<meta name=\"twitter:site\" content=\"@LaGuiadPamplona\" \/>\n<meta name=\"twitter:label1\" content=\"Escrito por\" \/>\n\t<meta name=\"twitter:data1\" content=\"La Gu\u00eda de Pamplona\" \/>\n\t<meta name=\"twitter:label2\" content=\"Tiempo de lectura\" \/>\n\t<meta name=\"twitter:data2\" content=\"4 minutos\" \/>\n<script type=\"application\/ld+json\" class=\"yoast-schema-graph\">{\"@context\":\"https:\\\/\\\/schema.org\",\"@graph\":[{\"@type\":\"Article\",\"@id\":\"https:\\\/\\\/www.laguiadepamplona.com\\\/actualidad\\\/cuatro-residencias-de-mayores-se-suman-a-la-semana-de-la-movilidad-con-paseos-en-bici-para-sus-personas-usuarias\\\/#article\",\"isPartOf\":{\"@id\":\"https:\\\/\\\/www.laguiadepamplona.com\\\/actualidad\\\/cuatro-residencias-de-mayores-se-suman-a-la-semana-de-la-movilidad-con-paseos-en-bici-para-sus-personas-usuarias\\\/\"},\"author\":{\"name\":\"La Gu\u00eda de Pamplona\",\"@id\":\"https:\\\/\\\/www.laguiadepamplona.com\\\/actualidad\\\/#\\\/schema\\\/person\\\/efe887376f0213d4657c93adc50b1fdb\"},\"headline\":\"Cuatro residencias de mayores se suman a la Semana de la Movilidad con paseos en bici para sus personas usuarias\",\"datePublished\":\"2022-09-21T09:40:10+00:00\",\"dateModified\":\"2023-04-11T09:47:49+00:00\",\"mainEntityOfPage\":{\"@id\":\"https:\\\/\\\/www.laguiadepamplona.com\\\/actualidad\\\/cuatro-residencias-de-mayores-se-suman-a-la-semana-de-la-movilidad-con-paseos-en-bici-para-sus-personas-usuarias\\\/\"},\"wordCount\":776,\"commentCount\":0,\"publisher\":{\"@id\":\"https:\\\/\\\/www.laguiadepamplona.com\\\/actualidad\\\/#organization\"},\"image\":{\"@id\":\"https:\\\/\\\/www.laguiadepamplona.com\\\/actualidad\\\/cuatro-residencias-de-mayores-se-suman-a-la-semana-de-la-movilidad-con-paseos-en-bici-para-sus-personas-usuarias\\\/#primaryimage\"},\"thumbnailUrl\":\"https:\\\/\\\/www.laguiadepamplona.com\\\/actualidad\\\/wp-content\\\/uploads\\\/2022\\\/09\\\/actividadbicismisericordiaee5a8466.webp\",\"articleSection\":[\"Ayto Pamplona\"],\"inLanguage\":\"es\",\"potentialAction\":[{\"@type\":\"CommentAction\",\"name\":\"Comment\",\"target\":[\"https:\\\/\\\/www.laguiadepamplona.com\\\/actualidad\\\/cuatro-residencias-de-mayores-se-suman-a-la-semana-de-la-movilidad-con-paseos-en-bici-para-sus-personas-usuarias\\\/#respond\"]}]},{\"@type\":\"WebPage\",\"@id\":\"https:\\\/\\\/www.laguiadepamplona.com\\\/actualidad\\\/cuatro-residencias-de-mayores-se-suman-a-la-semana-de-la-movilidad-con-paseos-en-bici-para-sus-personas-usuarias\\\/\",\"url\":\"https:\\\/\\\/www.laguiadepamplona.com\\\/actualidad\\\/cuatro-residencias-de-mayores-se-suman-a-la-semana-de-la-movilidad-con-paseos-en-bici-para-sus-personas-usuarias\\\/\",\"name\":\"Cuatro residencias de mayores se suman a la Semana de la Movilidad con paseos en bici para sus personas usuarias\",\"isPartOf\":{\"@id\":\"https:\\\/\\\/www.laguiadepamplona.com\\\/actualidad\\\/#website\"},\"primaryImageOfPage\":{\"@id\":\"https:\\\/\\\/www.laguiadepamplona.com\\\/actualidad\\\/cuatro-residencias-de-mayores-se-suman-a-la-semana-de-la-movilidad-con-paseos-en-bici-para-sus-personas-usuarias\\\/#primaryimage\"},\"image\":{\"@id\":\"https:\\\/\\\/www.laguiadepamplona.com\\\/actualidad\\\/cuatro-residencias-de-mayores-se-suman-a-la-semana-de-la-movilidad-con-paseos-en-bici-para-sus-personas-usuarias\\\/#primaryimage\"},\"thumbnailUrl\":\"https:\\\/\\\/www.laguiadepamplona.com\\\/actualidad\\\/wp-content\\\/uploads\\\/2022\\\/09\\\/actividadbicismisericordiaee5a8466.webp\",\"datePublished\":\"2022-09-21T09:40:10+00:00\",\"dateModified\":\"2023-04-11T09:47:49+00:00\",\"description\":\"El Ayuntamiento de Pamplona ha organizado un servicio de paseos en triciclos con la colaboraci\u00f3n de varias asociaciones y personas voluntarias\",\"breadcrumb\":{\"@id\":\"https:\\\/\\\/www.laguiadepamplona.com\\\/actualidad\\\/cuatro-residencias-de-mayores-se-suman-a-la-semana-de-la-movilidad-con-paseos-en-bici-para-sus-personas-usuarias\\\/#breadcrumb\"},\"inLanguage\":\"es\",\"potentialAction\":[{\"@type\":\"ReadAction\",\"target\":[\"https:\\\/\\\/www.laguiadepamplona.com\\\/actualidad\\\/cuatro-residencias-de-mayores-se-suman-a-la-semana-de-la-movilidad-con-paseos-en-bici-para-sus-personas-usuarias\\\/\"]}]},{\"@type\":\"ImageObject\",\"inLanguage\":\"es\",\"@id\":\"https:\\\/\\\/www.laguiadepamplona.com\\\/actualidad\\\/cuatro-residencias-de-mayores-se-suman-a-la-semana-de-la-movilidad-con-paseos-en-bici-para-sus-personas-usuarias\\\/#primaryimage\",\"url\":\"https:\\\/\\\/www.laguiadepamplona.com\\\/actualidad\\\/wp-content\\\/uploads\\\/2022\\\/09\\\/actividadbicismisericordiaee5a8466.webp\",\"contentUrl\":\"https:\\\/\\\/www.laguiadepamplona.com\\\/actualidad\\\/wp-content\\\/uploads\\\/2022\\\/09\\\/actividadbicismisericordiaee5a8466.webp\",\"width\":1920,\"height\":1280},{\"@type\":\"BreadcrumbList\",\"@id\":\"https:\\\/\\\/www.laguiadepamplona.com\\\/actualidad\\\/cuatro-residencias-de-mayores-se-suman-a-la-semana-de-la-movilidad-con-paseos-en-bici-para-sus-personas-usuarias\\\/#breadcrumb\",\"itemListElement\":[{\"@type\":\"ListItem\",\"position\":1,\"name\":\"Portada\",\"item\":\"https:\\\/\\\/www.laguiadepamplona.com\\\/actualidad\\\/\"},{\"@type\":\"ListItem\",\"position\":2,\"name\":\"Cuatro residencias de mayores se suman a la Semana de la Movilidad con paseos en bici para sus personas usuarias\"}]},{\"@type\":\"WebSite\",\"@id\":\"https:\\\/\\\/www.laguiadepamplona.com\\\/actualidad\\\/#website\",\"url\":\"https:\\\/\\\/www.laguiadepamplona.com\\\/actualidad\\\/\",\"name\":\"La gu\u00eda de Pamplona\",\"description\":\"Noticias de Pamplona\",\"publisher\":{\"@id\":\"https:\\\/\\\/www.laguiadepamplona.com\\\/actualidad\\\/#organization\"},\"potentialAction\":[{\"@type\":\"SearchAction\",\"target\":{\"@type\":\"EntryPoint\",\"urlTemplate\":\"https:\\\/\\\/www.laguiadepamplona.com\\\/actualidad\\\/?s={search_term_string}\"},\"query-input\":{\"@type\":\"PropertyValueSpecification\",\"valueRequired\":true,\"valueName\":\"search_term_string\"}}],\"inLanguage\":\"es\"},{\"@type\":\"Organization\",\"@id\":\"https:\\\/\\\/www.laguiadepamplona.com\\\/actualidad\\\/#organization\",\"name\":\"La Gu\u00eda de Pamplona \\\/ Noticias\",\"url\":\"https:\\\/\\\/www.laguiadepamplona.com\\\/actualidad\\\/\",\"logo\":{\"@type\":\"ImageObject\",\"inLanguage\":\"es\",\"@id\":\"https:\\\/\\\/www.laguiadepamplona.com\\\/actualidad\\\/#\\\/schema\\\/logo\\\/image\\\/\",\"url\":\"https:\\\/\\\/www.laguiadepamplona.com\\\/actualidad\\\/wp-content\\\/uploads\\\/2018\\\/11\\\/logo-laguiadepamplona18-web1.png\",\"contentUrl\":\"https:\\\/\\\/www.laguiadepamplona.com\\\/actualidad\\\/wp-content\\\/uploads\\\/2018\\\/11\\\/logo-laguiadepamplona18-web1.png\",\"width\":600,\"height\":196,\"caption\":\"La Gu\u00eda de Pamplona \\\/ Noticias\"},\"image\":{\"@id\":\"https:\\\/\\\/www.laguiadepamplona.com\\\/actualidad\\\/#\\\/schema\\\/logo\\\/image\\\/\"},\"sameAs\":[\"https:\\\/\\\/www.facebook.com\\\/laguiadepamplonacom-133175176762273\\\/?ref=hl\",\"https:\\\/\\\/x.com\\\/LaGuiadPamplona\",\"https:\\\/\\\/www.instagram.com\\\/la_guia_de_pamplona\\\/\",\"https:\\\/\\\/www.youtube.com\\\/user\\\/laguiadepamplona\"]},{\"@type\":\"Person\",\"@id\":\"https:\\\/\\\/www.laguiadepamplona.com\\\/actualidad\\\/#\\\/schema\\\/person\\\/efe887376f0213d4657c93adc50b1fdb\",\"name\":\"La Gu\u00eda de Pamplona\",\"image\":{\"@type\":\"ImageObject\",\"inLanguage\":\"es\",\"@id\":\"https:\\\/\\\/secure.gravatar.com\\\/avatar\\\/b6992f131dc8d30ab0dff15446e9d346d9dbd95992de0fef795073f5ea83a81c?s=96&d=mm&r=g\",\"url\":\"https:\\\/\\\/secure.gravatar.com\\\/avatar\\\/b6992f131dc8d30ab0dff15446e9d346d9dbd95992de0fef795073f5ea83a81c?s=96&d=mm&r=g\",\"contentUrl\":\"https:\\\/\\\/secure.gravatar.com\\\/avatar\\\/b6992f131dc8d30ab0dff15446e9d346d9dbd95992de0fef795073f5ea83a81c?s=96&d=mm&r=g\",\"caption\":\"La Gu\u00eda de Pamplona\"}}]}<\/script>\n<!-- \/ Yoast SEO plugin. -->","yoast_head_json":{"title":"Cuatro residencias de mayores se suman a la Semana de la Movilidad con paseos en bici para sus personas usuarias","description":"El Ayuntamiento de Pamplona ha organizado un servicio de paseos en triciclos con la colaboraci\u00f3n de varias asociaciones y personas voluntarias","robots":{"index":"index","follow":"follow","max-snippet":"max-snippet:-1","max-image-preview":"max-image-preview:large","max-video-preview":"max-video-preview:-1"},"canonical":"https:\/\/www.laguiadepamplona.com\/actualidad\/cuatro-residencias-de-mayores-se-suman-a-la-semana-de-la-movilidad-con-paseos-en-bici-para-sus-personas-usuarias\/","og_locale":"es_ES","og_type":"article","og_title":"Cuatro residencias de mayores se suman a la Semana de la Movilidad con paseos en bici para sus personas usuarias","og_description":"El Ayuntamiento de Pamplona ha organizado un servicio de paseos en triciclos con la colaboraci\u00f3n de varias asociaciones y personas voluntarias","og_url":"https:\/\/www.laguiadepamplona.com\/actualidad\/cuatro-residencias-de-mayores-se-suman-a-la-semana-de-la-movilidad-con-paseos-en-bici-para-sus-personas-usuarias\/","og_site_name":"La Gu\u00eda de Pamplona","article_publisher":"https:\/\/www.facebook.com\/laguiadepamplonacom-133175176762273\/?ref=hl","article_published_time":"2022-09-21T09:40:10+00:00","article_modified_time":"2023-04-11T09:47:49+00:00","og_image":[{"width":1920,"height":1280,"url":"https:\/\/www.laguiadepamplona.com\/actualidad\/wp-content\/uploads\/2022\/09\/actividadbicismisericordiaee5a8466.webp","type":"image\/webp"}],"author":"La Gu\u00eda de Pamplona","twitter_card":"summary_large_image","twitter_creator":"@LaGuiadPamplona","twitter_site":"@LaGuiadPamplona","twitter_misc":{"Escrito por":"La Gu\u00eda de Pamplona","Tiempo de lectura":"4 minutos"},"schema":{"@context":"https:\/\/schema.org","@graph":[{"@type":"Article","@id":"https:\/\/www.laguiadepamplona.com\/actualidad\/cuatro-residencias-de-mayores-se-suman-a-la-semana-de-la-movilidad-con-paseos-en-bici-para-sus-personas-usuarias\/#article","isPartOf":{"@id":"https:\/\/www.laguiadepamplona.com\/actualidad\/cuatro-residencias-de-mayores-se-suman-a-la-semana-de-la-movilidad-con-paseos-en-bici-para-sus-personas-usuarias\/"},"author":{"name":"La Gu\u00eda de Pamplona","@id":"https:\/\/www.laguiadepamplona.com\/actualidad\/#\/schema\/person\/efe887376f0213d4657c93adc50b1fdb"},"headline":"Cuatro residencias de mayores se suman a la Semana de la Movilidad con paseos en bici para sus personas usuarias","datePublished":"2022-09-21T09:40:10+00:00","dateModified":"2023-04-11T09:47:49+00:00","mainEntityOfPage":{"@id":"https:\/\/www.laguiadepamplona.com\/actualidad\/cuatro-residencias-de-mayores-se-suman-a-la-semana-de-la-movilidad-con-paseos-en-bici-para-sus-personas-usuarias\/"},"wordCount":776,"commentCount":0,"publisher":{"@id":"https:\/\/www.laguiadepamplona.com\/actualidad\/#organization"},"image":{"@id":"https:\/\/www.laguiadepamplona.com\/actualidad\/cuatro-residencias-de-mayores-se-suman-a-la-semana-de-la-movilidad-con-paseos-en-bici-para-sus-personas-usuarias\/#primaryimage"},"thumbnailUrl":"https:\/\/www.laguiadepamplona.com\/actualidad\/wp-content\/uploads\/2022\/09\/actividadbicismisericordiaee5a8466.webp","articleSection":["Ayto Pamplona"],"inLanguage":"es","potentialAction":[{"@type":"CommentAction","name":"Comment","target":["https:\/\/www.laguiadepamplona.com\/actualidad\/cuatro-residencias-de-mayores-se-suman-a-la-semana-de-la-movilidad-con-paseos-en-bici-para-sus-personas-usuarias\/#respond"]}]},{"@type":"WebPage","@id":"https:\/\/www.laguiadepamplona.com\/actualidad\/cuatro-residencias-de-mayores-se-suman-a-la-semana-de-la-movilidad-con-paseos-en-bici-para-sus-personas-usuarias\/","url":"https:\/\/www.laguiadepamplona.com\/actualidad\/cuatro-residencias-de-mayores-se-suman-a-la-semana-de-la-movilidad-con-paseos-en-bici-para-sus-personas-usuarias\/","name":"Cuatro residencias de mayores se suman a la Semana de la Movilidad con paseos en bici para sus personas usuarias","isPartOf":{"@id":"https:\/\/www.laguiadepamplona.com\/actualidad\/#website"},"primaryImageOfPage":{"@id":"https:\/\/www.laguiadepamplona.com\/actualidad\/cuatro-residencias-de-mayores-se-suman-a-la-semana-de-la-movilidad-con-paseos-en-bici-para-sus-personas-usuarias\/#primaryimage"},"image":{"@id":"https:\/\/www.laguiadepamplona.com\/actualidad\/cuatro-residencias-de-mayores-se-suman-a-la-semana-de-la-movilidad-con-paseos-en-bici-para-sus-personas-usuarias\/#primaryimage"},"thumbnailUrl":"https:\/\/www.laguiadepamplona.com\/actualidad\/wp-content\/uploads\/2022\/09\/actividadbicismisericordiaee5a8466.webp","datePublished":"2022-09-21T09:40:10+00:00","dateModified":"2023-04-11T09:47:49+00:00","description":"El Ayuntamiento de Pamplona ha organizado un servicio de paseos en triciclos con la colaboraci\u00f3n de varias asociaciones y personas voluntarias","breadcrumb":{"@id":"https:\/\/www.laguiadepamplona.com\/actualidad\/cuatro-residencias-de-mayores-se-suman-a-la-semana-de-la-movilidad-con-paseos-en-bici-para-sus-personas-usuarias\/#breadcrumb"},"inLanguage":"es","potentialAction":[{"@type":"ReadAction","target":["https:\/\/www.laguiadepamplona.com\/actualidad\/cuatro-residencias-de-mayores-se-suman-a-la-semana-de-la-movilidad-con-paseos-en-bici-para-sus-personas-usuarias\/"]}]},{"@type":"ImageObject","inLanguage":"es","@id":"https:\/\/www.laguiadepamplona.com\/actualidad\/cuatro-residencias-de-mayores-se-suman-a-la-semana-de-la-movilidad-con-paseos-en-bici-para-sus-personas-usuarias\/#primaryimage","url":"https:\/\/www.laguiadepamplona.com\/actualidad\/wp-content\/uploads\/2022\/09\/actividadbicismisericordiaee5a8466.webp","contentUrl":"https:\/\/www.laguiadepamplona.com\/actualidad\/wp-content\/uploads\/2022\/09\/actividadbicismisericordiaee5a8466.webp","width":1920,"height":1280},{"@type":"BreadcrumbList","@id":"https:\/\/www.laguiadepamplona.com\/actualidad\/cuatro-residencias-de-mayores-se-suman-a-la-semana-de-la-movilidad-con-paseos-en-bici-para-sus-personas-usuarias\/#breadcrumb","itemListElement":[{"@type":"ListItem","position":1,"name":"Portada","item":"https:\/\/www.laguiadepamplona.com\/actualidad\/"},{"@type":"ListItem","position":2,"name":"Cuatro residencias de mayores se suman a la Semana de la Movilidad con paseos en bici para sus personas usuarias"}]},{"@type":"WebSite","@id":"https:\/\/www.laguiadepamplona.com\/actualidad\/#website","url":"https:\/\/www.laguiadepamplona.com\/actualidad\/","name":"La gu\u00eda de Pamplona","description":"Noticias de Pamplona","publisher":{"@id":"https:\/\/www.laguiadepamplona.com\/actualidad\/#organization"},"potentialAction":[{"@type":"SearchAction","target":{"@type":"EntryPoint","urlTemplate":"https:\/\/www.laguiadepamplona.com\/actualidad\/?s={search_term_string}"},"query-input":{"@type":"PropertyValueSpecification","valueRequired":true,"valueName":"search_term_string"}}],"inLanguage":"es"},{"@type":"Organization","@id":"https:\/\/www.laguiadepamplona.com\/actualidad\/#organization","name":"La Gu\u00eda de Pamplona \/ Noticias","url":"https:\/\/www.laguiadepamplona.com\/actualidad\/","logo":{"@type":"ImageObject","inLanguage":"es","@id":"https:\/\/www.laguiadepamplona.com\/actualidad\/#\/schema\/logo\/image\/","url":"https:\/\/www.laguiadepamplona.com\/actualidad\/wp-content\/uploads\/2018\/11\/logo-laguiadepamplona18-web1.png","contentUrl":"https:\/\/www.laguiadepamplona.com\/actualidad\/wp-content\/uploads\/2018\/11\/logo-laguiadepamplona18-web1.png","width":600,"height":196,"caption":"La Gu\u00eda de Pamplona \/ Noticias"},"image":{"@id":"https:\/\/www.laguiadepamplona.com\/actualidad\/#\/schema\/logo\/image\/"},"sameAs":["https:\/\/www.facebook.com\/laguiadepamplonacom-133175176762273\/?ref=hl","https:\/\/x.com\/LaGuiadPamplona","https:\/\/www.instagram.com\/la_guia_de_pamplona\/","https:\/\/www.youtube.com\/user\/laguiadepamplona"]},{"@type":"Person","@id":"https:\/\/www.laguiadepamplona.com\/actualidad\/#\/schema\/person\/efe887376f0213d4657c93adc50b1fdb","name":"La Gu\u00eda de Pamplona","image":{"@type":"ImageObject","inLanguage":"es","@id":"https:\/\/secure.gravatar.com\/avatar\/b6992f131dc8d30ab0dff15446e9d346d9dbd95992de0fef795073f5ea83a81c?s=96&d=mm&r=g","url":"https:\/\/secure.gravatar.com\/avatar\/b6992f131dc8d30ab0dff15446e9d346d9dbd95992de0fef795073f5ea83a81c?s=96&d=mm&r=g","contentUrl":"https:\/\/secure.gravatar.com\/avatar\/b6992f131dc8d30ab0dff15446e9d346d9dbd95992de0fef795073f5ea83a81c?s=96&d=mm&r=g","caption":"La Gu\u00eda de Pamplona"}}]}},"post_mailing_queue_ids":[],"_links":{"self":[{"href":"https:\/\/www.laguiadepamplona.com\/actualidad\/wp-json\/wp\/v2\/posts\/41628","targetHints":{"allow":["GET"]}}],"collection":[{"href":"https:\/\/www.laguiadepamplona.com\/actualidad\/wp-json\/wp\/v2\/posts"}],"about":[{"href":"https:\/\/www.laguiadepamplona.com\/actualidad\/wp-json\/wp\/v2\/types\/post"}],"author":[{"embeddable":true,"href":"https:\/\/www.laguiadepamplona.com\/actualidad\/wp-json\/wp\/v2\/users\/1"}],"replies":[{"embeddable":true,"href":"https:\/\/www.laguiadepamplona.com\/actualidad\/wp-json\/wp\/v2\/comments?post=41628"}],"version-history":[{"count":0,"href":"https:\/\/www.laguiadepamplona.com\/actualidad\/wp-json\/wp\/v2\/posts\/41628\/revisions"}],"wp:featuredmedia":[{"embeddable":true,"href":"https:\/\/www.laguiadepamplona.com\/actualidad\/wp-json\/wp\/v2\/media\/41629"}],"wp:attachment":[{"href":"https:\/\/www.laguiadepamplona.com\/actualidad\/wp-json\/wp\/v2\/media?parent=41628"}],"wp:term":[{"taxonomy":"category","embeddable":true,"href":"https:\/\/www.laguiadepamplona.com\/actualidad\/wp-json\/wp\/v2\/categories?post=41628"},{"taxonomy":"post_tag","embeddable":true,"href":"https:\/\/www.laguiadepamplona.com\/actualidad\/wp-json\/wp\/v2\/tags?post=41628"}],"curies":[{"name":"wp","href":"https:\/\/api.w.org\/{rel}","templated":true}]}}