{"id":41625,"date":"2022-09-20T19:30:06","date_gmt":"2022-09-20T17:30:06","guid":{"rendered":"https:\/\/www.laguiadepamplona.com\/actualidad\/?p=41625"},"modified":"2023-04-11T11:47:49","modified_gmt":"2023-04-11T09:47:49","slug":"el-ayuntamiento-reivindica-el-valor-de-los-encuentros-de-pamplona-en-su-50-aniversario-con-un-amplio-programa-de-exposiciones-encuentros-con-artistas-danza-y-propuestas-musicales","status":"publish","type":"post","link":"https:\/\/www.laguiadepamplona.com\/actualidad\/el-ayuntamiento-reivindica-el-valor-de-los-encuentros-de-pamplona-en-su-50-aniversario-con-un-amplio-programa-de-exposiciones-encuentros-con-artistas-danza-y-propuestas-musicales\/","title":{"rendered":"El Ayuntamiento reivindica el valor de los Encuentros de Pamplona en su 50 aniversario con un amplio programa de exposiciones, encuentros con artistas, danza y propuestas musicales"},"content":{"rendered":"<h5>La programaci\u00f3n re\u00fane este trimestre a artistas como Isidoro Valc\u00e1rcel, P\u00edo Guerendi\u00e1in, Koldo Chamorro, Jos\u00e9 Luis Alexanco o el compositor Gordon Williamson<\/h5>\n<p><!--more--><\/p>\n<p>El Ayuntamiento se suma a la celebraci\u00f3n del 50\u00ba aniversario de los Encuentros de Pamplona de 1972, con un programa de actividades, exposiciones, performances y exhibiciones de danza en espacios municipales y en puntos al aire libre de la ciudad. Estas citas se suman al programa \u2018Encuentros 72 \u2013 22\u2019, que ha reunido a diferentes instituciones culturales para aportar su propio enfoque en torno a esta efem\u00e9ride. Los Encuentros de Pamplona 1972 fueron impulsados por la familia Huarte y organizados por el Grupo ALEA.<\/p>\n<p>Este pr\u00f3ximo viernes se abrir\u00e1 en la planta baja del Pabell\u00f3n de Mixtos la exposici\u00f3n \u2018Arquitecturas prematuras\u2019 de Isidoro Valc\u00e1rcel Medina. Este artista murciano particip\u00f3 en los Encuentros de Pamplona de 1972 con la instalaci\u00f3n de estructuras tubulares en el paseo de Sarasate y la proyecci\u00f3n de su pel\u00edcula experimental \u2018La Celos\u00eda\u2019 en el antiguo cine Pr\u00edncipe de Viana. Entre 1984 y 1992 realiz\u00f3 una serie de proyectos que titul\u00f3 \u2018Arquitecturas prematuras\u2019. La exposici\u00f3n recoge sus propuestas sobre la capacidad de la arquitectura para representar ideas y proponer otros modos de vida u otros usos de los espacios.<\/p>\n<p>Producida con la colaboraci\u00f3n de Isidoro Valc\u00e1rcel Medina, Azkuna Zentroa de Bilbao y el IVAM (Instituto Valenciano de Arte Moderno), cuenta con la participaci\u00f3n del COAVN \u2013 Colegio Oficial de Arquitectos Vasconavarro, que desarrollar\u00e1 un programa de visitas guiadas y actividades en torno a las arquitecturas ef\u00edmeras, una jornada de talleres y juego participativo, as\u00ed como unas conferencias de Antonio Cobo y Kristine Guzm\u00e1n.<br \/>\n<script async src=\"\/\/pagead2.googlesyndication.com\/pagead\/js\/adsbygoogle.js\"><\/script><br \/>\n<!-- Noticias La Guia de Pamplona --><br \/>\n<ins class=\"adsbygoogle\"\nstyle=\"display:block\"\ndata-ad-client=\"ca-pub-6943679897239327\"\ndata-ad-slot=\"7048180777\"\ndata-ad-format=\"auto\"><\/ins><br \/>\n<script>\n(adsbygoogle = window.adsbygoogle || []).push({});\n<\/script><\/p>\n<p><strong>Los carteles de los Encuentros y la influencia en artistas navarros<\/strong><\/p>\n<p>La pr\u00f3xima semana el protagonismo ser\u00e1 para \u2018Los carteles de Alexanco\u2019 y para \u2018Despu\u00e9s de los Encuentros\u2019, dos muestras que recordar\u00e1n los Encuentros de Pamplona y su influencia posterior en el arte contempor\u00e1neo navarro. \u2018Los carteles de Alexanco\u2019 es una muestra documental en el Polvor\u00edn de la Ciudadela sobre los carteles dise\u00f1ados por Jos\u00e9 Luis Alexanco para el cat\u00e1logo de los Encuentros de Pamplona 1972 que presentan las diversas y multidisciplinares actividades que se desarrollaron en la ciudad.<\/p>\n<p>\u2018Despu\u00e9s de los Encuentros\u2019 es una exposici\u00f3n colectiva sobre la generaci\u00f3n de artistas posterior que eclosion\u00f3 a partir de ellos, y que supusieron la primera generaci\u00f3n de autores que inici\u00f3 su trayectoria art\u00edstica en democracia. La integran 18 artistas (nacidos entre 1956 y 1968 y en activo) con obra realizada entre los a\u00f1os 90 del siglo XX y la primera d\u00e9cada del siglo XXI: F\u00e9lix Ortega, Javier Balda, Fernando Iriarte, Patxi Ezquieta, Jokin Manzanos, Asun Goikoetxea, Paco Pol\u00e1n, Dora Salazar, Txuspo Poyo, Dick Recalde, Pedro Os\u00e1kar, Txaro Fontalba, Santiago Garc\u00eda, Jorge Mart\u00ednez Huarte, Alfonso Ascunce, Jos\u00e9 Miguel Corral, Elena Go\u00f1i, Javier Muro. Se podr\u00e1 visitar en la Sala de Armas y est\u00e1 producida con la participaci\u00f3n del Ateneo Navarro, con la colaboraci\u00f3n de los autores, colecciones particulares y las colecciones p\u00fablicas del Ayuntamiento de Pamplona, el Museo de Navarra y la UPNA.<br \/>\n<script async src=\"\/\/pagead2.googlesyndication.com\/pagead\/js\/adsbygoogle.js\"><\/script><br \/>\n<!-- Noticias La Guia de Pamplona --><br \/>\n<ins class=\"adsbygoogle\"\nstyle=\"display:block\"\ndata-ad-client=\"ca-pub-6943679897239327\"\ndata-ad-slot=\"7048180777\"\ndata-ad-format=\"auto\"><\/ins><br \/>\n<script>\n(adsbygoogle = window.adsbygoogle || []).push({});\n<\/script><\/p>\n<p><strong>Fotograf\u00edas y encuentros de artistas en la exposici\u00f3n de Koldo Sebasti\u00e1n<\/strong><\/p>\n<p>Condestable se sumar\u00e1 tambi\u00e9n a la celebraci\u00f3n con dos exposiciones que se suceder\u00e1n una a la otra en las salas 1 y 2 de la primera planta. Del 6 de octubre al 20 de noviembre, se podr\u00e1 visitar \u20182 Encuentros: Fotograf\u00edas de P\u00edo Guerendi\u00e1in y Koldo Chamorro. Pamplona 1972-2022\u2019. P\u00edo Guerendi\u00e1in recibi\u00f3 el encargo del Grupo ALEA de documentar fotogr\u00e1ficamente los Encuentros. Se ver\u00e1 tambi\u00e9n el amplio ensayo fotogr\u00e1fico in\u00e9dito, recientemente descubierto, de Koldo Chamorro. La exposici\u00f3n est\u00e1 producida con la colaboraci\u00f3n del Museo de Navarra y la Fundaci\u00f3n Koldo Chamorro.<\/p>\n<p>Otro autor pamplon\u00e9s, Koldo Sebasti\u00e1n, contar\u00e1 con una exposici\u00f3n retrospectiva, del 25 de noviembre al 15 de enero. \u2018Confluencias\u2019 ser\u00e1 su t\u00edtulo y como parte de la muestra, se han generado unos \u2018Confluencuentros\u2019 con artistas para hablar sobre conceptos creativos. El 30 de noviembre Jos\u00e9 Ignacio Agorreta y Carlos C\u00e1novas tratar\u00e1n sobre el Espacio; el 1 de diciembre Miguel Bergasa y Pedro Salaberri reflexionar\u00e1n sobre la Persona; el 13 de diciembre Alicia Otaegui y Marijose Recalde abordar\u00e1n el Objeto; el 15 de diciembre el Sentimiento ser\u00e1 protagonista del encuentro con Ferm\u00edn Alvira y Tom\u00e1s Sobrino; el 27 de diciembre Jos\u00e9 Ram\u00f3n Anda y David Rodr\u00edguez Caballero conversar\u00e1n sobre lo Inefable; el 29 de diciembre Ferm\u00edn Jim\u00e9nez y Jhon Otazu tendr\u00e1 la Acci\u00f3n como referente. Ya en enero, dos encuentros m\u00e1s: el 10 de enero Mar Mateo y Bel\u00e9n Puyo sobre el Tiempo y el 12 de enero Javier Balda y Miguel Leache sobre el Concepto. Las sesiones ser\u00e1n a las 19 horas y estar\u00e1n abiertas a la participaci\u00f3n.<br \/>\n<script async src=\"\/\/pagead2.googlesyndication.com\/pagead\/js\/adsbygoogle.js\"><\/script><br \/>\n<!-- Noticias La Guia de Pamplona --><br \/>\n<ins class=\"adsbygoogle\"\nstyle=\"display:block\"\ndata-ad-client=\"ca-pub-6943679897239327\"\ndata-ad-slot=\"7048180777\"\ndata-ad-format=\"auto\"><\/ins><br \/>\n<script>\n(adsbygoogle = window.adsbygoogle || []).push({});\n<\/script><\/p>\n<p><strong>Los \u2018Encuentros\u2019 salen a la calle<\/strong><\/p>\n<p>Adem\u00e1s de las muestras en las salas expositivas municipales, el Ayuntamiento de Pamplona quiere sacar a la calle el esp\u00edritu de los Encuentros. Este pr\u00f3ximo domingo 25 de septiembre, a las 17 horas, tendr\u00e1 lugar \u2018A pie de calle\u2019, el gui\u00f1o de los Encuentros a la danza contempor\u00e1nea.\u00a0Un recorrido conjunto con el p\u00fablico, con diferentes paradas en calle Nueva, Plaza del Consejo, pasadizo de la Jacoba y Plaza del Castillo, en las que se representar\u00e1n coreograf\u00edas a pie de calle. La propuesta llegar\u00e1 de la mano de La Faktoria Choreographic Center.<\/p>\n<p>Esta programaci\u00f3n de aniversario de los Encuentros de Pamplona\u00a0cuenta tambi\u00e9n con una propuesta de mobiliario urbano, que se desarrollar\u00e1 entre octubre y diciembre, basada en un proceso de investigaci\u00f3n y participaci\u00f3n social que invita al encuentro intercultural en el espacio p\u00fablico, a trav\u00e9s del juego y la b\u00fasqueda del equilibrio en las din\u00e1micas sociales. Esta acci\u00f3n la llevar\u00e1 a cabo la Asociaci\u00f3n SEI (Servicio Educativo Intercultural) y la artista Marta El\u00eda, con la participaci\u00f3n de Antartika Kultur Kontainer.<\/p>\n<p>En octubre, los d\u00edas 22 y 23, el grupo de investigadores, int\u00e9rpretes y creadores Farout Artistic Research presenta una propuesta art\u00edstica y participativa, que invita a construir nuevas conectividades entre la ciudadan\u00eda. El prestigioso Gordon Williamson crear\u00e1 una nueva partitura musical en formato gr\u00e1fico y auditivo inspir\u00e1ndose en distintos rincones de Pamplona. Esta composici\u00f3n se pondr\u00e1 a disposici\u00f3n\u00a0del p\u00fablico para contar con sus interpretaciones individuales, a la que podr\u00e1n acercarse con sus propios instrumentos o con algunos dispuestos en el lugar en s\u00ed mismo.<\/p>\n<p>Adem\u00e1s, esta acci\u00f3n se registrar\u00e1 de forma audiovisual para dar lugar a una investigaci\u00f3n de car\u00e1cter acad\u00e9mico\/art\u00edstico que reflexiona sobre todas ellas. Esta performance musical, \u2018M\u00fasica para una ciudad\u2019, se desarrollar\u00e1 de forma simult\u00e1nea en Condestable, puestos de control de la ronda Barbazana y el baluarte del Red\u00edn, el s\u00e1bado de 11 a 14 horas y de 16 a 19 horas y el domingo de 11 a 14 horas. Adem\u00e1s, el s\u00e1bado, a las 19 horas tendr\u00e1 lugar una conversaci\u00f3n con el compositor, el arquitecto-dise\u00f1ador Xabier Go\u00f1i Casta\u00f1\u00f3n y los integrantes de Faraout Artistic Research (Beatriz Pom\u00e9s, Sef Haermans e Igor Saenz).<br \/>\n<script async src=\"\/\/pagead2.googlesyndication.com\/pagead\/js\/adsbygoogle.js\"><\/script><br \/>\n<!-- Noticias La Guia de Pamplona --><br \/>\n<ins class=\"adsbygoogle\"\nstyle=\"display:block\"\ndata-ad-client=\"ca-pub-6943679897239327\"\ndata-ad-slot=\"7048180777\"\ndata-ad-format=\"auto\"><\/ins><br \/>\n<script>\n(adsbygoogle = window.adsbygoogle || []).push({});\n<\/script><\/p>\n<p><strong>La importancia de los Encuentros del 1972<\/strong><\/p>\n<p>El Ayuntamiento de Pamplona va a publicar la obra \u2018Encuentros 1972 Pamplona. Una revisi\u00f3n en perspectiva\u2019 de Silvia S\u00e1daba, que encuadra esa cita cultural en el entorno econ\u00f3mico, pol\u00edtico y social en el que tuvieron lugar y que fue fundamental para su devenir. \u00bfC\u00f3mo fue realmente su proceso de g\u00e9nesis? \u00bfDe d\u00f3nde surgieron? \u00bfPor qu\u00e9 la familia Huarte se embarc\u00f3 en semejante aventura? \u00bfQu\u00e9 es lo que realmente quisieron hacer Luis de Pablo y Jos\u00e9 Luis Alexanco? La publicaci\u00f3n pretende responder a estas cuestiones, as\u00ed como anclar firmemente a los Encuentros de Pamplona en el tiempo y en el espacio.<\/p>\n<p>Todo este programa completa las actividades que ya se han llevado a cabo desde el verano. Entre el 24 de junio y el 3 de julio, el t\u00f3tem de la Ciudadela plasm\u00f3 \u2018Cinco miradas contempor\u00e1neas al videoarte, donde los artistas Natalie Karpushenko, Mario Klingemann, Filip Custic, Chino Moya y Juan D\u00edaz-Faes mostraron su manera de acercarse a diferentes debates actuales como las cuestiones de g\u00e9nero, el feminismo, el futuro de la Humanidad, el poder de las m\u00e1quinas o la contaminaci\u00f3n medioambiental.<\/p>\n<p>Del 29 de julio al 1 de septiembre, el Pabell\u00f3n de Mixtos acogi\u00f3 la exposici\u00f3n \u2018Encuentros 22 Escultura\u2019, muestra colectiva de 81 artistas de la asociaci\u00f3n de escultores Eskuahaldunak y, en esas mismas fechas, Patxi Araujo propuso en el Horno de la Ciudadela \u2018Ehime Daruma\u2019, instalaci\u00f3n electromec\u00e1nica formada por distintos materiales situada en un espacio de luz y oscuridad. Dentro del aniversario de los Encuentros del 72, se incluye tambi\u00e9n la exposici\u00f3n \u2018Empieza el espect\u00e1culo. Georges Meli\u00e8s y el cine de 1900\u2019 que se puede visitar en el paseo de Sarasate gracias a la Fundaci\u00f3n La Caixa.<\/p>\n","protected":false},"excerpt":{"rendered":"<p>La programaci\u00f3n re\u00fane este trimestre a artistas como Isidoro Valc\u00e1rcel, P\u00edo Guerendi\u00e1in, Koldo Chamorro, Jos\u00e9 Luis Alexanco o el compositor Gordon Williamson<\/p>\n","protected":false},"author":1,"featured_media":41626,"comment_status":"open","ping_status":"closed","sticky":false,"template":"","format":"standard","meta":{"footnotes":""},"categories":[2],"tags":[],"class_list":["post-41625","post","type-post","status-publish","format-standard","has-post-thumbnail","hentry","category-ayuntamiento-pamplona"],"yoast_head":"<!-- This site is optimized with the Yoast SEO plugin v27.5 - https:\/\/yoast.com\/product\/yoast-seo-wordpress\/ -->\n<title>El Ayuntamiento reivindica el valor de los Encuentros de Pamplona en su 50 aniversario con un amplio programa de exposiciones, encuentros con artistas, danza y propuestas musicales<\/title>\n<meta name=\"description\" content=\"La programaci\u00f3n re\u00fane este trimestre a artistas como Isidoro Valc\u00e1rcel, P\u00edo Guerendi\u00e1in, Koldo Chamorro, Jos\u00e9 Luis Alexanco o el compositor Gordon Williamson\" \/>\n<meta name=\"robots\" content=\"index, follow, max-snippet:-1, max-image-preview:large, max-video-preview:-1\" \/>\n<link rel=\"canonical\" href=\"https:\/\/www.laguiadepamplona.com\/actualidad\/el-ayuntamiento-reivindica-el-valor-de-los-encuentros-de-pamplona-en-su-50-aniversario-con-un-amplio-programa-de-exposiciones-encuentros-con-artistas-danza-y-propuestas-musicales\/\" \/>\n<meta property=\"og:locale\" content=\"es_ES\" \/>\n<meta property=\"og:type\" content=\"article\" \/>\n<meta property=\"og:title\" content=\"El Ayuntamiento reivindica el valor de los Encuentros de Pamplona en su 50 aniversario con un amplio programa de exposiciones, encuentros con artistas, danza y propuestas musicales\" \/>\n<meta property=\"og:description\" content=\"La programaci\u00f3n re\u00fane este trimestre a artistas como Isidoro Valc\u00e1rcel, P\u00edo Guerendi\u00e1in, Koldo Chamorro, Jos\u00e9 Luis Alexanco o el compositor Gordon Williamson\" \/>\n<meta property=\"og:url\" content=\"https:\/\/www.laguiadepamplona.com\/actualidad\/el-ayuntamiento-reivindica-el-valor-de-los-encuentros-de-pamplona-en-su-50-aniversario-con-un-amplio-programa-de-exposiciones-encuentros-con-artistas-danza-y-propuestas-musicales\/\" \/>\n<meta property=\"og:site_name\" content=\"La Gu\u00eda de Pamplona\" \/>\n<meta property=\"article:publisher\" content=\"https:\/\/www.facebook.com\/laguiadepamplonacom-133175176762273\/?ref=hl\" \/>\n<meta property=\"article:published_time\" content=\"2022-09-20T17:30:06+00:00\" \/>\n<meta property=\"article:modified_time\" content=\"2023-04-11T09:47:49+00:00\" \/>\n<meta property=\"og:image\" content=\"https:\/\/www.laguiadepamplona.com\/actualidad\/wp-content\/uploads\/2022\/09\/videoarte_0.webp\" \/>\n\t<meta property=\"og:image:width\" content=\"1600\" \/>\n\t<meta property=\"og:image:height\" content=\"1200\" \/>\n\t<meta property=\"og:image:type\" content=\"image\/webp\" \/>\n<meta name=\"author\" content=\"La Gu\u00eda de Pamplona\" \/>\n<meta name=\"twitter:card\" content=\"summary_large_image\" \/>\n<meta name=\"twitter:creator\" content=\"@LaGuiadPamplona\" \/>\n<meta name=\"twitter:site\" content=\"@LaGuiadPamplona\" \/>\n<meta name=\"twitter:label1\" content=\"Escrito por\" \/>\n\t<meta name=\"twitter:data1\" content=\"La Gu\u00eda de Pamplona\" \/>\n\t<meta name=\"twitter:label2\" content=\"Tiempo de lectura\" \/>\n\t<meta name=\"twitter:data2\" content=\"7 minutos\" \/>\n<script type=\"application\/ld+json\" class=\"yoast-schema-graph\">{\"@context\":\"https:\\\/\\\/schema.org\",\"@graph\":[{\"@type\":\"Article\",\"@id\":\"https:\\\/\\\/www.laguiadepamplona.com\\\/actualidad\\\/el-ayuntamiento-reivindica-el-valor-de-los-encuentros-de-pamplona-en-su-50-aniversario-con-un-amplio-programa-de-exposiciones-encuentros-con-artistas-danza-y-propuestas-musicales\\\/#article\",\"isPartOf\":{\"@id\":\"https:\\\/\\\/www.laguiadepamplona.com\\\/actualidad\\\/el-ayuntamiento-reivindica-el-valor-de-los-encuentros-de-pamplona-en-su-50-aniversario-con-un-amplio-programa-de-exposiciones-encuentros-con-artistas-danza-y-propuestas-musicales\\\/\"},\"author\":{\"name\":\"La Gu\u00eda de Pamplona\",\"@id\":\"https:\\\/\\\/www.laguiadepamplona.com\\\/actualidad\\\/#\\\/schema\\\/person\\\/efe887376f0213d4657c93adc50b1fdb\"},\"headline\":\"El Ayuntamiento reivindica el valor de los Encuentros de Pamplona en su 50 aniversario con un amplio programa de exposiciones, encuentros con artistas, danza y propuestas musicales\",\"datePublished\":\"2022-09-20T17:30:06+00:00\",\"dateModified\":\"2023-04-11T09:47:49+00:00\",\"mainEntityOfPage\":{\"@id\":\"https:\\\/\\\/www.laguiadepamplona.com\\\/actualidad\\\/el-ayuntamiento-reivindica-el-valor-de-los-encuentros-de-pamplona-en-su-50-aniversario-con-un-amplio-programa-de-exposiciones-encuentros-con-artistas-danza-y-propuestas-musicales\\\/\"},\"wordCount\":1548,\"commentCount\":0,\"publisher\":{\"@id\":\"https:\\\/\\\/www.laguiadepamplona.com\\\/actualidad\\\/#organization\"},\"image\":{\"@id\":\"https:\\\/\\\/www.laguiadepamplona.com\\\/actualidad\\\/el-ayuntamiento-reivindica-el-valor-de-los-encuentros-de-pamplona-en-su-50-aniversario-con-un-amplio-programa-de-exposiciones-encuentros-con-artistas-danza-y-propuestas-musicales\\\/#primaryimage\"},\"thumbnailUrl\":\"https:\\\/\\\/www.laguiadepamplona.com\\\/actualidad\\\/wp-content\\\/uploads\\\/2022\\\/09\\\/videoarte_0.webp\",\"articleSection\":[\"Ayto Pamplona\"],\"inLanguage\":\"es\",\"potentialAction\":[{\"@type\":\"CommentAction\",\"name\":\"Comment\",\"target\":[\"https:\\\/\\\/www.laguiadepamplona.com\\\/actualidad\\\/el-ayuntamiento-reivindica-el-valor-de-los-encuentros-de-pamplona-en-su-50-aniversario-con-un-amplio-programa-de-exposiciones-encuentros-con-artistas-danza-y-propuestas-musicales\\\/#respond\"]}]},{\"@type\":\"WebPage\",\"@id\":\"https:\\\/\\\/www.laguiadepamplona.com\\\/actualidad\\\/el-ayuntamiento-reivindica-el-valor-de-los-encuentros-de-pamplona-en-su-50-aniversario-con-un-amplio-programa-de-exposiciones-encuentros-con-artistas-danza-y-propuestas-musicales\\\/\",\"url\":\"https:\\\/\\\/www.laguiadepamplona.com\\\/actualidad\\\/el-ayuntamiento-reivindica-el-valor-de-los-encuentros-de-pamplona-en-su-50-aniversario-con-un-amplio-programa-de-exposiciones-encuentros-con-artistas-danza-y-propuestas-musicales\\\/\",\"name\":\"El Ayuntamiento reivindica el valor de los Encuentros de Pamplona en su 50 aniversario con un amplio programa de exposiciones, encuentros con artistas, danza y propuestas musicales\",\"isPartOf\":{\"@id\":\"https:\\\/\\\/www.laguiadepamplona.com\\\/actualidad\\\/#website\"},\"primaryImageOfPage\":{\"@id\":\"https:\\\/\\\/www.laguiadepamplona.com\\\/actualidad\\\/el-ayuntamiento-reivindica-el-valor-de-los-encuentros-de-pamplona-en-su-50-aniversario-con-un-amplio-programa-de-exposiciones-encuentros-con-artistas-danza-y-propuestas-musicales\\\/#primaryimage\"},\"image\":{\"@id\":\"https:\\\/\\\/www.laguiadepamplona.com\\\/actualidad\\\/el-ayuntamiento-reivindica-el-valor-de-los-encuentros-de-pamplona-en-su-50-aniversario-con-un-amplio-programa-de-exposiciones-encuentros-con-artistas-danza-y-propuestas-musicales\\\/#primaryimage\"},\"thumbnailUrl\":\"https:\\\/\\\/www.laguiadepamplona.com\\\/actualidad\\\/wp-content\\\/uploads\\\/2022\\\/09\\\/videoarte_0.webp\",\"datePublished\":\"2022-09-20T17:30:06+00:00\",\"dateModified\":\"2023-04-11T09:47:49+00:00\",\"description\":\"La programaci\u00f3n re\u00fane este trimestre a artistas como Isidoro Valc\u00e1rcel, P\u00edo Guerendi\u00e1in, Koldo Chamorro, Jos\u00e9 Luis Alexanco o el compositor Gordon Williamson\",\"breadcrumb\":{\"@id\":\"https:\\\/\\\/www.laguiadepamplona.com\\\/actualidad\\\/el-ayuntamiento-reivindica-el-valor-de-los-encuentros-de-pamplona-en-su-50-aniversario-con-un-amplio-programa-de-exposiciones-encuentros-con-artistas-danza-y-propuestas-musicales\\\/#breadcrumb\"},\"inLanguage\":\"es\",\"potentialAction\":[{\"@type\":\"ReadAction\",\"target\":[\"https:\\\/\\\/www.laguiadepamplona.com\\\/actualidad\\\/el-ayuntamiento-reivindica-el-valor-de-los-encuentros-de-pamplona-en-su-50-aniversario-con-un-amplio-programa-de-exposiciones-encuentros-con-artistas-danza-y-propuestas-musicales\\\/\"]}]},{\"@type\":\"ImageObject\",\"inLanguage\":\"es\",\"@id\":\"https:\\\/\\\/www.laguiadepamplona.com\\\/actualidad\\\/el-ayuntamiento-reivindica-el-valor-de-los-encuentros-de-pamplona-en-su-50-aniversario-con-un-amplio-programa-de-exposiciones-encuentros-con-artistas-danza-y-propuestas-musicales\\\/#primaryimage\",\"url\":\"https:\\\/\\\/www.laguiadepamplona.com\\\/actualidad\\\/wp-content\\\/uploads\\\/2022\\\/09\\\/videoarte_0.webp\",\"contentUrl\":\"https:\\\/\\\/www.laguiadepamplona.com\\\/actualidad\\\/wp-content\\\/uploads\\\/2022\\\/09\\\/videoarte_0.webp\",\"width\":1600,\"height\":1200},{\"@type\":\"BreadcrumbList\",\"@id\":\"https:\\\/\\\/www.laguiadepamplona.com\\\/actualidad\\\/el-ayuntamiento-reivindica-el-valor-de-los-encuentros-de-pamplona-en-su-50-aniversario-con-un-amplio-programa-de-exposiciones-encuentros-con-artistas-danza-y-propuestas-musicales\\\/#breadcrumb\",\"itemListElement\":[{\"@type\":\"ListItem\",\"position\":1,\"name\":\"Portada\",\"item\":\"https:\\\/\\\/www.laguiadepamplona.com\\\/actualidad\\\/\"},{\"@type\":\"ListItem\",\"position\":2,\"name\":\"El Ayuntamiento reivindica el valor de los Encuentros de Pamplona en su 50 aniversario con un amplio programa de exposiciones, encuentros con artistas, danza y propuestas musicales\"}]},{\"@type\":\"WebSite\",\"@id\":\"https:\\\/\\\/www.laguiadepamplona.com\\\/actualidad\\\/#website\",\"url\":\"https:\\\/\\\/www.laguiadepamplona.com\\\/actualidad\\\/\",\"name\":\"La gu\u00eda de Pamplona\",\"description\":\"Noticias de Pamplona\",\"publisher\":{\"@id\":\"https:\\\/\\\/www.laguiadepamplona.com\\\/actualidad\\\/#organization\"},\"potentialAction\":[{\"@type\":\"SearchAction\",\"target\":{\"@type\":\"EntryPoint\",\"urlTemplate\":\"https:\\\/\\\/www.laguiadepamplona.com\\\/actualidad\\\/?s={search_term_string}\"},\"query-input\":{\"@type\":\"PropertyValueSpecification\",\"valueRequired\":true,\"valueName\":\"search_term_string\"}}],\"inLanguage\":\"es\"},{\"@type\":\"Organization\",\"@id\":\"https:\\\/\\\/www.laguiadepamplona.com\\\/actualidad\\\/#organization\",\"name\":\"La Gu\u00eda de Pamplona \\\/ Noticias\",\"url\":\"https:\\\/\\\/www.laguiadepamplona.com\\\/actualidad\\\/\",\"logo\":{\"@type\":\"ImageObject\",\"inLanguage\":\"es\",\"@id\":\"https:\\\/\\\/www.laguiadepamplona.com\\\/actualidad\\\/#\\\/schema\\\/logo\\\/image\\\/\",\"url\":\"https:\\\/\\\/www.laguiadepamplona.com\\\/actualidad\\\/wp-content\\\/uploads\\\/2018\\\/11\\\/logo-laguiadepamplona18-web1.png\",\"contentUrl\":\"https:\\\/\\\/www.laguiadepamplona.com\\\/actualidad\\\/wp-content\\\/uploads\\\/2018\\\/11\\\/logo-laguiadepamplona18-web1.png\",\"width\":600,\"height\":196,\"caption\":\"La Gu\u00eda de Pamplona \\\/ Noticias\"},\"image\":{\"@id\":\"https:\\\/\\\/www.laguiadepamplona.com\\\/actualidad\\\/#\\\/schema\\\/logo\\\/image\\\/\"},\"sameAs\":[\"https:\\\/\\\/www.facebook.com\\\/laguiadepamplonacom-133175176762273\\\/?ref=hl\",\"https:\\\/\\\/x.com\\\/LaGuiadPamplona\",\"https:\\\/\\\/www.instagram.com\\\/la_guia_de_pamplona\\\/\",\"https:\\\/\\\/www.youtube.com\\\/user\\\/laguiadepamplona\"]},{\"@type\":\"Person\",\"@id\":\"https:\\\/\\\/www.laguiadepamplona.com\\\/actualidad\\\/#\\\/schema\\\/person\\\/efe887376f0213d4657c93adc50b1fdb\",\"name\":\"La Gu\u00eda de Pamplona\",\"image\":{\"@type\":\"ImageObject\",\"inLanguage\":\"es\",\"@id\":\"https:\\\/\\\/secure.gravatar.com\\\/avatar\\\/b6992f131dc8d30ab0dff15446e9d346d9dbd95992de0fef795073f5ea83a81c?s=96&d=mm&r=g\",\"url\":\"https:\\\/\\\/secure.gravatar.com\\\/avatar\\\/b6992f131dc8d30ab0dff15446e9d346d9dbd95992de0fef795073f5ea83a81c?s=96&d=mm&r=g\",\"contentUrl\":\"https:\\\/\\\/secure.gravatar.com\\\/avatar\\\/b6992f131dc8d30ab0dff15446e9d346d9dbd95992de0fef795073f5ea83a81c?s=96&d=mm&r=g\",\"caption\":\"La Gu\u00eda de Pamplona\"}}]}<\/script>\n<!-- \/ Yoast SEO plugin. -->","yoast_head_json":{"title":"El Ayuntamiento reivindica el valor de los Encuentros de Pamplona en su 50 aniversario con un amplio programa de exposiciones, encuentros con artistas, danza y propuestas musicales","description":"La programaci\u00f3n re\u00fane este trimestre a artistas como Isidoro Valc\u00e1rcel, P\u00edo Guerendi\u00e1in, Koldo Chamorro, Jos\u00e9 Luis Alexanco o el compositor Gordon Williamson","robots":{"index":"index","follow":"follow","max-snippet":"max-snippet:-1","max-image-preview":"max-image-preview:large","max-video-preview":"max-video-preview:-1"},"canonical":"https:\/\/www.laguiadepamplona.com\/actualidad\/el-ayuntamiento-reivindica-el-valor-de-los-encuentros-de-pamplona-en-su-50-aniversario-con-un-amplio-programa-de-exposiciones-encuentros-con-artistas-danza-y-propuestas-musicales\/","og_locale":"es_ES","og_type":"article","og_title":"El Ayuntamiento reivindica el valor de los Encuentros de Pamplona en su 50 aniversario con un amplio programa de exposiciones, encuentros con artistas, danza y propuestas musicales","og_description":"La programaci\u00f3n re\u00fane este trimestre a artistas como Isidoro Valc\u00e1rcel, P\u00edo Guerendi\u00e1in, Koldo Chamorro, Jos\u00e9 Luis Alexanco o el compositor Gordon Williamson","og_url":"https:\/\/www.laguiadepamplona.com\/actualidad\/el-ayuntamiento-reivindica-el-valor-de-los-encuentros-de-pamplona-en-su-50-aniversario-con-un-amplio-programa-de-exposiciones-encuentros-con-artistas-danza-y-propuestas-musicales\/","og_site_name":"La Gu\u00eda de Pamplona","article_publisher":"https:\/\/www.facebook.com\/laguiadepamplonacom-133175176762273\/?ref=hl","article_published_time":"2022-09-20T17:30:06+00:00","article_modified_time":"2023-04-11T09:47:49+00:00","og_image":[{"width":1600,"height":1200,"url":"https:\/\/www.laguiadepamplona.com\/actualidad\/wp-content\/uploads\/2022\/09\/videoarte_0.webp","type":"image\/webp"}],"author":"La Gu\u00eda de Pamplona","twitter_card":"summary_large_image","twitter_creator":"@LaGuiadPamplona","twitter_site":"@LaGuiadPamplona","twitter_misc":{"Escrito por":"La Gu\u00eda de Pamplona","Tiempo de lectura":"7 minutos"},"schema":{"@context":"https:\/\/schema.org","@graph":[{"@type":"Article","@id":"https:\/\/www.laguiadepamplona.com\/actualidad\/el-ayuntamiento-reivindica-el-valor-de-los-encuentros-de-pamplona-en-su-50-aniversario-con-un-amplio-programa-de-exposiciones-encuentros-con-artistas-danza-y-propuestas-musicales\/#article","isPartOf":{"@id":"https:\/\/www.laguiadepamplona.com\/actualidad\/el-ayuntamiento-reivindica-el-valor-de-los-encuentros-de-pamplona-en-su-50-aniversario-con-un-amplio-programa-de-exposiciones-encuentros-con-artistas-danza-y-propuestas-musicales\/"},"author":{"name":"La Gu\u00eda de Pamplona","@id":"https:\/\/www.laguiadepamplona.com\/actualidad\/#\/schema\/person\/efe887376f0213d4657c93adc50b1fdb"},"headline":"El Ayuntamiento reivindica el valor de los Encuentros de Pamplona en su 50 aniversario con un amplio programa de exposiciones, encuentros con artistas, danza y propuestas musicales","datePublished":"2022-09-20T17:30:06+00:00","dateModified":"2023-04-11T09:47:49+00:00","mainEntityOfPage":{"@id":"https:\/\/www.laguiadepamplona.com\/actualidad\/el-ayuntamiento-reivindica-el-valor-de-los-encuentros-de-pamplona-en-su-50-aniversario-con-un-amplio-programa-de-exposiciones-encuentros-con-artistas-danza-y-propuestas-musicales\/"},"wordCount":1548,"commentCount":0,"publisher":{"@id":"https:\/\/www.laguiadepamplona.com\/actualidad\/#organization"},"image":{"@id":"https:\/\/www.laguiadepamplona.com\/actualidad\/el-ayuntamiento-reivindica-el-valor-de-los-encuentros-de-pamplona-en-su-50-aniversario-con-un-amplio-programa-de-exposiciones-encuentros-con-artistas-danza-y-propuestas-musicales\/#primaryimage"},"thumbnailUrl":"https:\/\/www.laguiadepamplona.com\/actualidad\/wp-content\/uploads\/2022\/09\/videoarte_0.webp","articleSection":["Ayto Pamplona"],"inLanguage":"es","potentialAction":[{"@type":"CommentAction","name":"Comment","target":["https:\/\/www.laguiadepamplona.com\/actualidad\/el-ayuntamiento-reivindica-el-valor-de-los-encuentros-de-pamplona-en-su-50-aniversario-con-un-amplio-programa-de-exposiciones-encuentros-con-artistas-danza-y-propuestas-musicales\/#respond"]}]},{"@type":"WebPage","@id":"https:\/\/www.laguiadepamplona.com\/actualidad\/el-ayuntamiento-reivindica-el-valor-de-los-encuentros-de-pamplona-en-su-50-aniversario-con-un-amplio-programa-de-exposiciones-encuentros-con-artistas-danza-y-propuestas-musicales\/","url":"https:\/\/www.laguiadepamplona.com\/actualidad\/el-ayuntamiento-reivindica-el-valor-de-los-encuentros-de-pamplona-en-su-50-aniversario-con-un-amplio-programa-de-exposiciones-encuentros-con-artistas-danza-y-propuestas-musicales\/","name":"El Ayuntamiento reivindica el valor de los Encuentros de Pamplona en su 50 aniversario con un amplio programa de exposiciones, encuentros con artistas, danza y propuestas musicales","isPartOf":{"@id":"https:\/\/www.laguiadepamplona.com\/actualidad\/#website"},"primaryImageOfPage":{"@id":"https:\/\/www.laguiadepamplona.com\/actualidad\/el-ayuntamiento-reivindica-el-valor-de-los-encuentros-de-pamplona-en-su-50-aniversario-con-un-amplio-programa-de-exposiciones-encuentros-con-artistas-danza-y-propuestas-musicales\/#primaryimage"},"image":{"@id":"https:\/\/www.laguiadepamplona.com\/actualidad\/el-ayuntamiento-reivindica-el-valor-de-los-encuentros-de-pamplona-en-su-50-aniversario-con-un-amplio-programa-de-exposiciones-encuentros-con-artistas-danza-y-propuestas-musicales\/#primaryimage"},"thumbnailUrl":"https:\/\/www.laguiadepamplona.com\/actualidad\/wp-content\/uploads\/2022\/09\/videoarte_0.webp","datePublished":"2022-09-20T17:30:06+00:00","dateModified":"2023-04-11T09:47:49+00:00","description":"La programaci\u00f3n re\u00fane este trimestre a artistas como Isidoro Valc\u00e1rcel, P\u00edo Guerendi\u00e1in, Koldo Chamorro, Jos\u00e9 Luis Alexanco o el compositor Gordon Williamson","breadcrumb":{"@id":"https:\/\/www.laguiadepamplona.com\/actualidad\/el-ayuntamiento-reivindica-el-valor-de-los-encuentros-de-pamplona-en-su-50-aniversario-con-un-amplio-programa-de-exposiciones-encuentros-con-artistas-danza-y-propuestas-musicales\/#breadcrumb"},"inLanguage":"es","potentialAction":[{"@type":"ReadAction","target":["https:\/\/www.laguiadepamplona.com\/actualidad\/el-ayuntamiento-reivindica-el-valor-de-los-encuentros-de-pamplona-en-su-50-aniversario-con-un-amplio-programa-de-exposiciones-encuentros-con-artistas-danza-y-propuestas-musicales\/"]}]},{"@type":"ImageObject","inLanguage":"es","@id":"https:\/\/www.laguiadepamplona.com\/actualidad\/el-ayuntamiento-reivindica-el-valor-de-los-encuentros-de-pamplona-en-su-50-aniversario-con-un-amplio-programa-de-exposiciones-encuentros-con-artistas-danza-y-propuestas-musicales\/#primaryimage","url":"https:\/\/www.laguiadepamplona.com\/actualidad\/wp-content\/uploads\/2022\/09\/videoarte_0.webp","contentUrl":"https:\/\/www.laguiadepamplona.com\/actualidad\/wp-content\/uploads\/2022\/09\/videoarte_0.webp","width":1600,"height":1200},{"@type":"BreadcrumbList","@id":"https:\/\/www.laguiadepamplona.com\/actualidad\/el-ayuntamiento-reivindica-el-valor-de-los-encuentros-de-pamplona-en-su-50-aniversario-con-un-amplio-programa-de-exposiciones-encuentros-con-artistas-danza-y-propuestas-musicales\/#breadcrumb","itemListElement":[{"@type":"ListItem","position":1,"name":"Portada","item":"https:\/\/www.laguiadepamplona.com\/actualidad\/"},{"@type":"ListItem","position":2,"name":"El Ayuntamiento reivindica el valor de los Encuentros de Pamplona en su 50 aniversario con un amplio programa de exposiciones, encuentros con artistas, danza y propuestas musicales"}]},{"@type":"WebSite","@id":"https:\/\/www.laguiadepamplona.com\/actualidad\/#website","url":"https:\/\/www.laguiadepamplona.com\/actualidad\/","name":"La gu\u00eda de Pamplona","description":"Noticias de Pamplona","publisher":{"@id":"https:\/\/www.laguiadepamplona.com\/actualidad\/#organization"},"potentialAction":[{"@type":"SearchAction","target":{"@type":"EntryPoint","urlTemplate":"https:\/\/www.laguiadepamplona.com\/actualidad\/?s={search_term_string}"},"query-input":{"@type":"PropertyValueSpecification","valueRequired":true,"valueName":"search_term_string"}}],"inLanguage":"es"},{"@type":"Organization","@id":"https:\/\/www.laguiadepamplona.com\/actualidad\/#organization","name":"La Gu\u00eda de Pamplona \/ Noticias","url":"https:\/\/www.laguiadepamplona.com\/actualidad\/","logo":{"@type":"ImageObject","inLanguage":"es","@id":"https:\/\/www.laguiadepamplona.com\/actualidad\/#\/schema\/logo\/image\/","url":"https:\/\/www.laguiadepamplona.com\/actualidad\/wp-content\/uploads\/2018\/11\/logo-laguiadepamplona18-web1.png","contentUrl":"https:\/\/www.laguiadepamplona.com\/actualidad\/wp-content\/uploads\/2018\/11\/logo-laguiadepamplona18-web1.png","width":600,"height":196,"caption":"La Gu\u00eda de Pamplona \/ Noticias"},"image":{"@id":"https:\/\/www.laguiadepamplona.com\/actualidad\/#\/schema\/logo\/image\/"},"sameAs":["https:\/\/www.facebook.com\/laguiadepamplonacom-133175176762273\/?ref=hl","https:\/\/x.com\/LaGuiadPamplona","https:\/\/www.instagram.com\/la_guia_de_pamplona\/","https:\/\/www.youtube.com\/user\/laguiadepamplona"]},{"@type":"Person","@id":"https:\/\/www.laguiadepamplona.com\/actualidad\/#\/schema\/person\/efe887376f0213d4657c93adc50b1fdb","name":"La Gu\u00eda de Pamplona","image":{"@type":"ImageObject","inLanguage":"es","@id":"https:\/\/secure.gravatar.com\/avatar\/b6992f131dc8d30ab0dff15446e9d346d9dbd95992de0fef795073f5ea83a81c?s=96&d=mm&r=g","url":"https:\/\/secure.gravatar.com\/avatar\/b6992f131dc8d30ab0dff15446e9d346d9dbd95992de0fef795073f5ea83a81c?s=96&d=mm&r=g","contentUrl":"https:\/\/secure.gravatar.com\/avatar\/b6992f131dc8d30ab0dff15446e9d346d9dbd95992de0fef795073f5ea83a81c?s=96&d=mm&r=g","caption":"La Gu\u00eda de Pamplona"}}]}},"post_mailing_queue_ids":[],"_links":{"self":[{"href":"https:\/\/www.laguiadepamplona.com\/actualidad\/wp-json\/wp\/v2\/posts\/41625","targetHints":{"allow":["GET"]}}],"collection":[{"href":"https:\/\/www.laguiadepamplona.com\/actualidad\/wp-json\/wp\/v2\/posts"}],"about":[{"href":"https:\/\/www.laguiadepamplona.com\/actualidad\/wp-json\/wp\/v2\/types\/post"}],"author":[{"embeddable":true,"href":"https:\/\/www.laguiadepamplona.com\/actualidad\/wp-json\/wp\/v2\/users\/1"}],"replies":[{"embeddable":true,"href":"https:\/\/www.laguiadepamplona.com\/actualidad\/wp-json\/wp\/v2\/comments?post=41625"}],"version-history":[{"count":0,"href":"https:\/\/www.laguiadepamplona.com\/actualidad\/wp-json\/wp\/v2\/posts\/41625\/revisions"}],"wp:featuredmedia":[{"embeddable":true,"href":"https:\/\/www.laguiadepamplona.com\/actualidad\/wp-json\/wp\/v2\/media\/41626"}],"wp:attachment":[{"href":"https:\/\/www.laguiadepamplona.com\/actualidad\/wp-json\/wp\/v2\/media?parent=41625"}],"wp:term":[{"taxonomy":"category","embeddable":true,"href":"https:\/\/www.laguiadepamplona.com\/actualidad\/wp-json\/wp\/v2\/categories?post=41625"},{"taxonomy":"post_tag","embeddable":true,"href":"https:\/\/www.laguiadepamplona.com\/actualidad\/wp-json\/wp\/v2\/tags?post=41625"}],"curies":[{"name":"wp","href":"https:\/\/api.w.org\/{rel}","templated":true}]}}