{"id":41579,"date":"2022-09-19T17:51:26","date_gmt":"2022-09-19T15:51:26","guid":{"rendered":"https:\/\/www.laguiadepamplona.com\/actualidad\/?p=41579"},"modified":"2023-04-11T11:47:49","modified_gmt":"2023-04-11T09:47:49","slug":"el-cuerpo-de-guardia-del-antiguo-portal-de-la-rochapea-acogera-un-centro-de-experiencias-san-fermin-365","status":"publish","type":"post","link":"https:\/\/www.laguiadepamplona.com\/actualidad\/el-cuerpo-de-guardia-del-antiguo-portal-de-la-rochapea-acogera-un-centro-de-experiencias-san-fermin-365\/","title":{"rendered":"El cuerpo de guardia del antiguo portal de la Rochapea acoger\u00e1 un centro de experiencias San Ferm\u00edn 365"},"content":{"rendered":"<h5>El Ayuntamiento licita las obras de restauraci\u00f3n para recuperar el valor arquitect\u00f3nico e hist\u00f3rico del edificio por valor de 413.275,5 euros<\/h5>\n<p><!--more--><\/p>\n<p>La Junta de Gobierno Local ha licitado el contrato de restauraci\u00f3n del cuerpo de guardia del antiguo portal de la Rochapea como centro de experiencias San Ferm\u00edn 365. Este contrato, por valor de 413.275,5 euros, se enmarca en el programa de ayudas para la elaboraci\u00f3n de proyectos piloto de Planes de Acci\u00f3n Local de la Agenda Urbana Espa\u00f1ola, dentro del Plan de Recuperaci\u00f3n, Transformaci\u00f3n y Resiliencia, financiado por la Uni\u00f3n Europea a trav\u00e9s de los fondos Next Generation. El plazo de ejecuci\u00f3n es de seis meses y la fecha prevista de inicio es el mes de noviembre del presente a\u00f1o.<br \/>\n<script async src=\"\/\/pagead2.googlesyndication.com\/pagead\/js\/adsbygoogle.js\"><\/script><br \/>\n<!-- Noticias La Guia de Pamplona --><br \/>\n<ins class=\"adsbygoogle\"\nstyle=\"display:block\"\ndata-ad-client=\"ca-pub-6943679897239327\"\ndata-ad-slot=\"7048180777\"\ndata-ad-format=\"auto\"><\/ins><br \/>\n<script>\n(adsbygoogle = window.adsbygoogle || []).push({});\n<\/script><\/p>\n<p>El proyecto pretende recuperar el valor arquitect\u00f3nico del edificio del cuerpo de guardia y su comprensi\u00f3n hist\u00f3rica, adapt\u00e1ndolo para su nuevo uso como centro de experiencias San Ferm\u00edn 365, si bien los contenidos del futuro centro no forman parte de esta licitaci\u00f3n. El proyecto incluye la urbanizaci\u00f3n del porche, escaleras y zonas m\u00e1s pr\u00f3ximas al cuerpo de guardia. La restauraci\u00f3n supondr\u00e1 recuperar y adaptar la estructura, muros, cubierta y solera del cuerpo de guardia para adaptarlo a la normativa actual de edificaci\u00f3n, dejando el interior di\u00e1fano y lo m\u00e1s flexible posible. La \u00fanica distribuci\u00f3n a ejecutar es el volumen correspondiente a un aseo accesible y su anteaseo, ubicados en un extremo del edificio.<\/p>\n<p>As\u00ed mismo se ejecutar\u00e1n las acometidas el\u00e9ctricas, de abastecimiento, saneamiento y datos, conectando el edificio a las redes generales. Se instalar\u00e1n tambi\u00e9n las m\u00e1quinas de clima y ventilaci\u00f3n, pero sin realizar la distribuci\u00f3n interior, que vendr\u00e1 condicionada por la propuesta de contenidos que finalmente sea seleccionada para el Centro de Experiencias SF365.<br \/>\n<script async src=\"\/\/pagead2.googlesyndication.com\/pagead\/js\/adsbygoogle.js\"><\/script><br \/>\n<!-- Noticias La Guia de Pamplona --><br \/>\n<ins class=\"adsbygoogle\"\nstyle=\"display:block\"\ndata-ad-client=\"ca-pub-6943679897239327\"\ndata-ad-slot=\"7048180777\"\ndata-ad-format=\"auto\"><\/ins><br \/>\n<script>\n(adsbygoogle = window.adsbygoogle || []).push({});\n<\/script><\/p>\n<p>La superficie construida del cuerpo de guardia es de 118 metros cuadrados m\u00e1s 36 metros cuadrados de porche cubierto, mientras que la superficie \u00fatil interior del edificio antes de la intervenci\u00f3n es de 93 metros cuadrados y la superficie \u00fatil final, 84.2 metros cuadrados.<\/p>\n<p>Las obras deber\u00e1n realizarse minimizando las afecciones al tr\u00e1fico especialmente al peatonal, as\u00ed como rodado y de acceso a las obras. En la zona se encuentran un centro escolar y el Departamento de Educaci\u00f3n del Gobierno de Navarra, con gran afluencia de personal especialmente al inicio y final de la jornada escolar y laboral, por lo que resulta importante estudiar las afecciones a estas circulaciones de tr\u00e1fico y peatonales.<\/p>\n","protected":false},"excerpt":{"rendered":"<p>El Ayuntamiento licita las obras de restauraci\u00f3n para recuperar el valor arquitect\u00f3nico e hist\u00f3rico del edificio por valor de 413.275,5 euros<\/p>\n","protected":false},"author":1,"featured_media":41589,"comment_status":"open","ping_status":"closed","sticky":false,"template":"","format":"standard","meta":{"footnotes":""},"categories":[2],"tags":[],"class_list":["post-41579","post","type-post","status-publish","format-standard","has-post-thumbnail","hentry","category-ayuntamiento-pamplona"],"yoast_head":"<!-- This site is optimized with the Yoast SEO plugin v27.3 - https:\/\/yoast.com\/product\/yoast-seo-wordpress\/ -->\n<title>El cuerpo de guardia del antiguo portal de la Rochapea acoger\u00e1 un centro de experiencias San Ferm\u00edn 365<\/title>\n<meta name=\"description\" content=\"El Ayuntamiento licita las obras de restauraci\u00f3n para recuperar el valor arquitect\u00f3nico e hist\u00f3rico del edificio por valor de 413.275,5 euros\" \/>\n<meta name=\"robots\" content=\"index, follow, max-snippet:-1, max-image-preview:large, max-video-preview:-1\" \/>\n<link rel=\"canonical\" href=\"https:\/\/www.laguiadepamplona.com\/actualidad\/el-cuerpo-de-guardia-del-antiguo-portal-de-la-rochapea-acogera-un-centro-de-experiencias-san-fermin-365\/\" \/>\n<meta property=\"og:locale\" content=\"es_ES\" \/>\n<meta property=\"og:type\" content=\"article\" \/>\n<meta property=\"og:title\" content=\"El cuerpo de guardia del antiguo portal de la Rochapea acoger\u00e1 un centro de experiencias San Ferm\u00edn 365\" \/>\n<meta property=\"og:description\" content=\"El Ayuntamiento licita las obras de restauraci\u00f3n para recuperar el valor arquitect\u00f3nico e hist\u00f3rico del edificio por valor de 413.275,5 euros\" \/>\n<meta property=\"og:url\" content=\"https:\/\/www.laguiadepamplona.com\/actualidad\/el-cuerpo-de-guardia-del-antiguo-portal-de-la-rochapea-acogera-un-centro-de-experiencias-san-fermin-365\/\" \/>\n<meta property=\"og:site_name\" content=\"La Gu\u00eda de Pamplona\" \/>\n<meta property=\"article:publisher\" content=\"https:\/\/www.facebook.com\/laguiadepamplonacom-133175176762273\/?ref=hl\" \/>\n<meta property=\"article:published_time\" content=\"2022-09-19T15:51:26+00:00\" \/>\n<meta property=\"article:modified_time\" content=\"2023-04-11T09:47:49+00:00\" \/>\n<meta property=\"og:image\" content=\"https:\/\/www.laguiadepamplona.com\/actualidad\/wp-content\/uploads\/2022\/09\/cuerpo-de-guardia1.webp\" \/>\n\t<meta property=\"og:image:width\" content=\"1920\" \/>\n\t<meta property=\"og:image:height\" content=\"1411\" \/>\n\t<meta property=\"og:image:type\" content=\"image\/webp\" \/>\n<meta name=\"author\" content=\"La Gu\u00eda de Pamplona\" \/>\n<meta name=\"twitter:card\" content=\"summary_large_image\" \/>\n<meta name=\"twitter:creator\" content=\"@LaGuiadPamplona\" \/>\n<meta name=\"twitter:site\" content=\"@LaGuiadPamplona\" \/>\n<meta name=\"twitter:label1\" content=\"Escrito por\" \/>\n\t<meta name=\"twitter:data1\" content=\"La Gu\u00eda de Pamplona\" \/>\n\t<meta name=\"twitter:label2\" content=\"Tiempo de lectura\" \/>\n\t<meta name=\"twitter:data2\" content=\"2 minutos\" \/>\n<script type=\"application\/ld+json\" class=\"yoast-schema-graph\">{\"@context\":\"https:\\\/\\\/schema.org\",\"@graph\":[{\"@type\":\"Article\",\"@id\":\"https:\\\/\\\/www.laguiadepamplona.com\\\/actualidad\\\/el-cuerpo-de-guardia-del-antiguo-portal-de-la-rochapea-acogera-un-centro-de-experiencias-san-fermin-365\\\/#article\",\"isPartOf\":{\"@id\":\"https:\\\/\\\/www.laguiadepamplona.com\\\/actualidad\\\/el-cuerpo-de-guardia-del-antiguo-portal-de-la-rochapea-acogera-un-centro-de-experiencias-san-fermin-365\\\/\"},\"author\":{\"name\":\"La Gu\u00eda de Pamplona\",\"@id\":\"https:\\\/\\\/www.laguiadepamplona.com\\\/actualidad\\\/#\\\/schema\\\/person\\\/efe887376f0213d4657c93adc50b1fdb\"},\"headline\":\"El cuerpo de guardia del antiguo portal de la Rochapea acoger\u00e1 un centro de experiencias San Ferm\u00edn 365\",\"datePublished\":\"2022-09-19T15:51:26+00:00\",\"dateModified\":\"2023-04-11T09:47:49+00:00\",\"mainEntityOfPage\":{\"@id\":\"https:\\\/\\\/www.laguiadepamplona.com\\\/actualidad\\\/el-cuerpo-de-guardia-del-antiguo-portal-de-la-rochapea-acogera-un-centro-de-experiencias-san-fermin-365\\\/\"},\"wordCount\":450,\"commentCount\":0,\"publisher\":{\"@id\":\"https:\\\/\\\/www.laguiadepamplona.com\\\/actualidad\\\/#organization\"},\"image\":{\"@id\":\"https:\\\/\\\/www.laguiadepamplona.com\\\/actualidad\\\/el-cuerpo-de-guardia-del-antiguo-portal-de-la-rochapea-acogera-un-centro-de-experiencias-san-fermin-365\\\/#primaryimage\"},\"thumbnailUrl\":\"https:\\\/\\\/www.laguiadepamplona.com\\\/actualidad\\\/wp-content\\\/uploads\\\/2022\\\/09\\\/cuerpo-de-guardia1.webp\",\"articleSection\":[\"Ayto Pamplona\"],\"inLanguage\":\"es\",\"potentialAction\":[{\"@type\":\"CommentAction\",\"name\":\"Comment\",\"target\":[\"https:\\\/\\\/www.laguiadepamplona.com\\\/actualidad\\\/el-cuerpo-de-guardia-del-antiguo-portal-de-la-rochapea-acogera-un-centro-de-experiencias-san-fermin-365\\\/#respond\"]}]},{\"@type\":\"WebPage\",\"@id\":\"https:\\\/\\\/www.laguiadepamplona.com\\\/actualidad\\\/el-cuerpo-de-guardia-del-antiguo-portal-de-la-rochapea-acogera-un-centro-de-experiencias-san-fermin-365\\\/\",\"url\":\"https:\\\/\\\/www.laguiadepamplona.com\\\/actualidad\\\/el-cuerpo-de-guardia-del-antiguo-portal-de-la-rochapea-acogera-un-centro-de-experiencias-san-fermin-365\\\/\",\"name\":\"El cuerpo de guardia del antiguo portal de la Rochapea acoger\u00e1 un centro de experiencias San Ferm\u00edn 365\",\"isPartOf\":{\"@id\":\"https:\\\/\\\/www.laguiadepamplona.com\\\/actualidad\\\/#website\"},\"primaryImageOfPage\":{\"@id\":\"https:\\\/\\\/www.laguiadepamplona.com\\\/actualidad\\\/el-cuerpo-de-guardia-del-antiguo-portal-de-la-rochapea-acogera-un-centro-de-experiencias-san-fermin-365\\\/#primaryimage\"},\"image\":{\"@id\":\"https:\\\/\\\/www.laguiadepamplona.com\\\/actualidad\\\/el-cuerpo-de-guardia-del-antiguo-portal-de-la-rochapea-acogera-un-centro-de-experiencias-san-fermin-365\\\/#primaryimage\"},\"thumbnailUrl\":\"https:\\\/\\\/www.laguiadepamplona.com\\\/actualidad\\\/wp-content\\\/uploads\\\/2022\\\/09\\\/cuerpo-de-guardia1.webp\",\"datePublished\":\"2022-09-19T15:51:26+00:00\",\"dateModified\":\"2023-04-11T09:47:49+00:00\",\"description\":\"El Ayuntamiento licita las obras de restauraci\u00f3n para recuperar el valor arquitect\u00f3nico e hist\u00f3rico del edificio por valor de 413.275,5 euros\",\"breadcrumb\":{\"@id\":\"https:\\\/\\\/www.laguiadepamplona.com\\\/actualidad\\\/el-cuerpo-de-guardia-del-antiguo-portal-de-la-rochapea-acogera-un-centro-de-experiencias-san-fermin-365\\\/#breadcrumb\"},\"inLanguage\":\"es\",\"potentialAction\":[{\"@type\":\"ReadAction\",\"target\":[\"https:\\\/\\\/www.laguiadepamplona.com\\\/actualidad\\\/el-cuerpo-de-guardia-del-antiguo-portal-de-la-rochapea-acogera-un-centro-de-experiencias-san-fermin-365\\\/\"]}]},{\"@type\":\"ImageObject\",\"inLanguage\":\"es\",\"@id\":\"https:\\\/\\\/www.laguiadepamplona.com\\\/actualidad\\\/el-cuerpo-de-guardia-del-antiguo-portal-de-la-rochapea-acogera-un-centro-de-experiencias-san-fermin-365\\\/#primaryimage\",\"url\":\"https:\\\/\\\/www.laguiadepamplona.com\\\/actualidad\\\/wp-content\\\/uploads\\\/2022\\\/09\\\/cuerpo-de-guardia1.webp\",\"contentUrl\":\"https:\\\/\\\/www.laguiadepamplona.com\\\/actualidad\\\/wp-content\\\/uploads\\\/2022\\\/09\\\/cuerpo-de-guardia1.webp\",\"width\":1920,\"height\":1411},{\"@type\":\"BreadcrumbList\",\"@id\":\"https:\\\/\\\/www.laguiadepamplona.com\\\/actualidad\\\/el-cuerpo-de-guardia-del-antiguo-portal-de-la-rochapea-acogera-un-centro-de-experiencias-san-fermin-365\\\/#breadcrumb\",\"itemListElement\":[{\"@type\":\"ListItem\",\"position\":1,\"name\":\"Portada\",\"item\":\"https:\\\/\\\/www.laguiadepamplona.com\\\/actualidad\\\/\"},{\"@type\":\"ListItem\",\"position\":2,\"name\":\"El cuerpo de guardia del antiguo portal de la Rochapea acoger\u00e1 un centro de experiencias San Ferm\u00edn 365\"}]},{\"@type\":\"WebSite\",\"@id\":\"https:\\\/\\\/www.laguiadepamplona.com\\\/actualidad\\\/#website\",\"url\":\"https:\\\/\\\/www.laguiadepamplona.com\\\/actualidad\\\/\",\"name\":\"La gu\u00eda de Pamplona\",\"description\":\"Noticias de Pamplona\",\"publisher\":{\"@id\":\"https:\\\/\\\/www.laguiadepamplona.com\\\/actualidad\\\/#organization\"},\"potentialAction\":[{\"@type\":\"SearchAction\",\"target\":{\"@type\":\"EntryPoint\",\"urlTemplate\":\"https:\\\/\\\/www.laguiadepamplona.com\\\/actualidad\\\/?s={search_term_string}\"},\"query-input\":{\"@type\":\"PropertyValueSpecification\",\"valueRequired\":true,\"valueName\":\"search_term_string\"}}],\"inLanguage\":\"es\"},{\"@type\":\"Organization\",\"@id\":\"https:\\\/\\\/www.laguiadepamplona.com\\\/actualidad\\\/#organization\",\"name\":\"La Gu\u00eda de Pamplona \\\/ Noticias\",\"url\":\"https:\\\/\\\/www.laguiadepamplona.com\\\/actualidad\\\/\",\"logo\":{\"@type\":\"ImageObject\",\"inLanguage\":\"es\",\"@id\":\"https:\\\/\\\/www.laguiadepamplona.com\\\/actualidad\\\/#\\\/schema\\\/logo\\\/image\\\/\",\"url\":\"https:\\\/\\\/www.laguiadepamplona.com\\\/actualidad\\\/wp-content\\\/uploads\\\/2018\\\/11\\\/logo-laguiadepamplona18-web1.png\",\"contentUrl\":\"https:\\\/\\\/www.laguiadepamplona.com\\\/actualidad\\\/wp-content\\\/uploads\\\/2018\\\/11\\\/logo-laguiadepamplona18-web1.png\",\"width\":600,\"height\":196,\"caption\":\"La Gu\u00eda de Pamplona \\\/ Noticias\"},\"image\":{\"@id\":\"https:\\\/\\\/www.laguiadepamplona.com\\\/actualidad\\\/#\\\/schema\\\/logo\\\/image\\\/\"},\"sameAs\":[\"https:\\\/\\\/www.facebook.com\\\/laguiadepamplonacom-133175176762273\\\/?ref=hl\",\"https:\\\/\\\/x.com\\\/LaGuiadPamplona\",\"https:\\\/\\\/www.instagram.com\\\/la_guia_de_pamplona\\\/\",\"https:\\\/\\\/www.youtube.com\\\/user\\\/laguiadepamplona\"]},{\"@type\":\"Person\",\"@id\":\"https:\\\/\\\/www.laguiadepamplona.com\\\/actualidad\\\/#\\\/schema\\\/person\\\/efe887376f0213d4657c93adc50b1fdb\",\"name\":\"La Gu\u00eda de Pamplona\",\"image\":{\"@type\":\"ImageObject\",\"inLanguage\":\"es\",\"@id\":\"https:\\\/\\\/secure.gravatar.com\\\/avatar\\\/b6992f131dc8d30ab0dff15446e9d346d9dbd95992de0fef795073f5ea83a81c?s=96&d=mm&r=g\",\"url\":\"https:\\\/\\\/secure.gravatar.com\\\/avatar\\\/b6992f131dc8d30ab0dff15446e9d346d9dbd95992de0fef795073f5ea83a81c?s=96&d=mm&r=g\",\"contentUrl\":\"https:\\\/\\\/secure.gravatar.com\\\/avatar\\\/b6992f131dc8d30ab0dff15446e9d346d9dbd95992de0fef795073f5ea83a81c?s=96&d=mm&r=g\",\"caption\":\"La Gu\u00eda de Pamplona\"}}]}<\/script>\n<!-- \/ Yoast SEO plugin. -->","yoast_head_json":{"title":"El cuerpo de guardia del antiguo portal de la Rochapea acoger\u00e1 un centro de experiencias San Ferm\u00edn 365","description":"El Ayuntamiento licita las obras de restauraci\u00f3n para recuperar el valor arquitect\u00f3nico e hist\u00f3rico del edificio por valor de 413.275,5 euros","robots":{"index":"index","follow":"follow","max-snippet":"max-snippet:-1","max-image-preview":"max-image-preview:large","max-video-preview":"max-video-preview:-1"},"canonical":"https:\/\/www.laguiadepamplona.com\/actualidad\/el-cuerpo-de-guardia-del-antiguo-portal-de-la-rochapea-acogera-un-centro-de-experiencias-san-fermin-365\/","og_locale":"es_ES","og_type":"article","og_title":"El cuerpo de guardia del antiguo portal de la Rochapea acoger\u00e1 un centro de experiencias San Ferm\u00edn 365","og_description":"El Ayuntamiento licita las obras de restauraci\u00f3n para recuperar el valor arquitect\u00f3nico e hist\u00f3rico del edificio por valor de 413.275,5 euros","og_url":"https:\/\/www.laguiadepamplona.com\/actualidad\/el-cuerpo-de-guardia-del-antiguo-portal-de-la-rochapea-acogera-un-centro-de-experiencias-san-fermin-365\/","og_site_name":"La Gu\u00eda de Pamplona","article_publisher":"https:\/\/www.facebook.com\/laguiadepamplonacom-133175176762273\/?ref=hl","article_published_time":"2022-09-19T15:51:26+00:00","article_modified_time":"2023-04-11T09:47:49+00:00","og_image":[{"width":1920,"height":1411,"url":"https:\/\/www.laguiadepamplona.com\/actualidad\/wp-content\/uploads\/2022\/09\/cuerpo-de-guardia1.webp","type":"image\/webp"}],"author":"La Gu\u00eda de Pamplona","twitter_card":"summary_large_image","twitter_creator":"@LaGuiadPamplona","twitter_site":"@LaGuiadPamplona","twitter_misc":{"Escrito por":"La Gu\u00eda de Pamplona","Tiempo de lectura":"2 minutos"},"schema":{"@context":"https:\/\/schema.org","@graph":[{"@type":"Article","@id":"https:\/\/www.laguiadepamplona.com\/actualidad\/el-cuerpo-de-guardia-del-antiguo-portal-de-la-rochapea-acogera-un-centro-de-experiencias-san-fermin-365\/#article","isPartOf":{"@id":"https:\/\/www.laguiadepamplona.com\/actualidad\/el-cuerpo-de-guardia-del-antiguo-portal-de-la-rochapea-acogera-un-centro-de-experiencias-san-fermin-365\/"},"author":{"name":"La Gu\u00eda de Pamplona","@id":"https:\/\/www.laguiadepamplona.com\/actualidad\/#\/schema\/person\/efe887376f0213d4657c93adc50b1fdb"},"headline":"El cuerpo de guardia del antiguo portal de la Rochapea acoger\u00e1 un centro de experiencias San Ferm\u00edn 365","datePublished":"2022-09-19T15:51:26+00:00","dateModified":"2023-04-11T09:47:49+00:00","mainEntityOfPage":{"@id":"https:\/\/www.laguiadepamplona.com\/actualidad\/el-cuerpo-de-guardia-del-antiguo-portal-de-la-rochapea-acogera-un-centro-de-experiencias-san-fermin-365\/"},"wordCount":450,"commentCount":0,"publisher":{"@id":"https:\/\/www.laguiadepamplona.com\/actualidad\/#organization"},"image":{"@id":"https:\/\/www.laguiadepamplona.com\/actualidad\/el-cuerpo-de-guardia-del-antiguo-portal-de-la-rochapea-acogera-un-centro-de-experiencias-san-fermin-365\/#primaryimage"},"thumbnailUrl":"https:\/\/www.laguiadepamplona.com\/actualidad\/wp-content\/uploads\/2022\/09\/cuerpo-de-guardia1.webp","articleSection":["Ayto Pamplona"],"inLanguage":"es","potentialAction":[{"@type":"CommentAction","name":"Comment","target":["https:\/\/www.laguiadepamplona.com\/actualidad\/el-cuerpo-de-guardia-del-antiguo-portal-de-la-rochapea-acogera-un-centro-de-experiencias-san-fermin-365\/#respond"]}]},{"@type":"WebPage","@id":"https:\/\/www.laguiadepamplona.com\/actualidad\/el-cuerpo-de-guardia-del-antiguo-portal-de-la-rochapea-acogera-un-centro-de-experiencias-san-fermin-365\/","url":"https:\/\/www.laguiadepamplona.com\/actualidad\/el-cuerpo-de-guardia-del-antiguo-portal-de-la-rochapea-acogera-un-centro-de-experiencias-san-fermin-365\/","name":"El cuerpo de guardia del antiguo portal de la Rochapea acoger\u00e1 un centro de experiencias San Ferm\u00edn 365","isPartOf":{"@id":"https:\/\/www.laguiadepamplona.com\/actualidad\/#website"},"primaryImageOfPage":{"@id":"https:\/\/www.laguiadepamplona.com\/actualidad\/el-cuerpo-de-guardia-del-antiguo-portal-de-la-rochapea-acogera-un-centro-de-experiencias-san-fermin-365\/#primaryimage"},"image":{"@id":"https:\/\/www.laguiadepamplona.com\/actualidad\/el-cuerpo-de-guardia-del-antiguo-portal-de-la-rochapea-acogera-un-centro-de-experiencias-san-fermin-365\/#primaryimage"},"thumbnailUrl":"https:\/\/www.laguiadepamplona.com\/actualidad\/wp-content\/uploads\/2022\/09\/cuerpo-de-guardia1.webp","datePublished":"2022-09-19T15:51:26+00:00","dateModified":"2023-04-11T09:47:49+00:00","description":"El Ayuntamiento licita las obras de restauraci\u00f3n para recuperar el valor arquitect\u00f3nico e hist\u00f3rico del edificio por valor de 413.275,5 euros","breadcrumb":{"@id":"https:\/\/www.laguiadepamplona.com\/actualidad\/el-cuerpo-de-guardia-del-antiguo-portal-de-la-rochapea-acogera-un-centro-de-experiencias-san-fermin-365\/#breadcrumb"},"inLanguage":"es","potentialAction":[{"@type":"ReadAction","target":["https:\/\/www.laguiadepamplona.com\/actualidad\/el-cuerpo-de-guardia-del-antiguo-portal-de-la-rochapea-acogera-un-centro-de-experiencias-san-fermin-365\/"]}]},{"@type":"ImageObject","inLanguage":"es","@id":"https:\/\/www.laguiadepamplona.com\/actualidad\/el-cuerpo-de-guardia-del-antiguo-portal-de-la-rochapea-acogera-un-centro-de-experiencias-san-fermin-365\/#primaryimage","url":"https:\/\/www.laguiadepamplona.com\/actualidad\/wp-content\/uploads\/2022\/09\/cuerpo-de-guardia1.webp","contentUrl":"https:\/\/www.laguiadepamplona.com\/actualidad\/wp-content\/uploads\/2022\/09\/cuerpo-de-guardia1.webp","width":1920,"height":1411},{"@type":"BreadcrumbList","@id":"https:\/\/www.laguiadepamplona.com\/actualidad\/el-cuerpo-de-guardia-del-antiguo-portal-de-la-rochapea-acogera-un-centro-de-experiencias-san-fermin-365\/#breadcrumb","itemListElement":[{"@type":"ListItem","position":1,"name":"Portada","item":"https:\/\/www.laguiadepamplona.com\/actualidad\/"},{"@type":"ListItem","position":2,"name":"El cuerpo de guardia del antiguo portal de la Rochapea acoger\u00e1 un centro de experiencias San Ferm\u00edn 365"}]},{"@type":"WebSite","@id":"https:\/\/www.laguiadepamplona.com\/actualidad\/#website","url":"https:\/\/www.laguiadepamplona.com\/actualidad\/","name":"La gu\u00eda de Pamplona","description":"Noticias de Pamplona","publisher":{"@id":"https:\/\/www.laguiadepamplona.com\/actualidad\/#organization"},"potentialAction":[{"@type":"SearchAction","target":{"@type":"EntryPoint","urlTemplate":"https:\/\/www.laguiadepamplona.com\/actualidad\/?s={search_term_string}"},"query-input":{"@type":"PropertyValueSpecification","valueRequired":true,"valueName":"search_term_string"}}],"inLanguage":"es"},{"@type":"Organization","@id":"https:\/\/www.laguiadepamplona.com\/actualidad\/#organization","name":"La Gu\u00eda de Pamplona \/ Noticias","url":"https:\/\/www.laguiadepamplona.com\/actualidad\/","logo":{"@type":"ImageObject","inLanguage":"es","@id":"https:\/\/www.laguiadepamplona.com\/actualidad\/#\/schema\/logo\/image\/","url":"https:\/\/www.laguiadepamplona.com\/actualidad\/wp-content\/uploads\/2018\/11\/logo-laguiadepamplona18-web1.png","contentUrl":"https:\/\/www.laguiadepamplona.com\/actualidad\/wp-content\/uploads\/2018\/11\/logo-laguiadepamplona18-web1.png","width":600,"height":196,"caption":"La Gu\u00eda de Pamplona \/ Noticias"},"image":{"@id":"https:\/\/www.laguiadepamplona.com\/actualidad\/#\/schema\/logo\/image\/"},"sameAs":["https:\/\/www.facebook.com\/laguiadepamplonacom-133175176762273\/?ref=hl","https:\/\/x.com\/LaGuiadPamplona","https:\/\/www.instagram.com\/la_guia_de_pamplona\/","https:\/\/www.youtube.com\/user\/laguiadepamplona"]},{"@type":"Person","@id":"https:\/\/www.laguiadepamplona.com\/actualidad\/#\/schema\/person\/efe887376f0213d4657c93adc50b1fdb","name":"La Gu\u00eda de Pamplona","image":{"@type":"ImageObject","inLanguage":"es","@id":"https:\/\/secure.gravatar.com\/avatar\/b6992f131dc8d30ab0dff15446e9d346d9dbd95992de0fef795073f5ea83a81c?s=96&d=mm&r=g","url":"https:\/\/secure.gravatar.com\/avatar\/b6992f131dc8d30ab0dff15446e9d346d9dbd95992de0fef795073f5ea83a81c?s=96&d=mm&r=g","contentUrl":"https:\/\/secure.gravatar.com\/avatar\/b6992f131dc8d30ab0dff15446e9d346d9dbd95992de0fef795073f5ea83a81c?s=96&d=mm&r=g","caption":"La Gu\u00eda de Pamplona"}}]}},"post_mailing_queue_ids":[],"_links":{"self":[{"href":"https:\/\/www.laguiadepamplona.com\/actualidad\/wp-json\/wp\/v2\/posts\/41579","targetHints":{"allow":["GET"]}}],"collection":[{"href":"https:\/\/www.laguiadepamplona.com\/actualidad\/wp-json\/wp\/v2\/posts"}],"about":[{"href":"https:\/\/www.laguiadepamplona.com\/actualidad\/wp-json\/wp\/v2\/types\/post"}],"author":[{"embeddable":true,"href":"https:\/\/www.laguiadepamplona.com\/actualidad\/wp-json\/wp\/v2\/users\/1"}],"replies":[{"embeddable":true,"href":"https:\/\/www.laguiadepamplona.com\/actualidad\/wp-json\/wp\/v2\/comments?post=41579"}],"version-history":[{"count":0,"href":"https:\/\/www.laguiadepamplona.com\/actualidad\/wp-json\/wp\/v2\/posts\/41579\/revisions"}],"wp:featuredmedia":[{"embeddable":true,"href":"https:\/\/www.laguiadepamplona.com\/actualidad\/wp-json\/wp\/v2\/media\/41589"}],"wp:attachment":[{"href":"https:\/\/www.laguiadepamplona.com\/actualidad\/wp-json\/wp\/v2\/media?parent=41579"}],"wp:term":[{"taxonomy":"category","embeddable":true,"href":"https:\/\/www.laguiadepamplona.com\/actualidad\/wp-json\/wp\/v2\/categories?post=41579"},{"taxonomy":"post_tag","embeddable":true,"href":"https:\/\/www.laguiadepamplona.com\/actualidad\/wp-json\/wp\/v2\/tags?post=41579"}],"curies":[{"name":"wp","href":"https:\/\/api.w.org\/{rel}","templated":true}]}}