{"id":41573,"date":"2022-09-19T17:46:40","date_gmt":"2022-09-19T15:46:40","guid":{"rendered":"https:\/\/www.laguiadepamplona.com\/actualidad\/?p=41573"},"modified":"2023-04-11T11:47:50","modified_gmt":"2023-04-11T09:47:50","slug":"la-escuela-de-sostenibilidad-organiza-una-treintena-de-actividades-con-las-que-concienciar-a-la-ciudadania-sobre-el-cambio-climatico-y-el-cuidado-del-medio-ambiente","status":"publish","type":"post","link":"https:\/\/www.laguiadepamplona.com\/actualidad\/la-escuela-de-sostenibilidad-organiza-una-treintena-de-actividades-con-las-que-concienciar-a-la-ciudadania-sobre-el-cambio-climatico-y-el-cuidado-del-medio-ambiente\/","title":{"rendered":"La Escuela de Sostenibilidad organiza una treintena de actividades con las que concienciar a la ciudadan\u00eda sobre el cambio clim\u00e1tico y el cuidado del medio ambiente"},"content":{"rendered":"<h5>Paseos, charlas, talleres y cuentacuentos centran la propuesta municipal del Museo de Educaci\u00f3n Ambiental para este \u00faltimo trimestre del a\u00f1o<\/h5>\n<p><!--more--><\/p>\n<p>Conocer el entorno que nos rodea y disfrutar de la naturaleza m\u00e1s pr\u00f3xima, aprendiendo a afrontar los nuevos retos medioambientales, es el objetivo que persigue la Escuela de Sostenibilidad del Ayuntamiento de Pamplona a trav\u00e9s de las actividades programadas para este \u00faltimo trimestre del a\u00f1o. En concreto, el Museo de Educaci\u00f3n Ambiental ha programado <a href=\"https:\/\/educacionambiental.pamplona.es\/wp-content\/uploads\/2022\/09\/FOLLETO-OTONO_2022_Cast_IV_compressed.pdf\" target=\"_blank\" rel=\"noopener\">una treintena de propuestas<\/a>, entre paseos por la ciudad, charlas, talleres, cuentacuentos e iniciativas como el bizitxoko y el ya tradicional mercadillo de intercambio sin dinero, para los meses de octubre, noviembre y diciembre, dirigidos al conjunto de la ciudadan\u00eda. La inscripci\u00f3n a cada una de ellas podr\u00e1 hacerse a trav\u00e9s del tel\u00e9fono de Atenci\u00f3n Ciudadana 010 (948420100) con antelaci\u00f3n a la celebraci\u00f3n de cada actividad.<\/p>\n<p>La Escuela de Sostenibilidad lleva m\u00e1s de diez a\u00f1os concienciando sobre el cuidado del medio ambiente y, en esta ocasi\u00f3n, quiere prestar especial atenci\u00f3n a los bosques, tan castigados este verano por los incendios. Con este objetivo, ha organizado una exposici\u00f3n fotogr\u00e1fica de \u00e1rboles monumentales y singulares y ha previsto charlas como la evoluci\u00f3n hist\u00f3rica y futuro de los incendios forestales en Navarra. Adem\u00e1s, habr\u00e1 cuentacuentos familiar sobre historias del bosque y rutas por la Pamplona Verde.<br \/>\n<script async src=\"\/\/pagead2.googlesyndication.com\/pagead\/js\/adsbygoogle.js\"><\/script><br \/>\n<!-- Noticias La Guia de Pamplona --><br \/>\n<ins class=\"adsbygoogle\"\nstyle=\"display:block\"\ndata-ad-client=\"ca-pub-6943679897239327\"\ndata-ad-slot=\"7048180777\"\ndata-ad-format=\"auto\"><\/ins><br \/>\n<script>\n(adsbygoogle = window.adsbygoogle || []).push({});\n<\/script><\/p>\n<p>De hecho, los paseos y rutas juegan en esta edici\u00f3n un papel fundamental. En total, se han programado once salidas de distinto tipo, nueve de ellas en el mes de octubre. Bajo el paraguas \u2018Pamplona es verde\u2019, a lo largo de dos horas de paseo se redescubrir\u00e1n distintos rincones de la ciudad, a\u00f1adiendo, en todas las salidas, un componente m\u00e1s, a veces relacionado con el arte, otras con las aves y otras con los productos de la huerta. As\u00ed, por ejemplo, los cuatro primeros s\u00e1bados de octubre, se organizar\u00e1n distintos recurridos en bici de 11 a 13 horas por el arte urbano que acoge Pamplona.<\/p>\n<p>Entre semana, de 18 a 20 horas, se organizar\u00e1n tambi\u00e9n otras acciones. As\u00ed, el martes 4 de octubre, se pasear\u00e1 por las zonas verdes de la ciudad conociendo las aves urbanas. El jueves 6 y el martes 18, las salidas permitir\u00e1n descubrir los huertos comunitarios de la ciudad y las huertas urbanas de Etxabakoitz. Adem\u00e1s, el mi\u00e9rcoles 19, se visitar\u00e1 el entorno de los dep\u00f3sitos de Mendillorri para conocer la vegetaci\u00f3n y las rocas del suelo.\u00a0 Adem\u00e1s, el martes d\u00eda 25 se ha organizado un ba\u00f1o de bosque, un \u2018paseo consciente\u2019 para conectar con la naturaleza por los parques urbanos de Pamplona, de 17.30 a 19.30 horas.<\/p>\n<p>En noviembre, el d\u00eda 3, de 17 a 19 horas, se ofrece un recorrido por el entorno de las huertas de la Magdalena, y el d\u00eda 8, de 10.30 a 12.30, se ha organizado un taller sobre plantas medicinales que incluye una salida a los alrededores del Museo de Educaci\u00f3n Medioambiental.<br \/>\n<script async src=\"\/\/pagead2.googlesyndication.com\/pagead\/js\/adsbygoogle.js\"><\/script><br \/>\n<!-- Noticias La Guia de Pamplona --><br \/>\n<ins class=\"adsbygoogle\"\nstyle=\"display:block\"\ndata-ad-client=\"ca-pub-6943679897239327\"\ndata-ad-slot=\"7048180777\"\ndata-ad-format=\"auto\"><\/ins><br \/>\n<script>\n(adsbygoogle = window.adsbygoogle || []).push({});\n<\/script><\/p>\n<p><strong>Grupo de acci\u00f3n clim\u00e1tica<\/strong><\/p>\n<p>El programa de la Escuela de Sostenibilidad incluye nuevamente la creaci\u00f3n de un grupo de acci\u00f3n clim\u00e1tica, espacio en el que analizar la situaci\u00f3n medioambiental actual y donde descubrir qu\u00e9 actuaciones pueden ayudar a afrontar los retos del cambio clim\u00e1tico. El grupo de acci\u00f3n clim\u00e1tica se reunir\u00e1 una vez al mes de octubre a mayo, inici\u00e1ndose el d\u00eda 26 de octubre. En estos encuentros, para los que se realizar\u00e1 una inscripci\u00f3n \u00fanica que incluye todas las citas, se buscar\u00e1n formas de convertirse en parte de la soluci\u00f3n ante el cambio clim\u00e1tico. El objetivo \u00faltimo del Consistorio es generar un grupo de ciudadan\u00eda interesado en indagar y realizar una transformaci\u00f3n que nos acerque a tener una vida m\u00e1s baja en emisiones.<\/p>\n<p>El programa incluye tambi\u00e9n varias charlas coloquios, que se desarrollar\u00e1n en el Museo de Educaci\u00f3n Ambiental a las 19 horas, en diversos d\u00edas de los pr\u00f3ximos meses. En concreto, se han organizado charlas sobre la evoluci\u00f3n de los incendios en Navarra (el 27 de octubre), sobre el sobrecalentamiento de los hogares (el 9 de noviembre), uno sobre los bosques como elementos contra el cambio clim\u00e1tico (el 14 de diciembre) y las aves (el 20 de diciembre).<br \/>\n<script async src=\"\/\/pagead2.googlesyndication.com\/pagead\/js\/adsbygoogle.js\"><\/script><br \/>\n<!-- Noticias La Guia de Pamplona --><br \/>\n<ins class=\"adsbygoogle\"\nstyle=\"display:block\"\ndata-ad-client=\"ca-pub-6943679897239327\"\ndata-ad-slot=\"7048180777\"\ndata-ad-format=\"auto\"><\/ins><br \/>\n<script>\n(adsbygoogle = window.adsbygoogle || []).push({});\n<\/script><\/p>\n<p>El programa, que se enmarca dentro de la Estrategia de Transici\u00f3n Energ\u00e9tica y Cambio Clim\u00e1tico del Ayuntamiento, pretende informar y concienciar dando herramientas para enfrentarnos a los actuales retos ambientales. En este sentido, ha previsto tambi\u00e9n talleres y cursos. Vuelve el programa \u2018Repara tu bici-Bizitxoko\u2019, para incentivar la movilidad sostenible en la ciudad, los jueves 13 de octubre, 10 de noviembre y 15 de diciembre. Durante dos horas, de 18 a 20 horas, se ofrecer\u00e1n conocimientos para arreglar bicicletas y ponerlas a puntos, ayud\u00e1ndose unos a otros, con el apoyo de una persona experta en la materia.<\/p>\n<p>Tambi\u00e9n se volver\u00e1n a construir \u2018hoteles para insectos\u2019, abordando el papel fundamental que juegan en el ecosistema. \u00c9ste ser\u00e1 el 2 de noviembre de 17 a 19 horas. La oferta de la Escuela de Sostenibilidad se completa con un cuentacuentos sobre los bosques en castellano (d\u00eda 3 de noviembre de 17.30 a 18.30) y en euskera (10 de noviembre a la misma hora); una actividad de arte textil y tintes bot\u00e1nicos, tambi\u00e9n en castellano (el 23 de noviembre a las 18 horas) y en euskera (el d\u00eda 24 de noviembre), un taller de cosm\u00e9tica natural (el 13 de diciembre).<br \/>\n<script async src=\"\/\/pagead2.googlesyndication.com\/pagead\/js\/adsbygoogle.js\"><\/script><br \/>\n<!-- Noticias La Guia de Pamplona --><br \/>\n<ins class=\"adsbygoogle\"\nstyle=\"display:block\"\ndata-ad-client=\"ca-pub-6943679897239327\"\ndata-ad-slot=\"7048180777\"\ndata-ad-format=\"auto\"><\/ins><br \/>\n<script>\n(adsbygoogle = window.adsbygoogle || []).push({});\n<\/script><\/p>\n<p><strong>Vuelve el ciclo de cine documental<\/strong><\/p>\n<p>Este oto\u00f1o de nuevo se vuelve a hacer un ciclo documental, con una selecci\u00f3n del festival #LabMeCrazy!, iniciativa del Museo de Ciencias de la Universidad de Navarra co-patrocinada por el Ayuntamiento de Pamplona. Una mirada refrescante y actual al conocimiento cient\u00edfico, con t\u00edtulos como \u2018700 sharks\u2019 (700 tiburones), \u2018Salvar al bucardo\u2019 y \u2018Nature\u00b4s fear factor\u2019 (Naturaleza: factor miedo). El ciclo arrancar\u00e1 el d\u00eda 15 de noviembre, a las 19 horas, en el Museo de Educaci\u00f3n Ambiental, y continuar\u00e1 los d\u00edas 16 y 17.<\/p>\n<p>Ese mismo espacio acoger\u00e1 durante todo el mes de octubre y noviembre la exposici\u00f3n \u2018\u00c1rboles monumentales y singulares de Navarra y del Pa\u00eds Vasco\u2019, de Vicente Guinea Gonz\u00e1lez de Artaza. Asimismo, a partir del 13 de diciembre y hasta el 6 de enero, el Museo acoger\u00e1 la exposici\u00f3n \u2018Ecosistemas de carteo Pamplona: Ciudad como ecosistema\u2019, de Maider Garayo, Paula Tor\u00e1n y Nahia Villanueva.<br \/>\n<script async src=\"\/\/pagead2.googlesyndication.com\/pagead\/js\/adsbygoogle.js\"><\/script><br \/>\n<!-- Noticias La Guia de Pamplona --><br \/>\n<ins class=\"adsbygoogle\"\nstyle=\"display:block\"\ndata-ad-client=\"ca-pub-6943679897239327\"\ndata-ad-slot=\"7048180777\"\ndata-ad-format=\"auto\"><\/ins><br \/>\n<script>\n(adsbygoogle = window.adsbygoogle || []).push({});\n<\/script><\/p>\n<p>Asimimo, el Mercadillo de intercambio sin dinero volver\u00e1 a abrir sus puertas del 25 al 28 de octubre, y del 20 al 23 de diciembre. Por su parte, del 28 de diciembre al 4 de enero habr\u00e1 un mercado de intercambio de juguetes.<\/p>\n<p>Todas estas actividades en materia de sostenibilidad forma parte de la estrategia municipal \u2018Go Green Pamplona\u2019 que engloba las materias que impulsan la lucha contra el cambio clim\u00e1tico.<\/p>\n<p>&nbsp;<br \/>\n[qodef_button size=\u00bblarge\u00bb type=\u00bb\u00bb text=\u00bbFolleto oto\u00f1o 2022.pdf\u00bb custom_class=\u00bb\u00bb icon_pack=\u00bbfont_elegant\u00bb fa_icon=\u00bbicon_download\u00bb link=\u00bbhttps:\/\/www.pamplona.es\/sites\/default\/files\/2022-09\/folleto-otono2022cast.pdf\u00bb target=\u00bb_blank\u00bb color=\u00bbffffff\u00bb hover_color=\u00bb\u00bb background_color=\u00bb\u00bb hover_background_color=\u00bb\u00bb border_color=\u00bb\u00bb hover_border_color=\u00bb\u00bb font_size=\u00bb\u00bb font_weight=\u00bb\u00bb margin=\u00bb\u00bb]\n&nbsp;<\/p>\n","protected":false},"excerpt":{"rendered":"<p>Paseos, charlas, talleres y cuentacuentos centran la propuesta municipal del Museo de Educaci\u00f3n Ambiental para este \u00faltimo trimestre del a\u00f1o<\/p>\n","protected":false},"author":1,"featured_media":41587,"comment_status":"open","ping_status":"closed","sticky":false,"template":"","format":"standard","meta":{"footnotes":""},"categories":[2],"tags":[],"class_list":["post-41573","post","type-post","status-publish","format-standard","has-post-thumbnail","hentry","category-ayuntamiento-pamplona"],"yoast_head":"<!-- This site is optimized with the Yoast SEO plugin v27.3 - https:\/\/yoast.com\/product\/yoast-seo-wordpress\/ -->\n<title>La Escuela de Sostenibilidad organiza una treintena de actividades con las que concienciar a la ciudadan\u00eda sobre el cambio clim\u00e1tico y el cuidado del medio ambiente<\/title>\n<meta name=\"description\" content=\"Paseos, charlas, talleres y cuentacuentos centran la propuesta municipal del Museo de Educaci\u00f3n Ambiental para este \u00faltimo trimestre del a\u00f1o\" \/>\n<meta name=\"robots\" content=\"index, follow, max-snippet:-1, max-image-preview:large, max-video-preview:-1\" \/>\n<link rel=\"canonical\" href=\"https:\/\/www.laguiadepamplona.com\/actualidad\/la-escuela-de-sostenibilidad-organiza-una-treintena-de-actividades-con-las-que-concienciar-a-la-ciudadania-sobre-el-cambio-climatico-y-el-cuidado-del-medio-ambiente\/\" \/>\n<meta property=\"og:locale\" content=\"es_ES\" \/>\n<meta property=\"og:type\" content=\"article\" \/>\n<meta property=\"og:title\" content=\"La Escuela de Sostenibilidad organiza una treintena de actividades con las que concienciar a la ciudadan\u00eda sobre el cambio clim\u00e1tico y el cuidado del medio ambiente\" \/>\n<meta property=\"og:description\" content=\"Paseos, charlas, talleres y cuentacuentos centran la propuesta municipal del Museo de Educaci\u00f3n Ambiental para este \u00faltimo trimestre del a\u00f1o\" \/>\n<meta property=\"og:url\" content=\"https:\/\/www.laguiadepamplona.com\/actualidad\/la-escuela-de-sostenibilidad-organiza-una-treintena-de-actividades-con-las-que-concienciar-a-la-ciudadania-sobre-el-cambio-climatico-y-el-cuidado-del-medio-ambiente\/\" \/>\n<meta property=\"og:site_name\" content=\"La Gu\u00eda de Pamplona\" \/>\n<meta property=\"article:publisher\" content=\"https:\/\/www.facebook.com\/laguiadepamplonacom-133175176762273\/?ref=hl\" \/>\n<meta property=\"article:published_time\" content=\"2022-09-19T15:46:40+00:00\" \/>\n<meta property=\"article:modified_time\" content=\"2023-04-11T09:47:50+00:00\" \/>\n<meta property=\"og:image\" content=\"https:\/\/www.laguiadepamplona.com\/actualidad\/wp-content\/uploads\/2022\/09\/display_museo_educacion_ambiental1.jpg\" \/>\n\t<meta property=\"og:image:width\" content=\"1920\" \/>\n\t<meta property=\"og:image:height\" content=\"1280\" \/>\n\t<meta property=\"og:image:type\" content=\"image\/jpeg\" \/>\n<meta name=\"author\" content=\"La Gu\u00eda de Pamplona\" \/>\n<meta name=\"twitter:card\" content=\"summary_large_image\" \/>\n<meta name=\"twitter:creator\" content=\"@LaGuiadPamplona\" \/>\n<meta name=\"twitter:site\" content=\"@LaGuiadPamplona\" \/>\n<meta name=\"twitter:label1\" content=\"Escrito por\" \/>\n\t<meta name=\"twitter:data1\" content=\"La Gu\u00eda de Pamplona\" \/>\n\t<meta name=\"twitter:label2\" content=\"Tiempo de lectura\" \/>\n\t<meta name=\"twitter:data2\" content=\"6 minutos\" \/>\n<script type=\"application\/ld+json\" class=\"yoast-schema-graph\">{\"@context\":\"https:\\\/\\\/schema.org\",\"@graph\":[{\"@type\":\"Article\",\"@id\":\"https:\\\/\\\/www.laguiadepamplona.com\\\/actualidad\\\/la-escuela-de-sostenibilidad-organiza-una-treintena-de-actividades-con-las-que-concienciar-a-la-ciudadania-sobre-el-cambio-climatico-y-el-cuidado-del-medio-ambiente\\\/#article\",\"isPartOf\":{\"@id\":\"https:\\\/\\\/www.laguiadepamplona.com\\\/actualidad\\\/la-escuela-de-sostenibilidad-organiza-una-treintena-de-actividades-con-las-que-concienciar-a-la-ciudadania-sobre-el-cambio-climatico-y-el-cuidado-del-medio-ambiente\\\/\"},\"author\":{\"name\":\"La Gu\u00eda de Pamplona\",\"@id\":\"https:\\\/\\\/www.laguiadepamplona.com\\\/actualidad\\\/#\\\/schema\\\/person\\\/efe887376f0213d4657c93adc50b1fdb\"},\"headline\":\"La Escuela de Sostenibilidad organiza una treintena de actividades con las que concienciar a la ciudadan\u00eda sobre el cambio clim\u00e1tico y el cuidado del medio ambiente\",\"datePublished\":\"2022-09-19T15:46:40+00:00\",\"dateModified\":\"2023-04-11T09:47:50+00:00\",\"mainEntityOfPage\":{\"@id\":\"https:\\\/\\\/www.laguiadepamplona.com\\\/actualidad\\\/la-escuela-de-sostenibilidad-organiza-una-treintena-de-actividades-con-las-que-concienciar-a-la-ciudadania-sobre-el-cambio-climatico-y-el-cuidado-del-medio-ambiente\\\/\"},\"wordCount\":1221,\"commentCount\":0,\"publisher\":{\"@id\":\"https:\\\/\\\/www.laguiadepamplona.com\\\/actualidad\\\/#organization\"},\"image\":{\"@id\":\"https:\\\/\\\/www.laguiadepamplona.com\\\/actualidad\\\/la-escuela-de-sostenibilidad-organiza-una-treintena-de-actividades-con-las-que-concienciar-a-la-ciudadania-sobre-el-cambio-climatico-y-el-cuidado-del-medio-ambiente\\\/#primaryimage\"},\"thumbnailUrl\":\"https:\\\/\\\/www.laguiadepamplona.com\\\/actualidad\\\/wp-content\\\/uploads\\\/2022\\\/09\\\/display_museo_educacion_ambiental1.jpg\",\"articleSection\":[\"Ayto Pamplona\"],\"inLanguage\":\"es\",\"potentialAction\":[{\"@type\":\"CommentAction\",\"name\":\"Comment\",\"target\":[\"https:\\\/\\\/www.laguiadepamplona.com\\\/actualidad\\\/la-escuela-de-sostenibilidad-organiza-una-treintena-de-actividades-con-las-que-concienciar-a-la-ciudadania-sobre-el-cambio-climatico-y-el-cuidado-del-medio-ambiente\\\/#respond\"]}]},{\"@type\":\"WebPage\",\"@id\":\"https:\\\/\\\/www.laguiadepamplona.com\\\/actualidad\\\/la-escuela-de-sostenibilidad-organiza-una-treintena-de-actividades-con-las-que-concienciar-a-la-ciudadania-sobre-el-cambio-climatico-y-el-cuidado-del-medio-ambiente\\\/\",\"url\":\"https:\\\/\\\/www.laguiadepamplona.com\\\/actualidad\\\/la-escuela-de-sostenibilidad-organiza-una-treintena-de-actividades-con-las-que-concienciar-a-la-ciudadania-sobre-el-cambio-climatico-y-el-cuidado-del-medio-ambiente\\\/\",\"name\":\"La Escuela de Sostenibilidad organiza una treintena de actividades con las que concienciar a la ciudadan\u00eda sobre el cambio clim\u00e1tico y el cuidado del medio ambiente\",\"isPartOf\":{\"@id\":\"https:\\\/\\\/www.laguiadepamplona.com\\\/actualidad\\\/#website\"},\"primaryImageOfPage\":{\"@id\":\"https:\\\/\\\/www.laguiadepamplona.com\\\/actualidad\\\/la-escuela-de-sostenibilidad-organiza-una-treintena-de-actividades-con-las-que-concienciar-a-la-ciudadania-sobre-el-cambio-climatico-y-el-cuidado-del-medio-ambiente\\\/#primaryimage\"},\"image\":{\"@id\":\"https:\\\/\\\/www.laguiadepamplona.com\\\/actualidad\\\/la-escuela-de-sostenibilidad-organiza-una-treintena-de-actividades-con-las-que-concienciar-a-la-ciudadania-sobre-el-cambio-climatico-y-el-cuidado-del-medio-ambiente\\\/#primaryimage\"},\"thumbnailUrl\":\"https:\\\/\\\/www.laguiadepamplona.com\\\/actualidad\\\/wp-content\\\/uploads\\\/2022\\\/09\\\/display_museo_educacion_ambiental1.jpg\",\"datePublished\":\"2022-09-19T15:46:40+00:00\",\"dateModified\":\"2023-04-11T09:47:50+00:00\",\"description\":\"Paseos, charlas, talleres y cuentacuentos centran la propuesta municipal del Museo de Educaci\u00f3n Ambiental para este \u00faltimo trimestre del a\u00f1o\",\"breadcrumb\":{\"@id\":\"https:\\\/\\\/www.laguiadepamplona.com\\\/actualidad\\\/la-escuela-de-sostenibilidad-organiza-una-treintena-de-actividades-con-las-que-concienciar-a-la-ciudadania-sobre-el-cambio-climatico-y-el-cuidado-del-medio-ambiente\\\/#breadcrumb\"},\"inLanguage\":\"es\",\"potentialAction\":[{\"@type\":\"ReadAction\",\"target\":[\"https:\\\/\\\/www.laguiadepamplona.com\\\/actualidad\\\/la-escuela-de-sostenibilidad-organiza-una-treintena-de-actividades-con-las-que-concienciar-a-la-ciudadania-sobre-el-cambio-climatico-y-el-cuidado-del-medio-ambiente\\\/\"]}]},{\"@type\":\"ImageObject\",\"inLanguage\":\"es\",\"@id\":\"https:\\\/\\\/www.laguiadepamplona.com\\\/actualidad\\\/la-escuela-de-sostenibilidad-organiza-una-treintena-de-actividades-con-las-que-concienciar-a-la-ciudadania-sobre-el-cambio-climatico-y-el-cuidado-del-medio-ambiente\\\/#primaryimage\",\"url\":\"https:\\\/\\\/www.laguiadepamplona.com\\\/actualidad\\\/wp-content\\\/uploads\\\/2022\\\/09\\\/display_museo_educacion_ambiental1.jpg\",\"contentUrl\":\"https:\\\/\\\/www.laguiadepamplona.com\\\/actualidad\\\/wp-content\\\/uploads\\\/2022\\\/09\\\/display_museo_educacion_ambiental1.jpg\",\"width\":1920,\"height\":1280,\"caption\":\"A*: JES\u00daS GARZARON T*: CARTELES AGENCIA ENERG\u00c9TICA MUNICIPAL F*: 13-12-2007 L*: MUSEO DE EDUCACI\u00d3N AMBIENTAL ROCHAPEA\"},{\"@type\":\"BreadcrumbList\",\"@id\":\"https:\\\/\\\/www.laguiadepamplona.com\\\/actualidad\\\/la-escuela-de-sostenibilidad-organiza-una-treintena-de-actividades-con-las-que-concienciar-a-la-ciudadania-sobre-el-cambio-climatico-y-el-cuidado-del-medio-ambiente\\\/#breadcrumb\",\"itemListElement\":[{\"@type\":\"ListItem\",\"position\":1,\"name\":\"Portada\",\"item\":\"https:\\\/\\\/www.laguiadepamplona.com\\\/actualidad\\\/\"},{\"@type\":\"ListItem\",\"position\":2,\"name\":\"La Escuela de Sostenibilidad organiza una treintena de actividades con las que concienciar a la ciudadan\u00eda sobre el cambio clim\u00e1tico y el cuidado del medio ambiente\"}]},{\"@type\":\"WebSite\",\"@id\":\"https:\\\/\\\/www.laguiadepamplona.com\\\/actualidad\\\/#website\",\"url\":\"https:\\\/\\\/www.laguiadepamplona.com\\\/actualidad\\\/\",\"name\":\"La gu\u00eda de Pamplona\",\"description\":\"Noticias de Pamplona\",\"publisher\":{\"@id\":\"https:\\\/\\\/www.laguiadepamplona.com\\\/actualidad\\\/#organization\"},\"potentialAction\":[{\"@type\":\"SearchAction\",\"target\":{\"@type\":\"EntryPoint\",\"urlTemplate\":\"https:\\\/\\\/www.laguiadepamplona.com\\\/actualidad\\\/?s={search_term_string}\"},\"query-input\":{\"@type\":\"PropertyValueSpecification\",\"valueRequired\":true,\"valueName\":\"search_term_string\"}}],\"inLanguage\":\"es\"},{\"@type\":\"Organization\",\"@id\":\"https:\\\/\\\/www.laguiadepamplona.com\\\/actualidad\\\/#organization\",\"name\":\"La Gu\u00eda de Pamplona \\\/ Noticias\",\"url\":\"https:\\\/\\\/www.laguiadepamplona.com\\\/actualidad\\\/\",\"logo\":{\"@type\":\"ImageObject\",\"inLanguage\":\"es\",\"@id\":\"https:\\\/\\\/www.laguiadepamplona.com\\\/actualidad\\\/#\\\/schema\\\/logo\\\/image\\\/\",\"url\":\"https:\\\/\\\/www.laguiadepamplona.com\\\/actualidad\\\/wp-content\\\/uploads\\\/2018\\\/11\\\/logo-laguiadepamplona18-web1.png\",\"contentUrl\":\"https:\\\/\\\/www.laguiadepamplona.com\\\/actualidad\\\/wp-content\\\/uploads\\\/2018\\\/11\\\/logo-laguiadepamplona18-web1.png\",\"width\":600,\"height\":196,\"caption\":\"La Gu\u00eda de Pamplona \\\/ Noticias\"},\"image\":{\"@id\":\"https:\\\/\\\/www.laguiadepamplona.com\\\/actualidad\\\/#\\\/schema\\\/logo\\\/image\\\/\"},\"sameAs\":[\"https:\\\/\\\/www.facebook.com\\\/laguiadepamplonacom-133175176762273\\\/?ref=hl\",\"https:\\\/\\\/x.com\\\/LaGuiadPamplona\",\"https:\\\/\\\/www.instagram.com\\\/la_guia_de_pamplona\\\/\",\"https:\\\/\\\/www.youtube.com\\\/user\\\/laguiadepamplona\"]},{\"@type\":\"Person\",\"@id\":\"https:\\\/\\\/www.laguiadepamplona.com\\\/actualidad\\\/#\\\/schema\\\/person\\\/efe887376f0213d4657c93adc50b1fdb\",\"name\":\"La Gu\u00eda de Pamplona\",\"image\":{\"@type\":\"ImageObject\",\"inLanguage\":\"es\",\"@id\":\"https:\\\/\\\/secure.gravatar.com\\\/avatar\\\/b6992f131dc8d30ab0dff15446e9d346d9dbd95992de0fef795073f5ea83a81c?s=96&d=mm&r=g\",\"url\":\"https:\\\/\\\/secure.gravatar.com\\\/avatar\\\/b6992f131dc8d30ab0dff15446e9d346d9dbd95992de0fef795073f5ea83a81c?s=96&d=mm&r=g\",\"contentUrl\":\"https:\\\/\\\/secure.gravatar.com\\\/avatar\\\/b6992f131dc8d30ab0dff15446e9d346d9dbd95992de0fef795073f5ea83a81c?s=96&d=mm&r=g\",\"caption\":\"La Gu\u00eda de Pamplona\"}}]}<\/script>\n<!-- \/ Yoast SEO plugin. -->","yoast_head_json":{"title":"La Escuela de Sostenibilidad organiza una treintena de actividades con las que concienciar a la ciudadan\u00eda sobre el cambio clim\u00e1tico y el cuidado del medio ambiente","description":"Paseos, charlas, talleres y cuentacuentos centran la propuesta municipal del Museo de Educaci\u00f3n Ambiental para este \u00faltimo trimestre del a\u00f1o","robots":{"index":"index","follow":"follow","max-snippet":"max-snippet:-1","max-image-preview":"max-image-preview:large","max-video-preview":"max-video-preview:-1"},"canonical":"https:\/\/www.laguiadepamplona.com\/actualidad\/la-escuela-de-sostenibilidad-organiza-una-treintena-de-actividades-con-las-que-concienciar-a-la-ciudadania-sobre-el-cambio-climatico-y-el-cuidado-del-medio-ambiente\/","og_locale":"es_ES","og_type":"article","og_title":"La Escuela de Sostenibilidad organiza una treintena de actividades con las que concienciar a la ciudadan\u00eda sobre el cambio clim\u00e1tico y el cuidado del medio ambiente","og_description":"Paseos, charlas, talleres y cuentacuentos centran la propuesta municipal del Museo de Educaci\u00f3n Ambiental para este \u00faltimo trimestre del a\u00f1o","og_url":"https:\/\/www.laguiadepamplona.com\/actualidad\/la-escuela-de-sostenibilidad-organiza-una-treintena-de-actividades-con-las-que-concienciar-a-la-ciudadania-sobre-el-cambio-climatico-y-el-cuidado-del-medio-ambiente\/","og_site_name":"La Gu\u00eda de Pamplona","article_publisher":"https:\/\/www.facebook.com\/laguiadepamplonacom-133175176762273\/?ref=hl","article_published_time":"2022-09-19T15:46:40+00:00","article_modified_time":"2023-04-11T09:47:50+00:00","og_image":[{"width":1920,"height":1280,"url":"https:\/\/www.laguiadepamplona.com\/actualidad\/wp-content\/uploads\/2022\/09\/display_museo_educacion_ambiental1.jpg","type":"image\/jpeg"}],"author":"La Gu\u00eda de Pamplona","twitter_card":"summary_large_image","twitter_creator":"@LaGuiadPamplona","twitter_site":"@LaGuiadPamplona","twitter_misc":{"Escrito por":"La Gu\u00eda de Pamplona","Tiempo de lectura":"6 minutos"},"schema":{"@context":"https:\/\/schema.org","@graph":[{"@type":"Article","@id":"https:\/\/www.laguiadepamplona.com\/actualidad\/la-escuela-de-sostenibilidad-organiza-una-treintena-de-actividades-con-las-que-concienciar-a-la-ciudadania-sobre-el-cambio-climatico-y-el-cuidado-del-medio-ambiente\/#article","isPartOf":{"@id":"https:\/\/www.laguiadepamplona.com\/actualidad\/la-escuela-de-sostenibilidad-organiza-una-treintena-de-actividades-con-las-que-concienciar-a-la-ciudadania-sobre-el-cambio-climatico-y-el-cuidado-del-medio-ambiente\/"},"author":{"name":"La Gu\u00eda de Pamplona","@id":"https:\/\/www.laguiadepamplona.com\/actualidad\/#\/schema\/person\/efe887376f0213d4657c93adc50b1fdb"},"headline":"La Escuela de Sostenibilidad organiza una treintena de actividades con las que concienciar a la ciudadan\u00eda sobre el cambio clim\u00e1tico y el cuidado del medio ambiente","datePublished":"2022-09-19T15:46:40+00:00","dateModified":"2023-04-11T09:47:50+00:00","mainEntityOfPage":{"@id":"https:\/\/www.laguiadepamplona.com\/actualidad\/la-escuela-de-sostenibilidad-organiza-una-treintena-de-actividades-con-las-que-concienciar-a-la-ciudadania-sobre-el-cambio-climatico-y-el-cuidado-del-medio-ambiente\/"},"wordCount":1221,"commentCount":0,"publisher":{"@id":"https:\/\/www.laguiadepamplona.com\/actualidad\/#organization"},"image":{"@id":"https:\/\/www.laguiadepamplona.com\/actualidad\/la-escuela-de-sostenibilidad-organiza-una-treintena-de-actividades-con-las-que-concienciar-a-la-ciudadania-sobre-el-cambio-climatico-y-el-cuidado-del-medio-ambiente\/#primaryimage"},"thumbnailUrl":"https:\/\/www.laguiadepamplona.com\/actualidad\/wp-content\/uploads\/2022\/09\/display_museo_educacion_ambiental1.jpg","articleSection":["Ayto Pamplona"],"inLanguage":"es","potentialAction":[{"@type":"CommentAction","name":"Comment","target":["https:\/\/www.laguiadepamplona.com\/actualidad\/la-escuela-de-sostenibilidad-organiza-una-treintena-de-actividades-con-las-que-concienciar-a-la-ciudadania-sobre-el-cambio-climatico-y-el-cuidado-del-medio-ambiente\/#respond"]}]},{"@type":"WebPage","@id":"https:\/\/www.laguiadepamplona.com\/actualidad\/la-escuela-de-sostenibilidad-organiza-una-treintena-de-actividades-con-las-que-concienciar-a-la-ciudadania-sobre-el-cambio-climatico-y-el-cuidado-del-medio-ambiente\/","url":"https:\/\/www.laguiadepamplona.com\/actualidad\/la-escuela-de-sostenibilidad-organiza-una-treintena-de-actividades-con-las-que-concienciar-a-la-ciudadania-sobre-el-cambio-climatico-y-el-cuidado-del-medio-ambiente\/","name":"La Escuela de Sostenibilidad organiza una treintena de actividades con las que concienciar a la ciudadan\u00eda sobre el cambio clim\u00e1tico y el cuidado del medio ambiente","isPartOf":{"@id":"https:\/\/www.laguiadepamplona.com\/actualidad\/#website"},"primaryImageOfPage":{"@id":"https:\/\/www.laguiadepamplona.com\/actualidad\/la-escuela-de-sostenibilidad-organiza-una-treintena-de-actividades-con-las-que-concienciar-a-la-ciudadania-sobre-el-cambio-climatico-y-el-cuidado-del-medio-ambiente\/#primaryimage"},"image":{"@id":"https:\/\/www.laguiadepamplona.com\/actualidad\/la-escuela-de-sostenibilidad-organiza-una-treintena-de-actividades-con-las-que-concienciar-a-la-ciudadania-sobre-el-cambio-climatico-y-el-cuidado-del-medio-ambiente\/#primaryimage"},"thumbnailUrl":"https:\/\/www.laguiadepamplona.com\/actualidad\/wp-content\/uploads\/2022\/09\/display_museo_educacion_ambiental1.jpg","datePublished":"2022-09-19T15:46:40+00:00","dateModified":"2023-04-11T09:47:50+00:00","description":"Paseos, charlas, talleres y cuentacuentos centran la propuesta municipal del Museo de Educaci\u00f3n Ambiental para este \u00faltimo trimestre del a\u00f1o","breadcrumb":{"@id":"https:\/\/www.laguiadepamplona.com\/actualidad\/la-escuela-de-sostenibilidad-organiza-una-treintena-de-actividades-con-las-que-concienciar-a-la-ciudadania-sobre-el-cambio-climatico-y-el-cuidado-del-medio-ambiente\/#breadcrumb"},"inLanguage":"es","potentialAction":[{"@type":"ReadAction","target":["https:\/\/www.laguiadepamplona.com\/actualidad\/la-escuela-de-sostenibilidad-organiza-una-treintena-de-actividades-con-las-que-concienciar-a-la-ciudadania-sobre-el-cambio-climatico-y-el-cuidado-del-medio-ambiente\/"]}]},{"@type":"ImageObject","inLanguage":"es","@id":"https:\/\/www.laguiadepamplona.com\/actualidad\/la-escuela-de-sostenibilidad-organiza-una-treintena-de-actividades-con-las-que-concienciar-a-la-ciudadania-sobre-el-cambio-climatico-y-el-cuidado-del-medio-ambiente\/#primaryimage","url":"https:\/\/www.laguiadepamplona.com\/actualidad\/wp-content\/uploads\/2022\/09\/display_museo_educacion_ambiental1.jpg","contentUrl":"https:\/\/www.laguiadepamplona.com\/actualidad\/wp-content\/uploads\/2022\/09\/display_museo_educacion_ambiental1.jpg","width":1920,"height":1280,"caption":"A*: JES\u00daS GARZARON T*: CARTELES AGENCIA ENERG\u00c9TICA MUNICIPAL F*: 13-12-2007 L*: MUSEO DE EDUCACI\u00d3N AMBIENTAL ROCHAPEA"},{"@type":"BreadcrumbList","@id":"https:\/\/www.laguiadepamplona.com\/actualidad\/la-escuela-de-sostenibilidad-organiza-una-treintena-de-actividades-con-las-que-concienciar-a-la-ciudadania-sobre-el-cambio-climatico-y-el-cuidado-del-medio-ambiente\/#breadcrumb","itemListElement":[{"@type":"ListItem","position":1,"name":"Portada","item":"https:\/\/www.laguiadepamplona.com\/actualidad\/"},{"@type":"ListItem","position":2,"name":"La Escuela de Sostenibilidad organiza una treintena de actividades con las que concienciar a la ciudadan\u00eda sobre el cambio clim\u00e1tico y el cuidado del medio ambiente"}]},{"@type":"WebSite","@id":"https:\/\/www.laguiadepamplona.com\/actualidad\/#website","url":"https:\/\/www.laguiadepamplona.com\/actualidad\/","name":"La gu\u00eda de Pamplona","description":"Noticias de Pamplona","publisher":{"@id":"https:\/\/www.laguiadepamplona.com\/actualidad\/#organization"},"potentialAction":[{"@type":"SearchAction","target":{"@type":"EntryPoint","urlTemplate":"https:\/\/www.laguiadepamplona.com\/actualidad\/?s={search_term_string}"},"query-input":{"@type":"PropertyValueSpecification","valueRequired":true,"valueName":"search_term_string"}}],"inLanguage":"es"},{"@type":"Organization","@id":"https:\/\/www.laguiadepamplona.com\/actualidad\/#organization","name":"La Gu\u00eda de Pamplona \/ Noticias","url":"https:\/\/www.laguiadepamplona.com\/actualidad\/","logo":{"@type":"ImageObject","inLanguage":"es","@id":"https:\/\/www.laguiadepamplona.com\/actualidad\/#\/schema\/logo\/image\/","url":"https:\/\/www.laguiadepamplona.com\/actualidad\/wp-content\/uploads\/2018\/11\/logo-laguiadepamplona18-web1.png","contentUrl":"https:\/\/www.laguiadepamplona.com\/actualidad\/wp-content\/uploads\/2018\/11\/logo-laguiadepamplona18-web1.png","width":600,"height":196,"caption":"La Gu\u00eda de Pamplona \/ Noticias"},"image":{"@id":"https:\/\/www.laguiadepamplona.com\/actualidad\/#\/schema\/logo\/image\/"},"sameAs":["https:\/\/www.facebook.com\/laguiadepamplonacom-133175176762273\/?ref=hl","https:\/\/x.com\/LaGuiadPamplona","https:\/\/www.instagram.com\/la_guia_de_pamplona\/","https:\/\/www.youtube.com\/user\/laguiadepamplona"]},{"@type":"Person","@id":"https:\/\/www.laguiadepamplona.com\/actualidad\/#\/schema\/person\/efe887376f0213d4657c93adc50b1fdb","name":"La Gu\u00eda de Pamplona","image":{"@type":"ImageObject","inLanguage":"es","@id":"https:\/\/secure.gravatar.com\/avatar\/b6992f131dc8d30ab0dff15446e9d346d9dbd95992de0fef795073f5ea83a81c?s=96&d=mm&r=g","url":"https:\/\/secure.gravatar.com\/avatar\/b6992f131dc8d30ab0dff15446e9d346d9dbd95992de0fef795073f5ea83a81c?s=96&d=mm&r=g","contentUrl":"https:\/\/secure.gravatar.com\/avatar\/b6992f131dc8d30ab0dff15446e9d346d9dbd95992de0fef795073f5ea83a81c?s=96&d=mm&r=g","caption":"La Gu\u00eda de Pamplona"}}]}},"post_mailing_queue_ids":[],"_links":{"self":[{"href":"https:\/\/www.laguiadepamplona.com\/actualidad\/wp-json\/wp\/v2\/posts\/41573","targetHints":{"allow":["GET"]}}],"collection":[{"href":"https:\/\/www.laguiadepamplona.com\/actualidad\/wp-json\/wp\/v2\/posts"}],"about":[{"href":"https:\/\/www.laguiadepamplona.com\/actualidad\/wp-json\/wp\/v2\/types\/post"}],"author":[{"embeddable":true,"href":"https:\/\/www.laguiadepamplona.com\/actualidad\/wp-json\/wp\/v2\/users\/1"}],"replies":[{"embeddable":true,"href":"https:\/\/www.laguiadepamplona.com\/actualidad\/wp-json\/wp\/v2\/comments?post=41573"}],"version-history":[{"count":0,"href":"https:\/\/www.laguiadepamplona.com\/actualidad\/wp-json\/wp\/v2\/posts\/41573\/revisions"}],"wp:featuredmedia":[{"embeddable":true,"href":"https:\/\/www.laguiadepamplona.com\/actualidad\/wp-json\/wp\/v2\/media\/41587"}],"wp:attachment":[{"href":"https:\/\/www.laguiadepamplona.com\/actualidad\/wp-json\/wp\/v2\/media?parent=41573"}],"wp:term":[{"taxonomy":"category","embeddable":true,"href":"https:\/\/www.laguiadepamplona.com\/actualidad\/wp-json\/wp\/v2\/categories?post=41573"},{"taxonomy":"post_tag","embeddable":true,"href":"https:\/\/www.laguiadepamplona.com\/actualidad\/wp-json\/wp\/v2\/tags?post=41573"}],"curies":[{"name":"wp","href":"https:\/\/api.w.org\/{rel}","templated":true}]}}