{"id":41571,"date":"2022-09-19T17:29:52","date_gmt":"2022-09-19T15:29:52","guid":{"rendered":"https:\/\/www.laguiadepamplona.com\/actualidad\/?p=41571"},"modified":"2023-04-11T11:47:50","modified_gmt":"2023-04-11T09:47:50","slug":"el-ayuntamiento-ofrece-este-trimestre-20-cursos-destinados-a-mejorar-las-competencias-de-particulares-y-asociaciones-en-el-ambito-de-la-participacion-ciudadana","status":"publish","type":"post","link":"https:\/\/www.laguiadepamplona.com\/actualidad\/el-ayuntamiento-ofrece-este-trimestre-20-cursos-destinados-a-mejorar-las-competencias-de-particulares-y-asociaciones-en-el-ambito-de-la-participacion-ciudadana\/","title":{"rendered":"El Ayuntamiento ofrece este trimestre 20 cursos destinados a mejorar las competencias de particulares y asociaciones en el \u00e1mbito de la participaci\u00f3n ciudadana"},"content":{"rendered":"<h5>Ma\u00f1ana, martes, comienza el plazo de inscripci\u00f3n para todos los contenidos que se imparten en Zentro con car\u00e1cter gratuito<\/h5>\n<p><!--more--><\/p>\n<p>El Ayuntamiento de Pamplona oferta, entre finales de septiembre y el mes de diciembre, 20 cursos de formaci\u00f3n en participaci\u00f3n ciudadana gratuitos en castellano y euskera, dirigidos tanto al conjunto de la ciudadan\u00eda como a colectivos y asociaciones. En su conjunto, tanto en versi\u00f3n presencial como <em>on line<\/em>, ofrecen contenidos sobre habilidades sociales, herramientas de participaci\u00f3n y tecnol\u00f3gicos, inclusi\u00f3n social, gesti\u00f3n asociativa e interculturalidad.<\/p>\n<p>El primero de los cursos se iniciar\u00e1 el 27 de septiembre y versar\u00e1 sobre el \u2018Aprendizaje y Servicio solidario: educaci\u00f3n y compromiso social\u2019 (un curso de metodolog\u00eda mixta, con su parte presencial en la sala de usos m\u00faltiples de la estaci\u00f3n de autobuses). El resto de cursos comenzar\u00e1n de forma escalonada a lo largo del trimestre con una duraci\u00f3n que oscila entre las 2 y las 18 horas y se desarrollar\u00e1n en el Condestable.<br \/>\n<script async src=\"\/\/pagead2.googlesyndication.com\/pagead\/js\/adsbygoogle.js\"><\/script><br \/>\n<!-- Noticias La Guia de Pamplona --><br \/>\n<ins class=\"adsbygoogle\"\nstyle=\"display:block\"\ndata-ad-client=\"ca-pub-6943679897239327\"\ndata-ad-slot=\"7048180777\"\ndata-ad-format=\"auto\"><\/ins><br \/>\n<script>\n(adsbygoogle = window.adsbygoogle || []).push({});\n<\/script><\/p>\n<p>Todos los cursos est\u00e1n dirigidos a personas mayores de 18 a\u00f1os y la preinscripci\u00f3n debe realizarse desde ma\u00f1ana, martes, d\u00eda 20 de septiembre, a trav\u00e9s de la web <a href=\"http:\/\/participa.pamplona.es\/\" target=\"_blank\" rel=\"noopener\">http:\/\/participa.pamplona.es\/<\/a>, enlace en el que tambi\u00e9n est\u00e1 disponible toda la informaci\u00f3n sobre esta edici\u00f3n de cursos. Adem\u00e1s, se puede solicitar m\u00e1s informaci\u00f3n en <a href=\"mailto:formaci\u00f3n.participacion@pamplona.es\">formaci\u00f3n.participacion@pamplona.es<\/a> o 948 420266.<\/p>\n<p>Como criterio general, la preinscripci\u00f3n se cierra dos semanas antes del inicio del curso. En el caso de existir en alg\u00fan curso m\u00e1s solicitudes que plazas ofertadas, se dar\u00e1 prioridad a las personas empadronadas o residentes en Pamplona. Una vez acabado el periodo de preinscripci\u00f3n las personas admitidas deber\u00e1n formalizar la matr\u00edcula y, al acabar la formaci\u00f3n, el alumnado recibir\u00e1 una acreditaci\u00f3n de las horas realizadas.<\/p>\n<p>Este pr\u00f3ximo octubre se inician siete cursos. La primera semana los que ata\u00f1en a relaciones seguras y a afrontar conflictos en la comunicaci\u00f3n intercultural cara a cara; el 13 de octubre \u201cUBUNTU SEI ZERO, Co-construcci\u00f3n social\u201d; entre el 17 y el 21 de octubre los de que tratan de intervenciones mediadoras para promoci\u00f3n de la convivencia, taller de mentor\u00eda laboral y, finalmente, un contenido espec\u00edfico para la tramitaci\u00f3n electr\u00f3nica de subvenciones municipales (<em>on line<\/em>). La \u00faltima semana del mes se iniciar\u00e1n cursos relativos a intervenci\u00f3n con menores y al teatro como herramienta de intervenci\u00f3n social.<\/p>\n<p>Adem\u00e1s, hasta el 26 de septiembre se extiende la preinscripci\u00f3n del curso b\u00e1sico de facilitaci\u00f3n de grupos, que se estructura en 10 m\u00f3dulos que se imparten de octubre a junio de 2023 (120 horas lectivas).<br \/>\n<script async src=\"\/\/pagead2.googlesyndication.com\/pagead\/js\/adsbygoogle.js\"><\/script><br \/>\n<!-- Noticias La Guia de Pamplona --><br \/>\n<ins class=\"adsbygoogle\"\nstyle=\"display:block\"\ndata-ad-client=\"ca-pub-6943679897239327\"\ndata-ad-slot=\"7048180777\"\ndata-ad-format=\"auto\"><\/ins><br \/>\n<script>\n(adsbygoogle = window.adsbygoogle || []).push({});\n<\/script><\/p>\n<p><strong>Formaci\u00f3n a la carta y bolsa de personas formadoras<\/strong><\/p>\n<p>El \u00e1rea de Educaci\u00f3n, Participaci\u00f3n Ciudadana y Juventud oferta tambi\u00e9n formaci\u00f3n a la carta, un servicio que consiste en la atenci\u00f3n a las necesidades formativas de los colectivos y asociaciones de Pamplona en materia de participaci\u00f3n ciudadana, asociacionismo, ciudadan\u00eda activa\u2026 Las entidades, asociaciones y colectivos presentan de manera detallada su necesidad y el \u00e1rea organiza la acci\u00f3n formativa a trav\u00e9s de cursos, que siguen siendo abiertos, pero se dirigen de una forma m\u00e1s espec\u00edfica a quienes los han demandado.<\/p>\n<p>Adem\u00e1s, el Ayuntamiento de Pamplona tiene en marcha una bolsa de formadores y formadoras que est\u00e1 dirigida a profesionales, asociaciones o empresas que tengan inter\u00e9s en impartir actividades formativas. Para ello, las personas interesadas deben enviar una propuesta que incluya carta de presentaci\u00f3n, ficha de la persona formadora, ficha de la propuesta formativa y curr\u00edculum vitae a la direcci\u00f3n de correo electr\u00f3nico <a href=\"mailto:formaci\u00f3n.participacion@pamplona.es\">formaci\u00f3n.participacion@pamplona.es<\/a>.<br \/>\n<script async src=\"\/\/pagead2.googlesyndication.com\/pagead\/js\/adsbygoogle.js\"><\/script><br \/>\n<!-- Noticias La Guia de Pamplona --><br \/>\n<ins class=\"adsbygoogle\"\nstyle=\"display:block\"\ndata-ad-client=\"ca-pub-6943679897239327\"\ndata-ad-slot=\"7048180777\"\ndata-ad-format=\"auto\"><\/ins><br \/>\n<script>\n(adsbygoogle = window.adsbygoogle || []).push({});\n<\/script><\/p>\n<p>&nbsp;<\/p>\n<h3><strong>Participaci\u00f3n Ciudadana. Cursos gratuitos de octubre a diciembre<\/strong><\/h3>\n<p><strong>CURSO B\u00c1SICO DE FACILITACI\u00d3N DE GRUPOS (octubre-junio)<\/strong><\/p>\n<p><strong>HABILIDADES SOCIALES<\/strong><\/p>\n<ul>\n<li>1. La br\u00fajula de las emociones<\/li>\n<li>2. Relaciones seguras\/Relaciones inseguras: salud relacional y convivencia en paz<\/li>\n<li>3. El poder de las emociones\/Emozioen boterea (en euskera)<\/li>\n<\/ul>\n<p><strong>HERRAMIENTAS PARTICIPATIVAS<\/strong><\/p>\n<ul>\n<li>1. El teatro como herramienta de intervenci\u00f3n social y empoderamiento individual y colectivo<\/li>\n<li>2. Promoci\u00f3n de la convivencia: herramientas y estrategias para intervenciones mediadoras<\/li>\n<li>3. Recursos b\u00e1sicos para la dinamizaci\u00f3n de reuniones<\/li>\n<li>4. Bilerak dinamizatzeko oinarrizko baliabideak<\/li>\n<li>5. Aprendizaje y Servicio Solidario: educaci\u00f3n y compromiso social<\/li>\n<\/ul>\n<p><strong>INCLUSI\u00d3N SOCIAL<\/strong><\/p>\n<ul>\n<li>1. Mentor\u00eda social: acompa\u00f1amiento informa<\/li>\n<li>2. Intervenci\u00f3n con menores en conflicto social y participaci\u00f3n ciudadana<\/li>\n<li>3. Paris 365: Recetas para alimentar la solidaridad<\/li>\n<li>4. UBUNTU SEI.ZERO Co-construcci\u00f3n social<\/li>\n<li>5. Taller de mentor\u00eda laboral<\/li>\n<\/ul>\n<p><strong>GESTI\u00d3N ASOCIATIVA<\/strong><\/p>\n<ul>\n<li>1. Justificaci\u00f3n de subvenciones<\/li>\n<li>2. Relaciona-T: recursos y herramientas municipales y tramitaci\u00f3n electr\u00f3nica de subvenciones para las entidades sin \u00e1nimo de lucro<\/li>\n<li>3. Otra forma de hacer y entender la econom\u00eda y la financiaci\u00f3n \u00e9tica y solidaria<\/li>\n<\/ul>\n<p><strong>5.HABILIDADES TECNOL\u00d3GICAS <\/strong><\/p>\n<ul>\n<li>1. Creaci\u00f3n de contenidos para redes sociales<\/li>\n<\/ul>\n<ol start=\"6\">\n<li><strong> INTERCULTURALIDAD<\/strong><\/li>\n<\/ol>\n<ul>\n<li>1. \u00bfC\u00f3mo afrontar los conflictos en la comunicaci\u00f3n inter-cultural cara a cara?<\/li>\n<li>2. Agentes AntiRumores<\/li>\n<li>3. Vinculando desde encuentros improbables: j\u00f3venes y comunidad<\/li>\n<\/ul>\n<p>&nbsp;<br \/>\n[qodef_button size=\u00bblarge\u00bb type=\u00bb\u00bb text=\u00bbPrograma participaci\u00f3n ciudadana.pdf\u00bb custom_class=\u00bb\u00bb icon_pack=\u00bbfont_elegant\u00bb fa_icon=\u00bbicon_download\u00bb link=\u00bbhttps:\/\/www.pamplona.es\/sites\/default\/files\/2022-09\/programaparticipacion-ciudadanacast.pdf\u00bb target=\u00bb_blank\u00bb color=\u00bbffffff\u00bb hover_color=\u00bb\u00bb background_color=\u00bb\u00bb hover_background_color=\u00bb\u00bb border_color=\u00bb\u00bb hover_border_color=\u00bb\u00bb font_size=\u00bb\u00bb font_weight=\u00bb\u00bb margin=\u00bb\u00bb]\n&nbsp;<\/p>\n","protected":false},"excerpt":{"rendered":"<p>Ma\u00f1ana, martes, comienza el plazo de inscripci\u00f3n para todos los contenidos que se imparten en Zentro con car\u00e1cter gratuito<\/p>\n","protected":false},"author":1,"featured_media":41209,"comment_status":"open","ping_status":"closed","sticky":false,"template":"","format":"standard","meta":{"footnotes":""},"categories":[2],"tags":[],"class_list":["post-41571","post","type-post","status-publish","format-standard","has-post-thumbnail","hentry","category-ayuntamiento-pamplona"],"yoast_head":"<!-- This site is optimized with the Yoast SEO plugin v27.5 - https:\/\/yoast.com\/product\/yoast-seo-wordpress\/ -->\n<title>El Ayuntamiento ofrece este trimestre 20 cursos destinados a mejorar las competencias de particulares y asociaciones en el \u00e1mbito de la participaci\u00f3n ciudadana<\/title>\n<meta name=\"description\" content=\"Ma\u00f1ana, martes, comienza el plazo de inscripci\u00f3n para todos los contenidos que se imparten en Zentro con car\u00e1cter gratuito\" \/>\n<meta name=\"robots\" content=\"index, follow, max-snippet:-1, max-image-preview:large, max-video-preview:-1\" \/>\n<link rel=\"canonical\" href=\"https:\/\/www.laguiadepamplona.com\/actualidad\/el-ayuntamiento-ofrece-este-trimestre-20-cursos-destinados-a-mejorar-las-competencias-de-particulares-y-asociaciones-en-el-ambito-de-la-participacion-ciudadana\/\" \/>\n<meta property=\"og:locale\" content=\"es_ES\" \/>\n<meta property=\"og:type\" content=\"article\" \/>\n<meta property=\"og:title\" content=\"El Ayuntamiento ofrece este trimestre 20 cursos destinados a mejorar las competencias de particulares y asociaciones en el \u00e1mbito de la participaci\u00f3n ciudadana\" \/>\n<meta property=\"og:description\" content=\"Ma\u00f1ana, martes, comienza el plazo de inscripci\u00f3n para todos los contenidos que se imparten en Zentro con car\u00e1cter gratuito\" \/>\n<meta property=\"og:url\" content=\"https:\/\/www.laguiadepamplona.com\/actualidad\/el-ayuntamiento-ofrece-este-trimestre-20-cursos-destinados-a-mejorar-las-competencias-de-particulares-y-asociaciones-en-el-ambito-de-la-participacion-ciudadana\/\" \/>\n<meta property=\"og:site_name\" content=\"La Gu\u00eda de Pamplona\" \/>\n<meta property=\"article:publisher\" content=\"https:\/\/www.facebook.com\/laguiadepamplonacom-133175176762273\/?ref=hl\" \/>\n<meta property=\"article:published_time\" content=\"2022-09-19T15:29:52+00:00\" \/>\n<meta property=\"article:modified_time\" content=\"2023-04-11T09:47:50+00:00\" \/>\n<meta property=\"og:image\" content=\"https:\/\/www.laguiadepamplona.com\/actualidad\/wp-content\/uploads\/2022\/08\/zentro.jpg\" \/>\n\t<meta property=\"og:image:width\" content=\"934\" \/>\n\t<meta property=\"og:image:height\" content=\"624\" \/>\n\t<meta property=\"og:image:type\" content=\"image\/jpeg\" \/>\n<meta name=\"author\" content=\"La Gu\u00eda de Pamplona\" \/>\n<meta name=\"twitter:card\" content=\"summary_large_image\" \/>\n<meta name=\"twitter:creator\" content=\"@LaGuiadPamplona\" \/>\n<meta name=\"twitter:site\" content=\"@LaGuiadPamplona\" \/>\n<meta name=\"twitter:label1\" content=\"Escrito por\" \/>\n\t<meta name=\"twitter:data1\" content=\"La Gu\u00eda de Pamplona\" \/>\n\t<meta name=\"twitter:label2\" content=\"Tiempo de lectura\" \/>\n\t<meta name=\"twitter:data2\" content=\"4 minutos\" \/>\n<script type=\"application\/ld+json\" class=\"yoast-schema-graph\">{\"@context\":\"https:\\\/\\\/schema.org\",\"@graph\":[{\"@type\":\"Article\",\"@id\":\"https:\\\/\\\/www.laguiadepamplona.com\\\/actualidad\\\/el-ayuntamiento-ofrece-este-trimestre-20-cursos-destinados-a-mejorar-las-competencias-de-particulares-y-asociaciones-en-el-ambito-de-la-participacion-ciudadana\\\/#article\",\"isPartOf\":{\"@id\":\"https:\\\/\\\/www.laguiadepamplona.com\\\/actualidad\\\/el-ayuntamiento-ofrece-este-trimestre-20-cursos-destinados-a-mejorar-las-competencias-de-particulares-y-asociaciones-en-el-ambito-de-la-participacion-ciudadana\\\/\"},\"author\":{\"name\":\"La Gu\u00eda de Pamplona\",\"@id\":\"https:\\\/\\\/www.laguiadepamplona.com\\\/actualidad\\\/#\\\/schema\\\/person\\\/efe887376f0213d4657c93adc50b1fdb\"},\"headline\":\"El Ayuntamiento ofrece este trimestre 20 cursos destinados a mejorar las competencias de particulares y asociaciones en el \u00e1mbito de la participaci\u00f3n ciudadana\",\"datePublished\":\"2022-09-19T15:29:52+00:00\",\"dateModified\":\"2023-04-11T09:47:50+00:00\",\"mainEntityOfPage\":{\"@id\":\"https:\\\/\\\/www.laguiadepamplona.com\\\/actualidad\\\/el-ayuntamiento-ofrece-este-trimestre-20-cursos-destinados-a-mejorar-las-competencias-de-particulares-y-asociaciones-en-el-ambito-de-la-participacion-ciudadana\\\/\"},\"wordCount\":913,\"commentCount\":0,\"publisher\":{\"@id\":\"https:\\\/\\\/www.laguiadepamplona.com\\\/actualidad\\\/#organization\"},\"image\":{\"@id\":\"https:\\\/\\\/www.laguiadepamplona.com\\\/actualidad\\\/el-ayuntamiento-ofrece-este-trimestre-20-cursos-destinados-a-mejorar-las-competencias-de-particulares-y-asociaciones-en-el-ambito-de-la-participacion-ciudadana\\\/#primaryimage\"},\"thumbnailUrl\":\"https:\\\/\\\/www.laguiadepamplona.com\\\/actualidad\\\/wp-content\\\/uploads\\\/2022\\\/08\\\/zentro.jpg\",\"articleSection\":[\"Ayto Pamplona\"],\"inLanguage\":\"es\",\"potentialAction\":[{\"@type\":\"CommentAction\",\"name\":\"Comment\",\"target\":[\"https:\\\/\\\/www.laguiadepamplona.com\\\/actualidad\\\/el-ayuntamiento-ofrece-este-trimestre-20-cursos-destinados-a-mejorar-las-competencias-de-particulares-y-asociaciones-en-el-ambito-de-la-participacion-ciudadana\\\/#respond\"]}]},{\"@type\":\"WebPage\",\"@id\":\"https:\\\/\\\/www.laguiadepamplona.com\\\/actualidad\\\/el-ayuntamiento-ofrece-este-trimestre-20-cursos-destinados-a-mejorar-las-competencias-de-particulares-y-asociaciones-en-el-ambito-de-la-participacion-ciudadana\\\/\",\"url\":\"https:\\\/\\\/www.laguiadepamplona.com\\\/actualidad\\\/el-ayuntamiento-ofrece-este-trimestre-20-cursos-destinados-a-mejorar-las-competencias-de-particulares-y-asociaciones-en-el-ambito-de-la-participacion-ciudadana\\\/\",\"name\":\"El Ayuntamiento ofrece este trimestre 20 cursos destinados a mejorar las competencias de particulares y asociaciones en el \u00e1mbito de la participaci\u00f3n ciudadana\",\"isPartOf\":{\"@id\":\"https:\\\/\\\/www.laguiadepamplona.com\\\/actualidad\\\/#website\"},\"primaryImageOfPage\":{\"@id\":\"https:\\\/\\\/www.laguiadepamplona.com\\\/actualidad\\\/el-ayuntamiento-ofrece-este-trimestre-20-cursos-destinados-a-mejorar-las-competencias-de-particulares-y-asociaciones-en-el-ambito-de-la-participacion-ciudadana\\\/#primaryimage\"},\"image\":{\"@id\":\"https:\\\/\\\/www.laguiadepamplona.com\\\/actualidad\\\/el-ayuntamiento-ofrece-este-trimestre-20-cursos-destinados-a-mejorar-las-competencias-de-particulares-y-asociaciones-en-el-ambito-de-la-participacion-ciudadana\\\/#primaryimage\"},\"thumbnailUrl\":\"https:\\\/\\\/www.laguiadepamplona.com\\\/actualidad\\\/wp-content\\\/uploads\\\/2022\\\/08\\\/zentro.jpg\",\"datePublished\":\"2022-09-19T15:29:52+00:00\",\"dateModified\":\"2023-04-11T09:47:50+00:00\",\"description\":\"Ma\u00f1ana, martes, comienza el plazo de inscripci\u00f3n para todos los contenidos que se imparten en Zentro con car\u00e1cter gratuito\",\"breadcrumb\":{\"@id\":\"https:\\\/\\\/www.laguiadepamplona.com\\\/actualidad\\\/el-ayuntamiento-ofrece-este-trimestre-20-cursos-destinados-a-mejorar-las-competencias-de-particulares-y-asociaciones-en-el-ambito-de-la-participacion-ciudadana\\\/#breadcrumb\"},\"inLanguage\":\"es\",\"potentialAction\":[{\"@type\":\"ReadAction\",\"target\":[\"https:\\\/\\\/www.laguiadepamplona.com\\\/actualidad\\\/el-ayuntamiento-ofrece-este-trimestre-20-cursos-destinados-a-mejorar-las-competencias-de-particulares-y-asociaciones-en-el-ambito-de-la-participacion-ciudadana\\\/\"]}]},{\"@type\":\"ImageObject\",\"inLanguage\":\"es\",\"@id\":\"https:\\\/\\\/www.laguiadepamplona.com\\\/actualidad\\\/el-ayuntamiento-ofrece-este-trimestre-20-cursos-destinados-a-mejorar-las-competencias-de-particulares-y-asociaciones-en-el-ambito-de-la-participacion-ciudadana\\\/#primaryimage\",\"url\":\"https:\\\/\\\/www.laguiadepamplona.com\\\/actualidad\\\/wp-content\\\/uploads\\\/2022\\\/08\\\/zentro.jpg\",\"contentUrl\":\"https:\\\/\\\/www.laguiadepamplona.com\\\/actualidad\\\/wp-content\\\/uploads\\\/2022\\\/08\\\/zentro.jpg\",\"width\":934,\"height\":624,\"caption\":\"zentro\"},{\"@type\":\"BreadcrumbList\",\"@id\":\"https:\\\/\\\/www.laguiadepamplona.com\\\/actualidad\\\/el-ayuntamiento-ofrece-este-trimestre-20-cursos-destinados-a-mejorar-las-competencias-de-particulares-y-asociaciones-en-el-ambito-de-la-participacion-ciudadana\\\/#breadcrumb\",\"itemListElement\":[{\"@type\":\"ListItem\",\"position\":1,\"name\":\"Portada\",\"item\":\"https:\\\/\\\/www.laguiadepamplona.com\\\/actualidad\\\/\"},{\"@type\":\"ListItem\",\"position\":2,\"name\":\"El Ayuntamiento ofrece este trimestre 20 cursos destinados a mejorar las competencias de particulares y asociaciones en el \u00e1mbito de la participaci\u00f3n ciudadana\"}]},{\"@type\":\"WebSite\",\"@id\":\"https:\\\/\\\/www.laguiadepamplona.com\\\/actualidad\\\/#website\",\"url\":\"https:\\\/\\\/www.laguiadepamplona.com\\\/actualidad\\\/\",\"name\":\"La gu\u00eda de Pamplona\",\"description\":\"Noticias de Pamplona\",\"publisher\":{\"@id\":\"https:\\\/\\\/www.laguiadepamplona.com\\\/actualidad\\\/#organization\"},\"potentialAction\":[{\"@type\":\"SearchAction\",\"target\":{\"@type\":\"EntryPoint\",\"urlTemplate\":\"https:\\\/\\\/www.laguiadepamplona.com\\\/actualidad\\\/?s={search_term_string}\"},\"query-input\":{\"@type\":\"PropertyValueSpecification\",\"valueRequired\":true,\"valueName\":\"search_term_string\"}}],\"inLanguage\":\"es\"},{\"@type\":\"Organization\",\"@id\":\"https:\\\/\\\/www.laguiadepamplona.com\\\/actualidad\\\/#organization\",\"name\":\"La Gu\u00eda de Pamplona \\\/ Noticias\",\"url\":\"https:\\\/\\\/www.laguiadepamplona.com\\\/actualidad\\\/\",\"logo\":{\"@type\":\"ImageObject\",\"inLanguage\":\"es\",\"@id\":\"https:\\\/\\\/www.laguiadepamplona.com\\\/actualidad\\\/#\\\/schema\\\/logo\\\/image\\\/\",\"url\":\"https:\\\/\\\/www.laguiadepamplona.com\\\/actualidad\\\/wp-content\\\/uploads\\\/2018\\\/11\\\/logo-laguiadepamplona18-web1.png\",\"contentUrl\":\"https:\\\/\\\/www.laguiadepamplona.com\\\/actualidad\\\/wp-content\\\/uploads\\\/2018\\\/11\\\/logo-laguiadepamplona18-web1.png\",\"width\":600,\"height\":196,\"caption\":\"La Gu\u00eda de Pamplona \\\/ Noticias\"},\"image\":{\"@id\":\"https:\\\/\\\/www.laguiadepamplona.com\\\/actualidad\\\/#\\\/schema\\\/logo\\\/image\\\/\"},\"sameAs\":[\"https:\\\/\\\/www.facebook.com\\\/laguiadepamplonacom-133175176762273\\\/?ref=hl\",\"https:\\\/\\\/x.com\\\/LaGuiadPamplona\",\"https:\\\/\\\/www.instagram.com\\\/la_guia_de_pamplona\\\/\",\"https:\\\/\\\/www.youtube.com\\\/user\\\/laguiadepamplona\"]},{\"@type\":\"Person\",\"@id\":\"https:\\\/\\\/www.laguiadepamplona.com\\\/actualidad\\\/#\\\/schema\\\/person\\\/efe887376f0213d4657c93adc50b1fdb\",\"name\":\"La Gu\u00eda de Pamplona\",\"image\":{\"@type\":\"ImageObject\",\"inLanguage\":\"es\",\"@id\":\"https:\\\/\\\/secure.gravatar.com\\\/avatar\\\/b6992f131dc8d30ab0dff15446e9d346d9dbd95992de0fef795073f5ea83a81c?s=96&d=mm&r=g\",\"url\":\"https:\\\/\\\/secure.gravatar.com\\\/avatar\\\/b6992f131dc8d30ab0dff15446e9d346d9dbd95992de0fef795073f5ea83a81c?s=96&d=mm&r=g\",\"contentUrl\":\"https:\\\/\\\/secure.gravatar.com\\\/avatar\\\/b6992f131dc8d30ab0dff15446e9d346d9dbd95992de0fef795073f5ea83a81c?s=96&d=mm&r=g\",\"caption\":\"La Gu\u00eda de Pamplona\"}}]}<\/script>\n<!-- \/ Yoast SEO plugin. -->","yoast_head_json":{"title":"El Ayuntamiento ofrece este trimestre 20 cursos destinados a mejorar las competencias de particulares y asociaciones en el \u00e1mbito de la participaci\u00f3n ciudadana","description":"Ma\u00f1ana, martes, comienza el plazo de inscripci\u00f3n para todos los contenidos que se imparten en Zentro con car\u00e1cter gratuito","robots":{"index":"index","follow":"follow","max-snippet":"max-snippet:-1","max-image-preview":"max-image-preview:large","max-video-preview":"max-video-preview:-1"},"canonical":"https:\/\/www.laguiadepamplona.com\/actualidad\/el-ayuntamiento-ofrece-este-trimestre-20-cursos-destinados-a-mejorar-las-competencias-de-particulares-y-asociaciones-en-el-ambito-de-la-participacion-ciudadana\/","og_locale":"es_ES","og_type":"article","og_title":"El Ayuntamiento ofrece este trimestre 20 cursos destinados a mejorar las competencias de particulares y asociaciones en el \u00e1mbito de la participaci\u00f3n ciudadana","og_description":"Ma\u00f1ana, martes, comienza el plazo de inscripci\u00f3n para todos los contenidos que se imparten en Zentro con car\u00e1cter gratuito","og_url":"https:\/\/www.laguiadepamplona.com\/actualidad\/el-ayuntamiento-ofrece-este-trimestre-20-cursos-destinados-a-mejorar-las-competencias-de-particulares-y-asociaciones-en-el-ambito-de-la-participacion-ciudadana\/","og_site_name":"La Gu\u00eda de Pamplona","article_publisher":"https:\/\/www.facebook.com\/laguiadepamplonacom-133175176762273\/?ref=hl","article_published_time":"2022-09-19T15:29:52+00:00","article_modified_time":"2023-04-11T09:47:50+00:00","og_image":[{"width":934,"height":624,"url":"https:\/\/www.laguiadepamplona.com\/actualidad\/wp-content\/uploads\/2022\/08\/zentro.jpg","type":"image\/jpeg"}],"author":"La Gu\u00eda de Pamplona","twitter_card":"summary_large_image","twitter_creator":"@LaGuiadPamplona","twitter_site":"@LaGuiadPamplona","twitter_misc":{"Escrito por":"La Gu\u00eda de Pamplona","Tiempo de lectura":"4 minutos"},"schema":{"@context":"https:\/\/schema.org","@graph":[{"@type":"Article","@id":"https:\/\/www.laguiadepamplona.com\/actualidad\/el-ayuntamiento-ofrece-este-trimestre-20-cursos-destinados-a-mejorar-las-competencias-de-particulares-y-asociaciones-en-el-ambito-de-la-participacion-ciudadana\/#article","isPartOf":{"@id":"https:\/\/www.laguiadepamplona.com\/actualidad\/el-ayuntamiento-ofrece-este-trimestre-20-cursos-destinados-a-mejorar-las-competencias-de-particulares-y-asociaciones-en-el-ambito-de-la-participacion-ciudadana\/"},"author":{"name":"La Gu\u00eda de Pamplona","@id":"https:\/\/www.laguiadepamplona.com\/actualidad\/#\/schema\/person\/efe887376f0213d4657c93adc50b1fdb"},"headline":"El Ayuntamiento ofrece este trimestre 20 cursos destinados a mejorar las competencias de particulares y asociaciones en el \u00e1mbito de la participaci\u00f3n ciudadana","datePublished":"2022-09-19T15:29:52+00:00","dateModified":"2023-04-11T09:47:50+00:00","mainEntityOfPage":{"@id":"https:\/\/www.laguiadepamplona.com\/actualidad\/el-ayuntamiento-ofrece-este-trimestre-20-cursos-destinados-a-mejorar-las-competencias-de-particulares-y-asociaciones-en-el-ambito-de-la-participacion-ciudadana\/"},"wordCount":913,"commentCount":0,"publisher":{"@id":"https:\/\/www.laguiadepamplona.com\/actualidad\/#organization"},"image":{"@id":"https:\/\/www.laguiadepamplona.com\/actualidad\/el-ayuntamiento-ofrece-este-trimestre-20-cursos-destinados-a-mejorar-las-competencias-de-particulares-y-asociaciones-en-el-ambito-de-la-participacion-ciudadana\/#primaryimage"},"thumbnailUrl":"https:\/\/www.laguiadepamplona.com\/actualidad\/wp-content\/uploads\/2022\/08\/zentro.jpg","articleSection":["Ayto Pamplona"],"inLanguage":"es","potentialAction":[{"@type":"CommentAction","name":"Comment","target":["https:\/\/www.laguiadepamplona.com\/actualidad\/el-ayuntamiento-ofrece-este-trimestre-20-cursos-destinados-a-mejorar-las-competencias-de-particulares-y-asociaciones-en-el-ambito-de-la-participacion-ciudadana\/#respond"]}]},{"@type":"WebPage","@id":"https:\/\/www.laguiadepamplona.com\/actualidad\/el-ayuntamiento-ofrece-este-trimestre-20-cursos-destinados-a-mejorar-las-competencias-de-particulares-y-asociaciones-en-el-ambito-de-la-participacion-ciudadana\/","url":"https:\/\/www.laguiadepamplona.com\/actualidad\/el-ayuntamiento-ofrece-este-trimestre-20-cursos-destinados-a-mejorar-las-competencias-de-particulares-y-asociaciones-en-el-ambito-de-la-participacion-ciudadana\/","name":"El Ayuntamiento ofrece este trimestre 20 cursos destinados a mejorar las competencias de particulares y asociaciones en el \u00e1mbito de la participaci\u00f3n ciudadana","isPartOf":{"@id":"https:\/\/www.laguiadepamplona.com\/actualidad\/#website"},"primaryImageOfPage":{"@id":"https:\/\/www.laguiadepamplona.com\/actualidad\/el-ayuntamiento-ofrece-este-trimestre-20-cursos-destinados-a-mejorar-las-competencias-de-particulares-y-asociaciones-en-el-ambito-de-la-participacion-ciudadana\/#primaryimage"},"image":{"@id":"https:\/\/www.laguiadepamplona.com\/actualidad\/el-ayuntamiento-ofrece-este-trimestre-20-cursos-destinados-a-mejorar-las-competencias-de-particulares-y-asociaciones-en-el-ambito-de-la-participacion-ciudadana\/#primaryimage"},"thumbnailUrl":"https:\/\/www.laguiadepamplona.com\/actualidad\/wp-content\/uploads\/2022\/08\/zentro.jpg","datePublished":"2022-09-19T15:29:52+00:00","dateModified":"2023-04-11T09:47:50+00:00","description":"Ma\u00f1ana, martes, comienza el plazo de inscripci\u00f3n para todos los contenidos que se imparten en Zentro con car\u00e1cter gratuito","breadcrumb":{"@id":"https:\/\/www.laguiadepamplona.com\/actualidad\/el-ayuntamiento-ofrece-este-trimestre-20-cursos-destinados-a-mejorar-las-competencias-de-particulares-y-asociaciones-en-el-ambito-de-la-participacion-ciudadana\/#breadcrumb"},"inLanguage":"es","potentialAction":[{"@type":"ReadAction","target":["https:\/\/www.laguiadepamplona.com\/actualidad\/el-ayuntamiento-ofrece-este-trimestre-20-cursos-destinados-a-mejorar-las-competencias-de-particulares-y-asociaciones-en-el-ambito-de-la-participacion-ciudadana\/"]}]},{"@type":"ImageObject","inLanguage":"es","@id":"https:\/\/www.laguiadepamplona.com\/actualidad\/el-ayuntamiento-ofrece-este-trimestre-20-cursos-destinados-a-mejorar-las-competencias-de-particulares-y-asociaciones-en-el-ambito-de-la-participacion-ciudadana\/#primaryimage","url":"https:\/\/www.laguiadepamplona.com\/actualidad\/wp-content\/uploads\/2022\/08\/zentro.jpg","contentUrl":"https:\/\/www.laguiadepamplona.com\/actualidad\/wp-content\/uploads\/2022\/08\/zentro.jpg","width":934,"height":624,"caption":"zentro"},{"@type":"BreadcrumbList","@id":"https:\/\/www.laguiadepamplona.com\/actualidad\/el-ayuntamiento-ofrece-este-trimestre-20-cursos-destinados-a-mejorar-las-competencias-de-particulares-y-asociaciones-en-el-ambito-de-la-participacion-ciudadana\/#breadcrumb","itemListElement":[{"@type":"ListItem","position":1,"name":"Portada","item":"https:\/\/www.laguiadepamplona.com\/actualidad\/"},{"@type":"ListItem","position":2,"name":"El Ayuntamiento ofrece este trimestre 20 cursos destinados a mejorar las competencias de particulares y asociaciones en el \u00e1mbito de la participaci\u00f3n ciudadana"}]},{"@type":"WebSite","@id":"https:\/\/www.laguiadepamplona.com\/actualidad\/#website","url":"https:\/\/www.laguiadepamplona.com\/actualidad\/","name":"La gu\u00eda de Pamplona","description":"Noticias de Pamplona","publisher":{"@id":"https:\/\/www.laguiadepamplona.com\/actualidad\/#organization"},"potentialAction":[{"@type":"SearchAction","target":{"@type":"EntryPoint","urlTemplate":"https:\/\/www.laguiadepamplona.com\/actualidad\/?s={search_term_string}"},"query-input":{"@type":"PropertyValueSpecification","valueRequired":true,"valueName":"search_term_string"}}],"inLanguage":"es"},{"@type":"Organization","@id":"https:\/\/www.laguiadepamplona.com\/actualidad\/#organization","name":"La Gu\u00eda de Pamplona \/ Noticias","url":"https:\/\/www.laguiadepamplona.com\/actualidad\/","logo":{"@type":"ImageObject","inLanguage":"es","@id":"https:\/\/www.laguiadepamplona.com\/actualidad\/#\/schema\/logo\/image\/","url":"https:\/\/www.laguiadepamplona.com\/actualidad\/wp-content\/uploads\/2018\/11\/logo-laguiadepamplona18-web1.png","contentUrl":"https:\/\/www.laguiadepamplona.com\/actualidad\/wp-content\/uploads\/2018\/11\/logo-laguiadepamplona18-web1.png","width":600,"height":196,"caption":"La Gu\u00eda de Pamplona \/ Noticias"},"image":{"@id":"https:\/\/www.laguiadepamplona.com\/actualidad\/#\/schema\/logo\/image\/"},"sameAs":["https:\/\/www.facebook.com\/laguiadepamplonacom-133175176762273\/?ref=hl","https:\/\/x.com\/LaGuiadPamplona","https:\/\/www.instagram.com\/la_guia_de_pamplona\/","https:\/\/www.youtube.com\/user\/laguiadepamplona"]},{"@type":"Person","@id":"https:\/\/www.laguiadepamplona.com\/actualidad\/#\/schema\/person\/efe887376f0213d4657c93adc50b1fdb","name":"La Gu\u00eda de Pamplona","image":{"@type":"ImageObject","inLanguage":"es","@id":"https:\/\/secure.gravatar.com\/avatar\/b6992f131dc8d30ab0dff15446e9d346d9dbd95992de0fef795073f5ea83a81c?s=96&d=mm&r=g","url":"https:\/\/secure.gravatar.com\/avatar\/b6992f131dc8d30ab0dff15446e9d346d9dbd95992de0fef795073f5ea83a81c?s=96&d=mm&r=g","contentUrl":"https:\/\/secure.gravatar.com\/avatar\/b6992f131dc8d30ab0dff15446e9d346d9dbd95992de0fef795073f5ea83a81c?s=96&d=mm&r=g","caption":"La Gu\u00eda de Pamplona"}}]}},"post_mailing_queue_ids":[],"_links":{"self":[{"href":"https:\/\/www.laguiadepamplona.com\/actualidad\/wp-json\/wp\/v2\/posts\/41571","targetHints":{"allow":["GET"]}}],"collection":[{"href":"https:\/\/www.laguiadepamplona.com\/actualidad\/wp-json\/wp\/v2\/posts"}],"about":[{"href":"https:\/\/www.laguiadepamplona.com\/actualidad\/wp-json\/wp\/v2\/types\/post"}],"author":[{"embeddable":true,"href":"https:\/\/www.laguiadepamplona.com\/actualidad\/wp-json\/wp\/v2\/users\/1"}],"replies":[{"embeddable":true,"href":"https:\/\/www.laguiadepamplona.com\/actualidad\/wp-json\/wp\/v2\/comments?post=41571"}],"version-history":[{"count":0,"href":"https:\/\/www.laguiadepamplona.com\/actualidad\/wp-json\/wp\/v2\/posts\/41571\/revisions"}],"wp:featuredmedia":[{"embeddable":true,"href":"https:\/\/www.laguiadepamplona.com\/actualidad\/wp-json\/wp\/v2\/media\/41209"}],"wp:attachment":[{"href":"https:\/\/www.laguiadepamplona.com\/actualidad\/wp-json\/wp\/v2\/media?parent=41571"}],"wp:term":[{"taxonomy":"category","embeddable":true,"href":"https:\/\/www.laguiadepamplona.com\/actualidad\/wp-json\/wp\/v2\/categories?post=41571"},{"taxonomy":"post_tag","embeddable":true,"href":"https:\/\/www.laguiadepamplona.com\/actualidad\/wp-json\/wp\/v2\/tags?post=41571"}],"curies":[{"name":"wp","href":"https:\/\/api.w.org\/{rel}","templated":true}]}}