{"id":41568,"date":"2022-09-19T17:27:14","date_gmt":"2022-09-19T15:27:14","guid":{"rendered":"https:\/\/www.laguiadepamplona.com\/actualidad\/?p=41568"},"modified":"2023-04-11T11:47:50","modified_gmt":"2023-04-11T09:47:50","slug":"la-semana-de-la-movilidad-apuesta-estos-dias-por-actividad-a-pie-con-recorridos-para-redescubrir-las-murallas-y-el-valor-ambiental-de-barrios-parques-y-jardines","status":"publish","type":"post","link":"https:\/\/www.laguiadepamplona.com\/actualidad\/la-semana-de-la-movilidad-apuesta-estos-dias-por-actividad-a-pie-con-recorridos-para-redescubrir-las-murallas-y-el-valor-ambiental-de-barrios-parques-y-jardines\/","title":{"rendered":"La Semana de la Movilidad apuesta estos d\u00edas por actividad a pie, con recorridos para redescubrir las murallas y el valor ambiental de barrios, parques y jardines"},"content":{"rendered":"<h5>El martes y el mi\u00e9rcoles se celebrar\u00e1n sendas jornadas sobre el proyecto de Zona de Bajas Emisiones y el Plan Estrat\u00e9gico de Accesibilidad Integral<\/h5>\n<p><!--more--><\/p>\n<p>Tras un fin de semana centrado principalmente en las bicicletas y los veh\u00edculos el\u00e9ctricos, las actividades de la Semana de la Movilidad apuestan lunes, mi\u00e9rcoles y jueves por recorridos a pie para redescubrir la ciudad desde otra perspectiva. Adem\u00e1s, se han programado dos jornadas informativas sobre proyectos como el de definici\u00f3n de la Zona de Bajas Emisiones de Pamplona y el Plan Estrat\u00e9gico de Accesibilidad Integral.<\/p>\n<p>Caminar es la forma m\u00e1s natural de moverse y la que permite conocer la ciudad de la manera m\u00e1s reposada y consciente, permitiendo descubrir sus diversos valores, incluyendo los patrimoniales y ambientales. Este lunes a las 18 horas se ha organizado un paseo para descubrir el valor y los secretos de las murallas. La arquitecta restauradora de la muralla, Marta Monreal, guiar\u00e1 un recorrido que <em>visitar\u00e1 baluartes, casernas y pasadizos ocultos, que solo se abren en ocasiones especiales. <\/em>\u00bfPor d\u00f3nde se escap\u00f3 el pr\u00edncipe Juan de Albret durante el asedio a Pamplona de 1512? \u00bfCu\u00e1l es la caserna m\u00e1s grande que hay en nuestra ciudad? \u00bfPor qu\u00e9 se derribaron las murallas? \u00bfQu\u00e9 datos inesperados han aparecido durante las obras de restauraci\u00f3n? <em>El punto de encuentro para salir estar\u00e1 en la puerta del front\u00f3n Labrit.<\/em><br \/>\n<script async src=\"\/\/pagead2.googlesyndication.com\/pagead\/js\/adsbygoogle.js\"><\/script><br \/>\n<!-- Noticias La Guia de Pamplona --><br \/>\n<ins class=\"adsbygoogle\"\nstyle=\"display:block\"\ndata-ad-client=\"ca-pub-6943679897239327\"\ndata-ad-slot=\"7048180777\"\ndata-ad-format=\"auto\"><\/ins><br \/>\n<script>\n(adsbygoogle = window.adsbygoogle || []).push({});\n<\/script><\/p>\n<p><em>El mi\u00e9rcoles la ruta llevar\u00e1 a las personas que se animen al barrio de Iturrama y al campus de la Universidad de Navarra, donde se explicar\u00e1n los valores ambientales de esas zonas de Pamplona. El paseo comenzar\u00e1 a las 18 horas desde Civivox Iturrama. <\/em>Se acudir\u00e1 al cercano Front\u00f3n L\u00f3pez, donde se explicar\u00e1 la historia de su constructor, el empresario de calzado Toribio L\u00f3pez, su relaci\u00f3n con la Primera Guerra Mundial y el b\u00fanker situado en un lateral del front\u00f3n. Se detallar\u00e1 el funcionamiento de las tres estaciones de bicicleta el\u00e9ctrica que hay en el barrio y se utilizar\u00e1 uno de los nuevos pasos que atraviesan la Avenida de Navarra para llegar al campus de la Universidad de Navarra, donde se visitar\u00e1n las secuoyas gigantes, las prehist\u00f3ricas metasecuoyas, los granados o los cedros del Atlas.<\/p>\n<p><em>El jueves se caminar\u00e1 por Mendebaldea y el jard\u00edn del Hospital Universitario de Navarra, tambi\u00e9n desde las 18 horas, partiendo de la puerta principal de la Biblioteca General de Navarra. <\/em>Se conocer\u00e1 el huerto comunitario de Mendebaldea y, recorriendo el paseo peatonal Antonio P\u00e9rez de Goyena, se llegar\u00e1 al complejo hospitalario, construido en 1906. All\u00ed se explicar\u00e1 algo de su historia, as\u00ed como los animales (verdecillos, currucas, carboneros, herrerillos, t\u00f3rtolas) y \u00e1rboles (abeto de Douglas, cipr\u00e9s de Monterrey, sabina negra, \u00e1rbol de Judas o picea azul) que habitan el complejo. Por \u00faltimo, se explicar\u00e1 el funcionamiento de una estaci\u00f3n de alquiler de bicicletas el\u00e9ctricas, as\u00ed como las pautas de uso de los carriles bici.<\/p>\n<p><em>Ambas actividades contar\u00e1n con la bi\u00f3loga y t\u00e9cnica municipal de Medio Ambiente, Marina Jim\u00e9nez, como gu\u00eda. Se enmarcan en la Estrategia Go Green del Ayuntamiento de Pamplona que engloba las medidas y actuaciones de la ciudad en su apuesta por la sostenibilidad y en la lucha contra el cambio clim\u00e1tico.<\/em><br \/>\n<script async src=\"\/\/pagead2.googlesyndication.com\/pagead\/js\/adsbygoogle.js\"><\/script><br \/>\n<!-- Noticias La Guia de Pamplona --><br \/>\n<ins class=\"adsbygoogle\"\nstyle=\"display:block\"\ndata-ad-client=\"ca-pub-6943679897239327\"\ndata-ad-slot=\"7048180777\"\ndata-ad-format=\"auto\"><\/ins><br \/>\n<script>\n(adsbygoogle = window.adsbygoogle || []).push({});\n<\/script><\/p>\n<p><strong>Jornadas sobre zonas de bajas emisiones y accesibilidad integral en Condestable<\/strong><\/p>\n<p>La Semana de la Movilidad tiene espacio tambi\u00e9n para la reflexi\u00f3n y para la exposici\u00f3n de iniciativas en torno a la sostenibilidad. El martes por la tarde y el mi\u00e9rcoles por la ma\u00f1ana se celebrar\u00e1n en Civivox Condestable dos sesiones sobre el proyecto de Zona de Bajas Emisiones de Pamplona y sobre el Plan Estrat\u00e9gico de Accesibilidad Integral de la ciudad. La primera comenzar\u00e1 a las 18.30 horas y la segunda, a las 10 horas. Se recomienda la inscripci\u00f3n previa en los correos <a href=\"mailto:proyectobajasemisiones@pamplona.es\">proyectobajasemisiones@pamplona.es<\/a> o en <a href=\"mailto:planaccesibilidad@pamplona.es\">planaccesibilidad@pamplona.es<\/a>, seg\u00fan a qu\u00e9 sesi\u00f3n se quiere acudir.<\/p>\n<p>El Ayuntamiento de Pamplona inicia un trabajo de definici\u00f3n del proyecto de Zona de Bajas Emisiones de la ciudad a partir del estudio de par\u00e1metros de calidad del aire y ruido y otros factores ambientales y de movilidad que deber\u00e1n determinar el camino a seguir para adaptar Pamplona a la normativa europea y estatal en materia de cambio clim\u00e1tico y calidad del aire. Estas jornadas permitir\u00e1n ampliar el conocimiento general sobre las zonas de bajas emisiones y realizar una primera din\u00e1mica de informaci\u00f3n y contraste entre el equipo redactor y las personas que asistan para empezar a orientar el trabajo.<\/p>\n<p>El Plan Estrat\u00e9gico de Accesibilidad Integral, por su parte, busca garantizar la inclusi\u00f3n de todos los colectivos de personas con diversidad funcional o que presentan cualquier tipo de dificultad para interactuar con su entorno por motivos de edad o discapacidad f\u00edsica, sensorial o intelectual. La jornada servir\u00e1 para presentar el plan y llevar a cabo una din\u00e1mica de participaci\u00f3n con responsables municipales, equipo redactor y p\u00fablico asistente.<\/p>\n","protected":false},"excerpt":{"rendered":"<p>El martes y el mi\u00e9rcoles se celebrar\u00e1n sendas jornadas sobre el proyecto de Zona de Bajas Emisiones y el Plan Estrat\u00e9gico de Accesibilidad Integral<\/p>\n","protected":false},"author":1,"featured_media":41586,"comment_status":"open","ping_status":"closed","sticky":false,"template":"","format":"standard","meta":{"footnotes":""},"categories":[2],"tags":[],"class_list":["post-41568","post","type-post","status-publish","format-standard","has-post-thumbnail","hentry","category-ayuntamiento-pamplona"],"yoast_head":"<!-- This site is optimized with the Yoast SEO plugin v27.3 - https:\/\/yoast.com\/product\/yoast-seo-wordpress\/ -->\n<title>La Semana de la Movilidad apuesta estos d\u00edas por actividad a pie, con recorridos para redescubrir las murallas y el valor ambiental de barrios, parques y jardines<\/title>\n<meta name=\"description\" content=\"El martes y el mi\u00e9rcoles se celebrar\u00e1n sendas jornadas sobre el proyecto de Zona de Bajas Emisiones y el Plan Estrat\u00e9gico de Accesibilidad Integral\" \/>\n<meta name=\"robots\" content=\"index, follow, max-snippet:-1, max-image-preview:large, max-video-preview:-1\" \/>\n<link rel=\"canonical\" href=\"https:\/\/www.laguiadepamplona.com\/actualidad\/la-semana-de-la-movilidad-apuesta-estos-dias-por-actividad-a-pie-con-recorridos-para-redescubrir-las-murallas-y-el-valor-ambiental-de-barrios-parques-y-jardines\/\" \/>\n<meta property=\"og:locale\" content=\"es_ES\" \/>\n<meta property=\"og:type\" content=\"article\" \/>\n<meta property=\"og:title\" content=\"La Semana de la Movilidad apuesta estos d\u00edas por actividad a pie, con recorridos para redescubrir las murallas y el valor ambiental de barrios, parques y jardines\" \/>\n<meta property=\"og:description\" content=\"El martes y el mi\u00e9rcoles se celebrar\u00e1n sendas jornadas sobre el proyecto de Zona de Bajas Emisiones y el Plan Estrat\u00e9gico de Accesibilidad Integral\" \/>\n<meta property=\"og:url\" content=\"https:\/\/www.laguiadepamplona.com\/actualidad\/la-semana-de-la-movilidad-apuesta-estos-dias-por-actividad-a-pie-con-recorridos-para-redescubrir-las-murallas-y-el-valor-ambiental-de-barrios-parques-y-jardines\/\" \/>\n<meta property=\"og:site_name\" content=\"La Gu\u00eda de Pamplona\" \/>\n<meta property=\"article:publisher\" content=\"https:\/\/www.facebook.com\/laguiadepamplonacom-133175176762273\/?ref=hl\" \/>\n<meta property=\"article:published_time\" content=\"2022-09-19T15:27:14+00:00\" \/>\n<meta property=\"article:modified_time\" content=\"2023-04-11T09:47:50+00:00\" \/>\n<meta property=\"og:image\" content=\"https:\/\/www.laguiadepamplona.com\/actualidad\/wp-content\/uploads\/2022\/09\/semana-movilidad1.webp\" \/>\n\t<meta property=\"og:image:width\" content=\"1080\" \/>\n\t<meta property=\"og:image:height\" content=\"1080\" \/>\n\t<meta property=\"og:image:type\" content=\"image\/webp\" \/>\n<meta name=\"author\" content=\"La Gu\u00eda de Pamplona\" \/>\n<meta name=\"twitter:card\" content=\"summary_large_image\" \/>\n<meta name=\"twitter:creator\" content=\"@LaGuiadPamplona\" \/>\n<meta name=\"twitter:site\" content=\"@LaGuiadPamplona\" \/>\n<meta name=\"twitter:label1\" content=\"Escrito por\" \/>\n\t<meta name=\"twitter:data1\" content=\"La Gu\u00eda de Pamplona\" \/>\n\t<meta name=\"twitter:label2\" content=\"Tiempo de lectura\" \/>\n\t<meta name=\"twitter:data2\" content=\"4 minutos\" \/>\n<script type=\"application\/ld+json\" class=\"yoast-schema-graph\">{\"@context\":\"https:\\\/\\\/schema.org\",\"@graph\":[{\"@type\":\"Article\",\"@id\":\"https:\\\/\\\/www.laguiadepamplona.com\\\/actualidad\\\/la-semana-de-la-movilidad-apuesta-estos-dias-por-actividad-a-pie-con-recorridos-para-redescubrir-las-murallas-y-el-valor-ambiental-de-barrios-parques-y-jardines\\\/#article\",\"isPartOf\":{\"@id\":\"https:\\\/\\\/www.laguiadepamplona.com\\\/actualidad\\\/la-semana-de-la-movilidad-apuesta-estos-dias-por-actividad-a-pie-con-recorridos-para-redescubrir-las-murallas-y-el-valor-ambiental-de-barrios-parques-y-jardines\\\/\"},\"author\":{\"name\":\"La Gu\u00eda de Pamplona\",\"@id\":\"https:\\\/\\\/www.laguiadepamplona.com\\\/actualidad\\\/#\\\/schema\\\/person\\\/efe887376f0213d4657c93adc50b1fdb\"},\"headline\":\"La Semana de la Movilidad apuesta estos d\u00edas por actividad a pie, con recorridos para redescubrir las murallas y el valor ambiental de barrios, parques y jardines\",\"datePublished\":\"2022-09-19T15:27:14+00:00\",\"dateModified\":\"2023-04-11T09:47:50+00:00\",\"mainEntityOfPage\":{\"@id\":\"https:\\\/\\\/www.laguiadepamplona.com\\\/actualidad\\\/la-semana-de-la-movilidad-apuesta-estos-dias-por-actividad-a-pie-con-recorridos-para-redescubrir-las-murallas-y-el-valor-ambiental-de-barrios-parques-y-jardines\\\/\"},\"wordCount\":884,\"commentCount\":0,\"publisher\":{\"@id\":\"https:\\\/\\\/www.laguiadepamplona.com\\\/actualidad\\\/#organization\"},\"image\":{\"@id\":\"https:\\\/\\\/www.laguiadepamplona.com\\\/actualidad\\\/la-semana-de-la-movilidad-apuesta-estos-dias-por-actividad-a-pie-con-recorridos-para-redescubrir-las-murallas-y-el-valor-ambiental-de-barrios-parques-y-jardines\\\/#primaryimage\"},\"thumbnailUrl\":\"https:\\\/\\\/www.laguiadepamplona.com\\\/actualidad\\\/wp-content\\\/uploads\\\/2022\\\/09\\\/semana-movilidad1.webp\",\"articleSection\":[\"Ayto Pamplona\"],\"inLanguage\":\"es\",\"potentialAction\":[{\"@type\":\"CommentAction\",\"name\":\"Comment\",\"target\":[\"https:\\\/\\\/www.laguiadepamplona.com\\\/actualidad\\\/la-semana-de-la-movilidad-apuesta-estos-dias-por-actividad-a-pie-con-recorridos-para-redescubrir-las-murallas-y-el-valor-ambiental-de-barrios-parques-y-jardines\\\/#respond\"]}]},{\"@type\":\"WebPage\",\"@id\":\"https:\\\/\\\/www.laguiadepamplona.com\\\/actualidad\\\/la-semana-de-la-movilidad-apuesta-estos-dias-por-actividad-a-pie-con-recorridos-para-redescubrir-las-murallas-y-el-valor-ambiental-de-barrios-parques-y-jardines\\\/\",\"url\":\"https:\\\/\\\/www.laguiadepamplona.com\\\/actualidad\\\/la-semana-de-la-movilidad-apuesta-estos-dias-por-actividad-a-pie-con-recorridos-para-redescubrir-las-murallas-y-el-valor-ambiental-de-barrios-parques-y-jardines\\\/\",\"name\":\"La Semana de la Movilidad apuesta estos d\u00edas por actividad a pie, con recorridos para redescubrir las murallas y el valor ambiental de barrios, parques y jardines\",\"isPartOf\":{\"@id\":\"https:\\\/\\\/www.laguiadepamplona.com\\\/actualidad\\\/#website\"},\"primaryImageOfPage\":{\"@id\":\"https:\\\/\\\/www.laguiadepamplona.com\\\/actualidad\\\/la-semana-de-la-movilidad-apuesta-estos-dias-por-actividad-a-pie-con-recorridos-para-redescubrir-las-murallas-y-el-valor-ambiental-de-barrios-parques-y-jardines\\\/#primaryimage\"},\"image\":{\"@id\":\"https:\\\/\\\/www.laguiadepamplona.com\\\/actualidad\\\/la-semana-de-la-movilidad-apuesta-estos-dias-por-actividad-a-pie-con-recorridos-para-redescubrir-las-murallas-y-el-valor-ambiental-de-barrios-parques-y-jardines\\\/#primaryimage\"},\"thumbnailUrl\":\"https:\\\/\\\/www.laguiadepamplona.com\\\/actualidad\\\/wp-content\\\/uploads\\\/2022\\\/09\\\/semana-movilidad1.webp\",\"datePublished\":\"2022-09-19T15:27:14+00:00\",\"dateModified\":\"2023-04-11T09:47:50+00:00\",\"description\":\"El martes y el mi\u00e9rcoles se celebrar\u00e1n sendas jornadas sobre el proyecto de Zona de Bajas Emisiones y el Plan Estrat\u00e9gico de Accesibilidad Integral\",\"breadcrumb\":{\"@id\":\"https:\\\/\\\/www.laguiadepamplona.com\\\/actualidad\\\/la-semana-de-la-movilidad-apuesta-estos-dias-por-actividad-a-pie-con-recorridos-para-redescubrir-las-murallas-y-el-valor-ambiental-de-barrios-parques-y-jardines\\\/#breadcrumb\"},\"inLanguage\":\"es\",\"potentialAction\":[{\"@type\":\"ReadAction\",\"target\":[\"https:\\\/\\\/www.laguiadepamplona.com\\\/actualidad\\\/la-semana-de-la-movilidad-apuesta-estos-dias-por-actividad-a-pie-con-recorridos-para-redescubrir-las-murallas-y-el-valor-ambiental-de-barrios-parques-y-jardines\\\/\"]}]},{\"@type\":\"ImageObject\",\"inLanguage\":\"es\",\"@id\":\"https:\\\/\\\/www.laguiadepamplona.com\\\/actualidad\\\/la-semana-de-la-movilidad-apuesta-estos-dias-por-actividad-a-pie-con-recorridos-para-redescubrir-las-murallas-y-el-valor-ambiental-de-barrios-parques-y-jardines\\\/#primaryimage\",\"url\":\"https:\\\/\\\/www.laguiadepamplona.com\\\/actualidad\\\/wp-content\\\/uploads\\\/2022\\\/09\\\/semana-movilidad1.webp\",\"contentUrl\":\"https:\\\/\\\/www.laguiadepamplona.com\\\/actualidad\\\/wp-content\\\/uploads\\\/2022\\\/09\\\/semana-movilidad1.webp\",\"width\":1080,\"height\":1080},{\"@type\":\"BreadcrumbList\",\"@id\":\"https:\\\/\\\/www.laguiadepamplona.com\\\/actualidad\\\/la-semana-de-la-movilidad-apuesta-estos-dias-por-actividad-a-pie-con-recorridos-para-redescubrir-las-murallas-y-el-valor-ambiental-de-barrios-parques-y-jardines\\\/#breadcrumb\",\"itemListElement\":[{\"@type\":\"ListItem\",\"position\":1,\"name\":\"Portada\",\"item\":\"https:\\\/\\\/www.laguiadepamplona.com\\\/actualidad\\\/\"},{\"@type\":\"ListItem\",\"position\":2,\"name\":\"La Semana de la Movilidad apuesta estos d\u00edas por actividad a pie, con recorridos para redescubrir las murallas y el valor ambiental de barrios, parques y jardines\"}]},{\"@type\":\"WebSite\",\"@id\":\"https:\\\/\\\/www.laguiadepamplona.com\\\/actualidad\\\/#website\",\"url\":\"https:\\\/\\\/www.laguiadepamplona.com\\\/actualidad\\\/\",\"name\":\"La gu\u00eda de Pamplona\",\"description\":\"Noticias de Pamplona\",\"publisher\":{\"@id\":\"https:\\\/\\\/www.laguiadepamplona.com\\\/actualidad\\\/#organization\"},\"potentialAction\":[{\"@type\":\"SearchAction\",\"target\":{\"@type\":\"EntryPoint\",\"urlTemplate\":\"https:\\\/\\\/www.laguiadepamplona.com\\\/actualidad\\\/?s={search_term_string}\"},\"query-input\":{\"@type\":\"PropertyValueSpecification\",\"valueRequired\":true,\"valueName\":\"search_term_string\"}}],\"inLanguage\":\"es\"},{\"@type\":\"Organization\",\"@id\":\"https:\\\/\\\/www.laguiadepamplona.com\\\/actualidad\\\/#organization\",\"name\":\"La Gu\u00eda de Pamplona \\\/ Noticias\",\"url\":\"https:\\\/\\\/www.laguiadepamplona.com\\\/actualidad\\\/\",\"logo\":{\"@type\":\"ImageObject\",\"inLanguage\":\"es\",\"@id\":\"https:\\\/\\\/www.laguiadepamplona.com\\\/actualidad\\\/#\\\/schema\\\/logo\\\/image\\\/\",\"url\":\"https:\\\/\\\/www.laguiadepamplona.com\\\/actualidad\\\/wp-content\\\/uploads\\\/2018\\\/11\\\/logo-laguiadepamplona18-web1.png\",\"contentUrl\":\"https:\\\/\\\/www.laguiadepamplona.com\\\/actualidad\\\/wp-content\\\/uploads\\\/2018\\\/11\\\/logo-laguiadepamplona18-web1.png\",\"width\":600,\"height\":196,\"caption\":\"La Gu\u00eda de Pamplona \\\/ Noticias\"},\"image\":{\"@id\":\"https:\\\/\\\/www.laguiadepamplona.com\\\/actualidad\\\/#\\\/schema\\\/logo\\\/image\\\/\"},\"sameAs\":[\"https:\\\/\\\/www.facebook.com\\\/laguiadepamplonacom-133175176762273\\\/?ref=hl\",\"https:\\\/\\\/x.com\\\/LaGuiadPamplona\",\"https:\\\/\\\/www.instagram.com\\\/la_guia_de_pamplona\\\/\",\"https:\\\/\\\/www.youtube.com\\\/user\\\/laguiadepamplona\"]},{\"@type\":\"Person\",\"@id\":\"https:\\\/\\\/www.laguiadepamplona.com\\\/actualidad\\\/#\\\/schema\\\/person\\\/efe887376f0213d4657c93adc50b1fdb\",\"name\":\"La Gu\u00eda de Pamplona\",\"image\":{\"@type\":\"ImageObject\",\"inLanguage\":\"es\",\"@id\":\"https:\\\/\\\/secure.gravatar.com\\\/avatar\\\/b6992f131dc8d30ab0dff15446e9d346d9dbd95992de0fef795073f5ea83a81c?s=96&d=mm&r=g\",\"url\":\"https:\\\/\\\/secure.gravatar.com\\\/avatar\\\/b6992f131dc8d30ab0dff15446e9d346d9dbd95992de0fef795073f5ea83a81c?s=96&d=mm&r=g\",\"contentUrl\":\"https:\\\/\\\/secure.gravatar.com\\\/avatar\\\/b6992f131dc8d30ab0dff15446e9d346d9dbd95992de0fef795073f5ea83a81c?s=96&d=mm&r=g\",\"caption\":\"La Gu\u00eda de Pamplona\"}}]}<\/script>\n<!-- \/ Yoast SEO plugin. -->","yoast_head_json":{"title":"La Semana de la Movilidad apuesta estos d\u00edas por actividad a pie, con recorridos para redescubrir las murallas y el valor ambiental de barrios, parques y jardines","description":"El martes y el mi\u00e9rcoles se celebrar\u00e1n sendas jornadas sobre el proyecto de Zona de Bajas Emisiones y el Plan Estrat\u00e9gico de Accesibilidad Integral","robots":{"index":"index","follow":"follow","max-snippet":"max-snippet:-1","max-image-preview":"max-image-preview:large","max-video-preview":"max-video-preview:-1"},"canonical":"https:\/\/www.laguiadepamplona.com\/actualidad\/la-semana-de-la-movilidad-apuesta-estos-dias-por-actividad-a-pie-con-recorridos-para-redescubrir-las-murallas-y-el-valor-ambiental-de-barrios-parques-y-jardines\/","og_locale":"es_ES","og_type":"article","og_title":"La Semana de la Movilidad apuesta estos d\u00edas por actividad a pie, con recorridos para redescubrir las murallas y el valor ambiental de barrios, parques y jardines","og_description":"El martes y el mi\u00e9rcoles se celebrar\u00e1n sendas jornadas sobre el proyecto de Zona de Bajas Emisiones y el Plan Estrat\u00e9gico de Accesibilidad Integral","og_url":"https:\/\/www.laguiadepamplona.com\/actualidad\/la-semana-de-la-movilidad-apuesta-estos-dias-por-actividad-a-pie-con-recorridos-para-redescubrir-las-murallas-y-el-valor-ambiental-de-barrios-parques-y-jardines\/","og_site_name":"La Gu\u00eda de Pamplona","article_publisher":"https:\/\/www.facebook.com\/laguiadepamplonacom-133175176762273\/?ref=hl","article_published_time":"2022-09-19T15:27:14+00:00","article_modified_time":"2023-04-11T09:47:50+00:00","og_image":[{"width":1080,"height":1080,"url":"https:\/\/www.laguiadepamplona.com\/actualidad\/wp-content\/uploads\/2022\/09\/semana-movilidad1.webp","type":"image\/webp"}],"author":"La Gu\u00eda de Pamplona","twitter_card":"summary_large_image","twitter_creator":"@LaGuiadPamplona","twitter_site":"@LaGuiadPamplona","twitter_misc":{"Escrito por":"La Gu\u00eda de Pamplona","Tiempo de lectura":"4 minutos"},"schema":{"@context":"https:\/\/schema.org","@graph":[{"@type":"Article","@id":"https:\/\/www.laguiadepamplona.com\/actualidad\/la-semana-de-la-movilidad-apuesta-estos-dias-por-actividad-a-pie-con-recorridos-para-redescubrir-las-murallas-y-el-valor-ambiental-de-barrios-parques-y-jardines\/#article","isPartOf":{"@id":"https:\/\/www.laguiadepamplona.com\/actualidad\/la-semana-de-la-movilidad-apuesta-estos-dias-por-actividad-a-pie-con-recorridos-para-redescubrir-las-murallas-y-el-valor-ambiental-de-barrios-parques-y-jardines\/"},"author":{"name":"La Gu\u00eda de Pamplona","@id":"https:\/\/www.laguiadepamplona.com\/actualidad\/#\/schema\/person\/efe887376f0213d4657c93adc50b1fdb"},"headline":"La Semana de la Movilidad apuesta estos d\u00edas por actividad a pie, con recorridos para redescubrir las murallas y el valor ambiental de barrios, parques y jardines","datePublished":"2022-09-19T15:27:14+00:00","dateModified":"2023-04-11T09:47:50+00:00","mainEntityOfPage":{"@id":"https:\/\/www.laguiadepamplona.com\/actualidad\/la-semana-de-la-movilidad-apuesta-estos-dias-por-actividad-a-pie-con-recorridos-para-redescubrir-las-murallas-y-el-valor-ambiental-de-barrios-parques-y-jardines\/"},"wordCount":884,"commentCount":0,"publisher":{"@id":"https:\/\/www.laguiadepamplona.com\/actualidad\/#organization"},"image":{"@id":"https:\/\/www.laguiadepamplona.com\/actualidad\/la-semana-de-la-movilidad-apuesta-estos-dias-por-actividad-a-pie-con-recorridos-para-redescubrir-las-murallas-y-el-valor-ambiental-de-barrios-parques-y-jardines\/#primaryimage"},"thumbnailUrl":"https:\/\/www.laguiadepamplona.com\/actualidad\/wp-content\/uploads\/2022\/09\/semana-movilidad1.webp","articleSection":["Ayto Pamplona"],"inLanguage":"es","potentialAction":[{"@type":"CommentAction","name":"Comment","target":["https:\/\/www.laguiadepamplona.com\/actualidad\/la-semana-de-la-movilidad-apuesta-estos-dias-por-actividad-a-pie-con-recorridos-para-redescubrir-las-murallas-y-el-valor-ambiental-de-barrios-parques-y-jardines\/#respond"]}]},{"@type":"WebPage","@id":"https:\/\/www.laguiadepamplona.com\/actualidad\/la-semana-de-la-movilidad-apuesta-estos-dias-por-actividad-a-pie-con-recorridos-para-redescubrir-las-murallas-y-el-valor-ambiental-de-barrios-parques-y-jardines\/","url":"https:\/\/www.laguiadepamplona.com\/actualidad\/la-semana-de-la-movilidad-apuesta-estos-dias-por-actividad-a-pie-con-recorridos-para-redescubrir-las-murallas-y-el-valor-ambiental-de-barrios-parques-y-jardines\/","name":"La Semana de la Movilidad apuesta estos d\u00edas por actividad a pie, con recorridos para redescubrir las murallas y el valor ambiental de barrios, parques y jardines","isPartOf":{"@id":"https:\/\/www.laguiadepamplona.com\/actualidad\/#website"},"primaryImageOfPage":{"@id":"https:\/\/www.laguiadepamplona.com\/actualidad\/la-semana-de-la-movilidad-apuesta-estos-dias-por-actividad-a-pie-con-recorridos-para-redescubrir-las-murallas-y-el-valor-ambiental-de-barrios-parques-y-jardines\/#primaryimage"},"image":{"@id":"https:\/\/www.laguiadepamplona.com\/actualidad\/la-semana-de-la-movilidad-apuesta-estos-dias-por-actividad-a-pie-con-recorridos-para-redescubrir-las-murallas-y-el-valor-ambiental-de-barrios-parques-y-jardines\/#primaryimage"},"thumbnailUrl":"https:\/\/www.laguiadepamplona.com\/actualidad\/wp-content\/uploads\/2022\/09\/semana-movilidad1.webp","datePublished":"2022-09-19T15:27:14+00:00","dateModified":"2023-04-11T09:47:50+00:00","description":"El martes y el mi\u00e9rcoles se celebrar\u00e1n sendas jornadas sobre el proyecto de Zona de Bajas Emisiones y el Plan Estrat\u00e9gico de Accesibilidad Integral","breadcrumb":{"@id":"https:\/\/www.laguiadepamplona.com\/actualidad\/la-semana-de-la-movilidad-apuesta-estos-dias-por-actividad-a-pie-con-recorridos-para-redescubrir-las-murallas-y-el-valor-ambiental-de-barrios-parques-y-jardines\/#breadcrumb"},"inLanguage":"es","potentialAction":[{"@type":"ReadAction","target":["https:\/\/www.laguiadepamplona.com\/actualidad\/la-semana-de-la-movilidad-apuesta-estos-dias-por-actividad-a-pie-con-recorridos-para-redescubrir-las-murallas-y-el-valor-ambiental-de-barrios-parques-y-jardines\/"]}]},{"@type":"ImageObject","inLanguage":"es","@id":"https:\/\/www.laguiadepamplona.com\/actualidad\/la-semana-de-la-movilidad-apuesta-estos-dias-por-actividad-a-pie-con-recorridos-para-redescubrir-las-murallas-y-el-valor-ambiental-de-barrios-parques-y-jardines\/#primaryimage","url":"https:\/\/www.laguiadepamplona.com\/actualidad\/wp-content\/uploads\/2022\/09\/semana-movilidad1.webp","contentUrl":"https:\/\/www.laguiadepamplona.com\/actualidad\/wp-content\/uploads\/2022\/09\/semana-movilidad1.webp","width":1080,"height":1080},{"@type":"BreadcrumbList","@id":"https:\/\/www.laguiadepamplona.com\/actualidad\/la-semana-de-la-movilidad-apuesta-estos-dias-por-actividad-a-pie-con-recorridos-para-redescubrir-las-murallas-y-el-valor-ambiental-de-barrios-parques-y-jardines\/#breadcrumb","itemListElement":[{"@type":"ListItem","position":1,"name":"Portada","item":"https:\/\/www.laguiadepamplona.com\/actualidad\/"},{"@type":"ListItem","position":2,"name":"La Semana de la Movilidad apuesta estos d\u00edas por actividad a pie, con recorridos para redescubrir las murallas y el valor ambiental de barrios, parques y jardines"}]},{"@type":"WebSite","@id":"https:\/\/www.laguiadepamplona.com\/actualidad\/#website","url":"https:\/\/www.laguiadepamplona.com\/actualidad\/","name":"La gu\u00eda de Pamplona","description":"Noticias de Pamplona","publisher":{"@id":"https:\/\/www.laguiadepamplona.com\/actualidad\/#organization"},"potentialAction":[{"@type":"SearchAction","target":{"@type":"EntryPoint","urlTemplate":"https:\/\/www.laguiadepamplona.com\/actualidad\/?s={search_term_string}"},"query-input":{"@type":"PropertyValueSpecification","valueRequired":true,"valueName":"search_term_string"}}],"inLanguage":"es"},{"@type":"Organization","@id":"https:\/\/www.laguiadepamplona.com\/actualidad\/#organization","name":"La Gu\u00eda de Pamplona \/ Noticias","url":"https:\/\/www.laguiadepamplona.com\/actualidad\/","logo":{"@type":"ImageObject","inLanguage":"es","@id":"https:\/\/www.laguiadepamplona.com\/actualidad\/#\/schema\/logo\/image\/","url":"https:\/\/www.laguiadepamplona.com\/actualidad\/wp-content\/uploads\/2018\/11\/logo-laguiadepamplona18-web1.png","contentUrl":"https:\/\/www.laguiadepamplona.com\/actualidad\/wp-content\/uploads\/2018\/11\/logo-laguiadepamplona18-web1.png","width":600,"height":196,"caption":"La Gu\u00eda de Pamplona \/ Noticias"},"image":{"@id":"https:\/\/www.laguiadepamplona.com\/actualidad\/#\/schema\/logo\/image\/"},"sameAs":["https:\/\/www.facebook.com\/laguiadepamplonacom-133175176762273\/?ref=hl","https:\/\/x.com\/LaGuiadPamplona","https:\/\/www.instagram.com\/la_guia_de_pamplona\/","https:\/\/www.youtube.com\/user\/laguiadepamplona"]},{"@type":"Person","@id":"https:\/\/www.laguiadepamplona.com\/actualidad\/#\/schema\/person\/efe887376f0213d4657c93adc50b1fdb","name":"La Gu\u00eda de Pamplona","image":{"@type":"ImageObject","inLanguage":"es","@id":"https:\/\/secure.gravatar.com\/avatar\/b6992f131dc8d30ab0dff15446e9d346d9dbd95992de0fef795073f5ea83a81c?s=96&d=mm&r=g","url":"https:\/\/secure.gravatar.com\/avatar\/b6992f131dc8d30ab0dff15446e9d346d9dbd95992de0fef795073f5ea83a81c?s=96&d=mm&r=g","contentUrl":"https:\/\/secure.gravatar.com\/avatar\/b6992f131dc8d30ab0dff15446e9d346d9dbd95992de0fef795073f5ea83a81c?s=96&d=mm&r=g","caption":"La Gu\u00eda de Pamplona"}}]}},"post_mailing_queue_ids":[],"_links":{"self":[{"href":"https:\/\/www.laguiadepamplona.com\/actualidad\/wp-json\/wp\/v2\/posts\/41568","targetHints":{"allow":["GET"]}}],"collection":[{"href":"https:\/\/www.laguiadepamplona.com\/actualidad\/wp-json\/wp\/v2\/posts"}],"about":[{"href":"https:\/\/www.laguiadepamplona.com\/actualidad\/wp-json\/wp\/v2\/types\/post"}],"author":[{"embeddable":true,"href":"https:\/\/www.laguiadepamplona.com\/actualidad\/wp-json\/wp\/v2\/users\/1"}],"replies":[{"embeddable":true,"href":"https:\/\/www.laguiadepamplona.com\/actualidad\/wp-json\/wp\/v2\/comments?post=41568"}],"version-history":[{"count":0,"href":"https:\/\/www.laguiadepamplona.com\/actualidad\/wp-json\/wp\/v2\/posts\/41568\/revisions"}],"wp:featuredmedia":[{"embeddable":true,"href":"https:\/\/www.laguiadepamplona.com\/actualidad\/wp-json\/wp\/v2\/media\/41586"}],"wp:attachment":[{"href":"https:\/\/www.laguiadepamplona.com\/actualidad\/wp-json\/wp\/v2\/media?parent=41568"}],"wp:term":[{"taxonomy":"category","embeddable":true,"href":"https:\/\/www.laguiadepamplona.com\/actualidad\/wp-json\/wp\/v2\/categories?post=41568"},{"taxonomy":"post_tag","embeddable":true,"href":"https:\/\/www.laguiadepamplona.com\/actualidad\/wp-json\/wp\/v2\/tags?post=41568"}],"curies":[{"name":"wp","href":"https:\/\/api.w.org\/{rel}","templated":true}]}}